{"id":92986,"date":"2018-04-03T00:00:00","date_gmt":"2018-04-03T02:00:00","guid":{"rendered":"http:\/\/pre.boxrepsol.com\/sin-categorizar\/takahisa-fujinami-sexto-la-ultima-cita-del-mundial-x-trial\/"},"modified":"2024-05-22T06:09:18","modified_gmt":"2024-05-22T08:09:18","slug":"takahisa-fujinami-sexto-la-ultima-cita-del-mundial-x-trial","status":"publish","type":"post","link":"https:\/\/www.boxrepsol.com\/es\/trial\/takahisa-fujinami-sexto-la-ultima-cita-del-mundial-x-trial\/","title":{"rendered":"Takahisa Fujinami es sexto en la \u00faltima cita del Mundial de X-Trial"},"content":{"rendered":"<blockquote>\n<p>Creo que he ido mejorando carrera a carrera y esto me ha motivado. Ahora, a por el Mundial outdoor<\/p>\n<p>            <a href=\"http:\/\/twitter.com\/share?text=Creo+que+he+ido+mejorando+carrera+a+carrera+y+esto+me+ha+motivado.+Ahora%2C+a+por+el+Mundial+outdoor&#038;url=https%3A%2F%2Fwww.boxrepsol.com%2Fes%2F%3Fp%3D18838%2F&#038;hashtags=\" target=\"_blank\" data-datalayer='{\"event\": \"socialInteraction\", \"socialNetwork\": \"Twitter\", \"socialAction\": \"Compartir\", \"socialTarget\": \"Frase\"}' rel=\"noopener\"><br \/>\n            twittear        <\/a><\/p>\n<footer>Takahisa Fujinami<\/footer>\n<\/blockquote>\n<p>Fujinami fue tercero en la fase clasificatoria, al superar las seis zonas con 10 puntos de penalizaci\u00f3n.<\/p>\n<p>En la semifinal, el piloto del equipo Repsol Honda marc\u00f3 17 puntos y no logr\u00f3 el pase a la fase final, terminando en la sexta posici\u00f3n final.<\/p>\n<p>Tras participar en cinco de las siete pruebas, Fujinami fue octavo en la clasificaci\u00f3n general del Campeonato del Mundo de X-Trial con un total de 28 puntos.<\/p>\n<p>El Campeonato del Mundo de TrialGP empezar\u00e1 el 19 de mayo en Camprod\u00f3n, Girona.<\/p>\n<p>\t\t\t\t<img decoding=\"async\" src=\"https:\/\/bxrepsol.s3.eu-west-1.amazonaws.com\/static\/2022\/08\/05054017\/RHT18_r7_Fujinami_1643_ps-scaled.jpg\" alt=\"RHT18_r7_Fujinami_1643_ps\" itemprop=\"image\"  \/><\/p>\n<h3>Takahisa Fujinami<\/h3>\n<p><em>\u00abHe realizado una buena ronda de clasificaci\u00f3n, terminando tercero. En la semifinal, al empezar en el primer grupo, no ten\u00eda referencias para las zonas y me ha costado un poco m\u00e1s. No he calculado bien y en la segunda vuelta no me han salido bien las cosas. En conjunto estoy muy contento con esta temporada\u00a0indoor, a pesar de que se me da mejor el trial al aire libre. Creo que he ido mejorando carrera a carrera y esto me ha motivado. Ahora, a por el Mundial\u00a0outdoor\u00bb.<\/em><\/p>\n","protected":false},"excerpt":{"rendered":"<p>El piloto del equipo Repsol Honda compiti\u00f3 anoche en el X-Trial de Budapest, en el que no pudo estar su compa\u00f1ero Toni Bou, todav\u00eda recuper\u00e1ndose de su lesi\u00f3n.<\/p>\n","protected":false},"author":43146,"featured_media":57566,"comment_status":"open","ping_status":"open","sticky":false,"template":"","format":"standard","meta":{"footnotes":""},"categories":[23],"tags":[130],"class_list":["post-92986","post","type-post","status-publish","format-standard","hentry","category-trial","tag-otros-eventos-y-competiciones"],"yoast_head":"<!-- This site is optimized with the Yoast SEO plugin v27.3 - https:\/\/yoast.com\/product\/yoast-seo-wordpress\/ -->\n<title>Takahisa Fujinami es sexto en la \u00faltima cita del Mundial de X-Trial - Box Repsol<\/title>\n<meta name=\"description\" content=\"Takahisa fujinami compiti\u00f3 anoche en el X-Trial de Budapest, en el que no pudo estar su compa\u00f1ero Toni Bou, todav\u00eda recuper\u00e1ndose.\" \/>\n<link rel=\"canonical\" href=\"https:\/\/www.boxrepsol.com\/es\/trial\/takahisa-fujinami-sexto-la-ultima-cita-del-mundial-x-trial\/\" \/>\n<meta property=\"og:locale\" content=\"es_ES\" \/>\n<meta property=\"og:type\" content=\"article\" \/>\n<meta property=\"og:title\" content=\"Takahisa Fujinami es sexto en la \u00faltima cita del Mundial de X-Trial - Box Repsol\" \/>\n<meta property=\"og:description\" content=\"Takahisa fujinami compiti\u00f3 anoche en el X-Trial de Budapest, en el que no pudo estar su compa\u00f1ero Toni Bou, todav\u00eda recuper\u00e1ndose.\" \/>\n<meta property=\"og:url\" content=\"https:\/\/www.boxrepsol.com\/es\/trial\/takahisa-fujinami-sexto-la-ultima-cita-del-mundial-x-trial\/\" \/>\n<meta property=\"og:site_name\" content=\"Box Repsol\" \/>\n<meta property=\"article:publisher\" content=\"https:\/\/www.facebook.com\/BoxRepsol\" \/>\n<meta property=\"article:author\" content=\"https:\/\/www.facebook.com\/BoxRepsol\/\" \/>\n<meta property=\"article:published_time\" content=\"2018-04-03T02:00:00+00:00\" \/>\n<meta property=\"article:modified_time\" content=\"2024-05-22T08:09:18+00:00\" \/>\n<meta property=\"og:image\" content=\"https:\/\/bxrepsol.s3.eu-west-1.amazonaws.com\/static\/2022\/08\/29080751\/00_trial_repsol_montesa_honda_fujinami_takahisa_fujigas_2018.jpg\" \/>\n\t<meta property=\"og:image:width\" content=\"995\" \/>\n\t<meta property=\"og:image:height\" content=\"560\" \/>\n\t<meta property=\"og:image:type\" content=\"image\/jpeg\" \/>\n<meta name=\"author\" content=\"Redacci\u00f3n Box Repsol\" \/>\n<meta name=\"twitter:card\" content=\"summary_large_image\" \/>\n<meta name=\"twitter:creator\" content=\"@https:\/\/twitter.com\/box_repsol\" \/>\n<meta name=\"twitter:site\" content=\"@box_repsol\" \/>\n<meta name=\"twitter:label1\" content=\"Written by\" \/>\n\t<meta name=\"twitter:data1\" content=\"Redacci\u00f3n Box Repsol\" \/>\n\t<meta name=\"twitter:label2\" content=\"Est. reading time\" \/>\n\t<meta name=\"twitter:data2\" content=\"1 minuto\" \/>\n<script type=\"application\/ld+json\" class=\"yoast-schema-graph\">{\"@context\":\"https:\\\/\\\/schema.org\",\"@graph\":[{\"@type\":\"Article\",\"@id\":\"https:\\\/\\\/www.boxrepsol.com\\\/es\\\/trial\\\/takahisa-fujinami-sexto-la-ultima-cita-del-mundial-x-trial\\\/#article\",\"isPartOf\":{\"@id\":\"https:\\\/\\\/www.boxrepsol.com\\\/es\\\/trial\\\/takahisa-fujinami-sexto-la-ultima-cita-del-mundial-x-trial\\\/\"},\"author\":{\"name\":\"Redacci\u00f3n Box Repsol\",\"@id\":\"https:\\\/\\\/www.boxrepsol.com\\\/es\\\/#\\\/schema\\\/person\\\/c5c2138f2cca251b0ad92b7086bb60b7\"},\"headline\":\"Takahisa Fujinami es sexto en la \u00faltima cita del Mundial de X-Trial\",\"datePublished\":\"2018-04-03T02:00:00+00:00\",\"dateModified\":\"2024-05-22T08:09:18+00:00\",\"mainEntityOfPage\":{\"@id\":\"https:\\\/\\\/www.boxrepsol.com\\\/es\\\/trial\\\/takahisa-fujinami-sexto-la-ultima-cita-del-mundial-x-trial\\\/\"},\"wordCount\":212,\"commentCount\":0,\"publisher\":{\"@id\":\"https:\\\/\\\/www.boxrepsol.com\\\/es\\\/#organization\"},\"image\":{\"@id\":\"https:\\\/\\\/www.boxrepsol.com\\\/es\\\/trial\\\/takahisa-fujinami-sexto-la-ultima-cita-del-mundial-x-trial\\\/#primaryimage\"},\"thumbnailUrl\":\"https:\\\/\\\/bxrepsol.s3.eu-west-1.amazonaws.com\\\/static\\\/2022\\\/08\\\/29080751\\\/00_trial_repsol_montesa_honda_fujinami_takahisa_fujigas_2018.jpg\",\"keywords\":[\"otros eventos y competiciones\"],\"articleSection\":[\"Trial\"],\"inLanguage\":\"es\",\"potentialAction\":[{\"@type\":\"CommentAction\",\"name\":\"Comment\",\"target\":[\"https:\\\/\\\/www.boxrepsol.com\\\/es\\\/trial\\\/takahisa-fujinami-sexto-la-ultima-cita-del-mundial-x-trial\\\/#respond\"]}]},{\"@type\":\"WebPage\",\"@id\":\"https:\\\/\\\/www.boxrepsol.com\\\/es\\\/trial\\\/takahisa-fujinami-sexto-la-ultima-cita-del-mundial-x-trial\\\/\",\"url\":\"https:\\\/\\\/www.boxrepsol.com\\\/es\\\/trial\\\/takahisa-fujinami-sexto-la-ultima-cita-del-mundial-x-trial\\\/\",\"name\":\"Takahisa Fujinami es sexto en la \u00faltima cita del Mundial de X-Trial - Box Repsol\",\"isPartOf\":{\"@id\":\"https:\\\/\\\/www.boxrepsol.com\\\/es\\\/#website\"},\"primaryImageOfPage\":{\"@id\":\"https:\\\/\\\/www.boxrepsol.com\\\/es\\\/trial\\\/takahisa-fujinami-sexto-la-ultima-cita-del-mundial-x-trial\\\/#primaryimage\"},\"image\":{\"@id\":\"https:\\\/\\\/www.boxrepsol.com\\\/es\\\/trial\\\/takahisa-fujinami-sexto-la-ultima-cita-del-mundial-x-trial\\\/#primaryimage\"},\"thumbnailUrl\":\"https:\\\/\\\/bxrepsol.s3.eu-west-1.amazonaws.com\\\/static\\\/2022\\\/08\\\/29080751\\\/00_trial_repsol_montesa_honda_fujinami_takahisa_fujigas_2018.jpg\",\"datePublished\":\"2018-04-03T02:00:00+00:00\",\"dateModified\":\"2024-05-22T08:09:18+00:00\",\"description\":\"Takahisa fujinami compiti\u00f3 anoche en el X-Trial de Budapest, en el que no pudo estar su compa\u00f1ero Toni Bou, todav\u00eda recuper\u00e1ndose.\",\"breadcrumb\":{\"@id\":\"https:\\\/\\\/www.boxrepsol.com\\\/es\\\/trial\\\/takahisa-fujinami-sexto-la-ultima-cita-del-mundial-x-trial\\\/#breadcrumb\"},\"inLanguage\":\"es\",\"potentialAction\":[{\"@type\":\"ReadAction\",\"target\":[\"https:\\\/\\\/www.boxrepsol.com\\\/es\\\/trial\\\/takahisa-fujinami-sexto-la-ultima-cita-del-mundial-x-trial\\\/\"]}]},{\"@type\":\"ImageObject\",\"inLanguage\":\"es\",\"@id\":\"https:\\\/\\\/www.boxrepsol.com\\\/es\\\/trial\\\/takahisa-fujinami-sexto-la-ultima-cita-del-mundial-x-trial\\\/#primaryimage\",\"url\":\"https:\\\/\\\/bxrepsol.s3.eu-west-1.amazonaws.com\\\/static\\\/2022\\\/08\\\/29080751\\\/00_trial_repsol_montesa_honda_fujinami_takahisa_fujigas_2018.jpg\",\"contentUrl\":\"https:\\\/\\\/bxrepsol.s3.eu-west-1.amazonaws.com\\\/static\\\/2022\\\/08\\\/29080751\\\/00_trial_repsol_montesa_honda_fujinami_takahisa_fujigas_2018.jpg\",\"width\":995,\"height\":560,\"caption\":\"Takahisa Fujinami haciendo wheelie sobre un obst\u00e1culo de la pista\"},{\"@type\":\"BreadcrumbList\",\"@id\":\"https:\\\/\\\/www.boxrepsol.com\\\/es\\\/trial\\\/takahisa-fujinami-sexto-la-ultima-cita-del-mundial-x-trial\\\/#breadcrumb\",\"itemListElement\":[{\"@type\":\"ListItem\",\"position\":1,\"name\":\"Home\",\"item\":\"https:\\\/\\\/www.boxrepsol.com\\\/es\\\/\"},{\"@type\":\"ListItem\",\"position\":2,\"name\":\"Takahisa Fujinami es sexto en la \u00faltima cita del Mundial de X-Trial\"}]},{\"@type\":\"WebSite\",\"@id\":\"https:\\\/\\\/www.boxrepsol.com\\\/es\\\/#website\",\"url\":\"https:\\\/\\\/www.boxrepsol.com\\\/es\\\/\",\"name\":\"Box Repsol\",\"description\":\"Box Repsol Site\",\"publisher\":{\"@id\":\"https:\\\/\\\/www.boxrepsol.com\\\/es\\\/#organization\"},\"potentialAction\":[{\"@type\":\"SearchAction\",\"target\":{\"@type\":\"EntryPoint\",\"urlTemplate\":\"https:\\\/\\\/www.boxrepsol.com\\\/es\\\/?s={search_term_string}\"},\"query-input\":{\"@type\":\"PropertyValueSpecification\",\"valueRequired\":true,\"valueName\":\"search_term_string\"}}],\"inLanguage\":\"es\"},{\"@type\":\"Organization\",\"@id\":\"https:\\\/\\\/www.boxrepsol.com\\\/es\\\/#organization\",\"name\":\"Box Repsol\",\"url\":\"https:\\\/\\\/www.boxrepsol.com\\\/es\\\/\",\"logo\":{\"@type\":\"ImageObject\",\"inLanguage\":\"es\",\"@id\":\"https:\\\/\\\/www.boxrepsol.com\\\/es\\\/#\\\/schema\\\/logo\\\/image\\\/\",\"url\":\"https:\\\/\\\/bxrepsol.s3.eu-west-1.amazonaws.com\\\/static\\\/2025\\\/07\\\/30083337\\\/favicon-96x96-1.png\",\"contentUrl\":\"https:\\\/\\\/bxrepsol.s3.eu-west-1.amazonaws.com\\\/static\\\/2025\\\/07\\\/30083337\\\/favicon-96x96-1.png\",\"width\":96,\"height\":96,\"caption\":\"Box Repsol\"},\"image\":{\"@id\":\"https:\\\/\\\/www.boxrepsol.com\\\/es\\\/#\\\/schema\\\/logo\\\/image\\\/\"},\"sameAs\":[\"https:\\\/\\\/www.facebook.com\\\/BoxRepsol\",\"https:\\\/\\\/x.com\\\/box_repsol\",\"http:\\\/\\\/instagram.com\\\/box_repsol\",\"https:\\\/\\\/www.youtube.com\\\/user\\\/RepsolCompeticion\",\"https:\\\/\\\/www.flickr.com\\\/photos\\\/box_repsol\\\/\"]},{\"@type\":\"Person\",\"@id\":\"https:\\\/\\\/www.boxrepsol.com\\\/es\\\/#\\\/schema\\\/person\\\/c5c2138f2cca251b0ad92b7086bb60b7\",\"name\":\"Redacci\u00f3n Box Repsol\",\"image\":{\"@type\":\"ImageObject\",\"inLanguage\":\"es\",\"@id\":\"https:\\\/\\\/secure.gravatar.com\\\/avatar\\\/adf7b77e38b4419baf32c7e9c21dde01f4e40df611f0978e3006fc4ba0aaab7e?s=96&d=mm&r=g\",\"url\":\"https:\\\/\\\/secure.gravatar.com\\\/avatar\\\/adf7b77e38b4419baf32c7e9c21dde01f4e40df611f0978e3006fc4ba0aaab7e?s=96&d=mm&r=g\",\"contentUrl\":\"https:\\\/\\\/secure.gravatar.com\\\/avatar\\\/adf7b77e38b4419baf32c7e9c21dde01f4e40df611f0978e3006fc4ba0aaab7e?s=96&d=mm&r=g\",\"caption\":\"Redacci\u00f3n Box Repsol\"},\"description\":\"Box Repsol lo forma un equipo de periodistas, community managers, dise\u00f1adores y fot\u00f3grafos con m\u00e1s de 20 a\u00f1os de experiencia en el mundo del motorsport. Hemos vivido el primer mundial de un espa\u00f1ol en la categor\u00eda reina de motociclismo con \u00c1lex Crivill\u00e9, estuvimos en las victorias de Pedrosa y los t\u00edtulos de M\u00e1rquez, acompa\u00f1amos en \u00c1frica a Nani Roma y Marc Coma en sus conquistas del Dakar y hemos vibrado con los t\u00edtulos de Toni Bou en Trial. Adem\u00e1s, en nuestro equipo contamos con expertos en el mundo de las dos y cuatro ruedas tanto de la calle y las carreteras, como de los circuitos. Periodistas que han trabajado en revistas y publicaciones para hacerte llegar desde rutas y consejos de mantenimiento, a curiosidades y trucos de pilotaje.\",\"sameAs\":[\"https:\\\/\\\/www.facebook.com\\\/BoxRepsol\\\/\",\"https:\\\/\\\/www.instagram.com\\\/box_repsol\\\/\",\"https:\\\/\\\/x.com\\\/https:\\\/\\\/twitter.com\\\/box_repsol\",\"https:\\\/\\\/www.youtube.com\\\/@Boxrepsol\"],\"url\":\"https:\\\/\\\/www.boxrepsol.com\\\/es\\\/author\\\/redaccion-box-repsol\\\/\"}]}<\/script>\n<!-- \/ Yoast SEO plugin. -->","yoast_head_json":{"title":"Takahisa Fujinami es sexto en la \u00faltima cita del Mundial de X-Trial - Box Repsol","description":"Takahisa fujinami compiti\u00f3 anoche en el X-Trial de Budapest, en el que no pudo estar su compa\u00f1ero Toni Bou, todav\u00eda recuper\u00e1ndose.","canonical":"https:\/\/www.boxrepsol.com\/es\/trial\/takahisa-fujinami-sexto-la-ultima-cita-del-mundial-x-trial\/","og_locale":"es_ES","og_type":"article","og_title":"Takahisa Fujinami es sexto en la \u00faltima cita del Mundial de X-Trial - Box Repsol","og_description":"Takahisa fujinami compiti\u00f3 anoche en el X-Trial de Budapest, en el que no pudo estar su compa\u00f1ero Toni Bou, todav\u00eda recuper\u00e1ndose.","og_url":"https:\/\/www.boxrepsol.com\/es\/trial\/takahisa-fujinami-sexto-la-ultima-cita-del-mundial-x-trial\/","og_site_name":"Box Repsol","article_publisher":"https:\/\/www.facebook.com\/BoxRepsol","article_author":"https:\/\/www.facebook.com\/BoxRepsol\/","article_published_time":"2018-04-03T02:00:00+00:00","article_modified_time":"2024-05-22T08:09:18+00:00","og_image":[{"width":995,"height":560,"url":"https:\/\/bxrepsol.s3.eu-west-1.amazonaws.com\/static\/2022\/08\/29080751\/00_trial_repsol_montesa_honda_fujinami_takahisa_fujigas_2018.jpg","type":"image\/jpeg"}],"author":"Redacci\u00f3n Box Repsol","twitter_card":"summary_large_image","twitter_creator":"@https:\/\/twitter.com\/box_repsol","twitter_site":"@box_repsol","twitter_misc":{"Written by":"Redacci\u00f3n Box Repsol","Est. reading time":"1 minuto"},"schema":{"@context":"https:\/\/schema.org","@graph":[{"@type":"Article","@id":"https:\/\/www.boxrepsol.com\/es\/trial\/takahisa-fujinami-sexto-la-ultima-cita-del-mundial-x-trial\/#article","isPartOf":{"@id":"https:\/\/www.boxrepsol.com\/es\/trial\/takahisa-fujinami-sexto-la-ultima-cita-del-mundial-x-trial\/"},"author":{"name":"Redacci\u00f3n Box Repsol","@id":"https:\/\/www.boxrepsol.com\/es\/#\/schema\/person\/c5c2138f2cca251b0ad92b7086bb60b7"},"headline":"Takahisa Fujinami es sexto en la \u00faltima cita del Mundial de X-Trial","datePublished":"2018-04-03T02:00:00+00:00","dateModified":"2024-05-22T08:09:18+00:00","mainEntityOfPage":{"@id":"https:\/\/www.boxrepsol.com\/es\/trial\/takahisa-fujinami-sexto-la-ultima-cita-del-mundial-x-trial\/"},"wordCount":212,"commentCount":0,"publisher":{"@id":"https:\/\/www.boxrepsol.com\/es\/#organization"},"image":{"@id":"https:\/\/www.boxrepsol.com\/es\/trial\/takahisa-fujinami-sexto-la-ultima-cita-del-mundial-x-trial\/#primaryimage"},"thumbnailUrl":"https:\/\/bxrepsol.s3.eu-west-1.amazonaws.com\/static\/2022\/08\/29080751\/00_trial_repsol_montesa_honda_fujinami_takahisa_fujigas_2018.jpg","keywords":["otros eventos y competiciones"],"articleSection":["Trial"],"inLanguage":"es","potentialAction":[{"@type":"CommentAction","name":"Comment","target":["https:\/\/www.boxrepsol.com\/es\/trial\/takahisa-fujinami-sexto-la-ultima-cita-del-mundial-x-trial\/#respond"]}]},{"@type":"WebPage","@id":"https:\/\/www.boxrepsol.com\/es\/trial\/takahisa-fujinami-sexto-la-ultima-cita-del-mundial-x-trial\/","url":"https:\/\/www.boxrepsol.com\/es\/trial\/takahisa-fujinami-sexto-la-ultima-cita-del-mundial-x-trial\/","name":"Takahisa Fujinami es sexto en la \u00faltima cita del Mundial de X-Trial - Box Repsol","isPartOf":{"@id":"https:\/\/www.boxrepsol.com\/es\/#website"},"primaryImageOfPage":{"@id":"https:\/\/www.boxrepsol.com\/es\/trial\/takahisa-fujinami-sexto-la-ultima-cita-del-mundial-x-trial\/#primaryimage"},"image":{"@id":"https:\/\/www.boxrepsol.com\/es\/trial\/takahisa-fujinami-sexto-la-ultima-cita-del-mundial-x-trial\/#primaryimage"},"thumbnailUrl":"https:\/\/bxrepsol.s3.eu-west-1.amazonaws.com\/static\/2022\/08\/29080751\/00_trial_repsol_montesa_honda_fujinami_takahisa_fujigas_2018.jpg","datePublished":"2018-04-03T02:00:00+00:00","dateModified":"2024-05-22T08:09:18+00:00","description":"Takahisa fujinami compiti\u00f3 anoche en el X-Trial de Budapest, en el que no pudo estar su compa\u00f1ero Toni Bou, todav\u00eda recuper\u00e1ndose.","breadcrumb":{"@id":"https:\/\/www.boxrepsol.com\/es\/trial\/takahisa-fujinami-sexto-la-ultima-cita-del-mundial-x-trial\/#breadcrumb"},"inLanguage":"es","potentialAction":[{"@type":"ReadAction","target":["https:\/\/www.boxrepsol.com\/es\/trial\/takahisa-fujinami-sexto-la-ultima-cita-del-mundial-x-trial\/"]}]},{"@type":"ImageObject","inLanguage":"es","@id":"https:\/\/www.boxrepsol.com\/es\/trial\/takahisa-fujinami-sexto-la-ultima-cita-del-mundial-x-trial\/#primaryimage","url":"https:\/\/bxrepsol.s3.eu-west-1.amazonaws.com\/static\/2022\/08\/29080751\/00_trial_repsol_montesa_honda_fujinami_takahisa_fujigas_2018.jpg","contentUrl":"https:\/\/bxrepsol.s3.eu-west-1.amazonaws.com\/static\/2022\/08\/29080751\/00_trial_repsol_montesa_honda_fujinami_takahisa_fujigas_2018.jpg","width":995,"height":560,"caption":"Takahisa Fujinami haciendo wheelie sobre un obst\u00e1culo de la pista"},{"@type":"BreadcrumbList","@id":"https:\/\/www.boxrepsol.com\/es\/trial\/takahisa-fujinami-sexto-la-ultima-cita-del-mundial-x-trial\/#breadcrumb","itemListElement":[{"@type":"ListItem","position":1,"name":"Home","item":"https:\/\/www.boxrepsol.com\/es\/"},{"@type":"ListItem","position":2,"name":"Takahisa Fujinami es sexto en la \u00faltima cita del Mundial de X-Trial"}]},{"@type":"WebSite","@id":"https:\/\/www.boxrepsol.com\/es\/#website","url":"https:\/\/www.boxrepsol.com\/es\/","name":"Box Repsol","description":"Box Repsol Site","publisher":{"@id":"https:\/\/www.boxrepsol.com\/es\/#organization"},"potentialAction":[{"@type":"SearchAction","target":{"@type":"EntryPoint","urlTemplate":"https:\/\/www.boxrepsol.com\/es\/?s={search_term_string}"},"query-input":{"@type":"PropertyValueSpecification","valueRequired":true,"valueName":"search_term_string"}}],"inLanguage":"es"},{"@type":"Organization","@id":"https:\/\/www.boxrepsol.com\/es\/#organization","name":"Box Repsol","url":"https:\/\/www.boxrepsol.com\/es\/","logo":{"@type":"ImageObject","inLanguage":"es","@id":"https:\/\/www.boxrepsol.com\/es\/#\/schema\/logo\/image\/","url":"https:\/\/bxrepsol.s3.eu-west-1.amazonaws.com\/static\/2025\/07\/30083337\/favicon-96x96-1.png","contentUrl":"https:\/\/bxrepsol.s3.eu-west-1.amazonaws.com\/static\/2025\/07\/30083337\/favicon-96x96-1.png","width":96,"height":96,"caption":"Box Repsol"},"image":{"@id":"https:\/\/www.boxrepsol.com\/es\/#\/schema\/logo\/image\/"},"sameAs":["https:\/\/www.facebook.com\/BoxRepsol","https:\/\/x.com\/box_repsol","http:\/\/instagram.com\/box_repsol","https:\/\/www.youtube.com\/user\/RepsolCompeticion","https:\/\/www.flickr.com\/photos\/box_repsol\/"]},{"@type":"Person","@id":"https:\/\/www.boxrepsol.com\/es\/#\/schema\/person\/c5c2138f2cca251b0ad92b7086bb60b7","name":"Redacci\u00f3n Box Repsol","image":{"@type":"ImageObject","inLanguage":"es","@id":"https:\/\/secure.gravatar.com\/avatar\/adf7b77e38b4419baf32c7e9c21dde01f4e40df611f0978e3006fc4ba0aaab7e?s=96&d=mm&r=g","url":"https:\/\/secure.gravatar.com\/avatar\/adf7b77e38b4419baf32c7e9c21dde01f4e40df611f0978e3006fc4ba0aaab7e?s=96&d=mm&r=g","contentUrl":"https:\/\/secure.gravatar.com\/avatar\/adf7b77e38b4419baf32c7e9c21dde01f4e40df611f0978e3006fc4ba0aaab7e?s=96&d=mm&r=g","caption":"Redacci\u00f3n Box Repsol"},"description":"Box Repsol lo forma un equipo de periodistas, community managers, dise\u00f1adores y fot\u00f3grafos con m\u00e1s de 20 a\u00f1os de experiencia en el mundo del motorsport. Hemos vivido el primer mundial de un espa\u00f1ol en la categor\u00eda reina de motociclismo con \u00c1lex Crivill\u00e9, estuvimos en las victorias de Pedrosa y los t\u00edtulos de M\u00e1rquez, acompa\u00f1amos en \u00c1frica a Nani Roma y Marc Coma en sus conquistas del Dakar y hemos vibrado con los t\u00edtulos de Toni Bou en Trial. Adem\u00e1s, en nuestro equipo contamos con expertos en el mundo de las dos y cuatro ruedas tanto de la calle y las carreteras, como de los circuitos. Periodistas que han trabajado en revistas y publicaciones para hacerte llegar desde rutas y consejos de mantenimiento, a curiosidades y trucos de pilotaje.","sameAs":["https:\/\/www.facebook.com\/BoxRepsol\/","https:\/\/www.instagram.com\/box_repsol\/","https:\/\/x.com\/https:\/\/twitter.com\/box_repsol","https:\/\/www.youtube.com\/@Boxrepsol"],"url":"https:\/\/www.boxrepsol.com\/es\/author\/redaccion-box-repsol\/"}]}},"_links":{"self":[{"href":"https:\/\/www.boxrepsol.com\/es\/wp-json\/wp\/v2\/posts\/92986","targetHints":{"allow":["GET"]}}],"collection":[{"href":"https:\/\/www.boxrepsol.com\/es\/wp-json\/wp\/v2\/posts"}],"about":[{"href":"https:\/\/www.boxrepsol.com\/es\/wp-json\/wp\/v2\/types\/post"}],"author":[{"embeddable":true,"href":"https:\/\/www.boxrepsol.com\/es\/wp-json\/wp\/v2\/users\/43146"}],"replies":[{"embeddable":true,"href":"https:\/\/www.boxrepsol.com\/es\/wp-json\/wp\/v2\/comments?post=92986"}],"version-history":[{"count":1,"href":"https:\/\/www.boxrepsol.com\/es\/wp-json\/wp\/v2\/posts\/92986\/revisions"}],"predecessor-version":[{"id":92987,"href":"https:\/\/www.boxrepsol.com\/es\/wp-json\/wp\/v2\/posts\/92986\/revisions\/92987"}],"wp:featuredmedia":[{"embeddable":true,"href":"https:\/\/www.boxrepsol.com\/es\/wp-json\/wp\/v2\/media\/57566"}],"wp:attachment":[{"href":"https:\/\/www.boxrepsol.com\/es\/wp-json\/wp\/v2\/media?parent=92986"}],"wp:term":[{"taxonomy":"category","embeddable":true,"href":"https:\/\/www.boxrepsol.com\/es\/wp-json\/wp\/v2\/categories?post=92986"},{"taxonomy":"post_tag","embeddable":true,"href":"https:\/\/www.boxrepsol.com\/es\/wp-json\/wp\/v2\/tags?post=92986"}],"curies":[{"name":"wp","href":"https:\/\/api.w.org\/{rel}","templated":true}]}}