{"id":92980,"date":"2018-03-26T00:00:00","date_gmt":"2018-03-26T02:00:00","guid":{"rendered":"http:\/\/pre.boxrepsol.com\/sin-categorizar\/fim-cev-repsol-arranca-estoril-cinco-ganadores-distintos\/"},"modified":"2024-05-22T06:09:38","modified_gmt":"2024-05-22T08:09:38","slug":"fim-cev-repsol-arranca-estoril-cinco-ganadores-distintos","status":"publish","type":"post","link":"https:\/\/www.boxrepsol.com\/es\/sin-categorizar\/fim-cev-repsol-arranca-estoril-cinco-ganadores-distintos\/","title":{"rendered":"El FIM CEV Repsol arranca en Estoril con hasta cinco ganadores distintos"},"content":{"rendered":"<blockquote>\n<p>Estoy muy contento porque ha sido una carrera muy dif\u00edcil. Iba mirando a mi pizarra y ve\u00eda que me marcaban 2,5 segundos\u2026<\/p>\n<p>            <a href=\"http:\/\/twitter.com\/share?text=Estoy+muy+contento+porque+ha+sido+una+carrera+muy+dif%C3%ADcil.+Iba+mirando+a+mi+pizarra+y+ve%C3%ADa+que+me+marcaban+2%2C5+segundos%E2%80%A6&#038;url=https%3A%2F%2Fwww.boxrepsol.com%2Fes%2F%3Fp%3D18771%2F&#038;hashtags=\" target=\"_blank\" data-datalayer='{\"event\": \"socialInteraction\", \"socialNetwork\": \"Twitter\", \"socialAction\": \"Compartir\", \"socialTarget\": \"Frase\"}' rel=\"noopener\"><br \/>\n            twittear        <\/a><\/p>\n<footer>Barry Baltus<\/footer>\n<\/blockquote>\n<p>Barry Baltus y Juli\u00e1n Giral se han hecho con sendas victorias en las dos carreras de la European Talent Cup.<\/p>\n<p>Ambos pilotos han liderado gran parte de la prueba en solitario. La segunda carrera ha terminado con una bandera roja, provocada por un incidente a falta de tres vueltas para el final.<\/p>\n<p>En Moto2, Ivo Lopes y Jesko Raffin se han repartido los triunfos en la primera y segunda carrera, respectivamente.<\/p>\n<p>La victoria del portugu\u00e9s supone un hecho ins\u00f3lito en la historia de la categor\u00eda, ya que es la primera vez que una SuperStock 600cc gana una carrera en el Campeonato de Europa de Moto2.<\/p>\n<p>Manuel Pagliani se ha impuesto en la \u00fanica manga de la categor\u00eda de Moto3. Las ca\u00eddas y los constantes cambios en el liderato, en el numeroso grupo de cabeza, han marcado esta carrera.<\/p>\n<p>La primera prueba del FIM CEV Repsol se ha visto condicionada por las complicadas condiciones meteorol\u00f3gicas: lluvia y fuerte viento.<\/p>\n<p>Tras las cinco carreras disputadas en Estoril, Pagliani, en Moto3, Raffin, en Moto2, y Giral, en la European Talent Cup, lideran las respectivas clasificaciones generales. La pr\u00f3xima cita del FIM CEV Repsol tendr\u00e1 lugar el 29 de abril en el Circuit de la Comunitat Valenciana Ricardo Tormo.<\/p>\n<p>\t\t\t\t<img decoding=\"async\" src=\"https:\/\/bxrepsol.s3.eu-west-1.amazonaws.com\/static\/2022\/08\/05053926\/26P0100.jpg\" alt=\"26P0100\" itemprop=\"image\"  \/><\/p>\n<p><strong>MANUEL PAGLIANI\u00a0\u2013 GANADOR DE LA CARRERA DE MOTO3<\/strong><\/p>\n<p><em>\u201cEstoy muy contento de la carrera que he hecho. Durante el fin de semana hemos trabajado mucho con el equipo y la moto era muy r\u00e1pida. En el tramo final de la carrera he tratado de estar tranquilo y al final he conseguido adelantar a Ra\u00fal Fern\u00e1ndez y llegar primero. Estoy muy feliz, aunque a la vez muy triste porque ayer mi compa\u00f1ero de equipo Aar\u00f3n Polanco se cay\u00f3 y se rompi\u00f3 el brazo y me disgusta mucho\u201d.<\/em><\/p>\n<p><strong>RESULTADO<\/strong><\/p>\n<p>1. MANUEL PAGLIANI\u00a0\/ Honda \/\u00a031:05.396<br \/>\n2. RA\u00daL FERN\u00c1NDEZ\u00a0\/ KTM \/\u00a0+0.199<br \/>\n3. VICENTE P\u00c9REZ\u00a0\/ KTM \/\u00a0+1.353<br \/>\n4. YUKI KUNII\u00a0\/ Honda \/\u00a0+1.361<br \/>\n5.\u00a0MARC GARC\u00cdA\u00a0\/\u00a0KTM \/\u00a0+1.950<\/p>\n<hr \/>\n<p><strong>IVO LOPES\u00a0\u2013 GANADOR DE LA PRIMERA CARRERA DE MOTO2<\/strong><\/p>\n<p><em>\u201cLa de hoy ha sido una carrera muy buena porque es la primera vez que una SuperStock 600 gana una carrera en el FIM CEV Repsol. Estamos muy contentos del trabajo que hemos hecho durante todo el fin de semana. Me gustar\u00eda dar las gracias a mi equipo\u201d.<\/em><\/p>\n<p><strong>RESULTADO<\/strong><\/p>\n<p>1. IVO LOPES\u00a0\/ Yamaha \/\u00a032:09.243<br \/>\n2.\u00a0AUGUSTO FERN\u00c1NDEZ\u00a0\/\u00a0Suter \/\u00a0+5.998<br \/>\n3. JESKO RAFFIN\u00a0\/ Kalex \/\u00a0+11.365<br \/>\n4.\u00a0DIMAS EKKY\u00a0\/\u00a0Kalex \/\u00a0+14.774<br \/>\n5.\u00a0MARCEL BRENNER\u00a0\/\u00a0Kalex \/\u00a0+29.567<\/p>\n<hr \/>\n<p><strong>JESKO RAFFIN \u2013 GANADOR DE LA SEGUNDA CARRERA MOTO2<\/strong><\/p>\n<p><em>\u201cEstoy muy contento. En la primera carrera la pista no estaba completamente seca pero tampoco mojada, as\u00ed que era muy arriesgado. Al final he conseguido terminar tercero y sumar puntos. En la segunda carrera, en condiciones perfectas, he tenido un buen ritmo des del principio. Ten\u00eda capacidad para estar primero, as\u00ed que he cogido el liderato y lo he mantenido hasta el final. Quiero dar las gracias a todo el equipo, que ha hecho un trabajo magnifico y tambi\u00e9n a todas las personas que est\u00e1n a mi alrededor porque sin ellos esto no hubiera sido posible\u201d.<\/em><\/p>\n<p><strong>RESULTADO<\/strong><\/p>\n<p>1. JESKO RAFFIN\u00a0\/ Kalex \/\u00a031:14.759<br \/>\n2. AUGUSTO FERN\u00c1NDEZ\u00a0\/\u00a0Suter \/\u00a0+2.065<br \/>\n3. LUKAS TULOVIC\u00a0\/\u00a0Tech3 \/\u00a0+8.855<br \/>\n4. DIMAS EKKY\u00a0\/\u00a0Kalex \/\u00a0+13.035<br \/>\n5. XAVIER CARDEL\u00daS\u00a0\/ Kalex \/\u00a0+13.115<\/p>\n<hr \/>\n<p><strong>BARRY BALTUS\u00a0\u2013 GANADOR DE LA PRIMERA CARRERA DE LA EUROPEAN TALENT CUP<\/strong><\/p>\n<p><em>\u201cEstoy muy contento porque ha sido una carrera muy dif\u00edcil. Iba mirando a mi pizarra y ve\u00eda que me marcaban 2,5 segundos\u2026 He apretado en algunas vueltas y en otras he controlado el ritmo. Pero estoy muy contento porque he disputado s\u00f3lo dos carreras en la European Talent Cup, y para ser mi segunda carrera estoy muy contento con el resultado\u201d.<\/em><\/p>\n<p><strong>RESULTADO<\/strong><\/p>\n<p>1. BARRY BALTUS\u00a0\/ Honda \/\u00a032:09.425<br \/>\n2. JULI\u00c1N GIRAL\u00a0\/ Honda \/\u00a0+5.216<br \/>\n3. FERM\u00cdN ALDEGUER\u00a0\/ Honda \/\u00a0+10.369<br \/>\n4. XAVIER ARTIGAS\u00a0\/ Honda \/\u00a0+13.348<br \/>\n5. CARLOS TATAY\u00a0\/ Honda \/\u00a0+13.400<\/p>\n<hr \/>\n<p><strong>JULI\u00c1N GIRAL\u00a0\u2013 GANADOR DE LA SEGUNDA CARRERA DE LA EUROPEAN TALENT CUP<\/strong><\/p>\n<p><em>\u201cHa sido una carrera incre\u00edble porque tampoco me esperaba este rendimiento. Al principio, he visto que ten\u00eda ritmo y he empezado a tirar, y el resultado ha sido muy bueno. Hay que seguir trabajando porque ha sido un fin de semana muy positivo, pero sobre todo ca\u00f3tico, porque en estos \u00faltimos d\u00edas, por el agua y el viento ha habido muchas ca\u00eddas y al final hemos conseguido salir sin percances de aqu\u00ed y l\u00edderes del campeonato\u201d.<\/em><\/p>\n<p><strong>RESULTADO<\/strong><\/p>\n<p>1. JULI\u00c1N GIRAL\u00a0\/ Honda \/\u00a022:40.675<br \/>\n2. FRANCISCO G\u00d3MEZ\u00a0\/ Honda \/\u00a0+9.747<br \/>\n3. BARRY BALTUS\u00a0\/ Honda \/\u00a0+9.798<br \/>\n4. MATTEO PATACCA\u00a0\/ Honda \/\u00a0+16.664<br \/>\n5. V\u00cdCTOR RODR\u00cdGUEZ\u00a0\/ Honda \/\u00a0+16.808<\/p>\n","protected":false},"excerpt":{"rendered":"<p>Pagliani en Moto3, Lopes y Raffin en Moto2 y Baltus y Giral, en la European Talent Cup, se han repartido las victorias en la primera prueba del campeonato.<\/p>\n","protected":false},"author":43146,"featured_media":57516,"comment_status":"open","ping_status":"open","sticky":false,"template":"","format":"standard","meta":{"footnotes":""},"categories":[1],"tags":[130],"class_list":["post-92980","post","type-post","status-publish","format-standard","hentry","category-sin-categorizar","tag-otros-eventos-y-competiciones"],"yoast_head":"<!-- This site is optimized with the Yoast SEO plugin v27.3 - https:\/\/yoast.com\/product\/yoast-seo-wordpress\/ -->\n<title>El FIM CEV Repsol arranca en Estoril con hasta cinco ganadores distintos - Box Repsol<\/title>\n<meta name=\"description\" content=\"Pagliani en Moto3, Lopes y Raffin en Moto2 y Baltus y Giral, en la European Talent Cup, se han repartido las victorias en la primera prueba del campeonato.\" \/>\n<link rel=\"canonical\" href=\"https:\/\/www.boxrepsol.com\/es\/sin-categorizar\/fim-cev-repsol-arranca-estoril-cinco-ganadores-distintos\/\" \/>\n<meta property=\"og:locale\" content=\"es_ES\" \/>\n<meta property=\"og:type\" content=\"article\" \/>\n<meta property=\"og:title\" content=\"El FIM CEV Repsol arranca en Estoril con hasta cinco ganadores distintos - Box Repsol\" \/>\n<meta property=\"og:description\" content=\"Pagliani en Moto3, Lopes y Raffin en Moto2 y Baltus y Giral, en la European Talent Cup, se han repartido las victorias en la primera prueba del campeonato.\" \/>\n<meta property=\"og:url\" content=\"https:\/\/www.boxrepsol.com\/es\/sin-categorizar\/fim-cev-repsol-arranca-estoril-cinco-ganadores-distintos\/\" \/>\n<meta property=\"og:site_name\" content=\"Box Repsol\" \/>\n<meta property=\"article:publisher\" content=\"https:\/\/www.facebook.com\/BoxRepsol\" \/>\n<meta property=\"article:author\" content=\"https:\/\/www.facebook.com\/BoxRepsol\/\" \/>\n<meta property=\"article:published_time\" content=\"2018-03-26T02:00:00+00:00\" \/>\n<meta property=\"article:modified_time\" content=\"2024-05-22T08:09:38+00:00\" \/>\n<meta property=\"og:image\" content=\"https:\/\/bxrepsol.s3.eu-west-1.amazonaws.com\/static\/2022\/08\/29080658\/00_cev_repsol_estoril_2018_monlau.jpg\" \/>\n\t<meta property=\"og:image:width\" content=\"995\" \/>\n\t<meta property=\"og:image:height\" content=\"560\" \/>\n\t<meta property=\"og:image:type\" content=\"image\/jpeg\" \/>\n<meta name=\"author\" content=\"Redacci\u00f3n Box Repsol\" \/>\n<meta name=\"twitter:card\" content=\"summary_large_image\" \/>\n<meta name=\"twitter:creator\" content=\"@https:\/\/twitter.com\/box_repsol\" \/>\n<meta name=\"twitter:site\" content=\"@box_repsol\" \/>\n<meta name=\"twitter:label1\" content=\"Written by\" \/>\n\t<meta name=\"twitter:data1\" content=\"Redacci\u00f3n Box Repsol\" \/>\n\t<meta name=\"twitter:label2\" content=\"Est. reading time\" \/>\n\t<meta name=\"twitter:data2\" content=\"4 minutos\" \/>\n<script type=\"application\/ld+json\" class=\"yoast-schema-graph\">{\"@context\":\"https:\\\/\\\/schema.org\",\"@graph\":[{\"@type\":\"Article\",\"@id\":\"https:\\\/\\\/www.boxrepsol.com\\\/es\\\/sin-categorizar\\\/fim-cev-repsol-arranca-estoril-cinco-ganadores-distintos\\\/#article\",\"isPartOf\":{\"@id\":\"https:\\\/\\\/www.boxrepsol.com\\\/es\\\/sin-categorizar\\\/fim-cev-repsol-arranca-estoril-cinco-ganadores-distintos\\\/\"},\"author\":{\"name\":\"Redacci\u00f3n Box Repsol\",\"@id\":\"https:\\\/\\\/www.boxrepsol.com\\\/es\\\/#\\\/schema\\\/person\\\/c5c2138f2cca251b0ad92b7086bb60b7\"},\"headline\":\"El FIM CEV Repsol arranca en Estoril con hasta cinco ganadores distintos\",\"datePublished\":\"2018-03-26T02:00:00+00:00\",\"dateModified\":\"2024-05-22T08:09:38+00:00\",\"mainEntityOfPage\":{\"@id\":\"https:\\\/\\\/www.boxrepsol.com\\\/es\\\/sin-categorizar\\\/fim-cev-repsol-arranca-estoril-cinco-ganadores-distintos\\\/\"},\"wordCount\":768,\"commentCount\":0,\"publisher\":{\"@id\":\"https:\\\/\\\/www.boxrepsol.com\\\/es\\\/#organization\"},\"image\":{\"@id\":\"https:\\\/\\\/www.boxrepsol.com\\\/es\\\/sin-categorizar\\\/fim-cev-repsol-arranca-estoril-cinco-ganadores-distintos\\\/#primaryimage\"},\"thumbnailUrl\":\"https:\\\/\\\/bxrepsol.s3.eu-west-1.amazonaws.com\\\/static\\\/2022\\\/08\\\/29080658\\\/00_cev_repsol_estoril_2018_monlau.jpg\",\"keywords\":[\"otros eventos y competiciones\"],\"articleSection\":[\"Sin categorizar\"],\"inLanguage\":\"es\",\"potentialAction\":[{\"@type\":\"CommentAction\",\"name\":\"Comment\",\"target\":[\"https:\\\/\\\/www.boxrepsol.com\\\/es\\\/sin-categorizar\\\/fim-cev-repsol-arranca-estoril-cinco-ganadores-distintos\\\/#respond\"]}]},{\"@type\":\"WebPage\",\"@id\":\"https:\\\/\\\/www.boxrepsol.com\\\/es\\\/sin-categorizar\\\/fim-cev-repsol-arranca-estoril-cinco-ganadores-distintos\\\/\",\"url\":\"https:\\\/\\\/www.boxrepsol.com\\\/es\\\/sin-categorizar\\\/fim-cev-repsol-arranca-estoril-cinco-ganadores-distintos\\\/\",\"name\":\"El FIM CEV Repsol arranca en Estoril con hasta cinco ganadores distintos - Box Repsol\",\"isPartOf\":{\"@id\":\"https:\\\/\\\/www.boxrepsol.com\\\/es\\\/#website\"},\"primaryImageOfPage\":{\"@id\":\"https:\\\/\\\/www.boxrepsol.com\\\/es\\\/sin-categorizar\\\/fim-cev-repsol-arranca-estoril-cinco-ganadores-distintos\\\/#primaryimage\"},\"image\":{\"@id\":\"https:\\\/\\\/www.boxrepsol.com\\\/es\\\/sin-categorizar\\\/fim-cev-repsol-arranca-estoril-cinco-ganadores-distintos\\\/#primaryimage\"},\"thumbnailUrl\":\"https:\\\/\\\/bxrepsol.s3.eu-west-1.amazonaws.com\\\/static\\\/2022\\\/08\\\/29080658\\\/00_cev_repsol_estoril_2018_monlau.jpg\",\"datePublished\":\"2018-03-26T02:00:00+00:00\",\"dateModified\":\"2024-05-22T08:09:38+00:00\",\"description\":\"Pagliani en Moto3, Lopes y Raffin en Moto2 y Baltus y Giral, en la European Talent Cup, se han repartido las victorias en la primera prueba del campeonato.\",\"breadcrumb\":{\"@id\":\"https:\\\/\\\/www.boxrepsol.com\\\/es\\\/sin-categorizar\\\/fim-cev-repsol-arranca-estoril-cinco-ganadores-distintos\\\/#breadcrumb\"},\"inLanguage\":\"es\",\"potentialAction\":[{\"@type\":\"ReadAction\",\"target\":[\"https:\\\/\\\/www.boxrepsol.com\\\/es\\\/sin-categorizar\\\/fim-cev-repsol-arranca-estoril-cinco-ganadores-distintos\\\/\"]}]},{\"@type\":\"ImageObject\",\"inLanguage\":\"es\",\"@id\":\"https:\\\/\\\/www.boxrepsol.com\\\/es\\\/sin-categorizar\\\/fim-cev-repsol-arranca-estoril-cinco-ganadores-distintos\\\/#primaryimage\",\"url\":\"https:\\\/\\\/bxrepsol.s3.eu-west-1.amazonaws.com\\\/static\\\/2022\\\/08\\\/29080658\\\/00_cev_repsol_estoril_2018_monlau.jpg\",\"contentUrl\":\"https:\\\/\\\/bxrepsol.s3.eu-west-1.amazonaws.com\\\/static\\\/2022\\\/08\\\/29080658\\\/00_cev_repsol_estoril_2018_monlau.jpg\",\"width\":995,\"height\":560,\"caption\":\"Podio del FIM CEV Repsol en Estoril\"},{\"@type\":\"BreadcrumbList\",\"@id\":\"https:\\\/\\\/www.boxrepsol.com\\\/es\\\/sin-categorizar\\\/fim-cev-repsol-arranca-estoril-cinco-ganadores-distintos\\\/#breadcrumb\",\"itemListElement\":[{\"@type\":\"ListItem\",\"position\":1,\"name\":\"Home\",\"item\":\"https:\\\/\\\/www.boxrepsol.com\\\/es\\\/\"},{\"@type\":\"ListItem\",\"position\":2,\"name\":\"El FIM CEV Repsol arranca en Estoril con hasta cinco ganadores distintos\"}]},{\"@type\":\"WebSite\",\"@id\":\"https:\\\/\\\/www.boxrepsol.com\\\/es\\\/#website\",\"url\":\"https:\\\/\\\/www.boxrepsol.com\\\/es\\\/\",\"name\":\"Box Repsol\",\"description\":\"Box Repsol Site\",\"publisher\":{\"@id\":\"https:\\\/\\\/www.boxrepsol.com\\\/es\\\/#organization\"},\"potentialAction\":[{\"@type\":\"SearchAction\",\"target\":{\"@type\":\"EntryPoint\",\"urlTemplate\":\"https:\\\/\\\/www.boxrepsol.com\\\/es\\\/?s={search_term_string}\"},\"query-input\":{\"@type\":\"PropertyValueSpecification\",\"valueRequired\":true,\"valueName\":\"search_term_string\"}}],\"inLanguage\":\"es\"},{\"@type\":\"Organization\",\"@id\":\"https:\\\/\\\/www.boxrepsol.com\\\/es\\\/#organization\",\"name\":\"Box Repsol\",\"url\":\"https:\\\/\\\/www.boxrepsol.com\\\/es\\\/\",\"logo\":{\"@type\":\"ImageObject\",\"inLanguage\":\"es\",\"@id\":\"https:\\\/\\\/www.boxrepsol.com\\\/es\\\/#\\\/schema\\\/logo\\\/image\\\/\",\"url\":\"https:\\\/\\\/bxrepsol.s3.eu-west-1.amazonaws.com\\\/static\\\/2025\\\/07\\\/30083337\\\/favicon-96x96-1.png\",\"contentUrl\":\"https:\\\/\\\/bxrepsol.s3.eu-west-1.amazonaws.com\\\/static\\\/2025\\\/07\\\/30083337\\\/favicon-96x96-1.png\",\"width\":96,\"height\":96,\"caption\":\"Box Repsol\"},\"image\":{\"@id\":\"https:\\\/\\\/www.boxrepsol.com\\\/es\\\/#\\\/schema\\\/logo\\\/image\\\/\"},\"sameAs\":[\"https:\\\/\\\/www.facebook.com\\\/BoxRepsol\",\"https:\\\/\\\/x.com\\\/box_repsol\",\"http:\\\/\\\/instagram.com\\\/box_repsol\",\"https:\\\/\\\/www.youtube.com\\\/user\\\/RepsolCompeticion\",\"https:\\\/\\\/www.flickr.com\\\/photos\\\/box_repsol\\\/\"]},{\"@type\":\"Person\",\"@id\":\"https:\\\/\\\/www.boxrepsol.com\\\/es\\\/#\\\/schema\\\/person\\\/c5c2138f2cca251b0ad92b7086bb60b7\",\"name\":\"Redacci\u00f3n Box Repsol\",\"image\":{\"@type\":\"ImageObject\",\"inLanguage\":\"es\",\"@id\":\"https:\\\/\\\/secure.gravatar.com\\\/avatar\\\/adf7b77e38b4419baf32c7e9c21dde01f4e40df611f0978e3006fc4ba0aaab7e?s=96&d=mm&r=g\",\"url\":\"https:\\\/\\\/secure.gravatar.com\\\/avatar\\\/adf7b77e38b4419baf32c7e9c21dde01f4e40df611f0978e3006fc4ba0aaab7e?s=96&d=mm&r=g\",\"contentUrl\":\"https:\\\/\\\/secure.gravatar.com\\\/avatar\\\/adf7b77e38b4419baf32c7e9c21dde01f4e40df611f0978e3006fc4ba0aaab7e?s=96&d=mm&r=g\",\"caption\":\"Redacci\u00f3n Box Repsol\"},\"description\":\"Box Repsol lo forma un equipo de periodistas, community managers, dise\u00f1adores y fot\u00f3grafos con m\u00e1s de 20 a\u00f1os de experiencia en el mundo del motorsport. Hemos vivido el primer mundial de un espa\u00f1ol en la categor\u00eda reina de motociclismo con \u00c1lex Crivill\u00e9, estuvimos en las victorias de Pedrosa y los t\u00edtulos de M\u00e1rquez, acompa\u00f1amos en \u00c1frica a Nani Roma y Marc Coma en sus conquistas del Dakar y hemos vibrado con los t\u00edtulos de Toni Bou en Trial. Adem\u00e1s, en nuestro equipo contamos con expertos en el mundo de las dos y cuatro ruedas tanto de la calle y las carreteras, como de los circuitos. Periodistas que han trabajado en revistas y publicaciones para hacerte llegar desde rutas y consejos de mantenimiento, a curiosidades y trucos de pilotaje.\",\"sameAs\":[\"https:\\\/\\\/www.facebook.com\\\/BoxRepsol\\\/\",\"https:\\\/\\\/www.instagram.com\\\/box_repsol\\\/\",\"https:\\\/\\\/x.com\\\/https:\\\/\\\/twitter.com\\\/box_repsol\",\"https:\\\/\\\/www.youtube.com\\\/@Boxrepsol\"],\"url\":\"https:\\\/\\\/www.boxrepsol.com\\\/es\\\/author\\\/redaccion-box-repsol\\\/\"}]}<\/script>\n<!-- \/ Yoast SEO plugin. -->","yoast_head_json":{"title":"El FIM CEV Repsol arranca en Estoril con hasta cinco ganadores distintos - Box Repsol","description":"Pagliani en Moto3, Lopes y Raffin en Moto2 y Baltus y Giral, en la European Talent Cup, se han repartido las victorias en la primera prueba del campeonato.","canonical":"https:\/\/www.boxrepsol.com\/es\/sin-categorizar\/fim-cev-repsol-arranca-estoril-cinco-ganadores-distintos\/","og_locale":"es_ES","og_type":"article","og_title":"El FIM CEV Repsol arranca en Estoril con hasta cinco ganadores distintos - Box Repsol","og_description":"Pagliani en Moto3, Lopes y Raffin en Moto2 y Baltus y Giral, en la European Talent Cup, se han repartido las victorias en la primera prueba del campeonato.","og_url":"https:\/\/www.boxrepsol.com\/es\/sin-categorizar\/fim-cev-repsol-arranca-estoril-cinco-ganadores-distintos\/","og_site_name":"Box Repsol","article_publisher":"https:\/\/www.facebook.com\/BoxRepsol","article_author":"https:\/\/www.facebook.com\/BoxRepsol\/","article_published_time":"2018-03-26T02:00:00+00:00","article_modified_time":"2024-05-22T08:09:38+00:00","og_image":[{"width":995,"height":560,"url":"https:\/\/bxrepsol.s3.eu-west-1.amazonaws.com\/static\/2022\/08\/29080658\/00_cev_repsol_estoril_2018_monlau.jpg","type":"image\/jpeg"}],"author":"Redacci\u00f3n Box Repsol","twitter_card":"summary_large_image","twitter_creator":"@https:\/\/twitter.com\/box_repsol","twitter_site":"@box_repsol","twitter_misc":{"Written by":"Redacci\u00f3n Box Repsol","Est. reading time":"4 minutos"},"schema":{"@context":"https:\/\/schema.org","@graph":[{"@type":"Article","@id":"https:\/\/www.boxrepsol.com\/es\/sin-categorizar\/fim-cev-repsol-arranca-estoril-cinco-ganadores-distintos\/#article","isPartOf":{"@id":"https:\/\/www.boxrepsol.com\/es\/sin-categorizar\/fim-cev-repsol-arranca-estoril-cinco-ganadores-distintos\/"},"author":{"name":"Redacci\u00f3n Box Repsol","@id":"https:\/\/www.boxrepsol.com\/es\/#\/schema\/person\/c5c2138f2cca251b0ad92b7086bb60b7"},"headline":"El FIM CEV Repsol arranca en Estoril con hasta cinco ganadores distintos","datePublished":"2018-03-26T02:00:00+00:00","dateModified":"2024-05-22T08:09:38+00:00","mainEntityOfPage":{"@id":"https:\/\/www.boxrepsol.com\/es\/sin-categorizar\/fim-cev-repsol-arranca-estoril-cinco-ganadores-distintos\/"},"wordCount":768,"commentCount":0,"publisher":{"@id":"https:\/\/www.boxrepsol.com\/es\/#organization"},"image":{"@id":"https:\/\/www.boxrepsol.com\/es\/sin-categorizar\/fim-cev-repsol-arranca-estoril-cinco-ganadores-distintos\/#primaryimage"},"thumbnailUrl":"https:\/\/bxrepsol.s3.eu-west-1.amazonaws.com\/static\/2022\/08\/29080658\/00_cev_repsol_estoril_2018_monlau.jpg","keywords":["otros eventos y competiciones"],"articleSection":["Sin categorizar"],"inLanguage":"es","potentialAction":[{"@type":"CommentAction","name":"Comment","target":["https:\/\/www.boxrepsol.com\/es\/sin-categorizar\/fim-cev-repsol-arranca-estoril-cinco-ganadores-distintos\/#respond"]}]},{"@type":"WebPage","@id":"https:\/\/www.boxrepsol.com\/es\/sin-categorizar\/fim-cev-repsol-arranca-estoril-cinco-ganadores-distintos\/","url":"https:\/\/www.boxrepsol.com\/es\/sin-categorizar\/fim-cev-repsol-arranca-estoril-cinco-ganadores-distintos\/","name":"El FIM CEV Repsol arranca en Estoril con hasta cinco ganadores distintos - Box Repsol","isPartOf":{"@id":"https:\/\/www.boxrepsol.com\/es\/#website"},"primaryImageOfPage":{"@id":"https:\/\/www.boxrepsol.com\/es\/sin-categorizar\/fim-cev-repsol-arranca-estoril-cinco-ganadores-distintos\/#primaryimage"},"image":{"@id":"https:\/\/www.boxrepsol.com\/es\/sin-categorizar\/fim-cev-repsol-arranca-estoril-cinco-ganadores-distintos\/#primaryimage"},"thumbnailUrl":"https:\/\/bxrepsol.s3.eu-west-1.amazonaws.com\/static\/2022\/08\/29080658\/00_cev_repsol_estoril_2018_monlau.jpg","datePublished":"2018-03-26T02:00:00+00:00","dateModified":"2024-05-22T08:09:38+00:00","description":"Pagliani en Moto3, Lopes y Raffin en Moto2 y Baltus y Giral, en la European Talent Cup, se han repartido las victorias en la primera prueba del campeonato.","breadcrumb":{"@id":"https:\/\/www.boxrepsol.com\/es\/sin-categorizar\/fim-cev-repsol-arranca-estoril-cinco-ganadores-distintos\/#breadcrumb"},"inLanguage":"es","potentialAction":[{"@type":"ReadAction","target":["https:\/\/www.boxrepsol.com\/es\/sin-categorizar\/fim-cev-repsol-arranca-estoril-cinco-ganadores-distintos\/"]}]},{"@type":"ImageObject","inLanguage":"es","@id":"https:\/\/www.boxrepsol.com\/es\/sin-categorizar\/fim-cev-repsol-arranca-estoril-cinco-ganadores-distintos\/#primaryimage","url":"https:\/\/bxrepsol.s3.eu-west-1.amazonaws.com\/static\/2022\/08\/29080658\/00_cev_repsol_estoril_2018_monlau.jpg","contentUrl":"https:\/\/bxrepsol.s3.eu-west-1.amazonaws.com\/static\/2022\/08\/29080658\/00_cev_repsol_estoril_2018_monlau.jpg","width":995,"height":560,"caption":"Podio del FIM CEV Repsol en Estoril"},{"@type":"BreadcrumbList","@id":"https:\/\/www.boxrepsol.com\/es\/sin-categorizar\/fim-cev-repsol-arranca-estoril-cinco-ganadores-distintos\/#breadcrumb","itemListElement":[{"@type":"ListItem","position":1,"name":"Home","item":"https:\/\/www.boxrepsol.com\/es\/"},{"@type":"ListItem","position":2,"name":"El FIM CEV Repsol arranca en Estoril con hasta cinco ganadores distintos"}]},{"@type":"WebSite","@id":"https:\/\/www.boxrepsol.com\/es\/#website","url":"https:\/\/www.boxrepsol.com\/es\/","name":"Box Repsol","description":"Box Repsol Site","publisher":{"@id":"https:\/\/www.boxrepsol.com\/es\/#organization"},"potentialAction":[{"@type":"SearchAction","target":{"@type":"EntryPoint","urlTemplate":"https:\/\/www.boxrepsol.com\/es\/?s={search_term_string}"},"query-input":{"@type":"PropertyValueSpecification","valueRequired":true,"valueName":"search_term_string"}}],"inLanguage":"es"},{"@type":"Organization","@id":"https:\/\/www.boxrepsol.com\/es\/#organization","name":"Box Repsol","url":"https:\/\/www.boxrepsol.com\/es\/","logo":{"@type":"ImageObject","inLanguage":"es","@id":"https:\/\/www.boxrepsol.com\/es\/#\/schema\/logo\/image\/","url":"https:\/\/bxrepsol.s3.eu-west-1.amazonaws.com\/static\/2025\/07\/30083337\/favicon-96x96-1.png","contentUrl":"https:\/\/bxrepsol.s3.eu-west-1.amazonaws.com\/static\/2025\/07\/30083337\/favicon-96x96-1.png","width":96,"height":96,"caption":"Box Repsol"},"image":{"@id":"https:\/\/www.boxrepsol.com\/es\/#\/schema\/logo\/image\/"},"sameAs":["https:\/\/www.facebook.com\/BoxRepsol","https:\/\/x.com\/box_repsol","http:\/\/instagram.com\/box_repsol","https:\/\/www.youtube.com\/user\/RepsolCompeticion","https:\/\/www.flickr.com\/photos\/box_repsol\/"]},{"@type":"Person","@id":"https:\/\/www.boxrepsol.com\/es\/#\/schema\/person\/c5c2138f2cca251b0ad92b7086bb60b7","name":"Redacci\u00f3n Box Repsol","image":{"@type":"ImageObject","inLanguage":"es","@id":"https:\/\/secure.gravatar.com\/avatar\/adf7b77e38b4419baf32c7e9c21dde01f4e40df611f0978e3006fc4ba0aaab7e?s=96&d=mm&r=g","url":"https:\/\/secure.gravatar.com\/avatar\/adf7b77e38b4419baf32c7e9c21dde01f4e40df611f0978e3006fc4ba0aaab7e?s=96&d=mm&r=g","contentUrl":"https:\/\/secure.gravatar.com\/avatar\/adf7b77e38b4419baf32c7e9c21dde01f4e40df611f0978e3006fc4ba0aaab7e?s=96&d=mm&r=g","caption":"Redacci\u00f3n Box Repsol"},"description":"Box Repsol lo forma un equipo de periodistas, community managers, dise\u00f1adores y fot\u00f3grafos con m\u00e1s de 20 a\u00f1os de experiencia en el mundo del motorsport. Hemos vivido el primer mundial de un espa\u00f1ol en la categor\u00eda reina de motociclismo con \u00c1lex Crivill\u00e9, estuvimos en las victorias de Pedrosa y los t\u00edtulos de M\u00e1rquez, acompa\u00f1amos en \u00c1frica a Nani Roma y Marc Coma en sus conquistas del Dakar y hemos vibrado con los t\u00edtulos de Toni Bou en Trial. Adem\u00e1s, en nuestro equipo contamos con expertos en el mundo de las dos y cuatro ruedas tanto de la calle y las carreteras, como de los circuitos. Periodistas que han trabajado en revistas y publicaciones para hacerte llegar desde rutas y consejos de mantenimiento, a curiosidades y trucos de pilotaje.","sameAs":["https:\/\/www.facebook.com\/BoxRepsol\/","https:\/\/www.instagram.com\/box_repsol\/","https:\/\/x.com\/https:\/\/twitter.com\/box_repsol","https:\/\/www.youtube.com\/@Boxrepsol"],"url":"https:\/\/www.boxrepsol.com\/es\/author\/redaccion-box-repsol\/"}]}},"_links":{"self":[{"href":"https:\/\/www.boxrepsol.com\/es\/wp-json\/wp\/v2\/posts\/92980","targetHints":{"allow":["GET"]}}],"collection":[{"href":"https:\/\/www.boxrepsol.com\/es\/wp-json\/wp\/v2\/posts"}],"about":[{"href":"https:\/\/www.boxrepsol.com\/es\/wp-json\/wp\/v2\/types\/post"}],"author":[{"embeddable":true,"href":"https:\/\/www.boxrepsol.com\/es\/wp-json\/wp\/v2\/users\/43146"}],"replies":[{"embeddable":true,"href":"https:\/\/www.boxrepsol.com\/es\/wp-json\/wp\/v2\/comments?post=92980"}],"version-history":[{"count":1,"href":"https:\/\/www.boxrepsol.com\/es\/wp-json\/wp\/v2\/posts\/92980\/revisions"}],"predecessor-version":[{"id":92981,"href":"https:\/\/www.boxrepsol.com\/es\/wp-json\/wp\/v2\/posts\/92980\/revisions\/92981"}],"wp:featuredmedia":[{"embeddable":true,"href":"https:\/\/www.boxrepsol.com\/es\/wp-json\/wp\/v2\/media\/57516"}],"wp:attachment":[{"href":"https:\/\/www.boxrepsol.com\/es\/wp-json\/wp\/v2\/media?parent=92980"}],"wp:term":[{"taxonomy":"category","embeddable":true,"href":"https:\/\/www.boxrepsol.com\/es\/wp-json\/wp\/v2\/categories?post=92980"},{"taxonomy":"post_tag","embeddable":true,"href":"https:\/\/www.boxrepsol.com\/es\/wp-json\/wp\/v2\/tags?post=92980"}],"curies":[{"name":"wp","href":"https:\/\/api.w.org\/{rel}","templated":true}]}}