{"id":92946,"date":"2018-03-18T00:00:00","date_gmt":"2018-03-18T02:00:00","guid":{"rendered":"http:\/\/pre.boxrepsol.com\/sin-categorizar\/marc-marquez-estrena-temporada-podio-losail\/"},"modified":"2024-05-22T06:03:38","modified_gmt":"2024-05-22T08:03:38","slug":"marc-marquez-estrena-temporada-podio-losail","status":"publish","type":"post","link":"https:\/\/www.boxrepsol.com\/es\/motogp\/marc-marquez-estrena-temporada-podio-losail\/","title":{"rendered":"Marc M\u00e1rquez estrena la temporada en el podio"},"content":{"rendered":"<blockquote>\n<p>\u00a1Vaya carrera! Estoy muy contento con esta segunda posici\u00f3n<\/p>\n<p>            <a href=\"http:\/\/twitter.com\/share?text=%C2%A1Vaya+carrera%21+Estoy+muy+contento+con+esta+segunda+posici%C3%B3n&#038;url=https%3A%2F%2Fwww.boxrepsol.com%2Fes%2F%3Fp%3D18575%2F&#038;hashtags=\" target=\"_blank\" data-datalayer='{\"event\": \"socialInteraction\", \"socialNetwork\": \"Twitter\", \"socialAction\": \"Compartir\", \"socialTarget\": \"Frase\"}' rel=\"noopener\"><br \/>\n            twittear        <\/a><\/p>\n<footer>Marc M\u00e1rquez<\/footer>\n<\/blockquote>\n<p>Tras arrancar la carrera, <strong>Marc M\u00e1rquez<\/strong> y <strong>Dani Pedrosa<\/strong> se han situado en la segunda y tercera posici\u00f3n, respectivamente, tras Johann Zarco.<\/p>\n<p><strong>Pedrosa<\/strong> ha ido cediendo terreno en los primeros giros y ha llegado a rodar octavo, aunque ha logrado permanecer en el primer grupo hasta los \u00faltimos giros, cuando Dovizioso ha estirado el pelot\u00f3n.<\/p>\n<p><strong>Marc M\u00e1rquez<\/strong> ha rodado toda la carrera entre la segunda y la tercera plaza, y ha intentado ponerse primero en la \u00faltima curva, pero se ha ido largo y Dovizioso ha recuperado la posici\u00f3n para llevarse el triunfo por <a href=\"https:\/\/twitter.com\/box_repsol\/status\/975412796736393216\">apenas 27 mil\u00e9simas<\/a>.<\/p>\n<p>Es el sexto podio de Marc M\u00e1rquez en Catar, donde ha logrado uno en 125cc, uno en Moto2 y cuatro en MotoGP.<\/p>\n<h3>\n\t\tMarc M\u00e1rquez<br \/>\n\t<\/h3>\n<blockquote>\n<p><img loading=\"lazy\" decoding=\"async\" src=\"https:\/\/bxrepsol.s3.eu-west-1.amazonaws.com\/static\/2022\/08\/05052814\/00_marc_declas.jpg\" alt=\"\" width=\"252\" height=\"300\" \/>\u00a1Vaya carrera! Estoy muy contento con esta segunda posici\u00f3n, porque \u00e9ste es uno de los circuitos del calendario en el que m\u00e1s sufrimos. Ya lo vimos durante el test, as\u00ed que hoy sab\u00edamos qu\u00e9 esperar. Con el neum\u00e1tico delantero duro sufr\u00eda un poco en las curvas de izquierdas, pero con el medio no hubiese terminado la carrera. Lo he intentado todo para adelantar a \u2018Dovi\u2019 en la \u00faltima curva, pero nos ha vuelto a ganar. Sinceramente, lo esperaba, pero lo he intentado igualmente para ver c\u00f3mo terminaba. Hoy \u00e9l ten\u00eda algo m\u00e1s que yo y se merece la victoria. Incluso saliendo \u00e9l un poco retrasado, le estaba esperando; esperaba el rojo. Sab\u00eda que su estrategia ser\u00eda tirar al final y cuando ha adelantado a Zarco me he dicho \u201c\u00a1Vamos!\u201d Le he seguido y casi me voy largo. Pero ha sido una gran carrera, un gran espect\u00e1culo y hay una cosa que me ha gustado mucho: esta vez, en la recta \u00e9ramos capaces de aguantar con \u00e9l. Eso es muy bueno<\/p>\n<\/blockquote>\n<h3>\n\t\tDani Pedrosa<br \/>\n\t<\/h3>\n<blockquote>\n<p><img loading=\"lazy\" decoding=\"async\" src=\"https:\/\/bxrepsol.s3.eu-west-1.amazonaws.com\/static\/2022\/08\/05052815\/00_dani_declas.jpg\" alt=\"\" width=\"252\" height=\"300\" \/>La moto en general ha funcionado bien y estoy contento, porque hemos podido mejorar las sensaciones durante el fin de semana. El neum\u00e1tico delantero duro ha sido una buena elecci\u00f3n, porque me permit\u00eda frenar fuerte en las curvas y mantener un ritmo bueno. Hemos trabajado mucho en las sensaciones con el tren delantero durante el fin de semana y finalmente hemos decidido montar este compuesto. Desgraciadamente, el trasero ha tenido un rendimiento un poco inferior al habitual. Resbalaba mucho y me hac\u00eda perder terreno en algunas zonas, como en el tercer sector y varias curvas del cuarto. Es una pena, porque la primera carrera siempre es importante y, si con este problema he podido mantenerme en el grupo delantero, creo que sin \u00e9l podr\u00eda haber luchado por el podio. Esto me da confianza para las pr\u00f3ximas carreras<\/p>\n<\/blockquote>\n","protected":false},"excerpt":{"rendered":"<p>El vigente Campe\u00f3n del Mundo de MotoGP termina a 27 mil\u00e9simas de un triunfo que ha buscado hasta la \u00faltima curva. Dani Pedrosa ha sido s\u00e9ptimo, a menos de cinco segundos del primero.<\/p>\n","protected":false},"author":43146,"featured_media":57404,"comment_status":"open","ping_status":"open","sticky":false,"template":"","format":"standard","meta":{"footnotes":""},"categories":[4],"tags":[157],"class_list":["post-92946","post","type-post","status-publish","format-standard","hentry","category-motogp","tag-motogp-catar"],"yoast_head":"<!-- This site is optimized with the Yoast SEO plugin v27.3 - https:\/\/yoast.com\/product\/yoast-seo-wordpress\/ -->\n<title>Marc M\u00e1rquez estrena la temporada en el podio - Box Repsol<\/title>\n<meta name=\"description\" content=\"El vigente Campe\u00f3n del Mundo de MotoGP termina a 27 mil\u00e9simas de un triunfo que ha buscado hasta la \u00faltima curva en Losail.\" \/>\n<link rel=\"canonical\" href=\"https:\/\/www.boxrepsol.com\/es\/motogp\/marc-marquez-estrena-temporada-podio-losail\/\" \/>\n<meta property=\"og:locale\" content=\"es_ES\" \/>\n<meta property=\"og:type\" content=\"article\" \/>\n<meta property=\"og:title\" content=\"Marc M\u00e1rquez estrena la temporada en el podio - Box Repsol\" \/>\n<meta property=\"og:description\" content=\"El vigente Campe\u00f3n del Mundo de MotoGP termina a 27 mil\u00e9simas de un triunfo que ha buscado hasta la \u00faltima curva en Losail.\" \/>\n<meta property=\"og:url\" content=\"https:\/\/www.boxrepsol.com\/es\/motogp\/marc-marquez-estrena-temporada-podio-losail\/\" \/>\n<meta property=\"og:site_name\" content=\"Box Repsol\" \/>\n<meta property=\"article:publisher\" content=\"https:\/\/www.facebook.com\/BoxRepsol\" \/>\n<meta property=\"article:author\" content=\"https:\/\/www.facebook.com\/BoxRepsol\/\" \/>\n<meta property=\"article:published_time\" content=\"2018-03-18T02:00:00+00:00\" \/>\n<meta property=\"article:modified_time\" content=\"2024-05-22T08:03:38+00:00\" \/>\n<meta property=\"og:image\" content=\"https:\/\/bxrepsol.s3.eu-west-1.amazonaws.com\/static\/2022\/08\/29080420\/Marc-Marquez-en-el-GP-de-Catar-2018.jpg\" \/>\n\t<meta property=\"og:image:width\" content=\"995\" \/>\n\t<meta property=\"og:image:height\" content=\"560\" \/>\n\t<meta property=\"og:image:type\" content=\"image\/jpeg\" \/>\n<meta name=\"author\" content=\"Redacci\u00f3n Box Repsol\" \/>\n<meta name=\"twitter:card\" content=\"summary_large_image\" \/>\n<meta name=\"twitter:creator\" content=\"@https:\/\/twitter.com\/box_repsol\" \/>\n<meta name=\"twitter:site\" content=\"@box_repsol\" \/>\n<meta name=\"twitter:label1\" content=\"Written by\" \/>\n\t<meta name=\"twitter:data1\" content=\"Redacci\u00f3n Box Repsol\" \/>\n\t<meta name=\"twitter:label2\" content=\"Est. reading time\" \/>\n\t<meta name=\"twitter:data2\" content=\"2 minutos\" \/>\n<script type=\"application\/ld+json\" class=\"yoast-schema-graph\">{\"@context\":\"https:\\\/\\\/schema.org\",\"@graph\":[{\"@type\":\"Article\",\"@id\":\"https:\\\/\\\/www.boxrepsol.com\\\/es\\\/motogp\\\/marc-marquez-estrena-temporada-podio-losail\\\/#article\",\"isPartOf\":{\"@id\":\"https:\\\/\\\/www.boxrepsol.com\\\/es\\\/motogp\\\/marc-marquez-estrena-temporada-podio-losail\\\/\"},\"author\":{\"name\":\"Redacci\u00f3n Box Repsol\",\"@id\":\"https:\\\/\\\/www.boxrepsol.com\\\/es\\\/#\\\/schema\\\/person\\\/c5c2138f2cca251b0ad92b7086bb60b7\"},\"headline\":\"Marc M\u00e1rquez estrena la temporada en el podio\",\"datePublished\":\"2018-03-18T02:00:00+00:00\",\"dateModified\":\"2024-05-22T08:03:38+00:00\",\"mainEntityOfPage\":{\"@id\":\"https:\\\/\\\/www.boxrepsol.com\\\/es\\\/motogp\\\/marc-marquez-estrena-temporada-podio-losail\\\/\"},\"wordCount\":477,\"commentCount\":0,\"publisher\":{\"@id\":\"https:\\\/\\\/www.boxrepsol.com\\\/es\\\/#organization\"},\"image\":{\"@id\":\"https:\\\/\\\/www.boxrepsol.com\\\/es\\\/motogp\\\/marc-marquez-estrena-temporada-podio-losail\\\/#primaryimage\"},\"thumbnailUrl\":\"https:\\\/\\\/bxrepsol.s3.eu-west-1.amazonaws.com\\\/static\\\/2022\\\/08\\\/29080420\\\/Marc-Marquez-en-el-GP-de-Catar-2018.jpg\",\"keywords\":[\"MotoGP Catar\"],\"articleSection\":[\"MotoGP\"],\"inLanguage\":\"es\",\"potentialAction\":[{\"@type\":\"CommentAction\",\"name\":\"Comment\",\"target\":[\"https:\\\/\\\/www.boxrepsol.com\\\/es\\\/motogp\\\/marc-marquez-estrena-temporada-podio-losail\\\/#respond\"]}]},{\"@type\":\"WebPage\",\"@id\":\"https:\\\/\\\/www.boxrepsol.com\\\/es\\\/motogp\\\/marc-marquez-estrena-temporada-podio-losail\\\/\",\"url\":\"https:\\\/\\\/www.boxrepsol.com\\\/es\\\/motogp\\\/marc-marquez-estrena-temporada-podio-losail\\\/\",\"name\":\"Marc M\u00e1rquez estrena la temporada en el podio - Box Repsol\",\"isPartOf\":{\"@id\":\"https:\\\/\\\/www.boxrepsol.com\\\/es\\\/#website\"},\"primaryImageOfPage\":{\"@id\":\"https:\\\/\\\/www.boxrepsol.com\\\/es\\\/motogp\\\/marc-marquez-estrena-temporada-podio-losail\\\/#primaryimage\"},\"image\":{\"@id\":\"https:\\\/\\\/www.boxrepsol.com\\\/es\\\/motogp\\\/marc-marquez-estrena-temporada-podio-losail\\\/#primaryimage\"},\"thumbnailUrl\":\"https:\\\/\\\/bxrepsol.s3.eu-west-1.amazonaws.com\\\/static\\\/2022\\\/08\\\/29080420\\\/Marc-Marquez-en-el-GP-de-Catar-2018.jpg\",\"datePublished\":\"2018-03-18T02:00:00+00:00\",\"dateModified\":\"2024-05-22T08:03:38+00:00\",\"description\":\"El vigente Campe\u00f3n del Mundo de MotoGP termina a 27 mil\u00e9simas de un triunfo que ha buscado hasta la \u00faltima curva en Losail.\",\"breadcrumb\":{\"@id\":\"https:\\\/\\\/www.boxrepsol.com\\\/es\\\/motogp\\\/marc-marquez-estrena-temporada-podio-losail\\\/#breadcrumb\"},\"inLanguage\":\"es\",\"potentialAction\":[{\"@type\":\"ReadAction\",\"target\":[\"https:\\\/\\\/www.boxrepsol.com\\\/es\\\/motogp\\\/marc-marquez-estrena-temporada-podio-losail\\\/\"]}]},{\"@type\":\"ImageObject\",\"inLanguage\":\"es\",\"@id\":\"https:\\\/\\\/www.boxrepsol.com\\\/es\\\/motogp\\\/marc-marquez-estrena-temporada-podio-losail\\\/#primaryimage\",\"url\":\"https:\\\/\\\/bxrepsol.s3.eu-west-1.amazonaws.com\\\/static\\\/2022\\\/08\\\/29080420\\\/Marc-Marquez-en-el-GP-de-Catar-2018.jpg\",\"contentUrl\":\"https:\\\/\\\/bxrepsol.s3.eu-west-1.amazonaws.com\\\/static\\\/2022\\\/08\\\/29080420\\\/Marc-Marquez-en-el-GP-de-Catar-2018.jpg\",\"width\":995,\"height\":560,\"caption\":\"Marc M\u00e1rquez, Dani Pedrosa, Motociclismo, MotoGP, HRC, Equipo Repsol Honda, Losail, Catar, GP de Catar, 2018\"},{\"@type\":\"BreadcrumbList\",\"@id\":\"https:\\\/\\\/www.boxrepsol.com\\\/es\\\/motogp\\\/marc-marquez-estrena-temporada-podio-losail\\\/#breadcrumb\",\"itemListElement\":[{\"@type\":\"ListItem\",\"position\":1,\"name\":\"Home\",\"item\":\"https:\\\/\\\/www.boxrepsol.com\\\/es\\\/\"},{\"@type\":\"ListItem\",\"position\":2,\"name\":\"Marc M\u00e1rquez estrena la temporada en el podio\"}]},{\"@type\":\"WebSite\",\"@id\":\"https:\\\/\\\/www.boxrepsol.com\\\/es\\\/#website\",\"url\":\"https:\\\/\\\/www.boxrepsol.com\\\/es\\\/\",\"name\":\"Box Repsol\",\"description\":\"Box Repsol Site\",\"publisher\":{\"@id\":\"https:\\\/\\\/www.boxrepsol.com\\\/es\\\/#organization\"},\"potentialAction\":[{\"@type\":\"SearchAction\",\"target\":{\"@type\":\"EntryPoint\",\"urlTemplate\":\"https:\\\/\\\/www.boxrepsol.com\\\/es\\\/?s={search_term_string}\"},\"query-input\":{\"@type\":\"PropertyValueSpecification\",\"valueRequired\":true,\"valueName\":\"search_term_string\"}}],\"inLanguage\":\"es\"},{\"@type\":\"Organization\",\"@id\":\"https:\\\/\\\/www.boxrepsol.com\\\/es\\\/#organization\",\"name\":\"Box Repsol\",\"url\":\"https:\\\/\\\/www.boxrepsol.com\\\/es\\\/\",\"logo\":{\"@type\":\"ImageObject\",\"inLanguage\":\"es\",\"@id\":\"https:\\\/\\\/www.boxrepsol.com\\\/es\\\/#\\\/schema\\\/logo\\\/image\\\/\",\"url\":\"https:\\\/\\\/bxrepsol.s3.eu-west-1.amazonaws.com\\\/static\\\/2025\\\/07\\\/30083337\\\/favicon-96x96-1.png\",\"contentUrl\":\"https:\\\/\\\/bxrepsol.s3.eu-west-1.amazonaws.com\\\/static\\\/2025\\\/07\\\/30083337\\\/favicon-96x96-1.png\",\"width\":96,\"height\":96,\"caption\":\"Box Repsol\"},\"image\":{\"@id\":\"https:\\\/\\\/www.boxrepsol.com\\\/es\\\/#\\\/schema\\\/logo\\\/image\\\/\"},\"sameAs\":[\"https:\\\/\\\/www.facebook.com\\\/BoxRepsol\",\"https:\\\/\\\/x.com\\\/box_repsol\",\"http:\\\/\\\/instagram.com\\\/box_repsol\",\"https:\\\/\\\/www.youtube.com\\\/user\\\/RepsolCompeticion\",\"https:\\\/\\\/www.flickr.com\\\/photos\\\/box_repsol\\\/\"]},{\"@type\":\"Person\",\"@id\":\"https:\\\/\\\/www.boxrepsol.com\\\/es\\\/#\\\/schema\\\/person\\\/c5c2138f2cca251b0ad92b7086bb60b7\",\"name\":\"Redacci\u00f3n Box Repsol\",\"image\":{\"@type\":\"ImageObject\",\"inLanguage\":\"es\",\"@id\":\"https:\\\/\\\/secure.gravatar.com\\\/avatar\\\/adf7b77e38b4419baf32c7e9c21dde01f4e40df611f0978e3006fc4ba0aaab7e?s=96&d=mm&r=g\",\"url\":\"https:\\\/\\\/secure.gravatar.com\\\/avatar\\\/adf7b77e38b4419baf32c7e9c21dde01f4e40df611f0978e3006fc4ba0aaab7e?s=96&d=mm&r=g\",\"contentUrl\":\"https:\\\/\\\/secure.gravatar.com\\\/avatar\\\/adf7b77e38b4419baf32c7e9c21dde01f4e40df611f0978e3006fc4ba0aaab7e?s=96&d=mm&r=g\",\"caption\":\"Redacci\u00f3n Box Repsol\"},\"description\":\"Box Repsol lo forma un equipo de periodistas, community managers, dise\u00f1adores y fot\u00f3grafos con m\u00e1s de 20 a\u00f1os de experiencia en el mundo del motorsport. Hemos vivido el primer mundial de un espa\u00f1ol en la categor\u00eda reina de motociclismo con \u00c1lex Crivill\u00e9, estuvimos en las victorias de Pedrosa y los t\u00edtulos de M\u00e1rquez, acompa\u00f1amos en \u00c1frica a Nani Roma y Marc Coma en sus conquistas del Dakar y hemos vibrado con los t\u00edtulos de Toni Bou en Trial. Adem\u00e1s, en nuestro equipo contamos con expertos en el mundo de las dos y cuatro ruedas tanto de la calle y las carreteras, como de los circuitos. Periodistas que han trabajado en revistas y publicaciones para hacerte llegar desde rutas y consejos de mantenimiento, a curiosidades y trucos de pilotaje.\",\"sameAs\":[\"https:\\\/\\\/www.facebook.com\\\/BoxRepsol\\\/\",\"https:\\\/\\\/www.instagram.com\\\/box_repsol\\\/\",\"https:\\\/\\\/x.com\\\/https:\\\/\\\/twitter.com\\\/box_repsol\",\"https:\\\/\\\/www.youtube.com\\\/@Boxrepsol\"],\"url\":\"https:\\\/\\\/www.boxrepsol.com\\\/es\\\/author\\\/redaccion-box-repsol\\\/\"}]}<\/script>\n<!-- \/ Yoast SEO plugin. -->","yoast_head_json":{"title":"Marc M\u00e1rquez estrena la temporada en el podio - Box Repsol","description":"El vigente Campe\u00f3n del Mundo de MotoGP termina a 27 mil\u00e9simas de un triunfo que ha buscado hasta la \u00faltima curva en Losail.","canonical":"https:\/\/www.boxrepsol.com\/es\/motogp\/marc-marquez-estrena-temporada-podio-losail\/","og_locale":"es_ES","og_type":"article","og_title":"Marc M\u00e1rquez estrena la temporada en el podio - Box Repsol","og_description":"El vigente Campe\u00f3n del Mundo de MotoGP termina a 27 mil\u00e9simas de un triunfo que ha buscado hasta la \u00faltima curva en Losail.","og_url":"https:\/\/www.boxrepsol.com\/es\/motogp\/marc-marquez-estrena-temporada-podio-losail\/","og_site_name":"Box Repsol","article_publisher":"https:\/\/www.facebook.com\/BoxRepsol","article_author":"https:\/\/www.facebook.com\/BoxRepsol\/","article_published_time":"2018-03-18T02:00:00+00:00","article_modified_time":"2024-05-22T08:03:38+00:00","og_image":[{"width":995,"height":560,"url":"https:\/\/bxrepsol.s3.eu-west-1.amazonaws.com\/static\/2022\/08\/29080420\/Marc-Marquez-en-el-GP-de-Catar-2018.jpg","type":"image\/jpeg"}],"author":"Redacci\u00f3n Box Repsol","twitter_card":"summary_large_image","twitter_creator":"@https:\/\/twitter.com\/box_repsol","twitter_site":"@box_repsol","twitter_misc":{"Written by":"Redacci\u00f3n Box Repsol","Est. reading time":"2 minutos"},"schema":{"@context":"https:\/\/schema.org","@graph":[{"@type":"Article","@id":"https:\/\/www.boxrepsol.com\/es\/motogp\/marc-marquez-estrena-temporada-podio-losail\/#article","isPartOf":{"@id":"https:\/\/www.boxrepsol.com\/es\/motogp\/marc-marquez-estrena-temporada-podio-losail\/"},"author":{"name":"Redacci\u00f3n Box Repsol","@id":"https:\/\/www.boxrepsol.com\/es\/#\/schema\/person\/c5c2138f2cca251b0ad92b7086bb60b7"},"headline":"Marc M\u00e1rquez estrena la temporada en el podio","datePublished":"2018-03-18T02:00:00+00:00","dateModified":"2024-05-22T08:03:38+00:00","mainEntityOfPage":{"@id":"https:\/\/www.boxrepsol.com\/es\/motogp\/marc-marquez-estrena-temporada-podio-losail\/"},"wordCount":477,"commentCount":0,"publisher":{"@id":"https:\/\/www.boxrepsol.com\/es\/#organization"},"image":{"@id":"https:\/\/www.boxrepsol.com\/es\/motogp\/marc-marquez-estrena-temporada-podio-losail\/#primaryimage"},"thumbnailUrl":"https:\/\/bxrepsol.s3.eu-west-1.amazonaws.com\/static\/2022\/08\/29080420\/Marc-Marquez-en-el-GP-de-Catar-2018.jpg","keywords":["MotoGP Catar"],"articleSection":["MotoGP"],"inLanguage":"es","potentialAction":[{"@type":"CommentAction","name":"Comment","target":["https:\/\/www.boxrepsol.com\/es\/motogp\/marc-marquez-estrena-temporada-podio-losail\/#respond"]}]},{"@type":"WebPage","@id":"https:\/\/www.boxrepsol.com\/es\/motogp\/marc-marquez-estrena-temporada-podio-losail\/","url":"https:\/\/www.boxrepsol.com\/es\/motogp\/marc-marquez-estrena-temporada-podio-losail\/","name":"Marc M\u00e1rquez estrena la temporada en el podio - Box Repsol","isPartOf":{"@id":"https:\/\/www.boxrepsol.com\/es\/#website"},"primaryImageOfPage":{"@id":"https:\/\/www.boxrepsol.com\/es\/motogp\/marc-marquez-estrena-temporada-podio-losail\/#primaryimage"},"image":{"@id":"https:\/\/www.boxrepsol.com\/es\/motogp\/marc-marquez-estrena-temporada-podio-losail\/#primaryimage"},"thumbnailUrl":"https:\/\/bxrepsol.s3.eu-west-1.amazonaws.com\/static\/2022\/08\/29080420\/Marc-Marquez-en-el-GP-de-Catar-2018.jpg","datePublished":"2018-03-18T02:00:00+00:00","dateModified":"2024-05-22T08:03:38+00:00","description":"El vigente Campe\u00f3n del Mundo de MotoGP termina a 27 mil\u00e9simas de un triunfo que ha buscado hasta la \u00faltima curva en Losail.","breadcrumb":{"@id":"https:\/\/www.boxrepsol.com\/es\/motogp\/marc-marquez-estrena-temporada-podio-losail\/#breadcrumb"},"inLanguage":"es","potentialAction":[{"@type":"ReadAction","target":["https:\/\/www.boxrepsol.com\/es\/motogp\/marc-marquez-estrena-temporada-podio-losail\/"]}]},{"@type":"ImageObject","inLanguage":"es","@id":"https:\/\/www.boxrepsol.com\/es\/motogp\/marc-marquez-estrena-temporada-podio-losail\/#primaryimage","url":"https:\/\/bxrepsol.s3.eu-west-1.amazonaws.com\/static\/2022\/08\/29080420\/Marc-Marquez-en-el-GP-de-Catar-2018.jpg","contentUrl":"https:\/\/bxrepsol.s3.eu-west-1.amazonaws.com\/static\/2022\/08\/29080420\/Marc-Marquez-en-el-GP-de-Catar-2018.jpg","width":995,"height":560,"caption":"Marc M\u00e1rquez, Dani Pedrosa, Motociclismo, MotoGP, HRC, Equipo Repsol Honda, Losail, Catar, GP de Catar, 2018"},{"@type":"BreadcrumbList","@id":"https:\/\/www.boxrepsol.com\/es\/motogp\/marc-marquez-estrena-temporada-podio-losail\/#breadcrumb","itemListElement":[{"@type":"ListItem","position":1,"name":"Home","item":"https:\/\/www.boxrepsol.com\/es\/"},{"@type":"ListItem","position":2,"name":"Marc M\u00e1rquez estrena la temporada en el podio"}]},{"@type":"WebSite","@id":"https:\/\/www.boxrepsol.com\/es\/#website","url":"https:\/\/www.boxrepsol.com\/es\/","name":"Box Repsol","description":"Box Repsol Site","publisher":{"@id":"https:\/\/www.boxrepsol.com\/es\/#organization"},"potentialAction":[{"@type":"SearchAction","target":{"@type":"EntryPoint","urlTemplate":"https:\/\/www.boxrepsol.com\/es\/?s={search_term_string}"},"query-input":{"@type":"PropertyValueSpecification","valueRequired":true,"valueName":"search_term_string"}}],"inLanguage":"es"},{"@type":"Organization","@id":"https:\/\/www.boxrepsol.com\/es\/#organization","name":"Box Repsol","url":"https:\/\/www.boxrepsol.com\/es\/","logo":{"@type":"ImageObject","inLanguage":"es","@id":"https:\/\/www.boxrepsol.com\/es\/#\/schema\/logo\/image\/","url":"https:\/\/bxrepsol.s3.eu-west-1.amazonaws.com\/static\/2025\/07\/30083337\/favicon-96x96-1.png","contentUrl":"https:\/\/bxrepsol.s3.eu-west-1.amazonaws.com\/static\/2025\/07\/30083337\/favicon-96x96-1.png","width":96,"height":96,"caption":"Box Repsol"},"image":{"@id":"https:\/\/www.boxrepsol.com\/es\/#\/schema\/logo\/image\/"},"sameAs":["https:\/\/www.facebook.com\/BoxRepsol","https:\/\/x.com\/box_repsol","http:\/\/instagram.com\/box_repsol","https:\/\/www.youtube.com\/user\/RepsolCompeticion","https:\/\/www.flickr.com\/photos\/box_repsol\/"]},{"@type":"Person","@id":"https:\/\/www.boxrepsol.com\/es\/#\/schema\/person\/c5c2138f2cca251b0ad92b7086bb60b7","name":"Redacci\u00f3n Box Repsol","image":{"@type":"ImageObject","inLanguage":"es","@id":"https:\/\/secure.gravatar.com\/avatar\/adf7b77e38b4419baf32c7e9c21dde01f4e40df611f0978e3006fc4ba0aaab7e?s=96&d=mm&r=g","url":"https:\/\/secure.gravatar.com\/avatar\/adf7b77e38b4419baf32c7e9c21dde01f4e40df611f0978e3006fc4ba0aaab7e?s=96&d=mm&r=g","contentUrl":"https:\/\/secure.gravatar.com\/avatar\/adf7b77e38b4419baf32c7e9c21dde01f4e40df611f0978e3006fc4ba0aaab7e?s=96&d=mm&r=g","caption":"Redacci\u00f3n Box Repsol"},"description":"Box Repsol lo forma un equipo de periodistas, community managers, dise\u00f1adores y fot\u00f3grafos con m\u00e1s de 20 a\u00f1os de experiencia en el mundo del motorsport. Hemos vivido el primer mundial de un espa\u00f1ol en la categor\u00eda reina de motociclismo con \u00c1lex Crivill\u00e9, estuvimos en las victorias de Pedrosa y los t\u00edtulos de M\u00e1rquez, acompa\u00f1amos en \u00c1frica a Nani Roma y Marc Coma en sus conquistas del Dakar y hemos vibrado con los t\u00edtulos de Toni Bou en Trial. Adem\u00e1s, en nuestro equipo contamos con expertos en el mundo de las dos y cuatro ruedas tanto de la calle y las carreteras, como de los circuitos. Periodistas que han trabajado en revistas y publicaciones para hacerte llegar desde rutas y consejos de mantenimiento, a curiosidades y trucos de pilotaje.","sameAs":["https:\/\/www.facebook.com\/BoxRepsol\/","https:\/\/www.instagram.com\/box_repsol\/","https:\/\/x.com\/https:\/\/twitter.com\/box_repsol","https:\/\/www.youtube.com\/@Boxrepsol"],"url":"https:\/\/www.boxrepsol.com\/es\/author\/redaccion-box-repsol\/"}]}},"_links":{"self":[{"href":"https:\/\/www.boxrepsol.com\/es\/wp-json\/wp\/v2\/posts\/92946","targetHints":{"allow":["GET"]}}],"collection":[{"href":"https:\/\/www.boxrepsol.com\/es\/wp-json\/wp\/v2\/posts"}],"about":[{"href":"https:\/\/www.boxrepsol.com\/es\/wp-json\/wp\/v2\/types\/post"}],"author":[{"embeddable":true,"href":"https:\/\/www.boxrepsol.com\/es\/wp-json\/wp\/v2\/users\/43146"}],"replies":[{"embeddable":true,"href":"https:\/\/www.boxrepsol.com\/es\/wp-json\/wp\/v2\/comments?post=92946"}],"version-history":[{"count":1,"href":"https:\/\/www.boxrepsol.com\/es\/wp-json\/wp\/v2\/posts\/92946\/revisions"}],"predecessor-version":[{"id":92947,"href":"https:\/\/www.boxrepsol.com\/es\/wp-json\/wp\/v2\/posts\/92946\/revisions\/92947"}],"wp:featuredmedia":[{"embeddable":true,"href":"https:\/\/www.boxrepsol.com\/es\/wp-json\/wp\/v2\/media\/57404"}],"wp:attachment":[{"href":"https:\/\/www.boxrepsol.com\/es\/wp-json\/wp\/v2\/media?parent=92946"}],"wp:term":[{"taxonomy":"category","embeddable":true,"href":"https:\/\/www.boxrepsol.com\/es\/wp-json\/wp\/v2\/categories?post=92946"},{"taxonomy":"post_tag","embeddable":true,"href":"https:\/\/www.boxrepsol.com\/es\/wp-json\/wp\/v2\/tags?post=92946"}],"curies":[{"name":"wp","href":"https:\/\/api.w.org\/{rel}","templated":true}]}}