{"id":92945,"date":"2018-03-18T00:00:00","date_gmt":"2018-03-18T02:00:00","guid":{"rendered":"http:\/\/pre.boxrepsol.com\/sin-categorizar\/primera-carrera-del-ano-primer-podio-aron-canet\/"},"modified":"2024-05-22T06:03:31","modified_gmt":"2024-05-22T08:03:31","slug":"primera-carrera-del-ano-primer-podio-aron-canet","status":"publish","type":"post","link":"https:\/\/www.boxrepsol.com\/es\/motogp\/primera-carrera-del-ano-primer-podio-aron-canet\/","title":{"rendered":"Primera carrera del a\u00f1o y primer podio para Ar\u00f3n Canet"},"content":{"rendered":"<blockquote>\n<p>Sumamos 20 puntos para el campeonato y eso es lo importante<\/p>\n<p>            <a href=\"http:\/\/twitter.com\/share?text=Sumamos+20+puntos+para+el+campeonato+y+eso+es+lo+importante&#038;url=https%3A%2F%2Fwww.boxrepsol.com%2Fes%2F%3Fp%3D18565%2F&#038;hashtags=\" target=\"_blank\" data-datalayer='{\"event\": \"socialInteraction\", \"socialNetwork\": \"Twitter\", \"socialAction\": \"Compartir\", \"socialTarget\": \"Frase\"}' rel=\"noopener\"><br \/>\n            twittear        <\/a><\/p>\n<footer>Ar\u00f3n Canet<\/footer>\n<\/blockquote>\n<p>Tan s\u00f3lo 23 mil\u00e9simas han separado a <strong>Ar\u00f3n Canet<\/strong> de su primera victoria del a\u00f1o, disputada a su compatriota <a href=\"https:\/\/twitter.com\/box_repsol\/status\/975367327477911552\">Jorge Mart\u00edn en la misma l\u00ednea de meta, tras rodar juntos y en solitario durante pr\u00e1cticamente toda la carrera<\/a>.<\/p>\n<p>La vuelta r\u00e1pida de la carrera, de 2 minutos, 6 segundos y 373 mil\u00e9simas, se la ha llevado Canet en el cuarto giro, mientras remontaba posiciones para atrapar el grupo delantero.<\/p>\n<p>Positivo debut de <strong>Alonso L\u00f3pez<\/strong>, hasta su ca\u00edda en la vuelta 12. Saliendo desde la vigesimoprimera posici\u00f3n de la parrilla, el piloto Repsol ha completado su primer paso por meta en la decimocuarta tras superar a siete rivales.<\/p>\n<h3>\n\t\tAr\u00f3n Canet<br \/>\n\t<\/h3>\n<blockquote>\n<p>La carrera sido bastante complicada, porque no he salido bien y eso me ha obligado a tener que remontar hasta atrapar al grupo delantero con Mart\u00edn y Bastianini. Hemos rodado muy bien los tres juntos, hasta que Bastianini se ha ca\u00eddo delante de m\u00ed, y eso me ha hecho perder algo de tiempo respecto a Mart\u00edn. He podido recuperar la distancia y he decidido quedarme detr\u00e1s de \u00e9l, porque ten\u00eda un buen ritmo, esperando a adelantarle en la recta de meta, que esa era la mejor estrategia. Al intentarlo, hab\u00eda viento en contra y no ha sido posible, pero sumamos 20 puntos para el campeonato y eso es lo importante.<\/p>\n<\/blockquote>\n<h3>\n\t\tAlonso L\u00f3pez<br \/>\n\t<\/h3>\n<blockquote>\n<p>Ha sido muy emocionante estar en la parrilla de salida y me ha sorprendido porque no me he puesto nada nervioso. Durante el fin de semana me hab\u00eda costado un poco coger el ritmo, pero en el warm up hemos encontrado una mejora en la puesta a punto que nos ha ayudado con nuestro ritmo. He conseguido concentrarme en hacer una muy buena salida y me he situado bien entre la primera y la segunda curva, recuperando muchas posiciones. Estaba forzando un poco en las frenadas y, al tratar de adelantar a otro piloto, \u00e9ste se ha cerrado al pasar a otro rival. Me ha tocado un poco la rueda delantera y me he ca\u00eddo. De todos modos, estoy contento por el fin de semana, porque hemos ganado experiencia y hemos podido aprender un circuito nuevo. En el FIM CEV Repsol tuve rivales muy duros, como Foggia y Masia, y en el grupo en el que he rodado, el nivel ha sido similar, aunque creo que estar con los primeros costar\u00e1 un poco m\u00e1s.<\/p>\n<\/blockquote>\n","protected":false},"excerpt":{"rendered":"<p>El piloto Repsol logra la segunda posici\u00f3n despu\u00e9s de optar a la victoria hasta la l\u00ednea de meta. Ca\u00edda de Alonso L\u00f3pez cuando rodaba en el grupo que se disputaba la und\u00e9cima plaza.<\/p>\n","protected":false},"author":43146,"featured_media":57400,"comment_status":"open","ping_status":"open","sticky":false,"template":"","format":"standard","meta":{"footnotes":""},"categories":[4],"tags":[14],"class_list":["post-92945","post","type-post","status-publish","format-standard","hentry","category-motogp","tag-moto3"],"yoast_head":"<!-- This site is optimized with the Yoast SEO plugin v27.3 - https:\/\/yoast.com\/product\/yoast-seo-wordpress\/ -->\n<title>Primera carrera del a\u00f1o y primer podio para Ar\u00f3n Canet - Box Repsol<\/title>\n<meta name=\"description\" content=\"El piloto Repsol logra la segunda posici\u00f3n en Catar despu\u00e9s de optar a la victoria hasta la l\u00ednea de meta.\" \/>\n<link rel=\"canonical\" href=\"https:\/\/www.boxrepsol.com\/es\/motogp\/primera-carrera-del-ano-primer-podio-aron-canet\/\" \/>\n<meta property=\"og:locale\" content=\"es_ES\" \/>\n<meta property=\"og:type\" content=\"article\" \/>\n<meta property=\"og:title\" content=\"Primera carrera del a\u00f1o y primer podio para Ar\u00f3n Canet - Box Repsol\" \/>\n<meta property=\"og:description\" content=\"El piloto Repsol logra la segunda posici\u00f3n en Catar despu\u00e9s de optar a la victoria hasta la l\u00ednea de meta.\" \/>\n<meta property=\"og:url\" content=\"https:\/\/www.boxrepsol.com\/es\/motogp\/primera-carrera-del-ano-primer-podio-aron-canet\/\" \/>\n<meta property=\"og:site_name\" content=\"Box Repsol\" \/>\n<meta property=\"article:publisher\" content=\"https:\/\/www.facebook.com\/BoxRepsol\" \/>\n<meta property=\"article:author\" content=\"https:\/\/www.facebook.com\/BoxRepsol\/\" \/>\n<meta property=\"article:published_time\" content=\"2018-03-18T02:00:00+00:00\" \/>\n<meta property=\"article:modified_time\" content=\"2024-05-22T08:03:31+00:00\" \/>\n<meta property=\"og:image\" content=\"https:\/\/bxrepsol.s3.eu-west-1.amazonaws.com\/static\/2022\/08\/29080418\/Aron-Canet-en-Catar-2018.jpg\" \/>\n\t<meta property=\"og:image:width\" content=\"995\" \/>\n\t<meta property=\"og:image:height\" content=\"560\" \/>\n\t<meta property=\"og:image:type\" content=\"image\/jpeg\" \/>\n<meta name=\"author\" content=\"Redacci\u00f3n Box Repsol\" \/>\n<meta name=\"twitter:card\" content=\"summary_large_image\" \/>\n<meta name=\"twitter:creator\" content=\"@https:\/\/twitter.com\/box_repsol\" \/>\n<meta name=\"twitter:site\" content=\"@box_repsol\" \/>\n<meta name=\"twitter:label1\" content=\"Written by\" \/>\n\t<meta name=\"twitter:data1\" content=\"Redacci\u00f3n Box Repsol\" \/>\n\t<meta name=\"twitter:label2\" content=\"Est. reading time\" \/>\n\t<meta name=\"twitter:data2\" content=\"2 minutos\" \/>\n<script type=\"application\/ld+json\" class=\"yoast-schema-graph\">{\"@context\":\"https:\\\/\\\/schema.org\",\"@graph\":[{\"@type\":\"Article\",\"@id\":\"https:\\\/\\\/www.boxrepsol.com\\\/es\\\/motogp\\\/primera-carrera-del-ano-primer-podio-aron-canet\\\/#article\",\"isPartOf\":{\"@id\":\"https:\\\/\\\/www.boxrepsol.com\\\/es\\\/motogp\\\/primera-carrera-del-ano-primer-podio-aron-canet\\\/\"},\"author\":{\"name\":\"Redacci\u00f3n Box Repsol\",\"@id\":\"https:\\\/\\\/www.boxrepsol.com\\\/es\\\/#\\\/schema\\\/person\\\/c5c2138f2cca251b0ad92b7086bb60b7\"},\"headline\":\"Primera carrera del a\u00f1o y primer podio para Ar\u00f3n Canet\",\"datePublished\":\"2018-03-18T02:00:00+00:00\",\"dateModified\":\"2024-05-22T08:03:31+00:00\",\"mainEntityOfPage\":{\"@id\":\"https:\\\/\\\/www.boxrepsol.com\\\/es\\\/motogp\\\/primera-carrera-del-ano-primer-podio-aron-canet\\\/\"},\"wordCount\":438,\"commentCount\":0,\"publisher\":{\"@id\":\"https:\\\/\\\/www.boxrepsol.com\\\/es\\\/#organization\"},\"image\":{\"@id\":\"https:\\\/\\\/www.boxrepsol.com\\\/es\\\/motogp\\\/primera-carrera-del-ano-primer-podio-aron-canet\\\/#primaryimage\"},\"thumbnailUrl\":\"https:\\\/\\\/bxrepsol.s3.eu-west-1.amazonaws.com\\\/static\\\/2022\\\/08\\\/29080418\\\/Aron-Canet-en-Catar-2018.jpg\",\"keywords\":[\"Moto3\"],\"articleSection\":[\"MotoGP\"],\"inLanguage\":\"es\",\"potentialAction\":[{\"@type\":\"CommentAction\",\"name\":\"Comment\",\"target\":[\"https:\\\/\\\/www.boxrepsol.com\\\/es\\\/motogp\\\/primera-carrera-del-ano-primer-podio-aron-canet\\\/#respond\"]}]},{\"@type\":\"WebPage\",\"@id\":\"https:\\\/\\\/www.boxrepsol.com\\\/es\\\/motogp\\\/primera-carrera-del-ano-primer-podio-aron-canet\\\/\",\"url\":\"https:\\\/\\\/www.boxrepsol.com\\\/es\\\/motogp\\\/primera-carrera-del-ano-primer-podio-aron-canet\\\/\",\"name\":\"Primera carrera del a\u00f1o y primer podio para Ar\u00f3n Canet - Box Repsol\",\"isPartOf\":{\"@id\":\"https:\\\/\\\/www.boxrepsol.com\\\/es\\\/#website\"},\"primaryImageOfPage\":{\"@id\":\"https:\\\/\\\/www.boxrepsol.com\\\/es\\\/motogp\\\/primera-carrera-del-ano-primer-podio-aron-canet\\\/#primaryimage\"},\"image\":{\"@id\":\"https:\\\/\\\/www.boxrepsol.com\\\/es\\\/motogp\\\/primera-carrera-del-ano-primer-podio-aron-canet\\\/#primaryimage\"},\"thumbnailUrl\":\"https:\\\/\\\/bxrepsol.s3.eu-west-1.amazonaws.com\\\/static\\\/2022\\\/08\\\/29080418\\\/Aron-Canet-en-Catar-2018.jpg\",\"datePublished\":\"2018-03-18T02:00:00+00:00\",\"dateModified\":\"2024-05-22T08:03:31+00:00\",\"description\":\"El piloto Repsol logra la segunda posici\u00f3n en Catar despu\u00e9s de optar a la victoria hasta la l\u00ednea de meta.\",\"breadcrumb\":{\"@id\":\"https:\\\/\\\/www.boxrepsol.com\\\/es\\\/motogp\\\/primera-carrera-del-ano-primer-podio-aron-canet\\\/#breadcrumb\"},\"inLanguage\":\"es\",\"potentialAction\":[{\"@type\":\"ReadAction\",\"target\":[\"https:\\\/\\\/www.boxrepsol.com\\\/es\\\/motogp\\\/primera-carrera-del-ano-primer-podio-aron-canet\\\/\"]}]},{\"@type\":\"ImageObject\",\"inLanguage\":\"es\",\"@id\":\"https:\\\/\\\/www.boxrepsol.com\\\/es\\\/motogp\\\/primera-carrera-del-ano-primer-podio-aron-canet\\\/#primaryimage\",\"url\":\"https:\\\/\\\/bxrepsol.s3.eu-west-1.amazonaws.com\\\/static\\\/2022\\\/08\\\/29080418\\\/Aron-Canet-en-Catar-2018.jpg\",\"contentUrl\":\"https:\\\/\\\/bxrepsol.s3.eu-west-1.amazonaws.com\\\/static\\\/2022\\\/08\\\/29080418\\\/Aron-Canet-en-Catar-2018.jpg\",\"width\":995,\"height\":560,\"caption\":\"Ar\u00f3n Canet, Alonso L\u00f3pez, Moto3, Catar, GP de Catar, Losail, 2018, Motociclismo\"},{\"@type\":\"BreadcrumbList\",\"@id\":\"https:\\\/\\\/www.boxrepsol.com\\\/es\\\/motogp\\\/primera-carrera-del-ano-primer-podio-aron-canet\\\/#breadcrumb\",\"itemListElement\":[{\"@type\":\"ListItem\",\"position\":1,\"name\":\"Home\",\"item\":\"https:\\\/\\\/www.boxrepsol.com\\\/es\\\/\"},{\"@type\":\"ListItem\",\"position\":2,\"name\":\"Primera carrera del a\u00f1o y primer podio para Ar\u00f3n Canet\"}]},{\"@type\":\"WebSite\",\"@id\":\"https:\\\/\\\/www.boxrepsol.com\\\/es\\\/#website\",\"url\":\"https:\\\/\\\/www.boxrepsol.com\\\/es\\\/\",\"name\":\"Box Repsol\",\"description\":\"Box Repsol Site\",\"publisher\":{\"@id\":\"https:\\\/\\\/www.boxrepsol.com\\\/es\\\/#organization\"},\"potentialAction\":[{\"@type\":\"SearchAction\",\"target\":{\"@type\":\"EntryPoint\",\"urlTemplate\":\"https:\\\/\\\/www.boxrepsol.com\\\/es\\\/?s={search_term_string}\"},\"query-input\":{\"@type\":\"PropertyValueSpecification\",\"valueRequired\":true,\"valueName\":\"search_term_string\"}}],\"inLanguage\":\"es\"},{\"@type\":\"Organization\",\"@id\":\"https:\\\/\\\/www.boxrepsol.com\\\/es\\\/#organization\",\"name\":\"Box Repsol\",\"url\":\"https:\\\/\\\/www.boxrepsol.com\\\/es\\\/\",\"logo\":{\"@type\":\"ImageObject\",\"inLanguage\":\"es\",\"@id\":\"https:\\\/\\\/www.boxrepsol.com\\\/es\\\/#\\\/schema\\\/logo\\\/image\\\/\",\"url\":\"https:\\\/\\\/bxrepsol.s3.eu-west-1.amazonaws.com\\\/static\\\/2025\\\/07\\\/30083337\\\/favicon-96x96-1.png\",\"contentUrl\":\"https:\\\/\\\/bxrepsol.s3.eu-west-1.amazonaws.com\\\/static\\\/2025\\\/07\\\/30083337\\\/favicon-96x96-1.png\",\"width\":96,\"height\":96,\"caption\":\"Box Repsol\"},\"image\":{\"@id\":\"https:\\\/\\\/www.boxrepsol.com\\\/es\\\/#\\\/schema\\\/logo\\\/image\\\/\"},\"sameAs\":[\"https:\\\/\\\/www.facebook.com\\\/BoxRepsol\",\"https:\\\/\\\/x.com\\\/box_repsol\",\"http:\\\/\\\/instagram.com\\\/box_repsol\",\"https:\\\/\\\/www.youtube.com\\\/user\\\/RepsolCompeticion\",\"https:\\\/\\\/www.flickr.com\\\/photos\\\/box_repsol\\\/\"]},{\"@type\":\"Person\",\"@id\":\"https:\\\/\\\/www.boxrepsol.com\\\/es\\\/#\\\/schema\\\/person\\\/c5c2138f2cca251b0ad92b7086bb60b7\",\"name\":\"Redacci\u00f3n Box Repsol\",\"image\":{\"@type\":\"ImageObject\",\"inLanguage\":\"es\",\"@id\":\"https:\\\/\\\/secure.gravatar.com\\\/avatar\\\/adf7b77e38b4419baf32c7e9c21dde01f4e40df611f0978e3006fc4ba0aaab7e?s=96&d=mm&r=g\",\"url\":\"https:\\\/\\\/secure.gravatar.com\\\/avatar\\\/adf7b77e38b4419baf32c7e9c21dde01f4e40df611f0978e3006fc4ba0aaab7e?s=96&d=mm&r=g\",\"contentUrl\":\"https:\\\/\\\/secure.gravatar.com\\\/avatar\\\/adf7b77e38b4419baf32c7e9c21dde01f4e40df611f0978e3006fc4ba0aaab7e?s=96&d=mm&r=g\",\"caption\":\"Redacci\u00f3n Box Repsol\"},\"description\":\"Box Repsol lo forma un equipo de periodistas, community managers, dise\u00f1adores y fot\u00f3grafos con m\u00e1s de 20 a\u00f1os de experiencia en el mundo del motorsport. Hemos vivido el primer mundial de un espa\u00f1ol en la categor\u00eda reina de motociclismo con \u00c1lex Crivill\u00e9, estuvimos en las victorias de Pedrosa y los t\u00edtulos de M\u00e1rquez, acompa\u00f1amos en \u00c1frica a Nani Roma y Marc Coma en sus conquistas del Dakar y hemos vibrado con los t\u00edtulos de Toni Bou en Trial. Adem\u00e1s, en nuestro equipo contamos con expertos en el mundo de las dos y cuatro ruedas tanto de la calle y las carreteras, como de los circuitos. Periodistas que han trabajado en revistas y publicaciones para hacerte llegar desde rutas y consejos de mantenimiento, a curiosidades y trucos de pilotaje.\",\"sameAs\":[\"https:\\\/\\\/www.facebook.com\\\/BoxRepsol\\\/\",\"https:\\\/\\\/www.instagram.com\\\/box_repsol\\\/\",\"https:\\\/\\\/x.com\\\/https:\\\/\\\/twitter.com\\\/box_repsol\",\"https:\\\/\\\/www.youtube.com\\\/@Boxrepsol\"],\"url\":\"https:\\\/\\\/www.boxrepsol.com\\\/es\\\/author\\\/redaccion-box-repsol\\\/\"}]}<\/script>\n<!-- \/ Yoast SEO plugin. -->","yoast_head_json":{"title":"Primera carrera del a\u00f1o y primer podio para Ar\u00f3n Canet - Box Repsol","description":"El piloto Repsol logra la segunda posici\u00f3n en Catar despu\u00e9s de optar a la victoria hasta la l\u00ednea de meta.","canonical":"https:\/\/www.boxrepsol.com\/es\/motogp\/primera-carrera-del-ano-primer-podio-aron-canet\/","og_locale":"es_ES","og_type":"article","og_title":"Primera carrera del a\u00f1o y primer podio para Ar\u00f3n Canet - Box Repsol","og_description":"El piloto Repsol logra la segunda posici\u00f3n en Catar despu\u00e9s de optar a la victoria hasta la l\u00ednea de meta.","og_url":"https:\/\/www.boxrepsol.com\/es\/motogp\/primera-carrera-del-ano-primer-podio-aron-canet\/","og_site_name":"Box Repsol","article_publisher":"https:\/\/www.facebook.com\/BoxRepsol","article_author":"https:\/\/www.facebook.com\/BoxRepsol\/","article_published_time":"2018-03-18T02:00:00+00:00","article_modified_time":"2024-05-22T08:03:31+00:00","og_image":[{"width":995,"height":560,"url":"https:\/\/bxrepsol.s3.eu-west-1.amazonaws.com\/static\/2022\/08\/29080418\/Aron-Canet-en-Catar-2018.jpg","type":"image\/jpeg"}],"author":"Redacci\u00f3n Box Repsol","twitter_card":"summary_large_image","twitter_creator":"@https:\/\/twitter.com\/box_repsol","twitter_site":"@box_repsol","twitter_misc":{"Written by":"Redacci\u00f3n Box Repsol","Est. reading time":"2 minutos"},"schema":{"@context":"https:\/\/schema.org","@graph":[{"@type":"Article","@id":"https:\/\/www.boxrepsol.com\/es\/motogp\/primera-carrera-del-ano-primer-podio-aron-canet\/#article","isPartOf":{"@id":"https:\/\/www.boxrepsol.com\/es\/motogp\/primera-carrera-del-ano-primer-podio-aron-canet\/"},"author":{"name":"Redacci\u00f3n Box Repsol","@id":"https:\/\/www.boxrepsol.com\/es\/#\/schema\/person\/c5c2138f2cca251b0ad92b7086bb60b7"},"headline":"Primera carrera del a\u00f1o y primer podio para Ar\u00f3n Canet","datePublished":"2018-03-18T02:00:00+00:00","dateModified":"2024-05-22T08:03:31+00:00","mainEntityOfPage":{"@id":"https:\/\/www.boxrepsol.com\/es\/motogp\/primera-carrera-del-ano-primer-podio-aron-canet\/"},"wordCount":438,"commentCount":0,"publisher":{"@id":"https:\/\/www.boxrepsol.com\/es\/#organization"},"image":{"@id":"https:\/\/www.boxrepsol.com\/es\/motogp\/primera-carrera-del-ano-primer-podio-aron-canet\/#primaryimage"},"thumbnailUrl":"https:\/\/bxrepsol.s3.eu-west-1.amazonaws.com\/static\/2022\/08\/29080418\/Aron-Canet-en-Catar-2018.jpg","keywords":["Moto3"],"articleSection":["MotoGP"],"inLanguage":"es","potentialAction":[{"@type":"CommentAction","name":"Comment","target":["https:\/\/www.boxrepsol.com\/es\/motogp\/primera-carrera-del-ano-primer-podio-aron-canet\/#respond"]}]},{"@type":"WebPage","@id":"https:\/\/www.boxrepsol.com\/es\/motogp\/primera-carrera-del-ano-primer-podio-aron-canet\/","url":"https:\/\/www.boxrepsol.com\/es\/motogp\/primera-carrera-del-ano-primer-podio-aron-canet\/","name":"Primera carrera del a\u00f1o y primer podio para Ar\u00f3n Canet - Box Repsol","isPartOf":{"@id":"https:\/\/www.boxrepsol.com\/es\/#website"},"primaryImageOfPage":{"@id":"https:\/\/www.boxrepsol.com\/es\/motogp\/primera-carrera-del-ano-primer-podio-aron-canet\/#primaryimage"},"image":{"@id":"https:\/\/www.boxrepsol.com\/es\/motogp\/primera-carrera-del-ano-primer-podio-aron-canet\/#primaryimage"},"thumbnailUrl":"https:\/\/bxrepsol.s3.eu-west-1.amazonaws.com\/static\/2022\/08\/29080418\/Aron-Canet-en-Catar-2018.jpg","datePublished":"2018-03-18T02:00:00+00:00","dateModified":"2024-05-22T08:03:31+00:00","description":"El piloto Repsol logra la segunda posici\u00f3n en Catar despu\u00e9s de optar a la victoria hasta la l\u00ednea de meta.","breadcrumb":{"@id":"https:\/\/www.boxrepsol.com\/es\/motogp\/primera-carrera-del-ano-primer-podio-aron-canet\/#breadcrumb"},"inLanguage":"es","potentialAction":[{"@type":"ReadAction","target":["https:\/\/www.boxrepsol.com\/es\/motogp\/primera-carrera-del-ano-primer-podio-aron-canet\/"]}]},{"@type":"ImageObject","inLanguage":"es","@id":"https:\/\/www.boxrepsol.com\/es\/motogp\/primera-carrera-del-ano-primer-podio-aron-canet\/#primaryimage","url":"https:\/\/bxrepsol.s3.eu-west-1.amazonaws.com\/static\/2022\/08\/29080418\/Aron-Canet-en-Catar-2018.jpg","contentUrl":"https:\/\/bxrepsol.s3.eu-west-1.amazonaws.com\/static\/2022\/08\/29080418\/Aron-Canet-en-Catar-2018.jpg","width":995,"height":560,"caption":"Ar\u00f3n Canet, Alonso L\u00f3pez, Moto3, Catar, GP de Catar, Losail, 2018, Motociclismo"},{"@type":"BreadcrumbList","@id":"https:\/\/www.boxrepsol.com\/es\/motogp\/primera-carrera-del-ano-primer-podio-aron-canet\/#breadcrumb","itemListElement":[{"@type":"ListItem","position":1,"name":"Home","item":"https:\/\/www.boxrepsol.com\/es\/"},{"@type":"ListItem","position":2,"name":"Primera carrera del a\u00f1o y primer podio para Ar\u00f3n Canet"}]},{"@type":"WebSite","@id":"https:\/\/www.boxrepsol.com\/es\/#website","url":"https:\/\/www.boxrepsol.com\/es\/","name":"Box Repsol","description":"Box Repsol Site","publisher":{"@id":"https:\/\/www.boxrepsol.com\/es\/#organization"},"potentialAction":[{"@type":"SearchAction","target":{"@type":"EntryPoint","urlTemplate":"https:\/\/www.boxrepsol.com\/es\/?s={search_term_string}"},"query-input":{"@type":"PropertyValueSpecification","valueRequired":true,"valueName":"search_term_string"}}],"inLanguage":"es"},{"@type":"Organization","@id":"https:\/\/www.boxrepsol.com\/es\/#organization","name":"Box Repsol","url":"https:\/\/www.boxrepsol.com\/es\/","logo":{"@type":"ImageObject","inLanguage":"es","@id":"https:\/\/www.boxrepsol.com\/es\/#\/schema\/logo\/image\/","url":"https:\/\/bxrepsol.s3.eu-west-1.amazonaws.com\/static\/2025\/07\/30083337\/favicon-96x96-1.png","contentUrl":"https:\/\/bxrepsol.s3.eu-west-1.amazonaws.com\/static\/2025\/07\/30083337\/favicon-96x96-1.png","width":96,"height":96,"caption":"Box Repsol"},"image":{"@id":"https:\/\/www.boxrepsol.com\/es\/#\/schema\/logo\/image\/"},"sameAs":["https:\/\/www.facebook.com\/BoxRepsol","https:\/\/x.com\/box_repsol","http:\/\/instagram.com\/box_repsol","https:\/\/www.youtube.com\/user\/RepsolCompeticion","https:\/\/www.flickr.com\/photos\/box_repsol\/"]},{"@type":"Person","@id":"https:\/\/www.boxrepsol.com\/es\/#\/schema\/person\/c5c2138f2cca251b0ad92b7086bb60b7","name":"Redacci\u00f3n Box Repsol","image":{"@type":"ImageObject","inLanguage":"es","@id":"https:\/\/secure.gravatar.com\/avatar\/adf7b77e38b4419baf32c7e9c21dde01f4e40df611f0978e3006fc4ba0aaab7e?s=96&d=mm&r=g","url":"https:\/\/secure.gravatar.com\/avatar\/adf7b77e38b4419baf32c7e9c21dde01f4e40df611f0978e3006fc4ba0aaab7e?s=96&d=mm&r=g","contentUrl":"https:\/\/secure.gravatar.com\/avatar\/adf7b77e38b4419baf32c7e9c21dde01f4e40df611f0978e3006fc4ba0aaab7e?s=96&d=mm&r=g","caption":"Redacci\u00f3n Box Repsol"},"description":"Box Repsol lo forma un equipo de periodistas, community managers, dise\u00f1adores y fot\u00f3grafos con m\u00e1s de 20 a\u00f1os de experiencia en el mundo del motorsport. Hemos vivido el primer mundial de un espa\u00f1ol en la categor\u00eda reina de motociclismo con \u00c1lex Crivill\u00e9, estuvimos en las victorias de Pedrosa y los t\u00edtulos de M\u00e1rquez, acompa\u00f1amos en \u00c1frica a Nani Roma y Marc Coma en sus conquistas del Dakar y hemos vibrado con los t\u00edtulos de Toni Bou en Trial. Adem\u00e1s, en nuestro equipo contamos con expertos en el mundo de las dos y cuatro ruedas tanto de la calle y las carreteras, como de los circuitos. Periodistas que han trabajado en revistas y publicaciones para hacerte llegar desde rutas y consejos de mantenimiento, a curiosidades y trucos de pilotaje.","sameAs":["https:\/\/www.facebook.com\/BoxRepsol\/","https:\/\/www.instagram.com\/box_repsol\/","https:\/\/x.com\/https:\/\/twitter.com\/box_repsol","https:\/\/www.youtube.com\/@Boxrepsol"],"url":"https:\/\/www.boxrepsol.com\/es\/author\/redaccion-box-repsol\/"}]}},"_links":{"self":[{"href":"https:\/\/www.boxrepsol.com\/es\/wp-json\/wp\/v2\/posts\/92945","targetHints":{"allow":["GET"]}}],"collection":[{"href":"https:\/\/www.boxrepsol.com\/es\/wp-json\/wp\/v2\/posts"}],"about":[{"href":"https:\/\/www.boxrepsol.com\/es\/wp-json\/wp\/v2\/types\/post"}],"author":[{"embeddable":true,"href":"https:\/\/www.boxrepsol.com\/es\/wp-json\/wp\/v2\/users\/43146"}],"replies":[{"embeddable":true,"href":"https:\/\/www.boxrepsol.com\/es\/wp-json\/wp\/v2\/comments?post=92945"}],"version-history":[{"count":1,"href":"https:\/\/www.boxrepsol.com\/es\/wp-json\/wp\/v2\/posts\/92945\/revisions"}],"predecessor-version":[{"id":116519,"href":"https:\/\/www.boxrepsol.com\/es\/wp-json\/wp\/v2\/posts\/92945\/revisions\/116519"}],"wp:featuredmedia":[{"embeddable":true,"href":"https:\/\/www.boxrepsol.com\/es\/wp-json\/wp\/v2\/media\/57400"}],"wp:attachment":[{"href":"https:\/\/www.boxrepsol.com\/es\/wp-json\/wp\/v2\/media?parent=92945"}],"wp:term":[{"taxonomy":"category","embeddable":true,"href":"https:\/\/www.boxrepsol.com\/es\/wp-json\/wp\/v2\/categories?post=92945"},{"taxonomy":"post_tag","embeddable":true,"href":"https:\/\/www.boxrepsol.com\/es\/wp-json\/wp\/v2\/tags?post=92945"}],"curies":[{"name":"wp","href":"https:\/\/api.w.org\/{rel}","templated":true}]}}