{"id":92927,"date":"2018-03-12T00:00:00","date_gmt":"2018-03-12T02:00:00","guid":{"rendered":"http:\/\/pre.boxrepsol.com\/sin-categorizar\/dani-marc-los-pilotos-mas-fuertes-la-pretemporada-los-numeros-contestan\/"},"modified":"2024-05-22T06:05:16","modified_gmt":"2024-05-22T08:05:16","slug":"dani-marc-los-pilotos-mas-fuertes-la-pretemporada-los-numeros-contestan","status":"publish","type":"post","link":"https:\/\/www.boxrepsol.com\/es\/motogp\/dani-marc-los-pilotos-mas-fuertes-la-pretemporada-los-numeros-contestan\/","title":{"rendered":"\u00bfSon Dani y Marc los pilotos m\u00e1s fuertes de la pretemporada? \u00a1Los n\u00fameros contestan!"},"content":{"rendered":"<blockquote>\n<p>Solo tres pilotos consiguieron rodar por debajo de 1:30 en Buriram, entre ellos Marc y Dani.<\/p>\n<p>            <a href=\"http:\/\/twitter.com\/share?text=Solo+tres+pilotos+consiguieron+rodar+por+debajo+de+1%3A30+en+Buriram%2C+entre+ellos+Marc+y+Dani.&#038;url=https%3A%2F%2Fwww.boxrepsol.com%2Fes%2Fmotogp%2Fdani-marc-los-pilotos-mas-fuertes-la-pretemporada-los-numeros-contestan%2F&#038;hashtags=\" target=\"_blank\" data-datalayer='{\"event\": \"socialInteraction\", \"socialNetwork\": \"Twitter\", \"socialAction\": \"Compartir\", \"socialTarget\": \"Frase\"}' rel=\"noopener\"><br \/>\n            twittear        <\/a>\n        <\/p><\/blockquote>\n<p><strong>El equipo: 3 veces liderando<\/strong><\/p>\n<p>Dani Pedrosa consigui\u00f3 el mejor tiempo en el primer d\u00eda de test en Sepang, donde obtuvo la pole el a\u00f1o pasado. Tambi\u00e9n hizo el mejor tiempo el \u00faltimo d\u00eda en el nuevo circuito de Buriram consiguiendo la mejor marca de todo el fin de semana con 1:29.781. Marc por su parte hizo el mejor tiempo durante el segundo d\u00eda en esa misma prueba, siendo el \u00fanico piloto que baj\u00f3 de 1:30 con un espectacular 1:29.969. Solo tres pilotos consiguieron rodar por debajo del minuto y medio, y entre ellos los dos de Repsol Honda.<\/p>\n<p><strong>9 ocasiones en el Top 5<\/strong><\/p>\n<p>Dani estuvo cinco veces entre los 5 mejores tiempos durante toda la pretemporada. Adem\u00e1s de los ya mencionados primeros puestos en Sepang y Buriram, el 26 estuvo entre las mejores marcas en el \u00faltimo d\u00eda de Sepang (2\u00ba) y los dos primeros d\u00edas en Buriram (5\u00aa y 2\u00aa posici\u00f3n). Marc por su parte tiene cuatro marcas entre los cinco primeros, el primer (3\u00ba) y tercer (4\u00ba) d\u00eda de Buriram y el segundo d\u00eda de Catar (3\u00ba) as\u00ed como el mejor tiempo en el segundo d\u00eda en Buriram.<\/p>\n<p>\t\t\t\t<img decoding=\"async\" src=\"https:\/\/bxrepsol.s3.eu-west-1.amazonaws.com\/static\/2022\/08\/05053219\/MGP_TEST_SURIRAM_2018-0358-scaled.jpg\" alt=\"Dani Pedrosa Buriram test\" itemprop=\"image\"  \/><\/p>\n<p><strong>1156 vueltas entre los dos<\/strong><\/p>\n<p>Marc se ha marcado 646 vueltas en los tests de pretemporada. 194 de ellas en Malasia, 271 en Tailandia y 181 en Catar. Dani por su lado ha dado 165 en Malasia, 224 en Tailandia y 116 vueltas en Catar, acumulando un total de 510 giros a los circuitos. El equipo ha sumado\u00a0 359 vueltas a Sepang, 495 a Buriram y 297 a Losail. Todas ellas suman la impresionante cantidad de\u00a0 5.892 Km en pista, 3.296 para Marc y 2.596 para Dani.<\/p>\n<p>\t\t\t\t<img decoding=\"async\" src=\"https:\/\/bxrepsol.s3.eu-west-1.amazonaws.com\/static\/2022\/08\/05053225\/MGP_TEST_MAL_2018-9031-scaled.jpg\" alt=\"Marc M\u00e1rquez en malasia test\" itemprop=\"image\"  \/><\/p>\n<p><strong>Curvas, neum\u00e1ticos y calor\u00edas consumidas<\/strong><\/p>\n<p>Adem\u00e1s de todo esto, el equipo ha tomado nada m\u00e1s y nada menos que 16.152 curvas en lo que va de 2018, 7.067 de ellas de izquierda y 9.085 de derecha. Nuestros pilotos han consumido 5.500 calor\u00edas cada d\u00eda, 2.500 Dani y Marc algo m\u00e1s ya que ha dado unas cuantas vueltas adicionales, llegando a las 3.000. El equipo adem\u00e1s ha usado 130 juegos de ruedas, 120 de ellos <em>slicks<\/em> y 10 de neum\u00e1ticos de lluvia.<\/p>\n<p>Y ahora tras leer estas incre\u00edbles cifras \u00bfc\u00f3mo pens\u00e1is que llegan Dani y Marc al inicio del Mundial? Os leemos en los comentarios.<\/p>\n","protected":false},"excerpt":{"rendered":"<p>Los pilotos Repsol Honda est\u00e1n preparados para empezar el Mundial 2018. Detr\u00e1s quedan los  d\u00edas de test y delante de ellos el horizonte de 19 Grandes Premios. Descubre con nosotros los n\u00fameros m\u00e1s sonados del Equipo Repsol Honda en la pretemporada.<\/p>\n","protected":false},"author":43146,"featured_media":57311,"comment_status":"open","ping_status":"open","sticky":false,"template":"","format":"standard","meta":{"footnotes":""},"categories":[4],"tags":[15],"class_list":["post-92927","post","type-post","status-publish","format-standard","hentry","category-motogp","tag-pretemporada"],"yoast_head":"<!-- This site is optimized with the Yoast SEO plugin v27.3 - https:\/\/yoast.com\/product\/yoast-seo-wordpress\/ -->\n<title>\u00bfSon Dani y Marc los pilotos m\u00e1s fuertes de la pretemporada? \u00a1Los n\u00fameros contestan! - Box Repsol<\/title>\n<meta name=\"description\" content=\"Los pilotos Repsol Honda est\u00e1n preparados para empezar el Mundial 2018. Detr\u00e1s quedan los d\u00edas de test y delante de ellos el horizonte de 19 GP\" \/>\n<link rel=\"canonical\" href=\"https:\/\/www.boxrepsol.com\/es\/motogp\/dani-marc-los-pilotos-mas-fuertes-la-pretemporada-los-numeros-contestan\/\" \/>\n<meta property=\"og:locale\" content=\"es_ES\" \/>\n<meta property=\"og:type\" content=\"article\" \/>\n<meta property=\"og:title\" content=\"\u00bfSon Dani y Marc los pilotos m\u00e1s fuertes de la pretemporada? \u00a1Los n\u00fameros contestan! - Box Repsol\" \/>\n<meta property=\"og:description\" content=\"Los pilotos Repsol Honda est\u00e1n preparados para empezar el Mundial 2018. Detr\u00e1s quedan los d\u00edas de test y delante de ellos el horizonte de 19 GP\" \/>\n<meta property=\"og:url\" content=\"https:\/\/www.boxrepsol.com\/es\/motogp\/dani-marc-los-pilotos-mas-fuertes-la-pretemporada-los-numeros-contestan\/\" \/>\n<meta property=\"og:site_name\" content=\"Box Repsol\" \/>\n<meta property=\"article:publisher\" content=\"https:\/\/www.facebook.com\/BoxRepsol\" \/>\n<meta property=\"article:author\" content=\"https:\/\/www.facebook.com\/BoxRepsol\/\" \/>\n<meta property=\"article:published_time\" content=\"2018-03-12T02:00:00+00:00\" \/>\n<meta property=\"article:modified_time\" content=\"2024-05-22T08:05:16+00:00\" \/>\n<meta property=\"og:image\" content=\"https:\/\/bxrepsol.s3.eu-west-1.amazonaws.com\/static\/2022\/08\/29080315\/00_marc_marquez_dani_pedrosa_motogp_repsol_honda_93_26_catar_losail_preseason.jpg\" \/>\n\t<meta property=\"og:image:width\" content=\"995\" \/>\n\t<meta property=\"og:image:height\" content=\"560\" \/>\n\t<meta property=\"og:image:type\" content=\"image\/jpeg\" \/>\n<meta name=\"author\" content=\"Redacci\u00f3n Box Repsol\" \/>\n<meta name=\"twitter:card\" content=\"summary_large_image\" \/>\n<meta name=\"twitter:creator\" content=\"@https:\/\/twitter.com\/box_repsol\" \/>\n<meta name=\"twitter:site\" content=\"@box_repsol\" \/>\n<meta name=\"twitter:label1\" content=\"Written by\" \/>\n\t<meta name=\"twitter:data1\" content=\"Redacci\u00f3n Box Repsol\" \/>\n\t<meta name=\"twitter:label2\" content=\"Est. reading time\" \/>\n\t<meta name=\"twitter:data2\" content=\"2 minutos\" \/>\n<script type=\"application\/ld+json\" class=\"yoast-schema-graph\">{\"@context\":\"https:\\\/\\\/schema.org\",\"@graph\":[{\"@type\":\"Article\",\"@id\":\"https:\\\/\\\/www.boxrepsol.com\\\/es\\\/motogp\\\/dani-marc-los-pilotos-mas-fuertes-la-pretemporada-los-numeros-contestan\\\/#article\",\"isPartOf\":{\"@id\":\"https:\\\/\\\/www.boxrepsol.com\\\/es\\\/motogp\\\/dani-marc-los-pilotos-mas-fuertes-la-pretemporada-los-numeros-contestan\\\/\"},\"author\":{\"name\":\"Redacci\u00f3n Box Repsol\",\"@id\":\"https:\\\/\\\/www.boxrepsol.com\\\/es\\\/#\\\/schema\\\/person\\\/c5c2138f2cca251b0ad92b7086bb60b7\"},\"headline\":\"\u00bfSon Dani y Marc los pilotos m\u00e1s fuertes de la pretemporada? \u00a1Los n\u00fameros contestan!\",\"datePublished\":\"2018-03-12T02:00:00+00:00\",\"dateModified\":\"2024-05-22T08:05:16+00:00\",\"mainEntityOfPage\":{\"@id\":\"https:\\\/\\\/www.boxrepsol.com\\\/es\\\/motogp\\\/dani-marc-los-pilotos-mas-fuertes-la-pretemporada-los-numeros-contestan\\\/\"},\"wordCount\":400,\"commentCount\":0,\"publisher\":{\"@id\":\"https:\\\/\\\/www.boxrepsol.com\\\/es\\\/#organization\"},\"image\":{\"@id\":\"https:\\\/\\\/www.boxrepsol.com\\\/es\\\/motogp\\\/dani-marc-los-pilotos-mas-fuertes-la-pretemporada-los-numeros-contestan\\\/#primaryimage\"},\"thumbnailUrl\":\"https:\\\/\\\/bxrepsol.s3.eu-west-1.amazonaws.com\\\/static\\\/2022\\\/08\\\/29080315\\\/00_marc_marquez_dani_pedrosa_motogp_repsol_honda_93_26_catar_losail_preseason.jpg\",\"keywords\":[\"pretemporada\"],\"articleSection\":[\"MotoGP\"],\"inLanguage\":\"es\",\"potentialAction\":[{\"@type\":\"CommentAction\",\"name\":\"Comment\",\"target\":[\"https:\\\/\\\/www.boxrepsol.com\\\/es\\\/motogp\\\/dani-marc-los-pilotos-mas-fuertes-la-pretemporada-los-numeros-contestan\\\/#respond\"]}]},{\"@type\":\"WebPage\",\"@id\":\"https:\\\/\\\/www.boxrepsol.com\\\/es\\\/motogp\\\/dani-marc-los-pilotos-mas-fuertes-la-pretemporada-los-numeros-contestan\\\/\",\"url\":\"https:\\\/\\\/www.boxrepsol.com\\\/es\\\/motogp\\\/dani-marc-los-pilotos-mas-fuertes-la-pretemporada-los-numeros-contestan\\\/\",\"name\":\"\u00bfSon Dani y Marc los pilotos m\u00e1s fuertes de la pretemporada? \u00a1Los n\u00fameros contestan! - Box Repsol\",\"isPartOf\":{\"@id\":\"https:\\\/\\\/www.boxrepsol.com\\\/es\\\/#website\"},\"primaryImageOfPage\":{\"@id\":\"https:\\\/\\\/www.boxrepsol.com\\\/es\\\/motogp\\\/dani-marc-los-pilotos-mas-fuertes-la-pretemporada-los-numeros-contestan\\\/#primaryimage\"},\"image\":{\"@id\":\"https:\\\/\\\/www.boxrepsol.com\\\/es\\\/motogp\\\/dani-marc-los-pilotos-mas-fuertes-la-pretemporada-los-numeros-contestan\\\/#primaryimage\"},\"thumbnailUrl\":\"https:\\\/\\\/bxrepsol.s3.eu-west-1.amazonaws.com\\\/static\\\/2022\\\/08\\\/29080315\\\/00_marc_marquez_dani_pedrosa_motogp_repsol_honda_93_26_catar_losail_preseason.jpg\",\"datePublished\":\"2018-03-12T02:00:00+00:00\",\"dateModified\":\"2024-05-22T08:05:16+00:00\",\"description\":\"Los pilotos Repsol Honda est\u00e1n preparados para empezar el Mundial 2018. Detr\u00e1s quedan los d\u00edas de test y delante de ellos el horizonte de 19 GP\",\"breadcrumb\":{\"@id\":\"https:\\\/\\\/www.boxrepsol.com\\\/es\\\/motogp\\\/dani-marc-los-pilotos-mas-fuertes-la-pretemporada-los-numeros-contestan\\\/#breadcrumb\"},\"inLanguage\":\"es\",\"potentialAction\":[{\"@type\":\"ReadAction\",\"target\":[\"https:\\\/\\\/www.boxrepsol.com\\\/es\\\/motogp\\\/dani-marc-los-pilotos-mas-fuertes-la-pretemporada-los-numeros-contestan\\\/\"]}]},{\"@type\":\"ImageObject\",\"inLanguage\":\"es\",\"@id\":\"https:\\\/\\\/www.boxrepsol.com\\\/es\\\/motogp\\\/dani-marc-los-pilotos-mas-fuertes-la-pretemporada-los-numeros-contestan\\\/#primaryimage\",\"url\":\"https:\\\/\\\/bxrepsol.s3.eu-west-1.amazonaws.com\\\/static\\\/2022\\\/08\\\/29080315\\\/00_marc_marquez_dani_pedrosa_motogp_repsol_honda_93_26_catar_losail_preseason.jpg\",\"contentUrl\":\"https:\\\/\\\/bxrepsol.s3.eu-west-1.amazonaws.com\\\/static\\\/2022\\\/08\\\/29080315\\\/00_marc_marquez_dani_pedrosa_motogp_repsol_honda_93_26_catar_losail_preseason.jpg\",\"width\":995,\"height\":560,\"caption\":\"Marc M\u00e1rquez y Dani Pedrosa rodando en Catar\"},{\"@type\":\"BreadcrumbList\",\"@id\":\"https:\\\/\\\/www.boxrepsol.com\\\/es\\\/motogp\\\/dani-marc-los-pilotos-mas-fuertes-la-pretemporada-los-numeros-contestan\\\/#breadcrumb\",\"itemListElement\":[{\"@type\":\"ListItem\",\"position\":1,\"name\":\"Home\",\"item\":\"https:\\\/\\\/www.boxrepsol.com\\\/es\\\/\"},{\"@type\":\"ListItem\",\"position\":2,\"name\":\"\u00bfSon Dani y Marc los pilotos m\u00e1s fuertes de la pretemporada? \u00a1Los n\u00fameros contestan!\"}]},{\"@type\":\"WebSite\",\"@id\":\"https:\\\/\\\/www.boxrepsol.com\\\/es\\\/#website\",\"url\":\"https:\\\/\\\/www.boxrepsol.com\\\/es\\\/\",\"name\":\"Box Repsol\",\"description\":\"Box Repsol Site\",\"publisher\":{\"@id\":\"https:\\\/\\\/www.boxrepsol.com\\\/es\\\/#organization\"},\"potentialAction\":[{\"@type\":\"SearchAction\",\"target\":{\"@type\":\"EntryPoint\",\"urlTemplate\":\"https:\\\/\\\/www.boxrepsol.com\\\/es\\\/?s={search_term_string}\"},\"query-input\":{\"@type\":\"PropertyValueSpecification\",\"valueRequired\":true,\"valueName\":\"search_term_string\"}}],\"inLanguage\":\"es\"},{\"@type\":\"Organization\",\"@id\":\"https:\\\/\\\/www.boxrepsol.com\\\/es\\\/#organization\",\"name\":\"Box Repsol\",\"url\":\"https:\\\/\\\/www.boxrepsol.com\\\/es\\\/\",\"logo\":{\"@type\":\"ImageObject\",\"inLanguage\":\"es\",\"@id\":\"https:\\\/\\\/www.boxrepsol.com\\\/es\\\/#\\\/schema\\\/logo\\\/image\\\/\",\"url\":\"https:\\\/\\\/bxrepsol.s3.eu-west-1.amazonaws.com\\\/static\\\/2025\\\/07\\\/30083337\\\/favicon-96x96-1.png\",\"contentUrl\":\"https:\\\/\\\/bxrepsol.s3.eu-west-1.amazonaws.com\\\/static\\\/2025\\\/07\\\/30083337\\\/favicon-96x96-1.png\",\"width\":96,\"height\":96,\"caption\":\"Box Repsol\"},\"image\":{\"@id\":\"https:\\\/\\\/www.boxrepsol.com\\\/es\\\/#\\\/schema\\\/logo\\\/image\\\/\"},\"sameAs\":[\"https:\\\/\\\/www.facebook.com\\\/BoxRepsol\",\"https:\\\/\\\/x.com\\\/box_repsol\",\"http:\\\/\\\/instagram.com\\\/box_repsol\",\"https:\\\/\\\/www.youtube.com\\\/user\\\/RepsolCompeticion\",\"https:\\\/\\\/www.flickr.com\\\/photos\\\/box_repsol\\\/\"]},{\"@type\":\"Person\",\"@id\":\"https:\\\/\\\/www.boxrepsol.com\\\/es\\\/#\\\/schema\\\/person\\\/c5c2138f2cca251b0ad92b7086bb60b7\",\"name\":\"Redacci\u00f3n Box Repsol\",\"image\":{\"@type\":\"ImageObject\",\"inLanguage\":\"es\",\"@id\":\"https:\\\/\\\/secure.gravatar.com\\\/avatar\\\/adf7b77e38b4419baf32c7e9c21dde01f4e40df611f0978e3006fc4ba0aaab7e?s=96&d=mm&r=g\",\"url\":\"https:\\\/\\\/secure.gravatar.com\\\/avatar\\\/adf7b77e38b4419baf32c7e9c21dde01f4e40df611f0978e3006fc4ba0aaab7e?s=96&d=mm&r=g\",\"contentUrl\":\"https:\\\/\\\/secure.gravatar.com\\\/avatar\\\/adf7b77e38b4419baf32c7e9c21dde01f4e40df611f0978e3006fc4ba0aaab7e?s=96&d=mm&r=g\",\"caption\":\"Redacci\u00f3n Box Repsol\"},\"description\":\"Box Repsol lo forma un equipo de periodistas, community managers, dise\u00f1adores y fot\u00f3grafos con m\u00e1s de 20 a\u00f1os de experiencia en el mundo del motorsport. Hemos vivido el primer mundial de un espa\u00f1ol en la categor\u00eda reina de motociclismo con \u00c1lex Crivill\u00e9, estuvimos en las victorias de Pedrosa y los t\u00edtulos de M\u00e1rquez, acompa\u00f1amos en \u00c1frica a Nani Roma y Marc Coma en sus conquistas del Dakar y hemos vibrado con los t\u00edtulos de Toni Bou en Trial. Adem\u00e1s, en nuestro equipo contamos con expertos en el mundo de las dos y cuatro ruedas tanto de la calle y las carreteras, como de los circuitos. Periodistas que han trabajado en revistas y publicaciones para hacerte llegar desde rutas y consejos de mantenimiento, a curiosidades y trucos de pilotaje.\",\"sameAs\":[\"https:\\\/\\\/www.facebook.com\\\/BoxRepsol\\\/\",\"https:\\\/\\\/www.instagram.com\\\/box_repsol\\\/\",\"https:\\\/\\\/x.com\\\/https:\\\/\\\/twitter.com\\\/box_repsol\",\"https:\\\/\\\/www.youtube.com\\\/@Boxrepsol\"],\"url\":\"https:\\\/\\\/www.boxrepsol.com\\\/es\\\/author\\\/redaccion-box-repsol\\\/\"}]}<\/script>\n<!-- \/ Yoast SEO plugin. -->","yoast_head_json":{"title":"\u00bfSon Dani y Marc los pilotos m\u00e1s fuertes de la pretemporada? \u00a1Los n\u00fameros contestan! - Box Repsol","description":"Los pilotos Repsol Honda est\u00e1n preparados para empezar el Mundial 2018. Detr\u00e1s quedan los d\u00edas de test y delante de ellos el horizonte de 19 GP","canonical":"https:\/\/www.boxrepsol.com\/es\/motogp\/dani-marc-los-pilotos-mas-fuertes-la-pretemporada-los-numeros-contestan\/","og_locale":"es_ES","og_type":"article","og_title":"\u00bfSon Dani y Marc los pilotos m\u00e1s fuertes de la pretemporada? \u00a1Los n\u00fameros contestan! - Box Repsol","og_description":"Los pilotos Repsol Honda est\u00e1n preparados para empezar el Mundial 2018. Detr\u00e1s quedan los d\u00edas de test y delante de ellos el horizonte de 19 GP","og_url":"https:\/\/www.boxrepsol.com\/es\/motogp\/dani-marc-los-pilotos-mas-fuertes-la-pretemporada-los-numeros-contestan\/","og_site_name":"Box Repsol","article_publisher":"https:\/\/www.facebook.com\/BoxRepsol","article_author":"https:\/\/www.facebook.com\/BoxRepsol\/","article_published_time":"2018-03-12T02:00:00+00:00","article_modified_time":"2024-05-22T08:05:16+00:00","og_image":[{"width":995,"height":560,"url":"https:\/\/bxrepsol.s3.eu-west-1.amazonaws.com\/static\/2022\/08\/29080315\/00_marc_marquez_dani_pedrosa_motogp_repsol_honda_93_26_catar_losail_preseason.jpg","type":"image\/jpeg"}],"author":"Redacci\u00f3n Box Repsol","twitter_card":"summary_large_image","twitter_creator":"@https:\/\/twitter.com\/box_repsol","twitter_site":"@box_repsol","twitter_misc":{"Written by":"Redacci\u00f3n Box Repsol","Est. reading time":"2 minutos"},"schema":{"@context":"https:\/\/schema.org","@graph":[{"@type":"Article","@id":"https:\/\/www.boxrepsol.com\/es\/motogp\/dani-marc-los-pilotos-mas-fuertes-la-pretemporada-los-numeros-contestan\/#article","isPartOf":{"@id":"https:\/\/www.boxrepsol.com\/es\/motogp\/dani-marc-los-pilotos-mas-fuertes-la-pretemporada-los-numeros-contestan\/"},"author":{"name":"Redacci\u00f3n Box Repsol","@id":"https:\/\/www.boxrepsol.com\/es\/#\/schema\/person\/c5c2138f2cca251b0ad92b7086bb60b7"},"headline":"\u00bfSon Dani y Marc los pilotos m\u00e1s fuertes de la pretemporada? \u00a1Los n\u00fameros contestan!","datePublished":"2018-03-12T02:00:00+00:00","dateModified":"2024-05-22T08:05:16+00:00","mainEntityOfPage":{"@id":"https:\/\/www.boxrepsol.com\/es\/motogp\/dani-marc-los-pilotos-mas-fuertes-la-pretemporada-los-numeros-contestan\/"},"wordCount":400,"commentCount":0,"publisher":{"@id":"https:\/\/www.boxrepsol.com\/es\/#organization"},"image":{"@id":"https:\/\/www.boxrepsol.com\/es\/motogp\/dani-marc-los-pilotos-mas-fuertes-la-pretemporada-los-numeros-contestan\/#primaryimage"},"thumbnailUrl":"https:\/\/bxrepsol.s3.eu-west-1.amazonaws.com\/static\/2022\/08\/29080315\/00_marc_marquez_dani_pedrosa_motogp_repsol_honda_93_26_catar_losail_preseason.jpg","keywords":["pretemporada"],"articleSection":["MotoGP"],"inLanguage":"es","potentialAction":[{"@type":"CommentAction","name":"Comment","target":["https:\/\/www.boxrepsol.com\/es\/motogp\/dani-marc-los-pilotos-mas-fuertes-la-pretemporada-los-numeros-contestan\/#respond"]}]},{"@type":"WebPage","@id":"https:\/\/www.boxrepsol.com\/es\/motogp\/dani-marc-los-pilotos-mas-fuertes-la-pretemporada-los-numeros-contestan\/","url":"https:\/\/www.boxrepsol.com\/es\/motogp\/dani-marc-los-pilotos-mas-fuertes-la-pretemporada-los-numeros-contestan\/","name":"\u00bfSon Dani y Marc los pilotos m\u00e1s fuertes de la pretemporada? \u00a1Los n\u00fameros contestan! - Box Repsol","isPartOf":{"@id":"https:\/\/www.boxrepsol.com\/es\/#website"},"primaryImageOfPage":{"@id":"https:\/\/www.boxrepsol.com\/es\/motogp\/dani-marc-los-pilotos-mas-fuertes-la-pretemporada-los-numeros-contestan\/#primaryimage"},"image":{"@id":"https:\/\/www.boxrepsol.com\/es\/motogp\/dani-marc-los-pilotos-mas-fuertes-la-pretemporada-los-numeros-contestan\/#primaryimage"},"thumbnailUrl":"https:\/\/bxrepsol.s3.eu-west-1.amazonaws.com\/static\/2022\/08\/29080315\/00_marc_marquez_dani_pedrosa_motogp_repsol_honda_93_26_catar_losail_preseason.jpg","datePublished":"2018-03-12T02:00:00+00:00","dateModified":"2024-05-22T08:05:16+00:00","description":"Los pilotos Repsol Honda est\u00e1n preparados para empezar el Mundial 2018. Detr\u00e1s quedan los d\u00edas de test y delante de ellos el horizonte de 19 GP","breadcrumb":{"@id":"https:\/\/www.boxrepsol.com\/es\/motogp\/dani-marc-los-pilotos-mas-fuertes-la-pretemporada-los-numeros-contestan\/#breadcrumb"},"inLanguage":"es","potentialAction":[{"@type":"ReadAction","target":["https:\/\/www.boxrepsol.com\/es\/motogp\/dani-marc-los-pilotos-mas-fuertes-la-pretemporada-los-numeros-contestan\/"]}]},{"@type":"ImageObject","inLanguage":"es","@id":"https:\/\/www.boxrepsol.com\/es\/motogp\/dani-marc-los-pilotos-mas-fuertes-la-pretemporada-los-numeros-contestan\/#primaryimage","url":"https:\/\/bxrepsol.s3.eu-west-1.amazonaws.com\/static\/2022\/08\/29080315\/00_marc_marquez_dani_pedrosa_motogp_repsol_honda_93_26_catar_losail_preseason.jpg","contentUrl":"https:\/\/bxrepsol.s3.eu-west-1.amazonaws.com\/static\/2022\/08\/29080315\/00_marc_marquez_dani_pedrosa_motogp_repsol_honda_93_26_catar_losail_preseason.jpg","width":995,"height":560,"caption":"Marc M\u00e1rquez y Dani Pedrosa rodando en Catar"},{"@type":"BreadcrumbList","@id":"https:\/\/www.boxrepsol.com\/es\/motogp\/dani-marc-los-pilotos-mas-fuertes-la-pretemporada-los-numeros-contestan\/#breadcrumb","itemListElement":[{"@type":"ListItem","position":1,"name":"Home","item":"https:\/\/www.boxrepsol.com\/es\/"},{"@type":"ListItem","position":2,"name":"\u00bfSon Dani y Marc los pilotos m\u00e1s fuertes de la pretemporada? \u00a1Los n\u00fameros contestan!"}]},{"@type":"WebSite","@id":"https:\/\/www.boxrepsol.com\/es\/#website","url":"https:\/\/www.boxrepsol.com\/es\/","name":"Box Repsol","description":"Box Repsol Site","publisher":{"@id":"https:\/\/www.boxrepsol.com\/es\/#organization"},"potentialAction":[{"@type":"SearchAction","target":{"@type":"EntryPoint","urlTemplate":"https:\/\/www.boxrepsol.com\/es\/?s={search_term_string}"},"query-input":{"@type":"PropertyValueSpecification","valueRequired":true,"valueName":"search_term_string"}}],"inLanguage":"es"},{"@type":"Organization","@id":"https:\/\/www.boxrepsol.com\/es\/#organization","name":"Box Repsol","url":"https:\/\/www.boxrepsol.com\/es\/","logo":{"@type":"ImageObject","inLanguage":"es","@id":"https:\/\/www.boxrepsol.com\/es\/#\/schema\/logo\/image\/","url":"https:\/\/bxrepsol.s3.eu-west-1.amazonaws.com\/static\/2025\/07\/30083337\/favicon-96x96-1.png","contentUrl":"https:\/\/bxrepsol.s3.eu-west-1.amazonaws.com\/static\/2025\/07\/30083337\/favicon-96x96-1.png","width":96,"height":96,"caption":"Box Repsol"},"image":{"@id":"https:\/\/www.boxrepsol.com\/es\/#\/schema\/logo\/image\/"},"sameAs":["https:\/\/www.facebook.com\/BoxRepsol","https:\/\/x.com\/box_repsol","http:\/\/instagram.com\/box_repsol","https:\/\/www.youtube.com\/user\/RepsolCompeticion","https:\/\/www.flickr.com\/photos\/box_repsol\/"]},{"@type":"Person","@id":"https:\/\/www.boxrepsol.com\/es\/#\/schema\/person\/c5c2138f2cca251b0ad92b7086bb60b7","name":"Redacci\u00f3n Box Repsol","image":{"@type":"ImageObject","inLanguage":"es","@id":"https:\/\/secure.gravatar.com\/avatar\/adf7b77e38b4419baf32c7e9c21dde01f4e40df611f0978e3006fc4ba0aaab7e?s=96&d=mm&r=g","url":"https:\/\/secure.gravatar.com\/avatar\/adf7b77e38b4419baf32c7e9c21dde01f4e40df611f0978e3006fc4ba0aaab7e?s=96&d=mm&r=g","contentUrl":"https:\/\/secure.gravatar.com\/avatar\/adf7b77e38b4419baf32c7e9c21dde01f4e40df611f0978e3006fc4ba0aaab7e?s=96&d=mm&r=g","caption":"Redacci\u00f3n Box Repsol"},"description":"Box Repsol lo forma un equipo de periodistas, community managers, dise\u00f1adores y fot\u00f3grafos con m\u00e1s de 20 a\u00f1os de experiencia en el mundo del motorsport. Hemos vivido el primer mundial de un espa\u00f1ol en la categor\u00eda reina de motociclismo con \u00c1lex Crivill\u00e9, estuvimos en las victorias de Pedrosa y los t\u00edtulos de M\u00e1rquez, acompa\u00f1amos en \u00c1frica a Nani Roma y Marc Coma en sus conquistas del Dakar y hemos vibrado con los t\u00edtulos de Toni Bou en Trial. Adem\u00e1s, en nuestro equipo contamos con expertos en el mundo de las dos y cuatro ruedas tanto de la calle y las carreteras, como de los circuitos. Periodistas que han trabajado en revistas y publicaciones para hacerte llegar desde rutas y consejos de mantenimiento, a curiosidades y trucos de pilotaje.","sameAs":["https:\/\/www.facebook.com\/BoxRepsol\/","https:\/\/www.instagram.com\/box_repsol\/","https:\/\/x.com\/https:\/\/twitter.com\/box_repsol","https:\/\/www.youtube.com\/@Boxrepsol"],"url":"https:\/\/www.boxrepsol.com\/es\/author\/redaccion-box-repsol\/"}]}},"_links":{"self":[{"href":"https:\/\/www.boxrepsol.com\/es\/wp-json\/wp\/v2\/posts\/92927","targetHints":{"allow":["GET"]}}],"collection":[{"href":"https:\/\/www.boxrepsol.com\/es\/wp-json\/wp\/v2\/posts"}],"about":[{"href":"https:\/\/www.boxrepsol.com\/es\/wp-json\/wp\/v2\/types\/post"}],"author":[{"embeddable":true,"href":"https:\/\/www.boxrepsol.com\/es\/wp-json\/wp\/v2\/users\/43146"}],"replies":[{"embeddable":true,"href":"https:\/\/www.boxrepsol.com\/es\/wp-json\/wp\/v2\/comments?post=92927"}],"version-history":[{"count":1,"href":"https:\/\/www.boxrepsol.com\/es\/wp-json\/wp\/v2\/posts\/92927\/revisions"}],"predecessor-version":[{"id":92928,"href":"https:\/\/www.boxrepsol.com\/es\/wp-json\/wp\/v2\/posts\/92927\/revisions\/92928"}],"wp:featuredmedia":[{"embeddable":true,"href":"https:\/\/www.boxrepsol.com\/es\/wp-json\/wp\/v2\/media\/57311"}],"wp:attachment":[{"href":"https:\/\/www.boxrepsol.com\/es\/wp-json\/wp\/v2\/media?parent=92927"}],"wp:term":[{"taxonomy":"category","embeddable":true,"href":"https:\/\/www.boxrepsol.com\/es\/wp-json\/wp\/v2\/categories?post=92927"},{"taxonomy":"post_tag","embeddable":true,"href":"https:\/\/www.boxrepsol.com\/es\/wp-json\/wp\/v2\/tags?post=92927"}],"curies":[{"name":"wp","href":"https:\/\/api.w.org\/{rel}","templated":true}]}}