{"id":92925,"date":"2018-03-09T00:00:00","date_gmt":"2018-03-09T02:00:00","guid":{"rendered":"http:\/\/pre.boxrepsol.com\/sin-categorizar\/te-presentamos-la-cafe-racer-del-equipo-repsol-honda\/"},"modified":"2024-05-22T06:05:26","modified_gmt":"2024-05-22T08:05:26","slug":"te-presentamos-la-cafe-racer-del-equipo-repsol-honda","status":"publish","type":"post","link":"https:\/\/www.boxrepsol.com\/es\/cultura-motera\/te-presentamos-la-cafe-racer-del-equipo-repsol-honda\/","title":{"rendered":"Te presentamos la Cafe Racer del Equipo Repsol Honda"},"content":{"rendered":"<p>En Carolina del Norte (Estados Unidos) vive un hombre capaz de cualquier cosa con una herramienta en las manos. Es un amante de las motos y tiene un <strong>canal de Youtube<\/strong> en el que comparte sus proyectos. Es uno de esos locos que practica la religi\u00f3n del \u2018<strong>do it yourself<\/strong>\u2019 (hazlo t\u00fa mismo). Entre sus maravillas, nos ha enamorado la \u2018<strong>Cafe Racer<\/strong>\u2019 que fabric\u00f3 inspir\u00e1ndose en las m\u00e1quinas del <strong>Equipo Repsol Honda<\/strong> de <strong>MotoGP<\/strong>. Bienvenidos al humilde taller de <strong>Dean Segovis<\/strong>.<\/p>\n<p><img loading=\"lazy\" decoding=\"async\" src=\"https:\/\/bxrepsol.s3.eu-west-1.amazonaws.com\/static\/2022\/08\/29080311\/ins11-2.png\" alt=\"\" width=\"704\" height=\"450\"><\/p>\n<p>Todo empez\u00f3 el 25 de marzo del 2011. La idea era presentar un ingenio tecnol\u00f3gico por semana durante un a\u00f1o. Han pasado siete a\u00f1os y ah\u00ed sigue. Al principio se centr\u00f3 en temas electr\u00f3nicos, pero no tard\u00f3 en descubrirnos que las motos eran una de sus grandes pasiones. En enero del 2013 compr\u00f3 una <strong>Honda VF700S Sabre de 1985<\/strong>. Le cost\u00f3 500 d\u00f3lares y se propuso darle una nueva vida. Ni siquiera funcionaba, pero eso era casi secundario, porque el objetivo era convertirla en un b\u00f3lido completamente distinto. Dean inici\u00f3 una serie de v\u00eddeos (34 en total) en los que podemos comprobar con todo lujo de detalle c\u00f3mo las formas de <strong>la vieja Honda se iban redondeando, dando lugar a una aut\u00e9ntica y preciosa Cafe Racer<\/strong>, con su posici\u00f3n exageradamente acoplada y despose\u00edda de cualquier elemento que no est\u00e9 pensado para la velocidad.<\/p>\n<p><iframe loading=\"lazy\" width=\"704\" height=\"396\" src=\"https:\/\/www.youtube.com\/embed\/-bHv8hUwE5k\" frameborder=\"0\" allow=\"autoplay; encrypted-media\" allowfullscreen=\"\"><\/iframe><\/p>\n<p>El dep\u00f3sito, la horquilla, el asiento, los relojes, los faros, los frenos, los intermitentes, el escape, el col\u00edn\u2026, incluso el pelo de nuestro protagonista cambi\u00f3 por completo con el paso de los meses.<\/p>\n<p><iframe loading=\"lazy\" width=\"704\" height=\"396\" src=\"https:\/\/www.youtube.com\/embed\/cdisnNAcnvU\" frameborder=\"0\" allow=\"autoplay; encrypted-media\" allowfullscreen=\"\"><\/iframe><\/p>\n<p>Dean pint\u00f3 el dep\u00f3sito con el naranja corporativo de <strong>Repsol<\/strong> y en la parte trasera copi\u00f3 la tipograf\u00eda de nuestra compa\u00f1\u00eda para escribir \u2018<strong>V45 Sabre<\/strong>\u2019, en homenaje al m\u00edtico modelo de <strong>Honda<\/strong> que se escond\u00eda tras su <strong>profunda transformaci\u00f3n<\/strong>. Curiosamente, este manitas pint\u00f3 la moto el 10 de noviembre del 2013, el mismo d\u00eda en el que <strong>Marc M\u00e1rquez<\/strong> se convert\u00eda, como integrante del <strong>Equipo Repsol Honda<\/strong>, en el piloto m\u00e1s joven en ganar el Mundial de la categor\u00eda reina. Lo consigui\u00f3, nunca est\u00e1 de m\u00e1s hacer un poco de memoria, en el a\u00f1o de su debut en <strong>MotoGP<\/strong>.<\/p>\n<p><iframe loading=\"lazy\" width=\"704\" height=\"396\" src=\"https:\/\/www.youtube.com\/embed\/wtDDGt7ReAI\" frameborder=\"0\" allow=\"autoplay; encrypted-media\" allowfullscreen=\"\"><\/iframe><\/p>\n<p>Hasta tal punto le consumi\u00f3 el proyecto, que en noviembre del 2013, cuando la tuvo terminada, por primera vez se salt\u00f3 la norma de un <strong>v\u00eddeo semanal<\/strong> y se tom\u00f3 un mes de vacaciones. Y por si alguien dudaba de las prestaciones de la moto, Dean la sac\u00f3 a pasear en varias ocasiones para que pudi\u00e9ramos comprobar que <strong>rueda tan bien como suena<\/strong>.<\/p>\n<p>\u00bfY qu\u00e9 fue de la <strong>Cafe Racer del Equipo Repsol Honda<\/strong>? su \u2018padre\u2019 decidi\u00f3 venderla el 4 de junio del 2015. \u201c<strong>Le he echado el ojo a otra m\u00e1quina y ya es hora de ceder esta maravilla a otra persona<\/strong>\u201d, dec\u00eda en una de sus grabaciones. Ah\u00ed sigue <strong>Dean Segovis<\/strong>, inventando todo tipo de chismes.<\/p>\n<p><iframe loading=\"lazy\" width=\"704\" height=\"396\" src=\"https:\/\/www.youtube.com\/embed\/3KKJiFzCObw\" frameborder=\"0\" allow=\"autoplay; encrypted-media\" allowfullscreen=\"\"><\/iframe><\/p>\n<p>&nbsp;<\/p>\n<p>&nbsp;<\/p>\n<p>&nbsp;<\/p>\n<p>&nbsp;<\/p>\n<p>&nbsp;<\/p>\n<p>&nbsp;<\/p>\n<p>Foto cabecera: Andrea Balverde | Flickr<\/p>\n<p>&nbsp;<\/p>\n","protected":false},"excerpt":{"rendered":"<p>Dean Segovis ha construido una Caf\u00e9 Racer del Equipo Repsol Honda. Hoy entramos en su taller y te la presentamos.<\/p>\n","protected":false},"author":43146,"featured_media":57305,"comment_status":"open","ping_status":"open","sticky":false,"template":"","format":"standard","meta":{"footnotes":""},"categories":[160],"tags":[173],"class_list":["post-92925","post","type-post","status-publish","format-standard","hentry","category-cultura-motera","tag-tipos-de-motos"],"yoast_head":"<!-- This site is optimized with the Yoast SEO plugin v27.3 - https:\/\/yoast.com\/product\/yoast-seo-wordpress\/ -->\n<title>Descubre la Cafe Racer del Equipo Repsol Honda - Box Repsol<\/title>\n<meta name=\"description\" content=\"En Carolina del Norte (Estados Unidos) vive un hombre capaz de cualquier cosa con una herramienta en las manos. Es un amante de las motos y tiene\" \/>\n<link rel=\"canonical\" href=\"https:\/\/www.boxrepsol.com\/es\/cultura-motera\/te-presentamos-la-cafe-racer-del-equipo-repsol-honda\/\" \/>\n<meta property=\"og:locale\" content=\"es_ES\" \/>\n<meta property=\"og:type\" content=\"article\" \/>\n<meta property=\"og:title\" content=\"Descubre la Cafe Racer del Equipo Repsol Honda - Box Repsol\" \/>\n<meta property=\"og:description\" content=\"En Carolina del Norte (Estados Unidos) vive un hombre capaz de cualquier cosa con una herramienta en las manos. Es un amante de las motos y tiene\" \/>\n<meta property=\"og:url\" content=\"https:\/\/www.boxrepsol.com\/es\/cultura-motera\/te-presentamos-la-cafe-racer-del-equipo-repsol-honda\/\" \/>\n<meta property=\"og:site_name\" content=\"Box Repsol\" \/>\n<meta property=\"article:publisher\" content=\"https:\/\/www.facebook.com\/BoxRepsol\" \/>\n<meta property=\"article:author\" content=\"https:\/\/www.facebook.com\/BoxRepsol\/\" \/>\n<meta property=\"article:published_time\" content=\"2018-03-09T02:00:00+00:00\" \/>\n<meta property=\"article:modified_time\" content=\"2024-05-22T08:05:26+00:00\" \/>\n<meta property=\"og:image\" content=\"https:\/\/bxrepsol.s3.eu-west-1.amazonaws.com\/static\/2022\/08\/29080312\/header3-1.png\" \/>\n\t<meta property=\"og:image:width\" content=\"986\" \/>\n\t<meta property=\"og:image:height\" content=\"555\" \/>\n\t<meta property=\"og:image:type\" content=\"image\/png\" \/>\n<meta name=\"author\" content=\"Redacci\u00f3n Box Repsol\" \/>\n<meta name=\"twitter:card\" content=\"summary_large_image\" \/>\n<meta name=\"twitter:creator\" content=\"@https:\/\/twitter.com\/box_repsol\" \/>\n<meta name=\"twitter:site\" content=\"@box_repsol\" \/>\n<meta name=\"twitter:label1\" content=\"Written by\" \/>\n\t<meta name=\"twitter:data1\" content=\"Redacci\u00f3n Box Repsol\" \/>\n\t<meta name=\"twitter:label2\" content=\"Est. reading time\" \/>\n\t<meta name=\"twitter:data2\" content=\"3 minutos\" \/>\n<script type=\"application\/ld+json\" class=\"yoast-schema-graph\">{\"@context\":\"https:\\\/\\\/schema.org\",\"@graph\":[{\"@type\":\"Article\",\"@id\":\"https:\\\/\\\/www.boxrepsol.com\\\/es\\\/cultura-motera\\\/te-presentamos-la-cafe-racer-del-equipo-repsol-honda\\\/#article\",\"isPartOf\":{\"@id\":\"https:\\\/\\\/www.boxrepsol.com\\\/es\\\/cultura-motera\\\/te-presentamos-la-cafe-racer-del-equipo-repsol-honda\\\/\"},\"author\":{\"name\":\"Redacci\u00f3n Box Repsol\",\"@id\":\"https:\\\/\\\/www.boxrepsol.com\\\/es\\\/#\\\/schema\\\/person\\\/c5c2138f2cca251b0ad92b7086bb60b7\"},\"headline\":\"Te presentamos la Cafe Racer del Equipo Repsol Honda\",\"datePublished\":\"2018-03-09T02:00:00+00:00\",\"dateModified\":\"2024-05-22T08:05:26+00:00\",\"mainEntityOfPage\":{\"@id\":\"https:\\\/\\\/www.boxrepsol.com\\\/es\\\/cultura-motera\\\/te-presentamos-la-cafe-racer-del-equipo-repsol-honda\\\/\"},\"wordCount\":518,\"commentCount\":0,\"publisher\":{\"@id\":\"https:\\\/\\\/www.boxrepsol.com\\\/es\\\/#organization\"},\"image\":{\"@id\":\"https:\\\/\\\/www.boxrepsol.com\\\/es\\\/cultura-motera\\\/te-presentamos-la-cafe-racer-del-equipo-repsol-honda\\\/#primaryimage\"},\"thumbnailUrl\":\"https:\\\/\\\/bxrepsol.s3.eu-west-1.amazonaws.com\\\/static\\\/2022\\\/08\\\/29080312\\\/header3-1.png\",\"keywords\":[\"tipos de motos\"],\"articleSection\":[\"Cultura Motera\"],\"inLanguage\":\"es\",\"potentialAction\":[{\"@type\":\"CommentAction\",\"name\":\"Comment\",\"target\":[\"https:\\\/\\\/www.boxrepsol.com\\\/es\\\/cultura-motera\\\/te-presentamos-la-cafe-racer-del-equipo-repsol-honda\\\/#respond\"]}]},{\"@type\":\"WebPage\",\"@id\":\"https:\\\/\\\/www.boxrepsol.com\\\/es\\\/cultura-motera\\\/te-presentamos-la-cafe-racer-del-equipo-repsol-honda\\\/\",\"url\":\"https:\\\/\\\/www.boxrepsol.com\\\/es\\\/cultura-motera\\\/te-presentamos-la-cafe-racer-del-equipo-repsol-honda\\\/\",\"name\":\"Descubre la Cafe Racer del Equipo Repsol Honda - Box Repsol\",\"isPartOf\":{\"@id\":\"https:\\\/\\\/www.boxrepsol.com\\\/es\\\/#website\"},\"primaryImageOfPage\":{\"@id\":\"https:\\\/\\\/www.boxrepsol.com\\\/es\\\/cultura-motera\\\/te-presentamos-la-cafe-racer-del-equipo-repsol-honda\\\/#primaryimage\"},\"image\":{\"@id\":\"https:\\\/\\\/www.boxrepsol.com\\\/es\\\/cultura-motera\\\/te-presentamos-la-cafe-racer-del-equipo-repsol-honda\\\/#primaryimage\"},\"thumbnailUrl\":\"https:\\\/\\\/bxrepsol.s3.eu-west-1.amazonaws.com\\\/static\\\/2022\\\/08\\\/29080312\\\/header3-1.png\",\"datePublished\":\"2018-03-09T02:00:00+00:00\",\"dateModified\":\"2024-05-22T08:05:26+00:00\",\"description\":\"En Carolina del Norte (Estados Unidos) vive un hombre capaz de cualquier cosa con una herramienta en las manos. Es un amante de las motos y tiene\",\"breadcrumb\":{\"@id\":\"https:\\\/\\\/www.boxrepsol.com\\\/es\\\/cultura-motera\\\/te-presentamos-la-cafe-racer-del-equipo-repsol-honda\\\/#breadcrumb\"},\"inLanguage\":\"es\",\"potentialAction\":[{\"@type\":\"ReadAction\",\"target\":[\"https:\\\/\\\/www.boxrepsol.com\\\/es\\\/cultura-motera\\\/te-presentamos-la-cafe-racer-del-equipo-repsol-honda\\\/\"]}]},{\"@type\":\"ImageObject\",\"inLanguage\":\"es\",\"@id\":\"https:\\\/\\\/www.boxrepsol.com\\\/es\\\/cultura-motera\\\/te-presentamos-la-cafe-racer-del-equipo-repsol-honda\\\/#primaryimage\",\"url\":\"https:\\\/\\\/bxrepsol.s3.eu-west-1.amazonaws.com\\\/static\\\/2022\\\/08\\\/29080312\\\/header3-1.png\",\"contentUrl\":\"https:\\\/\\\/bxrepsol.s3.eu-west-1.amazonaws.com\\\/static\\\/2022\\\/08\\\/29080312\\\/header3-1.png\",\"width\":986,\"height\":555,\"caption\":\"Composici\u00f3n con CBR y otra moto honda\"},{\"@type\":\"BreadcrumbList\",\"@id\":\"https:\\\/\\\/www.boxrepsol.com\\\/es\\\/cultura-motera\\\/te-presentamos-la-cafe-racer-del-equipo-repsol-honda\\\/#breadcrumb\",\"itemListElement\":[{\"@type\":\"ListItem\",\"position\":1,\"name\":\"Home\",\"item\":\"https:\\\/\\\/www.boxrepsol.com\\\/es\\\/\"},{\"@type\":\"ListItem\",\"position\":2,\"name\":\"Te presentamos la Cafe Racer del Equipo Repsol Honda\"}]},{\"@type\":\"WebSite\",\"@id\":\"https:\\\/\\\/www.boxrepsol.com\\\/es\\\/#website\",\"url\":\"https:\\\/\\\/www.boxrepsol.com\\\/es\\\/\",\"name\":\"Box Repsol\",\"description\":\"Box Repsol Site\",\"publisher\":{\"@id\":\"https:\\\/\\\/www.boxrepsol.com\\\/es\\\/#organization\"},\"potentialAction\":[{\"@type\":\"SearchAction\",\"target\":{\"@type\":\"EntryPoint\",\"urlTemplate\":\"https:\\\/\\\/www.boxrepsol.com\\\/es\\\/?s={search_term_string}\"},\"query-input\":{\"@type\":\"PropertyValueSpecification\",\"valueRequired\":true,\"valueName\":\"search_term_string\"}}],\"inLanguage\":\"es\"},{\"@type\":\"Organization\",\"@id\":\"https:\\\/\\\/www.boxrepsol.com\\\/es\\\/#organization\",\"name\":\"Box Repsol\",\"url\":\"https:\\\/\\\/www.boxrepsol.com\\\/es\\\/\",\"logo\":{\"@type\":\"ImageObject\",\"inLanguage\":\"es\",\"@id\":\"https:\\\/\\\/www.boxrepsol.com\\\/es\\\/#\\\/schema\\\/logo\\\/image\\\/\",\"url\":\"https:\\\/\\\/bxrepsol.s3.eu-west-1.amazonaws.com\\\/static\\\/2025\\\/07\\\/30083337\\\/favicon-96x96-1.png\",\"contentUrl\":\"https:\\\/\\\/bxrepsol.s3.eu-west-1.amazonaws.com\\\/static\\\/2025\\\/07\\\/30083337\\\/favicon-96x96-1.png\",\"width\":96,\"height\":96,\"caption\":\"Box Repsol\"},\"image\":{\"@id\":\"https:\\\/\\\/www.boxrepsol.com\\\/es\\\/#\\\/schema\\\/logo\\\/image\\\/\"},\"sameAs\":[\"https:\\\/\\\/www.facebook.com\\\/BoxRepsol\",\"https:\\\/\\\/x.com\\\/box_repsol\",\"http:\\\/\\\/instagram.com\\\/box_repsol\",\"https:\\\/\\\/www.youtube.com\\\/user\\\/RepsolCompeticion\",\"https:\\\/\\\/www.flickr.com\\\/photos\\\/box_repsol\\\/\"]},{\"@type\":\"Person\",\"@id\":\"https:\\\/\\\/www.boxrepsol.com\\\/es\\\/#\\\/schema\\\/person\\\/c5c2138f2cca251b0ad92b7086bb60b7\",\"name\":\"Redacci\u00f3n Box Repsol\",\"image\":{\"@type\":\"ImageObject\",\"inLanguage\":\"es\",\"@id\":\"https:\\\/\\\/secure.gravatar.com\\\/avatar\\\/adf7b77e38b4419baf32c7e9c21dde01f4e40df611f0978e3006fc4ba0aaab7e?s=96&d=mm&r=g\",\"url\":\"https:\\\/\\\/secure.gravatar.com\\\/avatar\\\/adf7b77e38b4419baf32c7e9c21dde01f4e40df611f0978e3006fc4ba0aaab7e?s=96&d=mm&r=g\",\"contentUrl\":\"https:\\\/\\\/secure.gravatar.com\\\/avatar\\\/adf7b77e38b4419baf32c7e9c21dde01f4e40df611f0978e3006fc4ba0aaab7e?s=96&d=mm&r=g\",\"caption\":\"Redacci\u00f3n Box Repsol\"},\"description\":\"Box Repsol lo forma un equipo de periodistas, community managers, dise\u00f1adores y fot\u00f3grafos con m\u00e1s de 20 a\u00f1os de experiencia en el mundo del motorsport. Hemos vivido el primer mundial de un espa\u00f1ol en la categor\u00eda reina de motociclismo con \u00c1lex Crivill\u00e9, estuvimos en las victorias de Pedrosa y los t\u00edtulos de M\u00e1rquez, acompa\u00f1amos en \u00c1frica a Nani Roma y Marc Coma en sus conquistas del Dakar y hemos vibrado con los t\u00edtulos de Toni Bou en Trial. Adem\u00e1s, en nuestro equipo contamos con expertos en el mundo de las dos y cuatro ruedas tanto de la calle y las carreteras, como de los circuitos. Periodistas que han trabajado en revistas y publicaciones para hacerte llegar desde rutas y consejos de mantenimiento, a curiosidades y trucos de pilotaje.\",\"sameAs\":[\"https:\\\/\\\/www.facebook.com\\\/BoxRepsol\\\/\",\"https:\\\/\\\/www.instagram.com\\\/box_repsol\\\/\",\"https:\\\/\\\/x.com\\\/https:\\\/\\\/twitter.com\\\/box_repsol\",\"https:\\\/\\\/www.youtube.com\\\/@Boxrepsol\"],\"url\":\"https:\\\/\\\/www.boxrepsol.com\\\/es\\\/author\\\/redaccion-box-repsol\\\/\"}]}<\/script>\n<!-- \/ Yoast SEO plugin. -->","yoast_head_json":{"title":"Descubre la Cafe Racer del Equipo Repsol Honda - Box Repsol","description":"En Carolina del Norte (Estados Unidos) vive un hombre capaz de cualquier cosa con una herramienta en las manos. Es un amante de las motos y tiene","canonical":"https:\/\/www.boxrepsol.com\/es\/cultura-motera\/te-presentamos-la-cafe-racer-del-equipo-repsol-honda\/","og_locale":"es_ES","og_type":"article","og_title":"Descubre la Cafe Racer del Equipo Repsol Honda - Box Repsol","og_description":"En Carolina del Norte (Estados Unidos) vive un hombre capaz de cualquier cosa con una herramienta en las manos. Es un amante de las motos y tiene","og_url":"https:\/\/www.boxrepsol.com\/es\/cultura-motera\/te-presentamos-la-cafe-racer-del-equipo-repsol-honda\/","og_site_name":"Box Repsol","article_publisher":"https:\/\/www.facebook.com\/BoxRepsol","article_author":"https:\/\/www.facebook.com\/BoxRepsol\/","article_published_time":"2018-03-09T02:00:00+00:00","article_modified_time":"2024-05-22T08:05:26+00:00","og_image":[{"width":986,"height":555,"url":"https:\/\/bxrepsol.s3.eu-west-1.amazonaws.com\/static\/2022\/08\/29080312\/header3-1.png","type":"image\/png"}],"author":"Redacci\u00f3n Box Repsol","twitter_card":"summary_large_image","twitter_creator":"@https:\/\/twitter.com\/box_repsol","twitter_site":"@box_repsol","twitter_misc":{"Written by":"Redacci\u00f3n Box Repsol","Est. reading time":"3 minutos"},"schema":{"@context":"https:\/\/schema.org","@graph":[{"@type":"Article","@id":"https:\/\/www.boxrepsol.com\/es\/cultura-motera\/te-presentamos-la-cafe-racer-del-equipo-repsol-honda\/#article","isPartOf":{"@id":"https:\/\/www.boxrepsol.com\/es\/cultura-motera\/te-presentamos-la-cafe-racer-del-equipo-repsol-honda\/"},"author":{"name":"Redacci\u00f3n Box Repsol","@id":"https:\/\/www.boxrepsol.com\/es\/#\/schema\/person\/c5c2138f2cca251b0ad92b7086bb60b7"},"headline":"Te presentamos la Cafe Racer del Equipo Repsol Honda","datePublished":"2018-03-09T02:00:00+00:00","dateModified":"2024-05-22T08:05:26+00:00","mainEntityOfPage":{"@id":"https:\/\/www.boxrepsol.com\/es\/cultura-motera\/te-presentamos-la-cafe-racer-del-equipo-repsol-honda\/"},"wordCount":518,"commentCount":0,"publisher":{"@id":"https:\/\/www.boxrepsol.com\/es\/#organization"},"image":{"@id":"https:\/\/www.boxrepsol.com\/es\/cultura-motera\/te-presentamos-la-cafe-racer-del-equipo-repsol-honda\/#primaryimage"},"thumbnailUrl":"https:\/\/bxrepsol.s3.eu-west-1.amazonaws.com\/static\/2022\/08\/29080312\/header3-1.png","keywords":["tipos de motos"],"articleSection":["Cultura Motera"],"inLanguage":"es","potentialAction":[{"@type":"CommentAction","name":"Comment","target":["https:\/\/www.boxrepsol.com\/es\/cultura-motera\/te-presentamos-la-cafe-racer-del-equipo-repsol-honda\/#respond"]}]},{"@type":"WebPage","@id":"https:\/\/www.boxrepsol.com\/es\/cultura-motera\/te-presentamos-la-cafe-racer-del-equipo-repsol-honda\/","url":"https:\/\/www.boxrepsol.com\/es\/cultura-motera\/te-presentamos-la-cafe-racer-del-equipo-repsol-honda\/","name":"Descubre la Cafe Racer del Equipo Repsol Honda - Box Repsol","isPartOf":{"@id":"https:\/\/www.boxrepsol.com\/es\/#website"},"primaryImageOfPage":{"@id":"https:\/\/www.boxrepsol.com\/es\/cultura-motera\/te-presentamos-la-cafe-racer-del-equipo-repsol-honda\/#primaryimage"},"image":{"@id":"https:\/\/www.boxrepsol.com\/es\/cultura-motera\/te-presentamos-la-cafe-racer-del-equipo-repsol-honda\/#primaryimage"},"thumbnailUrl":"https:\/\/bxrepsol.s3.eu-west-1.amazonaws.com\/static\/2022\/08\/29080312\/header3-1.png","datePublished":"2018-03-09T02:00:00+00:00","dateModified":"2024-05-22T08:05:26+00:00","description":"En Carolina del Norte (Estados Unidos) vive un hombre capaz de cualquier cosa con una herramienta en las manos. Es un amante de las motos y tiene","breadcrumb":{"@id":"https:\/\/www.boxrepsol.com\/es\/cultura-motera\/te-presentamos-la-cafe-racer-del-equipo-repsol-honda\/#breadcrumb"},"inLanguage":"es","potentialAction":[{"@type":"ReadAction","target":["https:\/\/www.boxrepsol.com\/es\/cultura-motera\/te-presentamos-la-cafe-racer-del-equipo-repsol-honda\/"]}]},{"@type":"ImageObject","inLanguage":"es","@id":"https:\/\/www.boxrepsol.com\/es\/cultura-motera\/te-presentamos-la-cafe-racer-del-equipo-repsol-honda\/#primaryimage","url":"https:\/\/bxrepsol.s3.eu-west-1.amazonaws.com\/static\/2022\/08\/29080312\/header3-1.png","contentUrl":"https:\/\/bxrepsol.s3.eu-west-1.amazonaws.com\/static\/2022\/08\/29080312\/header3-1.png","width":986,"height":555,"caption":"Composici\u00f3n con CBR y otra moto honda"},{"@type":"BreadcrumbList","@id":"https:\/\/www.boxrepsol.com\/es\/cultura-motera\/te-presentamos-la-cafe-racer-del-equipo-repsol-honda\/#breadcrumb","itemListElement":[{"@type":"ListItem","position":1,"name":"Home","item":"https:\/\/www.boxrepsol.com\/es\/"},{"@type":"ListItem","position":2,"name":"Te presentamos la Cafe Racer del Equipo Repsol Honda"}]},{"@type":"WebSite","@id":"https:\/\/www.boxrepsol.com\/es\/#website","url":"https:\/\/www.boxrepsol.com\/es\/","name":"Box Repsol","description":"Box Repsol Site","publisher":{"@id":"https:\/\/www.boxrepsol.com\/es\/#organization"},"potentialAction":[{"@type":"SearchAction","target":{"@type":"EntryPoint","urlTemplate":"https:\/\/www.boxrepsol.com\/es\/?s={search_term_string}"},"query-input":{"@type":"PropertyValueSpecification","valueRequired":true,"valueName":"search_term_string"}}],"inLanguage":"es"},{"@type":"Organization","@id":"https:\/\/www.boxrepsol.com\/es\/#organization","name":"Box Repsol","url":"https:\/\/www.boxrepsol.com\/es\/","logo":{"@type":"ImageObject","inLanguage":"es","@id":"https:\/\/www.boxrepsol.com\/es\/#\/schema\/logo\/image\/","url":"https:\/\/bxrepsol.s3.eu-west-1.amazonaws.com\/static\/2025\/07\/30083337\/favicon-96x96-1.png","contentUrl":"https:\/\/bxrepsol.s3.eu-west-1.amazonaws.com\/static\/2025\/07\/30083337\/favicon-96x96-1.png","width":96,"height":96,"caption":"Box Repsol"},"image":{"@id":"https:\/\/www.boxrepsol.com\/es\/#\/schema\/logo\/image\/"},"sameAs":["https:\/\/www.facebook.com\/BoxRepsol","https:\/\/x.com\/box_repsol","http:\/\/instagram.com\/box_repsol","https:\/\/www.youtube.com\/user\/RepsolCompeticion","https:\/\/www.flickr.com\/photos\/box_repsol\/"]},{"@type":"Person","@id":"https:\/\/www.boxrepsol.com\/es\/#\/schema\/person\/c5c2138f2cca251b0ad92b7086bb60b7","name":"Redacci\u00f3n Box Repsol","image":{"@type":"ImageObject","inLanguage":"es","@id":"https:\/\/secure.gravatar.com\/avatar\/adf7b77e38b4419baf32c7e9c21dde01f4e40df611f0978e3006fc4ba0aaab7e?s=96&d=mm&r=g","url":"https:\/\/secure.gravatar.com\/avatar\/adf7b77e38b4419baf32c7e9c21dde01f4e40df611f0978e3006fc4ba0aaab7e?s=96&d=mm&r=g","contentUrl":"https:\/\/secure.gravatar.com\/avatar\/adf7b77e38b4419baf32c7e9c21dde01f4e40df611f0978e3006fc4ba0aaab7e?s=96&d=mm&r=g","caption":"Redacci\u00f3n Box Repsol"},"description":"Box Repsol lo forma un equipo de periodistas, community managers, dise\u00f1adores y fot\u00f3grafos con m\u00e1s de 20 a\u00f1os de experiencia en el mundo del motorsport. Hemos vivido el primer mundial de un espa\u00f1ol en la categor\u00eda reina de motociclismo con \u00c1lex Crivill\u00e9, estuvimos en las victorias de Pedrosa y los t\u00edtulos de M\u00e1rquez, acompa\u00f1amos en \u00c1frica a Nani Roma y Marc Coma en sus conquistas del Dakar y hemos vibrado con los t\u00edtulos de Toni Bou en Trial. Adem\u00e1s, en nuestro equipo contamos con expertos en el mundo de las dos y cuatro ruedas tanto de la calle y las carreteras, como de los circuitos. Periodistas que han trabajado en revistas y publicaciones para hacerte llegar desde rutas y consejos de mantenimiento, a curiosidades y trucos de pilotaje.","sameAs":["https:\/\/www.facebook.com\/BoxRepsol\/","https:\/\/www.instagram.com\/box_repsol\/","https:\/\/x.com\/https:\/\/twitter.com\/box_repsol","https:\/\/www.youtube.com\/@Boxrepsol"],"url":"https:\/\/www.boxrepsol.com\/es\/author\/redaccion-box-repsol\/"}]}},"_links":{"self":[{"href":"https:\/\/www.boxrepsol.com\/es\/wp-json\/wp\/v2\/posts\/92925","targetHints":{"allow":["GET"]}}],"collection":[{"href":"https:\/\/www.boxrepsol.com\/es\/wp-json\/wp\/v2\/posts"}],"about":[{"href":"https:\/\/www.boxrepsol.com\/es\/wp-json\/wp\/v2\/types\/post"}],"author":[{"embeddable":true,"href":"https:\/\/www.boxrepsol.com\/es\/wp-json\/wp\/v2\/users\/43146"}],"replies":[{"embeddable":true,"href":"https:\/\/www.boxrepsol.com\/es\/wp-json\/wp\/v2\/comments?post=92925"}],"version-history":[{"count":2,"href":"https:\/\/www.boxrepsol.com\/es\/wp-json\/wp\/v2\/posts\/92925\/revisions"}],"predecessor-version":[{"id":110919,"href":"https:\/\/www.boxrepsol.com\/es\/wp-json\/wp\/v2\/posts\/92925\/revisions\/110919"}],"wp:featuredmedia":[{"embeddable":true,"href":"https:\/\/www.boxrepsol.com\/es\/wp-json\/wp\/v2\/media\/57305"}],"wp:attachment":[{"href":"https:\/\/www.boxrepsol.com\/es\/wp-json\/wp\/v2\/media?parent=92925"}],"wp:term":[{"taxonomy":"category","embeddable":true,"href":"https:\/\/www.boxrepsol.com\/es\/wp-json\/wp\/v2\/categories?post=92925"},{"taxonomy":"post_tag","embeddable":true,"href":"https:\/\/www.boxrepsol.com\/es\/wp-json\/wp\/v2\/tags?post=92925"}],"curies":[{"name":"wp","href":"https:\/\/api.w.org\/{rel}","templated":true}]}}