{"id":92921,"date":"2018-03-07T00:00:00","date_gmt":"2018-03-07T02:00:00","guid":{"rendered":"http:\/\/pre.boxrepsol.com\/sin-categorizar\/la-pretemporada-de-marquez-y-pedrosa-en-numeros\/"},"modified":"2024-05-21T07:58:11","modified_gmt":"2024-05-21T09:58:11","slug":"la-pretemporada-de-marquez-y-pedrosa-en-numeros","status":"publish","type":"post","link":"https:\/\/www.boxrepsol.com\/es\/motogp\/la-pretemporada-de-marquez-y-pedrosa-en-numeros\/","title":{"rendered":"La pretemporada de M\u00e1rquez y Pedrosa, en n\u00fameros"},"content":{"rendered":"<blockquote>\n<p>#repsolhondateam Pretemporada en n\u00fameros<\/p>\n<p>            <a href=\"http:\/\/twitter.com\/share?text=%23repsolhondateam+Pretemporada+en+n%C3%BAmeros&#038;url=https%3A%2F%2Fwww.boxrepsol.com%2Fes%2Fmotogp%2Fla-pretemporada-de-marquez-y-pedrosa-en-numeros%2F&#038;hashtags=\" target=\"_blank\" data-datalayer='{\"event\": \"socialInteraction\", \"socialNetwork\": \"Twitter\", \"socialAction\": \"Compartir\", \"socialTarget\": \"Frase\"}' rel=\"noopener\"><br \/>\n            twittear        <\/a>\n        <\/p><\/blockquote>\n<p>\u00bfCu\u00e1ntos kil\u00f3metros han recorrido Marc M\u00e1rquez y Dani Pedrosa durante la pretemporada? \u00bfCu\u00e1ntos neum\u00e1ticos han utilizado? En un plazo de cinco semanas, el equipo Repsol Honda ha completado una productiva pretemporada que les ha llevado a visitar tres circuitos distintos en nueve d\u00edas de pruebas.<\/p>\n<p>\t\t\t\t<img decoding=\"async\" src=\"https:\/\/bxrepsol.s3.eu-west-1.amazonaws.com\/static\/2022\/08\/29080255\/pretemporada-1.jpg\" alt=\"Infografia_Test_2\" itemprop=\"image\"  \/><\/p>\n<p>Desde que el pasado 28 de enero terminase la limitaci\u00f3n invernal de pilotar las MotoGP, el vigente Campe\u00f3n del Mundo y su compa\u00f1ero de equipo han rodado en tres pa\u00edses diferentes \u2013Malasia, Tailandia y Catar\u2013, han realizado su primera toma de contacto con el Circuito Internacional de Buriram y han pasado de los 35\u00baC alcanzados en el trazado tailand\u00e9s, a los 21\u00baC de la noche catar\u00ed. Han rodado tanto en seco como en mojado y ambos han exhibido un gran ritmo, mostr\u00e1ndose competitivos en los distintos escenarios por los que han pasado.<\/p>\n<p>Adem\u00e1s de completar miles de kil\u00f3metros de pruebas, fuera de la pista han tenido que atender los compromisos con la prensa tanto en Madrid, donde volaron en el t\u00fanel del viento m\u00e1s grande de Europa, como en Indonesia, escenario de la presentaci\u00f3n del equipo Repsol Honda. Han sido cinco intensas semanas que desembocar\u00e1n, dentro de diez d\u00edas, en el primer Gran Premio del a\u00f1o en Catar.<\/p>\n","protected":false},"excerpt":{"rendered":"<p>Los pilotos del Repsol Honda iniciar\u00e1n el Mundial de MotoGP la pr\u00f3xima semana tras dos intensos meses de pruebas en Malasia, Tailandia y Catar.<\/p>\n","protected":false},"author":43146,"featured_media":57273,"comment_status":"open","ping_status":"open","sticky":false,"template":"","format":"standard","meta":{"footnotes":""},"categories":[4],"tags":[15],"class_list":["post-92921","post","type-post","status-publish","format-standard","hentry","category-motogp","tag-pretemporada"],"yoast_head":"<!-- This site is optimized with the Yoast SEO plugin v27.3 - https:\/\/yoast.com\/product\/yoast-seo-wordpress\/ -->\n<title>La pretemporada de M\u00e1rquez y Pedrosa, en n\u00fameros - Box Repsol<\/title>\n<meta name=\"description\" content=\"Los pilotos del Repsol Honda iniciar\u00e1n el Mundial de MotoGP la pr\u00f3xima semana tras dos intensos meses de pruebas en Malasia, Tailandia y Catar.\" \/>\n<link rel=\"canonical\" href=\"https:\/\/www.boxrepsol.com\/es\/motogp\/la-pretemporada-de-marquez-y-pedrosa-en-numeros\/\" \/>\n<meta property=\"og:locale\" content=\"es_ES\" \/>\n<meta property=\"og:type\" content=\"article\" \/>\n<meta property=\"og:title\" content=\"La pretemporada de M\u00e1rquez y Pedrosa, en n\u00fameros - Box Repsol\" \/>\n<meta property=\"og:description\" content=\"Los pilotos del Repsol Honda iniciar\u00e1n el Mundial de MotoGP la pr\u00f3xima semana tras dos intensos meses de pruebas en Malasia, Tailandia y Catar.\" \/>\n<meta property=\"og:url\" content=\"https:\/\/www.boxrepsol.com\/es\/motogp\/la-pretemporada-de-marquez-y-pedrosa-en-numeros\/\" \/>\n<meta property=\"og:site_name\" content=\"Box Repsol\" \/>\n<meta property=\"article:publisher\" content=\"https:\/\/www.facebook.com\/BoxRepsol\" \/>\n<meta property=\"article:author\" content=\"https:\/\/www.facebook.com\/BoxRepsol\/\" \/>\n<meta property=\"article:published_time\" content=\"2018-03-07T02:00:00+00:00\" \/>\n<meta property=\"article:modified_time\" content=\"2024-05-21T09:58:11+00:00\" \/>\n<meta property=\"og:image\" content=\"https:\/\/bxrepsol.s3.eu-west-1.amazonaws.com\/static\/2022\/08\/29080257\/00_marc_dani_motogp_repsol_honda.jpg\" \/>\n\t<meta property=\"og:image:width\" content=\"995\" \/>\n\t<meta property=\"og:image:height\" content=\"560\" \/>\n\t<meta property=\"og:image:type\" content=\"image\/jpeg\" \/>\n<meta name=\"author\" content=\"Redacci\u00f3n Box Repsol\" \/>\n<meta name=\"twitter:card\" content=\"summary_large_image\" \/>\n<meta name=\"twitter:creator\" content=\"@https:\/\/twitter.com\/box_repsol\" \/>\n<meta name=\"twitter:site\" content=\"@box_repsol\" \/>\n<meta name=\"twitter:label1\" content=\"Written by\" \/>\n\t<meta name=\"twitter:data1\" content=\"Redacci\u00f3n Box Repsol\" \/>\n\t<meta name=\"twitter:label2\" content=\"Est. reading time\" \/>\n\t<meta name=\"twitter:data2\" content=\"1 minuto\" \/>\n<script type=\"application\/ld+json\" class=\"yoast-schema-graph\">{\"@context\":\"https:\\\/\\\/schema.org\",\"@graph\":[{\"@type\":\"Article\",\"@id\":\"https:\\\/\\\/www.boxrepsol.com\\\/es\\\/motogp\\\/la-pretemporada-de-marquez-y-pedrosa-en-numeros\\\/#article\",\"isPartOf\":{\"@id\":\"https:\\\/\\\/www.boxrepsol.com\\\/es\\\/motogp\\\/la-pretemporada-de-marquez-y-pedrosa-en-numeros\\\/\"},\"author\":{\"name\":\"Redacci\u00f3n Box Repsol\",\"@id\":\"https:\\\/\\\/www.boxrepsol.com\\\/es\\\/#\\\/schema\\\/person\\\/c5c2138f2cca251b0ad92b7086bb60b7\"},\"headline\":\"La pretemporada de M\u00e1rquez y Pedrosa, en n\u00fameros\",\"datePublished\":\"2018-03-07T02:00:00+00:00\",\"dateModified\":\"2024-05-21T09:58:11+00:00\",\"mainEntityOfPage\":{\"@id\":\"https:\\\/\\\/www.boxrepsol.com\\\/es\\\/motogp\\\/la-pretemporada-de-marquez-y-pedrosa-en-numeros\\\/\"},\"wordCount\":238,\"commentCount\":0,\"publisher\":{\"@id\":\"https:\\\/\\\/www.boxrepsol.com\\\/es\\\/#organization\"},\"image\":{\"@id\":\"https:\\\/\\\/www.boxrepsol.com\\\/es\\\/motogp\\\/la-pretemporada-de-marquez-y-pedrosa-en-numeros\\\/#primaryimage\"},\"thumbnailUrl\":\"https:\\\/\\\/bxrepsol.s3.eu-west-1.amazonaws.com\\\/static\\\/2022\\\/08\\\/29080257\\\/00_marc_dani_motogp_repsol_honda.jpg\",\"keywords\":[\"pretemporada\"],\"articleSection\":[\"MotoGP\"],\"inLanguage\":\"es\",\"potentialAction\":[{\"@type\":\"CommentAction\",\"name\":\"Comment\",\"target\":[\"https:\\\/\\\/www.boxrepsol.com\\\/es\\\/motogp\\\/la-pretemporada-de-marquez-y-pedrosa-en-numeros\\\/#respond\"]}]},{\"@type\":\"WebPage\",\"@id\":\"https:\\\/\\\/www.boxrepsol.com\\\/es\\\/motogp\\\/la-pretemporada-de-marquez-y-pedrosa-en-numeros\\\/\",\"url\":\"https:\\\/\\\/www.boxrepsol.com\\\/es\\\/motogp\\\/la-pretemporada-de-marquez-y-pedrosa-en-numeros\\\/\",\"name\":\"La pretemporada de M\u00e1rquez y Pedrosa, en n\u00fameros - Box Repsol\",\"isPartOf\":{\"@id\":\"https:\\\/\\\/www.boxrepsol.com\\\/es\\\/#website\"},\"primaryImageOfPage\":{\"@id\":\"https:\\\/\\\/www.boxrepsol.com\\\/es\\\/motogp\\\/la-pretemporada-de-marquez-y-pedrosa-en-numeros\\\/#primaryimage\"},\"image\":{\"@id\":\"https:\\\/\\\/www.boxrepsol.com\\\/es\\\/motogp\\\/la-pretemporada-de-marquez-y-pedrosa-en-numeros\\\/#primaryimage\"},\"thumbnailUrl\":\"https:\\\/\\\/bxrepsol.s3.eu-west-1.amazonaws.com\\\/static\\\/2022\\\/08\\\/29080257\\\/00_marc_dani_motogp_repsol_honda.jpg\",\"datePublished\":\"2018-03-07T02:00:00+00:00\",\"dateModified\":\"2024-05-21T09:58:11+00:00\",\"description\":\"Los pilotos del Repsol Honda iniciar\u00e1n el Mundial de MotoGP la pr\u00f3xima semana tras dos intensos meses de pruebas en Malasia, Tailandia y Catar.\",\"breadcrumb\":{\"@id\":\"https:\\\/\\\/www.boxrepsol.com\\\/es\\\/motogp\\\/la-pretemporada-de-marquez-y-pedrosa-en-numeros\\\/#breadcrumb\"},\"inLanguage\":\"es\",\"potentialAction\":[{\"@type\":\"ReadAction\",\"target\":[\"https:\\\/\\\/www.boxrepsol.com\\\/es\\\/motogp\\\/la-pretemporada-de-marquez-y-pedrosa-en-numeros\\\/\"]}]},{\"@type\":\"ImageObject\",\"inLanguage\":\"es\",\"@id\":\"https:\\\/\\\/www.boxrepsol.com\\\/es\\\/motogp\\\/la-pretemporada-de-marquez-y-pedrosa-en-numeros\\\/#primaryimage\",\"url\":\"https:\\\/\\\/bxrepsol.s3.eu-west-1.amazonaws.com\\\/static\\\/2022\\\/08\\\/29080257\\\/00_marc_dani_motogp_repsol_honda.jpg\",\"contentUrl\":\"https:\\\/\\\/bxrepsol.s3.eu-west-1.amazonaws.com\\\/static\\\/2022\\\/08\\\/29080257\\\/00_marc_dani_motogp_repsol_honda.jpg\",\"width\":995,\"height\":560,\"caption\":\"Composici\u00f3n de Marc M\u00e1rquez y Dani Pedrosa en 2018\"},{\"@type\":\"BreadcrumbList\",\"@id\":\"https:\\\/\\\/www.boxrepsol.com\\\/es\\\/motogp\\\/la-pretemporada-de-marquez-y-pedrosa-en-numeros\\\/#breadcrumb\",\"itemListElement\":[{\"@type\":\"ListItem\",\"position\":1,\"name\":\"Home\",\"item\":\"https:\\\/\\\/www.boxrepsol.com\\\/es\\\/\"},{\"@type\":\"ListItem\",\"position\":2,\"name\":\"La pretemporada de M\u00e1rquez y Pedrosa, en n\u00fameros\"}]},{\"@type\":\"WebSite\",\"@id\":\"https:\\\/\\\/www.boxrepsol.com\\\/es\\\/#website\",\"url\":\"https:\\\/\\\/www.boxrepsol.com\\\/es\\\/\",\"name\":\"Box Repsol\",\"description\":\"Box Repsol Site\",\"publisher\":{\"@id\":\"https:\\\/\\\/www.boxrepsol.com\\\/es\\\/#organization\"},\"potentialAction\":[{\"@type\":\"SearchAction\",\"target\":{\"@type\":\"EntryPoint\",\"urlTemplate\":\"https:\\\/\\\/www.boxrepsol.com\\\/es\\\/?s={search_term_string}\"},\"query-input\":{\"@type\":\"PropertyValueSpecification\",\"valueRequired\":true,\"valueName\":\"search_term_string\"}}],\"inLanguage\":\"es\"},{\"@type\":\"Organization\",\"@id\":\"https:\\\/\\\/www.boxrepsol.com\\\/es\\\/#organization\",\"name\":\"Box Repsol\",\"url\":\"https:\\\/\\\/www.boxrepsol.com\\\/es\\\/\",\"logo\":{\"@type\":\"ImageObject\",\"inLanguage\":\"es\",\"@id\":\"https:\\\/\\\/www.boxrepsol.com\\\/es\\\/#\\\/schema\\\/logo\\\/image\\\/\",\"url\":\"https:\\\/\\\/bxrepsol.s3.eu-west-1.amazonaws.com\\\/static\\\/2025\\\/07\\\/30083337\\\/favicon-96x96-1.png\",\"contentUrl\":\"https:\\\/\\\/bxrepsol.s3.eu-west-1.amazonaws.com\\\/static\\\/2025\\\/07\\\/30083337\\\/favicon-96x96-1.png\",\"width\":96,\"height\":96,\"caption\":\"Box Repsol\"},\"image\":{\"@id\":\"https:\\\/\\\/www.boxrepsol.com\\\/es\\\/#\\\/schema\\\/logo\\\/image\\\/\"},\"sameAs\":[\"https:\\\/\\\/www.facebook.com\\\/BoxRepsol\",\"https:\\\/\\\/x.com\\\/box_repsol\",\"http:\\\/\\\/instagram.com\\\/box_repsol\",\"https:\\\/\\\/www.youtube.com\\\/user\\\/RepsolCompeticion\",\"https:\\\/\\\/www.flickr.com\\\/photos\\\/box_repsol\\\/\"]},{\"@type\":\"Person\",\"@id\":\"https:\\\/\\\/www.boxrepsol.com\\\/es\\\/#\\\/schema\\\/person\\\/c5c2138f2cca251b0ad92b7086bb60b7\",\"name\":\"Redacci\u00f3n Box Repsol\",\"image\":{\"@type\":\"ImageObject\",\"inLanguage\":\"es\",\"@id\":\"https:\\\/\\\/secure.gravatar.com\\\/avatar\\\/adf7b77e38b4419baf32c7e9c21dde01f4e40df611f0978e3006fc4ba0aaab7e?s=96&d=mm&r=g\",\"url\":\"https:\\\/\\\/secure.gravatar.com\\\/avatar\\\/adf7b77e38b4419baf32c7e9c21dde01f4e40df611f0978e3006fc4ba0aaab7e?s=96&d=mm&r=g\",\"contentUrl\":\"https:\\\/\\\/secure.gravatar.com\\\/avatar\\\/adf7b77e38b4419baf32c7e9c21dde01f4e40df611f0978e3006fc4ba0aaab7e?s=96&d=mm&r=g\",\"caption\":\"Redacci\u00f3n Box Repsol\"},\"description\":\"Box Repsol lo forma un equipo de periodistas, community managers, dise\u00f1adores y fot\u00f3grafos con m\u00e1s de 20 a\u00f1os de experiencia en el mundo del motorsport. Hemos vivido el primer mundial de un espa\u00f1ol en la categor\u00eda reina de motociclismo con \u00c1lex Crivill\u00e9, estuvimos en las victorias de Pedrosa y los t\u00edtulos de M\u00e1rquez, acompa\u00f1amos en \u00c1frica a Nani Roma y Marc Coma en sus conquistas del Dakar y hemos vibrado con los t\u00edtulos de Toni Bou en Trial. Adem\u00e1s, en nuestro equipo contamos con expertos en el mundo de las dos y cuatro ruedas tanto de la calle y las carreteras, como de los circuitos. Periodistas que han trabajado en revistas y publicaciones para hacerte llegar desde rutas y consejos de mantenimiento, a curiosidades y trucos de pilotaje.\",\"sameAs\":[\"https:\\\/\\\/www.facebook.com\\\/BoxRepsol\\\/\",\"https:\\\/\\\/www.instagram.com\\\/box_repsol\\\/\",\"https:\\\/\\\/x.com\\\/https:\\\/\\\/twitter.com\\\/box_repsol\",\"https:\\\/\\\/www.youtube.com\\\/@Boxrepsol\"],\"url\":\"https:\\\/\\\/www.boxrepsol.com\\\/es\\\/author\\\/redaccion-box-repsol\\\/\"}]}<\/script>\n<!-- \/ Yoast SEO plugin. -->","yoast_head_json":{"title":"La pretemporada de M\u00e1rquez y Pedrosa, en n\u00fameros - Box Repsol","description":"Los pilotos del Repsol Honda iniciar\u00e1n el Mundial de MotoGP la pr\u00f3xima semana tras dos intensos meses de pruebas en Malasia, Tailandia y Catar.","canonical":"https:\/\/www.boxrepsol.com\/es\/motogp\/la-pretemporada-de-marquez-y-pedrosa-en-numeros\/","og_locale":"es_ES","og_type":"article","og_title":"La pretemporada de M\u00e1rquez y Pedrosa, en n\u00fameros - Box Repsol","og_description":"Los pilotos del Repsol Honda iniciar\u00e1n el Mundial de MotoGP la pr\u00f3xima semana tras dos intensos meses de pruebas en Malasia, Tailandia y Catar.","og_url":"https:\/\/www.boxrepsol.com\/es\/motogp\/la-pretemporada-de-marquez-y-pedrosa-en-numeros\/","og_site_name":"Box Repsol","article_publisher":"https:\/\/www.facebook.com\/BoxRepsol","article_author":"https:\/\/www.facebook.com\/BoxRepsol\/","article_published_time":"2018-03-07T02:00:00+00:00","article_modified_time":"2024-05-21T09:58:11+00:00","og_image":[{"width":995,"height":560,"url":"https:\/\/bxrepsol.s3.eu-west-1.amazonaws.com\/static\/2022\/08\/29080257\/00_marc_dani_motogp_repsol_honda.jpg","type":"image\/jpeg"}],"author":"Redacci\u00f3n Box Repsol","twitter_card":"summary_large_image","twitter_creator":"@https:\/\/twitter.com\/box_repsol","twitter_site":"@box_repsol","twitter_misc":{"Written by":"Redacci\u00f3n Box Repsol","Est. reading time":"1 minuto"},"schema":{"@context":"https:\/\/schema.org","@graph":[{"@type":"Article","@id":"https:\/\/www.boxrepsol.com\/es\/motogp\/la-pretemporada-de-marquez-y-pedrosa-en-numeros\/#article","isPartOf":{"@id":"https:\/\/www.boxrepsol.com\/es\/motogp\/la-pretemporada-de-marquez-y-pedrosa-en-numeros\/"},"author":{"name":"Redacci\u00f3n Box Repsol","@id":"https:\/\/www.boxrepsol.com\/es\/#\/schema\/person\/c5c2138f2cca251b0ad92b7086bb60b7"},"headline":"La pretemporada de M\u00e1rquez y Pedrosa, en n\u00fameros","datePublished":"2018-03-07T02:00:00+00:00","dateModified":"2024-05-21T09:58:11+00:00","mainEntityOfPage":{"@id":"https:\/\/www.boxrepsol.com\/es\/motogp\/la-pretemporada-de-marquez-y-pedrosa-en-numeros\/"},"wordCount":238,"commentCount":0,"publisher":{"@id":"https:\/\/www.boxrepsol.com\/es\/#organization"},"image":{"@id":"https:\/\/www.boxrepsol.com\/es\/motogp\/la-pretemporada-de-marquez-y-pedrosa-en-numeros\/#primaryimage"},"thumbnailUrl":"https:\/\/bxrepsol.s3.eu-west-1.amazonaws.com\/static\/2022\/08\/29080257\/00_marc_dani_motogp_repsol_honda.jpg","keywords":["pretemporada"],"articleSection":["MotoGP"],"inLanguage":"es","potentialAction":[{"@type":"CommentAction","name":"Comment","target":["https:\/\/www.boxrepsol.com\/es\/motogp\/la-pretemporada-de-marquez-y-pedrosa-en-numeros\/#respond"]}]},{"@type":"WebPage","@id":"https:\/\/www.boxrepsol.com\/es\/motogp\/la-pretemporada-de-marquez-y-pedrosa-en-numeros\/","url":"https:\/\/www.boxrepsol.com\/es\/motogp\/la-pretemporada-de-marquez-y-pedrosa-en-numeros\/","name":"La pretemporada de M\u00e1rquez y Pedrosa, en n\u00fameros - Box Repsol","isPartOf":{"@id":"https:\/\/www.boxrepsol.com\/es\/#website"},"primaryImageOfPage":{"@id":"https:\/\/www.boxrepsol.com\/es\/motogp\/la-pretemporada-de-marquez-y-pedrosa-en-numeros\/#primaryimage"},"image":{"@id":"https:\/\/www.boxrepsol.com\/es\/motogp\/la-pretemporada-de-marquez-y-pedrosa-en-numeros\/#primaryimage"},"thumbnailUrl":"https:\/\/bxrepsol.s3.eu-west-1.amazonaws.com\/static\/2022\/08\/29080257\/00_marc_dani_motogp_repsol_honda.jpg","datePublished":"2018-03-07T02:00:00+00:00","dateModified":"2024-05-21T09:58:11+00:00","description":"Los pilotos del Repsol Honda iniciar\u00e1n el Mundial de MotoGP la pr\u00f3xima semana tras dos intensos meses de pruebas en Malasia, Tailandia y Catar.","breadcrumb":{"@id":"https:\/\/www.boxrepsol.com\/es\/motogp\/la-pretemporada-de-marquez-y-pedrosa-en-numeros\/#breadcrumb"},"inLanguage":"es","potentialAction":[{"@type":"ReadAction","target":["https:\/\/www.boxrepsol.com\/es\/motogp\/la-pretemporada-de-marquez-y-pedrosa-en-numeros\/"]}]},{"@type":"ImageObject","inLanguage":"es","@id":"https:\/\/www.boxrepsol.com\/es\/motogp\/la-pretemporada-de-marquez-y-pedrosa-en-numeros\/#primaryimage","url":"https:\/\/bxrepsol.s3.eu-west-1.amazonaws.com\/static\/2022\/08\/29080257\/00_marc_dani_motogp_repsol_honda.jpg","contentUrl":"https:\/\/bxrepsol.s3.eu-west-1.amazonaws.com\/static\/2022\/08\/29080257\/00_marc_dani_motogp_repsol_honda.jpg","width":995,"height":560,"caption":"Composici\u00f3n de Marc M\u00e1rquez y Dani Pedrosa en 2018"},{"@type":"BreadcrumbList","@id":"https:\/\/www.boxrepsol.com\/es\/motogp\/la-pretemporada-de-marquez-y-pedrosa-en-numeros\/#breadcrumb","itemListElement":[{"@type":"ListItem","position":1,"name":"Home","item":"https:\/\/www.boxrepsol.com\/es\/"},{"@type":"ListItem","position":2,"name":"La pretemporada de M\u00e1rquez y Pedrosa, en n\u00fameros"}]},{"@type":"WebSite","@id":"https:\/\/www.boxrepsol.com\/es\/#website","url":"https:\/\/www.boxrepsol.com\/es\/","name":"Box Repsol","description":"Box Repsol Site","publisher":{"@id":"https:\/\/www.boxrepsol.com\/es\/#organization"},"potentialAction":[{"@type":"SearchAction","target":{"@type":"EntryPoint","urlTemplate":"https:\/\/www.boxrepsol.com\/es\/?s={search_term_string}"},"query-input":{"@type":"PropertyValueSpecification","valueRequired":true,"valueName":"search_term_string"}}],"inLanguage":"es"},{"@type":"Organization","@id":"https:\/\/www.boxrepsol.com\/es\/#organization","name":"Box Repsol","url":"https:\/\/www.boxrepsol.com\/es\/","logo":{"@type":"ImageObject","inLanguage":"es","@id":"https:\/\/www.boxrepsol.com\/es\/#\/schema\/logo\/image\/","url":"https:\/\/bxrepsol.s3.eu-west-1.amazonaws.com\/static\/2025\/07\/30083337\/favicon-96x96-1.png","contentUrl":"https:\/\/bxrepsol.s3.eu-west-1.amazonaws.com\/static\/2025\/07\/30083337\/favicon-96x96-1.png","width":96,"height":96,"caption":"Box Repsol"},"image":{"@id":"https:\/\/www.boxrepsol.com\/es\/#\/schema\/logo\/image\/"},"sameAs":["https:\/\/www.facebook.com\/BoxRepsol","https:\/\/x.com\/box_repsol","http:\/\/instagram.com\/box_repsol","https:\/\/www.youtube.com\/user\/RepsolCompeticion","https:\/\/www.flickr.com\/photos\/box_repsol\/"]},{"@type":"Person","@id":"https:\/\/www.boxrepsol.com\/es\/#\/schema\/person\/c5c2138f2cca251b0ad92b7086bb60b7","name":"Redacci\u00f3n Box Repsol","image":{"@type":"ImageObject","inLanguage":"es","@id":"https:\/\/secure.gravatar.com\/avatar\/adf7b77e38b4419baf32c7e9c21dde01f4e40df611f0978e3006fc4ba0aaab7e?s=96&d=mm&r=g","url":"https:\/\/secure.gravatar.com\/avatar\/adf7b77e38b4419baf32c7e9c21dde01f4e40df611f0978e3006fc4ba0aaab7e?s=96&d=mm&r=g","contentUrl":"https:\/\/secure.gravatar.com\/avatar\/adf7b77e38b4419baf32c7e9c21dde01f4e40df611f0978e3006fc4ba0aaab7e?s=96&d=mm&r=g","caption":"Redacci\u00f3n Box Repsol"},"description":"Box Repsol lo forma un equipo de periodistas, community managers, dise\u00f1adores y fot\u00f3grafos con m\u00e1s de 20 a\u00f1os de experiencia en el mundo del motorsport. Hemos vivido el primer mundial de un espa\u00f1ol en la categor\u00eda reina de motociclismo con \u00c1lex Crivill\u00e9, estuvimos en las victorias de Pedrosa y los t\u00edtulos de M\u00e1rquez, acompa\u00f1amos en \u00c1frica a Nani Roma y Marc Coma en sus conquistas del Dakar y hemos vibrado con los t\u00edtulos de Toni Bou en Trial. Adem\u00e1s, en nuestro equipo contamos con expertos en el mundo de las dos y cuatro ruedas tanto de la calle y las carreteras, como de los circuitos. Periodistas que han trabajado en revistas y publicaciones para hacerte llegar desde rutas y consejos de mantenimiento, a curiosidades y trucos de pilotaje.","sameAs":["https:\/\/www.facebook.com\/BoxRepsol\/","https:\/\/www.instagram.com\/box_repsol\/","https:\/\/x.com\/https:\/\/twitter.com\/box_repsol","https:\/\/www.youtube.com\/@Boxrepsol"],"url":"https:\/\/www.boxrepsol.com\/es\/author\/redaccion-box-repsol\/"}]}},"_links":{"self":[{"href":"https:\/\/www.boxrepsol.com\/es\/wp-json\/wp\/v2\/posts\/92921","targetHints":{"allow":["GET"]}}],"collection":[{"href":"https:\/\/www.boxrepsol.com\/es\/wp-json\/wp\/v2\/posts"}],"about":[{"href":"https:\/\/www.boxrepsol.com\/es\/wp-json\/wp\/v2\/types\/post"}],"author":[{"embeddable":true,"href":"https:\/\/www.boxrepsol.com\/es\/wp-json\/wp\/v2\/users\/43146"}],"replies":[{"embeddable":true,"href":"https:\/\/www.boxrepsol.com\/es\/wp-json\/wp\/v2\/comments?post=92921"}],"version-history":[{"count":1,"href":"https:\/\/www.boxrepsol.com\/es\/wp-json\/wp\/v2\/posts\/92921\/revisions"}],"predecessor-version":[{"id":92922,"href":"https:\/\/www.boxrepsol.com\/es\/wp-json\/wp\/v2\/posts\/92921\/revisions\/92922"}],"wp:featuredmedia":[{"embeddable":true,"href":"https:\/\/www.boxrepsol.com\/es\/wp-json\/wp\/v2\/media\/57273"}],"wp:attachment":[{"href":"https:\/\/www.boxrepsol.com\/es\/wp-json\/wp\/v2\/media?parent=92921"}],"wp:term":[{"taxonomy":"category","embeddable":true,"href":"https:\/\/www.boxrepsol.com\/es\/wp-json\/wp\/v2\/categories?post=92921"},{"taxonomy":"post_tag","embeddable":true,"href":"https:\/\/www.boxrepsol.com\/es\/wp-json\/wp\/v2\/tags?post=92921"}],"curies":[{"name":"wp","href":"https:\/\/api.w.org\/{rel}","templated":true}]}}