{"id":92909,"date":"2018-03-05T00:00:00","date_gmt":"2018-03-05T02:00:00","guid":{"rendered":"http:\/\/pre.boxrepsol.com\/sin-categorizar\/productivo-segundo-dia-pruebas-catar-repsol-honda\/"},"modified":"2024-05-21T07:58:44","modified_gmt":"2024-05-21T09:58:44","slug":"productivo-segundo-dia-pruebas-catar-repsol-honda","status":"publish","type":"post","link":"https:\/\/www.boxrepsol.com\/es\/motogp\/productivo-segundo-dia-pruebas-catar-repsol-honda\/","title":{"rendered":"Productivo segundo d\u00eda de pruebas en Catar para el Repsol Honda"},"content":{"rendered":"<blockquote>\n<p>Estamos contentos por c\u00f3mo ha ido el d\u00eda, pero ma\u00f1ana tenemos que seguir trabajando duro.<\/p>\n<p>            <a href=\"http:\/\/twitter.com\/share?text=Estamos+contentos+por+c%C3%B3mo+ha+ido+el+d%C3%ADa%2C+pero+ma%C3%B1ana+tenemos+que+seguir+trabajando+duro.&#038;url=https%3A%2F%2Fwww.boxrepsol.com%2Fes%2F%3Fp%3D18159%2F&#038;hashtags=\" target=\"_blank\" data-datalayer='{\"event\": \"socialInteraction\", \"socialNetwork\": \"Twitter\", \"socialAction\": \"Compartir\", \"socialTarget\": \"Frase\"}' rel=\"noopener\"><br \/>\n            twittear        <\/a><\/p>\n<footer>Marc M\u00e1rquez<\/footer>\n<\/blockquote>\n<p>El vigente Campe\u00f3n del Mundo tambi\u00e9n ha sido una de las v\u00edctimas de la curva 2, en la que ha tenido una ca\u00edda hacia las 20.00 horas. M\u00e1rquez ha firmado el tercer mejor tiempo del d\u00eda, con un crono de 1 minuto, 54 segundos y 753 mil\u00e9simas logrado en la pen\u00faltima de las 59 vueltas que ha realizado hoy, a 167 mil\u00e9simas del m\u00e1s r\u00e1pido, Andrea Iannone.<\/p>\n<p>Su compa\u00f1ero en el equipo Repsol Honda, Dani Pedrosa, ha rodado algo dolorido en la mano izquierda por su ca\u00edda de ayer y ha dado por terminado su trabajo una hora antes del final de la sesi\u00f3n. Ha marcado un registro de 1 minuto, 55 segundos y 282 mil\u00e9simas en el giro 21 de los 35 que ha completado, que le ha situado d\u00e9cimo de la tabla de tiempos.<\/p>\n<p>Los entrenamientos terminar\u00e1n ma\u00f1ana, jornada en la que est\u00e1 previsto un test en mojado, para el que se encharcar\u00e1 artificialmente la pista de Losail justo al final del d\u00eda.<\/p>\n<h3>Marc M\u00e1rquez<\/h3>\n<p><em>\u00abHoy ha ido bastante bien, s\u00f3lo hemos sufrido un poco hacia la mitad de la sesi\u00f3n, cuando hemos empezado a probar algunas cosas que nos han hecho perder la direcci\u00f3n durante un rato. Pero al final eso tambi\u00e9n nos ha permitido entender alguna cosa distinta. Cuando al anochecer ha bajado la temperatura y llevaba el compuesto duro en el neum\u00e1tico delantero, me he ca\u00eddo en la curva 2, que es algo un poco t\u00edpico de este circuito. Y al final eso tambi\u00e9n ha tenido su parte positiva, porque he tenido que coger la segunda moto, que no estaba previsto para hoy, y me he sentido mejor. As\u00ed que estamos contentos\u00a0por c\u00f3mo ha ido el d\u00eda, pero ma\u00f1ana tenemos que seguir trabajando duro en la puesta a punto con el objetivo de mejorar nuestro ritmo y ser m\u00e1s consistentes en esta pista, que es una de las m\u00e1s exigentes para nosotros\u00bb.<\/em><\/p>\n<p>\t\t\t\t<img decoding=\"async\" src=\"https:\/\/bxrepsol.s3.eu-west-1.amazonaws.com\/static\/2022\/08\/05052814\/00_marc_declas.jpg\" alt=\"00_marc_declas\" itemprop=\"image\"  \/><br \/>\n\t\t\t\t<img decoding=\"async\" src=\"https:\/\/bxrepsol.s3.eu-west-1.amazonaws.com\/static\/2022\/08\/05052815\/00_dani_declas.jpg\" alt=\"00_dani_declas\" itemprop=\"image\"  \/><\/p>\n<h3>Dani Pedrosa<\/h3>\n<p><em>\u00abHoy ha sido un poco m\u00e1s dif\u00edcil que ayer, porque ten\u00eda algo de dolor en la mano izquierda debido a la ca\u00edda que tuve. Deb\u00eda pilotar con cuidado y no he podido rodar totalmente c\u00f3modo. De todas formas, hemos intentado hacerlo lo mejor posible y al final hemos completado algo de trabajo tanto de la puesta a punto de la moto como de los neum\u00e1ticos.\u00a0 No hemos hecho muchas pruebas, ya que no he podido realizar todas las tandas completas. Veremos si para ma\u00f1ana me recupero m\u00e1s y podemos hacerlo mejor. Todav\u00eda quedan cosas que nos gustar\u00eda probar, porque aqu\u00ed las condiciones cambian mucho de rodar con luz diurna a hacerlo por la noche, as\u00ed que necesitamos seguir trabajando\u00bb.<\/em><\/p>\n","protected":false},"excerpt":{"rendered":"<p>La segunda jornada de entrenamientos en Catar ha sido ligeramente m\u00e1s fr\u00eda (con una temperatura ambiental de 22\u00baC y el asfalto a 20\u00baC al terminar la sesi\u00f3n), con incluso algo de lluvia que ha hecho acto de presencia hacia mediod\u00eda. Tanto Marc M\u00e1rquez como Dani Pedrosa han empezado a rodar a las 16:00 horas \u2013hora local\u2013<\/p>\n","protected":false},"author":43146,"featured_media":57217,"comment_status":"open","ping_status":"open","sticky":false,"template":"","format":"standard","meta":{"footnotes":""},"categories":[4],"tags":[15],"class_list":["post-92909","post","type-post","status-publish","format-standard","hentry","category-motogp","tag-pretemporada"],"yoast_head":"<!-- This site is optimized with the Yoast SEO plugin v27.3 - https:\/\/yoast.com\/product\/yoast-seo-wordpress\/ -->\n<title>Productivo segundo d\u00eda de pruebas en Catar para el Repsol Honda - Box Repsol<\/title>\n<meta name=\"description\" content=\"La segunda jornada de entrenamientos en Catar ha sido ligeramente m\u00e1s fr\u00eda, con incluso algo de lluvia\" \/>\n<link rel=\"canonical\" href=\"https:\/\/www.boxrepsol.com\/es\/motogp\/productivo-segundo-dia-pruebas-catar-repsol-honda\/\" \/>\n<meta property=\"og:locale\" content=\"es_ES\" \/>\n<meta property=\"og:type\" content=\"article\" \/>\n<meta property=\"og:title\" content=\"Productivo segundo d\u00eda de pruebas en Catar para el Repsol Honda - Box Repsol\" \/>\n<meta property=\"og:description\" content=\"La segunda jornada de entrenamientos en Catar ha sido ligeramente m\u00e1s fr\u00eda, con incluso algo de lluvia\" \/>\n<meta property=\"og:url\" content=\"https:\/\/www.boxrepsol.com\/es\/motogp\/productivo-segundo-dia-pruebas-catar-repsol-honda\/\" \/>\n<meta property=\"og:site_name\" content=\"Box Repsol\" \/>\n<meta property=\"article:publisher\" content=\"https:\/\/www.facebook.com\/BoxRepsol\" \/>\n<meta property=\"article:author\" content=\"https:\/\/www.facebook.com\/BoxRepsol\/\" \/>\n<meta property=\"article:published_time\" content=\"2018-03-05T02:00:00+00:00\" \/>\n<meta property=\"article:modified_time\" content=\"2024-05-21T09:58:44+00:00\" \/>\n<meta property=\"og:image\" content=\"https:\/\/bxrepsol.s3.eu-west-1.amazonaws.com\/static\/2022\/08\/29080139\/00_marc_marquez_motogp_repsol_honda_93.jpg\" \/>\n\t<meta property=\"og:image:width\" content=\"995\" \/>\n\t<meta property=\"og:image:height\" content=\"560\" \/>\n\t<meta property=\"og:image:type\" content=\"image\/jpeg\" \/>\n<meta name=\"author\" content=\"Redacci\u00f3n Box Repsol\" \/>\n<meta name=\"twitter:card\" content=\"summary_large_image\" \/>\n<meta name=\"twitter:creator\" content=\"@https:\/\/twitter.com\/box_repsol\" \/>\n<meta name=\"twitter:site\" content=\"@box_repsol\" \/>\n<meta name=\"twitter:label1\" content=\"Written by\" \/>\n\t<meta name=\"twitter:data1\" content=\"Redacci\u00f3n Box Repsol\" \/>\n\t<meta name=\"twitter:label2\" content=\"Est. reading time\" \/>\n\t<meta name=\"twitter:data2\" content=\"2 minutos\" \/>\n<script type=\"application\/ld+json\" class=\"yoast-schema-graph\">{\"@context\":\"https:\\\/\\\/schema.org\",\"@graph\":[{\"@type\":\"Article\",\"@id\":\"https:\\\/\\\/www.boxrepsol.com\\\/es\\\/motogp\\\/productivo-segundo-dia-pruebas-catar-repsol-honda\\\/#article\",\"isPartOf\":{\"@id\":\"https:\\\/\\\/www.boxrepsol.com\\\/es\\\/motogp\\\/productivo-segundo-dia-pruebas-catar-repsol-honda\\\/\"},\"author\":{\"name\":\"Redacci\u00f3n Box Repsol\",\"@id\":\"https:\\\/\\\/www.boxrepsol.com\\\/es\\\/#\\\/schema\\\/person\\\/c5c2138f2cca251b0ad92b7086bb60b7\"},\"headline\":\"Productivo segundo d\u00eda de pruebas en Catar para el Repsol Honda\",\"datePublished\":\"2018-03-05T02:00:00+00:00\",\"dateModified\":\"2024-05-21T09:58:44+00:00\",\"mainEntityOfPage\":{\"@id\":\"https:\\\/\\\/www.boxrepsol.com\\\/es\\\/motogp\\\/productivo-segundo-dia-pruebas-catar-repsol-honda\\\/\"},\"wordCount\":504,\"commentCount\":0,\"publisher\":{\"@id\":\"https:\\\/\\\/www.boxrepsol.com\\\/es\\\/#organization\"},\"image\":{\"@id\":\"https:\\\/\\\/www.boxrepsol.com\\\/es\\\/motogp\\\/productivo-segundo-dia-pruebas-catar-repsol-honda\\\/#primaryimage\"},\"thumbnailUrl\":\"https:\\\/\\\/bxrepsol.s3.eu-west-1.amazonaws.com\\\/static\\\/2022\\\/08\\\/29080139\\\/00_marc_marquez_motogp_repsol_honda_93.jpg\",\"keywords\":[\"pretemporada\"],\"articleSection\":[\"MotoGP\"],\"inLanguage\":\"es\",\"potentialAction\":[{\"@type\":\"CommentAction\",\"name\":\"Comment\",\"target\":[\"https:\\\/\\\/www.boxrepsol.com\\\/es\\\/motogp\\\/productivo-segundo-dia-pruebas-catar-repsol-honda\\\/#respond\"]}]},{\"@type\":\"WebPage\",\"@id\":\"https:\\\/\\\/www.boxrepsol.com\\\/es\\\/motogp\\\/productivo-segundo-dia-pruebas-catar-repsol-honda\\\/\",\"url\":\"https:\\\/\\\/www.boxrepsol.com\\\/es\\\/motogp\\\/productivo-segundo-dia-pruebas-catar-repsol-honda\\\/\",\"name\":\"Productivo segundo d\u00eda de pruebas en Catar para el Repsol Honda - Box Repsol\",\"isPartOf\":{\"@id\":\"https:\\\/\\\/www.boxrepsol.com\\\/es\\\/#website\"},\"primaryImageOfPage\":{\"@id\":\"https:\\\/\\\/www.boxrepsol.com\\\/es\\\/motogp\\\/productivo-segundo-dia-pruebas-catar-repsol-honda\\\/#primaryimage\"},\"image\":{\"@id\":\"https:\\\/\\\/www.boxrepsol.com\\\/es\\\/motogp\\\/productivo-segundo-dia-pruebas-catar-repsol-honda\\\/#primaryimage\"},\"thumbnailUrl\":\"https:\\\/\\\/bxrepsol.s3.eu-west-1.amazonaws.com\\\/static\\\/2022\\\/08\\\/29080139\\\/00_marc_marquez_motogp_repsol_honda_93.jpg\",\"datePublished\":\"2018-03-05T02:00:00+00:00\",\"dateModified\":\"2024-05-21T09:58:44+00:00\",\"description\":\"La segunda jornada de entrenamientos en Catar ha sido ligeramente m\u00e1s fr\u00eda, con incluso algo de lluvia\",\"breadcrumb\":{\"@id\":\"https:\\\/\\\/www.boxrepsol.com\\\/es\\\/motogp\\\/productivo-segundo-dia-pruebas-catar-repsol-honda\\\/#breadcrumb\"},\"inLanguage\":\"es\",\"potentialAction\":[{\"@type\":\"ReadAction\",\"target\":[\"https:\\\/\\\/www.boxrepsol.com\\\/es\\\/motogp\\\/productivo-segundo-dia-pruebas-catar-repsol-honda\\\/\"]}]},{\"@type\":\"ImageObject\",\"inLanguage\":\"es\",\"@id\":\"https:\\\/\\\/www.boxrepsol.com\\\/es\\\/motogp\\\/productivo-segundo-dia-pruebas-catar-repsol-honda\\\/#primaryimage\",\"url\":\"https:\\\/\\\/bxrepsol.s3.eu-west-1.amazonaws.com\\\/static\\\/2022\\\/08\\\/29080139\\\/00_marc_marquez_motogp_repsol_honda_93.jpg\",\"contentUrl\":\"https:\\\/\\\/bxrepsol.s3.eu-west-1.amazonaws.com\\\/static\\\/2022\\\/08\\\/29080139\\\/00_marc_marquez_motogp_repsol_honda_93.jpg\",\"width\":995,\"height\":560,\"caption\":\"Marc M\u00e1rquez rodando en el atardecer en Catar\"},{\"@type\":\"BreadcrumbList\",\"@id\":\"https:\\\/\\\/www.boxrepsol.com\\\/es\\\/motogp\\\/productivo-segundo-dia-pruebas-catar-repsol-honda\\\/#breadcrumb\",\"itemListElement\":[{\"@type\":\"ListItem\",\"position\":1,\"name\":\"Home\",\"item\":\"https:\\\/\\\/www.boxrepsol.com\\\/es\\\/\"},{\"@type\":\"ListItem\",\"position\":2,\"name\":\"Productivo segundo d\u00eda de pruebas en Catar para el Repsol Honda\"}]},{\"@type\":\"WebSite\",\"@id\":\"https:\\\/\\\/www.boxrepsol.com\\\/es\\\/#website\",\"url\":\"https:\\\/\\\/www.boxrepsol.com\\\/es\\\/\",\"name\":\"Box Repsol\",\"description\":\"Box Repsol Site\",\"publisher\":{\"@id\":\"https:\\\/\\\/www.boxrepsol.com\\\/es\\\/#organization\"},\"potentialAction\":[{\"@type\":\"SearchAction\",\"target\":{\"@type\":\"EntryPoint\",\"urlTemplate\":\"https:\\\/\\\/www.boxrepsol.com\\\/es\\\/?s={search_term_string}\"},\"query-input\":{\"@type\":\"PropertyValueSpecification\",\"valueRequired\":true,\"valueName\":\"search_term_string\"}}],\"inLanguage\":\"es\"},{\"@type\":\"Organization\",\"@id\":\"https:\\\/\\\/www.boxrepsol.com\\\/es\\\/#organization\",\"name\":\"Box Repsol\",\"url\":\"https:\\\/\\\/www.boxrepsol.com\\\/es\\\/\",\"logo\":{\"@type\":\"ImageObject\",\"inLanguage\":\"es\",\"@id\":\"https:\\\/\\\/www.boxrepsol.com\\\/es\\\/#\\\/schema\\\/logo\\\/image\\\/\",\"url\":\"https:\\\/\\\/bxrepsol.s3.eu-west-1.amazonaws.com\\\/static\\\/2025\\\/07\\\/30083337\\\/favicon-96x96-1.png\",\"contentUrl\":\"https:\\\/\\\/bxrepsol.s3.eu-west-1.amazonaws.com\\\/static\\\/2025\\\/07\\\/30083337\\\/favicon-96x96-1.png\",\"width\":96,\"height\":96,\"caption\":\"Box Repsol\"},\"image\":{\"@id\":\"https:\\\/\\\/www.boxrepsol.com\\\/es\\\/#\\\/schema\\\/logo\\\/image\\\/\"},\"sameAs\":[\"https:\\\/\\\/www.facebook.com\\\/BoxRepsol\",\"https:\\\/\\\/x.com\\\/box_repsol\",\"http:\\\/\\\/instagram.com\\\/box_repsol\",\"https:\\\/\\\/www.youtube.com\\\/user\\\/RepsolCompeticion\",\"https:\\\/\\\/www.flickr.com\\\/photos\\\/box_repsol\\\/\"]},{\"@type\":\"Person\",\"@id\":\"https:\\\/\\\/www.boxrepsol.com\\\/es\\\/#\\\/schema\\\/person\\\/c5c2138f2cca251b0ad92b7086bb60b7\",\"name\":\"Redacci\u00f3n Box Repsol\",\"image\":{\"@type\":\"ImageObject\",\"inLanguage\":\"es\",\"@id\":\"https:\\\/\\\/secure.gravatar.com\\\/avatar\\\/adf7b77e38b4419baf32c7e9c21dde01f4e40df611f0978e3006fc4ba0aaab7e?s=96&d=mm&r=g\",\"url\":\"https:\\\/\\\/secure.gravatar.com\\\/avatar\\\/adf7b77e38b4419baf32c7e9c21dde01f4e40df611f0978e3006fc4ba0aaab7e?s=96&d=mm&r=g\",\"contentUrl\":\"https:\\\/\\\/secure.gravatar.com\\\/avatar\\\/adf7b77e38b4419baf32c7e9c21dde01f4e40df611f0978e3006fc4ba0aaab7e?s=96&d=mm&r=g\",\"caption\":\"Redacci\u00f3n Box Repsol\"},\"description\":\"Box Repsol lo forma un equipo de periodistas, community managers, dise\u00f1adores y fot\u00f3grafos con m\u00e1s de 20 a\u00f1os de experiencia en el mundo del motorsport. Hemos vivido el primer mundial de un espa\u00f1ol en la categor\u00eda reina de motociclismo con \u00c1lex Crivill\u00e9, estuvimos en las victorias de Pedrosa y los t\u00edtulos de M\u00e1rquez, acompa\u00f1amos en \u00c1frica a Nani Roma y Marc Coma en sus conquistas del Dakar y hemos vibrado con los t\u00edtulos de Toni Bou en Trial. Adem\u00e1s, en nuestro equipo contamos con expertos en el mundo de las dos y cuatro ruedas tanto de la calle y las carreteras, como de los circuitos. Periodistas que han trabajado en revistas y publicaciones para hacerte llegar desde rutas y consejos de mantenimiento, a curiosidades y trucos de pilotaje.\",\"sameAs\":[\"https:\\\/\\\/www.facebook.com\\\/BoxRepsol\\\/\",\"https:\\\/\\\/www.instagram.com\\\/box_repsol\\\/\",\"https:\\\/\\\/x.com\\\/https:\\\/\\\/twitter.com\\\/box_repsol\",\"https:\\\/\\\/www.youtube.com\\\/@Boxrepsol\"],\"url\":\"https:\\\/\\\/www.boxrepsol.com\\\/es\\\/author\\\/redaccion-box-repsol\\\/\"}]}<\/script>\n<!-- \/ Yoast SEO plugin. -->","yoast_head_json":{"title":"Productivo segundo d\u00eda de pruebas en Catar para el Repsol Honda - Box Repsol","description":"La segunda jornada de entrenamientos en Catar ha sido ligeramente m\u00e1s fr\u00eda, con incluso algo de lluvia","canonical":"https:\/\/www.boxrepsol.com\/es\/motogp\/productivo-segundo-dia-pruebas-catar-repsol-honda\/","og_locale":"es_ES","og_type":"article","og_title":"Productivo segundo d\u00eda de pruebas en Catar para el Repsol Honda - Box Repsol","og_description":"La segunda jornada de entrenamientos en Catar ha sido ligeramente m\u00e1s fr\u00eda, con incluso algo de lluvia","og_url":"https:\/\/www.boxrepsol.com\/es\/motogp\/productivo-segundo-dia-pruebas-catar-repsol-honda\/","og_site_name":"Box Repsol","article_publisher":"https:\/\/www.facebook.com\/BoxRepsol","article_author":"https:\/\/www.facebook.com\/BoxRepsol\/","article_published_time":"2018-03-05T02:00:00+00:00","article_modified_time":"2024-05-21T09:58:44+00:00","og_image":[{"width":995,"height":560,"url":"https:\/\/bxrepsol.s3.eu-west-1.amazonaws.com\/static\/2022\/08\/29080139\/00_marc_marquez_motogp_repsol_honda_93.jpg","type":"image\/jpeg"}],"author":"Redacci\u00f3n Box Repsol","twitter_card":"summary_large_image","twitter_creator":"@https:\/\/twitter.com\/box_repsol","twitter_site":"@box_repsol","twitter_misc":{"Written by":"Redacci\u00f3n Box Repsol","Est. reading time":"2 minutos"},"schema":{"@context":"https:\/\/schema.org","@graph":[{"@type":"Article","@id":"https:\/\/www.boxrepsol.com\/es\/motogp\/productivo-segundo-dia-pruebas-catar-repsol-honda\/#article","isPartOf":{"@id":"https:\/\/www.boxrepsol.com\/es\/motogp\/productivo-segundo-dia-pruebas-catar-repsol-honda\/"},"author":{"name":"Redacci\u00f3n Box Repsol","@id":"https:\/\/www.boxrepsol.com\/es\/#\/schema\/person\/c5c2138f2cca251b0ad92b7086bb60b7"},"headline":"Productivo segundo d\u00eda de pruebas en Catar para el Repsol Honda","datePublished":"2018-03-05T02:00:00+00:00","dateModified":"2024-05-21T09:58:44+00:00","mainEntityOfPage":{"@id":"https:\/\/www.boxrepsol.com\/es\/motogp\/productivo-segundo-dia-pruebas-catar-repsol-honda\/"},"wordCount":504,"commentCount":0,"publisher":{"@id":"https:\/\/www.boxrepsol.com\/es\/#organization"},"image":{"@id":"https:\/\/www.boxrepsol.com\/es\/motogp\/productivo-segundo-dia-pruebas-catar-repsol-honda\/#primaryimage"},"thumbnailUrl":"https:\/\/bxrepsol.s3.eu-west-1.amazonaws.com\/static\/2022\/08\/29080139\/00_marc_marquez_motogp_repsol_honda_93.jpg","keywords":["pretemporada"],"articleSection":["MotoGP"],"inLanguage":"es","potentialAction":[{"@type":"CommentAction","name":"Comment","target":["https:\/\/www.boxrepsol.com\/es\/motogp\/productivo-segundo-dia-pruebas-catar-repsol-honda\/#respond"]}]},{"@type":"WebPage","@id":"https:\/\/www.boxrepsol.com\/es\/motogp\/productivo-segundo-dia-pruebas-catar-repsol-honda\/","url":"https:\/\/www.boxrepsol.com\/es\/motogp\/productivo-segundo-dia-pruebas-catar-repsol-honda\/","name":"Productivo segundo d\u00eda de pruebas en Catar para el Repsol Honda - Box Repsol","isPartOf":{"@id":"https:\/\/www.boxrepsol.com\/es\/#website"},"primaryImageOfPage":{"@id":"https:\/\/www.boxrepsol.com\/es\/motogp\/productivo-segundo-dia-pruebas-catar-repsol-honda\/#primaryimage"},"image":{"@id":"https:\/\/www.boxrepsol.com\/es\/motogp\/productivo-segundo-dia-pruebas-catar-repsol-honda\/#primaryimage"},"thumbnailUrl":"https:\/\/bxrepsol.s3.eu-west-1.amazonaws.com\/static\/2022\/08\/29080139\/00_marc_marquez_motogp_repsol_honda_93.jpg","datePublished":"2018-03-05T02:00:00+00:00","dateModified":"2024-05-21T09:58:44+00:00","description":"La segunda jornada de entrenamientos en Catar ha sido ligeramente m\u00e1s fr\u00eda, con incluso algo de lluvia","breadcrumb":{"@id":"https:\/\/www.boxrepsol.com\/es\/motogp\/productivo-segundo-dia-pruebas-catar-repsol-honda\/#breadcrumb"},"inLanguage":"es","potentialAction":[{"@type":"ReadAction","target":["https:\/\/www.boxrepsol.com\/es\/motogp\/productivo-segundo-dia-pruebas-catar-repsol-honda\/"]}]},{"@type":"ImageObject","inLanguage":"es","@id":"https:\/\/www.boxrepsol.com\/es\/motogp\/productivo-segundo-dia-pruebas-catar-repsol-honda\/#primaryimage","url":"https:\/\/bxrepsol.s3.eu-west-1.amazonaws.com\/static\/2022\/08\/29080139\/00_marc_marquez_motogp_repsol_honda_93.jpg","contentUrl":"https:\/\/bxrepsol.s3.eu-west-1.amazonaws.com\/static\/2022\/08\/29080139\/00_marc_marquez_motogp_repsol_honda_93.jpg","width":995,"height":560,"caption":"Marc M\u00e1rquez rodando en el atardecer en Catar"},{"@type":"BreadcrumbList","@id":"https:\/\/www.boxrepsol.com\/es\/motogp\/productivo-segundo-dia-pruebas-catar-repsol-honda\/#breadcrumb","itemListElement":[{"@type":"ListItem","position":1,"name":"Home","item":"https:\/\/www.boxrepsol.com\/es\/"},{"@type":"ListItem","position":2,"name":"Productivo segundo d\u00eda de pruebas en Catar para el Repsol Honda"}]},{"@type":"WebSite","@id":"https:\/\/www.boxrepsol.com\/es\/#website","url":"https:\/\/www.boxrepsol.com\/es\/","name":"Box Repsol","description":"Box Repsol Site","publisher":{"@id":"https:\/\/www.boxrepsol.com\/es\/#organization"},"potentialAction":[{"@type":"SearchAction","target":{"@type":"EntryPoint","urlTemplate":"https:\/\/www.boxrepsol.com\/es\/?s={search_term_string}"},"query-input":{"@type":"PropertyValueSpecification","valueRequired":true,"valueName":"search_term_string"}}],"inLanguage":"es"},{"@type":"Organization","@id":"https:\/\/www.boxrepsol.com\/es\/#organization","name":"Box Repsol","url":"https:\/\/www.boxrepsol.com\/es\/","logo":{"@type":"ImageObject","inLanguage":"es","@id":"https:\/\/www.boxrepsol.com\/es\/#\/schema\/logo\/image\/","url":"https:\/\/bxrepsol.s3.eu-west-1.amazonaws.com\/static\/2025\/07\/30083337\/favicon-96x96-1.png","contentUrl":"https:\/\/bxrepsol.s3.eu-west-1.amazonaws.com\/static\/2025\/07\/30083337\/favicon-96x96-1.png","width":96,"height":96,"caption":"Box Repsol"},"image":{"@id":"https:\/\/www.boxrepsol.com\/es\/#\/schema\/logo\/image\/"},"sameAs":["https:\/\/www.facebook.com\/BoxRepsol","https:\/\/x.com\/box_repsol","http:\/\/instagram.com\/box_repsol","https:\/\/www.youtube.com\/user\/RepsolCompeticion","https:\/\/www.flickr.com\/photos\/box_repsol\/"]},{"@type":"Person","@id":"https:\/\/www.boxrepsol.com\/es\/#\/schema\/person\/c5c2138f2cca251b0ad92b7086bb60b7","name":"Redacci\u00f3n Box Repsol","image":{"@type":"ImageObject","inLanguage":"es","@id":"https:\/\/secure.gravatar.com\/avatar\/adf7b77e38b4419baf32c7e9c21dde01f4e40df611f0978e3006fc4ba0aaab7e?s=96&d=mm&r=g","url":"https:\/\/secure.gravatar.com\/avatar\/adf7b77e38b4419baf32c7e9c21dde01f4e40df611f0978e3006fc4ba0aaab7e?s=96&d=mm&r=g","contentUrl":"https:\/\/secure.gravatar.com\/avatar\/adf7b77e38b4419baf32c7e9c21dde01f4e40df611f0978e3006fc4ba0aaab7e?s=96&d=mm&r=g","caption":"Redacci\u00f3n Box Repsol"},"description":"Box Repsol lo forma un equipo de periodistas, community managers, dise\u00f1adores y fot\u00f3grafos con m\u00e1s de 20 a\u00f1os de experiencia en el mundo del motorsport. Hemos vivido el primer mundial de un espa\u00f1ol en la categor\u00eda reina de motociclismo con \u00c1lex Crivill\u00e9, estuvimos en las victorias de Pedrosa y los t\u00edtulos de M\u00e1rquez, acompa\u00f1amos en \u00c1frica a Nani Roma y Marc Coma en sus conquistas del Dakar y hemos vibrado con los t\u00edtulos de Toni Bou en Trial. Adem\u00e1s, en nuestro equipo contamos con expertos en el mundo de las dos y cuatro ruedas tanto de la calle y las carreteras, como de los circuitos. Periodistas que han trabajado en revistas y publicaciones para hacerte llegar desde rutas y consejos de mantenimiento, a curiosidades y trucos de pilotaje.","sameAs":["https:\/\/www.facebook.com\/BoxRepsol\/","https:\/\/www.instagram.com\/box_repsol\/","https:\/\/x.com\/https:\/\/twitter.com\/box_repsol","https:\/\/www.youtube.com\/@Boxrepsol"],"url":"https:\/\/www.boxrepsol.com\/es\/author\/redaccion-box-repsol\/"}]}},"_links":{"self":[{"href":"https:\/\/www.boxrepsol.com\/es\/wp-json\/wp\/v2\/posts\/92909","targetHints":{"allow":["GET"]}}],"collection":[{"href":"https:\/\/www.boxrepsol.com\/es\/wp-json\/wp\/v2\/posts"}],"about":[{"href":"https:\/\/www.boxrepsol.com\/es\/wp-json\/wp\/v2\/types\/post"}],"author":[{"embeddable":true,"href":"https:\/\/www.boxrepsol.com\/es\/wp-json\/wp\/v2\/users\/43146"}],"replies":[{"embeddable":true,"href":"https:\/\/www.boxrepsol.com\/es\/wp-json\/wp\/v2\/comments?post=92909"}],"version-history":[{"count":1,"href":"https:\/\/www.boxrepsol.com\/es\/wp-json\/wp\/v2\/posts\/92909\/revisions"}],"predecessor-version":[{"id":92910,"href":"https:\/\/www.boxrepsol.com\/es\/wp-json\/wp\/v2\/posts\/92909\/revisions\/92910"}],"wp:featuredmedia":[{"embeddable":true,"href":"https:\/\/www.boxrepsol.com\/es\/wp-json\/wp\/v2\/media\/57217"}],"wp:attachment":[{"href":"https:\/\/www.boxrepsol.com\/es\/wp-json\/wp\/v2\/media?parent=92909"}],"wp:term":[{"taxonomy":"category","embeddable":true,"href":"https:\/\/www.boxrepsol.com\/es\/wp-json\/wp\/v2\/categories?post=92909"},{"taxonomy":"post_tag","embeddable":true,"href":"https:\/\/www.boxrepsol.com\/es\/wp-json\/wp\/v2\/tags?post=92909"}],"curies":[{"name":"wp","href":"https:\/\/api.w.org\/{rel}","templated":true}]}}