{"id":92864,"date":"2018-02-19T00:00:00","date_gmt":"2018-02-19T02:00:00","guid":{"rendered":"http:\/\/pre.boxrepsol.com\/sin-categorizar\/marc-marquez-dani-pedrosa-encabezan-segundo-dia-tailandia\/"},"modified":"2024-05-21T07:54:39","modified_gmt":"2024-05-21T09:54:39","slug":"marc-marquez-dani-pedrosa-encabezan-segundo-dia-tailandia","status":"publish","type":"post","link":"https:\/\/www.boxrepsol.com\/es\/motogp\/marc-marquez-dani-pedrosa-encabezan-segundo-dia-tailandia\/","title":{"rendered":"Marc M\u00e1rquez y Dani Pedrosa encabezan el segundo d\u00eda en Tailandia"},"content":{"rendered":"<blockquote>\n<p>Creo que estamos haciendo un gran trabajo en nuestro box e intentaremos seguir en esta l\u00ednea<\/p>\n<p>            <a href=\"http:\/\/twitter.com\/share?text=Creo+que+estamos+haciendo+un+gran+trabajo+en+nuestro+box+e+intentaremos+seguir+en+esta+l%C3%ADnea&#038;url=https%3A%2F%2Fwww.boxrepsol.com%2Fes%2Fmotogp%2Fmarc-marquez-dani-pedrosa-encabezan-segundo-dia-tailandia%2F&#038;hashtags=\" target=\"_blank\" data-datalayer='{\"event\": \"socialInteraction\", \"socialNetwork\": \"Twitter\", \"socialAction\": \"Compartir\", \"socialTarget\": \"Frase\"}' rel=\"noopener\"><br \/>\n            twittear        <\/a><\/p>\n<footer>Marc M\u00e1rquez<\/footer>\n<\/blockquote>\n<p>Marc M\u00e1rquez, que cumple 25 a\u00f1os, ha sido el piloto m\u00e1s r\u00e1pido en los segundos entrenamientos en Buriram y el \u00fanico capaz de rodar por debajo del minuto y 30 segundos, parando el cron\u00f3metro en 1 minuto, 29 segundos y 969 mil\u00e9simas en la vuelta 91 de las 97 que ha realizado.<\/p>\n<p>En el d\u00eda de hoy, de nuevo marcado por el sol y el calor, el vigente Campe\u00f3n del Mundo de MotoGP ha trabajado tanto en la puesta a punto de su Honda RC213V como en la aerodin\u00e1mica, adem\u00e1s de probar un nuevo compuesto del neum\u00e1tico trasero.<\/p>\n<p>Su compa\u00f1ero de equipo, Dani Pedrosa, ha terminado justo detr\u00e1s suyo, a apenas 158 mil\u00e9simas, manteniendo un buen ritmo durante toda la jornada y liderando la tabla de tiempos en varias ocasiones, mientras trabajaba en las suspensiones, electr\u00f3nica y neum\u00e1ticos.<\/p>\n<p>Tal y como sucedi\u00f3 ayer, los \u00faltimos 15 minutos los han dedicado a practicar las salidas. Los test de Tailandia terminar\u00e1n el domingo.<\/p>\n<hr \/>\n<h3>Marc M\u00e1rquez<\/h3>\n<p>\u00ab<em>Primero de todo, quiero dar las gracias a los aficionados por todos los mensajes de felicitaciones que he recibido por mi cumplea\u00f1os. La mejor manera de celebrarlo es pilotando mi moto y disfrutando de ello. \u00a0Hoy ha sido un buen d\u00eda, hemos comenzado retocando un poco la puesta a punto desde el principio de la sesi\u00f3n. Tambi\u00e9n hemos probado algunos neum\u00e1ticos traseros -que no han ido nada mal- y aspectos aerodin\u00e1micos. Al final del d\u00eda hemos elegido nuestra mejor puesta a punto del conjunto y he sido capaz de rodar m\u00e1s r\u00e1pido. Veremos ma\u00f1ana c\u00f3mo va, porque la pista cada d\u00eda mejora y los otros pilotos tambi\u00e9n. Dicho esto, creo que estamos haciendo un gran trabajo en nuestro box e intentaremos seguir en esta l\u00ednea<\/em>\u00ab.<\/p>\n<hr \/>\n<h3>Dani Pedrosa<\/h3>\n<p><em>\u00abEstamos trabajando mucho estos d\u00edas porque tenemos muchas cosas que entender: el circuito, la puesta a punto y otros aspectos. Hoy hemos conseguido mantener un mejor ritmo que ayer y hemos mejorado el pilotaje y la puesta a punto; pero todav\u00eda no estamos all\u00ed, tenemos que mejorar un poco m\u00e1s. He probado algunos neum\u00e1ticos, a pesar de que parece ser que no ser\u00e1n los que utilizaremos el fin de semana de la carrera, y nos hemos centrado en trabajar en las suspensiones, la electr\u00f3nica y el cambio durante los test. Ma\u00f1ana probablemente trabajaremos tambi\u00e9n en la aerodin\u00e1mica. Estamos trabajando en la buena direcci\u00f3n; ma\u00f1ana intentaremos hacerlo muy bien en el \u00faltimo d\u00eda de estos entrenamientos\u00bb.<\/em><\/p>\n","protected":false},"excerpt":{"rendered":"<p>Los pilotos del equipo Repsol Honda completan una positiva jornada en el Circuito Internacional de Buriram.<\/p>\n","protected":false},"author":43146,"featured_media":56939,"comment_status":"open","ping_status":"open","sticky":false,"template":"","format":"standard","meta":{"footnotes":""},"categories":[4],"tags":[184],"class_list":["post-92864","post","type-post","status-publish","format-standard","hentry","category-motogp","tag-entrenamientos"],"yoast_head":"<!-- This site is optimized with the Yoast SEO plugin v27.3 - https:\/\/yoast.com\/product\/yoast-seo-wordpress\/ -->\n<title>Marc M\u00e1rquez y Dani Pedrosa encabezan el segundo d\u00eda en Tailandia - Box Repsol<\/title>\n<meta name=\"description\" content=\"Los pilotos del equipo Repsol Honda completan una positiva jornada en el Circuito Internacional de Buriram.\" \/>\n<link rel=\"canonical\" href=\"https:\/\/www.boxrepsol.com\/es\/motogp\/marc-marquez-dani-pedrosa-encabezan-segundo-dia-tailandia\/\" \/>\n<meta property=\"og:locale\" content=\"es_ES\" \/>\n<meta property=\"og:type\" content=\"article\" \/>\n<meta property=\"og:title\" content=\"Marc M\u00e1rquez y Dani Pedrosa encabezan el segundo d\u00eda en Tailandia - Box Repsol\" \/>\n<meta property=\"og:description\" content=\"Los pilotos del equipo Repsol Honda completan una positiva jornada en el Circuito Internacional de Buriram.\" \/>\n<meta property=\"og:url\" content=\"https:\/\/www.boxrepsol.com\/es\/motogp\/marc-marquez-dani-pedrosa-encabezan-segundo-dia-tailandia\/\" \/>\n<meta property=\"og:site_name\" content=\"Box Repsol\" \/>\n<meta property=\"article:publisher\" content=\"https:\/\/www.facebook.com\/BoxRepsol\" \/>\n<meta property=\"article:author\" content=\"https:\/\/www.facebook.com\/BoxRepsol\/\" \/>\n<meta property=\"article:published_time\" content=\"2018-02-19T02:00:00+00:00\" \/>\n<meta property=\"article:modified_time\" content=\"2024-05-21T09:54:39+00:00\" \/>\n<meta property=\"og:image\" content=\"https:\/\/bxrepsol.s3.eu-west-1.amazonaws.com\/static\/2022\/08\/29075826\/20180219_marc_marquez_dani_pedrosa_motogp_equipo_repsol_honda_buriram_test_fans_selfie.jpg\" \/>\n\t<meta property=\"og:image:width\" content=\"995\" \/>\n\t<meta property=\"og:image:height\" content=\"560\" \/>\n\t<meta property=\"og:image:type\" content=\"image\/jpeg\" \/>\n<meta name=\"author\" content=\"Redacci\u00f3n Box Repsol\" \/>\n<meta name=\"twitter:card\" content=\"summary_large_image\" \/>\n<meta name=\"twitter:creator\" content=\"@https:\/\/twitter.com\/box_repsol\" \/>\n<meta name=\"twitter:site\" content=\"@box_repsol\" \/>\n<meta name=\"twitter:label1\" content=\"Written by\" \/>\n\t<meta name=\"twitter:data1\" content=\"Redacci\u00f3n Box Repsol\" \/>\n\t<meta name=\"twitter:label2\" content=\"Est. reading time\" \/>\n\t<meta name=\"twitter:data2\" content=\"2 minutos\" \/>\n<script type=\"application\/ld+json\" class=\"yoast-schema-graph\">{\"@context\":\"https:\\\/\\\/schema.org\",\"@graph\":[{\"@type\":\"Article\",\"@id\":\"https:\\\/\\\/www.boxrepsol.com\\\/es\\\/motogp\\\/marc-marquez-dani-pedrosa-encabezan-segundo-dia-tailandia\\\/#article\",\"isPartOf\":{\"@id\":\"https:\\\/\\\/www.boxrepsol.com\\\/es\\\/motogp\\\/marc-marquez-dani-pedrosa-encabezan-segundo-dia-tailandia\\\/\"},\"author\":{\"name\":\"Redacci\u00f3n Box Repsol\",\"@id\":\"https:\\\/\\\/www.boxrepsol.com\\\/es\\\/#\\\/schema\\\/person\\\/c5c2138f2cca251b0ad92b7086bb60b7\"},\"headline\":\"Marc M\u00e1rquez y Dani Pedrosa encabezan el segundo d\u00eda en Tailandia\",\"datePublished\":\"2018-02-19T02:00:00+00:00\",\"dateModified\":\"2024-05-21T09:54:39+00:00\",\"mainEntityOfPage\":{\"@id\":\"https:\\\/\\\/www.boxrepsol.com\\\/es\\\/motogp\\\/marc-marquez-dani-pedrosa-encabezan-segundo-dia-tailandia\\\/\"},\"wordCount\":475,\"commentCount\":0,\"publisher\":{\"@id\":\"https:\\\/\\\/www.boxrepsol.com\\\/es\\\/#organization\"},\"image\":{\"@id\":\"https:\\\/\\\/www.boxrepsol.com\\\/es\\\/motogp\\\/marc-marquez-dani-pedrosa-encabezan-segundo-dia-tailandia\\\/#primaryimage\"},\"thumbnailUrl\":\"https:\\\/\\\/bxrepsol.s3.eu-west-1.amazonaws.com\\\/static\\\/2022\\\/08\\\/29075826\\\/20180219_marc_marquez_dani_pedrosa_motogp_equipo_repsol_honda_buriram_test_fans_selfie.jpg\",\"keywords\":[\"entrenamientos\"],\"articleSection\":[\"MotoGP\"],\"inLanguage\":\"es\",\"potentialAction\":[{\"@type\":\"CommentAction\",\"name\":\"Comment\",\"target\":[\"https:\\\/\\\/www.boxrepsol.com\\\/es\\\/motogp\\\/marc-marquez-dani-pedrosa-encabezan-segundo-dia-tailandia\\\/#respond\"]}]},{\"@type\":\"WebPage\",\"@id\":\"https:\\\/\\\/www.boxrepsol.com\\\/es\\\/motogp\\\/marc-marquez-dani-pedrosa-encabezan-segundo-dia-tailandia\\\/\",\"url\":\"https:\\\/\\\/www.boxrepsol.com\\\/es\\\/motogp\\\/marc-marquez-dani-pedrosa-encabezan-segundo-dia-tailandia\\\/\",\"name\":\"Marc M\u00e1rquez y Dani Pedrosa encabezan el segundo d\u00eda en Tailandia - Box Repsol\",\"isPartOf\":{\"@id\":\"https:\\\/\\\/www.boxrepsol.com\\\/es\\\/#website\"},\"primaryImageOfPage\":{\"@id\":\"https:\\\/\\\/www.boxrepsol.com\\\/es\\\/motogp\\\/marc-marquez-dani-pedrosa-encabezan-segundo-dia-tailandia\\\/#primaryimage\"},\"image\":{\"@id\":\"https:\\\/\\\/www.boxrepsol.com\\\/es\\\/motogp\\\/marc-marquez-dani-pedrosa-encabezan-segundo-dia-tailandia\\\/#primaryimage\"},\"thumbnailUrl\":\"https:\\\/\\\/bxrepsol.s3.eu-west-1.amazonaws.com\\\/static\\\/2022\\\/08\\\/29075826\\\/20180219_marc_marquez_dani_pedrosa_motogp_equipo_repsol_honda_buriram_test_fans_selfie.jpg\",\"datePublished\":\"2018-02-19T02:00:00+00:00\",\"dateModified\":\"2024-05-21T09:54:39+00:00\",\"description\":\"Los pilotos del equipo Repsol Honda completan una positiva jornada en el Circuito Internacional de Buriram.\",\"breadcrumb\":{\"@id\":\"https:\\\/\\\/www.boxrepsol.com\\\/es\\\/motogp\\\/marc-marquez-dani-pedrosa-encabezan-segundo-dia-tailandia\\\/#breadcrumb\"},\"inLanguage\":\"es\",\"potentialAction\":[{\"@type\":\"ReadAction\",\"target\":[\"https:\\\/\\\/www.boxrepsol.com\\\/es\\\/motogp\\\/marc-marquez-dani-pedrosa-encabezan-segundo-dia-tailandia\\\/\"]}]},{\"@type\":\"ImageObject\",\"inLanguage\":\"es\",\"@id\":\"https:\\\/\\\/www.boxrepsol.com\\\/es\\\/motogp\\\/marc-marquez-dani-pedrosa-encabezan-segundo-dia-tailandia\\\/#primaryimage\",\"url\":\"https:\\\/\\\/bxrepsol.s3.eu-west-1.amazonaws.com\\\/static\\\/2022\\\/08\\\/29075826\\\/20180219_marc_marquez_dani_pedrosa_motogp_equipo_repsol_honda_buriram_test_fans_selfie.jpg\",\"contentUrl\":\"https:\\\/\\\/bxrepsol.s3.eu-west-1.amazonaws.com\\\/static\\\/2022\\\/08\\\/29075826\\\/20180219_marc_marquez_dani_pedrosa_motogp_equipo_repsol_honda_buriram_test_fans_selfie.jpg\",\"width\":995,\"height\":560,\"caption\":\"Marc M\u00e1rquez Dani Pedrosa se hacen un selfie con los fans Buriram\"},{\"@type\":\"BreadcrumbList\",\"@id\":\"https:\\\/\\\/www.boxrepsol.com\\\/es\\\/motogp\\\/marc-marquez-dani-pedrosa-encabezan-segundo-dia-tailandia\\\/#breadcrumb\",\"itemListElement\":[{\"@type\":\"ListItem\",\"position\":1,\"name\":\"Home\",\"item\":\"https:\\\/\\\/www.boxrepsol.com\\\/es\\\/\"},{\"@type\":\"ListItem\",\"position\":2,\"name\":\"Marc M\u00e1rquez y Dani Pedrosa encabezan el segundo d\u00eda en Tailandia\"}]},{\"@type\":\"WebSite\",\"@id\":\"https:\\\/\\\/www.boxrepsol.com\\\/es\\\/#website\",\"url\":\"https:\\\/\\\/www.boxrepsol.com\\\/es\\\/\",\"name\":\"Box Repsol\",\"description\":\"Box Repsol Site\",\"publisher\":{\"@id\":\"https:\\\/\\\/www.boxrepsol.com\\\/es\\\/#organization\"},\"potentialAction\":[{\"@type\":\"SearchAction\",\"target\":{\"@type\":\"EntryPoint\",\"urlTemplate\":\"https:\\\/\\\/www.boxrepsol.com\\\/es\\\/?s={search_term_string}\"},\"query-input\":{\"@type\":\"PropertyValueSpecification\",\"valueRequired\":true,\"valueName\":\"search_term_string\"}}],\"inLanguage\":\"es\"},{\"@type\":\"Organization\",\"@id\":\"https:\\\/\\\/www.boxrepsol.com\\\/es\\\/#organization\",\"name\":\"Box Repsol\",\"url\":\"https:\\\/\\\/www.boxrepsol.com\\\/es\\\/\",\"logo\":{\"@type\":\"ImageObject\",\"inLanguage\":\"es\",\"@id\":\"https:\\\/\\\/www.boxrepsol.com\\\/es\\\/#\\\/schema\\\/logo\\\/image\\\/\",\"url\":\"https:\\\/\\\/bxrepsol.s3.eu-west-1.amazonaws.com\\\/static\\\/2025\\\/07\\\/30083337\\\/favicon-96x96-1.png\",\"contentUrl\":\"https:\\\/\\\/bxrepsol.s3.eu-west-1.amazonaws.com\\\/static\\\/2025\\\/07\\\/30083337\\\/favicon-96x96-1.png\",\"width\":96,\"height\":96,\"caption\":\"Box Repsol\"},\"image\":{\"@id\":\"https:\\\/\\\/www.boxrepsol.com\\\/es\\\/#\\\/schema\\\/logo\\\/image\\\/\"},\"sameAs\":[\"https:\\\/\\\/www.facebook.com\\\/BoxRepsol\",\"https:\\\/\\\/x.com\\\/box_repsol\",\"http:\\\/\\\/instagram.com\\\/box_repsol\",\"https:\\\/\\\/www.youtube.com\\\/user\\\/RepsolCompeticion\",\"https:\\\/\\\/www.flickr.com\\\/photos\\\/box_repsol\\\/\"]},{\"@type\":\"Person\",\"@id\":\"https:\\\/\\\/www.boxrepsol.com\\\/es\\\/#\\\/schema\\\/person\\\/c5c2138f2cca251b0ad92b7086bb60b7\",\"name\":\"Redacci\u00f3n Box Repsol\",\"image\":{\"@type\":\"ImageObject\",\"inLanguage\":\"es\",\"@id\":\"https:\\\/\\\/secure.gravatar.com\\\/avatar\\\/adf7b77e38b4419baf32c7e9c21dde01f4e40df611f0978e3006fc4ba0aaab7e?s=96&d=mm&r=g\",\"url\":\"https:\\\/\\\/secure.gravatar.com\\\/avatar\\\/adf7b77e38b4419baf32c7e9c21dde01f4e40df611f0978e3006fc4ba0aaab7e?s=96&d=mm&r=g\",\"contentUrl\":\"https:\\\/\\\/secure.gravatar.com\\\/avatar\\\/adf7b77e38b4419baf32c7e9c21dde01f4e40df611f0978e3006fc4ba0aaab7e?s=96&d=mm&r=g\",\"caption\":\"Redacci\u00f3n Box Repsol\"},\"description\":\"Box Repsol lo forma un equipo de periodistas, community managers, dise\u00f1adores y fot\u00f3grafos con m\u00e1s de 20 a\u00f1os de experiencia en el mundo del motorsport. Hemos vivido el primer mundial de un espa\u00f1ol en la categor\u00eda reina de motociclismo con \u00c1lex Crivill\u00e9, estuvimos en las victorias de Pedrosa y los t\u00edtulos de M\u00e1rquez, acompa\u00f1amos en \u00c1frica a Nani Roma y Marc Coma en sus conquistas del Dakar y hemos vibrado con los t\u00edtulos de Toni Bou en Trial. Adem\u00e1s, en nuestro equipo contamos con expertos en el mundo de las dos y cuatro ruedas tanto de la calle y las carreteras, como de los circuitos. Periodistas que han trabajado en revistas y publicaciones para hacerte llegar desde rutas y consejos de mantenimiento, a curiosidades y trucos de pilotaje.\",\"sameAs\":[\"https:\\\/\\\/www.facebook.com\\\/BoxRepsol\\\/\",\"https:\\\/\\\/www.instagram.com\\\/box_repsol\\\/\",\"https:\\\/\\\/x.com\\\/https:\\\/\\\/twitter.com\\\/box_repsol\",\"https:\\\/\\\/www.youtube.com\\\/@Boxrepsol\"],\"url\":\"https:\\\/\\\/www.boxrepsol.com\\\/es\\\/author\\\/redaccion-box-repsol\\\/\"}]}<\/script>\n<!-- \/ Yoast SEO plugin. -->","yoast_head_json":{"title":"Marc M\u00e1rquez y Dani Pedrosa encabezan el segundo d\u00eda en Tailandia - Box Repsol","description":"Los pilotos del equipo Repsol Honda completan una positiva jornada en el Circuito Internacional de Buriram.","canonical":"https:\/\/www.boxrepsol.com\/es\/motogp\/marc-marquez-dani-pedrosa-encabezan-segundo-dia-tailandia\/","og_locale":"es_ES","og_type":"article","og_title":"Marc M\u00e1rquez y Dani Pedrosa encabezan el segundo d\u00eda en Tailandia - Box Repsol","og_description":"Los pilotos del equipo Repsol Honda completan una positiva jornada en el Circuito Internacional de Buriram.","og_url":"https:\/\/www.boxrepsol.com\/es\/motogp\/marc-marquez-dani-pedrosa-encabezan-segundo-dia-tailandia\/","og_site_name":"Box Repsol","article_publisher":"https:\/\/www.facebook.com\/BoxRepsol","article_author":"https:\/\/www.facebook.com\/BoxRepsol\/","article_published_time":"2018-02-19T02:00:00+00:00","article_modified_time":"2024-05-21T09:54:39+00:00","og_image":[{"width":995,"height":560,"url":"https:\/\/bxrepsol.s3.eu-west-1.amazonaws.com\/static\/2022\/08\/29075826\/20180219_marc_marquez_dani_pedrosa_motogp_equipo_repsol_honda_buriram_test_fans_selfie.jpg","type":"image\/jpeg"}],"author":"Redacci\u00f3n Box Repsol","twitter_card":"summary_large_image","twitter_creator":"@https:\/\/twitter.com\/box_repsol","twitter_site":"@box_repsol","twitter_misc":{"Written by":"Redacci\u00f3n Box Repsol","Est. reading time":"2 minutos"},"schema":{"@context":"https:\/\/schema.org","@graph":[{"@type":"Article","@id":"https:\/\/www.boxrepsol.com\/es\/motogp\/marc-marquez-dani-pedrosa-encabezan-segundo-dia-tailandia\/#article","isPartOf":{"@id":"https:\/\/www.boxrepsol.com\/es\/motogp\/marc-marquez-dani-pedrosa-encabezan-segundo-dia-tailandia\/"},"author":{"name":"Redacci\u00f3n Box Repsol","@id":"https:\/\/www.boxrepsol.com\/es\/#\/schema\/person\/c5c2138f2cca251b0ad92b7086bb60b7"},"headline":"Marc M\u00e1rquez y Dani Pedrosa encabezan el segundo d\u00eda en Tailandia","datePublished":"2018-02-19T02:00:00+00:00","dateModified":"2024-05-21T09:54:39+00:00","mainEntityOfPage":{"@id":"https:\/\/www.boxrepsol.com\/es\/motogp\/marc-marquez-dani-pedrosa-encabezan-segundo-dia-tailandia\/"},"wordCount":475,"commentCount":0,"publisher":{"@id":"https:\/\/www.boxrepsol.com\/es\/#organization"},"image":{"@id":"https:\/\/www.boxrepsol.com\/es\/motogp\/marc-marquez-dani-pedrosa-encabezan-segundo-dia-tailandia\/#primaryimage"},"thumbnailUrl":"https:\/\/bxrepsol.s3.eu-west-1.amazonaws.com\/static\/2022\/08\/29075826\/20180219_marc_marquez_dani_pedrosa_motogp_equipo_repsol_honda_buriram_test_fans_selfie.jpg","keywords":["entrenamientos"],"articleSection":["MotoGP"],"inLanguage":"es","potentialAction":[{"@type":"CommentAction","name":"Comment","target":["https:\/\/www.boxrepsol.com\/es\/motogp\/marc-marquez-dani-pedrosa-encabezan-segundo-dia-tailandia\/#respond"]}]},{"@type":"WebPage","@id":"https:\/\/www.boxrepsol.com\/es\/motogp\/marc-marquez-dani-pedrosa-encabezan-segundo-dia-tailandia\/","url":"https:\/\/www.boxrepsol.com\/es\/motogp\/marc-marquez-dani-pedrosa-encabezan-segundo-dia-tailandia\/","name":"Marc M\u00e1rquez y Dani Pedrosa encabezan el segundo d\u00eda en Tailandia - Box Repsol","isPartOf":{"@id":"https:\/\/www.boxrepsol.com\/es\/#website"},"primaryImageOfPage":{"@id":"https:\/\/www.boxrepsol.com\/es\/motogp\/marc-marquez-dani-pedrosa-encabezan-segundo-dia-tailandia\/#primaryimage"},"image":{"@id":"https:\/\/www.boxrepsol.com\/es\/motogp\/marc-marquez-dani-pedrosa-encabezan-segundo-dia-tailandia\/#primaryimage"},"thumbnailUrl":"https:\/\/bxrepsol.s3.eu-west-1.amazonaws.com\/static\/2022\/08\/29075826\/20180219_marc_marquez_dani_pedrosa_motogp_equipo_repsol_honda_buriram_test_fans_selfie.jpg","datePublished":"2018-02-19T02:00:00+00:00","dateModified":"2024-05-21T09:54:39+00:00","description":"Los pilotos del equipo Repsol Honda completan una positiva jornada en el Circuito Internacional de Buriram.","breadcrumb":{"@id":"https:\/\/www.boxrepsol.com\/es\/motogp\/marc-marquez-dani-pedrosa-encabezan-segundo-dia-tailandia\/#breadcrumb"},"inLanguage":"es","potentialAction":[{"@type":"ReadAction","target":["https:\/\/www.boxrepsol.com\/es\/motogp\/marc-marquez-dani-pedrosa-encabezan-segundo-dia-tailandia\/"]}]},{"@type":"ImageObject","inLanguage":"es","@id":"https:\/\/www.boxrepsol.com\/es\/motogp\/marc-marquez-dani-pedrosa-encabezan-segundo-dia-tailandia\/#primaryimage","url":"https:\/\/bxrepsol.s3.eu-west-1.amazonaws.com\/static\/2022\/08\/29075826\/20180219_marc_marquez_dani_pedrosa_motogp_equipo_repsol_honda_buriram_test_fans_selfie.jpg","contentUrl":"https:\/\/bxrepsol.s3.eu-west-1.amazonaws.com\/static\/2022\/08\/29075826\/20180219_marc_marquez_dani_pedrosa_motogp_equipo_repsol_honda_buriram_test_fans_selfie.jpg","width":995,"height":560,"caption":"Marc M\u00e1rquez Dani Pedrosa se hacen un selfie con los fans Buriram"},{"@type":"BreadcrumbList","@id":"https:\/\/www.boxrepsol.com\/es\/motogp\/marc-marquez-dani-pedrosa-encabezan-segundo-dia-tailandia\/#breadcrumb","itemListElement":[{"@type":"ListItem","position":1,"name":"Home","item":"https:\/\/www.boxrepsol.com\/es\/"},{"@type":"ListItem","position":2,"name":"Marc M\u00e1rquez y Dani Pedrosa encabezan el segundo d\u00eda en Tailandia"}]},{"@type":"WebSite","@id":"https:\/\/www.boxrepsol.com\/es\/#website","url":"https:\/\/www.boxrepsol.com\/es\/","name":"Box Repsol","description":"Box Repsol Site","publisher":{"@id":"https:\/\/www.boxrepsol.com\/es\/#organization"},"potentialAction":[{"@type":"SearchAction","target":{"@type":"EntryPoint","urlTemplate":"https:\/\/www.boxrepsol.com\/es\/?s={search_term_string}"},"query-input":{"@type":"PropertyValueSpecification","valueRequired":true,"valueName":"search_term_string"}}],"inLanguage":"es"},{"@type":"Organization","@id":"https:\/\/www.boxrepsol.com\/es\/#organization","name":"Box Repsol","url":"https:\/\/www.boxrepsol.com\/es\/","logo":{"@type":"ImageObject","inLanguage":"es","@id":"https:\/\/www.boxrepsol.com\/es\/#\/schema\/logo\/image\/","url":"https:\/\/bxrepsol.s3.eu-west-1.amazonaws.com\/static\/2025\/07\/30083337\/favicon-96x96-1.png","contentUrl":"https:\/\/bxrepsol.s3.eu-west-1.amazonaws.com\/static\/2025\/07\/30083337\/favicon-96x96-1.png","width":96,"height":96,"caption":"Box Repsol"},"image":{"@id":"https:\/\/www.boxrepsol.com\/es\/#\/schema\/logo\/image\/"},"sameAs":["https:\/\/www.facebook.com\/BoxRepsol","https:\/\/x.com\/box_repsol","http:\/\/instagram.com\/box_repsol","https:\/\/www.youtube.com\/user\/RepsolCompeticion","https:\/\/www.flickr.com\/photos\/box_repsol\/"]},{"@type":"Person","@id":"https:\/\/www.boxrepsol.com\/es\/#\/schema\/person\/c5c2138f2cca251b0ad92b7086bb60b7","name":"Redacci\u00f3n Box Repsol","image":{"@type":"ImageObject","inLanguage":"es","@id":"https:\/\/secure.gravatar.com\/avatar\/adf7b77e38b4419baf32c7e9c21dde01f4e40df611f0978e3006fc4ba0aaab7e?s=96&d=mm&r=g","url":"https:\/\/secure.gravatar.com\/avatar\/adf7b77e38b4419baf32c7e9c21dde01f4e40df611f0978e3006fc4ba0aaab7e?s=96&d=mm&r=g","contentUrl":"https:\/\/secure.gravatar.com\/avatar\/adf7b77e38b4419baf32c7e9c21dde01f4e40df611f0978e3006fc4ba0aaab7e?s=96&d=mm&r=g","caption":"Redacci\u00f3n Box Repsol"},"description":"Box Repsol lo forma un equipo de periodistas, community managers, dise\u00f1adores y fot\u00f3grafos con m\u00e1s de 20 a\u00f1os de experiencia en el mundo del motorsport. Hemos vivido el primer mundial de un espa\u00f1ol en la categor\u00eda reina de motociclismo con \u00c1lex Crivill\u00e9, estuvimos en las victorias de Pedrosa y los t\u00edtulos de M\u00e1rquez, acompa\u00f1amos en \u00c1frica a Nani Roma y Marc Coma en sus conquistas del Dakar y hemos vibrado con los t\u00edtulos de Toni Bou en Trial. Adem\u00e1s, en nuestro equipo contamos con expertos en el mundo de las dos y cuatro ruedas tanto de la calle y las carreteras, como de los circuitos. Periodistas que han trabajado en revistas y publicaciones para hacerte llegar desde rutas y consejos de mantenimiento, a curiosidades y trucos de pilotaje.","sameAs":["https:\/\/www.facebook.com\/BoxRepsol\/","https:\/\/www.instagram.com\/box_repsol\/","https:\/\/x.com\/https:\/\/twitter.com\/box_repsol","https:\/\/www.youtube.com\/@Boxrepsol"],"url":"https:\/\/www.boxrepsol.com\/es\/author\/redaccion-box-repsol\/"}]}},"_links":{"self":[{"href":"https:\/\/www.boxrepsol.com\/es\/wp-json\/wp\/v2\/posts\/92864","targetHints":{"allow":["GET"]}}],"collection":[{"href":"https:\/\/www.boxrepsol.com\/es\/wp-json\/wp\/v2\/posts"}],"about":[{"href":"https:\/\/www.boxrepsol.com\/es\/wp-json\/wp\/v2\/types\/post"}],"author":[{"embeddable":true,"href":"https:\/\/www.boxrepsol.com\/es\/wp-json\/wp\/v2\/users\/43146"}],"replies":[{"embeddable":true,"href":"https:\/\/www.boxrepsol.com\/es\/wp-json\/wp\/v2\/comments?post=92864"}],"version-history":[{"count":1,"href":"https:\/\/www.boxrepsol.com\/es\/wp-json\/wp\/v2\/posts\/92864\/revisions"}],"predecessor-version":[{"id":116410,"href":"https:\/\/www.boxrepsol.com\/es\/wp-json\/wp\/v2\/posts\/92864\/revisions\/116410"}],"wp:featuredmedia":[{"embeddable":true,"href":"https:\/\/www.boxrepsol.com\/es\/wp-json\/wp\/v2\/media\/56939"}],"wp:attachment":[{"href":"https:\/\/www.boxrepsol.com\/es\/wp-json\/wp\/v2\/media?parent=92864"}],"wp:term":[{"taxonomy":"category","embeddable":true,"href":"https:\/\/www.boxrepsol.com\/es\/wp-json\/wp\/v2\/categories?post=92864"},{"taxonomy":"post_tag","embeddable":true,"href":"https:\/\/www.boxrepsol.com\/es\/wp-json\/wp\/v2\/tags?post=92864"}],"curies":[{"name":"wp","href":"https:\/\/api.w.org\/{rel}","templated":true}]}}