{"id":92835,"date":"2018-02-14T00:00:00","date_gmt":"2018-02-14T02:00:00","guid":{"rendered":"http:\/\/pre.boxrepsol.com\/sin-categorizar\/san-valentin-en-pareja-moto-plan-perfecto\/"},"modified":"2024-10-16T12:25:50","modified_gmt":"2024-10-16T14:25:50","slug":"san-valentin-en-pareja-moto-plan-perfecto","status":"publish","type":"post","link":"https:\/\/www.boxrepsol.com\/es\/vive-tu-moto\/san-valentin-en-pareja-moto-plan-perfecto\/","title":{"rendered":"San Valent\u00edn en pareja y en moto, el plan perfecto"},"content":{"rendered":"<p>Sabemos que no hace falta que sea <strong>el d\u00eda de los enamorados<\/strong> para sorprender con algo especial, pero ya que tenemos la excusa perfecta, vamos a hablar de cosas que nos gustar\u00eda hacer con nuestros dos amores, <strong>las motos y la pareja<\/strong>.<\/p>\n<p>Empezamos con algo sencillo pero result\u00f3n, puedes coger la moto y <strong>callejear por la ciudad<\/strong> buscando esos rincones especiales sin problemas de aparcamiento, sitios con encanto que acostumbramos a pasar por alto en nuestro d\u00eda a d\u00eda.<\/p>\n<p><img loading=\"lazy\" decoding=\"async\" src=\"https:\/\/bxrepsol.s3.eu-west-1.amazonaws.com\/static\/2022\/08\/29075725\/dddd-2.png\" alt=\"\" width=\"704\" height=\"404\" \/><\/p>\n<p>Si tienes la suerte de vivir cerca de la playa, una buena opci\u00f3n es quedarte a ver la puesta de sol en la misma arena, o si tienes a mano la monta\u00f1a, seguro que puedes <strong>acceder con la moto a alg\u00fan mirador<\/strong> donde disfrutar de unas incre\u00edbles vistas, y por qu\u00e9 no, hacer un picnic de esos que se pueden llevar en una mochila, sin duda un plan econ\u00f3mico pero rom\u00e1ntico.<\/p>\n<p><img loading=\"lazy\" decoding=\"async\" src=\"https:\/\/bxrepsol.s3.eu-west-1.amazonaws.com\/static\/2022\/08\/29075726\/fffff-2.png\" alt=\"\" width=\"704\" height=\"404\" \/><\/p>\n<p>\u00bfQu\u00e9 hay m\u00e1s rom\u00e1ntico que disfrutar de buena compa\u00f1\u00eda bajo un cielo estrellado? S\u00ed, sabemos que hace fr\u00edo, pero los mejores meses para ver las estrellas son los de invierno, y, adem\u00e1s, a los moteros el fr\u00edo no nos da miedo. <strong>Coge tu moto y al\u00e9jate unos kil\u00f3metros de la ciudad<\/strong> para evitar la contaminaci\u00f3n lum\u00ednica, disfrutar\u00e1s de un espect\u00e1culo muy especial y si adem\u00e1s lo unes con una cena en alg\u00fan lugar bonito, mejor que mejor. Actualmente existen varios hoteles y restaurantes que ofrecen alojamiento y\/o cena bajo las estrellas.<\/p>\n<p><img loading=\"lazy\" decoding=\"async\" src=\"https:\/\/bxrepsol.s3.eu-west-1.amazonaws.com\/static\/2022\/08\/29075727\/sssss-2.png\" alt=\"\" width=\"704\" height=\"404\" \/><\/p>\n<p>Si sois una pareja de esas que comparten la <strong>afici\u00f3n por la moto<\/strong> al 50%, seguramente habr\u00e9is hecho alguna salida o rodada en grupo, pero \u00bfhab\u00e9is pensado en hacer una ruta off-road cada uno con una moto? Si sois afortunados y ten\u00e9is cada uno la vuestra propia, lo ten\u00e9is f\u00e1cil, pero si no es as\u00ed, tranquilos, no est\u00e1 todo perdido, pod\u00e9is apuntaros a una salida organizada con monitor por pistas marcadas, \u00bfbonito verdad?, que mejor excusa que <strong>San Valent\u00edn<\/strong> para hacer lo que te apasiona y pasar un d\u00eda diferente.<\/p>\n<p>\u00bfNos hacemos unas fotos?, pues eso, seguro tienes alguna <strong>posando con tu moto<\/strong>, por ejemplo, el d\u00eda que te la compraste, el d\u00eda que la limpiaste por primera vez, el d\u00eda de la primera ruta, alg\u00fan selfie que otro, etc. Pero \u00bfte has planteado alguna vez hacer una sesi\u00f3n de fotos profesional? Quiz\u00e1s el 14 de febrero sea el d\u00eda ideal para hacerlo, tu pareja, tu moto y t\u00fa. Un recuerdo imborrable y algo muy adecuado para hacer el d\u00eda de los enamorados. \u00a1Sonr\u00ede!<\/p>\n<p><img loading=\"lazy\" decoding=\"async\" src=\"https:\/\/bxrepsol.s3.eu-west-1.amazonaws.com\/static\/2022\/08\/29075727\/gggg-2.png\" alt=\"\" width=\"704\" height=\"404\" \/><\/p>\n<p>Pero si hay algo s\u00faper rom\u00e1ntico y que representa el amor en su m\u00e1xima expresi\u00f3n, es casarse. Hay muchos tipos de boda, pero si lo vuestro por las motos es pasi\u00f3n, que mejor manera de hacerlo que acompa\u00f1ados, adem\u00e1s de vuestra familia y amigos, de un ambiente motero. Desde utilizar una \u201c<strong>moto-nupcial<\/strong>\u201d para llevar a la novia al altar hasta montar una <strong>caravana motera<\/strong> para celebrar el enlace.<\/p>\n<p>Una <a href=\"https:\/\/www.boxrepsol.com\/es\/cultura-motera\/te-vas-a-casar-hazlo-al-modo-motero\/\" target=\"_blank\" rel=\"noopener noreferrer\"><strong>boda especial, diferente y del todo original<\/strong><\/a>, que no pasar\u00e1 desapercibida para nadie y que seguramente ser\u00e1 uno de los d\u00edas m\u00e1s felices de vuestras vidas, y como no, haciendo lo que m\u00e1s os gusta, montar en moto.<\/p>\n<p><img loading=\"lazy\" decoding=\"async\" src=\"https:\/\/bxrepsol.s3.eu-west-1.amazonaws.com\/static\/2022\/08\/29075728\/ssssssss-2.png\" alt=\"\" width=\"704\" height=\"404\" \/><\/p>\n<p>Ser motero y ser un rom\u00e1ntico no est\u00e1 re\u00f1ido \u00bfQu\u00e9 har\u00e1s tu de especial este San Valent\u00edn?<\/p>\n<p>Foto cabecera:\u00a0Pexels<\/p>\n","protected":false},"excerpt":{"rendered":"<p>En San Valent\u00edn no regales cualquier cosa. Si te apasionan las motos, puedes hacer que este d\u00eda se convierta en un d\u00eda inolvidable \u00bfPor qu\u00e9 no vivir una experiencia motera?<\/p>\n","protected":false},"author":43146,"featured_media":92837,"comment_status":"open","ping_status":"open","sticky":false,"template":"","format":"standard","meta":{"footnotes":""},"categories":[122],"tags":[124],"class_list":["post-92835","post","type-post","status-publish","format-standard","hentry","category-vive-tu-moto","tag-moteros"],"yoast_head":"<!-- This site is optimized with the Yoast SEO plugin v27.3 - https:\/\/yoast.com\/product\/yoast-seo-wordpress\/ -->\n<title>El plan perfecto para San Valent\u00edn en moto - Box Repsol<\/title>\n<meta name=\"description\" content=\"Sabemos que no hace falta que sea el d\u00eda de los enamorados para sorprender con algo especial, pero ya que tenemos la excusa perfecta\" \/>\n<link rel=\"canonical\" href=\"https:\/\/www.boxrepsol.com\/es\/vive-tu-moto\/san-valentin-en-pareja-moto-plan-perfecto\/\" \/>\n<meta property=\"og:locale\" content=\"es_ES\" \/>\n<meta property=\"og:type\" content=\"article\" \/>\n<meta property=\"og:title\" content=\"El plan perfecto para San Valent\u00edn en moto - Box Repsol\" \/>\n<meta property=\"og:description\" content=\"Sabemos que no hace falta que sea el d\u00eda de los enamorados para sorprender con algo especial, pero ya que tenemos la excusa perfecta\" \/>\n<meta property=\"og:url\" content=\"https:\/\/www.boxrepsol.com\/es\/vive-tu-moto\/san-valentin-en-pareja-moto-plan-perfecto\/\" \/>\n<meta property=\"og:site_name\" content=\"Box Repsol\" \/>\n<meta property=\"article:publisher\" content=\"https:\/\/www.facebook.com\/BoxRepsol\" \/>\n<meta property=\"article:author\" content=\"https:\/\/www.facebook.com\/BoxRepsol\/\" \/>\n<meta property=\"article:published_time\" content=\"2018-02-14T02:00:00+00:00\" \/>\n<meta property=\"article:modified_time\" content=\"2024-10-16T14:25:50+00:00\" \/>\n<meta property=\"og:image\" content=\"https:\/\/bxrepsol.s3.eu-west-1.amazonaws.com\/static\/2023\/02\/24101704\/edd.png\" \/>\n\t<meta property=\"og:image:width\" content=\"986\" \/>\n\t<meta property=\"og:image:height\" content=\"555\" \/>\n\t<meta property=\"og:image:type\" content=\"image\/png\" \/>\n<meta name=\"author\" content=\"Redacci\u00f3n Box Repsol\" \/>\n<meta name=\"twitter:card\" content=\"summary_large_image\" \/>\n<meta name=\"twitter:creator\" content=\"@https:\/\/twitter.com\/box_repsol\" \/>\n<meta name=\"twitter:site\" content=\"@box_repsol\" \/>\n<meta name=\"twitter:label1\" content=\"Written by\" \/>\n\t<meta name=\"twitter:data1\" content=\"Redacci\u00f3n Box Repsol\" \/>\n\t<meta name=\"twitter:label2\" content=\"Est. reading time\" \/>\n\t<meta name=\"twitter:data2\" content=\"3 minutos\" \/>\n<script type=\"application\/ld+json\" class=\"yoast-schema-graph\">{\"@context\":\"https:\\\/\\\/schema.org\",\"@graph\":[{\"@type\":\"Article\",\"@id\":\"https:\\\/\\\/www.boxrepsol.com\\\/es\\\/vive-tu-moto\\\/san-valentin-en-pareja-moto-plan-perfecto\\\/#article\",\"isPartOf\":{\"@id\":\"https:\\\/\\\/www.boxrepsol.com\\\/es\\\/vive-tu-moto\\\/san-valentin-en-pareja-moto-plan-perfecto\\\/\"},\"author\":{\"name\":\"Redacci\u00f3n Box Repsol\",\"@id\":\"https:\\\/\\\/www.boxrepsol.com\\\/es\\\/#\\\/schema\\\/person\\\/c5c2138f2cca251b0ad92b7086bb60b7\"},\"headline\":\"San Valent\u00edn en pareja y en moto, el plan perfecto\",\"datePublished\":\"2018-02-14T02:00:00+00:00\",\"dateModified\":\"2024-10-16T14:25:50+00:00\",\"mainEntityOfPage\":{\"@id\":\"https:\\\/\\\/www.boxrepsol.com\\\/es\\\/vive-tu-moto\\\/san-valentin-en-pareja-moto-plan-perfecto\\\/\"},\"wordCount\":609,\"commentCount\":0,\"publisher\":{\"@id\":\"https:\\\/\\\/www.boxrepsol.com\\\/es\\\/#organization\"},\"image\":{\"@id\":\"https:\\\/\\\/www.boxrepsol.com\\\/es\\\/vive-tu-moto\\\/san-valentin-en-pareja-moto-plan-perfecto\\\/#primaryimage\"},\"thumbnailUrl\":\"https:\\\/\\\/bxrepsol.s3.eu-west-1.amazonaws.com\\\/static\\\/2023\\\/02\\\/24101704\\\/edd.png\",\"keywords\":[\"moteros\"],\"articleSection\":[\"Vive tu moto\"],\"inLanguage\":\"es\",\"potentialAction\":[{\"@type\":\"CommentAction\",\"name\":\"Comment\",\"target\":[\"https:\\\/\\\/www.boxrepsol.com\\\/es\\\/vive-tu-moto\\\/san-valentin-en-pareja-moto-plan-perfecto\\\/#respond\"]}]},{\"@type\":\"WebPage\",\"@id\":\"https:\\\/\\\/www.boxrepsol.com\\\/es\\\/vive-tu-moto\\\/san-valentin-en-pareja-moto-plan-perfecto\\\/\",\"url\":\"https:\\\/\\\/www.boxrepsol.com\\\/es\\\/vive-tu-moto\\\/san-valentin-en-pareja-moto-plan-perfecto\\\/\",\"name\":\"El plan perfecto para San Valent\u00edn en moto - Box Repsol\",\"isPartOf\":{\"@id\":\"https:\\\/\\\/www.boxrepsol.com\\\/es\\\/#website\"},\"primaryImageOfPage\":{\"@id\":\"https:\\\/\\\/www.boxrepsol.com\\\/es\\\/vive-tu-moto\\\/san-valentin-en-pareja-moto-plan-perfecto\\\/#primaryimage\"},\"image\":{\"@id\":\"https:\\\/\\\/www.boxrepsol.com\\\/es\\\/vive-tu-moto\\\/san-valentin-en-pareja-moto-plan-perfecto\\\/#primaryimage\"},\"thumbnailUrl\":\"https:\\\/\\\/bxrepsol.s3.eu-west-1.amazonaws.com\\\/static\\\/2023\\\/02\\\/24101704\\\/edd.png\",\"datePublished\":\"2018-02-14T02:00:00+00:00\",\"dateModified\":\"2024-10-16T14:25:50+00:00\",\"description\":\"Sabemos que no hace falta que sea el d\u00eda de los enamorados para sorprender con algo especial, pero ya que tenemos la excusa perfecta\",\"breadcrumb\":{\"@id\":\"https:\\\/\\\/www.boxrepsol.com\\\/es\\\/vive-tu-moto\\\/san-valentin-en-pareja-moto-plan-perfecto\\\/#breadcrumb\"},\"inLanguage\":\"es\",\"potentialAction\":[{\"@type\":\"ReadAction\",\"target\":[\"https:\\\/\\\/www.boxrepsol.com\\\/es\\\/vive-tu-moto\\\/san-valentin-en-pareja-moto-plan-perfecto\\\/\"]}]},{\"@type\":\"ImageObject\",\"inLanguage\":\"es\",\"@id\":\"https:\\\/\\\/www.boxrepsol.com\\\/es\\\/vive-tu-moto\\\/san-valentin-en-pareja-moto-plan-perfecto\\\/#primaryimage\",\"url\":\"https:\\\/\\\/bxrepsol.s3.eu-west-1.amazonaws.com\\\/static\\\/2023\\\/02\\\/24101704\\\/edd.png\",\"contentUrl\":\"https:\\\/\\\/bxrepsol.s3.eu-west-1.amazonaws.com\\\/static\\\/2023\\\/02\\\/24101704\\\/edd.png\",\"width\":986,\"height\":555,\"caption\":\"Pareja sentada en la playa con moto\"},{\"@type\":\"BreadcrumbList\",\"@id\":\"https:\\\/\\\/www.boxrepsol.com\\\/es\\\/vive-tu-moto\\\/san-valentin-en-pareja-moto-plan-perfecto\\\/#breadcrumb\",\"itemListElement\":[{\"@type\":\"ListItem\",\"position\":1,\"name\":\"Home\",\"item\":\"https:\\\/\\\/www.boxrepsol.com\\\/es\\\/\"},{\"@type\":\"ListItem\",\"position\":2,\"name\":\"San Valent\u00edn en pareja y en moto, el plan perfecto\"}]},{\"@type\":\"WebSite\",\"@id\":\"https:\\\/\\\/www.boxrepsol.com\\\/es\\\/#website\",\"url\":\"https:\\\/\\\/www.boxrepsol.com\\\/es\\\/\",\"name\":\"Box Repsol\",\"description\":\"Box Repsol Site\",\"publisher\":{\"@id\":\"https:\\\/\\\/www.boxrepsol.com\\\/es\\\/#organization\"},\"potentialAction\":[{\"@type\":\"SearchAction\",\"target\":{\"@type\":\"EntryPoint\",\"urlTemplate\":\"https:\\\/\\\/www.boxrepsol.com\\\/es\\\/?s={search_term_string}\"},\"query-input\":{\"@type\":\"PropertyValueSpecification\",\"valueRequired\":true,\"valueName\":\"search_term_string\"}}],\"inLanguage\":\"es\"},{\"@type\":\"Organization\",\"@id\":\"https:\\\/\\\/www.boxrepsol.com\\\/es\\\/#organization\",\"name\":\"Box Repsol\",\"url\":\"https:\\\/\\\/www.boxrepsol.com\\\/es\\\/\",\"logo\":{\"@type\":\"ImageObject\",\"inLanguage\":\"es\",\"@id\":\"https:\\\/\\\/www.boxrepsol.com\\\/es\\\/#\\\/schema\\\/logo\\\/image\\\/\",\"url\":\"https:\\\/\\\/bxrepsol.s3.eu-west-1.amazonaws.com\\\/static\\\/2025\\\/07\\\/30083337\\\/favicon-96x96-1.png\",\"contentUrl\":\"https:\\\/\\\/bxrepsol.s3.eu-west-1.amazonaws.com\\\/static\\\/2025\\\/07\\\/30083337\\\/favicon-96x96-1.png\",\"width\":96,\"height\":96,\"caption\":\"Box Repsol\"},\"image\":{\"@id\":\"https:\\\/\\\/www.boxrepsol.com\\\/es\\\/#\\\/schema\\\/logo\\\/image\\\/\"},\"sameAs\":[\"https:\\\/\\\/www.facebook.com\\\/BoxRepsol\",\"https:\\\/\\\/x.com\\\/box_repsol\",\"http:\\\/\\\/instagram.com\\\/box_repsol\",\"https:\\\/\\\/www.youtube.com\\\/user\\\/RepsolCompeticion\",\"https:\\\/\\\/www.flickr.com\\\/photos\\\/box_repsol\\\/\"]},{\"@type\":\"Person\",\"@id\":\"https:\\\/\\\/www.boxrepsol.com\\\/es\\\/#\\\/schema\\\/person\\\/c5c2138f2cca251b0ad92b7086bb60b7\",\"name\":\"Redacci\u00f3n Box Repsol\",\"image\":{\"@type\":\"ImageObject\",\"inLanguage\":\"es\",\"@id\":\"https:\\\/\\\/secure.gravatar.com\\\/avatar\\\/adf7b77e38b4419baf32c7e9c21dde01f4e40df611f0978e3006fc4ba0aaab7e?s=96&d=mm&r=g\",\"url\":\"https:\\\/\\\/secure.gravatar.com\\\/avatar\\\/adf7b77e38b4419baf32c7e9c21dde01f4e40df611f0978e3006fc4ba0aaab7e?s=96&d=mm&r=g\",\"contentUrl\":\"https:\\\/\\\/secure.gravatar.com\\\/avatar\\\/adf7b77e38b4419baf32c7e9c21dde01f4e40df611f0978e3006fc4ba0aaab7e?s=96&d=mm&r=g\",\"caption\":\"Redacci\u00f3n Box Repsol\"},\"description\":\"Box Repsol lo forma un equipo de periodistas, community managers, dise\u00f1adores y fot\u00f3grafos con m\u00e1s de 20 a\u00f1os de experiencia en el mundo del motorsport. Hemos vivido el primer mundial de un espa\u00f1ol en la categor\u00eda reina de motociclismo con \u00c1lex Crivill\u00e9, estuvimos en las victorias de Pedrosa y los t\u00edtulos de M\u00e1rquez, acompa\u00f1amos en \u00c1frica a Nani Roma y Marc Coma en sus conquistas del Dakar y hemos vibrado con los t\u00edtulos de Toni Bou en Trial. Adem\u00e1s, en nuestro equipo contamos con expertos en el mundo de las dos y cuatro ruedas tanto de la calle y las carreteras, como de los circuitos. Periodistas que han trabajado en revistas y publicaciones para hacerte llegar desde rutas y consejos de mantenimiento, a curiosidades y trucos de pilotaje.\",\"sameAs\":[\"https:\\\/\\\/www.facebook.com\\\/BoxRepsol\\\/\",\"https:\\\/\\\/www.instagram.com\\\/box_repsol\\\/\",\"https:\\\/\\\/x.com\\\/https:\\\/\\\/twitter.com\\\/box_repsol\",\"https:\\\/\\\/www.youtube.com\\\/@Boxrepsol\"],\"url\":\"https:\\\/\\\/www.boxrepsol.com\\\/es\\\/author\\\/redaccion-box-repsol\\\/\"}]}<\/script>\n<!-- \/ Yoast SEO plugin. -->","yoast_head_json":{"title":"El plan perfecto para San Valent\u00edn en moto - Box Repsol","description":"Sabemos que no hace falta que sea el d\u00eda de los enamorados para sorprender con algo especial, pero ya que tenemos la excusa perfecta","canonical":"https:\/\/www.boxrepsol.com\/es\/vive-tu-moto\/san-valentin-en-pareja-moto-plan-perfecto\/","og_locale":"es_ES","og_type":"article","og_title":"El plan perfecto para San Valent\u00edn en moto - Box Repsol","og_description":"Sabemos que no hace falta que sea el d\u00eda de los enamorados para sorprender con algo especial, pero ya que tenemos la excusa perfecta","og_url":"https:\/\/www.boxrepsol.com\/es\/vive-tu-moto\/san-valentin-en-pareja-moto-plan-perfecto\/","og_site_name":"Box Repsol","article_publisher":"https:\/\/www.facebook.com\/BoxRepsol","article_author":"https:\/\/www.facebook.com\/BoxRepsol\/","article_published_time":"2018-02-14T02:00:00+00:00","article_modified_time":"2024-10-16T14:25:50+00:00","og_image":[{"width":986,"height":555,"url":"https:\/\/bxrepsol.s3.eu-west-1.amazonaws.com\/static\/2023\/02\/24101704\/edd.png","type":"image\/png"}],"author":"Redacci\u00f3n Box Repsol","twitter_card":"summary_large_image","twitter_creator":"@https:\/\/twitter.com\/box_repsol","twitter_site":"@box_repsol","twitter_misc":{"Written by":"Redacci\u00f3n Box Repsol","Est. reading time":"3 minutos"},"schema":{"@context":"https:\/\/schema.org","@graph":[{"@type":"Article","@id":"https:\/\/www.boxrepsol.com\/es\/vive-tu-moto\/san-valentin-en-pareja-moto-plan-perfecto\/#article","isPartOf":{"@id":"https:\/\/www.boxrepsol.com\/es\/vive-tu-moto\/san-valentin-en-pareja-moto-plan-perfecto\/"},"author":{"name":"Redacci\u00f3n Box Repsol","@id":"https:\/\/www.boxrepsol.com\/es\/#\/schema\/person\/c5c2138f2cca251b0ad92b7086bb60b7"},"headline":"San Valent\u00edn en pareja y en moto, el plan perfecto","datePublished":"2018-02-14T02:00:00+00:00","dateModified":"2024-10-16T14:25:50+00:00","mainEntityOfPage":{"@id":"https:\/\/www.boxrepsol.com\/es\/vive-tu-moto\/san-valentin-en-pareja-moto-plan-perfecto\/"},"wordCount":609,"commentCount":0,"publisher":{"@id":"https:\/\/www.boxrepsol.com\/es\/#organization"},"image":{"@id":"https:\/\/www.boxrepsol.com\/es\/vive-tu-moto\/san-valentin-en-pareja-moto-plan-perfecto\/#primaryimage"},"thumbnailUrl":"https:\/\/bxrepsol.s3.eu-west-1.amazonaws.com\/static\/2023\/02\/24101704\/edd.png","keywords":["moteros"],"articleSection":["Vive tu moto"],"inLanguage":"es","potentialAction":[{"@type":"CommentAction","name":"Comment","target":["https:\/\/www.boxrepsol.com\/es\/vive-tu-moto\/san-valentin-en-pareja-moto-plan-perfecto\/#respond"]}]},{"@type":"WebPage","@id":"https:\/\/www.boxrepsol.com\/es\/vive-tu-moto\/san-valentin-en-pareja-moto-plan-perfecto\/","url":"https:\/\/www.boxrepsol.com\/es\/vive-tu-moto\/san-valentin-en-pareja-moto-plan-perfecto\/","name":"El plan perfecto para San Valent\u00edn en moto - Box Repsol","isPartOf":{"@id":"https:\/\/www.boxrepsol.com\/es\/#website"},"primaryImageOfPage":{"@id":"https:\/\/www.boxrepsol.com\/es\/vive-tu-moto\/san-valentin-en-pareja-moto-plan-perfecto\/#primaryimage"},"image":{"@id":"https:\/\/www.boxrepsol.com\/es\/vive-tu-moto\/san-valentin-en-pareja-moto-plan-perfecto\/#primaryimage"},"thumbnailUrl":"https:\/\/bxrepsol.s3.eu-west-1.amazonaws.com\/static\/2023\/02\/24101704\/edd.png","datePublished":"2018-02-14T02:00:00+00:00","dateModified":"2024-10-16T14:25:50+00:00","description":"Sabemos que no hace falta que sea el d\u00eda de los enamorados para sorprender con algo especial, pero ya que tenemos la excusa perfecta","breadcrumb":{"@id":"https:\/\/www.boxrepsol.com\/es\/vive-tu-moto\/san-valentin-en-pareja-moto-plan-perfecto\/#breadcrumb"},"inLanguage":"es","potentialAction":[{"@type":"ReadAction","target":["https:\/\/www.boxrepsol.com\/es\/vive-tu-moto\/san-valentin-en-pareja-moto-plan-perfecto\/"]}]},{"@type":"ImageObject","inLanguage":"es","@id":"https:\/\/www.boxrepsol.com\/es\/vive-tu-moto\/san-valentin-en-pareja-moto-plan-perfecto\/#primaryimage","url":"https:\/\/bxrepsol.s3.eu-west-1.amazonaws.com\/static\/2023\/02\/24101704\/edd.png","contentUrl":"https:\/\/bxrepsol.s3.eu-west-1.amazonaws.com\/static\/2023\/02\/24101704\/edd.png","width":986,"height":555,"caption":"Pareja sentada en la playa con moto"},{"@type":"BreadcrumbList","@id":"https:\/\/www.boxrepsol.com\/es\/vive-tu-moto\/san-valentin-en-pareja-moto-plan-perfecto\/#breadcrumb","itemListElement":[{"@type":"ListItem","position":1,"name":"Home","item":"https:\/\/www.boxrepsol.com\/es\/"},{"@type":"ListItem","position":2,"name":"San Valent\u00edn en pareja y en moto, el plan perfecto"}]},{"@type":"WebSite","@id":"https:\/\/www.boxrepsol.com\/es\/#website","url":"https:\/\/www.boxrepsol.com\/es\/","name":"Box Repsol","description":"Box Repsol Site","publisher":{"@id":"https:\/\/www.boxrepsol.com\/es\/#organization"},"potentialAction":[{"@type":"SearchAction","target":{"@type":"EntryPoint","urlTemplate":"https:\/\/www.boxrepsol.com\/es\/?s={search_term_string}"},"query-input":{"@type":"PropertyValueSpecification","valueRequired":true,"valueName":"search_term_string"}}],"inLanguage":"es"},{"@type":"Organization","@id":"https:\/\/www.boxrepsol.com\/es\/#organization","name":"Box Repsol","url":"https:\/\/www.boxrepsol.com\/es\/","logo":{"@type":"ImageObject","inLanguage":"es","@id":"https:\/\/www.boxrepsol.com\/es\/#\/schema\/logo\/image\/","url":"https:\/\/bxrepsol.s3.eu-west-1.amazonaws.com\/static\/2025\/07\/30083337\/favicon-96x96-1.png","contentUrl":"https:\/\/bxrepsol.s3.eu-west-1.amazonaws.com\/static\/2025\/07\/30083337\/favicon-96x96-1.png","width":96,"height":96,"caption":"Box Repsol"},"image":{"@id":"https:\/\/www.boxrepsol.com\/es\/#\/schema\/logo\/image\/"},"sameAs":["https:\/\/www.facebook.com\/BoxRepsol","https:\/\/x.com\/box_repsol","http:\/\/instagram.com\/box_repsol","https:\/\/www.youtube.com\/user\/RepsolCompeticion","https:\/\/www.flickr.com\/photos\/box_repsol\/"]},{"@type":"Person","@id":"https:\/\/www.boxrepsol.com\/es\/#\/schema\/person\/c5c2138f2cca251b0ad92b7086bb60b7","name":"Redacci\u00f3n Box Repsol","image":{"@type":"ImageObject","inLanguage":"es","@id":"https:\/\/secure.gravatar.com\/avatar\/adf7b77e38b4419baf32c7e9c21dde01f4e40df611f0978e3006fc4ba0aaab7e?s=96&d=mm&r=g","url":"https:\/\/secure.gravatar.com\/avatar\/adf7b77e38b4419baf32c7e9c21dde01f4e40df611f0978e3006fc4ba0aaab7e?s=96&d=mm&r=g","contentUrl":"https:\/\/secure.gravatar.com\/avatar\/adf7b77e38b4419baf32c7e9c21dde01f4e40df611f0978e3006fc4ba0aaab7e?s=96&d=mm&r=g","caption":"Redacci\u00f3n Box Repsol"},"description":"Box Repsol lo forma un equipo de periodistas, community managers, dise\u00f1adores y fot\u00f3grafos con m\u00e1s de 20 a\u00f1os de experiencia en el mundo del motorsport. Hemos vivido el primer mundial de un espa\u00f1ol en la categor\u00eda reina de motociclismo con \u00c1lex Crivill\u00e9, estuvimos en las victorias de Pedrosa y los t\u00edtulos de M\u00e1rquez, acompa\u00f1amos en \u00c1frica a Nani Roma y Marc Coma en sus conquistas del Dakar y hemos vibrado con los t\u00edtulos de Toni Bou en Trial. Adem\u00e1s, en nuestro equipo contamos con expertos en el mundo de las dos y cuatro ruedas tanto de la calle y las carreteras, como de los circuitos. Periodistas que han trabajado en revistas y publicaciones para hacerte llegar desde rutas y consejos de mantenimiento, a curiosidades y trucos de pilotaje.","sameAs":["https:\/\/www.facebook.com\/BoxRepsol\/","https:\/\/www.instagram.com\/box_repsol\/","https:\/\/x.com\/https:\/\/twitter.com\/box_repsol","https:\/\/www.youtube.com\/@Boxrepsol"],"url":"https:\/\/www.boxrepsol.com\/es\/author\/redaccion-box-repsol\/"}]}},"_links":{"self":[{"href":"https:\/\/www.boxrepsol.com\/es\/wp-json\/wp\/v2\/posts\/92835","targetHints":{"allow":["GET"]}}],"collection":[{"href":"https:\/\/www.boxrepsol.com\/es\/wp-json\/wp\/v2\/posts"}],"about":[{"href":"https:\/\/www.boxrepsol.com\/es\/wp-json\/wp\/v2\/types\/post"}],"author":[{"embeddable":true,"href":"https:\/\/www.boxrepsol.com\/es\/wp-json\/wp\/v2\/users\/43146"}],"replies":[{"embeddable":true,"href":"https:\/\/www.boxrepsol.com\/es\/wp-json\/wp\/v2\/comments?post=92835"}],"version-history":[{"count":3,"href":"https:\/\/www.boxrepsol.com\/es\/wp-json\/wp\/v2\/posts\/92835\/revisions"}],"predecessor-version":[{"id":121262,"href":"https:\/\/www.boxrepsol.com\/es\/wp-json\/wp\/v2\/posts\/92835\/revisions\/121262"}],"wp:featuredmedia":[{"embeddable":true,"href":"https:\/\/www.boxrepsol.com\/es\/wp-json\/wp\/v2\/media\/92837"}],"wp:attachment":[{"href":"https:\/\/www.boxrepsol.com\/es\/wp-json\/wp\/v2\/media?parent=92835"}],"wp:term":[{"taxonomy":"category","embeddable":true,"href":"https:\/\/www.boxrepsol.com\/es\/wp-json\/wp\/v2\/categories?post=92835"},{"taxonomy":"post_tag","embeddable":true,"href":"https:\/\/www.boxrepsol.com\/es\/wp-json\/wp\/v2\/tags?post=92835"}],"curies":[{"name":"wp","href":"https:\/\/api.w.org\/{rel}","templated":true}]}}