{"id":92789,"date":"2018-02-09T00:00:00","date_gmt":"2018-02-09T02:00:00","guid":{"rendered":"http:\/\/pre.boxrepsol.com\/sin-categorizar\/motoclub-motorrecampena-los-padres-la-reunion-motera-del-dia-andalucia\/"},"modified":"2024-05-21T07:32:26","modified_gmt":"2024-05-21T09:32:26","slug":"motoclub-motorrecampena-los-padres-la-reunion-motera-del-dia-andalucia","status":"publish","type":"post","link":"https:\/\/www.boxrepsol.com\/es\/motogp\/motoclub-motorrecampena-los-padres-la-reunion-motera-del-dia-andalucia\/","title":{"rendered":"Motoclub Motorrecampe\u00f1a, los padres de la Reuni\u00f3n Motera del D\u00eda de Andaluc\u00eda"},"content":{"rendered":"<p>La Reuni\u00f3n Motera del D\u00eda de Andaluc\u00eda es una de las concentraciones m\u00e1s importantes de nuestro pa\u00eds. No es nada f\u00e1cil organizarla. Pero por suerte, detr\u00e1s del evento est\u00e1 el Motoclub Motorrecampe\u00f1a.<\/p>\n<p>Isabel L\u00f3pez es la tesorera y se acuerda bien del primer a\u00f1o en el que decidieron convocar a los moteros a un encuentro en el cerro de Miguelico, a las afueras del municipio. Cuenta entre risas que pecaron de novatos. El \u00edmpetu propio de la juventud. El problema fue el exceso de ilusi\u00f3n y optimismo. Prepararon dos d\u00edas repletos de actuaciones y actividades. Lo hicieron coincidir con la verbena de San Juan. Pero la cosa no sali\u00f3 como ellos esperaban. No ten\u00edan internet y los carteles que colgaron por todas partes no dieron el efecto esperado. \u00bfUna derrota? \u00a1Para nada! \u201cAquello nos anim\u00f3 a volver a intentarlo, y lo primero que tuvimos claro es que quer\u00edamos que coincidiera con una fecha especial, as\u00ed que pensamos que lo mejor ser\u00eda moverlo al D\u00eda de Andaluc\u00eda\u201d. Tambi\u00e9n decidieron que lo concentrar\u00edan todo en un solo d\u00eda.<\/p>\n<p><iframe loading=\"lazy\" style=\"border: none; overflow: hidden;\" src=\"https:\/\/www.facebook.com\/plugins\/post.php?href=https%3A%2F%2Fwww.facebook.com%2Fmotoclubmotorrecampena.motorrecampena%2Fphotos%2Fa.508458012579748.1073741829.504133226345560%2F1033665273392350%2F%3Ftype%3D3&amp;width=704\" width=\"704\" height=\"285\" frameborder=\"0\" scrolling=\"no\"><\/iframe><\/p>\n<p>En este 2018, el Motoclub Motorrecampe\u00f1a celebra la edici\u00f3n n\u00famero 24 de la Reuni\u00f3n Motera. Y ya no les hace falta colgar anuncios ni hacer publicidad. Como mucho, lo publican a modo de recordatorio en su p\u00e1gina de Facebook. El a\u00f1o pasado tuvieron 2.000 moteros en sus montes, una cifra que les genera \u201cun poco de v\u00e9rtigo\u201d. Cuenta Isabel que el secreto del \u00e9xito est\u00e1 en el ambiente que han conseguido crear. Aqu\u00ed no se trata de vacilar de moto o de exhibir habilidades. \u201cCreo que hemos logrado que esto sea una gran familia, con gente que viene expresamente a Torredelcampo para encontrarse con personas a las que solo ven una vez al a\u00f1o. Hay mucho compa\u00f1erismo\u201d.<\/p>\n<p><iframe loading=\"lazy\" style=\"border: none; overflow: hidden;\" src=\"https:\/\/www.facebook.com\/plugins\/post.php?href=https%3A%2F%2Fwww.facebook.com%2Fmotoclubmotorrecampena.motorrecampena%2Fphotos%2Fa.508458012579748.1073741829.504133226345560%2F1265491590209716%2F%3Ftype%3D3&amp;width=704\" width=\"704\" height=\"258\" frameborder=\"0\" scrolling=\"no\"><\/iframe><\/p>\n<p>La fiesta empieza sobre las 10 de la ma\u00f1ana con un desayuno a base de caldo calentito para ir recibiendo a las motos. Estamos hablando de febrero, y por mucho que estemos en Andaluc\u00eda, el fr\u00edo no perdona. Hace un par de a\u00f1os les nev\u00f3, pero ni as\u00ed se anul\u00f3 la fiesta ni la gente dej\u00f3 de venir. Sobre el mediod\u00eda, todos se suben a sus m\u00e1quinas y empieza una ruta por los alrededores, con visita al centro hist\u00f3rico del municipio, donde les invitan a un refresco y les dan a probar bacalao y pan con aceite, \u201cel oro l\u00edquido de nuestra tierra\u201d, explica Isabel. Luego vuelven al punto de inicio, comen, pasean, charlan, organizan un sorteo y a media tarde, cada uno se va tranquilamente para su casa.<\/p>\n<p><iframe loading=\"lazy\" style=\"border: none; overflow: hidden;\" src=\"https:\/\/www.facebook.com\/plugins\/post.php?href=https%3A%2F%2Fwww.facebook.com%2Fmotoclubmotorrecampena.motorrecampena%2Fphotos%2Fa.504133286345554.1073741826.504133226345560%2F1526048717487334%2F%3Ftype%3D3&amp;width=704\" width=\"704\" height=\"391\" frameborder=\"0\" scrolling=\"no\"><\/iframe><\/p>\n<p>Explican los organizadores que con el tiempo se han dado cuenta de que la gente prefiere evitar la noche para regresar. \u201cAntes era distinto, la gente alargaba m\u00e1s, pero tambi\u00e9n es cierto que no hab\u00eda tanta conciencia como hay ahora con el tema del alcohol. Ahora, nada de nada; lo tenemos clar\u00edsimo todos\u201d.<\/p>\n<p>Como novedad de este a\u00f1o, el Motoclub destinar\u00e1 parte de los beneficios a la asociaci\u00f3n P\u00eddeme la Luna, que lucha contra el c\u00e1ncer infantil en la provincia de Ja\u00e9n. Una muy buena causa. Tambi\u00e9n habr\u00e1 actuaci\u00f3n musical, y como viene sucediendo en las \u00faltimas dos ediciones, se instalar\u00e1n unas carpas en las que distintas marcas vinculadas al mundo de la moto expondr\u00e1n sus \u00faltimas novedades. Pero aunque siempre viene bien estar al d\u00eda, lo que la gente sigue buscando en la Reuni\u00f3n Motera del D\u00eda de Andaluc\u00eda es \u201cechar un rato de moto aut\u00e9ntica y disfrutar con tus amigos de siempre\u201d. As\u00ed sea.<\/p>\n<p><iframe loading=\"lazy\" style=\"border: none; overflow: hidden;\" src=\"https:\/\/www.facebook.com\/plugins\/post.php?href=https%3A%2F%2Fwww.facebook.com%2Fmotoclubmotorrecampena.motorrecampena%2Fphotos%2Fa.508458012579748.1073741829.504133226345560%2F1033664423392435%2F%3Ftype%3D3&amp;width=704\" width=\"704\" height=\"286\" frameborder=\"0\" scrolling=\"no\"><\/iframe><\/p>\n<p>&nbsp;<\/p>\n<p>&nbsp;<\/p>\n<p>&nbsp;<\/p>\n<p>Foto cabecera: Moto Club Motorrecampa\u00f1a | Flickr<\/p>\n","protected":false},"excerpt":{"rendered":"<p>Cada 28 de febrero, desde hace 24 a\u00f1os, centenares de personas se citan en Torredelcampo (Ja\u00e9n) para participar en la Reuni\u00f3n Motera del D\u00eda de Andaluc\u00eda. Nos cuentan c\u00f3mo lo hacen y cu\u00e1l es el secreto de su \u00e9xito. Se acerca la cl\u00e1sica invernal del sur. \u00bfTe la perder\u00e1s?<\/p>\n","protected":false},"author":43146,"featured_media":92790,"comment_status":"open","ping_status":"open","sticky":false,"template":"","format":"standard","meta":{"footnotes":""},"categories":[4],"tags":[167],"class_list":["post-92789","post","type-post","status-publish","format-standard","hentry","category-motogp","tag-clubs-y-grupos-moteros"],"yoast_head":"<!-- This site is optimized with the Yoast SEO plugin v27.3 - https:\/\/yoast.com\/product\/yoast-seo-wordpress\/ -->\n<title>Reuni\u00f3n Motera del D\u00eda de Andaluc\u00eda: fechas y eventos - Box Repsol<\/title>\n<meta name=\"description\" content=\"La Reuni\u00f3n Motera del D\u00eda de Andaluc\u00eda es una de las concentraciones m\u00e1s importantes de nuestro pa\u00eds. No es nada f\u00e1cil organizarla\" \/>\n<link rel=\"canonical\" href=\"https:\/\/www.boxrepsol.com\/es\/motogp\/motoclub-motorrecampena-los-padres-la-reunion-motera-del-dia-andalucia\/\" \/>\n<meta property=\"og:locale\" content=\"es_ES\" \/>\n<meta property=\"og:type\" content=\"article\" \/>\n<meta property=\"og:title\" content=\"Reuni\u00f3n Motera del D\u00eda de Andaluc\u00eda: fechas y eventos - Box Repsol\" \/>\n<meta property=\"og:description\" content=\"La Reuni\u00f3n Motera del D\u00eda de Andaluc\u00eda es una de las concentraciones m\u00e1s importantes de nuestro pa\u00eds. No es nada f\u00e1cil organizarla\" \/>\n<meta property=\"og:url\" content=\"https:\/\/www.boxrepsol.com\/es\/motogp\/motoclub-motorrecampena-los-padres-la-reunion-motera-del-dia-andalucia\/\" \/>\n<meta property=\"og:site_name\" content=\"Box Repsol\" \/>\n<meta property=\"article:publisher\" content=\"https:\/\/www.facebook.com\/BoxRepsol\" \/>\n<meta property=\"article:author\" content=\"https:\/\/www.facebook.com\/BoxRepsol\/\" \/>\n<meta property=\"article:published_time\" content=\"2018-02-09T02:00:00+00:00\" \/>\n<meta property=\"article:modified_time\" content=\"2024-05-21T09:32:26+00:00\" \/>\n<meta property=\"og:image\" content=\"https:\/\/bxrepsol.s3.eu-west-1.amazonaws.com\/static\/2023\/02\/24101634\/header-fb-oficial.png\" \/>\n\t<meta property=\"og:image:width\" content=\"986\" \/>\n\t<meta property=\"og:image:height\" content=\"555\" \/>\n\t<meta property=\"og:image:type\" content=\"image\/png\" \/>\n<meta name=\"author\" content=\"Redacci\u00f3n Box Repsol\" \/>\n<meta name=\"twitter:card\" content=\"summary_large_image\" \/>\n<meta name=\"twitter:creator\" content=\"@https:\/\/twitter.com\/box_repsol\" \/>\n<meta name=\"twitter:site\" content=\"@box_repsol\" \/>\n<meta name=\"twitter:label1\" content=\"Written by\" \/>\n\t<meta name=\"twitter:data1\" content=\"Redacci\u00f3n Box Repsol\" \/>\n\t<meta name=\"twitter:label2\" content=\"Est. reading time\" \/>\n\t<meta name=\"twitter:data2\" content=\"3 minutos\" \/>\n<script type=\"application\/ld+json\" class=\"yoast-schema-graph\">{\"@context\":\"https:\\\/\\\/schema.org\",\"@graph\":[{\"@type\":\"Article\",\"@id\":\"https:\\\/\\\/www.boxrepsol.com\\\/es\\\/motogp\\\/motoclub-motorrecampena-los-padres-la-reunion-motera-del-dia-andalucia\\\/#article\",\"isPartOf\":{\"@id\":\"https:\\\/\\\/www.boxrepsol.com\\\/es\\\/motogp\\\/motoclub-motorrecampena-los-padres-la-reunion-motera-del-dia-andalucia\\\/\"},\"author\":{\"name\":\"Redacci\u00f3n Box Repsol\",\"@id\":\"https:\\\/\\\/www.boxrepsol.com\\\/es\\\/#\\\/schema\\\/person\\\/c5c2138f2cca251b0ad92b7086bb60b7\"},\"headline\":\"Motoclub Motorrecampe\u00f1a, los padres de la Reuni\u00f3n Motera del D\u00eda de Andaluc\u00eda\",\"datePublished\":\"2018-02-09T02:00:00+00:00\",\"dateModified\":\"2024-05-21T09:32:26+00:00\",\"mainEntityOfPage\":{\"@id\":\"https:\\\/\\\/www.boxrepsol.com\\\/es\\\/motogp\\\/motoclub-motorrecampena-los-padres-la-reunion-motera-del-dia-andalucia\\\/\"},\"wordCount\":655,\"commentCount\":0,\"publisher\":{\"@id\":\"https:\\\/\\\/www.boxrepsol.com\\\/es\\\/#organization\"},\"image\":{\"@id\":\"https:\\\/\\\/www.boxrepsol.com\\\/es\\\/motogp\\\/motoclub-motorrecampena-los-padres-la-reunion-motera-del-dia-andalucia\\\/#primaryimage\"},\"thumbnailUrl\":\"https:\\\/\\\/bxrepsol.s3.eu-west-1.amazonaws.com\\\/static\\\/2023\\\/02\\\/24101634\\\/header-fb-oficial.png\",\"keywords\":[\"clubs y grupos moteros\"],\"articleSection\":[\"MotoGP\"],\"inLanguage\":\"es\",\"potentialAction\":[{\"@type\":\"CommentAction\",\"name\":\"Comment\",\"target\":[\"https:\\\/\\\/www.boxrepsol.com\\\/es\\\/motogp\\\/motoclub-motorrecampena-los-padres-la-reunion-motera-del-dia-andalucia\\\/#respond\"]}]},{\"@type\":\"WebPage\",\"@id\":\"https:\\\/\\\/www.boxrepsol.com\\\/es\\\/motogp\\\/motoclub-motorrecampena-los-padres-la-reunion-motera-del-dia-andalucia\\\/\",\"url\":\"https:\\\/\\\/www.boxrepsol.com\\\/es\\\/motogp\\\/motoclub-motorrecampena-los-padres-la-reunion-motera-del-dia-andalucia\\\/\",\"name\":\"Reuni\u00f3n Motera del D\u00eda de Andaluc\u00eda: fechas y eventos - Box Repsol\",\"isPartOf\":{\"@id\":\"https:\\\/\\\/www.boxrepsol.com\\\/es\\\/#website\"},\"primaryImageOfPage\":{\"@id\":\"https:\\\/\\\/www.boxrepsol.com\\\/es\\\/motogp\\\/motoclub-motorrecampena-los-padres-la-reunion-motera-del-dia-andalucia\\\/#primaryimage\"},\"image\":{\"@id\":\"https:\\\/\\\/www.boxrepsol.com\\\/es\\\/motogp\\\/motoclub-motorrecampena-los-padres-la-reunion-motera-del-dia-andalucia\\\/#primaryimage\"},\"thumbnailUrl\":\"https:\\\/\\\/bxrepsol.s3.eu-west-1.amazonaws.com\\\/static\\\/2023\\\/02\\\/24101634\\\/header-fb-oficial.png\",\"datePublished\":\"2018-02-09T02:00:00+00:00\",\"dateModified\":\"2024-05-21T09:32:26+00:00\",\"description\":\"La Reuni\u00f3n Motera del D\u00eda de Andaluc\u00eda es una de las concentraciones m\u00e1s importantes de nuestro pa\u00eds. No es nada f\u00e1cil organizarla\",\"breadcrumb\":{\"@id\":\"https:\\\/\\\/www.boxrepsol.com\\\/es\\\/motogp\\\/motoclub-motorrecampena-los-padres-la-reunion-motera-del-dia-andalucia\\\/#breadcrumb\"},\"inLanguage\":\"es\",\"potentialAction\":[{\"@type\":\"ReadAction\",\"target\":[\"https:\\\/\\\/www.boxrepsol.com\\\/es\\\/motogp\\\/motoclub-motorrecampena-los-padres-la-reunion-motera-del-dia-andalucia\\\/\"]}]},{\"@type\":\"ImageObject\",\"inLanguage\":\"es\",\"@id\":\"https:\\\/\\\/www.boxrepsol.com\\\/es\\\/motogp\\\/motoclub-motorrecampena-los-padres-la-reunion-motera-del-dia-andalucia\\\/#primaryimage\",\"url\":\"https:\\\/\\\/bxrepsol.s3.eu-west-1.amazonaws.com\\\/static\\\/2023\\\/02\\\/24101634\\\/header-fb-oficial.png\",\"contentUrl\":\"https:\\\/\\\/bxrepsol.s3.eu-west-1.amazonaws.com\\\/static\\\/2023\\\/02\\\/24101634\\\/header-fb-oficial.png\",\"width\":986,\"height\":555,\"caption\":\"Renui\u00f3n de motoristas con banner del d\u00eda de Andaluc\u00eda\"},{\"@type\":\"BreadcrumbList\",\"@id\":\"https:\\\/\\\/www.boxrepsol.com\\\/es\\\/motogp\\\/motoclub-motorrecampena-los-padres-la-reunion-motera-del-dia-andalucia\\\/#breadcrumb\",\"itemListElement\":[{\"@type\":\"ListItem\",\"position\":1,\"name\":\"Home\",\"item\":\"https:\\\/\\\/www.boxrepsol.com\\\/es\\\/\"},{\"@type\":\"ListItem\",\"position\":2,\"name\":\"Motoclub Motorrecampe\u00f1a, los padres de la Reuni\u00f3n Motera del D\u00eda de Andaluc\u00eda\"}]},{\"@type\":\"WebSite\",\"@id\":\"https:\\\/\\\/www.boxrepsol.com\\\/es\\\/#website\",\"url\":\"https:\\\/\\\/www.boxrepsol.com\\\/es\\\/\",\"name\":\"Box Repsol\",\"description\":\"Box Repsol Site\",\"publisher\":{\"@id\":\"https:\\\/\\\/www.boxrepsol.com\\\/es\\\/#organization\"},\"potentialAction\":[{\"@type\":\"SearchAction\",\"target\":{\"@type\":\"EntryPoint\",\"urlTemplate\":\"https:\\\/\\\/www.boxrepsol.com\\\/es\\\/?s={search_term_string}\"},\"query-input\":{\"@type\":\"PropertyValueSpecification\",\"valueRequired\":true,\"valueName\":\"search_term_string\"}}],\"inLanguage\":\"es\"},{\"@type\":\"Organization\",\"@id\":\"https:\\\/\\\/www.boxrepsol.com\\\/es\\\/#organization\",\"name\":\"Box Repsol\",\"url\":\"https:\\\/\\\/www.boxrepsol.com\\\/es\\\/\",\"logo\":{\"@type\":\"ImageObject\",\"inLanguage\":\"es\",\"@id\":\"https:\\\/\\\/www.boxrepsol.com\\\/es\\\/#\\\/schema\\\/logo\\\/image\\\/\",\"url\":\"https:\\\/\\\/bxrepsol.s3.eu-west-1.amazonaws.com\\\/static\\\/2025\\\/07\\\/30083337\\\/favicon-96x96-1.png\",\"contentUrl\":\"https:\\\/\\\/bxrepsol.s3.eu-west-1.amazonaws.com\\\/static\\\/2025\\\/07\\\/30083337\\\/favicon-96x96-1.png\",\"width\":96,\"height\":96,\"caption\":\"Box Repsol\"},\"image\":{\"@id\":\"https:\\\/\\\/www.boxrepsol.com\\\/es\\\/#\\\/schema\\\/logo\\\/image\\\/\"},\"sameAs\":[\"https:\\\/\\\/www.facebook.com\\\/BoxRepsol\",\"https:\\\/\\\/x.com\\\/box_repsol\",\"http:\\\/\\\/instagram.com\\\/box_repsol\",\"https:\\\/\\\/www.youtube.com\\\/user\\\/RepsolCompeticion\",\"https:\\\/\\\/www.flickr.com\\\/photos\\\/box_repsol\\\/\"]},{\"@type\":\"Person\",\"@id\":\"https:\\\/\\\/www.boxrepsol.com\\\/es\\\/#\\\/schema\\\/person\\\/c5c2138f2cca251b0ad92b7086bb60b7\",\"name\":\"Redacci\u00f3n Box Repsol\",\"image\":{\"@type\":\"ImageObject\",\"inLanguage\":\"es\",\"@id\":\"https:\\\/\\\/secure.gravatar.com\\\/avatar\\\/adf7b77e38b4419baf32c7e9c21dde01f4e40df611f0978e3006fc4ba0aaab7e?s=96&d=mm&r=g\",\"url\":\"https:\\\/\\\/secure.gravatar.com\\\/avatar\\\/adf7b77e38b4419baf32c7e9c21dde01f4e40df611f0978e3006fc4ba0aaab7e?s=96&d=mm&r=g\",\"contentUrl\":\"https:\\\/\\\/secure.gravatar.com\\\/avatar\\\/adf7b77e38b4419baf32c7e9c21dde01f4e40df611f0978e3006fc4ba0aaab7e?s=96&d=mm&r=g\",\"caption\":\"Redacci\u00f3n Box Repsol\"},\"description\":\"Box Repsol lo forma un equipo de periodistas, community managers, dise\u00f1adores y fot\u00f3grafos con m\u00e1s de 20 a\u00f1os de experiencia en el mundo del motorsport. Hemos vivido el primer mundial de un espa\u00f1ol en la categor\u00eda reina de motociclismo con \u00c1lex Crivill\u00e9, estuvimos en las victorias de Pedrosa y los t\u00edtulos de M\u00e1rquez, acompa\u00f1amos en \u00c1frica a Nani Roma y Marc Coma en sus conquistas del Dakar y hemos vibrado con los t\u00edtulos de Toni Bou en Trial. Adem\u00e1s, en nuestro equipo contamos con expertos en el mundo de las dos y cuatro ruedas tanto de la calle y las carreteras, como de los circuitos. Periodistas que han trabajado en revistas y publicaciones para hacerte llegar desde rutas y consejos de mantenimiento, a curiosidades y trucos de pilotaje.\",\"sameAs\":[\"https:\\\/\\\/www.facebook.com\\\/BoxRepsol\\\/\",\"https:\\\/\\\/www.instagram.com\\\/box_repsol\\\/\",\"https:\\\/\\\/x.com\\\/https:\\\/\\\/twitter.com\\\/box_repsol\",\"https:\\\/\\\/www.youtube.com\\\/@Boxrepsol\"],\"url\":\"https:\\\/\\\/www.boxrepsol.com\\\/es\\\/author\\\/redaccion-box-repsol\\\/\"}]}<\/script>\n<!-- \/ Yoast SEO plugin. -->","yoast_head_json":{"title":"Reuni\u00f3n Motera del D\u00eda de Andaluc\u00eda: fechas y eventos - Box Repsol","description":"La Reuni\u00f3n Motera del D\u00eda de Andaluc\u00eda es una de las concentraciones m\u00e1s importantes de nuestro pa\u00eds. No es nada f\u00e1cil organizarla","canonical":"https:\/\/www.boxrepsol.com\/es\/motogp\/motoclub-motorrecampena-los-padres-la-reunion-motera-del-dia-andalucia\/","og_locale":"es_ES","og_type":"article","og_title":"Reuni\u00f3n Motera del D\u00eda de Andaluc\u00eda: fechas y eventos - Box Repsol","og_description":"La Reuni\u00f3n Motera del D\u00eda de Andaluc\u00eda es una de las concentraciones m\u00e1s importantes de nuestro pa\u00eds. No es nada f\u00e1cil organizarla","og_url":"https:\/\/www.boxrepsol.com\/es\/motogp\/motoclub-motorrecampena-los-padres-la-reunion-motera-del-dia-andalucia\/","og_site_name":"Box Repsol","article_publisher":"https:\/\/www.facebook.com\/BoxRepsol","article_author":"https:\/\/www.facebook.com\/BoxRepsol\/","article_published_time":"2018-02-09T02:00:00+00:00","article_modified_time":"2024-05-21T09:32:26+00:00","og_image":[{"width":986,"height":555,"url":"https:\/\/bxrepsol.s3.eu-west-1.amazonaws.com\/static\/2023\/02\/24101634\/header-fb-oficial.png","type":"image\/png"}],"author":"Redacci\u00f3n Box Repsol","twitter_card":"summary_large_image","twitter_creator":"@https:\/\/twitter.com\/box_repsol","twitter_site":"@box_repsol","twitter_misc":{"Written by":"Redacci\u00f3n Box Repsol","Est. reading time":"3 minutos"},"schema":{"@context":"https:\/\/schema.org","@graph":[{"@type":"Article","@id":"https:\/\/www.boxrepsol.com\/es\/motogp\/motoclub-motorrecampena-los-padres-la-reunion-motera-del-dia-andalucia\/#article","isPartOf":{"@id":"https:\/\/www.boxrepsol.com\/es\/motogp\/motoclub-motorrecampena-los-padres-la-reunion-motera-del-dia-andalucia\/"},"author":{"name":"Redacci\u00f3n Box Repsol","@id":"https:\/\/www.boxrepsol.com\/es\/#\/schema\/person\/c5c2138f2cca251b0ad92b7086bb60b7"},"headline":"Motoclub Motorrecampe\u00f1a, los padres de la Reuni\u00f3n Motera del D\u00eda de Andaluc\u00eda","datePublished":"2018-02-09T02:00:00+00:00","dateModified":"2024-05-21T09:32:26+00:00","mainEntityOfPage":{"@id":"https:\/\/www.boxrepsol.com\/es\/motogp\/motoclub-motorrecampena-los-padres-la-reunion-motera-del-dia-andalucia\/"},"wordCount":655,"commentCount":0,"publisher":{"@id":"https:\/\/www.boxrepsol.com\/es\/#organization"},"image":{"@id":"https:\/\/www.boxrepsol.com\/es\/motogp\/motoclub-motorrecampena-los-padres-la-reunion-motera-del-dia-andalucia\/#primaryimage"},"thumbnailUrl":"https:\/\/bxrepsol.s3.eu-west-1.amazonaws.com\/static\/2023\/02\/24101634\/header-fb-oficial.png","keywords":["clubs y grupos moteros"],"articleSection":["MotoGP"],"inLanguage":"es","potentialAction":[{"@type":"CommentAction","name":"Comment","target":["https:\/\/www.boxrepsol.com\/es\/motogp\/motoclub-motorrecampena-los-padres-la-reunion-motera-del-dia-andalucia\/#respond"]}]},{"@type":"WebPage","@id":"https:\/\/www.boxrepsol.com\/es\/motogp\/motoclub-motorrecampena-los-padres-la-reunion-motera-del-dia-andalucia\/","url":"https:\/\/www.boxrepsol.com\/es\/motogp\/motoclub-motorrecampena-los-padres-la-reunion-motera-del-dia-andalucia\/","name":"Reuni\u00f3n Motera del D\u00eda de Andaluc\u00eda: fechas y eventos - Box Repsol","isPartOf":{"@id":"https:\/\/www.boxrepsol.com\/es\/#website"},"primaryImageOfPage":{"@id":"https:\/\/www.boxrepsol.com\/es\/motogp\/motoclub-motorrecampena-los-padres-la-reunion-motera-del-dia-andalucia\/#primaryimage"},"image":{"@id":"https:\/\/www.boxrepsol.com\/es\/motogp\/motoclub-motorrecampena-los-padres-la-reunion-motera-del-dia-andalucia\/#primaryimage"},"thumbnailUrl":"https:\/\/bxrepsol.s3.eu-west-1.amazonaws.com\/static\/2023\/02\/24101634\/header-fb-oficial.png","datePublished":"2018-02-09T02:00:00+00:00","dateModified":"2024-05-21T09:32:26+00:00","description":"La Reuni\u00f3n Motera del D\u00eda de Andaluc\u00eda es una de las concentraciones m\u00e1s importantes de nuestro pa\u00eds. No es nada f\u00e1cil organizarla","breadcrumb":{"@id":"https:\/\/www.boxrepsol.com\/es\/motogp\/motoclub-motorrecampena-los-padres-la-reunion-motera-del-dia-andalucia\/#breadcrumb"},"inLanguage":"es","potentialAction":[{"@type":"ReadAction","target":["https:\/\/www.boxrepsol.com\/es\/motogp\/motoclub-motorrecampena-los-padres-la-reunion-motera-del-dia-andalucia\/"]}]},{"@type":"ImageObject","inLanguage":"es","@id":"https:\/\/www.boxrepsol.com\/es\/motogp\/motoclub-motorrecampena-los-padres-la-reunion-motera-del-dia-andalucia\/#primaryimage","url":"https:\/\/bxrepsol.s3.eu-west-1.amazonaws.com\/static\/2023\/02\/24101634\/header-fb-oficial.png","contentUrl":"https:\/\/bxrepsol.s3.eu-west-1.amazonaws.com\/static\/2023\/02\/24101634\/header-fb-oficial.png","width":986,"height":555,"caption":"Renui\u00f3n de motoristas con banner del d\u00eda de Andaluc\u00eda"},{"@type":"BreadcrumbList","@id":"https:\/\/www.boxrepsol.com\/es\/motogp\/motoclub-motorrecampena-los-padres-la-reunion-motera-del-dia-andalucia\/#breadcrumb","itemListElement":[{"@type":"ListItem","position":1,"name":"Home","item":"https:\/\/www.boxrepsol.com\/es\/"},{"@type":"ListItem","position":2,"name":"Motoclub Motorrecampe\u00f1a, los padres de la Reuni\u00f3n Motera del D\u00eda de Andaluc\u00eda"}]},{"@type":"WebSite","@id":"https:\/\/www.boxrepsol.com\/es\/#website","url":"https:\/\/www.boxrepsol.com\/es\/","name":"Box Repsol","description":"Box Repsol Site","publisher":{"@id":"https:\/\/www.boxrepsol.com\/es\/#organization"},"potentialAction":[{"@type":"SearchAction","target":{"@type":"EntryPoint","urlTemplate":"https:\/\/www.boxrepsol.com\/es\/?s={search_term_string}"},"query-input":{"@type":"PropertyValueSpecification","valueRequired":true,"valueName":"search_term_string"}}],"inLanguage":"es"},{"@type":"Organization","@id":"https:\/\/www.boxrepsol.com\/es\/#organization","name":"Box Repsol","url":"https:\/\/www.boxrepsol.com\/es\/","logo":{"@type":"ImageObject","inLanguage":"es","@id":"https:\/\/www.boxrepsol.com\/es\/#\/schema\/logo\/image\/","url":"https:\/\/bxrepsol.s3.eu-west-1.amazonaws.com\/static\/2025\/07\/30083337\/favicon-96x96-1.png","contentUrl":"https:\/\/bxrepsol.s3.eu-west-1.amazonaws.com\/static\/2025\/07\/30083337\/favicon-96x96-1.png","width":96,"height":96,"caption":"Box Repsol"},"image":{"@id":"https:\/\/www.boxrepsol.com\/es\/#\/schema\/logo\/image\/"},"sameAs":["https:\/\/www.facebook.com\/BoxRepsol","https:\/\/x.com\/box_repsol","http:\/\/instagram.com\/box_repsol","https:\/\/www.youtube.com\/user\/RepsolCompeticion","https:\/\/www.flickr.com\/photos\/box_repsol\/"]},{"@type":"Person","@id":"https:\/\/www.boxrepsol.com\/es\/#\/schema\/person\/c5c2138f2cca251b0ad92b7086bb60b7","name":"Redacci\u00f3n Box Repsol","image":{"@type":"ImageObject","inLanguage":"es","@id":"https:\/\/secure.gravatar.com\/avatar\/adf7b77e38b4419baf32c7e9c21dde01f4e40df611f0978e3006fc4ba0aaab7e?s=96&d=mm&r=g","url":"https:\/\/secure.gravatar.com\/avatar\/adf7b77e38b4419baf32c7e9c21dde01f4e40df611f0978e3006fc4ba0aaab7e?s=96&d=mm&r=g","contentUrl":"https:\/\/secure.gravatar.com\/avatar\/adf7b77e38b4419baf32c7e9c21dde01f4e40df611f0978e3006fc4ba0aaab7e?s=96&d=mm&r=g","caption":"Redacci\u00f3n Box Repsol"},"description":"Box Repsol lo forma un equipo de periodistas, community managers, dise\u00f1adores y fot\u00f3grafos con m\u00e1s de 20 a\u00f1os de experiencia en el mundo del motorsport. Hemos vivido el primer mundial de un espa\u00f1ol en la categor\u00eda reina de motociclismo con \u00c1lex Crivill\u00e9, estuvimos en las victorias de Pedrosa y los t\u00edtulos de M\u00e1rquez, acompa\u00f1amos en \u00c1frica a Nani Roma y Marc Coma en sus conquistas del Dakar y hemos vibrado con los t\u00edtulos de Toni Bou en Trial. Adem\u00e1s, en nuestro equipo contamos con expertos en el mundo de las dos y cuatro ruedas tanto de la calle y las carreteras, como de los circuitos. Periodistas que han trabajado en revistas y publicaciones para hacerte llegar desde rutas y consejos de mantenimiento, a curiosidades y trucos de pilotaje.","sameAs":["https:\/\/www.facebook.com\/BoxRepsol\/","https:\/\/www.instagram.com\/box_repsol\/","https:\/\/x.com\/https:\/\/twitter.com\/box_repsol","https:\/\/www.youtube.com\/@Boxrepsol"],"url":"https:\/\/www.boxrepsol.com\/es\/author\/redaccion-box-repsol\/"}]}},"_links":{"self":[{"href":"https:\/\/www.boxrepsol.com\/es\/wp-json\/wp\/v2\/posts\/92789","targetHints":{"allow":["GET"]}}],"collection":[{"href":"https:\/\/www.boxrepsol.com\/es\/wp-json\/wp\/v2\/posts"}],"about":[{"href":"https:\/\/www.boxrepsol.com\/es\/wp-json\/wp\/v2\/types\/post"}],"author":[{"embeddable":true,"href":"https:\/\/www.boxrepsol.com\/es\/wp-json\/wp\/v2\/users\/43146"}],"replies":[{"embeddable":true,"href":"https:\/\/www.boxrepsol.com\/es\/wp-json\/wp\/v2\/comments?post=92789"}],"version-history":[{"count":1,"href":"https:\/\/www.boxrepsol.com\/es\/wp-json\/wp\/v2\/posts\/92789\/revisions"}],"predecessor-version":[{"id":110743,"href":"https:\/\/www.boxrepsol.com\/es\/wp-json\/wp\/v2\/posts\/92789\/revisions\/110743"}],"wp:featuredmedia":[{"embeddable":true,"href":"https:\/\/www.boxrepsol.com\/es\/wp-json\/wp\/v2\/media\/92790"}],"wp:attachment":[{"href":"https:\/\/www.boxrepsol.com\/es\/wp-json\/wp\/v2\/media?parent=92789"}],"wp:term":[{"taxonomy":"category","embeddable":true,"href":"https:\/\/www.boxrepsol.com\/es\/wp-json\/wp\/v2\/categories?post=92789"},{"taxonomy":"post_tag","embeddable":true,"href":"https:\/\/www.boxrepsol.com\/es\/wp-json\/wp\/v2\/tags?post=92789"}],"curies":[{"name":"wp","href":"https:\/\/api.w.org\/{rel}","templated":true}]}}