{"id":92722,"date":"2018-02-05T00:00:00","date_gmt":"2018-02-05T02:00:00","guid":{"rendered":"http:\/\/pre.boxrepsol.com\/sin-categorizar\/los-7-momentos-la-semana-box-repsol-4\/"},"modified":"2024-10-17T13:41:57","modified_gmt":"2024-10-17T15:41:57","slug":"los-7-momentos-la-semana-box-repsol-4","status":"publish","type":"post","link":"https:\/\/www.boxrepsol.com\/es\/motogp\/los-7-momentos-la-semana-box-repsol-4\/","title":{"rendered":"Los 7 momentos de la semana en Box Repsol"},"content":{"rendered":"<p>Nuestros pilotos ya han empezado los test tras unas merecidas vacaciones. T\u00fa, mientras, sigues tachando d\u00edas en el calendario. Y te das cuenta, con una media sonrisa, de que queda poco m\u00e1s de un mes para que las motos vuelvan a rugir. Tenemos las carreras a la vuelta de la esquina, pero no por eso tenemos que esperar con los brazos cruzados.<\/p>\n<p>Precisamente porque las motos est\u00e1n a pocas semanas de regresar, os hemos invitado a compartir con nosotros vuestra mejor cara de velocidad. Esa que, sin querer, esboz\u00e1is cuando est\u00e1is viendo la carrera de MotoGP. Pensar\u00e1s, \u00bfqu\u00e9 gano yo mandando una foto con cara de alucine? Ganas que entre todos nos echemos unas risas. Y una tonter\u00eda de premio, ya ver\u00e1s: conocer en persona a M\u00e1rquez y a Pedrosa. Todos los que hay\u00e1is participado durante la semana, hoy deb\u00e9is estar atentos a nuestras redes sociales porque ah\u00ed ser\u00e1 donde anunciaremos el ganador \u00a1Suerte a todos!<\/p>\n<p>\u00bfTe acuerdas de cuando sal\u00edamos en moto con el mapa en el bolsillo de la chaqueta? Te tocaba parar en la cuneta, sacarte los guantes, desplegar el plano e intentar adivinar si ibas por la ruta correcta. Con la aparici\u00f3n de los m\u00f3viles, esa escena motera es ya una postal rom\u00e1ntica. Y para que tu tel\u00e9fono no corra peligro cuando quieras consultar el GPS,<a href=\"https:\/\/www.boxrepsol.com\/es\/tecnologia\/soportes-movil-moto-disfruta-ruta-miedo-perderte\/\" target=\"_blank\" rel=\"noopener noreferrer\"> te detallamos las mejores maneras de agarrarlo a la moto<\/a>.<\/p>\n<p>El motero arrastra una fama inmerecida. Habr\u00e1 quien le eche la culpa al cine por esa imagen de solitarios, algo ego\u00edstas y rebeldes. La realidad nos demuestra hasta qu\u00e9 punto los t\u00f3picos est\u00e1n equivocados. Un buen ejemplo es el<a href=\"https:\/\/www.boxrepsol.com\/es\/vive-tu-moto\/club-moteros-malaga-luchan-cancer\/\" target=\"_blank\" rel=\"noopener noreferrer\"> club Moteros contra el C\u00e1ncer de M\u00e1laga<\/a>. Llevan casi un a\u00f1o y medio de batalla y vale la pena conocer su historia.<\/p>\n<p>Quiz\u00e1s seas un motero experto, de esos que hace las cosas con los ojos cerrados. Puede que no, que est\u00e9s empezando en esto de las motos. Para ti va dedicado este post con <a href=\"https:\/\/www.boxrepsol.com\/es\/vive-tu-moto\/10-consejos-para-salir-de-ruta-en-moto\/\">10 consejos para salir de ruta<\/a>. Y si eres perro viejo, un repasito al dec\u00e1logo del buen motero tampoco te har\u00e1 ning\u00fan da\u00f1o. \u00a1Salud y kil\u00f3metros!<\/p>\n<p>La Red Bull Air Race vuelve un a\u00f1o m\u00e1s para demostrarnos que la velocidad sin tocar el suelo tambi\u00e9n es un enorme espect\u00e1culo. Volveremos a vibrar con las maniobras de Juan Velarde, que de la mano de Repsol, repite como \u00fanico espa\u00f1ol en la \u00e9lite de las carreras a\u00e9reas. \u00c9l mismo nos cuenta sus primeras impresiones en la primera cita de la temporada. Se\u00f1oras y se\u00f1ores, con todos ustedes Juan Velarde.<\/p>\n<blockquote style=\"background: #FFF; border: 0; border-radius: 3px; box-shadow: 0 0 1px 0 rgba(0,0,0,0.5),0 1px 10px 0 rgba(0,0,0,0.15); margin: 1px; max-width: 658px; padding: 0; width: calc(100% - 2px);\" data-instgrm-captioned=\"\" data-instgrm-permalink=\"https:\/\/www.instagram.com\/p\/BelI7atl21l\/\" data-instgrm-version=\"8\">\n<p style=\"margin: 8px 0 0 0; padding: 0 4px;\"><a style=\"color: #000; font-family: Arial,sans-serif; font-size: 14px; font-style: normal; font-weight: normal; line-height: 17px; text-decoration: none; word-wrap: break-word;\" href=\"https:\/\/www.instagram.com\/p\/BelI7atl21l\/\" target=\"_blank\" rel=\"noopener noreferrer\">??\u2708\ufe0f \u30fb\u30fb\u30fb En directo desde Abu Dhabi&#8230; ? On air from Abu Dhabi&#8230; @redbullairrace @hamiltonwatch @box_repsol #teamvelarde #jv26 #airrace #redbull #avgeek #aviation #aviationlovers #abudhabi #plane #pilotlife #fly<\/a><\/p>\n<p style=\"color: #c9c8cd; font-family: Arial,sans-serif; font-size: 14px; line-height: 17px; margin-bottom: 0; margin-top: 8px; overflow: hidden; padding: 8px 0 7px; text-align: center; text-overflow: ellipsis; white-space: nowrap;\">Una publicaci\u00f3n compartida de <a style=\"color: #c9c8cd; font-family: Arial,sans-serif; font-size: 14px; font-style: normal; font-weight: normal; line-height: 17px;\" href=\"https:\/\/www.instagram.com\/box_repsol\/\" target=\"_blank\" rel=\"noopener noreferrer\"> Box Repsol<\/a> (@box_repsol) el <time style=\"font-family: Arial,sans-serif; font-size: 14px; line-height: 17px;\" datetime=\"2018-01-30T16:29:51+00:00\">Ene 30, 2018 at 8:29 PST<\/time><\/p>\n<\/blockquote>\n<p>Nuestra cuenta de Instagram vuelve a volcarse con el fen\u00f3meno fan. Los aficionados a las motos, que tan pacientemente est\u00e1n esperando el regreso del Mundial, nos recuerdan siempre cu\u00e1l es el sentido \u00faltimo de las carreras motos: vivir juntos una misma pasi\u00f3n.<\/p>\n<blockquote style=\"background: #FFF; border: 0; border-radius: 3px; box-shadow: 0 0 1px 0 rgba(0,0,0,0.5),0 1px 10px 0 rgba(0,0,0,0.15); margin: 1px; max-width: 658px; padding: 0; width: calc(100% - 2px);\" data-instgrm-captioned=\"\" data-instgrm-permalink=\"https:\/\/www.instagram.com\/p\/BenqA1pFVfv\/\" data-instgrm-version=\"8\">\n<p style=\"margin: 8px 0 0 0; padding: 0 4px;\"><a style=\"color: #000; font-family: Arial,sans-serif; font-size: 14px; font-style: normal; font-weight: normal; line-height: 17px; text-decoration: none; word-wrap: break-word;\" href=\"https:\/\/www.instagram.com\/p\/BenqA1pFVfv\/\" target=\"_blank\" rel=\"noopener noreferrer\">\u00a1@adry_dr lleva el motociclismo tatuado en su piel! Muchas gracias a \u00e9l y a su novia @cristinitaa98 por dar tanto apoyo al equipo \u00a1Os esperamos esta temporada por los circuitos! #BoxRepsol #EquipoRepsol #Fans You can see how much @adry_dr loves bikes! Thanks to you and your girlfriend @cristinitaa98 for all the support for the team! See you at the circuit this season! #BoxRepsol #RepsolTeam #Fans<\/a><\/p>\n<p style=\"color: #c9c8cd; font-family: Arial,sans-serif; font-size: 14px; line-height: 17px; margin-bottom: 0; margin-top: 8px; overflow: hidden; padding: 8px 0 7px; text-align: center; text-overflow: ellipsis; white-space: nowrap;\">Una publicaci\u00f3n compartida de <a style=\"color: #c9c8cd; font-family: Arial,sans-serif; font-size: 14px; font-style: normal; font-weight: normal; line-height: 17px;\" href=\"https:\/\/www.instagram.com\/box_repsol\/\" target=\"_blank\" rel=\"noopener noreferrer\"> Box Repsol<\/a> (@box_repsol) el <time style=\"font-family: Arial,sans-serif; font-size: 14px; line-height: 17px;\" datetime=\"2018-01-31T16:00:13+00:00\">Ene 31, 2018 at 8:00 PST<\/time><\/p>\n<\/blockquote>\n<blockquote style=\"background: #FFF; border: 0; border-radius: 3px; box-shadow: 0 0 1px 0 rgba(0,0,0,0.5),0 1px 10px 0 rgba(0,0,0,0.15); margin: 1px; max-width: 658px; padding: 0; width: calc(100% - 2px);\" data-instgrm-captioned=\"\" data-instgrm-permalink=\"https:\/\/www.instagram.com\/p\/BeqHucQFTyX\/\" data-instgrm-version=\"8\">\n<p style=\"margin: 8px 0 0 0; padding: 0 4px;\"><a style=\"color: #000; font-family: Arial,sans-serif; font-size: 14px; font-style: normal; font-weight: normal; line-height: 17px; text-decoration: none; word-wrap: break-word;\" href=\"https:\/\/www.instagram.com\/p\/BeqHucQFTyX\/\" target=\"_blank\" rel=\"noopener noreferrer\">\u00bfQu\u00e9 puede haber mejor que un fin de semana de amigos por el circuito de Cheste? \u00a1Os esperamos esta temporada! #EquipoRepsol #MotoGP #Familia #Fans What\u2019s better than a mates\u2019 weekend at the Cheste circuit? See you there this season! #RepsolTeam #MotoGP #Family #Fans<\/a><\/p>\n<p style=\"color: #c9c8cd; font-family: Arial,sans-serif; font-size: 14px; line-height: 17px; margin-bottom: 0; margin-top: 8px; overflow: hidden; padding: 8px 0 7px; text-align: center; text-overflow: ellipsis; white-space: nowrap;\">Una publicaci\u00f3n compartida de <a style=\"color: #c9c8cd; font-family: Arial,sans-serif; font-size: 14px; font-style: normal; font-weight: normal; line-height: 17px;\" href=\"https:\/\/www.instagram.com\/box_repsol\/\" target=\"_blank\" rel=\"noopener noreferrer\"> Box Repsol<\/a> (@box_repsol) el <time style=\"font-family: Arial,sans-serif; font-size: 14px; line-height: 17px;\" datetime=\"2018-02-01T15:26:04+00:00\">Feb 1, 2018 at 7:26 PST<\/time><\/p>\n<\/blockquote>\n<blockquote style=\"background: #FFF; border: 0; border-radius: 3px; box-shadow: 0 0 1px 0 rgba(0,0,0,0.5),0 1px 10px 0 rgba(0,0,0,0.15); margin: 1px; max-width: 658px; padding: 0; width: calc(100% - 2px);\" data-instgrm-captioned=\"\" data-instgrm-permalink=\"https:\/\/www.instagram.com\/p\/BeaWr9eFaa4\/\" data-instgrm-version=\"8\">\n<p style=\"margin: 8px 0 0 0; padding: 0 4px;\"><a style=\"color: #000; font-family: Arial,sans-serif; font-size: 14px; font-style: normal; font-weight: normal; line-height: 17px; text-decoration: none; word-wrap: break-word;\" href=\"https:\/\/www.instagram.com\/p\/BeaWr9eFaa4\/\" target=\"_blank\" rel=\"noopener noreferrer\">Sois el motor de nuestros pilotos, \u00a1Muchas gracias! #Fans #Selfie #DP26 #EquipoRepsol #MotoGP You\u2019re what powers our riders, thanks! #Fans #Selfie #DP26 #RepsolTeam #MotoGP<\/a><\/p>\n<p style=\"color: #c9c8cd; font-family: Arial,sans-serif; font-size: 14px; line-height: 17px; margin-bottom: 0; margin-top: 8px; overflow: hidden; padding: 8px 0 7px; text-align: center; text-overflow: ellipsis; white-space: nowrap;\">Una publicaci\u00f3n compartida de <a style=\"color: #c9c8cd; font-family: Arial,sans-serif; font-size: 14px; font-style: normal; font-weight: normal; line-height: 17px;\" href=\"https:\/\/www.instagram.com\/box_repsol\/\" target=\"_blank\" rel=\"noopener noreferrer\"> Box Repsol<\/a> (@box_repsol) el <time style=\"font-family: Arial,sans-serif; font-size: 14px; line-height: 17px;\" datetime=\"2018-01-26T11:56:34+00:00\">Ene 26, 2018 at 3:56 PST<\/time><\/p>\n<\/blockquote>\n<p>Para terminar, os invitamos a entrar en clase y repasar 10 palabras y expresiones moteras que quiz\u00e1s no conozc\u00e1is. Os pueden venir bien en una comida familiar en la que se terminen los temas de conversaci\u00f3n.<\/p>\n<p><iframe loading=\"lazy\" src=\"https:\/\/www.youtube.com\/embed\/DhdNFEXTATo\" width=\"704\" height=\"396\" frameborder=\"0\" allowfullscreen=\"allowfullscreen\"><\/iframe>\u00a0<\/p>\n\n\n<p><\/p>\n","protected":false},"excerpt":{"rendered":"<p>Nosotros tambi\u00e9n contamos las horas para que Marc M\u00e1rquez y Dani Pedrosa vuelvan a los circuitos. Pero la actividad motera no se detiene. Nunca. Repasemos juntos lo que ha dado de s\u00ed la semana en Box Repsol.<\/p>\n","protected":false},"author":43146,"featured_media":92723,"comment_status":"open","ping_status":"open","sticky":false,"template":"","format":"standard","meta":{"footnotes":""},"categories":[4],"tags":[176],"class_list":["post-92722","post","type-post","status-publish","format-standard","hentry","category-motogp","tag-mejores-momentos"],"yoast_head":"<!-- This site is optimized with the Yoast SEO plugin v27.3 - https:\/\/yoast.com\/product\/yoast-seo-wordpress\/ -->\n<title>C\u00f3mo ha sido la semana en Box Repsol - Box Repsol<\/title>\n<meta name=\"description\" content=\"Nuestros pilotos ya han empezado los test tras unas merecidas vacaciones. T\u00fa, mientras, sigues tachando d\u00edas en el calendario.\" \/>\n<link rel=\"canonical\" href=\"https:\/\/www.boxrepsol.com\/es\/motogp\/los-7-momentos-la-semana-box-repsol-4\/\" \/>\n<meta property=\"og:locale\" content=\"es_ES\" \/>\n<meta property=\"og:type\" content=\"article\" \/>\n<meta property=\"og:title\" content=\"C\u00f3mo ha sido la semana en Box Repsol - Box Repsol\" \/>\n<meta property=\"og:description\" content=\"Nuestros pilotos ya han empezado los test tras unas merecidas vacaciones. T\u00fa, mientras, sigues tachando d\u00edas en el calendario.\" \/>\n<meta property=\"og:url\" content=\"https:\/\/www.boxrepsol.com\/es\/motogp\/los-7-momentos-la-semana-box-repsol-4\/\" \/>\n<meta property=\"og:site_name\" content=\"Box Repsol\" \/>\n<meta property=\"article:publisher\" content=\"https:\/\/www.facebook.com\/BoxRepsol\" \/>\n<meta property=\"article:author\" content=\"https:\/\/www.facebook.com\/BoxRepsol\/\" \/>\n<meta property=\"article:published_time\" content=\"2018-02-05T02:00:00+00:00\" \/>\n<meta property=\"article:modified_time\" content=\"2024-10-17T15:41:57+00:00\" \/>\n<meta property=\"og:image\" content=\"https:\/\/bxrepsol.s3.eu-west-1.amazonaws.com\/static\/2023\/02\/24101551\/7-Momentos-0502018.png\" \/>\n\t<meta property=\"og:image:width\" content=\"986\" \/>\n\t<meta property=\"og:image:height\" content=\"555\" \/>\n\t<meta property=\"og:image:type\" content=\"image\/png\" \/>\n<meta name=\"author\" content=\"Redacci\u00f3n Box Repsol\" \/>\n<meta name=\"twitter:card\" content=\"summary_large_image\" \/>\n<meta name=\"twitter:creator\" content=\"@https:\/\/twitter.com\/box_repsol\" \/>\n<meta name=\"twitter:site\" content=\"@box_repsol\" \/>\n<meta name=\"twitter:label1\" content=\"Written by\" \/>\n\t<meta name=\"twitter:data1\" content=\"Redacci\u00f3n Box Repsol\" \/>\n\t<meta name=\"twitter:label2\" content=\"Est. reading time\" \/>\n\t<meta name=\"twitter:data2\" content=\"4 minutos\" \/>\n<script type=\"application\/ld+json\" class=\"yoast-schema-graph\">{\"@context\":\"https:\\\/\\\/schema.org\",\"@graph\":[{\"@type\":\"Article\",\"@id\":\"https:\\\/\\\/www.boxrepsol.com\\\/es\\\/motogp\\\/los-7-momentos-la-semana-box-repsol-4\\\/#article\",\"isPartOf\":{\"@id\":\"https:\\\/\\\/www.boxrepsol.com\\\/es\\\/motogp\\\/los-7-momentos-la-semana-box-repsol-4\\\/\"},\"author\":{\"name\":\"Redacci\u00f3n Box Repsol\",\"@id\":\"https:\\\/\\\/www.boxrepsol.com\\\/es\\\/#\\\/schema\\\/person\\\/c5c2138f2cca251b0ad92b7086bb60b7\"},\"headline\":\"Los 7 momentos de la semana en Box Repsol\",\"datePublished\":\"2018-02-05T02:00:00+00:00\",\"dateModified\":\"2024-10-17T15:41:57+00:00\",\"mainEntityOfPage\":{\"@id\":\"https:\\\/\\\/www.boxrepsol.com\\\/es\\\/motogp\\\/los-7-momentos-la-semana-box-repsol-4\\\/\"},\"wordCount\":761,\"commentCount\":0,\"publisher\":{\"@id\":\"https:\\\/\\\/www.boxrepsol.com\\\/es\\\/#organization\"},\"image\":{\"@id\":\"https:\\\/\\\/www.boxrepsol.com\\\/es\\\/motogp\\\/los-7-momentos-la-semana-box-repsol-4\\\/#primaryimage\"},\"thumbnailUrl\":\"https:\\\/\\\/bxrepsol.s3.eu-west-1.amazonaws.com\\\/static\\\/2023\\\/02\\\/24101551\\\/7-Momentos-0502018.png\",\"keywords\":[\"mejores momentos\"],\"articleSection\":[\"MotoGP\"],\"inLanguage\":\"es\",\"potentialAction\":[{\"@type\":\"CommentAction\",\"name\":\"Comment\",\"target\":[\"https:\\\/\\\/www.boxrepsol.com\\\/es\\\/motogp\\\/los-7-momentos-la-semana-box-repsol-4\\\/#respond\"]}]},{\"@type\":\"WebPage\",\"@id\":\"https:\\\/\\\/www.boxrepsol.com\\\/es\\\/motogp\\\/los-7-momentos-la-semana-box-repsol-4\\\/\",\"url\":\"https:\\\/\\\/www.boxrepsol.com\\\/es\\\/motogp\\\/los-7-momentos-la-semana-box-repsol-4\\\/\",\"name\":\"C\u00f3mo ha sido la semana en Box Repsol - Box Repsol\",\"isPartOf\":{\"@id\":\"https:\\\/\\\/www.boxrepsol.com\\\/es\\\/#website\"},\"primaryImageOfPage\":{\"@id\":\"https:\\\/\\\/www.boxrepsol.com\\\/es\\\/motogp\\\/los-7-momentos-la-semana-box-repsol-4\\\/#primaryimage\"},\"image\":{\"@id\":\"https:\\\/\\\/www.boxrepsol.com\\\/es\\\/motogp\\\/los-7-momentos-la-semana-box-repsol-4\\\/#primaryimage\"},\"thumbnailUrl\":\"https:\\\/\\\/bxrepsol.s3.eu-west-1.amazonaws.com\\\/static\\\/2023\\\/02\\\/24101551\\\/7-Momentos-0502018.png\",\"datePublished\":\"2018-02-05T02:00:00+00:00\",\"dateModified\":\"2024-10-17T15:41:57+00:00\",\"description\":\"Nuestros pilotos ya han empezado los test tras unas merecidas vacaciones. T\u00fa, mientras, sigues tachando d\u00edas en el calendario.\",\"breadcrumb\":{\"@id\":\"https:\\\/\\\/www.boxrepsol.com\\\/es\\\/motogp\\\/los-7-momentos-la-semana-box-repsol-4\\\/#breadcrumb\"},\"inLanguage\":\"es\",\"potentialAction\":[{\"@type\":\"ReadAction\",\"target\":[\"https:\\\/\\\/www.boxrepsol.com\\\/es\\\/motogp\\\/los-7-momentos-la-semana-box-repsol-4\\\/\"]}]},{\"@type\":\"ImageObject\",\"inLanguage\":\"es\",\"@id\":\"https:\\\/\\\/www.boxrepsol.com\\\/es\\\/motogp\\\/los-7-momentos-la-semana-box-repsol-4\\\/#primaryimage\",\"url\":\"https:\\\/\\\/bxrepsol.s3.eu-west-1.amazonaws.com\\\/static\\\/2023\\\/02\\\/24101551\\\/7-Momentos-0502018.png\",\"contentUrl\":\"https:\\\/\\\/bxrepsol.s3.eu-west-1.amazonaws.com\\\/static\\\/2023\\\/02\\\/24101551\\\/7-Momentos-0502018.png\",\"width\":986,\"height\":555,\"caption\":\"Los 7 momentos de la semana en Box Repsol\"},{\"@type\":\"BreadcrumbList\",\"@id\":\"https:\\\/\\\/www.boxrepsol.com\\\/es\\\/motogp\\\/los-7-momentos-la-semana-box-repsol-4\\\/#breadcrumb\",\"itemListElement\":[{\"@type\":\"ListItem\",\"position\":1,\"name\":\"Home\",\"item\":\"https:\\\/\\\/www.boxrepsol.com\\\/es\\\/\"},{\"@type\":\"ListItem\",\"position\":2,\"name\":\"Los 7 momentos de la semana en Box Repsol\"}]},{\"@type\":\"WebSite\",\"@id\":\"https:\\\/\\\/www.boxrepsol.com\\\/es\\\/#website\",\"url\":\"https:\\\/\\\/www.boxrepsol.com\\\/es\\\/\",\"name\":\"Box Repsol\",\"description\":\"Box Repsol Site\",\"publisher\":{\"@id\":\"https:\\\/\\\/www.boxrepsol.com\\\/es\\\/#organization\"},\"potentialAction\":[{\"@type\":\"SearchAction\",\"target\":{\"@type\":\"EntryPoint\",\"urlTemplate\":\"https:\\\/\\\/www.boxrepsol.com\\\/es\\\/?s={search_term_string}\"},\"query-input\":{\"@type\":\"PropertyValueSpecification\",\"valueRequired\":true,\"valueName\":\"search_term_string\"}}],\"inLanguage\":\"es\"},{\"@type\":\"Organization\",\"@id\":\"https:\\\/\\\/www.boxrepsol.com\\\/es\\\/#organization\",\"name\":\"Box Repsol\",\"url\":\"https:\\\/\\\/www.boxrepsol.com\\\/es\\\/\",\"logo\":{\"@type\":\"ImageObject\",\"inLanguage\":\"es\",\"@id\":\"https:\\\/\\\/www.boxrepsol.com\\\/es\\\/#\\\/schema\\\/logo\\\/image\\\/\",\"url\":\"https:\\\/\\\/bxrepsol.s3.eu-west-1.amazonaws.com\\\/static\\\/2025\\\/07\\\/30083337\\\/favicon-96x96-1.png\",\"contentUrl\":\"https:\\\/\\\/bxrepsol.s3.eu-west-1.amazonaws.com\\\/static\\\/2025\\\/07\\\/30083337\\\/favicon-96x96-1.png\",\"width\":96,\"height\":96,\"caption\":\"Box Repsol\"},\"image\":{\"@id\":\"https:\\\/\\\/www.boxrepsol.com\\\/es\\\/#\\\/schema\\\/logo\\\/image\\\/\"},\"sameAs\":[\"https:\\\/\\\/www.facebook.com\\\/BoxRepsol\",\"https:\\\/\\\/x.com\\\/box_repsol\",\"http:\\\/\\\/instagram.com\\\/box_repsol\",\"https:\\\/\\\/www.youtube.com\\\/user\\\/RepsolCompeticion\",\"https:\\\/\\\/www.flickr.com\\\/photos\\\/box_repsol\\\/\"]},{\"@type\":\"Person\",\"@id\":\"https:\\\/\\\/www.boxrepsol.com\\\/es\\\/#\\\/schema\\\/person\\\/c5c2138f2cca251b0ad92b7086bb60b7\",\"name\":\"Redacci\u00f3n Box Repsol\",\"image\":{\"@type\":\"ImageObject\",\"inLanguage\":\"es\",\"@id\":\"https:\\\/\\\/secure.gravatar.com\\\/avatar\\\/adf7b77e38b4419baf32c7e9c21dde01f4e40df611f0978e3006fc4ba0aaab7e?s=96&d=mm&r=g\",\"url\":\"https:\\\/\\\/secure.gravatar.com\\\/avatar\\\/adf7b77e38b4419baf32c7e9c21dde01f4e40df611f0978e3006fc4ba0aaab7e?s=96&d=mm&r=g\",\"contentUrl\":\"https:\\\/\\\/secure.gravatar.com\\\/avatar\\\/adf7b77e38b4419baf32c7e9c21dde01f4e40df611f0978e3006fc4ba0aaab7e?s=96&d=mm&r=g\",\"caption\":\"Redacci\u00f3n Box Repsol\"},\"description\":\"Box Repsol lo forma un equipo de periodistas, community managers, dise\u00f1adores y fot\u00f3grafos con m\u00e1s de 20 a\u00f1os de experiencia en el mundo del motorsport. Hemos vivido el primer mundial de un espa\u00f1ol en la categor\u00eda reina de motociclismo con \u00c1lex Crivill\u00e9, estuvimos en las victorias de Pedrosa y los t\u00edtulos de M\u00e1rquez, acompa\u00f1amos en \u00c1frica a Nani Roma y Marc Coma en sus conquistas del Dakar y hemos vibrado con los t\u00edtulos de Toni Bou en Trial. Adem\u00e1s, en nuestro equipo contamos con expertos en el mundo de las dos y cuatro ruedas tanto de la calle y las carreteras, como de los circuitos. Periodistas que han trabajado en revistas y publicaciones para hacerte llegar desde rutas y consejos de mantenimiento, a curiosidades y trucos de pilotaje.\",\"sameAs\":[\"https:\\\/\\\/www.facebook.com\\\/BoxRepsol\\\/\",\"https:\\\/\\\/www.instagram.com\\\/box_repsol\\\/\",\"https:\\\/\\\/x.com\\\/https:\\\/\\\/twitter.com\\\/box_repsol\",\"https:\\\/\\\/www.youtube.com\\\/@Boxrepsol\"],\"url\":\"https:\\\/\\\/www.boxrepsol.com\\\/es\\\/author\\\/redaccion-box-repsol\\\/\"}]}<\/script>\n<!-- \/ Yoast SEO plugin. -->","yoast_head_json":{"title":"C\u00f3mo ha sido la semana en Box Repsol - Box Repsol","description":"Nuestros pilotos ya han empezado los test tras unas merecidas vacaciones. T\u00fa, mientras, sigues tachando d\u00edas en el calendario.","canonical":"https:\/\/www.boxrepsol.com\/es\/motogp\/los-7-momentos-la-semana-box-repsol-4\/","og_locale":"es_ES","og_type":"article","og_title":"C\u00f3mo ha sido la semana en Box Repsol - Box Repsol","og_description":"Nuestros pilotos ya han empezado los test tras unas merecidas vacaciones. T\u00fa, mientras, sigues tachando d\u00edas en el calendario.","og_url":"https:\/\/www.boxrepsol.com\/es\/motogp\/los-7-momentos-la-semana-box-repsol-4\/","og_site_name":"Box Repsol","article_publisher":"https:\/\/www.facebook.com\/BoxRepsol","article_author":"https:\/\/www.facebook.com\/BoxRepsol\/","article_published_time":"2018-02-05T02:00:00+00:00","article_modified_time":"2024-10-17T15:41:57+00:00","og_image":[{"width":986,"height":555,"url":"https:\/\/bxrepsol.s3.eu-west-1.amazonaws.com\/static\/2023\/02\/24101551\/7-Momentos-0502018.png","type":"image\/png"}],"author":"Redacci\u00f3n Box Repsol","twitter_card":"summary_large_image","twitter_creator":"@https:\/\/twitter.com\/box_repsol","twitter_site":"@box_repsol","twitter_misc":{"Written by":"Redacci\u00f3n Box Repsol","Est. reading time":"4 minutos"},"schema":{"@context":"https:\/\/schema.org","@graph":[{"@type":"Article","@id":"https:\/\/www.boxrepsol.com\/es\/motogp\/los-7-momentos-la-semana-box-repsol-4\/#article","isPartOf":{"@id":"https:\/\/www.boxrepsol.com\/es\/motogp\/los-7-momentos-la-semana-box-repsol-4\/"},"author":{"name":"Redacci\u00f3n Box Repsol","@id":"https:\/\/www.boxrepsol.com\/es\/#\/schema\/person\/c5c2138f2cca251b0ad92b7086bb60b7"},"headline":"Los 7 momentos de la semana en Box Repsol","datePublished":"2018-02-05T02:00:00+00:00","dateModified":"2024-10-17T15:41:57+00:00","mainEntityOfPage":{"@id":"https:\/\/www.boxrepsol.com\/es\/motogp\/los-7-momentos-la-semana-box-repsol-4\/"},"wordCount":761,"commentCount":0,"publisher":{"@id":"https:\/\/www.boxrepsol.com\/es\/#organization"},"image":{"@id":"https:\/\/www.boxrepsol.com\/es\/motogp\/los-7-momentos-la-semana-box-repsol-4\/#primaryimage"},"thumbnailUrl":"https:\/\/bxrepsol.s3.eu-west-1.amazonaws.com\/static\/2023\/02\/24101551\/7-Momentos-0502018.png","keywords":["mejores momentos"],"articleSection":["MotoGP"],"inLanguage":"es","potentialAction":[{"@type":"CommentAction","name":"Comment","target":["https:\/\/www.boxrepsol.com\/es\/motogp\/los-7-momentos-la-semana-box-repsol-4\/#respond"]}]},{"@type":"WebPage","@id":"https:\/\/www.boxrepsol.com\/es\/motogp\/los-7-momentos-la-semana-box-repsol-4\/","url":"https:\/\/www.boxrepsol.com\/es\/motogp\/los-7-momentos-la-semana-box-repsol-4\/","name":"C\u00f3mo ha sido la semana en Box Repsol - Box Repsol","isPartOf":{"@id":"https:\/\/www.boxrepsol.com\/es\/#website"},"primaryImageOfPage":{"@id":"https:\/\/www.boxrepsol.com\/es\/motogp\/los-7-momentos-la-semana-box-repsol-4\/#primaryimage"},"image":{"@id":"https:\/\/www.boxrepsol.com\/es\/motogp\/los-7-momentos-la-semana-box-repsol-4\/#primaryimage"},"thumbnailUrl":"https:\/\/bxrepsol.s3.eu-west-1.amazonaws.com\/static\/2023\/02\/24101551\/7-Momentos-0502018.png","datePublished":"2018-02-05T02:00:00+00:00","dateModified":"2024-10-17T15:41:57+00:00","description":"Nuestros pilotos ya han empezado los test tras unas merecidas vacaciones. T\u00fa, mientras, sigues tachando d\u00edas en el calendario.","breadcrumb":{"@id":"https:\/\/www.boxrepsol.com\/es\/motogp\/los-7-momentos-la-semana-box-repsol-4\/#breadcrumb"},"inLanguage":"es","potentialAction":[{"@type":"ReadAction","target":["https:\/\/www.boxrepsol.com\/es\/motogp\/los-7-momentos-la-semana-box-repsol-4\/"]}]},{"@type":"ImageObject","inLanguage":"es","@id":"https:\/\/www.boxrepsol.com\/es\/motogp\/los-7-momentos-la-semana-box-repsol-4\/#primaryimage","url":"https:\/\/bxrepsol.s3.eu-west-1.amazonaws.com\/static\/2023\/02\/24101551\/7-Momentos-0502018.png","contentUrl":"https:\/\/bxrepsol.s3.eu-west-1.amazonaws.com\/static\/2023\/02\/24101551\/7-Momentos-0502018.png","width":986,"height":555,"caption":"Los 7 momentos de la semana en Box Repsol"},{"@type":"BreadcrumbList","@id":"https:\/\/www.boxrepsol.com\/es\/motogp\/los-7-momentos-la-semana-box-repsol-4\/#breadcrumb","itemListElement":[{"@type":"ListItem","position":1,"name":"Home","item":"https:\/\/www.boxrepsol.com\/es\/"},{"@type":"ListItem","position":2,"name":"Los 7 momentos de la semana en Box Repsol"}]},{"@type":"WebSite","@id":"https:\/\/www.boxrepsol.com\/es\/#website","url":"https:\/\/www.boxrepsol.com\/es\/","name":"Box Repsol","description":"Box Repsol Site","publisher":{"@id":"https:\/\/www.boxrepsol.com\/es\/#organization"},"potentialAction":[{"@type":"SearchAction","target":{"@type":"EntryPoint","urlTemplate":"https:\/\/www.boxrepsol.com\/es\/?s={search_term_string}"},"query-input":{"@type":"PropertyValueSpecification","valueRequired":true,"valueName":"search_term_string"}}],"inLanguage":"es"},{"@type":"Organization","@id":"https:\/\/www.boxrepsol.com\/es\/#organization","name":"Box Repsol","url":"https:\/\/www.boxrepsol.com\/es\/","logo":{"@type":"ImageObject","inLanguage":"es","@id":"https:\/\/www.boxrepsol.com\/es\/#\/schema\/logo\/image\/","url":"https:\/\/bxrepsol.s3.eu-west-1.amazonaws.com\/static\/2025\/07\/30083337\/favicon-96x96-1.png","contentUrl":"https:\/\/bxrepsol.s3.eu-west-1.amazonaws.com\/static\/2025\/07\/30083337\/favicon-96x96-1.png","width":96,"height":96,"caption":"Box Repsol"},"image":{"@id":"https:\/\/www.boxrepsol.com\/es\/#\/schema\/logo\/image\/"},"sameAs":["https:\/\/www.facebook.com\/BoxRepsol","https:\/\/x.com\/box_repsol","http:\/\/instagram.com\/box_repsol","https:\/\/www.youtube.com\/user\/RepsolCompeticion","https:\/\/www.flickr.com\/photos\/box_repsol\/"]},{"@type":"Person","@id":"https:\/\/www.boxrepsol.com\/es\/#\/schema\/person\/c5c2138f2cca251b0ad92b7086bb60b7","name":"Redacci\u00f3n Box Repsol","image":{"@type":"ImageObject","inLanguage":"es","@id":"https:\/\/secure.gravatar.com\/avatar\/adf7b77e38b4419baf32c7e9c21dde01f4e40df611f0978e3006fc4ba0aaab7e?s=96&d=mm&r=g","url":"https:\/\/secure.gravatar.com\/avatar\/adf7b77e38b4419baf32c7e9c21dde01f4e40df611f0978e3006fc4ba0aaab7e?s=96&d=mm&r=g","contentUrl":"https:\/\/secure.gravatar.com\/avatar\/adf7b77e38b4419baf32c7e9c21dde01f4e40df611f0978e3006fc4ba0aaab7e?s=96&d=mm&r=g","caption":"Redacci\u00f3n Box Repsol"},"description":"Box Repsol lo forma un equipo de periodistas, community managers, dise\u00f1adores y fot\u00f3grafos con m\u00e1s de 20 a\u00f1os de experiencia en el mundo del motorsport. Hemos vivido el primer mundial de un espa\u00f1ol en la categor\u00eda reina de motociclismo con \u00c1lex Crivill\u00e9, estuvimos en las victorias de Pedrosa y los t\u00edtulos de M\u00e1rquez, acompa\u00f1amos en \u00c1frica a Nani Roma y Marc Coma en sus conquistas del Dakar y hemos vibrado con los t\u00edtulos de Toni Bou en Trial. Adem\u00e1s, en nuestro equipo contamos con expertos en el mundo de las dos y cuatro ruedas tanto de la calle y las carreteras, como de los circuitos. Periodistas que han trabajado en revistas y publicaciones para hacerte llegar desde rutas y consejos de mantenimiento, a curiosidades y trucos de pilotaje.","sameAs":["https:\/\/www.facebook.com\/BoxRepsol\/","https:\/\/www.instagram.com\/box_repsol\/","https:\/\/x.com\/https:\/\/twitter.com\/box_repsol","https:\/\/www.youtube.com\/@Boxrepsol"],"url":"https:\/\/www.boxrepsol.com\/es\/author\/redaccion-box-repsol\/"}]}},"_links":{"self":[{"href":"https:\/\/www.boxrepsol.com\/es\/wp-json\/wp\/v2\/posts\/92722","targetHints":{"allow":["GET"]}}],"collection":[{"href":"https:\/\/www.boxrepsol.com\/es\/wp-json\/wp\/v2\/posts"}],"about":[{"href":"https:\/\/www.boxrepsol.com\/es\/wp-json\/wp\/v2\/types\/post"}],"author":[{"embeddable":true,"href":"https:\/\/www.boxrepsol.com\/es\/wp-json\/wp\/v2\/users\/43146"}],"replies":[{"embeddable":true,"href":"https:\/\/www.boxrepsol.com\/es\/wp-json\/wp\/v2\/comments?post=92722"}],"version-history":[{"count":5,"href":"https:\/\/www.boxrepsol.com\/es\/wp-json\/wp\/v2\/posts\/92722\/revisions"}],"predecessor-version":[{"id":121295,"href":"https:\/\/www.boxrepsol.com\/es\/wp-json\/wp\/v2\/posts\/92722\/revisions\/121295"}],"wp:featuredmedia":[{"embeddable":true,"href":"https:\/\/www.boxrepsol.com\/es\/wp-json\/wp\/v2\/media\/92723"}],"wp:attachment":[{"href":"https:\/\/www.boxrepsol.com\/es\/wp-json\/wp\/v2\/media?parent=92722"}],"wp:term":[{"taxonomy":"category","embeddable":true,"href":"https:\/\/www.boxrepsol.com\/es\/wp-json\/wp\/v2\/categories?post=92722"},{"taxonomy":"post_tag","embeddable":true,"href":"https:\/\/www.boxrepsol.com\/es\/wp-json\/wp\/v2\/tags?post=92722"}],"curies":[{"name":"wp","href":"https:\/\/api.w.org\/{rel}","templated":true}]}}