{"id":92720,"date":"2018-02-02T00:00:00","date_gmt":"2018-02-02T02:00:00","guid":{"rendered":"http:\/\/pre.boxrepsol.com\/sin-categorizar\/juan-velarde-piloto-espanol-la-formula-1-del-aire\/"},"modified":"2024-10-09T09:28:47","modified_gmt":"2024-10-09T11:28:47","slug":"juan-velarde-piloto-espanol-la-formula-1-del-aire","status":"publish","type":"post","link":"https:\/\/www.boxrepsol.com\/es\/red-bull-air-race\/juan-velarde-piloto-espanol-la-formula-1-del-aire\/","title":{"rendered":"Juan Velarde, el piloto espa\u00f1ol de la \u201cF\u00f3rmula 1 del aire\u201d"},"content":{"rendered":"<figure class=\"wp-block-post-featured-image\"><img loading=\"lazy\" decoding=\"async\" width=\"2560\" height=\"1706\" src=\"https:\/\/bxrepsol.s3.eu-west-1.amazonaws.com\/static\/2018\/02\/12091200\/AD9_Joerg-Mitter-scaled.jpg\" class=\"attachment-post-thumbnail size-post-thumbnail wp-post-image\" alt=\"\" style=\"object-fit:cover;\" srcset=\"https:\/\/bxrepsol.s3.eu-west-1.amazonaws.com\/static\/2018\/02\/12091200\/AD9_Joerg-Mitter-scaled.jpg 2560w, https:\/\/bxrepsol.s3.eu-west-1.amazonaws.com\/static\/2018\/02\/12091200\/AD9_Joerg-Mitter-300x200.jpg 300w, https:\/\/bxrepsol.s3.eu-west-1.amazonaws.com\/static\/2018\/02\/12091200\/AD9_Joerg-Mitter-1024x683.jpg 1024w, https:\/\/bxrepsol.s3.eu-west-1.amazonaws.com\/static\/2018\/02\/12091200\/AD9_Joerg-Mitter-768x512.jpg 768w, https:\/\/bxrepsol.s3.eu-west-1.amazonaws.com\/static\/2018\/02\/12091200\/AD9_Joerg-Mitter-1536x1024.jpg 1536w, https:\/\/bxrepsol.s3.eu-west-1.amazonaws.com\/static\/2018\/02\/12091200\/AD9_Joerg-Mitter-2048x1365.jpg 2048w\" sizes=\"auto, (max-width: 2560px) 100vw, 2560px\" \/><\/figure>\n\n<p>Este fin de semana se inaugura en <strong>Abu Dhabi<\/strong> una nueva edici\u00f3n de la competici\u00f3n deportiva a\u00e9rea m\u00e1s r\u00e1pida del mundo, la <strong>Red Bull Air Race<\/strong>, que volver\u00e1 a contar entre sus participantes con un <strong>\u00fanico piloto espa\u00f1ol: <a href=\"https:\/\/www.boxrepsol.com\/es\/equipo-repsol\/juan-velarde\/\">Juan Velarde<\/a><\/strong>.<\/p>\n<p>Con el apoyo de Repsol, \u00e9sta ser\u00e1 su quinta temporada en la competici\u00f3n y por cuarta vez lo har\u00e1 en la <strong>Master Class<\/strong>, la <strong>categor\u00eda reina de la Federaci\u00f3n Mundial de Deportes A\u00e9reos (FAI)<\/strong>, en la que el a\u00f1o pasado subi\u00f3 al podio tanto en la cita inaugural como en la \u00faltima prueba del a\u00f1o.<\/p>\n<h3>Calendario Red Bull Air Race<\/h3>\n<p>El calendario de la Red Bull Air Race se compone de <strong>ocho carreras<\/strong>, en las que el objetivo es \u00a0lograr el menor tiempo en un <strong>circuito a\u00e9reo<\/strong> de unos 6 kil\u00f3metros, delimitado por pilonas de aire de 25 metros de altura.<\/p>\n<p>Deben superar cinco puertas rectas, dos de las cuales pueden ser \u201c<strong>maniobras de giro vertical<\/strong>\u201d \u2013en las que deben volar a trav\u00e9s de la puerta y girar tan r\u00e1pida y eficientemente como sea posible sin superar los 10G en el avi\u00f3n\u2013 y tres en forma de chicane.<\/p>\n<p>Despu\u00e9s de un d\u00eda de entrenamientos libres y otro de entrenamientos cronometrados, <strong>en la carrera los catorce participantes se enfrentan en tres rondas<\/strong>. Tras la primera de ellas, se clasifican ocho pilotos que compiten por parejas para determinar los cuatro finalistas que optan al triunfo final.<\/p>\n<p><img decoding=\"async\" src=\"https:\/\/bxrepsol.s3.eu-west-1.amazonaws.com\/static\/2022\/08\/29075403\/infografia_Juan_Velarde_CAST-1-scaled.jpg\" alt=\"Infograf\u00eda Juan Velarde RBAR\" \/><\/p>\n<p><strong>Velarde<\/strong>, de 43 a\u00f1os, se inici\u00f3 en el vuelo acrob\u00e1tico en 1999 y actualmente forma parte del equipo <strong>Bravo 3 Repsol<\/strong> de vuelo acrob\u00e1tico, con el que realiza exhibiciones junto a <strong>Castor Fantoba<\/strong> y <strong>Anselmo G\u00e1mez<\/strong>. En la Red Bull Air Race pilota un Zivko Edge 540 V2, un avi\u00f3n fabricado en carbono y materiales compuestos, que destaca por su poco peso (apenas 540 kg), velocidad (supera los 400 km\/h) y potencia (m\u00e1s de 300 CV), que le otorgan una gran maniobrabilidad y un relaci\u00f3n peso\/potencia que le dan una gran capacidad acrob\u00e1tica, ideal para competir en esta competici\u00f3n.<\/p>\n<p>Hoy tendr\u00e1n lugar los primeros entrenamientos cronometrados y ma\u00f1ana, la primera carrera.<\/p>\n\n<figure class=\"wp-block-post-featured-image\"><img loading=\"lazy\" decoding=\"async\" width=\"2560\" height=\"1706\" src=\"https:\/\/bxrepsol.s3.eu-west-1.amazonaws.com\/static\/2018\/02\/12091200\/AD9_Joerg-Mitter-scaled.jpg\" class=\"attachment-post-thumbnail size-post-thumbnail wp-post-image\" alt=\"\" style=\"object-fit:cover;\" srcset=\"https:\/\/bxrepsol.s3.eu-west-1.amazonaws.com\/static\/2018\/02\/12091200\/AD9_Joerg-Mitter-scaled.jpg 2560w, https:\/\/bxrepsol.s3.eu-west-1.amazonaws.com\/static\/2018\/02\/12091200\/AD9_Joerg-Mitter-300x200.jpg 300w, https:\/\/bxrepsol.s3.eu-west-1.amazonaws.com\/static\/2018\/02\/12091200\/AD9_Joerg-Mitter-1024x683.jpg 1024w, https:\/\/bxrepsol.s3.eu-west-1.amazonaws.com\/static\/2018\/02\/12091200\/AD9_Joerg-Mitter-768x512.jpg 768w, https:\/\/bxrepsol.s3.eu-west-1.amazonaws.com\/static\/2018\/02\/12091200\/AD9_Joerg-Mitter-1536x1024.jpg 1536w, https:\/\/bxrepsol.s3.eu-west-1.amazonaws.com\/static\/2018\/02\/12091200\/AD9_Joerg-Mitter-2048x1365.jpg 2048w\" sizes=\"auto, (max-width: 2560px) 100vw, 2560px\" \/><\/figure>","protected":false},"excerpt":{"rendered":"<p>El piloto Repsol inicia hoy su quinta temporada en el Campeonato del Mundo de aviones de carreras, la Red Bull Air Race, competici\u00f3n en la que el a\u00f1o pasado obtuvo dos podios.<\/p>\n","protected":false},"author":43146,"featured_media":47914,"comment_status":"open","ping_status":"open","sticky":false,"template":"","format":"standard","meta":{"footnotes":""},"categories":[159],"tags":[171],"class_list":["post-92720","post","type-post","status-publish","format-standard","hentry","category-red-bull-air-race","tag-juan-velarde"],"yoast_head":"<!-- This site is optimized with the Yoast SEO plugin v27.3 - https:\/\/yoast.com\/product\/yoast-seo-wordpress\/ -->\n<title>Juan Velarde, el piloto espa\u00f1ol de la \u201cF\u00f3rmula 1 del aire\u201d - Box Repsol<\/title>\n<meta name=\"description\" content=\"El piloto Repsol inicia su quinta temporada en el Campeonato del Mundo de la Red Bull Air Race, competici\u00f3n en la que el a\u00f1o pasado obtuvo dos podios.\" \/>\n<link rel=\"canonical\" href=\"https:\/\/www.boxrepsol.com\/es\/red-bull-air-race\/juan-velarde-piloto-espanol-la-formula-1-del-aire\/\" \/>\n<meta property=\"og:locale\" content=\"es_ES\" \/>\n<meta property=\"og:type\" content=\"article\" \/>\n<meta property=\"og:title\" content=\"Juan Velarde, el piloto espa\u00f1ol de la \u201cF\u00f3rmula 1 del aire\u201d - Box Repsol\" \/>\n<meta property=\"og:description\" content=\"El piloto Repsol inicia su quinta temporada en el Campeonato del Mundo de la Red Bull Air Race, competici\u00f3n en la que el a\u00f1o pasado obtuvo dos podios.\" \/>\n<meta property=\"og:url\" content=\"https:\/\/www.boxrepsol.com\/es\/red-bull-air-race\/juan-velarde-piloto-espanol-la-formula-1-del-aire\/\" \/>\n<meta property=\"og:site_name\" content=\"Box Repsol\" \/>\n<meta property=\"article:publisher\" content=\"https:\/\/www.facebook.com\/BoxRepsol\" \/>\n<meta property=\"article:author\" content=\"https:\/\/www.facebook.com\/BoxRepsol\/\" \/>\n<meta property=\"article:published_time\" content=\"2018-02-02T02:00:00+00:00\" \/>\n<meta property=\"article:modified_time\" content=\"2024-10-09T11:28:47+00:00\" \/>\n<meta property=\"og:image\" content=\"https:\/\/bxrepsol.s3.eu-west-1.amazonaws.com\/static\/2018\/02\/12091200\/AD9_Joerg-Mitter-scaled.jpg\" \/>\n\t<meta property=\"og:image:width\" content=\"2560\" \/>\n\t<meta property=\"og:image:height\" content=\"1706\" \/>\n\t<meta property=\"og:image:type\" content=\"image\/jpeg\" \/>\n<meta name=\"author\" content=\"Redacci\u00f3n Box Repsol\" \/>\n<meta name=\"twitter:card\" content=\"summary_large_image\" \/>\n<meta name=\"twitter:creator\" content=\"@https:\/\/twitter.com\/box_repsol\" \/>\n<meta name=\"twitter:site\" content=\"@box_repsol\" \/>\n<meta name=\"twitter:label1\" content=\"Written by\" \/>\n\t<meta name=\"twitter:data1\" content=\"Redacci\u00f3n Box Repsol\" \/>\n\t<meta name=\"twitter:label2\" content=\"Est. reading time\" \/>\n\t<meta name=\"twitter:data2\" content=\"2 minutos\" \/>\n<script type=\"application\/ld+json\" class=\"yoast-schema-graph\">{\"@context\":\"https:\\\/\\\/schema.org\",\"@graph\":[{\"@type\":\"Article\",\"@id\":\"https:\\\/\\\/www.boxrepsol.com\\\/es\\\/red-bull-air-race\\\/juan-velarde-piloto-espanol-la-formula-1-del-aire\\\/#article\",\"isPartOf\":{\"@id\":\"https:\\\/\\\/www.boxrepsol.com\\\/es\\\/red-bull-air-race\\\/juan-velarde-piloto-espanol-la-formula-1-del-aire\\\/\"},\"author\":{\"name\":\"Redacci\u00f3n Box Repsol\",\"@id\":\"https:\\\/\\\/www.boxrepsol.com\\\/es\\\/#\\\/schema\\\/person\\\/c5c2138f2cca251b0ad92b7086bb60b7\"},\"headline\":\"Juan Velarde, el piloto espa\u00f1ol de la \u201cF\u00f3rmula 1 del aire\u201d\",\"datePublished\":\"2018-02-02T02:00:00+00:00\",\"dateModified\":\"2024-10-09T11:28:47+00:00\",\"mainEntityOfPage\":{\"@id\":\"https:\\\/\\\/www.boxrepsol.com\\\/es\\\/red-bull-air-race\\\/juan-velarde-piloto-espanol-la-formula-1-del-aire\\\/\"},\"wordCount\":380,\"commentCount\":0,\"publisher\":{\"@id\":\"https:\\\/\\\/www.boxrepsol.com\\\/es\\\/#organization\"},\"image\":{\"@id\":\"https:\\\/\\\/www.boxrepsol.com\\\/es\\\/red-bull-air-race\\\/juan-velarde-piloto-espanol-la-formula-1-del-aire\\\/#primaryimage\"},\"thumbnailUrl\":\"https:\\\/\\\/bxrepsol.s3.eu-west-1.amazonaws.com\\\/static\\\/2018\\\/02\\\/12091200\\\/AD9_Joerg-Mitter-scaled.jpg\",\"keywords\":[\"Juan Velarde\"],\"articleSection\":[\"Red Bull Air Race\"],\"inLanguage\":\"es\",\"potentialAction\":[{\"@type\":\"CommentAction\",\"name\":\"Comment\",\"target\":[\"https:\\\/\\\/www.boxrepsol.com\\\/es\\\/red-bull-air-race\\\/juan-velarde-piloto-espanol-la-formula-1-del-aire\\\/#respond\"]}]},{\"@type\":\"WebPage\",\"@id\":\"https:\\\/\\\/www.boxrepsol.com\\\/es\\\/red-bull-air-race\\\/juan-velarde-piloto-espanol-la-formula-1-del-aire\\\/\",\"url\":\"https:\\\/\\\/www.boxrepsol.com\\\/es\\\/red-bull-air-race\\\/juan-velarde-piloto-espanol-la-formula-1-del-aire\\\/\",\"name\":\"Juan Velarde, el piloto espa\u00f1ol de la \u201cF\u00f3rmula 1 del aire\u201d - Box Repsol\",\"isPartOf\":{\"@id\":\"https:\\\/\\\/www.boxrepsol.com\\\/es\\\/#website\"},\"primaryImageOfPage\":{\"@id\":\"https:\\\/\\\/www.boxrepsol.com\\\/es\\\/red-bull-air-race\\\/juan-velarde-piloto-espanol-la-formula-1-del-aire\\\/#primaryimage\"},\"image\":{\"@id\":\"https:\\\/\\\/www.boxrepsol.com\\\/es\\\/red-bull-air-race\\\/juan-velarde-piloto-espanol-la-formula-1-del-aire\\\/#primaryimage\"},\"thumbnailUrl\":\"https:\\\/\\\/bxrepsol.s3.eu-west-1.amazonaws.com\\\/static\\\/2018\\\/02\\\/12091200\\\/AD9_Joerg-Mitter-scaled.jpg\",\"datePublished\":\"2018-02-02T02:00:00+00:00\",\"dateModified\":\"2024-10-09T11:28:47+00:00\",\"description\":\"El piloto Repsol inicia su quinta temporada en el Campeonato del Mundo de la Red Bull Air Race, competici\u00f3n en la que el a\u00f1o pasado obtuvo dos podios.\",\"breadcrumb\":{\"@id\":\"https:\\\/\\\/www.boxrepsol.com\\\/es\\\/red-bull-air-race\\\/juan-velarde-piloto-espanol-la-formula-1-del-aire\\\/#breadcrumb\"},\"inLanguage\":\"es\",\"potentialAction\":[{\"@type\":\"ReadAction\",\"target\":[\"https:\\\/\\\/www.boxrepsol.com\\\/es\\\/red-bull-air-race\\\/juan-velarde-piloto-espanol-la-formula-1-del-aire\\\/\"]}]},{\"@type\":\"ImageObject\",\"inLanguage\":\"es\",\"@id\":\"https:\\\/\\\/www.boxrepsol.com\\\/es\\\/red-bull-air-race\\\/juan-velarde-piloto-espanol-la-formula-1-del-aire\\\/#primaryimage\",\"url\":\"https:\\\/\\\/bxrepsol.s3.eu-west-1.amazonaws.com\\\/static\\\/2018\\\/02\\\/12091200\\\/AD9_Joerg-Mitter-scaled.jpg\",\"contentUrl\":\"https:\\\/\\\/bxrepsol.s3.eu-west-1.amazonaws.com\\\/static\\\/2018\\\/02\\\/12091200\\\/AD9_Joerg-Mitter-scaled.jpg\",\"width\":2560,\"height\":1706},{\"@type\":\"BreadcrumbList\",\"@id\":\"https:\\\/\\\/www.boxrepsol.com\\\/es\\\/red-bull-air-race\\\/juan-velarde-piloto-espanol-la-formula-1-del-aire\\\/#breadcrumb\",\"itemListElement\":[{\"@type\":\"ListItem\",\"position\":1,\"name\":\"Home\",\"item\":\"https:\\\/\\\/www.boxrepsol.com\\\/es\\\/\"},{\"@type\":\"ListItem\",\"position\":2,\"name\":\"Juan Velarde, el piloto espa\u00f1ol de la \u201cF\u00f3rmula 1 del aire\u201d\"}]},{\"@type\":\"WebSite\",\"@id\":\"https:\\\/\\\/www.boxrepsol.com\\\/es\\\/#website\",\"url\":\"https:\\\/\\\/www.boxrepsol.com\\\/es\\\/\",\"name\":\"Box Repsol\",\"description\":\"Box Repsol Site\",\"publisher\":{\"@id\":\"https:\\\/\\\/www.boxrepsol.com\\\/es\\\/#organization\"},\"potentialAction\":[{\"@type\":\"SearchAction\",\"target\":{\"@type\":\"EntryPoint\",\"urlTemplate\":\"https:\\\/\\\/www.boxrepsol.com\\\/es\\\/?s={search_term_string}\"},\"query-input\":{\"@type\":\"PropertyValueSpecification\",\"valueRequired\":true,\"valueName\":\"search_term_string\"}}],\"inLanguage\":\"es\"},{\"@type\":\"Organization\",\"@id\":\"https:\\\/\\\/www.boxrepsol.com\\\/es\\\/#organization\",\"name\":\"Box Repsol\",\"url\":\"https:\\\/\\\/www.boxrepsol.com\\\/es\\\/\",\"logo\":{\"@type\":\"ImageObject\",\"inLanguage\":\"es\",\"@id\":\"https:\\\/\\\/www.boxrepsol.com\\\/es\\\/#\\\/schema\\\/logo\\\/image\\\/\",\"url\":\"https:\\\/\\\/bxrepsol.s3.eu-west-1.amazonaws.com\\\/static\\\/2025\\\/07\\\/30083337\\\/favicon-96x96-1.png\",\"contentUrl\":\"https:\\\/\\\/bxrepsol.s3.eu-west-1.amazonaws.com\\\/static\\\/2025\\\/07\\\/30083337\\\/favicon-96x96-1.png\",\"width\":96,\"height\":96,\"caption\":\"Box Repsol\"},\"image\":{\"@id\":\"https:\\\/\\\/www.boxrepsol.com\\\/es\\\/#\\\/schema\\\/logo\\\/image\\\/\"},\"sameAs\":[\"https:\\\/\\\/www.facebook.com\\\/BoxRepsol\",\"https:\\\/\\\/x.com\\\/box_repsol\",\"http:\\\/\\\/instagram.com\\\/box_repsol\",\"https:\\\/\\\/www.youtube.com\\\/user\\\/RepsolCompeticion\",\"https:\\\/\\\/www.flickr.com\\\/photos\\\/box_repsol\\\/\"]},{\"@type\":\"Person\",\"@id\":\"https:\\\/\\\/www.boxrepsol.com\\\/es\\\/#\\\/schema\\\/person\\\/c5c2138f2cca251b0ad92b7086bb60b7\",\"name\":\"Redacci\u00f3n Box Repsol\",\"image\":{\"@type\":\"ImageObject\",\"inLanguage\":\"es\",\"@id\":\"https:\\\/\\\/secure.gravatar.com\\\/avatar\\\/adf7b77e38b4419baf32c7e9c21dde01f4e40df611f0978e3006fc4ba0aaab7e?s=96&d=mm&r=g\",\"url\":\"https:\\\/\\\/secure.gravatar.com\\\/avatar\\\/adf7b77e38b4419baf32c7e9c21dde01f4e40df611f0978e3006fc4ba0aaab7e?s=96&d=mm&r=g\",\"contentUrl\":\"https:\\\/\\\/secure.gravatar.com\\\/avatar\\\/adf7b77e38b4419baf32c7e9c21dde01f4e40df611f0978e3006fc4ba0aaab7e?s=96&d=mm&r=g\",\"caption\":\"Redacci\u00f3n Box Repsol\"},\"description\":\"Box Repsol lo forma un equipo de periodistas, community managers, dise\u00f1adores y fot\u00f3grafos con m\u00e1s de 20 a\u00f1os de experiencia en el mundo del motorsport. Hemos vivido el primer mundial de un espa\u00f1ol en la categor\u00eda reina de motociclismo con \u00c1lex Crivill\u00e9, estuvimos en las victorias de Pedrosa y los t\u00edtulos de M\u00e1rquez, acompa\u00f1amos en \u00c1frica a Nani Roma y Marc Coma en sus conquistas del Dakar y hemos vibrado con los t\u00edtulos de Toni Bou en Trial. Adem\u00e1s, en nuestro equipo contamos con expertos en el mundo de las dos y cuatro ruedas tanto de la calle y las carreteras, como de los circuitos. Periodistas que han trabajado en revistas y publicaciones para hacerte llegar desde rutas y consejos de mantenimiento, a curiosidades y trucos de pilotaje.\",\"sameAs\":[\"https:\\\/\\\/www.facebook.com\\\/BoxRepsol\\\/\",\"https:\\\/\\\/www.instagram.com\\\/box_repsol\\\/\",\"https:\\\/\\\/x.com\\\/https:\\\/\\\/twitter.com\\\/box_repsol\",\"https:\\\/\\\/www.youtube.com\\\/@Boxrepsol\"],\"url\":\"https:\\\/\\\/www.boxrepsol.com\\\/es\\\/author\\\/redaccion-box-repsol\\\/\"}]}<\/script>\n<!-- \/ Yoast SEO plugin. -->","yoast_head_json":{"title":"Juan Velarde, el piloto espa\u00f1ol de la \u201cF\u00f3rmula 1 del aire\u201d - Box Repsol","description":"El piloto Repsol inicia su quinta temporada en el Campeonato del Mundo de la Red Bull Air Race, competici\u00f3n en la que el a\u00f1o pasado obtuvo dos podios.","canonical":"https:\/\/www.boxrepsol.com\/es\/red-bull-air-race\/juan-velarde-piloto-espanol-la-formula-1-del-aire\/","og_locale":"es_ES","og_type":"article","og_title":"Juan Velarde, el piloto espa\u00f1ol de la \u201cF\u00f3rmula 1 del aire\u201d - Box Repsol","og_description":"El piloto Repsol inicia su quinta temporada en el Campeonato del Mundo de la Red Bull Air Race, competici\u00f3n en la que el a\u00f1o pasado obtuvo dos podios.","og_url":"https:\/\/www.boxrepsol.com\/es\/red-bull-air-race\/juan-velarde-piloto-espanol-la-formula-1-del-aire\/","og_site_name":"Box Repsol","article_publisher":"https:\/\/www.facebook.com\/BoxRepsol","article_author":"https:\/\/www.facebook.com\/BoxRepsol\/","article_published_time":"2018-02-02T02:00:00+00:00","article_modified_time":"2024-10-09T11:28:47+00:00","og_image":[{"width":2560,"height":1706,"url":"https:\/\/bxrepsol.s3.eu-west-1.amazonaws.com\/static\/2018\/02\/12091200\/AD9_Joerg-Mitter-scaled.jpg","type":"image\/jpeg"}],"author":"Redacci\u00f3n Box Repsol","twitter_card":"summary_large_image","twitter_creator":"@https:\/\/twitter.com\/box_repsol","twitter_site":"@box_repsol","twitter_misc":{"Written by":"Redacci\u00f3n Box Repsol","Est. reading time":"2 minutos"},"schema":{"@context":"https:\/\/schema.org","@graph":[{"@type":"Article","@id":"https:\/\/www.boxrepsol.com\/es\/red-bull-air-race\/juan-velarde-piloto-espanol-la-formula-1-del-aire\/#article","isPartOf":{"@id":"https:\/\/www.boxrepsol.com\/es\/red-bull-air-race\/juan-velarde-piloto-espanol-la-formula-1-del-aire\/"},"author":{"name":"Redacci\u00f3n Box Repsol","@id":"https:\/\/www.boxrepsol.com\/es\/#\/schema\/person\/c5c2138f2cca251b0ad92b7086bb60b7"},"headline":"Juan Velarde, el piloto espa\u00f1ol de la \u201cF\u00f3rmula 1 del aire\u201d","datePublished":"2018-02-02T02:00:00+00:00","dateModified":"2024-10-09T11:28:47+00:00","mainEntityOfPage":{"@id":"https:\/\/www.boxrepsol.com\/es\/red-bull-air-race\/juan-velarde-piloto-espanol-la-formula-1-del-aire\/"},"wordCount":380,"commentCount":0,"publisher":{"@id":"https:\/\/www.boxrepsol.com\/es\/#organization"},"image":{"@id":"https:\/\/www.boxrepsol.com\/es\/red-bull-air-race\/juan-velarde-piloto-espanol-la-formula-1-del-aire\/#primaryimage"},"thumbnailUrl":"https:\/\/bxrepsol.s3.eu-west-1.amazonaws.com\/static\/2018\/02\/12091200\/AD9_Joerg-Mitter-scaled.jpg","keywords":["Juan Velarde"],"articleSection":["Red Bull Air Race"],"inLanguage":"es","potentialAction":[{"@type":"CommentAction","name":"Comment","target":["https:\/\/www.boxrepsol.com\/es\/red-bull-air-race\/juan-velarde-piloto-espanol-la-formula-1-del-aire\/#respond"]}]},{"@type":"WebPage","@id":"https:\/\/www.boxrepsol.com\/es\/red-bull-air-race\/juan-velarde-piloto-espanol-la-formula-1-del-aire\/","url":"https:\/\/www.boxrepsol.com\/es\/red-bull-air-race\/juan-velarde-piloto-espanol-la-formula-1-del-aire\/","name":"Juan Velarde, el piloto espa\u00f1ol de la \u201cF\u00f3rmula 1 del aire\u201d - Box Repsol","isPartOf":{"@id":"https:\/\/www.boxrepsol.com\/es\/#website"},"primaryImageOfPage":{"@id":"https:\/\/www.boxrepsol.com\/es\/red-bull-air-race\/juan-velarde-piloto-espanol-la-formula-1-del-aire\/#primaryimage"},"image":{"@id":"https:\/\/www.boxrepsol.com\/es\/red-bull-air-race\/juan-velarde-piloto-espanol-la-formula-1-del-aire\/#primaryimage"},"thumbnailUrl":"https:\/\/bxrepsol.s3.eu-west-1.amazonaws.com\/static\/2018\/02\/12091200\/AD9_Joerg-Mitter-scaled.jpg","datePublished":"2018-02-02T02:00:00+00:00","dateModified":"2024-10-09T11:28:47+00:00","description":"El piloto Repsol inicia su quinta temporada en el Campeonato del Mundo de la Red Bull Air Race, competici\u00f3n en la que el a\u00f1o pasado obtuvo dos podios.","breadcrumb":{"@id":"https:\/\/www.boxrepsol.com\/es\/red-bull-air-race\/juan-velarde-piloto-espanol-la-formula-1-del-aire\/#breadcrumb"},"inLanguage":"es","potentialAction":[{"@type":"ReadAction","target":["https:\/\/www.boxrepsol.com\/es\/red-bull-air-race\/juan-velarde-piloto-espanol-la-formula-1-del-aire\/"]}]},{"@type":"ImageObject","inLanguage":"es","@id":"https:\/\/www.boxrepsol.com\/es\/red-bull-air-race\/juan-velarde-piloto-espanol-la-formula-1-del-aire\/#primaryimage","url":"https:\/\/bxrepsol.s3.eu-west-1.amazonaws.com\/static\/2018\/02\/12091200\/AD9_Joerg-Mitter-scaled.jpg","contentUrl":"https:\/\/bxrepsol.s3.eu-west-1.amazonaws.com\/static\/2018\/02\/12091200\/AD9_Joerg-Mitter-scaled.jpg","width":2560,"height":1706},{"@type":"BreadcrumbList","@id":"https:\/\/www.boxrepsol.com\/es\/red-bull-air-race\/juan-velarde-piloto-espanol-la-formula-1-del-aire\/#breadcrumb","itemListElement":[{"@type":"ListItem","position":1,"name":"Home","item":"https:\/\/www.boxrepsol.com\/es\/"},{"@type":"ListItem","position":2,"name":"Juan Velarde, el piloto espa\u00f1ol de la \u201cF\u00f3rmula 1 del aire\u201d"}]},{"@type":"WebSite","@id":"https:\/\/www.boxrepsol.com\/es\/#website","url":"https:\/\/www.boxrepsol.com\/es\/","name":"Box Repsol","description":"Box Repsol Site","publisher":{"@id":"https:\/\/www.boxrepsol.com\/es\/#organization"},"potentialAction":[{"@type":"SearchAction","target":{"@type":"EntryPoint","urlTemplate":"https:\/\/www.boxrepsol.com\/es\/?s={search_term_string}"},"query-input":{"@type":"PropertyValueSpecification","valueRequired":true,"valueName":"search_term_string"}}],"inLanguage":"es"},{"@type":"Organization","@id":"https:\/\/www.boxrepsol.com\/es\/#organization","name":"Box Repsol","url":"https:\/\/www.boxrepsol.com\/es\/","logo":{"@type":"ImageObject","inLanguage":"es","@id":"https:\/\/www.boxrepsol.com\/es\/#\/schema\/logo\/image\/","url":"https:\/\/bxrepsol.s3.eu-west-1.amazonaws.com\/static\/2025\/07\/30083337\/favicon-96x96-1.png","contentUrl":"https:\/\/bxrepsol.s3.eu-west-1.amazonaws.com\/static\/2025\/07\/30083337\/favicon-96x96-1.png","width":96,"height":96,"caption":"Box Repsol"},"image":{"@id":"https:\/\/www.boxrepsol.com\/es\/#\/schema\/logo\/image\/"},"sameAs":["https:\/\/www.facebook.com\/BoxRepsol","https:\/\/x.com\/box_repsol","http:\/\/instagram.com\/box_repsol","https:\/\/www.youtube.com\/user\/RepsolCompeticion","https:\/\/www.flickr.com\/photos\/box_repsol\/"]},{"@type":"Person","@id":"https:\/\/www.boxrepsol.com\/es\/#\/schema\/person\/c5c2138f2cca251b0ad92b7086bb60b7","name":"Redacci\u00f3n Box Repsol","image":{"@type":"ImageObject","inLanguage":"es","@id":"https:\/\/secure.gravatar.com\/avatar\/adf7b77e38b4419baf32c7e9c21dde01f4e40df611f0978e3006fc4ba0aaab7e?s=96&d=mm&r=g","url":"https:\/\/secure.gravatar.com\/avatar\/adf7b77e38b4419baf32c7e9c21dde01f4e40df611f0978e3006fc4ba0aaab7e?s=96&d=mm&r=g","contentUrl":"https:\/\/secure.gravatar.com\/avatar\/adf7b77e38b4419baf32c7e9c21dde01f4e40df611f0978e3006fc4ba0aaab7e?s=96&d=mm&r=g","caption":"Redacci\u00f3n Box Repsol"},"description":"Box Repsol lo forma un equipo de periodistas, community managers, dise\u00f1adores y fot\u00f3grafos con m\u00e1s de 20 a\u00f1os de experiencia en el mundo del motorsport. Hemos vivido el primer mundial de un espa\u00f1ol en la categor\u00eda reina de motociclismo con \u00c1lex Crivill\u00e9, estuvimos en las victorias de Pedrosa y los t\u00edtulos de M\u00e1rquez, acompa\u00f1amos en \u00c1frica a Nani Roma y Marc Coma en sus conquistas del Dakar y hemos vibrado con los t\u00edtulos de Toni Bou en Trial. Adem\u00e1s, en nuestro equipo contamos con expertos en el mundo de las dos y cuatro ruedas tanto de la calle y las carreteras, como de los circuitos. Periodistas que han trabajado en revistas y publicaciones para hacerte llegar desde rutas y consejos de mantenimiento, a curiosidades y trucos de pilotaje.","sameAs":["https:\/\/www.facebook.com\/BoxRepsol\/","https:\/\/www.instagram.com\/box_repsol\/","https:\/\/x.com\/https:\/\/twitter.com\/box_repsol","https:\/\/www.youtube.com\/@Boxrepsol"],"url":"https:\/\/www.boxrepsol.com\/es\/author\/redaccion-box-repsol\/"}]}},"_links":{"self":[{"href":"https:\/\/www.boxrepsol.com\/es\/wp-json\/wp\/v2\/posts\/92720","targetHints":{"allow":["GET"]}}],"collection":[{"href":"https:\/\/www.boxrepsol.com\/es\/wp-json\/wp\/v2\/posts"}],"about":[{"href":"https:\/\/www.boxrepsol.com\/es\/wp-json\/wp\/v2\/types\/post"}],"author":[{"embeddable":true,"href":"https:\/\/www.boxrepsol.com\/es\/wp-json\/wp\/v2\/users\/43146"}],"replies":[{"embeddable":true,"href":"https:\/\/www.boxrepsol.com\/es\/wp-json\/wp\/v2\/comments?post=92720"}],"version-history":[{"count":3,"href":"https:\/\/www.boxrepsol.com\/es\/wp-json\/wp\/v2\/posts\/92720\/revisions"}],"predecessor-version":[{"id":120987,"href":"https:\/\/www.boxrepsol.com\/es\/wp-json\/wp\/v2\/posts\/92720\/revisions\/120987"}],"wp:featuredmedia":[{"embeddable":true,"href":"https:\/\/www.boxrepsol.com\/es\/wp-json\/wp\/v2\/media\/47914"}],"wp:attachment":[{"href":"https:\/\/www.boxrepsol.com\/es\/wp-json\/wp\/v2\/media?parent=92720"}],"wp:term":[{"taxonomy":"category","embeddable":true,"href":"https:\/\/www.boxrepsol.com\/es\/wp-json\/wp\/v2\/categories?post=92720"},{"taxonomy":"post_tag","embeddable":true,"href":"https:\/\/www.boxrepsol.com\/es\/wp-json\/wp\/v2\/tags?post=92720"}],"curies":[{"name":"wp","href":"https:\/\/api.w.org\/{rel}","templated":true}]}}