{"id":92713,"date":"2018-02-01T00:00:00","date_gmt":"2018-02-01T02:00:00","guid":{"rendered":"http:\/\/pre.boxrepsol.com\/sin-categorizar\/club-moteros-malaga-luchan-cancer\/"},"modified":"2024-05-21T07:34:52","modified_gmt":"2024-05-21T09:34:52","slug":"club-moteros-malaga-luchan-cancer","status":"publish","type":"post","link":"https:\/\/www.boxrepsol.com\/es\/vive-tu-moto\/club-moteros-malaga-luchan-cancer\/","title":{"rendered":"El Club de Moteros de M\u00e1laga que lucha contra el c\u00e1ncer"},"content":{"rendered":"<p>Imaginaros a unos Reyes Magos en moto cargados de regalos. Son este tipo de cosas las que pueden traer m\u00e1s alegr\u00eda a unos ni\u00f1os que est\u00e1n en el hospital por culpa de una enfermedad como el c\u00e1ncer. Y los Moteros contra el C\u00e1ncer de M\u00e1laga lo saben.<\/p>\n<p><iframe loading=\"lazy\" style=\"border: none; overflow: hidden;\" src=\"https:\/\/www.facebook.com\/plugins\/post.php?href=https%3A%2F%2Fwww.facebook.com%2F978676632249576%2Fphotos%2Fa.1085520454898526.1073741829.978676632249576%2F1275957932521443%2F%3Ftype%3D3&amp;width=704\" width=\"704\" height=\"286\" frameborder=\"0\" scrolling=\"no\"><\/iframe><\/p>\n<p>Pepe Reina es el orgulloso presidente. Cuenta que todo empez\u00f3 en octubre del 2016, despu\u00e9s de que \u00e9l mismo pasara por la enfermedad. \u201cPor suerte yo he conseguido salir adelante y vencer al c\u00e1ncer, pero muchos siguen ah\u00ed, batallando, y nosotros queremos echar una mano en lo que podamos\u201d. La idea la tuvo su hijo, Jos\u00e9 Mar\u00eda, tambi\u00e9n aficionado a las motos. Ya ten\u00edan una pe\u00f1a que organizaba rutas los fines de semana, pero no estaban constituidos como motoclub. No fue dif\u00edcil convencer al resto, y pronto, adem\u00e1s de registrar el nombre y el logo, se pusieron a buscar de qu\u00e9 manera pod\u00edan colaborar.<\/p>\n<p><iframe loading=\"lazy\" style=\"border: none; overflow: hidden;\" src=\"https:\/\/www.facebook.com\/plugins\/post.php?href=https%3A%2F%2Fwww.facebook.com%2F978676632249576%2Fphotos%2Fa.978677468916159.1073741826.978676632249576%2F1090439044406667%2F%3Ftype%3D3&amp;width=500\" width=\"704\" height=\"575\" frameborder=\"0\" scrolling=\"no\"><\/iframe><\/p>\n<p>La imagen del motero solitario, individualista y rebelde que ha creado el cine poco tiene que ver con la actividad de este motoclub. \u201cLa gente cree que vivimos a lo loco, que vamos dando acelerones por la vida y que pasamos de todo, pero nada de eso. Los aficionados a las motos somos como todo el mundo, con nuestra familia, nuestro trabajo y nuestras aficiones. En nuestro caso, a\u00f1adimos el tema solidario, y la verdad es que nos encanta ser \u00fatiles a la sociedad\u201d.<\/p>\n<p><iframe loading=\"lazy\" style=\"border: none; overflow: hidden;\" src=\"https:\/\/www.facebook.com\/plugins\/post.php?href=https%3A%2F%2Fwww.facebook.com%2F978676632249576%2Fphotos%2Fa.1085520454898526.1073741829.978676632249576%2F1474397269344174%2F%3Ftype%3D3&amp;width=500\" width=\"704\" height=\"380\" frameborder=\"0\" scrolling=\"no\"><\/iframe><\/p>\n<p>Una de las \u00faltimas acciones de los Moteros contra el C\u00e1ncer de M\u00e1laga ha sido visitar la casa Ronald McDonald de la ciudad, donde se hospedan familias con ni\u00f1os enfermos que est\u00e1n esperando o recibiendo alg\u00fan tipo de tratamiento. Ese fue el d\u00eda en el que los chavales vieron a sus majestades llegar a lomos de una Honda Gold Wing. \u201cTendr\u00edas que haber visto sus caras, eso no tiene precio\u201d. Ese d\u00eda consiguieron que otros motoclubs, como los de Fuengirola, Torremolinos y Estepona, se unieran a la fiesta con sus motos y con m\u00e1s regalos. Entre todos aportaron un mont\u00f3n de juguetes. A Pepe le encanta que empiece a \u201ccundir un poco el ejemplo\u201d, pero no por aquello de humanizar la figura del motero, sino por la \u201cnecesidad de acompa\u00f1ar a personas, sobre todo a ni\u00f1os, que lo est\u00e1n pasando mal\u201d.<br \/>\n<iframe loading=\"lazy\" style=\"border: none; overflow: hidden;\" src=\"https:\/\/www.facebook.com\/plugins\/post.php?href=https%3A%2F%2Fwww.facebook.com%2F978676632249576%2Fphotos%2Fa.1085520454898526.1073741829.978676632249576%2F1507794149337819%2F%3Ftype%3D3&amp;width=704\" width=\"704\" height=\"338\" frameborder=\"0\" scrolling=\"no\"><\/iframe><\/p>\n<p>Aunque este evento es el que abre el a\u00f1o solidario en la asociaci\u00f3n, y uno de los m\u00e1s importantes dentro de esta, en este a\u00f1o y medio tambi\u00e9n han participado en la recogida de dinero para un ni\u00f1o de 9 a\u00f1os que perdi\u00f3 una pierna a consecuencia del c\u00e1ncer. Sorteos, conciertos, espect\u00e1culos de humor, camisetas\u2026, lo que sea para echarle una mano a la familia. A un guardia civil que qued\u00f3 parapl\u00e9jico le llevaron una cama mecanizada a su casa de Granada. Quiz\u00e1s uno de los pocos d\u00edas en los que habr\u00e1n tenido que echar mano de algo que no sea una moto para moverse.<\/p>\n<p>Y con todo este trabajo, \u00bfles queda tiempo para ir en moto? Claro que s\u00ed, una cosa no quita la otra. Son muchos los fines de semana en los que tienen eventos en un punto u otro de Andaluc\u00eda. Aprovechan esas citas para programar sus rutas. De esta manera, si tienen que ir de M\u00e1laga a Sevilla, en lugar de tomar la v\u00eda r\u00e1pida, optan por carreteras secundarias que ayuden a saciar su hambre de kil\u00f3metros. Rutas y solidaridad: sin duda, una idea genial.<\/p>\n<p><iframe loading=\"lazy\" style=\"border: none; overflow: hidden;\" src=\"https:\/\/www.facebook.com\/plugins\/post.php?href=https%3A%2F%2Fwww.facebook.com%2F978676632249576%2Fphotos%2Fa.1524156624368238.1073741836.978676632249576%2F1524165124367388%2F%3Ftype%3D3&amp;width=500\" width=\"704\" height=\"338\" frameborder=\"0\" scrolling=\"no\"><\/iframe><\/p>\n<p><iframe loading=\"lazy\" style=\"border: none; overflow: hidden;\" src=\"https:\/\/www.facebook.com\/plugins\/post.php?href=https%3A%2F%2Fwww.facebook.com%2F978676632249576%2Fphotos%2Fa.1524156624368238.1073741836.978676632249576%2F1524171824366718%2F%3Ftype%3D3&amp;width=500\" width=\"704\" height=\"486\" frameborder=\"0\" scrolling=\"no\"><\/iframe><\/p>\n<p>&nbsp;<\/p>\n<p>&nbsp;<\/p>\n<p>&nbsp;<\/p>\n<p>Foto cabecera: Moteros contra el c\u00e1ncer | Facebook<\/p>\n","protected":false},"excerpt":{"rendered":"<p>En Andaluc\u00eda existe un motoclub que combina la pasi\u00f3n por las dos ruedas y la solidaridad. Son los Moteros Contra el C\u00e1ncer de M\u00e1laga, y vale la pena conocerles.<\/p>\n","protected":false},"author":43146,"featured_media":92714,"comment_status":"open","ping_status":"open","sticky":false,"template":"","format":"standard","meta":{"footnotes":""},"categories":[122],"tags":[167],"class_list":["post-92713","post","type-post","status-publish","format-standard","hentry","category-vive-tu-moto","tag-clubs-y-grupos-moteros"],"yoast_head":"<!-- This site is optimized with the Yoast SEO plugin v27.3 - https:\/\/yoast.com\/product\/yoast-seo-wordpress\/ -->\n<title>Moteros contra el c\u00e1ncer: conoce esta incre\u00edble iniciativa - Box Repsol<\/title>\n<meta name=\"description\" content=\"Imaginaros a unos Reyes Magos en moto cargados de regalos. Son este tipo de cosas las que pueden traer m\u00e1s alegr\u00eda a unos ni\u00f1os que est\u00e1n en el hospital\" \/>\n<link rel=\"canonical\" href=\"https:\/\/www.boxrepsol.com\/es\/vive-tu-moto\/club-moteros-malaga-luchan-cancer\/\" \/>\n<meta property=\"og:locale\" content=\"es_ES\" \/>\n<meta property=\"og:type\" content=\"article\" \/>\n<meta property=\"og:title\" content=\"Moteros contra el c\u00e1ncer: conoce esta incre\u00edble iniciativa - Box Repsol\" \/>\n<meta property=\"og:description\" content=\"Imaginaros a unos Reyes Magos en moto cargados de regalos. Son este tipo de cosas las que pueden traer m\u00e1s alegr\u00eda a unos ni\u00f1os que est\u00e1n en el hospital\" \/>\n<meta property=\"og:url\" content=\"https:\/\/www.boxrepsol.com\/es\/vive-tu-moto\/club-moteros-malaga-luchan-cancer\/\" \/>\n<meta property=\"og:site_name\" content=\"Box Repsol\" \/>\n<meta property=\"article:publisher\" content=\"https:\/\/www.facebook.com\/BoxRepsol\" \/>\n<meta property=\"article:author\" content=\"https:\/\/www.facebook.com\/BoxRepsol\/\" \/>\n<meta property=\"article:published_time\" content=\"2018-02-01T02:00:00+00:00\" \/>\n<meta property=\"article:modified_time\" content=\"2024-05-21T09:34:52+00:00\" \/>\n<meta property=\"og:image\" content=\"https:\/\/bxrepsol.s3.eu-west-1.amazonaws.com\/static\/2023\/02\/24101543\/moteros-contra-el-cancer.png\" \/>\n\t<meta property=\"og:image:width\" content=\"986\" \/>\n\t<meta property=\"og:image:height\" content=\"555\" \/>\n\t<meta property=\"og:image:type\" content=\"image\/png\" \/>\n<meta name=\"author\" content=\"Redacci\u00f3n Box Repsol\" \/>\n<meta name=\"twitter:card\" content=\"summary_large_image\" \/>\n<meta name=\"twitter:creator\" content=\"@https:\/\/twitter.com\/box_repsol\" \/>\n<meta name=\"twitter:site\" content=\"@box_repsol\" \/>\n<meta name=\"twitter:label1\" content=\"Written by\" \/>\n\t<meta name=\"twitter:data1\" content=\"Redacci\u00f3n Box Repsol\" \/>\n\t<meta name=\"twitter:label2\" content=\"Est. reading time\" \/>\n\t<meta name=\"twitter:data2\" content=\"3 minutos\" \/>\n<script type=\"application\/ld+json\" class=\"yoast-schema-graph\">{\"@context\":\"https:\\\/\\\/schema.org\",\"@graph\":[{\"@type\":\"Article\",\"@id\":\"https:\\\/\\\/www.boxrepsol.com\\\/es\\\/vive-tu-moto\\\/club-moteros-malaga-luchan-cancer\\\/#article\",\"isPartOf\":{\"@id\":\"https:\\\/\\\/www.boxrepsol.com\\\/es\\\/vive-tu-moto\\\/club-moteros-malaga-luchan-cancer\\\/\"},\"author\":{\"name\":\"Redacci\u00f3n Box Repsol\",\"@id\":\"https:\\\/\\\/www.boxrepsol.com\\\/es\\\/#\\\/schema\\\/person\\\/c5c2138f2cca251b0ad92b7086bb60b7\"},\"headline\":\"El Club de Moteros de M\u00e1laga que lucha contra el c\u00e1ncer\",\"datePublished\":\"2018-02-01T02:00:00+00:00\",\"dateModified\":\"2024-05-21T09:34:52+00:00\",\"mainEntityOfPage\":{\"@id\":\"https:\\\/\\\/www.boxrepsol.com\\\/es\\\/vive-tu-moto\\\/club-moteros-malaga-luchan-cancer\\\/\"},\"wordCount\":635,\"commentCount\":0,\"publisher\":{\"@id\":\"https:\\\/\\\/www.boxrepsol.com\\\/es\\\/#organization\"},\"image\":{\"@id\":\"https:\\\/\\\/www.boxrepsol.com\\\/es\\\/vive-tu-moto\\\/club-moteros-malaga-luchan-cancer\\\/#primaryimage\"},\"thumbnailUrl\":\"https:\\\/\\\/bxrepsol.s3.eu-west-1.amazonaws.com\\\/static\\\/2023\\\/02\\\/24101543\\\/moteros-contra-el-cancer.png\",\"keywords\":[\"clubs y grupos moteros\"],\"articleSection\":[\"Vive tu moto\"],\"inLanguage\":\"es\",\"potentialAction\":[{\"@type\":\"CommentAction\",\"name\":\"Comment\",\"target\":[\"https:\\\/\\\/www.boxrepsol.com\\\/es\\\/vive-tu-moto\\\/club-moteros-malaga-luchan-cancer\\\/#respond\"]}]},{\"@type\":\"WebPage\",\"@id\":\"https:\\\/\\\/www.boxrepsol.com\\\/es\\\/vive-tu-moto\\\/club-moteros-malaga-luchan-cancer\\\/\",\"url\":\"https:\\\/\\\/www.boxrepsol.com\\\/es\\\/vive-tu-moto\\\/club-moteros-malaga-luchan-cancer\\\/\",\"name\":\"Moteros contra el c\u00e1ncer: conoce esta incre\u00edble iniciativa - Box Repsol\",\"isPartOf\":{\"@id\":\"https:\\\/\\\/www.boxrepsol.com\\\/es\\\/#website\"},\"primaryImageOfPage\":{\"@id\":\"https:\\\/\\\/www.boxrepsol.com\\\/es\\\/vive-tu-moto\\\/club-moteros-malaga-luchan-cancer\\\/#primaryimage\"},\"image\":{\"@id\":\"https:\\\/\\\/www.boxrepsol.com\\\/es\\\/vive-tu-moto\\\/club-moteros-malaga-luchan-cancer\\\/#primaryimage\"},\"thumbnailUrl\":\"https:\\\/\\\/bxrepsol.s3.eu-west-1.amazonaws.com\\\/static\\\/2023\\\/02\\\/24101543\\\/moteros-contra-el-cancer.png\",\"datePublished\":\"2018-02-01T02:00:00+00:00\",\"dateModified\":\"2024-05-21T09:34:52+00:00\",\"description\":\"Imaginaros a unos Reyes Magos en moto cargados de regalos. Son este tipo de cosas las que pueden traer m\u00e1s alegr\u00eda a unos ni\u00f1os que est\u00e1n en el hospital\",\"breadcrumb\":{\"@id\":\"https:\\\/\\\/www.boxrepsol.com\\\/es\\\/vive-tu-moto\\\/club-moteros-malaga-luchan-cancer\\\/#breadcrumb\"},\"inLanguage\":\"es\",\"potentialAction\":[{\"@type\":\"ReadAction\",\"target\":[\"https:\\\/\\\/www.boxrepsol.com\\\/es\\\/vive-tu-moto\\\/club-moteros-malaga-luchan-cancer\\\/\"]}]},{\"@type\":\"ImageObject\",\"inLanguage\":\"es\",\"@id\":\"https:\\\/\\\/www.boxrepsol.com\\\/es\\\/vive-tu-moto\\\/club-moteros-malaga-luchan-cancer\\\/#primaryimage\",\"url\":\"https:\\\/\\\/bxrepsol.s3.eu-west-1.amazonaws.com\\\/static\\\/2023\\\/02\\\/24101543\\\/moteros-contra-el-cancer.png\",\"contentUrl\":\"https:\\\/\\\/bxrepsol.s3.eu-west-1.amazonaws.com\\\/static\\\/2023\\\/02\\\/24101543\\\/moteros-contra-el-cancer.png\",\"width\":986,\"height\":555,\"caption\":\"Reyes magos con ni\u00f1os y gente sacando fotos\"},{\"@type\":\"BreadcrumbList\",\"@id\":\"https:\\\/\\\/www.boxrepsol.com\\\/es\\\/vive-tu-moto\\\/club-moteros-malaga-luchan-cancer\\\/#breadcrumb\",\"itemListElement\":[{\"@type\":\"ListItem\",\"position\":1,\"name\":\"Home\",\"item\":\"https:\\\/\\\/www.boxrepsol.com\\\/es\\\/\"},{\"@type\":\"ListItem\",\"position\":2,\"name\":\"El Club de Moteros de M\u00e1laga que lucha contra el c\u00e1ncer\"}]},{\"@type\":\"WebSite\",\"@id\":\"https:\\\/\\\/www.boxrepsol.com\\\/es\\\/#website\",\"url\":\"https:\\\/\\\/www.boxrepsol.com\\\/es\\\/\",\"name\":\"Box Repsol\",\"description\":\"Box Repsol Site\",\"publisher\":{\"@id\":\"https:\\\/\\\/www.boxrepsol.com\\\/es\\\/#organization\"},\"potentialAction\":[{\"@type\":\"SearchAction\",\"target\":{\"@type\":\"EntryPoint\",\"urlTemplate\":\"https:\\\/\\\/www.boxrepsol.com\\\/es\\\/?s={search_term_string}\"},\"query-input\":{\"@type\":\"PropertyValueSpecification\",\"valueRequired\":true,\"valueName\":\"search_term_string\"}}],\"inLanguage\":\"es\"},{\"@type\":\"Organization\",\"@id\":\"https:\\\/\\\/www.boxrepsol.com\\\/es\\\/#organization\",\"name\":\"Box Repsol\",\"url\":\"https:\\\/\\\/www.boxrepsol.com\\\/es\\\/\",\"logo\":{\"@type\":\"ImageObject\",\"inLanguage\":\"es\",\"@id\":\"https:\\\/\\\/www.boxrepsol.com\\\/es\\\/#\\\/schema\\\/logo\\\/image\\\/\",\"url\":\"https:\\\/\\\/bxrepsol.s3.eu-west-1.amazonaws.com\\\/static\\\/2025\\\/07\\\/30083337\\\/favicon-96x96-1.png\",\"contentUrl\":\"https:\\\/\\\/bxrepsol.s3.eu-west-1.amazonaws.com\\\/static\\\/2025\\\/07\\\/30083337\\\/favicon-96x96-1.png\",\"width\":96,\"height\":96,\"caption\":\"Box Repsol\"},\"image\":{\"@id\":\"https:\\\/\\\/www.boxrepsol.com\\\/es\\\/#\\\/schema\\\/logo\\\/image\\\/\"},\"sameAs\":[\"https:\\\/\\\/www.facebook.com\\\/BoxRepsol\",\"https:\\\/\\\/x.com\\\/box_repsol\",\"http:\\\/\\\/instagram.com\\\/box_repsol\",\"https:\\\/\\\/www.youtube.com\\\/user\\\/RepsolCompeticion\",\"https:\\\/\\\/www.flickr.com\\\/photos\\\/box_repsol\\\/\"]},{\"@type\":\"Person\",\"@id\":\"https:\\\/\\\/www.boxrepsol.com\\\/es\\\/#\\\/schema\\\/person\\\/c5c2138f2cca251b0ad92b7086bb60b7\",\"name\":\"Redacci\u00f3n Box Repsol\",\"image\":{\"@type\":\"ImageObject\",\"inLanguage\":\"es\",\"@id\":\"https:\\\/\\\/secure.gravatar.com\\\/avatar\\\/adf7b77e38b4419baf32c7e9c21dde01f4e40df611f0978e3006fc4ba0aaab7e?s=96&d=mm&r=g\",\"url\":\"https:\\\/\\\/secure.gravatar.com\\\/avatar\\\/adf7b77e38b4419baf32c7e9c21dde01f4e40df611f0978e3006fc4ba0aaab7e?s=96&d=mm&r=g\",\"contentUrl\":\"https:\\\/\\\/secure.gravatar.com\\\/avatar\\\/adf7b77e38b4419baf32c7e9c21dde01f4e40df611f0978e3006fc4ba0aaab7e?s=96&d=mm&r=g\",\"caption\":\"Redacci\u00f3n Box Repsol\"},\"description\":\"Box Repsol lo forma un equipo de periodistas, community managers, dise\u00f1adores y fot\u00f3grafos con m\u00e1s de 20 a\u00f1os de experiencia en el mundo del motorsport. Hemos vivido el primer mundial de un espa\u00f1ol en la categor\u00eda reina de motociclismo con \u00c1lex Crivill\u00e9, estuvimos en las victorias de Pedrosa y los t\u00edtulos de M\u00e1rquez, acompa\u00f1amos en \u00c1frica a Nani Roma y Marc Coma en sus conquistas del Dakar y hemos vibrado con los t\u00edtulos de Toni Bou en Trial. Adem\u00e1s, en nuestro equipo contamos con expertos en el mundo de las dos y cuatro ruedas tanto de la calle y las carreteras, como de los circuitos. Periodistas que han trabajado en revistas y publicaciones para hacerte llegar desde rutas y consejos de mantenimiento, a curiosidades y trucos de pilotaje.\",\"sameAs\":[\"https:\\\/\\\/www.facebook.com\\\/BoxRepsol\\\/\",\"https:\\\/\\\/www.instagram.com\\\/box_repsol\\\/\",\"https:\\\/\\\/x.com\\\/https:\\\/\\\/twitter.com\\\/box_repsol\",\"https:\\\/\\\/www.youtube.com\\\/@Boxrepsol\"],\"url\":\"https:\\\/\\\/www.boxrepsol.com\\\/es\\\/author\\\/redaccion-box-repsol\\\/\"}]}<\/script>\n<!-- \/ Yoast SEO plugin. -->","yoast_head_json":{"title":"Moteros contra el c\u00e1ncer: conoce esta incre\u00edble iniciativa - Box Repsol","description":"Imaginaros a unos Reyes Magos en moto cargados de regalos. Son este tipo de cosas las que pueden traer m\u00e1s alegr\u00eda a unos ni\u00f1os que est\u00e1n en el hospital","canonical":"https:\/\/www.boxrepsol.com\/es\/vive-tu-moto\/club-moteros-malaga-luchan-cancer\/","og_locale":"es_ES","og_type":"article","og_title":"Moteros contra el c\u00e1ncer: conoce esta incre\u00edble iniciativa - Box Repsol","og_description":"Imaginaros a unos Reyes Magos en moto cargados de regalos. Son este tipo de cosas las que pueden traer m\u00e1s alegr\u00eda a unos ni\u00f1os que est\u00e1n en el hospital","og_url":"https:\/\/www.boxrepsol.com\/es\/vive-tu-moto\/club-moteros-malaga-luchan-cancer\/","og_site_name":"Box Repsol","article_publisher":"https:\/\/www.facebook.com\/BoxRepsol","article_author":"https:\/\/www.facebook.com\/BoxRepsol\/","article_published_time":"2018-02-01T02:00:00+00:00","article_modified_time":"2024-05-21T09:34:52+00:00","og_image":[{"width":986,"height":555,"url":"https:\/\/bxrepsol.s3.eu-west-1.amazonaws.com\/static\/2023\/02\/24101543\/moteros-contra-el-cancer.png","type":"image\/png"}],"author":"Redacci\u00f3n Box Repsol","twitter_card":"summary_large_image","twitter_creator":"@https:\/\/twitter.com\/box_repsol","twitter_site":"@box_repsol","twitter_misc":{"Written by":"Redacci\u00f3n Box Repsol","Est. reading time":"3 minutos"},"schema":{"@context":"https:\/\/schema.org","@graph":[{"@type":"Article","@id":"https:\/\/www.boxrepsol.com\/es\/vive-tu-moto\/club-moteros-malaga-luchan-cancer\/#article","isPartOf":{"@id":"https:\/\/www.boxrepsol.com\/es\/vive-tu-moto\/club-moteros-malaga-luchan-cancer\/"},"author":{"name":"Redacci\u00f3n Box Repsol","@id":"https:\/\/www.boxrepsol.com\/es\/#\/schema\/person\/c5c2138f2cca251b0ad92b7086bb60b7"},"headline":"El Club de Moteros de M\u00e1laga que lucha contra el c\u00e1ncer","datePublished":"2018-02-01T02:00:00+00:00","dateModified":"2024-05-21T09:34:52+00:00","mainEntityOfPage":{"@id":"https:\/\/www.boxrepsol.com\/es\/vive-tu-moto\/club-moteros-malaga-luchan-cancer\/"},"wordCount":635,"commentCount":0,"publisher":{"@id":"https:\/\/www.boxrepsol.com\/es\/#organization"},"image":{"@id":"https:\/\/www.boxrepsol.com\/es\/vive-tu-moto\/club-moteros-malaga-luchan-cancer\/#primaryimage"},"thumbnailUrl":"https:\/\/bxrepsol.s3.eu-west-1.amazonaws.com\/static\/2023\/02\/24101543\/moteros-contra-el-cancer.png","keywords":["clubs y grupos moteros"],"articleSection":["Vive tu moto"],"inLanguage":"es","potentialAction":[{"@type":"CommentAction","name":"Comment","target":["https:\/\/www.boxrepsol.com\/es\/vive-tu-moto\/club-moteros-malaga-luchan-cancer\/#respond"]}]},{"@type":"WebPage","@id":"https:\/\/www.boxrepsol.com\/es\/vive-tu-moto\/club-moteros-malaga-luchan-cancer\/","url":"https:\/\/www.boxrepsol.com\/es\/vive-tu-moto\/club-moteros-malaga-luchan-cancer\/","name":"Moteros contra el c\u00e1ncer: conoce esta incre\u00edble iniciativa - Box Repsol","isPartOf":{"@id":"https:\/\/www.boxrepsol.com\/es\/#website"},"primaryImageOfPage":{"@id":"https:\/\/www.boxrepsol.com\/es\/vive-tu-moto\/club-moteros-malaga-luchan-cancer\/#primaryimage"},"image":{"@id":"https:\/\/www.boxrepsol.com\/es\/vive-tu-moto\/club-moteros-malaga-luchan-cancer\/#primaryimage"},"thumbnailUrl":"https:\/\/bxrepsol.s3.eu-west-1.amazonaws.com\/static\/2023\/02\/24101543\/moteros-contra-el-cancer.png","datePublished":"2018-02-01T02:00:00+00:00","dateModified":"2024-05-21T09:34:52+00:00","description":"Imaginaros a unos Reyes Magos en moto cargados de regalos. Son este tipo de cosas las que pueden traer m\u00e1s alegr\u00eda a unos ni\u00f1os que est\u00e1n en el hospital","breadcrumb":{"@id":"https:\/\/www.boxrepsol.com\/es\/vive-tu-moto\/club-moteros-malaga-luchan-cancer\/#breadcrumb"},"inLanguage":"es","potentialAction":[{"@type":"ReadAction","target":["https:\/\/www.boxrepsol.com\/es\/vive-tu-moto\/club-moteros-malaga-luchan-cancer\/"]}]},{"@type":"ImageObject","inLanguage":"es","@id":"https:\/\/www.boxrepsol.com\/es\/vive-tu-moto\/club-moteros-malaga-luchan-cancer\/#primaryimage","url":"https:\/\/bxrepsol.s3.eu-west-1.amazonaws.com\/static\/2023\/02\/24101543\/moteros-contra-el-cancer.png","contentUrl":"https:\/\/bxrepsol.s3.eu-west-1.amazonaws.com\/static\/2023\/02\/24101543\/moteros-contra-el-cancer.png","width":986,"height":555,"caption":"Reyes magos con ni\u00f1os y gente sacando fotos"},{"@type":"BreadcrumbList","@id":"https:\/\/www.boxrepsol.com\/es\/vive-tu-moto\/club-moteros-malaga-luchan-cancer\/#breadcrumb","itemListElement":[{"@type":"ListItem","position":1,"name":"Home","item":"https:\/\/www.boxrepsol.com\/es\/"},{"@type":"ListItem","position":2,"name":"El Club de Moteros de M\u00e1laga que lucha contra el c\u00e1ncer"}]},{"@type":"WebSite","@id":"https:\/\/www.boxrepsol.com\/es\/#website","url":"https:\/\/www.boxrepsol.com\/es\/","name":"Box Repsol","description":"Box Repsol Site","publisher":{"@id":"https:\/\/www.boxrepsol.com\/es\/#organization"},"potentialAction":[{"@type":"SearchAction","target":{"@type":"EntryPoint","urlTemplate":"https:\/\/www.boxrepsol.com\/es\/?s={search_term_string}"},"query-input":{"@type":"PropertyValueSpecification","valueRequired":true,"valueName":"search_term_string"}}],"inLanguage":"es"},{"@type":"Organization","@id":"https:\/\/www.boxrepsol.com\/es\/#organization","name":"Box Repsol","url":"https:\/\/www.boxrepsol.com\/es\/","logo":{"@type":"ImageObject","inLanguage":"es","@id":"https:\/\/www.boxrepsol.com\/es\/#\/schema\/logo\/image\/","url":"https:\/\/bxrepsol.s3.eu-west-1.amazonaws.com\/static\/2025\/07\/30083337\/favicon-96x96-1.png","contentUrl":"https:\/\/bxrepsol.s3.eu-west-1.amazonaws.com\/static\/2025\/07\/30083337\/favicon-96x96-1.png","width":96,"height":96,"caption":"Box Repsol"},"image":{"@id":"https:\/\/www.boxrepsol.com\/es\/#\/schema\/logo\/image\/"},"sameAs":["https:\/\/www.facebook.com\/BoxRepsol","https:\/\/x.com\/box_repsol","http:\/\/instagram.com\/box_repsol","https:\/\/www.youtube.com\/user\/RepsolCompeticion","https:\/\/www.flickr.com\/photos\/box_repsol\/"]},{"@type":"Person","@id":"https:\/\/www.boxrepsol.com\/es\/#\/schema\/person\/c5c2138f2cca251b0ad92b7086bb60b7","name":"Redacci\u00f3n Box Repsol","image":{"@type":"ImageObject","inLanguage":"es","@id":"https:\/\/secure.gravatar.com\/avatar\/adf7b77e38b4419baf32c7e9c21dde01f4e40df611f0978e3006fc4ba0aaab7e?s=96&d=mm&r=g","url":"https:\/\/secure.gravatar.com\/avatar\/adf7b77e38b4419baf32c7e9c21dde01f4e40df611f0978e3006fc4ba0aaab7e?s=96&d=mm&r=g","contentUrl":"https:\/\/secure.gravatar.com\/avatar\/adf7b77e38b4419baf32c7e9c21dde01f4e40df611f0978e3006fc4ba0aaab7e?s=96&d=mm&r=g","caption":"Redacci\u00f3n Box Repsol"},"description":"Box Repsol lo forma un equipo de periodistas, community managers, dise\u00f1adores y fot\u00f3grafos con m\u00e1s de 20 a\u00f1os de experiencia en el mundo del motorsport. Hemos vivido el primer mundial de un espa\u00f1ol en la categor\u00eda reina de motociclismo con \u00c1lex Crivill\u00e9, estuvimos en las victorias de Pedrosa y los t\u00edtulos de M\u00e1rquez, acompa\u00f1amos en \u00c1frica a Nani Roma y Marc Coma en sus conquistas del Dakar y hemos vibrado con los t\u00edtulos de Toni Bou en Trial. Adem\u00e1s, en nuestro equipo contamos con expertos en el mundo de las dos y cuatro ruedas tanto de la calle y las carreteras, como de los circuitos. Periodistas que han trabajado en revistas y publicaciones para hacerte llegar desde rutas y consejos de mantenimiento, a curiosidades y trucos de pilotaje.","sameAs":["https:\/\/www.facebook.com\/BoxRepsol\/","https:\/\/www.instagram.com\/box_repsol\/","https:\/\/x.com\/https:\/\/twitter.com\/box_repsol","https:\/\/www.youtube.com\/@Boxrepsol"],"url":"https:\/\/www.boxrepsol.com\/es\/author\/redaccion-box-repsol\/"}]}},"_links":{"self":[{"href":"https:\/\/www.boxrepsol.com\/es\/wp-json\/wp\/v2\/posts\/92713","targetHints":{"allow":["GET"]}}],"collection":[{"href":"https:\/\/www.boxrepsol.com\/es\/wp-json\/wp\/v2\/posts"}],"about":[{"href":"https:\/\/www.boxrepsol.com\/es\/wp-json\/wp\/v2\/types\/post"}],"author":[{"embeddable":true,"href":"https:\/\/www.boxrepsol.com\/es\/wp-json\/wp\/v2\/users\/43146"}],"replies":[{"embeddable":true,"href":"https:\/\/www.boxrepsol.com\/es\/wp-json\/wp\/v2\/comments?post=92713"}],"version-history":[{"count":1,"href":"https:\/\/www.boxrepsol.com\/es\/wp-json\/wp\/v2\/posts\/92713\/revisions"}],"predecessor-version":[{"id":110744,"href":"https:\/\/www.boxrepsol.com\/es\/wp-json\/wp\/v2\/posts\/92713\/revisions\/110744"}],"wp:featuredmedia":[{"embeddable":true,"href":"https:\/\/www.boxrepsol.com\/es\/wp-json\/wp\/v2\/media\/92714"}],"wp:attachment":[{"href":"https:\/\/www.boxrepsol.com\/es\/wp-json\/wp\/v2\/media?parent=92713"}],"wp:term":[{"taxonomy":"category","embeddable":true,"href":"https:\/\/www.boxrepsol.com\/es\/wp-json\/wp\/v2\/categories?post=92713"},{"taxonomy":"post_tag","embeddable":true,"href":"https:\/\/www.boxrepsol.com\/es\/wp-json\/wp\/v2\/tags?post=92713"}],"curies":[{"name":"wp","href":"https:\/\/api.w.org\/{rel}","templated":true}]}}