{"id":92699,"date":"2018-01-31T00:00:00","date_gmt":"2018-01-31T02:00:00","guid":{"rendered":"http:\/\/pre.boxrepsol.com\/sin-categorizar\/finaliza-un-positivo-test-de-tres-dias-en-malasia-para-el-equipo-repsol-honda\/"},"modified":"2024-05-21T07:35:10","modified_gmt":"2024-05-21T09:35:10","slug":"finaliza-un-positivo-test-de-tres-dias-en-malasia-para-el-equipo-repsol-honda","status":"publish","type":"post","link":"https:\/\/www.boxrepsol.com\/es\/motogp\/finaliza-un-positivo-test-de-tres-dias-en-malasia-para-el-equipo-repsol-honda\/","title":{"rendered":"Finaliza un positivo test de tres d\u00edas en Malasia para el equipo Repsol Honda"},"content":{"rendered":"<blockquote>\n<p>Hoy hemos montado lo mejor que hemos probado en los dos d\u00edas previos y me he centrado tanto en la velocidad <\/p>\n<p>            <a href=\"http:\/\/twitter.com\/share?text=Hoy+hemos+montado+lo+mejor+que+hemos+probado+en+los+dos+d%C3%ADas+previos+y+me+he+centrado+tanto+en+la+velocidad+&#038;url=https%3A%2F%2Fwww.boxrepsol.com%2Fes%2F%3Fp%3D17102%2F&#038;hashtags=\" target=\"_blank\" data-datalayer='{\"event\": \"socialInteraction\", \"socialNetwork\": \"Twitter\", \"socialAction\": \"Compartir\", \"socialTarget\": \"Frase\"}' rel=\"noopener\"><br \/>\n            twittear        <\/a><\/p>\n<footer>Dani Pedrosa<\/footer>\n<\/blockquote>\n<p>Positivos primeros entrenamientos de 2018 para el equipo Repsol Honda, con Dani Pedrosa marcando el segundo mejor cron\u00f3metro de los tres d\u00edas -1 minuto, 59 segundos y 9 mil\u00e9simas- y M\u00e1rquez, a s\u00f3lo 3 d\u00e9cimas de su compa\u00f1ero de equipo, el s\u00e9ptimo \u20131 minuto, 59 segundos y 382 mil\u00e9simas\u2013.<\/p>\n<p>Los pilotos del equipo Repsol Honda han completado una buena jornada de pruebas en un d\u00eda soleado, aprovechando -como la mayor\u00eda de pilotos- para hacer un simulacro de carrera de 15 vueltas. Dani Pedrosa lo ha realizado a primera hora de la ma\u00f1ana y Marc M\u00e1rquez despu\u00e9s de la comida, coincidiendo con la hora habitual de la carrera en este trazado.<\/p>\n<p>A lo largo de los tres d\u00edas, M\u00e1rquez ha sumado un total de 194 vueltas y Pedrosa otras 170, recopilando ambos informaci\u00f3n muy valiosa para los ingenieros del equipo y de HRC. Ahora toca preparar el siguiente test, planificado en el nuevo trazado de Buriram \u2013Tailandia\u2013 del 16 al 18 de febrero.<\/p>\n<hr \/>\n<h3>Dani Pedrosa<\/h3>\n<p><em>\u00abCreo que hemos hecho un \u00faltimo d\u00eda de entrenamientos positivo y en general ha sido un buen test. El equipo ha hecho un muy buen trabajo y ha planeado bien las pruebas previstas cada d\u00eda. Hoy hemos montado lo mejor que hemos probado en los dos d\u00edas previos y me he centrado tanto en la velocidad \u2013mejorando nuestra vuelta r\u00e1pida\u2013, como en el ritmo \u2013completando casi un simulacro de carrera a un buen nivel\u2013. Hemos trabajado en el motor, la aerodin\u00e1mica, las suspensiones y los neum\u00e1ticos \u2013tanto con los compuestos blandos como los duros\u2013. Podemos decir que hemos abordado m\u00e1s o menos todas las \u00e1reas de la puesta a punto y en general tenemos buenas sensaciones y hemos obtenido muchos datos. Hay que analizarlos m\u00e1s en profundidad, pero las sensaciones est\u00e1n ah\u00ed. Ahora tenemos ganas de confirmar todo tambi\u00e9n en otras pistas\u00bb.<\/em><\/p>\n<hr \/>\n<h3>Marc M\u00e1rquez<\/h3>\n<p><em>\u00abHoy estoy muy contento, porque hemos trabajado mucho y bastante bien. Tambi\u00e9n hemos hecho un simulacro de unas 15 vueltas hacia las tres de la tarde, cuando la temperatura de la pista era m\u00e1s elevada, y nuestro ritmo ha sido bueno. Por la tarde hemos seguido probando distintas cosas y al final no he hecho realmente un intento de vuelta r\u00e1pida, pero me he sentido muy bien con la moto. Por el momento queremos comprobar mejor la nueva aerodin\u00e1mica, tambi\u00e9n en otro circuito, porque queremos hacer la elecci\u00f3n correcta. Por otro lado, creo que hemos hecho un gran trabajo en el motor, aunque todav\u00eda no est\u00e1 ajustado al cien por cien. En general, creo que Dani [Pedrosa], Cal [Crutchlow] y yo estamos trabajando de forma un poco distinta y hemos obtenido mucha informaci\u00f3n, que ser\u00e1 muy \u00fatil para Honda para preparar una buena base\u00bb.<\/em><\/p>\n","protected":false},"excerpt":{"rendered":"<p>El primer test de 2018 concluye con Pedrosa, segundo y M\u00e1rquez, s\u00e9ptimo.<\/p>\n","protected":false},"author":43146,"featured_media":87423,"comment_status":"open","ping_status":"open","sticky":false,"template":"","format":"standard","meta":{"footnotes":""},"categories":[4],"tags":[184],"class_list":["post-92699","post","type-post","status-publish","format-standard","hentry","category-motogp","tag-entrenamientos"],"yoast_head":"<!-- This site is optimized with the Yoast SEO plugin v27.3 - https:\/\/yoast.com\/product\/yoast-seo-wordpress\/ -->\n<title>Finaliza un positivo test de tres d\u00edas en Malasia para el equipo Repsol Honda - Box Repsol<\/title>\n<meta name=\"description\" content=\"El primer test de 2018 concluye con Pedrosa, segundo y M\u00e1rquez, s\u00e9ptimo.\" \/>\n<link rel=\"canonical\" href=\"https:\/\/www.boxrepsol.com\/es\/motogp\/finaliza-un-positivo-test-de-tres-dias-en-malasia-para-el-equipo-repsol-honda\/\" \/>\n<meta property=\"og:locale\" content=\"es_ES\" \/>\n<meta property=\"og:type\" content=\"article\" \/>\n<meta property=\"og:title\" content=\"Finaliza un positivo test de tres d\u00edas en Malasia para el equipo Repsol Honda - Box Repsol\" \/>\n<meta property=\"og:description\" content=\"El primer test de 2018 concluye con Pedrosa, segundo y M\u00e1rquez, s\u00e9ptimo.\" \/>\n<meta property=\"og:url\" content=\"https:\/\/www.boxrepsol.com\/es\/motogp\/finaliza-un-positivo-test-de-tres-dias-en-malasia-para-el-equipo-repsol-honda\/\" \/>\n<meta property=\"og:site_name\" content=\"Box Repsol\" \/>\n<meta property=\"article:publisher\" content=\"https:\/\/www.facebook.com\/BoxRepsol\" \/>\n<meta property=\"article:author\" content=\"https:\/\/www.facebook.com\/BoxRepsol\/\" \/>\n<meta property=\"article:published_time\" content=\"2018-01-31T02:00:00+00:00\" \/>\n<meta property=\"article:modified_time\" content=\"2024-05-21T09:35:10+00:00\" \/>\n<meta property=\"og:image\" content=\"https:\/\/www.boxrepsol.com\/wp-content\/uploads\/2022\/08\/00_dani_pedrosa_motogp_test_black_bike_sepang_2018_26_repsol_honda.jpg\" \/>\n\t<meta property=\"og:image:width\" content=\"995\" \/>\n\t<meta property=\"og:image:height\" content=\"560\" \/>\n\t<meta property=\"og:image:type\" content=\"image\/jpeg\" \/>\n<meta name=\"author\" content=\"Redacci\u00f3n Box Repsol\" \/>\n<meta name=\"twitter:card\" content=\"summary_large_image\" \/>\n<meta name=\"twitter:creator\" content=\"@https:\/\/twitter.com\/box_repsol\" \/>\n<meta name=\"twitter:site\" content=\"@box_repsol\" \/>\n<meta name=\"twitter:label1\" content=\"Written by\" \/>\n\t<meta name=\"twitter:data1\" content=\"Redacci\u00f3n Box Repsol\" \/>\n\t<meta name=\"twitter:label2\" content=\"Est. reading time\" \/>\n\t<meta name=\"twitter:data2\" content=\"3 minutos\" \/>\n<script type=\"application\/ld+json\" class=\"yoast-schema-graph\">{\"@context\":\"https:\\\/\\\/schema.org\",\"@graph\":[{\"@type\":\"Article\",\"@id\":\"https:\\\/\\\/www.boxrepsol.com\\\/es\\\/motogp\\\/finaliza-un-positivo-test-de-tres-dias-en-malasia-para-el-equipo-repsol-honda\\\/#article\",\"isPartOf\":{\"@id\":\"https:\\\/\\\/www.boxrepsol.com\\\/es\\\/motogp\\\/finaliza-un-positivo-test-de-tres-dias-en-malasia-para-el-equipo-repsol-honda\\\/\"},\"author\":{\"name\":\"Redacci\u00f3n Box Repsol\",\"@id\":\"https:\\\/\\\/www.boxrepsol.com\\\/es\\\/#\\\/schema\\\/person\\\/c5c2138f2cca251b0ad92b7086bb60b7\"},\"headline\":\"Finaliza un positivo test de tres d\u00edas en Malasia para el equipo Repsol Honda\",\"datePublished\":\"2018-01-31T02:00:00+00:00\",\"dateModified\":\"2024-05-21T09:35:10+00:00\",\"mainEntityOfPage\":{\"@id\":\"https:\\\/\\\/www.boxrepsol.com\\\/es\\\/motogp\\\/finaliza-un-positivo-test-de-tres-dias-en-malasia-para-el-equipo-repsol-honda\\\/\"},\"wordCount\":515,\"commentCount\":0,\"publisher\":{\"@id\":\"https:\\\/\\\/www.boxrepsol.com\\\/es\\\/#organization\"},\"image\":{\"@id\":\"https:\\\/\\\/www.boxrepsol.com\\\/es\\\/motogp\\\/finaliza-un-positivo-test-de-tres-dias-en-malasia-para-el-equipo-repsol-honda\\\/#primaryimage\"},\"thumbnailUrl\":\"https:\\\/\\\/www.boxrepsol.com\\\/wp-content\\\/uploads\\\/2022\\\/08\\\/00_dani_pedrosa_motogp_test_black_bike_sepang_2018_26_repsol_honda.jpg\",\"keywords\":[\"entrenamientos\"],\"articleSection\":[\"MotoGP\"],\"inLanguage\":\"es\",\"potentialAction\":[{\"@type\":\"CommentAction\",\"name\":\"Comment\",\"target\":[\"https:\\\/\\\/www.boxrepsol.com\\\/es\\\/motogp\\\/finaliza-un-positivo-test-de-tres-dias-en-malasia-para-el-equipo-repsol-honda\\\/#respond\"]}]},{\"@type\":\"WebPage\",\"@id\":\"https:\\\/\\\/www.boxrepsol.com\\\/es\\\/motogp\\\/finaliza-un-positivo-test-de-tres-dias-en-malasia-para-el-equipo-repsol-honda\\\/\",\"url\":\"https:\\\/\\\/www.boxrepsol.com\\\/es\\\/motogp\\\/finaliza-un-positivo-test-de-tres-dias-en-malasia-para-el-equipo-repsol-honda\\\/\",\"name\":\"Finaliza un positivo test de tres d\u00edas en Malasia para el equipo Repsol Honda - Box Repsol\",\"isPartOf\":{\"@id\":\"https:\\\/\\\/www.boxrepsol.com\\\/es\\\/#website\"},\"primaryImageOfPage\":{\"@id\":\"https:\\\/\\\/www.boxrepsol.com\\\/es\\\/motogp\\\/finaliza-un-positivo-test-de-tres-dias-en-malasia-para-el-equipo-repsol-honda\\\/#primaryimage\"},\"image\":{\"@id\":\"https:\\\/\\\/www.boxrepsol.com\\\/es\\\/motogp\\\/finaliza-un-positivo-test-de-tres-dias-en-malasia-para-el-equipo-repsol-honda\\\/#primaryimage\"},\"thumbnailUrl\":\"https:\\\/\\\/www.boxrepsol.com\\\/wp-content\\\/uploads\\\/2022\\\/08\\\/00_dani_pedrosa_motogp_test_black_bike_sepang_2018_26_repsol_honda.jpg\",\"datePublished\":\"2018-01-31T02:00:00+00:00\",\"dateModified\":\"2024-05-21T09:35:10+00:00\",\"description\":\"El primer test de 2018 concluye con Pedrosa, segundo y M\u00e1rquez, s\u00e9ptimo.\",\"breadcrumb\":{\"@id\":\"https:\\\/\\\/www.boxrepsol.com\\\/es\\\/motogp\\\/finaliza-un-positivo-test-de-tres-dias-en-malasia-para-el-equipo-repsol-honda\\\/#breadcrumb\"},\"inLanguage\":\"es\",\"potentialAction\":[{\"@type\":\"ReadAction\",\"target\":[\"https:\\\/\\\/www.boxrepsol.com\\\/es\\\/motogp\\\/finaliza-un-positivo-test-de-tres-dias-en-malasia-para-el-equipo-repsol-honda\\\/\"]}]},{\"@type\":\"ImageObject\",\"inLanguage\":\"es\",\"@id\":\"https:\\\/\\\/www.boxrepsol.com\\\/es\\\/motogp\\\/finaliza-un-positivo-test-de-tres-dias-en-malasia-para-el-equipo-repsol-honda\\\/#primaryimage\",\"url\":\"https:\\\/\\\/www.boxrepsol.com\\\/wp-content\\\/uploads\\\/2022\\\/08\\\/00_dani_pedrosa_motogp_test_black_bike_sepang_2018_26_repsol_honda.jpg\",\"contentUrl\":\"https:\\\/\\\/www.boxrepsol.com\\\/wp-content\\\/uploads\\\/2022\\\/08\\\/00_dani_pedrosa_motogp_test_black_bike_sepang_2018_26_repsol_honda.jpg\",\"width\":995,\"height\":560,\"caption\":\"Dani Pedrosa durante los test de Sepang 2018\"},{\"@type\":\"BreadcrumbList\",\"@id\":\"https:\\\/\\\/www.boxrepsol.com\\\/es\\\/motogp\\\/finaliza-un-positivo-test-de-tres-dias-en-malasia-para-el-equipo-repsol-honda\\\/#breadcrumb\",\"itemListElement\":[{\"@type\":\"ListItem\",\"position\":1,\"name\":\"Home\",\"item\":\"https:\\\/\\\/www.boxrepsol.com\\\/es\\\/\"},{\"@type\":\"ListItem\",\"position\":2,\"name\":\"Finaliza un positivo test de tres d\u00edas en Malasia para el equipo Repsol Honda\"}]},{\"@type\":\"WebSite\",\"@id\":\"https:\\\/\\\/www.boxrepsol.com\\\/es\\\/#website\",\"url\":\"https:\\\/\\\/www.boxrepsol.com\\\/es\\\/\",\"name\":\"Box Repsol\",\"description\":\"Box Repsol Site\",\"publisher\":{\"@id\":\"https:\\\/\\\/www.boxrepsol.com\\\/es\\\/#organization\"},\"potentialAction\":[{\"@type\":\"SearchAction\",\"target\":{\"@type\":\"EntryPoint\",\"urlTemplate\":\"https:\\\/\\\/www.boxrepsol.com\\\/es\\\/?s={search_term_string}\"},\"query-input\":{\"@type\":\"PropertyValueSpecification\",\"valueRequired\":true,\"valueName\":\"search_term_string\"}}],\"inLanguage\":\"es\"},{\"@type\":\"Organization\",\"@id\":\"https:\\\/\\\/www.boxrepsol.com\\\/es\\\/#organization\",\"name\":\"Box Repsol\",\"url\":\"https:\\\/\\\/www.boxrepsol.com\\\/es\\\/\",\"logo\":{\"@type\":\"ImageObject\",\"inLanguage\":\"es\",\"@id\":\"https:\\\/\\\/www.boxrepsol.com\\\/es\\\/#\\\/schema\\\/logo\\\/image\\\/\",\"url\":\"https:\\\/\\\/bxrepsol.s3.eu-west-1.amazonaws.com\\\/static\\\/2025\\\/07\\\/30083337\\\/favicon-96x96-1.png\",\"contentUrl\":\"https:\\\/\\\/bxrepsol.s3.eu-west-1.amazonaws.com\\\/static\\\/2025\\\/07\\\/30083337\\\/favicon-96x96-1.png\",\"width\":96,\"height\":96,\"caption\":\"Box Repsol\"},\"image\":{\"@id\":\"https:\\\/\\\/www.boxrepsol.com\\\/es\\\/#\\\/schema\\\/logo\\\/image\\\/\"},\"sameAs\":[\"https:\\\/\\\/www.facebook.com\\\/BoxRepsol\",\"https:\\\/\\\/x.com\\\/box_repsol\",\"http:\\\/\\\/instagram.com\\\/box_repsol\",\"https:\\\/\\\/www.youtube.com\\\/user\\\/RepsolCompeticion\",\"https:\\\/\\\/www.flickr.com\\\/photos\\\/box_repsol\\\/\"]},{\"@type\":\"Person\",\"@id\":\"https:\\\/\\\/www.boxrepsol.com\\\/es\\\/#\\\/schema\\\/person\\\/c5c2138f2cca251b0ad92b7086bb60b7\",\"name\":\"Redacci\u00f3n Box Repsol\",\"image\":{\"@type\":\"ImageObject\",\"inLanguage\":\"es\",\"@id\":\"https:\\\/\\\/secure.gravatar.com\\\/avatar\\\/adf7b77e38b4419baf32c7e9c21dde01f4e40df611f0978e3006fc4ba0aaab7e?s=96&d=mm&r=g\",\"url\":\"https:\\\/\\\/secure.gravatar.com\\\/avatar\\\/adf7b77e38b4419baf32c7e9c21dde01f4e40df611f0978e3006fc4ba0aaab7e?s=96&d=mm&r=g\",\"contentUrl\":\"https:\\\/\\\/secure.gravatar.com\\\/avatar\\\/adf7b77e38b4419baf32c7e9c21dde01f4e40df611f0978e3006fc4ba0aaab7e?s=96&d=mm&r=g\",\"caption\":\"Redacci\u00f3n Box Repsol\"},\"description\":\"Box Repsol lo forma un equipo de periodistas, community managers, dise\u00f1adores y fot\u00f3grafos con m\u00e1s de 20 a\u00f1os de experiencia en el mundo del motorsport. Hemos vivido el primer mundial de un espa\u00f1ol en la categor\u00eda reina de motociclismo con \u00c1lex Crivill\u00e9, estuvimos en las victorias de Pedrosa y los t\u00edtulos de M\u00e1rquez, acompa\u00f1amos en \u00c1frica a Nani Roma y Marc Coma en sus conquistas del Dakar y hemos vibrado con los t\u00edtulos de Toni Bou en Trial. Adem\u00e1s, en nuestro equipo contamos con expertos en el mundo de las dos y cuatro ruedas tanto de la calle y las carreteras, como de los circuitos. Periodistas que han trabajado en revistas y publicaciones para hacerte llegar desde rutas y consejos de mantenimiento, a curiosidades y trucos de pilotaje.\",\"sameAs\":[\"https:\\\/\\\/www.facebook.com\\\/BoxRepsol\\\/\",\"https:\\\/\\\/www.instagram.com\\\/box_repsol\\\/\",\"https:\\\/\\\/x.com\\\/https:\\\/\\\/twitter.com\\\/box_repsol\",\"https:\\\/\\\/www.youtube.com\\\/@Boxrepsol\"],\"url\":\"https:\\\/\\\/www.boxrepsol.com\\\/es\\\/author\\\/redaccion-box-repsol\\\/\"}]}<\/script>\n<!-- \/ Yoast SEO plugin. -->","yoast_head_json":{"title":"Finaliza un positivo test de tres d\u00edas en Malasia para el equipo Repsol Honda - Box Repsol","description":"El primer test de 2018 concluye con Pedrosa, segundo y M\u00e1rquez, s\u00e9ptimo.","canonical":"https:\/\/www.boxrepsol.com\/es\/motogp\/finaliza-un-positivo-test-de-tres-dias-en-malasia-para-el-equipo-repsol-honda\/","og_locale":"es_ES","og_type":"article","og_title":"Finaliza un positivo test de tres d\u00edas en Malasia para el equipo Repsol Honda - Box Repsol","og_description":"El primer test de 2018 concluye con Pedrosa, segundo y M\u00e1rquez, s\u00e9ptimo.","og_url":"https:\/\/www.boxrepsol.com\/es\/motogp\/finaliza-un-positivo-test-de-tres-dias-en-malasia-para-el-equipo-repsol-honda\/","og_site_name":"Box Repsol","article_publisher":"https:\/\/www.facebook.com\/BoxRepsol","article_author":"https:\/\/www.facebook.com\/BoxRepsol\/","article_published_time":"2018-01-31T02:00:00+00:00","article_modified_time":"2024-05-21T09:35:10+00:00","og_image":[{"width":995,"height":560,"url":"https:\/\/www.boxrepsol.com\/wp-content\/uploads\/2022\/08\/00_dani_pedrosa_motogp_test_black_bike_sepang_2018_26_repsol_honda.jpg","type":"image\/jpeg"}],"author":"Redacci\u00f3n Box Repsol","twitter_card":"summary_large_image","twitter_creator":"@https:\/\/twitter.com\/box_repsol","twitter_site":"@box_repsol","twitter_misc":{"Written by":"Redacci\u00f3n Box Repsol","Est. reading time":"3 minutos"},"schema":{"@context":"https:\/\/schema.org","@graph":[{"@type":"Article","@id":"https:\/\/www.boxrepsol.com\/es\/motogp\/finaliza-un-positivo-test-de-tres-dias-en-malasia-para-el-equipo-repsol-honda\/#article","isPartOf":{"@id":"https:\/\/www.boxrepsol.com\/es\/motogp\/finaliza-un-positivo-test-de-tres-dias-en-malasia-para-el-equipo-repsol-honda\/"},"author":{"name":"Redacci\u00f3n Box Repsol","@id":"https:\/\/www.boxrepsol.com\/es\/#\/schema\/person\/c5c2138f2cca251b0ad92b7086bb60b7"},"headline":"Finaliza un positivo test de tres d\u00edas en Malasia para el equipo Repsol Honda","datePublished":"2018-01-31T02:00:00+00:00","dateModified":"2024-05-21T09:35:10+00:00","mainEntityOfPage":{"@id":"https:\/\/www.boxrepsol.com\/es\/motogp\/finaliza-un-positivo-test-de-tres-dias-en-malasia-para-el-equipo-repsol-honda\/"},"wordCount":515,"commentCount":0,"publisher":{"@id":"https:\/\/www.boxrepsol.com\/es\/#organization"},"image":{"@id":"https:\/\/www.boxrepsol.com\/es\/motogp\/finaliza-un-positivo-test-de-tres-dias-en-malasia-para-el-equipo-repsol-honda\/#primaryimage"},"thumbnailUrl":"https:\/\/www.boxrepsol.com\/wp-content\/uploads\/2022\/08\/00_dani_pedrosa_motogp_test_black_bike_sepang_2018_26_repsol_honda.jpg","keywords":["entrenamientos"],"articleSection":["MotoGP"],"inLanguage":"es","potentialAction":[{"@type":"CommentAction","name":"Comment","target":["https:\/\/www.boxrepsol.com\/es\/motogp\/finaliza-un-positivo-test-de-tres-dias-en-malasia-para-el-equipo-repsol-honda\/#respond"]}]},{"@type":"WebPage","@id":"https:\/\/www.boxrepsol.com\/es\/motogp\/finaliza-un-positivo-test-de-tres-dias-en-malasia-para-el-equipo-repsol-honda\/","url":"https:\/\/www.boxrepsol.com\/es\/motogp\/finaliza-un-positivo-test-de-tres-dias-en-malasia-para-el-equipo-repsol-honda\/","name":"Finaliza un positivo test de tres d\u00edas en Malasia para el equipo Repsol Honda - Box Repsol","isPartOf":{"@id":"https:\/\/www.boxrepsol.com\/es\/#website"},"primaryImageOfPage":{"@id":"https:\/\/www.boxrepsol.com\/es\/motogp\/finaliza-un-positivo-test-de-tres-dias-en-malasia-para-el-equipo-repsol-honda\/#primaryimage"},"image":{"@id":"https:\/\/www.boxrepsol.com\/es\/motogp\/finaliza-un-positivo-test-de-tres-dias-en-malasia-para-el-equipo-repsol-honda\/#primaryimage"},"thumbnailUrl":"https:\/\/www.boxrepsol.com\/wp-content\/uploads\/2022\/08\/00_dani_pedrosa_motogp_test_black_bike_sepang_2018_26_repsol_honda.jpg","datePublished":"2018-01-31T02:00:00+00:00","dateModified":"2024-05-21T09:35:10+00:00","description":"El primer test de 2018 concluye con Pedrosa, segundo y M\u00e1rquez, s\u00e9ptimo.","breadcrumb":{"@id":"https:\/\/www.boxrepsol.com\/es\/motogp\/finaliza-un-positivo-test-de-tres-dias-en-malasia-para-el-equipo-repsol-honda\/#breadcrumb"},"inLanguage":"es","potentialAction":[{"@type":"ReadAction","target":["https:\/\/www.boxrepsol.com\/es\/motogp\/finaliza-un-positivo-test-de-tres-dias-en-malasia-para-el-equipo-repsol-honda\/"]}]},{"@type":"ImageObject","inLanguage":"es","@id":"https:\/\/www.boxrepsol.com\/es\/motogp\/finaliza-un-positivo-test-de-tres-dias-en-malasia-para-el-equipo-repsol-honda\/#primaryimage","url":"https:\/\/www.boxrepsol.com\/wp-content\/uploads\/2022\/08\/00_dani_pedrosa_motogp_test_black_bike_sepang_2018_26_repsol_honda.jpg","contentUrl":"https:\/\/www.boxrepsol.com\/wp-content\/uploads\/2022\/08\/00_dani_pedrosa_motogp_test_black_bike_sepang_2018_26_repsol_honda.jpg","width":995,"height":560,"caption":"Dani Pedrosa durante los test de Sepang 2018"},{"@type":"BreadcrumbList","@id":"https:\/\/www.boxrepsol.com\/es\/motogp\/finaliza-un-positivo-test-de-tres-dias-en-malasia-para-el-equipo-repsol-honda\/#breadcrumb","itemListElement":[{"@type":"ListItem","position":1,"name":"Home","item":"https:\/\/www.boxrepsol.com\/es\/"},{"@type":"ListItem","position":2,"name":"Finaliza un positivo test de tres d\u00edas en Malasia para el equipo Repsol Honda"}]},{"@type":"WebSite","@id":"https:\/\/www.boxrepsol.com\/es\/#website","url":"https:\/\/www.boxrepsol.com\/es\/","name":"Box Repsol","description":"Box Repsol Site","publisher":{"@id":"https:\/\/www.boxrepsol.com\/es\/#organization"},"potentialAction":[{"@type":"SearchAction","target":{"@type":"EntryPoint","urlTemplate":"https:\/\/www.boxrepsol.com\/es\/?s={search_term_string}"},"query-input":{"@type":"PropertyValueSpecification","valueRequired":true,"valueName":"search_term_string"}}],"inLanguage":"es"},{"@type":"Organization","@id":"https:\/\/www.boxrepsol.com\/es\/#organization","name":"Box Repsol","url":"https:\/\/www.boxrepsol.com\/es\/","logo":{"@type":"ImageObject","inLanguage":"es","@id":"https:\/\/www.boxrepsol.com\/es\/#\/schema\/logo\/image\/","url":"https:\/\/bxrepsol.s3.eu-west-1.amazonaws.com\/static\/2025\/07\/30083337\/favicon-96x96-1.png","contentUrl":"https:\/\/bxrepsol.s3.eu-west-1.amazonaws.com\/static\/2025\/07\/30083337\/favicon-96x96-1.png","width":96,"height":96,"caption":"Box Repsol"},"image":{"@id":"https:\/\/www.boxrepsol.com\/es\/#\/schema\/logo\/image\/"},"sameAs":["https:\/\/www.facebook.com\/BoxRepsol","https:\/\/x.com\/box_repsol","http:\/\/instagram.com\/box_repsol","https:\/\/www.youtube.com\/user\/RepsolCompeticion","https:\/\/www.flickr.com\/photos\/box_repsol\/"]},{"@type":"Person","@id":"https:\/\/www.boxrepsol.com\/es\/#\/schema\/person\/c5c2138f2cca251b0ad92b7086bb60b7","name":"Redacci\u00f3n Box Repsol","image":{"@type":"ImageObject","inLanguage":"es","@id":"https:\/\/secure.gravatar.com\/avatar\/adf7b77e38b4419baf32c7e9c21dde01f4e40df611f0978e3006fc4ba0aaab7e?s=96&d=mm&r=g","url":"https:\/\/secure.gravatar.com\/avatar\/adf7b77e38b4419baf32c7e9c21dde01f4e40df611f0978e3006fc4ba0aaab7e?s=96&d=mm&r=g","contentUrl":"https:\/\/secure.gravatar.com\/avatar\/adf7b77e38b4419baf32c7e9c21dde01f4e40df611f0978e3006fc4ba0aaab7e?s=96&d=mm&r=g","caption":"Redacci\u00f3n Box Repsol"},"description":"Box Repsol lo forma un equipo de periodistas, community managers, dise\u00f1adores y fot\u00f3grafos con m\u00e1s de 20 a\u00f1os de experiencia en el mundo del motorsport. Hemos vivido el primer mundial de un espa\u00f1ol en la categor\u00eda reina de motociclismo con \u00c1lex Crivill\u00e9, estuvimos en las victorias de Pedrosa y los t\u00edtulos de M\u00e1rquez, acompa\u00f1amos en \u00c1frica a Nani Roma y Marc Coma en sus conquistas del Dakar y hemos vibrado con los t\u00edtulos de Toni Bou en Trial. Adem\u00e1s, en nuestro equipo contamos con expertos en el mundo de las dos y cuatro ruedas tanto de la calle y las carreteras, como de los circuitos. Periodistas que han trabajado en revistas y publicaciones para hacerte llegar desde rutas y consejos de mantenimiento, a curiosidades y trucos de pilotaje.","sameAs":["https:\/\/www.facebook.com\/BoxRepsol\/","https:\/\/www.instagram.com\/box_repsol\/","https:\/\/x.com\/https:\/\/twitter.com\/box_repsol","https:\/\/www.youtube.com\/@Boxrepsol"],"url":"https:\/\/www.boxrepsol.com\/es\/author\/redaccion-box-repsol\/"}]}},"_links":{"self":[{"href":"https:\/\/www.boxrepsol.com\/es\/wp-json\/wp\/v2\/posts\/92699","targetHints":{"allow":["GET"]}}],"collection":[{"href":"https:\/\/www.boxrepsol.com\/es\/wp-json\/wp\/v2\/posts"}],"about":[{"href":"https:\/\/www.boxrepsol.com\/es\/wp-json\/wp\/v2\/types\/post"}],"author":[{"embeddable":true,"href":"https:\/\/www.boxrepsol.com\/es\/wp-json\/wp\/v2\/users\/43146"}],"replies":[{"embeddable":true,"href":"https:\/\/www.boxrepsol.com\/es\/wp-json\/wp\/v2\/comments?post=92699"}],"version-history":[{"count":1,"href":"https:\/\/www.boxrepsol.com\/es\/wp-json\/wp\/v2\/posts\/92699\/revisions"}],"predecessor-version":[{"id":116406,"href":"https:\/\/www.boxrepsol.com\/es\/wp-json\/wp\/v2\/posts\/92699\/revisions\/116406"}],"wp:featuredmedia":[{"embeddable":true,"href":"https:\/\/www.boxrepsol.com\/es\/wp-json\/wp\/v2\/media\/87423"}],"wp:attachment":[{"href":"https:\/\/www.boxrepsol.com\/es\/wp-json\/wp\/v2\/media?parent=92699"}],"wp:term":[{"taxonomy":"category","embeddable":true,"href":"https:\/\/www.boxrepsol.com\/es\/wp-json\/wp\/v2\/categories?post=92699"},{"taxonomy":"post_tag","embeddable":true,"href":"https:\/\/www.boxrepsol.com\/es\/wp-json\/wp\/v2\/tags?post=92699"}],"curies":[{"name":"wp","href":"https:\/\/api.w.org\/{rel}","templated":true}]}}