{"id":92688,"date":"2018-01-29T00:00:00","date_gmt":"2018-01-29T02:00:00","guid":{"rendered":"http:\/\/pre.boxrepsol.com\/sin-categorizar\/los-7-momentos-de-la-semana-en-box-repsol-3\/"},"modified":"2024-10-17T13:52:06","modified_gmt":"2024-10-17T15:52:06","slug":"los-7-momentos-de-la-semana-en-box-repsol-3","status":"publish","type":"post","link":"https:\/\/www.boxrepsol.com\/es\/motogp\/los-7-momentos-de-la-semana-en-box-repsol-3\/","title":{"rendered":"Los 7 momentos de la semana en Box Repsol"},"content":{"rendered":"<p>Los \u00faltimos siete d\u00edas nos han dejado dos buenas noticias. La primera es que Isidre Esteve ya est\u00e1 en casa y nos ha podido contar su experiencia en el Dakar. Y la segunda es que las motos han empezado a rodar en los primeros test oficiales de la temporada. Quedan 45 d\u00edas para que regrese el Mundial, pero los motores ya se est\u00e1n calentando. Se nota, se siente, MotoGP est\u00e1 presente. Pero mientras seguimos esperando, ah\u00ed va lo mejor de la \u00faltima semana en Box Repsol.<\/p>\n<p>Vamos ya con el bueno de Isidre Esteve. El piloto catal\u00e1n, despu\u00e9s del Dakar ya est\u00e1 de vuelta en casa. Sin arena en los o\u00eddos y mucho m\u00e1s tranquilo, nos ha relatado la experiencia en tierras suramericanas \u00a1Bienvenido!<\/p>\n<blockquote style=\"background: #FFF; border: 0; border-radius: 3px; box-shadow: 0 0 1px 0 rgba(0,0,0,0.5),0 1px 10px 0 rgba(0,0,0,0.15); margin: 1px; max-width: 658px; padding: 0; width: calc(100% - 2px);\" data-instgrm-captioned=\"\" data-instgrm-permalink=\"https:\/\/www.instagram.com\/p\/BeVCixQl-pS\/\" data-instgrm-version=\"8\">\n<p style=\"margin: 8px 0 0 0; padding: 0 4px;\"><a style=\"color: #000; font-family: Arial,sans-serif; font-size: 14px; font-style: normal; font-weight: normal; line-height: 17px; text-decoration: none; word-wrap: break-word;\" href=\"https:\/\/www.instagram.com\/p\/BeVCixQl-pS\/\" target=\"_blank\" rel=\"noopener noreferrer\">\u00a1Qu\u00e9 equipazo! #IsidreEsteve y los #LubricantesRepsol superan con sobresaliente\u00a0?\u00a0el reto del #Dakar2018. Tanto piloto\u00a0?\u00a0como m\u00e1quina\u00a0?\u00a0se han mostrado muy competitivos en condiciones extremas\u00a0?#RepsolRallyTeam What a team! #IsidreEsteve and #RepsolLubricants overcome the challenges at the #Dakar2018 with top marks\u00a0?. Both the driver\u00a0?\u00a0and the vehicle\u00a0?\u00a0proved to be competitive in extreme conditions\u00a0?\u00a0#RepsolRallyTeam<\/a><\/p>\n<p style=\"color: #c9c8cd; font-family: Arial,sans-serif; font-size: 14px; line-height: 17px; margin-bottom: 0; margin-top: 8px; overflow: hidden; padding: 8px 0 7px; text-align: center; text-overflow: ellipsis; white-space: nowrap;\">Una publicaci\u00f3n compartida de <a style=\"color: #c9c8cd; font-family: Arial,sans-serif; font-size: 14px; font-style: normal; font-weight: normal; line-height: 17px;\" href=\"https:\/\/www.instagram.com\/box_repsol\/\" target=\"_blank\" rel=\"noopener noreferrer\"> Box Repsol<\/a> (@box_repsol) el <time style=\"font-family: Arial,sans-serif; font-size: 14px; line-height: 17px;\" datetime=\"2018-01-24T10:25:02+00:00\">Ene 24, 2018 at 2:25 PST<\/time><\/p>\n<\/blockquote>\n<p>Llegamos a Sepang, el circuito en el que se celebra el GP de Malasia. Tras unas merecidas vacaciones, nuestros campeones, Dani Pedrosa y Marc M\u00e1rquez, junto al resto de componentes de la categor\u00eda reina, han pasado los primeros test oficiales. Y la cosa ha empezado de la misma manera como termin\u00f3 la pasada temporada: con victoria del Equipo Repsol Honda.<\/p>\n<p>En este caso ha sido el piloto de Castellar el que ha logrado el mejor tiempo. Todo te estar\u00e1 sonando a m\u00fasica celestial tras una espera que se te ha hecho eterna. En nuestro canal de YouTube hemos colgado un v\u00eddeo para que disfrutes con las primeras tumbadas del a\u00f1o. Disfruta, que vienen curvas.<\/p>\n<p><iframe loading=\"lazy\" src=\"https:\/\/www.youtube.com\/embed\/ykFGbU9v9A8\" width=\"704\" height=\"396\" frameborder=\"0\" allowfullscreen=\"allowfullscreen\"><\/iframe><\/p>\n<p>Y continuamos con el repaso a lo m\u00e1s vital, lo b\u00e1sico en este mundo: los fans. De nuevo nos hemos detenido en vosotros en nuestro perfil de Instagram. No porque no haya motos que fotografiar (ahora ya no hay excusa, \u00a1ya ruedan!), sino porque nos gusta recordar que nada de todo esto valdr\u00eda la pena, ni ser\u00eda posible sin los millones de aficionados a las motos que vibran tanto o m\u00e1s que nosotros con las proezas de los pilotos del Equipo Repsol Honda. A todos, como siempre, \u00a1gracias!<\/p>\n<blockquote style=\"background: #FFF; border: 0; border-radius: 3px; box-shadow: 0 0 1px 0 rgba(0,0,0,0.5),0 1px 10px 0 rgba(0,0,0,0.15); margin: 1px; max-width: 658px; padding: 0; width: calc(100% - 2px);\" data-instgrm-captioned=\"\" data-instgrm-permalink=\"https:\/\/www.instagram.com\/p\/BeVOP5_lRbR\/\" data-instgrm-version=\"8\">\n<p style=\"margin: 8px 0 0 0; padding: 0 4px;\"><a style=\"color: #000; font-family: Arial,sans-serif; font-size: 14px; font-style: normal; font-weight: normal; line-height: 17px; text-decoration: none; word-wrap: break-word;\" href=\"https:\/\/www.instagram.com\/p\/BeVOP5_lRbR\/\" target=\"_blank\" rel=\"noopener noreferrer\">Vuestra sonrisa es nuestro aliento en la pista \u00a1Gracias! #MotoGP #EquipoRepsol #Familia #Fans Your smile powers us on the track, thanks! #MotoGP #RepsolTeam #Family #Fans<\/a><\/p>\n<p style=\"color: #c9c8cd; font-family: Arial,sans-serif; font-size: 14px; line-height: 17px; margin-bottom: 0; margin-top: 8px; overflow: hidden; padding: 8px 0 7px; text-align: center; text-overflow: ellipsis; white-space: nowrap;\">Una publicaci\u00f3n compartida de <a style=\"color: #c9c8cd; font-family: Arial,sans-serif; font-size: 14px; font-style: normal; font-weight: normal; line-height: 17px;\" href=\"https:\/\/www.instagram.com\/box_repsol\/\" target=\"_blank\" rel=\"noopener noreferrer\"> Box Repsol<\/a> (@box_repsol) el <time style=\"font-family: Arial,sans-serif; font-size: 14px; line-height: 17px;\" datetime=\"2018-01-24T12:06:38+00:00\">Ene 24, 2018 at 4:06 PST<\/time><\/p>\n<\/blockquote>\n<blockquote style=\"background: #FFF; border: 0; border-radius: 3px; box-shadow: 0 0 1px 0 rgba(0,0,0,0.5),0 1px 10px 0 rgba(0,0,0,0.15); margin: 1px; max-width: 658px; padding: 0; width: calc(100% - 2px);\" data-instgrm-captioned=\"\" data-instgrm-permalink=\"https:\/\/www.instagram.com\/p\/BeSeR5elV7o\/\" data-instgrm-version=\"8\">\n<p style=\"margin: 8px 0 0 0; padding: 0 4px;\"><a style=\"color: #000; font-family: Arial,sans-serif; font-size: 14px; font-style: normal; font-weight: normal; line-height: 17px; text-decoration: none; word-wrap: break-word;\" href=\"https:\/\/www.instagram.com\/p\/BeSeR5elV7o\/\" target=\"_blank\" rel=\"noopener noreferrer\">Gracias por habernos acompa\u00f1ado en la emocionante final en Cheste \u00a1Sois los mejores! #Familia #EquipoRepsol #MotoGP #Fans Thanks for accompanying us at the thrilling final in Cheste! You\u2019re the best! #Family #RepsolTeam #MotoGP #Fans<\/a><\/p>\n<p style=\"color: #c9c8cd; font-family: Arial,sans-serif; font-size: 14px; line-height: 17px; margin-bottom: 0; margin-top: 8px; overflow: hidden; padding: 8px 0 7px; text-align: center; text-overflow: ellipsis; white-space: nowrap;\">Una publicaci\u00f3n compartida de <a style=\"color: #c9c8cd; font-family: Arial,sans-serif; font-size: 14px; font-style: normal; font-weight: normal; line-height: 17px;\" href=\"https:\/\/www.instagram.com\/box_repsol\/\" target=\"_blank\" rel=\"noopener noreferrer\"> Box Repsol<\/a> (@box_repsol) el <time style=\"font-family: Arial,sans-serif; font-size: 14px; line-height: 17px;\" datetime=\"2018-01-23T10:28:59+00:00\">Ene 23, 2018 at 2:28 PST<\/time><\/p>\n<\/blockquote>\n<blockquote style=\"background: #FFF; border: 0; border-radius: 3px; box-shadow: 0 0 1px 0 rgba(0,0,0,0.5),0 1px 10px 0 rgba(0,0,0,0.15); margin: 1px; max-width: 658px; padding: 0; width: calc(100% - 2px);\" data-instgrm-captioned=\"\" data-instgrm-permalink=\"https:\/\/www.instagram.com\/p\/BeaWr9eFaa4\/\" data-instgrm-version=\"8\">\n<p style=\"margin: 8px 0 0 0; padding: 0 4px;\"><a style=\"color: #000; font-family: Arial,sans-serif; font-size: 14px; font-style: normal; font-weight: normal; line-height: 17px; text-decoration: none; word-wrap: break-word;\" href=\"https:\/\/www.instagram.com\/p\/BeaWr9eFaa4\/\" target=\"_blank\" rel=\"noopener noreferrer\">Sois el motor de nuestros pilotos, \u00a1Muchas gracias! #Fans #Selfie #DP26 #EquipoRepsol #MotoGP You\u2019re what powers our riders, thanks! #Fans #Selfie #DP26 #RepsolTeam #MotoGP<\/a><\/p>\n<p style=\"color: #c9c8cd; font-family: Arial,sans-serif; font-size: 14px; line-height: 17px; margin-bottom: 0; margin-top: 8px; overflow: hidden; padding: 8px 0 7px; text-align: center; text-overflow: ellipsis; white-space: nowrap;\">Una publicaci\u00f3n compartida de <a style=\"color: #c9c8cd; font-family: Arial,sans-serif; font-size: 14px; font-style: normal; font-weight: normal; line-height: 17px;\" href=\"https:\/\/www.instagram.com\/box_repsol\/\" target=\"_blank\" rel=\"noopener noreferrer\"> Box Repsol<\/a> (@box_repsol) el <time style=\"font-family: Arial,sans-serif; font-size: 14px; line-height: 17px;\" datetime=\"2018-01-26T11:56:34+00:00\">Ene 26, 2018 at 3:56 PST<\/time><\/p>\n<\/blockquote>\n<p>Esta semana no nos hemos olvidado de daros alg\u00fan consejo que ayude a hacer m\u00e1s f\u00e1cil vuestra vida de moteros. En nuestro apartado de reportajes de Box Repsol os hemos contado de qu\u00e9 manera pod\u00e9is ser m\u00e1s <a href=\"https:\/\/www.boxrepsol.com\/es\/tecnologia\/ser-eficiente-consumo-carburante\/\">eficientes en el consumo de combustible<\/a>. Es cierto, la cosa depende de lo deprisa que vayas, pero hay peque\u00f1os detalles del cuidado de tu moto que te pueden ayudar a ahorrar unos euros. Ah, y recuerda no abusar de la reserva\u2026<\/p>\n<p>Antes de que empiecen las carreras y nos liemos con los tiempos y las clasificaciones, hemos querido echar la mirada atr\u00e1s y recordar cu\u00e1les han sido todas las cilindradas que han pasado por el Mundial de Motociclismo. En este v\u00eddeo las podr\u00e1s repasar todas. Todo empez\u00f3 con las motos de 50cc. \u00bfTe imaginas un GP de \u2018scooters\u2019?<\/p>\n<blockquote style=\"background: #FFF; border: 0; border-radius: 3px; box-shadow: 0 0 1px 0 rgba(0,0,0,0.5),0 1px 10px 0 rgba(0,0,0,0.15); margin: 1px; max-width: 658px; padding: 0; width: calc(100% - 2px);\" data-instgrm-captioned=\"\" data-instgrm-permalink=\"https:\/\/www.instagram.com\/p\/BeYTMqwFGfB\/\" data-instgrm-version=\"8\">\n<p style=\"margin: 8px 0 0 0; padding: 0 4px;\"><a style=\"color: #000; font-family: Arial,sans-serif; font-size: 14px; font-style: normal; font-weight: normal; line-height: 17px; text-decoration: none; word-wrap: break-word;\" href=\"https:\/\/www.instagram.com\/p\/BeYTMqwFGfB\/\" target=\"_blank\" rel=\"noopener noreferrer\">Distintas categor\u00edas. Distintas cilindradas. Historia. \u00bfQui\u00e9n las recuerda? #Motociclismo #BoxRepsol #MotoGP Different classes. Different cylinder capacities. History. Who remembers it all? #Motorcycling #BoxRepsol #MotoGP<\/a><\/p>\n<p style=\"color: #c9c8cd; font-family: Arial,sans-serif; font-size: 14px; line-height: 17px; margin-bottom: 0; margin-top: 8px; overflow: hidden; padding: 8px 0 7px; text-align: center; text-overflow: ellipsis; white-space: nowrap;\">Una publicaci\u00f3n compartida de <a style=\"color: #c9c8cd; font-family: Arial,sans-serif; font-size: 14px; font-style: normal; font-weight: normal; line-height: 17px;\" href=\"https:\/\/www.instagram.com\/box_repsol\/\" target=\"_blank\" rel=\"noopener noreferrer\"> Box Repsol<\/a> (@box_repsol) el <time style=\"font-family: Arial,sans-serif; font-size: 14px; line-height: 17px;\" datetime=\"2018-01-25T16:48:35+00:00\">Ene 25, 2018 at 8:48 PST<\/time><\/p>\n<\/blockquote>\n<p>De vuelta a Box Repsol, esta semana os hemos hablado de <a href=\"https:\/\/www.boxrepsol.com\/es\/cultura-motera\/os-presentamos-las-motos-mas-grandes-del-mundo\/\" target=\"_blank\" rel=\"noopener noreferrer\">las motos m\u00e1s grandes del planeta<\/a>. Y no nos referimos a m\u00e1quinas anchas, de cilindros voluminosos y grandes carenados. No. Os hablamos de motos que necesitan una cochera de autobuses para poder aparcar. Son poco pr\u00e1cticas para ir por la ciudad, pero seguro que no pasar\u00edas desapercibido.<\/p>\n<p>Terminamos con un test que te permitir\u00e1 saber qu\u00e9 moto del cine est\u00e1 hecha para ti. Puede que te lleves una sorpresa, aunque quiz\u00e1s solo confirmes que tu gusto por el s\u00e9ptimo arte es tan bueno como tu gusto por las m\u00e1quinas de dos ruedas.<\/p>\n","protected":false},"excerpt":{"rendered":"<p>Traemos el resumen de lo mejor de la semana para que no te pierdas nada y est\u00e9s al d\u00eda de todo.<\/p>\n","protected":false},"author":43146,"featured_media":92689,"comment_status":"open","ping_status":"open","sticky":false,"template":"","format":"standard","meta":{"footnotes":""},"categories":[4],"tags":[176],"class_list":["post-92688","post","type-post","status-publish","format-standard","hentry","category-motogp","tag-mejores-momentos"],"yoast_head":"<!-- This site is optimized with the Yoast SEO plugin v27.3 - https:\/\/yoast.com\/product\/yoast-seo-wordpress\/ -->\n<title>Mejores momentos de la semana en Box Repsol - Box Repsol<\/title>\n<meta name=\"description\" content=\"Los \u00faltimos siete d\u00edas nos han dejado dos buenas noticias. La primera es que Isidre Esteve ya est\u00e1 en casa y nos ha podido contar su experiencia en\" \/>\n<link rel=\"canonical\" href=\"https:\/\/www.boxrepsol.com\/es\/motogp\/los-7-momentos-de-la-semana-en-box-repsol-3\/\" \/>\n<meta property=\"og:locale\" content=\"es_ES\" \/>\n<meta property=\"og:type\" content=\"article\" \/>\n<meta property=\"og:title\" content=\"Mejores momentos de la semana en Box Repsol - Box Repsol\" \/>\n<meta property=\"og:description\" content=\"Los \u00faltimos siete d\u00edas nos han dejado dos buenas noticias. La primera es que Isidre Esteve ya est\u00e1 en casa y nos ha podido contar su experiencia en\" \/>\n<meta property=\"og:url\" content=\"https:\/\/www.boxrepsol.com\/es\/motogp\/los-7-momentos-de-la-semana-en-box-repsol-3\/\" \/>\n<meta property=\"og:site_name\" content=\"Box Repsol\" \/>\n<meta property=\"article:publisher\" content=\"https:\/\/www.facebook.com\/BoxRepsol\" \/>\n<meta property=\"article:author\" content=\"https:\/\/www.facebook.com\/BoxRepsol\/\" \/>\n<meta property=\"article:published_time\" content=\"2018-01-29T02:00:00+00:00\" \/>\n<meta property=\"article:modified_time\" content=\"2024-10-17T15:52:06+00:00\" \/>\n<meta property=\"og:image\" content=\"https:\/\/bxrepsol.s3.eu-west-1.amazonaws.com\/static\/2023\/02\/24101528\/7-Momentos-29012018-2.png\" \/>\n\t<meta property=\"og:image:width\" content=\"986\" \/>\n\t<meta property=\"og:image:height\" content=\"555\" \/>\n\t<meta property=\"og:image:type\" content=\"image\/png\" \/>\n<meta name=\"author\" content=\"Redacci\u00f3n Box Repsol\" \/>\n<meta name=\"twitter:card\" content=\"summary_large_image\" \/>\n<meta name=\"twitter:creator\" content=\"@https:\/\/twitter.com\/box_repsol\" \/>\n<meta name=\"twitter:site\" content=\"@box_repsol\" \/>\n<meta name=\"twitter:label1\" content=\"Written by\" \/>\n\t<meta name=\"twitter:data1\" content=\"Redacci\u00f3n Box Repsol\" \/>\n\t<meta name=\"twitter:label2\" content=\"Est. reading time\" \/>\n\t<meta name=\"twitter:data2\" content=\"4 minutos\" \/>\n<script type=\"application\/ld+json\" class=\"yoast-schema-graph\">{\"@context\":\"https:\\\/\\\/schema.org\",\"@graph\":[{\"@type\":\"Article\",\"@id\":\"https:\\\/\\\/www.boxrepsol.com\\\/es\\\/motogp\\\/los-7-momentos-de-la-semana-en-box-repsol-3\\\/#article\",\"isPartOf\":{\"@id\":\"https:\\\/\\\/www.boxrepsol.com\\\/es\\\/motogp\\\/los-7-momentos-de-la-semana-en-box-repsol-3\\\/\"},\"author\":{\"name\":\"Redacci\u00f3n Box Repsol\",\"@id\":\"https:\\\/\\\/www.boxrepsol.com\\\/es\\\/#\\\/schema\\\/person\\\/c5c2138f2cca251b0ad92b7086bb60b7\"},\"headline\":\"Los 7 momentos de la semana en Box Repsol\",\"datePublished\":\"2018-01-29T02:00:00+00:00\",\"dateModified\":\"2024-10-17T15:52:06+00:00\",\"mainEntityOfPage\":{\"@id\":\"https:\\\/\\\/www.boxrepsol.com\\\/es\\\/motogp\\\/los-7-momentos-de-la-semana-en-box-repsol-3\\\/\"},\"wordCount\":838,\"commentCount\":0,\"publisher\":{\"@id\":\"https:\\\/\\\/www.boxrepsol.com\\\/es\\\/#organization\"},\"image\":{\"@id\":\"https:\\\/\\\/www.boxrepsol.com\\\/es\\\/motogp\\\/los-7-momentos-de-la-semana-en-box-repsol-3\\\/#primaryimage\"},\"thumbnailUrl\":\"https:\\\/\\\/bxrepsol.s3.eu-west-1.amazonaws.com\\\/static\\\/2023\\\/02\\\/24101528\\\/7-Momentos-29012018-2.png\",\"keywords\":[\"mejores momentos\"],\"articleSection\":[\"MotoGP\"],\"inLanguage\":\"es\",\"potentialAction\":[{\"@type\":\"CommentAction\",\"name\":\"Comment\",\"target\":[\"https:\\\/\\\/www.boxrepsol.com\\\/es\\\/motogp\\\/los-7-momentos-de-la-semana-en-box-repsol-3\\\/#respond\"]}]},{\"@type\":\"WebPage\",\"@id\":\"https:\\\/\\\/www.boxrepsol.com\\\/es\\\/motogp\\\/los-7-momentos-de-la-semana-en-box-repsol-3\\\/\",\"url\":\"https:\\\/\\\/www.boxrepsol.com\\\/es\\\/motogp\\\/los-7-momentos-de-la-semana-en-box-repsol-3\\\/\",\"name\":\"Mejores momentos de la semana en Box Repsol - Box Repsol\",\"isPartOf\":{\"@id\":\"https:\\\/\\\/www.boxrepsol.com\\\/es\\\/#website\"},\"primaryImageOfPage\":{\"@id\":\"https:\\\/\\\/www.boxrepsol.com\\\/es\\\/motogp\\\/los-7-momentos-de-la-semana-en-box-repsol-3\\\/#primaryimage\"},\"image\":{\"@id\":\"https:\\\/\\\/www.boxrepsol.com\\\/es\\\/motogp\\\/los-7-momentos-de-la-semana-en-box-repsol-3\\\/#primaryimage\"},\"thumbnailUrl\":\"https:\\\/\\\/bxrepsol.s3.eu-west-1.amazonaws.com\\\/static\\\/2023\\\/02\\\/24101528\\\/7-Momentos-29012018-2.png\",\"datePublished\":\"2018-01-29T02:00:00+00:00\",\"dateModified\":\"2024-10-17T15:52:06+00:00\",\"description\":\"Los \u00faltimos siete d\u00edas nos han dejado dos buenas noticias. La primera es que Isidre Esteve ya est\u00e1 en casa y nos ha podido contar su experiencia en\",\"breadcrumb\":{\"@id\":\"https:\\\/\\\/www.boxrepsol.com\\\/es\\\/motogp\\\/los-7-momentos-de-la-semana-en-box-repsol-3\\\/#breadcrumb\"},\"inLanguage\":\"es\",\"potentialAction\":[{\"@type\":\"ReadAction\",\"target\":[\"https:\\\/\\\/www.boxrepsol.com\\\/es\\\/motogp\\\/los-7-momentos-de-la-semana-en-box-repsol-3\\\/\"]}]},{\"@type\":\"ImageObject\",\"inLanguage\":\"es\",\"@id\":\"https:\\\/\\\/www.boxrepsol.com\\\/es\\\/motogp\\\/los-7-momentos-de-la-semana-en-box-repsol-3\\\/#primaryimage\",\"url\":\"https:\\\/\\\/bxrepsol.s3.eu-west-1.amazonaws.com\\\/static\\\/2023\\\/02\\\/24101528\\\/7-Momentos-29012018-2.png\",\"contentUrl\":\"https:\\\/\\\/bxrepsol.s3.eu-west-1.amazonaws.com\\\/static\\\/2023\\\/02\\\/24101528\\\/7-Momentos-29012018-2.png\",\"width\":986,\"height\":555,\"caption\":\"Marc M\u00e1rquez, Isidre Esteve y Dani Pedrosa\"},{\"@type\":\"BreadcrumbList\",\"@id\":\"https:\\\/\\\/www.boxrepsol.com\\\/es\\\/motogp\\\/los-7-momentos-de-la-semana-en-box-repsol-3\\\/#breadcrumb\",\"itemListElement\":[{\"@type\":\"ListItem\",\"position\":1,\"name\":\"Home\",\"item\":\"https:\\\/\\\/www.boxrepsol.com\\\/es\\\/\"},{\"@type\":\"ListItem\",\"position\":2,\"name\":\"Los 7 momentos de la semana en Box Repsol\"}]},{\"@type\":\"WebSite\",\"@id\":\"https:\\\/\\\/www.boxrepsol.com\\\/es\\\/#website\",\"url\":\"https:\\\/\\\/www.boxrepsol.com\\\/es\\\/\",\"name\":\"Box Repsol\",\"description\":\"Box Repsol Site\",\"publisher\":{\"@id\":\"https:\\\/\\\/www.boxrepsol.com\\\/es\\\/#organization\"},\"potentialAction\":[{\"@type\":\"SearchAction\",\"target\":{\"@type\":\"EntryPoint\",\"urlTemplate\":\"https:\\\/\\\/www.boxrepsol.com\\\/es\\\/?s={search_term_string}\"},\"query-input\":{\"@type\":\"PropertyValueSpecification\",\"valueRequired\":true,\"valueName\":\"search_term_string\"}}],\"inLanguage\":\"es\"},{\"@type\":\"Organization\",\"@id\":\"https:\\\/\\\/www.boxrepsol.com\\\/es\\\/#organization\",\"name\":\"Box Repsol\",\"url\":\"https:\\\/\\\/www.boxrepsol.com\\\/es\\\/\",\"logo\":{\"@type\":\"ImageObject\",\"inLanguage\":\"es\",\"@id\":\"https:\\\/\\\/www.boxrepsol.com\\\/es\\\/#\\\/schema\\\/logo\\\/image\\\/\",\"url\":\"https:\\\/\\\/bxrepsol.s3.eu-west-1.amazonaws.com\\\/static\\\/2025\\\/07\\\/30083337\\\/favicon-96x96-1.png\",\"contentUrl\":\"https:\\\/\\\/bxrepsol.s3.eu-west-1.amazonaws.com\\\/static\\\/2025\\\/07\\\/30083337\\\/favicon-96x96-1.png\",\"width\":96,\"height\":96,\"caption\":\"Box Repsol\"},\"image\":{\"@id\":\"https:\\\/\\\/www.boxrepsol.com\\\/es\\\/#\\\/schema\\\/logo\\\/image\\\/\"},\"sameAs\":[\"https:\\\/\\\/www.facebook.com\\\/BoxRepsol\",\"https:\\\/\\\/x.com\\\/box_repsol\",\"http:\\\/\\\/instagram.com\\\/box_repsol\",\"https:\\\/\\\/www.youtube.com\\\/user\\\/RepsolCompeticion\",\"https:\\\/\\\/www.flickr.com\\\/photos\\\/box_repsol\\\/\"]},{\"@type\":\"Person\",\"@id\":\"https:\\\/\\\/www.boxrepsol.com\\\/es\\\/#\\\/schema\\\/person\\\/c5c2138f2cca251b0ad92b7086bb60b7\",\"name\":\"Redacci\u00f3n Box Repsol\",\"image\":{\"@type\":\"ImageObject\",\"inLanguage\":\"es\",\"@id\":\"https:\\\/\\\/secure.gravatar.com\\\/avatar\\\/adf7b77e38b4419baf32c7e9c21dde01f4e40df611f0978e3006fc4ba0aaab7e?s=96&d=mm&r=g\",\"url\":\"https:\\\/\\\/secure.gravatar.com\\\/avatar\\\/adf7b77e38b4419baf32c7e9c21dde01f4e40df611f0978e3006fc4ba0aaab7e?s=96&d=mm&r=g\",\"contentUrl\":\"https:\\\/\\\/secure.gravatar.com\\\/avatar\\\/adf7b77e38b4419baf32c7e9c21dde01f4e40df611f0978e3006fc4ba0aaab7e?s=96&d=mm&r=g\",\"caption\":\"Redacci\u00f3n Box Repsol\"},\"description\":\"Box Repsol lo forma un equipo de periodistas, community managers, dise\u00f1adores y fot\u00f3grafos con m\u00e1s de 20 a\u00f1os de experiencia en el mundo del motorsport. Hemos vivido el primer mundial de un espa\u00f1ol en la categor\u00eda reina de motociclismo con \u00c1lex Crivill\u00e9, estuvimos en las victorias de Pedrosa y los t\u00edtulos de M\u00e1rquez, acompa\u00f1amos en \u00c1frica a Nani Roma y Marc Coma en sus conquistas del Dakar y hemos vibrado con los t\u00edtulos de Toni Bou en Trial. Adem\u00e1s, en nuestro equipo contamos con expertos en el mundo de las dos y cuatro ruedas tanto de la calle y las carreteras, como de los circuitos. Periodistas que han trabajado en revistas y publicaciones para hacerte llegar desde rutas y consejos de mantenimiento, a curiosidades y trucos de pilotaje.\",\"sameAs\":[\"https:\\\/\\\/www.facebook.com\\\/BoxRepsol\\\/\",\"https:\\\/\\\/www.instagram.com\\\/box_repsol\\\/\",\"https:\\\/\\\/x.com\\\/https:\\\/\\\/twitter.com\\\/box_repsol\",\"https:\\\/\\\/www.youtube.com\\\/@Boxrepsol\"],\"url\":\"https:\\\/\\\/www.boxrepsol.com\\\/es\\\/author\\\/redaccion-box-repsol\\\/\"}]}<\/script>\n<!-- \/ Yoast SEO plugin. -->","yoast_head_json":{"title":"Mejores momentos de la semana en Box Repsol - Box Repsol","description":"Los \u00faltimos siete d\u00edas nos han dejado dos buenas noticias. La primera es que Isidre Esteve ya est\u00e1 en casa y nos ha podido contar su experiencia en","canonical":"https:\/\/www.boxrepsol.com\/es\/motogp\/los-7-momentos-de-la-semana-en-box-repsol-3\/","og_locale":"es_ES","og_type":"article","og_title":"Mejores momentos de la semana en Box Repsol - Box Repsol","og_description":"Los \u00faltimos siete d\u00edas nos han dejado dos buenas noticias. La primera es que Isidre Esteve ya est\u00e1 en casa y nos ha podido contar su experiencia en","og_url":"https:\/\/www.boxrepsol.com\/es\/motogp\/los-7-momentos-de-la-semana-en-box-repsol-3\/","og_site_name":"Box Repsol","article_publisher":"https:\/\/www.facebook.com\/BoxRepsol","article_author":"https:\/\/www.facebook.com\/BoxRepsol\/","article_published_time":"2018-01-29T02:00:00+00:00","article_modified_time":"2024-10-17T15:52:06+00:00","og_image":[{"width":986,"height":555,"url":"https:\/\/bxrepsol.s3.eu-west-1.amazonaws.com\/static\/2023\/02\/24101528\/7-Momentos-29012018-2.png","type":"image\/png"}],"author":"Redacci\u00f3n Box Repsol","twitter_card":"summary_large_image","twitter_creator":"@https:\/\/twitter.com\/box_repsol","twitter_site":"@box_repsol","twitter_misc":{"Written by":"Redacci\u00f3n Box Repsol","Est. reading time":"4 minutos"},"schema":{"@context":"https:\/\/schema.org","@graph":[{"@type":"Article","@id":"https:\/\/www.boxrepsol.com\/es\/motogp\/los-7-momentos-de-la-semana-en-box-repsol-3\/#article","isPartOf":{"@id":"https:\/\/www.boxrepsol.com\/es\/motogp\/los-7-momentos-de-la-semana-en-box-repsol-3\/"},"author":{"name":"Redacci\u00f3n Box Repsol","@id":"https:\/\/www.boxrepsol.com\/es\/#\/schema\/person\/c5c2138f2cca251b0ad92b7086bb60b7"},"headline":"Los 7 momentos de la semana en Box Repsol","datePublished":"2018-01-29T02:00:00+00:00","dateModified":"2024-10-17T15:52:06+00:00","mainEntityOfPage":{"@id":"https:\/\/www.boxrepsol.com\/es\/motogp\/los-7-momentos-de-la-semana-en-box-repsol-3\/"},"wordCount":838,"commentCount":0,"publisher":{"@id":"https:\/\/www.boxrepsol.com\/es\/#organization"},"image":{"@id":"https:\/\/www.boxrepsol.com\/es\/motogp\/los-7-momentos-de-la-semana-en-box-repsol-3\/#primaryimage"},"thumbnailUrl":"https:\/\/bxrepsol.s3.eu-west-1.amazonaws.com\/static\/2023\/02\/24101528\/7-Momentos-29012018-2.png","keywords":["mejores momentos"],"articleSection":["MotoGP"],"inLanguage":"es","potentialAction":[{"@type":"CommentAction","name":"Comment","target":["https:\/\/www.boxrepsol.com\/es\/motogp\/los-7-momentos-de-la-semana-en-box-repsol-3\/#respond"]}]},{"@type":"WebPage","@id":"https:\/\/www.boxrepsol.com\/es\/motogp\/los-7-momentos-de-la-semana-en-box-repsol-3\/","url":"https:\/\/www.boxrepsol.com\/es\/motogp\/los-7-momentos-de-la-semana-en-box-repsol-3\/","name":"Mejores momentos de la semana en Box Repsol - Box Repsol","isPartOf":{"@id":"https:\/\/www.boxrepsol.com\/es\/#website"},"primaryImageOfPage":{"@id":"https:\/\/www.boxrepsol.com\/es\/motogp\/los-7-momentos-de-la-semana-en-box-repsol-3\/#primaryimage"},"image":{"@id":"https:\/\/www.boxrepsol.com\/es\/motogp\/los-7-momentos-de-la-semana-en-box-repsol-3\/#primaryimage"},"thumbnailUrl":"https:\/\/bxrepsol.s3.eu-west-1.amazonaws.com\/static\/2023\/02\/24101528\/7-Momentos-29012018-2.png","datePublished":"2018-01-29T02:00:00+00:00","dateModified":"2024-10-17T15:52:06+00:00","description":"Los \u00faltimos siete d\u00edas nos han dejado dos buenas noticias. La primera es que Isidre Esteve ya est\u00e1 en casa y nos ha podido contar su experiencia en","breadcrumb":{"@id":"https:\/\/www.boxrepsol.com\/es\/motogp\/los-7-momentos-de-la-semana-en-box-repsol-3\/#breadcrumb"},"inLanguage":"es","potentialAction":[{"@type":"ReadAction","target":["https:\/\/www.boxrepsol.com\/es\/motogp\/los-7-momentos-de-la-semana-en-box-repsol-3\/"]}]},{"@type":"ImageObject","inLanguage":"es","@id":"https:\/\/www.boxrepsol.com\/es\/motogp\/los-7-momentos-de-la-semana-en-box-repsol-3\/#primaryimage","url":"https:\/\/bxrepsol.s3.eu-west-1.amazonaws.com\/static\/2023\/02\/24101528\/7-Momentos-29012018-2.png","contentUrl":"https:\/\/bxrepsol.s3.eu-west-1.amazonaws.com\/static\/2023\/02\/24101528\/7-Momentos-29012018-2.png","width":986,"height":555,"caption":"Marc M\u00e1rquez, Isidre Esteve y Dani Pedrosa"},{"@type":"BreadcrumbList","@id":"https:\/\/www.boxrepsol.com\/es\/motogp\/los-7-momentos-de-la-semana-en-box-repsol-3\/#breadcrumb","itemListElement":[{"@type":"ListItem","position":1,"name":"Home","item":"https:\/\/www.boxrepsol.com\/es\/"},{"@type":"ListItem","position":2,"name":"Los 7 momentos de la semana en Box Repsol"}]},{"@type":"WebSite","@id":"https:\/\/www.boxrepsol.com\/es\/#website","url":"https:\/\/www.boxrepsol.com\/es\/","name":"Box Repsol","description":"Box Repsol Site","publisher":{"@id":"https:\/\/www.boxrepsol.com\/es\/#organization"},"potentialAction":[{"@type":"SearchAction","target":{"@type":"EntryPoint","urlTemplate":"https:\/\/www.boxrepsol.com\/es\/?s={search_term_string}"},"query-input":{"@type":"PropertyValueSpecification","valueRequired":true,"valueName":"search_term_string"}}],"inLanguage":"es"},{"@type":"Organization","@id":"https:\/\/www.boxrepsol.com\/es\/#organization","name":"Box Repsol","url":"https:\/\/www.boxrepsol.com\/es\/","logo":{"@type":"ImageObject","inLanguage":"es","@id":"https:\/\/www.boxrepsol.com\/es\/#\/schema\/logo\/image\/","url":"https:\/\/bxrepsol.s3.eu-west-1.amazonaws.com\/static\/2025\/07\/30083337\/favicon-96x96-1.png","contentUrl":"https:\/\/bxrepsol.s3.eu-west-1.amazonaws.com\/static\/2025\/07\/30083337\/favicon-96x96-1.png","width":96,"height":96,"caption":"Box Repsol"},"image":{"@id":"https:\/\/www.boxrepsol.com\/es\/#\/schema\/logo\/image\/"},"sameAs":["https:\/\/www.facebook.com\/BoxRepsol","https:\/\/x.com\/box_repsol","http:\/\/instagram.com\/box_repsol","https:\/\/www.youtube.com\/user\/RepsolCompeticion","https:\/\/www.flickr.com\/photos\/box_repsol\/"]},{"@type":"Person","@id":"https:\/\/www.boxrepsol.com\/es\/#\/schema\/person\/c5c2138f2cca251b0ad92b7086bb60b7","name":"Redacci\u00f3n Box Repsol","image":{"@type":"ImageObject","inLanguage":"es","@id":"https:\/\/secure.gravatar.com\/avatar\/adf7b77e38b4419baf32c7e9c21dde01f4e40df611f0978e3006fc4ba0aaab7e?s=96&d=mm&r=g","url":"https:\/\/secure.gravatar.com\/avatar\/adf7b77e38b4419baf32c7e9c21dde01f4e40df611f0978e3006fc4ba0aaab7e?s=96&d=mm&r=g","contentUrl":"https:\/\/secure.gravatar.com\/avatar\/adf7b77e38b4419baf32c7e9c21dde01f4e40df611f0978e3006fc4ba0aaab7e?s=96&d=mm&r=g","caption":"Redacci\u00f3n Box Repsol"},"description":"Box Repsol lo forma un equipo de periodistas, community managers, dise\u00f1adores y fot\u00f3grafos con m\u00e1s de 20 a\u00f1os de experiencia en el mundo del motorsport. Hemos vivido el primer mundial de un espa\u00f1ol en la categor\u00eda reina de motociclismo con \u00c1lex Crivill\u00e9, estuvimos en las victorias de Pedrosa y los t\u00edtulos de M\u00e1rquez, acompa\u00f1amos en \u00c1frica a Nani Roma y Marc Coma en sus conquistas del Dakar y hemos vibrado con los t\u00edtulos de Toni Bou en Trial. Adem\u00e1s, en nuestro equipo contamos con expertos en el mundo de las dos y cuatro ruedas tanto de la calle y las carreteras, como de los circuitos. Periodistas que han trabajado en revistas y publicaciones para hacerte llegar desde rutas y consejos de mantenimiento, a curiosidades y trucos de pilotaje.","sameAs":["https:\/\/www.facebook.com\/BoxRepsol\/","https:\/\/www.instagram.com\/box_repsol\/","https:\/\/x.com\/https:\/\/twitter.com\/box_repsol","https:\/\/www.youtube.com\/@Boxrepsol"],"url":"https:\/\/www.boxrepsol.com\/es\/author\/redaccion-box-repsol\/"}]}},"_links":{"self":[{"href":"https:\/\/www.boxrepsol.com\/es\/wp-json\/wp\/v2\/posts\/92688","targetHints":{"allow":["GET"]}}],"collection":[{"href":"https:\/\/www.boxrepsol.com\/es\/wp-json\/wp\/v2\/posts"}],"about":[{"href":"https:\/\/www.boxrepsol.com\/es\/wp-json\/wp\/v2\/types\/post"}],"author":[{"embeddable":true,"href":"https:\/\/www.boxrepsol.com\/es\/wp-json\/wp\/v2\/users\/43146"}],"replies":[{"embeddable":true,"href":"https:\/\/www.boxrepsol.com\/es\/wp-json\/wp\/v2\/comments?post=92688"}],"version-history":[{"count":5,"href":"https:\/\/www.boxrepsol.com\/es\/wp-json\/wp\/v2\/posts\/92688\/revisions"}],"predecessor-version":[{"id":121302,"href":"https:\/\/www.boxrepsol.com\/es\/wp-json\/wp\/v2\/posts\/92688\/revisions\/121302"}],"wp:featuredmedia":[{"embeddable":true,"href":"https:\/\/www.boxrepsol.com\/es\/wp-json\/wp\/v2\/media\/92689"}],"wp:attachment":[{"href":"https:\/\/www.boxrepsol.com\/es\/wp-json\/wp\/v2\/media?parent=92688"}],"wp:term":[{"taxonomy":"category","embeddable":true,"href":"https:\/\/www.boxrepsol.com\/es\/wp-json\/wp\/v2\/categories?post=92688"},{"taxonomy":"post_tag","embeddable":true,"href":"https:\/\/www.boxrepsol.com\/es\/wp-json\/wp\/v2\/tags?post=92688"}],"curies":[{"name":"wp","href":"https:\/\/api.w.org\/{rel}","templated":true}]}}