{"id":92687,"date":"2018-01-29T00:00:00","date_gmt":"2018-01-29T02:00:00","guid":{"rendered":"http:\/\/pre.boxrepsol.com\/sin-categorizar\/siguen-las-pruebas-marc-marquez-dani-pedrosa-sepang\/"},"modified":"2024-05-21T07:28:33","modified_gmt":"2024-05-21T09:28:33","slug":"siguen-las-pruebas-marc-marquez-dani-pedrosa-sepang","status":"publish","type":"post","link":"https:\/\/www.boxrepsol.com\/es\/motogp\/siguen-las-pruebas-marc-marquez-dani-pedrosa-sepang\/","title":{"rendered":"Siguen las pruebas para Marc M\u00e1rquez y Dani Pedrosa en Sepang"},"content":{"rendered":"<blockquote>\n<p>Hemos probado un nuevo carenado y, cuando haces este tipo de pruebas, tienes que ajustar un poco el equilibrio de la moto. <\/p>\n<p>            <a href=\"http:\/\/twitter.com\/share?text=Hemos+probado+un+nuevo+carenado+y%2C+cuando+haces+este+tipo+de+pruebas%2C+tienes+que+ajustar+un+poco+el+equilibrio+de+la+moto.+&#038;url=https%3A%2F%2Fwww.boxrepsol.com%2Fes%2F%3Fp%3D17067%2F&#038;hashtags=\" target=\"_blank\" data-datalayer='{\"event\": \"socialInteraction\", \"socialNetwork\": \"Twitter\", \"socialAction\": \"Compartir\", \"socialTarget\": \"Frase\"}' rel=\"noopener\"><br \/>\n            twittear        <\/a><\/p>\n<footer>Marc M\u00e1rquez<\/footer>\n<\/blockquote>\n<p>Aunque las precipitaciones se han reanudado al final de los test, durante el d\u00eda la jornada ha transcurrido sin interrupciones.<\/p>\n<p>Marc M\u00e1rquez y Dani Pedrosa han podido aprovechar al m\u00e1ximo el d\u00eda para llevar a cabo muchas pruebas en diferentes \u00e1reas de la puesta a punto de sus motos, incluyendo el motor, aerodin\u00e1mica, suspensiones y neum\u00e1ticos. El vigente Campe\u00f3n del Mundo ha terminado s\u00e9ptimo con un mejor tiempo de 1 minuto, 59 segundos y 730 mil\u00e9simas, y su compa\u00f1ero de equipo ha sido duod\u00e9cimo con un registro de 1 minuto, 59 segundos y 999 mil\u00e9simas.<\/p>\n<p>Marc M\u00e1rquez ha sufrido una leve ca\u00edda en la curva 2 en su \u00faltima vuelta del d\u00eda cuando la lluvia ha comenzado a hacer acto de presencia en el circuito. Ma\u00f1ana martes concluir\u00e1n los test en el trazado de Sepang.<\/p>\n<hr \/>\n<h3>Marc M\u00e1rquez<\/h3>\n<p><em>\u00abHoy estoy muy contento, porque hemos dado algunos pasos adelante y me he sentido muy bien con la moto; especialmente por la tarde, cuando hemos puesto todo en su sitio y he logrado mi vuelta r\u00e1pida en el momento que la temperatura era m\u00e1s elevada. Adem\u00e1s de continuar el trabajo con el motor y la puesta a punto, hoy hemos probado un nuevo carenado y, cuando haces este tipo de pruebas, tienes que ajustar un poco el equilibrio de la moto. Tendremos que rodar m\u00e1s para obtener m\u00e1s datos y acostumbrarnos a rodar con \u00e9l. Hay algunas cosas en las que debemos seguir mejorando \u2013\u00e1reas de la puesta a punto que necesitamos ajustar\u2013, pero hasta el momento estoy contento con nuestro ritmo y creo que estamos trabajando bien. Desgraciadamente, cuando he montado un neum\u00e1tico nuevo al final del d\u00eda, ha empezado a llover un poco. He perdido el tren delantero en la curva 2, incluso sin que estuviera forzando, aunque no es demasiado importante\u00bb.<\/em><\/p>\n<hr \/>\n<h3>Dani Pedrosa<\/h3>\n<p><em>\u00abHoy hemos tenido todo el d\u00eda para rodar y nos ha permitido realizar muchas pruebas. Principalmente hemos utilizado la nueva especificaci\u00f3n del motor y hemos analizado el nuevo carenado y otras combinaciones aerodin\u00e1micas. He trabajado tambi\u00e9n en las suspensiones y en los neum\u00e1ticos, porque tienes que modificar muchos ajustes cuando haces este tipo de trabajo. Algunos aspectos ya han ido bien \u2013el control\u00a0antiwheelie\u00a0funciona mejor y hemos podido aplicar m\u00e1s par en la salida de las curvas\u2013, pero debemos mejorar otros aspectos y tambi\u00e9n probar todo de nuevo en otra pista diferente. En general las sensaciones son positivas y hoy tambi\u00e9n hemos sido bastante precisos en nuestro trabajo; hemos podido seguir los planes de pruebas previstos. Ma\u00f1ana ser\u00e1 el \u00faltimo d\u00eda e intentaremos trabajar m\u00e1s en los detalles\u00bb.<\/em><\/p>\n","protected":false},"excerpt":{"rendered":"<p>La segunda jornada de entrenamientos en Sepang ha arrancado a las 11 de la ma\u00f1ana, una vez el asfalto se ha secado tras las lluvias de la pasada noche.<\/p>\n","protected":false},"author":43146,"featured_media":87421,"comment_status":"open","ping_status":"open","sticky":false,"template":"","format":"standard","meta":{"footnotes":""},"categories":[4],"tags":[184],"class_list":["post-92687","post","type-post","status-publish","format-standard","hentry","category-motogp","tag-entrenamientos"],"yoast_head":"<!-- This site is optimized with the Yoast SEO plugin v27.3 - https:\/\/yoast.com\/product\/yoast-seo-wordpress\/ -->\n<title>Siguen las pruebas para Marc M\u00e1rquez y Dani Pedrosa en Sepang - Box Repsol<\/title>\n<meta name=\"description\" content=\"La segunda jornada de entrenamientos en Sepang ha arrancado a las 11 de la ma\u00f1ana, una vez el asfalto se ha secado tras las lluvias de la pasada noche.\" \/>\n<link rel=\"canonical\" href=\"https:\/\/www.boxrepsol.com\/es\/motogp\/siguen-las-pruebas-marc-marquez-dani-pedrosa-sepang\/\" \/>\n<meta property=\"og:locale\" content=\"es_ES\" \/>\n<meta property=\"og:type\" content=\"article\" \/>\n<meta property=\"og:title\" content=\"Siguen las pruebas para Marc M\u00e1rquez y Dani Pedrosa en Sepang - Box Repsol\" \/>\n<meta property=\"og:description\" content=\"La segunda jornada de entrenamientos en Sepang ha arrancado a las 11 de la ma\u00f1ana, una vez el asfalto se ha secado tras las lluvias de la pasada noche.\" \/>\n<meta property=\"og:url\" content=\"https:\/\/www.boxrepsol.com\/es\/motogp\/siguen-las-pruebas-marc-marquez-dani-pedrosa-sepang\/\" \/>\n<meta property=\"og:site_name\" content=\"Box Repsol\" \/>\n<meta property=\"article:publisher\" content=\"https:\/\/www.facebook.com\/BoxRepsol\" \/>\n<meta property=\"article:author\" content=\"https:\/\/www.facebook.com\/BoxRepsol\/\" \/>\n<meta property=\"article:published_time\" content=\"2018-01-29T02:00:00+00:00\" \/>\n<meta property=\"article:modified_time\" content=\"2024-05-21T09:28:33+00:00\" \/>\n<meta property=\"og:image\" content=\"https:\/\/www.boxrepsol.com\/wp-content\/uploads\/2022\/08\/00_black_dani_pedrosa_motogp_rc213v_honda_repsol_26_test_sepang_carenado.jpg\" \/>\n\t<meta property=\"og:image:width\" content=\"995\" \/>\n\t<meta property=\"og:image:height\" content=\"560\" \/>\n\t<meta property=\"og:image:type\" content=\"image\/jpeg\" \/>\n<meta name=\"author\" content=\"Redacci\u00f3n Box Repsol\" \/>\n<meta name=\"twitter:card\" content=\"summary_large_image\" \/>\n<meta name=\"twitter:creator\" content=\"@https:\/\/twitter.com\/box_repsol\" \/>\n<meta name=\"twitter:site\" content=\"@box_repsol\" \/>\n<meta name=\"twitter:label1\" content=\"Written by\" \/>\n\t<meta name=\"twitter:data1\" content=\"Redacci\u00f3n Box Repsol\" \/>\n\t<meta name=\"twitter:label2\" content=\"Est. reading time\" \/>\n\t<meta name=\"twitter:data2\" content=\"2 minutos\" \/>\n<script type=\"application\/ld+json\" class=\"yoast-schema-graph\">{\"@context\":\"https:\\\/\\\/schema.org\",\"@graph\":[{\"@type\":\"Article\",\"@id\":\"https:\\\/\\\/www.boxrepsol.com\\\/es\\\/motogp\\\/siguen-las-pruebas-marc-marquez-dani-pedrosa-sepang\\\/#article\",\"isPartOf\":{\"@id\":\"https:\\\/\\\/www.boxrepsol.com\\\/es\\\/motogp\\\/siguen-las-pruebas-marc-marquez-dani-pedrosa-sepang\\\/\"},\"author\":{\"name\":\"Redacci\u00f3n Box Repsol\",\"@id\":\"https:\\\/\\\/www.boxrepsol.com\\\/es\\\/#\\\/schema\\\/person\\\/c5c2138f2cca251b0ad92b7086bb60b7\"},\"headline\":\"Siguen las pruebas para Marc M\u00e1rquez y Dani Pedrosa en Sepang\",\"datePublished\":\"2018-01-29T02:00:00+00:00\",\"dateModified\":\"2024-05-21T09:28:33+00:00\",\"mainEntityOfPage\":{\"@id\":\"https:\\\/\\\/www.boxrepsol.com\\\/es\\\/motogp\\\/siguen-las-pruebas-marc-marquez-dani-pedrosa-sepang\\\/\"},\"wordCount\":498,\"commentCount\":0,\"publisher\":{\"@id\":\"https:\\\/\\\/www.boxrepsol.com\\\/es\\\/#organization\"},\"image\":{\"@id\":\"https:\\\/\\\/www.boxrepsol.com\\\/es\\\/motogp\\\/siguen-las-pruebas-marc-marquez-dani-pedrosa-sepang\\\/#primaryimage\"},\"thumbnailUrl\":\"https:\\\/\\\/www.boxrepsol.com\\\/wp-content\\\/uploads\\\/2022\\\/08\\\/00_black_dani_pedrosa_motogp_rc213v_honda_repsol_26_test_sepang_carenado.jpg\",\"keywords\":[\"entrenamientos\"],\"articleSection\":[\"MotoGP\"],\"inLanguage\":\"es\",\"potentialAction\":[{\"@type\":\"CommentAction\",\"name\":\"Comment\",\"target\":[\"https:\\\/\\\/www.boxrepsol.com\\\/es\\\/motogp\\\/siguen-las-pruebas-marc-marquez-dani-pedrosa-sepang\\\/#respond\"]}]},{\"@type\":\"WebPage\",\"@id\":\"https:\\\/\\\/www.boxrepsol.com\\\/es\\\/motogp\\\/siguen-las-pruebas-marc-marquez-dani-pedrosa-sepang\\\/\",\"url\":\"https:\\\/\\\/www.boxrepsol.com\\\/es\\\/motogp\\\/siguen-las-pruebas-marc-marquez-dani-pedrosa-sepang\\\/\",\"name\":\"Siguen las pruebas para Marc M\u00e1rquez y Dani Pedrosa en Sepang - Box Repsol\",\"isPartOf\":{\"@id\":\"https:\\\/\\\/www.boxrepsol.com\\\/es\\\/#website\"},\"primaryImageOfPage\":{\"@id\":\"https:\\\/\\\/www.boxrepsol.com\\\/es\\\/motogp\\\/siguen-las-pruebas-marc-marquez-dani-pedrosa-sepang\\\/#primaryimage\"},\"image\":{\"@id\":\"https:\\\/\\\/www.boxrepsol.com\\\/es\\\/motogp\\\/siguen-las-pruebas-marc-marquez-dani-pedrosa-sepang\\\/#primaryimage\"},\"thumbnailUrl\":\"https:\\\/\\\/www.boxrepsol.com\\\/wp-content\\\/uploads\\\/2022\\\/08\\\/00_black_dani_pedrosa_motogp_rc213v_honda_repsol_26_test_sepang_carenado.jpg\",\"datePublished\":\"2018-01-29T02:00:00+00:00\",\"dateModified\":\"2024-05-21T09:28:33+00:00\",\"description\":\"La segunda jornada de entrenamientos en Sepang ha arrancado a las 11 de la ma\u00f1ana, una vez el asfalto se ha secado tras las lluvias de la pasada noche.\",\"breadcrumb\":{\"@id\":\"https:\\\/\\\/www.boxrepsol.com\\\/es\\\/motogp\\\/siguen-las-pruebas-marc-marquez-dani-pedrosa-sepang\\\/#breadcrumb\"},\"inLanguage\":\"es\",\"potentialAction\":[{\"@type\":\"ReadAction\",\"target\":[\"https:\\\/\\\/www.boxrepsol.com\\\/es\\\/motogp\\\/siguen-las-pruebas-marc-marquez-dani-pedrosa-sepang\\\/\"]}]},{\"@type\":\"ImageObject\",\"inLanguage\":\"es\",\"@id\":\"https:\\\/\\\/www.boxrepsol.com\\\/es\\\/motogp\\\/siguen-las-pruebas-marc-marquez-dani-pedrosa-sepang\\\/#primaryimage\",\"url\":\"https:\\\/\\\/www.boxrepsol.com\\\/wp-content\\\/uploads\\\/2022\\\/08\\\/00_black_dani_pedrosa_motogp_rc213v_honda_repsol_26_test_sepang_carenado.jpg\",\"contentUrl\":\"https:\\\/\\\/www.boxrepsol.com\\\/wp-content\\\/uploads\\\/2022\\\/08\\\/00_black_dani_pedrosa_motogp_rc213v_honda_repsol_26_test_sepang_carenado.jpg\",\"width\":995,\"height\":560,\"caption\":\"Dani Pedrosa RC213V test Sepang 2018\"},{\"@type\":\"BreadcrumbList\",\"@id\":\"https:\\\/\\\/www.boxrepsol.com\\\/es\\\/motogp\\\/siguen-las-pruebas-marc-marquez-dani-pedrosa-sepang\\\/#breadcrumb\",\"itemListElement\":[{\"@type\":\"ListItem\",\"position\":1,\"name\":\"Home\",\"item\":\"https:\\\/\\\/www.boxrepsol.com\\\/es\\\/\"},{\"@type\":\"ListItem\",\"position\":2,\"name\":\"Siguen las pruebas para Marc M\u00e1rquez y Dani Pedrosa en Sepang\"}]},{\"@type\":\"WebSite\",\"@id\":\"https:\\\/\\\/www.boxrepsol.com\\\/es\\\/#website\",\"url\":\"https:\\\/\\\/www.boxrepsol.com\\\/es\\\/\",\"name\":\"Box Repsol\",\"description\":\"Box Repsol Site\",\"publisher\":{\"@id\":\"https:\\\/\\\/www.boxrepsol.com\\\/es\\\/#organization\"},\"potentialAction\":[{\"@type\":\"SearchAction\",\"target\":{\"@type\":\"EntryPoint\",\"urlTemplate\":\"https:\\\/\\\/www.boxrepsol.com\\\/es\\\/?s={search_term_string}\"},\"query-input\":{\"@type\":\"PropertyValueSpecification\",\"valueRequired\":true,\"valueName\":\"search_term_string\"}}],\"inLanguage\":\"es\"},{\"@type\":\"Organization\",\"@id\":\"https:\\\/\\\/www.boxrepsol.com\\\/es\\\/#organization\",\"name\":\"Box Repsol\",\"url\":\"https:\\\/\\\/www.boxrepsol.com\\\/es\\\/\",\"logo\":{\"@type\":\"ImageObject\",\"inLanguage\":\"es\",\"@id\":\"https:\\\/\\\/www.boxrepsol.com\\\/es\\\/#\\\/schema\\\/logo\\\/image\\\/\",\"url\":\"https:\\\/\\\/bxrepsol.s3.eu-west-1.amazonaws.com\\\/static\\\/2025\\\/07\\\/30083337\\\/favicon-96x96-1.png\",\"contentUrl\":\"https:\\\/\\\/bxrepsol.s3.eu-west-1.amazonaws.com\\\/static\\\/2025\\\/07\\\/30083337\\\/favicon-96x96-1.png\",\"width\":96,\"height\":96,\"caption\":\"Box Repsol\"},\"image\":{\"@id\":\"https:\\\/\\\/www.boxrepsol.com\\\/es\\\/#\\\/schema\\\/logo\\\/image\\\/\"},\"sameAs\":[\"https:\\\/\\\/www.facebook.com\\\/BoxRepsol\",\"https:\\\/\\\/x.com\\\/box_repsol\",\"http:\\\/\\\/instagram.com\\\/box_repsol\",\"https:\\\/\\\/www.youtube.com\\\/user\\\/RepsolCompeticion\",\"https:\\\/\\\/www.flickr.com\\\/photos\\\/box_repsol\\\/\"]},{\"@type\":\"Person\",\"@id\":\"https:\\\/\\\/www.boxrepsol.com\\\/es\\\/#\\\/schema\\\/person\\\/c5c2138f2cca251b0ad92b7086bb60b7\",\"name\":\"Redacci\u00f3n Box Repsol\",\"image\":{\"@type\":\"ImageObject\",\"inLanguage\":\"es\",\"@id\":\"https:\\\/\\\/secure.gravatar.com\\\/avatar\\\/adf7b77e38b4419baf32c7e9c21dde01f4e40df611f0978e3006fc4ba0aaab7e?s=96&d=mm&r=g\",\"url\":\"https:\\\/\\\/secure.gravatar.com\\\/avatar\\\/adf7b77e38b4419baf32c7e9c21dde01f4e40df611f0978e3006fc4ba0aaab7e?s=96&d=mm&r=g\",\"contentUrl\":\"https:\\\/\\\/secure.gravatar.com\\\/avatar\\\/adf7b77e38b4419baf32c7e9c21dde01f4e40df611f0978e3006fc4ba0aaab7e?s=96&d=mm&r=g\",\"caption\":\"Redacci\u00f3n Box Repsol\"},\"description\":\"Box Repsol lo forma un equipo de periodistas, community managers, dise\u00f1adores y fot\u00f3grafos con m\u00e1s de 20 a\u00f1os de experiencia en el mundo del motorsport. Hemos vivido el primer mundial de un espa\u00f1ol en la categor\u00eda reina de motociclismo con \u00c1lex Crivill\u00e9, estuvimos en las victorias de Pedrosa y los t\u00edtulos de M\u00e1rquez, acompa\u00f1amos en \u00c1frica a Nani Roma y Marc Coma en sus conquistas del Dakar y hemos vibrado con los t\u00edtulos de Toni Bou en Trial. Adem\u00e1s, en nuestro equipo contamos con expertos en el mundo de las dos y cuatro ruedas tanto de la calle y las carreteras, como de los circuitos. Periodistas que han trabajado en revistas y publicaciones para hacerte llegar desde rutas y consejos de mantenimiento, a curiosidades y trucos de pilotaje.\",\"sameAs\":[\"https:\\\/\\\/www.facebook.com\\\/BoxRepsol\\\/\",\"https:\\\/\\\/www.instagram.com\\\/box_repsol\\\/\",\"https:\\\/\\\/x.com\\\/https:\\\/\\\/twitter.com\\\/box_repsol\",\"https:\\\/\\\/www.youtube.com\\\/@Boxrepsol\"],\"url\":\"https:\\\/\\\/www.boxrepsol.com\\\/es\\\/author\\\/redaccion-box-repsol\\\/\"}]}<\/script>\n<!-- \/ Yoast SEO plugin. -->","yoast_head_json":{"title":"Siguen las pruebas para Marc M\u00e1rquez y Dani Pedrosa en Sepang - Box Repsol","description":"La segunda jornada de entrenamientos en Sepang ha arrancado a las 11 de la ma\u00f1ana, una vez el asfalto se ha secado tras las lluvias de la pasada noche.","canonical":"https:\/\/www.boxrepsol.com\/es\/motogp\/siguen-las-pruebas-marc-marquez-dani-pedrosa-sepang\/","og_locale":"es_ES","og_type":"article","og_title":"Siguen las pruebas para Marc M\u00e1rquez y Dani Pedrosa en Sepang - Box Repsol","og_description":"La segunda jornada de entrenamientos en Sepang ha arrancado a las 11 de la ma\u00f1ana, una vez el asfalto se ha secado tras las lluvias de la pasada noche.","og_url":"https:\/\/www.boxrepsol.com\/es\/motogp\/siguen-las-pruebas-marc-marquez-dani-pedrosa-sepang\/","og_site_name":"Box Repsol","article_publisher":"https:\/\/www.facebook.com\/BoxRepsol","article_author":"https:\/\/www.facebook.com\/BoxRepsol\/","article_published_time":"2018-01-29T02:00:00+00:00","article_modified_time":"2024-05-21T09:28:33+00:00","og_image":[{"width":995,"height":560,"url":"https:\/\/www.boxrepsol.com\/wp-content\/uploads\/2022\/08\/00_black_dani_pedrosa_motogp_rc213v_honda_repsol_26_test_sepang_carenado.jpg","type":"image\/jpeg"}],"author":"Redacci\u00f3n Box Repsol","twitter_card":"summary_large_image","twitter_creator":"@https:\/\/twitter.com\/box_repsol","twitter_site":"@box_repsol","twitter_misc":{"Written by":"Redacci\u00f3n Box Repsol","Est. reading time":"2 minutos"},"schema":{"@context":"https:\/\/schema.org","@graph":[{"@type":"Article","@id":"https:\/\/www.boxrepsol.com\/es\/motogp\/siguen-las-pruebas-marc-marquez-dani-pedrosa-sepang\/#article","isPartOf":{"@id":"https:\/\/www.boxrepsol.com\/es\/motogp\/siguen-las-pruebas-marc-marquez-dani-pedrosa-sepang\/"},"author":{"name":"Redacci\u00f3n Box Repsol","@id":"https:\/\/www.boxrepsol.com\/es\/#\/schema\/person\/c5c2138f2cca251b0ad92b7086bb60b7"},"headline":"Siguen las pruebas para Marc M\u00e1rquez y Dani Pedrosa en Sepang","datePublished":"2018-01-29T02:00:00+00:00","dateModified":"2024-05-21T09:28:33+00:00","mainEntityOfPage":{"@id":"https:\/\/www.boxrepsol.com\/es\/motogp\/siguen-las-pruebas-marc-marquez-dani-pedrosa-sepang\/"},"wordCount":498,"commentCount":0,"publisher":{"@id":"https:\/\/www.boxrepsol.com\/es\/#organization"},"image":{"@id":"https:\/\/www.boxrepsol.com\/es\/motogp\/siguen-las-pruebas-marc-marquez-dani-pedrosa-sepang\/#primaryimage"},"thumbnailUrl":"https:\/\/www.boxrepsol.com\/wp-content\/uploads\/2022\/08\/00_black_dani_pedrosa_motogp_rc213v_honda_repsol_26_test_sepang_carenado.jpg","keywords":["entrenamientos"],"articleSection":["MotoGP"],"inLanguage":"es","potentialAction":[{"@type":"CommentAction","name":"Comment","target":["https:\/\/www.boxrepsol.com\/es\/motogp\/siguen-las-pruebas-marc-marquez-dani-pedrosa-sepang\/#respond"]}]},{"@type":"WebPage","@id":"https:\/\/www.boxrepsol.com\/es\/motogp\/siguen-las-pruebas-marc-marquez-dani-pedrosa-sepang\/","url":"https:\/\/www.boxrepsol.com\/es\/motogp\/siguen-las-pruebas-marc-marquez-dani-pedrosa-sepang\/","name":"Siguen las pruebas para Marc M\u00e1rquez y Dani Pedrosa en Sepang - Box Repsol","isPartOf":{"@id":"https:\/\/www.boxrepsol.com\/es\/#website"},"primaryImageOfPage":{"@id":"https:\/\/www.boxrepsol.com\/es\/motogp\/siguen-las-pruebas-marc-marquez-dani-pedrosa-sepang\/#primaryimage"},"image":{"@id":"https:\/\/www.boxrepsol.com\/es\/motogp\/siguen-las-pruebas-marc-marquez-dani-pedrosa-sepang\/#primaryimage"},"thumbnailUrl":"https:\/\/www.boxrepsol.com\/wp-content\/uploads\/2022\/08\/00_black_dani_pedrosa_motogp_rc213v_honda_repsol_26_test_sepang_carenado.jpg","datePublished":"2018-01-29T02:00:00+00:00","dateModified":"2024-05-21T09:28:33+00:00","description":"La segunda jornada de entrenamientos en Sepang ha arrancado a las 11 de la ma\u00f1ana, una vez el asfalto se ha secado tras las lluvias de la pasada noche.","breadcrumb":{"@id":"https:\/\/www.boxrepsol.com\/es\/motogp\/siguen-las-pruebas-marc-marquez-dani-pedrosa-sepang\/#breadcrumb"},"inLanguage":"es","potentialAction":[{"@type":"ReadAction","target":["https:\/\/www.boxrepsol.com\/es\/motogp\/siguen-las-pruebas-marc-marquez-dani-pedrosa-sepang\/"]}]},{"@type":"ImageObject","inLanguage":"es","@id":"https:\/\/www.boxrepsol.com\/es\/motogp\/siguen-las-pruebas-marc-marquez-dani-pedrosa-sepang\/#primaryimage","url":"https:\/\/www.boxrepsol.com\/wp-content\/uploads\/2022\/08\/00_black_dani_pedrosa_motogp_rc213v_honda_repsol_26_test_sepang_carenado.jpg","contentUrl":"https:\/\/www.boxrepsol.com\/wp-content\/uploads\/2022\/08\/00_black_dani_pedrosa_motogp_rc213v_honda_repsol_26_test_sepang_carenado.jpg","width":995,"height":560,"caption":"Dani Pedrosa RC213V test Sepang 2018"},{"@type":"BreadcrumbList","@id":"https:\/\/www.boxrepsol.com\/es\/motogp\/siguen-las-pruebas-marc-marquez-dani-pedrosa-sepang\/#breadcrumb","itemListElement":[{"@type":"ListItem","position":1,"name":"Home","item":"https:\/\/www.boxrepsol.com\/es\/"},{"@type":"ListItem","position":2,"name":"Siguen las pruebas para Marc M\u00e1rquez y Dani Pedrosa en Sepang"}]},{"@type":"WebSite","@id":"https:\/\/www.boxrepsol.com\/es\/#website","url":"https:\/\/www.boxrepsol.com\/es\/","name":"Box Repsol","description":"Box Repsol Site","publisher":{"@id":"https:\/\/www.boxrepsol.com\/es\/#organization"},"potentialAction":[{"@type":"SearchAction","target":{"@type":"EntryPoint","urlTemplate":"https:\/\/www.boxrepsol.com\/es\/?s={search_term_string}"},"query-input":{"@type":"PropertyValueSpecification","valueRequired":true,"valueName":"search_term_string"}}],"inLanguage":"es"},{"@type":"Organization","@id":"https:\/\/www.boxrepsol.com\/es\/#organization","name":"Box Repsol","url":"https:\/\/www.boxrepsol.com\/es\/","logo":{"@type":"ImageObject","inLanguage":"es","@id":"https:\/\/www.boxrepsol.com\/es\/#\/schema\/logo\/image\/","url":"https:\/\/bxrepsol.s3.eu-west-1.amazonaws.com\/static\/2025\/07\/30083337\/favicon-96x96-1.png","contentUrl":"https:\/\/bxrepsol.s3.eu-west-1.amazonaws.com\/static\/2025\/07\/30083337\/favicon-96x96-1.png","width":96,"height":96,"caption":"Box Repsol"},"image":{"@id":"https:\/\/www.boxrepsol.com\/es\/#\/schema\/logo\/image\/"},"sameAs":["https:\/\/www.facebook.com\/BoxRepsol","https:\/\/x.com\/box_repsol","http:\/\/instagram.com\/box_repsol","https:\/\/www.youtube.com\/user\/RepsolCompeticion","https:\/\/www.flickr.com\/photos\/box_repsol\/"]},{"@type":"Person","@id":"https:\/\/www.boxrepsol.com\/es\/#\/schema\/person\/c5c2138f2cca251b0ad92b7086bb60b7","name":"Redacci\u00f3n Box Repsol","image":{"@type":"ImageObject","inLanguage":"es","@id":"https:\/\/secure.gravatar.com\/avatar\/adf7b77e38b4419baf32c7e9c21dde01f4e40df611f0978e3006fc4ba0aaab7e?s=96&d=mm&r=g","url":"https:\/\/secure.gravatar.com\/avatar\/adf7b77e38b4419baf32c7e9c21dde01f4e40df611f0978e3006fc4ba0aaab7e?s=96&d=mm&r=g","contentUrl":"https:\/\/secure.gravatar.com\/avatar\/adf7b77e38b4419baf32c7e9c21dde01f4e40df611f0978e3006fc4ba0aaab7e?s=96&d=mm&r=g","caption":"Redacci\u00f3n Box Repsol"},"description":"Box Repsol lo forma un equipo de periodistas, community managers, dise\u00f1adores y fot\u00f3grafos con m\u00e1s de 20 a\u00f1os de experiencia en el mundo del motorsport. Hemos vivido el primer mundial de un espa\u00f1ol en la categor\u00eda reina de motociclismo con \u00c1lex Crivill\u00e9, estuvimos en las victorias de Pedrosa y los t\u00edtulos de M\u00e1rquez, acompa\u00f1amos en \u00c1frica a Nani Roma y Marc Coma en sus conquistas del Dakar y hemos vibrado con los t\u00edtulos de Toni Bou en Trial. Adem\u00e1s, en nuestro equipo contamos con expertos en el mundo de las dos y cuatro ruedas tanto de la calle y las carreteras, como de los circuitos. Periodistas que han trabajado en revistas y publicaciones para hacerte llegar desde rutas y consejos de mantenimiento, a curiosidades y trucos de pilotaje.","sameAs":["https:\/\/www.facebook.com\/BoxRepsol\/","https:\/\/www.instagram.com\/box_repsol\/","https:\/\/x.com\/https:\/\/twitter.com\/box_repsol","https:\/\/www.youtube.com\/@Boxrepsol"],"url":"https:\/\/www.boxrepsol.com\/es\/author\/redaccion-box-repsol\/"}]}},"_links":{"self":[{"href":"https:\/\/www.boxrepsol.com\/es\/wp-json\/wp\/v2\/posts\/92687","targetHints":{"allow":["GET"]}}],"collection":[{"href":"https:\/\/www.boxrepsol.com\/es\/wp-json\/wp\/v2\/posts"}],"about":[{"href":"https:\/\/www.boxrepsol.com\/es\/wp-json\/wp\/v2\/types\/post"}],"author":[{"embeddable":true,"href":"https:\/\/www.boxrepsol.com\/es\/wp-json\/wp\/v2\/users\/43146"}],"replies":[{"embeddable":true,"href":"https:\/\/www.boxrepsol.com\/es\/wp-json\/wp\/v2\/comments?post=92687"}],"version-history":[{"count":1,"href":"https:\/\/www.boxrepsol.com\/es\/wp-json\/wp\/v2\/posts\/92687\/revisions"}],"predecessor-version":[{"id":116399,"href":"https:\/\/www.boxrepsol.com\/es\/wp-json\/wp\/v2\/posts\/92687\/revisions\/116399"}],"wp:featuredmedia":[{"embeddable":true,"href":"https:\/\/www.boxrepsol.com\/es\/wp-json\/wp\/v2\/media\/87421"}],"wp:attachment":[{"href":"https:\/\/www.boxrepsol.com\/es\/wp-json\/wp\/v2\/media?parent=92687"}],"wp:term":[{"taxonomy":"category","embeddable":true,"href":"https:\/\/www.boxrepsol.com\/es\/wp-json\/wp\/v2\/categories?post=92687"},{"taxonomy":"post_tag","embeddable":true,"href":"https:\/\/www.boxrepsol.com\/es\/wp-json\/wp\/v2\/tags?post=92687"}],"curies":[{"name":"wp","href":"https:\/\/api.w.org\/{rel}","templated":true}]}}