{"id":92685,"date":"2018-01-29T00:00:00","date_gmt":"2018-01-29T02:00:00","guid":{"rendered":"http:\/\/pre.boxrepsol.com\/sin-categorizar\/pedrosa-lidera-sepang-marquez-septimo\/"},"modified":"2024-05-21T07:28:46","modified_gmt":"2024-05-21T09:28:46","slug":"pedrosa-lidera-sepang-marquez-septimo","status":"publish","type":"post","link":"https:\/\/www.boxrepsol.com\/es\/motogp\/pedrosa-lidera-sepang-marquez-septimo\/","title":{"rendered":"Dani Pedrosa lidera el primer d\u00eda en Sepang, con Marc M\u00e1rquez, s\u00e9ptimo"},"content":{"rendered":"<blockquote>\n<p>Empezar los entrenamientos con el mejor tiempo evidentemente es bueno, as\u00ed que estamos contentos por ello<\/p>\n<p>            <a href=\"http:\/\/twitter.com\/share?text=Empezar+los+entrenamientos+con+el+mejor+tiempo+evidentemente+es+bueno%2C+as%C3%AD+que+estamos+contentos+por+ello&#038;url=https%3A%2F%2Fwww.boxrepsol.com%2Fes%2F%3Fp%3D17042%2F&#038;hashtags=\" target=\"_blank\" data-datalayer='{\"event\": \"socialInteraction\", \"socialNetwork\": \"Twitter\", \"socialAction\": \"Compartir\", \"socialTarget\": \"Frase\"}' rel=\"noopener\"><br \/>\n            twittear        <\/a><\/p>\n<footer>Dani Pedrosa<\/footer>\n<\/blockquote>\n<p>Dani Pedrosa ha logrado el mejor tiempo en la jornada inaugural de los primeros test del a\u00f1o, con un registro de 1 minuto, 59 segundos y 427 mil\u00e9simas en la pen\u00faltima de las 56 vueltas que ha completado. Marc M\u00e1rquez ha terminado s\u00e9ptimo de la tabla de tiempos, con un crono de 2 minutos y 290 mil\u00e9simas en la vuelta 50 de las 51 que ha realizado.<\/p>\n<p>Como es habitual en Sepang, la ma\u00f1ana ha empezado bajo una intensa lluvia, lo que ha hecho que el asfalto estuviese mojado cuando se ha abierto el acceso a la pista, a las 10:00 horas. El vigente Campe\u00f3n del Mundo de MotoGP, Marc M\u00e1rquez, ha realizado una tanda con neum\u00e1ticos de lluvia y Dani Pedrosa, algunas m\u00e1s, aunque ambos han empezado a trabajar plenamente en el desarrollo de sus Honda RC213V despu\u00e9s de la hora de comer, cuando la pista se ha secado completamente. Los dos han realizado alguna vuelta con la moto de 2017 y despu\u00e9s han cambiado al prototipo de 2018, equipado con distintas especificaciones en el motor.<\/p>\n<hr \/>\n<h3>Dani Pedrosa<\/h3>\n<p><em>\u00abEmpezar los entrenamientos con el mejor tiempo evidentemente es bueno, as\u00ed que estamos contentos por ello. Ha llovido por la ma\u00f1ana y nos ha dado la oportunidad de rodar con neum\u00e1ticos de lluvia. Me he sentido bien desde el inicio. Por la tarde, cuando la pista se ha secado, el asfalto ha ido mejorando vuelta tras vueltas y eso ha sido positivo por la cantidad de pruebas que ten\u00edamos que hacer. Ten\u00edamos tres motos, con la misma configuraci\u00f3n pero distintos motores. B\u00e1sicamente hemos trabajado en este aspecto, intentando obtener tanta informaci\u00f3n como fuera posible y las sensaciones con cada una de las especificaciones, uno de los principales objetivos que ten\u00edamos para este test. Todav\u00eda hay puntos en los que tenemos que trabajar y probar, para entenderlos mejor. Tambi\u00e9n necesitamos completar m\u00e1s vueltas con neum\u00e1ticos gastados, porque hoy no hemos hecho tandas largas. Por supuesto, todav\u00eda estamos en una fase inicial, pero de momento las sensaciones son buenas\u00bb.<\/em><\/p>\n<hr \/>\n<h3>Marc M\u00e1rquez<\/h3>\n<p><em>\u00abHoy ha sido un d\u00eda intenso para todos, porque cuando vuelves a subirte a la moto despu\u00e9s del invierno, necesitas encontrar el ritmo de nuevo y, especialmente aqu\u00ed, la forma de pilotar en una pista exigente. Dicho esto, estoy bastante contento de c\u00f3mo hemos empezado, porque he estado trabajando con tres motos diferentes equipadas con distintos motores, uno del a\u00f1o pasado y dos con especificaciones nuevas, as\u00ed que ha sido un d\u00eda intenso. Hemos tenido que ajustar muchas cosas, lo que es normal, pero por el momento parece que el nuevo motor es mejor. Por supuesto, tenemos otros dos d\u00edas en los que seguir mejorando la puesta a punto y mantener nuestro trabajo en el motor, la electr\u00f3nica, la aerodin\u00e1mica, etc. S\u00f3lo ha sido el primer d\u00eda y las sensaciones y el ritmo ya\u00a0son positivos\u00bb.<\/em><\/p>\n","protected":false},"excerpt":{"rendered":"<p>Los pilotos del equipo Repsol Honda completan una positiva primera jornada en Malasia, en la que han rodado con tres motos distintas para trabajar en el desarrollo del prototipo 2018.<\/p>\n","protected":false},"author":43146,"featured_media":87417,"comment_status":"open","ping_status":"open","sticky":false,"template":"","format":"standard","meta":{"footnotes":""},"categories":[4],"tags":[184],"class_list":["post-92685","post","type-post","status-publish","format-standard","hentry","category-motogp","tag-entrenamientos"],"yoast_head":"<!-- This site is optimized with the Yoast SEO plugin v27.3 - https:\/\/yoast.com\/product\/yoast-seo-wordpress\/ -->\n<title>Dani Pedrosa lidera el primer d\u00eda en Sepang, con Marc M\u00e1rquez, s\u00e9ptimo - Box Repsol<\/title>\n<meta name=\"description\" content=\"Test Sepang: Los pilotos del equipo Repsol Honda completan una positiva primera jornada en Malasia, en la que han rodado con tres motos distintas.\" \/>\n<link rel=\"canonical\" href=\"https:\/\/www.boxrepsol.com\/es\/motogp\/pedrosa-lidera-sepang-marquez-septimo\/\" \/>\n<meta property=\"og:locale\" content=\"es_ES\" \/>\n<meta property=\"og:type\" content=\"article\" \/>\n<meta property=\"og:title\" content=\"Dani Pedrosa lidera el primer d\u00eda en Sepang, con Marc M\u00e1rquez, s\u00e9ptimo - Box Repsol\" \/>\n<meta property=\"og:description\" content=\"Test Sepang: Los pilotos del equipo Repsol Honda completan una positiva primera jornada en Malasia, en la que han rodado con tres motos distintas.\" \/>\n<meta property=\"og:url\" content=\"https:\/\/www.boxrepsol.com\/es\/motogp\/pedrosa-lidera-sepang-marquez-septimo\/\" \/>\n<meta property=\"og:site_name\" content=\"Box Repsol\" \/>\n<meta property=\"article:publisher\" content=\"https:\/\/www.facebook.com\/BoxRepsol\" \/>\n<meta property=\"article:author\" content=\"https:\/\/www.facebook.com\/BoxRepsol\/\" \/>\n<meta property=\"article:published_time\" content=\"2018-01-29T02:00:00+00:00\" \/>\n<meta property=\"article:modified_time\" content=\"2024-05-21T09:28:46+00:00\" \/>\n<meta property=\"og:image\" content=\"https:\/\/www.boxrepsol.com\/wp-content\/uploads\/2022\/08\/00_dani_pedrosa_test_sepang_motog_repsol_honda_26_samurai_malaysia.jpg\" \/>\n\t<meta property=\"og:image:width\" content=\"995\" \/>\n\t<meta property=\"og:image:height\" content=\"560\" \/>\n\t<meta property=\"og:image:type\" content=\"image\/jpeg\" \/>\n<meta name=\"author\" content=\"Redacci\u00f3n Box Repsol\" \/>\n<meta name=\"twitter:card\" content=\"summary_large_image\" \/>\n<meta name=\"twitter:creator\" content=\"@https:\/\/twitter.com\/box_repsol\" \/>\n<meta name=\"twitter:site\" content=\"@box_repsol\" \/>\n<meta name=\"twitter:label1\" content=\"Written by\" \/>\n\t<meta name=\"twitter:data1\" content=\"Redacci\u00f3n Box Repsol\" \/>\n\t<meta name=\"twitter:label2\" content=\"Est. reading time\" \/>\n\t<meta name=\"twitter:data2\" content=\"3 minutos\" \/>\n<script type=\"application\/ld+json\" class=\"yoast-schema-graph\">{\"@context\":\"https:\\\/\\\/schema.org\",\"@graph\":[{\"@type\":\"Article\",\"@id\":\"https:\\\/\\\/www.boxrepsol.com\\\/es\\\/motogp\\\/pedrosa-lidera-sepang-marquez-septimo\\\/#article\",\"isPartOf\":{\"@id\":\"https:\\\/\\\/www.boxrepsol.com\\\/es\\\/motogp\\\/pedrosa-lidera-sepang-marquez-septimo\\\/\"},\"author\":{\"name\":\"Redacci\u00f3n Box Repsol\",\"@id\":\"https:\\\/\\\/www.boxrepsol.com\\\/es\\\/#\\\/schema\\\/person\\\/c5c2138f2cca251b0ad92b7086bb60b7\"},\"headline\":\"Dani Pedrosa lidera el primer d\u00eda en Sepang, con Marc M\u00e1rquez, s\u00e9ptimo\",\"datePublished\":\"2018-01-29T02:00:00+00:00\",\"dateModified\":\"2024-05-21T09:28:46+00:00\",\"mainEntityOfPage\":{\"@id\":\"https:\\\/\\\/www.boxrepsol.com\\\/es\\\/motogp\\\/pedrosa-lidera-sepang-marquez-septimo\\\/\"},\"wordCount\":535,\"commentCount\":0,\"publisher\":{\"@id\":\"https:\\\/\\\/www.boxrepsol.com\\\/es\\\/#organization\"},\"image\":{\"@id\":\"https:\\\/\\\/www.boxrepsol.com\\\/es\\\/motogp\\\/pedrosa-lidera-sepang-marquez-septimo\\\/#primaryimage\"},\"thumbnailUrl\":\"https:\\\/\\\/www.boxrepsol.com\\\/wp-content\\\/uploads\\\/2022\\\/08\\\/00_dani_pedrosa_test_sepang_motog_repsol_honda_26_samurai_malaysia.jpg\",\"keywords\":[\"entrenamientos\"],\"articleSection\":[\"MotoGP\"],\"inLanguage\":\"es\",\"potentialAction\":[{\"@type\":\"CommentAction\",\"name\":\"Comment\",\"target\":[\"https:\\\/\\\/www.boxrepsol.com\\\/es\\\/motogp\\\/pedrosa-lidera-sepang-marquez-septimo\\\/#respond\"]}]},{\"@type\":\"WebPage\",\"@id\":\"https:\\\/\\\/www.boxrepsol.com\\\/es\\\/motogp\\\/pedrosa-lidera-sepang-marquez-septimo\\\/\",\"url\":\"https:\\\/\\\/www.boxrepsol.com\\\/es\\\/motogp\\\/pedrosa-lidera-sepang-marquez-septimo\\\/\",\"name\":\"Dani Pedrosa lidera el primer d\u00eda en Sepang, con Marc M\u00e1rquez, s\u00e9ptimo - Box Repsol\",\"isPartOf\":{\"@id\":\"https:\\\/\\\/www.boxrepsol.com\\\/es\\\/#website\"},\"primaryImageOfPage\":{\"@id\":\"https:\\\/\\\/www.boxrepsol.com\\\/es\\\/motogp\\\/pedrosa-lidera-sepang-marquez-septimo\\\/#primaryimage\"},\"image\":{\"@id\":\"https:\\\/\\\/www.boxrepsol.com\\\/es\\\/motogp\\\/pedrosa-lidera-sepang-marquez-septimo\\\/#primaryimage\"},\"thumbnailUrl\":\"https:\\\/\\\/www.boxrepsol.com\\\/wp-content\\\/uploads\\\/2022\\\/08\\\/00_dani_pedrosa_test_sepang_motog_repsol_honda_26_samurai_malaysia.jpg\",\"datePublished\":\"2018-01-29T02:00:00+00:00\",\"dateModified\":\"2024-05-21T09:28:46+00:00\",\"description\":\"Test Sepang: Los pilotos del equipo Repsol Honda completan una positiva primera jornada en Malasia, en la que han rodado con tres motos distintas.\",\"breadcrumb\":{\"@id\":\"https:\\\/\\\/www.boxrepsol.com\\\/es\\\/motogp\\\/pedrosa-lidera-sepang-marquez-septimo\\\/#breadcrumb\"},\"inLanguage\":\"es\",\"potentialAction\":[{\"@type\":\"ReadAction\",\"target\":[\"https:\\\/\\\/www.boxrepsol.com\\\/es\\\/motogp\\\/pedrosa-lidera-sepang-marquez-septimo\\\/\"]}]},{\"@type\":\"ImageObject\",\"inLanguage\":\"es\",\"@id\":\"https:\\\/\\\/www.boxrepsol.com\\\/es\\\/motogp\\\/pedrosa-lidera-sepang-marquez-septimo\\\/#primaryimage\",\"url\":\"https:\\\/\\\/www.boxrepsol.com\\\/wp-content\\\/uploads\\\/2022\\\/08\\\/00_dani_pedrosa_test_sepang_motog_repsol_honda_26_samurai_malaysia.jpg\",\"contentUrl\":\"https:\\\/\\\/www.boxrepsol.com\\\/wp-content\\\/uploads\\\/2022\\\/08\\\/00_dani_pedrosa_test_sepang_motog_repsol_honda_26_samurai_malaysia.jpg\",\"width\":995,\"height\":560,\"caption\":\"Dani Pedrosa en pit lane junto a RC213V durante los test sepang 2018\"},{\"@type\":\"BreadcrumbList\",\"@id\":\"https:\\\/\\\/www.boxrepsol.com\\\/es\\\/motogp\\\/pedrosa-lidera-sepang-marquez-septimo\\\/#breadcrumb\",\"itemListElement\":[{\"@type\":\"ListItem\",\"position\":1,\"name\":\"Home\",\"item\":\"https:\\\/\\\/www.boxrepsol.com\\\/es\\\/\"},{\"@type\":\"ListItem\",\"position\":2,\"name\":\"Dani Pedrosa lidera el primer d\u00eda en Sepang, con Marc M\u00e1rquez, s\u00e9ptimo\"}]},{\"@type\":\"WebSite\",\"@id\":\"https:\\\/\\\/www.boxrepsol.com\\\/es\\\/#website\",\"url\":\"https:\\\/\\\/www.boxrepsol.com\\\/es\\\/\",\"name\":\"Box Repsol\",\"description\":\"Box Repsol Site\",\"publisher\":{\"@id\":\"https:\\\/\\\/www.boxrepsol.com\\\/es\\\/#organization\"},\"potentialAction\":[{\"@type\":\"SearchAction\",\"target\":{\"@type\":\"EntryPoint\",\"urlTemplate\":\"https:\\\/\\\/www.boxrepsol.com\\\/es\\\/?s={search_term_string}\"},\"query-input\":{\"@type\":\"PropertyValueSpecification\",\"valueRequired\":true,\"valueName\":\"search_term_string\"}}],\"inLanguage\":\"es\"},{\"@type\":\"Organization\",\"@id\":\"https:\\\/\\\/www.boxrepsol.com\\\/es\\\/#organization\",\"name\":\"Box Repsol\",\"url\":\"https:\\\/\\\/www.boxrepsol.com\\\/es\\\/\",\"logo\":{\"@type\":\"ImageObject\",\"inLanguage\":\"es\",\"@id\":\"https:\\\/\\\/www.boxrepsol.com\\\/es\\\/#\\\/schema\\\/logo\\\/image\\\/\",\"url\":\"https:\\\/\\\/bxrepsol.s3.eu-west-1.amazonaws.com\\\/static\\\/2025\\\/07\\\/30083337\\\/favicon-96x96-1.png\",\"contentUrl\":\"https:\\\/\\\/bxrepsol.s3.eu-west-1.amazonaws.com\\\/static\\\/2025\\\/07\\\/30083337\\\/favicon-96x96-1.png\",\"width\":96,\"height\":96,\"caption\":\"Box Repsol\"},\"image\":{\"@id\":\"https:\\\/\\\/www.boxrepsol.com\\\/es\\\/#\\\/schema\\\/logo\\\/image\\\/\"},\"sameAs\":[\"https:\\\/\\\/www.facebook.com\\\/BoxRepsol\",\"https:\\\/\\\/x.com\\\/box_repsol\",\"http:\\\/\\\/instagram.com\\\/box_repsol\",\"https:\\\/\\\/www.youtube.com\\\/user\\\/RepsolCompeticion\",\"https:\\\/\\\/www.flickr.com\\\/photos\\\/box_repsol\\\/\"]},{\"@type\":\"Person\",\"@id\":\"https:\\\/\\\/www.boxrepsol.com\\\/es\\\/#\\\/schema\\\/person\\\/c5c2138f2cca251b0ad92b7086bb60b7\",\"name\":\"Redacci\u00f3n Box Repsol\",\"image\":{\"@type\":\"ImageObject\",\"inLanguage\":\"es\",\"@id\":\"https:\\\/\\\/secure.gravatar.com\\\/avatar\\\/adf7b77e38b4419baf32c7e9c21dde01f4e40df611f0978e3006fc4ba0aaab7e?s=96&d=mm&r=g\",\"url\":\"https:\\\/\\\/secure.gravatar.com\\\/avatar\\\/adf7b77e38b4419baf32c7e9c21dde01f4e40df611f0978e3006fc4ba0aaab7e?s=96&d=mm&r=g\",\"contentUrl\":\"https:\\\/\\\/secure.gravatar.com\\\/avatar\\\/adf7b77e38b4419baf32c7e9c21dde01f4e40df611f0978e3006fc4ba0aaab7e?s=96&d=mm&r=g\",\"caption\":\"Redacci\u00f3n Box Repsol\"},\"description\":\"Box Repsol lo forma un equipo de periodistas, community managers, dise\u00f1adores y fot\u00f3grafos con m\u00e1s de 20 a\u00f1os de experiencia en el mundo del motorsport. Hemos vivido el primer mundial de un espa\u00f1ol en la categor\u00eda reina de motociclismo con \u00c1lex Crivill\u00e9, estuvimos en las victorias de Pedrosa y los t\u00edtulos de M\u00e1rquez, acompa\u00f1amos en \u00c1frica a Nani Roma y Marc Coma en sus conquistas del Dakar y hemos vibrado con los t\u00edtulos de Toni Bou en Trial. Adem\u00e1s, en nuestro equipo contamos con expertos en el mundo de las dos y cuatro ruedas tanto de la calle y las carreteras, como de los circuitos. Periodistas que han trabajado en revistas y publicaciones para hacerte llegar desde rutas y consejos de mantenimiento, a curiosidades y trucos de pilotaje.\",\"sameAs\":[\"https:\\\/\\\/www.facebook.com\\\/BoxRepsol\\\/\",\"https:\\\/\\\/www.instagram.com\\\/box_repsol\\\/\",\"https:\\\/\\\/x.com\\\/https:\\\/\\\/twitter.com\\\/box_repsol\",\"https:\\\/\\\/www.youtube.com\\\/@Boxrepsol\"],\"url\":\"https:\\\/\\\/www.boxrepsol.com\\\/es\\\/author\\\/redaccion-box-repsol\\\/\"}]}<\/script>\n<!-- \/ Yoast SEO plugin. -->","yoast_head_json":{"title":"Dani Pedrosa lidera el primer d\u00eda en Sepang, con Marc M\u00e1rquez, s\u00e9ptimo - Box Repsol","description":"Test Sepang: Los pilotos del equipo Repsol Honda completan una positiva primera jornada en Malasia, en la que han rodado con tres motos distintas.","canonical":"https:\/\/www.boxrepsol.com\/es\/motogp\/pedrosa-lidera-sepang-marquez-septimo\/","og_locale":"es_ES","og_type":"article","og_title":"Dani Pedrosa lidera el primer d\u00eda en Sepang, con Marc M\u00e1rquez, s\u00e9ptimo - Box Repsol","og_description":"Test Sepang: Los pilotos del equipo Repsol Honda completan una positiva primera jornada en Malasia, en la que han rodado con tres motos distintas.","og_url":"https:\/\/www.boxrepsol.com\/es\/motogp\/pedrosa-lidera-sepang-marquez-septimo\/","og_site_name":"Box Repsol","article_publisher":"https:\/\/www.facebook.com\/BoxRepsol","article_author":"https:\/\/www.facebook.com\/BoxRepsol\/","article_published_time":"2018-01-29T02:00:00+00:00","article_modified_time":"2024-05-21T09:28:46+00:00","og_image":[{"width":995,"height":560,"url":"https:\/\/www.boxrepsol.com\/wp-content\/uploads\/2022\/08\/00_dani_pedrosa_test_sepang_motog_repsol_honda_26_samurai_malaysia.jpg","type":"image\/jpeg"}],"author":"Redacci\u00f3n Box Repsol","twitter_card":"summary_large_image","twitter_creator":"@https:\/\/twitter.com\/box_repsol","twitter_site":"@box_repsol","twitter_misc":{"Written by":"Redacci\u00f3n Box Repsol","Est. reading time":"3 minutos"},"schema":{"@context":"https:\/\/schema.org","@graph":[{"@type":"Article","@id":"https:\/\/www.boxrepsol.com\/es\/motogp\/pedrosa-lidera-sepang-marquez-septimo\/#article","isPartOf":{"@id":"https:\/\/www.boxrepsol.com\/es\/motogp\/pedrosa-lidera-sepang-marquez-septimo\/"},"author":{"name":"Redacci\u00f3n Box Repsol","@id":"https:\/\/www.boxrepsol.com\/es\/#\/schema\/person\/c5c2138f2cca251b0ad92b7086bb60b7"},"headline":"Dani Pedrosa lidera el primer d\u00eda en Sepang, con Marc M\u00e1rquez, s\u00e9ptimo","datePublished":"2018-01-29T02:00:00+00:00","dateModified":"2024-05-21T09:28:46+00:00","mainEntityOfPage":{"@id":"https:\/\/www.boxrepsol.com\/es\/motogp\/pedrosa-lidera-sepang-marquez-septimo\/"},"wordCount":535,"commentCount":0,"publisher":{"@id":"https:\/\/www.boxrepsol.com\/es\/#organization"},"image":{"@id":"https:\/\/www.boxrepsol.com\/es\/motogp\/pedrosa-lidera-sepang-marquez-septimo\/#primaryimage"},"thumbnailUrl":"https:\/\/www.boxrepsol.com\/wp-content\/uploads\/2022\/08\/00_dani_pedrosa_test_sepang_motog_repsol_honda_26_samurai_malaysia.jpg","keywords":["entrenamientos"],"articleSection":["MotoGP"],"inLanguage":"es","potentialAction":[{"@type":"CommentAction","name":"Comment","target":["https:\/\/www.boxrepsol.com\/es\/motogp\/pedrosa-lidera-sepang-marquez-septimo\/#respond"]}]},{"@type":"WebPage","@id":"https:\/\/www.boxrepsol.com\/es\/motogp\/pedrosa-lidera-sepang-marquez-septimo\/","url":"https:\/\/www.boxrepsol.com\/es\/motogp\/pedrosa-lidera-sepang-marquez-septimo\/","name":"Dani Pedrosa lidera el primer d\u00eda en Sepang, con Marc M\u00e1rquez, s\u00e9ptimo - Box Repsol","isPartOf":{"@id":"https:\/\/www.boxrepsol.com\/es\/#website"},"primaryImageOfPage":{"@id":"https:\/\/www.boxrepsol.com\/es\/motogp\/pedrosa-lidera-sepang-marquez-septimo\/#primaryimage"},"image":{"@id":"https:\/\/www.boxrepsol.com\/es\/motogp\/pedrosa-lidera-sepang-marquez-septimo\/#primaryimage"},"thumbnailUrl":"https:\/\/www.boxrepsol.com\/wp-content\/uploads\/2022\/08\/00_dani_pedrosa_test_sepang_motog_repsol_honda_26_samurai_malaysia.jpg","datePublished":"2018-01-29T02:00:00+00:00","dateModified":"2024-05-21T09:28:46+00:00","description":"Test Sepang: Los pilotos del equipo Repsol Honda completan una positiva primera jornada en Malasia, en la que han rodado con tres motos distintas.","breadcrumb":{"@id":"https:\/\/www.boxrepsol.com\/es\/motogp\/pedrosa-lidera-sepang-marquez-septimo\/#breadcrumb"},"inLanguage":"es","potentialAction":[{"@type":"ReadAction","target":["https:\/\/www.boxrepsol.com\/es\/motogp\/pedrosa-lidera-sepang-marquez-septimo\/"]}]},{"@type":"ImageObject","inLanguage":"es","@id":"https:\/\/www.boxrepsol.com\/es\/motogp\/pedrosa-lidera-sepang-marquez-septimo\/#primaryimage","url":"https:\/\/www.boxrepsol.com\/wp-content\/uploads\/2022\/08\/00_dani_pedrosa_test_sepang_motog_repsol_honda_26_samurai_malaysia.jpg","contentUrl":"https:\/\/www.boxrepsol.com\/wp-content\/uploads\/2022\/08\/00_dani_pedrosa_test_sepang_motog_repsol_honda_26_samurai_malaysia.jpg","width":995,"height":560,"caption":"Dani Pedrosa en pit lane junto a RC213V durante los test sepang 2018"},{"@type":"BreadcrumbList","@id":"https:\/\/www.boxrepsol.com\/es\/motogp\/pedrosa-lidera-sepang-marquez-septimo\/#breadcrumb","itemListElement":[{"@type":"ListItem","position":1,"name":"Home","item":"https:\/\/www.boxrepsol.com\/es\/"},{"@type":"ListItem","position":2,"name":"Dani Pedrosa lidera el primer d\u00eda en Sepang, con Marc M\u00e1rquez, s\u00e9ptimo"}]},{"@type":"WebSite","@id":"https:\/\/www.boxrepsol.com\/es\/#website","url":"https:\/\/www.boxrepsol.com\/es\/","name":"Box Repsol","description":"Box Repsol Site","publisher":{"@id":"https:\/\/www.boxrepsol.com\/es\/#organization"},"potentialAction":[{"@type":"SearchAction","target":{"@type":"EntryPoint","urlTemplate":"https:\/\/www.boxrepsol.com\/es\/?s={search_term_string}"},"query-input":{"@type":"PropertyValueSpecification","valueRequired":true,"valueName":"search_term_string"}}],"inLanguage":"es"},{"@type":"Organization","@id":"https:\/\/www.boxrepsol.com\/es\/#organization","name":"Box Repsol","url":"https:\/\/www.boxrepsol.com\/es\/","logo":{"@type":"ImageObject","inLanguage":"es","@id":"https:\/\/www.boxrepsol.com\/es\/#\/schema\/logo\/image\/","url":"https:\/\/bxrepsol.s3.eu-west-1.amazonaws.com\/static\/2025\/07\/30083337\/favicon-96x96-1.png","contentUrl":"https:\/\/bxrepsol.s3.eu-west-1.amazonaws.com\/static\/2025\/07\/30083337\/favicon-96x96-1.png","width":96,"height":96,"caption":"Box Repsol"},"image":{"@id":"https:\/\/www.boxrepsol.com\/es\/#\/schema\/logo\/image\/"},"sameAs":["https:\/\/www.facebook.com\/BoxRepsol","https:\/\/x.com\/box_repsol","http:\/\/instagram.com\/box_repsol","https:\/\/www.youtube.com\/user\/RepsolCompeticion","https:\/\/www.flickr.com\/photos\/box_repsol\/"]},{"@type":"Person","@id":"https:\/\/www.boxrepsol.com\/es\/#\/schema\/person\/c5c2138f2cca251b0ad92b7086bb60b7","name":"Redacci\u00f3n Box Repsol","image":{"@type":"ImageObject","inLanguage":"es","@id":"https:\/\/secure.gravatar.com\/avatar\/adf7b77e38b4419baf32c7e9c21dde01f4e40df611f0978e3006fc4ba0aaab7e?s=96&d=mm&r=g","url":"https:\/\/secure.gravatar.com\/avatar\/adf7b77e38b4419baf32c7e9c21dde01f4e40df611f0978e3006fc4ba0aaab7e?s=96&d=mm&r=g","contentUrl":"https:\/\/secure.gravatar.com\/avatar\/adf7b77e38b4419baf32c7e9c21dde01f4e40df611f0978e3006fc4ba0aaab7e?s=96&d=mm&r=g","caption":"Redacci\u00f3n Box Repsol"},"description":"Box Repsol lo forma un equipo de periodistas, community managers, dise\u00f1adores y fot\u00f3grafos con m\u00e1s de 20 a\u00f1os de experiencia en el mundo del motorsport. Hemos vivido el primer mundial de un espa\u00f1ol en la categor\u00eda reina de motociclismo con \u00c1lex Crivill\u00e9, estuvimos en las victorias de Pedrosa y los t\u00edtulos de M\u00e1rquez, acompa\u00f1amos en \u00c1frica a Nani Roma y Marc Coma en sus conquistas del Dakar y hemos vibrado con los t\u00edtulos de Toni Bou en Trial. Adem\u00e1s, en nuestro equipo contamos con expertos en el mundo de las dos y cuatro ruedas tanto de la calle y las carreteras, como de los circuitos. Periodistas que han trabajado en revistas y publicaciones para hacerte llegar desde rutas y consejos de mantenimiento, a curiosidades y trucos de pilotaje.","sameAs":["https:\/\/www.facebook.com\/BoxRepsol\/","https:\/\/www.instagram.com\/box_repsol\/","https:\/\/x.com\/https:\/\/twitter.com\/box_repsol","https:\/\/www.youtube.com\/@Boxrepsol"],"url":"https:\/\/www.boxrepsol.com\/es\/author\/redaccion-box-repsol\/"}]}},"_links":{"self":[{"href":"https:\/\/www.boxrepsol.com\/es\/wp-json\/wp\/v2\/posts\/92685","targetHints":{"allow":["GET"]}}],"collection":[{"href":"https:\/\/www.boxrepsol.com\/es\/wp-json\/wp\/v2\/posts"}],"about":[{"href":"https:\/\/www.boxrepsol.com\/es\/wp-json\/wp\/v2\/types\/post"}],"author":[{"embeddable":true,"href":"https:\/\/www.boxrepsol.com\/es\/wp-json\/wp\/v2\/users\/43146"}],"replies":[{"embeddable":true,"href":"https:\/\/www.boxrepsol.com\/es\/wp-json\/wp\/v2\/comments?post=92685"}],"version-history":[{"count":1,"href":"https:\/\/www.boxrepsol.com\/es\/wp-json\/wp\/v2\/posts\/92685\/revisions"}],"predecessor-version":[{"id":116401,"href":"https:\/\/www.boxrepsol.com\/es\/wp-json\/wp\/v2\/posts\/92685\/revisions\/116401"}],"wp:featuredmedia":[{"embeddable":true,"href":"https:\/\/www.boxrepsol.com\/es\/wp-json\/wp\/v2\/media\/87417"}],"wp:attachment":[{"href":"https:\/\/www.boxrepsol.com\/es\/wp-json\/wp\/v2\/media?parent=92685"}],"wp:term":[{"taxonomy":"category","embeddable":true,"href":"https:\/\/www.boxrepsol.com\/es\/wp-json\/wp\/v2\/categories?post=92685"},{"taxonomy":"post_tag","embeddable":true,"href":"https:\/\/www.boxrepsol.com\/es\/wp-json\/wp\/v2\/tags?post=92685"}],"curies":[{"name":"wp","href":"https:\/\/api.w.org\/{rel}","templated":true}]}}