{"id":92668,"date":"2018-01-26T00:00:00","date_gmt":"2018-01-26T02:00:00","guid":{"rendered":"http:\/\/pre.boxrepsol.com\/sin-categorizar\/los-flekis-la-asociacion-motos-casarabonela\/"},"modified":"2024-05-21T07:28:19","modified_gmt":"2024-05-21T09:28:19","slug":"los-flekis-la-asociacion-motos-casarabonela","status":"publish","type":"post","link":"https:\/\/www.boxrepsol.com\/es\/cultura-motera\/los-flekis-la-asociacion-motos-casarabonela\/","title":{"rendered":"Los Flekis, la Asociaci\u00f3n de motos de Casarabonela"},"content":{"rendered":"<p>Formada por vecinos y amigos de otros municipios, \u201clos Flekis nacen con la idea de disfrutar con nuestras motos realizando salidas o rutas tur\u00edsticas, en especial a las poblaciones del interior de la provincia de M\u00e1laga\u201d<br \/>\nA principio del mes de junio organizan una gran reuni\u00f3n motera en Casarabonela, \u201cLa Ruta Motera Los Flekis Sierra de las Nieves\u201d.<br \/>\nEs una ruta \u201ctapeo-tur\u00edstica\u201d que recorre los preciosos parajes del Parque Natural del mismo nombre.<\/p>\n<div id=\"attachment_16981\" style=\"width: 714px\" class=\"wp-caption aligncenter\"><img loading=\"lazy\" decoding=\"async\" aria-describedby=\"caption-attachment-16981\" src=\"https:\/\/bxrepsol.s3.eu-west-1.amazonaws.com\/static\/2022\/08\/29075305\/243545-2.png\" alt=\"\" width=\"704\" height=\"450\" \/><p id=\"caption-attachment-16981\" class=\"wp-caption-text\">Foto: Motoclub Los Flekis<\/p><\/div>\n<p>\u201cDesde Casarabonela, nos desplazamos a otros municipios que nos acogen organizando una gran caravana motera tur\u00edstica\u201d, disfrutando, por supuesto, de las \u201cmejores carreteras moteras de la regi\u00f3n\u201d.<br \/>\nA trav\u00e9s de una inscripci\u00f3n simb\u00f3lica de 10 \u20ac, los participantes en ella tienen derecho a una camiseta conmemorativa de recuerdo, desayuno, ruta por carretera organizada con parada para \u00abtapear\u00bb, almuerzo, concierto, y participaci\u00f3n en numerosos sorteos.<br \/>\nEn el 2017 celebraron la \u201cXI Ruta Los Flekis\u201d: en la que recogieron \u201cun total de 540 kilos de alimentos no perecederos para una ONG malague\u00f1a\u201d.<br \/>\nAdem\u00e1s, en esa edici\u00f3n, y por vez primera, la ruta les llev\u00f3 \u201ca visitar la Residencia de la Tercera Edad Buifaran, que se encuentra en nuestro pueblo. Fue una experiencia tan fant\u00e1stica, tanto para nosotros como para los mayores, que la seguiremos repitiendo en las pr\u00f3ximas ediciones\u201d.<\/p>\n<div id=\"attachment_16983\" style=\"width: 714px\" class=\"wp-caption aligncenter\"><img loading=\"lazy\" decoding=\"async\" aria-describedby=\"caption-attachment-16983\" src=\"https:\/\/bxrepsol.s3.eu-west-1.amazonaws.com\/static\/2022\/08\/29075306\/654436-2.png\" alt=\"\" width=\"704\" height=\"450\" \/><p id=\"caption-attachment-16983\" class=\"wp-caption-text\">Foto: Motoclub Los Flekis<\/p><\/div>\n<p>Bajo la presidencia de su fundador Jos\u00e9 Antonio Vergara, Los Flekis es una asociaci\u00f3n motera que, a pesar del poco tiempo que lleva formada y de que \u201cno tiene un n\u00famero muy elevado de integrantes\u201d, est\u00e1 consiguiendo una justa fama entre el mundo motero malague\u00f1o.<br \/>\nEn sus actividades (como dice su lema \u201c\u00a1zemos pocos, pero mu nerviosos!\u201d ya que participan y se dejan ver en todas las concentraciones y reuniones moteras que se celebran en la provincia de M\u00e1laga a lo largo del a\u00f1o) se crea siempre \u201cun gran ambiente de amistad y buen hacer\u201d.<br \/>\nNo en vano, los Flekis se comprometen \u201ca ayudar y a colaborar con otros grupos moteros, en cualquier evento con car\u00e1cter solidario\u201d, siempre deseando a todos \u201c\u00a1buena ruta!\u201d.<\/p>\n<p>Foto cabecera:\u00a0Motoclub Los Flekis<\/p>\n","protected":false},"excerpt":{"rendered":"<p>Hoy os presentamos a \u00abLos Flekis\u00bb un club motero muy especial.<\/p>\n","protected":false},"author":43146,"featured_media":92670,"comment_status":"open","ping_status":"open","sticky":false,"template":"","format":"standard","meta":{"footnotes":""},"categories":[160],"tags":[167],"class_list":["post-92668","post","type-post","status-publish","format-standard","hentry","category-cultura-motera","tag-clubs-y-grupos-moteros"],"yoast_head":"<!-- This site is optimized with the Yoast SEO plugin v27.3 - https:\/\/yoast.com\/product\/yoast-seo-wordpress\/ -->\n<title>Los Flekis la asociaci\u00f3n de motos de Casarabonela<\/title>\n<meta name=\"description\" content=\"Los Flekis es la Asociaci\u00f3n Cultural Motera de Casarabonela, M\u00e1laga, \u201cnacieron\u201d oficialmente en el mes de abril de 2007.\" \/>\n<link rel=\"canonical\" href=\"https:\/\/www.boxrepsol.com\/es\/cultura-motera\/los-flekis-la-asociacion-motos-casarabonela\/\" \/>\n<meta property=\"og:locale\" content=\"es_ES\" \/>\n<meta property=\"og:type\" content=\"article\" \/>\n<meta property=\"og:title\" content=\"Los Flekis la asociaci\u00f3n de motos de Casarabonela\" \/>\n<meta property=\"og:description\" content=\"Los Flekis es la Asociaci\u00f3n Cultural Motera de Casarabonela, M\u00e1laga, \u201cnacieron\u201d oficialmente en el mes de abril de 2007.\" \/>\n<meta property=\"og:url\" content=\"https:\/\/www.boxrepsol.com\/es\/cultura-motera\/los-flekis-la-asociacion-motos-casarabonela\/\" \/>\n<meta property=\"og:site_name\" content=\"Box Repsol\" \/>\n<meta property=\"article:publisher\" content=\"https:\/\/www.facebook.com\/BoxRepsol\" \/>\n<meta property=\"article:author\" content=\"https:\/\/www.facebook.com\/BoxRepsol\/\" \/>\n<meta property=\"article:published_time\" content=\"2018-01-26T02:00:00+00:00\" \/>\n<meta property=\"article:modified_time\" content=\"2024-05-21T09:28:19+00:00\" \/>\n<meta property=\"og:image\" content=\"https:\/\/bxrepsol.s3.eu-west-1.amazonaws.com\/static\/2023\/02\/24101519\/42345245.png\" \/>\n\t<meta property=\"og:image:width\" content=\"986\" \/>\n\t<meta property=\"og:image:height\" content=\"555\" \/>\n\t<meta property=\"og:image:type\" content=\"image\/png\" \/>\n<meta name=\"author\" content=\"Redacci\u00f3n Box Repsol\" \/>\n<meta name=\"twitter:card\" content=\"summary_large_image\" \/>\n<meta name=\"twitter:creator\" content=\"@https:\/\/twitter.com\/box_repsol\" \/>\n<meta name=\"twitter:site\" content=\"@box_repsol\" \/>\n<meta name=\"twitter:label1\" content=\"Written by\" \/>\n\t<meta name=\"twitter:data1\" content=\"Redacci\u00f3n Box Repsol\" \/>\n\t<meta name=\"twitter:label2\" content=\"Est. reading time\" \/>\n\t<meta name=\"twitter:data2\" content=\"2 minutos\" \/>\n<script type=\"application\/ld+json\" class=\"yoast-schema-graph\">{\"@context\":\"https:\\\/\\\/schema.org\",\"@graph\":[{\"@type\":\"Article\",\"@id\":\"https:\\\/\\\/www.boxrepsol.com\\\/es\\\/cultura-motera\\\/los-flekis-la-asociacion-motos-casarabonela\\\/#article\",\"isPartOf\":{\"@id\":\"https:\\\/\\\/www.boxrepsol.com\\\/es\\\/cultura-motera\\\/los-flekis-la-asociacion-motos-casarabonela\\\/\"},\"author\":{\"name\":\"Redacci\u00f3n Box Repsol\",\"@id\":\"https:\\\/\\\/www.boxrepsol.com\\\/es\\\/#\\\/schema\\\/person\\\/c5c2138f2cca251b0ad92b7086bb60b7\"},\"headline\":\"Los Flekis, la Asociaci\u00f3n de motos de Casarabonela\",\"datePublished\":\"2018-01-26T02:00:00+00:00\",\"dateModified\":\"2024-05-21T09:28:19+00:00\",\"mainEntityOfPage\":{\"@id\":\"https:\\\/\\\/www.boxrepsol.com\\\/es\\\/cultura-motera\\\/los-flekis-la-asociacion-motos-casarabonela\\\/\"},\"wordCount\":386,\"commentCount\":0,\"publisher\":{\"@id\":\"https:\\\/\\\/www.boxrepsol.com\\\/es\\\/#organization\"},\"image\":{\"@id\":\"https:\\\/\\\/www.boxrepsol.com\\\/es\\\/cultura-motera\\\/los-flekis-la-asociacion-motos-casarabonela\\\/#primaryimage\"},\"thumbnailUrl\":\"https:\\\/\\\/bxrepsol.s3.eu-west-1.amazonaws.com\\\/static\\\/2023\\\/02\\\/24101519\\\/42345245.png\",\"keywords\":[\"clubs y grupos moteros\"],\"articleSection\":[\"Cultura Motera\"],\"inLanguage\":\"es\",\"potentialAction\":[{\"@type\":\"CommentAction\",\"name\":\"Comment\",\"target\":[\"https:\\\/\\\/www.boxrepsol.com\\\/es\\\/cultura-motera\\\/los-flekis-la-asociacion-motos-casarabonela\\\/#respond\"]}]},{\"@type\":\"WebPage\",\"@id\":\"https:\\\/\\\/www.boxrepsol.com\\\/es\\\/cultura-motera\\\/los-flekis-la-asociacion-motos-casarabonela\\\/\",\"url\":\"https:\\\/\\\/www.boxrepsol.com\\\/es\\\/cultura-motera\\\/los-flekis-la-asociacion-motos-casarabonela\\\/\",\"name\":\"Los Flekis la asociaci\u00f3n de motos de Casarabonela\",\"isPartOf\":{\"@id\":\"https:\\\/\\\/www.boxrepsol.com\\\/es\\\/#website\"},\"primaryImageOfPage\":{\"@id\":\"https:\\\/\\\/www.boxrepsol.com\\\/es\\\/cultura-motera\\\/los-flekis-la-asociacion-motos-casarabonela\\\/#primaryimage\"},\"image\":{\"@id\":\"https:\\\/\\\/www.boxrepsol.com\\\/es\\\/cultura-motera\\\/los-flekis-la-asociacion-motos-casarabonela\\\/#primaryimage\"},\"thumbnailUrl\":\"https:\\\/\\\/bxrepsol.s3.eu-west-1.amazonaws.com\\\/static\\\/2023\\\/02\\\/24101519\\\/42345245.png\",\"datePublished\":\"2018-01-26T02:00:00+00:00\",\"dateModified\":\"2024-05-21T09:28:19+00:00\",\"description\":\"Los Flekis es la Asociaci\u00f3n Cultural Motera de Casarabonela, M\u00e1laga, \u201cnacieron\u201d oficialmente en el mes de abril de 2007.\",\"breadcrumb\":{\"@id\":\"https:\\\/\\\/www.boxrepsol.com\\\/es\\\/cultura-motera\\\/los-flekis-la-asociacion-motos-casarabonela\\\/#breadcrumb\"},\"inLanguage\":\"es\",\"potentialAction\":[{\"@type\":\"ReadAction\",\"target\":[\"https:\\\/\\\/www.boxrepsol.com\\\/es\\\/cultura-motera\\\/los-flekis-la-asociacion-motos-casarabonela\\\/\"]}]},{\"@type\":\"ImageObject\",\"inLanguage\":\"es\",\"@id\":\"https:\\\/\\\/www.boxrepsol.com\\\/es\\\/cultura-motera\\\/los-flekis-la-asociacion-motos-casarabonela\\\/#primaryimage\",\"url\":\"https:\\\/\\\/bxrepsol.s3.eu-west-1.amazonaws.com\\\/static\\\/2023\\\/02\\\/24101519\\\/42345245.png\",\"contentUrl\":\"https:\\\/\\\/bxrepsol.s3.eu-west-1.amazonaws.com\\\/static\\\/2023\\\/02\\\/24101519\\\/42345245.png\",\"width\":986,\"height\":555,\"caption\":\"Los Flekis\"},{\"@type\":\"BreadcrumbList\",\"@id\":\"https:\\\/\\\/www.boxrepsol.com\\\/es\\\/cultura-motera\\\/los-flekis-la-asociacion-motos-casarabonela\\\/#breadcrumb\",\"itemListElement\":[{\"@type\":\"ListItem\",\"position\":1,\"name\":\"Home\",\"item\":\"https:\\\/\\\/www.boxrepsol.com\\\/es\\\/\"},{\"@type\":\"ListItem\",\"position\":2,\"name\":\"Los Flekis, la Asociaci\u00f3n de motos de Casarabonela\"}]},{\"@type\":\"WebSite\",\"@id\":\"https:\\\/\\\/www.boxrepsol.com\\\/es\\\/#website\",\"url\":\"https:\\\/\\\/www.boxrepsol.com\\\/es\\\/\",\"name\":\"Box Repsol\",\"description\":\"Box Repsol Site\",\"publisher\":{\"@id\":\"https:\\\/\\\/www.boxrepsol.com\\\/es\\\/#organization\"},\"potentialAction\":[{\"@type\":\"SearchAction\",\"target\":{\"@type\":\"EntryPoint\",\"urlTemplate\":\"https:\\\/\\\/www.boxrepsol.com\\\/es\\\/?s={search_term_string}\"},\"query-input\":{\"@type\":\"PropertyValueSpecification\",\"valueRequired\":true,\"valueName\":\"search_term_string\"}}],\"inLanguage\":\"es\"},{\"@type\":\"Organization\",\"@id\":\"https:\\\/\\\/www.boxrepsol.com\\\/es\\\/#organization\",\"name\":\"Box Repsol\",\"url\":\"https:\\\/\\\/www.boxrepsol.com\\\/es\\\/\",\"logo\":{\"@type\":\"ImageObject\",\"inLanguage\":\"es\",\"@id\":\"https:\\\/\\\/www.boxrepsol.com\\\/es\\\/#\\\/schema\\\/logo\\\/image\\\/\",\"url\":\"https:\\\/\\\/bxrepsol.s3.eu-west-1.amazonaws.com\\\/static\\\/2025\\\/07\\\/30083337\\\/favicon-96x96-1.png\",\"contentUrl\":\"https:\\\/\\\/bxrepsol.s3.eu-west-1.amazonaws.com\\\/static\\\/2025\\\/07\\\/30083337\\\/favicon-96x96-1.png\",\"width\":96,\"height\":96,\"caption\":\"Box Repsol\"},\"image\":{\"@id\":\"https:\\\/\\\/www.boxrepsol.com\\\/es\\\/#\\\/schema\\\/logo\\\/image\\\/\"},\"sameAs\":[\"https:\\\/\\\/www.facebook.com\\\/BoxRepsol\",\"https:\\\/\\\/x.com\\\/box_repsol\",\"http:\\\/\\\/instagram.com\\\/box_repsol\",\"https:\\\/\\\/www.youtube.com\\\/user\\\/RepsolCompeticion\",\"https:\\\/\\\/www.flickr.com\\\/photos\\\/box_repsol\\\/\"]},{\"@type\":\"Person\",\"@id\":\"https:\\\/\\\/www.boxrepsol.com\\\/es\\\/#\\\/schema\\\/person\\\/c5c2138f2cca251b0ad92b7086bb60b7\",\"name\":\"Redacci\u00f3n Box Repsol\",\"image\":{\"@type\":\"ImageObject\",\"inLanguage\":\"es\",\"@id\":\"https:\\\/\\\/secure.gravatar.com\\\/avatar\\\/adf7b77e38b4419baf32c7e9c21dde01f4e40df611f0978e3006fc4ba0aaab7e?s=96&d=mm&r=g\",\"url\":\"https:\\\/\\\/secure.gravatar.com\\\/avatar\\\/adf7b77e38b4419baf32c7e9c21dde01f4e40df611f0978e3006fc4ba0aaab7e?s=96&d=mm&r=g\",\"contentUrl\":\"https:\\\/\\\/secure.gravatar.com\\\/avatar\\\/adf7b77e38b4419baf32c7e9c21dde01f4e40df611f0978e3006fc4ba0aaab7e?s=96&d=mm&r=g\",\"caption\":\"Redacci\u00f3n Box Repsol\"},\"description\":\"Box Repsol lo forma un equipo de periodistas, community managers, dise\u00f1adores y fot\u00f3grafos con m\u00e1s de 20 a\u00f1os de experiencia en el mundo del motorsport. Hemos vivido el primer mundial de un espa\u00f1ol en la categor\u00eda reina de motociclismo con \u00c1lex Crivill\u00e9, estuvimos en las victorias de Pedrosa y los t\u00edtulos de M\u00e1rquez, acompa\u00f1amos en \u00c1frica a Nani Roma y Marc Coma en sus conquistas del Dakar y hemos vibrado con los t\u00edtulos de Toni Bou en Trial. Adem\u00e1s, en nuestro equipo contamos con expertos en el mundo de las dos y cuatro ruedas tanto de la calle y las carreteras, como de los circuitos. Periodistas que han trabajado en revistas y publicaciones para hacerte llegar desde rutas y consejos de mantenimiento, a curiosidades y trucos de pilotaje.\",\"sameAs\":[\"https:\\\/\\\/www.facebook.com\\\/BoxRepsol\\\/\",\"https:\\\/\\\/www.instagram.com\\\/box_repsol\\\/\",\"https:\\\/\\\/x.com\\\/https:\\\/\\\/twitter.com\\\/box_repsol\",\"https:\\\/\\\/www.youtube.com\\\/@Boxrepsol\"],\"url\":\"https:\\\/\\\/www.boxrepsol.com\\\/es\\\/author\\\/redaccion-box-repsol\\\/\"}]}<\/script>\n<!-- \/ Yoast SEO plugin. -->","yoast_head_json":{"title":"Los Flekis la asociaci\u00f3n de motos de Casarabonela","description":"Los Flekis es la Asociaci\u00f3n Cultural Motera de Casarabonela, M\u00e1laga, \u201cnacieron\u201d oficialmente en el mes de abril de 2007.","canonical":"https:\/\/www.boxrepsol.com\/es\/cultura-motera\/los-flekis-la-asociacion-motos-casarabonela\/","og_locale":"es_ES","og_type":"article","og_title":"Los Flekis la asociaci\u00f3n de motos de Casarabonela","og_description":"Los Flekis es la Asociaci\u00f3n Cultural Motera de Casarabonela, M\u00e1laga, \u201cnacieron\u201d oficialmente en el mes de abril de 2007.","og_url":"https:\/\/www.boxrepsol.com\/es\/cultura-motera\/los-flekis-la-asociacion-motos-casarabonela\/","og_site_name":"Box Repsol","article_publisher":"https:\/\/www.facebook.com\/BoxRepsol","article_author":"https:\/\/www.facebook.com\/BoxRepsol\/","article_published_time":"2018-01-26T02:00:00+00:00","article_modified_time":"2024-05-21T09:28:19+00:00","og_image":[{"width":986,"height":555,"url":"https:\/\/bxrepsol.s3.eu-west-1.amazonaws.com\/static\/2023\/02\/24101519\/42345245.png","type":"image\/png"}],"author":"Redacci\u00f3n Box Repsol","twitter_card":"summary_large_image","twitter_creator":"@https:\/\/twitter.com\/box_repsol","twitter_site":"@box_repsol","twitter_misc":{"Written by":"Redacci\u00f3n Box Repsol","Est. reading time":"2 minutos"},"schema":{"@context":"https:\/\/schema.org","@graph":[{"@type":"Article","@id":"https:\/\/www.boxrepsol.com\/es\/cultura-motera\/los-flekis-la-asociacion-motos-casarabonela\/#article","isPartOf":{"@id":"https:\/\/www.boxrepsol.com\/es\/cultura-motera\/los-flekis-la-asociacion-motos-casarabonela\/"},"author":{"name":"Redacci\u00f3n Box Repsol","@id":"https:\/\/www.boxrepsol.com\/es\/#\/schema\/person\/c5c2138f2cca251b0ad92b7086bb60b7"},"headline":"Los Flekis, la Asociaci\u00f3n de motos de Casarabonela","datePublished":"2018-01-26T02:00:00+00:00","dateModified":"2024-05-21T09:28:19+00:00","mainEntityOfPage":{"@id":"https:\/\/www.boxrepsol.com\/es\/cultura-motera\/los-flekis-la-asociacion-motos-casarabonela\/"},"wordCount":386,"commentCount":0,"publisher":{"@id":"https:\/\/www.boxrepsol.com\/es\/#organization"},"image":{"@id":"https:\/\/www.boxrepsol.com\/es\/cultura-motera\/los-flekis-la-asociacion-motos-casarabonela\/#primaryimage"},"thumbnailUrl":"https:\/\/bxrepsol.s3.eu-west-1.amazonaws.com\/static\/2023\/02\/24101519\/42345245.png","keywords":["clubs y grupos moteros"],"articleSection":["Cultura Motera"],"inLanguage":"es","potentialAction":[{"@type":"CommentAction","name":"Comment","target":["https:\/\/www.boxrepsol.com\/es\/cultura-motera\/los-flekis-la-asociacion-motos-casarabonela\/#respond"]}]},{"@type":"WebPage","@id":"https:\/\/www.boxrepsol.com\/es\/cultura-motera\/los-flekis-la-asociacion-motos-casarabonela\/","url":"https:\/\/www.boxrepsol.com\/es\/cultura-motera\/los-flekis-la-asociacion-motos-casarabonela\/","name":"Los Flekis la asociaci\u00f3n de motos de Casarabonela","isPartOf":{"@id":"https:\/\/www.boxrepsol.com\/es\/#website"},"primaryImageOfPage":{"@id":"https:\/\/www.boxrepsol.com\/es\/cultura-motera\/los-flekis-la-asociacion-motos-casarabonela\/#primaryimage"},"image":{"@id":"https:\/\/www.boxrepsol.com\/es\/cultura-motera\/los-flekis-la-asociacion-motos-casarabonela\/#primaryimage"},"thumbnailUrl":"https:\/\/bxrepsol.s3.eu-west-1.amazonaws.com\/static\/2023\/02\/24101519\/42345245.png","datePublished":"2018-01-26T02:00:00+00:00","dateModified":"2024-05-21T09:28:19+00:00","description":"Los Flekis es la Asociaci\u00f3n Cultural Motera de Casarabonela, M\u00e1laga, \u201cnacieron\u201d oficialmente en el mes de abril de 2007.","breadcrumb":{"@id":"https:\/\/www.boxrepsol.com\/es\/cultura-motera\/los-flekis-la-asociacion-motos-casarabonela\/#breadcrumb"},"inLanguage":"es","potentialAction":[{"@type":"ReadAction","target":["https:\/\/www.boxrepsol.com\/es\/cultura-motera\/los-flekis-la-asociacion-motos-casarabonela\/"]}]},{"@type":"ImageObject","inLanguage":"es","@id":"https:\/\/www.boxrepsol.com\/es\/cultura-motera\/los-flekis-la-asociacion-motos-casarabonela\/#primaryimage","url":"https:\/\/bxrepsol.s3.eu-west-1.amazonaws.com\/static\/2023\/02\/24101519\/42345245.png","contentUrl":"https:\/\/bxrepsol.s3.eu-west-1.amazonaws.com\/static\/2023\/02\/24101519\/42345245.png","width":986,"height":555,"caption":"Los Flekis"},{"@type":"BreadcrumbList","@id":"https:\/\/www.boxrepsol.com\/es\/cultura-motera\/los-flekis-la-asociacion-motos-casarabonela\/#breadcrumb","itemListElement":[{"@type":"ListItem","position":1,"name":"Home","item":"https:\/\/www.boxrepsol.com\/es\/"},{"@type":"ListItem","position":2,"name":"Los Flekis, la Asociaci\u00f3n de motos de Casarabonela"}]},{"@type":"WebSite","@id":"https:\/\/www.boxrepsol.com\/es\/#website","url":"https:\/\/www.boxrepsol.com\/es\/","name":"Box Repsol","description":"Box Repsol Site","publisher":{"@id":"https:\/\/www.boxrepsol.com\/es\/#organization"},"potentialAction":[{"@type":"SearchAction","target":{"@type":"EntryPoint","urlTemplate":"https:\/\/www.boxrepsol.com\/es\/?s={search_term_string}"},"query-input":{"@type":"PropertyValueSpecification","valueRequired":true,"valueName":"search_term_string"}}],"inLanguage":"es"},{"@type":"Organization","@id":"https:\/\/www.boxrepsol.com\/es\/#organization","name":"Box Repsol","url":"https:\/\/www.boxrepsol.com\/es\/","logo":{"@type":"ImageObject","inLanguage":"es","@id":"https:\/\/www.boxrepsol.com\/es\/#\/schema\/logo\/image\/","url":"https:\/\/bxrepsol.s3.eu-west-1.amazonaws.com\/static\/2025\/07\/30083337\/favicon-96x96-1.png","contentUrl":"https:\/\/bxrepsol.s3.eu-west-1.amazonaws.com\/static\/2025\/07\/30083337\/favicon-96x96-1.png","width":96,"height":96,"caption":"Box Repsol"},"image":{"@id":"https:\/\/www.boxrepsol.com\/es\/#\/schema\/logo\/image\/"},"sameAs":["https:\/\/www.facebook.com\/BoxRepsol","https:\/\/x.com\/box_repsol","http:\/\/instagram.com\/box_repsol","https:\/\/www.youtube.com\/user\/RepsolCompeticion","https:\/\/www.flickr.com\/photos\/box_repsol\/"]},{"@type":"Person","@id":"https:\/\/www.boxrepsol.com\/es\/#\/schema\/person\/c5c2138f2cca251b0ad92b7086bb60b7","name":"Redacci\u00f3n Box Repsol","image":{"@type":"ImageObject","inLanguage":"es","@id":"https:\/\/secure.gravatar.com\/avatar\/adf7b77e38b4419baf32c7e9c21dde01f4e40df611f0978e3006fc4ba0aaab7e?s=96&d=mm&r=g","url":"https:\/\/secure.gravatar.com\/avatar\/adf7b77e38b4419baf32c7e9c21dde01f4e40df611f0978e3006fc4ba0aaab7e?s=96&d=mm&r=g","contentUrl":"https:\/\/secure.gravatar.com\/avatar\/adf7b77e38b4419baf32c7e9c21dde01f4e40df611f0978e3006fc4ba0aaab7e?s=96&d=mm&r=g","caption":"Redacci\u00f3n Box Repsol"},"description":"Box Repsol lo forma un equipo de periodistas, community managers, dise\u00f1adores y fot\u00f3grafos con m\u00e1s de 20 a\u00f1os de experiencia en el mundo del motorsport. Hemos vivido el primer mundial de un espa\u00f1ol en la categor\u00eda reina de motociclismo con \u00c1lex Crivill\u00e9, estuvimos en las victorias de Pedrosa y los t\u00edtulos de M\u00e1rquez, acompa\u00f1amos en \u00c1frica a Nani Roma y Marc Coma en sus conquistas del Dakar y hemos vibrado con los t\u00edtulos de Toni Bou en Trial. Adem\u00e1s, en nuestro equipo contamos con expertos en el mundo de las dos y cuatro ruedas tanto de la calle y las carreteras, como de los circuitos. Periodistas que han trabajado en revistas y publicaciones para hacerte llegar desde rutas y consejos de mantenimiento, a curiosidades y trucos de pilotaje.","sameAs":["https:\/\/www.facebook.com\/BoxRepsol\/","https:\/\/www.instagram.com\/box_repsol\/","https:\/\/x.com\/https:\/\/twitter.com\/box_repsol","https:\/\/www.youtube.com\/@Boxrepsol"],"url":"https:\/\/www.boxrepsol.com\/es\/author\/redaccion-box-repsol\/"}]}},"_links":{"self":[{"href":"https:\/\/www.boxrepsol.com\/es\/wp-json\/wp\/v2\/posts\/92668","targetHints":{"allow":["GET"]}}],"collection":[{"href":"https:\/\/www.boxrepsol.com\/es\/wp-json\/wp\/v2\/posts"}],"about":[{"href":"https:\/\/www.boxrepsol.com\/es\/wp-json\/wp\/v2\/types\/post"}],"author":[{"embeddable":true,"href":"https:\/\/www.boxrepsol.com\/es\/wp-json\/wp\/v2\/users\/43146"}],"replies":[{"embeddable":true,"href":"https:\/\/www.boxrepsol.com\/es\/wp-json\/wp\/v2\/comments?post=92668"}],"version-history":[{"count":1,"href":"https:\/\/www.boxrepsol.com\/es\/wp-json\/wp\/v2\/posts\/92668\/revisions"}],"predecessor-version":[{"id":92669,"href":"https:\/\/www.boxrepsol.com\/es\/wp-json\/wp\/v2\/posts\/92668\/revisions\/92669"}],"wp:featuredmedia":[{"embeddable":true,"href":"https:\/\/www.boxrepsol.com\/es\/wp-json\/wp\/v2\/media\/92670"}],"wp:attachment":[{"href":"https:\/\/www.boxrepsol.com\/es\/wp-json\/wp\/v2\/media?parent=92668"}],"wp:term":[{"taxonomy":"category","embeddable":true,"href":"https:\/\/www.boxrepsol.com\/es\/wp-json\/wp\/v2\/categories?post=92668"},{"taxonomy":"post_tag","embeddable":true,"href":"https:\/\/www.boxrepsol.com\/es\/wp-json\/wp\/v2\/tags?post=92668"}],"curies":[{"name":"wp","href":"https:\/\/api.w.org\/{rel}","templated":true}]}}