{"id":92639,"date":"2018-01-23T00:00:00","date_gmt":"2018-01-23T02:00:00","guid":{"rendered":"http:\/\/pre.boxrepsol.com\/sin-categorizar\/edad-puedo-llevar-hijo-moto\/"},"modified":"2025-06-26T05:38:03","modified_gmt":"2025-06-26T07:38:03","slug":"edad-puedo-llevar-hijo-moto","status":"publish","type":"post","link":"https:\/\/www.boxrepsol.com\/es\/cultura-motera\/edad-puedo-llevar-hijo-moto\/","title":{"rendered":"\u00bfA qu\u00e9 edad puedo llevar a mi hijo en moto?"},"content":{"rendered":"\n<p>La <strong>DGT<\/strong>, en su <strong>reglamento general de circulaci\u00f3n<\/strong>, lo deja bien claro: como norma general, la edad m\u00ednima es de <strong>12 a\u00f1os<\/strong>. Pero con excepciones a partir de los <strong>7 a\u00f1os<\/strong>. Repasemos qu\u00e9 dice la ley y salgamos de dudas.<\/p>\n\n\n\n<p><span style=\"font-size: inherit; color: initial; font-family: inherit; font-weight: inherit; text-align: var(--bs-body-text-align);\">Antes de entrar en materia debemos saber si nuestra moto est\u00e1 habilitada para llevar <\/span><strong style=\"font-size: inherit; color: initial; font-family: inherit; text-align: var(--bs-body-text-align);\">pasajero<\/strong><span style=\"font-size: inherit; color: initial; font-family: inherit; font-weight: inherit; text-align: var(--bs-body-text-align);\">. Esta informaci\u00f3n, para el que no lo tenga claro, aparece detallada en el <\/span><strong style=\"font-size: inherit; color: initial; font-family: inherit; text-align: var(--bs-body-text-align);\">permiso de circulaci\u00f3n<\/strong>.<\/p>\n\n\n\n<h2 class=\"wp-block-heading\">Requisitos para llevar a un ni\u00f1o en moto<\/h2>\n\n\n\n<p>En caso afirmativo, el ni\u00f1o o ni\u00f1a deber\u00e1 tener un m\u00ednimo de 12 a\u00f1os para poderse montar. Y, muy importante, deber\u00e1 colocar los <strong>pies en las estriberas<\/strong> laterales para poder sostenerse sin perder el equilibrio en las curvas. Esto significa que si el peque\u00f1o queda con los pies colgando, adem\u00e1s del peligro que corre, un agente de la autoridad podr\u00eda sancionarnos. En ning\u00fan caso, por si a alguien se le ha pasado por la cabeza, el menor podr\u00e1 ir entre el <strong>motorista<\/strong> y el <strong>manillar<\/strong>.<\/p>\n\n\n<figure class=\"wp-block-post-featured-image\"><img loading=\"lazy\" decoding=\"async\" width=\"986\" height=\"555\" src=\"https:\/\/bxrepsol.s3.eu-west-1.amazonaws.com\/static\/2023\/02\/24101502\/hijo_en_moto_header_mark_harkin_flickr-2.png\" class=\"attachment-post-thumbnail size-post-thumbnail wp-post-image\" alt=\"Madre e hijo en moto\" style=\"object-fit:cover;\" srcset=\"https:\/\/bxrepsol.s3.eu-west-1.amazonaws.com\/static\/2023\/02\/24101502\/hijo_en_moto_header_mark_harkin_flickr-2.png 986w, https:\/\/bxrepsol.s3.eu-west-1.amazonaws.com\/static\/2023\/02\/24101502\/hijo_en_moto_header_mark_harkin_flickr-2-300x169.png 300w, https:\/\/bxrepsol.s3.eu-west-1.amazonaws.com\/static\/2023\/02\/24101502\/hijo_en_moto_header_mark_harkin_flickr-2-768x432.png 768w\" sizes=\"auto, (max-width: 986px) 100vw, 986px\" \/><\/figure>\n\n\n<div class=\"br-slider-box\"><div class=\"wp-block-create-block-repsol-carousel br-slider\"><a href=\"https:\/\/bxrepsol.s3.eu-west-1.amazonaws.com\/static\/2018\/01\/28084437\/20171121_equipo_repsol_en_tu_cole-3.jpg\" data-index=\"0\" class=\"br-slide\"><img decoding=\"async\" src=\"https:\/\/bxrepsol.s3.eu-west-1.amazonaws.com\/static\/2018\/01\/28084437\/20171121_equipo_repsol_en_tu_cole-3.jpg\"\/><\/a><a href=\"https:\/\/bxrepsol.s3.eu-west-1.amazonaws.com\/static\/2018\/01\/28084438\/minimarc_repsol-1.png\" data-index=\"1\" class=\"br-slide\"><img decoding=\"async\" src=\"https:\/\/bxrepsol.s3.eu-west-1.amazonaws.com\/static\/2018\/01\/28084438\/minimarc_repsol-1.png\"\/><\/a><a href=\"https:\/\/bxrepsol.s3.eu-west-1.amazonaws.com\/static\/2018\/01\/28084439\/motos_para_ninos-2.jpg\" data-index=\"2\" class=\"br-slide\"><img decoding=\"async\" src=\"https:\/\/bxrepsol.s3.eu-west-1.amazonaws.com\/static\/2018\/01\/28084439\/motos_para_ninos-2.jpg\"\/><\/a><a href=\"https:\/\/bxrepsol.s3.eu-west-1.amazonaws.com\/static\/2018\/01\/28084440\/nino-disfruta-de-sus-regalos-moteros-de-navidad-1.jpg\" data-index=\"3\" class=\"br-slide\"><img decoding=\"async\" src=\"https:\/\/bxrepsol.s3.eu-west-1.amazonaws.com\/static\/2018\/01\/28084440\/nino-disfruta-de-sus-regalos-moteros-de-navidad-1.jpg\"\/><\/a><a href=\"https:\/\/bxrepsol.s3.eu-west-1.amazonaws.com\/static\/2018\/01\/28084442\/primer_gran_premio_de_mi_hijo_header_todoelratosinpara-3.png\" data-index=\"4\" class=\"br-slide\"><img decoding=\"async\" src=\"https:\/\/bxrepsol.s3.eu-west-1.amazonaws.com\/static\/2018\/01\/28084442\/primer_gran_premio_de_mi_hijo_header_todoelratosinpara-3.png\"\/><\/a><\/div><div class=\"br-slider-buttons\"><button class=\"arrow rds-icon arrow--left rds-icon-Arrow_left\"><\/button><button class=\"arrow rds-icon arrow--right rds-icon-Arrow_right\"><\/button><\/div><\/div>\n\n\n\n<p>De manera excepcional, seg\u00fan reza la DGT, los mayores de siete a\u00f1os tambi\u00e9n podr\u00e1n montar en moto, siempre y cuando sea el padre, la madre o el tutor legal quien vaya delante. El piloto tambi\u00e9n podr\u00e1 ser una persona autorizada debidamente por los padres, as\u00ed que si llev\u00e1is al hijo de un amigo, no ser\u00eda ninguna tonter\u00eda que os firmara un papel en el que d\u00e9 su consentimiento para disfrutar de esa vuelta sin problemas. En todos los casos anteriores, por si hab\u00eda alguna duda, el menor debe <strong>llevar casco<\/strong>. Y si es <strong>integral<\/strong>, cubriendo toda la cabeza y la barbilla, mucho mejor. Es importante que el casco sea de <strong>talla infantil<\/strong>, ya que si le colocamos uno de nuestro tama\u00f1o y tenemos un percance, es posible que la protecci\u00f3n se desprenda. Sobra decir que cualquier casco de juguete, adem\u00e1s de ser ilegal, ser\u00eda una absoluta temeridad.<\/p>\n\n\n\n<h3 class=\"wp-block-heading\">Consejos para llevar a un ni\u00f1o en moto<\/h3>\n\n\n\n<p>No debemos olvidar que los ni\u00f1os tienen menos fuerza y que su capacidad de agarre es menor. Deberemos tener cuidado con el embrague en el momento de <strong>dar gas<\/strong>. Para evitar sustos, en el mercado existen asientos adaptados y respaldos que permiten que el ni\u00f1o quede bien agarrado. Durante el pilotaje deberemos ser suaves en nuestros movimientos. Tampoco vendr\u00eda mal explicarle al peque\u00f1o que en las curvas debe dejarse llevar sin miedo, pues es habitual que, temerosos de irse al suelo,<strong> inclinen el cuerpo hacia el lado contrario<\/strong>.<\/p>\n\n\n\n<figure class=\"wp-block-image size-full is-resized\"><img loading=\"lazy\" decoding=\"async\" src=\"https:\/\/bxrepsol.s3.eu-west-1.amazonaws.com\/static\/2024\/01\/25072324\/istockphoto-1217768493-612x612-1.jpg\" alt=\"Padre e hijo rodando en una Motocross\" class=\"wp-image-110762\" width=\"838\" height=\"559\" srcset=\"https:\/\/bxrepsol.s3.eu-west-1.amazonaws.com\/static\/2024\/01\/25072324\/istockphoto-1217768493-612x612-1.jpg 612w, https:\/\/bxrepsol.s3.eu-west-1.amazonaws.com\/static\/2024\/01\/25072324\/istockphoto-1217768493-612x612-1-300x200.jpg 300w\" sizes=\"auto, (max-width: 838px) 100vw, 838px\" \/><\/figure>\n\n\n\n<p>Pero m\u00e1s all\u00e1 de las recomendaciones y de lo que diga la ley, nadie conoce a nuestros hijos como nosotros. Si notamos cierta inseguridad, si tiene miedo o es muy nervioso, quiz\u00e1s <strong>deber\u00edamos abandonar la idea de llevarle en moto<\/strong>. Ya llegar\u00e1 su momento. La seguridad, siempre, es lo primero, y la moto estar\u00e1 ah\u00ed esper\u00e1ndole.<\/p>\n\n\n\n<p>Si se cumplen todas las normas que dicta la DGT y nos dejamos guiar por el sentido com\u00fan, es muy probable que en esa primera vuelta <strong>nazca un futuro amante de las moto<\/strong>s. Un motero en potencia.<\/p>\n","protected":false},"excerpt":{"rendered":"<p>Hay mucha leyenda en torno a los ni\u00f1os y las motos. Pero tras las conversaciones de sobremesa siempre te vas con las mismas dudas: \u00bfpuedo o no puedo llevar a mi hijo en moto?<\/p>\n","protected":false},"author":43146,"featured_media":92641,"comment_status":"open","ping_status":"open","sticky":false,"template":"","format":"standard","meta":{"footnotes":""},"categories":[160],"tags":[585,346],"class_list":["post-92639","post","type-post","status-publish","format-standard","hentry","category-cultura-motera","tag-conduccion","tag-seguridad"],"yoast_head":"<!-- This site is optimized with the Yoast SEO plugin v27.3 - https:\/\/yoast.com\/product\/yoast-seo-wordpress\/ -->\n<title>\u00bfCu\u00e1ndo puedo montar a mi hijo en la moto conmigo? - Box Repsol<\/title>\n<meta name=\"description\" content=\"La DGT, en su reglamento general de circulaci\u00f3n, lo deja bien claro: como norma general, la edad m\u00ednima es de 12 a\u00f1os. Pero con excepciones a partir de los\" \/>\n<link rel=\"canonical\" href=\"https:\/\/www.boxrepsol.com\/es\/cultura-motera\/edad-puedo-llevar-hijo-moto\/\" \/>\n<meta property=\"og:locale\" content=\"es_ES\" \/>\n<meta property=\"og:type\" content=\"article\" \/>\n<meta property=\"og:title\" content=\"\u00bfCu\u00e1ndo puedo montar a mi hijo en la moto conmigo? - Box Repsol\" \/>\n<meta property=\"og:description\" content=\"La DGT, en su reglamento general de circulaci\u00f3n, lo deja bien claro: como norma general, la edad m\u00ednima es de 12 a\u00f1os. Pero con excepciones a partir de los\" \/>\n<meta property=\"og:url\" content=\"https:\/\/www.boxrepsol.com\/es\/cultura-motera\/edad-puedo-llevar-hijo-moto\/\" \/>\n<meta property=\"og:site_name\" content=\"Box Repsol\" \/>\n<meta property=\"article:publisher\" content=\"https:\/\/www.facebook.com\/BoxRepsol\" \/>\n<meta property=\"article:author\" content=\"https:\/\/www.facebook.com\/BoxRepsol\/\" \/>\n<meta property=\"article:published_time\" content=\"2018-01-23T02:00:00+00:00\" \/>\n<meta property=\"article:modified_time\" content=\"2025-06-26T07:38:03+00:00\" \/>\n<meta property=\"og:image\" content=\"https:\/\/bxrepsol.s3.eu-west-1.amazonaws.com\/static\/2023\/02\/24101502\/hijo_en_moto_header_mark_harkin_flickr-2.png\" \/>\n\t<meta property=\"og:image:width\" content=\"986\" \/>\n\t<meta property=\"og:image:height\" content=\"555\" \/>\n\t<meta property=\"og:image:type\" content=\"image\/png\" \/>\n<meta name=\"author\" content=\"Redacci\u00f3n Box Repsol\" \/>\n<meta name=\"twitter:card\" content=\"summary_large_image\" \/>\n<meta name=\"twitter:creator\" content=\"@https:\/\/twitter.com\/box_repsol\" \/>\n<meta name=\"twitter:site\" content=\"@box_repsol\" \/>\n<meta name=\"twitter:label1\" content=\"Written by\" \/>\n\t<meta name=\"twitter:data1\" content=\"Redacci\u00f3n Box Repsol\" \/>\n\t<meta name=\"twitter:label2\" content=\"Est. reading time\" \/>\n\t<meta name=\"twitter:data2\" content=\"3 minutos\" \/>\n<script type=\"application\/ld+json\" class=\"yoast-schema-graph\">{\"@context\":\"https:\\\/\\\/schema.org\",\"@graph\":[{\"@type\":\"Article\",\"@id\":\"https:\\\/\\\/www.boxrepsol.com\\\/es\\\/cultura-motera\\\/edad-puedo-llevar-hijo-moto\\\/#article\",\"isPartOf\":{\"@id\":\"https:\\\/\\\/www.boxrepsol.com\\\/es\\\/cultura-motera\\\/edad-puedo-llevar-hijo-moto\\\/\"},\"author\":{\"name\":\"Redacci\u00f3n Box Repsol\",\"@id\":\"https:\\\/\\\/www.boxrepsol.com\\\/es\\\/#\\\/schema\\\/person\\\/c5c2138f2cca251b0ad92b7086bb60b7\"},\"headline\":\"\u00bfA qu\u00e9 edad puedo llevar a mi hijo en moto?\",\"datePublished\":\"2018-01-23T02:00:00+00:00\",\"dateModified\":\"2025-06-26T07:38:03+00:00\",\"mainEntityOfPage\":{\"@id\":\"https:\\\/\\\/www.boxrepsol.com\\\/es\\\/cultura-motera\\\/edad-puedo-llevar-hijo-moto\\\/\"},\"wordCount\":545,\"commentCount\":1,\"publisher\":{\"@id\":\"https:\\\/\\\/www.boxrepsol.com\\\/es\\\/#organization\"},\"image\":{\"@id\":\"https:\\\/\\\/www.boxrepsol.com\\\/es\\\/cultura-motera\\\/edad-puedo-llevar-hijo-moto\\\/#primaryimage\"},\"thumbnailUrl\":\"https:\\\/\\\/bxrepsol.s3.eu-west-1.amazonaws.com\\\/static\\\/2023\\\/02\\\/24101502\\\/hijo_en_moto_header_mark_harkin_flickr-2.png\",\"keywords\":[\"conducci\u00f3n\",\"Seguridad\"],\"articleSection\":[\"Cultura Motera\"],\"inLanguage\":\"es\",\"potentialAction\":[{\"@type\":\"CommentAction\",\"name\":\"Comment\",\"target\":[\"https:\\\/\\\/www.boxrepsol.com\\\/es\\\/cultura-motera\\\/edad-puedo-llevar-hijo-moto\\\/#respond\"]}]},{\"@type\":\"WebPage\",\"@id\":\"https:\\\/\\\/www.boxrepsol.com\\\/es\\\/cultura-motera\\\/edad-puedo-llevar-hijo-moto\\\/\",\"url\":\"https:\\\/\\\/www.boxrepsol.com\\\/es\\\/cultura-motera\\\/edad-puedo-llevar-hijo-moto\\\/\",\"name\":\"\u00bfCu\u00e1ndo puedo montar a mi hijo en la moto conmigo? - Box Repsol\",\"isPartOf\":{\"@id\":\"https:\\\/\\\/www.boxrepsol.com\\\/es\\\/#website\"},\"primaryImageOfPage\":{\"@id\":\"https:\\\/\\\/www.boxrepsol.com\\\/es\\\/cultura-motera\\\/edad-puedo-llevar-hijo-moto\\\/#primaryimage\"},\"image\":{\"@id\":\"https:\\\/\\\/www.boxrepsol.com\\\/es\\\/cultura-motera\\\/edad-puedo-llevar-hijo-moto\\\/#primaryimage\"},\"thumbnailUrl\":\"https:\\\/\\\/bxrepsol.s3.eu-west-1.amazonaws.com\\\/static\\\/2023\\\/02\\\/24101502\\\/hijo_en_moto_header_mark_harkin_flickr-2.png\",\"datePublished\":\"2018-01-23T02:00:00+00:00\",\"dateModified\":\"2025-06-26T07:38:03+00:00\",\"description\":\"La DGT, en su reglamento general de circulaci\u00f3n, lo deja bien claro: como norma general, la edad m\u00ednima es de 12 a\u00f1os. Pero con excepciones a partir de los\",\"breadcrumb\":{\"@id\":\"https:\\\/\\\/www.boxrepsol.com\\\/es\\\/cultura-motera\\\/edad-puedo-llevar-hijo-moto\\\/#breadcrumb\"},\"inLanguage\":\"es\",\"potentialAction\":[{\"@type\":\"ReadAction\",\"target\":[\"https:\\\/\\\/www.boxrepsol.com\\\/es\\\/cultura-motera\\\/edad-puedo-llevar-hijo-moto\\\/\"]}]},{\"@type\":\"ImageObject\",\"inLanguage\":\"es\",\"@id\":\"https:\\\/\\\/www.boxrepsol.com\\\/es\\\/cultura-motera\\\/edad-puedo-llevar-hijo-moto\\\/#primaryimage\",\"url\":\"https:\\\/\\\/bxrepsol.s3.eu-west-1.amazonaws.com\\\/static\\\/2023\\\/02\\\/24101502\\\/hijo_en_moto_header_mark_harkin_flickr-2.png\",\"contentUrl\":\"https:\\\/\\\/bxrepsol.s3.eu-west-1.amazonaws.com\\\/static\\\/2023\\\/02\\\/24101502\\\/hijo_en_moto_header_mark_harkin_flickr-2.png\",\"width\":986,\"height\":555,\"caption\":\"Madre e hijo en moto\"},{\"@type\":\"BreadcrumbList\",\"@id\":\"https:\\\/\\\/www.boxrepsol.com\\\/es\\\/cultura-motera\\\/edad-puedo-llevar-hijo-moto\\\/#breadcrumb\",\"itemListElement\":[{\"@type\":\"ListItem\",\"position\":1,\"name\":\"Home\",\"item\":\"https:\\\/\\\/www.boxrepsol.com\\\/es\\\/\"},{\"@type\":\"ListItem\",\"position\":2,\"name\":\"\u00bfA qu\u00e9 edad puedo llevar a mi hijo en moto?\"}]},{\"@type\":\"WebSite\",\"@id\":\"https:\\\/\\\/www.boxrepsol.com\\\/es\\\/#website\",\"url\":\"https:\\\/\\\/www.boxrepsol.com\\\/es\\\/\",\"name\":\"Box Repsol\",\"description\":\"Box Repsol Site\",\"publisher\":{\"@id\":\"https:\\\/\\\/www.boxrepsol.com\\\/es\\\/#organization\"},\"potentialAction\":[{\"@type\":\"SearchAction\",\"target\":{\"@type\":\"EntryPoint\",\"urlTemplate\":\"https:\\\/\\\/www.boxrepsol.com\\\/es\\\/?s={search_term_string}\"},\"query-input\":{\"@type\":\"PropertyValueSpecification\",\"valueRequired\":true,\"valueName\":\"search_term_string\"}}],\"inLanguage\":\"es\"},{\"@type\":\"Organization\",\"@id\":\"https:\\\/\\\/www.boxrepsol.com\\\/es\\\/#organization\",\"name\":\"Box Repsol\",\"url\":\"https:\\\/\\\/www.boxrepsol.com\\\/es\\\/\",\"logo\":{\"@type\":\"ImageObject\",\"inLanguage\":\"es\",\"@id\":\"https:\\\/\\\/www.boxrepsol.com\\\/es\\\/#\\\/schema\\\/logo\\\/image\\\/\",\"url\":\"https:\\\/\\\/bxrepsol.s3.eu-west-1.amazonaws.com\\\/static\\\/2025\\\/07\\\/30083337\\\/favicon-96x96-1.png\",\"contentUrl\":\"https:\\\/\\\/bxrepsol.s3.eu-west-1.amazonaws.com\\\/static\\\/2025\\\/07\\\/30083337\\\/favicon-96x96-1.png\",\"width\":96,\"height\":96,\"caption\":\"Box Repsol\"},\"image\":{\"@id\":\"https:\\\/\\\/www.boxrepsol.com\\\/es\\\/#\\\/schema\\\/logo\\\/image\\\/\"},\"sameAs\":[\"https:\\\/\\\/www.facebook.com\\\/BoxRepsol\",\"https:\\\/\\\/x.com\\\/box_repsol\",\"http:\\\/\\\/instagram.com\\\/box_repsol\",\"https:\\\/\\\/www.youtube.com\\\/user\\\/RepsolCompeticion\",\"https:\\\/\\\/www.flickr.com\\\/photos\\\/box_repsol\\\/\"]},{\"@type\":\"Person\",\"@id\":\"https:\\\/\\\/www.boxrepsol.com\\\/es\\\/#\\\/schema\\\/person\\\/c5c2138f2cca251b0ad92b7086bb60b7\",\"name\":\"Redacci\u00f3n Box Repsol\",\"image\":{\"@type\":\"ImageObject\",\"inLanguage\":\"es\",\"@id\":\"https:\\\/\\\/secure.gravatar.com\\\/avatar\\\/adf7b77e38b4419baf32c7e9c21dde01f4e40df611f0978e3006fc4ba0aaab7e?s=96&d=mm&r=g\",\"url\":\"https:\\\/\\\/secure.gravatar.com\\\/avatar\\\/adf7b77e38b4419baf32c7e9c21dde01f4e40df611f0978e3006fc4ba0aaab7e?s=96&d=mm&r=g\",\"contentUrl\":\"https:\\\/\\\/secure.gravatar.com\\\/avatar\\\/adf7b77e38b4419baf32c7e9c21dde01f4e40df611f0978e3006fc4ba0aaab7e?s=96&d=mm&r=g\",\"caption\":\"Redacci\u00f3n Box Repsol\"},\"description\":\"Box Repsol lo forma un equipo de periodistas, community managers, dise\u00f1adores y fot\u00f3grafos con m\u00e1s de 20 a\u00f1os de experiencia en el mundo del motorsport. Hemos vivido el primer mundial de un espa\u00f1ol en la categor\u00eda reina de motociclismo con \u00c1lex Crivill\u00e9, estuvimos en las victorias de Pedrosa y los t\u00edtulos de M\u00e1rquez, acompa\u00f1amos en \u00c1frica a Nani Roma y Marc Coma en sus conquistas del Dakar y hemos vibrado con los t\u00edtulos de Toni Bou en Trial. Adem\u00e1s, en nuestro equipo contamos con expertos en el mundo de las dos y cuatro ruedas tanto de la calle y las carreteras, como de los circuitos. Periodistas que han trabajado en revistas y publicaciones para hacerte llegar desde rutas y consejos de mantenimiento, a curiosidades y trucos de pilotaje.\",\"sameAs\":[\"https:\\\/\\\/www.facebook.com\\\/BoxRepsol\\\/\",\"https:\\\/\\\/www.instagram.com\\\/box_repsol\\\/\",\"https:\\\/\\\/x.com\\\/https:\\\/\\\/twitter.com\\\/box_repsol\",\"https:\\\/\\\/www.youtube.com\\\/@Boxrepsol\"],\"url\":\"https:\\\/\\\/www.boxrepsol.com\\\/es\\\/author\\\/redaccion-box-repsol\\\/\"}]}<\/script>\n<!-- \/ Yoast SEO plugin. -->","yoast_head_json":{"title":"\u00bfCu\u00e1ndo puedo montar a mi hijo en la moto conmigo? - Box Repsol","description":"La DGT, en su reglamento general de circulaci\u00f3n, lo deja bien claro: como norma general, la edad m\u00ednima es de 12 a\u00f1os. Pero con excepciones a partir de los","canonical":"https:\/\/www.boxrepsol.com\/es\/cultura-motera\/edad-puedo-llevar-hijo-moto\/","og_locale":"es_ES","og_type":"article","og_title":"\u00bfCu\u00e1ndo puedo montar a mi hijo en la moto conmigo? - Box Repsol","og_description":"La DGT, en su reglamento general de circulaci\u00f3n, lo deja bien claro: como norma general, la edad m\u00ednima es de 12 a\u00f1os. Pero con excepciones a partir de los","og_url":"https:\/\/www.boxrepsol.com\/es\/cultura-motera\/edad-puedo-llevar-hijo-moto\/","og_site_name":"Box Repsol","article_publisher":"https:\/\/www.facebook.com\/BoxRepsol","article_author":"https:\/\/www.facebook.com\/BoxRepsol\/","article_published_time":"2018-01-23T02:00:00+00:00","article_modified_time":"2025-06-26T07:38:03+00:00","og_image":[{"width":986,"height":555,"url":"https:\/\/bxrepsol.s3.eu-west-1.amazonaws.com\/static\/2023\/02\/24101502\/hijo_en_moto_header_mark_harkin_flickr-2.png","type":"image\/png"}],"author":"Redacci\u00f3n Box Repsol","twitter_card":"summary_large_image","twitter_creator":"@https:\/\/twitter.com\/box_repsol","twitter_site":"@box_repsol","twitter_misc":{"Written by":"Redacci\u00f3n Box Repsol","Est. reading time":"3 minutos"},"schema":{"@context":"https:\/\/schema.org","@graph":[{"@type":"Article","@id":"https:\/\/www.boxrepsol.com\/es\/cultura-motera\/edad-puedo-llevar-hijo-moto\/#article","isPartOf":{"@id":"https:\/\/www.boxrepsol.com\/es\/cultura-motera\/edad-puedo-llevar-hijo-moto\/"},"author":{"name":"Redacci\u00f3n Box Repsol","@id":"https:\/\/www.boxrepsol.com\/es\/#\/schema\/person\/c5c2138f2cca251b0ad92b7086bb60b7"},"headline":"\u00bfA qu\u00e9 edad puedo llevar a mi hijo en moto?","datePublished":"2018-01-23T02:00:00+00:00","dateModified":"2025-06-26T07:38:03+00:00","mainEntityOfPage":{"@id":"https:\/\/www.boxrepsol.com\/es\/cultura-motera\/edad-puedo-llevar-hijo-moto\/"},"wordCount":545,"commentCount":1,"publisher":{"@id":"https:\/\/www.boxrepsol.com\/es\/#organization"},"image":{"@id":"https:\/\/www.boxrepsol.com\/es\/cultura-motera\/edad-puedo-llevar-hijo-moto\/#primaryimage"},"thumbnailUrl":"https:\/\/bxrepsol.s3.eu-west-1.amazonaws.com\/static\/2023\/02\/24101502\/hijo_en_moto_header_mark_harkin_flickr-2.png","keywords":["conducci\u00f3n","Seguridad"],"articleSection":["Cultura Motera"],"inLanguage":"es","potentialAction":[{"@type":"CommentAction","name":"Comment","target":["https:\/\/www.boxrepsol.com\/es\/cultura-motera\/edad-puedo-llevar-hijo-moto\/#respond"]}]},{"@type":"WebPage","@id":"https:\/\/www.boxrepsol.com\/es\/cultura-motera\/edad-puedo-llevar-hijo-moto\/","url":"https:\/\/www.boxrepsol.com\/es\/cultura-motera\/edad-puedo-llevar-hijo-moto\/","name":"\u00bfCu\u00e1ndo puedo montar a mi hijo en la moto conmigo? - Box Repsol","isPartOf":{"@id":"https:\/\/www.boxrepsol.com\/es\/#website"},"primaryImageOfPage":{"@id":"https:\/\/www.boxrepsol.com\/es\/cultura-motera\/edad-puedo-llevar-hijo-moto\/#primaryimage"},"image":{"@id":"https:\/\/www.boxrepsol.com\/es\/cultura-motera\/edad-puedo-llevar-hijo-moto\/#primaryimage"},"thumbnailUrl":"https:\/\/bxrepsol.s3.eu-west-1.amazonaws.com\/static\/2023\/02\/24101502\/hijo_en_moto_header_mark_harkin_flickr-2.png","datePublished":"2018-01-23T02:00:00+00:00","dateModified":"2025-06-26T07:38:03+00:00","description":"La DGT, en su reglamento general de circulaci\u00f3n, lo deja bien claro: como norma general, la edad m\u00ednima es de 12 a\u00f1os. Pero con excepciones a partir de los","breadcrumb":{"@id":"https:\/\/www.boxrepsol.com\/es\/cultura-motera\/edad-puedo-llevar-hijo-moto\/#breadcrumb"},"inLanguage":"es","potentialAction":[{"@type":"ReadAction","target":["https:\/\/www.boxrepsol.com\/es\/cultura-motera\/edad-puedo-llevar-hijo-moto\/"]}]},{"@type":"ImageObject","inLanguage":"es","@id":"https:\/\/www.boxrepsol.com\/es\/cultura-motera\/edad-puedo-llevar-hijo-moto\/#primaryimage","url":"https:\/\/bxrepsol.s3.eu-west-1.amazonaws.com\/static\/2023\/02\/24101502\/hijo_en_moto_header_mark_harkin_flickr-2.png","contentUrl":"https:\/\/bxrepsol.s3.eu-west-1.amazonaws.com\/static\/2023\/02\/24101502\/hijo_en_moto_header_mark_harkin_flickr-2.png","width":986,"height":555,"caption":"Madre e hijo en moto"},{"@type":"BreadcrumbList","@id":"https:\/\/www.boxrepsol.com\/es\/cultura-motera\/edad-puedo-llevar-hijo-moto\/#breadcrumb","itemListElement":[{"@type":"ListItem","position":1,"name":"Home","item":"https:\/\/www.boxrepsol.com\/es\/"},{"@type":"ListItem","position":2,"name":"\u00bfA qu\u00e9 edad puedo llevar a mi hijo en moto?"}]},{"@type":"WebSite","@id":"https:\/\/www.boxrepsol.com\/es\/#website","url":"https:\/\/www.boxrepsol.com\/es\/","name":"Box Repsol","description":"Box Repsol Site","publisher":{"@id":"https:\/\/www.boxrepsol.com\/es\/#organization"},"potentialAction":[{"@type":"SearchAction","target":{"@type":"EntryPoint","urlTemplate":"https:\/\/www.boxrepsol.com\/es\/?s={search_term_string}"},"query-input":{"@type":"PropertyValueSpecification","valueRequired":true,"valueName":"search_term_string"}}],"inLanguage":"es"},{"@type":"Organization","@id":"https:\/\/www.boxrepsol.com\/es\/#organization","name":"Box Repsol","url":"https:\/\/www.boxrepsol.com\/es\/","logo":{"@type":"ImageObject","inLanguage":"es","@id":"https:\/\/www.boxrepsol.com\/es\/#\/schema\/logo\/image\/","url":"https:\/\/bxrepsol.s3.eu-west-1.amazonaws.com\/static\/2025\/07\/30083337\/favicon-96x96-1.png","contentUrl":"https:\/\/bxrepsol.s3.eu-west-1.amazonaws.com\/static\/2025\/07\/30083337\/favicon-96x96-1.png","width":96,"height":96,"caption":"Box Repsol"},"image":{"@id":"https:\/\/www.boxrepsol.com\/es\/#\/schema\/logo\/image\/"},"sameAs":["https:\/\/www.facebook.com\/BoxRepsol","https:\/\/x.com\/box_repsol","http:\/\/instagram.com\/box_repsol","https:\/\/www.youtube.com\/user\/RepsolCompeticion","https:\/\/www.flickr.com\/photos\/box_repsol\/"]},{"@type":"Person","@id":"https:\/\/www.boxrepsol.com\/es\/#\/schema\/person\/c5c2138f2cca251b0ad92b7086bb60b7","name":"Redacci\u00f3n Box Repsol","image":{"@type":"ImageObject","inLanguage":"es","@id":"https:\/\/secure.gravatar.com\/avatar\/adf7b77e38b4419baf32c7e9c21dde01f4e40df611f0978e3006fc4ba0aaab7e?s=96&d=mm&r=g","url":"https:\/\/secure.gravatar.com\/avatar\/adf7b77e38b4419baf32c7e9c21dde01f4e40df611f0978e3006fc4ba0aaab7e?s=96&d=mm&r=g","contentUrl":"https:\/\/secure.gravatar.com\/avatar\/adf7b77e38b4419baf32c7e9c21dde01f4e40df611f0978e3006fc4ba0aaab7e?s=96&d=mm&r=g","caption":"Redacci\u00f3n Box Repsol"},"description":"Box Repsol lo forma un equipo de periodistas, community managers, dise\u00f1adores y fot\u00f3grafos con m\u00e1s de 20 a\u00f1os de experiencia en el mundo del motorsport. Hemos vivido el primer mundial de un espa\u00f1ol en la categor\u00eda reina de motociclismo con \u00c1lex Crivill\u00e9, estuvimos en las victorias de Pedrosa y los t\u00edtulos de M\u00e1rquez, acompa\u00f1amos en \u00c1frica a Nani Roma y Marc Coma en sus conquistas del Dakar y hemos vibrado con los t\u00edtulos de Toni Bou en Trial. Adem\u00e1s, en nuestro equipo contamos con expertos en el mundo de las dos y cuatro ruedas tanto de la calle y las carreteras, como de los circuitos. Periodistas que han trabajado en revistas y publicaciones para hacerte llegar desde rutas y consejos de mantenimiento, a curiosidades y trucos de pilotaje.","sameAs":["https:\/\/www.facebook.com\/BoxRepsol\/","https:\/\/www.instagram.com\/box_repsol\/","https:\/\/x.com\/https:\/\/twitter.com\/box_repsol","https:\/\/www.youtube.com\/@Boxrepsol"],"url":"https:\/\/www.boxrepsol.com\/es\/author\/redaccion-box-repsol\/"}]}},"_links":{"self":[{"href":"https:\/\/www.boxrepsol.com\/es\/wp-json\/wp\/v2\/posts\/92639","targetHints":{"allow":["GET"]}}],"collection":[{"href":"https:\/\/www.boxrepsol.com\/es\/wp-json\/wp\/v2\/posts"}],"about":[{"href":"https:\/\/www.boxrepsol.com\/es\/wp-json\/wp\/v2\/types\/post"}],"author":[{"embeddable":true,"href":"https:\/\/www.boxrepsol.com\/es\/wp-json\/wp\/v2\/users\/43146"}],"replies":[{"embeddable":true,"href":"https:\/\/www.boxrepsol.com\/es\/wp-json\/wp\/v2\/comments?post=92639"}],"version-history":[{"count":10,"href":"https:\/\/www.boxrepsol.com\/es\/wp-json\/wp\/v2\/posts\/92639\/revisions"}],"predecessor-version":[{"id":110765,"href":"https:\/\/www.boxrepsol.com\/es\/wp-json\/wp\/v2\/posts\/92639\/revisions\/110765"}],"wp:featuredmedia":[{"embeddable":true,"href":"https:\/\/www.boxrepsol.com\/es\/wp-json\/wp\/v2\/media\/92641"}],"wp:attachment":[{"href":"https:\/\/www.boxrepsol.com\/es\/wp-json\/wp\/v2\/media?parent=92639"}],"wp:term":[{"taxonomy":"category","embeddable":true,"href":"https:\/\/www.boxrepsol.com\/es\/wp-json\/wp\/v2\/categories?post=92639"},{"taxonomy":"post_tag","embeddable":true,"href":"https:\/\/www.boxrepsol.com\/es\/wp-json\/wp\/v2\/tags?post=92639"}],"curies":[{"name":"wp","href":"https:\/\/api.w.org\/{rel}","templated":true}]}}