{"id":92635,"date":"2018-01-22T00:00:00","date_gmt":"2018-01-22T02:00:00","guid":{"rendered":"http:\/\/pre.boxrepsol.com\/sin-categorizar\/isidre-esteve-regresa-del-dakar-con-ganas-de-volver-en-2019\/"},"modified":"2024-05-21T07:26:47","modified_gmt":"2024-05-21T09:26:47","slug":"isidre-esteve-regresa-del-dakar-con-ganas-de-volver-en-2019","status":"publish","type":"post","link":"https:\/\/www.boxrepsol.com\/es\/rally\/isidre-esteve-regresa-del-dakar-con-ganas-de-volver-en-2019\/","title":{"rendered":"Isidre Esteve regresa del Dakar \u201ccon ganas de volver en 2019\u201d"},"content":{"rendered":"<blockquote>\n<p>\u00c9ste ha sido el Dakar m\u00e1s dif\u00edcil de Sudam\u00e9rica, con dunas muy dif\u00edciles de escalar, que te pon\u00edan a prueba y en las que no pod\u00edas tener ning\u00fan miedo<\/p>\n<p>            <a href=\"http:\/\/twitter.com\/share?text=%C3%89ste+ha+sido+el+Dakar+m%C3%A1s+dif%C3%ADcil+de+Sudam%C3%A9rica%2C+con+dunas+muy+dif%C3%ADciles+de+escalar%2C+que+te+pon%C3%ADan+a+prueba+y+en+las+que+no+pod%C3%ADas+tener+ning%C3%BAn+miedo&#038;url=https%3A%2F%2Fwww.boxrepsol.com%2Fes%2Frally%2Fisidre-esteve-regresa-del-dakar-con-ganas-de-volver-en-2019%2F&#038;hashtags=\" target=\"_blank\" data-datalayer='{\"event\": \"socialInteraction\", \"socialNetwork\": \"Twitter\", \"socialAction\": \"Compartir\", \"socialTarget\": \"Frase\"}' rel=\"noopener\"><br \/>\n            twittear        <\/a><\/p>\n<footer>Isidre Esteve<\/footer>\n<\/blockquote>\n<p>Isidre Esteve ya est\u00e1 en casa. El piloto del Repsol Rally Team ha llegado hoy a Espa\u00f1a procedente de C\u00f3rdoba (Argentina), donde el pasado s\u00e1bado finaliz\u00f3 el Dakar 2018. El ilerdense ha asegurado sentirse\u00a0<em>\u201cmuy satisfecho\u201d<\/em>\u00a0con su actuaci\u00f3n y con\u00a0<em>\u201cganas de volver\u201d<\/em>\u00a0a la carrera m\u00e1s dura del mundo, en la que ha terminado 21\u00ba absoluto con su prototipo BV6 de Sodicars Racing con los mandos adaptados al volante.<\/p>\n<p><em>\u201cVolver\u00e9 seguro el a\u00f1o que viene, con este proyecto tan ilusionante que tiene continuidad para seguir mejorando, gracias al apoyo de mis patrocinadores. El reto es ser cada a\u00f1o m\u00e1s competitivos hasta llegar a hacer en coche lo mismo que conseguimos en moto antes del accidente\u201d<\/em>, ha manifestado el ilerdense a su llegada al Aeropuerto de Barcelona en compa\u00f1\u00eda de su copiloto Txema Villalobos, su pareja y preparadora f\u00edsica Lidia Guerrero, y su mec\u00e1nico de confianza David Pigem.<\/p>\n<p>&nbsp;<\/p>\n<p>\t\t\t\t<img decoding=\"async\" src=\"https:\/\/bxrepsol.s3.eu-west-1.amazonaws.com\/static\/2022\/08\/05051952\/Dakar18_Llegada_Isidre_Esteve_41-scaled.jpg\" alt=\"Llegada de los pilotos catalanes participantes en el Dakar 2018.\" itemprop=\"image\"  \/><\/p>\n<p>Respecto a la edici\u00f3n reci\u00e9n finalizada, Isidre Esteve no ha dudado en destacar su elevado nivel de dificultad, especialmente en las primeras etapas:\u00a0<em>\u201cSin duda, \u00e9ste ha sido el Dakar m\u00e1s duro de Sudam\u00e9rica. El recorrido ha sido muy exigente, con dunas muy dif\u00edciles de escalar, pero el equipo lo ha hecho muy bien cada d\u00eda para permitirnos pilotar el coche en las mejores condiciones e incluso divertirnos\u201d.\u00a0<\/em><\/p>\n<p><em>\u201cLas dunas de Per\u00fa eran exigentes y dif\u00edciles, hab\u00eda momentos que pensaba que no podr\u00edamos subir. El secreto era encontrar la l\u00ednea buena, la inercia suficiente y no tener ning\u00fan miedo. El recorrido por Bolivia y Argentina ha sido como lo que ya conoc\u00edamos. En cambio, el principio nos ha sorprendido gratamente por la dificultad de las dunas y las impresionantes ollas de Pisco, que nos han puesto a prueba. Sin motor ni inercia, seguro que no sales de all\u00ed\u201d<\/em>, ha a\u00f1adido el piloto de Repsol y Onyx Seguros.<\/p>\n<p>Isidre Esteve ha podido constatar, por segundo a\u00f1o consecutivo, que en el Dakar es un piloto m\u00e1s:\u00a0<em>\u201cMi discapacidad no representa absolutamente ning\u00fan tipo de problema en esta competici\u00f3n que es un ejemplo del deporte inclusivo. Todos nos enfrentamos al mismo reto y todos entramos en la misma clasificaci\u00f3n. En carrera, gracias a las ayudas electr\u00f3nicas en el volante hecho por Guidosimplex y al Coj\u00edn Inteligente, estoy en las mismas condiciones que el resto de rivales. Eso s\u00ed, cuando encallamos o hay alguna aver\u00eda yo no salgo del coche y no puedo ayudar a mi copiloto Txema Villalobos, aunque por fortuna hemos tenido pocos problemas importantes y \u00e9l ha realizado un trabajo magn\u00edfico\u201d.<\/em><\/p>\n<p>El de Oliana ha culminado el Dakar 2018 de forma brillante. Despu\u00e9s de recorrer casi 9.000 kil\u00f3metros por Per\u00fa, Bolivia y Argentina, se ha clasificado 21\u00ba de la general, 4\u00ba en su categor\u00eda T1.2 (todoterreno 4&#215;4 diesel modificados) y ha sido el segundo mejor espa\u00f1ol de la general en coches, tras el ganador absoluto Carlos Sainz. Todo un hito.\u00a0<em>\u201cNuestro objetivo era finalizar en el top 20 y estamos muy satisfechos de haber quedado tan cerca. Lo mejor de todo es haber sido competitivos en cada etapa\u201d<\/em>, subrayaba el piloto.<\/p>\n<p>Nada m\u00e1s aterrizar en Espa\u00f1a y casi sin tiempo de celebrar su \u00e9xito, Isidre Esteve ya pensaba en la pr\u00f3xima edici\u00f3n:\u00a0<em>\u201cEl reto en 2019 siempre es mejorar, posiblemente con el mismo coche de este a\u00f1o, ya que tiene mucho potencial. Esta carrera es de detalles, si conseguimos afinarlos todos seremos m\u00e1s competitivos, aunque somos conscientes que entre los 20 primeros hay estructuras oficiales con coches y pilotos muy buenos. Es competici\u00f3n pura y dura y es ah\u00ed donde queremos estar\u201d.<\/em><\/p>\n","protected":false},"excerpt":{"rendered":"<p>El ilerdense ha cumplido su objetivo, al finalizar el rally en 21\u00aa posici\u00f3n con su prototipo BV6 con los mandos adaptados en el volante.<\/p>\n","protected":false},"author":43146,"featured_media":87408,"comment_status":"open","ping_status":"open","sticky":false,"template":"","format":"standard","meta":{"footnotes":""},"categories":[27],"tags":[29],"class_list":["post-92635","post","type-post","status-publish","format-standard","hentry","category-rally","tag-isidre-esteve"],"yoast_head":"<!-- This site is optimized with the Yoast SEO plugin v27.3 - https:\/\/yoast.com\/product\/yoast-seo-wordpress\/ -->\n<title>Isidre Esteve regresa del Dakar \u201ccon ganas de volver en 2019\u201d - Box Repsol<\/title>\n<link rel=\"canonical\" href=\"https:\/\/www.boxrepsol.com\/es\/rally\/isidre-esteve-regresa-del-dakar-con-ganas-de-volver-en-2019\/\" \/>\n<meta property=\"og:locale\" content=\"es_ES\" \/>\n<meta property=\"og:type\" content=\"article\" \/>\n<meta property=\"og:title\" content=\"Isidre Esteve regresa del Dakar \u201ccon ganas de volver en 2019\u201d - Box Repsol\" \/>\n<meta property=\"og:description\" content=\"El ilerdense ha cumplido su objetivo, al finalizar el rally en 21\u00aa posici\u00f3n con su prototipo BV6 con los mandos adaptados en el volante.\" \/>\n<meta property=\"og:url\" content=\"https:\/\/www.boxrepsol.com\/es\/rally\/isidre-esteve-regresa-del-dakar-con-ganas-de-volver-en-2019\/\" \/>\n<meta property=\"og:site_name\" content=\"Box Repsol\" \/>\n<meta property=\"article:publisher\" content=\"https:\/\/www.facebook.com\/BoxRepsol\" \/>\n<meta property=\"article:author\" content=\"https:\/\/www.facebook.com\/BoxRepsol\/\" \/>\n<meta property=\"article:published_time\" content=\"2018-01-22T02:00:00+00:00\" \/>\n<meta property=\"article:modified_time\" content=\"2024-05-21T09:26:47+00:00\" \/>\n<meta property=\"og:image\" content=\"https:\/\/www.boxrepsol.com\/wp-content\/uploads\/2022\/08\/00_isidre_esteve_familia_amigos_equipo_lidia_guerrero_txema_villalobos.jpg\" \/>\n\t<meta property=\"og:image:width\" content=\"995\" \/>\n\t<meta property=\"og:image:height\" content=\"560\" \/>\n\t<meta property=\"og:image:type\" content=\"image\/jpeg\" \/>\n<meta name=\"author\" content=\"Redacci\u00f3n Box Repsol\" \/>\n<meta name=\"twitter:card\" content=\"summary_large_image\" \/>\n<meta name=\"twitter:creator\" content=\"@https:\/\/twitter.com\/box_repsol\" \/>\n<meta name=\"twitter:site\" content=\"@box_repsol\" \/>\n<meta name=\"twitter:label1\" content=\"Written by\" \/>\n\t<meta name=\"twitter:data1\" content=\"Redacci\u00f3n Box Repsol\" \/>\n\t<meta name=\"twitter:label2\" content=\"Est. reading time\" \/>\n\t<meta name=\"twitter:data2\" content=\"3 minutos\" \/>\n<script type=\"application\/ld+json\" class=\"yoast-schema-graph\">{\"@context\":\"https:\\\/\\\/schema.org\",\"@graph\":[{\"@type\":\"Article\",\"@id\":\"https:\\\/\\\/www.boxrepsol.com\\\/es\\\/rally\\\/isidre-esteve-regresa-del-dakar-con-ganas-de-volver-en-2019\\\/#article\",\"isPartOf\":{\"@id\":\"https:\\\/\\\/www.boxrepsol.com\\\/es\\\/rally\\\/isidre-esteve-regresa-del-dakar-con-ganas-de-volver-en-2019\\\/\"},\"author\":{\"name\":\"Redacci\u00f3n Box Repsol\",\"@id\":\"https:\\\/\\\/www.boxrepsol.com\\\/es\\\/#\\\/schema\\\/person\\\/c5c2138f2cca251b0ad92b7086bb60b7\"},\"headline\":\"Isidre Esteve regresa del Dakar \u201ccon ganas de volver en 2019\u201d\",\"datePublished\":\"2018-01-22T02:00:00+00:00\",\"dateModified\":\"2024-05-21T09:26:47+00:00\",\"mainEntityOfPage\":{\"@id\":\"https:\\\/\\\/www.boxrepsol.com\\\/es\\\/rally\\\/isidre-esteve-regresa-del-dakar-con-ganas-de-volver-en-2019\\\/\"},\"wordCount\":675,\"commentCount\":0,\"publisher\":{\"@id\":\"https:\\\/\\\/www.boxrepsol.com\\\/es\\\/#organization\"},\"image\":{\"@id\":\"https:\\\/\\\/www.boxrepsol.com\\\/es\\\/rally\\\/isidre-esteve-regresa-del-dakar-con-ganas-de-volver-en-2019\\\/#primaryimage\"},\"thumbnailUrl\":\"https:\\\/\\\/www.boxrepsol.com\\\/wp-content\\\/uploads\\\/2022\\\/08\\\/00_isidre_esteve_familia_amigos_equipo_lidia_guerrero_txema_villalobos.jpg\",\"keywords\":[\"Isidre Esteve\"],\"articleSection\":[\"Rally\"],\"inLanguage\":\"es\",\"potentialAction\":[{\"@type\":\"CommentAction\",\"name\":\"Comment\",\"target\":[\"https:\\\/\\\/www.boxrepsol.com\\\/es\\\/rally\\\/isidre-esteve-regresa-del-dakar-con-ganas-de-volver-en-2019\\\/#respond\"]}]},{\"@type\":\"WebPage\",\"@id\":\"https:\\\/\\\/www.boxrepsol.com\\\/es\\\/rally\\\/isidre-esteve-regresa-del-dakar-con-ganas-de-volver-en-2019\\\/\",\"url\":\"https:\\\/\\\/www.boxrepsol.com\\\/es\\\/rally\\\/isidre-esteve-regresa-del-dakar-con-ganas-de-volver-en-2019\\\/\",\"name\":\"Isidre Esteve regresa del Dakar \u201ccon ganas de volver en 2019\u201d - Box Repsol\",\"isPartOf\":{\"@id\":\"https:\\\/\\\/www.boxrepsol.com\\\/es\\\/#website\"},\"primaryImageOfPage\":{\"@id\":\"https:\\\/\\\/www.boxrepsol.com\\\/es\\\/rally\\\/isidre-esteve-regresa-del-dakar-con-ganas-de-volver-en-2019\\\/#primaryimage\"},\"image\":{\"@id\":\"https:\\\/\\\/www.boxrepsol.com\\\/es\\\/rally\\\/isidre-esteve-regresa-del-dakar-con-ganas-de-volver-en-2019\\\/#primaryimage\"},\"thumbnailUrl\":\"https:\\\/\\\/www.boxrepsol.com\\\/wp-content\\\/uploads\\\/2022\\\/08\\\/00_isidre_esteve_familia_amigos_equipo_lidia_guerrero_txema_villalobos.jpg\",\"datePublished\":\"2018-01-22T02:00:00+00:00\",\"dateModified\":\"2024-05-21T09:26:47+00:00\",\"breadcrumb\":{\"@id\":\"https:\\\/\\\/www.boxrepsol.com\\\/es\\\/rally\\\/isidre-esteve-regresa-del-dakar-con-ganas-de-volver-en-2019\\\/#breadcrumb\"},\"inLanguage\":\"es\",\"potentialAction\":[{\"@type\":\"ReadAction\",\"target\":[\"https:\\\/\\\/www.boxrepsol.com\\\/es\\\/rally\\\/isidre-esteve-regresa-del-dakar-con-ganas-de-volver-en-2019\\\/\"]}]},{\"@type\":\"ImageObject\",\"inLanguage\":\"es\",\"@id\":\"https:\\\/\\\/www.boxrepsol.com\\\/es\\\/rally\\\/isidre-esteve-regresa-del-dakar-con-ganas-de-volver-en-2019\\\/#primaryimage\",\"url\":\"https:\\\/\\\/www.boxrepsol.com\\\/wp-content\\\/uploads\\\/2022\\\/08\\\/00_isidre_esteve_familia_amigos_equipo_lidia_guerrero_txema_villalobos.jpg\",\"contentUrl\":\"https:\\\/\\\/www.boxrepsol.com\\\/wp-content\\\/uploads\\\/2022\\\/08\\\/00_isidre_esteve_familia_amigos_equipo_lidia_guerrero_txema_villalobos.jpg\",\"width\":995,\"height\":560,\"caption\":\"Isidre Esteve con familia y amigos tras el Dakar 2018\"},{\"@type\":\"BreadcrumbList\",\"@id\":\"https:\\\/\\\/www.boxrepsol.com\\\/es\\\/rally\\\/isidre-esteve-regresa-del-dakar-con-ganas-de-volver-en-2019\\\/#breadcrumb\",\"itemListElement\":[{\"@type\":\"ListItem\",\"position\":1,\"name\":\"Home\",\"item\":\"https:\\\/\\\/www.boxrepsol.com\\\/es\\\/\"},{\"@type\":\"ListItem\",\"position\":2,\"name\":\"Isidre Esteve regresa del Dakar \u201ccon ganas de volver en 2019\u201d\"}]},{\"@type\":\"WebSite\",\"@id\":\"https:\\\/\\\/www.boxrepsol.com\\\/es\\\/#website\",\"url\":\"https:\\\/\\\/www.boxrepsol.com\\\/es\\\/\",\"name\":\"Box Repsol\",\"description\":\"Box Repsol Site\",\"publisher\":{\"@id\":\"https:\\\/\\\/www.boxrepsol.com\\\/es\\\/#organization\"},\"potentialAction\":[{\"@type\":\"SearchAction\",\"target\":{\"@type\":\"EntryPoint\",\"urlTemplate\":\"https:\\\/\\\/www.boxrepsol.com\\\/es\\\/?s={search_term_string}\"},\"query-input\":{\"@type\":\"PropertyValueSpecification\",\"valueRequired\":true,\"valueName\":\"search_term_string\"}}],\"inLanguage\":\"es\"},{\"@type\":\"Organization\",\"@id\":\"https:\\\/\\\/www.boxrepsol.com\\\/es\\\/#organization\",\"name\":\"Box Repsol\",\"url\":\"https:\\\/\\\/www.boxrepsol.com\\\/es\\\/\",\"logo\":{\"@type\":\"ImageObject\",\"inLanguage\":\"es\",\"@id\":\"https:\\\/\\\/www.boxrepsol.com\\\/es\\\/#\\\/schema\\\/logo\\\/image\\\/\",\"url\":\"https:\\\/\\\/bxrepsol.s3.eu-west-1.amazonaws.com\\\/static\\\/2025\\\/07\\\/30083337\\\/favicon-96x96-1.png\",\"contentUrl\":\"https:\\\/\\\/bxrepsol.s3.eu-west-1.amazonaws.com\\\/static\\\/2025\\\/07\\\/30083337\\\/favicon-96x96-1.png\",\"width\":96,\"height\":96,\"caption\":\"Box Repsol\"},\"image\":{\"@id\":\"https:\\\/\\\/www.boxrepsol.com\\\/es\\\/#\\\/schema\\\/logo\\\/image\\\/\"},\"sameAs\":[\"https:\\\/\\\/www.facebook.com\\\/BoxRepsol\",\"https:\\\/\\\/x.com\\\/box_repsol\",\"http:\\\/\\\/instagram.com\\\/box_repsol\",\"https:\\\/\\\/www.youtube.com\\\/user\\\/RepsolCompeticion\",\"https:\\\/\\\/www.flickr.com\\\/photos\\\/box_repsol\\\/\"]},{\"@type\":\"Person\",\"@id\":\"https:\\\/\\\/www.boxrepsol.com\\\/es\\\/#\\\/schema\\\/person\\\/c5c2138f2cca251b0ad92b7086bb60b7\",\"name\":\"Redacci\u00f3n Box Repsol\",\"image\":{\"@type\":\"ImageObject\",\"inLanguage\":\"es\",\"@id\":\"https:\\\/\\\/secure.gravatar.com\\\/avatar\\\/adf7b77e38b4419baf32c7e9c21dde01f4e40df611f0978e3006fc4ba0aaab7e?s=96&d=mm&r=g\",\"url\":\"https:\\\/\\\/secure.gravatar.com\\\/avatar\\\/adf7b77e38b4419baf32c7e9c21dde01f4e40df611f0978e3006fc4ba0aaab7e?s=96&d=mm&r=g\",\"contentUrl\":\"https:\\\/\\\/secure.gravatar.com\\\/avatar\\\/adf7b77e38b4419baf32c7e9c21dde01f4e40df611f0978e3006fc4ba0aaab7e?s=96&d=mm&r=g\",\"caption\":\"Redacci\u00f3n Box Repsol\"},\"description\":\"Box Repsol lo forma un equipo de periodistas, community managers, dise\u00f1adores y fot\u00f3grafos con m\u00e1s de 20 a\u00f1os de experiencia en el mundo del motorsport. Hemos vivido el primer mundial de un espa\u00f1ol en la categor\u00eda reina de motociclismo con \u00c1lex Crivill\u00e9, estuvimos en las victorias de Pedrosa y los t\u00edtulos de M\u00e1rquez, acompa\u00f1amos en \u00c1frica a Nani Roma y Marc Coma en sus conquistas del Dakar y hemos vibrado con los t\u00edtulos de Toni Bou en Trial. Adem\u00e1s, en nuestro equipo contamos con expertos en el mundo de las dos y cuatro ruedas tanto de la calle y las carreteras, como de los circuitos. Periodistas que han trabajado en revistas y publicaciones para hacerte llegar desde rutas y consejos de mantenimiento, a curiosidades y trucos de pilotaje.\",\"sameAs\":[\"https:\\\/\\\/www.facebook.com\\\/BoxRepsol\\\/\",\"https:\\\/\\\/www.instagram.com\\\/box_repsol\\\/\",\"https:\\\/\\\/x.com\\\/https:\\\/\\\/twitter.com\\\/box_repsol\",\"https:\\\/\\\/www.youtube.com\\\/@Boxrepsol\"],\"url\":\"https:\\\/\\\/www.boxrepsol.com\\\/es\\\/author\\\/redaccion-box-repsol\\\/\"}]}<\/script>\n<!-- \/ Yoast SEO plugin. -->","yoast_head_json":{"title":"Isidre Esteve regresa del Dakar \u201ccon ganas de volver en 2019\u201d - Box Repsol","canonical":"https:\/\/www.boxrepsol.com\/es\/rally\/isidre-esteve-regresa-del-dakar-con-ganas-de-volver-en-2019\/","og_locale":"es_ES","og_type":"article","og_title":"Isidre Esteve regresa del Dakar \u201ccon ganas de volver en 2019\u201d - Box Repsol","og_description":"El ilerdense ha cumplido su objetivo, al finalizar el rally en 21\u00aa posici\u00f3n con su prototipo BV6 con los mandos adaptados en el volante.","og_url":"https:\/\/www.boxrepsol.com\/es\/rally\/isidre-esteve-regresa-del-dakar-con-ganas-de-volver-en-2019\/","og_site_name":"Box Repsol","article_publisher":"https:\/\/www.facebook.com\/BoxRepsol","article_author":"https:\/\/www.facebook.com\/BoxRepsol\/","article_published_time":"2018-01-22T02:00:00+00:00","article_modified_time":"2024-05-21T09:26:47+00:00","og_image":[{"width":995,"height":560,"url":"https:\/\/www.boxrepsol.com\/wp-content\/uploads\/2022\/08\/00_isidre_esteve_familia_amigos_equipo_lidia_guerrero_txema_villalobos.jpg","type":"image\/jpeg"}],"author":"Redacci\u00f3n Box Repsol","twitter_card":"summary_large_image","twitter_creator":"@https:\/\/twitter.com\/box_repsol","twitter_site":"@box_repsol","twitter_misc":{"Written by":"Redacci\u00f3n Box Repsol","Est. reading time":"3 minutos"},"schema":{"@context":"https:\/\/schema.org","@graph":[{"@type":"Article","@id":"https:\/\/www.boxrepsol.com\/es\/rally\/isidre-esteve-regresa-del-dakar-con-ganas-de-volver-en-2019\/#article","isPartOf":{"@id":"https:\/\/www.boxrepsol.com\/es\/rally\/isidre-esteve-regresa-del-dakar-con-ganas-de-volver-en-2019\/"},"author":{"name":"Redacci\u00f3n Box Repsol","@id":"https:\/\/www.boxrepsol.com\/es\/#\/schema\/person\/c5c2138f2cca251b0ad92b7086bb60b7"},"headline":"Isidre Esteve regresa del Dakar \u201ccon ganas de volver en 2019\u201d","datePublished":"2018-01-22T02:00:00+00:00","dateModified":"2024-05-21T09:26:47+00:00","mainEntityOfPage":{"@id":"https:\/\/www.boxrepsol.com\/es\/rally\/isidre-esteve-regresa-del-dakar-con-ganas-de-volver-en-2019\/"},"wordCount":675,"commentCount":0,"publisher":{"@id":"https:\/\/www.boxrepsol.com\/es\/#organization"},"image":{"@id":"https:\/\/www.boxrepsol.com\/es\/rally\/isidre-esteve-regresa-del-dakar-con-ganas-de-volver-en-2019\/#primaryimage"},"thumbnailUrl":"https:\/\/www.boxrepsol.com\/wp-content\/uploads\/2022\/08\/00_isidre_esteve_familia_amigos_equipo_lidia_guerrero_txema_villalobos.jpg","keywords":["Isidre Esteve"],"articleSection":["Rally"],"inLanguage":"es","potentialAction":[{"@type":"CommentAction","name":"Comment","target":["https:\/\/www.boxrepsol.com\/es\/rally\/isidre-esteve-regresa-del-dakar-con-ganas-de-volver-en-2019\/#respond"]}]},{"@type":"WebPage","@id":"https:\/\/www.boxrepsol.com\/es\/rally\/isidre-esteve-regresa-del-dakar-con-ganas-de-volver-en-2019\/","url":"https:\/\/www.boxrepsol.com\/es\/rally\/isidre-esteve-regresa-del-dakar-con-ganas-de-volver-en-2019\/","name":"Isidre Esteve regresa del Dakar \u201ccon ganas de volver en 2019\u201d - Box Repsol","isPartOf":{"@id":"https:\/\/www.boxrepsol.com\/es\/#website"},"primaryImageOfPage":{"@id":"https:\/\/www.boxrepsol.com\/es\/rally\/isidre-esteve-regresa-del-dakar-con-ganas-de-volver-en-2019\/#primaryimage"},"image":{"@id":"https:\/\/www.boxrepsol.com\/es\/rally\/isidre-esteve-regresa-del-dakar-con-ganas-de-volver-en-2019\/#primaryimage"},"thumbnailUrl":"https:\/\/www.boxrepsol.com\/wp-content\/uploads\/2022\/08\/00_isidre_esteve_familia_amigos_equipo_lidia_guerrero_txema_villalobos.jpg","datePublished":"2018-01-22T02:00:00+00:00","dateModified":"2024-05-21T09:26:47+00:00","breadcrumb":{"@id":"https:\/\/www.boxrepsol.com\/es\/rally\/isidre-esteve-regresa-del-dakar-con-ganas-de-volver-en-2019\/#breadcrumb"},"inLanguage":"es","potentialAction":[{"@type":"ReadAction","target":["https:\/\/www.boxrepsol.com\/es\/rally\/isidre-esteve-regresa-del-dakar-con-ganas-de-volver-en-2019\/"]}]},{"@type":"ImageObject","inLanguage":"es","@id":"https:\/\/www.boxrepsol.com\/es\/rally\/isidre-esteve-regresa-del-dakar-con-ganas-de-volver-en-2019\/#primaryimage","url":"https:\/\/www.boxrepsol.com\/wp-content\/uploads\/2022\/08\/00_isidre_esteve_familia_amigos_equipo_lidia_guerrero_txema_villalobos.jpg","contentUrl":"https:\/\/www.boxrepsol.com\/wp-content\/uploads\/2022\/08\/00_isidre_esteve_familia_amigos_equipo_lidia_guerrero_txema_villalobos.jpg","width":995,"height":560,"caption":"Isidre Esteve con familia y amigos tras el Dakar 2018"},{"@type":"BreadcrumbList","@id":"https:\/\/www.boxrepsol.com\/es\/rally\/isidre-esteve-regresa-del-dakar-con-ganas-de-volver-en-2019\/#breadcrumb","itemListElement":[{"@type":"ListItem","position":1,"name":"Home","item":"https:\/\/www.boxrepsol.com\/es\/"},{"@type":"ListItem","position":2,"name":"Isidre Esteve regresa del Dakar \u201ccon ganas de volver en 2019\u201d"}]},{"@type":"WebSite","@id":"https:\/\/www.boxrepsol.com\/es\/#website","url":"https:\/\/www.boxrepsol.com\/es\/","name":"Box Repsol","description":"Box Repsol Site","publisher":{"@id":"https:\/\/www.boxrepsol.com\/es\/#organization"},"potentialAction":[{"@type":"SearchAction","target":{"@type":"EntryPoint","urlTemplate":"https:\/\/www.boxrepsol.com\/es\/?s={search_term_string}"},"query-input":{"@type":"PropertyValueSpecification","valueRequired":true,"valueName":"search_term_string"}}],"inLanguage":"es"},{"@type":"Organization","@id":"https:\/\/www.boxrepsol.com\/es\/#organization","name":"Box Repsol","url":"https:\/\/www.boxrepsol.com\/es\/","logo":{"@type":"ImageObject","inLanguage":"es","@id":"https:\/\/www.boxrepsol.com\/es\/#\/schema\/logo\/image\/","url":"https:\/\/bxrepsol.s3.eu-west-1.amazonaws.com\/static\/2025\/07\/30083337\/favicon-96x96-1.png","contentUrl":"https:\/\/bxrepsol.s3.eu-west-1.amazonaws.com\/static\/2025\/07\/30083337\/favicon-96x96-1.png","width":96,"height":96,"caption":"Box Repsol"},"image":{"@id":"https:\/\/www.boxrepsol.com\/es\/#\/schema\/logo\/image\/"},"sameAs":["https:\/\/www.facebook.com\/BoxRepsol","https:\/\/x.com\/box_repsol","http:\/\/instagram.com\/box_repsol","https:\/\/www.youtube.com\/user\/RepsolCompeticion","https:\/\/www.flickr.com\/photos\/box_repsol\/"]},{"@type":"Person","@id":"https:\/\/www.boxrepsol.com\/es\/#\/schema\/person\/c5c2138f2cca251b0ad92b7086bb60b7","name":"Redacci\u00f3n Box Repsol","image":{"@type":"ImageObject","inLanguage":"es","@id":"https:\/\/secure.gravatar.com\/avatar\/adf7b77e38b4419baf32c7e9c21dde01f4e40df611f0978e3006fc4ba0aaab7e?s=96&d=mm&r=g","url":"https:\/\/secure.gravatar.com\/avatar\/adf7b77e38b4419baf32c7e9c21dde01f4e40df611f0978e3006fc4ba0aaab7e?s=96&d=mm&r=g","contentUrl":"https:\/\/secure.gravatar.com\/avatar\/adf7b77e38b4419baf32c7e9c21dde01f4e40df611f0978e3006fc4ba0aaab7e?s=96&d=mm&r=g","caption":"Redacci\u00f3n Box Repsol"},"description":"Box Repsol lo forma un equipo de periodistas, community managers, dise\u00f1adores y fot\u00f3grafos con m\u00e1s de 20 a\u00f1os de experiencia en el mundo del motorsport. Hemos vivido el primer mundial de un espa\u00f1ol en la categor\u00eda reina de motociclismo con \u00c1lex Crivill\u00e9, estuvimos en las victorias de Pedrosa y los t\u00edtulos de M\u00e1rquez, acompa\u00f1amos en \u00c1frica a Nani Roma y Marc Coma en sus conquistas del Dakar y hemos vibrado con los t\u00edtulos de Toni Bou en Trial. Adem\u00e1s, en nuestro equipo contamos con expertos en el mundo de las dos y cuatro ruedas tanto de la calle y las carreteras, como de los circuitos. Periodistas que han trabajado en revistas y publicaciones para hacerte llegar desde rutas y consejos de mantenimiento, a curiosidades y trucos de pilotaje.","sameAs":["https:\/\/www.facebook.com\/BoxRepsol\/","https:\/\/www.instagram.com\/box_repsol\/","https:\/\/x.com\/https:\/\/twitter.com\/box_repsol","https:\/\/www.youtube.com\/@Boxrepsol"],"url":"https:\/\/www.boxrepsol.com\/es\/author\/redaccion-box-repsol\/"}]}},"_links":{"self":[{"href":"https:\/\/www.boxrepsol.com\/es\/wp-json\/wp\/v2\/posts\/92635","targetHints":{"allow":["GET"]}}],"collection":[{"href":"https:\/\/www.boxrepsol.com\/es\/wp-json\/wp\/v2\/posts"}],"about":[{"href":"https:\/\/www.boxrepsol.com\/es\/wp-json\/wp\/v2\/types\/post"}],"author":[{"embeddable":true,"href":"https:\/\/www.boxrepsol.com\/es\/wp-json\/wp\/v2\/users\/43146"}],"replies":[{"embeddable":true,"href":"https:\/\/www.boxrepsol.com\/es\/wp-json\/wp\/v2\/comments?post=92635"}],"version-history":[{"count":1,"href":"https:\/\/www.boxrepsol.com\/es\/wp-json\/wp\/v2\/posts\/92635\/revisions"}],"predecessor-version":[{"id":92636,"href":"https:\/\/www.boxrepsol.com\/es\/wp-json\/wp\/v2\/posts\/92635\/revisions\/92636"}],"wp:featuredmedia":[{"embeddable":true,"href":"https:\/\/www.boxrepsol.com\/es\/wp-json\/wp\/v2\/media\/87408"}],"wp:attachment":[{"href":"https:\/\/www.boxrepsol.com\/es\/wp-json\/wp\/v2\/media?parent=92635"}],"wp:term":[{"taxonomy":"category","embeddable":true,"href":"https:\/\/www.boxrepsol.com\/es\/wp-json\/wp\/v2\/categories?post=92635"},{"taxonomy":"post_tag","embeddable":true,"href":"https:\/\/www.boxrepsol.com\/es\/wp-json\/wp\/v2\/tags?post=92635"}],"curies":[{"name":"wp","href":"https:\/\/api.w.org\/{rel}","templated":true}]}}