{"id":92632,"date":"2018-01-22T00:00:00","date_gmt":"2018-01-22T02:00:00","guid":{"rendered":"http:\/\/pre.boxrepsol.com\/sin-categorizar\/los-7-mejores-momentos-la-semana-box-repsol-2\/"},"modified":"2024-09-24T13:39:09","modified_gmt":"2024-09-24T15:39:09","slug":"los-7-mejores-momentos-la-semana-box-repsol-2","status":"publish","type":"post","link":"https:\/\/www.boxrepsol.com\/es\/motogp\/los-7-mejores-momentos-la-semana-box-repsol-2\/","title":{"rendered":"Los 7 mejores momentos de la semana en Box Repsol"},"content":{"rendered":"<p>Esta semana puedes participar en esta acci\u00f3n votando por tu Estaci\u00f3n favorita de la Comunidad de Madrid. Todos aquellos que particip\u00e9is podr\u00e9is ganar entradas para el GP de Espa\u00f1a. Si lo remat\u00e1is con una foto en el interior podr\u00e9is ganar un scooter del Equipo Repsol Honda. Ten\u00e9is hasta el 5 de febrero, as\u00ed que entrad en la web e informaros. Suerte a todos.<\/p>\n<p>Tras 14 etapas llega el final de una dur\u00edsima prueba como es el Dakar. Finalizamos con buen sabor de boca, con Isidre Esteve de vuelta en la \u00e9lite ocupando la 21\u00aa posici\u00f3n y como 2\u00b0 espa\u00f1ol tras el ganador de la prueba Carlos Sainz, \u00a1Enhorabuena!<\/p>\n<blockquote style=\"background: #FFF; border: 0; border-radius: 3px; box-shadow: 0 0 1px 0 rgba(0,0,0,0.5),0 1px 10px 0 rgba(0,0,0,0.15); margin: 1px; max-width: 658px; padding: 0; width: calc(100% - 2px);\" data-instgrm-captioned=\"\" data-instgrm-permalink=\"https:\/\/www.instagram.com\/p\/BeP2IWyFV9V\/\" data-instgrm-version=\"8\">\n<p style=\"margin: 8px 0 0 0; padding: 0 4px;\"><a style=\"color: #000; font-family: Arial,sans-serif; font-size: 14px; font-style: normal; font-weight: normal; line-height: 17px; text-decoration: none; word-wrap: break-word;\" href=\"https:\/\/www.instagram.com\/p\/BeP2IWyFV9V\/\" target=\"_blank\" rel=\"noopener noreferrer\">\u00a1Misi\u00f3n cumplida! #IsidreEsteve vuelve a la \u00e9lite del #Dakar ?. Tras 14 dur\u00edsimas etapas culmina el reto en la 21\u00aa posici\u00f3n y como 2\u00ba espa\u00f1ol tras el ganador de la prueba #CarlosSainz. \u00a1Un gran aplauso para ellos! ?? Mission accomplished! #IsidreEsteve is back among the elite at the #Dakar ?. After 14 super tough stages he\u2019s finished in 21st overall and the 2nd Spaniard after the winner @carlossainz_oficial A huge applause for both of them! ?<\/a><\/p>\n<p style=\"color: #c9c8cd; font-family: Arial,sans-serif; font-size: 14px; line-height: 17px; margin-bottom: 0; margin-top: 8px; overflow: hidden; padding: 8px 0 7px; text-align: center; text-overflow: ellipsis; white-space: nowrap;\">Una publicaci\u00f3n compartida de <a style=\"color: #c9c8cd; font-family: Arial,sans-serif; font-size: 14px; font-style: normal; font-weight: normal; line-height: 17px;\" href=\"https:\/\/www.instagram.com\/box_repsol\/\" target=\"_blank\" rel=\"noopener noreferrer\"> Box Repsol<\/a> (@box_repsol) el <time style=\"font-family: Arial,sans-serif; font-size: 14px; line-height: 17px;\" datetime=\"2018-01-22T09:59:41+00:00\">Ene 22, 2018 at 1:59 PST<\/time><\/p>\n<\/blockquote>\n<p>Unas competiciones acaban y de otras se nos est\u00e1 haciendo muy larga la espera\u2026 Tras un Mundial que nos quit\u00f3 el aliento, con emoci\u00f3n hasta el \u00faltimo segundo, admitimos que tambi\u00e9n \u00a1QUEREMOS M\u00c1S! Por eso en nuestro perfil de Instagram colgamos este v\u00eddeo de Dani Pedrosa que acumula ya m\u00e1s de 7000 reproducciones.<\/p>\n<blockquote style=\"background: #FFF; border: 0; border-radius: 3px; box-shadow: 0 0 1px 0 rgba(0,0,0,0.5),0 1px 10px 0 rgba(0,0,0,0.15); margin: 1px; max-width: 658px; padding: 0; width: calc(100% - 2px);\" data-instgrm-captioned=\"\" data-instgrm-permalink=\"https:\/\/www.instagram.com\/p\/BeIc0CUlQeF\/\" data-instgrm-version=\"8\">\n<p style=\"margin: 8px 0 0 0; padding: 0 4px;\"><a style=\"color: #000; font-family: Arial,sans-serif; font-size: 14px; font-style: normal; font-weight: normal; line-height: 17px; text-decoration: none; word-wrap: break-word;\" href=\"https:\/\/www.instagram.com\/p\/BeIc0CUlQeF\/\" target=\"_blank\" rel=\"noopener noreferrer\">Concentraci\u00f3n. Precisi\u00f3n. Constancia. Todo lo que necesita un piloto un fin de semana de Gran Premio \u00bfTen\u00e9is ganas de que empiece la temporada? \/ Focus. Precision. Consistency. Everything a rider needs on a Grand Prix weekend. Are you excited for the season to start? #DP26 #RepsolTeam #BoxRepsol #MotoGP #EquipoRepsol<\/a><\/p>\n<p style=\"color: #c9c8cd; font-family: Arial,sans-serif; font-size: 14px; line-height: 17px; margin-bottom: 0; margin-top: 8px; overflow: hidden; padding: 8px 0 7px; text-align: center; text-overflow: ellipsis; white-space: nowrap;\">Una publicaci\u00f3n compartida de <a style=\"color: #c9c8cd; font-family: Arial,sans-serif; font-size: 14px; font-style: normal; font-weight: normal; line-height: 17px;\" href=\"https:\/\/www.instagram.com\/box_repsol\/\" target=\"_blank\" rel=\"noopener noreferrer\"> Box Repsol<\/a> (@box_repsol) el <time style=\"font-family: Arial,sans-serif; font-size: 14px; line-height: 17px;\" datetime=\"2018-01-19T13:04:28+00:00\">Ene 19, 2018 at 5:04 PST<\/time><\/p>\n<\/blockquote>\n<p>En\u00a0 nuestro canal de YouTube hemos compartido un v\u00eddeo con el que, en poco m\u00e1s de un minuto, podr\u00e9is comprobar por qu\u00e9 el piloto del Equipo Repsol Honda es un personaje \u00fanico. Un \u2018spoiler\u2019: en sus inicios, su equipo tuvo que cargar la moto con 20 kilos extras para cumplir con el m\u00ednimo reglamentario.<\/p>\n<p><iframe loading=\"lazy\" src=\"https:\/\/www.youtube.com\/embed\/xQ6ap-H1Doc\" width=\"704\" height=\"396\" frameborder=\"0\" allowfullscreen=\"allowfullscreen\"><\/iframe><\/p>\n<p>Esta semana hemos conocido a una pareja de Bilbao que nos ha robado el coraz\u00f3n. Son Isabel y Carlos, y nos encanta que se hayan vuelto locos por las motos. Hasta el punto de que han convertido su coche en un homenaje a M\u00e1rquez, con una hormiga inmensa decorando al lateral del veh\u00edculo. Han empezado por las carreras nacionales, pero para este a\u00f1o tienen pensado visitar GP en otros pa\u00edses. \u00a1Buen viaje y gracias!<\/p>\n<p><iframe loading=\"lazy\" src=\"https:\/\/www.youtube.com\/embed\/7a4eGdzmWOY\" width=\"704\" height=\"396\" frameborder=\"0\" allowfullscreen=\"allowfullscreen\"><\/iframe><\/p>\n<p>No es que hayamos querido ser malos con <a href=\"https:\/\/www.boxrepsol.com\/es\/vive-tu-moto\/galerias-de-paisajes-increibles-en-rutas-moteras\/\" target=\"_blank\" rel=\"noopener noreferrer\">este reportaje gr\u00e1fico<\/a>, pero no hemos podido aguantar la tentaci\u00f3n de compartir con todos vosotros fotos de algunas de las rutas m\u00e1s espectaculares de nuestro pa\u00eds. \u00bfEnvidia? Pues ya tienes algunas ideas para el pr\u00f3ximo fin de semana. \u00a1A rodar!<\/p>\n<p>Cuando tu moto est\u00e9 a punto de escribir sus \u00faltimos kil\u00f3metros, te invadir\u00e1 una sensaci\u00f3n de tristeza. De vac\u00edo. Pero al duelo de despedir a tu moto se le unir\u00e1 una duda que muchos no saben c\u00f3mo resolver: \u00bfqu\u00e9 hago ahora con ella? Con <a href=\"https:\/\/www.boxrepsol.com\/es\/cultura-motera\/hago-moto-vieja\/\" target=\"_blank\" rel=\"noopener noreferrer\">esta detallada gu\u00eda<\/a>, adem\u00e1s de pasar el trance sin contratiempos, podr\u00e1s evitarte incluso alguna que otra multa. Vale la pena que le eches un ojo. Y recuerda que detr\u00e1s de una moto vieja siempre suele asomar una moto nueva.<\/p>\n","protected":false},"excerpt":{"rendered":"<p>Quedan solo 51 d\u00edas para que vuelvan las motos, y el tiempo pasa volando. Mientras, ah\u00ed va lo mejor de la semana en Box Repsol.<\/p>\n","protected":false},"author":43146,"featured_media":92633,"comment_status":"open","ping_status":"open","sticky":false,"template":"","format":"standard","meta":{"footnotes":""},"categories":[4],"tags":[176],"class_list":["post-92632","post","type-post","status-publish","format-standard","hentry","category-motogp","tag-mejores-momentos"],"yoast_head":"<!-- This site is optimized with the Yoast SEO plugin v27.3 - https:\/\/yoast.com\/product\/yoast-seo-wordpress\/ -->\n<title>7 momentos de la semana con Box Repsol - Box Repsol<\/title>\n<meta name=\"description\" content=\"Esta semana si repostas o has repostado en nuestras gasolineras en alguna ocasi\u00f3n, podr\u00e1s responder esta encuesta haci\u00e9ndonos saber cu\u00e1l es tu estaci\u00f3n\" \/>\n<link rel=\"canonical\" href=\"https:\/\/www.boxrepsol.com\/es\/motogp\/los-7-mejores-momentos-la-semana-box-repsol-2\/\" \/>\n<meta property=\"og:locale\" content=\"es_ES\" \/>\n<meta property=\"og:type\" content=\"article\" \/>\n<meta property=\"og:title\" content=\"7 momentos de la semana con Box Repsol - Box Repsol\" \/>\n<meta property=\"og:description\" content=\"Esta semana si repostas o has repostado en nuestras gasolineras en alguna ocasi\u00f3n, podr\u00e1s responder esta encuesta haci\u00e9ndonos saber cu\u00e1l es tu estaci\u00f3n\" \/>\n<meta property=\"og:url\" content=\"https:\/\/www.boxrepsol.com\/es\/motogp\/los-7-mejores-momentos-la-semana-box-repsol-2\/\" \/>\n<meta property=\"og:site_name\" content=\"Box Repsol\" \/>\n<meta property=\"article:publisher\" content=\"https:\/\/www.facebook.com\/BoxRepsol\" \/>\n<meta property=\"article:author\" content=\"https:\/\/www.facebook.com\/BoxRepsol\/\" \/>\n<meta property=\"article:published_time\" content=\"2018-01-22T02:00:00+00:00\" \/>\n<meta property=\"article:modified_time\" content=\"2024-09-24T15:39:09+00:00\" \/>\n<meta property=\"og:image\" content=\"https:\/\/bxrepsol.s3.eu-west-1.amazonaws.com\/static\/2023\/02\/24101453\/22-enero.png\" \/>\n\t<meta property=\"og:image:width\" content=\"986\" \/>\n\t<meta property=\"og:image:height\" content=\"555\" \/>\n\t<meta property=\"og:image:type\" content=\"image\/png\" \/>\n<meta name=\"author\" content=\"Redacci\u00f3n Box Repsol\" \/>\n<meta name=\"twitter:card\" content=\"summary_large_image\" \/>\n<meta name=\"twitter:creator\" content=\"@https:\/\/twitter.com\/box_repsol\" \/>\n<meta name=\"twitter:site\" content=\"@box_repsol\" \/>\n<meta name=\"twitter:label1\" content=\"Written by\" \/>\n\t<meta name=\"twitter:data1\" content=\"Redacci\u00f3n Box Repsol\" \/>\n\t<meta name=\"twitter:label2\" content=\"Est. reading time\" \/>\n\t<meta name=\"twitter:data2\" content=\"3 minutos\" \/>\n<script type=\"application\/ld+json\" class=\"yoast-schema-graph\">{\"@context\":\"https:\\\/\\\/schema.org\",\"@graph\":[{\"@type\":\"Article\",\"@id\":\"https:\\\/\\\/www.boxrepsol.com\\\/es\\\/motogp\\\/los-7-mejores-momentos-la-semana-box-repsol-2\\\/#article\",\"isPartOf\":{\"@id\":\"https:\\\/\\\/www.boxrepsol.com\\\/es\\\/motogp\\\/los-7-mejores-momentos-la-semana-box-repsol-2\\\/\"},\"author\":{\"name\":\"Redacci\u00f3n Box Repsol\",\"@id\":\"https:\\\/\\\/www.boxrepsol.com\\\/es\\\/#\\\/schema\\\/person\\\/c5c2138f2cca251b0ad92b7086bb60b7\"},\"headline\":\"Los 7 mejores momentos de la semana en Box Repsol\",\"datePublished\":\"2018-01-22T02:00:00+00:00\",\"dateModified\":\"2024-09-24T15:39:09+00:00\",\"mainEntityOfPage\":{\"@id\":\"https:\\\/\\\/www.boxrepsol.com\\\/es\\\/motogp\\\/los-7-mejores-momentos-la-semana-box-repsol-2\\\/\"},\"wordCount\":612,\"commentCount\":0,\"publisher\":{\"@id\":\"https:\\\/\\\/www.boxrepsol.com\\\/es\\\/#organization\"},\"image\":{\"@id\":\"https:\\\/\\\/www.boxrepsol.com\\\/es\\\/motogp\\\/los-7-mejores-momentos-la-semana-box-repsol-2\\\/#primaryimage\"},\"thumbnailUrl\":\"https:\\\/\\\/bxrepsol.s3.eu-west-1.amazonaws.com\\\/static\\\/2023\\\/02\\\/24101453\\\/22-enero.png\",\"keywords\":[\"mejores momentos\"],\"articleSection\":[\"MotoGP\"],\"inLanguage\":\"es\",\"potentialAction\":[{\"@type\":\"CommentAction\",\"name\":\"Comment\",\"target\":[\"https:\\\/\\\/www.boxrepsol.com\\\/es\\\/motogp\\\/los-7-mejores-momentos-la-semana-box-repsol-2\\\/#respond\"]}]},{\"@type\":\"WebPage\",\"@id\":\"https:\\\/\\\/www.boxrepsol.com\\\/es\\\/motogp\\\/los-7-mejores-momentos-la-semana-box-repsol-2\\\/\",\"url\":\"https:\\\/\\\/www.boxrepsol.com\\\/es\\\/motogp\\\/los-7-mejores-momentos-la-semana-box-repsol-2\\\/\",\"name\":\"7 momentos de la semana con Box Repsol - Box Repsol\",\"isPartOf\":{\"@id\":\"https:\\\/\\\/www.boxrepsol.com\\\/es\\\/#website\"},\"primaryImageOfPage\":{\"@id\":\"https:\\\/\\\/www.boxrepsol.com\\\/es\\\/motogp\\\/los-7-mejores-momentos-la-semana-box-repsol-2\\\/#primaryimage\"},\"image\":{\"@id\":\"https:\\\/\\\/www.boxrepsol.com\\\/es\\\/motogp\\\/los-7-mejores-momentos-la-semana-box-repsol-2\\\/#primaryimage\"},\"thumbnailUrl\":\"https:\\\/\\\/bxrepsol.s3.eu-west-1.amazonaws.com\\\/static\\\/2023\\\/02\\\/24101453\\\/22-enero.png\",\"datePublished\":\"2018-01-22T02:00:00+00:00\",\"dateModified\":\"2024-09-24T15:39:09+00:00\",\"description\":\"Esta semana si repostas o has repostado en nuestras gasolineras en alguna ocasi\u00f3n, podr\u00e1s responder esta encuesta haci\u00e9ndonos saber cu\u00e1l es tu estaci\u00f3n\",\"breadcrumb\":{\"@id\":\"https:\\\/\\\/www.boxrepsol.com\\\/es\\\/motogp\\\/los-7-mejores-momentos-la-semana-box-repsol-2\\\/#breadcrumb\"},\"inLanguage\":\"es\",\"potentialAction\":[{\"@type\":\"ReadAction\",\"target\":[\"https:\\\/\\\/www.boxrepsol.com\\\/es\\\/motogp\\\/los-7-mejores-momentos-la-semana-box-repsol-2\\\/\"]}]},{\"@type\":\"ImageObject\",\"inLanguage\":\"es\",\"@id\":\"https:\\\/\\\/www.boxrepsol.com\\\/es\\\/motogp\\\/los-7-mejores-momentos-la-semana-box-repsol-2\\\/#primaryimage\",\"url\":\"https:\\\/\\\/bxrepsol.s3.eu-west-1.amazonaws.com\\\/static\\\/2023\\\/02\\\/24101453\\\/22-enero.png\",\"contentUrl\":\"https:\\\/\\\/bxrepsol.s3.eu-west-1.amazonaws.com\\\/static\\\/2023\\\/02\\\/24101453\\\/22-enero.png\",\"width\":986,\"height\":555,\"caption\":\"Moto oxidada, Marc M\u00e1rquez, moto aparcada junto a lago\"},{\"@type\":\"BreadcrumbList\",\"@id\":\"https:\\\/\\\/www.boxrepsol.com\\\/es\\\/motogp\\\/los-7-mejores-momentos-la-semana-box-repsol-2\\\/#breadcrumb\",\"itemListElement\":[{\"@type\":\"ListItem\",\"position\":1,\"name\":\"Home\",\"item\":\"https:\\\/\\\/www.boxrepsol.com\\\/es\\\/\"},{\"@type\":\"ListItem\",\"position\":2,\"name\":\"Los 7 mejores momentos de la semana en Box Repsol\"}]},{\"@type\":\"WebSite\",\"@id\":\"https:\\\/\\\/www.boxrepsol.com\\\/es\\\/#website\",\"url\":\"https:\\\/\\\/www.boxrepsol.com\\\/es\\\/\",\"name\":\"Box Repsol\",\"description\":\"Box Repsol Site\",\"publisher\":{\"@id\":\"https:\\\/\\\/www.boxrepsol.com\\\/es\\\/#organization\"},\"potentialAction\":[{\"@type\":\"SearchAction\",\"target\":{\"@type\":\"EntryPoint\",\"urlTemplate\":\"https:\\\/\\\/www.boxrepsol.com\\\/es\\\/?s={search_term_string}\"},\"query-input\":{\"@type\":\"PropertyValueSpecification\",\"valueRequired\":true,\"valueName\":\"search_term_string\"}}],\"inLanguage\":\"es\"},{\"@type\":\"Organization\",\"@id\":\"https:\\\/\\\/www.boxrepsol.com\\\/es\\\/#organization\",\"name\":\"Box Repsol\",\"url\":\"https:\\\/\\\/www.boxrepsol.com\\\/es\\\/\",\"logo\":{\"@type\":\"ImageObject\",\"inLanguage\":\"es\",\"@id\":\"https:\\\/\\\/www.boxrepsol.com\\\/es\\\/#\\\/schema\\\/logo\\\/image\\\/\",\"url\":\"https:\\\/\\\/bxrepsol.s3.eu-west-1.amazonaws.com\\\/static\\\/2025\\\/07\\\/30083337\\\/favicon-96x96-1.png\",\"contentUrl\":\"https:\\\/\\\/bxrepsol.s3.eu-west-1.amazonaws.com\\\/static\\\/2025\\\/07\\\/30083337\\\/favicon-96x96-1.png\",\"width\":96,\"height\":96,\"caption\":\"Box Repsol\"},\"image\":{\"@id\":\"https:\\\/\\\/www.boxrepsol.com\\\/es\\\/#\\\/schema\\\/logo\\\/image\\\/\"},\"sameAs\":[\"https:\\\/\\\/www.facebook.com\\\/BoxRepsol\",\"https:\\\/\\\/x.com\\\/box_repsol\",\"http:\\\/\\\/instagram.com\\\/box_repsol\",\"https:\\\/\\\/www.youtube.com\\\/user\\\/RepsolCompeticion\",\"https:\\\/\\\/www.flickr.com\\\/photos\\\/box_repsol\\\/\"]},{\"@type\":\"Person\",\"@id\":\"https:\\\/\\\/www.boxrepsol.com\\\/es\\\/#\\\/schema\\\/person\\\/c5c2138f2cca251b0ad92b7086bb60b7\",\"name\":\"Redacci\u00f3n Box Repsol\",\"image\":{\"@type\":\"ImageObject\",\"inLanguage\":\"es\",\"@id\":\"https:\\\/\\\/secure.gravatar.com\\\/avatar\\\/adf7b77e38b4419baf32c7e9c21dde01f4e40df611f0978e3006fc4ba0aaab7e?s=96&d=mm&r=g\",\"url\":\"https:\\\/\\\/secure.gravatar.com\\\/avatar\\\/adf7b77e38b4419baf32c7e9c21dde01f4e40df611f0978e3006fc4ba0aaab7e?s=96&d=mm&r=g\",\"contentUrl\":\"https:\\\/\\\/secure.gravatar.com\\\/avatar\\\/adf7b77e38b4419baf32c7e9c21dde01f4e40df611f0978e3006fc4ba0aaab7e?s=96&d=mm&r=g\",\"caption\":\"Redacci\u00f3n Box Repsol\"},\"description\":\"Box Repsol lo forma un equipo de periodistas, community managers, dise\u00f1adores y fot\u00f3grafos con m\u00e1s de 20 a\u00f1os de experiencia en el mundo del motorsport. Hemos vivido el primer mundial de un espa\u00f1ol en la categor\u00eda reina de motociclismo con \u00c1lex Crivill\u00e9, estuvimos en las victorias de Pedrosa y los t\u00edtulos de M\u00e1rquez, acompa\u00f1amos en \u00c1frica a Nani Roma y Marc Coma en sus conquistas del Dakar y hemos vibrado con los t\u00edtulos de Toni Bou en Trial. Adem\u00e1s, en nuestro equipo contamos con expertos en el mundo de las dos y cuatro ruedas tanto de la calle y las carreteras, como de los circuitos. Periodistas que han trabajado en revistas y publicaciones para hacerte llegar desde rutas y consejos de mantenimiento, a curiosidades y trucos de pilotaje.\",\"sameAs\":[\"https:\\\/\\\/www.facebook.com\\\/BoxRepsol\\\/\",\"https:\\\/\\\/www.instagram.com\\\/box_repsol\\\/\",\"https:\\\/\\\/x.com\\\/https:\\\/\\\/twitter.com\\\/box_repsol\",\"https:\\\/\\\/www.youtube.com\\\/@Boxrepsol\"],\"url\":\"https:\\\/\\\/www.boxrepsol.com\\\/es\\\/author\\\/redaccion-box-repsol\\\/\"}]}<\/script>\n<!-- \/ Yoast SEO plugin. -->","yoast_head_json":{"title":"7 momentos de la semana con Box Repsol - Box Repsol","description":"Esta semana si repostas o has repostado en nuestras gasolineras en alguna ocasi\u00f3n, podr\u00e1s responder esta encuesta haci\u00e9ndonos saber cu\u00e1l es tu estaci\u00f3n","canonical":"https:\/\/www.boxrepsol.com\/es\/motogp\/los-7-mejores-momentos-la-semana-box-repsol-2\/","og_locale":"es_ES","og_type":"article","og_title":"7 momentos de la semana con Box Repsol - Box Repsol","og_description":"Esta semana si repostas o has repostado en nuestras gasolineras en alguna ocasi\u00f3n, podr\u00e1s responder esta encuesta haci\u00e9ndonos saber cu\u00e1l es tu estaci\u00f3n","og_url":"https:\/\/www.boxrepsol.com\/es\/motogp\/los-7-mejores-momentos-la-semana-box-repsol-2\/","og_site_name":"Box Repsol","article_publisher":"https:\/\/www.facebook.com\/BoxRepsol","article_author":"https:\/\/www.facebook.com\/BoxRepsol\/","article_published_time":"2018-01-22T02:00:00+00:00","article_modified_time":"2024-09-24T15:39:09+00:00","og_image":[{"width":986,"height":555,"url":"https:\/\/bxrepsol.s3.eu-west-1.amazonaws.com\/static\/2023\/02\/24101453\/22-enero.png","type":"image\/png"}],"author":"Redacci\u00f3n Box Repsol","twitter_card":"summary_large_image","twitter_creator":"@https:\/\/twitter.com\/box_repsol","twitter_site":"@box_repsol","twitter_misc":{"Written by":"Redacci\u00f3n Box Repsol","Est. reading time":"3 minutos"},"schema":{"@context":"https:\/\/schema.org","@graph":[{"@type":"Article","@id":"https:\/\/www.boxrepsol.com\/es\/motogp\/los-7-mejores-momentos-la-semana-box-repsol-2\/#article","isPartOf":{"@id":"https:\/\/www.boxrepsol.com\/es\/motogp\/los-7-mejores-momentos-la-semana-box-repsol-2\/"},"author":{"name":"Redacci\u00f3n Box Repsol","@id":"https:\/\/www.boxrepsol.com\/es\/#\/schema\/person\/c5c2138f2cca251b0ad92b7086bb60b7"},"headline":"Los 7 mejores momentos de la semana en Box Repsol","datePublished":"2018-01-22T02:00:00+00:00","dateModified":"2024-09-24T15:39:09+00:00","mainEntityOfPage":{"@id":"https:\/\/www.boxrepsol.com\/es\/motogp\/los-7-mejores-momentos-la-semana-box-repsol-2\/"},"wordCount":612,"commentCount":0,"publisher":{"@id":"https:\/\/www.boxrepsol.com\/es\/#organization"},"image":{"@id":"https:\/\/www.boxrepsol.com\/es\/motogp\/los-7-mejores-momentos-la-semana-box-repsol-2\/#primaryimage"},"thumbnailUrl":"https:\/\/bxrepsol.s3.eu-west-1.amazonaws.com\/static\/2023\/02\/24101453\/22-enero.png","keywords":["mejores momentos"],"articleSection":["MotoGP"],"inLanguage":"es","potentialAction":[{"@type":"CommentAction","name":"Comment","target":["https:\/\/www.boxrepsol.com\/es\/motogp\/los-7-mejores-momentos-la-semana-box-repsol-2\/#respond"]}]},{"@type":"WebPage","@id":"https:\/\/www.boxrepsol.com\/es\/motogp\/los-7-mejores-momentos-la-semana-box-repsol-2\/","url":"https:\/\/www.boxrepsol.com\/es\/motogp\/los-7-mejores-momentos-la-semana-box-repsol-2\/","name":"7 momentos de la semana con Box Repsol - Box Repsol","isPartOf":{"@id":"https:\/\/www.boxrepsol.com\/es\/#website"},"primaryImageOfPage":{"@id":"https:\/\/www.boxrepsol.com\/es\/motogp\/los-7-mejores-momentos-la-semana-box-repsol-2\/#primaryimage"},"image":{"@id":"https:\/\/www.boxrepsol.com\/es\/motogp\/los-7-mejores-momentos-la-semana-box-repsol-2\/#primaryimage"},"thumbnailUrl":"https:\/\/bxrepsol.s3.eu-west-1.amazonaws.com\/static\/2023\/02\/24101453\/22-enero.png","datePublished":"2018-01-22T02:00:00+00:00","dateModified":"2024-09-24T15:39:09+00:00","description":"Esta semana si repostas o has repostado en nuestras gasolineras en alguna ocasi\u00f3n, podr\u00e1s responder esta encuesta haci\u00e9ndonos saber cu\u00e1l es tu estaci\u00f3n","breadcrumb":{"@id":"https:\/\/www.boxrepsol.com\/es\/motogp\/los-7-mejores-momentos-la-semana-box-repsol-2\/#breadcrumb"},"inLanguage":"es","potentialAction":[{"@type":"ReadAction","target":["https:\/\/www.boxrepsol.com\/es\/motogp\/los-7-mejores-momentos-la-semana-box-repsol-2\/"]}]},{"@type":"ImageObject","inLanguage":"es","@id":"https:\/\/www.boxrepsol.com\/es\/motogp\/los-7-mejores-momentos-la-semana-box-repsol-2\/#primaryimage","url":"https:\/\/bxrepsol.s3.eu-west-1.amazonaws.com\/static\/2023\/02\/24101453\/22-enero.png","contentUrl":"https:\/\/bxrepsol.s3.eu-west-1.amazonaws.com\/static\/2023\/02\/24101453\/22-enero.png","width":986,"height":555,"caption":"Moto oxidada, Marc M\u00e1rquez, moto aparcada junto a lago"},{"@type":"BreadcrumbList","@id":"https:\/\/www.boxrepsol.com\/es\/motogp\/los-7-mejores-momentos-la-semana-box-repsol-2\/#breadcrumb","itemListElement":[{"@type":"ListItem","position":1,"name":"Home","item":"https:\/\/www.boxrepsol.com\/es\/"},{"@type":"ListItem","position":2,"name":"Los 7 mejores momentos de la semana en Box Repsol"}]},{"@type":"WebSite","@id":"https:\/\/www.boxrepsol.com\/es\/#website","url":"https:\/\/www.boxrepsol.com\/es\/","name":"Box Repsol","description":"Box Repsol Site","publisher":{"@id":"https:\/\/www.boxrepsol.com\/es\/#organization"},"potentialAction":[{"@type":"SearchAction","target":{"@type":"EntryPoint","urlTemplate":"https:\/\/www.boxrepsol.com\/es\/?s={search_term_string}"},"query-input":{"@type":"PropertyValueSpecification","valueRequired":true,"valueName":"search_term_string"}}],"inLanguage":"es"},{"@type":"Organization","@id":"https:\/\/www.boxrepsol.com\/es\/#organization","name":"Box Repsol","url":"https:\/\/www.boxrepsol.com\/es\/","logo":{"@type":"ImageObject","inLanguage":"es","@id":"https:\/\/www.boxrepsol.com\/es\/#\/schema\/logo\/image\/","url":"https:\/\/bxrepsol.s3.eu-west-1.amazonaws.com\/static\/2025\/07\/30083337\/favicon-96x96-1.png","contentUrl":"https:\/\/bxrepsol.s3.eu-west-1.amazonaws.com\/static\/2025\/07\/30083337\/favicon-96x96-1.png","width":96,"height":96,"caption":"Box Repsol"},"image":{"@id":"https:\/\/www.boxrepsol.com\/es\/#\/schema\/logo\/image\/"},"sameAs":["https:\/\/www.facebook.com\/BoxRepsol","https:\/\/x.com\/box_repsol","http:\/\/instagram.com\/box_repsol","https:\/\/www.youtube.com\/user\/RepsolCompeticion","https:\/\/www.flickr.com\/photos\/box_repsol\/"]},{"@type":"Person","@id":"https:\/\/www.boxrepsol.com\/es\/#\/schema\/person\/c5c2138f2cca251b0ad92b7086bb60b7","name":"Redacci\u00f3n Box Repsol","image":{"@type":"ImageObject","inLanguage":"es","@id":"https:\/\/secure.gravatar.com\/avatar\/adf7b77e38b4419baf32c7e9c21dde01f4e40df611f0978e3006fc4ba0aaab7e?s=96&d=mm&r=g","url":"https:\/\/secure.gravatar.com\/avatar\/adf7b77e38b4419baf32c7e9c21dde01f4e40df611f0978e3006fc4ba0aaab7e?s=96&d=mm&r=g","contentUrl":"https:\/\/secure.gravatar.com\/avatar\/adf7b77e38b4419baf32c7e9c21dde01f4e40df611f0978e3006fc4ba0aaab7e?s=96&d=mm&r=g","caption":"Redacci\u00f3n Box Repsol"},"description":"Box Repsol lo forma un equipo de periodistas, community managers, dise\u00f1adores y fot\u00f3grafos con m\u00e1s de 20 a\u00f1os de experiencia en el mundo del motorsport. Hemos vivido el primer mundial de un espa\u00f1ol en la categor\u00eda reina de motociclismo con \u00c1lex Crivill\u00e9, estuvimos en las victorias de Pedrosa y los t\u00edtulos de M\u00e1rquez, acompa\u00f1amos en \u00c1frica a Nani Roma y Marc Coma en sus conquistas del Dakar y hemos vibrado con los t\u00edtulos de Toni Bou en Trial. Adem\u00e1s, en nuestro equipo contamos con expertos en el mundo de las dos y cuatro ruedas tanto de la calle y las carreteras, como de los circuitos. Periodistas que han trabajado en revistas y publicaciones para hacerte llegar desde rutas y consejos de mantenimiento, a curiosidades y trucos de pilotaje.","sameAs":["https:\/\/www.facebook.com\/BoxRepsol\/","https:\/\/www.instagram.com\/box_repsol\/","https:\/\/x.com\/https:\/\/twitter.com\/box_repsol","https:\/\/www.youtube.com\/@Boxrepsol"],"url":"https:\/\/www.boxrepsol.com\/es\/author\/redaccion-box-repsol\/"}]}},"_links":{"self":[{"href":"https:\/\/www.boxrepsol.com\/es\/wp-json\/wp\/v2\/posts\/92632","targetHints":{"allow":["GET"]}}],"collection":[{"href":"https:\/\/www.boxrepsol.com\/es\/wp-json\/wp\/v2\/posts"}],"about":[{"href":"https:\/\/www.boxrepsol.com\/es\/wp-json\/wp\/v2\/types\/post"}],"author":[{"embeddable":true,"href":"https:\/\/www.boxrepsol.com\/es\/wp-json\/wp\/v2\/users\/43146"}],"replies":[{"embeddable":true,"href":"https:\/\/www.boxrepsol.com\/es\/wp-json\/wp\/v2\/comments?post=92632"}],"version-history":[{"count":3,"href":"https:\/\/www.boxrepsol.com\/es\/wp-json\/wp\/v2\/posts\/92632\/revisions"}],"predecessor-version":[{"id":119947,"href":"https:\/\/www.boxrepsol.com\/es\/wp-json\/wp\/v2\/posts\/92632\/revisions\/119947"}],"wp:featuredmedia":[{"embeddable":true,"href":"https:\/\/www.boxrepsol.com\/es\/wp-json\/wp\/v2\/media\/92633"}],"wp:attachment":[{"href":"https:\/\/www.boxrepsol.com\/es\/wp-json\/wp\/v2\/media?parent=92632"}],"wp:term":[{"taxonomy":"category","embeddable":true,"href":"https:\/\/www.boxrepsol.com\/es\/wp-json\/wp\/v2\/categories?post=92632"},{"taxonomy":"post_tag","embeddable":true,"href":"https:\/\/www.boxrepsol.com\/es\/wp-json\/wp\/v2\/tags?post=92632"}],"curies":[{"name":"wp","href":"https:\/\/api.w.org\/{rel}","templated":true}]}}