{"id":92545,"date":"2018-01-16T00:00:00","date_gmt":"2018-01-16T02:00:00","guid":{"rendered":"http:\/\/pre.boxrepsol.com\/sin-categorizar\/racing-together-motogp-corazon-abierto\/"},"modified":"2024-05-21T07:21:55","modified_gmt":"2024-05-21T09:21:55","slug":"racing-together-motogp-corazon-abierto","status":"publish","type":"post","link":"https:\/\/www.boxrepsol.com\/es\/cultura-motera\/racing-together-motogp-corazon-abierto\/","title":{"rendered":"\u201cRacing Together\u201d MotoGP a coraz\u00f3n abierto"},"content":{"rendered":"<p>Cuando comience la pr\u00f3xima temporada se cumplir\u00e1n setenta a\u00f1os desde la creaci\u00f3n de lo que hoy en d\u00eda se conoce como el Campeonato del Mundo de <strong>MotoGP<\/strong>, que originalmente naci\u00f3 tras la Segunda Guerra Mundial en 1949. Por otra parte, la pasada temporada se conmemoraron 25 a\u00f1os desde la entrada en escena de <strong>Dorna Sports<\/strong> como promotor del campeonato.<\/p>\n<p><img loading=\"lazy\" decoding=\"async\" src=\"https:\/\/bxrepsol.s3.eu-west-1.amazonaws.com\/static\/2022\/08\/29075018\/Racing_together_02-2.png\" alt=\"Racing together 01\" width=\"704\" height=\"450\" \/><\/p>\n<p>Desde entonces, la alianza de la compa\u00f1\u00eda espa\u00f1ola con la <strong>FIM<\/strong> (Federaci\u00f3n Internacional de Motociclismo), <strong>IRTA<\/strong> (Asociaci\u00f3n Internacional de Equipos de Competici\u00f3n) y <strong>MSMA<\/strong> (Asociaci\u00f3n de Fabricantes de Motocicletas de Competici\u00f3n), ha impulsado la profesionalizaci\u00f3n de las carreras de velocidad hasta llegar al magn\u00edfico espect\u00e1culo que disfrutas actualmente en cualquier Gran Premio de MotoGP, contribuyendo tambi\u00e9n a los grandes avances en materia de seguridad. Estos dos acontecimientos constitu\u00edan motivos suficientes para echar la vista atr\u00e1s hasta los or\u00edgenes del Mundial, una ocasi\u00f3n que tras un proceso de producci\u00f3n de dos a\u00f1os se ha traducido en el reciente estreno del largometraje documental titulado <a href=\"http:\/\/www.motogp.com\/en\/videos\/2017\/11\/08\/racing-together-1949-2016-teaser\/245367\" target=\"_blank\" rel=\"noopener noreferrer\"><strong>\u201cRacing Together\u201d<\/strong><\/a><strong>.<\/strong><\/p>\n<p>La pel\u00edcula, producida por Dorna Sports y dirigida por Eugenio de Haro (tambi\u00e9n director de los documentales \u00a0Marc M\u00e1rquez: El coleccionista de trofeos\u201d, \u201c#Rookie93MarcMarquez: M\u00e1s all\u00e1 de la sonrisa\u201d, \u201cFrom Cervera to Tokyo\u201dy \u201cJorge Lorenzo Guerrero\u201d), transporta al espectador en un viaje de siete d\u00e9cadas desde los pioneros de los inicios, haciendo especial hincapi\u00e9 en la historia individual de los grandes campeones, as\u00ed como en los episodios que en el plano humano o tecnol\u00f3gico m\u00e1s han marcado la evoluci\u00f3n de este deporte.<\/p>\n<p><img loading=\"lazy\" decoding=\"async\" src=\"https:\/\/bxrepsol.s3.eu-west-1.amazonaws.com\/static\/2022\/08\/29075019\/Racing_together_03-2.png\" alt=\"Racing together 02\" width=\"704\" height=\"450\" \/><\/p>\n<p>Para las generaciones m\u00e1s j\u00f3venes de aficionados \u201cRacing Together\u201d re\u00fane una impresionante selecci\u00f3n de im\u00e1genes de archivo de los inicios y las distintas eras de la competici\u00f3n, un material complementado por el testimonio de sus propios protagonistas y de varios de los periodistas m\u00e1s respetados, como el comentarista televisivo <strong>Dennis Noyes<\/strong>, <strong>Michael Scott<\/strong> -bi\u00f3grafo de Barry Sheene y Wayne Rainey-, <strong>Julian Ryder<\/strong> \u2013editor del anuario \u201cMotoGP Season Review\u201d- o <strong>Kevin Cameron<\/strong> \u2013gur\u00fa de la t\u00e9cnica y autor del libro \u201cThe Grand Prix Motorcycle, the official history\u201d-. El veterano fot\u00f3grafo holand\u00e9s <strong>Henk Keulemans<\/strong> y el comentarista <strong>Nick Harris<\/strong> tambi\u00e9n comparten sus recuerdos de cada momento, cerrando precisamente el brit\u00e1nico con su aparici\u00f3n en \u201cRacing Together\u201d una brillante carrera profesional de m\u00e1s de 40 a\u00f1os.<\/p>\n<p>El relato tambi\u00e9n abarca los or\u00edgenes y la definitiva eclosi\u00f3n del motociclismo espa\u00f1ol, en lo que se convierte inevitablemente en un sentido homenaje a la figura de \u00c1ngel Nieto, en sus t\u00edtulos iniciales, as\u00ed como a John Surtees y <strong>Nicky Hayden<\/strong>, que aparecen en la cinta y desafortunadamente tambi\u00e9n fallecieron antes de su estreno.<\/p>\n<p>Con una duraci\u00f3n pr\u00f3xima a las dos horas, \u201cRacing Together\u201d comienza con un evocador repaso a la primera d\u00e9cada de competici\u00f3n, dominada por los fabricantes brit\u00e1nicos e italianos. Las circunstancias pol\u00edticas derivadas de la Guerra Fr\u00eda y la revoluci\u00f3n tecnol\u00f3gica que supuso el desarrollo de los motores de dos tiempos en la d\u00e9cada de 1960 tambi\u00e9n quedan recogidas, seguidas por el dominio de <strong>Giacomo Agostini<\/strong> y la aparici\u00f3n del hombre destinado a revolucionar el motociclismo en el terreno medi\u00e1tico a mediados de los 70, el brit\u00e1nico Barry Sheene. En el plano tecnol\u00f3gico, se recupera tambi\u00e9n la apasionante aventura emprendida por <strong>Honda<\/strong> en 1979 con la legendaria NR500 con motor de pistones ovales.<\/p>\n<p><a title=\"File2586\" href=\"https:\/\/www.flickr.com\/photos\/25037650@N03\/34686014631\/\" data-flickr-embed=\"true\"><img loading=\"lazy\" decoding=\"async\" src=\"https:\/\/bxrepsol.s3.eu-west-1.amazonaws.com\/static\/2022\/08\/29075020\/34686014631_87406d52e4_c-1.jpg\" alt=\"File2586\" width=\"800\" height=\"452\" \/><\/a><\/p>\n<p>La revoluci\u00f3n de los pilotos norteamericanos y australianos sobre las salvajes monturas del \u201cmedio litro\u201d en la d\u00e9cada de 1980 recibe su oportuno reconocimiento y culmina con la aparici\u00f3n estelar de <strong>Wayne Rainey<\/strong> y <strong>Kevin Schwantz<\/strong>.<\/p>\n<p>El dominio de <strong>Michael Doohan<\/strong> antecede cronol\u00f3gicamente a la vuelta de los motores de cuatro tiempos en 2002 bajo la f\u00f3rmula MotoGP, y tambi\u00e9n cuentan con su espacio los progresos en t\u00e9rminos de seguridad en los circuitos, la estabilidad econ\u00f3mica alcanzada o el crecimiento exponencial del seguimiento de MotoGP en las \u00faltimas d\u00e9cadas. Aqu\u00ed el relato discurre casi paralelamente a la carrera deportiva de Valentino Rossi. El genio italiano asume entonces el protagonismo como eje medi\u00e1tico alrededor del que ha girado una importante parte de la popularidad del campeonato en los \u00faltimos 15 a\u00f1os.<\/p>\n<p><img loading=\"lazy\" decoding=\"async\" src=\"https:\/\/bxrepsol.s3.eu-west-1.amazonaws.com\/static\/2022\/08\/29075021\/Racing_together_04-2.png\" alt=\"Racing together Doohan\" width=\"704\" height=\"450\" \/><\/p>\n<p>La nueva generaci\u00f3n de campeones compuesta por <strong>Casey Stoner<\/strong>,<strong> Jorge Lorenzo <\/strong>y<strong> Marc M\u00e1rquez<\/strong>, la aparici\u00f3n de las categor\u00edas de Moto2 y Moto3, adem\u00e1s de los comentarios de <strong>Carmelo Ezpeleta<\/strong> (CEO de Dorna) y <strong>Vito Ippolito<\/strong> (presidente de la FIM), ponen el broche final a una historia que se cuenta sin temor a recordar las luces y sombras del campeonato. No se pasan por alto las tragedias m\u00e1s tristemente recordadas en estos casi 70 a\u00f1os, o la irrupci\u00f3n de Dorna como nuevo promotor.<\/p>\n<p>Tambi\u00e9n queda saldada una antigua e importante deuda con los incondicionales de la velocidad, ya que \u201cRacing Together\u201d aparece casi tres d\u00e9cadas despu\u00e9s de la \u00faltima obra que se hab\u00eda atrevido a emprender la casi inabarcable tarea de contar la apasionante historia del Campeonato del Mundo. El documental se ha emitido por primera vez en televisi\u00f3n en el canal tem\u00e1tico Movistar MotoGP y est\u00e1 disponible en DVD, as\u00ed como en soporte digital en la <a href=\"http:\/\/www.motogp.com\/\">web oficial<\/a> del campeonato. Si eres entusiasta de las carreras y sientes curiosidad por su historia, el largometraje \u201cRacing Together\u201d, as\u00ed como el libro conmemorativo en ingl\u00e9s y castellano editado con el mismo t\u00edtulo, aparece para situarse a la cabeza de la lista de tus contenidos imprescindibles.<\/p>\n","protected":false},"excerpt":{"rendered":"<p>\u00bfCautivado por la emoci\u00f3n de la lucha entre M\u00e1rquez, Dovizioso, Rossi y compa\u00f1\u00eda? Racing Together acaba de estrenarse para rendir tributo a la incre\u00edble historia del noble deporte del motociclismo de velocidad.<\/p>\n","protected":false},"author":43146,"featured_media":92547,"comment_status":"open","ping_status":"open","sticky":false,"template":"","format":"standard","meta":{"footnotes":""},"categories":[160],"tags":[177],"class_list":["post-92545","post","type-post","status-publish","format-standard","hentry","category-cultura-motera","tag-cine-motero"],"yoast_head":"<!-- This site is optimized with the Yoast SEO plugin v27.3 - https:\/\/yoast.com\/product\/yoast-seo-wordpress\/ -->\n<title>\u201cRacing Together\u201d MotoGP a coraz\u00f3n abierto - Box Repsol<\/title>\n<link rel=\"canonical\" href=\"https:\/\/www.boxrepsol.com\/es\/cultura-motera\/racing-together-motogp-corazon-abierto\/\" \/>\n<meta property=\"og:locale\" content=\"es_ES\" \/>\n<meta property=\"og:type\" content=\"article\" \/>\n<meta property=\"og:title\" content=\"\u201cRacing Together\u201d MotoGP a coraz\u00f3n abierto - Box Repsol\" \/>\n<meta property=\"og:description\" content=\"\u00bfCautivado por la emoci\u00f3n de la lucha entre M\u00e1rquez, Dovizioso, Rossi y compa\u00f1\u00eda? Racing Together acaba de estrenarse para rendir tributo a la incre\u00edble historia del noble deporte del motociclismo de velocidad.\" \/>\n<meta property=\"og:url\" content=\"https:\/\/www.boxrepsol.com\/es\/cultura-motera\/racing-together-motogp-corazon-abierto\/\" \/>\n<meta property=\"og:site_name\" content=\"Box Repsol\" \/>\n<meta property=\"article:publisher\" content=\"https:\/\/www.facebook.com\/BoxRepsol\" \/>\n<meta property=\"article:author\" content=\"https:\/\/www.facebook.com\/BoxRepsol\/\" \/>\n<meta property=\"article:published_time\" content=\"2018-01-16T02:00:00+00:00\" \/>\n<meta property=\"article:modified_time\" content=\"2024-05-21T09:21:55+00:00\" \/>\n<meta property=\"og:image\" content=\"https:\/\/bxrepsol.s3.eu-west-1.amazonaws.com\/static\/2023\/02\/24101405\/Racing_together_01_header.png\" \/>\n\t<meta property=\"og:image:width\" content=\"986\" \/>\n\t<meta property=\"og:image:height\" content=\"555\" \/>\n\t<meta property=\"og:image:type\" content=\"image\/png\" \/>\n<meta name=\"author\" content=\"Redacci\u00f3n Box Repsol\" \/>\n<meta name=\"twitter:card\" content=\"summary_large_image\" \/>\n<meta name=\"twitter:creator\" content=\"@https:\/\/twitter.com\/box_repsol\" \/>\n<meta name=\"twitter:site\" content=\"@box_repsol\" \/>\n<meta name=\"twitter:label1\" content=\"Written by\" \/>\n\t<meta name=\"twitter:data1\" content=\"Redacci\u00f3n Box Repsol\" \/>\n\t<meta name=\"twitter:label2\" content=\"Est. reading time\" \/>\n\t<meta name=\"twitter:data2\" content=\"5 minutos\" \/>\n<script type=\"application\/ld+json\" class=\"yoast-schema-graph\">{\"@context\":\"https:\\\/\\\/schema.org\",\"@graph\":[{\"@type\":\"Article\",\"@id\":\"https:\\\/\\\/www.boxrepsol.com\\\/es\\\/cultura-motera\\\/racing-together-motogp-corazon-abierto\\\/#article\",\"isPartOf\":{\"@id\":\"https:\\\/\\\/www.boxrepsol.com\\\/es\\\/cultura-motera\\\/racing-together-motogp-corazon-abierto\\\/\"},\"author\":{\"name\":\"Redacci\u00f3n Box Repsol\",\"@id\":\"https:\\\/\\\/www.boxrepsol.com\\\/es\\\/#\\\/schema\\\/person\\\/c5c2138f2cca251b0ad92b7086bb60b7\"},\"headline\":\"\u201cRacing Together\u201d MotoGP a coraz\u00f3n abierto\",\"datePublished\":\"2018-01-16T02:00:00+00:00\",\"dateModified\":\"2024-05-21T09:21:55+00:00\",\"mainEntityOfPage\":{\"@id\":\"https:\\\/\\\/www.boxrepsol.com\\\/es\\\/cultura-motera\\\/racing-together-motogp-corazon-abierto\\\/\"},\"wordCount\":965,\"commentCount\":0,\"publisher\":{\"@id\":\"https:\\\/\\\/www.boxrepsol.com\\\/es\\\/#organization\"},\"image\":{\"@id\":\"https:\\\/\\\/www.boxrepsol.com\\\/es\\\/cultura-motera\\\/racing-together-motogp-corazon-abierto\\\/#primaryimage\"},\"thumbnailUrl\":\"https:\\\/\\\/bxrepsol.s3.eu-west-1.amazonaws.com\\\/static\\\/2023\\\/02\\\/24101405\\\/Racing_together_01_header.png\",\"keywords\":[\"cine motero\"],\"articleSection\":[\"Cultura Motera\"],\"inLanguage\":\"es\",\"potentialAction\":[{\"@type\":\"CommentAction\",\"name\":\"Comment\",\"target\":[\"https:\\\/\\\/www.boxrepsol.com\\\/es\\\/cultura-motera\\\/racing-together-motogp-corazon-abierto\\\/#respond\"]}]},{\"@type\":\"WebPage\",\"@id\":\"https:\\\/\\\/www.boxrepsol.com\\\/es\\\/cultura-motera\\\/racing-together-motogp-corazon-abierto\\\/\",\"url\":\"https:\\\/\\\/www.boxrepsol.com\\\/es\\\/cultura-motera\\\/racing-together-motogp-corazon-abierto\\\/\",\"name\":\"\u201cRacing Together\u201d MotoGP a coraz\u00f3n abierto - Box Repsol\",\"isPartOf\":{\"@id\":\"https:\\\/\\\/www.boxrepsol.com\\\/es\\\/#website\"},\"primaryImageOfPage\":{\"@id\":\"https:\\\/\\\/www.boxrepsol.com\\\/es\\\/cultura-motera\\\/racing-together-motogp-corazon-abierto\\\/#primaryimage\"},\"image\":{\"@id\":\"https:\\\/\\\/www.boxrepsol.com\\\/es\\\/cultura-motera\\\/racing-together-motogp-corazon-abierto\\\/#primaryimage\"},\"thumbnailUrl\":\"https:\\\/\\\/bxrepsol.s3.eu-west-1.amazonaws.com\\\/static\\\/2023\\\/02\\\/24101405\\\/Racing_together_01_header.png\",\"datePublished\":\"2018-01-16T02:00:00+00:00\",\"dateModified\":\"2024-05-21T09:21:55+00:00\",\"breadcrumb\":{\"@id\":\"https:\\\/\\\/www.boxrepsol.com\\\/es\\\/cultura-motera\\\/racing-together-motogp-corazon-abierto\\\/#breadcrumb\"},\"inLanguage\":\"es\",\"potentialAction\":[{\"@type\":\"ReadAction\",\"target\":[\"https:\\\/\\\/www.boxrepsol.com\\\/es\\\/cultura-motera\\\/racing-together-motogp-corazon-abierto\\\/\"]}]},{\"@type\":\"ImageObject\",\"inLanguage\":\"es\",\"@id\":\"https:\\\/\\\/www.boxrepsol.com\\\/es\\\/cultura-motera\\\/racing-together-motogp-corazon-abierto\\\/#primaryimage\",\"url\":\"https:\\\/\\\/bxrepsol.s3.eu-west-1.amazonaws.com\\\/static\\\/2023\\\/02\\\/24101405\\\/Racing_together_01_header.png\",\"contentUrl\":\"https:\\\/\\\/bxrepsol.s3.eu-west-1.amazonaws.com\\\/static\\\/2023\\\/02\\\/24101405\\\/Racing_together_01_header.png\",\"width\":986,\"height\":555,\"caption\":\"Racing Together\"},{\"@type\":\"BreadcrumbList\",\"@id\":\"https:\\\/\\\/www.boxrepsol.com\\\/es\\\/cultura-motera\\\/racing-together-motogp-corazon-abierto\\\/#breadcrumb\",\"itemListElement\":[{\"@type\":\"ListItem\",\"position\":1,\"name\":\"Home\",\"item\":\"https:\\\/\\\/www.boxrepsol.com\\\/es\\\/\"},{\"@type\":\"ListItem\",\"position\":2,\"name\":\"\u201cRacing Together\u201d MotoGP a coraz\u00f3n abierto\"}]},{\"@type\":\"WebSite\",\"@id\":\"https:\\\/\\\/www.boxrepsol.com\\\/es\\\/#website\",\"url\":\"https:\\\/\\\/www.boxrepsol.com\\\/es\\\/\",\"name\":\"Box Repsol\",\"description\":\"Box Repsol Site\",\"publisher\":{\"@id\":\"https:\\\/\\\/www.boxrepsol.com\\\/es\\\/#organization\"},\"potentialAction\":[{\"@type\":\"SearchAction\",\"target\":{\"@type\":\"EntryPoint\",\"urlTemplate\":\"https:\\\/\\\/www.boxrepsol.com\\\/es\\\/?s={search_term_string}\"},\"query-input\":{\"@type\":\"PropertyValueSpecification\",\"valueRequired\":true,\"valueName\":\"search_term_string\"}}],\"inLanguage\":\"es\"},{\"@type\":\"Organization\",\"@id\":\"https:\\\/\\\/www.boxrepsol.com\\\/es\\\/#organization\",\"name\":\"Box Repsol\",\"url\":\"https:\\\/\\\/www.boxrepsol.com\\\/es\\\/\",\"logo\":{\"@type\":\"ImageObject\",\"inLanguage\":\"es\",\"@id\":\"https:\\\/\\\/www.boxrepsol.com\\\/es\\\/#\\\/schema\\\/logo\\\/image\\\/\",\"url\":\"https:\\\/\\\/bxrepsol.s3.eu-west-1.amazonaws.com\\\/static\\\/2025\\\/07\\\/30083337\\\/favicon-96x96-1.png\",\"contentUrl\":\"https:\\\/\\\/bxrepsol.s3.eu-west-1.amazonaws.com\\\/static\\\/2025\\\/07\\\/30083337\\\/favicon-96x96-1.png\",\"width\":96,\"height\":96,\"caption\":\"Box Repsol\"},\"image\":{\"@id\":\"https:\\\/\\\/www.boxrepsol.com\\\/es\\\/#\\\/schema\\\/logo\\\/image\\\/\"},\"sameAs\":[\"https:\\\/\\\/www.facebook.com\\\/BoxRepsol\",\"https:\\\/\\\/x.com\\\/box_repsol\",\"http:\\\/\\\/instagram.com\\\/box_repsol\",\"https:\\\/\\\/www.youtube.com\\\/user\\\/RepsolCompeticion\",\"https:\\\/\\\/www.flickr.com\\\/photos\\\/box_repsol\\\/\"]},{\"@type\":\"Person\",\"@id\":\"https:\\\/\\\/www.boxrepsol.com\\\/es\\\/#\\\/schema\\\/person\\\/c5c2138f2cca251b0ad92b7086bb60b7\",\"name\":\"Redacci\u00f3n Box Repsol\",\"image\":{\"@type\":\"ImageObject\",\"inLanguage\":\"es\",\"@id\":\"https:\\\/\\\/secure.gravatar.com\\\/avatar\\\/adf7b77e38b4419baf32c7e9c21dde01f4e40df611f0978e3006fc4ba0aaab7e?s=96&d=mm&r=g\",\"url\":\"https:\\\/\\\/secure.gravatar.com\\\/avatar\\\/adf7b77e38b4419baf32c7e9c21dde01f4e40df611f0978e3006fc4ba0aaab7e?s=96&d=mm&r=g\",\"contentUrl\":\"https:\\\/\\\/secure.gravatar.com\\\/avatar\\\/adf7b77e38b4419baf32c7e9c21dde01f4e40df611f0978e3006fc4ba0aaab7e?s=96&d=mm&r=g\",\"caption\":\"Redacci\u00f3n Box Repsol\"},\"description\":\"Box Repsol lo forma un equipo de periodistas, community managers, dise\u00f1adores y fot\u00f3grafos con m\u00e1s de 20 a\u00f1os de experiencia en el mundo del motorsport. Hemos vivido el primer mundial de un espa\u00f1ol en la categor\u00eda reina de motociclismo con \u00c1lex Crivill\u00e9, estuvimos en las victorias de Pedrosa y los t\u00edtulos de M\u00e1rquez, acompa\u00f1amos en \u00c1frica a Nani Roma y Marc Coma en sus conquistas del Dakar y hemos vibrado con los t\u00edtulos de Toni Bou en Trial. Adem\u00e1s, en nuestro equipo contamos con expertos en el mundo de las dos y cuatro ruedas tanto de la calle y las carreteras, como de los circuitos. Periodistas que han trabajado en revistas y publicaciones para hacerte llegar desde rutas y consejos de mantenimiento, a curiosidades y trucos de pilotaje.\",\"sameAs\":[\"https:\\\/\\\/www.facebook.com\\\/BoxRepsol\\\/\",\"https:\\\/\\\/www.instagram.com\\\/box_repsol\\\/\",\"https:\\\/\\\/x.com\\\/https:\\\/\\\/twitter.com\\\/box_repsol\",\"https:\\\/\\\/www.youtube.com\\\/@Boxrepsol\"],\"url\":\"https:\\\/\\\/www.boxrepsol.com\\\/es\\\/author\\\/redaccion-box-repsol\\\/\"}]}<\/script>\n<!-- \/ Yoast SEO plugin. -->","yoast_head_json":{"title":"\u201cRacing Together\u201d MotoGP a coraz\u00f3n abierto - Box Repsol","canonical":"https:\/\/www.boxrepsol.com\/es\/cultura-motera\/racing-together-motogp-corazon-abierto\/","og_locale":"es_ES","og_type":"article","og_title":"\u201cRacing Together\u201d MotoGP a coraz\u00f3n abierto - Box Repsol","og_description":"\u00bfCautivado por la emoci\u00f3n de la lucha entre M\u00e1rquez, Dovizioso, Rossi y compa\u00f1\u00eda? Racing Together acaba de estrenarse para rendir tributo a la incre\u00edble historia del noble deporte del motociclismo de velocidad.","og_url":"https:\/\/www.boxrepsol.com\/es\/cultura-motera\/racing-together-motogp-corazon-abierto\/","og_site_name":"Box Repsol","article_publisher":"https:\/\/www.facebook.com\/BoxRepsol","article_author":"https:\/\/www.facebook.com\/BoxRepsol\/","article_published_time":"2018-01-16T02:00:00+00:00","article_modified_time":"2024-05-21T09:21:55+00:00","og_image":[{"width":986,"height":555,"url":"https:\/\/bxrepsol.s3.eu-west-1.amazonaws.com\/static\/2023\/02\/24101405\/Racing_together_01_header.png","type":"image\/png"}],"author":"Redacci\u00f3n Box Repsol","twitter_card":"summary_large_image","twitter_creator":"@https:\/\/twitter.com\/box_repsol","twitter_site":"@box_repsol","twitter_misc":{"Written by":"Redacci\u00f3n Box Repsol","Est. reading time":"5 minutos"},"schema":{"@context":"https:\/\/schema.org","@graph":[{"@type":"Article","@id":"https:\/\/www.boxrepsol.com\/es\/cultura-motera\/racing-together-motogp-corazon-abierto\/#article","isPartOf":{"@id":"https:\/\/www.boxrepsol.com\/es\/cultura-motera\/racing-together-motogp-corazon-abierto\/"},"author":{"name":"Redacci\u00f3n Box Repsol","@id":"https:\/\/www.boxrepsol.com\/es\/#\/schema\/person\/c5c2138f2cca251b0ad92b7086bb60b7"},"headline":"\u201cRacing Together\u201d MotoGP a coraz\u00f3n abierto","datePublished":"2018-01-16T02:00:00+00:00","dateModified":"2024-05-21T09:21:55+00:00","mainEntityOfPage":{"@id":"https:\/\/www.boxrepsol.com\/es\/cultura-motera\/racing-together-motogp-corazon-abierto\/"},"wordCount":965,"commentCount":0,"publisher":{"@id":"https:\/\/www.boxrepsol.com\/es\/#organization"},"image":{"@id":"https:\/\/www.boxrepsol.com\/es\/cultura-motera\/racing-together-motogp-corazon-abierto\/#primaryimage"},"thumbnailUrl":"https:\/\/bxrepsol.s3.eu-west-1.amazonaws.com\/static\/2023\/02\/24101405\/Racing_together_01_header.png","keywords":["cine motero"],"articleSection":["Cultura Motera"],"inLanguage":"es","potentialAction":[{"@type":"CommentAction","name":"Comment","target":["https:\/\/www.boxrepsol.com\/es\/cultura-motera\/racing-together-motogp-corazon-abierto\/#respond"]}]},{"@type":"WebPage","@id":"https:\/\/www.boxrepsol.com\/es\/cultura-motera\/racing-together-motogp-corazon-abierto\/","url":"https:\/\/www.boxrepsol.com\/es\/cultura-motera\/racing-together-motogp-corazon-abierto\/","name":"\u201cRacing Together\u201d MotoGP a coraz\u00f3n abierto - Box Repsol","isPartOf":{"@id":"https:\/\/www.boxrepsol.com\/es\/#website"},"primaryImageOfPage":{"@id":"https:\/\/www.boxrepsol.com\/es\/cultura-motera\/racing-together-motogp-corazon-abierto\/#primaryimage"},"image":{"@id":"https:\/\/www.boxrepsol.com\/es\/cultura-motera\/racing-together-motogp-corazon-abierto\/#primaryimage"},"thumbnailUrl":"https:\/\/bxrepsol.s3.eu-west-1.amazonaws.com\/static\/2023\/02\/24101405\/Racing_together_01_header.png","datePublished":"2018-01-16T02:00:00+00:00","dateModified":"2024-05-21T09:21:55+00:00","breadcrumb":{"@id":"https:\/\/www.boxrepsol.com\/es\/cultura-motera\/racing-together-motogp-corazon-abierto\/#breadcrumb"},"inLanguage":"es","potentialAction":[{"@type":"ReadAction","target":["https:\/\/www.boxrepsol.com\/es\/cultura-motera\/racing-together-motogp-corazon-abierto\/"]}]},{"@type":"ImageObject","inLanguage":"es","@id":"https:\/\/www.boxrepsol.com\/es\/cultura-motera\/racing-together-motogp-corazon-abierto\/#primaryimage","url":"https:\/\/bxrepsol.s3.eu-west-1.amazonaws.com\/static\/2023\/02\/24101405\/Racing_together_01_header.png","contentUrl":"https:\/\/bxrepsol.s3.eu-west-1.amazonaws.com\/static\/2023\/02\/24101405\/Racing_together_01_header.png","width":986,"height":555,"caption":"Racing Together"},{"@type":"BreadcrumbList","@id":"https:\/\/www.boxrepsol.com\/es\/cultura-motera\/racing-together-motogp-corazon-abierto\/#breadcrumb","itemListElement":[{"@type":"ListItem","position":1,"name":"Home","item":"https:\/\/www.boxrepsol.com\/es\/"},{"@type":"ListItem","position":2,"name":"\u201cRacing Together\u201d MotoGP a coraz\u00f3n abierto"}]},{"@type":"WebSite","@id":"https:\/\/www.boxrepsol.com\/es\/#website","url":"https:\/\/www.boxrepsol.com\/es\/","name":"Box Repsol","description":"Box Repsol Site","publisher":{"@id":"https:\/\/www.boxrepsol.com\/es\/#organization"},"potentialAction":[{"@type":"SearchAction","target":{"@type":"EntryPoint","urlTemplate":"https:\/\/www.boxrepsol.com\/es\/?s={search_term_string}"},"query-input":{"@type":"PropertyValueSpecification","valueRequired":true,"valueName":"search_term_string"}}],"inLanguage":"es"},{"@type":"Organization","@id":"https:\/\/www.boxrepsol.com\/es\/#organization","name":"Box Repsol","url":"https:\/\/www.boxrepsol.com\/es\/","logo":{"@type":"ImageObject","inLanguage":"es","@id":"https:\/\/www.boxrepsol.com\/es\/#\/schema\/logo\/image\/","url":"https:\/\/bxrepsol.s3.eu-west-1.amazonaws.com\/static\/2025\/07\/30083337\/favicon-96x96-1.png","contentUrl":"https:\/\/bxrepsol.s3.eu-west-1.amazonaws.com\/static\/2025\/07\/30083337\/favicon-96x96-1.png","width":96,"height":96,"caption":"Box Repsol"},"image":{"@id":"https:\/\/www.boxrepsol.com\/es\/#\/schema\/logo\/image\/"},"sameAs":["https:\/\/www.facebook.com\/BoxRepsol","https:\/\/x.com\/box_repsol","http:\/\/instagram.com\/box_repsol","https:\/\/www.youtube.com\/user\/RepsolCompeticion","https:\/\/www.flickr.com\/photos\/box_repsol\/"]},{"@type":"Person","@id":"https:\/\/www.boxrepsol.com\/es\/#\/schema\/person\/c5c2138f2cca251b0ad92b7086bb60b7","name":"Redacci\u00f3n Box Repsol","image":{"@type":"ImageObject","inLanguage":"es","@id":"https:\/\/secure.gravatar.com\/avatar\/adf7b77e38b4419baf32c7e9c21dde01f4e40df611f0978e3006fc4ba0aaab7e?s=96&d=mm&r=g","url":"https:\/\/secure.gravatar.com\/avatar\/adf7b77e38b4419baf32c7e9c21dde01f4e40df611f0978e3006fc4ba0aaab7e?s=96&d=mm&r=g","contentUrl":"https:\/\/secure.gravatar.com\/avatar\/adf7b77e38b4419baf32c7e9c21dde01f4e40df611f0978e3006fc4ba0aaab7e?s=96&d=mm&r=g","caption":"Redacci\u00f3n Box Repsol"},"description":"Box Repsol lo forma un equipo de periodistas, community managers, dise\u00f1adores y fot\u00f3grafos con m\u00e1s de 20 a\u00f1os de experiencia en el mundo del motorsport. Hemos vivido el primer mundial de un espa\u00f1ol en la categor\u00eda reina de motociclismo con \u00c1lex Crivill\u00e9, estuvimos en las victorias de Pedrosa y los t\u00edtulos de M\u00e1rquez, acompa\u00f1amos en \u00c1frica a Nani Roma y Marc Coma en sus conquistas del Dakar y hemos vibrado con los t\u00edtulos de Toni Bou en Trial. Adem\u00e1s, en nuestro equipo contamos con expertos en el mundo de las dos y cuatro ruedas tanto de la calle y las carreteras, como de los circuitos. Periodistas que han trabajado en revistas y publicaciones para hacerte llegar desde rutas y consejos de mantenimiento, a curiosidades y trucos de pilotaje.","sameAs":["https:\/\/www.facebook.com\/BoxRepsol\/","https:\/\/www.instagram.com\/box_repsol\/","https:\/\/x.com\/https:\/\/twitter.com\/box_repsol","https:\/\/www.youtube.com\/@Boxrepsol"],"url":"https:\/\/www.boxrepsol.com\/es\/author\/redaccion-box-repsol\/"}]}},"_links":{"self":[{"href":"https:\/\/www.boxrepsol.com\/es\/wp-json\/wp\/v2\/posts\/92545","targetHints":{"allow":["GET"]}}],"collection":[{"href":"https:\/\/www.boxrepsol.com\/es\/wp-json\/wp\/v2\/posts"}],"about":[{"href":"https:\/\/www.boxrepsol.com\/es\/wp-json\/wp\/v2\/types\/post"}],"author":[{"embeddable":true,"href":"https:\/\/www.boxrepsol.com\/es\/wp-json\/wp\/v2\/users\/43146"}],"replies":[{"embeddable":true,"href":"https:\/\/www.boxrepsol.com\/es\/wp-json\/wp\/v2\/comments?post=92545"}],"version-history":[{"count":1,"href":"https:\/\/www.boxrepsol.com\/es\/wp-json\/wp\/v2\/posts\/92545\/revisions"}],"predecessor-version":[{"id":92546,"href":"https:\/\/www.boxrepsol.com\/es\/wp-json\/wp\/v2\/posts\/92545\/revisions\/92546"}],"wp:featuredmedia":[{"embeddable":true,"href":"https:\/\/www.boxrepsol.com\/es\/wp-json\/wp\/v2\/media\/92547"}],"wp:attachment":[{"href":"https:\/\/www.boxrepsol.com\/es\/wp-json\/wp\/v2\/media?parent=92545"}],"wp:term":[{"taxonomy":"category","embeddable":true,"href":"https:\/\/www.boxrepsol.com\/es\/wp-json\/wp\/v2\/categories?post=92545"},{"taxonomy":"post_tag","embeddable":true,"href":"https:\/\/www.boxrepsol.com\/es\/wp-json\/wp\/v2\/tags?post=92545"}],"curies":[{"name":"wp","href":"https:\/\/api.w.org\/{rel}","templated":true}]}}