{"id":92539,"date":"2018-01-15T00:00:00","date_gmt":"2018-01-15T02:00:00","guid":{"rendered":"http:\/\/pre.boxrepsol.com\/sin-categorizar\/isidre-esteve-afronta-la-recta-final-del-dakar-con-mucha-confianza\/"},"modified":"2024-05-21T07:23:14","modified_gmt":"2024-05-21T09:23:14","slug":"isidre-esteve-afronta-la-recta-final-del-dakar-con-mucha-confianza","status":"publish","type":"post","link":"https:\/\/www.boxrepsol.com\/es\/rally\/isidre-esteve-afronta-la-recta-final-del-dakar-con-mucha-confianza\/","title":{"rendered":"Isidre Esteve afronta la recta final del Dakar con mucha confianza"},"content":{"rendered":"<blockquote>\n<p>Todav\u00eda podemos mejorar mucho y marcar un top 20 en alguna etapa<\/p>\n<p>            <a href=\"http:\/\/twitter.com\/share?text=Todav%C3%ADa+podemos+mejorar+mucho+y+marcar+un+top+20+en+alguna+etapa&#038;url=https%3A%2F%2Fwww.boxrepsol.com%2Fes%2F%3Fp%3D16583%2F&#038;hashtags=\" target=\"_blank\" data-datalayer='{\"event\": \"socialInteraction\", \"socialNetwork\": \"Twitter\", \"socialAction\": \"Compartir\", \"socialTarget\": \"Frase\"}' rel=\"noopener\"><br \/>\n            twittear        <\/a><\/p>\n<footer>Isidre Esteve<\/footer>\n<\/blockquote>\n<table border=\"0\" width=\"100%\" cellspacing=\"0\" cellpadding=\"0\">\n<tbody>\n<tr>\n<td valign=\"top\">Isidre Esteve se ve con fuerzas de protagonizar una gran segunda semana en el Rally Dakar. Superado el ecuador de la prueba sudamericana, el piloto del Repsol Rally Team est\u00e1 cumpliendo con sus planes iniciales. Tras consolidarse entre los 30 primeros de la general, el ilerdense afronta la parte decisiva de la carrera con la moral intacta y un objetivo claro: colarse en el top 20. De lograrlo, marcar\u00eda un hito para el deporte inclusivo con su prototipo BV6 de Sodicars Racing con los mandos adaptados al volante.<br \/>\n<em><br \/>\n\u201cNuestro objetivo era completar la primera semana alrededor del puesto 30 y lo hemos conseguido, a pesar de las enormes dificultades que hemos debido afrontar. Pero nos hemos sabido adaptar bien a los problemas y, sinceramente, estamos muy contentos de haber pasado la etapa marat\u00f3n sin perder tiempo e incluso ganando varios puestos en la general\u201d<\/em>, confiesa Isidre Esteve.<\/p>\n<p>Despu\u00e9s de pasar con muy buena nota el examen de las gigantescas dunas peruanas, el Repsol Rally Team vivi\u00f3 su momento m\u00e1s delicado en Bolivia, donde el agua y el barro da\u00f1aron la centralita y los frenos de su veh\u00edculo.<em>\u00a0\u201cNo pod\u00edamos pasar de 100 km\/h y eso nos produjo momentos de agobio, pero supimos mantener la calma y decidimos cambiar el chip para adecuar nuestra conducci\u00f3n a cada situaci\u00f3n y, sobre todo, no romper el coche. Al final, todo sali\u00f3 mejor de lo previsto, ya que no s\u00f3lo no perdimos tiempo, sino que escalamos posiciones\u201d<\/em>, analizaba el piloto con gran satisfacci\u00f3n.<\/td>\n<\/tr>\n<\/tbody>\n<\/table>\n<p>\t\t\t\t<img decoding=\"async\" src=\"https:\/\/bxrepsol.s3.eu-west-1.amazonaws.com\/static\/2022\/08\/05051811\/Dakar18_E9_Isidre_Esteve_1.jpg\" alt=\"Dakar18_E9_Isidre_Esteve_1\" itemprop=\"image\"  \/><\/p>\n<p>Tras reconocer que\u00a0<em>\u201cpodemos ir mucho m\u00e1s r\u00e1pido de lo que hemos ido hasta ahora\u201d<\/em>, afirma estar\u00a0<em>\u201cmuy satisfecho con los resultados actuales\u201d<\/em>\u00a0y lanza un mensaje esperanzador:\u00a0<em>\u201cDebemos ser optimistas para las pr\u00f3ximas etapas. Sinceramente, podemos hacerlo muy bien y estamos convencidos de que lo conseguiremos. Si logramos pasar un d\u00eda sin problemas, seguro que marcaremos alg\u00fan top 20, porque el coche tiene potencial y mi copiloto Txema Villalobos est\u00e1 haciendo un Dakar impecable\u201d.<\/em><\/p>\n<p>No es casual, pues, que Isidre Esteve ocupe la 23\u00aa posici\u00f3n en la general y sea el segundo mejor espa\u00f1ol clasificado, tras el l\u00edder Carlos Sainz. Adem\u00e1s, el de Oliana figura en un excepcional tercer lugar de la categor\u00eda T1.2, reservada a los todoterreno 4&#215;4 diesel modificados como su BV6 de Sodicars Racing con los mandos adaptados en el volante por Guidosimplex y calzado con neum\u00e1ticos BFGoodrich.<\/p>\n<p>Unos excelentes resultados provisionales que el ilerdense conf\u00eda en mejorar durante las cinco etapas que restan todav\u00eda por celebrar del Dakar 2018, todas ellas ya en Argentina.\u00a0<em>\u201cMe siento muy bien de moral y, aunque l\u00f3gicamente estoy cansado porque llevamos muchos kil\u00f3metros en el cuerpo, f\u00edsicamente me encuentro perfecto. No tengo ning\u00fan problema en la piel, gracias al buen funcionamiento del Coj\u00edn Inteligente, que me permite pilotar muchas horas sin sufrir las \u00falceras del pasado y centrarme s\u00f3lo en competir\u201d<\/em>, afirma el piloto de Repsol y Onyx Seguros.<\/p>\n<p>Su actitud es tan positiva que incluso lamenta la suspensi\u00f3n de la etapa prevista para este lunes, una decisi\u00f3n de la organizaci\u00f3n por motivos climatol\u00f3gicos que han alterado la log\u00edstica de la carrera:\u00a0<em>\u201cEs una l\u00e1stima porque personalmente hubiera preferido disputar la jornada en condiciones, aunque reconozco que la suspensi\u00f3n nos dar\u00e1 m\u00e1s margen de tiempo para recuperar el coche tras la dura marat\u00f3n\u201d.<\/em><\/p>\n<p>Isidre Esteve y todo el Repsol Rally Team deber\u00e1n aguardar un d\u00eda m\u00e1s para volver a la acci\u00f3n. Ser\u00e1 ma\u00f1ana martes cuando arranque la etapa 10, entre Salta y Bel\u00e9n, con 795 kil\u00f3metros en total, de los que 372 ser\u00e1n cronometrados.<\/p>\n","protected":false},"excerpt":{"rendered":"<p>El piloto del Repsol Rally Team llega a la parte decisiva del rally m\u00e1s duro del mundo clasificado el 23\u00ba de la general y segundo mejor espa\u00f1ol en coches.<\/p>\n","protected":false},"author":43146,"featured_media":87375,"comment_status":"open","ping_status":"open","sticky":false,"template":"","format":"standard","meta":{"footnotes":""},"categories":[27],"tags":[183],"class_list":["post-92539","post","type-post","status-publish","format-standard","hentry","category-rally","tag-repsol-rally-team"],"yoast_head":"<!-- This site is optimized with the Yoast SEO plugin v27.3 - https:\/\/yoast.com\/product\/yoast-seo-wordpress\/ -->\n<title>Isidre Esteve afronta la recta final del Dakar con mucha confianza - Box Repsol<\/title>\n<link rel=\"canonical\" href=\"https:\/\/www.boxrepsol.com\/es\/rally\/isidre-esteve-afronta-la-recta-final-del-dakar-con-mucha-confianza\/\" \/>\n<meta property=\"og:locale\" content=\"es_ES\" \/>\n<meta property=\"og:type\" content=\"article\" \/>\n<meta property=\"og:title\" content=\"Isidre Esteve afronta la recta final del Dakar con mucha confianza - Box Repsol\" \/>\n<meta property=\"og:description\" content=\"El piloto del Repsol Rally Team llega a la parte decisiva del rally m\u00e1s duro del mundo clasificado el 23\u00ba de la general y segundo mejor espa\u00f1ol en coches.\" \/>\n<meta property=\"og:url\" content=\"https:\/\/www.boxrepsol.com\/es\/rally\/isidre-esteve-afronta-la-recta-final-del-dakar-con-mucha-confianza\/\" \/>\n<meta property=\"og:site_name\" content=\"Box Repsol\" \/>\n<meta property=\"article:publisher\" content=\"https:\/\/www.facebook.com\/BoxRepsol\" \/>\n<meta property=\"article:author\" content=\"https:\/\/www.facebook.com\/BoxRepsol\/\" \/>\n<meta property=\"article:published_time\" content=\"2018-01-15T02:00:00+00:00\" \/>\n<meta property=\"article:modified_time\" content=\"2024-05-21T09:23:14+00:00\" \/>\n<meta property=\"og:image\" content=\"https:\/\/www.boxrepsol.com\/wp-content\/uploads\/2022\/08\/00_isidre_esteve_campamento_descanso_dakar_rally_repsol_2018.jpg\" \/>\n\t<meta property=\"og:image:width\" content=\"995\" \/>\n\t<meta property=\"og:image:height\" content=\"560\" \/>\n\t<meta property=\"og:image:type\" content=\"image\/jpeg\" \/>\n<meta name=\"author\" content=\"Redacci\u00f3n Box Repsol\" \/>\n<meta name=\"twitter:card\" content=\"summary_large_image\" \/>\n<meta name=\"twitter:creator\" content=\"@https:\/\/twitter.com\/box_repsol\" \/>\n<meta name=\"twitter:site\" content=\"@box_repsol\" \/>\n<meta name=\"twitter:label1\" content=\"Written by\" \/>\n\t<meta name=\"twitter:data1\" content=\"Redacci\u00f3n Box Repsol\" \/>\n\t<meta name=\"twitter:label2\" content=\"Est. reading time\" \/>\n\t<meta name=\"twitter:data2\" content=\"3 minutos\" \/>\n<script type=\"application\/ld+json\" class=\"yoast-schema-graph\">{\"@context\":\"https:\\\/\\\/schema.org\",\"@graph\":[{\"@type\":\"Article\",\"@id\":\"https:\\\/\\\/www.boxrepsol.com\\\/es\\\/rally\\\/isidre-esteve-afronta-la-recta-final-del-dakar-con-mucha-confianza\\\/#article\",\"isPartOf\":{\"@id\":\"https:\\\/\\\/www.boxrepsol.com\\\/es\\\/rally\\\/isidre-esteve-afronta-la-recta-final-del-dakar-con-mucha-confianza\\\/\"},\"author\":{\"name\":\"Redacci\u00f3n Box Repsol\",\"@id\":\"https:\\\/\\\/www.boxrepsol.com\\\/es\\\/#\\\/schema\\\/person\\\/c5c2138f2cca251b0ad92b7086bb60b7\"},\"headline\":\"Isidre Esteve afronta la recta final del Dakar con mucha confianza\",\"datePublished\":\"2018-01-15T02:00:00+00:00\",\"dateModified\":\"2024-05-21T09:23:14+00:00\",\"mainEntityOfPage\":{\"@id\":\"https:\\\/\\\/www.boxrepsol.com\\\/es\\\/rally\\\/isidre-esteve-afronta-la-recta-final-del-dakar-con-mucha-confianza\\\/\"},\"wordCount\":648,\"commentCount\":0,\"publisher\":{\"@id\":\"https:\\\/\\\/www.boxrepsol.com\\\/es\\\/#organization\"},\"image\":{\"@id\":\"https:\\\/\\\/www.boxrepsol.com\\\/es\\\/rally\\\/isidre-esteve-afronta-la-recta-final-del-dakar-con-mucha-confianza\\\/#primaryimage\"},\"thumbnailUrl\":\"https:\\\/\\\/www.boxrepsol.com\\\/wp-content\\\/uploads\\\/2022\\\/08\\\/00_isidre_esteve_campamento_descanso_dakar_rally_repsol_2018.jpg\",\"keywords\":[\"Repsol Rally Team\"],\"articleSection\":[\"Rally\"],\"inLanguage\":\"es\",\"potentialAction\":[{\"@type\":\"CommentAction\",\"name\":\"Comment\",\"target\":[\"https:\\\/\\\/www.boxrepsol.com\\\/es\\\/rally\\\/isidre-esteve-afronta-la-recta-final-del-dakar-con-mucha-confianza\\\/#respond\"]}]},{\"@type\":\"WebPage\",\"@id\":\"https:\\\/\\\/www.boxrepsol.com\\\/es\\\/rally\\\/isidre-esteve-afronta-la-recta-final-del-dakar-con-mucha-confianza\\\/\",\"url\":\"https:\\\/\\\/www.boxrepsol.com\\\/es\\\/rally\\\/isidre-esteve-afronta-la-recta-final-del-dakar-con-mucha-confianza\\\/\",\"name\":\"Isidre Esteve afronta la recta final del Dakar con mucha confianza - Box Repsol\",\"isPartOf\":{\"@id\":\"https:\\\/\\\/www.boxrepsol.com\\\/es\\\/#website\"},\"primaryImageOfPage\":{\"@id\":\"https:\\\/\\\/www.boxrepsol.com\\\/es\\\/rally\\\/isidre-esteve-afronta-la-recta-final-del-dakar-con-mucha-confianza\\\/#primaryimage\"},\"image\":{\"@id\":\"https:\\\/\\\/www.boxrepsol.com\\\/es\\\/rally\\\/isidre-esteve-afronta-la-recta-final-del-dakar-con-mucha-confianza\\\/#primaryimage\"},\"thumbnailUrl\":\"https:\\\/\\\/www.boxrepsol.com\\\/wp-content\\\/uploads\\\/2022\\\/08\\\/00_isidre_esteve_campamento_descanso_dakar_rally_repsol_2018.jpg\",\"datePublished\":\"2018-01-15T02:00:00+00:00\",\"dateModified\":\"2024-05-21T09:23:14+00:00\",\"breadcrumb\":{\"@id\":\"https:\\\/\\\/www.boxrepsol.com\\\/es\\\/rally\\\/isidre-esteve-afronta-la-recta-final-del-dakar-con-mucha-confianza\\\/#breadcrumb\"},\"inLanguage\":\"es\",\"potentialAction\":[{\"@type\":\"ReadAction\",\"target\":[\"https:\\\/\\\/www.boxrepsol.com\\\/es\\\/rally\\\/isidre-esteve-afronta-la-recta-final-del-dakar-con-mucha-confianza\\\/\"]}]},{\"@type\":\"ImageObject\",\"inLanguage\":\"es\",\"@id\":\"https:\\\/\\\/www.boxrepsol.com\\\/es\\\/rally\\\/isidre-esteve-afronta-la-recta-final-del-dakar-con-mucha-confianza\\\/#primaryimage\",\"url\":\"https:\\\/\\\/www.boxrepsol.com\\\/wp-content\\\/uploads\\\/2022\\\/08\\\/00_isidre_esteve_campamento_descanso_dakar_rally_repsol_2018.jpg\",\"contentUrl\":\"https:\\\/\\\/www.boxrepsol.com\\\/wp-content\\\/uploads\\\/2022\\\/08\\\/00_isidre_esteve_campamento_descanso_dakar_rally_repsol_2018.jpg\",\"width\":995,\"height\":560,\"caption\":\"Isidre Esteve y el coj\u00edn inteligente en el Dakar 2018\"},{\"@type\":\"BreadcrumbList\",\"@id\":\"https:\\\/\\\/www.boxrepsol.com\\\/es\\\/rally\\\/isidre-esteve-afronta-la-recta-final-del-dakar-con-mucha-confianza\\\/#breadcrumb\",\"itemListElement\":[{\"@type\":\"ListItem\",\"position\":1,\"name\":\"Home\",\"item\":\"https:\\\/\\\/www.boxrepsol.com\\\/es\\\/\"},{\"@type\":\"ListItem\",\"position\":2,\"name\":\"Isidre Esteve afronta la recta final del Dakar con mucha confianza\"}]},{\"@type\":\"WebSite\",\"@id\":\"https:\\\/\\\/www.boxrepsol.com\\\/es\\\/#website\",\"url\":\"https:\\\/\\\/www.boxrepsol.com\\\/es\\\/\",\"name\":\"Box Repsol\",\"description\":\"Box Repsol Site\",\"publisher\":{\"@id\":\"https:\\\/\\\/www.boxrepsol.com\\\/es\\\/#organization\"},\"potentialAction\":[{\"@type\":\"SearchAction\",\"target\":{\"@type\":\"EntryPoint\",\"urlTemplate\":\"https:\\\/\\\/www.boxrepsol.com\\\/es\\\/?s={search_term_string}\"},\"query-input\":{\"@type\":\"PropertyValueSpecification\",\"valueRequired\":true,\"valueName\":\"search_term_string\"}}],\"inLanguage\":\"es\"},{\"@type\":\"Organization\",\"@id\":\"https:\\\/\\\/www.boxrepsol.com\\\/es\\\/#organization\",\"name\":\"Box Repsol\",\"url\":\"https:\\\/\\\/www.boxrepsol.com\\\/es\\\/\",\"logo\":{\"@type\":\"ImageObject\",\"inLanguage\":\"es\",\"@id\":\"https:\\\/\\\/www.boxrepsol.com\\\/es\\\/#\\\/schema\\\/logo\\\/image\\\/\",\"url\":\"https:\\\/\\\/bxrepsol.s3.eu-west-1.amazonaws.com\\\/static\\\/2025\\\/07\\\/30083337\\\/favicon-96x96-1.png\",\"contentUrl\":\"https:\\\/\\\/bxrepsol.s3.eu-west-1.amazonaws.com\\\/static\\\/2025\\\/07\\\/30083337\\\/favicon-96x96-1.png\",\"width\":96,\"height\":96,\"caption\":\"Box Repsol\"},\"image\":{\"@id\":\"https:\\\/\\\/www.boxrepsol.com\\\/es\\\/#\\\/schema\\\/logo\\\/image\\\/\"},\"sameAs\":[\"https:\\\/\\\/www.facebook.com\\\/BoxRepsol\",\"https:\\\/\\\/x.com\\\/box_repsol\",\"http:\\\/\\\/instagram.com\\\/box_repsol\",\"https:\\\/\\\/www.youtube.com\\\/user\\\/RepsolCompeticion\",\"https:\\\/\\\/www.flickr.com\\\/photos\\\/box_repsol\\\/\"]},{\"@type\":\"Person\",\"@id\":\"https:\\\/\\\/www.boxrepsol.com\\\/es\\\/#\\\/schema\\\/person\\\/c5c2138f2cca251b0ad92b7086bb60b7\",\"name\":\"Redacci\u00f3n Box Repsol\",\"image\":{\"@type\":\"ImageObject\",\"inLanguage\":\"es\",\"@id\":\"https:\\\/\\\/secure.gravatar.com\\\/avatar\\\/adf7b77e38b4419baf32c7e9c21dde01f4e40df611f0978e3006fc4ba0aaab7e?s=96&d=mm&r=g\",\"url\":\"https:\\\/\\\/secure.gravatar.com\\\/avatar\\\/adf7b77e38b4419baf32c7e9c21dde01f4e40df611f0978e3006fc4ba0aaab7e?s=96&d=mm&r=g\",\"contentUrl\":\"https:\\\/\\\/secure.gravatar.com\\\/avatar\\\/adf7b77e38b4419baf32c7e9c21dde01f4e40df611f0978e3006fc4ba0aaab7e?s=96&d=mm&r=g\",\"caption\":\"Redacci\u00f3n Box Repsol\"},\"description\":\"Box Repsol lo forma un equipo de periodistas, community managers, dise\u00f1adores y fot\u00f3grafos con m\u00e1s de 20 a\u00f1os de experiencia en el mundo del motorsport. Hemos vivido el primer mundial de un espa\u00f1ol en la categor\u00eda reina de motociclismo con \u00c1lex Crivill\u00e9, estuvimos en las victorias de Pedrosa y los t\u00edtulos de M\u00e1rquez, acompa\u00f1amos en \u00c1frica a Nani Roma y Marc Coma en sus conquistas del Dakar y hemos vibrado con los t\u00edtulos de Toni Bou en Trial. Adem\u00e1s, en nuestro equipo contamos con expertos en el mundo de las dos y cuatro ruedas tanto de la calle y las carreteras, como de los circuitos. Periodistas que han trabajado en revistas y publicaciones para hacerte llegar desde rutas y consejos de mantenimiento, a curiosidades y trucos de pilotaje.\",\"sameAs\":[\"https:\\\/\\\/www.facebook.com\\\/BoxRepsol\\\/\",\"https:\\\/\\\/www.instagram.com\\\/box_repsol\\\/\",\"https:\\\/\\\/x.com\\\/https:\\\/\\\/twitter.com\\\/box_repsol\",\"https:\\\/\\\/www.youtube.com\\\/@Boxrepsol\"],\"url\":\"https:\\\/\\\/www.boxrepsol.com\\\/es\\\/author\\\/redaccion-box-repsol\\\/\"}]}<\/script>\n<!-- \/ Yoast SEO plugin. -->","yoast_head_json":{"title":"Isidre Esteve afronta la recta final del Dakar con mucha confianza - Box Repsol","canonical":"https:\/\/www.boxrepsol.com\/es\/rally\/isidre-esteve-afronta-la-recta-final-del-dakar-con-mucha-confianza\/","og_locale":"es_ES","og_type":"article","og_title":"Isidre Esteve afronta la recta final del Dakar con mucha confianza - Box Repsol","og_description":"El piloto del Repsol Rally Team llega a la parte decisiva del rally m\u00e1s duro del mundo clasificado el 23\u00ba de la general y segundo mejor espa\u00f1ol en coches.","og_url":"https:\/\/www.boxrepsol.com\/es\/rally\/isidre-esteve-afronta-la-recta-final-del-dakar-con-mucha-confianza\/","og_site_name":"Box Repsol","article_publisher":"https:\/\/www.facebook.com\/BoxRepsol","article_author":"https:\/\/www.facebook.com\/BoxRepsol\/","article_published_time":"2018-01-15T02:00:00+00:00","article_modified_time":"2024-05-21T09:23:14+00:00","og_image":[{"width":995,"height":560,"url":"https:\/\/www.boxrepsol.com\/wp-content\/uploads\/2022\/08\/00_isidre_esteve_campamento_descanso_dakar_rally_repsol_2018.jpg","type":"image\/jpeg"}],"author":"Redacci\u00f3n Box Repsol","twitter_card":"summary_large_image","twitter_creator":"@https:\/\/twitter.com\/box_repsol","twitter_site":"@box_repsol","twitter_misc":{"Written by":"Redacci\u00f3n Box Repsol","Est. reading time":"3 minutos"},"schema":{"@context":"https:\/\/schema.org","@graph":[{"@type":"Article","@id":"https:\/\/www.boxrepsol.com\/es\/rally\/isidre-esteve-afronta-la-recta-final-del-dakar-con-mucha-confianza\/#article","isPartOf":{"@id":"https:\/\/www.boxrepsol.com\/es\/rally\/isidre-esteve-afronta-la-recta-final-del-dakar-con-mucha-confianza\/"},"author":{"name":"Redacci\u00f3n Box Repsol","@id":"https:\/\/www.boxrepsol.com\/es\/#\/schema\/person\/c5c2138f2cca251b0ad92b7086bb60b7"},"headline":"Isidre Esteve afronta la recta final del Dakar con mucha confianza","datePublished":"2018-01-15T02:00:00+00:00","dateModified":"2024-05-21T09:23:14+00:00","mainEntityOfPage":{"@id":"https:\/\/www.boxrepsol.com\/es\/rally\/isidre-esteve-afronta-la-recta-final-del-dakar-con-mucha-confianza\/"},"wordCount":648,"commentCount":0,"publisher":{"@id":"https:\/\/www.boxrepsol.com\/es\/#organization"},"image":{"@id":"https:\/\/www.boxrepsol.com\/es\/rally\/isidre-esteve-afronta-la-recta-final-del-dakar-con-mucha-confianza\/#primaryimage"},"thumbnailUrl":"https:\/\/www.boxrepsol.com\/wp-content\/uploads\/2022\/08\/00_isidre_esteve_campamento_descanso_dakar_rally_repsol_2018.jpg","keywords":["Repsol Rally Team"],"articleSection":["Rally"],"inLanguage":"es","potentialAction":[{"@type":"CommentAction","name":"Comment","target":["https:\/\/www.boxrepsol.com\/es\/rally\/isidre-esteve-afronta-la-recta-final-del-dakar-con-mucha-confianza\/#respond"]}]},{"@type":"WebPage","@id":"https:\/\/www.boxrepsol.com\/es\/rally\/isidre-esteve-afronta-la-recta-final-del-dakar-con-mucha-confianza\/","url":"https:\/\/www.boxrepsol.com\/es\/rally\/isidre-esteve-afronta-la-recta-final-del-dakar-con-mucha-confianza\/","name":"Isidre Esteve afronta la recta final del Dakar con mucha confianza - Box Repsol","isPartOf":{"@id":"https:\/\/www.boxrepsol.com\/es\/#website"},"primaryImageOfPage":{"@id":"https:\/\/www.boxrepsol.com\/es\/rally\/isidre-esteve-afronta-la-recta-final-del-dakar-con-mucha-confianza\/#primaryimage"},"image":{"@id":"https:\/\/www.boxrepsol.com\/es\/rally\/isidre-esteve-afronta-la-recta-final-del-dakar-con-mucha-confianza\/#primaryimage"},"thumbnailUrl":"https:\/\/www.boxrepsol.com\/wp-content\/uploads\/2022\/08\/00_isidre_esteve_campamento_descanso_dakar_rally_repsol_2018.jpg","datePublished":"2018-01-15T02:00:00+00:00","dateModified":"2024-05-21T09:23:14+00:00","breadcrumb":{"@id":"https:\/\/www.boxrepsol.com\/es\/rally\/isidre-esteve-afronta-la-recta-final-del-dakar-con-mucha-confianza\/#breadcrumb"},"inLanguage":"es","potentialAction":[{"@type":"ReadAction","target":["https:\/\/www.boxrepsol.com\/es\/rally\/isidre-esteve-afronta-la-recta-final-del-dakar-con-mucha-confianza\/"]}]},{"@type":"ImageObject","inLanguage":"es","@id":"https:\/\/www.boxrepsol.com\/es\/rally\/isidre-esteve-afronta-la-recta-final-del-dakar-con-mucha-confianza\/#primaryimage","url":"https:\/\/www.boxrepsol.com\/wp-content\/uploads\/2022\/08\/00_isidre_esteve_campamento_descanso_dakar_rally_repsol_2018.jpg","contentUrl":"https:\/\/www.boxrepsol.com\/wp-content\/uploads\/2022\/08\/00_isidre_esteve_campamento_descanso_dakar_rally_repsol_2018.jpg","width":995,"height":560,"caption":"Isidre Esteve y el coj\u00edn inteligente en el Dakar 2018"},{"@type":"BreadcrumbList","@id":"https:\/\/www.boxrepsol.com\/es\/rally\/isidre-esteve-afronta-la-recta-final-del-dakar-con-mucha-confianza\/#breadcrumb","itemListElement":[{"@type":"ListItem","position":1,"name":"Home","item":"https:\/\/www.boxrepsol.com\/es\/"},{"@type":"ListItem","position":2,"name":"Isidre Esteve afronta la recta final del Dakar con mucha confianza"}]},{"@type":"WebSite","@id":"https:\/\/www.boxrepsol.com\/es\/#website","url":"https:\/\/www.boxrepsol.com\/es\/","name":"Box Repsol","description":"Box Repsol Site","publisher":{"@id":"https:\/\/www.boxrepsol.com\/es\/#organization"},"potentialAction":[{"@type":"SearchAction","target":{"@type":"EntryPoint","urlTemplate":"https:\/\/www.boxrepsol.com\/es\/?s={search_term_string}"},"query-input":{"@type":"PropertyValueSpecification","valueRequired":true,"valueName":"search_term_string"}}],"inLanguage":"es"},{"@type":"Organization","@id":"https:\/\/www.boxrepsol.com\/es\/#organization","name":"Box Repsol","url":"https:\/\/www.boxrepsol.com\/es\/","logo":{"@type":"ImageObject","inLanguage":"es","@id":"https:\/\/www.boxrepsol.com\/es\/#\/schema\/logo\/image\/","url":"https:\/\/bxrepsol.s3.eu-west-1.amazonaws.com\/static\/2025\/07\/30083337\/favicon-96x96-1.png","contentUrl":"https:\/\/bxrepsol.s3.eu-west-1.amazonaws.com\/static\/2025\/07\/30083337\/favicon-96x96-1.png","width":96,"height":96,"caption":"Box Repsol"},"image":{"@id":"https:\/\/www.boxrepsol.com\/es\/#\/schema\/logo\/image\/"},"sameAs":["https:\/\/www.facebook.com\/BoxRepsol","https:\/\/x.com\/box_repsol","http:\/\/instagram.com\/box_repsol","https:\/\/www.youtube.com\/user\/RepsolCompeticion","https:\/\/www.flickr.com\/photos\/box_repsol\/"]},{"@type":"Person","@id":"https:\/\/www.boxrepsol.com\/es\/#\/schema\/person\/c5c2138f2cca251b0ad92b7086bb60b7","name":"Redacci\u00f3n Box Repsol","image":{"@type":"ImageObject","inLanguage":"es","@id":"https:\/\/secure.gravatar.com\/avatar\/adf7b77e38b4419baf32c7e9c21dde01f4e40df611f0978e3006fc4ba0aaab7e?s=96&d=mm&r=g","url":"https:\/\/secure.gravatar.com\/avatar\/adf7b77e38b4419baf32c7e9c21dde01f4e40df611f0978e3006fc4ba0aaab7e?s=96&d=mm&r=g","contentUrl":"https:\/\/secure.gravatar.com\/avatar\/adf7b77e38b4419baf32c7e9c21dde01f4e40df611f0978e3006fc4ba0aaab7e?s=96&d=mm&r=g","caption":"Redacci\u00f3n Box Repsol"},"description":"Box Repsol lo forma un equipo de periodistas, community managers, dise\u00f1adores y fot\u00f3grafos con m\u00e1s de 20 a\u00f1os de experiencia en el mundo del motorsport. Hemos vivido el primer mundial de un espa\u00f1ol en la categor\u00eda reina de motociclismo con \u00c1lex Crivill\u00e9, estuvimos en las victorias de Pedrosa y los t\u00edtulos de M\u00e1rquez, acompa\u00f1amos en \u00c1frica a Nani Roma y Marc Coma en sus conquistas del Dakar y hemos vibrado con los t\u00edtulos de Toni Bou en Trial. Adem\u00e1s, en nuestro equipo contamos con expertos en el mundo de las dos y cuatro ruedas tanto de la calle y las carreteras, como de los circuitos. Periodistas que han trabajado en revistas y publicaciones para hacerte llegar desde rutas y consejos de mantenimiento, a curiosidades y trucos de pilotaje.","sameAs":["https:\/\/www.facebook.com\/BoxRepsol\/","https:\/\/www.instagram.com\/box_repsol\/","https:\/\/x.com\/https:\/\/twitter.com\/box_repsol","https:\/\/www.youtube.com\/@Boxrepsol"],"url":"https:\/\/www.boxrepsol.com\/es\/author\/redaccion-box-repsol\/"}]}},"_links":{"self":[{"href":"https:\/\/www.boxrepsol.com\/es\/wp-json\/wp\/v2\/posts\/92539","targetHints":{"allow":["GET"]}}],"collection":[{"href":"https:\/\/www.boxrepsol.com\/es\/wp-json\/wp\/v2\/posts"}],"about":[{"href":"https:\/\/www.boxrepsol.com\/es\/wp-json\/wp\/v2\/types\/post"}],"author":[{"embeddable":true,"href":"https:\/\/www.boxrepsol.com\/es\/wp-json\/wp\/v2\/users\/43146"}],"replies":[{"embeddable":true,"href":"https:\/\/www.boxrepsol.com\/es\/wp-json\/wp\/v2\/comments?post=92539"}],"version-history":[{"count":1,"href":"https:\/\/www.boxrepsol.com\/es\/wp-json\/wp\/v2\/posts\/92539\/revisions"}],"predecessor-version":[{"id":92540,"href":"https:\/\/www.boxrepsol.com\/es\/wp-json\/wp\/v2\/posts\/92539\/revisions\/92540"}],"wp:featuredmedia":[{"embeddable":true,"href":"https:\/\/www.boxrepsol.com\/es\/wp-json\/wp\/v2\/media\/87375"}],"wp:attachment":[{"href":"https:\/\/www.boxrepsol.com\/es\/wp-json\/wp\/v2\/media?parent=92539"}],"wp:term":[{"taxonomy":"category","embeddable":true,"href":"https:\/\/www.boxrepsol.com\/es\/wp-json\/wp\/v2\/categories?post=92539"},{"taxonomy":"post_tag","embeddable":true,"href":"https:\/\/www.boxrepsol.com\/es\/wp-json\/wp\/v2\/tags?post=92539"}],"curies":[{"name":"wp","href":"https:\/\/api.w.org\/{rel}","templated":true}]}}