{"id":92531,"date":"2018-01-15T00:00:00","date_gmt":"2018-01-15T02:00:00","guid":{"rendered":"http:\/\/pre.boxrepsol.com\/sin-categorizar\/dia-dakar-repsol-rally-team-isidre-esteve\/"},"modified":"2024-05-21T07:22:22","modified_gmt":"2024-05-21T09:22:22","slug":"dia-dakar-repsol-rally-team-isidre-esteve","status":"publish","type":"post","link":"https:\/\/www.boxrepsol.com\/es\/rally\/dia-dakar-repsol-rally-team-isidre-esteve\/","title":{"rendered":"Un d\u00eda en el Dakar con el Repsol Rally Team de Isidre Esteve"},"content":{"rendered":"<blockquote>\n<p>Junto a mi copiloto Txema Villalobos somos como una familia. Me siento muy afortunado<\/p>\n<p>            <a href=\"http:\/\/twitter.com\/share?text=Junto+a+mi+copiloto+Txema+Villalobos+somos+como+una+familia.+Me+siento+muy+afortunado&#038;url=https%3A%2F%2Fwww.boxrepsol.com%2Fes%2F%3Fp%3D16534%2F&#038;hashtags=\" target=\"_blank\" data-datalayer='{\"event\": \"socialInteraction\", \"socialNetwork\": \"Twitter\", \"socialAction\": \"Compartir\", \"socialTarget\": \"Frase\"}' rel=\"noopener\"><br \/>\n            twittear        <\/a><\/p>\n<footer>Isidre Esteve<\/footer>\n<\/blockquote>\n<p>El Dakar es mucho m\u00e1s de lo que se ve por televisi\u00f3n. No es s\u00f3lo una carrera. Detr\u00e1s de cada equipo hay personas que trabajan en el anonimato para que los veh\u00edculos est\u00e9n en condiciones antes de cada jornada y los corredores tengan las m\u00e1ximas comodidades posibles. En el caso del Repsol Rally Team, la actividad diaria en el campamento arranca cuando todav\u00eda es de madrugada y no se detiene hasta que Isidre Esteve se marcha a dormir, en el mejor de los casos.<\/p>\n<p>Antes de abrir los ojos, el piloto de Oliana ya tiene la ropa de competici\u00f3n, el caso y los hans impecables. La responsable de ello es Lidia Guerrero, su pareja, preparadora f\u00edsica y mano derecha, que tambi\u00e9n rellena los bidones de agua y los electrolitos del coche, adem\u00e1s de preparar todos los complementos nutricionales que necesitar\u00e1n para afrontar la jornada tanto Isidre como su copiloto Txema Villalobos.\u00a0<em>\u201cEl kit de supervivencia consta de barritas, hidrataci\u00f3n, prote\u00ednas, etc. en funci\u00f3n de las caracter\u00edsticas de cada etapa: duraci\u00f3n, climatolog\u00eda, exigencia&#8230;\u201d<\/em>, explica Lidia.<\/p>\n<p>Mientras tanto, David Pigem, mec\u00e1nico de confianza de Isidre Esteve, se encarga de dar un \u00faltimo repaso al coche: ruedas, gasolina, encendido y, en el caso particular del piloto del Repsol Rally Team, cargar el Coj\u00edn Inteligente. No en vano, se trata de una pieza fundamental para la salud del ilerdense, al permitirle pilotar durante muchas horas seguidas sin sufrir da\u00f1os en la piel, pese a su falta de movilidad en las piernas, causada por la lesi\u00f3n medular debido a una ca\u00edda en 2007 mientras compet\u00eda en moto.<\/p>\n<p>Pigem aprovecha hasta el \u00faltimo instante para comentar con Txema Villalobos, copiloto y mec\u00e1nico de profesi\u00f3n, cualquier aspecto t\u00e9cnico de la etapa que puedan afectar el rendimiento del prototipo BV6 del preparador franc\u00e9s Sodicars Racing.\u00a0<em>\u201cEl m\u00e1s m\u00ednimo detalle, por insignificante que parezca, es fundamental en una carrera tan extrema como el Dakar, que castiga tanto la mec\u00e1nica\u201d<\/em>, apunta David Pigem.<\/p>\n<p>\t\t\t\t<img decoding=\"async\" src=\"https:\/\/bxrepsol.s3.eu-west-1.amazonaws.com\/static\/2022\/08\/05051645\/Dakar18_Descanso_Isidre_Esteve_3.jpg\" alt=\"Isidre Esteve primer plano\" itemprop=\"image\"  \/><\/p>\n<p>Ha llegado la hora de partir para Isidre y Txema hacia el punto de inicio de la etapa. Cuando todav\u00eda se escucha el motor a lo lejos, empieza una fren\u00e9tica actividad en el seno del Repsol Rally Team.\u00a0<em>\u201cEs el momento de recoger todo el material lo m\u00e1s r\u00e1pida y ordenadamente posible, tomar un desayuno fugaz y partir hacia el siguiente campamento\u201d<\/em>, explica Lidia Guerrero.<\/p>\n<p>Suele ser un trayecto largo y tedioso. Muchos d\u00edas de m\u00e1s de 600 kil\u00f3metros por carreteras secundarias, paralelas a la carrera. Adem\u00e1s, a los miembros de la caravana dakariana no les est\u00e1 permitido rebasar los 90 km\/h, por motivos de seguridad.\u00a0<em>\u201cPor el camino, nos solemos parar en alg\u00fan lugar con conexi\u00f3n a internet para consultar los tiempos e informar a Sandra y Marta, las parejas de Txema y David, que siguen la carrera desde Espa\u00f1a\u201d<\/em>.<\/p>\n<p>Despu\u00e9s de varias horas de trayecto, el Repsol Rally Team llega al nuevo campamento y se instala en el lugar asignado por la organizaci\u00f3n del Dakar.\u00a0<em>\u201cHay d\u00edas que s\u00f3lo este tr\u00e1mite, puede durar m\u00e1s de media hora\u201d<\/em>, apostilla el mec\u00e1nico David Pigem, que se pone manos a la obra para montar el taller y preparar todo el material necesario para preparar el coche a su llegada.\u00a0<em>\u201cSe trata de tenerlo todo listo para perder el m\u00ednimo tiempo posible\u201d<\/em>, apostilla.<\/p>\n<p>Mientras tanto, Lidia Guerrero instala la camilla en la que realizar\u00e1 los masajes para recuperar a Isidre Esteve, tras comprobar que ha bebido y comido lo suficiente. Eso s\u00ed, antes de pasar por sus expertas manos, el piloto realiza un breve breefing junto a su copiloto y mec\u00e1nico para explicar el funcionamiento del BV6 y los posibles problemas que hayan podido surgir durante la carrera. David se encarga de nuevo de ponerlo a punto para el d\u00eda siguiente, con la ayuda de los t\u00e9cnicos franceses de Sociars Racing.<\/p>\n<p>Ahora s\u00ed, Isidre Esteve puede por fin relajarse, hidratarse, tomar una ducha en su autocaravana (que estrena en este Dakar) y tenderse en la camilla para someterse al tratamiento de recuperaci\u00f3n:\u00a0<em>\u201cLe hago masajes, ejercicios de movilidad, estiramientos y superviso bien la piel. Como no tiene sensibilidad, tenemos que repasar muy bien que no haya heridas que puedan traer problemas\u201d<\/em>, apunta Lidia.<\/p>\n<p>Cae la noche y Txema Villalobos se centra en el road book, antes de la cena, uno de los pocos instantes de paz y sosiego, siempre, claro est\u00e1, que el d\u00eda haya ido bien.\u00a0<em>\u201cMe siento muy afortunado de contar con este equipo, formado por grandes profesionales y muy buenas personas. Somos como una gran familia\u201d<\/em>, resume Isidre Esteve, piloto de Repsol y Onyx Seguros. Llega la hora de irse a dormir y recargar las pilas antes de volver a empezar en apenas unas pocas horas, porque el Dakar no espera a nadie.<\/p>\n","protected":false},"excerpt":{"rendered":"<p>Lidia Guerrero, experta preparadora f\u00edsica y pareja del piloto ilerdense, vela por su buen estado de salud en cada jornada.<\/p>\n","protected":false},"author":43146,"featured_media":87371,"comment_status":"open","ping_status":"open","sticky":false,"template":"","format":"standard","meta":{"footnotes":""},"categories":[27],"tags":[183],"class_list":["post-92531","post","type-post","status-publish","format-standard","hentry","category-rally","tag-repsol-rally-team"],"yoast_head":"<!-- This site is optimized with the Yoast SEO plugin v27.3 - https:\/\/yoast.com\/product\/yoast-seo-wordpress\/ -->\n<title>Un d\u00eda en el Dakar con el Repsol Rally Team de Isidre Esteve - Box Repsol<\/title>\n<meta name=\"description\" content=\"Lidia Guerrero, experta preparadora f\u00edsica y pareja del piloto ilerdense, vela por su buen estado de salud en cada jornada.\" \/>\n<link rel=\"canonical\" href=\"https:\/\/www.boxrepsol.com\/es\/rally\/dia-dakar-repsol-rally-team-isidre-esteve\/\" \/>\n<meta property=\"og:locale\" content=\"es_ES\" \/>\n<meta property=\"og:type\" content=\"article\" \/>\n<meta property=\"og:title\" content=\"Un d\u00eda en el Dakar con el Repsol Rally Team de Isidre Esteve - Box Repsol\" \/>\n<meta property=\"og:description\" content=\"Lidia Guerrero, experta preparadora f\u00edsica y pareja del piloto ilerdense, vela por su buen estado de salud en cada jornada.\" \/>\n<meta property=\"og:url\" content=\"https:\/\/www.boxrepsol.com\/es\/rally\/dia-dakar-repsol-rally-team-isidre-esteve\/\" \/>\n<meta property=\"og:site_name\" content=\"Box Repsol\" \/>\n<meta property=\"article:publisher\" content=\"https:\/\/www.facebook.com\/BoxRepsol\" \/>\n<meta property=\"article:author\" content=\"https:\/\/www.facebook.com\/BoxRepsol\/\" \/>\n<meta property=\"article:published_time\" content=\"2018-01-15T02:00:00+00:00\" \/>\n<meta property=\"article:modified_time\" content=\"2024-05-21T09:22:22+00:00\" \/>\n<meta property=\"og:image\" content=\"https:\/\/www.boxrepsol.com\/wp-content\/uploads\/2022\/08\/00_dakar_isidre_esteve_descanso_mecanica_repsol_rally_team_2018.jpg\" \/>\n\t<meta property=\"og:image:width\" content=\"995\" \/>\n\t<meta property=\"og:image:height\" content=\"560\" \/>\n\t<meta property=\"og:image:type\" content=\"image\/jpeg\" \/>\n<meta name=\"author\" content=\"Redacci\u00f3n Box Repsol\" \/>\n<meta name=\"twitter:card\" content=\"summary_large_image\" \/>\n<meta name=\"twitter:creator\" content=\"@https:\/\/twitter.com\/box_repsol\" \/>\n<meta name=\"twitter:site\" content=\"@box_repsol\" \/>\n<meta name=\"twitter:label1\" content=\"Written by\" \/>\n\t<meta name=\"twitter:data1\" content=\"Redacci\u00f3n Box Repsol\" \/>\n\t<meta name=\"twitter:label2\" content=\"Est. reading time\" \/>\n\t<meta name=\"twitter:data2\" content=\"4 minutos\" \/>\n<script type=\"application\/ld+json\" class=\"yoast-schema-graph\">{\"@context\":\"https:\\\/\\\/schema.org\",\"@graph\":[{\"@type\":\"Article\",\"@id\":\"https:\\\/\\\/www.boxrepsol.com\\\/es\\\/rally\\\/dia-dakar-repsol-rally-team-isidre-esteve\\\/#article\",\"isPartOf\":{\"@id\":\"https:\\\/\\\/www.boxrepsol.com\\\/es\\\/rally\\\/dia-dakar-repsol-rally-team-isidre-esteve\\\/\"},\"author\":{\"name\":\"Redacci\u00f3n Box Repsol\",\"@id\":\"https:\\\/\\\/www.boxrepsol.com\\\/es\\\/#\\\/schema\\\/person\\\/c5c2138f2cca251b0ad92b7086bb60b7\"},\"headline\":\"Un d\u00eda en el Dakar con el Repsol Rally Team de Isidre Esteve\",\"datePublished\":\"2018-01-15T02:00:00+00:00\",\"dateModified\":\"2024-05-21T09:22:22+00:00\",\"mainEntityOfPage\":{\"@id\":\"https:\\\/\\\/www.boxrepsol.com\\\/es\\\/rally\\\/dia-dakar-repsol-rally-team-isidre-esteve\\\/\"},\"wordCount\":872,\"commentCount\":0,\"publisher\":{\"@id\":\"https:\\\/\\\/www.boxrepsol.com\\\/es\\\/#organization\"},\"image\":{\"@id\":\"https:\\\/\\\/www.boxrepsol.com\\\/es\\\/rally\\\/dia-dakar-repsol-rally-team-isidre-esteve\\\/#primaryimage\"},\"thumbnailUrl\":\"https:\\\/\\\/www.boxrepsol.com\\\/wp-content\\\/uploads\\\/2022\\\/08\\\/00_dakar_isidre_esteve_descanso_mecanica_repsol_rally_team_2018.jpg\",\"keywords\":[\"Repsol Rally Team\"],\"articleSection\":[\"Rally\"],\"inLanguage\":\"es\",\"potentialAction\":[{\"@type\":\"CommentAction\",\"name\":\"Comment\",\"target\":[\"https:\\\/\\\/www.boxrepsol.com\\\/es\\\/rally\\\/dia-dakar-repsol-rally-team-isidre-esteve\\\/#respond\"]}]},{\"@type\":\"WebPage\",\"@id\":\"https:\\\/\\\/www.boxrepsol.com\\\/es\\\/rally\\\/dia-dakar-repsol-rally-team-isidre-esteve\\\/\",\"url\":\"https:\\\/\\\/www.boxrepsol.com\\\/es\\\/rally\\\/dia-dakar-repsol-rally-team-isidre-esteve\\\/\",\"name\":\"Un d\u00eda en el Dakar con el Repsol Rally Team de Isidre Esteve - Box Repsol\",\"isPartOf\":{\"@id\":\"https:\\\/\\\/www.boxrepsol.com\\\/es\\\/#website\"},\"primaryImageOfPage\":{\"@id\":\"https:\\\/\\\/www.boxrepsol.com\\\/es\\\/rally\\\/dia-dakar-repsol-rally-team-isidre-esteve\\\/#primaryimage\"},\"image\":{\"@id\":\"https:\\\/\\\/www.boxrepsol.com\\\/es\\\/rally\\\/dia-dakar-repsol-rally-team-isidre-esteve\\\/#primaryimage\"},\"thumbnailUrl\":\"https:\\\/\\\/www.boxrepsol.com\\\/wp-content\\\/uploads\\\/2022\\\/08\\\/00_dakar_isidre_esteve_descanso_mecanica_repsol_rally_team_2018.jpg\",\"datePublished\":\"2018-01-15T02:00:00+00:00\",\"dateModified\":\"2024-05-21T09:22:22+00:00\",\"description\":\"Lidia Guerrero, experta preparadora f\u00edsica y pareja del piloto ilerdense, vela por su buen estado de salud en cada jornada.\",\"breadcrumb\":{\"@id\":\"https:\\\/\\\/www.boxrepsol.com\\\/es\\\/rally\\\/dia-dakar-repsol-rally-team-isidre-esteve\\\/#breadcrumb\"},\"inLanguage\":\"es\",\"potentialAction\":[{\"@type\":\"ReadAction\",\"target\":[\"https:\\\/\\\/www.boxrepsol.com\\\/es\\\/rally\\\/dia-dakar-repsol-rally-team-isidre-esteve\\\/\"]}]},{\"@type\":\"ImageObject\",\"inLanguage\":\"es\",\"@id\":\"https:\\\/\\\/www.boxrepsol.com\\\/es\\\/rally\\\/dia-dakar-repsol-rally-team-isidre-esteve\\\/#primaryimage\",\"url\":\"https:\\\/\\\/www.boxrepsol.com\\\/wp-content\\\/uploads\\\/2022\\\/08\\\/00_dakar_isidre_esteve_descanso_mecanica_repsol_rally_team_2018.jpg\",\"contentUrl\":\"https:\\\/\\\/www.boxrepsol.com\\\/wp-content\\\/uploads\\\/2022\\\/08\\\/00_dakar_isidre_esteve_descanso_mecanica_repsol_rally_team_2018.jpg\",\"width\":995,\"height\":560,\"caption\":\"Isidre Esteve con su Sodicar BV6 en una asistencia Dakar 2018\"},{\"@type\":\"BreadcrumbList\",\"@id\":\"https:\\\/\\\/www.boxrepsol.com\\\/es\\\/rally\\\/dia-dakar-repsol-rally-team-isidre-esteve\\\/#breadcrumb\",\"itemListElement\":[{\"@type\":\"ListItem\",\"position\":1,\"name\":\"Home\",\"item\":\"https:\\\/\\\/www.boxrepsol.com\\\/es\\\/\"},{\"@type\":\"ListItem\",\"position\":2,\"name\":\"Un d\u00eda en el Dakar con el Repsol Rally Team de Isidre Esteve\"}]},{\"@type\":\"WebSite\",\"@id\":\"https:\\\/\\\/www.boxrepsol.com\\\/es\\\/#website\",\"url\":\"https:\\\/\\\/www.boxrepsol.com\\\/es\\\/\",\"name\":\"Box Repsol\",\"description\":\"Box Repsol Site\",\"publisher\":{\"@id\":\"https:\\\/\\\/www.boxrepsol.com\\\/es\\\/#organization\"},\"potentialAction\":[{\"@type\":\"SearchAction\",\"target\":{\"@type\":\"EntryPoint\",\"urlTemplate\":\"https:\\\/\\\/www.boxrepsol.com\\\/es\\\/?s={search_term_string}\"},\"query-input\":{\"@type\":\"PropertyValueSpecification\",\"valueRequired\":true,\"valueName\":\"search_term_string\"}}],\"inLanguage\":\"es\"},{\"@type\":\"Organization\",\"@id\":\"https:\\\/\\\/www.boxrepsol.com\\\/es\\\/#organization\",\"name\":\"Box Repsol\",\"url\":\"https:\\\/\\\/www.boxrepsol.com\\\/es\\\/\",\"logo\":{\"@type\":\"ImageObject\",\"inLanguage\":\"es\",\"@id\":\"https:\\\/\\\/www.boxrepsol.com\\\/es\\\/#\\\/schema\\\/logo\\\/image\\\/\",\"url\":\"https:\\\/\\\/bxrepsol.s3.eu-west-1.amazonaws.com\\\/static\\\/2025\\\/07\\\/30083337\\\/favicon-96x96-1.png\",\"contentUrl\":\"https:\\\/\\\/bxrepsol.s3.eu-west-1.amazonaws.com\\\/static\\\/2025\\\/07\\\/30083337\\\/favicon-96x96-1.png\",\"width\":96,\"height\":96,\"caption\":\"Box Repsol\"},\"image\":{\"@id\":\"https:\\\/\\\/www.boxrepsol.com\\\/es\\\/#\\\/schema\\\/logo\\\/image\\\/\"},\"sameAs\":[\"https:\\\/\\\/www.facebook.com\\\/BoxRepsol\",\"https:\\\/\\\/x.com\\\/box_repsol\",\"http:\\\/\\\/instagram.com\\\/box_repsol\",\"https:\\\/\\\/www.youtube.com\\\/user\\\/RepsolCompeticion\",\"https:\\\/\\\/www.flickr.com\\\/photos\\\/box_repsol\\\/\"]},{\"@type\":\"Person\",\"@id\":\"https:\\\/\\\/www.boxrepsol.com\\\/es\\\/#\\\/schema\\\/person\\\/c5c2138f2cca251b0ad92b7086bb60b7\",\"name\":\"Redacci\u00f3n Box Repsol\",\"image\":{\"@type\":\"ImageObject\",\"inLanguage\":\"es\",\"@id\":\"https:\\\/\\\/secure.gravatar.com\\\/avatar\\\/adf7b77e38b4419baf32c7e9c21dde01f4e40df611f0978e3006fc4ba0aaab7e?s=96&d=mm&r=g\",\"url\":\"https:\\\/\\\/secure.gravatar.com\\\/avatar\\\/adf7b77e38b4419baf32c7e9c21dde01f4e40df611f0978e3006fc4ba0aaab7e?s=96&d=mm&r=g\",\"contentUrl\":\"https:\\\/\\\/secure.gravatar.com\\\/avatar\\\/adf7b77e38b4419baf32c7e9c21dde01f4e40df611f0978e3006fc4ba0aaab7e?s=96&d=mm&r=g\",\"caption\":\"Redacci\u00f3n Box Repsol\"},\"description\":\"Box Repsol lo forma un equipo de periodistas, community managers, dise\u00f1adores y fot\u00f3grafos con m\u00e1s de 20 a\u00f1os de experiencia en el mundo del motorsport. Hemos vivido el primer mundial de un espa\u00f1ol en la categor\u00eda reina de motociclismo con \u00c1lex Crivill\u00e9, estuvimos en las victorias de Pedrosa y los t\u00edtulos de M\u00e1rquez, acompa\u00f1amos en \u00c1frica a Nani Roma y Marc Coma en sus conquistas del Dakar y hemos vibrado con los t\u00edtulos de Toni Bou en Trial. Adem\u00e1s, en nuestro equipo contamos con expertos en el mundo de las dos y cuatro ruedas tanto de la calle y las carreteras, como de los circuitos. Periodistas que han trabajado en revistas y publicaciones para hacerte llegar desde rutas y consejos de mantenimiento, a curiosidades y trucos de pilotaje.\",\"sameAs\":[\"https:\\\/\\\/www.facebook.com\\\/BoxRepsol\\\/\",\"https:\\\/\\\/www.instagram.com\\\/box_repsol\\\/\",\"https:\\\/\\\/x.com\\\/https:\\\/\\\/twitter.com\\\/box_repsol\",\"https:\\\/\\\/www.youtube.com\\\/@Boxrepsol\"],\"url\":\"https:\\\/\\\/www.boxrepsol.com\\\/es\\\/author\\\/redaccion-box-repsol\\\/\"}]}<\/script>\n<!-- \/ Yoast SEO plugin. -->","yoast_head_json":{"title":"Un d\u00eda en el Dakar con el Repsol Rally Team de Isidre Esteve - Box Repsol","description":"Lidia Guerrero, experta preparadora f\u00edsica y pareja del piloto ilerdense, vela por su buen estado de salud en cada jornada.","canonical":"https:\/\/www.boxrepsol.com\/es\/rally\/dia-dakar-repsol-rally-team-isidre-esteve\/","og_locale":"es_ES","og_type":"article","og_title":"Un d\u00eda en el Dakar con el Repsol Rally Team de Isidre Esteve - Box Repsol","og_description":"Lidia Guerrero, experta preparadora f\u00edsica y pareja del piloto ilerdense, vela por su buen estado de salud en cada jornada.","og_url":"https:\/\/www.boxrepsol.com\/es\/rally\/dia-dakar-repsol-rally-team-isidre-esteve\/","og_site_name":"Box Repsol","article_publisher":"https:\/\/www.facebook.com\/BoxRepsol","article_author":"https:\/\/www.facebook.com\/BoxRepsol\/","article_published_time":"2018-01-15T02:00:00+00:00","article_modified_time":"2024-05-21T09:22:22+00:00","og_image":[{"width":995,"height":560,"url":"https:\/\/www.boxrepsol.com\/wp-content\/uploads\/2022\/08\/00_dakar_isidre_esteve_descanso_mecanica_repsol_rally_team_2018.jpg","type":"image\/jpeg"}],"author":"Redacci\u00f3n Box Repsol","twitter_card":"summary_large_image","twitter_creator":"@https:\/\/twitter.com\/box_repsol","twitter_site":"@box_repsol","twitter_misc":{"Written by":"Redacci\u00f3n Box Repsol","Est. reading time":"4 minutos"},"schema":{"@context":"https:\/\/schema.org","@graph":[{"@type":"Article","@id":"https:\/\/www.boxrepsol.com\/es\/rally\/dia-dakar-repsol-rally-team-isidre-esteve\/#article","isPartOf":{"@id":"https:\/\/www.boxrepsol.com\/es\/rally\/dia-dakar-repsol-rally-team-isidre-esteve\/"},"author":{"name":"Redacci\u00f3n Box Repsol","@id":"https:\/\/www.boxrepsol.com\/es\/#\/schema\/person\/c5c2138f2cca251b0ad92b7086bb60b7"},"headline":"Un d\u00eda en el Dakar con el Repsol Rally Team de Isidre Esteve","datePublished":"2018-01-15T02:00:00+00:00","dateModified":"2024-05-21T09:22:22+00:00","mainEntityOfPage":{"@id":"https:\/\/www.boxrepsol.com\/es\/rally\/dia-dakar-repsol-rally-team-isidre-esteve\/"},"wordCount":872,"commentCount":0,"publisher":{"@id":"https:\/\/www.boxrepsol.com\/es\/#organization"},"image":{"@id":"https:\/\/www.boxrepsol.com\/es\/rally\/dia-dakar-repsol-rally-team-isidre-esteve\/#primaryimage"},"thumbnailUrl":"https:\/\/www.boxrepsol.com\/wp-content\/uploads\/2022\/08\/00_dakar_isidre_esteve_descanso_mecanica_repsol_rally_team_2018.jpg","keywords":["Repsol Rally Team"],"articleSection":["Rally"],"inLanguage":"es","potentialAction":[{"@type":"CommentAction","name":"Comment","target":["https:\/\/www.boxrepsol.com\/es\/rally\/dia-dakar-repsol-rally-team-isidre-esteve\/#respond"]}]},{"@type":"WebPage","@id":"https:\/\/www.boxrepsol.com\/es\/rally\/dia-dakar-repsol-rally-team-isidre-esteve\/","url":"https:\/\/www.boxrepsol.com\/es\/rally\/dia-dakar-repsol-rally-team-isidre-esteve\/","name":"Un d\u00eda en el Dakar con el Repsol Rally Team de Isidre Esteve - Box Repsol","isPartOf":{"@id":"https:\/\/www.boxrepsol.com\/es\/#website"},"primaryImageOfPage":{"@id":"https:\/\/www.boxrepsol.com\/es\/rally\/dia-dakar-repsol-rally-team-isidre-esteve\/#primaryimage"},"image":{"@id":"https:\/\/www.boxrepsol.com\/es\/rally\/dia-dakar-repsol-rally-team-isidre-esteve\/#primaryimage"},"thumbnailUrl":"https:\/\/www.boxrepsol.com\/wp-content\/uploads\/2022\/08\/00_dakar_isidre_esteve_descanso_mecanica_repsol_rally_team_2018.jpg","datePublished":"2018-01-15T02:00:00+00:00","dateModified":"2024-05-21T09:22:22+00:00","description":"Lidia Guerrero, experta preparadora f\u00edsica y pareja del piloto ilerdense, vela por su buen estado de salud en cada jornada.","breadcrumb":{"@id":"https:\/\/www.boxrepsol.com\/es\/rally\/dia-dakar-repsol-rally-team-isidre-esteve\/#breadcrumb"},"inLanguage":"es","potentialAction":[{"@type":"ReadAction","target":["https:\/\/www.boxrepsol.com\/es\/rally\/dia-dakar-repsol-rally-team-isidre-esteve\/"]}]},{"@type":"ImageObject","inLanguage":"es","@id":"https:\/\/www.boxrepsol.com\/es\/rally\/dia-dakar-repsol-rally-team-isidre-esteve\/#primaryimage","url":"https:\/\/www.boxrepsol.com\/wp-content\/uploads\/2022\/08\/00_dakar_isidre_esteve_descanso_mecanica_repsol_rally_team_2018.jpg","contentUrl":"https:\/\/www.boxrepsol.com\/wp-content\/uploads\/2022\/08\/00_dakar_isidre_esteve_descanso_mecanica_repsol_rally_team_2018.jpg","width":995,"height":560,"caption":"Isidre Esteve con su Sodicar BV6 en una asistencia Dakar 2018"},{"@type":"BreadcrumbList","@id":"https:\/\/www.boxrepsol.com\/es\/rally\/dia-dakar-repsol-rally-team-isidre-esteve\/#breadcrumb","itemListElement":[{"@type":"ListItem","position":1,"name":"Home","item":"https:\/\/www.boxrepsol.com\/es\/"},{"@type":"ListItem","position":2,"name":"Un d\u00eda en el Dakar con el Repsol Rally Team de Isidre Esteve"}]},{"@type":"WebSite","@id":"https:\/\/www.boxrepsol.com\/es\/#website","url":"https:\/\/www.boxrepsol.com\/es\/","name":"Box Repsol","description":"Box Repsol Site","publisher":{"@id":"https:\/\/www.boxrepsol.com\/es\/#organization"},"potentialAction":[{"@type":"SearchAction","target":{"@type":"EntryPoint","urlTemplate":"https:\/\/www.boxrepsol.com\/es\/?s={search_term_string}"},"query-input":{"@type":"PropertyValueSpecification","valueRequired":true,"valueName":"search_term_string"}}],"inLanguage":"es"},{"@type":"Organization","@id":"https:\/\/www.boxrepsol.com\/es\/#organization","name":"Box Repsol","url":"https:\/\/www.boxrepsol.com\/es\/","logo":{"@type":"ImageObject","inLanguage":"es","@id":"https:\/\/www.boxrepsol.com\/es\/#\/schema\/logo\/image\/","url":"https:\/\/bxrepsol.s3.eu-west-1.amazonaws.com\/static\/2025\/07\/30083337\/favicon-96x96-1.png","contentUrl":"https:\/\/bxrepsol.s3.eu-west-1.amazonaws.com\/static\/2025\/07\/30083337\/favicon-96x96-1.png","width":96,"height":96,"caption":"Box Repsol"},"image":{"@id":"https:\/\/www.boxrepsol.com\/es\/#\/schema\/logo\/image\/"},"sameAs":["https:\/\/www.facebook.com\/BoxRepsol","https:\/\/x.com\/box_repsol","http:\/\/instagram.com\/box_repsol","https:\/\/www.youtube.com\/user\/RepsolCompeticion","https:\/\/www.flickr.com\/photos\/box_repsol\/"]},{"@type":"Person","@id":"https:\/\/www.boxrepsol.com\/es\/#\/schema\/person\/c5c2138f2cca251b0ad92b7086bb60b7","name":"Redacci\u00f3n Box Repsol","image":{"@type":"ImageObject","inLanguage":"es","@id":"https:\/\/secure.gravatar.com\/avatar\/adf7b77e38b4419baf32c7e9c21dde01f4e40df611f0978e3006fc4ba0aaab7e?s=96&d=mm&r=g","url":"https:\/\/secure.gravatar.com\/avatar\/adf7b77e38b4419baf32c7e9c21dde01f4e40df611f0978e3006fc4ba0aaab7e?s=96&d=mm&r=g","contentUrl":"https:\/\/secure.gravatar.com\/avatar\/adf7b77e38b4419baf32c7e9c21dde01f4e40df611f0978e3006fc4ba0aaab7e?s=96&d=mm&r=g","caption":"Redacci\u00f3n Box Repsol"},"description":"Box Repsol lo forma un equipo de periodistas, community managers, dise\u00f1adores y fot\u00f3grafos con m\u00e1s de 20 a\u00f1os de experiencia en el mundo del motorsport. Hemos vivido el primer mundial de un espa\u00f1ol en la categor\u00eda reina de motociclismo con \u00c1lex Crivill\u00e9, estuvimos en las victorias de Pedrosa y los t\u00edtulos de M\u00e1rquez, acompa\u00f1amos en \u00c1frica a Nani Roma y Marc Coma en sus conquistas del Dakar y hemos vibrado con los t\u00edtulos de Toni Bou en Trial. Adem\u00e1s, en nuestro equipo contamos con expertos en el mundo de las dos y cuatro ruedas tanto de la calle y las carreteras, como de los circuitos. Periodistas que han trabajado en revistas y publicaciones para hacerte llegar desde rutas y consejos de mantenimiento, a curiosidades y trucos de pilotaje.","sameAs":["https:\/\/www.facebook.com\/BoxRepsol\/","https:\/\/www.instagram.com\/box_repsol\/","https:\/\/x.com\/https:\/\/twitter.com\/box_repsol","https:\/\/www.youtube.com\/@Boxrepsol"],"url":"https:\/\/www.boxrepsol.com\/es\/author\/redaccion-box-repsol\/"}]}},"_links":{"self":[{"href":"https:\/\/www.boxrepsol.com\/es\/wp-json\/wp\/v2\/posts\/92531","targetHints":{"allow":["GET"]}}],"collection":[{"href":"https:\/\/www.boxrepsol.com\/es\/wp-json\/wp\/v2\/posts"}],"about":[{"href":"https:\/\/www.boxrepsol.com\/es\/wp-json\/wp\/v2\/types\/post"}],"author":[{"embeddable":true,"href":"https:\/\/www.boxrepsol.com\/es\/wp-json\/wp\/v2\/users\/43146"}],"replies":[{"embeddable":true,"href":"https:\/\/www.boxrepsol.com\/es\/wp-json\/wp\/v2\/comments?post=92531"}],"version-history":[{"count":1,"href":"https:\/\/www.boxrepsol.com\/es\/wp-json\/wp\/v2\/posts\/92531\/revisions"}],"predecessor-version":[{"id":92532,"href":"https:\/\/www.boxrepsol.com\/es\/wp-json\/wp\/v2\/posts\/92531\/revisions\/92532"}],"wp:featuredmedia":[{"embeddable":true,"href":"https:\/\/www.boxrepsol.com\/es\/wp-json\/wp\/v2\/media\/87371"}],"wp:attachment":[{"href":"https:\/\/www.boxrepsol.com\/es\/wp-json\/wp\/v2\/media?parent=92531"}],"wp:term":[{"taxonomy":"category","embeddable":true,"href":"https:\/\/www.boxrepsol.com\/es\/wp-json\/wp\/v2\/categories?post=92531"},{"taxonomy":"post_tag","embeddable":true,"href":"https:\/\/www.boxrepsol.com\/es\/wp-json\/wp\/v2\/tags?post=92531"}],"curies":[{"name":"wp","href":"https:\/\/api.w.org\/{rel}","templated":true}]}}