{"id":92529,"date":"2018-01-15T00:00:00","date_gmt":"2018-01-15T02:00:00","guid":{"rendered":"http:\/\/pre.boxrepsol.com\/sin-categorizar\/isidre-esteve-se-acerca-al-top-20-pese-los-problemas-agua\/"},"modified":"2024-05-21T07:22:13","modified_gmt":"2024-05-21T09:22:13","slug":"isidre-esteve-se-acerca-al-top-20-pese-los-problemas-agua","status":"publish","type":"post","link":"https:\/\/www.boxrepsol.com\/es\/rally\/isidre-esteve-se-acerca-al-top-20-pese-los-problemas-agua\/","title":{"rendered":"Isidre Esteve se acerca al top 20 pese a los problemas por el agua"},"content":{"rendered":"<blockquote>\n<p>Estoy muy satisfecho de haber superado la marat\u00f3n sin frenos y con la electr\u00f3nica da\u00f1ada por el agua y el barro<\/p>\n<p>            <a href=\"http:\/\/twitter.com\/share?text=Estoy+muy+satisfecho+de+haber+superado+la+marat%C3%B3n+sin+frenos+y+con+la+electr%C3%B3nica+da%C3%B1ada+por+el+agua+y+el+barro&#038;url=https%3A%2F%2Fwww.boxrepsol.com%2Fes%2F%3Fp%3D16527%2F&#038;hashtags=\" target=\"_blank\" data-datalayer='{\"event\": \"socialInteraction\", \"socialNetwork\": \"Twitter\", \"socialAction\": \"Compartir\", \"socialTarget\": \"Frase\"}' rel=\"noopener\"><br \/>\n            twittear        <\/a><\/p>\n<footer>Isidre Esteve<\/footer>\n<\/blockquote>\n<p>Isidre Esteve va a m\u00e1s conforme avanza el Dakar 2018. El ilerdense ha vuelto a ofrecer este domingo otra lecci\u00f3n de superaci\u00f3n para completar la segunda parte de la etapa marat\u00f3n en 28\u00ba lugar, con problemas de frenos y sin poder pasar de 100 km\/h. Pese a ello, el piloto del Repsol Rally Team sigue avanzando con el BV6 de Sodicars Racing y se acerca un poco m\u00e1s a su gran objetivo: el top 20.<\/p>\n<p>La primera parte de la etapa marat\u00f3n, disputada ayer, pas\u00f3 factura a la mec\u00e1nica del prototipo de Isidre Esteve y su copiloto Txema Villalobos. El agua y el barro da\u00f1aron la centralita y los frenos del 4&#215;4. No obstante, el de Oliana supo adaptarse a las circunstancias para marcar su mejor resultado parcial de este Dakar (24\u00ba).<\/p>\n<p>Al no disponer de asistencia en el campamento, Isidre Esteve no pudo solucionar los problemas y este domingo no ha tenido m\u00e1s remedio que recorrer los 498 kil\u00f3metros cronometrados entre Uyuni y Tupiza como buenamente ha podido. De ah\u00ed que su 28\u00ba puesto final, con un registro de 7h 05:44\u201d, pueda considerarse como una verdadera gesta y demuestre su pericia al volante.<\/p>\n<p>\t\t\t\t<img decoding=\"async\" src=\"https:\/\/bxrepsol.s3.eu-west-1.amazonaws.com\/static\/2022\/08\/05051639\/Dakar18_E8_Isidre_Esteve_2.jpg\" alt=\"Coche isidre esteve recorr el agua\" itemprop=\"image\"  \/><\/p>\n<p><em>\u201cA los problemas de electr\u00f3nica, que ayer nos imped\u00edan pasar de 100 km\/h, se han sumado hoy los que hemos tenido con los frenos, castigados por el barrizal. Hemos tenido que cambiar el chip y centrarnos en llegar como fuera al campamento. Lo hemos conseguido sin ning\u00fan accidente y, adem\u00e1s, escalando puestos en la general\u2026 \u00bfQu\u00e9 m\u00e1s se puede pedir?\u201d<\/em>, comentaba con satisfacci\u00f3n el piloto de Repsol y Onyx Seguros.<\/p>\n<p>Respecto a la etapa dominical, Isidre Esteve explicaba que\u00a0<em>\u201cha sido muy r\u00e1pida y complicada, aunque tambi\u00e9n con alguna zona lenta. Lo m\u00e1s importante es que continuamos avanzando, hemos superado ya la marat\u00f3n y ahora los mec\u00e1nicos tendr\u00e1n tiempo suficiente para dejar el coche en perfectas condiciones\u201d<\/em>.<\/p>\n<p>Rebasado el ecuador de la carrera, el Repsol Rally Team se sit\u00faa 23\u00ba provisional de la general y 3\u00ba de su categor\u00eda T1.2 (todoterreno 4&#215;4 diesel modificado), con un tiempo acumulado de 41h 06:02. De momento, est\u00e1 cumpliendo con el gui\u00f3n previsto de acabar la primera mitad entre los 30 primeros para tratar de escalar puestos en la segunda semana.<\/p>\n<p>Ma\u00f1ana lunes deb\u00eda celebrarse la novena etapa entre Tupiza y Salta, pero la organizaci\u00f3n ha decidido suspenderla a causa del mal tiempo, por lo que los participantes deber\u00e1n realizar tan s\u00f3lo el enlace por carretera hacia Argentina. La competici\u00f3n se reanudar\u00e1 el martes con la etapa 10 entre Salta y Bel\u00e9n.<\/p>\n","protected":false},"excerpt":{"rendered":"<p>El piloto del Repsol Rally Team completa la octava etapa en 28\u00aa posici\u00f3n y ya es 23\u00ba en la general.<\/p>\n","protected":false},"author":43146,"featured_media":87367,"comment_status":"open","ping_status":"open","sticky":false,"template":"","format":"standard","meta":{"footnotes":""},"categories":[27],"tags":[29],"class_list":["post-92529","post","type-post","status-publish","format-standard","hentry","category-rally","tag-isidre-esteve"],"yoast_head":"<!-- This site is optimized with the Yoast SEO plugin v27.3 - https:\/\/yoast.com\/product\/yoast-seo-wordpress\/ -->\n<title>Isidre Esteve se acerca al top 20 pese a los problemas por el agua - Box Repsol<\/title>\n<meta name=\"description\" content=\"El piloto del Repsol Rally Team completa la octava etapa en 28\u00aa posici\u00f3n y ya es 23\u00ba en la general.\" \/>\n<link rel=\"canonical\" href=\"https:\/\/www.boxrepsol.com\/es\/rally\/isidre-esteve-se-acerca-al-top-20-pese-los-problemas-agua\/\" \/>\n<meta property=\"og:locale\" content=\"es_ES\" \/>\n<meta property=\"og:type\" content=\"article\" \/>\n<meta property=\"og:title\" content=\"Isidre Esteve se acerca al top 20 pese a los problemas por el agua - Box Repsol\" \/>\n<meta property=\"og:description\" content=\"El piloto del Repsol Rally Team completa la octava etapa en 28\u00aa posici\u00f3n y ya es 23\u00ba en la general.\" \/>\n<meta property=\"og:url\" content=\"https:\/\/www.boxrepsol.com\/es\/rally\/isidre-esteve-se-acerca-al-top-20-pese-los-problemas-agua\/\" \/>\n<meta property=\"og:site_name\" content=\"Box Repsol\" \/>\n<meta property=\"article:publisher\" content=\"https:\/\/www.facebook.com\/BoxRepsol\" \/>\n<meta property=\"article:author\" content=\"https:\/\/www.facebook.com\/BoxRepsol\/\" \/>\n<meta property=\"article:published_time\" content=\"2018-01-15T02:00:00+00:00\" \/>\n<meta property=\"article:modified_time\" content=\"2024-05-21T09:22:13+00:00\" \/>\n<meta property=\"og:image\" content=\"https:\/\/www.boxrepsol.com\/wp-content\/uploads\/2022\/08\/00_dakar_isidre_esteve_repsol_rally_team_agua_lluvia1.jpg\" \/>\n\t<meta property=\"og:image:width\" content=\"995\" \/>\n\t<meta property=\"og:image:height\" content=\"560\" \/>\n\t<meta property=\"og:image:type\" content=\"image\/jpeg\" \/>\n<meta name=\"author\" content=\"Redacci\u00f3n Box Repsol\" \/>\n<meta name=\"twitter:card\" content=\"summary_large_image\" \/>\n<meta name=\"twitter:creator\" content=\"@https:\/\/twitter.com\/box_repsol\" \/>\n<meta name=\"twitter:site\" content=\"@box_repsol\" \/>\n<meta name=\"twitter:label1\" content=\"Written by\" \/>\n\t<meta name=\"twitter:data1\" content=\"Redacci\u00f3n Box Repsol\" \/>\n\t<meta name=\"twitter:label2\" content=\"Est. reading time\" \/>\n\t<meta name=\"twitter:data2\" content=\"2 minutos\" \/>\n<script type=\"application\/ld+json\" class=\"yoast-schema-graph\">{\"@context\":\"https:\\\/\\\/schema.org\",\"@graph\":[{\"@type\":\"Article\",\"@id\":\"https:\\\/\\\/www.boxrepsol.com\\\/es\\\/rally\\\/isidre-esteve-se-acerca-al-top-20-pese-los-problemas-agua\\\/#article\",\"isPartOf\":{\"@id\":\"https:\\\/\\\/www.boxrepsol.com\\\/es\\\/rally\\\/isidre-esteve-se-acerca-al-top-20-pese-los-problemas-agua\\\/\"},\"author\":{\"name\":\"Redacci\u00f3n Box Repsol\",\"@id\":\"https:\\\/\\\/www.boxrepsol.com\\\/es\\\/#\\\/schema\\\/person\\\/c5c2138f2cca251b0ad92b7086bb60b7\"},\"headline\":\"Isidre Esteve se acerca al top 20 pese a los problemas por el agua\",\"datePublished\":\"2018-01-15T02:00:00+00:00\",\"dateModified\":\"2024-05-21T09:22:13+00:00\",\"mainEntityOfPage\":{\"@id\":\"https:\\\/\\\/www.boxrepsol.com\\\/es\\\/rally\\\/isidre-esteve-se-acerca-al-top-20-pese-los-problemas-agua\\\/\"},\"wordCount\":482,\"commentCount\":0,\"publisher\":{\"@id\":\"https:\\\/\\\/www.boxrepsol.com\\\/es\\\/#organization\"},\"image\":{\"@id\":\"https:\\\/\\\/www.boxrepsol.com\\\/es\\\/rally\\\/isidre-esteve-se-acerca-al-top-20-pese-los-problemas-agua\\\/#primaryimage\"},\"thumbnailUrl\":\"https:\\\/\\\/www.boxrepsol.com\\\/wp-content\\\/uploads\\\/2022\\\/08\\\/00_dakar_isidre_esteve_repsol_rally_team_agua_lluvia1.jpg\",\"keywords\":[\"Isidre Esteve\"],\"articleSection\":[\"Rally\"],\"inLanguage\":\"es\",\"potentialAction\":[{\"@type\":\"CommentAction\",\"name\":\"Comment\",\"target\":[\"https:\\\/\\\/www.boxrepsol.com\\\/es\\\/rally\\\/isidre-esteve-se-acerca-al-top-20-pese-los-problemas-agua\\\/#respond\"]}]},{\"@type\":\"WebPage\",\"@id\":\"https:\\\/\\\/www.boxrepsol.com\\\/es\\\/rally\\\/isidre-esteve-se-acerca-al-top-20-pese-los-problemas-agua\\\/\",\"url\":\"https:\\\/\\\/www.boxrepsol.com\\\/es\\\/rally\\\/isidre-esteve-se-acerca-al-top-20-pese-los-problemas-agua\\\/\",\"name\":\"Isidre Esteve se acerca al top 20 pese a los problemas por el agua - Box Repsol\",\"isPartOf\":{\"@id\":\"https:\\\/\\\/www.boxrepsol.com\\\/es\\\/#website\"},\"primaryImageOfPage\":{\"@id\":\"https:\\\/\\\/www.boxrepsol.com\\\/es\\\/rally\\\/isidre-esteve-se-acerca-al-top-20-pese-los-problemas-agua\\\/#primaryimage\"},\"image\":{\"@id\":\"https:\\\/\\\/www.boxrepsol.com\\\/es\\\/rally\\\/isidre-esteve-se-acerca-al-top-20-pese-los-problemas-agua\\\/#primaryimage\"},\"thumbnailUrl\":\"https:\\\/\\\/www.boxrepsol.com\\\/wp-content\\\/uploads\\\/2022\\\/08\\\/00_dakar_isidre_esteve_repsol_rally_team_agua_lluvia1.jpg\",\"datePublished\":\"2018-01-15T02:00:00+00:00\",\"dateModified\":\"2024-05-21T09:22:13+00:00\",\"description\":\"El piloto del Repsol Rally Team completa la octava etapa en 28\u00aa posici\u00f3n y ya es 23\u00ba en la general.\",\"breadcrumb\":{\"@id\":\"https:\\\/\\\/www.boxrepsol.com\\\/es\\\/rally\\\/isidre-esteve-se-acerca-al-top-20-pese-los-problemas-agua\\\/#breadcrumb\"},\"inLanguage\":\"es\",\"potentialAction\":[{\"@type\":\"ReadAction\",\"target\":[\"https:\\\/\\\/www.boxrepsol.com\\\/es\\\/rally\\\/isidre-esteve-se-acerca-al-top-20-pese-los-problemas-agua\\\/\"]}]},{\"@type\":\"ImageObject\",\"inLanguage\":\"es\",\"@id\":\"https:\\\/\\\/www.boxrepsol.com\\\/es\\\/rally\\\/isidre-esteve-se-acerca-al-top-20-pese-los-problemas-agua\\\/#primaryimage\",\"url\":\"https:\\\/\\\/www.boxrepsol.com\\\/wp-content\\\/uploads\\\/2022\\\/08\\\/00_dakar_isidre_esteve_repsol_rally_team_agua_lluvia1.jpg\",\"contentUrl\":\"https:\\\/\\\/www.boxrepsol.com\\\/wp-content\\\/uploads\\\/2022\\\/08\\\/00_dakar_isidre_esteve_repsol_rally_team_agua_lluvia1.jpg\",\"width\":995,\"height\":560,\"caption\":\"Isidre Esteve con Sodicar BV6 zona junto al agua Dakar 2018\"},{\"@type\":\"BreadcrumbList\",\"@id\":\"https:\\\/\\\/www.boxrepsol.com\\\/es\\\/rally\\\/isidre-esteve-se-acerca-al-top-20-pese-los-problemas-agua\\\/#breadcrumb\",\"itemListElement\":[{\"@type\":\"ListItem\",\"position\":1,\"name\":\"Home\",\"item\":\"https:\\\/\\\/www.boxrepsol.com\\\/es\\\/\"},{\"@type\":\"ListItem\",\"position\":2,\"name\":\"Isidre Esteve se acerca al top 20 pese a los problemas por el agua\"}]},{\"@type\":\"WebSite\",\"@id\":\"https:\\\/\\\/www.boxrepsol.com\\\/es\\\/#website\",\"url\":\"https:\\\/\\\/www.boxrepsol.com\\\/es\\\/\",\"name\":\"Box Repsol\",\"description\":\"Box Repsol Site\",\"publisher\":{\"@id\":\"https:\\\/\\\/www.boxrepsol.com\\\/es\\\/#organization\"},\"potentialAction\":[{\"@type\":\"SearchAction\",\"target\":{\"@type\":\"EntryPoint\",\"urlTemplate\":\"https:\\\/\\\/www.boxrepsol.com\\\/es\\\/?s={search_term_string}\"},\"query-input\":{\"@type\":\"PropertyValueSpecification\",\"valueRequired\":true,\"valueName\":\"search_term_string\"}}],\"inLanguage\":\"es\"},{\"@type\":\"Organization\",\"@id\":\"https:\\\/\\\/www.boxrepsol.com\\\/es\\\/#organization\",\"name\":\"Box Repsol\",\"url\":\"https:\\\/\\\/www.boxrepsol.com\\\/es\\\/\",\"logo\":{\"@type\":\"ImageObject\",\"inLanguage\":\"es\",\"@id\":\"https:\\\/\\\/www.boxrepsol.com\\\/es\\\/#\\\/schema\\\/logo\\\/image\\\/\",\"url\":\"https:\\\/\\\/bxrepsol.s3.eu-west-1.amazonaws.com\\\/static\\\/2025\\\/07\\\/30083337\\\/favicon-96x96-1.png\",\"contentUrl\":\"https:\\\/\\\/bxrepsol.s3.eu-west-1.amazonaws.com\\\/static\\\/2025\\\/07\\\/30083337\\\/favicon-96x96-1.png\",\"width\":96,\"height\":96,\"caption\":\"Box Repsol\"},\"image\":{\"@id\":\"https:\\\/\\\/www.boxrepsol.com\\\/es\\\/#\\\/schema\\\/logo\\\/image\\\/\"},\"sameAs\":[\"https:\\\/\\\/www.facebook.com\\\/BoxRepsol\",\"https:\\\/\\\/x.com\\\/box_repsol\",\"http:\\\/\\\/instagram.com\\\/box_repsol\",\"https:\\\/\\\/www.youtube.com\\\/user\\\/RepsolCompeticion\",\"https:\\\/\\\/www.flickr.com\\\/photos\\\/box_repsol\\\/\"]},{\"@type\":\"Person\",\"@id\":\"https:\\\/\\\/www.boxrepsol.com\\\/es\\\/#\\\/schema\\\/person\\\/c5c2138f2cca251b0ad92b7086bb60b7\",\"name\":\"Redacci\u00f3n Box Repsol\",\"image\":{\"@type\":\"ImageObject\",\"inLanguage\":\"es\",\"@id\":\"https:\\\/\\\/secure.gravatar.com\\\/avatar\\\/adf7b77e38b4419baf32c7e9c21dde01f4e40df611f0978e3006fc4ba0aaab7e?s=96&d=mm&r=g\",\"url\":\"https:\\\/\\\/secure.gravatar.com\\\/avatar\\\/adf7b77e38b4419baf32c7e9c21dde01f4e40df611f0978e3006fc4ba0aaab7e?s=96&d=mm&r=g\",\"contentUrl\":\"https:\\\/\\\/secure.gravatar.com\\\/avatar\\\/adf7b77e38b4419baf32c7e9c21dde01f4e40df611f0978e3006fc4ba0aaab7e?s=96&d=mm&r=g\",\"caption\":\"Redacci\u00f3n Box Repsol\"},\"description\":\"Box Repsol lo forma un equipo de periodistas, community managers, dise\u00f1adores y fot\u00f3grafos con m\u00e1s de 20 a\u00f1os de experiencia en el mundo del motorsport. Hemos vivido el primer mundial de un espa\u00f1ol en la categor\u00eda reina de motociclismo con \u00c1lex Crivill\u00e9, estuvimos en las victorias de Pedrosa y los t\u00edtulos de M\u00e1rquez, acompa\u00f1amos en \u00c1frica a Nani Roma y Marc Coma en sus conquistas del Dakar y hemos vibrado con los t\u00edtulos de Toni Bou en Trial. Adem\u00e1s, en nuestro equipo contamos con expertos en el mundo de las dos y cuatro ruedas tanto de la calle y las carreteras, como de los circuitos. Periodistas que han trabajado en revistas y publicaciones para hacerte llegar desde rutas y consejos de mantenimiento, a curiosidades y trucos de pilotaje.\",\"sameAs\":[\"https:\\\/\\\/www.facebook.com\\\/BoxRepsol\\\/\",\"https:\\\/\\\/www.instagram.com\\\/box_repsol\\\/\",\"https:\\\/\\\/x.com\\\/https:\\\/\\\/twitter.com\\\/box_repsol\",\"https:\\\/\\\/www.youtube.com\\\/@Boxrepsol\"],\"url\":\"https:\\\/\\\/www.boxrepsol.com\\\/es\\\/author\\\/redaccion-box-repsol\\\/\"}]}<\/script>\n<!-- \/ Yoast SEO plugin. -->","yoast_head_json":{"title":"Isidre Esteve se acerca al top 20 pese a los problemas por el agua - Box Repsol","description":"El piloto del Repsol Rally Team completa la octava etapa en 28\u00aa posici\u00f3n y ya es 23\u00ba en la general.","canonical":"https:\/\/www.boxrepsol.com\/es\/rally\/isidre-esteve-se-acerca-al-top-20-pese-los-problemas-agua\/","og_locale":"es_ES","og_type":"article","og_title":"Isidre Esteve se acerca al top 20 pese a los problemas por el agua - Box Repsol","og_description":"El piloto del Repsol Rally Team completa la octava etapa en 28\u00aa posici\u00f3n y ya es 23\u00ba en la general.","og_url":"https:\/\/www.boxrepsol.com\/es\/rally\/isidre-esteve-se-acerca-al-top-20-pese-los-problemas-agua\/","og_site_name":"Box Repsol","article_publisher":"https:\/\/www.facebook.com\/BoxRepsol","article_author":"https:\/\/www.facebook.com\/BoxRepsol\/","article_published_time":"2018-01-15T02:00:00+00:00","article_modified_time":"2024-05-21T09:22:13+00:00","og_image":[{"width":995,"height":560,"url":"https:\/\/www.boxrepsol.com\/wp-content\/uploads\/2022\/08\/00_dakar_isidre_esteve_repsol_rally_team_agua_lluvia1.jpg","type":"image\/jpeg"}],"author":"Redacci\u00f3n Box Repsol","twitter_card":"summary_large_image","twitter_creator":"@https:\/\/twitter.com\/box_repsol","twitter_site":"@box_repsol","twitter_misc":{"Written by":"Redacci\u00f3n Box Repsol","Est. reading time":"2 minutos"},"schema":{"@context":"https:\/\/schema.org","@graph":[{"@type":"Article","@id":"https:\/\/www.boxrepsol.com\/es\/rally\/isidre-esteve-se-acerca-al-top-20-pese-los-problemas-agua\/#article","isPartOf":{"@id":"https:\/\/www.boxrepsol.com\/es\/rally\/isidre-esteve-se-acerca-al-top-20-pese-los-problemas-agua\/"},"author":{"name":"Redacci\u00f3n Box Repsol","@id":"https:\/\/www.boxrepsol.com\/es\/#\/schema\/person\/c5c2138f2cca251b0ad92b7086bb60b7"},"headline":"Isidre Esteve se acerca al top 20 pese a los problemas por el agua","datePublished":"2018-01-15T02:00:00+00:00","dateModified":"2024-05-21T09:22:13+00:00","mainEntityOfPage":{"@id":"https:\/\/www.boxrepsol.com\/es\/rally\/isidre-esteve-se-acerca-al-top-20-pese-los-problemas-agua\/"},"wordCount":482,"commentCount":0,"publisher":{"@id":"https:\/\/www.boxrepsol.com\/es\/#organization"},"image":{"@id":"https:\/\/www.boxrepsol.com\/es\/rally\/isidre-esteve-se-acerca-al-top-20-pese-los-problemas-agua\/#primaryimage"},"thumbnailUrl":"https:\/\/www.boxrepsol.com\/wp-content\/uploads\/2022\/08\/00_dakar_isidre_esteve_repsol_rally_team_agua_lluvia1.jpg","keywords":["Isidre Esteve"],"articleSection":["Rally"],"inLanguage":"es","potentialAction":[{"@type":"CommentAction","name":"Comment","target":["https:\/\/www.boxrepsol.com\/es\/rally\/isidre-esteve-se-acerca-al-top-20-pese-los-problemas-agua\/#respond"]}]},{"@type":"WebPage","@id":"https:\/\/www.boxrepsol.com\/es\/rally\/isidre-esteve-se-acerca-al-top-20-pese-los-problemas-agua\/","url":"https:\/\/www.boxrepsol.com\/es\/rally\/isidre-esteve-se-acerca-al-top-20-pese-los-problemas-agua\/","name":"Isidre Esteve se acerca al top 20 pese a los problemas por el agua - Box Repsol","isPartOf":{"@id":"https:\/\/www.boxrepsol.com\/es\/#website"},"primaryImageOfPage":{"@id":"https:\/\/www.boxrepsol.com\/es\/rally\/isidre-esteve-se-acerca-al-top-20-pese-los-problemas-agua\/#primaryimage"},"image":{"@id":"https:\/\/www.boxrepsol.com\/es\/rally\/isidre-esteve-se-acerca-al-top-20-pese-los-problemas-agua\/#primaryimage"},"thumbnailUrl":"https:\/\/www.boxrepsol.com\/wp-content\/uploads\/2022\/08\/00_dakar_isidre_esteve_repsol_rally_team_agua_lluvia1.jpg","datePublished":"2018-01-15T02:00:00+00:00","dateModified":"2024-05-21T09:22:13+00:00","description":"El piloto del Repsol Rally Team completa la octava etapa en 28\u00aa posici\u00f3n y ya es 23\u00ba en la general.","breadcrumb":{"@id":"https:\/\/www.boxrepsol.com\/es\/rally\/isidre-esteve-se-acerca-al-top-20-pese-los-problemas-agua\/#breadcrumb"},"inLanguage":"es","potentialAction":[{"@type":"ReadAction","target":["https:\/\/www.boxrepsol.com\/es\/rally\/isidre-esteve-se-acerca-al-top-20-pese-los-problemas-agua\/"]}]},{"@type":"ImageObject","inLanguage":"es","@id":"https:\/\/www.boxrepsol.com\/es\/rally\/isidre-esteve-se-acerca-al-top-20-pese-los-problemas-agua\/#primaryimage","url":"https:\/\/www.boxrepsol.com\/wp-content\/uploads\/2022\/08\/00_dakar_isidre_esteve_repsol_rally_team_agua_lluvia1.jpg","contentUrl":"https:\/\/www.boxrepsol.com\/wp-content\/uploads\/2022\/08\/00_dakar_isidre_esteve_repsol_rally_team_agua_lluvia1.jpg","width":995,"height":560,"caption":"Isidre Esteve con Sodicar BV6 zona junto al agua Dakar 2018"},{"@type":"BreadcrumbList","@id":"https:\/\/www.boxrepsol.com\/es\/rally\/isidre-esteve-se-acerca-al-top-20-pese-los-problemas-agua\/#breadcrumb","itemListElement":[{"@type":"ListItem","position":1,"name":"Home","item":"https:\/\/www.boxrepsol.com\/es\/"},{"@type":"ListItem","position":2,"name":"Isidre Esteve se acerca al top 20 pese a los problemas por el agua"}]},{"@type":"WebSite","@id":"https:\/\/www.boxrepsol.com\/es\/#website","url":"https:\/\/www.boxrepsol.com\/es\/","name":"Box Repsol","description":"Box Repsol Site","publisher":{"@id":"https:\/\/www.boxrepsol.com\/es\/#organization"},"potentialAction":[{"@type":"SearchAction","target":{"@type":"EntryPoint","urlTemplate":"https:\/\/www.boxrepsol.com\/es\/?s={search_term_string}"},"query-input":{"@type":"PropertyValueSpecification","valueRequired":true,"valueName":"search_term_string"}}],"inLanguage":"es"},{"@type":"Organization","@id":"https:\/\/www.boxrepsol.com\/es\/#organization","name":"Box Repsol","url":"https:\/\/www.boxrepsol.com\/es\/","logo":{"@type":"ImageObject","inLanguage":"es","@id":"https:\/\/www.boxrepsol.com\/es\/#\/schema\/logo\/image\/","url":"https:\/\/bxrepsol.s3.eu-west-1.amazonaws.com\/static\/2025\/07\/30083337\/favicon-96x96-1.png","contentUrl":"https:\/\/bxrepsol.s3.eu-west-1.amazonaws.com\/static\/2025\/07\/30083337\/favicon-96x96-1.png","width":96,"height":96,"caption":"Box Repsol"},"image":{"@id":"https:\/\/www.boxrepsol.com\/es\/#\/schema\/logo\/image\/"},"sameAs":["https:\/\/www.facebook.com\/BoxRepsol","https:\/\/x.com\/box_repsol","http:\/\/instagram.com\/box_repsol","https:\/\/www.youtube.com\/user\/RepsolCompeticion","https:\/\/www.flickr.com\/photos\/box_repsol\/"]},{"@type":"Person","@id":"https:\/\/www.boxrepsol.com\/es\/#\/schema\/person\/c5c2138f2cca251b0ad92b7086bb60b7","name":"Redacci\u00f3n Box Repsol","image":{"@type":"ImageObject","inLanguage":"es","@id":"https:\/\/secure.gravatar.com\/avatar\/adf7b77e38b4419baf32c7e9c21dde01f4e40df611f0978e3006fc4ba0aaab7e?s=96&d=mm&r=g","url":"https:\/\/secure.gravatar.com\/avatar\/adf7b77e38b4419baf32c7e9c21dde01f4e40df611f0978e3006fc4ba0aaab7e?s=96&d=mm&r=g","contentUrl":"https:\/\/secure.gravatar.com\/avatar\/adf7b77e38b4419baf32c7e9c21dde01f4e40df611f0978e3006fc4ba0aaab7e?s=96&d=mm&r=g","caption":"Redacci\u00f3n Box Repsol"},"description":"Box Repsol lo forma un equipo de periodistas, community managers, dise\u00f1adores y fot\u00f3grafos con m\u00e1s de 20 a\u00f1os de experiencia en el mundo del motorsport. Hemos vivido el primer mundial de un espa\u00f1ol en la categor\u00eda reina de motociclismo con \u00c1lex Crivill\u00e9, estuvimos en las victorias de Pedrosa y los t\u00edtulos de M\u00e1rquez, acompa\u00f1amos en \u00c1frica a Nani Roma y Marc Coma en sus conquistas del Dakar y hemos vibrado con los t\u00edtulos de Toni Bou en Trial. Adem\u00e1s, en nuestro equipo contamos con expertos en el mundo de las dos y cuatro ruedas tanto de la calle y las carreteras, como de los circuitos. Periodistas que han trabajado en revistas y publicaciones para hacerte llegar desde rutas y consejos de mantenimiento, a curiosidades y trucos de pilotaje.","sameAs":["https:\/\/www.facebook.com\/BoxRepsol\/","https:\/\/www.instagram.com\/box_repsol\/","https:\/\/x.com\/https:\/\/twitter.com\/box_repsol","https:\/\/www.youtube.com\/@Boxrepsol"],"url":"https:\/\/www.boxrepsol.com\/es\/author\/redaccion-box-repsol\/"}]}},"_links":{"self":[{"href":"https:\/\/www.boxrepsol.com\/es\/wp-json\/wp\/v2\/posts\/92529","targetHints":{"allow":["GET"]}}],"collection":[{"href":"https:\/\/www.boxrepsol.com\/es\/wp-json\/wp\/v2\/posts"}],"about":[{"href":"https:\/\/www.boxrepsol.com\/es\/wp-json\/wp\/v2\/types\/post"}],"author":[{"embeddable":true,"href":"https:\/\/www.boxrepsol.com\/es\/wp-json\/wp\/v2\/users\/43146"}],"replies":[{"embeddable":true,"href":"https:\/\/www.boxrepsol.com\/es\/wp-json\/wp\/v2\/comments?post=92529"}],"version-history":[{"count":1,"href":"https:\/\/www.boxrepsol.com\/es\/wp-json\/wp\/v2\/posts\/92529\/revisions"}],"predecessor-version":[{"id":92530,"href":"https:\/\/www.boxrepsol.com\/es\/wp-json\/wp\/v2\/posts\/92529\/revisions\/92530"}],"wp:featuredmedia":[{"embeddable":true,"href":"https:\/\/www.boxrepsol.com\/es\/wp-json\/wp\/v2\/media\/87367"}],"wp:attachment":[{"href":"https:\/\/www.boxrepsol.com\/es\/wp-json\/wp\/v2\/media?parent=92529"}],"wp:term":[{"taxonomy":"category","embeddable":true,"href":"https:\/\/www.boxrepsol.com\/es\/wp-json\/wp\/v2\/categories?post=92529"},{"taxonomy":"post_tag","embeddable":true,"href":"https:\/\/www.boxrepsol.com\/es\/wp-json\/wp\/v2\/tags?post=92529"}],"curies":[{"name":"wp","href":"https:\/\/api.w.org\/{rel}","templated":true}]}}