{"id":92517,"date":"2018-01-12T00:00:00","date_gmt":"2018-01-12T02:00:00","guid":{"rendered":"http:\/\/pre.boxrepsol.com\/sin-categorizar\/madrid-motorcycle-film-festival-la-motocicleta-cine\/"},"modified":"2024-05-21T07:23:24","modified_gmt":"2024-05-21T09:23:24","slug":"madrid-motorcycle-film-festival-la-motocicleta-cine","status":"publish","type":"post","link":"https:\/\/www.boxrepsol.com\/es\/cultura-motera\/madrid-motorcycle-film-festival-la-motocicleta-cine\/","title":{"rendered":"Madrid Motorcycle Film Festival: la motocicleta y el cine"},"content":{"rendered":"<p>El cine tambi\u00e9n ha contado inolvidables historias sobre dos ruedas y, sin la necesidad siquiera de mirar a producciones legendarias de interminable presupuesto, se puede decir que <a style=\"color: #ff6600;\" href=\"https:\/\/www.boxrepsol.com\/es\/?s=pel%C3%ADculas\" target=\"_blank\" rel=\"noopener noreferrer\">cine y motocicleta<\/a> viven constantemente a nuestro alrededor.<\/p>\n<p>La prueba m\u00e1s palpable qued\u00f3 en evidencia con la primera edici\u00f3n del Madrid Motorcycle Film Festival, donde se proyectaron durante un fin de semana hasta 18 producciones relacionadas con el universo de la moto.<\/p>\n<p>Entre la selecci\u00f3n del certamen hay t\u00edtulos legendarios como Indian Wrecking Crew, el documental que narra las haza\u00f1as de tres motoristas Indios Americanos durante los a\u00f1os posteriores a la Segunda Guerra Mundial. Tambi\u00e9n se exhibi\u00f3 \u201cThe Monkey and Her Driver\u201d, la historia que gira alrededor de Kendra y Betty como \u00fanico equipo de carreras de sidecar compuesto por mujeres de Am\u00e9rica en 2015, o \u201cMancini, The Motorcycle Wizard\u201d, que narra la vida del mec\u00e1nico que ayud\u00f3 al debut de cinco de los m\u00e1s talentosos corredores de motocicletas italianas de los \u00faltimos 30 a\u00f1os.<\/p>\n<p>Las producciones nacionales tambi\u00e9n contaban con una magn\u00edfica representaci\u00f3n. Entre ellas destacaba especialmente la de \u201cEl Gran Premio de la Ba\u00f1eza\u201d, que cuenta los or\u00edgenes y entresijos de la legendaria carrera urbana que se contin\u00faa celebrando cada mes de agosto, o \u201cAventura en India y Nepal\u201d, que narra las vivencias en moto de la trotamundos Alicia Sornosa.<\/p>\n<p>En este momento estamos a la espera de noticias sobre su segunda edici\u00f3n, pero entre tanto te dejamos la lista de proyecciones que se completaba con los siguientes t\u00edtulos:<\/p>\n<p><strong>La leyenda contin\u00faa<\/strong> &#8211; V\u00eddeo oficial de la Concentraci\u00f3n Motorista Internacional Invernal La Leyenda Contin\u00faa, que se celebr\u00f3 en Cantalejo (Segovia) Espa\u00f1a, los d\u00edas 13-14 y 15 de enero de 2017, organizada por el Moto Club La Leyenda contin\u00faa.<\/p>\n<p><iframe loading=\"lazy\" src=\"https:\/\/www.youtube.com\/embed\/FQxT0KD5sME\" width=\"704\" height=\"396\" frameborder=\"0\" allowfullscreen=\"allowfullscreen\"><\/iframe><\/p>\n<p><strong>Newcomers<\/strong> &#8211; La Isla de Man y el Mountain Course de la mano de dos novatos de las Road Races. Un recorrido por los 20 d\u00edas m\u00e1s intensos de la vida deportiva del espa\u00f1ol V\u00edctor L\u00f3pez, y del franc\u00e9s Fr\u00e9d\u00e9ric Besnard.<\/p>\n<p><strong>Arrows of Fire <\/strong>\u2013 Paul, Josh, Duncan y Ben preparan su equipo y arrancan en un viaje en Australia para superar sus l\u00edmites f\u00edsicos, mentales y emocionales. Se ponen a prueba los v\u00ednculos de su compa\u00f1erismo a medida que buscan descanso de la vida cotidiana a trav\u00e9s de la aventura. Sin embargo, lo que les enfrenta es algo que no se esperaban.<\/p>\n<p><strong>Aventura en India y Nepal<\/strong> \u2013 Fragmento del gran viaje que llev\u00f3 a la Alicia Sornosa a convertirse en la primera mujer espa\u00f1ola en dar la vuelta al mundo en moto.<\/p>\n<p><iframe loading=\"lazy\" src=\"https:\/\/www.youtube.com\/embed\/iKC8HBlQstY\" width=\"704\" height=\"396\" frameborder=\"0\" allowfullscreen=\"allowfullscreen\"><\/iframe><\/p>\n<p><strong>La Scrambler africana<\/strong> &#8211; Fran Pardo, un trotamundos cazador de aventuras, explorador de emociones y amante del v\u00e9rtigo que se enfrenta a lo desconocido. Todas sus vivencias contienen situaciones en las que se ve expuesto a experiencias nuevas, donde la inexperiencia y la osad\u00eda de quien decide plantarle cara a lo desconocido, permiten dar paso al valor. Una oda a la valent\u00eda, una invitaci\u00f3n a la motivaci\u00f3n y, sobre todo, a las ganas de vivir de un tipo normal y corriente de 42 a\u00f1os.<\/p>\n<p><iframe loading=\"lazy\" src=\"https:\/\/www.youtube.com\/embed\/yIuY-uDL5fE\" width=\"704\" height=\"396\" frameborder=\"0\" allowfullscreen=\"allowfullscreen\"><\/iframe><\/p>\n<p><strong>AKA Brokentooth<\/strong> \u2013 Una breve historia sobre la idea de vacaciones que tiene un hombre que se enfrenta a todas las posibilidades que le brinda el blanco Canad\u00e1 sobre sus dos ruedas.<\/p>\n<p><strong>Moped Barna Crew<\/strong> &#8211; Nus de la Trinitat, extrarradio Barcelon\u00e9s. Un grupo de chicos deciden agruparse en torno a la idea de formar una de las primeras Moped Gang o escuadr\u00f3n de ciclomotores. Sin ning\u00fan precedente anterior se lanzan a la conformaci\u00f3n de la misma, no sin antes superar obst\u00e1culos, problemas y lo m\u00e1s dif\u00edcil todav\u00eda, sus propias limitaciones.<\/p>\n<p><strong>Hear me out<\/strong> \u2013 Daniel es un chico \u00abespecial\u00bb, Actualmente vive en una sociedad completamente inadaptada para a \u00e9l. Durante todo el cortometraje vemos c\u00f3mo intenta superar sus miedos, inquietudes y, sobre todo pensar, en lo que verdaderamente le hace feliz, las motos.<\/p>\n<p><strong>Bonny &#8211; <\/strong>Un grupo de ingenieros de Mosc\u00fa est\u00e1 construyendo una moto de carreras, dispuestos a presentarse a la semana de velocidad de Bonneville para buscar un r\u00e9cord mundial de velocidad nunca antes conseguido por un equipo ruso.<\/p>\n<p><strong>El Gran Premio de la Ba\u00f1eza<\/strong> \u2013 Repaso a la historia del motociclismo espa\u00f1ol de las \u00faltimas d\u00e9cadas, siempre desde la perspectiva de la carrera de La Ba\u00f1eza.<\/p>\n<p><iframe loading=\"lazy\" src=\"https:\/\/www.youtube.com\/embed\/em8fsyjslKY\" width=\"704\" height=\"396\" frameborder=\"0\" allowfullscreen=\"allowfullscreen\"><\/iframe><\/p>\n<p><strong>N\u00f3mada, la b\u00fasqueda del propio destino<\/strong> \u2013 Miquel Silvestre (Denia 1968) ha logrado hacer realidad sus sue\u00f1os de aventura gracias a la motocicleta, veh\u00edculo que siempre ha acompa\u00f1ado sus pasos desde que era ni\u00f1o. Un d\u00eda se subi\u00f3 en una y abandon\u00f3 una oficina para conocer y contar historias.<\/p>\n<p><strong>Sabie bubble run<\/strong> \u2013La historia de c\u00f3mo empez\u00f3 la carrera que se celebra cada diciembre en Sud\u00e1frica desde 2014 contando la historia a trav\u00e9s de tres chicos: Marnitz Venter, Leroy tulip\u00e1n y Joe Fleming.<\/p>\n<p><strong>Take none, give none<\/strong> &#8211; Narra la historia de un club de motoristas localizados \u200b\u200ben el centro-sur de Los \u00c1ngeles. El club interracial m\u00e1s veterano de su clase.<\/p>\n<p><iframe loading=\"lazy\" src=\"https:\/\/www.youtube.com\/embed\/iDNxpfLYKyA\" width=\"704\" height=\"396\" frameborder=\"0\" allowfullscreen=\"allowfullscreen\"><\/iframe><\/p>\n<p><strong>Klocked<\/strong> &#8211; La historia de tres mujeres &#8211; una madre y sus dos hijas &#8211; con una seria necesidad de velocidad. Este documental se caracteriza por un ritmo r\u00e1pido. Su directora es Michelle Bauer Carpenter, profesora asociada de dise\u00f1o digital en el Colegio de Artes y Medios (CAM).<\/p>\n<p><strong>Quake city rumblers 50cc<\/strong> &#8211; Quake City Rumblers, un club formado por tipos duros pero que van en motocicletas de 50cc customizadas originarios de Christchurch, Nueva Zelanda.<\/p>\n<p>Foto cabecera: Chris Wheal | Flickr<\/p>\n","protected":false},"excerpt":{"rendered":"<p>La primera edici\u00f3n del Madrid Motorcycle Film Festival se celebr\u00f3 el pasado a\u00f1o; una iniciativa \u00fanica que ya s\u00f3lo espera abrir las puertas de su segunda edici\u00f3n.<\/p>\n","protected":false},"author":43146,"featured_media":92518,"comment_status":"open","ping_status":"open","sticky":false,"template":"","format":"standard","meta":{"footnotes":""},"categories":[160],"tags":[177],"class_list":["post-92517","post","type-post","status-publish","format-standard","hentry","category-cultura-motera","tag-cine-motero"],"yoast_head":"<!-- This site is optimized with the Yoast SEO plugin v27.3 - https:\/\/yoast.com\/product\/yoast-seo-wordpress\/ -->\n<title>Madrid Motorcycle Film Festival: pel\u00edculas sobre dos ruedas - Box Repsol<\/title>\n<meta name=\"description\" content=\"El cine tambi\u00e9n ha contado inolvidables historias sobre dos ruedas y, sin la necesidad siquiera de mirar a producciones legendarias de interminable\" \/>\n<link rel=\"canonical\" href=\"https:\/\/www.boxrepsol.com\/es\/cultura-motera\/madrid-motorcycle-film-festival-la-motocicleta-cine\/\" \/>\n<meta property=\"og:locale\" content=\"es_ES\" \/>\n<meta property=\"og:type\" content=\"article\" \/>\n<meta property=\"og:title\" content=\"Madrid Motorcycle Film Festival: pel\u00edculas sobre dos ruedas - Box Repsol\" \/>\n<meta property=\"og:description\" content=\"El cine tambi\u00e9n ha contado inolvidables historias sobre dos ruedas y, sin la necesidad siquiera de mirar a producciones legendarias de interminable\" \/>\n<meta property=\"og:url\" content=\"https:\/\/www.boxrepsol.com\/es\/cultura-motera\/madrid-motorcycle-film-festival-la-motocicleta-cine\/\" \/>\n<meta property=\"og:site_name\" content=\"Box Repsol\" \/>\n<meta property=\"article:publisher\" content=\"https:\/\/www.facebook.com\/BoxRepsol\" \/>\n<meta property=\"article:author\" content=\"https:\/\/www.facebook.com\/BoxRepsol\/\" \/>\n<meta property=\"article:published_time\" content=\"2018-01-12T02:00:00+00:00\" \/>\n<meta property=\"article:modified_time\" content=\"2024-05-21T09:23:24+00:00\" \/>\n<meta property=\"og:image\" content=\"https:\/\/bxrepsol.s3.eu-west-1.amazonaws.com\/static\/2023\/02\/24101346\/madrid-motorcycle.png\" \/>\n\t<meta property=\"og:image:width\" content=\"986\" \/>\n\t<meta property=\"og:image:height\" content=\"555\" \/>\n\t<meta property=\"og:image:type\" content=\"image\/png\" \/>\n<meta name=\"author\" content=\"Redacci\u00f3n Box Repsol\" \/>\n<meta name=\"twitter:card\" content=\"summary_large_image\" \/>\n<meta name=\"twitter:creator\" content=\"@https:\/\/twitter.com\/box_repsol\" \/>\n<meta name=\"twitter:site\" content=\"@box_repsol\" \/>\n<meta name=\"twitter:label1\" content=\"Written by\" \/>\n\t<meta name=\"twitter:data1\" content=\"Redacci\u00f3n Box Repsol\" \/>\n\t<meta name=\"twitter:label2\" content=\"Est. reading time\" \/>\n\t<meta name=\"twitter:data2\" content=\"5 minutos\" \/>\n<script type=\"application\/ld+json\" class=\"yoast-schema-graph\">{\"@context\":\"https:\\\/\\\/schema.org\",\"@graph\":[{\"@type\":\"Article\",\"@id\":\"https:\\\/\\\/www.boxrepsol.com\\\/es\\\/cultura-motera\\\/madrid-motorcycle-film-festival-la-motocicleta-cine\\\/#article\",\"isPartOf\":{\"@id\":\"https:\\\/\\\/www.boxrepsol.com\\\/es\\\/cultura-motera\\\/madrid-motorcycle-film-festival-la-motocicleta-cine\\\/\"},\"author\":{\"name\":\"Redacci\u00f3n Box Repsol\",\"@id\":\"https:\\\/\\\/www.boxrepsol.com\\\/es\\\/#\\\/schema\\\/person\\\/c5c2138f2cca251b0ad92b7086bb60b7\"},\"headline\":\"Madrid Motorcycle Film Festival: la motocicleta y el cine\",\"datePublished\":\"2018-01-12T02:00:00+00:00\",\"dateModified\":\"2024-05-21T09:23:24+00:00\",\"mainEntityOfPage\":{\"@id\":\"https:\\\/\\\/www.boxrepsol.com\\\/es\\\/cultura-motera\\\/madrid-motorcycle-film-festival-la-motocicleta-cine\\\/\"},\"wordCount\":965,\"commentCount\":0,\"publisher\":{\"@id\":\"https:\\\/\\\/www.boxrepsol.com\\\/es\\\/#organization\"},\"image\":{\"@id\":\"https:\\\/\\\/www.boxrepsol.com\\\/es\\\/cultura-motera\\\/madrid-motorcycle-film-festival-la-motocicleta-cine\\\/#primaryimage\"},\"thumbnailUrl\":\"https:\\\/\\\/bxrepsol.s3.eu-west-1.amazonaws.com\\\/static\\\/2023\\\/02\\\/24101346\\\/madrid-motorcycle.png\",\"keywords\":[\"cine motero\"],\"articleSection\":[\"Cultura Motera\"],\"inLanguage\":\"es\",\"potentialAction\":[{\"@type\":\"CommentAction\",\"name\":\"Comment\",\"target\":[\"https:\\\/\\\/www.boxrepsol.com\\\/es\\\/cultura-motera\\\/madrid-motorcycle-film-festival-la-motocicleta-cine\\\/#respond\"]}]},{\"@type\":\"WebPage\",\"@id\":\"https:\\\/\\\/www.boxrepsol.com\\\/es\\\/cultura-motera\\\/madrid-motorcycle-film-festival-la-motocicleta-cine\\\/\",\"url\":\"https:\\\/\\\/www.boxrepsol.com\\\/es\\\/cultura-motera\\\/madrid-motorcycle-film-festival-la-motocicleta-cine\\\/\",\"name\":\"Madrid Motorcycle Film Festival: pel\u00edculas sobre dos ruedas - Box Repsol\",\"isPartOf\":{\"@id\":\"https:\\\/\\\/www.boxrepsol.com\\\/es\\\/#website\"},\"primaryImageOfPage\":{\"@id\":\"https:\\\/\\\/www.boxrepsol.com\\\/es\\\/cultura-motera\\\/madrid-motorcycle-film-festival-la-motocicleta-cine\\\/#primaryimage\"},\"image\":{\"@id\":\"https:\\\/\\\/www.boxrepsol.com\\\/es\\\/cultura-motera\\\/madrid-motorcycle-film-festival-la-motocicleta-cine\\\/#primaryimage\"},\"thumbnailUrl\":\"https:\\\/\\\/bxrepsol.s3.eu-west-1.amazonaws.com\\\/static\\\/2023\\\/02\\\/24101346\\\/madrid-motorcycle.png\",\"datePublished\":\"2018-01-12T02:00:00+00:00\",\"dateModified\":\"2024-05-21T09:23:24+00:00\",\"description\":\"El cine tambi\u00e9n ha contado inolvidables historias sobre dos ruedas y, sin la necesidad siquiera de mirar a producciones legendarias de interminable\",\"breadcrumb\":{\"@id\":\"https:\\\/\\\/www.boxrepsol.com\\\/es\\\/cultura-motera\\\/madrid-motorcycle-film-festival-la-motocicleta-cine\\\/#breadcrumb\"},\"inLanguage\":\"es\",\"potentialAction\":[{\"@type\":\"ReadAction\",\"target\":[\"https:\\\/\\\/www.boxrepsol.com\\\/es\\\/cultura-motera\\\/madrid-motorcycle-film-festival-la-motocicleta-cine\\\/\"]}]},{\"@type\":\"ImageObject\",\"inLanguage\":\"es\",\"@id\":\"https:\\\/\\\/www.boxrepsol.com\\\/es\\\/cultura-motera\\\/madrid-motorcycle-film-festival-la-motocicleta-cine\\\/#primaryimage\",\"url\":\"https:\\\/\\\/bxrepsol.s3.eu-west-1.amazonaws.com\\\/static\\\/2023\\\/02\\\/24101346\\\/madrid-motorcycle.png\",\"contentUrl\":\"https:\\\/\\\/bxrepsol.s3.eu-west-1.amazonaws.com\\\/static\\\/2023\\\/02\\\/24101346\\\/madrid-motorcycle.png\",\"width\":986,\"height\":555,\"caption\":\"Moto con maletas\"},{\"@type\":\"BreadcrumbList\",\"@id\":\"https:\\\/\\\/www.boxrepsol.com\\\/es\\\/cultura-motera\\\/madrid-motorcycle-film-festival-la-motocicleta-cine\\\/#breadcrumb\",\"itemListElement\":[{\"@type\":\"ListItem\",\"position\":1,\"name\":\"Home\",\"item\":\"https:\\\/\\\/www.boxrepsol.com\\\/es\\\/\"},{\"@type\":\"ListItem\",\"position\":2,\"name\":\"Madrid Motorcycle Film Festival: la motocicleta y el cine\"}]},{\"@type\":\"WebSite\",\"@id\":\"https:\\\/\\\/www.boxrepsol.com\\\/es\\\/#website\",\"url\":\"https:\\\/\\\/www.boxrepsol.com\\\/es\\\/\",\"name\":\"Box Repsol\",\"description\":\"Box Repsol Site\",\"publisher\":{\"@id\":\"https:\\\/\\\/www.boxrepsol.com\\\/es\\\/#organization\"},\"potentialAction\":[{\"@type\":\"SearchAction\",\"target\":{\"@type\":\"EntryPoint\",\"urlTemplate\":\"https:\\\/\\\/www.boxrepsol.com\\\/es\\\/?s={search_term_string}\"},\"query-input\":{\"@type\":\"PropertyValueSpecification\",\"valueRequired\":true,\"valueName\":\"search_term_string\"}}],\"inLanguage\":\"es\"},{\"@type\":\"Organization\",\"@id\":\"https:\\\/\\\/www.boxrepsol.com\\\/es\\\/#organization\",\"name\":\"Box Repsol\",\"url\":\"https:\\\/\\\/www.boxrepsol.com\\\/es\\\/\",\"logo\":{\"@type\":\"ImageObject\",\"inLanguage\":\"es\",\"@id\":\"https:\\\/\\\/www.boxrepsol.com\\\/es\\\/#\\\/schema\\\/logo\\\/image\\\/\",\"url\":\"https:\\\/\\\/bxrepsol.s3.eu-west-1.amazonaws.com\\\/static\\\/2025\\\/07\\\/30083337\\\/favicon-96x96-1.png\",\"contentUrl\":\"https:\\\/\\\/bxrepsol.s3.eu-west-1.amazonaws.com\\\/static\\\/2025\\\/07\\\/30083337\\\/favicon-96x96-1.png\",\"width\":96,\"height\":96,\"caption\":\"Box Repsol\"},\"image\":{\"@id\":\"https:\\\/\\\/www.boxrepsol.com\\\/es\\\/#\\\/schema\\\/logo\\\/image\\\/\"},\"sameAs\":[\"https:\\\/\\\/www.facebook.com\\\/BoxRepsol\",\"https:\\\/\\\/x.com\\\/box_repsol\",\"http:\\\/\\\/instagram.com\\\/box_repsol\",\"https:\\\/\\\/www.youtube.com\\\/user\\\/RepsolCompeticion\",\"https:\\\/\\\/www.flickr.com\\\/photos\\\/box_repsol\\\/\"]},{\"@type\":\"Person\",\"@id\":\"https:\\\/\\\/www.boxrepsol.com\\\/es\\\/#\\\/schema\\\/person\\\/c5c2138f2cca251b0ad92b7086bb60b7\",\"name\":\"Redacci\u00f3n Box Repsol\",\"image\":{\"@type\":\"ImageObject\",\"inLanguage\":\"es\",\"@id\":\"https:\\\/\\\/secure.gravatar.com\\\/avatar\\\/adf7b77e38b4419baf32c7e9c21dde01f4e40df611f0978e3006fc4ba0aaab7e?s=96&d=mm&r=g\",\"url\":\"https:\\\/\\\/secure.gravatar.com\\\/avatar\\\/adf7b77e38b4419baf32c7e9c21dde01f4e40df611f0978e3006fc4ba0aaab7e?s=96&d=mm&r=g\",\"contentUrl\":\"https:\\\/\\\/secure.gravatar.com\\\/avatar\\\/adf7b77e38b4419baf32c7e9c21dde01f4e40df611f0978e3006fc4ba0aaab7e?s=96&d=mm&r=g\",\"caption\":\"Redacci\u00f3n Box Repsol\"},\"description\":\"Box Repsol lo forma un equipo de periodistas, community managers, dise\u00f1adores y fot\u00f3grafos con m\u00e1s de 20 a\u00f1os de experiencia en el mundo del motorsport. Hemos vivido el primer mundial de un espa\u00f1ol en la categor\u00eda reina de motociclismo con \u00c1lex Crivill\u00e9, estuvimos en las victorias de Pedrosa y los t\u00edtulos de M\u00e1rquez, acompa\u00f1amos en \u00c1frica a Nani Roma y Marc Coma en sus conquistas del Dakar y hemos vibrado con los t\u00edtulos de Toni Bou en Trial. Adem\u00e1s, en nuestro equipo contamos con expertos en el mundo de las dos y cuatro ruedas tanto de la calle y las carreteras, como de los circuitos. Periodistas que han trabajado en revistas y publicaciones para hacerte llegar desde rutas y consejos de mantenimiento, a curiosidades y trucos de pilotaje.\",\"sameAs\":[\"https:\\\/\\\/www.facebook.com\\\/BoxRepsol\\\/\",\"https:\\\/\\\/www.instagram.com\\\/box_repsol\\\/\",\"https:\\\/\\\/x.com\\\/https:\\\/\\\/twitter.com\\\/box_repsol\",\"https:\\\/\\\/www.youtube.com\\\/@Boxrepsol\"],\"url\":\"https:\\\/\\\/www.boxrepsol.com\\\/es\\\/author\\\/redaccion-box-repsol\\\/\"}]}<\/script>\n<!-- \/ Yoast SEO plugin. -->","yoast_head_json":{"title":"Madrid Motorcycle Film Festival: pel\u00edculas sobre dos ruedas - Box Repsol","description":"El cine tambi\u00e9n ha contado inolvidables historias sobre dos ruedas y, sin la necesidad siquiera de mirar a producciones legendarias de interminable","canonical":"https:\/\/www.boxrepsol.com\/es\/cultura-motera\/madrid-motorcycle-film-festival-la-motocicleta-cine\/","og_locale":"es_ES","og_type":"article","og_title":"Madrid Motorcycle Film Festival: pel\u00edculas sobre dos ruedas - Box Repsol","og_description":"El cine tambi\u00e9n ha contado inolvidables historias sobre dos ruedas y, sin la necesidad siquiera de mirar a producciones legendarias de interminable","og_url":"https:\/\/www.boxrepsol.com\/es\/cultura-motera\/madrid-motorcycle-film-festival-la-motocicleta-cine\/","og_site_name":"Box Repsol","article_publisher":"https:\/\/www.facebook.com\/BoxRepsol","article_author":"https:\/\/www.facebook.com\/BoxRepsol\/","article_published_time":"2018-01-12T02:00:00+00:00","article_modified_time":"2024-05-21T09:23:24+00:00","og_image":[{"width":986,"height":555,"url":"https:\/\/bxrepsol.s3.eu-west-1.amazonaws.com\/static\/2023\/02\/24101346\/madrid-motorcycle.png","type":"image\/png"}],"author":"Redacci\u00f3n Box Repsol","twitter_card":"summary_large_image","twitter_creator":"@https:\/\/twitter.com\/box_repsol","twitter_site":"@box_repsol","twitter_misc":{"Written by":"Redacci\u00f3n Box Repsol","Est. reading time":"5 minutos"},"schema":{"@context":"https:\/\/schema.org","@graph":[{"@type":"Article","@id":"https:\/\/www.boxrepsol.com\/es\/cultura-motera\/madrid-motorcycle-film-festival-la-motocicleta-cine\/#article","isPartOf":{"@id":"https:\/\/www.boxrepsol.com\/es\/cultura-motera\/madrid-motorcycle-film-festival-la-motocicleta-cine\/"},"author":{"name":"Redacci\u00f3n Box Repsol","@id":"https:\/\/www.boxrepsol.com\/es\/#\/schema\/person\/c5c2138f2cca251b0ad92b7086bb60b7"},"headline":"Madrid Motorcycle Film Festival: la motocicleta y el cine","datePublished":"2018-01-12T02:00:00+00:00","dateModified":"2024-05-21T09:23:24+00:00","mainEntityOfPage":{"@id":"https:\/\/www.boxrepsol.com\/es\/cultura-motera\/madrid-motorcycle-film-festival-la-motocicleta-cine\/"},"wordCount":965,"commentCount":0,"publisher":{"@id":"https:\/\/www.boxrepsol.com\/es\/#organization"},"image":{"@id":"https:\/\/www.boxrepsol.com\/es\/cultura-motera\/madrid-motorcycle-film-festival-la-motocicleta-cine\/#primaryimage"},"thumbnailUrl":"https:\/\/bxrepsol.s3.eu-west-1.amazonaws.com\/static\/2023\/02\/24101346\/madrid-motorcycle.png","keywords":["cine motero"],"articleSection":["Cultura Motera"],"inLanguage":"es","potentialAction":[{"@type":"CommentAction","name":"Comment","target":["https:\/\/www.boxrepsol.com\/es\/cultura-motera\/madrid-motorcycle-film-festival-la-motocicleta-cine\/#respond"]}]},{"@type":"WebPage","@id":"https:\/\/www.boxrepsol.com\/es\/cultura-motera\/madrid-motorcycle-film-festival-la-motocicleta-cine\/","url":"https:\/\/www.boxrepsol.com\/es\/cultura-motera\/madrid-motorcycle-film-festival-la-motocicleta-cine\/","name":"Madrid Motorcycle Film Festival: pel\u00edculas sobre dos ruedas - Box Repsol","isPartOf":{"@id":"https:\/\/www.boxrepsol.com\/es\/#website"},"primaryImageOfPage":{"@id":"https:\/\/www.boxrepsol.com\/es\/cultura-motera\/madrid-motorcycle-film-festival-la-motocicleta-cine\/#primaryimage"},"image":{"@id":"https:\/\/www.boxrepsol.com\/es\/cultura-motera\/madrid-motorcycle-film-festival-la-motocicleta-cine\/#primaryimage"},"thumbnailUrl":"https:\/\/bxrepsol.s3.eu-west-1.amazonaws.com\/static\/2023\/02\/24101346\/madrid-motorcycle.png","datePublished":"2018-01-12T02:00:00+00:00","dateModified":"2024-05-21T09:23:24+00:00","description":"El cine tambi\u00e9n ha contado inolvidables historias sobre dos ruedas y, sin la necesidad siquiera de mirar a producciones legendarias de interminable","breadcrumb":{"@id":"https:\/\/www.boxrepsol.com\/es\/cultura-motera\/madrid-motorcycle-film-festival-la-motocicleta-cine\/#breadcrumb"},"inLanguage":"es","potentialAction":[{"@type":"ReadAction","target":["https:\/\/www.boxrepsol.com\/es\/cultura-motera\/madrid-motorcycle-film-festival-la-motocicleta-cine\/"]}]},{"@type":"ImageObject","inLanguage":"es","@id":"https:\/\/www.boxrepsol.com\/es\/cultura-motera\/madrid-motorcycle-film-festival-la-motocicleta-cine\/#primaryimage","url":"https:\/\/bxrepsol.s3.eu-west-1.amazonaws.com\/static\/2023\/02\/24101346\/madrid-motorcycle.png","contentUrl":"https:\/\/bxrepsol.s3.eu-west-1.amazonaws.com\/static\/2023\/02\/24101346\/madrid-motorcycle.png","width":986,"height":555,"caption":"Moto con maletas"},{"@type":"BreadcrumbList","@id":"https:\/\/www.boxrepsol.com\/es\/cultura-motera\/madrid-motorcycle-film-festival-la-motocicleta-cine\/#breadcrumb","itemListElement":[{"@type":"ListItem","position":1,"name":"Home","item":"https:\/\/www.boxrepsol.com\/es\/"},{"@type":"ListItem","position":2,"name":"Madrid Motorcycle Film Festival: la motocicleta y el cine"}]},{"@type":"WebSite","@id":"https:\/\/www.boxrepsol.com\/es\/#website","url":"https:\/\/www.boxrepsol.com\/es\/","name":"Box Repsol","description":"Box Repsol Site","publisher":{"@id":"https:\/\/www.boxrepsol.com\/es\/#organization"},"potentialAction":[{"@type":"SearchAction","target":{"@type":"EntryPoint","urlTemplate":"https:\/\/www.boxrepsol.com\/es\/?s={search_term_string}"},"query-input":{"@type":"PropertyValueSpecification","valueRequired":true,"valueName":"search_term_string"}}],"inLanguage":"es"},{"@type":"Organization","@id":"https:\/\/www.boxrepsol.com\/es\/#organization","name":"Box Repsol","url":"https:\/\/www.boxrepsol.com\/es\/","logo":{"@type":"ImageObject","inLanguage":"es","@id":"https:\/\/www.boxrepsol.com\/es\/#\/schema\/logo\/image\/","url":"https:\/\/bxrepsol.s3.eu-west-1.amazonaws.com\/static\/2025\/07\/30083337\/favicon-96x96-1.png","contentUrl":"https:\/\/bxrepsol.s3.eu-west-1.amazonaws.com\/static\/2025\/07\/30083337\/favicon-96x96-1.png","width":96,"height":96,"caption":"Box Repsol"},"image":{"@id":"https:\/\/www.boxrepsol.com\/es\/#\/schema\/logo\/image\/"},"sameAs":["https:\/\/www.facebook.com\/BoxRepsol","https:\/\/x.com\/box_repsol","http:\/\/instagram.com\/box_repsol","https:\/\/www.youtube.com\/user\/RepsolCompeticion","https:\/\/www.flickr.com\/photos\/box_repsol\/"]},{"@type":"Person","@id":"https:\/\/www.boxrepsol.com\/es\/#\/schema\/person\/c5c2138f2cca251b0ad92b7086bb60b7","name":"Redacci\u00f3n Box Repsol","image":{"@type":"ImageObject","inLanguage":"es","@id":"https:\/\/secure.gravatar.com\/avatar\/adf7b77e38b4419baf32c7e9c21dde01f4e40df611f0978e3006fc4ba0aaab7e?s=96&d=mm&r=g","url":"https:\/\/secure.gravatar.com\/avatar\/adf7b77e38b4419baf32c7e9c21dde01f4e40df611f0978e3006fc4ba0aaab7e?s=96&d=mm&r=g","contentUrl":"https:\/\/secure.gravatar.com\/avatar\/adf7b77e38b4419baf32c7e9c21dde01f4e40df611f0978e3006fc4ba0aaab7e?s=96&d=mm&r=g","caption":"Redacci\u00f3n Box Repsol"},"description":"Box Repsol lo forma un equipo de periodistas, community managers, dise\u00f1adores y fot\u00f3grafos con m\u00e1s de 20 a\u00f1os de experiencia en el mundo del motorsport. Hemos vivido el primer mundial de un espa\u00f1ol en la categor\u00eda reina de motociclismo con \u00c1lex Crivill\u00e9, estuvimos en las victorias de Pedrosa y los t\u00edtulos de M\u00e1rquez, acompa\u00f1amos en \u00c1frica a Nani Roma y Marc Coma en sus conquistas del Dakar y hemos vibrado con los t\u00edtulos de Toni Bou en Trial. Adem\u00e1s, en nuestro equipo contamos con expertos en el mundo de las dos y cuatro ruedas tanto de la calle y las carreteras, como de los circuitos. Periodistas que han trabajado en revistas y publicaciones para hacerte llegar desde rutas y consejos de mantenimiento, a curiosidades y trucos de pilotaje.","sameAs":["https:\/\/www.facebook.com\/BoxRepsol\/","https:\/\/www.instagram.com\/box_repsol\/","https:\/\/x.com\/https:\/\/twitter.com\/box_repsol","https:\/\/www.youtube.com\/@Boxrepsol"],"url":"https:\/\/www.boxrepsol.com\/es\/author\/redaccion-box-repsol\/"}]}},"_links":{"self":[{"href":"https:\/\/www.boxrepsol.com\/es\/wp-json\/wp\/v2\/posts\/92517","targetHints":{"allow":["GET"]}}],"collection":[{"href":"https:\/\/www.boxrepsol.com\/es\/wp-json\/wp\/v2\/posts"}],"about":[{"href":"https:\/\/www.boxrepsol.com\/es\/wp-json\/wp\/v2\/types\/post"}],"author":[{"embeddable":true,"href":"https:\/\/www.boxrepsol.com\/es\/wp-json\/wp\/v2\/users\/43146"}],"replies":[{"embeddable":true,"href":"https:\/\/www.boxrepsol.com\/es\/wp-json\/wp\/v2\/comments?post=92517"}],"version-history":[{"count":2,"href":"https:\/\/www.boxrepsol.com\/es\/wp-json\/wp\/v2\/posts\/92517\/revisions"}],"predecessor-version":[{"id":113884,"href":"https:\/\/www.boxrepsol.com\/es\/wp-json\/wp\/v2\/posts\/92517\/revisions\/113884"}],"wp:featuredmedia":[{"embeddable":true,"href":"https:\/\/www.boxrepsol.com\/es\/wp-json\/wp\/v2\/media\/92518"}],"wp:attachment":[{"href":"https:\/\/www.boxrepsol.com\/es\/wp-json\/wp\/v2\/media?parent=92517"}],"wp:term":[{"taxonomy":"category","embeddable":true,"href":"https:\/\/www.boxrepsol.com\/es\/wp-json\/wp\/v2\/categories?post=92517"},{"taxonomy":"post_tag","embeddable":true,"href":"https:\/\/www.boxrepsol.com\/es\/wp-json\/wp\/v2\/tags?post=92517"}],"curies":[{"name":"wp","href":"https:\/\/api.w.org\/{rel}","templated":true}]}}