{"id":92513,"date":"2018-01-11T00:00:00","date_gmt":"2018-01-11T02:00:00","guid":{"rendered":"http:\/\/pre.boxrepsol.com\/sin-categorizar\/isidre-esteve-continua-espectacular-remontada\/"},"modified":"2024-05-21T07:23:44","modified_gmt":"2024-05-21T09:23:44","slug":"isidre-esteve-continua-espectacular-remontada","status":"publish","type":"post","link":"https:\/\/www.boxrepsol.com\/es\/rally\/isidre-esteve-continua-espectacular-remontada\/","title":{"rendered":"Isidre Esteve contin\u00faa con su espectacular remontada"},"content":{"rendered":"<blockquote>\n<p>La clave de estas buenas etapas es que hemos encontrado la presi\u00f3n ideal de los neum\u00e1ticos<\/p>\n<p>            <a href=\"http:\/\/twitter.com\/share?text=La+clave+de+estas+buenas+etapas+es+que+hemos+encontrado+la+presi%C3%B3n+ideal+de+los+neum%C3%A1ticos&#038;url=https%3A%2F%2Fwww.boxrepsol.com%2Fes%2F%3Fp%3D16431%2F&#038;hashtags=\" target=\"_blank\" data-datalayer='{\"event\": \"socialInteraction\", \"socialNetwork\": \"Twitter\", \"socialAction\": \"Compartir\", \"socialTarget\": \"Frase\"}' rel=\"noopener\"><br \/>\n            twittear        <\/a><\/p>\n<footer>Isidre Esteve<\/footer>\n<\/blockquote>\n<p>Cada d\u00eda que pasa representa una clara mejora para Isidre Esteve en el Dakar 2018. El piloto del Repsol Rally Team se est\u00e1 adaptando muy bien a las exigencias del recorrido y hoy ha vuelto a recuperar posiciones en la clasificaci\u00f3n provisional. A falta de un d\u00eda para llegar a la etapa de descanso, el ilerdense ya es 26\u00ba en la general y 3\u00ba de la categor\u00eda T1.2 con su prototipo BV6 con los mandos adaptados en el volante.<\/p>\n<p>La quinta etapa ha transcurrido entre San Juan de Marcona y Arequipa, con cerca de un millar de kil\u00f3metros, entre los 660 de enlace y los 268 cronometrados, repartidos en dos sectores. En el primero, Isidre y su copiloto Txema Villalobos han finalizado 38\u00ba, retrasados por una confusi\u00f3n causada por las indicaciones de un helic\u00f3ptero.<\/p>\n<p><em>\u201cNos ha hecho se\u00f1ales desde el aire para que abandon\u00e1semos las dunas. Pens\u00e1bamos que hab\u00eda alg\u00fan peligro y le hemos hecho caso, junto a otro piloto ruso. Cuando nos hemos dado cuenta de que nos hab\u00edamos desviado sin motivo, hemos decidido volver atr\u00e1s para pasar por la ruta correcta y no saltarnos ning\u00fan waypoint\u201d<\/em>, narraba Isidre Esteve desconcertado. El Repsol Rally Team ha comunicado esta extra\u00f1a circunstancia a la organizaci\u00f3n y espera poder recuperar parte de la media hora que calcula haber perdido.<\/p>\n<p>\t\t\t\t<img decoding=\"async\" src=\"https:\/\/bxrepsol.s3.eu-west-1.amazonaws.com\/static\/2022\/08\/05051608\/Dakar18_E5_Isidre_Esteve_1.jpg\" alt=\"Dakar18_E5_Isidre_Esteve_1\" itemprop=\"image\"  \/><\/p>\n<p>Esa at\u00edpica circunstancia les ha obligado a salir retrasados en la segunda parte de la especial y han tenido que adelantar a varios camiones por el camino, con la dificultad y el peligro que ello conlleva. Adem\u00e1s, cuando llevaban completados un centenar de kil\u00f3metros, se han visto atrapados en un paso muy estrecho:\u00a0<em>\u201cNos hemos encontrado volcado el buggy de los hermanos Coronel en un ca\u00f1\u00f3n, lo que ha provocado una caravana de una veintena de veh\u00edculos entre coches y camiones. Habremos estado parados cerca de 20 minutos\u2026 hasta que han logrado retirarlo de all\u00ed\u201d.<\/em><\/p>\n<p>Al margen de estas dos circunstancias ajenas a su pilotaje, Isidre Esteve no ha tenido hoy ning\u00fan problema para completar la especial, en buena parte, gracias un d\u00eda m\u00e1s a la excelente labor de navegaci\u00f3n de su copiloto Txema Villalobos. Entre los dos, han llevado al BV6 preparado por Sodicars Racing hasta la meta, en una destacada 32\u00aa plaza, tras 5 horas de carrera. En la general, escalan hasta el 26\u00ba lugar provisional y el 3\u00ba de su categor\u00eda T1.2 (todoterreno 4&#215;4 diesel modificado), con un tiempo acumulado de 23 horas, 23 minutos y 7 segundos.<\/p>\n<p>Al final de la jornada, Isidre Esteve desvelaba uno de los principales secretos de su buen papel en estas etapas tan complicadas en Per\u00fa:\u00a0<em>\u201cLa clave de estos buenos resultados es que hemos encontrado la presi\u00f3n ideal de los neum\u00e1ticos para rodar tanto en las dunas blandas como en las pistas de piedra: por debajo de un bar. Esto nos ahorra tener que detenernos a inflar o desinflar las ruedas y, de esta forma, ganamos mucho tiempo. Doy las gracias a BFGoodrich por ofrecernos el mejor material\u201d.<\/em><\/p>\n<p>Este jueves, el Dakar 2018 celebrar\u00e1 la sexta etapa, antesala de la tan esperada jornada de descanso. Los participantes abandonar\u00e1n Per\u00fa para entrar en Bolivia, con otro maratoniano recorrido de m\u00e1s de 700 kil\u00f3metros (313 de especial) que acabar\u00e1 en La Paz.\u00a0<em>\u201cEl objetivo es mantener las buenas sensaciones de estos \u00faltimos dos d\u00edas y llegar a la etapa de descanso con el coche lo m\u00e1s entero posible\u201d<\/em>, reconoce Isidre Esteve.<\/p>\n","protected":false},"excerpt":{"rendered":"<p>El piloto del Repsol Rally Team finaliza 32\u00ba hoy y ya es 26\u00ba de la general y 3\u00ba de su categor\u00eda T1.2.<\/p>\n","protected":false},"author":43146,"featured_media":87341,"comment_status":"open","ping_status":"open","sticky":false,"template":"","format":"standard","meta":{"footnotes":""},"categories":[27],"tags":[29],"class_list":["post-92513","post","type-post","status-publish","format-standard","hentry","category-rally","tag-isidre-esteve"],"yoast_head":"<!-- This site is optimized with the Yoast SEO plugin v27.3 - https:\/\/yoast.com\/product\/yoast-seo-wordpress\/ -->\n<title>Isidre Esteve contin\u00faa con su espectacular remontada - Box Repsol<\/title>\n<meta name=\"description\" content=\"El piloto del Repsol Rally Team finaliza 32\u00ba hoy y ya es 26\u00ba de la general y 3\u00ba de su categor\u00eda T1.2.\" \/>\n<link rel=\"canonical\" href=\"https:\/\/www.boxrepsol.com\/es\/rally\/isidre-esteve-continua-espectacular-remontada\/\" \/>\n<meta property=\"og:locale\" content=\"es_ES\" \/>\n<meta property=\"og:type\" content=\"article\" \/>\n<meta property=\"og:title\" content=\"Isidre Esteve contin\u00faa con su espectacular remontada - Box Repsol\" \/>\n<meta property=\"og:description\" content=\"El piloto del Repsol Rally Team finaliza 32\u00ba hoy y ya es 26\u00ba de la general y 3\u00ba de su categor\u00eda T1.2.\" \/>\n<meta property=\"og:url\" content=\"https:\/\/www.boxrepsol.com\/es\/rally\/isidre-esteve-continua-espectacular-remontada\/\" \/>\n<meta property=\"og:site_name\" content=\"Box Repsol\" \/>\n<meta property=\"article:publisher\" content=\"https:\/\/www.facebook.com\/BoxRepsol\" \/>\n<meta property=\"article:author\" content=\"https:\/\/www.facebook.com\/BoxRepsol\/\" \/>\n<meta property=\"article:published_time\" content=\"2018-01-11T02:00:00+00:00\" \/>\n<meta property=\"article:modified_time\" content=\"2024-05-21T09:23:44+00:00\" \/>\n<meta property=\"og:image\" content=\"https:\/\/www.boxrepsol.com\/wp-content\/uploads\/2022\/08\/00_isidre_esteve_repsol_rally_team_dakar_20181.jpg\" \/>\n\t<meta property=\"og:image:width\" content=\"995\" \/>\n\t<meta property=\"og:image:height\" content=\"560\" \/>\n\t<meta property=\"og:image:type\" content=\"image\/jpeg\" \/>\n<meta name=\"author\" content=\"Redacci\u00f3n Box Repsol\" \/>\n<meta name=\"twitter:card\" content=\"summary_large_image\" \/>\n<meta name=\"twitter:creator\" content=\"@https:\/\/twitter.com\/box_repsol\" \/>\n<meta name=\"twitter:site\" content=\"@box_repsol\" \/>\n<meta name=\"twitter:label1\" content=\"Written by\" \/>\n\t<meta name=\"twitter:data1\" content=\"Redacci\u00f3n Box Repsol\" \/>\n\t<meta name=\"twitter:label2\" content=\"Est. reading time\" \/>\n\t<meta name=\"twitter:data2\" content=\"3 minutos\" \/>\n<script type=\"application\/ld+json\" class=\"yoast-schema-graph\">{\"@context\":\"https:\\\/\\\/schema.org\",\"@graph\":[{\"@type\":\"Article\",\"@id\":\"https:\\\/\\\/www.boxrepsol.com\\\/es\\\/rally\\\/isidre-esteve-continua-espectacular-remontada\\\/#article\",\"isPartOf\":{\"@id\":\"https:\\\/\\\/www.boxrepsol.com\\\/es\\\/rally\\\/isidre-esteve-continua-espectacular-remontada\\\/\"},\"author\":{\"name\":\"Redacci\u00f3n Box Repsol\",\"@id\":\"https:\\\/\\\/www.boxrepsol.com\\\/es\\\/#\\\/schema\\\/person\\\/c5c2138f2cca251b0ad92b7086bb60b7\"},\"headline\":\"Isidre Esteve contin\u00faa con su espectacular remontada\",\"datePublished\":\"2018-01-11T02:00:00+00:00\",\"dateModified\":\"2024-05-21T09:23:44+00:00\",\"mainEntityOfPage\":{\"@id\":\"https:\\\/\\\/www.boxrepsol.com\\\/es\\\/rally\\\/isidre-esteve-continua-espectacular-remontada\\\/\"},\"wordCount\":612,\"commentCount\":0,\"publisher\":{\"@id\":\"https:\\\/\\\/www.boxrepsol.com\\\/es\\\/#organization\"},\"image\":{\"@id\":\"https:\\\/\\\/www.boxrepsol.com\\\/es\\\/rally\\\/isidre-esteve-continua-espectacular-remontada\\\/#primaryimage\"},\"thumbnailUrl\":\"https:\\\/\\\/www.boxrepsol.com\\\/wp-content\\\/uploads\\\/2022\\\/08\\\/00_isidre_esteve_repsol_rally_team_dakar_20181.jpg\",\"keywords\":[\"Isidre Esteve\"],\"articleSection\":[\"Rally\"],\"inLanguage\":\"es\",\"potentialAction\":[{\"@type\":\"CommentAction\",\"name\":\"Comment\",\"target\":[\"https:\\\/\\\/www.boxrepsol.com\\\/es\\\/rally\\\/isidre-esteve-continua-espectacular-remontada\\\/#respond\"]}]},{\"@type\":\"WebPage\",\"@id\":\"https:\\\/\\\/www.boxrepsol.com\\\/es\\\/rally\\\/isidre-esteve-continua-espectacular-remontada\\\/\",\"url\":\"https:\\\/\\\/www.boxrepsol.com\\\/es\\\/rally\\\/isidre-esteve-continua-espectacular-remontada\\\/\",\"name\":\"Isidre Esteve contin\u00faa con su espectacular remontada - Box Repsol\",\"isPartOf\":{\"@id\":\"https:\\\/\\\/www.boxrepsol.com\\\/es\\\/#website\"},\"primaryImageOfPage\":{\"@id\":\"https:\\\/\\\/www.boxrepsol.com\\\/es\\\/rally\\\/isidre-esteve-continua-espectacular-remontada\\\/#primaryimage\"},\"image\":{\"@id\":\"https:\\\/\\\/www.boxrepsol.com\\\/es\\\/rally\\\/isidre-esteve-continua-espectacular-remontada\\\/#primaryimage\"},\"thumbnailUrl\":\"https:\\\/\\\/www.boxrepsol.com\\\/wp-content\\\/uploads\\\/2022\\\/08\\\/00_isidre_esteve_repsol_rally_team_dakar_20181.jpg\",\"datePublished\":\"2018-01-11T02:00:00+00:00\",\"dateModified\":\"2024-05-21T09:23:44+00:00\",\"description\":\"El piloto del Repsol Rally Team finaliza 32\u00ba hoy y ya es 26\u00ba de la general y 3\u00ba de su categor\u00eda T1.2.\",\"breadcrumb\":{\"@id\":\"https:\\\/\\\/www.boxrepsol.com\\\/es\\\/rally\\\/isidre-esteve-continua-espectacular-remontada\\\/#breadcrumb\"},\"inLanguage\":\"es\",\"potentialAction\":[{\"@type\":\"ReadAction\",\"target\":[\"https:\\\/\\\/www.boxrepsol.com\\\/es\\\/rally\\\/isidre-esteve-continua-espectacular-remontada\\\/\"]}]},{\"@type\":\"ImageObject\",\"inLanguage\":\"es\",\"@id\":\"https:\\\/\\\/www.boxrepsol.com\\\/es\\\/rally\\\/isidre-esteve-continua-espectacular-remontada\\\/#primaryimage\",\"url\":\"https:\\\/\\\/www.boxrepsol.com\\\/wp-content\\\/uploads\\\/2022\\\/08\\\/00_isidre_esteve_repsol_rally_team_dakar_20181.jpg\",\"contentUrl\":\"https:\\\/\\\/www.boxrepsol.com\\\/wp-content\\\/uploads\\\/2022\\\/08\\\/00_isidre_esteve_repsol_rally_team_dakar_20181.jpg\",\"width\":995,\"height\":560,\"caption\":\"Isidre Esteve zona con dunas Dakar 2018\"},{\"@type\":\"BreadcrumbList\",\"@id\":\"https:\\\/\\\/www.boxrepsol.com\\\/es\\\/rally\\\/isidre-esteve-continua-espectacular-remontada\\\/#breadcrumb\",\"itemListElement\":[{\"@type\":\"ListItem\",\"position\":1,\"name\":\"Home\",\"item\":\"https:\\\/\\\/www.boxrepsol.com\\\/es\\\/\"},{\"@type\":\"ListItem\",\"position\":2,\"name\":\"Isidre Esteve contin\u00faa con su espectacular remontada\"}]},{\"@type\":\"WebSite\",\"@id\":\"https:\\\/\\\/www.boxrepsol.com\\\/es\\\/#website\",\"url\":\"https:\\\/\\\/www.boxrepsol.com\\\/es\\\/\",\"name\":\"Box Repsol\",\"description\":\"Box Repsol Site\",\"publisher\":{\"@id\":\"https:\\\/\\\/www.boxrepsol.com\\\/es\\\/#organization\"},\"potentialAction\":[{\"@type\":\"SearchAction\",\"target\":{\"@type\":\"EntryPoint\",\"urlTemplate\":\"https:\\\/\\\/www.boxrepsol.com\\\/es\\\/?s={search_term_string}\"},\"query-input\":{\"@type\":\"PropertyValueSpecification\",\"valueRequired\":true,\"valueName\":\"search_term_string\"}}],\"inLanguage\":\"es\"},{\"@type\":\"Organization\",\"@id\":\"https:\\\/\\\/www.boxrepsol.com\\\/es\\\/#organization\",\"name\":\"Box Repsol\",\"url\":\"https:\\\/\\\/www.boxrepsol.com\\\/es\\\/\",\"logo\":{\"@type\":\"ImageObject\",\"inLanguage\":\"es\",\"@id\":\"https:\\\/\\\/www.boxrepsol.com\\\/es\\\/#\\\/schema\\\/logo\\\/image\\\/\",\"url\":\"https:\\\/\\\/bxrepsol.s3.eu-west-1.amazonaws.com\\\/static\\\/2025\\\/07\\\/30083337\\\/favicon-96x96-1.png\",\"contentUrl\":\"https:\\\/\\\/bxrepsol.s3.eu-west-1.amazonaws.com\\\/static\\\/2025\\\/07\\\/30083337\\\/favicon-96x96-1.png\",\"width\":96,\"height\":96,\"caption\":\"Box Repsol\"},\"image\":{\"@id\":\"https:\\\/\\\/www.boxrepsol.com\\\/es\\\/#\\\/schema\\\/logo\\\/image\\\/\"},\"sameAs\":[\"https:\\\/\\\/www.facebook.com\\\/BoxRepsol\",\"https:\\\/\\\/x.com\\\/box_repsol\",\"http:\\\/\\\/instagram.com\\\/box_repsol\",\"https:\\\/\\\/www.youtube.com\\\/user\\\/RepsolCompeticion\",\"https:\\\/\\\/www.flickr.com\\\/photos\\\/box_repsol\\\/\"]},{\"@type\":\"Person\",\"@id\":\"https:\\\/\\\/www.boxrepsol.com\\\/es\\\/#\\\/schema\\\/person\\\/c5c2138f2cca251b0ad92b7086bb60b7\",\"name\":\"Redacci\u00f3n Box Repsol\",\"image\":{\"@type\":\"ImageObject\",\"inLanguage\":\"es\",\"@id\":\"https:\\\/\\\/secure.gravatar.com\\\/avatar\\\/adf7b77e38b4419baf32c7e9c21dde01f4e40df611f0978e3006fc4ba0aaab7e?s=96&d=mm&r=g\",\"url\":\"https:\\\/\\\/secure.gravatar.com\\\/avatar\\\/adf7b77e38b4419baf32c7e9c21dde01f4e40df611f0978e3006fc4ba0aaab7e?s=96&d=mm&r=g\",\"contentUrl\":\"https:\\\/\\\/secure.gravatar.com\\\/avatar\\\/adf7b77e38b4419baf32c7e9c21dde01f4e40df611f0978e3006fc4ba0aaab7e?s=96&d=mm&r=g\",\"caption\":\"Redacci\u00f3n Box Repsol\"},\"description\":\"Box Repsol lo forma un equipo de periodistas, community managers, dise\u00f1adores y fot\u00f3grafos con m\u00e1s de 20 a\u00f1os de experiencia en el mundo del motorsport. Hemos vivido el primer mundial de un espa\u00f1ol en la categor\u00eda reina de motociclismo con \u00c1lex Crivill\u00e9, estuvimos en las victorias de Pedrosa y los t\u00edtulos de M\u00e1rquez, acompa\u00f1amos en \u00c1frica a Nani Roma y Marc Coma en sus conquistas del Dakar y hemos vibrado con los t\u00edtulos de Toni Bou en Trial. Adem\u00e1s, en nuestro equipo contamos con expertos en el mundo de las dos y cuatro ruedas tanto de la calle y las carreteras, como de los circuitos. Periodistas que han trabajado en revistas y publicaciones para hacerte llegar desde rutas y consejos de mantenimiento, a curiosidades y trucos de pilotaje.\",\"sameAs\":[\"https:\\\/\\\/www.facebook.com\\\/BoxRepsol\\\/\",\"https:\\\/\\\/www.instagram.com\\\/box_repsol\\\/\",\"https:\\\/\\\/x.com\\\/https:\\\/\\\/twitter.com\\\/box_repsol\",\"https:\\\/\\\/www.youtube.com\\\/@Boxrepsol\"],\"url\":\"https:\\\/\\\/www.boxrepsol.com\\\/es\\\/author\\\/redaccion-box-repsol\\\/\"}]}<\/script>\n<!-- \/ Yoast SEO plugin. -->","yoast_head_json":{"title":"Isidre Esteve contin\u00faa con su espectacular remontada - Box Repsol","description":"El piloto del Repsol Rally Team finaliza 32\u00ba hoy y ya es 26\u00ba de la general y 3\u00ba de su categor\u00eda T1.2.","canonical":"https:\/\/www.boxrepsol.com\/es\/rally\/isidre-esteve-continua-espectacular-remontada\/","og_locale":"es_ES","og_type":"article","og_title":"Isidre Esteve contin\u00faa con su espectacular remontada - Box Repsol","og_description":"El piloto del Repsol Rally Team finaliza 32\u00ba hoy y ya es 26\u00ba de la general y 3\u00ba de su categor\u00eda T1.2.","og_url":"https:\/\/www.boxrepsol.com\/es\/rally\/isidre-esteve-continua-espectacular-remontada\/","og_site_name":"Box Repsol","article_publisher":"https:\/\/www.facebook.com\/BoxRepsol","article_author":"https:\/\/www.facebook.com\/BoxRepsol\/","article_published_time":"2018-01-11T02:00:00+00:00","article_modified_time":"2024-05-21T09:23:44+00:00","og_image":[{"width":995,"height":560,"url":"https:\/\/www.boxrepsol.com\/wp-content\/uploads\/2022\/08\/00_isidre_esteve_repsol_rally_team_dakar_20181.jpg","type":"image\/jpeg"}],"author":"Redacci\u00f3n Box Repsol","twitter_card":"summary_large_image","twitter_creator":"@https:\/\/twitter.com\/box_repsol","twitter_site":"@box_repsol","twitter_misc":{"Written by":"Redacci\u00f3n Box Repsol","Est. reading time":"3 minutos"},"schema":{"@context":"https:\/\/schema.org","@graph":[{"@type":"Article","@id":"https:\/\/www.boxrepsol.com\/es\/rally\/isidre-esteve-continua-espectacular-remontada\/#article","isPartOf":{"@id":"https:\/\/www.boxrepsol.com\/es\/rally\/isidre-esteve-continua-espectacular-remontada\/"},"author":{"name":"Redacci\u00f3n Box Repsol","@id":"https:\/\/www.boxrepsol.com\/es\/#\/schema\/person\/c5c2138f2cca251b0ad92b7086bb60b7"},"headline":"Isidre Esteve contin\u00faa con su espectacular remontada","datePublished":"2018-01-11T02:00:00+00:00","dateModified":"2024-05-21T09:23:44+00:00","mainEntityOfPage":{"@id":"https:\/\/www.boxrepsol.com\/es\/rally\/isidre-esteve-continua-espectacular-remontada\/"},"wordCount":612,"commentCount":0,"publisher":{"@id":"https:\/\/www.boxrepsol.com\/es\/#organization"},"image":{"@id":"https:\/\/www.boxrepsol.com\/es\/rally\/isidre-esteve-continua-espectacular-remontada\/#primaryimage"},"thumbnailUrl":"https:\/\/www.boxrepsol.com\/wp-content\/uploads\/2022\/08\/00_isidre_esteve_repsol_rally_team_dakar_20181.jpg","keywords":["Isidre Esteve"],"articleSection":["Rally"],"inLanguage":"es","potentialAction":[{"@type":"CommentAction","name":"Comment","target":["https:\/\/www.boxrepsol.com\/es\/rally\/isidre-esteve-continua-espectacular-remontada\/#respond"]}]},{"@type":"WebPage","@id":"https:\/\/www.boxrepsol.com\/es\/rally\/isidre-esteve-continua-espectacular-remontada\/","url":"https:\/\/www.boxrepsol.com\/es\/rally\/isidre-esteve-continua-espectacular-remontada\/","name":"Isidre Esteve contin\u00faa con su espectacular remontada - Box Repsol","isPartOf":{"@id":"https:\/\/www.boxrepsol.com\/es\/#website"},"primaryImageOfPage":{"@id":"https:\/\/www.boxrepsol.com\/es\/rally\/isidre-esteve-continua-espectacular-remontada\/#primaryimage"},"image":{"@id":"https:\/\/www.boxrepsol.com\/es\/rally\/isidre-esteve-continua-espectacular-remontada\/#primaryimage"},"thumbnailUrl":"https:\/\/www.boxrepsol.com\/wp-content\/uploads\/2022\/08\/00_isidre_esteve_repsol_rally_team_dakar_20181.jpg","datePublished":"2018-01-11T02:00:00+00:00","dateModified":"2024-05-21T09:23:44+00:00","description":"El piloto del Repsol Rally Team finaliza 32\u00ba hoy y ya es 26\u00ba de la general y 3\u00ba de su categor\u00eda T1.2.","breadcrumb":{"@id":"https:\/\/www.boxrepsol.com\/es\/rally\/isidre-esteve-continua-espectacular-remontada\/#breadcrumb"},"inLanguage":"es","potentialAction":[{"@type":"ReadAction","target":["https:\/\/www.boxrepsol.com\/es\/rally\/isidre-esteve-continua-espectacular-remontada\/"]}]},{"@type":"ImageObject","inLanguage":"es","@id":"https:\/\/www.boxrepsol.com\/es\/rally\/isidre-esteve-continua-espectacular-remontada\/#primaryimage","url":"https:\/\/www.boxrepsol.com\/wp-content\/uploads\/2022\/08\/00_isidre_esteve_repsol_rally_team_dakar_20181.jpg","contentUrl":"https:\/\/www.boxrepsol.com\/wp-content\/uploads\/2022\/08\/00_isidre_esteve_repsol_rally_team_dakar_20181.jpg","width":995,"height":560,"caption":"Isidre Esteve zona con dunas Dakar 2018"},{"@type":"BreadcrumbList","@id":"https:\/\/www.boxrepsol.com\/es\/rally\/isidre-esteve-continua-espectacular-remontada\/#breadcrumb","itemListElement":[{"@type":"ListItem","position":1,"name":"Home","item":"https:\/\/www.boxrepsol.com\/es\/"},{"@type":"ListItem","position":2,"name":"Isidre Esteve contin\u00faa con su espectacular remontada"}]},{"@type":"WebSite","@id":"https:\/\/www.boxrepsol.com\/es\/#website","url":"https:\/\/www.boxrepsol.com\/es\/","name":"Box Repsol","description":"Box Repsol Site","publisher":{"@id":"https:\/\/www.boxrepsol.com\/es\/#organization"},"potentialAction":[{"@type":"SearchAction","target":{"@type":"EntryPoint","urlTemplate":"https:\/\/www.boxrepsol.com\/es\/?s={search_term_string}"},"query-input":{"@type":"PropertyValueSpecification","valueRequired":true,"valueName":"search_term_string"}}],"inLanguage":"es"},{"@type":"Organization","@id":"https:\/\/www.boxrepsol.com\/es\/#organization","name":"Box Repsol","url":"https:\/\/www.boxrepsol.com\/es\/","logo":{"@type":"ImageObject","inLanguage":"es","@id":"https:\/\/www.boxrepsol.com\/es\/#\/schema\/logo\/image\/","url":"https:\/\/bxrepsol.s3.eu-west-1.amazonaws.com\/static\/2025\/07\/30083337\/favicon-96x96-1.png","contentUrl":"https:\/\/bxrepsol.s3.eu-west-1.amazonaws.com\/static\/2025\/07\/30083337\/favicon-96x96-1.png","width":96,"height":96,"caption":"Box Repsol"},"image":{"@id":"https:\/\/www.boxrepsol.com\/es\/#\/schema\/logo\/image\/"},"sameAs":["https:\/\/www.facebook.com\/BoxRepsol","https:\/\/x.com\/box_repsol","http:\/\/instagram.com\/box_repsol","https:\/\/www.youtube.com\/user\/RepsolCompeticion","https:\/\/www.flickr.com\/photos\/box_repsol\/"]},{"@type":"Person","@id":"https:\/\/www.boxrepsol.com\/es\/#\/schema\/person\/c5c2138f2cca251b0ad92b7086bb60b7","name":"Redacci\u00f3n Box Repsol","image":{"@type":"ImageObject","inLanguage":"es","@id":"https:\/\/secure.gravatar.com\/avatar\/adf7b77e38b4419baf32c7e9c21dde01f4e40df611f0978e3006fc4ba0aaab7e?s=96&d=mm&r=g","url":"https:\/\/secure.gravatar.com\/avatar\/adf7b77e38b4419baf32c7e9c21dde01f4e40df611f0978e3006fc4ba0aaab7e?s=96&d=mm&r=g","contentUrl":"https:\/\/secure.gravatar.com\/avatar\/adf7b77e38b4419baf32c7e9c21dde01f4e40df611f0978e3006fc4ba0aaab7e?s=96&d=mm&r=g","caption":"Redacci\u00f3n Box Repsol"},"description":"Box Repsol lo forma un equipo de periodistas, community managers, dise\u00f1adores y fot\u00f3grafos con m\u00e1s de 20 a\u00f1os de experiencia en el mundo del motorsport. Hemos vivido el primer mundial de un espa\u00f1ol en la categor\u00eda reina de motociclismo con \u00c1lex Crivill\u00e9, estuvimos en las victorias de Pedrosa y los t\u00edtulos de M\u00e1rquez, acompa\u00f1amos en \u00c1frica a Nani Roma y Marc Coma en sus conquistas del Dakar y hemos vibrado con los t\u00edtulos de Toni Bou en Trial. Adem\u00e1s, en nuestro equipo contamos con expertos en el mundo de las dos y cuatro ruedas tanto de la calle y las carreteras, como de los circuitos. Periodistas que han trabajado en revistas y publicaciones para hacerte llegar desde rutas y consejos de mantenimiento, a curiosidades y trucos de pilotaje.","sameAs":["https:\/\/www.facebook.com\/BoxRepsol\/","https:\/\/www.instagram.com\/box_repsol\/","https:\/\/x.com\/https:\/\/twitter.com\/box_repsol","https:\/\/www.youtube.com\/@Boxrepsol"],"url":"https:\/\/www.boxrepsol.com\/es\/author\/redaccion-box-repsol\/"}]}},"_links":{"self":[{"href":"https:\/\/www.boxrepsol.com\/es\/wp-json\/wp\/v2\/posts\/92513","targetHints":{"allow":["GET"]}}],"collection":[{"href":"https:\/\/www.boxrepsol.com\/es\/wp-json\/wp\/v2\/posts"}],"about":[{"href":"https:\/\/www.boxrepsol.com\/es\/wp-json\/wp\/v2\/types\/post"}],"author":[{"embeddable":true,"href":"https:\/\/www.boxrepsol.com\/es\/wp-json\/wp\/v2\/users\/43146"}],"replies":[{"embeddable":true,"href":"https:\/\/www.boxrepsol.com\/es\/wp-json\/wp\/v2\/comments?post=92513"}],"version-history":[{"count":1,"href":"https:\/\/www.boxrepsol.com\/es\/wp-json\/wp\/v2\/posts\/92513\/revisions"}],"predecessor-version":[{"id":92514,"href":"https:\/\/www.boxrepsol.com\/es\/wp-json\/wp\/v2\/posts\/92513\/revisions\/92514"}],"wp:featuredmedia":[{"embeddable":true,"href":"https:\/\/www.boxrepsol.com\/es\/wp-json\/wp\/v2\/media\/87341"}],"wp:attachment":[{"href":"https:\/\/www.boxrepsol.com\/es\/wp-json\/wp\/v2\/media?parent=92513"}],"wp:term":[{"taxonomy":"category","embeddable":true,"href":"https:\/\/www.boxrepsol.com\/es\/wp-json\/wp\/v2\/categories?post=92513"},{"taxonomy":"post_tag","embeddable":true,"href":"https:\/\/www.boxrepsol.com\/es\/wp-json\/wp\/v2\/tags?post=92513"}],"curies":[{"name":"wp","href":"https:\/\/api.w.org\/{rel}","templated":true}]}}