{"id":92504,"date":"2018-01-10T00:00:00","date_gmt":"2018-01-10T02:00:00","guid":{"rendered":"http:\/\/pre.boxrepsol.com\/sin-categorizar\/isidre-esteve-supera-una-etapa-brutal-escala-top-30\/"},"modified":"2024-05-21T07:08:07","modified_gmt":"2024-05-21T09:08:07","slug":"isidre-esteve-supera-una-etapa-brutal-escala-top-30","status":"publish","type":"post","link":"https:\/\/www.boxrepsol.com\/es\/rally\/isidre-esteve-supera-una-etapa-brutal-escala-top-30\/","title":{"rendered":"Isidre Esteve supera una etapa \u201cbrutal\u201d y escala hasta el top 30"},"content":{"rendered":"<blockquote>\n<p>\u00cdbamos muy bien hasta que pinchamos una rueda y desllantamos otras tres. Nos quedamos sin recambios y suerte de Balocci, que nos prest\u00f3 una para llegar hasta meta<\/p>\n<p>            <a href=\"http:\/\/twitter.com\/share?text=%C3%8Dbamos+muy+bien+hasta+que+pinchamos+una+rueda+y+desllantamos+otras+tres.+Nos+quedamos+sin+recambios+y+suerte+de+Balocci%2C+que+nos+prest%C3%B3+una+para+llegar+hasta+meta&#038;url=https%3A%2F%2Fwww.boxrepsol.com%2Fes%2F%3Fp%3D16397%2F&#038;hashtags=\" target=\"_blank\" data-datalayer='{\"event\": \"socialInteraction\", \"socialNetwork\": \"Twitter\", \"socialAction\": \"Compartir\", \"socialTarget\": \"Frase\"}' rel=\"noopener\"><br \/>\n            twittear        <\/a><\/p>\n<footer>Isidre Esteve<\/footer>\n<\/blockquote>\n<p>Isidre Esteve contin\u00faa progresando en el Dakar 2018. El piloto del Repsol Rally Team ha sorteado todo tipo de contratiempos a lo largo de una dur\u00edsima etapa que ha finalizado en 34\u00ba puesto absoluto y 4\u00ba de T1.S con su BV6 con los mandos adaptados al volante.\u00a0<em>\u201cHa sido una jornada brutal pero fant\u00e1stica\u201d<\/em>, resum\u00eda el ilerdense.<\/p>\n<p>Isidre Esteve ha rodado a muy buen ritmo durante toda la especial. Al paso por el CP2, el de Oliana figuraba en 27\u00ba lugar. Sin embargo, ha encadenado un pinchazo y tres ruedas desllantadas en los \u00faltimos kil\u00f3metros que le han hecho perder varias posiciones.<\/p>\n<p><em>\u201c\u00cdbamos a muy buen ritmo, hasta que hemos pinchado una rueda. Poco despu\u00e9s hemos desllantado otras tres, a tener que bajar mucho la presi\u00f3n para no quedar encallados en las dunas blandas de esta zona. Nos hemos quedado sin recambio y suerte que el compa\u00f1ero de Sodicars Racing, Francis Balocci, se ha parado y nos ha dejado un neum\u00e1tico. L\u00e1stima que luego \u00e9l se haya quedado atascado y no hayamos podido devolverle el favor\u201d<\/em>, lamentaba el piloto de Repsol y Onyx Seguros.<\/p>\n<p>\t\t\t\t<img decoding=\"async\" src=\"https:\/\/bxrepsol.s3.eu-west-1.amazonaws.com\/static\/2022\/08\/05051557\/Dakar18_E4_Isidre_Esteve_1.jpg\" alt=\"Dakar18_E4_Isidre_Esteve_1\" itemprop=\"image\"  \/><\/p>\n<p>A pesar de los inesperados contratiempos, Isidre Esteve destacaba un d\u00eda m\u00e1s el buen comportamiento de su Mitsubishi Montero:\u00a0<em>\u201cEl coche ha funcionado perfecto en una etapa brutal, con salida en la playa en grupo, pista dura, dunas incre\u00edbles\u2026 fant\u00e1stica. La navegaci\u00f3n era muy complicada pero mi copiloto Txema Villalobos ha vuelto a estar impecable un d\u00eda m\u00e1s\u201d.<\/em><\/p>\n<p>Tras darse este martes una aut\u00e9ntica paliza de 7 horas y 15 minutos, el Repsol Rally Team ha logrado escalar hasta la 30\u00aa plaza provisional de la general de coches y la 4\u00aa de su categor\u00eda T1.2 (todoterreno 4&#215;4 diesel modificado), con un tiempo total acumulado de 18h 22:08.<\/p>\n<p>Ma\u00f1ana mi\u00e9rcoles, le aguarda una maratoniana etapa entre San Juan de Marcona y Arequipa. Los coches deber\u00e1n completar casi un millar de kil\u00f3metros, entre los 660 de enlace y los 268 cronometrados.\u00a0<em>\u201cSer\u00e1 otra jornada exigente, con las \u00faltimas dunas de Per\u00fa que seguro volver\u00e1n a dar muchos problemas\u201d<\/em>, pronostica Isidre Esteve.<\/p>\n","protected":false},"excerpt":{"rendered":"<p>El piloto del Repsol Rally Team salda otra dif\u00edcil jornada en 34\u00ba lugar absoluto y 4\u00ba de su categor\u00eda T1.S.<\/p>\n","protected":false},"author":43146,"featured_media":87337,"comment_status":"open","ping_status":"open","sticky":false,"template":"","format":"standard","meta":{"footnotes":""},"categories":[27],"tags":[29],"class_list":["post-92504","post","type-post","status-publish","format-standard","hentry","category-rally","tag-isidre-esteve"],"yoast_head":"<!-- This site is optimized with the Yoast SEO plugin v27.3 - https:\/\/yoast.com\/product\/yoast-seo-wordpress\/ -->\n<title>Isidre Esteve supera una etapa \u201cbrutal\u201d y escala hasta el top 30 - Box Repsol<\/title>\n<meta name=\"description\" content=\"El piloto del Repsol Rally Team salda otra dif\u00edcil jornada en 34\u00ba lugar absoluto y 4\u00ba de su categor\u00eda T1.S.\" \/>\n<link rel=\"canonical\" href=\"https:\/\/www.boxrepsol.com\/es\/rally\/isidre-esteve-supera-una-etapa-brutal-escala-top-30\/\" \/>\n<meta property=\"og:locale\" content=\"es_ES\" \/>\n<meta property=\"og:type\" content=\"article\" \/>\n<meta property=\"og:title\" content=\"Isidre Esteve supera una etapa \u201cbrutal\u201d y escala hasta el top 30 - Box Repsol\" \/>\n<meta property=\"og:description\" content=\"El piloto del Repsol Rally Team salda otra dif\u00edcil jornada en 34\u00ba lugar absoluto y 4\u00ba de su categor\u00eda T1.S.\" \/>\n<meta property=\"og:url\" content=\"https:\/\/www.boxrepsol.com\/es\/rally\/isidre-esteve-supera-una-etapa-brutal-escala-top-30\/\" \/>\n<meta property=\"og:site_name\" content=\"Box Repsol\" \/>\n<meta property=\"article:publisher\" content=\"https:\/\/www.facebook.com\/BoxRepsol\" \/>\n<meta property=\"article:author\" content=\"https:\/\/www.facebook.com\/BoxRepsol\/\" \/>\n<meta property=\"article:published_time\" content=\"2018-01-10T02:00:00+00:00\" \/>\n<meta property=\"article:modified_time\" content=\"2024-05-21T09:08:07+00:00\" \/>\n<meta property=\"og:image\" content=\"https:\/\/www.boxrepsol.com\/wp-content\/uploads\/2022\/08\/00_repsol_rally_team_isidre_esteve_dakar_2018.jpg\" \/>\n\t<meta property=\"og:image:width\" content=\"995\" \/>\n\t<meta property=\"og:image:height\" content=\"560\" \/>\n\t<meta property=\"og:image:type\" content=\"image\/jpeg\" \/>\n<meta name=\"author\" content=\"Redacci\u00f3n Box Repsol\" \/>\n<meta name=\"twitter:card\" content=\"summary_large_image\" \/>\n<meta name=\"twitter:creator\" content=\"@https:\/\/twitter.com\/box_repsol\" \/>\n<meta name=\"twitter:site\" content=\"@box_repsol\" \/>\n<meta name=\"twitter:label1\" content=\"Written by\" \/>\n\t<meta name=\"twitter:data1\" content=\"Redacci\u00f3n Box Repsol\" \/>\n\t<meta name=\"twitter:label2\" content=\"Est. reading time\" \/>\n\t<meta name=\"twitter:data2\" content=\"2 minutos\" \/>\n<script type=\"application\/ld+json\" class=\"yoast-schema-graph\">{\"@context\":\"https:\\\/\\\/schema.org\",\"@graph\":[{\"@type\":\"Article\",\"@id\":\"https:\\\/\\\/www.boxrepsol.com\\\/es\\\/rally\\\/isidre-esteve-supera-una-etapa-brutal-escala-top-30\\\/#article\",\"isPartOf\":{\"@id\":\"https:\\\/\\\/www.boxrepsol.com\\\/es\\\/rally\\\/isidre-esteve-supera-una-etapa-brutal-escala-top-30\\\/\"},\"author\":{\"name\":\"Redacci\u00f3n Box Repsol\",\"@id\":\"https:\\\/\\\/www.boxrepsol.com\\\/es\\\/#\\\/schema\\\/person\\\/c5c2138f2cca251b0ad92b7086bb60b7\"},\"headline\":\"Isidre Esteve supera una etapa \u201cbrutal\u201d y escala hasta el top 30\",\"datePublished\":\"2018-01-10T02:00:00+00:00\",\"dateModified\":\"2024-05-21T09:08:07+00:00\",\"mainEntityOfPage\":{\"@id\":\"https:\\\/\\\/www.boxrepsol.com\\\/es\\\/rally\\\/isidre-esteve-supera-una-etapa-brutal-escala-top-30\\\/\"},\"wordCount\":399,\"commentCount\":0,\"publisher\":{\"@id\":\"https:\\\/\\\/www.boxrepsol.com\\\/es\\\/#organization\"},\"image\":{\"@id\":\"https:\\\/\\\/www.boxrepsol.com\\\/es\\\/rally\\\/isidre-esteve-supera-una-etapa-brutal-escala-top-30\\\/#primaryimage\"},\"thumbnailUrl\":\"https:\\\/\\\/www.boxrepsol.com\\\/wp-content\\\/uploads\\\/2022\\\/08\\\/00_repsol_rally_team_isidre_esteve_dakar_2018.jpg\",\"keywords\":[\"Isidre Esteve\"],\"articleSection\":[\"Rally\"],\"inLanguage\":\"es\",\"potentialAction\":[{\"@type\":\"CommentAction\",\"name\":\"Comment\",\"target\":[\"https:\\\/\\\/www.boxrepsol.com\\\/es\\\/rally\\\/isidre-esteve-supera-una-etapa-brutal-escala-top-30\\\/#respond\"]}]},{\"@type\":\"WebPage\",\"@id\":\"https:\\\/\\\/www.boxrepsol.com\\\/es\\\/rally\\\/isidre-esteve-supera-una-etapa-brutal-escala-top-30\\\/\",\"url\":\"https:\\\/\\\/www.boxrepsol.com\\\/es\\\/rally\\\/isidre-esteve-supera-una-etapa-brutal-escala-top-30\\\/\",\"name\":\"Isidre Esteve supera una etapa \u201cbrutal\u201d y escala hasta el top 30 - Box Repsol\",\"isPartOf\":{\"@id\":\"https:\\\/\\\/www.boxrepsol.com\\\/es\\\/#website\"},\"primaryImageOfPage\":{\"@id\":\"https:\\\/\\\/www.boxrepsol.com\\\/es\\\/rally\\\/isidre-esteve-supera-una-etapa-brutal-escala-top-30\\\/#primaryimage\"},\"image\":{\"@id\":\"https:\\\/\\\/www.boxrepsol.com\\\/es\\\/rally\\\/isidre-esteve-supera-una-etapa-brutal-escala-top-30\\\/#primaryimage\"},\"thumbnailUrl\":\"https:\\\/\\\/www.boxrepsol.com\\\/wp-content\\\/uploads\\\/2022\\\/08\\\/00_repsol_rally_team_isidre_esteve_dakar_2018.jpg\",\"datePublished\":\"2018-01-10T02:00:00+00:00\",\"dateModified\":\"2024-05-21T09:08:07+00:00\",\"description\":\"El piloto del Repsol Rally Team salda otra dif\u00edcil jornada en 34\u00ba lugar absoluto y 4\u00ba de su categor\u00eda T1.S.\",\"breadcrumb\":{\"@id\":\"https:\\\/\\\/www.boxrepsol.com\\\/es\\\/rally\\\/isidre-esteve-supera-una-etapa-brutal-escala-top-30\\\/#breadcrumb\"},\"inLanguage\":\"es\",\"potentialAction\":[{\"@type\":\"ReadAction\",\"target\":[\"https:\\\/\\\/www.boxrepsol.com\\\/es\\\/rally\\\/isidre-esteve-supera-una-etapa-brutal-escala-top-30\\\/\"]}]},{\"@type\":\"ImageObject\",\"inLanguage\":\"es\",\"@id\":\"https:\\\/\\\/www.boxrepsol.com\\\/es\\\/rally\\\/isidre-esteve-supera-una-etapa-brutal-escala-top-30\\\/#primaryimage\",\"url\":\"https:\\\/\\\/www.boxrepsol.com\\\/wp-content\\\/uploads\\\/2022\\\/08\\\/00_repsol_rally_team_isidre_esteve_dakar_2018.jpg\",\"contentUrl\":\"https:\\\/\\\/www.boxrepsol.com\\\/wp-content\\\/uploads\\\/2022\\\/08\\\/00_repsol_rally_team_isidre_esteve_dakar_2018.jpg\",\"width\":995,\"height\":560,\"caption\":\"Isidre Esteve zona con dunas Dakar 2018\"},{\"@type\":\"BreadcrumbList\",\"@id\":\"https:\\\/\\\/www.boxrepsol.com\\\/es\\\/rally\\\/isidre-esteve-supera-una-etapa-brutal-escala-top-30\\\/#breadcrumb\",\"itemListElement\":[{\"@type\":\"ListItem\",\"position\":1,\"name\":\"Home\",\"item\":\"https:\\\/\\\/www.boxrepsol.com\\\/es\\\/\"},{\"@type\":\"ListItem\",\"position\":2,\"name\":\"Isidre Esteve supera una etapa \u201cbrutal\u201d y escala hasta el top 30\"}]},{\"@type\":\"WebSite\",\"@id\":\"https:\\\/\\\/www.boxrepsol.com\\\/es\\\/#website\",\"url\":\"https:\\\/\\\/www.boxrepsol.com\\\/es\\\/\",\"name\":\"Box Repsol\",\"description\":\"Box Repsol Site\",\"publisher\":{\"@id\":\"https:\\\/\\\/www.boxrepsol.com\\\/es\\\/#organization\"},\"potentialAction\":[{\"@type\":\"SearchAction\",\"target\":{\"@type\":\"EntryPoint\",\"urlTemplate\":\"https:\\\/\\\/www.boxrepsol.com\\\/es\\\/?s={search_term_string}\"},\"query-input\":{\"@type\":\"PropertyValueSpecification\",\"valueRequired\":true,\"valueName\":\"search_term_string\"}}],\"inLanguage\":\"es\"},{\"@type\":\"Organization\",\"@id\":\"https:\\\/\\\/www.boxrepsol.com\\\/es\\\/#organization\",\"name\":\"Box Repsol\",\"url\":\"https:\\\/\\\/www.boxrepsol.com\\\/es\\\/\",\"logo\":{\"@type\":\"ImageObject\",\"inLanguage\":\"es\",\"@id\":\"https:\\\/\\\/www.boxrepsol.com\\\/es\\\/#\\\/schema\\\/logo\\\/image\\\/\",\"url\":\"https:\\\/\\\/bxrepsol.s3.eu-west-1.amazonaws.com\\\/static\\\/2025\\\/07\\\/30083337\\\/favicon-96x96-1.png\",\"contentUrl\":\"https:\\\/\\\/bxrepsol.s3.eu-west-1.amazonaws.com\\\/static\\\/2025\\\/07\\\/30083337\\\/favicon-96x96-1.png\",\"width\":96,\"height\":96,\"caption\":\"Box Repsol\"},\"image\":{\"@id\":\"https:\\\/\\\/www.boxrepsol.com\\\/es\\\/#\\\/schema\\\/logo\\\/image\\\/\"},\"sameAs\":[\"https:\\\/\\\/www.facebook.com\\\/BoxRepsol\",\"https:\\\/\\\/x.com\\\/box_repsol\",\"http:\\\/\\\/instagram.com\\\/box_repsol\",\"https:\\\/\\\/www.youtube.com\\\/user\\\/RepsolCompeticion\",\"https:\\\/\\\/www.flickr.com\\\/photos\\\/box_repsol\\\/\"]},{\"@type\":\"Person\",\"@id\":\"https:\\\/\\\/www.boxrepsol.com\\\/es\\\/#\\\/schema\\\/person\\\/c5c2138f2cca251b0ad92b7086bb60b7\",\"name\":\"Redacci\u00f3n Box Repsol\",\"image\":{\"@type\":\"ImageObject\",\"inLanguage\":\"es\",\"@id\":\"https:\\\/\\\/secure.gravatar.com\\\/avatar\\\/adf7b77e38b4419baf32c7e9c21dde01f4e40df611f0978e3006fc4ba0aaab7e?s=96&d=mm&r=g\",\"url\":\"https:\\\/\\\/secure.gravatar.com\\\/avatar\\\/adf7b77e38b4419baf32c7e9c21dde01f4e40df611f0978e3006fc4ba0aaab7e?s=96&d=mm&r=g\",\"contentUrl\":\"https:\\\/\\\/secure.gravatar.com\\\/avatar\\\/adf7b77e38b4419baf32c7e9c21dde01f4e40df611f0978e3006fc4ba0aaab7e?s=96&d=mm&r=g\",\"caption\":\"Redacci\u00f3n Box Repsol\"},\"description\":\"Box Repsol lo forma un equipo de periodistas, community managers, dise\u00f1adores y fot\u00f3grafos con m\u00e1s de 20 a\u00f1os de experiencia en el mundo del motorsport. Hemos vivido el primer mundial de un espa\u00f1ol en la categor\u00eda reina de motociclismo con \u00c1lex Crivill\u00e9, estuvimos en las victorias de Pedrosa y los t\u00edtulos de M\u00e1rquez, acompa\u00f1amos en \u00c1frica a Nani Roma y Marc Coma en sus conquistas del Dakar y hemos vibrado con los t\u00edtulos de Toni Bou en Trial. Adem\u00e1s, en nuestro equipo contamos con expertos en el mundo de las dos y cuatro ruedas tanto de la calle y las carreteras, como de los circuitos. Periodistas que han trabajado en revistas y publicaciones para hacerte llegar desde rutas y consejos de mantenimiento, a curiosidades y trucos de pilotaje.\",\"sameAs\":[\"https:\\\/\\\/www.facebook.com\\\/BoxRepsol\\\/\",\"https:\\\/\\\/www.instagram.com\\\/box_repsol\\\/\",\"https:\\\/\\\/x.com\\\/https:\\\/\\\/twitter.com\\\/box_repsol\",\"https:\\\/\\\/www.youtube.com\\\/@Boxrepsol\"],\"url\":\"https:\\\/\\\/www.boxrepsol.com\\\/es\\\/author\\\/redaccion-box-repsol\\\/\"}]}<\/script>\n<!-- \/ Yoast SEO plugin. -->","yoast_head_json":{"title":"Isidre Esteve supera una etapa \u201cbrutal\u201d y escala hasta el top 30 - Box Repsol","description":"El piloto del Repsol Rally Team salda otra dif\u00edcil jornada en 34\u00ba lugar absoluto y 4\u00ba de su categor\u00eda T1.S.","canonical":"https:\/\/www.boxrepsol.com\/es\/rally\/isidre-esteve-supera-una-etapa-brutal-escala-top-30\/","og_locale":"es_ES","og_type":"article","og_title":"Isidre Esteve supera una etapa \u201cbrutal\u201d y escala hasta el top 30 - Box Repsol","og_description":"El piloto del Repsol Rally Team salda otra dif\u00edcil jornada en 34\u00ba lugar absoluto y 4\u00ba de su categor\u00eda T1.S.","og_url":"https:\/\/www.boxrepsol.com\/es\/rally\/isidre-esteve-supera-una-etapa-brutal-escala-top-30\/","og_site_name":"Box Repsol","article_publisher":"https:\/\/www.facebook.com\/BoxRepsol","article_author":"https:\/\/www.facebook.com\/BoxRepsol\/","article_published_time":"2018-01-10T02:00:00+00:00","article_modified_time":"2024-05-21T09:08:07+00:00","og_image":[{"width":995,"height":560,"url":"https:\/\/www.boxrepsol.com\/wp-content\/uploads\/2022\/08\/00_repsol_rally_team_isidre_esteve_dakar_2018.jpg","type":"image\/jpeg"}],"author":"Redacci\u00f3n Box Repsol","twitter_card":"summary_large_image","twitter_creator":"@https:\/\/twitter.com\/box_repsol","twitter_site":"@box_repsol","twitter_misc":{"Written by":"Redacci\u00f3n Box Repsol","Est. reading time":"2 minutos"},"schema":{"@context":"https:\/\/schema.org","@graph":[{"@type":"Article","@id":"https:\/\/www.boxrepsol.com\/es\/rally\/isidre-esteve-supera-una-etapa-brutal-escala-top-30\/#article","isPartOf":{"@id":"https:\/\/www.boxrepsol.com\/es\/rally\/isidre-esteve-supera-una-etapa-brutal-escala-top-30\/"},"author":{"name":"Redacci\u00f3n Box Repsol","@id":"https:\/\/www.boxrepsol.com\/es\/#\/schema\/person\/c5c2138f2cca251b0ad92b7086bb60b7"},"headline":"Isidre Esteve supera una etapa \u201cbrutal\u201d y escala hasta el top 30","datePublished":"2018-01-10T02:00:00+00:00","dateModified":"2024-05-21T09:08:07+00:00","mainEntityOfPage":{"@id":"https:\/\/www.boxrepsol.com\/es\/rally\/isidre-esteve-supera-una-etapa-brutal-escala-top-30\/"},"wordCount":399,"commentCount":0,"publisher":{"@id":"https:\/\/www.boxrepsol.com\/es\/#organization"},"image":{"@id":"https:\/\/www.boxrepsol.com\/es\/rally\/isidre-esteve-supera-una-etapa-brutal-escala-top-30\/#primaryimage"},"thumbnailUrl":"https:\/\/www.boxrepsol.com\/wp-content\/uploads\/2022\/08\/00_repsol_rally_team_isidre_esteve_dakar_2018.jpg","keywords":["Isidre Esteve"],"articleSection":["Rally"],"inLanguage":"es","potentialAction":[{"@type":"CommentAction","name":"Comment","target":["https:\/\/www.boxrepsol.com\/es\/rally\/isidre-esteve-supera-una-etapa-brutal-escala-top-30\/#respond"]}]},{"@type":"WebPage","@id":"https:\/\/www.boxrepsol.com\/es\/rally\/isidre-esteve-supera-una-etapa-brutal-escala-top-30\/","url":"https:\/\/www.boxrepsol.com\/es\/rally\/isidre-esteve-supera-una-etapa-brutal-escala-top-30\/","name":"Isidre Esteve supera una etapa \u201cbrutal\u201d y escala hasta el top 30 - Box Repsol","isPartOf":{"@id":"https:\/\/www.boxrepsol.com\/es\/#website"},"primaryImageOfPage":{"@id":"https:\/\/www.boxrepsol.com\/es\/rally\/isidre-esteve-supera-una-etapa-brutal-escala-top-30\/#primaryimage"},"image":{"@id":"https:\/\/www.boxrepsol.com\/es\/rally\/isidre-esteve-supera-una-etapa-brutal-escala-top-30\/#primaryimage"},"thumbnailUrl":"https:\/\/www.boxrepsol.com\/wp-content\/uploads\/2022\/08\/00_repsol_rally_team_isidre_esteve_dakar_2018.jpg","datePublished":"2018-01-10T02:00:00+00:00","dateModified":"2024-05-21T09:08:07+00:00","description":"El piloto del Repsol Rally Team salda otra dif\u00edcil jornada en 34\u00ba lugar absoluto y 4\u00ba de su categor\u00eda T1.S.","breadcrumb":{"@id":"https:\/\/www.boxrepsol.com\/es\/rally\/isidre-esteve-supera-una-etapa-brutal-escala-top-30\/#breadcrumb"},"inLanguage":"es","potentialAction":[{"@type":"ReadAction","target":["https:\/\/www.boxrepsol.com\/es\/rally\/isidre-esteve-supera-una-etapa-brutal-escala-top-30\/"]}]},{"@type":"ImageObject","inLanguage":"es","@id":"https:\/\/www.boxrepsol.com\/es\/rally\/isidre-esteve-supera-una-etapa-brutal-escala-top-30\/#primaryimage","url":"https:\/\/www.boxrepsol.com\/wp-content\/uploads\/2022\/08\/00_repsol_rally_team_isidre_esteve_dakar_2018.jpg","contentUrl":"https:\/\/www.boxrepsol.com\/wp-content\/uploads\/2022\/08\/00_repsol_rally_team_isidre_esteve_dakar_2018.jpg","width":995,"height":560,"caption":"Isidre Esteve zona con dunas Dakar 2018"},{"@type":"BreadcrumbList","@id":"https:\/\/www.boxrepsol.com\/es\/rally\/isidre-esteve-supera-una-etapa-brutal-escala-top-30\/#breadcrumb","itemListElement":[{"@type":"ListItem","position":1,"name":"Home","item":"https:\/\/www.boxrepsol.com\/es\/"},{"@type":"ListItem","position":2,"name":"Isidre Esteve supera una etapa \u201cbrutal\u201d y escala hasta el top 30"}]},{"@type":"WebSite","@id":"https:\/\/www.boxrepsol.com\/es\/#website","url":"https:\/\/www.boxrepsol.com\/es\/","name":"Box Repsol","description":"Box Repsol Site","publisher":{"@id":"https:\/\/www.boxrepsol.com\/es\/#organization"},"potentialAction":[{"@type":"SearchAction","target":{"@type":"EntryPoint","urlTemplate":"https:\/\/www.boxrepsol.com\/es\/?s={search_term_string}"},"query-input":{"@type":"PropertyValueSpecification","valueRequired":true,"valueName":"search_term_string"}}],"inLanguage":"es"},{"@type":"Organization","@id":"https:\/\/www.boxrepsol.com\/es\/#organization","name":"Box Repsol","url":"https:\/\/www.boxrepsol.com\/es\/","logo":{"@type":"ImageObject","inLanguage":"es","@id":"https:\/\/www.boxrepsol.com\/es\/#\/schema\/logo\/image\/","url":"https:\/\/bxrepsol.s3.eu-west-1.amazonaws.com\/static\/2025\/07\/30083337\/favicon-96x96-1.png","contentUrl":"https:\/\/bxrepsol.s3.eu-west-1.amazonaws.com\/static\/2025\/07\/30083337\/favicon-96x96-1.png","width":96,"height":96,"caption":"Box Repsol"},"image":{"@id":"https:\/\/www.boxrepsol.com\/es\/#\/schema\/logo\/image\/"},"sameAs":["https:\/\/www.facebook.com\/BoxRepsol","https:\/\/x.com\/box_repsol","http:\/\/instagram.com\/box_repsol","https:\/\/www.youtube.com\/user\/RepsolCompeticion","https:\/\/www.flickr.com\/photos\/box_repsol\/"]},{"@type":"Person","@id":"https:\/\/www.boxrepsol.com\/es\/#\/schema\/person\/c5c2138f2cca251b0ad92b7086bb60b7","name":"Redacci\u00f3n Box Repsol","image":{"@type":"ImageObject","inLanguage":"es","@id":"https:\/\/secure.gravatar.com\/avatar\/adf7b77e38b4419baf32c7e9c21dde01f4e40df611f0978e3006fc4ba0aaab7e?s=96&d=mm&r=g","url":"https:\/\/secure.gravatar.com\/avatar\/adf7b77e38b4419baf32c7e9c21dde01f4e40df611f0978e3006fc4ba0aaab7e?s=96&d=mm&r=g","contentUrl":"https:\/\/secure.gravatar.com\/avatar\/adf7b77e38b4419baf32c7e9c21dde01f4e40df611f0978e3006fc4ba0aaab7e?s=96&d=mm&r=g","caption":"Redacci\u00f3n Box Repsol"},"description":"Box Repsol lo forma un equipo de periodistas, community managers, dise\u00f1adores y fot\u00f3grafos con m\u00e1s de 20 a\u00f1os de experiencia en el mundo del motorsport. Hemos vivido el primer mundial de un espa\u00f1ol en la categor\u00eda reina de motociclismo con \u00c1lex Crivill\u00e9, estuvimos en las victorias de Pedrosa y los t\u00edtulos de M\u00e1rquez, acompa\u00f1amos en \u00c1frica a Nani Roma y Marc Coma en sus conquistas del Dakar y hemos vibrado con los t\u00edtulos de Toni Bou en Trial. Adem\u00e1s, en nuestro equipo contamos con expertos en el mundo de las dos y cuatro ruedas tanto de la calle y las carreteras, como de los circuitos. Periodistas que han trabajado en revistas y publicaciones para hacerte llegar desde rutas y consejos de mantenimiento, a curiosidades y trucos de pilotaje.","sameAs":["https:\/\/www.facebook.com\/BoxRepsol\/","https:\/\/www.instagram.com\/box_repsol\/","https:\/\/x.com\/https:\/\/twitter.com\/box_repsol","https:\/\/www.youtube.com\/@Boxrepsol"],"url":"https:\/\/www.boxrepsol.com\/es\/author\/redaccion-box-repsol\/"}]}},"_links":{"self":[{"href":"https:\/\/www.boxrepsol.com\/es\/wp-json\/wp\/v2\/posts\/92504","targetHints":{"allow":["GET"]}}],"collection":[{"href":"https:\/\/www.boxrepsol.com\/es\/wp-json\/wp\/v2\/posts"}],"about":[{"href":"https:\/\/www.boxrepsol.com\/es\/wp-json\/wp\/v2\/types\/post"}],"author":[{"embeddable":true,"href":"https:\/\/www.boxrepsol.com\/es\/wp-json\/wp\/v2\/users\/43146"}],"replies":[{"embeddable":true,"href":"https:\/\/www.boxrepsol.com\/es\/wp-json\/wp\/v2\/comments?post=92504"}],"version-history":[{"count":1,"href":"https:\/\/www.boxrepsol.com\/es\/wp-json\/wp\/v2\/posts\/92504\/revisions"}],"predecessor-version":[{"id":92505,"href":"https:\/\/www.boxrepsol.com\/es\/wp-json\/wp\/v2\/posts\/92504\/revisions\/92505"}],"wp:featuredmedia":[{"embeddable":true,"href":"https:\/\/www.boxrepsol.com\/es\/wp-json\/wp\/v2\/media\/87337"}],"wp:attachment":[{"href":"https:\/\/www.boxrepsol.com\/es\/wp-json\/wp\/v2\/media?parent=92504"}],"wp:term":[{"taxonomy":"category","embeddable":true,"href":"https:\/\/www.boxrepsol.com\/es\/wp-json\/wp\/v2\/categories?post=92504"},{"taxonomy":"post_tag","embeddable":true,"href":"https:\/\/www.boxrepsol.com\/es\/wp-json\/wp\/v2\/tags?post=92504"}],"curies":[{"name":"wp","href":"https:\/\/api.w.org\/{rel}","templated":true}]}}