{"id":92478,"date":"2018-01-08T00:00:00","date_gmt":"2018-01-08T02:00:00","guid":{"rendered":"http:\/\/pre.boxrepsol.com\/sin-categorizar\/los-7-momentos-de-la-semana-en-box-repsol-2\/"},"modified":"2024-05-21T07:08:54","modified_gmt":"2024-05-21T09:08:54","slug":"los-7-momentos-de-la-semana-en-box-repsol-2","status":"publish","type":"post","link":"https:\/\/www.boxrepsol.com\/es\/motogp\/los-7-momentos-de-la-semana-en-box-repsol-2\/","title":{"rendered":"Los 7 momentos de la semana en Box Repsol"},"content":{"rendered":"<p>Otra forma de inaugurar el a\u00f1o es al volante de un veh\u00edculo o a lomos de una moto. Son los valientes del <strong>Dakar<\/strong>, y con ellos arrancamos lo mejor de la semana en <strong>Box Repsol<\/strong>.<\/p>\n<p>Entre los aventureros que tomaron la salida el 6 de enero se encuentra <strong>Isidre Esteve<\/strong>, que pilotar\u00e1 el nuevo <strong>prototipo BV6 del Repsol Rally Team<\/strong>. En este reportaje te contamos c\u00f3mo son los mandos especiales de nuestro piloto, que una vez m\u00e1s demuestra que una discapacidad no implica de ninguna manera que debamos renunciar a nuestros sue\u00f1os.<\/p>\n<p><iframe loading=\"lazy\" style=\"border: none; overflow: hidden;\" src=\"https:\/\/www.facebook.com\/plugins\/post.php?href=https%3A%2F%2Fwww.facebook.com%2FBoxRepsol%2Fposts%2F10155325599546139&amp;width=500\" width=\"500\" height=\"574\" frameborder=\"0\" scrolling=\"no\"><\/iframe><\/p>\n<p>En nuestro canal de <strong>YouTube<\/strong> tuvimos la oportunidad de hablar con <strong>Lidia Guerrero<\/strong>, fisioterapeuta del equipo, que no solo se encarga de que tanto Isidre como su copiloto, Txema Villalobos, aguanten la crudeza del Rally, sino que tambi\u00e9n les prepara f\u00edsicamente durante toda la temporada.<\/p>\n<p><iframe loading=\"lazy\" src=\"https:\/\/www.youtube.com\/embed\/l1QrbFGJim8\" width=\"704\" height=\"396\" frameborder=\"0\" allowfullscreen=\"allowfullscreen\"><\/iframe><\/p>\n<p>Aprovechando que nuestros pilotos, <strong>Dani Pedrosa<\/strong> y <strong>Marc M\u00e1rquez<\/strong>, est\u00e1n de vacaciones, les hemos llevado al <strong>colegio Sagrada Familia de Madrid<\/strong>&nbsp;que es el colegio ganador de nuestra campa\u00f1a contra el bullying para que los m\u00e1s peques de la casa disfrutasen de un rato de diversi\u00f3n con una visita de sus \u00eddolos. Les hicimos pasar por un par de intelectuales profesores de Matem\u00e1ticas que improvisaron una alocada clase con un grupo de alumnos. Al final les pillaron\u2026<\/p>\n<p><iframe loading=\"lazy\" src=\"https:\/\/www.youtube.com\/embed\/4kpjN7Tpans\" width=\"704\" height=\"396\" frameborder=\"0\" allowfullscreen=\"allowfullscreen\"><\/iframe><\/p>\n<p>De <strong>Instagram<\/strong> nos quedamos con la foto en la que preguntamos a nuestros fans qu\u00e9 es un <strong>\u2018Stoppie\u2019<\/strong>. Fueron muchos los que respondieron. \u00bfSabes de qu\u00e9 hablamos? Entra y comprueba si tienes la soluci\u00f3n correcta. Seguro que cuando lo descubras, te acordar\u00e1s de un mont\u00f3n de \u2018Stoppies\u2019 de Pedrosa y M\u00e1rquez.<\/p>\n<blockquote style=\"background: #FFF; border: 0; border-radius: 3px; box-shadow: 0 0 1px 0 rgba(0,0,0,0.5),0 1px 10px 0 rgba(0,0,0,0.15); margin: 1px; max-width: 658px; padding: 0; width: calc(100% - 2px);\" data-instgrm-captioned=\"\" data-instgrm-permalink=\"https:\/\/www.instagram.com\/p\/BdiG17lF02C\/\" data-instgrm-version=\"8\">\n<p style=\"margin: 8px 0 0 0; padding: 0 4px;\"><a style=\"color: #000; font-family: Arial,sans-serif; font-size: 14px; font-style: normal; font-weight: normal; line-height: 17px; text-decoration: none; word-wrap: break-word;\" href=\"https:\/\/www.instagram.com\/p\/BdiG17lF02C\/\" target=\"_blank\" rel=\"noopener noreferrer\">\u00bfSabes qu\u00e9 significa para un motero \u00abstoppie\u00bb? #DiccionarioMotero #Motero #EquipoRepsol Do you know what it means \u00abstoppie\u00bb for a bike fan? #BikerDictionary #Biker #RepsolTeam #Stoppie #MotoGP<\/a><\/p>\n<p style=\"color: #c9c8cd; font-family: Arial,sans-serif; font-size: 14px; line-height: 17px; margin-bottom: 0; margin-top: 8px; overflow: hidden; padding: 8px 0 7px; text-align: center; text-overflow: ellipsis; white-space: nowrap;\">Una publicaci\u00f3n compartida de <a style=\"color: #c9c8cd; font-family: Arial,sans-serif; font-size: 14px; font-style: normal; font-weight: normal; line-height: 17px;\" href=\"https:\/\/www.instagram.com\/box_repsol\/\" target=\"_blank\" rel=\"noopener noreferrer\"> Box Repsol<\/a> (@box_repsol) el <time style=\"font-family: Arial,sans-serif; font-size: 14px; line-height: 17px;\" datetime=\"2018-01-04T15:40:39+00:00\">Ene 4, 2018 at 7:40 PST<\/time><\/p>\n<\/blockquote>\n<p>&nbsp;<\/p>\n<p>Tras una <strong>temporada trepidante<\/strong> en la que tanto Pedrosa como M\u00e1rquez han notado el calor de la <strong>afici\u00f3n<\/strong> en cada curva, los dos pilotos han querido ponerse delante de la c\u00e1mara para responder a las preguntas de los <strong>fans<\/strong>. Si quieres conocerlos un poco m\u00e1s de cerca, este es tu rinc\u00f3n de Box Repsol.<\/p>\n<p><iframe loading=\"lazy\" style=\"border: none; overflow: hidden;\" src=\"https:\/\/www.facebook.com\/plugins\/post.php?href=https%3A%2F%2Fwww.facebook.com%2FBoxRepsol%2Fphotos%2Fa.342194946138.148590.308540421138%2F10155325400541139%2F%3Ftype%3D3&amp;width=500\" width=\"500\" height=\"515\" frameborder=\"0\" scrolling=\"no\"><\/iframe><\/p>\n<p>En el apartado de reportajes os ofrecemos la segunda entrega de <strong>cortos moteros<\/strong>. Historias de amor y moto clubs de lo m\u00e1s peculiares, son algunos de los cortos que hemos seleccionado para ti. Si tienes un rato, no te pierdas estas obras de arte.<\/p>\n<p><iframe loading=\"lazy\" style=\"border: none; overflow: hidden;\" src=\"https:\/\/www.facebook.com\/plugins\/post.php?href=https%3A%2F%2Fwww.facebook.com%2FBoxRepsol%2Fposts%2F10155321367176139&amp;width=500\" width=\"500\" height=\"500\" frameborder=\"0\" scrolling=\"no\"><\/iframe><\/p>\n<p>Para acabar, un asunto importante para cualquier <strong>amante de las motos<\/strong>. Con el paso de los a\u00f1os, tu m\u00e1quina puede que empiece a parecerte mon\u00f3tona. Para darle un nuevo aire, <strong>decides pintarla<\/strong>. Pero ojo, porque no es tan f\u00e1cil. Si quieres que te quede bien, si buscas ser la sensaci\u00f3n del bar en el que sueles parar a desayunar los domingos por la ma\u00f1ana, sigue estos consejos.<\/p>\n<p><iframe loading=\"lazy\" style=\"border: none; overflow: hidden;\" src=\"https:\/\/www.facebook.com\/plugins\/post.php?href=https%3A%2F%2Fwww.facebook.com%2FBoxRepsol%2Fposts%2F10155323467006139&amp;width=500\" width=\"500\" height=\"500\" frameborder=\"0\" scrolling=\"no\"><\/iframe><\/p>\n<p>Y a vosotros, \u00bfQu\u00e9 tal os han tratado los Reyes este a\u00f1o? \u00a1Desde Box Repsol esperamos que muy bien y que hay\u00e1is tenido un buen inicio de a\u00f1o 2018!<\/p>\n<p>&nbsp;<\/p>\n<p>&nbsp;<\/p>\n<p>&nbsp;<\/p>\n","protected":false},"excerpt":{"rendered":"<p>Todos empezamos el a\u00f1o cargados de nuevos deseos, como que vuelva el Mundial de motos cuanto antes (quedan 65 d\u00edas, \u00e1nimo\u2026). Mientras tanto, os dejamos con los siete mejores momentos de la semana en Box Repsol.<\/p>\n","protected":false},"author":43146,"featured_media":92479,"comment_status":"open","ping_status":"open","sticky":false,"template":"","format":"standard","meta":{"footnotes":""},"categories":[4],"tags":[176],"class_list":["post-92478","post","type-post","status-publish","format-standard","hentry","category-motogp","tag-mejores-momentos"],"yoast_head":"<!-- This site is optimized with the Yoast SEO plugin v27.3 - https:\/\/yoast.com\/product\/yoast-seo-wordpress\/ -->\n<title>Los momentos de esta semana en Box Repsol - Box Repsol<\/title>\n<meta name=\"description\" content=\"Otra forma de inaugurar el a\u00f1o es al volante de un veh\u00edculo o a lomos de una moto. Son los valientes del Dakar, y con ellos arrancamos lo mejor de la semana\" \/>\n<link rel=\"canonical\" href=\"https:\/\/www.boxrepsol.com\/es\/motogp\/los-7-momentos-de-la-semana-en-box-repsol-2\/\" \/>\n<meta property=\"og:locale\" content=\"es_ES\" \/>\n<meta property=\"og:type\" content=\"article\" \/>\n<meta property=\"og:title\" content=\"Los momentos de esta semana en Box Repsol - Box Repsol\" \/>\n<meta property=\"og:description\" content=\"Otra forma de inaugurar el a\u00f1o es al volante de un veh\u00edculo o a lomos de una moto. Son los valientes del Dakar, y con ellos arrancamos lo mejor de la semana\" \/>\n<meta property=\"og:url\" content=\"https:\/\/www.boxrepsol.com\/es\/motogp\/los-7-momentos-de-la-semana-en-box-repsol-2\/\" \/>\n<meta property=\"og:site_name\" content=\"Box Repsol\" \/>\n<meta property=\"article:publisher\" content=\"https:\/\/www.facebook.com\/BoxRepsol\" \/>\n<meta property=\"article:author\" content=\"https:\/\/www.facebook.com\/BoxRepsol\/\" \/>\n<meta property=\"article:published_time\" content=\"2018-01-08T02:00:00+00:00\" \/>\n<meta property=\"article:modified_time\" content=\"2024-05-21T09:08:54+00:00\" \/>\n<meta property=\"og:image\" content=\"https:\/\/bxrepsol.s3.eu-west-1.amazonaws.com\/static\/2023\/02\/24101322\/8-enero.png\" \/>\n\t<meta property=\"og:image:width\" content=\"986\" \/>\n\t<meta property=\"og:image:height\" content=\"555\" \/>\n\t<meta property=\"og:image:type\" content=\"image\/png\" \/>\n<meta name=\"author\" content=\"Redacci\u00f3n Box Repsol\" \/>\n<meta name=\"twitter:card\" content=\"summary_large_image\" \/>\n<meta name=\"twitter:creator\" content=\"@https:\/\/twitter.com\/box_repsol\" \/>\n<meta name=\"twitter:site\" content=\"@box_repsol\" \/>\n<meta name=\"twitter:label1\" content=\"Written by\" \/>\n\t<meta name=\"twitter:data1\" content=\"Redacci\u00f3n Box Repsol\" \/>\n\t<meta name=\"twitter:label2\" content=\"Est. reading time\" \/>\n\t<meta name=\"twitter:data2\" content=\"3 minutos\" \/>\n<script type=\"application\/ld+json\" class=\"yoast-schema-graph\">{\"@context\":\"https:\\\/\\\/schema.org\",\"@graph\":[{\"@type\":\"Article\",\"@id\":\"https:\\\/\\\/www.boxrepsol.com\\\/es\\\/motogp\\\/los-7-momentos-de-la-semana-en-box-repsol-2\\\/#article\",\"isPartOf\":{\"@id\":\"https:\\\/\\\/www.boxrepsol.com\\\/es\\\/motogp\\\/los-7-momentos-de-la-semana-en-box-repsol-2\\\/\"},\"author\":{\"name\":\"Redacci\u00f3n Box Repsol\",\"@id\":\"https:\\\/\\\/www.boxrepsol.com\\\/es\\\/#\\\/schema\\\/person\\\/c5c2138f2cca251b0ad92b7086bb60b7\"},\"headline\":\"Los 7 momentos de la semana en Box Repsol\",\"datePublished\":\"2018-01-08T02:00:00+00:00\",\"dateModified\":\"2024-05-21T09:08:54+00:00\",\"mainEntityOfPage\":{\"@id\":\"https:\\\/\\\/www.boxrepsol.com\\\/es\\\/motogp\\\/los-7-momentos-de-la-semana-en-box-repsol-2\\\/\"},\"wordCount\":541,\"commentCount\":0,\"publisher\":{\"@id\":\"https:\\\/\\\/www.boxrepsol.com\\\/es\\\/#organization\"},\"image\":{\"@id\":\"https:\\\/\\\/www.boxrepsol.com\\\/es\\\/motogp\\\/los-7-momentos-de-la-semana-en-box-repsol-2\\\/#primaryimage\"},\"thumbnailUrl\":\"https:\\\/\\\/bxrepsol.s3.eu-west-1.amazonaws.com\\\/static\\\/2023\\\/02\\\/24101322\\\/8-enero.png\",\"keywords\":[\"mejores momentos\"],\"articleSection\":[\"MotoGP\"],\"inLanguage\":\"es\",\"potentialAction\":[{\"@type\":\"CommentAction\",\"name\":\"Comment\",\"target\":[\"https:\\\/\\\/www.boxrepsol.com\\\/es\\\/motogp\\\/los-7-momentos-de-la-semana-en-box-repsol-2\\\/#respond\"]}]},{\"@type\":\"WebPage\",\"@id\":\"https:\\\/\\\/www.boxrepsol.com\\\/es\\\/motogp\\\/los-7-momentos-de-la-semana-en-box-repsol-2\\\/\",\"url\":\"https:\\\/\\\/www.boxrepsol.com\\\/es\\\/motogp\\\/los-7-momentos-de-la-semana-en-box-repsol-2\\\/\",\"name\":\"Los momentos de esta semana en Box Repsol - Box Repsol\",\"isPartOf\":{\"@id\":\"https:\\\/\\\/www.boxrepsol.com\\\/es\\\/#website\"},\"primaryImageOfPage\":{\"@id\":\"https:\\\/\\\/www.boxrepsol.com\\\/es\\\/motogp\\\/los-7-momentos-de-la-semana-en-box-repsol-2\\\/#primaryimage\"},\"image\":{\"@id\":\"https:\\\/\\\/www.boxrepsol.com\\\/es\\\/motogp\\\/los-7-momentos-de-la-semana-en-box-repsol-2\\\/#primaryimage\"},\"thumbnailUrl\":\"https:\\\/\\\/bxrepsol.s3.eu-west-1.amazonaws.com\\\/static\\\/2023\\\/02\\\/24101322\\\/8-enero.png\",\"datePublished\":\"2018-01-08T02:00:00+00:00\",\"dateModified\":\"2024-05-21T09:08:54+00:00\",\"description\":\"Otra forma de inaugurar el a\u00f1o es al volante de un veh\u00edculo o a lomos de una moto. Son los valientes del Dakar, y con ellos arrancamos lo mejor de la semana\",\"breadcrumb\":{\"@id\":\"https:\\\/\\\/www.boxrepsol.com\\\/es\\\/motogp\\\/los-7-momentos-de-la-semana-en-box-repsol-2\\\/#breadcrumb\"},\"inLanguage\":\"es\",\"potentialAction\":[{\"@type\":\"ReadAction\",\"target\":[\"https:\\\/\\\/www.boxrepsol.com\\\/es\\\/motogp\\\/los-7-momentos-de-la-semana-en-box-repsol-2\\\/\"]}]},{\"@type\":\"ImageObject\",\"inLanguage\":\"es\",\"@id\":\"https:\\\/\\\/www.boxrepsol.com\\\/es\\\/motogp\\\/los-7-momentos-de-la-semana-en-box-repsol-2\\\/#primaryimage\",\"url\":\"https:\\\/\\\/bxrepsol.s3.eu-west-1.amazonaws.com\\\/static\\\/2023\\\/02\\\/24101322\\\/8-enero.png\",\"contentUrl\":\"https:\\\/\\\/bxrepsol.s3.eu-west-1.amazonaws.com\\\/static\\\/2023\\\/02\\\/24101322\\\/8-enero.png\",\"width\":986,\"height\":555,\"caption\":\"Marc m\u00e1rquez y Dani Pedrosa, Isidre Esteve y pulverizador de pintura\"},{\"@type\":\"BreadcrumbList\",\"@id\":\"https:\\\/\\\/www.boxrepsol.com\\\/es\\\/motogp\\\/los-7-momentos-de-la-semana-en-box-repsol-2\\\/#breadcrumb\",\"itemListElement\":[{\"@type\":\"ListItem\",\"position\":1,\"name\":\"Home\",\"item\":\"https:\\\/\\\/www.boxrepsol.com\\\/es\\\/\"},{\"@type\":\"ListItem\",\"position\":2,\"name\":\"Los 7 momentos de la semana en Box Repsol\"}]},{\"@type\":\"WebSite\",\"@id\":\"https:\\\/\\\/www.boxrepsol.com\\\/es\\\/#website\",\"url\":\"https:\\\/\\\/www.boxrepsol.com\\\/es\\\/\",\"name\":\"Box Repsol\",\"description\":\"Box Repsol Site\",\"publisher\":{\"@id\":\"https:\\\/\\\/www.boxrepsol.com\\\/es\\\/#organization\"},\"potentialAction\":[{\"@type\":\"SearchAction\",\"target\":{\"@type\":\"EntryPoint\",\"urlTemplate\":\"https:\\\/\\\/www.boxrepsol.com\\\/es\\\/?s={search_term_string}\"},\"query-input\":{\"@type\":\"PropertyValueSpecification\",\"valueRequired\":true,\"valueName\":\"search_term_string\"}}],\"inLanguage\":\"es\"},{\"@type\":\"Organization\",\"@id\":\"https:\\\/\\\/www.boxrepsol.com\\\/es\\\/#organization\",\"name\":\"Box Repsol\",\"url\":\"https:\\\/\\\/www.boxrepsol.com\\\/es\\\/\",\"logo\":{\"@type\":\"ImageObject\",\"inLanguage\":\"es\",\"@id\":\"https:\\\/\\\/www.boxrepsol.com\\\/es\\\/#\\\/schema\\\/logo\\\/image\\\/\",\"url\":\"https:\\\/\\\/bxrepsol.s3.eu-west-1.amazonaws.com\\\/static\\\/2025\\\/07\\\/30083337\\\/favicon-96x96-1.png\",\"contentUrl\":\"https:\\\/\\\/bxrepsol.s3.eu-west-1.amazonaws.com\\\/static\\\/2025\\\/07\\\/30083337\\\/favicon-96x96-1.png\",\"width\":96,\"height\":96,\"caption\":\"Box Repsol\"},\"image\":{\"@id\":\"https:\\\/\\\/www.boxrepsol.com\\\/es\\\/#\\\/schema\\\/logo\\\/image\\\/\"},\"sameAs\":[\"https:\\\/\\\/www.facebook.com\\\/BoxRepsol\",\"https:\\\/\\\/x.com\\\/box_repsol\",\"http:\\\/\\\/instagram.com\\\/box_repsol\",\"https:\\\/\\\/www.youtube.com\\\/user\\\/RepsolCompeticion\",\"https:\\\/\\\/www.flickr.com\\\/photos\\\/box_repsol\\\/\"]},{\"@type\":\"Person\",\"@id\":\"https:\\\/\\\/www.boxrepsol.com\\\/es\\\/#\\\/schema\\\/person\\\/c5c2138f2cca251b0ad92b7086bb60b7\",\"name\":\"Redacci\u00f3n Box Repsol\",\"image\":{\"@type\":\"ImageObject\",\"inLanguage\":\"es\",\"@id\":\"https:\\\/\\\/secure.gravatar.com\\\/avatar\\\/adf7b77e38b4419baf32c7e9c21dde01f4e40df611f0978e3006fc4ba0aaab7e?s=96&d=mm&r=g\",\"url\":\"https:\\\/\\\/secure.gravatar.com\\\/avatar\\\/adf7b77e38b4419baf32c7e9c21dde01f4e40df611f0978e3006fc4ba0aaab7e?s=96&d=mm&r=g\",\"contentUrl\":\"https:\\\/\\\/secure.gravatar.com\\\/avatar\\\/adf7b77e38b4419baf32c7e9c21dde01f4e40df611f0978e3006fc4ba0aaab7e?s=96&d=mm&r=g\",\"caption\":\"Redacci\u00f3n Box Repsol\"},\"description\":\"Box Repsol lo forma un equipo de periodistas, community managers, dise\u00f1adores y fot\u00f3grafos con m\u00e1s de 20 a\u00f1os de experiencia en el mundo del motorsport. Hemos vivido el primer mundial de un espa\u00f1ol en la categor\u00eda reina de motociclismo con \u00c1lex Crivill\u00e9, estuvimos en las victorias de Pedrosa y los t\u00edtulos de M\u00e1rquez, acompa\u00f1amos en \u00c1frica a Nani Roma y Marc Coma en sus conquistas del Dakar y hemos vibrado con los t\u00edtulos de Toni Bou en Trial. Adem\u00e1s, en nuestro equipo contamos con expertos en el mundo de las dos y cuatro ruedas tanto de la calle y las carreteras, como de los circuitos. Periodistas que han trabajado en revistas y publicaciones para hacerte llegar desde rutas y consejos de mantenimiento, a curiosidades y trucos de pilotaje.\",\"sameAs\":[\"https:\\\/\\\/www.facebook.com\\\/BoxRepsol\\\/\",\"https:\\\/\\\/www.instagram.com\\\/box_repsol\\\/\",\"https:\\\/\\\/x.com\\\/https:\\\/\\\/twitter.com\\\/box_repsol\",\"https:\\\/\\\/www.youtube.com\\\/@Boxrepsol\"],\"url\":\"https:\\\/\\\/www.boxrepsol.com\\\/es\\\/author\\\/redaccion-box-repsol\\\/\"}]}<\/script>\n<!-- \/ Yoast SEO plugin. -->","yoast_head_json":{"title":"Los momentos de esta semana en Box Repsol - Box Repsol","description":"Otra forma de inaugurar el a\u00f1o es al volante de un veh\u00edculo o a lomos de una moto. Son los valientes del Dakar, y con ellos arrancamos lo mejor de la semana","canonical":"https:\/\/www.boxrepsol.com\/es\/motogp\/los-7-momentos-de-la-semana-en-box-repsol-2\/","og_locale":"es_ES","og_type":"article","og_title":"Los momentos de esta semana en Box Repsol - Box Repsol","og_description":"Otra forma de inaugurar el a\u00f1o es al volante de un veh\u00edculo o a lomos de una moto. Son los valientes del Dakar, y con ellos arrancamos lo mejor de la semana","og_url":"https:\/\/www.boxrepsol.com\/es\/motogp\/los-7-momentos-de-la-semana-en-box-repsol-2\/","og_site_name":"Box Repsol","article_publisher":"https:\/\/www.facebook.com\/BoxRepsol","article_author":"https:\/\/www.facebook.com\/BoxRepsol\/","article_published_time":"2018-01-08T02:00:00+00:00","article_modified_time":"2024-05-21T09:08:54+00:00","og_image":[{"width":986,"height":555,"url":"https:\/\/bxrepsol.s3.eu-west-1.amazonaws.com\/static\/2023\/02\/24101322\/8-enero.png","type":"image\/png"}],"author":"Redacci\u00f3n Box Repsol","twitter_card":"summary_large_image","twitter_creator":"@https:\/\/twitter.com\/box_repsol","twitter_site":"@box_repsol","twitter_misc":{"Written by":"Redacci\u00f3n Box Repsol","Est. reading time":"3 minutos"},"schema":{"@context":"https:\/\/schema.org","@graph":[{"@type":"Article","@id":"https:\/\/www.boxrepsol.com\/es\/motogp\/los-7-momentos-de-la-semana-en-box-repsol-2\/#article","isPartOf":{"@id":"https:\/\/www.boxrepsol.com\/es\/motogp\/los-7-momentos-de-la-semana-en-box-repsol-2\/"},"author":{"name":"Redacci\u00f3n Box Repsol","@id":"https:\/\/www.boxrepsol.com\/es\/#\/schema\/person\/c5c2138f2cca251b0ad92b7086bb60b7"},"headline":"Los 7 momentos de la semana en Box Repsol","datePublished":"2018-01-08T02:00:00+00:00","dateModified":"2024-05-21T09:08:54+00:00","mainEntityOfPage":{"@id":"https:\/\/www.boxrepsol.com\/es\/motogp\/los-7-momentos-de-la-semana-en-box-repsol-2\/"},"wordCount":541,"commentCount":0,"publisher":{"@id":"https:\/\/www.boxrepsol.com\/es\/#organization"},"image":{"@id":"https:\/\/www.boxrepsol.com\/es\/motogp\/los-7-momentos-de-la-semana-en-box-repsol-2\/#primaryimage"},"thumbnailUrl":"https:\/\/bxrepsol.s3.eu-west-1.amazonaws.com\/static\/2023\/02\/24101322\/8-enero.png","keywords":["mejores momentos"],"articleSection":["MotoGP"],"inLanguage":"es","potentialAction":[{"@type":"CommentAction","name":"Comment","target":["https:\/\/www.boxrepsol.com\/es\/motogp\/los-7-momentos-de-la-semana-en-box-repsol-2\/#respond"]}]},{"@type":"WebPage","@id":"https:\/\/www.boxrepsol.com\/es\/motogp\/los-7-momentos-de-la-semana-en-box-repsol-2\/","url":"https:\/\/www.boxrepsol.com\/es\/motogp\/los-7-momentos-de-la-semana-en-box-repsol-2\/","name":"Los momentos de esta semana en Box Repsol - Box Repsol","isPartOf":{"@id":"https:\/\/www.boxrepsol.com\/es\/#website"},"primaryImageOfPage":{"@id":"https:\/\/www.boxrepsol.com\/es\/motogp\/los-7-momentos-de-la-semana-en-box-repsol-2\/#primaryimage"},"image":{"@id":"https:\/\/www.boxrepsol.com\/es\/motogp\/los-7-momentos-de-la-semana-en-box-repsol-2\/#primaryimage"},"thumbnailUrl":"https:\/\/bxrepsol.s3.eu-west-1.amazonaws.com\/static\/2023\/02\/24101322\/8-enero.png","datePublished":"2018-01-08T02:00:00+00:00","dateModified":"2024-05-21T09:08:54+00:00","description":"Otra forma de inaugurar el a\u00f1o es al volante de un veh\u00edculo o a lomos de una moto. Son los valientes del Dakar, y con ellos arrancamos lo mejor de la semana","breadcrumb":{"@id":"https:\/\/www.boxrepsol.com\/es\/motogp\/los-7-momentos-de-la-semana-en-box-repsol-2\/#breadcrumb"},"inLanguage":"es","potentialAction":[{"@type":"ReadAction","target":["https:\/\/www.boxrepsol.com\/es\/motogp\/los-7-momentos-de-la-semana-en-box-repsol-2\/"]}]},{"@type":"ImageObject","inLanguage":"es","@id":"https:\/\/www.boxrepsol.com\/es\/motogp\/los-7-momentos-de-la-semana-en-box-repsol-2\/#primaryimage","url":"https:\/\/bxrepsol.s3.eu-west-1.amazonaws.com\/static\/2023\/02\/24101322\/8-enero.png","contentUrl":"https:\/\/bxrepsol.s3.eu-west-1.amazonaws.com\/static\/2023\/02\/24101322\/8-enero.png","width":986,"height":555,"caption":"Marc m\u00e1rquez y Dani Pedrosa, Isidre Esteve y pulverizador de pintura"},{"@type":"BreadcrumbList","@id":"https:\/\/www.boxrepsol.com\/es\/motogp\/los-7-momentos-de-la-semana-en-box-repsol-2\/#breadcrumb","itemListElement":[{"@type":"ListItem","position":1,"name":"Home","item":"https:\/\/www.boxrepsol.com\/es\/"},{"@type":"ListItem","position":2,"name":"Los 7 momentos de la semana en Box Repsol"}]},{"@type":"WebSite","@id":"https:\/\/www.boxrepsol.com\/es\/#website","url":"https:\/\/www.boxrepsol.com\/es\/","name":"Box Repsol","description":"Box Repsol Site","publisher":{"@id":"https:\/\/www.boxrepsol.com\/es\/#organization"},"potentialAction":[{"@type":"SearchAction","target":{"@type":"EntryPoint","urlTemplate":"https:\/\/www.boxrepsol.com\/es\/?s={search_term_string}"},"query-input":{"@type":"PropertyValueSpecification","valueRequired":true,"valueName":"search_term_string"}}],"inLanguage":"es"},{"@type":"Organization","@id":"https:\/\/www.boxrepsol.com\/es\/#organization","name":"Box Repsol","url":"https:\/\/www.boxrepsol.com\/es\/","logo":{"@type":"ImageObject","inLanguage":"es","@id":"https:\/\/www.boxrepsol.com\/es\/#\/schema\/logo\/image\/","url":"https:\/\/bxrepsol.s3.eu-west-1.amazonaws.com\/static\/2025\/07\/30083337\/favicon-96x96-1.png","contentUrl":"https:\/\/bxrepsol.s3.eu-west-1.amazonaws.com\/static\/2025\/07\/30083337\/favicon-96x96-1.png","width":96,"height":96,"caption":"Box Repsol"},"image":{"@id":"https:\/\/www.boxrepsol.com\/es\/#\/schema\/logo\/image\/"},"sameAs":["https:\/\/www.facebook.com\/BoxRepsol","https:\/\/x.com\/box_repsol","http:\/\/instagram.com\/box_repsol","https:\/\/www.youtube.com\/user\/RepsolCompeticion","https:\/\/www.flickr.com\/photos\/box_repsol\/"]},{"@type":"Person","@id":"https:\/\/www.boxrepsol.com\/es\/#\/schema\/person\/c5c2138f2cca251b0ad92b7086bb60b7","name":"Redacci\u00f3n Box Repsol","image":{"@type":"ImageObject","inLanguage":"es","@id":"https:\/\/secure.gravatar.com\/avatar\/adf7b77e38b4419baf32c7e9c21dde01f4e40df611f0978e3006fc4ba0aaab7e?s=96&d=mm&r=g","url":"https:\/\/secure.gravatar.com\/avatar\/adf7b77e38b4419baf32c7e9c21dde01f4e40df611f0978e3006fc4ba0aaab7e?s=96&d=mm&r=g","contentUrl":"https:\/\/secure.gravatar.com\/avatar\/adf7b77e38b4419baf32c7e9c21dde01f4e40df611f0978e3006fc4ba0aaab7e?s=96&d=mm&r=g","caption":"Redacci\u00f3n Box Repsol"},"description":"Box Repsol lo forma un equipo de periodistas, community managers, dise\u00f1adores y fot\u00f3grafos con m\u00e1s de 20 a\u00f1os de experiencia en el mundo del motorsport. Hemos vivido el primer mundial de un espa\u00f1ol en la categor\u00eda reina de motociclismo con \u00c1lex Crivill\u00e9, estuvimos en las victorias de Pedrosa y los t\u00edtulos de M\u00e1rquez, acompa\u00f1amos en \u00c1frica a Nani Roma y Marc Coma en sus conquistas del Dakar y hemos vibrado con los t\u00edtulos de Toni Bou en Trial. Adem\u00e1s, en nuestro equipo contamos con expertos en el mundo de las dos y cuatro ruedas tanto de la calle y las carreteras, como de los circuitos. Periodistas que han trabajado en revistas y publicaciones para hacerte llegar desde rutas y consejos de mantenimiento, a curiosidades y trucos de pilotaje.","sameAs":["https:\/\/www.facebook.com\/BoxRepsol\/","https:\/\/www.instagram.com\/box_repsol\/","https:\/\/x.com\/https:\/\/twitter.com\/box_repsol","https:\/\/www.youtube.com\/@Boxrepsol"],"url":"https:\/\/www.boxrepsol.com\/es\/author\/redaccion-box-repsol\/"}]}},"_links":{"self":[{"href":"https:\/\/www.boxrepsol.com\/es\/wp-json\/wp\/v2\/posts\/92478","targetHints":{"allow":["GET"]}}],"collection":[{"href":"https:\/\/www.boxrepsol.com\/es\/wp-json\/wp\/v2\/posts"}],"about":[{"href":"https:\/\/www.boxrepsol.com\/es\/wp-json\/wp\/v2\/types\/post"}],"author":[{"embeddable":true,"href":"https:\/\/www.boxrepsol.com\/es\/wp-json\/wp\/v2\/users\/43146"}],"replies":[{"embeddable":true,"href":"https:\/\/www.boxrepsol.com\/es\/wp-json\/wp\/v2\/comments?post=92478"}],"version-history":[{"count":2,"href":"https:\/\/www.boxrepsol.com\/es\/wp-json\/wp\/v2\/posts\/92478\/revisions"}],"predecessor-version":[{"id":110989,"href":"https:\/\/www.boxrepsol.com\/es\/wp-json\/wp\/v2\/posts\/92478\/revisions\/110989"}],"wp:featuredmedia":[{"embeddable":true,"href":"https:\/\/www.boxrepsol.com\/es\/wp-json\/wp\/v2\/media\/92479"}],"wp:attachment":[{"href":"https:\/\/www.boxrepsol.com\/es\/wp-json\/wp\/v2\/media?parent=92478"}],"wp:term":[{"taxonomy":"category","embeddable":true,"href":"https:\/\/www.boxrepsol.com\/es\/wp-json\/wp\/v2\/categories?post=92478"},{"taxonomy":"post_tag","embeddable":true,"href":"https:\/\/www.boxrepsol.com\/es\/wp-json\/wp\/v2\/tags?post=92478"}],"curies":[{"name":"wp","href":"https:\/\/api.w.org\/{rel}","templated":true}]}}