{"id":92466,"date":"2018-01-05T00:00:00","date_gmt":"2018-01-05T02:00:00","guid":{"rendered":"http:\/\/pre.boxrepsol.com\/sin-categorizar\/motoclub-en-galicia-mototurismo-coruna\/"},"modified":"2024-05-21T07:09:17","modified_gmt":"2024-05-21T09:09:17","slug":"motoclub-en-galicia-mototurismo-coruna","status":"publish","type":"post","link":"https:\/\/www.boxrepsol.com\/es\/cultura-motera\/motoclub-en-galicia-mototurismo-coruna\/","title":{"rendered":"Un Motoclub en Galicia: Moto Turismo Coru\u00f1a"},"content":{"rendered":"<p>Mototurismo Coru\u00f1a tiene algo especial: su \u201cConcentraci\u00f3n Internacional Moto Turismo Coru\u00f1a en Arteixo\u201d. Este a\u00f1o ya en su XI edici\u00f3n, el encuentro motero celebrado junto a la capital gallega sigue recibiendo a\u00f1o a a\u00f1o un superior reconocimiento.<\/p>\n<p>Pero, \u00bfQu\u00e9 es MotoTurismo Coru\u00f1a? El motoclub germina en el a\u00f1o 2005 gracias al impulso de un grupo de moteros a quien<em> \u201cle encanta disfrutar de las enormes oportunidades que nos brinda nuestra tierra a nivel tur\u00edstico, en cuanto a paisajes, a la buena gastronom\u00eda, a su historia&#8230;\u201d<\/em><\/p>\n<p><iframe loading=\"lazy\" style=\"border: none; overflow: hidden;\" src=\"https:\/\/www.facebook.com\/plugins\/post.php?href=https%3A%2F%2Fwww.facebook.com%2Fmoto.turismocoruna%2Fphotos%2Fa.753564294757300.1073741838.720256048088125%2F1448414641938925%2F%3Ftype%3D3&amp;width=500\" width=\"500\" height=\"332\" frameborder=\"0\" scrolling=\"no\"><\/iframe><\/p>\n<p>Tras\u00a0todos estos\u00a0a\u00f1os, el Motoclub atesora socios procedentes de toda la provincia.<\/p>\n<p>En este tiempo, sus afiliados indican que <em>\u201cllevamos miles de kil\u00f3metros recorridos por todas las provincias de nuestra Comunidad\u00a0disfrutando de nuestra geograf\u00eda y de toda la pen\u00ednsula ib\u00e9rica\u201d.<br \/>\n<\/em>Entre sus actividades se encuentran la intervenci\u00f3n en cursos de seguridad vial, y en talleres de formaci\u00f3n y perfeccionamiento en t\u00e9cnicas de conducci\u00f3n.<\/p>\n<p>No desatienden la colaboraci\u00f3n con diferentes cuerpos de seguridad del Estado en diferentes materias, siempre a favor de la mengua de la siniestralidad en nuestras carreteras, as\u00ed como <em>\u201cla confraternizaci\u00f3n con otros Motoclubs y pe\u00f1as espa\u00f1olas\u201d.<\/em><\/p>\n<p>Sin embargo, reiteran como uno de sus \u201cculmen\u201d anuales <em>\u201cla realizaci\u00f3n de una Concentraci\u00f3n Anual en la ciudad de A Coru\u00f1a\u201d.<\/em><br \/>\nDe modo aut\u00f3nomo, todos los viernes sus socios se re\u00fanen en su local social para <em>\u201ccharlar y tomar algo en una agradable compa\u00f1\u00eda, as\u00ed como para preparar las pr\u00f3ximas salidas\u201d.<\/em><\/p>\n<p><img loading=\"lazy\" decoding=\"async\" src=\"https:\/\/bxrepsol.s3.eu-west-1.amazonaws.com\/static\/2022\/08\/29074902\/mototurismo_coruna_2_facebook_oficial-2.png\" alt=\"\" width=\"704\" height=\"450\" \/><\/p>\n<p>Del mismo modo, al menos una vez al mes, el Mototurismo Coru\u00f1a,<em> \u201cprepara para los socios, una salida de todo el d\u00eda, con pinchos, comida, ruta paisaj\u00edstica y alg\u00fan sitio para visitar o alguna actividad que desarrollar\u201d.<\/em><\/p>\n<p>As\u00ed, entre sus actividades, destacan tambi\u00e9n su presencia en la 1\u00aa Copa Desaf\u00edo Asociaci\u00f3n organizada por la Asociaci\u00f3n de Grupos Moteros Gallegos, o la Vuelta a Galicia en un d\u00eda celebrada en octubre de 2009 para<\/p>\n<p>luchar con m\u00e1s fuerza por la seguridad vial del colectivo motero.<\/p>\n<p>Este mismo a\u00f1o, participaron en la <em>\u201cXuntaza de Motoclubs Coru\u00f1eses con los Escorpiones\u201d,<\/em> celebrada a 10 de octubre de 2017 por los amigos \u201cMotards Coru\u00f1a\u201d&#8230; Y no olvidemos el \u201cMemorial Jos\u00e9 Ramallo Pequecho\u201d, piloto local, una cita amigada con el Motoclub Culleredo que, este a\u00f1o, ha dedicado un emotivo homenaje a \u00c1ngel Nieto.<\/p>\n<p>Y, como ya se acercan las Navidades, Mototurismo Coru\u00f1a celebr\u00f3 su \u201cPapanoelada\u201d, en la que quedaron recuerdos como este:<\/p>\n<p><img loading=\"lazy\" decoding=\"async\" src=\"https:\/\/bxrepsol.s3.eu-west-1.amazonaws.com\/static\/2022\/08\/29074903\/mototurismo_coruna_1_facebook_oficial-2.png\" alt=\"\" width=\"704\" height=\"450\" \/><\/p>\n<p>&nbsp;<\/p>\n<p>&nbsp;<\/p>\n<p>Foto cabecera: Moto Turismo Coru\u00f1a | Flickr<\/p>\n","protected":false},"excerpt":{"rendered":"<p>\u201cNa beira do mar, na beirinha do mar, hay una barquinha para ir a navegar&#8230; y, siempre, \u00a1una moto para salir a rodar! Mototurismo Coru\u00f1a el motoclub en Galicia que os traemos hoy.<\/p>\n","protected":false},"author":43146,"featured_media":92468,"comment_status":"open","ping_status":"open","sticky":false,"template":"","format":"standard","meta":{"footnotes":""},"categories":[160],"tags":[167],"class_list":["post-92466","post","type-post","status-publish","format-standard","hentry","category-cultura-motera","tag-clubs-y-grupos-moteros"],"yoast_head":"<!-- This site is optimized with the Yoast SEO plugin v27.3 - https:\/\/yoast.com\/product\/yoast-seo-wordpress\/ -->\n<title>Un Motoclub en Galicia: Mototurismo Coru\u00f1a<\/title>\n<meta name=\"description\" content=\"Mototurismo Coru\u00f1a tiene algo especial: su \u201cConcentraci\u00f3n Internacional Moto Turismo Coru\u00f1a en Arteixo\u201d.\" \/>\n<link rel=\"canonical\" href=\"https:\/\/www.boxrepsol.com\/es\/cultura-motera\/motoclub-en-galicia-mototurismo-coruna\/\" \/>\n<meta property=\"og:locale\" content=\"es_ES\" \/>\n<meta property=\"og:type\" content=\"article\" \/>\n<meta property=\"og:title\" content=\"Un Motoclub en Galicia: Mototurismo Coru\u00f1a\" \/>\n<meta property=\"og:description\" content=\"Mototurismo Coru\u00f1a tiene algo especial: su \u201cConcentraci\u00f3n Internacional Moto Turismo Coru\u00f1a en Arteixo\u201d.\" \/>\n<meta property=\"og:url\" content=\"https:\/\/www.boxrepsol.com\/es\/cultura-motera\/motoclub-en-galicia-mototurismo-coruna\/\" \/>\n<meta property=\"og:site_name\" content=\"Box Repsol\" \/>\n<meta property=\"article:publisher\" content=\"https:\/\/www.facebook.com\/BoxRepsol\" \/>\n<meta property=\"article:author\" content=\"https:\/\/www.facebook.com\/BoxRepsol\/\" \/>\n<meta property=\"article:published_time\" content=\"2018-01-05T02:00:00+00:00\" \/>\n<meta property=\"article:modified_time\" content=\"2024-05-21T09:09:17+00:00\" \/>\n<meta property=\"og:image\" content=\"https:\/\/bxrepsol.s3.eu-west-1.amazonaws.com\/static\/2023\/02\/24101317\/mototurismo_coruna_header_facebook_oficial.png\" \/>\n\t<meta property=\"og:image:width\" content=\"986\" \/>\n\t<meta property=\"og:image:height\" content=\"555\" \/>\n\t<meta property=\"og:image:type\" content=\"image\/png\" \/>\n<meta name=\"author\" content=\"Redacci\u00f3n Box Repsol\" \/>\n<meta name=\"twitter:card\" content=\"summary_large_image\" \/>\n<meta name=\"twitter:creator\" content=\"@https:\/\/twitter.com\/box_repsol\" \/>\n<meta name=\"twitter:site\" content=\"@box_repsol\" \/>\n<meta name=\"twitter:label1\" content=\"Written by\" \/>\n\t<meta name=\"twitter:data1\" content=\"Redacci\u00f3n Box Repsol\" \/>\n\t<meta name=\"twitter:label2\" content=\"Est. reading time\" \/>\n\t<meta name=\"twitter:data2\" content=\"2 minutos\" \/>\n<script type=\"application\/ld+json\" class=\"yoast-schema-graph\">{\"@context\":\"https:\\\/\\\/schema.org\",\"@graph\":[{\"@type\":\"Article\",\"@id\":\"https:\\\/\\\/www.boxrepsol.com\\\/es\\\/cultura-motera\\\/motoclub-en-galicia-mototurismo-coruna\\\/#article\",\"isPartOf\":{\"@id\":\"https:\\\/\\\/www.boxrepsol.com\\\/es\\\/cultura-motera\\\/motoclub-en-galicia-mototurismo-coruna\\\/\"},\"author\":{\"name\":\"Redacci\u00f3n Box Repsol\",\"@id\":\"https:\\\/\\\/www.boxrepsol.com\\\/es\\\/#\\\/schema\\\/person\\\/c5c2138f2cca251b0ad92b7086bb60b7\"},\"headline\":\"Un Motoclub en Galicia: Moto Turismo Coru\u00f1a\",\"datePublished\":\"2018-01-05T02:00:00+00:00\",\"dateModified\":\"2024-05-21T09:09:17+00:00\",\"mainEntityOfPage\":{\"@id\":\"https:\\\/\\\/www.boxrepsol.com\\\/es\\\/cultura-motera\\\/motoclub-en-galicia-mototurismo-coruna\\\/\"},\"wordCount\":451,\"commentCount\":3,\"publisher\":{\"@id\":\"https:\\\/\\\/www.boxrepsol.com\\\/es\\\/#organization\"},\"image\":{\"@id\":\"https:\\\/\\\/www.boxrepsol.com\\\/es\\\/cultura-motera\\\/motoclub-en-galicia-mototurismo-coruna\\\/#primaryimage\"},\"thumbnailUrl\":\"https:\\\/\\\/bxrepsol.s3.eu-west-1.amazonaws.com\\\/static\\\/2023\\\/02\\\/24101317\\\/mototurismo_coruna_header_facebook_oficial.png\",\"keywords\":[\"clubs y grupos moteros\"],\"articleSection\":[\"Cultura Motera\"],\"inLanguage\":\"es\",\"potentialAction\":[{\"@type\":\"CommentAction\",\"name\":\"Comment\",\"target\":[\"https:\\\/\\\/www.boxrepsol.com\\\/es\\\/cultura-motera\\\/motoclub-en-galicia-mototurismo-coruna\\\/#respond\"]}]},{\"@type\":\"WebPage\",\"@id\":\"https:\\\/\\\/www.boxrepsol.com\\\/es\\\/cultura-motera\\\/motoclub-en-galicia-mototurismo-coruna\\\/\",\"url\":\"https:\\\/\\\/www.boxrepsol.com\\\/es\\\/cultura-motera\\\/motoclub-en-galicia-mototurismo-coruna\\\/\",\"name\":\"Un Motoclub en Galicia: Mototurismo Coru\u00f1a\",\"isPartOf\":{\"@id\":\"https:\\\/\\\/www.boxrepsol.com\\\/es\\\/#website\"},\"primaryImageOfPage\":{\"@id\":\"https:\\\/\\\/www.boxrepsol.com\\\/es\\\/cultura-motera\\\/motoclub-en-galicia-mototurismo-coruna\\\/#primaryimage\"},\"image\":{\"@id\":\"https:\\\/\\\/www.boxrepsol.com\\\/es\\\/cultura-motera\\\/motoclub-en-galicia-mototurismo-coruna\\\/#primaryimage\"},\"thumbnailUrl\":\"https:\\\/\\\/bxrepsol.s3.eu-west-1.amazonaws.com\\\/static\\\/2023\\\/02\\\/24101317\\\/mototurismo_coruna_header_facebook_oficial.png\",\"datePublished\":\"2018-01-05T02:00:00+00:00\",\"dateModified\":\"2024-05-21T09:09:17+00:00\",\"description\":\"Mototurismo Coru\u00f1a tiene algo especial: su \u201cConcentraci\u00f3n Internacional Moto Turismo Coru\u00f1a en Arteixo\u201d.\",\"breadcrumb\":{\"@id\":\"https:\\\/\\\/www.boxrepsol.com\\\/es\\\/cultura-motera\\\/motoclub-en-galicia-mototurismo-coruna\\\/#breadcrumb\"},\"inLanguage\":\"es\",\"potentialAction\":[{\"@type\":\"ReadAction\",\"target\":[\"https:\\\/\\\/www.boxrepsol.com\\\/es\\\/cultura-motera\\\/motoclub-en-galicia-mototurismo-coruna\\\/\"]}]},{\"@type\":\"ImageObject\",\"inLanguage\":\"es\",\"@id\":\"https:\\\/\\\/www.boxrepsol.com\\\/es\\\/cultura-motera\\\/motoclub-en-galicia-mototurismo-coruna\\\/#primaryimage\",\"url\":\"https:\\\/\\\/bxrepsol.s3.eu-west-1.amazonaws.com\\\/static\\\/2023\\\/02\\\/24101317\\\/mototurismo_coruna_header_facebook_oficial.png\",\"contentUrl\":\"https:\\\/\\\/bxrepsol.s3.eu-west-1.amazonaws.com\\\/static\\\/2023\\\/02\\\/24101317\\\/mototurismo_coruna_header_facebook_oficial.png\",\"width\":986,\"height\":555,\"caption\":\"Grupo de motoristas tras sus motos\"},{\"@type\":\"BreadcrumbList\",\"@id\":\"https:\\\/\\\/www.boxrepsol.com\\\/es\\\/cultura-motera\\\/motoclub-en-galicia-mototurismo-coruna\\\/#breadcrumb\",\"itemListElement\":[{\"@type\":\"ListItem\",\"position\":1,\"name\":\"Home\",\"item\":\"https:\\\/\\\/www.boxrepsol.com\\\/es\\\/\"},{\"@type\":\"ListItem\",\"position\":2,\"name\":\"Un Motoclub en Galicia: Moto Turismo Coru\u00f1a\"}]},{\"@type\":\"WebSite\",\"@id\":\"https:\\\/\\\/www.boxrepsol.com\\\/es\\\/#website\",\"url\":\"https:\\\/\\\/www.boxrepsol.com\\\/es\\\/\",\"name\":\"Box Repsol\",\"description\":\"Box Repsol Site\",\"publisher\":{\"@id\":\"https:\\\/\\\/www.boxrepsol.com\\\/es\\\/#organization\"},\"potentialAction\":[{\"@type\":\"SearchAction\",\"target\":{\"@type\":\"EntryPoint\",\"urlTemplate\":\"https:\\\/\\\/www.boxrepsol.com\\\/es\\\/?s={search_term_string}\"},\"query-input\":{\"@type\":\"PropertyValueSpecification\",\"valueRequired\":true,\"valueName\":\"search_term_string\"}}],\"inLanguage\":\"es\"},{\"@type\":\"Organization\",\"@id\":\"https:\\\/\\\/www.boxrepsol.com\\\/es\\\/#organization\",\"name\":\"Box Repsol\",\"url\":\"https:\\\/\\\/www.boxrepsol.com\\\/es\\\/\",\"logo\":{\"@type\":\"ImageObject\",\"inLanguage\":\"es\",\"@id\":\"https:\\\/\\\/www.boxrepsol.com\\\/es\\\/#\\\/schema\\\/logo\\\/image\\\/\",\"url\":\"https:\\\/\\\/bxrepsol.s3.eu-west-1.amazonaws.com\\\/static\\\/2025\\\/07\\\/30083337\\\/favicon-96x96-1.png\",\"contentUrl\":\"https:\\\/\\\/bxrepsol.s3.eu-west-1.amazonaws.com\\\/static\\\/2025\\\/07\\\/30083337\\\/favicon-96x96-1.png\",\"width\":96,\"height\":96,\"caption\":\"Box Repsol\"},\"image\":{\"@id\":\"https:\\\/\\\/www.boxrepsol.com\\\/es\\\/#\\\/schema\\\/logo\\\/image\\\/\"},\"sameAs\":[\"https:\\\/\\\/www.facebook.com\\\/BoxRepsol\",\"https:\\\/\\\/x.com\\\/box_repsol\",\"http:\\\/\\\/instagram.com\\\/box_repsol\",\"https:\\\/\\\/www.youtube.com\\\/user\\\/RepsolCompeticion\",\"https:\\\/\\\/www.flickr.com\\\/photos\\\/box_repsol\\\/\"]},{\"@type\":\"Person\",\"@id\":\"https:\\\/\\\/www.boxrepsol.com\\\/es\\\/#\\\/schema\\\/person\\\/c5c2138f2cca251b0ad92b7086bb60b7\",\"name\":\"Redacci\u00f3n Box Repsol\",\"image\":{\"@type\":\"ImageObject\",\"inLanguage\":\"es\",\"@id\":\"https:\\\/\\\/secure.gravatar.com\\\/avatar\\\/adf7b77e38b4419baf32c7e9c21dde01f4e40df611f0978e3006fc4ba0aaab7e?s=96&d=mm&r=g\",\"url\":\"https:\\\/\\\/secure.gravatar.com\\\/avatar\\\/adf7b77e38b4419baf32c7e9c21dde01f4e40df611f0978e3006fc4ba0aaab7e?s=96&d=mm&r=g\",\"contentUrl\":\"https:\\\/\\\/secure.gravatar.com\\\/avatar\\\/adf7b77e38b4419baf32c7e9c21dde01f4e40df611f0978e3006fc4ba0aaab7e?s=96&d=mm&r=g\",\"caption\":\"Redacci\u00f3n Box Repsol\"},\"description\":\"Box Repsol lo forma un equipo de periodistas, community managers, dise\u00f1adores y fot\u00f3grafos con m\u00e1s de 20 a\u00f1os de experiencia en el mundo del motorsport. Hemos vivido el primer mundial de un espa\u00f1ol en la categor\u00eda reina de motociclismo con \u00c1lex Crivill\u00e9, estuvimos en las victorias de Pedrosa y los t\u00edtulos de M\u00e1rquez, acompa\u00f1amos en \u00c1frica a Nani Roma y Marc Coma en sus conquistas del Dakar y hemos vibrado con los t\u00edtulos de Toni Bou en Trial. Adem\u00e1s, en nuestro equipo contamos con expertos en el mundo de las dos y cuatro ruedas tanto de la calle y las carreteras, como de los circuitos. Periodistas que han trabajado en revistas y publicaciones para hacerte llegar desde rutas y consejos de mantenimiento, a curiosidades y trucos de pilotaje.\",\"sameAs\":[\"https:\\\/\\\/www.facebook.com\\\/BoxRepsol\\\/\",\"https:\\\/\\\/www.instagram.com\\\/box_repsol\\\/\",\"https:\\\/\\\/x.com\\\/https:\\\/\\\/twitter.com\\\/box_repsol\",\"https:\\\/\\\/www.youtube.com\\\/@Boxrepsol\"],\"url\":\"https:\\\/\\\/www.boxrepsol.com\\\/es\\\/author\\\/redaccion-box-repsol\\\/\"}]}<\/script>\n<!-- \/ Yoast SEO plugin. -->","yoast_head_json":{"title":"Un Motoclub en Galicia: Mototurismo Coru\u00f1a","description":"Mototurismo Coru\u00f1a tiene algo especial: su \u201cConcentraci\u00f3n Internacional Moto Turismo Coru\u00f1a en Arteixo\u201d.","canonical":"https:\/\/www.boxrepsol.com\/es\/cultura-motera\/motoclub-en-galicia-mototurismo-coruna\/","og_locale":"es_ES","og_type":"article","og_title":"Un Motoclub en Galicia: Mototurismo Coru\u00f1a","og_description":"Mototurismo Coru\u00f1a tiene algo especial: su \u201cConcentraci\u00f3n Internacional Moto Turismo Coru\u00f1a en Arteixo\u201d.","og_url":"https:\/\/www.boxrepsol.com\/es\/cultura-motera\/motoclub-en-galicia-mototurismo-coruna\/","og_site_name":"Box Repsol","article_publisher":"https:\/\/www.facebook.com\/BoxRepsol","article_author":"https:\/\/www.facebook.com\/BoxRepsol\/","article_published_time":"2018-01-05T02:00:00+00:00","article_modified_time":"2024-05-21T09:09:17+00:00","og_image":[{"width":986,"height":555,"url":"https:\/\/bxrepsol.s3.eu-west-1.amazonaws.com\/static\/2023\/02\/24101317\/mototurismo_coruna_header_facebook_oficial.png","type":"image\/png"}],"author":"Redacci\u00f3n Box Repsol","twitter_card":"summary_large_image","twitter_creator":"@https:\/\/twitter.com\/box_repsol","twitter_site":"@box_repsol","twitter_misc":{"Written by":"Redacci\u00f3n Box Repsol","Est. reading time":"2 minutos"},"schema":{"@context":"https:\/\/schema.org","@graph":[{"@type":"Article","@id":"https:\/\/www.boxrepsol.com\/es\/cultura-motera\/motoclub-en-galicia-mototurismo-coruna\/#article","isPartOf":{"@id":"https:\/\/www.boxrepsol.com\/es\/cultura-motera\/motoclub-en-galicia-mototurismo-coruna\/"},"author":{"name":"Redacci\u00f3n Box Repsol","@id":"https:\/\/www.boxrepsol.com\/es\/#\/schema\/person\/c5c2138f2cca251b0ad92b7086bb60b7"},"headline":"Un Motoclub en Galicia: Moto Turismo Coru\u00f1a","datePublished":"2018-01-05T02:00:00+00:00","dateModified":"2024-05-21T09:09:17+00:00","mainEntityOfPage":{"@id":"https:\/\/www.boxrepsol.com\/es\/cultura-motera\/motoclub-en-galicia-mototurismo-coruna\/"},"wordCount":451,"commentCount":3,"publisher":{"@id":"https:\/\/www.boxrepsol.com\/es\/#organization"},"image":{"@id":"https:\/\/www.boxrepsol.com\/es\/cultura-motera\/motoclub-en-galicia-mototurismo-coruna\/#primaryimage"},"thumbnailUrl":"https:\/\/bxrepsol.s3.eu-west-1.amazonaws.com\/static\/2023\/02\/24101317\/mototurismo_coruna_header_facebook_oficial.png","keywords":["clubs y grupos moteros"],"articleSection":["Cultura Motera"],"inLanguage":"es","potentialAction":[{"@type":"CommentAction","name":"Comment","target":["https:\/\/www.boxrepsol.com\/es\/cultura-motera\/motoclub-en-galicia-mototurismo-coruna\/#respond"]}]},{"@type":"WebPage","@id":"https:\/\/www.boxrepsol.com\/es\/cultura-motera\/motoclub-en-galicia-mototurismo-coruna\/","url":"https:\/\/www.boxrepsol.com\/es\/cultura-motera\/motoclub-en-galicia-mototurismo-coruna\/","name":"Un Motoclub en Galicia: Mototurismo Coru\u00f1a","isPartOf":{"@id":"https:\/\/www.boxrepsol.com\/es\/#website"},"primaryImageOfPage":{"@id":"https:\/\/www.boxrepsol.com\/es\/cultura-motera\/motoclub-en-galicia-mototurismo-coruna\/#primaryimage"},"image":{"@id":"https:\/\/www.boxrepsol.com\/es\/cultura-motera\/motoclub-en-galicia-mototurismo-coruna\/#primaryimage"},"thumbnailUrl":"https:\/\/bxrepsol.s3.eu-west-1.amazonaws.com\/static\/2023\/02\/24101317\/mototurismo_coruna_header_facebook_oficial.png","datePublished":"2018-01-05T02:00:00+00:00","dateModified":"2024-05-21T09:09:17+00:00","description":"Mototurismo Coru\u00f1a tiene algo especial: su \u201cConcentraci\u00f3n Internacional Moto Turismo Coru\u00f1a en Arteixo\u201d.","breadcrumb":{"@id":"https:\/\/www.boxrepsol.com\/es\/cultura-motera\/motoclub-en-galicia-mototurismo-coruna\/#breadcrumb"},"inLanguage":"es","potentialAction":[{"@type":"ReadAction","target":["https:\/\/www.boxrepsol.com\/es\/cultura-motera\/motoclub-en-galicia-mototurismo-coruna\/"]}]},{"@type":"ImageObject","inLanguage":"es","@id":"https:\/\/www.boxrepsol.com\/es\/cultura-motera\/motoclub-en-galicia-mototurismo-coruna\/#primaryimage","url":"https:\/\/bxrepsol.s3.eu-west-1.amazonaws.com\/static\/2023\/02\/24101317\/mototurismo_coruna_header_facebook_oficial.png","contentUrl":"https:\/\/bxrepsol.s3.eu-west-1.amazonaws.com\/static\/2023\/02\/24101317\/mototurismo_coruna_header_facebook_oficial.png","width":986,"height":555,"caption":"Grupo de motoristas tras sus motos"},{"@type":"BreadcrumbList","@id":"https:\/\/www.boxrepsol.com\/es\/cultura-motera\/motoclub-en-galicia-mototurismo-coruna\/#breadcrumb","itemListElement":[{"@type":"ListItem","position":1,"name":"Home","item":"https:\/\/www.boxrepsol.com\/es\/"},{"@type":"ListItem","position":2,"name":"Un Motoclub en Galicia: Moto Turismo Coru\u00f1a"}]},{"@type":"WebSite","@id":"https:\/\/www.boxrepsol.com\/es\/#website","url":"https:\/\/www.boxrepsol.com\/es\/","name":"Box Repsol","description":"Box Repsol Site","publisher":{"@id":"https:\/\/www.boxrepsol.com\/es\/#organization"},"potentialAction":[{"@type":"SearchAction","target":{"@type":"EntryPoint","urlTemplate":"https:\/\/www.boxrepsol.com\/es\/?s={search_term_string}"},"query-input":{"@type":"PropertyValueSpecification","valueRequired":true,"valueName":"search_term_string"}}],"inLanguage":"es"},{"@type":"Organization","@id":"https:\/\/www.boxrepsol.com\/es\/#organization","name":"Box Repsol","url":"https:\/\/www.boxrepsol.com\/es\/","logo":{"@type":"ImageObject","inLanguage":"es","@id":"https:\/\/www.boxrepsol.com\/es\/#\/schema\/logo\/image\/","url":"https:\/\/bxrepsol.s3.eu-west-1.amazonaws.com\/static\/2025\/07\/30083337\/favicon-96x96-1.png","contentUrl":"https:\/\/bxrepsol.s3.eu-west-1.amazonaws.com\/static\/2025\/07\/30083337\/favicon-96x96-1.png","width":96,"height":96,"caption":"Box Repsol"},"image":{"@id":"https:\/\/www.boxrepsol.com\/es\/#\/schema\/logo\/image\/"},"sameAs":["https:\/\/www.facebook.com\/BoxRepsol","https:\/\/x.com\/box_repsol","http:\/\/instagram.com\/box_repsol","https:\/\/www.youtube.com\/user\/RepsolCompeticion","https:\/\/www.flickr.com\/photos\/box_repsol\/"]},{"@type":"Person","@id":"https:\/\/www.boxrepsol.com\/es\/#\/schema\/person\/c5c2138f2cca251b0ad92b7086bb60b7","name":"Redacci\u00f3n Box Repsol","image":{"@type":"ImageObject","inLanguage":"es","@id":"https:\/\/secure.gravatar.com\/avatar\/adf7b77e38b4419baf32c7e9c21dde01f4e40df611f0978e3006fc4ba0aaab7e?s=96&d=mm&r=g","url":"https:\/\/secure.gravatar.com\/avatar\/adf7b77e38b4419baf32c7e9c21dde01f4e40df611f0978e3006fc4ba0aaab7e?s=96&d=mm&r=g","contentUrl":"https:\/\/secure.gravatar.com\/avatar\/adf7b77e38b4419baf32c7e9c21dde01f4e40df611f0978e3006fc4ba0aaab7e?s=96&d=mm&r=g","caption":"Redacci\u00f3n Box Repsol"},"description":"Box Repsol lo forma un equipo de periodistas, community managers, dise\u00f1adores y fot\u00f3grafos con m\u00e1s de 20 a\u00f1os de experiencia en el mundo del motorsport. Hemos vivido el primer mundial de un espa\u00f1ol en la categor\u00eda reina de motociclismo con \u00c1lex Crivill\u00e9, estuvimos en las victorias de Pedrosa y los t\u00edtulos de M\u00e1rquez, acompa\u00f1amos en \u00c1frica a Nani Roma y Marc Coma en sus conquistas del Dakar y hemos vibrado con los t\u00edtulos de Toni Bou en Trial. Adem\u00e1s, en nuestro equipo contamos con expertos en el mundo de las dos y cuatro ruedas tanto de la calle y las carreteras, como de los circuitos. Periodistas que han trabajado en revistas y publicaciones para hacerte llegar desde rutas y consejos de mantenimiento, a curiosidades y trucos de pilotaje.","sameAs":["https:\/\/www.facebook.com\/BoxRepsol\/","https:\/\/www.instagram.com\/box_repsol\/","https:\/\/x.com\/https:\/\/twitter.com\/box_repsol","https:\/\/www.youtube.com\/@Boxrepsol"],"url":"https:\/\/www.boxrepsol.com\/es\/author\/redaccion-box-repsol\/"}]}},"_links":{"self":[{"href":"https:\/\/www.boxrepsol.com\/es\/wp-json\/wp\/v2\/posts\/92466","targetHints":{"allow":["GET"]}}],"collection":[{"href":"https:\/\/www.boxrepsol.com\/es\/wp-json\/wp\/v2\/posts"}],"about":[{"href":"https:\/\/www.boxrepsol.com\/es\/wp-json\/wp\/v2\/types\/post"}],"author":[{"embeddable":true,"href":"https:\/\/www.boxrepsol.com\/es\/wp-json\/wp\/v2\/users\/43146"}],"replies":[{"embeddable":true,"href":"https:\/\/www.boxrepsol.com\/es\/wp-json\/wp\/v2\/comments?post=92466"}],"version-history":[{"count":1,"href":"https:\/\/www.boxrepsol.com\/es\/wp-json\/wp\/v2\/posts\/92466\/revisions"}],"predecessor-version":[{"id":92467,"href":"https:\/\/www.boxrepsol.com\/es\/wp-json\/wp\/v2\/posts\/92466\/revisions\/92467"}],"wp:featuredmedia":[{"embeddable":true,"href":"https:\/\/www.boxrepsol.com\/es\/wp-json\/wp\/v2\/media\/92468"}],"wp:attachment":[{"href":"https:\/\/www.boxrepsol.com\/es\/wp-json\/wp\/v2\/media?parent=92466"}],"wp:term":[{"taxonomy":"category","embeddable":true,"href":"https:\/\/www.boxrepsol.com\/es\/wp-json\/wp\/v2\/categories?post=92466"},{"taxonomy":"post_tag","embeddable":true,"href":"https:\/\/www.boxrepsol.com\/es\/wp-json\/wp\/v2\/tags?post=92466"}],"curies":[{"name":"wp","href":"https:\/\/api.w.org\/{rel}","templated":true}]}}