{"id":92460,"date":"2018-01-04T00:00:00","date_gmt":"2018-01-04T02:00:00","guid":{"rendered":"http:\/\/pre.boxrepsol.com\/sin-categorizar\/presentacion-en-peru-del-repsol-rally-team-que-participara-en-el-dakar\/"},"modified":"2024-05-21T07:17:52","modified_gmt":"2024-05-21T09:17:52","slug":"presentacion-en-peru-del-repsol-rally-team-que-participara-en-el-dakar","status":"publish","type":"post","link":"https:\/\/www.boxrepsol.com\/es\/rally\/presentacion-en-peru-del-repsol-rally-team-que-participara-en-el-dakar\/","title":{"rendered":"Presentaci\u00f3n en Per\u00fa del Repsol Rally Team que participar\u00e1 en el Dakar"},"content":{"rendered":"<blockquote>\n<p>El patrocinio de Repsol permite poner a prueba sus productos en las competiciones m\u00e1s exigentes, mejorando la fiabilidad y flexibilidad de los lubricantes para su \u00f3ptimo funcionamiento<\/p>\n<p>            <a href=\"http:\/\/twitter.com\/share?text=El+patrocinio+de+Repsol+permite+poner+a+prueba+sus+productos+en+las+competiciones+m%C3%A1s+exigentes%2C+mejorando+la+fiabilidad+y+flexibilidad+de+los+lubricantes+para+su+%C3%B3ptimo+funcionamiento&#038;url=https%3A%2F%2Fwww.boxrepsol.com%2Fes%2Frally%2Fpresentacion-en-peru-del-repsol-rally-team-que-participara-en-el-dakar%2F&#038;hashtags=\" target=\"_blank\" data-datalayer='{\"event\": \"socialInteraction\", \"socialNetwork\": \"Twitter\", \"socialAction\": \"Compartir\", \"socialTarget\": \"Frase\"}' rel=\"noopener\"><br \/>\n            twittear        <\/a>\n        <\/p><\/blockquote>\n<p>Repsol present\u00f3 al Repsol Rally Team que participar\u00e1 en la competencia Dakar 2018. Su piloto, Isidre Esteve afronta un nuevo desaf\u00edo: competir de igual a igual con los veh\u00edculos oficiales y acabar entre los 20 primeros en el pr\u00f3ximo Rally Dakar.<\/p>\n<p>El uso de lubricantes formulados para las condiciones extremas como son los lubricantes Repsol, es un factor cr\u00edtico para este tipo de competiciones y as\u00ed evitar aver\u00edas y mayor desgaste por falta de protecci\u00f3n entre piezas met\u00e1licas. El Dakar 2018 cuenta con recorridos de cerca de 9,000 kms y se desarrollar\u00e1 a trav\u00e9s de distintas condiciones geogr\u00e1ficas pasando desde inh\u00f3spitas dunas del desierto a alturas cercanas a los 4,000 metros sobre el nivel del mar.<\/p>\n<p>Repsol comparte los valores de esfuerzo, dedicaci\u00f3n, superaci\u00f3n, trabajo en equipo e innovaci\u00f3n con Isidre Esteve. Esta alianza permitir\u00e1 poner a prueba los lubricantes a las altas exigencias que presenta el Dakar y aplicarlas en el dise\u00f1o de los productos Repsol, lo que asegura el \u00f3ptimo funcionamiento del veh\u00edculo en las condiciones m\u00e1s extremas.<\/p>\n<p>En esta oportunidad, el Repsol Rally Team contar\u00e1 con un potente prototipo BV6 con los mandos adaptados al volante. Isidre Esteve afirma <em>\u201cMi discapacidad ya no me impide ser competitivo de verdad\u201d,<\/em> como lo ha demostrado en los rallys previos de Baja Arag\u00f3n y Marruecos, tras haber acumulado casi 4.000 kil\u00f3metros a lo largo del a\u00f1o, entre carreras y pr\u00e1cticas.<\/p>\n<p>La positiva experiencia vivida durante el Dakar 2017 tambi\u00e9n juega a su favor, ya que pudo constatar en condiciones extremas el funcionamiento del Coj\u00edn Inteligente, que le permite estar sentado durante muchas horas sin da\u00f1o f\u00edsico. <em>\u201cEl a\u00f1o pasado pudimos comprobar la eficacia del coj\u00edn y que mi discapacidad no representa ning\u00fan problema para ser competitivos de verdad. Todo funcion\u00f3 y por eso ahora podemos olvidarnos de mi salud y centrarnos s\u00f3lo en ser competitivos\u201d<\/em>, afirma Isidre que volver\u00e1 a estar acompa\u00f1ado de su copiloto, Txema Villalobos.<\/p>\n","protected":false},"excerpt":{"rendered":"<p>En su notable af\u00e1n de superaci\u00f3n el piloto Isidre Esteve, cuya discapacidad no es impedimento para ser competitivo, buscar\u00e1 entrar en el top 20 con un potente prototipo con los mandos adaptados en el volante.<\/p>\n","protected":false},"author":43146,"featured_media":87309,"comment_status":"open","ping_status":"open","sticky":false,"template":"","format":"standard","meta":{"footnotes":""},"categories":[27],"tags":[130],"class_list":["post-92460","post","type-post","status-publish","format-standard","hentry","category-rally","tag-otros-eventos-y-competiciones"],"yoast_head":"<!-- This site is optimized with the Yoast SEO plugin v27.3 - https:\/\/yoast.com\/product\/yoast-seo-wordpress\/ -->\n<title>Presentaci\u00f3n en Per\u00fa del Repsol Rally Team que participar\u00e1 en el Dakar - Box Repsol<\/title>\n<meta name=\"description\" content=\"En su notable af\u00e1n de superaci\u00f3n el piloto Isidre Esteve, cuya discapacidad no es impedimento para ser competitivo, buscar\u00e1 entrar en el top 20.\" \/>\n<link rel=\"canonical\" href=\"https:\/\/www.boxrepsol.com\/es\/rally\/presentacion-en-peru-del-repsol-rally-team-que-participara-en-el-dakar\/\" \/>\n<meta property=\"og:locale\" content=\"es_ES\" \/>\n<meta property=\"og:type\" content=\"article\" \/>\n<meta property=\"og:title\" content=\"Presentaci\u00f3n en Per\u00fa del Repsol Rally Team que participar\u00e1 en el Dakar - Box Repsol\" \/>\n<meta property=\"og:description\" content=\"En su notable af\u00e1n de superaci\u00f3n el piloto Isidre Esteve, cuya discapacidad no es impedimento para ser competitivo, buscar\u00e1 entrar en el top 20.\" \/>\n<meta property=\"og:url\" content=\"https:\/\/www.boxrepsol.com\/es\/rally\/presentacion-en-peru-del-repsol-rally-team-que-participara-en-el-dakar\/\" \/>\n<meta property=\"og:site_name\" content=\"Box Repsol\" \/>\n<meta property=\"article:publisher\" content=\"https:\/\/www.facebook.com\/BoxRepsol\" \/>\n<meta property=\"article:author\" content=\"https:\/\/www.facebook.com\/BoxRepsol\/\" \/>\n<meta property=\"article:published_time\" content=\"2018-01-04T02:00:00+00:00\" \/>\n<meta property=\"article:modified_time\" content=\"2024-05-21T09:17:52+00:00\" \/>\n<meta property=\"og:image\" content=\"https:\/\/www.boxrepsol.com\/wp-content\/uploads\/2022\/08\/00_isidre_esteve_peru_repsol_rally_team_dakar.jpg\" \/>\n\t<meta property=\"og:image:width\" content=\"995\" \/>\n\t<meta property=\"og:image:height\" content=\"560\" \/>\n\t<meta property=\"og:image:type\" content=\"image\/jpeg\" \/>\n<meta name=\"author\" content=\"Redacci\u00f3n Box Repsol\" \/>\n<meta name=\"twitter:card\" content=\"summary_large_image\" \/>\n<meta name=\"twitter:creator\" content=\"@https:\/\/twitter.com\/box_repsol\" \/>\n<meta name=\"twitter:site\" content=\"@box_repsol\" \/>\n<meta name=\"twitter:label1\" content=\"Written by\" \/>\n\t<meta name=\"twitter:data1\" content=\"Redacci\u00f3n Box Repsol\" \/>\n\t<meta name=\"twitter:label2\" content=\"Est. reading time\" \/>\n\t<meta name=\"twitter:data2\" content=\"2 minutos\" \/>\n<script type=\"application\/ld+json\" class=\"yoast-schema-graph\">{\"@context\":\"https:\\\/\\\/schema.org\",\"@graph\":[{\"@type\":\"Article\",\"@id\":\"https:\\\/\\\/www.boxrepsol.com\\\/es\\\/rally\\\/presentacion-en-peru-del-repsol-rally-team-que-participara-en-el-dakar\\\/#article\",\"isPartOf\":{\"@id\":\"https:\\\/\\\/www.boxrepsol.com\\\/es\\\/rally\\\/presentacion-en-peru-del-repsol-rally-team-que-participara-en-el-dakar\\\/\"},\"author\":{\"name\":\"Redacci\u00f3n Box Repsol\",\"@id\":\"https:\\\/\\\/www.boxrepsol.com\\\/es\\\/#\\\/schema\\\/person\\\/c5c2138f2cca251b0ad92b7086bb60b7\"},\"headline\":\"Presentaci\u00f3n en Per\u00fa del Repsol Rally Team que participar\u00e1 en el Dakar\",\"datePublished\":\"2018-01-04T02:00:00+00:00\",\"dateModified\":\"2024-05-21T09:17:52+00:00\",\"mainEntityOfPage\":{\"@id\":\"https:\\\/\\\/www.boxrepsol.com\\\/es\\\/rally\\\/presentacion-en-peru-del-repsol-rally-team-que-participara-en-el-dakar\\\/\"},\"wordCount\":381,\"commentCount\":0,\"publisher\":{\"@id\":\"https:\\\/\\\/www.boxrepsol.com\\\/es\\\/#organization\"},\"image\":{\"@id\":\"https:\\\/\\\/www.boxrepsol.com\\\/es\\\/rally\\\/presentacion-en-peru-del-repsol-rally-team-que-participara-en-el-dakar\\\/#primaryimage\"},\"thumbnailUrl\":\"https:\\\/\\\/www.boxrepsol.com\\\/wp-content\\\/uploads\\\/2022\\\/08\\\/00_isidre_esteve_peru_repsol_rally_team_dakar.jpg\",\"keywords\":[\"otros eventos y competiciones\"],\"articleSection\":[\"Rally\"],\"inLanguage\":\"es\",\"potentialAction\":[{\"@type\":\"CommentAction\",\"name\":\"Comment\",\"target\":[\"https:\\\/\\\/www.boxrepsol.com\\\/es\\\/rally\\\/presentacion-en-peru-del-repsol-rally-team-que-participara-en-el-dakar\\\/#respond\"]}]},{\"@type\":\"WebPage\",\"@id\":\"https:\\\/\\\/www.boxrepsol.com\\\/es\\\/rally\\\/presentacion-en-peru-del-repsol-rally-team-que-participara-en-el-dakar\\\/\",\"url\":\"https:\\\/\\\/www.boxrepsol.com\\\/es\\\/rally\\\/presentacion-en-peru-del-repsol-rally-team-que-participara-en-el-dakar\\\/\",\"name\":\"Presentaci\u00f3n en Per\u00fa del Repsol Rally Team que participar\u00e1 en el Dakar - Box Repsol\",\"isPartOf\":{\"@id\":\"https:\\\/\\\/www.boxrepsol.com\\\/es\\\/#website\"},\"primaryImageOfPage\":{\"@id\":\"https:\\\/\\\/www.boxrepsol.com\\\/es\\\/rally\\\/presentacion-en-peru-del-repsol-rally-team-que-participara-en-el-dakar\\\/#primaryimage\"},\"image\":{\"@id\":\"https:\\\/\\\/www.boxrepsol.com\\\/es\\\/rally\\\/presentacion-en-peru-del-repsol-rally-team-que-participara-en-el-dakar\\\/#primaryimage\"},\"thumbnailUrl\":\"https:\\\/\\\/www.boxrepsol.com\\\/wp-content\\\/uploads\\\/2022\\\/08\\\/00_isidre_esteve_peru_repsol_rally_team_dakar.jpg\",\"datePublished\":\"2018-01-04T02:00:00+00:00\",\"dateModified\":\"2024-05-21T09:17:52+00:00\",\"description\":\"En su notable af\u00e1n de superaci\u00f3n el piloto Isidre Esteve, cuya discapacidad no es impedimento para ser competitivo, buscar\u00e1 entrar en el top 20.\",\"breadcrumb\":{\"@id\":\"https:\\\/\\\/www.boxrepsol.com\\\/es\\\/rally\\\/presentacion-en-peru-del-repsol-rally-team-que-participara-en-el-dakar\\\/#breadcrumb\"},\"inLanguage\":\"es\",\"potentialAction\":[{\"@type\":\"ReadAction\",\"target\":[\"https:\\\/\\\/www.boxrepsol.com\\\/es\\\/rally\\\/presentacion-en-peru-del-repsol-rally-team-que-participara-en-el-dakar\\\/\"]}]},{\"@type\":\"ImageObject\",\"inLanguage\":\"es\",\"@id\":\"https:\\\/\\\/www.boxrepsol.com\\\/es\\\/rally\\\/presentacion-en-peru-del-repsol-rally-team-que-participara-en-el-dakar\\\/#primaryimage\",\"url\":\"https:\\\/\\\/www.boxrepsol.com\\\/wp-content\\\/uploads\\\/2022\\\/08\\\/00_isidre_esteve_peru_repsol_rally_team_dakar.jpg\",\"contentUrl\":\"https:\\\/\\\/www.boxrepsol.com\\\/wp-content\\\/uploads\\\/2022\\\/08\\\/00_isidre_esteve_peru_repsol_rally_team_dakar.jpg\",\"width\":995,\"height\":560,\"caption\":\"Isidre Esteve y Txema Villalobos presentaci\u00f3n Dakar 2018 Repsol Rally Team\"},{\"@type\":\"BreadcrumbList\",\"@id\":\"https:\\\/\\\/www.boxrepsol.com\\\/es\\\/rally\\\/presentacion-en-peru-del-repsol-rally-team-que-participara-en-el-dakar\\\/#breadcrumb\",\"itemListElement\":[{\"@type\":\"ListItem\",\"position\":1,\"name\":\"Home\",\"item\":\"https:\\\/\\\/www.boxrepsol.com\\\/es\\\/\"},{\"@type\":\"ListItem\",\"position\":2,\"name\":\"Presentaci\u00f3n en Per\u00fa del Repsol Rally Team que participar\u00e1 en el Dakar\"}]},{\"@type\":\"WebSite\",\"@id\":\"https:\\\/\\\/www.boxrepsol.com\\\/es\\\/#website\",\"url\":\"https:\\\/\\\/www.boxrepsol.com\\\/es\\\/\",\"name\":\"Box Repsol\",\"description\":\"Box Repsol Site\",\"publisher\":{\"@id\":\"https:\\\/\\\/www.boxrepsol.com\\\/es\\\/#organization\"},\"potentialAction\":[{\"@type\":\"SearchAction\",\"target\":{\"@type\":\"EntryPoint\",\"urlTemplate\":\"https:\\\/\\\/www.boxrepsol.com\\\/es\\\/?s={search_term_string}\"},\"query-input\":{\"@type\":\"PropertyValueSpecification\",\"valueRequired\":true,\"valueName\":\"search_term_string\"}}],\"inLanguage\":\"es\"},{\"@type\":\"Organization\",\"@id\":\"https:\\\/\\\/www.boxrepsol.com\\\/es\\\/#organization\",\"name\":\"Box Repsol\",\"url\":\"https:\\\/\\\/www.boxrepsol.com\\\/es\\\/\",\"logo\":{\"@type\":\"ImageObject\",\"inLanguage\":\"es\",\"@id\":\"https:\\\/\\\/www.boxrepsol.com\\\/es\\\/#\\\/schema\\\/logo\\\/image\\\/\",\"url\":\"https:\\\/\\\/bxrepsol.s3.eu-west-1.amazonaws.com\\\/static\\\/2025\\\/07\\\/30083337\\\/favicon-96x96-1.png\",\"contentUrl\":\"https:\\\/\\\/bxrepsol.s3.eu-west-1.amazonaws.com\\\/static\\\/2025\\\/07\\\/30083337\\\/favicon-96x96-1.png\",\"width\":96,\"height\":96,\"caption\":\"Box Repsol\"},\"image\":{\"@id\":\"https:\\\/\\\/www.boxrepsol.com\\\/es\\\/#\\\/schema\\\/logo\\\/image\\\/\"},\"sameAs\":[\"https:\\\/\\\/www.facebook.com\\\/BoxRepsol\",\"https:\\\/\\\/x.com\\\/box_repsol\",\"http:\\\/\\\/instagram.com\\\/box_repsol\",\"https:\\\/\\\/www.youtube.com\\\/user\\\/RepsolCompeticion\",\"https:\\\/\\\/www.flickr.com\\\/photos\\\/box_repsol\\\/\"]},{\"@type\":\"Person\",\"@id\":\"https:\\\/\\\/www.boxrepsol.com\\\/es\\\/#\\\/schema\\\/person\\\/c5c2138f2cca251b0ad92b7086bb60b7\",\"name\":\"Redacci\u00f3n Box Repsol\",\"image\":{\"@type\":\"ImageObject\",\"inLanguage\":\"es\",\"@id\":\"https:\\\/\\\/secure.gravatar.com\\\/avatar\\\/adf7b77e38b4419baf32c7e9c21dde01f4e40df611f0978e3006fc4ba0aaab7e?s=96&d=mm&r=g\",\"url\":\"https:\\\/\\\/secure.gravatar.com\\\/avatar\\\/adf7b77e38b4419baf32c7e9c21dde01f4e40df611f0978e3006fc4ba0aaab7e?s=96&d=mm&r=g\",\"contentUrl\":\"https:\\\/\\\/secure.gravatar.com\\\/avatar\\\/adf7b77e38b4419baf32c7e9c21dde01f4e40df611f0978e3006fc4ba0aaab7e?s=96&d=mm&r=g\",\"caption\":\"Redacci\u00f3n Box Repsol\"},\"description\":\"Box Repsol lo forma un equipo de periodistas, community managers, dise\u00f1adores y fot\u00f3grafos con m\u00e1s de 20 a\u00f1os de experiencia en el mundo del motorsport. Hemos vivido el primer mundial de un espa\u00f1ol en la categor\u00eda reina de motociclismo con \u00c1lex Crivill\u00e9, estuvimos en las victorias de Pedrosa y los t\u00edtulos de M\u00e1rquez, acompa\u00f1amos en \u00c1frica a Nani Roma y Marc Coma en sus conquistas del Dakar y hemos vibrado con los t\u00edtulos de Toni Bou en Trial. Adem\u00e1s, en nuestro equipo contamos con expertos en el mundo de las dos y cuatro ruedas tanto de la calle y las carreteras, como de los circuitos. Periodistas que han trabajado en revistas y publicaciones para hacerte llegar desde rutas y consejos de mantenimiento, a curiosidades y trucos de pilotaje.\",\"sameAs\":[\"https:\\\/\\\/www.facebook.com\\\/BoxRepsol\\\/\",\"https:\\\/\\\/www.instagram.com\\\/box_repsol\\\/\",\"https:\\\/\\\/x.com\\\/https:\\\/\\\/twitter.com\\\/box_repsol\",\"https:\\\/\\\/www.youtube.com\\\/@Boxrepsol\"],\"url\":\"https:\\\/\\\/www.boxrepsol.com\\\/es\\\/author\\\/redaccion-box-repsol\\\/\"}]}<\/script>\n<!-- \/ Yoast SEO plugin. -->","yoast_head_json":{"title":"Presentaci\u00f3n en Per\u00fa del Repsol Rally Team que participar\u00e1 en el Dakar - Box Repsol","description":"En su notable af\u00e1n de superaci\u00f3n el piloto Isidre Esteve, cuya discapacidad no es impedimento para ser competitivo, buscar\u00e1 entrar en el top 20.","canonical":"https:\/\/www.boxrepsol.com\/es\/rally\/presentacion-en-peru-del-repsol-rally-team-que-participara-en-el-dakar\/","og_locale":"es_ES","og_type":"article","og_title":"Presentaci\u00f3n en Per\u00fa del Repsol Rally Team que participar\u00e1 en el Dakar - Box Repsol","og_description":"En su notable af\u00e1n de superaci\u00f3n el piloto Isidre Esteve, cuya discapacidad no es impedimento para ser competitivo, buscar\u00e1 entrar en el top 20.","og_url":"https:\/\/www.boxrepsol.com\/es\/rally\/presentacion-en-peru-del-repsol-rally-team-que-participara-en-el-dakar\/","og_site_name":"Box Repsol","article_publisher":"https:\/\/www.facebook.com\/BoxRepsol","article_author":"https:\/\/www.facebook.com\/BoxRepsol\/","article_published_time":"2018-01-04T02:00:00+00:00","article_modified_time":"2024-05-21T09:17:52+00:00","og_image":[{"width":995,"height":560,"url":"https:\/\/www.boxrepsol.com\/wp-content\/uploads\/2022\/08\/00_isidre_esteve_peru_repsol_rally_team_dakar.jpg","type":"image\/jpeg"}],"author":"Redacci\u00f3n Box Repsol","twitter_card":"summary_large_image","twitter_creator":"@https:\/\/twitter.com\/box_repsol","twitter_site":"@box_repsol","twitter_misc":{"Written by":"Redacci\u00f3n Box Repsol","Est. reading time":"2 minutos"},"schema":{"@context":"https:\/\/schema.org","@graph":[{"@type":"Article","@id":"https:\/\/www.boxrepsol.com\/es\/rally\/presentacion-en-peru-del-repsol-rally-team-que-participara-en-el-dakar\/#article","isPartOf":{"@id":"https:\/\/www.boxrepsol.com\/es\/rally\/presentacion-en-peru-del-repsol-rally-team-que-participara-en-el-dakar\/"},"author":{"name":"Redacci\u00f3n Box Repsol","@id":"https:\/\/www.boxrepsol.com\/es\/#\/schema\/person\/c5c2138f2cca251b0ad92b7086bb60b7"},"headline":"Presentaci\u00f3n en Per\u00fa del Repsol Rally Team que participar\u00e1 en el Dakar","datePublished":"2018-01-04T02:00:00+00:00","dateModified":"2024-05-21T09:17:52+00:00","mainEntityOfPage":{"@id":"https:\/\/www.boxrepsol.com\/es\/rally\/presentacion-en-peru-del-repsol-rally-team-que-participara-en-el-dakar\/"},"wordCount":381,"commentCount":0,"publisher":{"@id":"https:\/\/www.boxrepsol.com\/es\/#organization"},"image":{"@id":"https:\/\/www.boxrepsol.com\/es\/rally\/presentacion-en-peru-del-repsol-rally-team-que-participara-en-el-dakar\/#primaryimage"},"thumbnailUrl":"https:\/\/www.boxrepsol.com\/wp-content\/uploads\/2022\/08\/00_isidre_esteve_peru_repsol_rally_team_dakar.jpg","keywords":["otros eventos y competiciones"],"articleSection":["Rally"],"inLanguage":"es","potentialAction":[{"@type":"CommentAction","name":"Comment","target":["https:\/\/www.boxrepsol.com\/es\/rally\/presentacion-en-peru-del-repsol-rally-team-que-participara-en-el-dakar\/#respond"]}]},{"@type":"WebPage","@id":"https:\/\/www.boxrepsol.com\/es\/rally\/presentacion-en-peru-del-repsol-rally-team-que-participara-en-el-dakar\/","url":"https:\/\/www.boxrepsol.com\/es\/rally\/presentacion-en-peru-del-repsol-rally-team-que-participara-en-el-dakar\/","name":"Presentaci\u00f3n en Per\u00fa del Repsol Rally Team que participar\u00e1 en el Dakar - Box Repsol","isPartOf":{"@id":"https:\/\/www.boxrepsol.com\/es\/#website"},"primaryImageOfPage":{"@id":"https:\/\/www.boxrepsol.com\/es\/rally\/presentacion-en-peru-del-repsol-rally-team-que-participara-en-el-dakar\/#primaryimage"},"image":{"@id":"https:\/\/www.boxrepsol.com\/es\/rally\/presentacion-en-peru-del-repsol-rally-team-que-participara-en-el-dakar\/#primaryimage"},"thumbnailUrl":"https:\/\/www.boxrepsol.com\/wp-content\/uploads\/2022\/08\/00_isidre_esteve_peru_repsol_rally_team_dakar.jpg","datePublished":"2018-01-04T02:00:00+00:00","dateModified":"2024-05-21T09:17:52+00:00","description":"En su notable af\u00e1n de superaci\u00f3n el piloto Isidre Esteve, cuya discapacidad no es impedimento para ser competitivo, buscar\u00e1 entrar en el top 20.","breadcrumb":{"@id":"https:\/\/www.boxrepsol.com\/es\/rally\/presentacion-en-peru-del-repsol-rally-team-que-participara-en-el-dakar\/#breadcrumb"},"inLanguage":"es","potentialAction":[{"@type":"ReadAction","target":["https:\/\/www.boxrepsol.com\/es\/rally\/presentacion-en-peru-del-repsol-rally-team-que-participara-en-el-dakar\/"]}]},{"@type":"ImageObject","inLanguage":"es","@id":"https:\/\/www.boxrepsol.com\/es\/rally\/presentacion-en-peru-del-repsol-rally-team-que-participara-en-el-dakar\/#primaryimage","url":"https:\/\/www.boxrepsol.com\/wp-content\/uploads\/2022\/08\/00_isidre_esteve_peru_repsol_rally_team_dakar.jpg","contentUrl":"https:\/\/www.boxrepsol.com\/wp-content\/uploads\/2022\/08\/00_isidre_esteve_peru_repsol_rally_team_dakar.jpg","width":995,"height":560,"caption":"Isidre Esteve y Txema Villalobos presentaci\u00f3n Dakar 2018 Repsol Rally Team"},{"@type":"BreadcrumbList","@id":"https:\/\/www.boxrepsol.com\/es\/rally\/presentacion-en-peru-del-repsol-rally-team-que-participara-en-el-dakar\/#breadcrumb","itemListElement":[{"@type":"ListItem","position":1,"name":"Home","item":"https:\/\/www.boxrepsol.com\/es\/"},{"@type":"ListItem","position":2,"name":"Presentaci\u00f3n en Per\u00fa del Repsol Rally Team que participar\u00e1 en el Dakar"}]},{"@type":"WebSite","@id":"https:\/\/www.boxrepsol.com\/es\/#website","url":"https:\/\/www.boxrepsol.com\/es\/","name":"Box Repsol","description":"Box Repsol Site","publisher":{"@id":"https:\/\/www.boxrepsol.com\/es\/#organization"},"potentialAction":[{"@type":"SearchAction","target":{"@type":"EntryPoint","urlTemplate":"https:\/\/www.boxrepsol.com\/es\/?s={search_term_string}"},"query-input":{"@type":"PropertyValueSpecification","valueRequired":true,"valueName":"search_term_string"}}],"inLanguage":"es"},{"@type":"Organization","@id":"https:\/\/www.boxrepsol.com\/es\/#organization","name":"Box Repsol","url":"https:\/\/www.boxrepsol.com\/es\/","logo":{"@type":"ImageObject","inLanguage":"es","@id":"https:\/\/www.boxrepsol.com\/es\/#\/schema\/logo\/image\/","url":"https:\/\/bxrepsol.s3.eu-west-1.amazonaws.com\/static\/2025\/07\/30083337\/favicon-96x96-1.png","contentUrl":"https:\/\/bxrepsol.s3.eu-west-1.amazonaws.com\/static\/2025\/07\/30083337\/favicon-96x96-1.png","width":96,"height":96,"caption":"Box Repsol"},"image":{"@id":"https:\/\/www.boxrepsol.com\/es\/#\/schema\/logo\/image\/"},"sameAs":["https:\/\/www.facebook.com\/BoxRepsol","https:\/\/x.com\/box_repsol","http:\/\/instagram.com\/box_repsol","https:\/\/www.youtube.com\/user\/RepsolCompeticion","https:\/\/www.flickr.com\/photos\/box_repsol\/"]},{"@type":"Person","@id":"https:\/\/www.boxrepsol.com\/es\/#\/schema\/person\/c5c2138f2cca251b0ad92b7086bb60b7","name":"Redacci\u00f3n Box Repsol","image":{"@type":"ImageObject","inLanguage":"es","@id":"https:\/\/secure.gravatar.com\/avatar\/adf7b77e38b4419baf32c7e9c21dde01f4e40df611f0978e3006fc4ba0aaab7e?s=96&d=mm&r=g","url":"https:\/\/secure.gravatar.com\/avatar\/adf7b77e38b4419baf32c7e9c21dde01f4e40df611f0978e3006fc4ba0aaab7e?s=96&d=mm&r=g","contentUrl":"https:\/\/secure.gravatar.com\/avatar\/adf7b77e38b4419baf32c7e9c21dde01f4e40df611f0978e3006fc4ba0aaab7e?s=96&d=mm&r=g","caption":"Redacci\u00f3n Box Repsol"},"description":"Box Repsol lo forma un equipo de periodistas, community managers, dise\u00f1adores y fot\u00f3grafos con m\u00e1s de 20 a\u00f1os de experiencia en el mundo del motorsport. Hemos vivido el primer mundial de un espa\u00f1ol en la categor\u00eda reina de motociclismo con \u00c1lex Crivill\u00e9, estuvimos en las victorias de Pedrosa y los t\u00edtulos de M\u00e1rquez, acompa\u00f1amos en \u00c1frica a Nani Roma y Marc Coma en sus conquistas del Dakar y hemos vibrado con los t\u00edtulos de Toni Bou en Trial. Adem\u00e1s, en nuestro equipo contamos con expertos en el mundo de las dos y cuatro ruedas tanto de la calle y las carreteras, como de los circuitos. Periodistas que han trabajado en revistas y publicaciones para hacerte llegar desde rutas y consejos de mantenimiento, a curiosidades y trucos de pilotaje.","sameAs":["https:\/\/www.facebook.com\/BoxRepsol\/","https:\/\/www.instagram.com\/box_repsol\/","https:\/\/x.com\/https:\/\/twitter.com\/box_repsol","https:\/\/www.youtube.com\/@Boxrepsol"],"url":"https:\/\/www.boxrepsol.com\/es\/author\/redaccion-box-repsol\/"}]}},"_links":{"self":[{"href":"https:\/\/www.boxrepsol.com\/es\/wp-json\/wp\/v2\/posts\/92460","targetHints":{"allow":["GET"]}}],"collection":[{"href":"https:\/\/www.boxrepsol.com\/es\/wp-json\/wp\/v2\/posts"}],"about":[{"href":"https:\/\/www.boxrepsol.com\/es\/wp-json\/wp\/v2\/types\/post"}],"author":[{"embeddable":true,"href":"https:\/\/www.boxrepsol.com\/es\/wp-json\/wp\/v2\/users\/43146"}],"replies":[{"embeddable":true,"href":"https:\/\/www.boxrepsol.com\/es\/wp-json\/wp\/v2\/comments?post=92460"}],"version-history":[{"count":1,"href":"https:\/\/www.boxrepsol.com\/es\/wp-json\/wp\/v2\/posts\/92460\/revisions"}],"predecessor-version":[{"id":116390,"href":"https:\/\/www.boxrepsol.com\/es\/wp-json\/wp\/v2\/posts\/92460\/revisions\/116390"}],"wp:featuredmedia":[{"embeddable":true,"href":"https:\/\/www.boxrepsol.com\/es\/wp-json\/wp\/v2\/media\/87309"}],"wp:attachment":[{"href":"https:\/\/www.boxrepsol.com\/es\/wp-json\/wp\/v2\/media?parent=92460"}],"wp:term":[{"taxonomy":"category","embeddable":true,"href":"https:\/\/www.boxrepsol.com\/es\/wp-json\/wp\/v2\/categories?post=92460"},{"taxonomy":"post_tag","embeddable":true,"href":"https:\/\/www.boxrepsol.com\/es\/wp-json\/wp\/v2\/tags?post=92460"}],"curies":[{"name":"wp","href":"https:\/\/api.w.org\/{rel}","templated":true}]}}