{"id":92416,"date":"2018-01-03T00:00:00","date_gmt":"2018-01-03T02:00:00","guid":{"rendered":"http:\/\/pre.boxrepsol.com\/sin-categorizar\/calendario-dakar-2018-box-repsol-sigue-la-40o-edicion\/"},"modified":"2024-05-21T07:17:59","modified_gmt":"2024-05-21T09:17:59","slug":"calendario-dakar-2018-box-repsol-sigue-la-40o-edicion","status":"publish","type":"post","link":"https:\/\/www.boxrepsol.com\/es\/rally\/calendario-dakar-2018-box-repsol-sigue-la-40o-edicion\/","title":{"rendered":"Calendario DAKAR 2018 en Box Repsol \u00a1Sigue con nosotros la 40\u00ba edici\u00f3n!"},"content":{"rendered":"<p>La competici\u00f3n comienza el 6 de enero en Pisco, Lima, con una peque\u00f1a especial de 31Km.<\/p>\n<p>El recorrido de los primeros d\u00edas nos deleitar\u00e1 con un trayecto en direcci\u00f3n sur, pr\u00e1cticamente paralelo a la preciosa costa que decora estas tierras.<\/p>\n<p>En la sexta etapa en Arequipa (Per\u00fa) se abandona definitivamente el oc\u00e9ano y se pone rumbo este, hasta entrar en Bolivia.<\/p>\n<p>Una vez se llegue a La Paz habr\u00e1 un d\u00eda de descanso, con el objetivo de prepararse para dos de las etapas m\u00e1s largas de esta edici\u00f3n.<\/p>\n<p>\u00a1S\u00edgue a Box Repsol y tendr\u00e1s toda la actualidad del Repsol Rally Team en el Dakar 2018!<\/p>\n<ul>\n<li>&#8211; Etapa 1\u00a0 (s\u00e1bado 6\/1). Lima (PER) \u2013 Pisco, 272 km (31 km especial)<\/li>\n<li>&#8211; Etapa 2 (7\/1). Pisco \u2013 Pisco, 278 km (267 km especial)<\/li>\n<li>&#8211; Etapa 3 (8\/1). Pisco \u2013 San Juan de Marcona, 502 km (295 km especial)<\/li>\n<li>&#8211; Etapa 4 (9\/1). San Juan de Marcona \u2013 San Juan de Marcona, 444 km (330 km especial)<\/li>\n<li>&#8211; Etapa 5 (10\/1). San Juan de Marcona \u2013 Arequipa, 932 km (267 km especial)<\/li>\n<li>&#8211; Etapa 6 (11\/1). Arequipa \u2013 La Paz (BOL), 758 km (313 km especial)<\/li>\n<li>&#8211; Descanso (12\/1) en La Paz<\/li>\n<li>&#8211; Etapa 7 (13\/1). La Paz \u2013 Uyuni, 726 km (425 km especial)<\/li>\n<li>&#8211; Etapa 8 (14\/1). Uyuni \u2013 Tupiza, 584 km (498 km especial)<\/li>\n<li>&#8211; Etapa 9 (15\/1). Tupiza \u2013 Salta (ARG), 754 km (242 km especial)<\/li>\n<li>&#8211; Etapa 10 (16\/1). Salta \u2013 Bel\u00e9n, 795 km (372 km especial)<\/li>\n<li>&#8211; Etapa 11 (17\/1). Bel\u00e9n \u2013 Fiambal\u00e1\/Chilecito, 746 km (280 km especial)<\/li>\n<li>&#8211; Etapa 12 (18\/1). Fiambal\u00e1\/Chilecito \u2013 San Juan, 791 km (522 km especial)<\/li>\n<li>&#8211; Etapa 13 (19\/1). San Juan \u2013 C\u00f3rdoba, 927 km (368 km especial)<\/li>\n<li>&#8211; Etapa 14 (s\u00e1bado 20\/1). C\u00f3rdoba \u2013 C\u00f3rdoba, 284 km (119 km especial<\/li>\n<\/ul>\n","protected":false},"excerpt":{"rendered":"<p>Llega la prueba m\u00e1s dura del mundo y es la d\u00e9cima en tierras sudamericanas. Aqu\u00ed encontrar\u00e1s la informaci\u00f3n del recorrido etapa a etapa.<\/p>\n","protected":false},"author":43146,"featured_media":87307,"comment_status":"open","ping_status":"open","sticky":false,"template":"","format":"standard","meta":{"footnotes":""},"categories":[27],"tags":[130],"class_list":["post-92416","post","type-post","status-publish","format-standard","hentry","category-rally","tag-otros-eventos-y-competiciones"],"yoast_head":"<!-- This site is optimized with the Yoast SEO plugin v27.3 - https:\/\/yoast.com\/product\/yoast-seo-wordpress\/ -->\n<title>Calendario DAKAR 2018 en Box Repsol \u00a1Sigue con nosotros la 40\u00ba edici\u00f3n! - Box Repsol<\/title>\n<meta name=\"description\" content=\"Llega la prueba m\u00e1s dura del mundo y es la d\u00e9cima en tierras sudamericanas. Aqu\u00ed encontrar\u00e1s la informaci\u00f3n del recorrido etapa a etapa.\" \/>\n<link rel=\"canonical\" href=\"https:\/\/www.boxrepsol.com\/es\/rally\/calendario-dakar-2018-box-repsol-sigue-la-40o-edicion\/\" \/>\n<meta property=\"og:locale\" content=\"es_ES\" \/>\n<meta property=\"og:type\" content=\"article\" \/>\n<meta property=\"og:title\" content=\"Calendario DAKAR 2018 en Box Repsol \u00a1Sigue con nosotros la 40\u00ba edici\u00f3n! - Box Repsol\" \/>\n<meta property=\"og:description\" content=\"Llega la prueba m\u00e1s dura del mundo y es la d\u00e9cima en tierras sudamericanas. Aqu\u00ed encontrar\u00e1s la informaci\u00f3n del recorrido etapa a etapa.\" \/>\n<meta property=\"og:url\" content=\"https:\/\/www.boxrepsol.com\/es\/rally\/calendario-dakar-2018-box-repsol-sigue-la-40o-edicion\/\" \/>\n<meta property=\"og:site_name\" content=\"Box Repsol\" \/>\n<meta property=\"article:publisher\" content=\"https:\/\/www.facebook.com\/BoxRepsol\" \/>\n<meta property=\"article:author\" content=\"https:\/\/www.facebook.com\/BoxRepsol\/\" \/>\n<meta property=\"article:published_time\" content=\"2018-01-03T02:00:00+00:00\" \/>\n<meta property=\"article:modified_time\" content=\"2024-05-21T09:17:59+00:00\" \/>\n<meta property=\"og:image\" content=\"https:\/\/www.boxrepsol.com\/wp-content\/uploads\/2022\/08\/00_isidre_esteve_rally_dakar_repsol_rally_team.jpg\" \/>\n\t<meta property=\"og:image:width\" content=\"995\" \/>\n\t<meta property=\"og:image:height\" content=\"560\" \/>\n\t<meta property=\"og:image:type\" content=\"image\/jpeg\" \/>\n<meta name=\"author\" content=\"Redacci\u00f3n Box Repsol\" \/>\n<meta name=\"twitter:card\" content=\"summary_large_image\" \/>\n<meta name=\"twitter:creator\" content=\"@https:\/\/twitter.com\/box_repsol\" \/>\n<meta name=\"twitter:site\" content=\"@box_repsol\" \/>\n<meta name=\"twitter:label1\" content=\"Written by\" \/>\n\t<meta name=\"twitter:data1\" content=\"Redacci\u00f3n Box Repsol\" \/>\n\t<meta name=\"twitter:label2\" content=\"Est. reading time\" \/>\n\t<meta name=\"twitter:data2\" content=\"1 minuto\" \/>\n<script type=\"application\/ld+json\" class=\"yoast-schema-graph\">{\"@context\":\"https:\\\/\\\/schema.org\",\"@graph\":[{\"@type\":\"Article\",\"@id\":\"https:\\\/\\\/www.boxrepsol.com\\\/es\\\/rally\\\/calendario-dakar-2018-box-repsol-sigue-la-40o-edicion\\\/#article\",\"isPartOf\":{\"@id\":\"https:\\\/\\\/www.boxrepsol.com\\\/es\\\/rally\\\/calendario-dakar-2018-box-repsol-sigue-la-40o-edicion\\\/\"},\"author\":{\"name\":\"Redacci\u00f3n Box Repsol\",\"@id\":\"https:\\\/\\\/www.boxrepsol.com\\\/es\\\/#\\\/schema\\\/person\\\/c5c2138f2cca251b0ad92b7086bb60b7\"},\"headline\":\"Calendario DAKAR 2018 en Box Repsol \u00a1Sigue con nosotros la 40\u00ba edici\u00f3n!\",\"datePublished\":\"2018-01-03T02:00:00+00:00\",\"dateModified\":\"2024-05-21T09:17:59+00:00\",\"mainEntityOfPage\":{\"@id\":\"https:\\\/\\\/www.boxrepsol.com\\\/es\\\/rally\\\/calendario-dakar-2018-box-repsol-sigue-la-40o-edicion\\\/\"},\"wordCount\":258,\"commentCount\":0,\"publisher\":{\"@id\":\"https:\\\/\\\/www.boxrepsol.com\\\/es\\\/#organization\"},\"image\":{\"@id\":\"https:\\\/\\\/www.boxrepsol.com\\\/es\\\/rally\\\/calendario-dakar-2018-box-repsol-sigue-la-40o-edicion\\\/#primaryimage\"},\"thumbnailUrl\":\"https:\\\/\\\/www.boxrepsol.com\\\/wp-content\\\/uploads\\\/2022\\\/08\\\/00_isidre_esteve_rally_dakar_repsol_rally_team.jpg\",\"keywords\":[\"otros eventos y competiciones\"],\"articleSection\":[\"Rally\"],\"inLanguage\":\"es\",\"potentialAction\":[{\"@type\":\"CommentAction\",\"name\":\"Comment\",\"target\":[\"https:\\\/\\\/www.boxrepsol.com\\\/es\\\/rally\\\/calendario-dakar-2018-box-repsol-sigue-la-40o-edicion\\\/#respond\"]}]},{\"@type\":\"WebPage\",\"@id\":\"https:\\\/\\\/www.boxrepsol.com\\\/es\\\/rally\\\/calendario-dakar-2018-box-repsol-sigue-la-40o-edicion\\\/\",\"url\":\"https:\\\/\\\/www.boxrepsol.com\\\/es\\\/rally\\\/calendario-dakar-2018-box-repsol-sigue-la-40o-edicion\\\/\",\"name\":\"Calendario DAKAR 2018 en Box Repsol \u00a1Sigue con nosotros la 40\u00ba edici\u00f3n! - Box Repsol\",\"isPartOf\":{\"@id\":\"https:\\\/\\\/www.boxrepsol.com\\\/es\\\/#website\"},\"primaryImageOfPage\":{\"@id\":\"https:\\\/\\\/www.boxrepsol.com\\\/es\\\/rally\\\/calendario-dakar-2018-box-repsol-sigue-la-40o-edicion\\\/#primaryimage\"},\"image\":{\"@id\":\"https:\\\/\\\/www.boxrepsol.com\\\/es\\\/rally\\\/calendario-dakar-2018-box-repsol-sigue-la-40o-edicion\\\/#primaryimage\"},\"thumbnailUrl\":\"https:\\\/\\\/www.boxrepsol.com\\\/wp-content\\\/uploads\\\/2022\\\/08\\\/00_isidre_esteve_rally_dakar_repsol_rally_team.jpg\",\"datePublished\":\"2018-01-03T02:00:00+00:00\",\"dateModified\":\"2024-05-21T09:17:59+00:00\",\"description\":\"Llega la prueba m\u00e1s dura del mundo y es la d\u00e9cima en tierras sudamericanas. Aqu\u00ed encontrar\u00e1s la informaci\u00f3n del recorrido etapa a etapa.\",\"breadcrumb\":{\"@id\":\"https:\\\/\\\/www.boxrepsol.com\\\/es\\\/rally\\\/calendario-dakar-2018-box-repsol-sigue-la-40o-edicion\\\/#breadcrumb\"},\"inLanguage\":\"es\",\"potentialAction\":[{\"@type\":\"ReadAction\",\"target\":[\"https:\\\/\\\/www.boxrepsol.com\\\/es\\\/rally\\\/calendario-dakar-2018-box-repsol-sigue-la-40o-edicion\\\/\"]}]},{\"@type\":\"ImageObject\",\"inLanguage\":\"es\",\"@id\":\"https:\\\/\\\/www.boxrepsol.com\\\/es\\\/rally\\\/calendario-dakar-2018-box-repsol-sigue-la-40o-edicion\\\/#primaryimage\",\"url\":\"https:\\\/\\\/www.boxrepsol.com\\\/wp-content\\\/uploads\\\/2022\\\/08\\\/00_isidre_esteve_rally_dakar_repsol_rally_team.jpg\",\"contentUrl\":\"https:\\\/\\\/www.boxrepsol.com\\\/wp-content\\\/uploads\\\/2022\\\/08\\\/00_isidre_esteve_rally_dakar_repsol_rally_team.jpg\",\"width\":995,\"height\":560,\"caption\":\"Isidre Esteve dunas Rally Marruecos\"},{\"@type\":\"BreadcrumbList\",\"@id\":\"https:\\\/\\\/www.boxrepsol.com\\\/es\\\/rally\\\/calendario-dakar-2018-box-repsol-sigue-la-40o-edicion\\\/#breadcrumb\",\"itemListElement\":[{\"@type\":\"ListItem\",\"position\":1,\"name\":\"Home\",\"item\":\"https:\\\/\\\/www.boxrepsol.com\\\/es\\\/\"},{\"@type\":\"ListItem\",\"position\":2,\"name\":\"Calendario DAKAR 2018 en Box Repsol \u00a1Sigue con nosotros la 40\u00ba edici\u00f3n!\"}]},{\"@type\":\"WebSite\",\"@id\":\"https:\\\/\\\/www.boxrepsol.com\\\/es\\\/#website\",\"url\":\"https:\\\/\\\/www.boxrepsol.com\\\/es\\\/\",\"name\":\"Box Repsol\",\"description\":\"Box Repsol Site\",\"publisher\":{\"@id\":\"https:\\\/\\\/www.boxrepsol.com\\\/es\\\/#organization\"},\"potentialAction\":[{\"@type\":\"SearchAction\",\"target\":{\"@type\":\"EntryPoint\",\"urlTemplate\":\"https:\\\/\\\/www.boxrepsol.com\\\/es\\\/?s={search_term_string}\"},\"query-input\":{\"@type\":\"PropertyValueSpecification\",\"valueRequired\":true,\"valueName\":\"search_term_string\"}}],\"inLanguage\":\"es\"},{\"@type\":\"Organization\",\"@id\":\"https:\\\/\\\/www.boxrepsol.com\\\/es\\\/#organization\",\"name\":\"Box Repsol\",\"url\":\"https:\\\/\\\/www.boxrepsol.com\\\/es\\\/\",\"logo\":{\"@type\":\"ImageObject\",\"inLanguage\":\"es\",\"@id\":\"https:\\\/\\\/www.boxrepsol.com\\\/es\\\/#\\\/schema\\\/logo\\\/image\\\/\",\"url\":\"https:\\\/\\\/bxrepsol.s3.eu-west-1.amazonaws.com\\\/static\\\/2025\\\/07\\\/30083337\\\/favicon-96x96-1.png\",\"contentUrl\":\"https:\\\/\\\/bxrepsol.s3.eu-west-1.amazonaws.com\\\/static\\\/2025\\\/07\\\/30083337\\\/favicon-96x96-1.png\",\"width\":96,\"height\":96,\"caption\":\"Box Repsol\"},\"image\":{\"@id\":\"https:\\\/\\\/www.boxrepsol.com\\\/es\\\/#\\\/schema\\\/logo\\\/image\\\/\"},\"sameAs\":[\"https:\\\/\\\/www.facebook.com\\\/BoxRepsol\",\"https:\\\/\\\/x.com\\\/box_repsol\",\"http:\\\/\\\/instagram.com\\\/box_repsol\",\"https:\\\/\\\/www.youtube.com\\\/user\\\/RepsolCompeticion\",\"https:\\\/\\\/www.flickr.com\\\/photos\\\/box_repsol\\\/\"]},{\"@type\":\"Person\",\"@id\":\"https:\\\/\\\/www.boxrepsol.com\\\/es\\\/#\\\/schema\\\/person\\\/c5c2138f2cca251b0ad92b7086bb60b7\",\"name\":\"Redacci\u00f3n Box Repsol\",\"image\":{\"@type\":\"ImageObject\",\"inLanguage\":\"es\",\"@id\":\"https:\\\/\\\/secure.gravatar.com\\\/avatar\\\/adf7b77e38b4419baf32c7e9c21dde01f4e40df611f0978e3006fc4ba0aaab7e?s=96&d=mm&r=g\",\"url\":\"https:\\\/\\\/secure.gravatar.com\\\/avatar\\\/adf7b77e38b4419baf32c7e9c21dde01f4e40df611f0978e3006fc4ba0aaab7e?s=96&d=mm&r=g\",\"contentUrl\":\"https:\\\/\\\/secure.gravatar.com\\\/avatar\\\/adf7b77e38b4419baf32c7e9c21dde01f4e40df611f0978e3006fc4ba0aaab7e?s=96&d=mm&r=g\",\"caption\":\"Redacci\u00f3n Box Repsol\"},\"description\":\"Box Repsol lo forma un equipo de periodistas, community managers, dise\u00f1adores y fot\u00f3grafos con m\u00e1s de 20 a\u00f1os de experiencia en el mundo del motorsport. Hemos vivido el primer mundial de un espa\u00f1ol en la categor\u00eda reina de motociclismo con \u00c1lex Crivill\u00e9, estuvimos en las victorias de Pedrosa y los t\u00edtulos de M\u00e1rquez, acompa\u00f1amos en \u00c1frica a Nani Roma y Marc Coma en sus conquistas del Dakar y hemos vibrado con los t\u00edtulos de Toni Bou en Trial. Adem\u00e1s, en nuestro equipo contamos con expertos en el mundo de las dos y cuatro ruedas tanto de la calle y las carreteras, como de los circuitos. Periodistas que han trabajado en revistas y publicaciones para hacerte llegar desde rutas y consejos de mantenimiento, a curiosidades y trucos de pilotaje.\",\"sameAs\":[\"https:\\\/\\\/www.facebook.com\\\/BoxRepsol\\\/\",\"https:\\\/\\\/www.instagram.com\\\/box_repsol\\\/\",\"https:\\\/\\\/x.com\\\/https:\\\/\\\/twitter.com\\\/box_repsol\",\"https:\\\/\\\/www.youtube.com\\\/@Boxrepsol\"],\"url\":\"https:\\\/\\\/www.boxrepsol.com\\\/es\\\/author\\\/redaccion-box-repsol\\\/\"}]}<\/script>\n<!-- \/ Yoast SEO plugin. -->","yoast_head_json":{"title":"Calendario DAKAR 2018 en Box Repsol \u00a1Sigue con nosotros la 40\u00ba edici\u00f3n! - Box Repsol","description":"Llega la prueba m\u00e1s dura del mundo y es la d\u00e9cima en tierras sudamericanas. Aqu\u00ed encontrar\u00e1s la informaci\u00f3n del recorrido etapa a etapa.","canonical":"https:\/\/www.boxrepsol.com\/es\/rally\/calendario-dakar-2018-box-repsol-sigue-la-40o-edicion\/","og_locale":"es_ES","og_type":"article","og_title":"Calendario DAKAR 2018 en Box Repsol \u00a1Sigue con nosotros la 40\u00ba edici\u00f3n! - Box Repsol","og_description":"Llega la prueba m\u00e1s dura del mundo y es la d\u00e9cima en tierras sudamericanas. Aqu\u00ed encontrar\u00e1s la informaci\u00f3n del recorrido etapa a etapa.","og_url":"https:\/\/www.boxrepsol.com\/es\/rally\/calendario-dakar-2018-box-repsol-sigue-la-40o-edicion\/","og_site_name":"Box Repsol","article_publisher":"https:\/\/www.facebook.com\/BoxRepsol","article_author":"https:\/\/www.facebook.com\/BoxRepsol\/","article_published_time":"2018-01-03T02:00:00+00:00","article_modified_time":"2024-05-21T09:17:59+00:00","og_image":[{"width":995,"height":560,"url":"https:\/\/www.boxrepsol.com\/wp-content\/uploads\/2022\/08\/00_isidre_esteve_rally_dakar_repsol_rally_team.jpg","type":"image\/jpeg"}],"author":"Redacci\u00f3n Box Repsol","twitter_card":"summary_large_image","twitter_creator":"@https:\/\/twitter.com\/box_repsol","twitter_site":"@box_repsol","twitter_misc":{"Written by":"Redacci\u00f3n Box Repsol","Est. reading time":"1 minuto"},"schema":{"@context":"https:\/\/schema.org","@graph":[{"@type":"Article","@id":"https:\/\/www.boxrepsol.com\/es\/rally\/calendario-dakar-2018-box-repsol-sigue-la-40o-edicion\/#article","isPartOf":{"@id":"https:\/\/www.boxrepsol.com\/es\/rally\/calendario-dakar-2018-box-repsol-sigue-la-40o-edicion\/"},"author":{"name":"Redacci\u00f3n Box Repsol","@id":"https:\/\/www.boxrepsol.com\/es\/#\/schema\/person\/c5c2138f2cca251b0ad92b7086bb60b7"},"headline":"Calendario DAKAR 2018 en Box Repsol \u00a1Sigue con nosotros la 40\u00ba edici\u00f3n!","datePublished":"2018-01-03T02:00:00+00:00","dateModified":"2024-05-21T09:17:59+00:00","mainEntityOfPage":{"@id":"https:\/\/www.boxrepsol.com\/es\/rally\/calendario-dakar-2018-box-repsol-sigue-la-40o-edicion\/"},"wordCount":258,"commentCount":0,"publisher":{"@id":"https:\/\/www.boxrepsol.com\/es\/#organization"},"image":{"@id":"https:\/\/www.boxrepsol.com\/es\/rally\/calendario-dakar-2018-box-repsol-sigue-la-40o-edicion\/#primaryimage"},"thumbnailUrl":"https:\/\/www.boxrepsol.com\/wp-content\/uploads\/2022\/08\/00_isidre_esteve_rally_dakar_repsol_rally_team.jpg","keywords":["otros eventos y competiciones"],"articleSection":["Rally"],"inLanguage":"es","potentialAction":[{"@type":"CommentAction","name":"Comment","target":["https:\/\/www.boxrepsol.com\/es\/rally\/calendario-dakar-2018-box-repsol-sigue-la-40o-edicion\/#respond"]}]},{"@type":"WebPage","@id":"https:\/\/www.boxrepsol.com\/es\/rally\/calendario-dakar-2018-box-repsol-sigue-la-40o-edicion\/","url":"https:\/\/www.boxrepsol.com\/es\/rally\/calendario-dakar-2018-box-repsol-sigue-la-40o-edicion\/","name":"Calendario DAKAR 2018 en Box Repsol \u00a1Sigue con nosotros la 40\u00ba edici\u00f3n! - Box Repsol","isPartOf":{"@id":"https:\/\/www.boxrepsol.com\/es\/#website"},"primaryImageOfPage":{"@id":"https:\/\/www.boxrepsol.com\/es\/rally\/calendario-dakar-2018-box-repsol-sigue-la-40o-edicion\/#primaryimage"},"image":{"@id":"https:\/\/www.boxrepsol.com\/es\/rally\/calendario-dakar-2018-box-repsol-sigue-la-40o-edicion\/#primaryimage"},"thumbnailUrl":"https:\/\/www.boxrepsol.com\/wp-content\/uploads\/2022\/08\/00_isidre_esteve_rally_dakar_repsol_rally_team.jpg","datePublished":"2018-01-03T02:00:00+00:00","dateModified":"2024-05-21T09:17:59+00:00","description":"Llega la prueba m\u00e1s dura del mundo y es la d\u00e9cima en tierras sudamericanas. Aqu\u00ed encontrar\u00e1s la informaci\u00f3n del recorrido etapa a etapa.","breadcrumb":{"@id":"https:\/\/www.boxrepsol.com\/es\/rally\/calendario-dakar-2018-box-repsol-sigue-la-40o-edicion\/#breadcrumb"},"inLanguage":"es","potentialAction":[{"@type":"ReadAction","target":["https:\/\/www.boxrepsol.com\/es\/rally\/calendario-dakar-2018-box-repsol-sigue-la-40o-edicion\/"]}]},{"@type":"ImageObject","inLanguage":"es","@id":"https:\/\/www.boxrepsol.com\/es\/rally\/calendario-dakar-2018-box-repsol-sigue-la-40o-edicion\/#primaryimage","url":"https:\/\/www.boxrepsol.com\/wp-content\/uploads\/2022\/08\/00_isidre_esteve_rally_dakar_repsol_rally_team.jpg","contentUrl":"https:\/\/www.boxrepsol.com\/wp-content\/uploads\/2022\/08\/00_isidre_esteve_rally_dakar_repsol_rally_team.jpg","width":995,"height":560,"caption":"Isidre Esteve dunas Rally Marruecos"},{"@type":"BreadcrumbList","@id":"https:\/\/www.boxrepsol.com\/es\/rally\/calendario-dakar-2018-box-repsol-sigue-la-40o-edicion\/#breadcrumb","itemListElement":[{"@type":"ListItem","position":1,"name":"Home","item":"https:\/\/www.boxrepsol.com\/es\/"},{"@type":"ListItem","position":2,"name":"Calendario DAKAR 2018 en Box Repsol \u00a1Sigue con nosotros la 40\u00ba edici\u00f3n!"}]},{"@type":"WebSite","@id":"https:\/\/www.boxrepsol.com\/es\/#website","url":"https:\/\/www.boxrepsol.com\/es\/","name":"Box Repsol","description":"Box Repsol Site","publisher":{"@id":"https:\/\/www.boxrepsol.com\/es\/#organization"},"potentialAction":[{"@type":"SearchAction","target":{"@type":"EntryPoint","urlTemplate":"https:\/\/www.boxrepsol.com\/es\/?s={search_term_string}"},"query-input":{"@type":"PropertyValueSpecification","valueRequired":true,"valueName":"search_term_string"}}],"inLanguage":"es"},{"@type":"Organization","@id":"https:\/\/www.boxrepsol.com\/es\/#organization","name":"Box Repsol","url":"https:\/\/www.boxrepsol.com\/es\/","logo":{"@type":"ImageObject","inLanguage":"es","@id":"https:\/\/www.boxrepsol.com\/es\/#\/schema\/logo\/image\/","url":"https:\/\/bxrepsol.s3.eu-west-1.amazonaws.com\/static\/2025\/07\/30083337\/favicon-96x96-1.png","contentUrl":"https:\/\/bxrepsol.s3.eu-west-1.amazonaws.com\/static\/2025\/07\/30083337\/favicon-96x96-1.png","width":96,"height":96,"caption":"Box Repsol"},"image":{"@id":"https:\/\/www.boxrepsol.com\/es\/#\/schema\/logo\/image\/"},"sameAs":["https:\/\/www.facebook.com\/BoxRepsol","https:\/\/x.com\/box_repsol","http:\/\/instagram.com\/box_repsol","https:\/\/www.youtube.com\/user\/RepsolCompeticion","https:\/\/www.flickr.com\/photos\/box_repsol\/"]},{"@type":"Person","@id":"https:\/\/www.boxrepsol.com\/es\/#\/schema\/person\/c5c2138f2cca251b0ad92b7086bb60b7","name":"Redacci\u00f3n Box Repsol","image":{"@type":"ImageObject","inLanguage":"es","@id":"https:\/\/secure.gravatar.com\/avatar\/adf7b77e38b4419baf32c7e9c21dde01f4e40df611f0978e3006fc4ba0aaab7e?s=96&d=mm&r=g","url":"https:\/\/secure.gravatar.com\/avatar\/adf7b77e38b4419baf32c7e9c21dde01f4e40df611f0978e3006fc4ba0aaab7e?s=96&d=mm&r=g","contentUrl":"https:\/\/secure.gravatar.com\/avatar\/adf7b77e38b4419baf32c7e9c21dde01f4e40df611f0978e3006fc4ba0aaab7e?s=96&d=mm&r=g","caption":"Redacci\u00f3n Box Repsol"},"description":"Box Repsol lo forma un equipo de periodistas, community managers, dise\u00f1adores y fot\u00f3grafos con m\u00e1s de 20 a\u00f1os de experiencia en el mundo del motorsport. Hemos vivido el primer mundial de un espa\u00f1ol en la categor\u00eda reina de motociclismo con \u00c1lex Crivill\u00e9, estuvimos en las victorias de Pedrosa y los t\u00edtulos de M\u00e1rquez, acompa\u00f1amos en \u00c1frica a Nani Roma y Marc Coma en sus conquistas del Dakar y hemos vibrado con los t\u00edtulos de Toni Bou en Trial. Adem\u00e1s, en nuestro equipo contamos con expertos en el mundo de las dos y cuatro ruedas tanto de la calle y las carreteras, como de los circuitos. Periodistas que han trabajado en revistas y publicaciones para hacerte llegar desde rutas y consejos de mantenimiento, a curiosidades y trucos de pilotaje.","sameAs":["https:\/\/www.facebook.com\/BoxRepsol\/","https:\/\/www.instagram.com\/box_repsol\/","https:\/\/x.com\/https:\/\/twitter.com\/box_repsol","https:\/\/www.youtube.com\/@Boxrepsol"],"url":"https:\/\/www.boxrepsol.com\/es\/author\/redaccion-box-repsol\/"}]}},"_links":{"self":[{"href":"https:\/\/www.boxrepsol.com\/es\/wp-json\/wp\/v2\/posts\/92416","targetHints":{"allow":["GET"]}}],"collection":[{"href":"https:\/\/www.boxrepsol.com\/es\/wp-json\/wp\/v2\/posts"}],"about":[{"href":"https:\/\/www.boxrepsol.com\/es\/wp-json\/wp\/v2\/types\/post"}],"author":[{"embeddable":true,"href":"https:\/\/www.boxrepsol.com\/es\/wp-json\/wp\/v2\/users\/43146"}],"replies":[{"embeddable":true,"href":"https:\/\/www.boxrepsol.com\/es\/wp-json\/wp\/v2\/comments?post=92416"}],"version-history":[{"count":1,"href":"https:\/\/www.boxrepsol.com\/es\/wp-json\/wp\/v2\/posts\/92416\/revisions"}],"predecessor-version":[{"id":116391,"href":"https:\/\/www.boxrepsol.com\/es\/wp-json\/wp\/v2\/posts\/92416\/revisions\/116391"}],"wp:featuredmedia":[{"embeddable":true,"href":"https:\/\/www.boxrepsol.com\/es\/wp-json\/wp\/v2\/media\/87307"}],"wp:attachment":[{"href":"https:\/\/www.boxrepsol.com\/es\/wp-json\/wp\/v2\/media?parent=92416"}],"wp:term":[{"taxonomy":"category","embeddable":true,"href":"https:\/\/www.boxrepsol.com\/es\/wp-json\/wp\/v2\/categories?post=92416"},{"taxonomy":"post_tag","embeddable":true,"href":"https:\/\/www.boxrepsol.com\/es\/wp-json\/wp\/v2\/tags?post=92416"}],"curies":[{"name":"wp","href":"https:\/\/api.w.org\/{rel}","templated":true}]}}