{"id":92407,"date":"2018-01-02T00:00:00","date_gmt":"2018-01-02T02:00:00","guid":{"rendered":"http:\/\/pre.boxrepsol.com\/sin-categorizar\/volugrafo-aermoto-125-moto-caia-cielo\/"},"modified":"2024-05-21T07:18:22","modified_gmt":"2024-05-21T09:18:22","slug":"volugrafo-aermoto-125-moto-caia-cielo","status":"publish","type":"post","link":"https:\/\/www.boxrepsol.com\/es\/de-leyenda\/volugrafo-aermoto-125-moto-caia-cielo\/","title":{"rendered":"Volugrafo Aermoto 125, la moto que ca\u00eda del cielo"},"content":{"rendered":"<p><strong>La Volugrafo Aermoto 125<\/strong> naci\u00f3 en los a\u00f1os 40, mientras Europa estaba en guerra y los estados intentaban equipar a sus tropas con las mejores armas y la mejor tecnolog\u00eda. En Italia dieron una vuelta de tuerca a la maquinaria militar con la invenci\u00f3n de una motocicleta para sus paracaidistas. La llamaron <strong>Volugrafo Aermoto 125<\/strong> y<strong>\u00a0<\/strong>tambi\u00e9n la tiraban desde un avi\u00f3n.<\/p>\n<p>El objetivo del Ej\u00e9rcito Real Italiano era que sus soldados pudieran moverse con la mayor rapidez y agilidad posible entre las l\u00edneas enemigas. Ten\u00eda l\u00f3gica, pues al caer a tierra, el recluta se ve\u00eda obligado a andar un mont\u00f3n de kil\u00f3metros para poder cumplir su misi\u00f3n. La <strong>Aermoto<\/strong>, de la compa\u00f1\u00eda Officine Meccaniche Volugrafo, le permit\u00eda reconocer el terreno hostil a una velocidad m\u00e1xima de 50 Km\/h.<\/p>\n<p>La moto se basaba en la Velta creada en 1936 por el ingeniero y piloto de carreras Claudio Belmondo. De ah\u00ed sali\u00f3 el modelo militar, cuya ligereza (poco m\u00e1s de 51 kilos) y robustez permit\u00edan que fuera lanzada desde un avi\u00f3n con un paraca\u00eddas, ya que quedaba plegada dentro de una caja met\u00e1lica. Se desmontaba en tan solo dos minutos, ten\u00eda frenos de tambor, dos velocidades y el dep\u00f3sito de gasolina de 9,5 litros estaba debajo del asiento. En posici\u00f3n de lanzamiento, el manillar se doblaba hacia la rueda delantera, lo que facilitaba poder colocarla en el contenedor.<\/p>\n<p>El Ej\u00e9rcito italiano orden\u00f3 una primera partida de 600 unidades para ser usadas por los paracaidistas del Batall\u00f3n Aerotransportado 183 de la divisi\u00f3n Cyclone. El Ej\u00e9rcito alem\u00e1n tambi\u00e9n hizo un pedido a la empresa Volugrafo, que produjo un total de 2.000 unidades de la <strong>Aermoto 125<\/strong>. Las fuerzas aliadas bombardearon la f\u00e1brica de la que sal\u00edan las motos en 1943, en Tur\u00edn, lo que oblig\u00f3 a trasladar la producci\u00f3n a la ciudad de Favria, que se detuvo definitivamente al a\u00f1o siguiente.<\/p>\n<p><a href=\"https:\/\/commons.wikimedia.org\/wiki\/File:1944_paracadutisti_motorcycle.JPG#\/media\/File:1944_paracadutisti_motorcycle.JPG\" target=\"_blank\" rel=\"noopener noreferrer\"><img loading=\"lazy\" decoding=\"async\" src=\"https:\/\/bxrepsol.s3.eu-west-1.amazonaws.com\/static\/2022\/08\/29074754\/1944_paracadutisti_motorcycle-1.jpg\" alt=\"1944 paracadutisti motorcycle.JPG\" width=\"927\" height=\"1000\" \/><\/a><br \/>\nBy Megalab &#8211; Own work, <a title=\"Creative Commons Attribution-Share Alike 3.0\" href=\"https:\/\/creativecommons.org\/licenses\/by-sa\/3.0\">CC BY-SA 3.0<\/a>, <a href=\"https:\/\/commons.wikimedia.org\/w\/index.php?curid=18546917\">Link<\/a><\/p>\n<p>El Ej\u00e9rcito brit\u00e1nico no perdi\u00f3 la oportunidad de dise\u00f1ar su propia moto paracaidista. La llamaron <strong>Welbike<\/strong> y la fabricaci\u00f3n corri\u00f3 a cargo de <strong>Excelsior Motor Company<\/strong>. Pesaba 20 kilos menos que el modelo italiano y alcanzaba la misma velocidad. Empez\u00f3 a producirse en 1942 y de la factor\u00eda salieron cerca de 5.000 unidades que fueron desplegadas tanto en Europa como en el norte de \u00c1frica. Las Welbike tambi\u00e9n participaron en el c\u00e9lebre desembarco de Normand\u00eda. A diferencia de su prima italiana, la inglesa solo dispon\u00eda de una velocidad y el desmontaje solo requer\u00eda de 10 segundos de maniobra. El invento tambi\u00e9n tuvo una vida m\u00e1s bien corta, ya que los avances tecnol\u00f3gicos permitieron, a los pocos a\u00f1os, lanzar desde un avi\u00f3n veh\u00edculos de todo tipo y de cualquier peso.<\/p>\n<p>Los americanos no quisieron quedarse atr\u00e1s a la hora de equipar a sus paracaidistas, as\u00ed que en 1944 presentaron la Cushman 53. Un monocil\u00edndrico de cuatro tiempos, de 116 kilos con una potencia m\u00e1xima de 64 Km\/h. De la f\u00e1brica de Nebraska de la compa\u00f1\u00eda Cushman Motor Works salieron entre 4.000 y 5.000 unidades.<\/p>\n<p><a title=\"Cushman Airborne Scooter WP USAF Museum-301\" href=\"https:\/\/www.flickr.com\/photos\/mrkyle229\/4758226445\/\" target=\"_blank\" rel=\"noopener noreferrer\" data-flickr-embed=\"true\"><img loading=\"lazy\" decoding=\"async\" src=\"https:\/\/bxrepsol.s3.eu-west-1.amazonaws.com\/static\/2022\/08\/29074756\/4758226445_b8ec180c2e_b-1.jpg\" alt=\"Cushman Airborne Scooter WP USAF Museum-301\" width=\"1024\" height=\"689\" \/><\/a><\/p>\n<p>Para muchos, tanto la <strong>Aermoto<\/strong> como la Welbike o la Cushman fueron el origen de las \u2018Pit Bikes\u2019, las mini motos que en muchas ocasiones podemos ver en los desplazamientos por el \u2018Pit Lane\u2019 del Mundial de Motociclismo. Las mismas motos aerotransportadas, una vez terminada la guerra y cuando ya no ten\u00edan sentido como parte del equipo de los paracaidistas, se empezaron a usar como veh\u00edculo auxiliar para moverse por los enormes aer\u00f3dromos militares. La moto, una vez m\u00e1s, demostr\u00f3 su capacidad de adaptaci\u00f3n.<\/p>\n<p>Foto cabecera: Dominio P\u00fablico<\/p>\n","protected":false},"excerpt":{"rendered":"<p>\u00bfSab\u00edas que durante la Segunda Guerra Mundial inventaron una moto que tiraban desde el avi\u00f3n y que era parte del equipo de los paracaidistas? Es una historia incre\u00edble y aqu\u00ed te la contamos.<\/p>\n","protected":false},"author":43146,"featured_media":92409,"comment_status":"open","ping_status":"open","sticky":false,"template":"","format":"standard","meta":{"footnotes":""},"categories":[164],"tags":[165],"class_list":["post-92407","post","type-post","status-publish","format-standard","hentry","category-de-leyenda","tag-historia-del-motociclismo"],"yoast_head":"<!-- This site is optimized with the Yoast SEO plugin v27.3 - https:\/\/yoast.com\/product\/yoast-seo-wordpress\/ -->\n<title>La Volugrafo Aermoto 125, la moto que ca\u00eda del cielo<\/title>\n<meta name=\"description\" content=\"La Volugrafo Aermoto 125 naci\u00f3 en los a\u00f1os 40, mientras Europa estaba en guerra y los estados intentaban equipar a sus tropas con las mejores armas.\" \/>\n<link rel=\"canonical\" href=\"https:\/\/www.boxrepsol.com\/es\/de-leyenda\/volugrafo-aermoto-125-moto-caia-cielo\/\" \/>\n<meta property=\"og:locale\" content=\"es_ES\" \/>\n<meta property=\"og:type\" content=\"article\" \/>\n<meta property=\"og:title\" content=\"La Volugrafo Aermoto 125, la moto que ca\u00eda del cielo\" \/>\n<meta property=\"og:description\" content=\"La Volugrafo Aermoto 125 naci\u00f3 en los a\u00f1os 40, mientras Europa estaba en guerra y los estados intentaban equipar a sus tropas con las mejores armas.\" \/>\n<meta property=\"og:url\" content=\"https:\/\/www.boxrepsol.com\/es\/de-leyenda\/volugrafo-aermoto-125-moto-caia-cielo\/\" \/>\n<meta property=\"og:site_name\" content=\"Box Repsol\" \/>\n<meta property=\"article:publisher\" content=\"https:\/\/www.facebook.com\/BoxRepsol\" \/>\n<meta property=\"article:author\" content=\"https:\/\/www.facebook.com\/BoxRepsol\/\" \/>\n<meta property=\"article:published_time\" content=\"2018-01-02T02:00:00+00:00\" \/>\n<meta property=\"article:modified_time\" content=\"2024-05-21T09:18:22+00:00\" \/>\n<meta property=\"og:image\" content=\"https:\/\/bxrepsol.s3.eu-west-1.amazonaws.com\/static\/2023\/02\/24101229\/volugrafo_aeromoto_public_domain.jpg\" \/>\n\t<meta property=\"og:image:width\" content=\"986\" \/>\n\t<meta property=\"og:image:height\" content=\"555\" \/>\n\t<meta property=\"og:image:type\" content=\"image\/jpeg\" \/>\n<meta name=\"author\" content=\"Redacci\u00f3n Box Repsol\" \/>\n<meta name=\"twitter:card\" content=\"summary_large_image\" \/>\n<meta name=\"twitter:creator\" content=\"@https:\/\/twitter.com\/box_repsol\" \/>\n<meta name=\"twitter:site\" content=\"@box_repsol\" \/>\n<meta name=\"twitter:label1\" content=\"Written by\" \/>\n\t<meta name=\"twitter:data1\" content=\"Redacci\u00f3n Box Repsol\" \/>\n\t<meta name=\"twitter:label2\" content=\"Est. reading time\" \/>\n\t<meta name=\"twitter:data2\" content=\"3 minutos\" \/>\n<script type=\"application\/ld+json\" class=\"yoast-schema-graph\">{\"@context\":\"https:\\\/\\\/schema.org\",\"@graph\":[{\"@type\":\"Article\",\"@id\":\"https:\\\/\\\/www.boxrepsol.com\\\/es\\\/de-leyenda\\\/volugrafo-aermoto-125-moto-caia-cielo\\\/#article\",\"isPartOf\":{\"@id\":\"https:\\\/\\\/www.boxrepsol.com\\\/es\\\/de-leyenda\\\/volugrafo-aermoto-125-moto-caia-cielo\\\/\"},\"author\":{\"name\":\"Redacci\u00f3n Box Repsol\",\"@id\":\"https:\\\/\\\/www.boxrepsol.com\\\/es\\\/#\\\/schema\\\/person\\\/c5c2138f2cca251b0ad92b7086bb60b7\"},\"headline\":\"Volugrafo Aermoto 125, la moto que ca\u00eda del cielo\",\"datePublished\":\"2018-01-02T02:00:00+00:00\",\"dateModified\":\"2024-05-21T09:18:22+00:00\",\"mainEntityOfPage\":{\"@id\":\"https:\\\/\\\/www.boxrepsol.com\\\/es\\\/de-leyenda\\\/volugrafo-aermoto-125-moto-caia-cielo\\\/\"},\"wordCount\":638,\"commentCount\":0,\"publisher\":{\"@id\":\"https:\\\/\\\/www.boxrepsol.com\\\/es\\\/#organization\"},\"image\":{\"@id\":\"https:\\\/\\\/www.boxrepsol.com\\\/es\\\/de-leyenda\\\/volugrafo-aermoto-125-moto-caia-cielo\\\/#primaryimage\"},\"thumbnailUrl\":\"https:\\\/\\\/bxrepsol.s3.eu-west-1.amazonaws.com\\\/static\\\/2023\\\/02\\\/24101229\\\/volugrafo_aeromoto_public_domain.jpg\",\"keywords\":[\"historia del motociclismo\"],\"articleSection\":[\"De leyenda\"],\"inLanguage\":\"es\",\"potentialAction\":[{\"@type\":\"CommentAction\",\"name\":\"Comment\",\"target\":[\"https:\\\/\\\/www.boxrepsol.com\\\/es\\\/de-leyenda\\\/volugrafo-aermoto-125-moto-caia-cielo\\\/#respond\"]}]},{\"@type\":\"WebPage\",\"@id\":\"https:\\\/\\\/www.boxrepsol.com\\\/es\\\/de-leyenda\\\/volugrafo-aermoto-125-moto-caia-cielo\\\/\",\"url\":\"https:\\\/\\\/www.boxrepsol.com\\\/es\\\/de-leyenda\\\/volugrafo-aermoto-125-moto-caia-cielo\\\/\",\"name\":\"La Volugrafo Aermoto 125, la moto que ca\u00eda del cielo\",\"isPartOf\":{\"@id\":\"https:\\\/\\\/www.boxrepsol.com\\\/es\\\/#website\"},\"primaryImageOfPage\":{\"@id\":\"https:\\\/\\\/www.boxrepsol.com\\\/es\\\/de-leyenda\\\/volugrafo-aermoto-125-moto-caia-cielo\\\/#primaryimage\"},\"image\":{\"@id\":\"https:\\\/\\\/www.boxrepsol.com\\\/es\\\/de-leyenda\\\/volugrafo-aermoto-125-moto-caia-cielo\\\/#primaryimage\"},\"thumbnailUrl\":\"https:\\\/\\\/bxrepsol.s3.eu-west-1.amazonaws.com\\\/static\\\/2023\\\/02\\\/24101229\\\/volugrafo_aeromoto_public_domain.jpg\",\"datePublished\":\"2018-01-02T02:00:00+00:00\",\"dateModified\":\"2024-05-21T09:18:22+00:00\",\"description\":\"La Volugrafo Aermoto 125 naci\u00f3 en los a\u00f1os 40, mientras Europa estaba en guerra y los estados intentaban equipar a sus tropas con las mejores armas.\",\"breadcrumb\":{\"@id\":\"https:\\\/\\\/www.boxrepsol.com\\\/es\\\/de-leyenda\\\/volugrafo-aermoto-125-moto-caia-cielo\\\/#breadcrumb\"},\"inLanguage\":\"es\",\"potentialAction\":[{\"@type\":\"ReadAction\",\"target\":[\"https:\\\/\\\/www.boxrepsol.com\\\/es\\\/de-leyenda\\\/volugrafo-aermoto-125-moto-caia-cielo\\\/\"]}]},{\"@type\":\"ImageObject\",\"inLanguage\":\"es\",\"@id\":\"https:\\\/\\\/www.boxrepsol.com\\\/es\\\/de-leyenda\\\/volugrafo-aermoto-125-moto-caia-cielo\\\/#primaryimage\",\"url\":\"https:\\\/\\\/bxrepsol.s3.eu-west-1.amazonaws.com\\\/static\\\/2023\\\/02\\\/24101229\\\/volugrafo_aeromoto_public_domain.jpg\",\"contentUrl\":\"https:\\\/\\\/bxrepsol.s3.eu-west-1.amazonaws.com\\\/static\\\/2023\\\/02\\\/24101229\\\/volugrafo_aeromoto_public_domain.jpg\",\"width\":986,\"height\":555},{\"@type\":\"BreadcrumbList\",\"@id\":\"https:\\\/\\\/www.boxrepsol.com\\\/es\\\/de-leyenda\\\/volugrafo-aermoto-125-moto-caia-cielo\\\/#breadcrumb\",\"itemListElement\":[{\"@type\":\"ListItem\",\"position\":1,\"name\":\"Home\",\"item\":\"https:\\\/\\\/www.boxrepsol.com\\\/es\\\/\"},{\"@type\":\"ListItem\",\"position\":2,\"name\":\"Volugrafo Aermoto 125, la moto que ca\u00eda del cielo\"}]},{\"@type\":\"WebSite\",\"@id\":\"https:\\\/\\\/www.boxrepsol.com\\\/es\\\/#website\",\"url\":\"https:\\\/\\\/www.boxrepsol.com\\\/es\\\/\",\"name\":\"Box Repsol\",\"description\":\"Box Repsol Site\",\"publisher\":{\"@id\":\"https:\\\/\\\/www.boxrepsol.com\\\/es\\\/#organization\"},\"potentialAction\":[{\"@type\":\"SearchAction\",\"target\":{\"@type\":\"EntryPoint\",\"urlTemplate\":\"https:\\\/\\\/www.boxrepsol.com\\\/es\\\/?s={search_term_string}\"},\"query-input\":{\"@type\":\"PropertyValueSpecification\",\"valueRequired\":true,\"valueName\":\"search_term_string\"}}],\"inLanguage\":\"es\"},{\"@type\":\"Organization\",\"@id\":\"https:\\\/\\\/www.boxrepsol.com\\\/es\\\/#organization\",\"name\":\"Box Repsol\",\"url\":\"https:\\\/\\\/www.boxrepsol.com\\\/es\\\/\",\"logo\":{\"@type\":\"ImageObject\",\"inLanguage\":\"es\",\"@id\":\"https:\\\/\\\/www.boxrepsol.com\\\/es\\\/#\\\/schema\\\/logo\\\/image\\\/\",\"url\":\"https:\\\/\\\/bxrepsol.s3.eu-west-1.amazonaws.com\\\/static\\\/2025\\\/07\\\/30083337\\\/favicon-96x96-1.png\",\"contentUrl\":\"https:\\\/\\\/bxrepsol.s3.eu-west-1.amazonaws.com\\\/static\\\/2025\\\/07\\\/30083337\\\/favicon-96x96-1.png\",\"width\":96,\"height\":96,\"caption\":\"Box Repsol\"},\"image\":{\"@id\":\"https:\\\/\\\/www.boxrepsol.com\\\/es\\\/#\\\/schema\\\/logo\\\/image\\\/\"},\"sameAs\":[\"https:\\\/\\\/www.facebook.com\\\/BoxRepsol\",\"https:\\\/\\\/x.com\\\/box_repsol\",\"http:\\\/\\\/instagram.com\\\/box_repsol\",\"https:\\\/\\\/www.youtube.com\\\/user\\\/RepsolCompeticion\",\"https:\\\/\\\/www.flickr.com\\\/photos\\\/box_repsol\\\/\"]},{\"@type\":\"Person\",\"@id\":\"https:\\\/\\\/www.boxrepsol.com\\\/es\\\/#\\\/schema\\\/person\\\/c5c2138f2cca251b0ad92b7086bb60b7\",\"name\":\"Redacci\u00f3n Box Repsol\",\"image\":{\"@type\":\"ImageObject\",\"inLanguage\":\"es\",\"@id\":\"https:\\\/\\\/secure.gravatar.com\\\/avatar\\\/adf7b77e38b4419baf32c7e9c21dde01f4e40df611f0978e3006fc4ba0aaab7e?s=96&d=mm&r=g\",\"url\":\"https:\\\/\\\/secure.gravatar.com\\\/avatar\\\/adf7b77e38b4419baf32c7e9c21dde01f4e40df611f0978e3006fc4ba0aaab7e?s=96&d=mm&r=g\",\"contentUrl\":\"https:\\\/\\\/secure.gravatar.com\\\/avatar\\\/adf7b77e38b4419baf32c7e9c21dde01f4e40df611f0978e3006fc4ba0aaab7e?s=96&d=mm&r=g\",\"caption\":\"Redacci\u00f3n Box Repsol\"},\"description\":\"Box Repsol lo forma un equipo de periodistas, community managers, dise\u00f1adores y fot\u00f3grafos con m\u00e1s de 20 a\u00f1os de experiencia en el mundo del motorsport. Hemos vivido el primer mundial de un espa\u00f1ol en la categor\u00eda reina de motociclismo con \u00c1lex Crivill\u00e9, estuvimos en las victorias de Pedrosa y los t\u00edtulos de M\u00e1rquez, acompa\u00f1amos en \u00c1frica a Nani Roma y Marc Coma en sus conquistas del Dakar y hemos vibrado con los t\u00edtulos de Toni Bou en Trial. Adem\u00e1s, en nuestro equipo contamos con expertos en el mundo de las dos y cuatro ruedas tanto de la calle y las carreteras, como de los circuitos. Periodistas que han trabajado en revistas y publicaciones para hacerte llegar desde rutas y consejos de mantenimiento, a curiosidades y trucos de pilotaje.\",\"sameAs\":[\"https:\\\/\\\/www.facebook.com\\\/BoxRepsol\\\/\",\"https:\\\/\\\/www.instagram.com\\\/box_repsol\\\/\",\"https:\\\/\\\/x.com\\\/https:\\\/\\\/twitter.com\\\/box_repsol\",\"https:\\\/\\\/www.youtube.com\\\/@Boxrepsol\"],\"url\":\"https:\\\/\\\/www.boxrepsol.com\\\/es\\\/author\\\/redaccion-box-repsol\\\/\"}]}<\/script>\n<!-- \/ Yoast SEO plugin. -->","yoast_head_json":{"title":"La Volugrafo Aermoto 125, la moto que ca\u00eda del cielo","description":"La Volugrafo Aermoto 125 naci\u00f3 en los a\u00f1os 40, mientras Europa estaba en guerra y los estados intentaban equipar a sus tropas con las mejores armas.","canonical":"https:\/\/www.boxrepsol.com\/es\/de-leyenda\/volugrafo-aermoto-125-moto-caia-cielo\/","og_locale":"es_ES","og_type":"article","og_title":"La Volugrafo Aermoto 125, la moto que ca\u00eda del cielo","og_description":"La Volugrafo Aermoto 125 naci\u00f3 en los a\u00f1os 40, mientras Europa estaba en guerra y los estados intentaban equipar a sus tropas con las mejores armas.","og_url":"https:\/\/www.boxrepsol.com\/es\/de-leyenda\/volugrafo-aermoto-125-moto-caia-cielo\/","og_site_name":"Box Repsol","article_publisher":"https:\/\/www.facebook.com\/BoxRepsol","article_author":"https:\/\/www.facebook.com\/BoxRepsol\/","article_published_time":"2018-01-02T02:00:00+00:00","article_modified_time":"2024-05-21T09:18:22+00:00","og_image":[{"width":986,"height":555,"url":"https:\/\/bxrepsol.s3.eu-west-1.amazonaws.com\/static\/2023\/02\/24101229\/volugrafo_aeromoto_public_domain.jpg","type":"image\/jpeg"}],"author":"Redacci\u00f3n Box Repsol","twitter_card":"summary_large_image","twitter_creator":"@https:\/\/twitter.com\/box_repsol","twitter_site":"@box_repsol","twitter_misc":{"Written by":"Redacci\u00f3n Box Repsol","Est. reading time":"3 minutos"},"schema":{"@context":"https:\/\/schema.org","@graph":[{"@type":"Article","@id":"https:\/\/www.boxrepsol.com\/es\/de-leyenda\/volugrafo-aermoto-125-moto-caia-cielo\/#article","isPartOf":{"@id":"https:\/\/www.boxrepsol.com\/es\/de-leyenda\/volugrafo-aermoto-125-moto-caia-cielo\/"},"author":{"name":"Redacci\u00f3n Box Repsol","@id":"https:\/\/www.boxrepsol.com\/es\/#\/schema\/person\/c5c2138f2cca251b0ad92b7086bb60b7"},"headline":"Volugrafo Aermoto 125, la moto que ca\u00eda del cielo","datePublished":"2018-01-02T02:00:00+00:00","dateModified":"2024-05-21T09:18:22+00:00","mainEntityOfPage":{"@id":"https:\/\/www.boxrepsol.com\/es\/de-leyenda\/volugrafo-aermoto-125-moto-caia-cielo\/"},"wordCount":638,"commentCount":0,"publisher":{"@id":"https:\/\/www.boxrepsol.com\/es\/#organization"},"image":{"@id":"https:\/\/www.boxrepsol.com\/es\/de-leyenda\/volugrafo-aermoto-125-moto-caia-cielo\/#primaryimage"},"thumbnailUrl":"https:\/\/bxrepsol.s3.eu-west-1.amazonaws.com\/static\/2023\/02\/24101229\/volugrafo_aeromoto_public_domain.jpg","keywords":["historia del motociclismo"],"articleSection":["De leyenda"],"inLanguage":"es","potentialAction":[{"@type":"CommentAction","name":"Comment","target":["https:\/\/www.boxrepsol.com\/es\/de-leyenda\/volugrafo-aermoto-125-moto-caia-cielo\/#respond"]}]},{"@type":"WebPage","@id":"https:\/\/www.boxrepsol.com\/es\/de-leyenda\/volugrafo-aermoto-125-moto-caia-cielo\/","url":"https:\/\/www.boxrepsol.com\/es\/de-leyenda\/volugrafo-aermoto-125-moto-caia-cielo\/","name":"La Volugrafo Aermoto 125, la moto que ca\u00eda del cielo","isPartOf":{"@id":"https:\/\/www.boxrepsol.com\/es\/#website"},"primaryImageOfPage":{"@id":"https:\/\/www.boxrepsol.com\/es\/de-leyenda\/volugrafo-aermoto-125-moto-caia-cielo\/#primaryimage"},"image":{"@id":"https:\/\/www.boxrepsol.com\/es\/de-leyenda\/volugrafo-aermoto-125-moto-caia-cielo\/#primaryimage"},"thumbnailUrl":"https:\/\/bxrepsol.s3.eu-west-1.amazonaws.com\/static\/2023\/02\/24101229\/volugrafo_aeromoto_public_domain.jpg","datePublished":"2018-01-02T02:00:00+00:00","dateModified":"2024-05-21T09:18:22+00:00","description":"La Volugrafo Aermoto 125 naci\u00f3 en los a\u00f1os 40, mientras Europa estaba en guerra y los estados intentaban equipar a sus tropas con las mejores armas.","breadcrumb":{"@id":"https:\/\/www.boxrepsol.com\/es\/de-leyenda\/volugrafo-aermoto-125-moto-caia-cielo\/#breadcrumb"},"inLanguage":"es","potentialAction":[{"@type":"ReadAction","target":["https:\/\/www.boxrepsol.com\/es\/de-leyenda\/volugrafo-aermoto-125-moto-caia-cielo\/"]}]},{"@type":"ImageObject","inLanguage":"es","@id":"https:\/\/www.boxrepsol.com\/es\/de-leyenda\/volugrafo-aermoto-125-moto-caia-cielo\/#primaryimage","url":"https:\/\/bxrepsol.s3.eu-west-1.amazonaws.com\/static\/2023\/02\/24101229\/volugrafo_aeromoto_public_domain.jpg","contentUrl":"https:\/\/bxrepsol.s3.eu-west-1.amazonaws.com\/static\/2023\/02\/24101229\/volugrafo_aeromoto_public_domain.jpg","width":986,"height":555},{"@type":"BreadcrumbList","@id":"https:\/\/www.boxrepsol.com\/es\/de-leyenda\/volugrafo-aermoto-125-moto-caia-cielo\/#breadcrumb","itemListElement":[{"@type":"ListItem","position":1,"name":"Home","item":"https:\/\/www.boxrepsol.com\/es\/"},{"@type":"ListItem","position":2,"name":"Volugrafo Aermoto 125, la moto que ca\u00eda del cielo"}]},{"@type":"WebSite","@id":"https:\/\/www.boxrepsol.com\/es\/#website","url":"https:\/\/www.boxrepsol.com\/es\/","name":"Box Repsol","description":"Box Repsol Site","publisher":{"@id":"https:\/\/www.boxrepsol.com\/es\/#organization"},"potentialAction":[{"@type":"SearchAction","target":{"@type":"EntryPoint","urlTemplate":"https:\/\/www.boxrepsol.com\/es\/?s={search_term_string}"},"query-input":{"@type":"PropertyValueSpecification","valueRequired":true,"valueName":"search_term_string"}}],"inLanguage":"es"},{"@type":"Organization","@id":"https:\/\/www.boxrepsol.com\/es\/#organization","name":"Box Repsol","url":"https:\/\/www.boxrepsol.com\/es\/","logo":{"@type":"ImageObject","inLanguage":"es","@id":"https:\/\/www.boxrepsol.com\/es\/#\/schema\/logo\/image\/","url":"https:\/\/bxrepsol.s3.eu-west-1.amazonaws.com\/static\/2025\/07\/30083337\/favicon-96x96-1.png","contentUrl":"https:\/\/bxrepsol.s3.eu-west-1.amazonaws.com\/static\/2025\/07\/30083337\/favicon-96x96-1.png","width":96,"height":96,"caption":"Box Repsol"},"image":{"@id":"https:\/\/www.boxrepsol.com\/es\/#\/schema\/logo\/image\/"},"sameAs":["https:\/\/www.facebook.com\/BoxRepsol","https:\/\/x.com\/box_repsol","http:\/\/instagram.com\/box_repsol","https:\/\/www.youtube.com\/user\/RepsolCompeticion","https:\/\/www.flickr.com\/photos\/box_repsol\/"]},{"@type":"Person","@id":"https:\/\/www.boxrepsol.com\/es\/#\/schema\/person\/c5c2138f2cca251b0ad92b7086bb60b7","name":"Redacci\u00f3n Box Repsol","image":{"@type":"ImageObject","inLanguage":"es","@id":"https:\/\/secure.gravatar.com\/avatar\/adf7b77e38b4419baf32c7e9c21dde01f4e40df611f0978e3006fc4ba0aaab7e?s=96&d=mm&r=g","url":"https:\/\/secure.gravatar.com\/avatar\/adf7b77e38b4419baf32c7e9c21dde01f4e40df611f0978e3006fc4ba0aaab7e?s=96&d=mm&r=g","contentUrl":"https:\/\/secure.gravatar.com\/avatar\/adf7b77e38b4419baf32c7e9c21dde01f4e40df611f0978e3006fc4ba0aaab7e?s=96&d=mm&r=g","caption":"Redacci\u00f3n Box Repsol"},"description":"Box Repsol lo forma un equipo de periodistas, community managers, dise\u00f1adores y fot\u00f3grafos con m\u00e1s de 20 a\u00f1os de experiencia en el mundo del motorsport. Hemos vivido el primer mundial de un espa\u00f1ol en la categor\u00eda reina de motociclismo con \u00c1lex Crivill\u00e9, estuvimos en las victorias de Pedrosa y los t\u00edtulos de M\u00e1rquez, acompa\u00f1amos en \u00c1frica a Nani Roma y Marc Coma en sus conquistas del Dakar y hemos vibrado con los t\u00edtulos de Toni Bou en Trial. Adem\u00e1s, en nuestro equipo contamos con expertos en el mundo de las dos y cuatro ruedas tanto de la calle y las carreteras, como de los circuitos. Periodistas que han trabajado en revistas y publicaciones para hacerte llegar desde rutas y consejos de mantenimiento, a curiosidades y trucos de pilotaje.","sameAs":["https:\/\/www.facebook.com\/BoxRepsol\/","https:\/\/www.instagram.com\/box_repsol\/","https:\/\/x.com\/https:\/\/twitter.com\/box_repsol","https:\/\/www.youtube.com\/@Boxrepsol"],"url":"https:\/\/www.boxrepsol.com\/es\/author\/redaccion-box-repsol\/"}]}},"_links":{"self":[{"href":"https:\/\/www.boxrepsol.com\/es\/wp-json\/wp\/v2\/posts\/92407","targetHints":{"allow":["GET"]}}],"collection":[{"href":"https:\/\/www.boxrepsol.com\/es\/wp-json\/wp\/v2\/posts"}],"about":[{"href":"https:\/\/www.boxrepsol.com\/es\/wp-json\/wp\/v2\/types\/post"}],"author":[{"embeddable":true,"href":"https:\/\/www.boxrepsol.com\/es\/wp-json\/wp\/v2\/users\/43146"}],"replies":[{"embeddable":true,"href":"https:\/\/www.boxrepsol.com\/es\/wp-json\/wp\/v2\/comments?post=92407"}],"version-history":[{"count":4,"href":"https:\/\/www.boxrepsol.com\/es\/wp-json\/wp\/v2\/posts\/92407\/revisions"}],"predecessor-version":[{"id":108260,"href":"https:\/\/www.boxrepsol.com\/es\/wp-json\/wp\/v2\/posts\/92407\/revisions\/108260"}],"wp:featuredmedia":[{"embeddable":true,"href":"https:\/\/www.boxrepsol.com\/es\/wp-json\/wp\/v2\/media\/92409"}],"wp:attachment":[{"href":"https:\/\/www.boxrepsol.com\/es\/wp-json\/wp\/v2\/media?parent=92407"}],"wp:term":[{"taxonomy":"category","embeddable":true,"href":"https:\/\/www.boxrepsol.com\/es\/wp-json\/wp\/v2\/categories?post=92407"},{"taxonomy":"post_tag","embeddable":true,"href":"https:\/\/www.boxrepsol.com\/es\/wp-json\/wp\/v2\/tags?post=92407"}],"curies":[{"name":"wp","href":"https:\/\/api.w.org\/{rel}","templated":true}]}}