{"id":92388,"date":"2017-12-28T00:00:00","date_gmt":"2017-12-28T02:00:00","guid":{"rendered":"http:\/\/pre.boxrepsol.com\/sin-categorizar\/historia-del-dakar-seis-minutos\/"},"modified":"2024-05-21T07:02:52","modified_gmt":"2024-05-21T09:02:52","slug":"historia-del-dakar-seis-minutos","status":"publish","type":"post","link":"https:\/\/www.boxrepsol.com\/es\/rally\/historia-del-dakar-seis-minutos\/","title":{"rendered":"Historia del Dakar en seis minutos"},"content":{"rendered":"<p>En 1977, el piloto franc\u00e9s Thierry Sabine se perdi\u00f3 en el desierto de Libia durante una de las etapas del Rally Abidjan-Niza. Fue salvado \u2018in extremis\u2019. En su retina quedaron los impresionantes paisajes con los que convivi\u00f3 durante dos d\u00edas. Una vez recuperado, comparti\u00f3 con sus amigos su experiencia. Y un objetivo: inventar una ruta que fuera de Europa al continente africano.<\/p>\n<div id=\"attachment_16016\" style=\"width: 996px\" class=\"wp-caption aligncenter\"><img loading=\"lazy\" decoding=\"async\" aria-describedby=\"caption-attachment-16016\" src=\"https:\/\/bxrepsol.s3.eu-west-1.amazonaws.com\/static\/2022\/08\/29074737\/dunas_desierto_libico-2.png\" alt=\"Desierto L\u00edbico\" width=\"986\" height=\"555\"><p id=\"caption-attachment-16016\" class=\"wp-caption-text\">Foto: Ron Cogswell | Flickr<\/p><\/div>\n<p>Bajo el lema \u2018Un desaf\u00edo para aquellos que parten, un sue\u00f1o para los que se quedan\u2019, el primer Par\u00eds-Dakar arranc\u00f3 el 26 de diciembre de 1978 desde la plaza del Trocadero de la capital francesa. Los 182 participantes ten\u00edan por delante 10.000 kil\u00f3metros por terreno desconocido, atravesando Argelia, N\u00edger, Mali y Senegal. Solo 74 veh\u00edculos lograron alcanzar las playas de Dakar. En coches se impuso Alain Geneister-Joseph; en motos, Cyril Neveu.<\/p>\n<p>&nbsp;<\/p>\n<p>En los siguientes a\u00f1os, el Rally fue cobrando prestigio gracias a las \u00e9picas haza\u00f1as de los pilotos. En 1983 se pas\u00f3 por primera vez por el desierto del T\u00e9n\u00e9r\u00e9. La caravana del Dakar qued\u00f3 atrapada bajo una tormenta de arena que desorient\u00f3 a una cuarentena de participantes. Muchos de ellos necesitaron cuatro d\u00edas para recuperar la ruta correcta. Pero eso no fue todo. En esa misma edici\u00f3n, el Rally se qued\u00f3 sin combustible y un miembro de la organizaci\u00f3n tuvo que ir volando a buscar 50.000 litros para abastecer a los veh\u00edculos.<\/p>\n<p><img loading=\"lazy\" decoding=\"async\" src=\"https:\/\/bxrepsol.s3.eu-west-1.amazonaws.com\/static\/2022\/08\/29074739\/tenere-2.png\" alt=\"Desierto del T\u00e9n\u00e9r\u00e9\" width=\"704\" height=\"450\"><\/p>\n<p>En 1986 se produce un punto de inflexi\u00f3n en la competici\u00f3n. Sabine fallece y las cenizas del intr\u00e9pido motorista se esparcieron por el desierto. Amigos y familiares se hicieron cargo a partir de entonces de la organizaci\u00f3n.<\/p>\n<p>En 1988 se vive una de las an\u00e9cdotas m\u00e1s sonadas de la historia del Dakar. El finland\u00e9s Ari Vatanen se levant\u00f3 para disputar una de las etapas que part\u00eda de Bamako (Mal\u00ed) y se encontr\u00f3 con que su coche hab\u00eda desaparecido. Lo hab\u00edan secuestrado. Al poco rato apareci\u00f3 muy lejos del campamento, pero el piloto acab\u00f3 siendo descalificado por salir dos horas tarde. Se qued\u00f3 sin opciones de ganar la carrera.<\/p>\n<p>En 1991 empezaba a escribirse la historia del que sigue siendo el piloto m\u00e1s laureado del Rally: el franc\u00e9s St\u00e9phane Peterhansel. Aquel a\u00f1o logr\u00f3 el primero de los 13 t\u00edtulos que ha conseguido (seis en motos y siete en coches). Por algo le llaman \u2018Monsieur Dakar\u2019.<\/p>\n<div id=\"attachment_16020\" style=\"width: 996px\" class=\"wp-caption aligncenter\"><img loading=\"lazy\" decoding=\"async\" aria-describedby=\"caption-attachment-16020\" src=\"https:\/\/bxrepsol.s3.eu-west-1.amazonaws.com\/static\/2022\/08\/29074739\/dakar_bolivia-2.png\" alt=\"\" width=\"986\" height=\"555\"><p id=\"caption-attachment-16020\" class=\"wp-caption-text\">Foto: Diego Delso | Wikimedia<\/p><\/div>\n<p>A partir de los a\u00f1os 90, el Rally de las arenas empez\u00f3 a modificar su cl\u00e1sico recorrido entre las capitales de Francia y Senegal. En 1992 recorri\u00f3 \u00c1frica de norte a sur, entre Par\u00eds y Ciudad del Cabo (12.427 kil\u00f3metros). Tres a\u00f1os despu\u00e9s, la carrera por etapas empez\u00f3 por primera vez en Espa\u00f1a. Y en el 2000, el destino fue las pir\u00e1mides de Gizeh, en el Cairo (Egipto). Al a\u00f1o siguiente, la alemana Jutta Kleinschmidt fue la primera mujer en ganar el Dakar.<\/p>\n<p>Tras 29 ediciones, el Rally se vio obligado a suspender la salida del 2008 a pocos d\u00edas del inicio por un altercado en un territorio por el que ten\u00edan que pasar los coches, las motos y los camiones. Sabine siempre hab\u00eda querido llevar el Dakar a tierras suramericanas, y ahora, aunque fuera sin querer, el deseo del desaparecido padre del Rally se har\u00eda realidad: en el 2009 se celebr\u00f3 la primera edici\u00f3n lejos de \u00c1frica. En motos, por cierto, gan\u00f3 el espa\u00f1ol Marc Coma. La carrera recorri\u00f3 Argentina y Chile con origen y final en Buenos Aires. Hasta el 2017, el Dakar tambi\u00e9n ha pisado Bolivia, Per\u00fa y Paraguay.<\/p>\n<p>&nbsp;<\/p>\n<p>&nbsp;<\/p>\n<p>La edici\u00f3n que arranca el 6 de enero ser\u00e1 la d\u00e9cima por tierras americanas y la n\u00famero 40 en el c\u00f3mputo global de la carrera. En total, el Dakar ya ha visitado 29 pa\u00edses, y es, sin duda alguna, un cl\u00e1sico de la Navidad.<\/p>\n<p>&nbsp;<\/p>\n","protected":false},"excerpt":{"rendered":"<p>Como muchas otras cosas, el Dakar tambi\u00e9n naci\u00f3 por casualidad. \u00bfTienes 6 minutos? te contamos c\u00f3mo fue.<\/p>\n","protected":false},"author":43146,"featured_media":92390,"comment_status":"open","ping_status":"open","sticky":false,"template":"","format":"standard","meta":{"footnotes":""},"categories":[27],"tags":[130],"class_list":["post-92388","post","type-post","status-publish","format-standard","hentry","category-rally","tag-otros-eventos-y-competiciones"],"yoast_head":"<!-- This site is optimized with the Yoast SEO plugin v27.3 - https:\/\/yoast.com\/product\/yoast-seo-wordpress\/ -->\n<title>Descubre la historia y el origen del Dakar - Box Repsol<\/title>\n<meta name=\"description\" content=\"En 1977, el piloto franc\u00e9s Thierry Sabine se perdi\u00f3 en el desierto de Libia durante una de las etapas del Rally Abidjan-Niza.\" \/>\n<link rel=\"canonical\" href=\"https:\/\/www.boxrepsol.com\/es\/rally\/historia-del-dakar-seis-minutos\/\" \/>\n<meta property=\"og:locale\" content=\"es_ES\" \/>\n<meta property=\"og:type\" content=\"article\" \/>\n<meta property=\"og:title\" content=\"Descubre la historia y el origen del Dakar - Box Repsol\" \/>\n<meta property=\"og:description\" content=\"En 1977, el piloto franc\u00e9s Thierry Sabine se perdi\u00f3 en el desierto de Libia durante una de las etapas del Rally Abidjan-Niza.\" \/>\n<meta property=\"og:url\" content=\"https:\/\/www.boxrepsol.com\/es\/rally\/historia-del-dakar-seis-minutos\/\" \/>\n<meta property=\"og:site_name\" content=\"Box Repsol\" \/>\n<meta property=\"article:publisher\" content=\"https:\/\/www.facebook.com\/BoxRepsol\" \/>\n<meta property=\"article:author\" content=\"https:\/\/www.facebook.com\/BoxRepsol\/\" \/>\n<meta property=\"article:published_time\" content=\"2017-12-28T02:00:00+00:00\" \/>\n<meta property=\"article:modified_time\" content=\"2024-05-21T09:02:52+00:00\" \/>\n<meta property=\"og:image\" content=\"https:\/\/bxrepsol.s3.eu-west-1.amazonaws.com\/static\/2023\/02\/24101217\/Breve_historia_del_Dakar_header.png\" \/>\n\t<meta property=\"og:image:width\" content=\"986\" \/>\n\t<meta property=\"og:image:height\" content=\"555\" \/>\n\t<meta property=\"og:image:type\" content=\"image\/png\" \/>\n<meta name=\"author\" content=\"Redacci\u00f3n Box Repsol\" \/>\n<meta name=\"twitter:card\" content=\"summary_large_image\" \/>\n<meta name=\"twitter:creator\" content=\"@https:\/\/twitter.com\/box_repsol\" \/>\n<meta name=\"twitter:site\" content=\"@box_repsol\" \/>\n<meta name=\"twitter:label1\" content=\"Written by\" \/>\n\t<meta name=\"twitter:data1\" content=\"Redacci\u00f3n Box Repsol\" \/>\n\t<meta name=\"twitter:label2\" content=\"Est. reading time\" \/>\n\t<meta name=\"twitter:data2\" content=\"3 minutos\" \/>\n<script type=\"application\/ld+json\" class=\"yoast-schema-graph\">{\"@context\":\"https:\\\/\\\/schema.org\",\"@graph\":[{\"@type\":\"Article\",\"@id\":\"https:\\\/\\\/www.boxrepsol.com\\\/es\\\/rally\\\/historia-del-dakar-seis-minutos\\\/#article\",\"isPartOf\":{\"@id\":\"https:\\\/\\\/www.boxrepsol.com\\\/es\\\/rally\\\/historia-del-dakar-seis-minutos\\\/\"},\"author\":{\"name\":\"Redacci\u00f3n Box Repsol\",\"@id\":\"https:\\\/\\\/www.boxrepsol.com\\\/es\\\/#\\\/schema\\\/person\\\/c5c2138f2cca251b0ad92b7086bb60b7\"},\"headline\":\"Historia del Dakar en seis minutos\",\"datePublished\":\"2017-12-28T02:00:00+00:00\",\"dateModified\":\"2024-05-21T09:02:52+00:00\",\"mainEntityOfPage\":{\"@id\":\"https:\\\/\\\/www.boxrepsol.com\\\/es\\\/rally\\\/historia-del-dakar-seis-minutos\\\/\"},\"wordCount\":678,\"commentCount\":0,\"publisher\":{\"@id\":\"https:\\\/\\\/www.boxrepsol.com\\\/es\\\/#organization\"},\"image\":{\"@id\":\"https:\\\/\\\/www.boxrepsol.com\\\/es\\\/rally\\\/historia-del-dakar-seis-minutos\\\/#primaryimage\"},\"thumbnailUrl\":\"https:\\\/\\\/bxrepsol.s3.eu-west-1.amazonaws.com\\\/static\\\/2023\\\/02\\\/24101217\\\/Breve_historia_del_Dakar_header.png\",\"keywords\":[\"otros eventos y competiciones\"],\"articleSection\":[\"Rally\"],\"inLanguage\":\"es\",\"potentialAction\":[{\"@type\":\"CommentAction\",\"name\":\"Comment\",\"target\":[\"https:\\\/\\\/www.boxrepsol.com\\\/es\\\/rally\\\/historia-del-dakar-seis-minutos\\\/#respond\"]}]},{\"@type\":\"WebPage\",\"@id\":\"https:\\\/\\\/www.boxrepsol.com\\\/es\\\/rally\\\/historia-del-dakar-seis-minutos\\\/\",\"url\":\"https:\\\/\\\/www.boxrepsol.com\\\/es\\\/rally\\\/historia-del-dakar-seis-minutos\\\/\",\"name\":\"Descubre la historia y el origen del Dakar - Box Repsol\",\"isPartOf\":{\"@id\":\"https:\\\/\\\/www.boxrepsol.com\\\/es\\\/#website\"},\"primaryImageOfPage\":{\"@id\":\"https:\\\/\\\/www.boxrepsol.com\\\/es\\\/rally\\\/historia-del-dakar-seis-minutos\\\/#primaryimage\"},\"image\":{\"@id\":\"https:\\\/\\\/www.boxrepsol.com\\\/es\\\/rally\\\/historia-del-dakar-seis-minutos\\\/#primaryimage\"},\"thumbnailUrl\":\"https:\\\/\\\/bxrepsol.s3.eu-west-1.amazonaws.com\\\/static\\\/2023\\\/02\\\/24101217\\\/Breve_historia_del_Dakar_header.png\",\"datePublished\":\"2017-12-28T02:00:00+00:00\",\"dateModified\":\"2024-05-21T09:02:52+00:00\",\"description\":\"En 1977, el piloto franc\u00e9s Thierry Sabine se perdi\u00f3 en el desierto de Libia durante una de las etapas del Rally Abidjan-Niza.\",\"breadcrumb\":{\"@id\":\"https:\\\/\\\/www.boxrepsol.com\\\/es\\\/rally\\\/historia-del-dakar-seis-minutos\\\/#breadcrumb\"},\"inLanguage\":\"es\",\"potentialAction\":[{\"@type\":\"ReadAction\",\"target\":[\"https:\\\/\\\/www.boxrepsol.com\\\/es\\\/rally\\\/historia-del-dakar-seis-minutos\\\/\"]}]},{\"@type\":\"ImageObject\",\"inLanguage\":\"es\",\"@id\":\"https:\\\/\\\/www.boxrepsol.com\\\/es\\\/rally\\\/historia-del-dakar-seis-minutos\\\/#primaryimage\",\"url\":\"https:\\\/\\\/bxrepsol.s3.eu-west-1.amazonaws.com\\\/static\\\/2023\\\/02\\\/24101217\\\/Breve_historia_del_Dakar_header.png\",\"contentUrl\":\"https:\\\/\\\/bxrepsol.s3.eu-west-1.amazonaws.com\\\/static\\\/2023\\\/02\\\/24101217\\\/Breve_historia_del_Dakar_header.png\",\"width\":986,\"height\":555,\"caption\":\"Coche de Isidre Esteve Repsol Rally Team\"},{\"@type\":\"BreadcrumbList\",\"@id\":\"https:\\\/\\\/www.boxrepsol.com\\\/es\\\/rally\\\/historia-del-dakar-seis-minutos\\\/#breadcrumb\",\"itemListElement\":[{\"@type\":\"ListItem\",\"position\":1,\"name\":\"Home\",\"item\":\"https:\\\/\\\/www.boxrepsol.com\\\/es\\\/\"},{\"@type\":\"ListItem\",\"position\":2,\"name\":\"Historia del Dakar en seis minutos\"}]},{\"@type\":\"WebSite\",\"@id\":\"https:\\\/\\\/www.boxrepsol.com\\\/es\\\/#website\",\"url\":\"https:\\\/\\\/www.boxrepsol.com\\\/es\\\/\",\"name\":\"Box Repsol\",\"description\":\"Box Repsol Site\",\"publisher\":{\"@id\":\"https:\\\/\\\/www.boxrepsol.com\\\/es\\\/#organization\"},\"potentialAction\":[{\"@type\":\"SearchAction\",\"target\":{\"@type\":\"EntryPoint\",\"urlTemplate\":\"https:\\\/\\\/www.boxrepsol.com\\\/es\\\/?s={search_term_string}\"},\"query-input\":{\"@type\":\"PropertyValueSpecification\",\"valueRequired\":true,\"valueName\":\"search_term_string\"}}],\"inLanguage\":\"es\"},{\"@type\":\"Organization\",\"@id\":\"https:\\\/\\\/www.boxrepsol.com\\\/es\\\/#organization\",\"name\":\"Box Repsol\",\"url\":\"https:\\\/\\\/www.boxrepsol.com\\\/es\\\/\",\"logo\":{\"@type\":\"ImageObject\",\"inLanguage\":\"es\",\"@id\":\"https:\\\/\\\/www.boxrepsol.com\\\/es\\\/#\\\/schema\\\/logo\\\/image\\\/\",\"url\":\"https:\\\/\\\/bxrepsol.s3.eu-west-1.amazonaws.com\\\/static\\\/2025\\\/07\\\/30083337\\\/favicon-96x96-1.png\",\"contentUrl\":\"https:\\\/\\\/bxrepsol.s3.eu-west-1.amazonaws.com\\\/static\\\/2025\\\/07\\\/30083337\\\/favicon-96x96-1.png\",\"width\":96,\"height\":96,\"caption\":\"Box Repsol\"},\"image\":{\"@id\":\"https:\\\/\\\/www.boxrepsol.com\\\/es\\\/#\\\/schema\\\/logo\\\/image\\\/\"},\"sameAs\":[\"https:\\\/\\\/www.facebook.com\\\/BoxRepsol\",\"https:\\\/\\\/x.com\\\/box_repsol\",\"http:\\\/\\\/instagram.com\\\/box_repsol\",\"https:\\\/\\\/www.youtube.com\\\/user\\\/RepsolCompeticion\",\"https:\\\/\\\/www.flickr.com\\\/photos\\\/box_repsol\\\/\"]},{\"@type\":\"Person\",\"@id\":\"https:\\\/\\\/www.boxrepsol.com\\\/es\\\/#\\\/schema\\\/person\\\/c5c2138f2cca251b0ad92b7086bb60b7\",\"name\":\"Redacci\u00f3n Box Repsol\",\"image\":{\"@type\":\"ImageObject\",\"inLanguage\":\"es\",\"@id\":\"https:\\\/\\\/secure.gravatar.com\\\/avatar\\\/adf7b77e38b4419baf32c7e9c21dde01f4e40df611f0978e3006fc4ba0aaab7e?s=96&d=mm&r=g\",\"url\":\"https:\\\/\\\/secure.gravatar.com\\\/avatar\\\/adf7b77e38b4419baf32c7e9c21dde01f4e40df611f0978e3006fc4ba0aaab7e?s=96&d=mm&r=g\",\"contentUrl\":\"https:\\\/\\\/secure.gravatar.com\\\/avatar\\\/adf7b77e38b4419baf32c7e9c21dde01f4e40df611f0978e3006fc4ba0aaab7e?s=96&d=mm&r=g\",\"caption\":\"Redacci\u00f3n Box Repsol\"},\"description\":\"Box Repsol lo forma un equipo de periodistas, community managers, dise\u00f1adores y fot\u00f3grafos con m\u00e1s de 20 a\u00f1os de experiencia en el mundo del motorsport. Hemos vivido el primer mundial de un espa\u00f1ol en la categor\u00eda reina de motociclismo con \u00c1lex Crivill\u00e9, estuvimos en las victorias de Pedrosa y los t\u00edtulos de M\u00e1rquez, acompa\u00f1amos en \u00c1frica a Nani Roma y Marc Coma en sus conquistas del Dakar y hemos vibrado con los t\u00edtulos de Toni Bou en Trial. Adem\u00e1s, en nuestro equipo contamos con expertos en el mundo de las dos y cuatro ruedas tanto de la calle y las carreteras, como de los circuitos. Periodistas que han trabajado en revistas y publicaciones para hacerte llegar desde rutas y consejos de mantenimiento, a curiosidades y trucos de pilotaje.\",\"sameAs\":[\"https:\\\/\\\/www.facebook.com\\\/BoxRepsol\\\/\",\"https:\\\/\\\/www.instagram.com\\\/box_repsol\\\/\",\"https:\\\/\\\/x.com\\\/https:\\\/\\\/twitter.com\\\/box_repsol\",\"https:\\\/\\\/www.youtube.com\\\/@Boxrepsol\"],\"url\":\"https:\\\/\\\/www.boxrepsol.com\\\/es\\\/author\\\/redaccion-box-repsol\\\/\"}]}<\/script>\n<!-- \/ Yoast SEO plugin. -->","yoast_head_json":{"title":"Descubre la historia y el origen del Dakar - Box Repsol","description":"En 1977, el piloto franc\u00e9s Thierry Sabine se perdi\u00f3 en el desierto de Libia durante una de las etapas del Rally Abidjan-Niza.","canonical":"https:\/\/www.boxrepsol.com\/es\/rally\/historia-del-dakar-seis-minutos\/","og_locale":"es_ES","og_type":"article","og_title":"Descubre la historia y el origen del Dakar - Box Repsol","og_description":"En 1977, el piloto franc\u00e9s Thierry Sabine se perdi\u00f3 en el desierto de Libia durante una de las etapas del Rally Abidjan-Niza.","og_url":"https:\/\/www.boxrepsol.com\/es\/rally\/historia-del-dakar-seis-minutos\/","og_site_name":"Box Repsol","article_publisher":"https:\/\/www.facebook.com\/BoxRepsol","article_author":"https:\/\/www.facebook.com\/BoxRepsol\/","article_published_time":"2017-12-28T02:00:00+00:00","article_modified_time":"2024-05-21T09:02:52+00:00","og_image":[{"width":986,"height":555,"url":"https:\/\/bxrepsol.s3.eu-west-1.amazonaws.com\/static\/2023\/02\/24101217\/Breve_historia_del_Dakar_header.png","type":"image\/png"}],"author":"Redacci\u00f3n Box Repsol","twitter_card":"summary_large_image","twitter_creator":"@https:\/\/twitter.com\/box_repsol","twitter_site":"@box_repsol","twitter_misc":{"Written by":"Redacci\u00f3n Box Repsol","Est. reading time":"3 minutos"},"schema":{"@context":"https:\/\/schema.org","@graph":[{"@type":"Article","@id":"https:\/\/www.boxrepsol.com\/es\/rally\/historia-del-dakar-seis-minutos\/#article","isPartOf":{"@id":"https:\/\/www.boxrepsol.com\/es\/rally\/historia-del-dakar-seis-minutos\/"},"author":{"name":"Redacci\u00f3n Box Repsol","@id":"https:\/\/www.boxrepsol.com\/es\/#\/schema\/person\/c5c2138f2cca251b0ad92b7086bb60b7"},"headline":"Historia del Dakar en seis minutos","datePublished":"2017-12-28T02:00:00+00:00","dateModified":"2024-05-21T09:02:52+00:00","mainEntityOfPage":{"@id":"https:\/\/www.boxrepsol.com\/es\/rally\/historia-del-dakar-seis-minutos\/"},"wordCount":678,"commentCount":0,"publisher":{"@id":"https:\/\/www.boxrepsol.com\/es\/#organization"},"image":{"@id":"https:\/\/www.boxrepsol.com\/es\/rally\/historia-del-dakar-seis-minutos\/#primaryimage"},"thumbnailUrl":"https:\/\/bxrepsol.s3.eu-west-1.amazonaws.com\/static\/2023\/02\/24101217\/Breve_historia_del_Dakar_header.png","keywords":["otros eventos y competiciones"],"articleSection":["Rally"],"inLanguage":"es","potentialAction":[{"@type":"CommentAction","name":"Comment","target":["https:\/\/www.boxrepsol.com\/es\/rally\/historia-del-dakar-seis-minutos\/#respond"]}]},{"@type":"WebPage","@id":"https:\/\/www.boxrepsol.com\/es\/rally\/historia-del-dakar-seis-minutos\/","url":"https:\/\/www.boxrepsol.com\/es\/rally\/historia-del-dakar-seis-minutos\/","name":"Descubre la historia y el origen del Dakar - Box Repsol","isPartOf":{"@id":"https:\/\/www.boxrepsol.com\/es\/#website"},"primaryImageOfPage":{"@id":"https:\/\/www.boxrepsol.com\/es\/rally\/historia-del-dakar-seis-minutos\/#primaryimage"},"image":{"@id":"https:\/\/www.boxrepsol.com\/es\/rally\/historia-del-dakar-seis-minutos\/#primaryimage"},"thumbnailUrl":"https:\/\/bxrepsol.s3.eu-west-1.amazonaws.com\/static\/2023\/02\/24101217\/Breve_historia_del_Dakar_header.png","datePublished":"2017-12-28T02:00:00+00:00","dateModified":"2024-05-21T09:02:52+00:00","description":"En 1977, el piloto franc\u00e9s Thierry Sabine se perdi\u00f3 en el desierto de Libia durante una de las etapas del Rally Abidjan-Niza.","breadcrumb":{"@id":"https:\/\/www.boxrepsol.com\/es\/rally\/historia-del-dakar-seis-minutos\/#breadcrumb"},"inLanguage":"es","potentialAction":[{"@type":"ReadAction","target":["https:\/\/www.boxrepsol.com\/es\/rally\/historia-del-dakar-seis-minutos\/"]}]},{"@type":"ImageObject","inLanguage":"es","@id":"https:\/\/www.boxrepsol.com\/es\/rally\/historia-del-dakar-seis-minutos\/#primaryimage","url":"https:\/\/bxrepsol.s3.eu-west-1.amazonaws.com\/static\/2023\/02\/24101217\/Breve_historia_del_Dakar_header.png","contentUrl":"https:\/\/bxrepsol.s3.eu-west-1.amazonaws.com\/static\/2023\/02\/24101217\/Breve_historia_del_Dakar_header.png","width":986,"height":555,"caption":"Coche de Isidre Esteve Repsol Rally Team"},{"@type":"BreadcrumbList","@id":"https:\/\/www.boxrepsol.com\/es\/rally\/historia-del-dakar-seis-minutos\/#breadcrumb","itemListElement":[{"@type":"ListItem","position":1,"name":"Home","item":"https:\/\/www.boxrepsol.com\/es\/"},{"@type":"ListItem","position":2,"name":"Historia del Dakar en seis minutos"}]},{"@type":"WebSite","@id":"https:\/\/www.boxrepsol.com\/es\/#website","url":"https:\/\/www.boxrepsol.com\/es\/","name":"Box Repsol","description":"Box Repsol Site","publisher":{"@id":"https:\/\/www.boxrepsol.com\/es\/#organization"},"potentialAction":[{"@type":"SearchAction","target":{"@type":"EntryPoint","urlTemplate":"https:\/\/www.boxrepsol.com\/es\/?s={search_term_string}"},"query-input":{"@type":"PropertyValueSpecification","valueRequired":true,"valueName":"search_term_string"}}],"inLanguage":"es"},{"@type":"Organization","@id":"https:\/\/www.boxrepsol.com\/es\/#organization","name":"Box Repsol","url":"https:\/\/www.boxrepsol.com\/es\/","logo":{"@type":"ImageObject","inLanguage":"es","@id":"https:\/\/www.boxrepsol.com\/es\/#\/schema\/logo\/image\/","url":"https:\/\/bxrepsol.s3.eu-west-1.amazonaws.com\/static\/2025\/07\/30083337\/favicon-96x96-1.png","contentUrl":"https:\/\/bxrepsol.s3.eu-west-1.amazonaws.com\/static\/2025\/07\/30083337\/favicon-96x96-1.png","width":96,"height":96,"caption":"Box Repsol"},"image":{"@id":"https:\/\/www.boxrepsol.com\/es\/#\/schema\/logo\/image\/"},"sameAs":["https:\/\/www.facebook.com\/BoxRepsol","https:\/\/x.com\/box_repsol","http:\/\/instagram.com\/box_repsol","https:\/\/www.youtube.com\/user\/RepsolCompeticion","https:\/\/www.flickr.com\/photos\/box_repsol\/"]},{"@type":"Person","@id":"https:\/\/www.boxrepsol.com\/es\/#\/schema\/person\/c5c2138f2cca251b0ad92b7086bb60b7","name":"Redacci\u00f3n Box Repsol","image":{"@type":"ImageObject","inLanguage":"es","@id":"https:\/\/secure.gravatar.com\/avatar\/adf7b77e38b4419baf32c7e9c21dde01f4e40df611f0978e3006fc4ba0aaab7e?s=96&d=mm&r=g","url":"https:\/\/secure.gravatar.com\/avatar\/adf7b77e38b4419baf32c7e9c21dde01f4e40df611f0978e3006fc4ba0aaab7e?s=96&d=mm&r=g","contentUrl":"https:\/\/secure.gravatar.com\/avatar\/adf7b77e38b4419baf32c7e9c21dde01f4e40df611f0978e3006fc4ba0aaab7e?s=96&d=mm&r=g","caption":"Redacci\u00f3n Box Repsol"},"description":"Box Repsol lo forma un equipo de periodistas, community managers, dise\u00f1adores y fot\u00f3grafos con m\u00e1s de 20 a\u00f1os de experiencia en el mundo del motorsport. Hemos vivido el primer mundial de un espa\u00f1ol en la categor\u00eda reina de motociclismo con \u00c1lex Crivill\u00e9, estuvimos en las victorias de Pedrosa y los t\u00edtulos de M\u00e1rquez, acompa\u00f1amos en \u00c1frica a Nani Roma y Marc Coma en sus conquistas del Dakar y hemos vibrado con los t\u00edtulos de Toni Bou en Trial. Adem\u00e1s, en nuestro equipo contamos con expertos en el mundo de las dos y cuatro ruedas tanto de la calle y las carreteras, como de los circuitos. Periodistas que han trabajado en revistas y publicaciones para hacerte llegar desde rutas y consejos de mantenimiento, a curiosidades y trucos de pilotaje.","sameAs":["https:\/\/www.facebook.com\/BoxRepsol\/","https:\/\/www.instagram.com\/box_repsol\/","https:\/\/x.com\/https:\/\/twitter.com\/box_repsol","https:\/\/www.youtube.com\/@Boxrepsol"],"url":"https:\/\/www.boxrepsol.com\/es\/author\/redaccion-box-repsol\/"}]}},"_links":{"self":[{"href":"https:\/\/www.boxrepsol.com\/es\/wp-json\/wp\/v2\/posts\/92388","targetHints":{"allow":["GET"]}}],"collection":[{"href":"https:\/\/www.boxrepsol.com\/es\/wp-json\/wp\/v2\/posts"}],"about":[{"href":"https:\/\/www.boxrepsol.com\/es\/wp-json\/wp\/v2\/types\/post"}],"author":[{"embeddable":true,"href":"https:\/\/www.boxrepsol.com\/es\/wp-json\/wp\/v2\/users\/43146"}],"replies":[{"embeddable":true,"href":"https:\/\/www.boxrepsol.com\/es\/wp-json\/wp\/v2\/comments?post=92388"}],"version-history":[{"count":3,"href":"https:\/\/www.boxrepsol.com\/es\/wp-json\/wp\/v2\/posts\/92388\/revisions"}],"predecessor-version":[{"id":110679,"href":"https:\/\/www.boxrepsol.com\/es\/wp-json\/wp\/v2\/posts\/92388\/revisions\/110679"}],"wp:featuredmedia":[{"embeddable":true,"href":"https:\/\/www.boxrepsol.com\/es\/wp-json\/wp\/v2\/media\/92390"}],"wp:attachment":[{"href":"https:\/\/www.boxrepsol.com\/es\/wp-json\/wp\/v2\/media?parent=92388"}],"wp:term":[{"taxonomy":"category","embeddable":true,"href":"https:\/\/www.boxrepsol.com\/es\/wp-json\/wp\/v2\/categories?post=92388"},{"taxonomy":"post_tag","embeddable":true,"href":"https:\/\/www.boxrepsol.com\/es\/wp-json\/wp\/v2\/tags?post=92388"}],"curies":[{"name":"wp","href":"https:\/\/api.w.org\/{rel}","templated":true}]}}