{"id":92381,"date":"2017-12-28T00:00:00","date_gmt":"2017-12-28T02:00:00","guid":{"rendered":"http:\/\/pre.boxrepsol.com\/sin-categorizar\/coches-dakar-2018-coches-mas-duros-mundo\/"},"modified":"2024-05-21T07:02:35","modified_gmt":"2024-05-21T09:02:35","slug":"coches-dakar-2018-coches-mas-duros-mundo","status":"publish","type":"post","link":"https:\/\/www.boxrepsol.com\/es\/rally\/coches-dakar-2018-coches-mas-duros-mundo\/","title":{"rendered":"Los coches del Dakar 2018. Los coches m\u00e1s duros del mundo"},"content":{"rendered":"<p>&nbsp;<\/p>\n<p>En el Dakar 2018 el itinerario de carrera recorrer\u00e1 territorios de Per\u00fa, Bolivia y Argentina, con paradas en Lima, La Paz y C\u00f3rdoba, y siete grandes etapas sobre dunas.<\/p>\n<p>En cuanto a la categor\u00eda de coches, 92 equipos de piloto y copiloto tomar\u00e1n la salida sobre prototipos profundamente modificados respecto a cualquier todoterreno de serie. No se trata de salir al campo a dar una vuelta. Los coches que toman la salida en el Dakar han sido creados espec\u00edficamente para esta carrera y su preparaci\u00f3n va m\u00e1s all\u00e1 incluso de los autom\u00f3viles de Rally. Este coche no deber\u00e1 ser r\u00e1pido durante apenas un fin de semana, sino que debe llegar al final de dur\u00edsima competici\u00f3n de casi 9.000 kil\u00f3metros, la mitad de ellos cronometrados.<\/p>\n<p>&nbsp;<\/p>\n<blockquote style=\"background: #FFF; border: 0; border-radius: 3px; box-shadow: 0 0 1px 0 rgba(0,0,0,0.5),0 1px 10px 0 rgba(0,0,0,0.15); margin: 1px; max-width: 658px; padding: 0; width: calc(100% - 2px);\" data-instgrm-captioned=\"\" data-instgrm-permalink=\"https:\/\/www.instagram.com\/p\/BZ5x64ggasc\/\" data-instgrm-version=\"8\">\n<p style=\"margin: 8px 0 0 0; padding: 0 4px;\"><a style=\"color: #000; font-family: Arial,sans-serif; font-size: 14px; font-style: normal; font-weight: normal; line-height: 17px; text-decoration: none; word-wrap: break-word;\" href=\"https:\/\/www.instagram.com\/p\/BZ5x64ggasc\/\" target=\"_blank\" rel=\"noopener noreferrer\">Sortida\/ salida d la 1a especial #OilobyaRallyMaroc @box_repsol @onyx_Seguros @kh7_sport @bfgoodricheurope<\/a><\/p>\n<p style=\"color: #c9c8cd; font-family: Arial,sans-serif; font-size: 14px; line-height: 17px; margin-bottom: 0; margin-top: 8px; overflow: hidden; padding: 8px 0 7px; text-align: center; text-overflow: ellipsis; white-space: nowrap;\">Una publicaci\u00f3n compartida de <a style=\"color: #c9c8cd; font-family: Arial,sans-serif; font-size: 14px; font-style: normal; font-weight: normal; line-height: 17px;\" href=\"https:\/\/www.instagram.com\/funisidreesteve\/\" target=\"_blank\" rel=\"noopener noreferrer\"> Isidre Esteve<\/a> (@funisidreesteve) el <time style=\"font-family: Arial,sans-serif; font-size: 14px; line-height: 17px;\" datetime=\"2017-10-06T10:16:33+00:00\">Oct 6, 2017 at 3:16 PDT<\/time><\/p>\n<\/blockquote>\n<p>Din\u00e1micamente, se trata de prototipos con mayores recorridos de suspensi\u00f3n, reforzados de forma general en cada apartado. En muchos casos resultan verdaderos laboratorios m\u00f3viles con dos plazas. No se trata s\u00f3lo de tener un potente y fiable motor, sino tambi\u00e9n de contar con un veh\u00edculo y un equipo t\u00e9cnico a la altura de las circunstancias.<\/p>\n<p>Esta temporada el piloto ilerdense Isidre Esteve volver\u00e1 al Dakar al volante de un autom\u00f3vil con el Repsol Rally Team . Se trata de un prototipo creado a partir de un BMW con motor di\u00e9sel, biturbo de seis cilindros en l\u00ednea, con transmisi\u00f3n de cuatro ruedas motrices, cambio secuencial y chasis tubular. La preparaci\u00f3n ha corrido a cargo de Sodicars Racing y, naturalmente, los mandos del veh\u00edculo se centran en el volante para adaptarse al piloto.<\/p>\n<blockquote style=\"background: #FFF; border: 0; border-radius: 3px; box-shadow: 0 0 1px 0 rgba(0,0,0,0.5),0 1px 10px 0 rgba(0,0,0,0.15); margin: 1px; max-width: 658px; padding: 0; width: calc(100% - 2px);\" data-instgrm-captioned=\"\" data-instgrm-permalink=\"https:\/\/www.instagram.com\/p\/BZqL4uNgX_W\/\" data-instgrm-version=\"8\">\n<p style=\"margin: 8px 0 0 0; padding: 0 4px;\"><a style=\"color: #000; font-family: Arial,sans-serif; font-size: 14px; font-style: normal; font-weight: normal; line-height: 17px; text-decoration: none; word-wrap: break-word;\" href=\"https:\/\/www.instagram.com\/p\/BZqL4uNgX_W\/\" target=\"_blank\" rel=\"noopener noreferrer\">Nos vamos a las dunas!!! @box_repsol @onyx_seguros @kh7_sport @bfgoodricheurope<\/a><\/p>\n<p style=\"color: #c9c8cd; font-family: Arial,sans-serif; font-size: 14px; line-height: 17px; margin-bottom: 0; margin-top: 8px; overflow: hidden; padding: 8px 0 7px; text-align: center; text-overflow: ellipsis; white-space: nowrap;\">Una publicaci\u00f3n compartida de <a style=\"color: #c9c8cd; font-family: Arial,sans-serif; font-size: 14px; font-style: normal; font-weight: normal; line-height: 17px;\" href=\"https:\/\/www.instagram.com\/funisidreesteve\/\" target=\"_blank\" rel=\"noopener noreferrer\"> Isidre Esteve<\/a> (@funisidreesteve) el <time style=\"font-family: Arial,sans-serif; font-size: 14px; line-height: 17px;\" datetime=\"2017-09-30T08:53:04+00:00\">Sep 30, 2017 at 1:53 PDT<\/time><\/p>\n<\/blockquote>\n<p>Esteve no lo tendr\u00e1 nada f\u00e1cil, ya que deber\u00e1 medirse con pilotos de impresionante palmar\u00e9s sobre cuatro ruedas, la mayor\u00eda de ellos procedentes de las competiciones de Rally. A la cabeza de todos ellos estar\u00e1 el franc\u00e9s Stephane Peterhansel, un aut\u00e9ntico especialista que ha ganado el Dakar en \u00c1frica y Am\u00e9rica, tanto en moto como en coche; \u00bfsu arma en esta ocasi\u00f3n? El galo volver\u00e1 a contar con un Peugeot 3008 DKR, m\u00e1quina que le ha llevado a la victoria en las dos \u00faltimas ediciones del Dakar. Peugeot completar\u00e1 su ofensiva con los ex campeones del mundo de Rally, el espa\u00f1ol Carlos Sainz y el franc\u00e9s Sebastien Loeb, as\u00ed como con el ex ganador en la categor\u00eda de motos Ciryl Despres.<\/p>\n<p>&nbsp;<\/p>\n<p>Toyota pondr\u00e1 en pista su nuevo Hilux con el catar\u00ed Nasser Al-Attiyah, mismo fabricante con el que tomar\u00e1 la salida el sudafricano Giniel de Villiers. Otro piloto procedente del motociclismo que estar\u00e1 buscando la victoria ser\u00e1 el catal\u00e1n Nani Roma al volante de un Mini. Como en anteriores ediciones, la lista de coches inscritos se completa con un buen pu\u00f1ado de pilotos de Mini, Ford, Toyota, Renault, Mercedes, Volvo, Mitsubishi, Chevrolet, Ssangyong, Volkswagen, Opel, Nissan, Jeep e Isuzu, as\u00ed como con los prototipos de Buggy, Borgward, Springbok, MD, Jefferies, Rapido, QT y Desert Warrior. El desaf\u00edo del Dakar est\u00e1 a punto de comenzar una vez m\u00e1s. \u00bfQui\u00e9n se llevar\u00e1 la victoria en esta ocasi\u00f3n? Para todos hay un escal\u00f3n casi igualmente dif\u00edcil de superar, que es el de finalizar la prueba para los coches m\u00e1s duros del mundo.<\/p>\n<blockquote style=\"background: #FFF; border: 0; border-radius: 3px; box-shadow: 0 0 1px 0 rgba(0,0,0,0.5),0 1px 10px 0 rgba(0,0,0,0.15); margin: 1px; max-width: 658px; padding: 0; width: calc(100% - 2px);\" data-instgrm-captioned=\"\" data-instgrm-permalink=\"https:\/\/www.instagram.com\/p\/BZ5rrGUgTir\/\" data-instgrm-version=\"8\">\n<p style=\"margin: 8px 0 0 0; padding: 0 4px;\"><a style=\"color: #000; font-family: Arial,sans-serif; font-size: 14px; font-style: normal; font-weight: normal; line-height: 17px; text-decoration: none; word-wrap: break-word;\" href=\"https:\/\/www.instagram.com\/p\/BZ5rrGUgTir\/\" target=\"_blank\" rel=\"noopener noreferrer\">#OilobyaRallyMaroc preparados para la salida! @box_repsol @Onyx_Seguros @kh7_sport @bfgoodricheurope<\/a><\/p>\n<p style=\"color: #c9c8cd; font-family: Arial,sans-serif; font-size: 14px; line-height: 17px; margin-bottom: 0; margin-top: 8px; overflow: hidden; padding: 8px 0 7px; text-align: center; text-overflow: ellipsis; white-space: nowrap;\">Una publicaci\u00f3n compartida de <a style=\"color: #c9c8cd; font-family: Arial,sans-serif; font-size: 14px; font-style: normal; font-weight: normal; line-height: 17px;\" href=\"https:\/\/www.instagram.com\/funisidreesteve\/\" target=\"_blank\" rel=\"noopener noreferrer\"> Isidre Esteve<\/a> (@funisidreesteve) el <time style=\"font-family: Arial,sans-serif; font-size: 14px; line-height: 17px;\" datetime=\"2017-10-06T09:21:56+00:00\">Oct 6, 2017 at 2:21 PDT<\/time><\/p>\n<\/blockquote>\n<p>&nbsp;<\/p>\n<p>&nbsp;<\/p>\n","protected":false},"excerpt":{"rendered":"<p>Del pr\u00f3ximo 6 al 20 de enero arrancar\u00e1 la cuadrag\u00e9sima edici\u00f3n del m\u00edtico Dakar, la d\u00e9cima ya de su versi\u00f3n sudamericana desde que la carrera original abandonase \u00c1frica. Te presentamos los coches que van a participar en esta edici\u00f3n.<\/p>\n","protected":false},"author":43146,"featured_media":92382,"comment_status":"open","ping_status":"open","sticky":false,"template":"","format":"standard","meta":{"footnotes":""},"categories":[27],"tags":[130],"class_list":["post-92381","post","type-post","status-publish","format-standard","hentry","category-rally","tag-otros-eventos-y-competiciones"],"yoast_head":"<!-- This site is optimized with the Yoast SEO plugin v27.3 - https:\/\/yoast.com\/product\/yoast-seo-wordpress\/ -->\n<title>Los coches del Dakar 2018: conoce los coches m\u00e1s duros - Box Repsol<\/title>\n<meta name=\"description\" content=\"En el Dakar 2018 el itinerario de carrera recorrer\u00e1 territorios de Per\u00fa, Bolivia y Argentina, con paradas en Lima, La Paz y C\u00f3rdoba, y siete grandes\" \/>\n<link rel=\"canonical\" href=\"https:\/\/www.boxrepsol.com\/es\/rally\/coches-dakar-2018-coches-mas-duros-mundo\/\" \/>\n<meta property=\"og:locale\" content=\"es_ES\" \/>\n<meta property=\"og:type\" content=\"article\" \/>\n<meta property=\"og:title\" content=\"Los coches del Dakar 2018: conoce los coches m\u00e1s duros - Box Repsol\" \/>\n<meta property=\"og:description\" content=\"En el Dakar 2018 el itinerario de carrera recorrer\u00e1 territorios de Per\u00fa, Bolivia y Argentina, con paradas en Lima, La Paz y C\u00f3rdoba, y siete grandes\" \/>\n<meta property=\"og:url\" content=\"https:\/\/www.boxrepsol.com\/es\/rally\/coches-dakar-2018-coches-mas-duros-mundo\/\" \/>\n<meta property=\"og:site_name\" content=\"Box Repsol\" \/>\n<meta property=\"article:publisher\" content=\"https:\/\/www.facebook.com\/BoxRepsol\" \/>\n<meta property=\"article:author\" content=\"https:\/\/www.facebook.com\/BoxRepsol\/\" \/>\n<meta property=\"article:published_time\" content=\"2017-12-28T02:00:00+00:00\" \/>\n<meta property=\"article:modified_time\" content=\"2024-05-21T09:02:35+00:00\" \/>\n<meta property=\"og:image\" content=\"https:\/\/bxrepsol.s3.eu-west-1.amazonaws.com\/static\/2023\/02\/24101212\/Los_coches_del_dakar_header.png\" \/>\n\t<meta property=\"og:image:width\" content=\"995\" \/>\n\t<meta property=\"og:image:height\" content=\"560\" \/>\n\t<meta property=\"og:image:type\" content=\"image\/png\" \/>\n<meta name=\"author\" content=\"Redacci\u00f3n Box Repsol\" \/>\n<meta name=\"twitter:card\" content=\"summary_large_image\" \/>\n<meta name=\"twitter:creator\" content=\"@https:\/\/twitter.com\/box_repsol\" \/>\n<meta name=\"twitter:site\" content=\"@box_repsol\" \/>\n<meta name=\"twitter:label1\" content=\"Written by\" \/>\n\t<meta name=\"twitter:data1\" content=\"Redacci\u00f3n Box Repsol\" \/>\n\t<meta name=\"twitter:label2\" content=\"Est. reading time\" \/>\n\t<meta name=\"twitter:data2\" content=\"3 minutos\" \/>\n<script type=\"application\/ld+json\" class=\"yoast-schema-graph\">{\"@context\":\"https:\\\/\\\/schema.org\",\"@graph\":[{\"@type\":\"Article\",\"@id\":\"https:\\\/\\\/www.boxrepsol.com\\\/es\\\/rally\\\/coches-dakar-2018-coches-mas-duros-mundo\\\/#article\",\"isPartOf\":{\"@id\":\"https:\\\/\\\/www.boxrepsol.com\\\/es\\\/rally\\\/coches-dakar-2018-coches-mas-duros-mundo\\\/\"},\"author\":{\"name\":\"Redacci\u00f3n Box Repsol\",\"@id\":\"https:\\\/\\\/www.boxrepsol.com\\\/es\\\/#\\\/schema\\\/person\\\/c5c2138f2cca251b0ad92b7086bb60b7\"},\"headline\":\"Los coches del Dakar 2018. Los coches m\u00e1s duros del mundo\",\"datePublished\":\"2017-12-28T02:00:00+00:00\",\"dateModified\":\"2024-05-21T09:02:35+00:00\",\"mainEntityOfPage\":{\"@id\":\"https:\\\/\\\/www.boxrepsol.com\\\/es\\\/rally\\\/coches-dakar-2018-coches-mas-duros-mundo\\\/\"},\"wordCount\":643,\"commentCount\":0,\"publisher\":{\"@id\":\"https:\\\/\\\/www.boxrepsol.com\\\/es\\\/#organization\"},\"image\":{\"@id\":\"https:\\\/\\\/www.boxrepsol.com\\\/es\\\/rally\\\/coches-dakar-2018-coches-mas-duros-mundo\\\/#primaryimage\"},\"thumbnailUrl\":\"https:\\\/\\\/bxrepsol.s3.eu-west-1.amazonaws.com\\\/static\\\/2023\\\/02\\\/24101212\\\/Los_coches_del_dakar_header.png\",\"keywords\":[\"otros eventos y competiciones\"],\"articleSection\":[\"Rally\"],\"inLanguage\":\"es\",\"potentialAction\":[{\"@type\":\"CommentAction\",\"name\":\"Comment\",\"target\":[\"https:\\\/\\\/www.boxrepsol.com\\\/es\\\/rally\\\/coches-dakar-2018-coches-mas-duros-mundo\\\/#respond\"]}]},{\"@type\":\"WebPage\",\"@id\":\"https:\\\/\\\/www.boxrepsol.com\\\/es\\\/rally\\\/coches-dakar-2018-coches-mas-duros-mundo\\\/\",\"url\":\"https:\\\/\\\/www.boxrepsol.com\\\/es\\\/rally\\\/coches-dakar-2018-coches-mas-duros-mundo\\\/\",\"name\":\"Los coches del Dakar 2018: conoce los coches m\u00e1s duros - Box Repsol\",\"isPartOf\":{\"@id\":\"https:\\\/\\\/www.boxrepsol.com\\\/es\\\/#website\"},\"primaryImageOfPage\":{\"@id\":\"https:\\\/\\\/www.boxrepsol.com\\\/es\\\/rally\\\/coches-dakar-2018-coches-mas-duros-mundo\\\/#primaryimage\"},\"image\":{\"@id\":\"https:\\\/\\\/www.boxrepsol.com\\\/es\\\/rally\\\/coches-dakar-2018-coches-mas-duros-mundo\\\/#primaryimage\"},\"thumbnailUrl\":\"https:\\\/\\\/bxrepsol.s3.eu-west-1.amazonaws.com\\\/static\\\/2023\\\/02\\\/24101212\\\/Los_coches_del_dakar_header.png\",\"datePublished\":\"2017-12-28T02:00:00+00:00\",\"dateModified\":\"2024-05-21T09:02:35+00:00\",\"description\":\"En el Dakar 2018 el itinerario de carrera recorrer\u00e1 territorios de Per\u00fa, Bolivia y Argentina, con paradas en Lima, La Paz y C\u00f3rdoba, y siete grandes\",\"breadcrumb\":{\"@id\":\"https:\\\/\\\/www.boxrepsol.com\\\/es\\\/rally\\\/coches-dakar-2018-coches-mas-duros-mundo\\\/#breadcrumb\"},\"inLanguage\":\"es\",\"potentialAction\":[{\"@type\":\"ReadAction\",\"target\":[\"https:\\\/\\\/www.boxrepsol.com\\\/es\\\/rally\\\/coches-dakar-2018-coches-mas-duros-mundo\\\/\"]}]},{\"@type\":\"ImageObject\",\"inLanguage\":\"es\",\"@id\":\"https:\\\/\\\/www.boxrepsol.com\\\/es\\\/rally\\\/coches-dakar-2018-coches-mas-duros-mundo\\\/#primaryimage\",\"url\":\"https:\\\/\\\/bxrepsol.s3.eu-west-1.amazonaws.com\\\/static\\\/2023\\\/02\\\/24101212\\\/Los_coches_del_dakar_header.png\",\"contentUrl\":\"https:\\\/\\\/bxrepsol.s3.eu-west-1.amazonaws.com\\\/static\\\/2023\\\/02\\\/24101212\\\/Los_coches_del_dakar_header.png\",\"width\":995,\"height\":560,\"caption\":\"Los coches del Dakar montaje oscuro sombra naranja\"},{\"@type\":\"BreadcrumbList\",\"@id\":\"https:\\\/\\\/www.boxrepsol.com\\\/es\\\/rally\\\/coches-dakar-2018-coches-mas-duros-mundo\\\/#breadcrumb\",\"itemListElement\":[{\"@type\":\"ListItem\",\"position\":1,\"name\":\"Home\",\"item\":\"https:\\\/\\\/www.boxrepsol.com\\\/es\\\/\"},{\"@type\":\"ListItem\",\"position\":2,\"name\":\"Los coches del Dakar 2018. Los coches m\u00e1s duros del mundo\"}]},{\"@type\":\"WebSite\",\"@id\":\"https:\\\/\\\/www.boxrepsol.com\\\/es\\\/#website\",\"url\":\"https:\\\/\\\/www.boxrepsol.com\\\/es\\\/\",\"name\":\"Box Repsol\",\"description\":\"Box Repsol Site\",\"publisher\":{\"@id\":\"https:\\\/\\\/www.boxrepsol.com\\\/es\\\/#organization\"},\"potentialAction\":[{\"@type\":\"SearchAction\",\"target\":{\"@type\":\"EntryPoint\",\"urlTemplate\":\"https:\\\/\\\/www.boxrepsol.com\\\/es\\\/?s={search_term_string}\"},\"query-input\":{\"@type\":\"PropertyValueSpecification\",\"valueRequired\":true,\"valueName\":\"search_term_string\"}}],\"inLanguage\":\"es\"},{\"@type\":\"Organization\",\"@id\":\"https:\\\/\\\/www.boxrepsol.com\\\/es\\\/#organization\",\"name\":\"Box Repsol\",\"url\":\"https:\\\/\\\/www.boxrepsol.com\\\/es\\\/\",\"logo\":{\"@type\":\"ImageObject\",\"inLanguage\":\"es\",\"@id\":\"https:\\\/\\\/www.boxrepsol.com\\\/es\\\/#\\\/schema\\\/logo\\\/image\\\/\",\"url\":\"https:\\\/\\\/bxrepsol.s3.eu-west-1.amazonaws.com\\\/static\\\/2025\\\/07\\\/30083337\\\/favicon-96x96-1.png\",\"contentUrl\":\"https:\\\/\\\/bxrepsol.s3.eu-west-1.amazonaws.com\\\/static\\\/2025\\\/07\\\/30083337\\\/favicon-96x96-1.png\",\"width\":96,\"height\":96,\"caption\":\"Box Repsol\"},\"image\":{\"@id\":\"https:\\\/\\\/www.boxrepsol.com\\\/es\\\/#\\\/schema\\\/logo\\\/image\\\/\"},\"sameAs\":[\"https:\\\/\\\/www.facebook.com\\\/BoxRepsol\",\"https:\\\/\\\/x.com\\\/box_repsol\",\"http:\\\/\\\/instagram.com\\\/box_repsol\",\"https:\\\/\\\/www.youtube.com\\\/user\\\/RepsolCompeticion\",\"https:\\\/\\\/www.flickr.com\\\/photos\\\/box_repsol\\\/\"]},{\"@type\":\"Person\",\"@id\":\"https:\\\/\\\/www.boxrepsol.com\\\/es\\\/#\\\/schema\\\/person\\\/c5c2138f2cca251b0ad92b7086bb60b7\",\"name\":\"Redacci\u00f3n Box Repsol\",\"image\":{\"@type\":\"ImageObject\",\"inLanguage\":\"es\",\"@id\":\"https:\\\/\\\/secure.gravatar.com\\\/avatar\\\/adf7b77e38b4419baf32c7e9c21dde01f4e40df611f0978e3006fc4ba0aaab7e?s=96&d=mm&r=g\",\"url\":\"https:\\\/\\\/secure.gravatar.com\\\/avatar\\\/adf7b77e38b4419baf32c7e9c21dde01f4e40df611f0978e3006fc4ba0aaab7e?s=96&d=mm&r=g\",\"contentUrl\":\"https:\\\/\\\/secure.gravatar.com\\\/avatar\\\/adf7b77e38b4419baf32c7e9c21dde01f4e40df611f0978e3006fc4ba0aaab7e?s=96&d=mm&r=g\",\"caption\":\"Redacci\u00f3n Box Repsol\"},\"description\":\"Box Repsol lo forma un equipo de periodistas, community managers, dise\u00f1adores y fot\u00f3grafos con m\u00e1s de 20 a\u00f1os de experiencia en el mundo del motorsport. Hemos vivido el primer mundial de un espa\u00f1ol en la categor\u00eda reina de motociclismo con \u00c1lex Crivill\u00e9, estuvimos en las victorias de Pedrosa y los t\u00edtulos de M\u00e1rquez, acompa\u00f1amos en \u00c1frica a Nani Roma y Marc Coma en sus conquistas del Dakar y hemos vibrado con los t\u00edtulos de Toni Bou en Trial. Adem\u00e1s, en nuestro equipo contamos con expertos en el mundo de las dos y cuatro ruedas tanto de la calle y las carreteras, como de los circuitos. Periodistas que han trabajado en revistas y publicaciones para hacerte llegar desde rutas y consejos de mantenimiento, a curiosidades y trucos de pilotaje.\",\"sameAs\":[\"https:\\\/\\\/www.facebook.com\\\/BoxRepsol\\\/\",\"https:\\\/\\\/www.instagram.com\\\/box_repsol\\\/\",\"https:\\\/\\\/x.com\\\/https:\\\/\\\/twitter.com\\\/box_repsol\",\"https:\\\/\\\/www.youtube.com\\\/@Boxrepsol\"],\"url\":\"https:\\\/\\\/www.boxrepsol.com\\\/es\\\/author\\\/redaccion-box-repsol\\\/\"}]}<\/script>\n<!-- \/ Yoast SEO plugin. -->","yoast_head_json":{"title":"Los coches del Dakar 2018: conoce los coches m\u00e1s duros - Box Repsol","description":"En el Dakar 2018 el itinerario de carrera recorrer\u00e1 territorios de Per\u00fa, Bolivia y Argentina, con paradas en Lima, La Paz y C\u00f3rdoba, y siete grandes","canonical":"https:\/\/www.boxrepsol.com\/es\/rally\/coches-dakar-2018-coches-mas-duros-mundo\/","og_locale":"es_ES","og_type":"article","og_title":"Los coches del Dakar 2018: conoce los coches m\u00e1s duros - Box Repsol","og_description":"En el Dakar 2018 el itinerario de carrera recorrer\u00e1 territorios de Per\u00fa, Bolivia y Argentina, con paradas en Lima, La Paz y C\u00f3rdoba, y siete grandes","og_url":"https:\/\/www.boxrepsol.com\/es\/rally\/coches-dakar-2018-coches-mas-duros-mundo\/","og_site_name":"Box Repsol","article_publisher":"https:\/\/www.facebook.com\/BoxRepsol","article_author":"https:\/\/www.facebook.com\/BoxRepsol\/","article_published_time":"2017-12-28T02:00:00+00:00","article_modified_time":"2024-05-21T09:02:35+00:00","og_image":[{"width":995,"height":560,"url":"https:\/\/bxrepsol.s3.eu-west-1.amazonaws.com\/static\/2023\/02\/24101212\/Los_coches_del_dakar_header.png","type":"image\/png"}],"author":"Redacci\u00f3n Box Repsol","twitter_card":"summary_large_image","twitter_creator":"@https:\/\/twitter.com\/box_repsol","twitter_site":"@box_repsol","twitter_misc":{"Written by":"Redacci\u00f3n Box Repsol","Est. reading time":"3 minutos"},"schema":{"@context":"https:\/\/schema.org","@graph":[{"@type":"Article","@id":"https:\/\/www.boxrepsol.com\/es\/rally\/coches-dakar-2018-coches-mas-duros-mundo\/#article","isPartOf":{"@id":"https:\/\/www.boxrepsol.com\/es\/rally\/coches-dakar-2018-coches-mas-duros-mundo\/"},"author":{"name":"Redacci\u00f3n Box Repsol","@id":"https:\/\/www.boxrepsol.com\/es\/#\/schema\/person\/c5c2138f2cca251b0ad92b7086bb60b7"},"headline":"Los coches del Dakar 2018. Los coches m\u00e1s duros del mundo","datePublished":"2017-12-28T02:00:00+00:00","dateModified":"2024-05-21T09:02:35+00:00","mainEntityOfPage":{"@id":"https:\/\/www.boxrepsol.com\/es\/rally\/coches-dakar-2018-coches-mas-duros-mundo\/"},"wordCount":643,"commentCount":0,"publisher":{"@id":"https:\/\/www.boxrepsol.com\/es\/#organization"},"image":{"@id":"https:\/\/www.boxrepsol.com\/es\/rally\/coches-dakar-2018-coches-mas-duros-mundo\/#primaryimage"},"thumbnailUrl":"https:\/\/bxrepsol.s3.eu-west-1.amazonaws.com\/static\/2023\/02\/24101212\/Los_coches_del_dakar_header.png","keywords":["otros eventos y competiciones"],"articleSection":["Rally"],"inLanguage":"es","potentialAction":[{"@type":"CommentAction","name":"Comment","target":["https:\/\/www.boxrepsol.com\/es\/rally\/coches-dakar-2018-coches-mas-duros-mundo\/#respond"]}]},{"@type":"WebPage","@id":"https:\/\/www.boxrepsol.com\/es\/rally\/coches-dakar-2018-coches-mas-duros-mundo\/","url":"https:\/\/www.boxrepsol.com\/es\/rally\/coches-dakar-2018-coches-mas-duros-mundo\/","name":"Los coches del Dakar 2018: conoce los coches m\u00e1s duros - Box Repsol","isPartOf":{"@id":"https:\/\/www.boxrepsol.com\/es\/#website"},"primaryImageOfPage":{"@id":"https:\/\/www.boxrepsol.com\/es\/rally\/coches-dakar-2018-coches-mas-duros-mundo\/#primaryimage"},"image":{"@id":"https:\/\/www.boxrepsol.com\/es\/rally\/coches-dakar-2018-coches-mas-duros-mundo\/#primaryimage"},"thumbnailUrl":"https:\/\/bxrepsol.s3.eu-west-1.amazonaws.com\/static\/2023\/02\/24101212\/Los_coches_del_dakar_header.png","datePublished":"2017-12-28T02:00:00+00:00","dateModified":"2024-05-21T09:02:35+00:00","description":"En el Dakar 2018 el itinerario de carrera recorrer\u00e1 territorios de Per\u00fa, Bolivia y Argentina, con paradas en Lima, La Paz y C\u00f3rdoba, y siete grandes","breadcrumb":{"@id":"https:\/\/www.boxrepsol.com\/es\/rally\/coches-dakar-2018-coches-mas-duros-mundo\/#breadcrumb"},"inLanguage":"es","potentialAction":[{"@type":"ReadAction","target":["https:\/\/www.boxrepsol.com\/es\/rally\/coches-dakar-2018-coches-mas-duros-mundo\/"]}]},{"@type":"ImageObject","inLanguage":"es","@id":"https:\/\/www.boxrepsol.com\/es\/rally\/coches-dakar-2018-coches-mas-duros-mundo\/#primaryimage","url":"https:\/\/bxrepsol.s3.eu-west-1.amazonaws.com\/static\/2023\/02\/24101212\/Los_coches_del_dakar_header.png","contentUrl":"https:\/\/bxrepsol.s3.eu-west-1.amazonaws.com\/static\/2023\/02\/24101212\/Los_coches_del_dakar_header.png","width":995,"height":560,"caption":"Los coches del Dakar montaje oscuro sombra naranja"},{"@type":"BreadcrumbList","@id":"https:\/\/www.boxrepsol.com\/es\/rally\/coches-dakar-2018-coches-mas-duros-mundo\/#breadcrumb","itemListElement":[{"@type":"ListItem","position":1,"name":"Home","item":"https:\/\/www.boxrepsol.com\/es\/"},{"@type":"ListItem","position":2,"name":"Los coches del Dakar 2018. Los coches m\u00e1s duros del mundo"}]},{"@type":"WebSite","@id":"https:\/\/www.boxrepsol.com\/es\/#website","url":"https:\/\/www.boxrepsol.com\/es\/","name":"Box Repsol","description":"Box Repsol Site","publisher":{"@id":"https:\/\/www.boxrepsol.com\/es\/#organization"},"potentialAction":[{"@type":"SearchAction","target":{"@type":"EntryPoint","urlTemplate":"https:\/\/www.boxrepsol.com\/es\/?s={search_term_string}"},"query-input":{"@type":"PropertyValueSpecification","valueRequired":true,"valueName":"search_term_string"}}],"inLanguage":"es"},{"@type":"Organization","@id":"https:\/\/www.boxrepsol.com\/es\/#organization","name":"Box Repsol","url":"https:\/\/www.boxrepsol.com\/es\/","logo":{"@type":"ImageObject","inLanguage":"es","@id":"https:\/\/www.boxrepsol.com\/es\/#\/schema\/logo\/image\/","url":"https:\/\/bxrepsol.s3.eu-west-1.amazonaws.com\/static\/2025\/07\/30083337\/favicon-96x96-1.png","contentUrl":"https:\/\/bxrepsol.s3.eu-west-1.amazonaws.com\/static\/2025\/07\/30083337\/favicon-96x96-1.png","width":96,"height":96,"caption":"Box Repsol"},"image":{"@id":"https:\/\/www.boxrepsol.com\/es\/#\/schema\/logo\/image\/"},"sameAs":["https:\/\/www.facebook.com\/BoxRepsol","https:\/\/x.com\/box_repsol","http:\/\/instagram.com\/box_repsol","https:\/\/www.youtube.com\/user\/RepsolCompeticion","https:\/\/www.flickr.com\/photos\/box_repsol\/"]},{"@type":"Person","@id":"https:\/\/www.boxrepsol.com\/es\/#\/schema\/person\/c5c2138f2cca251b0ad92b7086bb60b7","name":"Redacci\u00f3n Box Repsol","image":{"@type":"ImageObject","inLanguage":"es","@id":"https:\/\/secure.gravatar.com\/avatar\/adf7b77e38b4419baf32c7e9c21dde01f4e40df611f0978e3006fc4ba0aaab7e?s=96&d=mm&r=g","url":"https:\/\/secure.gravatar.com\/avatar\/adf7b77e38b4419baf32c7e9c21dde01f4e40df611f0978e3006fc4ba0aaab7e?s=96&d=mm&r=g","contentUrl":"https:\/\/secure.gravatar.com\/avatar\/adf7b77e38b4419baf32c7e9c21dde01f4e40df611f0978e3006fc4ba0aaab7e?s=96&d=mm&r=g","caption":"Redacci\u00f3n Box Repsol"},"description":"Box Repsol lo forma un equipo de periodistas, community managers, dise\u00f1adores y fot\u00f3grafos con m\u00e1s de 20 a\u00f1os de experiencia en el mundo del motorsport. Hemos vivido el primer mundial de un espa\u00f1ol en la categor\u00eda reina de motociclismo con \u00c1lex Crivill\u00e9, estuvimos en las victorias de Pedrosa y los t\u00edtulos de M\u00e1rquez, acompa\u00f1amos en \u00c1frica a Nani Roma y Marc Coma en sus conquistas del Dakar y hemos vibrado con los t\u00edtulos de Toni Bou en Trial. Adem\u00e1s, en nuestro equipo contamos con expertos en el mundo de las dos y cuatro ruedas tanto de la calle y las carreteras, como de los circuitos. Periodistas que han trabajado en revistas y publicaciones para hacerte llegar desde rutas y consejos de mantenimiento, a curiosidades y trucos de pilotaje.","sameAs":["https:\/\/www.facebook.com\/BoxRepsol\/","https:\/\/www.instagram.com\/box_repsol\/","https:\/\/x.com\/https:\/\/twitter.com\/box_repsol","https:\/\/www.youtube.com\/@Boxrepsol"],"url":"https:\/\/www.boxrepsol.com\/es\/author\/redaccion-box-repsol\/"}]}},"_links":{"self":[{"href":"https:\/\/www.boxrepsol.com\/es\/wp-json\/wp\/v2\/posts\/92381","targetHints":{"allow":["GET"]}}],"collection":[{"href":"https:\/\/www.boxrepsol.com\/es\/wp-json\/wp\/v2\/posts"}],"about":[{"href":"https:\/\/www.boxrepsol.com\/es\/wp-json\/wp\/v2\/types\/post"}],"author":[{"embeddable":true,"href":"https:\/\/www.boxrepsol.com\/es\/wp-json\/wp\/v2\/users\/43146"}],"replies":[{"embeddable":true,"href":"https:\/\/www.boxrepsol.com\/es\/wp-json\/wp\/v2\/comments?post=92381"}],"version-history":[{"count":1,"href":"https:\/\/www.boxrepsol.com\/es\/wp-json\/wp\/v2\/posts\/92381\/revisions"}],"predecessor-version":[{"id":111026,"href":"https:\/\/www.boxrepsol.com\/es\/wp-json\/wp\/v2\/posts\/92381\/revisions\/111026"}],"wp:featuredmedia":[{"embeddable":true,"href":"https:\/\/www.boxrepsol.com\/es\/wp-json\/wp\/v2\/media\/92382"}],"wp:attachment":[{"href":"https:\/\/www.boxrepsol.com\/es\/wp-json\/wp\/v2\/media?parent=92381"}],"wp:term":[{"taxonomy":"category","embeddable":true,"href":"https:\/\/www.boxrepsol.com\/es\/wp-json\/wp\/v2\/categories?post=92381"},{"taxonomy":"post_tag","embeddable":true,"href":"https:\/\/www.boxrepsol.com\/es\/wp-json\/wp\/v2\/tags?post=92381"}],"curies":[{"name":"wp","href":"https:\/\/api.w.org\/{rel}","templated":true}]}}