{"id":92347,"date":"2017-12-21T00:00:00","date_gmt":"2017-12-21T02:00:00","guid":{"rendered":"http:\/\/pre.boxrepsol.com\/sin-categorizar\/que-moto-escoger-segun-tu-altura-2\/"},"modified":"2024-05-21T07:04:33","modified_gmt":"2024-05-21T09:04:33","slug":"que-moto-escoger-segun-tu-altura-2","status":"publish","type":"post","link":"https:\/\/www.boxrepsol.com\/es\/cultura-motera\/que-moto-escoger-segun-tu-altura-2\/","title":{"rendered":"\u00bfQu\u00e9 moto escoger seg\u00fan tu altura?"},"content":{"rendered":"<p>Esta cuesti\u00f3n sobre opci\u00f3n de compra podr\u00eda exponerse con otra pregunta quiz\u00e1s m\u00e1s trascendente para un motero: \u00bfDebes renunciar a la moto que realmente deseas debido a su excesiva altura? \u00bfHay manera de compensar su dise\u00f1o b\u00e1sico si consideras que tu estatura no alcanzar\u00eda a conducirla con confianza?<\/p>\n<p>El puesto de conducci\u00f3n es uno de los puntos b\u00e1sicos a tener en cuenta por los dise\u00f1adores de nuevos modelos. No es f\u00e1cil combinar para todo tipo de conductores el dibujo del llamado \u201ctri\u00e1ngulo ergon\u00f3mico\u201d formado por las empu\u00f1aduras en el manillar, las estriberas, y el apoyo en el asiento.<\/p>\n<p><img loading=\"lazy\" decoding=\"async\" src=\"https:\/\/bxrepsol.s3.eu-west-1.amazonaws.com\/static\/2022\/08\/10053940\/postura-de-conduccion-moto-3.jpg\" alt=\"postura-de-conduccion-moto\" width=\"900\" height=\"550\"><\/p>\n<p>&nbsp;<\/p>\n<p>Es obvio que no es sencillo conseguir que un mismo modelo se adapte a una persona tama\u00f1o NBA, que a uno ligero y menos alto.<\/p>\n<p>Lo cierto es que una vez en movimiento, montar cualquier moto resulta bastante sencillo. Los problemas llegan, ante todo, cuando \u00a1los pies no alcanzan el suelo en las detenciones!<\/p>\n<p>As\u00ed que, en este sentido, las motocicletas m\u00e1s asequibles a todos son las tipo <em>custom<\/em>. Estas \u201clong and low bikes\u201d suelen tener los sillines a alturas menores a 700mm.<\/p>\n<p>Los Scooters, por su concepci\u00f3n ciudadana, no suelen tampoco presentar problemas de cota. Sin embargo, algunos de tama\u00f1o \u201cmaxi\u201d, equipan anchos y c\u00f3modos sillones a m\u00e1s de 750 mm. As\u00ed, la anchura general a la que deben arquear las piernas para posar ambos pies en el suelo no es menor.<\/p>\n<p>Las motos de cilindrada media y turismo ligero, <em>nakeds<\/em> y <em>sport-touring<\/em>, suelen andar igualmente en alturas similares.<\/p>\n<p>Las m\u00e1s deportivas, aunque \u201cmuy altas de culo\u201d, ofrecen ventajas debido a que los sillines suelen ser estrechos.<\/p>\n<p>De esta manera, aminoran el problema citado en los Scootters, que puede tambi\u00e9n repetirse en las grandes y pesadas GT.<\/p>\n<p>Y \u00bfqu\u00e9 decir de las maxi-trail? Son las motos de moda.<\/p>\n<p><a href=\"https:\/\/bxrepsol.s3.eu-west-1.amazonaws.com\/static\/2022\/08\/10053941\/motero-honda-cbr-300-2.jpg\" data-index=\"0\"><br \/>\n<img decoding=\"async\" src=\"https:\/\/bxrepsol.s3.eu-west-1.amazonaws.com\/static\/2022\/08\/10053941\/motero-honda-cbr-300-2.jpg\" srcset=\"https:\/\/bxrepsol.s3.eu-west-1.amazonaws.com\/static\/2022\/08\/10053941\/motero-honda-cbr-300-2.jpg 1280w, https:\/\/bxrepsol.s3.eu-west-1.amazonaws.com\/static\/2022\/08\/10053941\/motero-honda-cbr-300-2.jpg 900w, https:\/\/bxrepsol.s3.eu-west-1.amazonaws.com\/static\/2022\/08\/10053941\/motero-honda-cbr-300-2.jpg 600w, https:\/\/bxrepsol.s3.eu-west-1.amazonaws.com\/static\/2022\/08\/10053941\/motero-honda-cbr-300-2.jpg 480w, https:\/\/bxrepsol.s3.eu-west-1.amazonaws.com\/static\/2022\/08\/10053941\/motero-honda-cbr-300-2.jpg 32w\" title=\"motero-honda-cb-300-r\" alt=\"Motero mirando una Honda CB300R\" data-title=\"\"><br \/>\n<\/a><br \/>\n<a href=\"https:\/\/bxrepsol.s3.eu-west-1.amazonaws.com\/static\/2022\/08\/10053942\/motero-honda-scoopy-2.jpg\" data-index=\"1\"><br \/>\n<img decoding=\"async\" src=\"https:\/\/bxrepsol.s3.eu-west-1.amazonaws.com\/static\/2022\/08\/10053942\/motero-honda-scoopy-2.jpg\" srcset=\"https:\/\/bxrepsol.s3.eu-west-1.amazonaws.com\/static\/2022\/08\/10053942\/motero-honda-scoopy-2.jpg 1280w, https:\/\/bxrepsol.s3.eu-west-1.amazonaws.com\/static\/2022\/08\/10053942\/motero-honda-scoopy-2.jpg 900w, https:\/\/bxrepsol.s3.eu-west-1.amazonaws.com\/static\/2022\/08\/10053942\/motero-honda-scoopy-2.jpg 600w, https:\/\/bxrepsol.s3.eu-west-1.amazonaws.com\/static\/2022\/08\/10053942\/motero-honda-scoopy-2.jpg 480w, https:\/\/bxrepsol.s3.eu-west-1.amazonaws.com\/static\/2022\/08\/10053942\/motero-honda-scoopy-2.jpg 32w\" title=\"motero-honda-scoopy\" alt=\"Motero en una Honda Scoopy\" data-title=\"\"><br \/>\n<\/a><br \/>\n<a href=\"https:\/\/bxrepsol.s3.eu-west-1.amazonaws.com\/static\/2022\/08\/10053943\/motero-sentado-de-forma-correcta-en-su-minimoto-2.jpg\" data-index=\"2\"><br \/>\n<img decoding=\"async\" src=\"https:\/\/bxrepsol.s3.eu-west-1.amazonaws.com\/static\/2022\/08\/10053943\/motero-sentado-de-forma-correcta-en-su-minimoto-2.jpg\" srcset=\"https:\/\/bxrepsol.s3.eu-west-1.amazonaws.com\/static\/2022\/08\/10053943\/motero-sentado-de-forma-correcta-en-su-minimoto-2.jpg 1280w, https:\/\/bxrepsol.s3.eu-west-1.amazonaws.com\/static\/2022\/08\/10053943\/motero-sentado-de-forma-correcta-en-su-minimoto-2.jpg 900w, https:\/\/bxrepsol.s3.eu-west-1.amazonaws.com\/static\/2022\/08\/10053943\/motero-sentado-de-forma-correcta-en-su-minimoto-2.jpg 600w, https:\/\/bxrepsol.s3.eu-west-1.amazonaws.com\/static\/2022\/08\/10053943\/motero-sentado-de-forma-correcta-en-su-minimoto-2.jpg 480w, https:\/\/bxrepsol.s3.eu-west-1.amazonaws.com\/static\/2022\/08\/10053943\/motero-sentado-de-forma-correcta-en-su-minimoto-2.jpg 32w\" title=\"motero sentado de forma correcta en su minimoto\" alt=\"motero sentado de forma correcta en su minimoto\" data-title=\"\"><br \/>\n<\/a><br \/>\n<a href=\"https:\/\/bxrepsol.s3.eu-west-1.amazonaws.com\/static\/2022\/08\/10053944\/cuatro-moteros-en-sus-motos-listos-para-saciar-su-hambre-motera-2.jpg\" data-index=\"3\"><br \/>\n<img decoding=\"async\" src=\"https:\/\/bxrepsol.s3.eu-west-1.amazonaws.com\/static\/2022\/08\/10053944\/cuatro-moteros-en-sus-motos-listos-para-saciar-su-hambre-motera-2.jpg\" srcset=\"https:\/\/bxrepsol.s3.eu-west-1.amazonaws.com\/static\/2022\/08\/10053944\/cuatro-moteros-en-sus-motos-listos-para-saciar-su-hambre-motera-2.jpg 1280w, https:\/\/bxrepsol.s3.eu-west-1.amazonaws.com\/static\/2022\/08\/10053944\/cuatro-moteros-en-sus-motos-listos-para-saciar-su-hambre-motera-2.jpg 900w, https:\/\/bxrepsol.s3.eu-west-1.amazonaws.com\/static\/2022\/08\/10053944\/cuatro-moteros-en-sus-motos-listos-para-saciar-su-hambre-motera-2.jpg 600w, https:\/\/bxrepsol.s3.eu-west-1.amazonaws.com\/static\/2022\/08\/10053944\/cuatro-moteros-en-sus-motos-listos-para-saciar-su-hambre-motera-2.jpg 480w, https:\/\/bxrepsol.s3.eu-west-1.amazonaws.com\/static\/2022\/08\/10053944\/cuatro-moteros-en-sus-motos-listos-para-saciar-su-hambre-motera-2.jpg 32w\" title=\"cuatro moteros en sus motos listos para saciar su hambre motera\" alt=\"grupo de moteros listos para saciar su hambre motera\" data-title=\"\"><br \/>\n<\/a><br \/>\n<a href=\"https:\/\/bxrepsol.s3.eu-west-1.amazonaws.com\/static\/2022\/08\/10053945\/moteros-llegan-en-su-cbr-repsol-honda-al-circuito-de-motorland-aragon-2.jpg\" data-index=\"4\"><br \/>\n<img decoding=\"async\" src=\"https:\/\/bxrepsol.s3.eu-west-1.amazonaws.com\/static\/2022\/08\/10053945\/moteros-llegan-en-su-cbr-repsol-honda-al-circuito-de-motorland-aragon-2.jpg\" srcset=\"https:\/\/bxrepsol.s3.eu-west-1.amazonaws.com\/static\/2022\/08\/10053945\/moteros-llegan-en-su-cbr-repsol-honda-al-circuito-de-motorland-aragon-2.jpg 900w, https:\/\/bxrepsol.s3.eu-west-1.amazonaws.com\/static\/2022\/08\/10053945\/moteros-llegan-en-su-cbr-repsol-honda-al-circuito-de-motorland-aragon-2.jpg 600w, https:\/\/bxrepsol.s3.eu-west-1.amazonaws.com\/static\/2022\/08\/10053945\/moteros-llegan-en-su-cbr-repsol-honda-al-circuito-de-motorland-aragon-2.jpg 480w, https:\/\/bxrepsol.s3.eu-west-1.amazonaws.com\/static\/2022\/08\/10053945\/moteros-llegan-en-su-cbr-repsol-honda-al-circuito-de-motorland-aragon-2.jpg 32w\" title=\"moteros llegan en su cbr repsol honda al circuito de motorland aragon\" alt=\"moteros llegando al p\u00e1rking de motos de motorland arag\u00f3n\" data-title=\"\"><br \/>\n<\/a><br \/>\n<button data-glide-dir=\"<\"><br \/>\n<svg role=\"img\" viewBox=\"0 0 256 512\">\n                <path fill=\"currentColor\" d=\"M238.475 475.535l7.071-7.07c4.686-4.686 4.686-12.284 0-16.971L50.053 256 245.546 60.506c4.686-4.686 4.686-12.284 0-16.971l-7.071-7.07c-4.686-4.686-12.284-4.686-16.97 0L10.454 247.515c-4.686 4.686-4.686 12.284 0 16.971l211.051 211.05c4.686 4.686 12.284 4.686 16.97-.001z\"><\/path>\n            <\/svg><br \/>\n<\/button><br \/>\n<button data-glide-dir=\">\u00ab><br \/>\n<svg role=\"img\" viewBox=\"0 0 256 512\">\n                <path fill=\"currentColor\" d=\"M17.525 36.465l-7.071 7.07c-4.686 4.686-4.686 12.284 0 16.971L205.947 256 10.454 451.494c-4.686 4.686-4.686 12.284 0 16.971l7.071 7.07c4.686 4.686 12.284 4.686 16.97 0l211.051-211.05c4.686-4.686 4.686-12.284 0-16.971L34.495 36.465c-4.686-4.687-12.284-4.687-16.97 0z\"><\/path>\n            <\/svg><br \/>\n<\/button><\/p>\n<p>Para algunos, las mejores motocicletas para viajar a lo largo y ancho de todas las carreteras del mundo son estos modelos de origen campero.<\/p>\n<p>Su virada al asfalto est\u00e1 facilitada por una capacidad de carga enorme, y un espacio vital muy apto para acoger c\u00f3moda y ergon\u00f3micamente a conductor y pasajero. A\u00f1aden una protecci\u00f3n aerodin\u00e1mica formidable y, por supuesto, una \u201cergonom\u00eda\u201d general m\u00e1s c\u00f3moda que en ning\u00fan otro tipo de moto.<\/p>\n<p>Pero por sus propias caracter\u00edsticas \u201coff-road\u201d, las suspensiones de largo recorrido causan una altura general muy elevada.<\/p>\n<p>Sus asientos superan de largo los 850 mm y, si tienes una talla \u201cmediterr\u00e1nea\u201d, llegar\u00e1s con dificultad al suelo. Hasta costar\u00e1 llegar a desplegar la pata de cabra lateral en el momento de detenerte.<\/p>\n<p><img loading=\"lazy\" decoding=\"async\" src=\"https:\/\/bxrepsol.s3.eu-west-1.amazonaws.com\/static\/2022\/08\/10053946\/ALTURA-ASIENTO-conduccion-moto-2.jpg\" alt=\"ALTURA-ASIENTO-conduccion-moto\" width=\"900\" height=\"550\"><\/p>\n<p>&nbsp;<\/p>\n<p>Pero puede haber soluci\u00f3n para que no debas renunciar a tu modelo favorito.<\/p>\n<p>En algunos casos, para bajar la alzada de la motocicleta, pueden ganarse algunos cent\u00edmetros actuando sobre las suspensiones y bieletas. Acude \u00a1siempre! a un verdadero especialista para ello.<\/p>\n<p>Afortunadamente, las propias marcas est\u00e1n ofreciendo de serie asientos para conductor que pueden regularse en su altura de modo simple, variando sus puntos de soporte en el chasis. En unos instantes, podr\u00e1s escoger entre situar el sill\u00edn de una GT a 820-830-840 mm, por ejemplo.<\/p>\n<p>De modo similar, el cat\u00e1logo de opciones originales permite en algunos modelos recibir las llaves de la moto habiendo elegido un asiento m\u00e1s o menos alto, a menudo sin cargo adicional.<\/p>\n<p>Para terminar, buceando en internet no ser\u00e1 dif\u00edcil encontrar en la industria auxiliar sillines rebajados adaptables de manera espec\u00edfica a modelos de casi todas las marcas.<\/p>\n<p>Foto cabecera:&nbsp;Taymtaym&nbsp;| Flickr&nbsp;<\/p>\n","protected":false},"excerpt":{"rendered":"<p>Seguro que lo has pensado, hoy te sacamos de dudas: \u00bfC\u00f3mo afecta nuestra altura a la hora de comprar una moto?<\/p>\n","protected":false},"author":43146,"featured_media":88966,"comment_status":"open","ping_status":"open","sticky":false,"template":"","format":"standard","meta":{"footnotes":""},"categories":[160],"tags":[123],"class_list":["post-92347","post","type-post","status-publish","format-standard","hentry","category-cultura-motera","tag-consejos-moteros"],"yoast_head":"<!-- This site is optimized with the Yoast SEO plugin v27.3 - https:\/\/yoast.com\/product\/yoast-seo-wordpress\/ -->\n<title>\u00bfQu\u00e9 moto escoger seg\u00fan tu altura? - Box Repsol<\/title>\n<meta name=\"description\" content=\"Descubre consejos \u00fatiles para encontrar la moto perfecta que se adapte a tu estatura y estilo de conducci\u00f3n.\" \/>\n<link rel=\"canonical\" href=\"https:\/\/www.boxrepsol.com\/es\/cultura-motera\/que-moto-escoger-segun-tu-altura-2\/\" \/>\n<meta property=\"og:locale\" content=\"es_ES\" \/>\n<meta property=\"og:type\" content=\"article\" \/>\n<meta property=\"og:title\" content=\"\u00bfQu\u00e9 moto escoger seg\u00fan tu altura? - Box Repsol\" \/>\n<meta property=\"og:description\" content=\"Descubre consejos \u00fatiles para encontrar la moto perfecta que se adapte a tu estatura y estilo de conducci\u00f3n.\" \/>\n<meta property=\"og:url\" content=\"https:\/\/www.boxrepsol.com\/es\/cultura-motera\/que-moto-escoger-segun-tu-altura-2\/\" \/>\n<meta property=\"og:site_name\" content=\"Box Repsol\" \/>\n<meta property=\"article:publisher\" content=\"https:\/\/www.facebook.com\/BoxRepsol\" \/>\n<meta property=\"article:author\" content=\"https:\/\/www.facebook.com\/BoxRepsol\/\" \/>\n<meta property=\"article:published_time\" content=\"2017-12-21T02:00:00+00:00\" \/>\n<meta property=\"article:modified_time\" content=\"2024-05-21T09:04:33+00:00\" \/>\n<meta property=\"og:image\" content=\"https:\/\/www.boxrepsol.com\/wp-content\/uploads\/2022\/08\/moto_escoger_segun_altura_header_taymtaym_flickr-1-2.png\" \/>\n\t<meta property=\"og:image:width\" content=\"986\" \/>\n\t<meta property=\"og:image:height\" content=\"555\" \/>\n\t<meta property=\"og:image:type\" content=\"image\/png\" \/>\n<meta name=\"author\" content=\"Redacci\u00f3n Box Repsol\" \/>\n<meta name=\"twitter:card\" content=\"summary_large_image\" \/>\n<meta name=\"twitter:creator\" content=\"@https:\/\/twitter.com\/box_repsol\" \/>\n<meta name=\"twitter:site\" content=\"@box_repsol\" \/>\n<meta name=\"twitter:label1\" content=\"Written by\" \/>\n\t<meta name=\"twitter:data1\" content=\"Redacci\u00f3n Box Repsol\" \/>\n\t<meta name=\"twitter:label2\" content=\"Est. reading time\" \/>\n\t<meta name=\"twitter:data2\" content=\"3 minutos\" \/>\n<script type=\"application\/ld+json\" class=\"yoast-schema-graph\">{\"@context\":\"https:\\\/\\\/schema.org\",\"@graph\":[{\"@type\":\"Article\",\"@id\":\"https:\\\/\\\/www.boxrepsol.com\\\/es\\\/cultura-motera\\\/que-moto-escoger-segun-tu-altura-2\\\/#article\",\"isPartOf\":{\"@id\":\"https:\\\/\\\/www.boxrepsol.com\\\/es\\\/cultura-motera\\\/que-moto-escoger-segun-tu-altura-2\\\/\"},\"author\":{\"name\":\"Redacci\u00f3n Box Repsol\",\"@id\":\"https:\\\/\\\/www.boxrepsol.com\\\/es\\\/#\\\/schema\\\/person\\\/c5c2138f2cca251b0ad92b7086bb60b7\"},\"headline\":\"\u00bfQu\u00e9 moto escoger seg\u00fan tu altura?\",\"datePublished\":\"2017-12-21T02:00:00+00:00\",\"dateModified\":\"2024-05-21T09:04:33+00:00\",\"mainEntityOfPage\":{\"@id\":\"https:\\\/\\\/www.boxrepsol.com\\\/es\\\/cultura-motera\\\/que-moto-escoger-segun-tu-altura-2\\\/\"},\"wordCount\":621,\"commentCount\":0,\"publisher\":{\"@id\":\"https:\\\/\\\/www.boxrepsol.com\\\/es\\\/#organization\"},\"image\":{\"@id\":\"https:\\\/\\\/www.boxrepsol.com\\\/es\\\/cultura-motera\\\/que-moto-escoger-segun-tu-altura-2\\\/#primaryimage\"},\"thumbnailUrl\":\"https:\\\/\\\/www.boxrepsol.com\\\/wp-content\\\/uploads\\\/2022\\\/08\\\/moto_escoger_segun_altura_header_taymtaym_flickr-1-2.png\",\"keywords\":[\"consejos moteros\"],\"articleSection\":[\"Cultura Motera\"],\"inLanguage\":\"es\",\"potentialAction\":[{\"@type\":\"CommentAction\",\"name\":\"Comment\",\"target\":[\"https:\\\/\\\/www.boxrepsol.com\\\/es\\\/cultura-motera\\\/que-moto-escoger-segun-tu-altura-2\\\/#respond\"]}]},{\"@type\":\"WebPage\",\"@id\":\"https:\\\/\\\/www.boxrepsol.com\\\/es\\\/cultura-motera\\\/que-moto-escoger-segun-tu-altura-2\\\/\",\"url\":\"https:\\\/\\\/www.boxrepsol.com\\\/es\\\/cultura-motera\\\/que-moto-escoger-segun-tu-altura-2\\\/\",\"name\":\"\u00bfQu\u00e9 moto escoger seg\u00fan tu altura? - Box Repsol\",\"isPartOf\":{\"@id\":\"https:\\\/\\\/www.boxrepsol.com\\\/es\\\/#website\"},\"primaryImageOfPage\":{\"@id\":\"https:\\\/\\\/www.boxrepsol.com\\\/es\\\/cultura-motera\\\/que-moto-escoger-segun-tu-altura-2\\\/#primaryimage\"},\"image\":{\"@id\":\"https:\\\/\\\/www.boxrepsol.com\\\/es\\\/cultura-motera\\\/que-moto-escoger-segun-tu-altura-2\\\/#primaryimage\"},\"thumbnailUrl\":\"https:\\\/\\\/www.boxrepsol.com\\\/wp-content\\\/uploads\\\/2022\\\/08\\\/moto_escoger_segun_altura_header_taymtaym_flickr-1-2.png\",\"datePublished\":\"2017-12-21T02:00:00+00:00\",\"dateModified\":\"2024-05-21T09:04:33+00:00\",\"description\":\"Descubre consejos \u00fatiles para encontrar la moto perfecta que se adapte a tu estatura y estilo de conducci\u00f3n.\",\"breadcrumb\":{\"@id\":\"https:\\\/\\\/www.boxrepsol.com\\\/es\\\/cultura-motera\\\/que-moto-escoger-segun-tu-altura-2\\\/#breadcrumb\"},\"inLanguage\":\"es\",\"potentialAction\":[{\"@type\":\"ReadAction\",\"target\":[\"https:\\\/\\\/www.boxrepsol.com\\\/es\\\/cultura-motera\\\/que-moto-escoger-segun-tu-altura-2\\\/\"]}]},{\"@type\":\"ImageObject\",\"inLanguage\":\"es\",\"@id\":\"https:\\\/\\\/www.boxrepsol.com\\\/es\\\/cultura-motera\\\/que-moto-escoger-segun-tu-altura-2\\\/#primaryimage\",\"url\":\"https:\\\/\\\/www.boxrepsol.com\\\/wp-content\\\/uploads\\\/2022\\\/08\\\/moto_escoger_segun_altura_header_taymtaym_flickr-1-2.png\",\"contentUrl\":\"https:\\\/\\\/www.boxrepsol.com\\\/wp-content\\\/uploads\\\/2022\\\/08\\\/moto_escoger_segun_altura_header_taymtaym_flickr-1-2.png\",\"width\":986,\"height\":555,\"caption\":\"Montaje motos fondo turquesa\"},{\"@type\":\"BreadcrumbList\",\"@id\":\"https:\\\/\\\/www.boxrepsol.com\\\/es\\\/cultura-motera\\\/que-moto-escoger-segun-tu-altura-2\\\/#breadcrumb\",\"itemListElement\":[{\"@type\":\"ListItem\",\"position\":1,\"name\":\"Home\",\"item\":\"https:\\\/\\\/www.boxrepsol.com\\\/es\\\/\"},{\"@type\":\"ListItem\",\"position\":2,\"name\":\"\u00bfQu\u00e9 moto escoger seg\u00fan tu altura?\"}]},{\"@type\":\"WebSite\",\"@id\":\"https:\\\/\\\/www.boxrepsol.com\\\/es\\\/#website\",\"url\":\"https:\\\/\\\/www.boxrepsol.com\\\/es\\\/\",\"name\":\"Box Repsol\",\"description\":\"Box Repsol Site\",\"publisher\":{\"@id\":\"https:\\\/\\\/www.boxrepsol.com\\\/es\\\/#organization\"},\"potentialAction\":[{\"@type\":\"SearchAction\",\"target\":{\"@type\":\"EntryPoint\",\"urlTemplate\":\"https:\\\/\\\/www.boxrepsol.com\\\/es\\\/?s={search_term_string}\"},\"query-input\":{\"@type\":\"PropertyValueSpecification\",\"valueRequired\":true,\"valueName\":\"search_term_string\"}}],\"inLanguage\":\"es\"},{\"@type\":\"Organization\",\"@id\":\"https:\\\/\\\/www.boxrepsol.com\\\/es\\\/#organization\",\"name\":\"Box Repsol\",\"url\":\"https:\\\/\\\/www.boxrepsol.com\\\/es\\\/\",\"logo\":{\"@type\":\"ImageObject\",\"inLanguage\":\"es\",\"@id\":\"https:\\\/\\\/www.boxrepsol.com\\\/es\\\/#\\\/schema\\\/logo\\\/image\\\/\",\"url\":\"https:\\\/\\\/bxrepsol.s3.eu-west-1.amazonaws.com\\\/static\\\/2025\\\/07\\\/30083337\\\/favicon-96x96-1.png\",\"contentUrl\":\"https:\\\/\\\/bxrepsol.s3.eu-west-1.amazonaws.com\\\/static\\\/2025\\\/07\\\/30083337\\\/favicon-96x96-1.png\",\"width\":96,\"height\":96,\"caption\":\"Box Repsol\"},\"image\":{\"@id\":\"https:\\\/\\\/www.boxrepsol.com\\\/es\\\/#\\\/schema\\\/logo\\\/image\\\/\"},\"sameAs\":[\"https:\\\/\\\/www.facebook.com\\\/BoxRepsol\",\"https:\\\/\\\/x.com\\\/box_repsol\",\"http:\\\/\\\/instagram.com\\\/box_repsol\",\"https:\\\/\\\/www.youtube.com\\\/user\\\/RepsolCompeticion\",\"https:\\\/\\\/www.flickr.com\\\/photos\\\/box_repsol\\\/\"]},{\"@type\":\"Person\",\"@id\":\"https:\\\/\\\/www.boxrepsol.com\\\/es\\\/#\\\/schema\\\/person\\\/c5c2138f2cca251b0ad92b7086bb60b7\",\"name\":\"Redacci\u00f3n Box Repsol\",\"image\":{\"@type\":\"ImageObject\",\"inLanguage\":\"es\",\"@id\":\"https:\\\/\\\/secure.gravatar.com\\\/avatar\\\/adf7b77e38b4419baf32c7e9c21dde01f4e40df611f0978e3006fc4ba0aaab7e?s=96&d=mm&r=g\",\"url\":\"https:\\\/\\\/secure.gravatar.com\\\/avatar\\\/adf7b77e38b4419baf32c7e9c21dde01f4e40df611f0978e3006fc4ba0aaab7e?s=96&d=mm&r=g\",\"contentUrl\":\"https:\\\/\\\/secure.gravatar.com\\\/avatar\\\/adf7b77e38b4419baf32c7e9c21dde01f4e40df611f0978e3006fc4ba0aaab7e?s=96&d=mm&r=g\",\"caption\":\"Redacci\u00f3n Box Repsol\"},\"description\":\"Box Repsol lo forma un equipo de periodistas, community managers, dise\u00f1adores y fot\u00f3grafos con m\u00e1s de 20 a\u00f1os de experiencia en el mundo del motorsport. Hemos vivido el primer mundial de un espa\u00f1ol en la categor\u00eda reina de motociclismo con \u00c1lex Crivill\u00e9, estuvimos en las victorias de Pedrosa y los t\u00edtulos de M\u00e1rquez, acompa\u00f1amos en \u00c1frica a Nani Roma y Marc Coma en sus conquistas del Dakar y hemos vibrado con los t\u00edtulos de Toni Bou en Trial. Adem\u00e1s, en nuestro equipo contamos con expertos en el mundo de las dos y cuatro ruedas tanto de la calle y las carreteras, como de los circuitos. Periodistas que han trabajado en revistas y publicaciones para hacerte llegar desde rutas y consejos de mantenimiento, a curiosidades y trucos de pilotaje.\",\"sameAs\":[\"https:\\\/\\\/www.facebook.com\\\/BoxRepsol\\\/\",\"https:\\\/\\\/www.instagram.com\\\/box_repsol\\\/\",\"https:\\\/\\\/x.com\\\/https:\\\/\\\/twitter.com\\\/box_repsol\",\"https:\\\/\\\/www.youtube.com\\\/@Boxrepsol\"],\"url\":\"https:\\\/\\\/www.boxrepsol.com\\\/es\\\/author\\\/redaccion-box-repsol\\\/\"}]}<\/script>\n<!-- \/ Yoast SEO plugin. -->","yoast_head_json":{"title":"\u00bfQu\u00e9 moto escoger seg\u00fan tu altura? - Box Repsol","description":"Descubre consejos \u00fatiles para encontrar la moto perfecta que se adapte a tu estatura y estilo de conducci\u00f3n.","canonical":"https:\/\/www.boxrepsol.com\/es\/cultura-motera\/que-moto-escoger-segun-tu-altura-2\/","og_locale":"es_ES","og_type":"article","og_title":"\u00bfQu\u00e9 moto escoger seg\u00fan tu altura? - Box Repsol","og_description":"Descubre consejos \u00fatiles para encontrar la moto perfecta que se adapte a tu estatura y estilo de conducci\u00f3n.","og_url":"https:\/\/www.boxrepsol.com\/es\/cultura-motera\/que-moto-escoger-segun-tu-altura-2\/","og_site_name":"Box Repsol","article_publisher":"https:\/\/www.facebook.com\/BoxRepsol","article_author":"https:\/\/www.facebook.com\/BoxRepsol\/","article_published_time":"2017-12-21T02:00:00+00:00","article_modified_time":"2024-05-21T09:04:33+00:00","og_image":[{"width":986,"height":555,"url":"https:\/\/www.boxrepsol.com\/wp-content\/uploads\/2022\/08\/moto_escoger_segun_altura_header_taymtaym_flickr-1-2.png","type":"image\/png"}],"author":"Redacci\u00f3n Box Repsol","twitter_card":"summary_large_image","twitter_creator":"@https:\/\/twitter.com\/box_repsol","twitter_site":"@box_repsol","twitter_misc":{"Written by":"Redacci\u00f3n Box Repsol","Est. reading time":"3 minutos"},"schema":{"@context":"https:\/\/schema.org","@graph":[{"@type":"Article","@id":"https:\/\/www.boxrepsol.com\/es\/cultura-motera\/que-moto-escoger-segun-tu-altura-2\/#article","isPartOf":{"@id":"https:\/\/www.boxrepsol.com\/es\/cultura-motera\/que-moto-escoger-segun-tu-altura-2\/"},"author":{"name":"Redacci\u00f3n Box Repsol","@id":"https:\/\/www.boxrepsol.com\/es\/#\/schema\/person\/c5c2138f2cca251b0ad92b7086bb60b7"},"headline":"\u00bfQu\u00e9 moto escoger seg\u00fan tu altura?","datePublished":"2017-12-21T02:00:00+00:00","dateModified":"2024-05-21T09:04:33+00:00","mainEntityOfPage":{"@id":"https:\/\/www.boxrepsol.com\/es\/cultura-motera\/que-moto-escoger-segun-tu-altura-2\/"},"wordCount":621,"commentCount":0,"publisher":{"@id":"https:\/\/www.boxrepsol.com\/es\/#organization"},"image":{"@id":"https:\/\/www.boxrepsol.com\/es\/cultura-motera\/que-moto-escoger-segun-tu-altura-2\/#primaryimage"},"thumbnailUrl":"https:\/\/www.boxrepsol.com\/wp-content\/uploads\/2022\/08\/moto_escoger_segun_altura_header_taymtaym_flickr-1-2.png","keywords":["consejos moteros"],"articleSection":["Cultura Motera"],"inLanguage":"es","potentialAction":[{"@type":"CommentAction","name":"Comment","target":["https:\/\/www.boxrepsol.com\/es\/cultura-motera\/que-moto-escoger-segun-tu-altura-2\/#respond"]}]},{"@type":"WebPage","@id":"https:\/\/www.boxrepsol.com\/es\/cultura-motera\/que-moto-escoger-segun-tu-altura-2\/","url":"https:\/\/www.boxrepsol.com\/es\/cultura-motera\/que-moto-escoger-segun-tu-altura-2\/","name":"\u00bfQu\u00e9 moto escoger seg\u00fan tu altura? - Box Repsol","isPartOf":{"@id":"https:\/\/www.boxrepsol.com\/es\/#website"},"primaryImageOfPage":{"@id":"https:\/\/www.boxrepsol.com\/es\/cultura-motera\/que-moto-escoger-segun-tu-altura-2\/#primaryimage"},"image":{"@id":"https:\/\/www.boxrepsol.com\/es\/cultura-motera\/que-moto-escoger-segun-tu-altura-2\/#primaryimage"},"thumbnailUrl":"https:\/\/www.boxrepsol.com\/wp-content\/uploads\/2022\/08\/moto_escoger_segun_altura_header_taymtaym_flickr-1-2.png","datePublished":"2017-12-21T02:00:00+00:00","dateModified":"2024-05-21T09:04:33+00:00","description":"Descubre consejos \u00fatiles para encontrar la moto perfecta que se adapte a tu estatura y estilo de conducci\u00f3n.","breadcrumb":{"@id":"https:\/\/www.boxrepsol.com\/es\/cultura-motera\/que-moto-escoger-segun-tu-altura-2\/#breadcrumb"},"inLanguage":"es","potentialAction":[{"@type":"ReadAction","target":["https:\/\/www.boxrepsol.com\/es\/cultura-motera\/que-moto-escoger-segun-tu-altura-2\/"]}]},{"@type":"ImageObject","inLanguage":"es","@id":"https:\/\/www.boxrepsol.com\/es\/cultura-motera\/que-moto-escoger-segun-tu-altura-2\/#primaryimage","url":"https:\/\/www.boxrepsol.com\/wp-content\/uploads\/2022\/08\/moto_escoger_segun_altura_header_taymtaym_flickr-1-2.png","contentUrl":"https:\/\/www.boxrepsol.com\/wp-content\/uploads\/2022\/08\/moto_escoger_segun_altura_header_taymtaym_flickr-1-2.png","width":986,"height":555,"caption":"Montaje motos fondo turquesa"},{"@type":"BreadcrumbList","@id":"https:\/\/www.boxrepsol.com\/es\/cultura-motera\/que-moto-escoger-segun-tu-altura-2\/#breadcrumb","itemListElement":[{"@type":"ListItem","position":1,"name":"Home","item":"https:\/\/www.boxrepsol.com\/es\/"},{"@type":"ListItem","position":2,"name":"\u00bfQu\u00e9 moto escoger seg\u00fan tu altura?"}]},{"@type":"WebSite","@id":"https:\/\/www.boxrepsol.com\/es\/#website","url":"https:\/\/www.boxrepsol.com\/es\/","name":"Box Repsol","description":"Box Repsol Site","publisher":{"@id":"https:\/\/www.boxrepsol.com\/es\/#organization"},"potentialAction":[{"@type":"SearchAction","target":{"@type":"EntryPoint","urlTemplate":"https:\/\/www.boxrepsol.com\/es\/?s={search_term_string}"},"query-input":{"@type":"PropertyValueSpecification","valueRequired":true,"valueName":"search_term_string"}}],"inLanguage":"es"},{"@type":"Organization","@id":"https:\/\/www.boxrepsol.com\/es\/#organization","name":"Box Repsol","url":"https:\/\/www.boxrepsol.com\/es\/","logo":{"@type":"ImageObject","inLanguage":"es","@id":"https:\/\/www.boxrepsol.com\/es\/#\/schema\/logo\/image\/","url":"https:\/\/bxrepsol.s3.eu-west-1.amazonaws.com\/static\/2025\/07\/30083337\/favicon-96x96-1.png","contentUrl":"https:\/\/bxrepsol.s3.eu-west-1.amazonaws.com\/static\/2025\/07\/30083337\/favicon-96x96-1.png","width":96,"height":96,"caption":"Box Repsol"},"image":{"@id":"https:\/\/www.boxrepsol.com\/es\/#\/schema\/logo\/image\/"},"sameAs":["https:\/\/www.facebook.com\/BoxRepsol","https:\/\/x.com\/box_repsol","http:\/\/instagram.com\/box_repsol","https:\/\/www.youtube.com\/user\/RepsolCompeticion","https:\/\/www.flickr.com\/photos\/box_repsol\/"]},{"@type":"Person","@id":"https:\/\/www.boxrepsol.com\/es\/#\/schema\/person\/c5c2138f2cca251b0ad92b7086bb60b7","name":"Redacci\u00f3n Box Repsol","image":{"@type":"ImageObject","inLanguage":"es","@id":"https:\/\/secure.gravatar.com\/avatar\/adf7b77e38b4419baf32c7e9c21dde01f4e40df611f0978e3006fc4ba0aaab7e?s=96&d=mm&r=g","url":"https:\/\/secure.gravatar.com\/avatar\/adf7b77e38b4419baf32c7e9c21dde01f4e40df611f0978e3006fc4ba0aaab7e?s=96&d=mm&r=g","contentUrl":"https:\/\/secure.gravatar.com\/avatar\/adf7b77e38b4419baf32c7e9c21dde01f4e40df611f0978e3006fc4ba0aaab7e?s=96&d=mm&r=g","caption":"Redacci\u00f3n Box Repsol"},"description":"Box Repsol lo forma un equipo de periodistas, community managers, dise\u00f1adores y fot\u00f3grafos con m\u00e1s de 20 a\u00f1os de experiencia en el mundo del motorsport. Hemos vivido el primer mundial de un espa\u00f1ol en la categor\u00eda reina de motociclismo con \u00c1lex Crivill\u00e9, estuvimos en las victorias de Pedrosa y los t\u00edtulos de M\u00e1rquez, acompa\u00f1amos en \u00c1frica a Nani Roma y Marc Coma en sus conquistas del Dakar y hemos vibrado con los t\u00edtulos de Toni Bou en Trial. Adem\u00e1s, en nuestro equipo contamos con expertos en el mundo de las dos y cuatro ruedas tanto de la calle y las carreteras, como de los circuitos. Periodistas que han trabajado en revistas y publicaciones para hacerte llegar desde rutas y consejos de mantenimiento, a curiosidades y trucos de pilotaje.","sameAs":["https:\/\/www.facebook.com\/BoxRepsol\/","https:\/\/www.instagram.com\/box_repsol\/","https:\/\/x.com\/https:\/\/twitter.com\/box_repsol","https:\/\/www.youtube.com\/@Boxrepsol"],"url":"https:\/\/www.boxrepsol.com\/es\/author\/redaccion-box-repsol\/"}]}},"_links":{"self":[{"href":"https:\/\/www.boxrepsol.com\/es\/wp-json\/wp\/v2\/posts\/92347","targetHints":{"allow":["GET"]}}],"collection":[{"href":"https:\/\/www.boxrepsol.com\/es\/wp-json\/wp\/v2\/posts"}],"about":[{"href":"https:\/\/www.boxrepsol.com\/es\/wp-json\/wp\/v2\/types\/post"}],"author":[{"embeddable":true,"href":"https:\/\/www.boxrepsol.com\/es\/wp-json\/wp\/v2\/users\/43146"}],"replies":[{"embeddable":true,"href":"https:\/\/www.boxrepsol.com\/es\/wp-json\/wp\/v2\/comments?post=92347"}],"version-history":[{"count":2,"href":"https:\/\/www.boxrepsol.com\/es\/wp-json\/wp\/v2\/posts\/92347\/revisions"}],"predecessor-version":[{"id":107406,"href":"https:\/\/www.boxrepsol.com\/es\/wp-json\/wp\/v2\/posts\/92347\/revisions\/107406"}],"wp:featuredmedia":[{"embeddable":true,"href":"https:\/\/www.boxrepsol.com\/es\/wp-json\/wp\/v2\/media\/88966"}],"wp:attachment":[{"href":"https:\/\/www.boxrepsol.com\/es\/wp-json\/wp\/v2\/media?parent=92347"}],"wp:term":[{"taxonomy":"category","embeddable":true,"href":"https:\/\/www.boxrepsol.com\/es\/wp-json\/wp\/v2\/categories?post=92347"},{"taxonomy":"post_tag","embeddable":true,"href":"https:\/\/www.boxrepsol.com\/es\/wp-json\/wp\/v2\/tags?post=92347"}],"curies":[{"name":"wp","href":"https:\/\/api.w.org\/{rel}","templated":true}]}}