{"id":92291,"date":"2017-12-15T00:00:00","date_gmt":"2017-12-15T02:00:00","guid":{"rendered":"http:\/\/pre.boxrepsol.com\/sin-categorizar\/una-temporada-historica-juan-velarde-la-red-bull-air-race\/"},"modified":"2024-05-21T06:59:04","modified_gmt":"2024-05-21T08:59:04","slug":"una-temporada-historica-juan-velarde-la-red-bull-air-race","status":"publish","type":"post","link":"https:\/\/www.boxrepsol.com\/es\/red-bull-air-race\/una-temporada-historica-juan-velarde-la-red-bull-air-race\/","title":{"rendered":"Una temporada hist\u00f3rica para Juan Velarde en la Red Bull Air Race"},"content":{"rendered":"<p>Juan Velarde est\u00e1 entre los elegidos que pueden pilotar en la Red Bull Air Race. Y lo hace d\u00e1ndolo todo en cada Gran Premio. Esta actitud positiva le ha llevado a dar un paso adelante y hacer su mejor temporada en la competici\u00f3n.<\/p>\n<p>En la primera carrera de la temporada en Abu Dabi ya se pod\u00eda predecir buenos resultados para Juan Velarde. Este primer contacto era importante y la prueba se super\u00f3 con creces en un fin de semana que seg\u00fan palabras del piloto le hizo estar<strong> \u201clo m\u00e1s relajado que me he sentido nunca desde que comenc\u00e9 a competir\u201d<\/strong>. En conclusi\u00f3n, fue un balance positivo llegando a la final y afirmando un segundo puesto.<\/p>\n<p><a href=\"https:\/\/bxrepsol.s3.eu-west-1.amazonaws.com\/static\/2022\/08\/29074610\/juan_velarde_motor_avion1-1.jpg\" \n   title=\"Juan Velarde ajustando el avi\u00f3n antes de la prueba\" \n   data-gallery-thumbnail=\"https:\/\/bxrepsol.s3.eu-west-1.amazonaws.com\/static\/2022\/08\/29074610\/juan_velarde_motor_avion1-1.jpg\"\n   data-gallery><\/p>\n<figure>\n        <picture style=\"padding-bottom: 66.71875%; background-image: url(https:\/\/bxrepsol.s3.eu-west-1.amazonaws.com\/static\/2022\/08\/29074610\/juan_velarde_motor_avion1-1.jpg);\">\n            <img decoding=\"async\" src=\"https:\/\/bxrepsol.s3.eu-west-1.amazonaws.com\/static\/2022\/08\/29074610\/juan_velarde_motor_avion1-1.jpg\"><br \/>\n            <img itemprop=\"image\"\n                data-srcset=\"https:\/\/bxrepsol.s3.eu-west-1.amazonaws.com\/static\/2022\/08\/29074610\/juan_velarde_motor_avion1-1.jpg 480w, https:\/\/bxrepsol.s3.eu-west-1.amazonaws.com\/static\/2022\/08\/29074610\/juan_velarde_motor_avion1-1.jpg 600w, https:\/\/bxrepsol.s3.eu-west-1.amazonaws.com\/static\/2022\/08\/29074610\/juan_velarde_motor_avion1-1.jpg 900w, https:\/\/bxrepsol.s3.eu-west-1.amazonaws.com\/static\/2022\/08\/29074610\/juan_velarde_motor_avion1-1.jpg 1280w\"\n                data-src=\"https:\/\/bxrepsol.s3.eu-west-1.amazonaws.com\/static\/2022\/08\/29074610\/juan_velarde_motor_avion1-1.jpg\"\n                alt=\"Juan Velarde ajustando el avi\u00f3n antes de la prueba\"\n                title=\"Juan Velarde revisando el motor de su avi\u00f3n\"\/><br \/>\n            <noscript><img decoding=\"async\" src=\"https:\/\/bxrepsol.s3.eu-west-1.amazonaws.com\/static\/2022\/08\/29074610\/juan_velarde_motor_avion1-1.jpg\" alt=\"Juan Velarde ajustando el avi\u00f3n antes de la prueba\"><\/noscript>\n        <\/picture><figcaption>Juan Velarde ajustando el avi\u00f3n antes de la prueba<\/figcaption><\/figure>\n<p><\/a><\/p>\n<p>La siguiente prueba en San Diego no fue tan provechosa, pero el piloto Repsol pudo centrarse en adaptarse a los alerones y electr\u00f3nica. Las cosas se complicaron en Chiba (Jap\u00f3n), de d\u00f3nde sali\u00f3 con una sensaci\u00f3n de frustraci\u00f3n. En cambio en Budapest recuper\u00f3 su fuerza en un trazado muy divertido:<strong> \u201cEstaba muy centrado a pesar de la presi\u00f3n, y aunque los resultados no han sido muy positivos, he conseguido m\u00e1s puntos y lo que es m\u00e1s importante, me lo he pasado bien\u201d<\/strong>.<\/p>\n<p>Esa actitud optimista llev\u00f3 a Velarde a competir por entrar en el top 4 en la prueba de Kazan, qued\u00e1ndose a las puertas por poco. Sin embargo, s\u00ed logr\u00f3 fue que su equipo acumulara los 6 puntos del 5\u00ba puesto en la carrera. Al final el piloto Repsol se qued\u00f3 con un buen sabor de boca.<strong> \u201cHemos volado bien y superado los malos resultados de la \u00faltimas carreras\u201d<\/strong>.<\/p>\n<p><a href=\"https:\/\/bxrepsol.s3.eu-west-1.amazonaws.com\/static\/2022\/08\/29074612\/edge_540_juan_velarde1-1.jpg\" \n   title=\"A\u00e9rea lateral del avi\u00f3n de Juan Velarde\" \n   data-gallery-thumbnail=\"https:\/\/bxrepsol.s3.eu-west-1.amazonaws.com\/static\/2022\/08\/29074612\/edge_540_juan_velarde1-1.jpg\"\n   data-gallery><\/p>\n<figure>\n        <picture style=\"padding-bottom: 66.640625%; background-image: url(https:\/\/bxrepsol.s3.eu-west-1.amazonaws.com\/static\/2022\/08\/29074612\/edge_540_juan_velarde1-1.jpg);\">\n            <img decoding=\"async\" src=\"https:\/\/bxrepsol.s3.eu-west-1.amazonaws.com\/static\/2022\/08\/29074612\/edge_540_juan_velarde1-1.jpg\"><br \/>\n            <img itemprop=\"image\"\n                data-srcset=\"https:\/\/bxrepsol.s3.eu-west-1.amazonaws.com\/static\/2022\/08\/29074612\/edge_540_juan_velarde1-1.jpg 480w, https:\/\/bxrepsol.s3.eu-west-1.amazonaws.com\/static\/2022\/08\/29074612\/edge_540_juan_velarde1-1.jpg 600w, https:\/\/bxrepsol.s3.eu-west-1.amazonaws.com\/static\/2022\/08\/29074612\/edge_540_juan_velarde1-1.jpg 900w, https:\/\/bxrepsol.s3.eu-west-1.amazonaws.com\/static\/2022\/08\/29074612\/edge_540_juan_velarde1-1.jpg 1280w\"\n                data-src=\"https:\/\/bxrepsol.s3.eu-west-1.amazonaws.com\/static\/2022\/08\/29074612\/edge_540_juan_velarde1-1.jpg\"\n                alt=\"A\u00e9rea lateral del avi\u00f3n de Juan Velarde\"\n                title=\"Edge 540 de Juan Velarde\"\/><br \/>\n            <noscript><img decoding=\"async\" src=\"https:\/\/bxrepsol.s3.eu-west-1.amazonaws.com\/static\/2022\/08\/29074612\/edge_540_juan_velarde1-1.jpg\" alt=\"A\u00e9rea lateral del avi\u00f3n de Juan Velarde\"><\/noscript>\n        <\/picture><figcaption>A\u00e9rea lateral del avi\u00f3n de Juan Velarde<\/figcaption><\/figure>\n<p><\/a><\/p>\n<p>En Oporto no rindi\u00f3 como se esperaba, pero en la siguiente prueba en Lausitz (Alemania) las buenas sensaciones volvieron con fuerza, llevando a Velarde hasta un 4\u00ba puesto en la carrera. Todo un empuj\u00f3n en la general que se reafirm\u00f3 con sensacional podio en la prueba final de Indian\u00e1polis.<\/p>\n<p><a href=\"https:\/\/bxrepsol.s3.eu-west-1.amazonaws.com\/static\/2022\/08\/29074613\/podio_juan_velarde-1.jpg\" \n   title=\"Velarde en el podio de Indianapolis\" \n   data-gallery-thumbnail=\"https:\/\/bxrepsol.s3.eu-west-1.amazonaws.com\/static\/2022\/08\/29074613\/podio_juan_velarde-1.jpg\"\n   data-gallery><\/p>\n<figure>\n        <picture style=\"padding-bottom: 66.640625%; background-image: url(https:\/\/bxrepsol.s3.eu-west-1.amazonaws.com\/static\/2022\/08\/29074613\/podio_juan_velarde-1.jpg);\">\n            <img decoding=\"async\" src=\"https:\/\/bxrepsol.s3.eu-west-1.amazonaws.com\/static\/2022\/08\/29074613\/podio_juan_velarde-1.jpg\"><br \/>\n            <img itemprop=\"image\"\n                data-srcset=\"https:\/\/bxrepsol.s3.eu-west-1.amazonaws.com\/static\/2022\/08\/29074613\/podio_juan_velarde-1.jpg 480w, https:\/\/bxrepsol.s3.eu-west-1.amazonaws.com\/static\/2022\/08\/29074613\/podio_juan_velarde-1.jpg 600w, https:\/\/bxrepsol.s3.eu-west-1.amazonaws.com\/static\/2022\/08\/29074613\/podio_juan_velarde-1.jpg 900w, https:\/\/bxrepsol.s3.eu-west-1.amazonaws.com\/static\/2022\/08\/29074613\/podio_juan_velarde-1.jpg 1280w\"\n                data-src=\"https:\/\/bxrepsol.s3.eu-west-1.amazonaws.com\/static\/2022\/08\/29074613\/podio_juan_velarde-1.jpg\"\n                alt=\"Velarde en el podio de Indianapolis\"\n                title=\"Juan Velarde en el podio de la Red Bull Air Race Indianapolis\"\/><br \/>\n            <noscript><img decoding=\"async\" src=\"https:\/\/bxrepsol.s3.eu-west-1.amazonaws.com\/static\/2022\/08\/29074613\/podio_juan_velarde-1.jpg\" alt=\"Velarde en el podio de Indianapolis\"><\/noscript>\n        <\/picture><figcaption>Velarde en el podio de Indianapolis<\/figcaption><\/figure>\n<p><\/a><\/p>\n<p>Las declaraciones del piloto estuvieron como no, dedicadas al equipo que le hab\u00eda acompa\u00f1ado durante el a\u00f1o: <strong>\u201cEstoy contento, todo el equipo est\u00e1 contento y yo me alegro por ellos. Han estado trabajando duro y durante la segunda mitad de la temporada, ha merecido la pena\u201d<\/strong>.<\/p>\n<p>Una temporada para recordar y lo mejor es que el rendimiento de Juan est\u00e1 en l\u00ednea ascendente y el a\u00f1o que viene esperamos verle todav\u00eda m\u00e1s arriba luchando en cada carrera por el podio.<\/p>\n","protected":false},"excerpt":{"rendered":"<p>El piloto Repsol de vuelo deportivo logra su mejor puntuaci\u00f3n hasta la fecha en esta trepidante competici\u00f3n, la m\u00e1s importante que existe en el mundo.<\/p>\n","protected":false},"author":43146,"featured_media":87263,"comment_status":"open","ping_status":"open","sticky":false,"template":"","format":"standard","meta":{"footnotes":""},"categories":[159],"tags":[130],"class_list":["post-92291","post","type-post","status-publish","format-standard","hentry","category-red-bull-air-race","tag-otros-eventos-y-competiciones"],"yoast_head":"<!-- This site is optimized with the Yoast SEO plugin v27.3 - https:\/\/yoast.com\/product\/yoast-seo-wordpress\/ -->\n<title>Una temporada hist\u00f3rica para Juan Velarde en la Red Bull Air Race - Box Repsol<\/title>\n<meta name=\"description\" content=\"El piloto Repsol de vuelo deportivo logra su mejor puntuaci\u00f3n hasta la fecha en esta trepidante competici\u00f3n, la m\u00e1s importante que existe en el mundo.\" \/>\n<link rel=\"canonical\" href=\"https:\/\/www.boxrepsol.com\/es\/red-bull-air-race\/una-temporada-historica-juan-velarde-la-red-bull-air-race\/\" \/>\n<meta property=\"og:locale\" content=\"es_ES\" \/>\n<meta property=\"og:type\" content=\"article\" \/>\n<meta property=\"og:title\" content=\"Una temporada hist\u00f3rica para Juan Velarde en la Red Bull Air Race - Box Repsol\" \/>\n<meta property=\"og:description\" content=\"El piloto Repsol de vuelo deportivo logra su mejor puntuaci\u00f3n hasta la fecha en esta trepidante competici\u00f3n, la m\u00e1s importante que existe en el mundo.\" \/>\n<meta property=\"og:url\" content=\"https:\/\/www.boxrepsol.com\/es\/red-bull-air-race\/una-temporada-historica-juan-velarde-la-red-bull-air-race\/\" \/>\n<meta property=\"og:site_name\" content=\"Box Repsol\" \/>\n<meta property=\"article:publisher\" content=\"https:\/\/www.facebook.com\/BoxRepsol\" \/>\n<meta property=\"article:author\" content=\"https:\/\/www.facebook.com\/BoxRepsol\/\" \/>\n<meta property=\"article:published_time\" content=\"2017-12-15T02:00:00+00:00\" \/>\n<meta property=\"article:modified_time\" content=\"2024-05-21T08:59:04+00:00\" \/>\n<meta property=\"og:image\" content=\"https:\/\/www.boxrepsol.com\/wp-content\/uploads\/2022\/08\/00_juan_velarde_repsol_Red_bull_air_race_26.jpg\" \/>\n\t<meta property=\"og:image:width\" content=\"995\" \/>\n\t<meta property=\"og:image:height\" content=\"560\" \/>\n\t<meta property=\"og:image:type\" content=\"image\/jpeg\" \/>\n<meta name=\"author\" content=\"Redacci\u00f3n Box Repsol\" \/>\n<meta name=\"twitter:card\" content=\"summary_large_image\" \/>\n<meta name=\"twitter:creator\" content=\"@https:\/\/twitter.com\/box_repsol\" \/>\n<meta name=\"twitter:site\" content=\"@box_repsol\" \/>\n<meta name=\"twitter:label1\" content=\"Written by\" \/>\n\t<meta name=\"twitter:data1\" content=\"Redacci\u00f3n Box Repsol\" \/>\n\t<meta name=\"twitter:label2\" content=\"Est. reading time\" \/>\n\t<meta name=\"twitter:data2\" content=\"2 minutos\" \/>\n<script type=\"application\/ld+json\" class=\"yoast-schema-graph\">{\"@context\":\"https:\\\/\\\/schema.org\",\"@graph\":[{\"@type\":\"Article\",\"@id\":\"https:\\\/\\\/www.boxrepsol.com\\\/es\\\/red-bull-air-race\\\/una-temporada-historica-juan-velarde-la-red-bull-air-race\\\/#article\",\"isPartOf\":{\"@id\":\"https:\\\/\\\/www.boxrepsol.com\\\/es\\\/red-bull-air-race\\\/una-temporada-historica-juan-velarde-la-red-bull-air-race\\\/\"},\"author\":{\"name\":\"Redacci\u00f3n Box Repsol\",\"@id\":\"https:\\\/\\\/www.boxrepsol.com\\\/es\\\/#\\\/schema\\\/person\\\/c5c2138f2cca251b0ad92b7086bb60b7\"},\"headline\":\"Una temporada hist\u00f3rica para Juan Velarde en la Red Bull Air Race\",\"datePublished\":\"2017-12-15T02:00:00+00:00\",\"dateModified\":\"2024-05-21T08:59:04+00:00\",\"mainEntityOfPage\":{\"@id\":\"https:\\\/\\\/www.boxrepsol.com\\\/es\\\/red-bull-air-race\\\/una-temporada-historica-juan-velarde-la-red-bull-air-race\\\/\"},\"wordCount\":452,\"commentCount\":0,\"publisher\":{\"@id\":\"https:\\\/\\\/www.boxrepsol.com\\\/es\\\/#organization\"},\"image\":{\"@id\":\"https:\\\/\\\/www.boxrepsol.com\\\/es\\\/red-bull-air-race\\\/una-temporada-historica-juan-velarde-la-red-bull-air-race\\\/#primaryimage\"},\"thumbnailUrl\":\"https:\\\/\\\/www.boxrepsol.com\\\/wp-content\\\/uploads\\\/2022\\\/08\\\/00_juan_velarde_repsol_Red_bull_air_race_26.jpg\",\"keywords\":[\"otros eventos y competiciones\"],\"articleSection\":[\"Red Bull Air Race\"],\"inLanguage\":\"es\",\"potentialAction\":[{\"@type\":\"CommentAction\",\"name\":\"Comment\",\"target\":[\"https:\\\/\\\/www.boxrepsol.com\\\/es\\\/red-bull-air-race\\\/una-temporada-historica-juan-velarde-la-red-bull-air-race\\\/#respond\"]}]},{\"@type\":\"WebPage\",\"@id\":\"https:\\\/\\\/www.boxrepsol.com\\\/es\\\/red-bull-air-race\\\/una-temporada-historica-juan-velarde-la-red-bull-air-race\\\/\",\"url\":\"https:\\\/\\\/www.boxrepsol.com\\\/es\\\/red-bull-air-race\\\/una-temporada-historica-juan-velarde-la-red-bull-air-race\\\/\",\"name\":\"Una temporada hist\u00f3rica para Juan Velarde en la Red Bull Air Race - Box Repsol\",\"isPartOf\":{\"@id\":\"https:\\\/\\\/www.boxrepsol.com\\\/es\\\/#website\"},\"primaryImageOfPage\":{\"@id\":\"https:\\\/\\\/www.boxrepsol.com\\\/es\\\/red-bull-air-race\\\/una-temporada-historica-juan-velarde-la-red-bull-air-race\\\/#primaryimage\"},\"image\":{\"@id\":\"https:\\\/\\\/www.boxrepsol.com\\\/es\\\/red-bull-air-race\\\/una-temporada-historica-juan-velarde-la-red-bull-air-race\\\/#primaryimage\"},\"thumbnailUrl\":\"https:\\\/\\\/www.boxrepsol.com\\\/wp-content\\\/uploads\\\/2022\\\/08\\\/00_juan_velarde_repsol_Red_bull_air_race_26.jpg\",\"datePublished\":\"2017-12-15T02:00:00+00:00\",\"dateModified\":\"2024-05-21T08:59:04+00:00\",\"description\":\"El piloto Repsol de vuelo deportivo logra su mejor puntuaci\u00f3n hasta la fecha en esta trepidante competici\u00f3n, la m\u00e1s importante que existe en el mundo.\",\"breadcrumb\":{\"@id\":\"https:\\\/\\\/www.boxrepsol.com\\\/es\\\/red-bull-air-race\\\/una-temporada-historica-juan-velarde-la-red-bull-air-race\\\/#breadcrumb\"},\"inLanguage\":\"es\",\"potentialAction\":[{\"@type\":\"ReadAction\",\"target\":[\"https:\\\/\\\/www.boxrepsol.com\\\/es\\\/red-bull-air-race\\\/una-temporada-historica-juan-velarde-la-red-bull-air-race\\\/\"]}]},{\"@type\":\"ImageObject\",\"inLanguage\":\"es\",\"@id\":\"https:\\\/\\\/www.boxrepsol.com\\\/es\\\/red-bull-air-race\\\/una-temporada-historica-juan-velarde-la-red-bull-air-race\\\/#primaryimage\",\"url\":\"https:\\\/\\\/www.boxrepsol.com\\\/wp-content\\\/uploads\\\/2022\\\/08\\\/00_juan_velarde_repsol_Red_bull_air_race_26.jpg\",\"contentUrl\":\"https:\\\/\\\/www.boxrepsol.com\\\/wp-content\\\/uploads\\\/2022\\\/08\\\/00_juan_velarde_repsol_Red_bull_air_race_26.jpg\",\"width\":995,\"height\":560,\"caption\":\"Juan Velarde saliendo del avi\u00f3n de Vuelo Acrob\u00e1tico\"},{\"@type\":\"BreadcrumbList\",\"@id\":\"https:\\\/\\\/www.boxrepsol.com\\\/es\\\/red-bull-air-race\\\/una-temporada-historica-juan-velarde-la-red-bull-air-race\\\/#breadcrumb\",\"itemListElement\":[{\"@type\":\"ListItem\",\"position\":1,\"name\":\"Home\",\"item\":\"https:\\\/\\\/www.boxrepsol.com\\\/es\\\/\"},{\"@type\":\"ListItem\",\"position\":2,\"name\":\"Una temporada hist\u00f3rica para Juan Velarde en la Red Bull Air Race\"}]},{\"@type\":\"WebSite\",\"@id\":\"https:\\\/\\\/www.boxrepsol.com\\\/es\\\/#website\",\"url\":\"https:\\\/\\\/www.boxrepsol.com\\\/es\\\/\",\"name\":\"Box Repsol\",\"description\":\"Box Repsol Site\",\"publisher\":{\"@id\":\"https:\\\/\\\/www.boxrepsol.com\\\/es\\\/#organization\"},\"potentialAction\":[{\"@type\":\"SearchAction\",\"target\":{\"@type\":\"EntryPoint\",\"urlTemplate\":\"https:\\\/\\\/www.boxrepsol.com\\\/es\\\/?s={search_term_string}\"},\"query-input\":{\"@type\":\"PropertyValueSpecification\",\"valueRequired\":true,\"valueName\":\"search_term_string\"}}],\"inLanguage\":\"es\"},{\"@type\":\"Organization\",\"@id\":\"https:\\\/\\\/www.boxrepsol.com\\\/es\\\/#organization\",\"name\":\"Box Repsol\",\"url\":\"https:\\\/\\\/www.boxrepsol.com\\\/es\\\/\",\"logo\":{\"@type\":\"ImageObject\",\"inLanguage\":\"es\",\"@id\":\"https:\\\/\\\/www.boxrepsol.com\\\/es\\\/#\\\/schema\\\/logo\\\/image\\\/\",\"url\":\"https:\\\/\\\/bxrepsol.s3.eu-west-1.amazonaws.com\\\/static\\\/2025\\\/07\\\/30083337\\\/favicon-96x96-1.png\",\"contentUrl\":\"https:\\\/\\\/bxrepsol.s3.eu-west-1.amazonaws.com\\\/static\\\/2025\\\/07\\\/30083337\\\/favicon-96x96-1.png\",\"width\":96,\"height\":96,\"caption\":\"Box Repsol\"},\"image\":{\"@id\":\"https:\\\/\\\/www.boxrepsol.com\\\/es\\\/#\\\/schema\\\/logo\\\/image\\\/\"},\"sameAs\":[\"https:\\\/\\\/www.facebook.com\\\/BoxRepsol\",\"https:\\\/\\\/x.com\\\/box_repsol\",\"http:\\\/\\\/instagram.com\\\/box_repsol\",\"https:\\\/\\\/www.youtube.com\\\/user\\\/RepsolCompeticion\",\"https:\\\/\\\/www.flickr.com\\\/photos\\\/box_repsol\\\/\"]},{\"@type\":\"Person\",\"@id\":\"https:\\\/\\\/www.boxrepsol.com\\\/es\\\/#\\\/schema\\\/person\\\/c5c2138f2cca251b0ad92b7086bb60b7\",\"name\":\"Redacci\u00f3n Box Repsol\",\"image\":{\"@type\":\"ImageObject\",\"inLanguage\":\"es\",\"@id\":\"https:\\\/\\\/secure.gravatar.com\\\/avatar\\\/adf7b77e38b4419baf32c7e9c21dde01f4e40df611f0978e3006fc4ba0aaab7e?s=96&d=mm&r=g\",\"url\":\"https:\\\/\\\/secure.gravatar.com\\\/avatar\\\/adf7b77e38b4419baf32c7e9c21dde01f4e40df611f0978e3006fc4ba0aaab7e?s=96&d=mm&r=g\",\"contentUrl\":\"https:\\\/\\\/secure.gravatar.com\\\/avatar\\\/adf7b77e38b4419baf32c7e9c21dde01f4e40df611f0978e3006fc4ba0aaab7e?s=96&d=mm&r=g\",\"caption\":\"Redacci\u00f3n Box Repsol\"},\"description\":\"Box Repsol lo forma un equipo de periodistas, community managers, dise\u00f1adores y fot\u00f3grafos con m\u00e1s de 20 a\u00f1os de experiencia en el mundo del motorsport. Hemos vivido el primer mundial de un espa\u00f1ol en la categor\u00eda reina de motociclismo con \u00c1lex Crivill\u00e9, estuvimos en las victorias de Pedrosa y los t\u00edtulos de M\u00e1rquez, acompa\u00f1amos en \u00c1frica a Nani Roma y Marc Coma en sus conquistas del Dakar y hemos vibrado con los t\u00edtulos de Toni Bou en Trial. Adem\u00e1s, en nuestro equipo contamos con expertos en el mundo de las dos y cuatro ruedas tanto de la calle y las carreteras, como de los circuitos. Periodistas que han trabajado en revistas y publicaciones para hacerte llegar desde rutas y consejos de mantenimiento, a curiosidades y trucos de pilotaje.\",\"sameAs\":[\"https:\\\/\\\/www.facebook.com\\\/BoxRepsol\\\/\",\"https:\\\/\\\/www.instagram.com\\\/box_repsol\\\/\",\"https:\\\/\\\/x.com\\\/https:\\\/\\\/twitter.com\\\/box_repsol\",\"https:\\\/\\\/www.youtube.com\\\/@Boxrepsol\"],\"url\":\"https:\\\/\\\/www.boxrepsol.com\\\/es\\\/author\\\/redaccion-box-repsol\\\/\"}]}<\/script>\n<!-- \/ Yoast SEO plugin. -->","yoast_head_json":{"title":"Una temporada hist\u00f3rica para Juan Velarde en la Red Bull Air Race - Box Repsol","description":"El piloto Repsol de vuelo deportivo logra su mejor puntuaci\u00f3n hasta la fecha en esta trepidante competici\u00f3n, la m\u00e1s importante que existe en el mundo.","canonical":"https:\/\/www.boxrepsol.com\/es\/red-bull-air-race\/una-temporada-historica-juan-velarde-la-red-bull-air-race\/","og_locale":"es_ES","og_type":"article","og_title":"Una temporada hist\u00f3rica para Juan Velarde en la Red Bull Air Race - Box Repsol","og_description":"El piloto Repsol de vuelo deportivo logra su mejor puntuaci\u00f3n hasta la fecha en esta trepidante competici\u00f3n, la m\u00e1s importante que existe en el mundo.","og_url":"https:\/\/www.boxrepsol.com\/es\/red-bull-air-race\/una-temporada-historica-juan-velarde-la-red-bull-air-race\/","og_site_name":"Box Repsol","article_publisher":"https:\/\/www.facebook.com\/BoxRepsol","article_author":"https:\/\/www.facebook.com\/BoxRepsol\/","article_published_time":"2017-12-15T02:00:00+00:00","article_modified_time":"2024-05-21T08:59:04+00:00","og_image":[{"width":995,"height":560,"url":"https:\/\/www.boxrepsol.com\/wp-content\/uploads\/2022\/08\/00_juan_velarde_repsol_Red_bull_air_race_26.jpg","type":"image\/jpeg"}],"author":"Redacci\u00f3n Box Repsol","twitter_card":"summary_large_image","twitter_creator":"@https:\/\/twitter.com\/box_repsol","twitter_site":"@box_repsol","twitter_misc":{"Written by":"Redacci\u00f3n Box Repsol","Est. reading time":"2 minutos"},"schema":{"@context":"https:\/\/schema.org","@graph":[{"@type":"Article","@id":"https:\/\/www.boxrepsol.com\/es\/red-bull-air-race\/una-temporada-historica-juan-velarde-la-red-bull-air-race\/#article","isPartOf":{"@id":"https:\/\/www.boxrepsol.com\/es\/red-bull-air-race\/una-temporada-historica-juan-velarde-la-red-bull-air-race\/"},"author":{"name":"Redacci\u00f3n Box Repsol","@id":"https:\/\/www.boxrepsol.com\/es\/#\/schema\/person\/c5c2138f2cca251b0ad92b7086bb60b7"},"headline":"Una temporada hist\u00f3rica para Juan Velarde en la Red Bull Air Race","datePublished":"2017-12-15T02:00:00+00:00","dateModified":"2024-05-21T08:59:04+00:00","mainEntityOfPage":{"@id":"https:\/\/www.boxrepsol.com\/es\/red-bull-air-race\/una-temporada-historica-juan-velarde-la-red-bull-air-race\/"},"wordCount":452,"commentCount":0,"publisher":{"@id":"https:\/\/www.boxrepsol.com\/es\/#organization"},"image":{"@id":"https:\/\/www.boxrepsol.com\/es\/red-bull-air-race\/una-temporada-historica-juan-velarde-la-red-bull-air-race\/#primaryimage"},"thumbnailUrl":"https:\/\/www.boxrepsol.com\/wp-content\/uploads\/2022\/08\/00_juan_velarde_repsol_Red_bull_air_race_26.jpg","keywords":["otros eventos y competiciones"],"articleSection":["Red Bull Air Race"],"inLanguage":"es","potentialAction":[{"@type":"CommentAction","name":"Comment","target":["https:\/\/www.boxrepsol.com\/es\/red-bull-air-race\/una-temporada-historica-juan-velarde-la-red-bull-air-race\/#respond"]}]},{"@type":"WebPage","@id":"https:\/\/www.boxrepsol.com\/es\/red-bull-air-race\/una-temporada-historica-juan-velarde-la-red-bull-air-race\/","url":"https:\/\/www.boxrepsol.com\/es\/red-bull-air-race\/una-temporada-historica-juan-velarde-la-red-bull-air-race\/","name":"Una temporada hist\u00f3rica para Juan Velarde en la Red Bull Air Race - Box Repsol","isPartOf":{"@id":"https:\/\/www.boxrepsol.com\/es\/#website"},"primaryImageOfPage":{"@id":"https:\/\/www.boxrepsol.com\/es\/red-bull-air-race\/una-temporada-historica-juan-velarde-la-red-bull-air-race\/#primaryimage"},"image":{"@id":"https:\/\/www.boxrepsol.com\/es\/red-bull-air-race\/una-temporada-historica-juan-velarde-la-red-bull-air-race\/#primaryimage"},"thumbnailUrl":"https:\/\/www.boxrepsol.com\/wp-content\/uploads\/2022\/08\/00_juan_velarde_repsol_Red_bull_air_race_26.jpg","datePublished":"2017-12-15T02:00:00+00:00","dateModified":"2024-05-21T08:59:04+00:00","description":"El piloto Repsol de vuelo deportivo logra su mejor puntuaci\u00f3n hasta la fecha en esta trepidante competici\u00f3n, la m\u00e1s importante que existe en el mundo.","breadcrumb":{"@id":"https:\/\/www.boxrepsol.com\/es\/red-bull-air-race\/una-temporada-historica-juan-velarde-la-red-bull-air-race\/#breadcrumb"},"inLanguage":"es","potentialAction":[{"@type":"ReadAction","target":["https:\/\/www.boxrepsol.com\/es\/red-bull-air-race\/una-temporada-historica-juan-velarde-la-red-bull-air-race\/"]}]},{"@type":"ImageObject","inLanguage":"es","@id":"https:\/\/www.boxrepsol.com\/es\/red-bull-air-race\/una-temporada-historica-juan-velarde-la-red-bull-air-race\/#primaryimage","url":"https:\/\/www.boxrepsol.com\/wp-content\/uploads\/2022\/08\/00_juan_velarde_repsol_Red_bull_air_race_26.jpg","contentUrl":"https:\/\/www.boxrepsol.com\/wp-content\/uploads\/2022\/08\/00_juan_velarde_repsol_Red_bull_air_race_26.jpg","width":995,"height":560,"caption":"Juan Velarde saliendo del avi\u00f3n de Vuelo Acrob\u00e1tico"},{"@type":"BreadcrumbList","@id":"https:\/\/www.boxrepsol.com\/es\/red-bull-air-race\/una-temporada-historica-juan-velarde-la-red-bull-air-race\/#breadcrumb","itemListElement":[{"@type":"ListItem","position":1,"name":"Home","item":"https:\/\/www.boxrepsol.com\/es\/"},{"@type":"ListItem","position":2,"name":"Una temporada hist\u00f3rica para Juan Velarde en la Red Bull Air Race"}]},{"@type":"WebSite","@id":"https:\/\/www.boxrepsol.com\/es\/#website","url":"https:\/\/www.boxrepsol.com\/es\/","name":"Box Repsol","description":"Box Repsol Site","publisher":{"@id":"https:\/\/www.boxrepsol.com\/es\/#organization"},"potentialAction":[{"@type":"SearchAction","target":{"@type":"EntryPoint","urlTemplate":"https:\/\/www.boxrepsol.com\/es\/?s={search_term_string}"},"query-input":{"@type":"PropertyValueSpecification","valueRequired":true,"valueName":"search_term_string"}}],"inLanguage":"es"},{"@type":"Organization","@id":"https:\/\/www.boxrepsol.com\/es\/#organization","name":"Box Repsol","url":"https:\/\/www.boxrepsol.com\/es\/","logo":{"@type":"ImageObject","inLanguage":"es","@id":"https:\/\/www.boxrepsol.com\/es\/#\/schema\/logo\/image\/","url":"https:\/\/bxrepsol.s3.eu-west-1.amazonaws.com\/static\/2025\/07\/30083337\/favicon-96x96-1.png","contentUrl":"https:\/\/bxrepsol.s3.eu-west-1.amazonaws.com\/static\/2025\/07\/30083337\/favicon-96x96-1.png","width":96,"height":96,"caption":"Box Repsol"},"image":{"@id":"https:\/\/www.boxrepsol.com\/es\/#\/schema\/logo\/image\/"},"sameAs":["https:\/\/www.facebook.com\/BoxRepsol","https:\/\/x.com\/box_repsol","http:\/\/instagram.com\/box_repsol","https:\/\/www.youtube.com\/user\/RepsolCompeticion","https:\/\/www.flickr.com\/photos\/box_repsol\/"]},{"@type":"Person","@id":"https:\/\/www.boxrepsol.com\/es\/#\/schema\/person\/c5c2138f2cca251b0ad92b7086bb60b7","name":"Redacci\u00f3n Box Repsol","image":{"@type":"ImageObject","inLanguage":"es","@id":"https:\/\/secure.gravatar.com\/avatar\/adf7b77e38b4419baf32c7e9c21dde01f4e40df611f0978e3006fc4ba0aaab7e?s=96&d=mm&r=g","url":"https:\/\/secure.gravatar.com\/avatar\/adf7b77e38b4419baf32c7e9c21dde01f4e40df611f0978e3006fc4ba0aaab7e?s=96&d=mm&r=g","contentUrl":"https:\/\/secure.gravatar.com\/avatar\/adf7b77e38b4419baf32c7e9c21dde01f4e40df611f0978e3006fc4ba0aaab7e?s=96&d=mm&r=g","caption":"Redacci\u00f3n Box Repsol"},"description":"Box Repsol lo forma un equipo de periodistas, community managers, dise\u00f1adores y fot\u00f3grafos con m\u00e1s de 20 a\u00f1os de experiencia en el mundo del motorsport. Hemos vivido el primer mundial de un espa\u00f1ol en la categor\u00eda reina de motociclismo con \u00c1lex Crivill\u00e9, estuvimos en las victorias de Pedrosa y los t\u00edtulos de M\u00e1rquez, acompa\u00f1amos en \u00c1frica a Nani Roma y Marc Coma en sus conquistas del Dakar y hemos vibrado con los t\u00edtulos de Toni Bou en Trial. Adem\u00e1s, en nuestro equipo contamos con expertos en el mundo de las dos y cuatro ruedas tanto de la calle y las carreteras, como de los circuitos. Periodistas que han trabajado en revistas y publicaciones para hacerte llegar desde rutas y consejos de mantenimiento, a curiosidades y trucos de pilotaje.","sameAs":["https:\/\/www.facebook.com\/BoxRepsol\/","https:\/\/www.instagram.com\/box_repsol\/","https:\/\/x.com\/https:\/\/twitter.com\/box_repsol","https:\/\/www.youtube.com\/@Boxrepsol"],"url":"https:\/\/www.boxrepsol.com\/es\/author\/redaccion-box-repsol\/"}]}},"_links":{"self":[{"href":"https:\/\/www.boxrepsol.com\/es\/wp-json\/wp\/v2\/posts\/92291","targetHints":{"allow":["GET"]}}],"collection":[{"href":"https:\/\/www.boxrepsol.com\/es\/wp-json\/wp\/v2\/posts"}],"about":[{"href":"https:\/\/www.boxrepsol.com\/es\/wp-json\/wp\/v2\/types\/post"}],"author":[{"embeddable":true,"href":"https:\/\/www.boxrepsol.com\/es\/wp-json\/wp\/v2\/users\/43146"}],"replies":[{"embeddable":true,"href":"https:\/\/www.boxrepsol.com\/es\/wp-json\/wp\/v2\/comments?post=92291"}],"version-history":[{"count":1,"href":"https:\/\/www.boxrepsol.com\/es\/wp-json\/wp\/v2\/posts\/92291\/revisions"}],"predecessor-version":[{"id":92292,"href":"https:\/\/www.boxrepsol.com\/es\/wp-json\/wp\/v2\/posts\/92291\/revisions\/92292"}],"wp:featuredmedia":[{"embeddable":true,"href":"https:\/\/www.boxrepsol.com\/es\/wp-json\/wp\/v2\/media\/87263"}],"wp:attachment":[{"href":"https:\/\/www.boxrepsol.com\/es\/wp-json\/wp\/v2\/media?parent=92291"}],"wp:term":[{"taxonomy":"category","embeddable":true,"href":"https:\/\/www.boxrepsol.com\/es\/wp-json\/wp\/v2\/categories?post=92291"},{"taxonomy":"post_tag","embeddable":true,"href":"https:\/\/www.boxrepsol.com\/es\/wp-json\/wp\/v2\/tags?post=92291"}],"curies":[{"name":"wp","href":"https:\/\/api.w.org\/{rel}","templated":true}]}}