{"id":92264,"date":"2020-11-26T00:00:00","date_gmt":"2020-11-26T02:00:00","guid":{"rendered":"http:\/\/pre.boxrepsol.com\/sin-categorizar\/como-cuidar-moto-invierno\/"},"modified":"2024-04-19T06:48:24","modified_gmt":"2024-04-19T08:48:24","slug":"como-cuidar-moto-invierno","status":"publish","type":"post","link":"https:\/\/www.boxrepsol.com\/es\/tecnologia\/como-cuidar-moto-invierno\/","title":{"rendered":"C\u00f3mo cuidar tu moto en invierno"},"content":{"rendered":"\n<p>Es posible que en invierno no utilices la moto a diario. En caso de tener que dejarla aparcada, o a la hora de guardarla por la noche, es desde luego mejor que quede bajo techada o en un garaje. Si no hay soluci\u00f3n y debe quedar a la intemperie, lo ideal es abrigarla con una funda impermeable.<\/p>\n\n\n\n<p>Incluso en el interior del garaje es recomendable cubrirla con un cobertor que la resguarde del polvo y la suciedad.<\/p>\n\n\n\n<p><\/p>\n\n\n\n<p>Si va a estar parada unos d\u00edas, dado que cuando hace fr\u00edo se descarga m\u00e1s f\u00e1cilmente, es mejor desconectar la bater\u00eda. Con <strong>desenchufar los cables de los bornes<\/strong> es suficiente, pero es a\u00fan mejor utilizar un cargador con programa de mantenimiento.<\/p>\n\n\n\n<p>Si has hibernado la moto, antes de arrancarla es conveniente vigilar que la moto mantenga su <strong>nivel \u00f3ptimo de anticongelante<\/strong> en el radiador y en el circuito refrigerante.<\/p>\n\n\n\n<p>Recuerda que el <strong>agua pura puede haberse congelado<\/strong> hasta reventar el circuito de refrigeraci\u00f3n y\/o el radiador.<\/p>\n\n\n\n<p>Moverse durante la temporada de invierno es particularmente arriesgado si no se ha revisado el<strong> estado general de los neum\u00e1ticos<\/strong>.<\/p>\n\n\n\n<p><strong>Comprueba si conservan su dibujo<\/strong>, y aseg\u00farate de que no est\u00e9n deshinchados, ya que con el fr\u00edo los neum\u00e1ticos \u201cperder\u00e1n presi\u00f3n\u201d.<\/p>\n\n\n\n<figure class=\"wp-block-image\"><img decoding=\"async\" src=\"https:\/\/bxrepsol.s3.eu-west-1.amazonaws.com\/static\/2022\/08\/29074542\/mantenimiento_invierno_2_repsol-2.png\" alt=\"\"\/><figcaption class=\"wp-element-caption\">Mantenimiento neum\u00e1tico en invierno<\/figcaption><\/figure>\n\n\n\n<p>Adem\u00e1s, el <strong>l\u00edquido de frenos<\/strong> es hidr\u00f3filo y tiende a aguarse. Esta humedad, al calentarse causa burbujas que perturban el buen tacto de los mandos.<\/p>\n\n\n\n<p>As\u00ed, antes de poner en marcha la moto, aseg\u00farate de que los<strong> circuitos de frenada<\/strong> mantienen su presi\u00f3n y \u201cno han cogido aire\u201d.<\/p>\n\n\n\n<p>Durante temporada invernal, algunos elementos de nuestra motocicleta requerir\u00e1n mayor dedicaci\u00f3n: el clima fr\u00edo y h\u00famedo puede oxidar m\u00e1s r\u00e1pido ciertas partes de la moto.<\/p>\n\n\n\n<p>Ser\u00e1 bueno arrancarla peri\u00f3dicamente para esquivar condensaciones.<\/p>\n\n\n\n<p>Aunque s\u00ed es conveniente <strong>poner el motor en marcha unos momentos antes de iniciar la marcha<\/strong>, no es sin embargo beneficioso tenerla al ralent\u00ed largo tiempo\u2026<\/p>\n\n\n\n<p>Ya en marcha, <strong>calienta tambi\u00e9n neum\u00e1ticos y frenos<\/strong>.<\/p>\n\n\n\n<p>Pero no lo hagas con peligrosos giros bruscos.<\/p>\n\n\n\n<p>Las oscilaciones o balanceos que hacen los pilotos en las vueltas de calentamiento o \u201cwarm-up\u201d de las carreras son m\u00e1s para coger confianza y por h\u00e1bito (antes hab\u00eda que quitar la \u201ccera\u201d superficial de las gomas nuevas) que para calentarlas de verdad.<\/p>\n\n\n\n<p>Los neum\u00e1ticos cogen temperatura, en realidad, mediante aceleraciones importantes y el progresivo rozamiento en las curvas.<\/p>\n\n\n\n<p><\/p>\n\n\n\n<p>En temporada invernal, m\u00e1s proclive al agua y a la suciedad acumulada en el asfalto, es necesario extremar tambi\u00e9n el cuidado y mantenimiento de la cadena.<\/p>\n\n\n\n<p>Durante el invierno hay que contar con que en caso de nevadas suele echarse sal a las carreteras.<\/p>\n\n\n\n<p>El consejo ser\u00e1 el mismo si usas la moto en zonas cercanas al mar. La sal acelera de manera extraordinaria la oxidaci\u00f3n de algunas partes de la moto: <strong>l\u00e1vala de inmediato tras recorrer asfalto \u201csalado\u201d<\/strong>, y muy a menudo si la estacionas cerca de la playa.<\/p>\n\n\n\n<p>\u00bfQu\u00e9 haces t\u00fa para cuidar tu moto durante los meses de fr\u00edo? \u00a1Nos interesan todos vuestros trucos!<\/p>\n\n\n\n<p>Foto cabecera:&nbsp;Johan Viirok | Flickr<\/p>\n","protected":false},"excerpt":{"rendered":"<p>El mantenimiento de una moto es sencillo, pero en invierno la cosa se puede complicar por culpa de un clima poco favorable. Este post explica c\u00f3mo prevenir y solventar los problemas del mantenimiento de una moto en la estaci\u00f3n m\u00e1s fr\u00eda del a\u00f1o.<\/p>\n","protected":false},"author":43146,"featured_media":92266,"comment_status":"open","ping_status":"open","sticky":false,"template":"","format":"standard","meta":{"footnotes":""},"categories":[3],"tags":[162],"class_list":["post-92264","post","type-post","status-publish","format-standard","hentry","category-tecnologia","tag-cuidados-y-mantenimiento-de-la-moto"],"yoast_head":"<!-- This site is optimized with the Yoast SEO plugin v27.3 - https:\/\/yoast.com\/product\/yoast-seo-wordpress\/ -->\n<title>Mantenimiento de tu moto en invierno: los necesarios cuidados invernales<\/title>\n<meta name=\"description\" content=\"Es posible que en invierno no utilices la moto a diario. En caso de tener que dejarla aparcada, o a la hora de guardarla por la noche, es desde luego\" \/>\n<link rel=\"canonical\" href=\"https:\/\/www.boxrepsol.com\/es\/tecnologia\/como-cuidar-moto-invierno\/\" \/>\n<meta property=\"og:locale\" content=\"es_ES\" \/>\n<meta property=\"og:type\" content=\"article\" \/>\n<meta property=\"og:title\" content=\"Mantenimiento de tu moto en invierno: los necesarios cuidados invernales\" \/>\n<meta property=\"og:description\" content=\"Es posible que en invierno no utilices la moto a diario. En caso de tener que dejarla aparcada, o a la hora de guardarla por la noche, es desde luego\" \/>\n<meta property=\"og:url\" content=\"https:\/\/www.boxrepsol.com\/es\/tecnologia\/como-cuidar-moto-invierno\/\" \/>\n<meta property=\"og:site_name\" content=\"Box Repsol\" \/>\n<meta property=\"article:publisher\" content=\"https:\/\/www.facebook.com\/BoxRepsol\" \/>\n<meta property=\"article:author\" content=\"https:\/\/www.facebook.com\/BoxRepsol\/\" \/>\n<meta property=\"article:published_time\" content=\"2020-11-26T02:00:00+00:00\" \/>\n<meta property=\"article:modified_time\" content=\"2024-04-19T08:48:24+00:00\" \/>\n<meta property=\"og:image\" content=\"https:\/\/bxrepsol.s3.eu-west-1.amazonaws.com\/static\/2023\/02\/24101055\/mantenimiento_invierno_header_johan_viirok_flickr2.jpg\" \/>\n\t<meta property=\"og:image:width\" content=\"986\" \/>\n\t<meta property=\"og:image:height\" content=\"555\" \/>\n\t<meta property=\"og:image:type\" content=\"image\/jpeg\" \/>\n<meta name=\"author\" content=\"Redacci\u00f3n Box Repsol\" \/>\n<meta name=\"twitter:card\" content=\"summary_large_image\" \/>\n<meta name=\"twitter:creator\" content=\"@https:\/\/twitter.com\/box_repsol\" \/>\n<meta name=\"twitter:site\" content=\"@box_repsol\" \/>\n<meta name=\"twitter:label1\" content=\"Written by\" \/>\n\t<meta name=\"twitter:data1\" content=\"Redacci\u00f3n Box Repsol\" \/>\n\t<meta name=\"twitter:label2\" content=\"Est. reading time\" \/>\n\t<meta name=\"twitter:data2\" content=\"3 minutos\" \/>\n<script type=\"application\/ld+json\" class=\"yoast-schema-graph\">{\"@context\":\"https:\\\/\\\/schema.org\",\"@graph\":[{\"@type\":\"Article\",\"@id\":\"https:\\\/\\\/www.boxrepsol.com\\\/es\\\/tecnologia\\\/como-cuidar-moto-invierno\\\/#article\",\"isPartOf\":{\"@id\":\"https:\\\/\\\/www.boxrepsol.com\\\/es\\\/tecnologia\\\/como-cuidar-moto-invierno\\\/\"},\"author\":{\"name\":\"Redacci\u00f3n Box Repsol\",\"@id\":\"https:\\\/\\\/www.boxrepsol.com\\\/es\\\/#\\\/schema\\\/person\\\/c5c2138f2cca251b0ad92b7086bb60b7\"},\"headline\":\"C\u00f3mo cuidar tu moto en invierno\",\"datePublished\":\"2020-11-26T02:00:00+00:00\",\"dateModified\":\"2024-04-19T08:48:24+00:00\",\"mainEntityOfPage\":{\"@id\":\"https:\\\/\\\/www.boxrepsol.com\\\/es\\\/tecnologia\\\/como-cuidar-moto-invierno\\\/\"},\"wordCount\":548,\"commentCount\":0,\"publisher\":{\"@id\":\"https:\\\/\\\/www.boxrepsol.com\\\/es\\\/#organization\"},\"image\":{\"@id\":\"https:\\\/\\\/www.boxrepsol.com\\\/es\\\/tecnologia\\\/como-cuidar-moto-invierno\\\/#primaryimage\"},\"thumbnailUrl\":\"https:\\\/\\\/bxrepsol.s3.eu-west-1.amazonaws.com\\\/static\\\/2023\\\/02\\\/24101055\\\/mantenimiento_invierno_header_johan_viirok_flickr2.jpg\",\"keywords\":[\"cuidados y mantenimiento de la moto\"],\"articleSection\":[\"Tecnologia\"],\"inLanguage\":\"es\",\"potentialAction\":[{\"@type\":\"CommentAction\",\"name\":\"Comment\",\"target\":[\"https:\\\/\\\/www.boxrepsol.com\\\/es\\\/tecnologia\\\/como-cuidar-moto-invierno\\\/#respond\"]}]},{\"@type\":\"WebPage\",\"@id\":\"https:\\\/\\\/www.boxrepsol.com\\\/es\\\/tecnologia\\\/como-cuidar-moto-invierno\\\/\",\"url\":\"https:\\\/\\\/www.boxrepsol.com\\\/es\\\/tecnologia\\\/como-cuidar-moto-invierno\\\/\",\"name\":\"Mantenimiento de tu moto en invierno: los necesarios cuidados invernales\",\"isPartOf\":{\"@id\":\"https:\\\/\\\/www.boxrepsol.com\\\/es\\\/#website\"},\"primaryImageOfPage\":{\"@id\":\"https:\\\/\\\/www.boxrepsol.com\\\/es\\\/tecnologia\\\/como-cuidar-moto-invierno\\\/#primaryimage\"},\"image\":{\"@id\":\"https:\\\/\\\/www.boxrepsol.com\\\/es\\\/tecnologia\\\/como-cuidar-moto-invierno\\\/#primaryimage\"},\"thumbnailUrl\":\"https:\\\/\\\/bxrepsol.s3.eu-west-1.amazonaws.com\\\/static\\\/2023\\\/02\\\/24101055\\\/mantenimiento_invierno_header_johan_viirok_flickr2.jpg\",\"datePublished\":\"2020-11-26T02:00:00+00:00\",\"dateModified\":\"2024-04-19T08:48:24+00:00\",\"description\":\"Es posible que en invierno no utilices la moto a diario. En caso de tener que dejarla aparcada, o a la hora de guardarla por la noche, es desde luego\",\"breadcrumb\":{\"@id\":\"https:\\\/\\\/www.boxrepsol.com\\\/es\\\/tecnologia\\\/como-cuidar-moto-invierno\\\/#breadcrumb\"},\"inLanguage\":\"es\",\"potentialAction\":[{\"@type\":\"ReadAction\",\"target\":[\"https:\\\/\\\/www.boxrepsol.com\\\/es\\\/tecnologia\\\/como-cuidar-moto-invierno\\\/\"]}]},{\"@type\":\"ImageObject\",\"inLanguage\":\"es\",\"@id\":\"https:\\\/\\\/www.boxrepsol.com\\\/es\\\/tecnologia\\\/como-cuidar-moto-invierno\\\/#primaryimage\",\"url\":\"https:\\\/\\\/bxrepsol.s3.eu-west-1.amazonaws.com\\\/static\\\/2023\\\/02\\\/24101055\\\/mantenimiento_invierno_header_johan_viirok_flickr2.jpg\",\"contentUrl\":\"https:\\\/\\\/bxrepsol.s3.eu-west-1.amazonaws.com\\\/static\\\/2023\\\/02\\\/24101055\\\/mantenimiento_invierno_header_johan_viirok_flickr2.jpg\",\"width\":986,\"height\":555},{\"@type\":\"BreadcrumbList\",\"@id\":\"https:\\\/\\\/www.boxrepsol.com\\\/es\\\/tecnologia\\\/como-cuidar-moto-invierno\\\/#breadcrumb\",\"itemListElement\":[{\"@type\":\"ListItem\",\"position\":1,\"name\":\"Home\",\"item\":\"https:\\\/\\\/www.boxrepsol.com\\\/es\\\/\"},{\"@type\":\"ListItem\",\"position\":2,\"name\":\"C\u00f3mo cuidar tu moto en invierno\"}]},{\"@type\":\"WebSite\",\"@id\":\"https:\\\/\\\/www.boxrepsol.com\\\/es\\\/#website\",\"url\":\"https:\\\/\\\/www.boxrepsol.com\\\/es\\\/\",\"name\":\"Box Repsol\",\"description\":\"Box Repsol Site\",\"publisher\":{\"@id\":\"https:\\\/\\\/www.boxrepsol.com\\\/es\\\/#organization\"},\"potentialAction\":[{\"@type\":\"SearchAction\",\"target\":{\"@type\":\"EntryPoint\",\"urlTemplate\":\"https:\\\/\\\/www.boxrepsol.com\\\/es\\\/?s={search_term_string}\"},\"query-input\":{\"@type\":\"PropertyValueSpecification\",\"valueRequired\":true,\"valueName\":\"search_term_string\"}}],\"inLanguage\":\"es\"},{\"@type\":\"Organization\",\"@id\":\"https:\\\/\\\/www.boxrepsol.com\\\/es\\\/#organization\",\"name\":\"Box Repsol\",\"url\":\"https:\\\/\\\/www.boxrepsol.com\\\/es\\\/\",\"logo\":{\"@type\":\"ImageObject\",\"inLanguage\":\"es\",\"@id\":\"https:\\\/\\\/www.boxrepsol.com\\\/es\\\/#\\\/schema\\\/logo\\\/image\\\/\",\"url\":\"https:\\\/\\\/bxrepsol.s3.eu-west-1.amazonaws.com\\\/static\\\/2025\\\/07\\\/30083337\\\/favicon-96x96-1.png\",\"contentUrl\":\"https:\\\/\\\/bxrepsol.s3.eu-west-1.amazonaws.com\\\/static\\\/2025\\\/07\\\/30083337\\\/favicon-96x96-1.png\",\"width\":96,\"height\":96,\"caption\":\"Box Repsol\"},\"image\":{\"@id\":\"https:\\\/\\\/www.boxrepsol.com\\\/es\\\/#\\\/schema\\\/logo\\\/image\\\/\"},\"sameAs\":[\"https:\\\/\\\/www.facebook.com\\\/BoxRepsol\",\"https:\\\/\\\/x.com\\\/box_repsol\",\"http:\\\/\\\/instagram.com\\\/box_repsol\",\"https:\\\/\\\/www.youtube.com\\\/user\\\/RepsolCompeticion\",\"https:\\\/\\\/www.flickr.com\\\/photos\\\/box_repsol\\\/\"]},{\"@type\":\"Person\",\"@id\":\"https:\\\/\\\/www.boxrepsol.com\\\/es\\\/#\\\/schema\\\/person\\\/c5c2138f2cca251b0ad92b7086bb60b7\",\"name\":\"Redacci\u00f3n Box Repsol\",\"image\":{\"@type\":\"ImageObject\",\"inLanguage\":\"es\",\"@id\":\"https:\\\/\\\/secure.gravatar.com\\\/avatar\\\/adf7b77e38b4419baf32c7e9c21dde01f4e40df611f0978e3006fc4ba0aaab7e?s=96&d=mm&r=g\",\"url\":\"https:\\\/\\\/secure.gravatar.com\\\/avatar\\\/adf7b77e38b4419baf32c7e9c21dde01f4e40df611f0978e3006fc4ba0aaab7e?s=96&d=mm&r=g\",\"contentUrl\":\"https:\\\/\\\/secure.gravatar.com\\\/avatar\\\/adf7b77e38b4419baf32c7e9c21dde01f4e40df611f0978e3006fc4ba0aaab7e?s=96&d=mm&r=g\",\"caption\":\"Redacci\u00f3n Box Repsol\"},\"description\":\"Box Repsol lo forma un equipo de periodistas, community managers, dise\u00f1adores y fot\u00f3grafos con m\u00e1s de 20 a\u00f1os de experiencia en el mundo del motorsport. Hemos vivido el primer mundial de un espa\u00f1ol en la categor\u00eda reina de motociclismo con \u00c1lex Crivill\u00e9, estuvimos en las victorias de Pedrosa y los t\u00edtulos de M\u00e1rquez, acompa\u00f1amos en \u00c1frica a Nani Roma y Marc Coma en sus conquistas del Dakar y hemos vibrado con los t\u00edtulos de Toni Bou en Trial. Adem\u00e1s, en nuestro equipo contamos con expertos en el mundo de las dos y cuatro ruedas tanto de la calle y las carreteras, como de los circuitos. Periodistas que han trabajado en revistas y publicaciones para hacerte llegar desde rutas y consejos de mantenimiento, a curiosidades y trucos de pilotaje.\",\"sameAs\":[\"https:\\\/\\\/www.facebook.com\\\/BoxRepsol\\\/\",\"https:\\\/\\\/www.instagram.com\\\/box_repsol\\\/\",\"https:\\\/\\\/x.com\\\/https:\\\/\\\/twitter.com\\\/box_repsol\",\"https:\\\/\\\/www.youtube.com\\\/@Boxrepsol\"],\"url\":\"https:\\\/\\\/www.boxrepsol.com\\\/es\\\/author\\\/redaccion-box-repsol\\\/\"}]}<\/script>\n<!-- \/ Yoast SEO plugin. -->","yoast_head_json":{"title":"Mantenimiento de tu moto en invierno: los necesarios cuidados invernales","description":"Es posible que en invierno no utilices la moto a diario. En caso de tener que dejarla aparcada, o a la hora de guardarla por la noche, es desde luego","canonical":"https:\/\/www.boxrepsol.com\/es\/tecnologia\/como-cuidar-moto-invierno\/","og_locale":"es_ES","og_type":"article","og_title":"Mantenimiento de tu moto en invierno: los necesarios cuidados invernales","og_description":"Es posible que en invierno no utilices la moto a diario. En caso de tener que dejarla aparcada, o a la hora de guardarla por la noche, es desde luego","og_url":"https:\/\/www.boxrepsol.com\/es\/tecnologia\/como-cuidar-moto-invierno\/","og_site_name":"Box Repsol","article_publisher":"https:\/\/www.facebook.com\/BoxRepsol","article_author":"https:\/\/www.facebook.com\/BoxRepsol\/","article_published_time":"2020-11-26T02:00:00+00:00","article_modified_time":"2024-04-19T08:48:24+00:00","og_image":[{"width":986,"height":555,"url":"https:\/\/bxrepsol.s3.eu-west-1.amazonaws.com\/static\/2023\/02\/24101055\/mantenimiento_invierno_header_johan_viirok_flickr2.jpg","type":"image\/jpeg"}],"author":"Redacci\u00f3n Box Repsol","twitter_card":"summary_large_image","twitter_creator":"@https:\/\/twitter.com\/box_repsol","twitter_site":"@box_repsol","twitter_misc":{"Written by":"Redacci\u00f3n Box Repsol","Est. reading time":"3 minutos"},"schema":{"@context":"https:\/\/schema.org","@graph":[{"@type":"Article","@id":"https:\/\/www.boxrepsol.com\/es\/tecnologia\/como-cuidar-moto-invierno\/#article","isPartOf":{"@id":"https:\/\/www.boxrepsol.com\/es\/tecnologia\/como-cuidar-moto-invierno\/"},"author":{"name":"Redacci\u00f3n Box Repsol","@id":"https:\/\/www.boxrepsol.com\/es\/#\/schema\/person\/c5c2138f2cca251b0ad92b7086bb60b7"},"headline":"C\u00f3mo cuidar tu moto en invierno","datePublished":"2020-11-26T02:00:00+00:00","dateModified":"2024-04-19T08:48:24+00:00","mainEntityOfPage":{"@id":"https:\/\/www.boxrepsol.com\/es\/tecnologia\/como-cuidar-moto-invierno\/"},"wordCount":548,"commentCount":0,"publisher":{"@id":"https:\/\/www.boxrepsol.com\/es\/#organization"},"image":{"@id":"https:\/\/www.boxrepsol.com\/es\/tecnologia\/como-cuidar-moto-invierno\/#primaryimage"},"thumbnailUrl":"https:\/\/bxrepsol.s3.eu-west-1.amazonaws.com\/static\/2023\/02\/24101055\/mantenimiento_invierno_header_johan_viirok_flickr2.jpg","keywords":["cuidados y mantenimiento de la moto"],"articleSection":["Tecnologia"],"inLanguage":"es","potentialAction":[{"@type":"CommentAction","name":"Comment","target":["https:\/\/www.boxrepsol.com\/es\/tecnologia\/como-cuidar-moto-invierno\/#respond"]}]},{"@type":"WebPage","@id":"https:\/\/www.boxrepsol.com\/es\/tecnologia\/como-cuidar-moto-invierno\/","url":"https:\/\/www.boxrepsol.com\/es\/tecnologia\/como-cuidar-moto-invierno\/","name":"Mantenimiento de tu moto en invierno: los necesarios cuidados invernales","isPartOf":{"@id":"https:\/\/www.boxrepsol.com\/es\/#website"},"primaryImageOfPage":{"@id":"https:\/\/www.boxrepsol.com\/es\/tecnologia\/como-cuidar-moto-invierno\/#primaryimage"},"image":{"@id":"https:\/\/www.boxrepsol.com\/es\/tecnologia\/como-cuidar-moto-invierno\/#primaryimage"},"thumbnailUrl":"https:\/\/bxrepsol.s3.eu-west-1.amazonaws.com\/static\/2023\/02\/24101055\/mantenimiento_invierno_header_johan_viirok_flickr2.jpg","datePublished":"2020-11-26T02:00:00+00:00","dateModified":"2024-04-19T08:48:24+00:00","description":"Es posible que en invierno no utilices la moto a diario. En caso de tener que dejarla aparcada, o a la hora de guardarla por la noche, es desde luego","breadcrumb":{"@id":"https:\/\/www.boxrepsol.com\/es\/tecnologia\/como-cuidar-moto-invierno\/#breadcrumb"},"inLanguage":"es","potentialAction":[{"@type":"ReadAction","target":["https:\/\/www.boxrepsol.com\/es\/tecnologia\/como-cuidar-moto-invierno\/"]}]},{"@type":"ImageObject","inLanguage":"es","@id":"https:\/\/www.boxrepsol.com\/es\/tecnologia\/como-cuidar-moto-invierno\/#primaryimage","url":"https:\/\/bxrepsol.s3.eu-west-1.amazonaws.com\/static\/2023\/02\/24101055\/mantenimiento_invierno_header_johan_viirok_flickr2.jpg","contentUrl":"https:\/\/bxrepsol.s3.eu-west-1.amazonaws.com\/static\/2023\/02\/24101055\/mantenimiento_invierno_header_johan_viirok_flickr2.jpg","width":986,"height":555},{"@type":"BreadcrumbList","@id":"https:\/\/www.boxrepsol.com\/es\/tecnologia\/como-cuidar-moto-invierno\/#breadcrumb","itemListElement":[{"@type":"ListItem","position":1,"name":"Home","item":"https:\/\/www.boxrepsol.com\/es\/"},{"@type":"ListItem","position":2,"name":"C\u00f3mo cuidar tu moto en invierno"}]},{"@type":"WebSite","@id":"https:\/\/www.boxrepsol.com\/es\/#website","url":"https:\/\/www.boxrepsol.com\/es\/","name":"Box Repsol","description":"Box Repsol Site","publisher":{"@id":"https:\/\/www.boxrepsol.com\/es\/#organization"},"potentialAction":[{"@type":"SearchAction","target":{"@type":"EntryPoint","urlTemplate":"https:\/\/www.boxrepsol.com\/es\/?s={search_term_string}"},"query-input":{"@type":"PropertyValueSpecification","valueRequired":true,"valueName":"search_term_string"}}],"inLanguage":"es"},{"@type":"Organization","@id":"https:\/\/www.boxrepsol.com\/es\/#organization","name":"Box Repsol","url":"https:\/\/www.boxrepsol.com\/es\/","logo":{"@type":"ImageObject","inLanguage":"es","@id":"https:\/\/www.boxrepsol.com\/es\/#\/schema\/logo\/image\/","url":"https:\/\/bxrepsol.s3.eu-west-1.amazonaws.com\/static\/2025\/07\/30083337\/favicon-96x96-1.png","contentUrl":"https:\/\/bxrepsol.s3.eu-west-1.amazonaws.com\/static\/2025\/07\/30083337\/favicon-96x96-1.png","width":96,"height":96,"caption":"Box Repsol"},"image":{"@id":"https:\/\/www.boxrepsol.com\/es\/#\/schema\/logo\/image\/"},"sameAs":["https:\/\/www.facebook.com\/BoxRepsol","https:\/\/x.com\/box_repsol","http:\/\/instagram.com\/box_repsol","https:\/\/www.youtube.com\/user\/RepsolCompeticion","https:\/\/www.flickr.com\/photos\/box_repsol\/"]},{"@type":"Person","@id":"https:\/\/www.boxrepsol.com\/es\/#\/schema\/person\/c5c2138f2cca251b0ad92b7086bb60b7","name":"Redacci\u00f3n Box Repsol","image":{"@type":"ImageObject","inLanguage":"es","@id":"https:\/\/secure.gravatar.com\/avatar\/adf7b77e38b4419baf32c7e9c21dde01f4e40df611f0978e3006fc4ba0aaab7e?s=96&d=mm&r=g","url":"https:\/\/secure.gravatar.com\/avatar\/adf7b77e38b4419baf32c7e9c21dde01f4e40df611f0978e3006fc4ba0aaab7e?s=96&d=mm&r=g","contentUrl":"https:\/\/secure.gravatar.com\/avatar\/adf7b77e38b4419baf32c7e9c21dde01f4e40df611f0978e3006fc4ba0aaab7e?s=96&d=mm&r=g","caption":"Redacci\u00f3n Box Repsol"},"description":"Box Repsol lo forma un equipo de periodistas, community managers, dise\u00f1adores y fot\u00f3grafos con m\u00e1s de 20 a\u00f1os de experiencia en el mundo del motorsport. Hemos vivido el primer mundial de un espa\u00f1ol en la categor\u00eda reina de motociclismo con \u00c1lex Crivill\u00e9, estuvimos en las victorias de Pedrosa y los t\u00edtulos de M\u00e1rquez, acompa\u00f1amos en \u00c1frica a Nani Roma y Marc Coma en sus conquistas del Dakar y hemos vibrado con los t\u00edtulos de Toni Bou en Trial. Adem\u00e1s, en nuestro equipo contamos con expertos en el mundo de las dos y cuatro ruedas tanto de la calle y las carreteras, como de los circuitos. Periodistas que han trabajado en revistas y publicaciones para hacerte llegar desde rutas y consejos de mantenimiento, a curiosidades y trucos de pilotaje.","sameAs":["https:\/\/www.facebook.com\/BoxRepsol\/","https:\/\/www.instagram.com\/box_repsol\/","https:\/\/x.com\/https:\/\/twitter.com\/box_repsol","https:\/\/www.youtube.com\/@Boxrepsol"],"url":"https:\/\/www.boxrepsol.com\/es\/author\/redaccion-box-repsol\/"}]}},"_links":{"self":[{"href":"https:\/\/www.boxrepsol.com\/es\/wp-json\/wp\/v2\/posts\/92264","targetHints":{"allow":["GET"]}}],"collection":[{"href":"https:\/\/www.boxrepsol.com\/es\/wp-json\/wp\/v2\/posts"}],"about":[{"href":"https:\/\/www.boxrepsol.com\/es\/wp-json\/wp\/v2\/types\/post"}],"author":[{"embeddable":true,"href":"https:\/\/www.boxrepsol.com\/es\/wp-json\/wp\/v2\/users\/43146"}],"replies":[{"embeddable":true,"href":"https:\/\/www.boxrepsol.com\/es\/wp-json\/wp\/v2\/comments?post=92264"}],"version-history":[{"count":4,"href":"https:\/\/www.boxrepsol.com\/es\/wp-json\/wp\/v2\/posts\/92264\/revisions"}],"predecessor-version":[{"id":109157,"href":"https:\/\/www.boxrepsol.com\/es\/wp-json\/wp\/v2\/posts\/92264\/revisions\/109157"}],"wp:featuredmedia":[{"embeddable":true,"href":"https:\/\/www.boxrepsol.com\/es\/wp-json\/wp\/v2\/media\/92266"}],"wp:attachment":[{"href":"https:\/\/www.boxrepsol.com\/es\/wp-json\/wp\/v2\/media?parent=92264"}],"wp:term":[{"taxonomy":"category","embeddable":true,"href":"https:\/\/www.boxrepsol.com\/es\/wp-json\/wp\/v2\/categories?post=92264"},{"taxonomy":"post_tag","embeddable":true,"href":"https:\/\/www.boxrepsol.com\/es\/wp-json\/wp\/v2\/tags?post=92264"}],"curies":[{"name":"wp","href":"https:\/\/api.w.org\/{rel}","templated":true}]}}