{"id":92246,"date":"2017-12-13T00:00:00","date_gmt":"2017-12-13T02:00:00","guid":{"rendered":"http:\/\/pre.boxrepsol.com\/sin-categorizar\/montate-sodicar-bv6-t-1-2-isidre-esteve\/"},"modified":"2024-05-21T07:00:10","modified_gmt":"2024-05-21T09:00:10","slug":"montate-sodicar-bv6-t-1-2-isidre-esteve","status":"publish","type":"post","link":"https:\/\/www.boxrepsol.com\/es\/rally\/montate-sodicar-bv6-t-1-2-isidre-esteve\/","title":{"rendered":"M\u00f3ntate en el Sodicar BV6 T 1.2 de Isidre Esteve"},"content":{"rendered":"<p>Hace alg\u00fan tiempo repas\u00e1bamos para qu\u00e9 se usan los <a href=\"https:\/\/www.boxrepsol.com\/es\/motogp\/sirven-los-botones-una-motogp\/\">botones de una MotoGP<\/a>. El veh\u00edculo que os mostramos hoy tiene una cantidad de botones y palancas muy superior, as\u00ed que vamos poco a poco repasando los controles y herramientas que tenemos disponibles en la parte delantera del coche de <strong>Isidre Esteve<\/strong>.<\/p>\n<p>Cabe destacar que <strong>los coches de Rally son construidos a medida<\/strong> con el objetivo de que tengan una gran resistencia a los elementos, mientras se facilita la conducci\u00f3n todo lo posible.<\/p>\n<blockquote><p>\n\t<a href=\"http:\/\/twitter.com\/share?text=Conducir+un+veh%C3%ADculo+como+este+puede+resultar+abrumador%2C+pero+para+Isidre+es+un+juego+de+ni%C3%B1os&#038;url=https%3A%2F%2Fwww.boxrepsol.com%2Fes%2Frally%2Fmontate-sodicar-bv6-t-1-2-isidre-esteve%2F\" target=\"_blank\" rel=\"noopener\"><\/p>\n<p>Conducir un veh\u00edculo como este puede resultar abrumador, pero para Isidre es un juego de ni\u00f1os<\/p>\n<p>\t<\/a>\n<\/p><\/blockquote>\n<p>El elemento de conducci\u00f3n m\u00e1s obvio en el puesto del piloto es, sin duda alguna, el <strong>volante adaptado<\/strong>. Para compensar la movilidad reducida de Isidre, esta pieza tiene que <strong>controlar la direcci\u00f3n,\u00a0 y tambi\u00e9n integrar el acelerador, embrague y freno<\/strong>. Para este fin cuenta con unos aros incorporados que simulan la funci\u00f3n de los pedales.<\/p>\n<p>Entre los controles del salpicadero uno de los m\u00e1s importantes es del <strong>dispensador de agua<\/strong>. Esta palanca, solo identificada mediante una etiqueta, activa la bomba que har\u00e1 que el agua llegue a piloto y copiloto. Dados los largos trayectos y las altas temperaturas a las que se van a enfrentar, el contar con agua es indispensable, y en muchas situaciones no basta con llevar un botell\u00edn en la guantera.<\/p>\n<p>Uno de los riesgos que m\u00e1s peligro entra\u00f1a para los ocupantes de un coche de Rally es un incendio dentro del veh\u00edculo. El fuego puede generarse en un lugar en el que no es visible, c\u00f3mo el motor, y extenderse desde all\u00ed, por lo que el coche cuenta por reglamento con un <strong>m\u00f3dulo de control de extinci\u00f3n de incendios<\/strong>. Este m\u00f3dulo se presenta como una caja roja con una palanca y, aunque sea autom\u00e1tico, puede accionarse desde fuera o dentro del veh\u00edculo. Otro de los elementos de seguridad que tenemos a nuestra disposici\u00f3n son las <strong>cuchillas de emergencia<\/strong>, que se usan para cortar el cintur\u00f3n de seguridad en caso de quedar atrapados si ocurre un accidente.<\/p>\n<p><a href=\"https:\/\/bxrepsol.s3.eu-west-1.amazonaws.com\/static\/2022\/08\/29074525\/IMG_5634-1.jpg\" \n   title=\"Volante adaptado del coche de Isidre Esteve para el Dakar\" \n   data-gallery-thumbnail=\"https:\/\/bxrepsol.s3.eu-west-1.amazonaws.com\/static\/2022\/08\/29074525\/IMG_5634-1.jpg\"\n   data-gallery><\/p>\n<figure>\n        <picture style=\"padding-bottom: 66.666666666667%; background-image: url(https:\/\/bxrepsol.s3.eu-west-1.amazonaws.com\/static\/2022\/08\/29074525\/IMG_5634-1.jpg);\">\n            <img decoding=\"async\" src=\"https:\/\/bxrepsol.s3.eu-west-1.amazonaws.com\/static\/2022\/08\/29074525\/IMG_5634-1.jpg\"><br \/>\n            <img itemprop=\"image\"\n                data-srcset=\"https:\/\/bxrepsol.s3.eu-west-1.amazonaws.com\/static\/2022\/08\/29074525\/IMG_5634-1.jpg 480w, https:\/\/bxrepsol.s3.eu-west-1.amazonaws.com\/static\/2022\/08\/29074525\/IMG_5634-1.jpg 600w, https:\/\/bxrepsol.s3.eu-west-1.amazonaws.com\/static\/2022\/08\/29074525\/IMG_5634-1.jpg 900w\"\n                data-src=\"https:\/\/bxrepsol.s3.eu-west-1.amazonaws.com\/static\/2022\/08\/29074525\/IMG_5634-1.jpg\"\n                alt=\"Volante adaptado del coche de Isidre Esteve para el Dakar\"\n                title=\"Volante adaptado coche Isidre Esteve\"\/><br \/>\n            <noscript><img decoding=\"async\" src=\"https:\/\/bxrepsol.s3.eu-west-1.amazonaws.com\/static\/2022\/08\/29074525\/IMG_5634-1.jpg\" alt=\"Volante adaptado del coche de Isidre Esteve para el Dakar\"><\/noscript>\n        <\/picture><figcaption>Volante adaptado del coche de Isidre Esteve para el Dakar<\/figcaption><\/figure>\n<p><\/a><\/p>\n<p>Al igual que en los coches que usamos a diario, los coches del Rally Dakar tambi\u00e9n cuentan con paneles informativos en el salpicadero, como el <strong>indicador de marcha engranada, indicadores de combustible, <\/strong>Indicadores de temperatura de la caja de cambios y diferencial <strong>\u00a0\u00a0<\/strong>y el <strong>panel de informaci\u00f3n del motor<\/strong>.<\/p>\n<p>En la zona de la derecha tenemos, como no podr\u00eda ser de otra forma, el <strong>panel del copiloto,\u00a0<\/strong>que cuenta con todos los elementos para la navegaci\u00f3n: espacio para colocar el roadbook, GPS, cron\u00f3metros\u00a0 y otro panel con informaci\u00f3n del veh\u00edculo.<\/p>\n<p>Toda la zona central del salpicadero est\u00e1 inundada con <strong>fusibles, botones, selectores, rel\u00e9s y un cortacorrientes<\/strong>. Todos estos elementos\u00a0 est\u00e1n ah\u00ed para resolver inmediatamente todo tipo de situaciones como activaci\u00f3n de ventiladores, luces y sistemas auxiliares.<\/p>\n<p>Finalmente, tenemos el elemento m\u00e1s importante del coche. Uno que permite a Isidre poder participar en estas pruebas de motor. Estamos hablando del coj\u00edn inteligente, un sistema que mediante el inflado de unas celdas cambia la postura del piloto para evitar lesiones.<\/p>\n<p><a href=\"https:\/\/bxrepsol.s3.eu-west-1.amazonaws.com\/static\/2022\/08\/29074526\/IMG_5659-1.jpg\" \n   title=\"Volante y asientos del BV6 de Isidre Esteve\" \n   data-gallery-thumbnail=\"https:\/\/bxrepsol.s3.eu-west-1.amazonaws.com\/static\/2022\/08\/29074526\/IMG_5659-1.jpg\"\n   data-gallery><\/p>\n<figure>\n        <picture style=\"padding-bottom: 66.666666666667%; background-image: url(https:\/\/bxrepsol.s3.eu-west-1.amazonaws.com\/static\/2022\/08\/29074526\/IMG_5659-1.jpg);\">\n            <img decoding=\"async\" src=\"https:\/\/bxrepsol.s3.eu-west-1.amazonaws.com\/static\/2022\/08\/29074526\/IMG_5659-1.jpg\"><br \/>\n            <img itemprop=\"image\"\n                data-srcset=\"https:\/\/bxrepsol.s3.eu-west-1.amazonaws.com\/static\/2022\/08\/29074526\/IMG_5659-1.jpg 480w, https:\/\/bxrepsol.s3.eu-west-1.amazonaws.com\/static\/2022\/08\/29074526\/IMG_5659-1.jpg 600w, https:\/\/bxrepsol.s3.eu-west-1.amazonaws.com\/static\/2022\/08\/29074526\/IMG_5659-1.jpg 900w\"\n                data-src=\"https:\/\/bxrepsol.s3.eu-west-1.amazonaws.com\/static\/2022\/08\/29074526\/IMG_5659-1.jpg\"\n                alt=\"Volante y asientos del BV6 de Isidre Esteve\"\n                title=\"Interior del coche de Isidre Esteve\"\/><br \/>\n            <noscript><img decoding=\"async\" src=\"https:\/\/bxrepsol.s3.eu-west-1.amazonaws.com\/static\/2022\/08\/29074526\/IMG_5659-1.jpg\" alt=\"Volante y asientos del BV6 de Isidre Esteve\"><\/noscript>\n        <\/picture><figcaption>Volante y asientos del BV6 de Isidre Esteve<\/figcaption><\/figure>\n<p><\/a><\/p>\n<p>Viendo todos estos dispositivos, conducir un veh\u00edculo como este puede resultar abrumador, pero para Isidre es un juego de ni\u00f1os.<\/p>\n<hr \/>\n<h4>Prototipo BV6 T 1.2, basado en un BMW X6<\/h4>\n<p><strong>Motor:\u00a0\u00a0<\/strong>BMW<\/p>\n<p><strong>Tipo de motor:<\/strong>\u00a06 en l\u00ednea<\/p>\n<p><strong>Cilindrada:<\/strong>\u00a03000cc<\/p>\n<p><strong>Aspiraci\u00f3n:<\/strong>\u00a0Biturbo<\/p>\n<p><strong>Carburante:<\/strong>\u00a0Diesel<\/p>\n<p><strong>Potencia:<\/strong>\u00a0\u00a0340 CV<\/p>\n<p><strong>Peso:<\/strong>\u00a01.820 KG<\/p>\n<p><strong>Tipo de cambio:<\/strong>\u00a0Secuencial<\/p>\n<p><strong>Tipo de tracci\u00f3n:<\/strong>\u00a0Total<\/p>\n<p><strong>Chasis:<\/strong>\u00a0Tubular<\/p>\n<p><strong>Suspensiones:<\/strong>\u00a0 OLHINS TTX de \u00faltima generaci\u00f3n<\/p>\n<p><strong>Neum\u00e1ticos:<\/strong>\u00a0BF GOODRICH 235\/85 R16<\/p>\n<p><strong>Suscr\u00edbete a la Newsletter de Box Repsol<\/strong><\/p>\n<p>Te contemos en exclusiva todas las noticias del Equipo Repsol, entrevistas, reportajes, v\u00eddeos, resultados de nuestros pilotos de <strong>MotoGP<\/strong>, <strong>Trial<\/strong>, <strong>FIM CEV Repsol<\/strong>, <strong>Rally<\/strong>, <strong>Red Bull Air Race<\/strong> y mucho m\u00e1s. <a href=\"https:\/\/www.boxrepsol.com\/es\/suscribete\/\">Suscr\u00edbete a la Newsletter de Box Repsol<\/a> y ent\u00e9rate de todas nuestras <strong>promociones<\/strong> y <strong>concursos<\/strong>.<\/p>\n","protected":false},"excerpt":{"rendered":"<p>\u00bfHas querido alguna vez montarte en el asiento delantero de un coche de Rally? \u00bfQuieres acompa\u00f1arnos en el de Isidre Esteve? Sube y te ense\u00f1aremos para qu\u00e9 se usan todos los controles que est\u00e1n al alcance del piloto y copiloto durante la traves\u00eda del Dakar.<\/p>\n","protected":false},"author":43146,"featured_media":87249,"comment_status":"open","ping_status":"open","sticky":false,"template":"","format":"standard","meta":{"footnotes":""},"categories":[27],"tags":[29],"class_list":["post-92246","post","type-post","status-publish","format-standard","hentry","category-rally","tag-isidre-esteve"],"yoast_head":"<!-- This site is optimized with the Yoast SEO plugin v27.3 - https:\/\/yoast.com\/product\/yoast-seo-wordpress\/ -->\n<title>M\u00f3ntate en el Sodicar BV6 T 1.2 de Isidre Esteve - Box Repsol<\/title>\n<meta name=\"description\" content=\"\u00bfHas querido alguna vez montarte en el asiento delantero de un coche de Rally? \u00bfQuieres acompa\u00f1arnos en el de Isidre Esteve?\" \/>\n<link rel=\"canonical\" href=\"https:\/\/www.boxrepsol.com\/es\/rally\/montate-sodicar-bv6-t-1-2-isidre-esteve\/\" \/>\n<meta property=\"og:locale\" content=\"es_ES\" \/>\n<meta property=\"og:type\" content=\"article\" \/>\n<meta property=\"og:title\" content=\"M\u00f3ntate en el Sodicar BV6 T 1.2 de Isidre Esteve - Box Repsol\" \/>\n<meta property=\"og:description\" content=\"\u00bfHas querido alguna vez montarte en el asiento delantero de un coche de Rally? \u00bfQuieres acompa\u00f1arnos en el de Isidre Esteve?\" \/>\n<meta property=\"og:url\" content=\"https:\/\/www.boxrepsol.com\/es\/rally\/montate-sodicar-bv6-t-1-2-isidre-esteve\/\" \/>\n<meta property=\"og:site_name\" content=\"Box Repsol\" \/>\n<meta property=\"article:publisher\" content=\"https:\/\/www.facebook.com\/BoxRepsol\" \/>\n<meta property=\"article:author\" content=\"https:\/\/www.facebook.com\/BoxRepsol\/\" \/>\n<meta property=\"article:published_time\" content=\"2017-12-13T02:00:00+00:00\" \/>\n<meta property=\"article:modified_time\" content=\"2024-05-21T09:00:10+00:00\" \/>\n<meta property=\"og:image\" content=\"https:\/\/www.boxrepsol.com\/wp-content\/uploads\/2022\/08\/00_sodicar_bv6_isidre_esteve_repsol_rally_team.jpg\" \/>\n\t<meta property=\"og:image:width\" content=\"1200\" \/>\n\t<meta property=\"og:image:height\" content=\"600\" \/>\n\t<meta property=\"og:image:type\" content=\"image\/jpeg\" \/>\n<meta name=\"author\" content=\"Redacci\u00f3n Box Repsol\" \/>\n<meta name=\"twitter:card\" content=\"summary_large_image\" \/>\n<meta name=\"twitter:creator\" content=\"@https:\/\/twitter.com\/box_repsol\" \/>\n<meta name=\"twitter:site\" content=\"@box_repsol\" \/>\n<meta name=\"twitter:label1\" content=\"Written by\" \/>\n\t<meta name=\"twitter:data1\" content=\"Redacci\u00f3n Box Repsol\" \/>\n\t<meta name=\"twitter:label2\" content=\"Est. reading time\" \/>\n\t<meta name=\"twitter:data2\" content=\"3 minutos\" \/>\n<script type=\"application\/ld+json\" class=\"yoast-schema-graph\">{\"@context\":\"https:\\\/\\\/schema.org\",\"@graph\":[{\"@type\":\"Article\",\"@id\":\"https:\\\/\\\/www.boxrepsol.com\\\/es\\\/rally\\\/montate-sodicar-bv6-t-1-2-isidre-esteve\\\/#article\",\"isPartOf\":{\"@id\":\"https:\\\/\\\/www.boxrepsol.com\\\/es\\\/rally\\\/montate-sodicar-bv6-t-1-2-isidre-esteve\\\/\"},\"author\":{\"name\":\"Redacci\u00f3n Box Repsol\",\"@id\":\"https:\\\/\\\/www.boxrepsol.com\\\/es\\\/#\\\/schema\\\/person\\\/c5c2138f2cca251b0ad92b7086bb60b7\"},\"headline\":\"M\u00f3ntate en el Sodicar BV6 T 1.2 de Isidre Esteve\",\"datePublished\":\"2017-12-13T02:00:00+00:00\",\"dateModified\":\"2024-05-21T09:00:10+00:00\",\"mainEntityOfPage\":{\"@id\":\"https:\\\/\\\/www.boxrepsol.com\\\/es\\\/rally\\\/montate-sodicar-bv6-t-1-2-isidre-esteve\\\/\"},\"wordCount\":700,\"commentCount\":0,\"publisher\":{\"@id\":\"https:\\\/\\\/www.boxrepsol.com\\\/es\\\/#organization\"},\"image\":{\"@id\":\"https:\\\/\\\/www.boxrepsol.com\\\/es\\\/rally\\\/montate-sodicar-bv6-t-1-2-isidre-esteve\\\/#primaryimage\"},\"thumbnailUrl\":\"https:\\\/\\\/www.boxrepsol.com\\\/wp-content\\\/uploads\\\/2022\\\/08\\\/00_sodicar_bv6_isidre_esteve_repsol_rally_team.jpg\",\"keywords\":[\"Isidre Esteve\"],\"articleSection\":[\"Rally\"],\"inLanguage\":\"es\",\"potentialAction\":[{\"@type\":\"CommentAction\",\"name\":\"Comment\",\"target\":[\"https:\\\/\\\/www.boxrepsol.com\\\/es\\\/rally\\\/montate-sodicar-bv6-t-1-2-isidre-esteve\\\/#respond\"]}]},{\"@type\":\"WebPage\",\"@id\":\"https:\\\/\\\/www.boxrepsol.com\\\/es\\\/rally\\\/montate-sodicar-bv6-t-1-2-isidre-esteve\\\/\",\"url\":\"https:\\\/\\\/www.boxrepsol.com\\\/es\\\/rally\\\/montate-sodicar-bv6-t-1-2-isidre-esteve\\\/\",\"name\":\"M\u00f3ntate en el Sodicar BV6 T 1.2 de Isidre Esteve - Box Repsol\",\"isPartOf\":{\"@id\":\"https:\\\/\\\/www.boxrepsol.com\\\/es\\\/#website\"},\"primaryImageOfPage\":{\"@id\":\"https:\\\/\\\/www.boxrepsol.com\\\/es\\\/rally\\\/montate-sodicar-bv6-t-1-2-isidre-esteve\\\/#primaryimage\"},\"image\":{\"@id\":\"https:\\\/\\\/www.boxrepsol.com\\\/es\\\/rally\\\/montate-sodicar-bv6-t-1-2-isidre-esteve\\\/#primaryimage\"},\"thumbnailUrl\":\"https:\\\/\\\/www.boxrepsol.com\\\/wp-content\\\/uploads\\\/2022\\\/08\\\/00_sodicar_bv6_isidre_esteve_repsol_rally_team.jpg\",\"datePublished\":\"2017-12-13T02:00:00+00:00\",\"dateModified\":\"2024-05-21T09:00:10+00:00\",\"description\":\"\u00bfHas querido alguna vez montarte en el asiento delantero de un coche de Rally? \u00bfQuieres acompa\u00f1arnos en el de Isidre Esteve?\",\"breadcrumb\":{\"@id\":\"https:\\\/\\\/www.boxrepsol.com\\\/es\\\/rally\\\/montate-sodicar-bv6-t-1-2-isidre-esteve\\\/#breadcrumb\"},\"inLanguage\":\"es\",\"potentialAction\":[{\"@type\":\"ReadAction\",\"target\":[\"https:\\\/\\\/www.boxrepsol.com\\\/es\\\/rally\\\/montate-sodicar-bv6-t-1-2-isidre-esteve\\\/\"]}]},{\"@type\":\"ImageObject\",\"inLanguage\":\"es\",\"@id\":\"https:\\\/\\\/www.boxrepsol.com\\\/es\\\/rally\\\/montate-sodicar-bv6-t-1-2-isidre-esteve\\\/#primaryimage\",\"url\":\"https:\\\/\\\/www.boxrepsol.com\\\/wp-content\\\/uploads\\\/2022\\\/08\\\/00_sodicar_bv6_isidre_esteve_repsol_rally_team.jpg\",\"contentUrl\":\"https:\\\/\\\/www.boxrepsol.com\\\/wp-content\\\/uploads\\\/2022\\\/08\\\/00_sodicar_bv6_isidre_esteve_repsol_rally_team.jpg\",\"width\":1200,\"height\":600,\"caption\":\"Sodicar Bv6 de Isidre Esteve\"},{\"@type\":\"BreadcrumbList\",\"@id\":\"https:\\\/\\\/www.boxrepsol.com\\\/es\\\/rally\\\/montate-sodicar-bv6-t-1-2-isidre-esteve\\\/#breadcrumb\",\"itemListElement\":[{\"@type\":\"ListItem\",\"position\":1,\"name\":\"Home\",\"item\":\"https:\\\/\\\/www.boxrepsol.com\\\/es\\\/\"},{\"@type\":\"ListItem\",\"position\":2,\"name\":\"M\u00f3ntate en el Sodicar BV6 T 1.2 de Isidre Esteve\"}]},{\"@type\":\"WebSite\",\"@id\":\"https:\\\/\\\/www.boxrepsol.com\\\/es\\\/#website\",\"url\":\"https:\\\/\\\/www.boxrepsol.com\\\/es\\\/\",\"name\":\"Box Repsol\",\"description\":\"Box Repsol Site\",\"publisher\":{\"@id\":\"https:\\\/\\\/www.boxrepsol.com\\\/es\\\/#organization\"},\"potentialAction\":[{\"@type\":\"SearchAction\",\"target\":{\"@type\":\"EntryPoint\",\"urlTemplate\":\"https:\\\/\\\/www.boxrepsol.com\\\/es\\\/?s={search_term_string}\"},\"query-input\":{\"@type\":\"PropertyValueSpecification\",\"valueRequired\":true,\"valueName\":\"search_term_string\"}}],\"inLanguage\":\"es\"},{\"@type\":\"Organization\",\"@id\":\"https:\\\/\\\/www.boxrepsol.com\\\/es\\\/#organization\",\"name\":\"Box Repsol\",\"url\":\"https:\\\/\\\/www.boxrepsol.com\\\/es\\\/\",\"logo\":{\"@type\":\"ImageObject\",\"inLanguage\":\"es\",\"@id\":\"https:\\\/\\\/www.boxrepsol.com\\\/es\\\/#\\\/schema\\\/logo\\\/image\\\/\",\"url\":\"https:\\\/\\\/bxrepsol.s3.eu-west-1.amazonaws.com\\\/static\\\/2025\\\/07\\\/30083337\\\/favicon-96x96-1.png\",\"contentUrl\":\"https:\\\/\\\/bxrepsol.s3.eu-west-1.amazonaws.com\\\/static\\\/2025\\\/07\\\/30083337\\\/favicon-96x96-1.png\",\"width\":96,\"height\":96,\"caption\":\"Box Repsol\"},\"image\":{\"@id\":\"https:\\\/\\\/www.boxrepsol.com\\\/es\\\/#\\\/schema\\\/logo\\\/image\\\/\"},\"sameAs\":[\"https:\\\/\\\/www.facebook.com\\\/BoxRepsol\",\"https:\\\/\\\/x.com\\\/box_repsol\",\"http:\\\/\\\/instagram.com\\\/box_repsol\",\"https:\\\/\\\/www.youtube.com\\\/user\\\/RepsolCompeticion\",\"https:\\\/\\\/www.flickr.com\\\/photos\\\/box_repsol\\\/\"]},{\"@type\":\"Person\",\"@id\":\"https:\\\/\\\/www.boxrepsol.com\\\/es\\\/#\\\/schema\\\/person\\\/c5c2138f2cca251b0ad92b7086bb60b7\",\"name\":\"Redacci\u00f3n Box Repsol\",\"image\":{\"@type\":\"ImageObject\",\"inLanguage\":\"es\",\"@id\":\"https:\\\/\\\/secure.gravatar.com\\\/avatar\\\/adf7b77e38b4419baf32c7e9c21dde01f4e40df611f0978e3006fc4ba0aaab7e?s=96&d=mm&r=g\",\"url\":\"https:\\\/\\\/secure.gravatar.com\\\/avatar\\\/adf7b77e38b4419baf32c7e9c21dde01f4e40df611f0978e3006fc4ba0aaab7e?s=96&d=mm&r=g\",\"contentUrl\":\"https:\\\/\\\/secure.gravatar.com\\\/avatar\\\/adf7b77e38b4419baf32c7e9c21dde01f4e40df611f0978e3006fc4ba0aaab7e?s=96&d=mm&r=g\",\"caption\":\"Redacci\u00f3n Box Repsol\"},\"description\":\"Box Repsol lo forma un equipo de periodistas, community managers, dise\u00f1adores y fot\u00f3grafos con m\u00e1s de 20 a\u00f1os de experiencia en el mundo del motorsport. Hemos vivido el primer mundial de un espa\u00f1ol en la categor\u00eda reina de motociclismo con \u00c1lex Crivill\u00e9, estuvimos en las victorias de Pedrosa y los t\u00edtulos de M\u00e1rquez, acompa\u00f1amos en \u00c1frica a Nani Roma y Marc Coma en sus conquistas del Dakar y hemos vibrado con los t\u00edtulos de Toni Bou en Trial. Adem\u00e1s, en nuestro equipo contamos con expertos en el mundo de las dos y cuatro ruedas tanto de la calle y las carreteras, como de los circuitos. Periodistas que han trabajado en revistas y publicaciones para hacerte llegar desde rutas y consejos de mantenimiento, a curiosidades y trucos de pilotaje.\",\"sameAs\":[\"https:\\\/\\\/www.facebook.com\\\/BoxRepsol\\\/\",\"https:\\\/\\\/www.instagram.com\\\/box_repsol\\\/\",\"https:\\\/\\\/x.com\\\/https:\\\/\\\/twitter.com\\\/box_repsol\",\"https:\\\/\\\/www.youtube.com\\\/@Boxrepsol\"],\"url\":\"https:\\\/\\\/www.boxrepsol.com\\\/es\\\/author\\\/redaccion-box-repsol\\\/\"}]}<\/script>\n<!-- \/ Yoast SEO plugin. -->","yoast_head_json":{"title":"M\u00f3ntate en el Sodicar BV6 T 1.2 de Isidre Esteve - Box Repsol","description":"\u00bfHas querido alguna vez montarte en el asiento delantero de un coche de Rally? \u00bfQuieres acompa\u00f1arnos en el de Isidre Esteve?","canonical":"https:\/\/www.boxrepsol.com\/es\/rally\/montate-sodicar-bv6-t-1-2-isidre-esteve\/","og_locale":"es_ES","og_type":"article","og_title":"M\u00f3ntate en el Sodicar BV6 T 1.2 de Isidre Esteve - Box Repsol","og_description":"\u00bfHas querido alguna vez montarte en el asiento delantero de un coche de Rally? \u00bfQuieres acompa\u00f1arnos en el de Isidre Esteve?","og_url":"https:\/\/www.boxrepsol.com\/es\/rally\/montate-sodicar-bv6-t-1-2-isidre-esteve\/","og_site_name":"Box Repsol","article_publisher":"https:\/\/www.facebook.com\/BoxRepsol","article_author":"https:\/\/www.facebook.com\/BoxRepsol\/","article_published_time":"2017-12-13T02:00:00+00:00","article_modified_time":"2024-05-21T09:00:10+00:00","og_image":[{"width":1200,"height":600,"url":"https:\/\/www.boxrepsol.com\/wp-content\/uploads\/2022\/08\/00_sodicar_bv6_isidre_esteve_repsol_rally_team.jpg","type":"image\/jpeg"}],"author":"Redacci\u00f3n Box Repsol","twitter_card":"summary_large_image","twitter_creator":"@https:\/\/twitter.com\/box_repsol","twitter_site":"@box_repsol","twitter_misc":{"Written by":"Redacci\u00f3n Box Repsol","Est. reading time":"3 minutos"},"schema":{"@context":"https:\/\/schema.org","@graph":[{"@type":"Article","@id":"https:\/\/www.boxrepsol.com\/es\/rally\/montate-sodicar-bv6-t-1-2-isidre-esteve\/#article","isPartOf":{"@id":"https:\/\/www.boxrepsol.com\/es\/rally\/montate-sodicar-bv6-t-1-2-isidre-esteve\/"},"author":{"name":"Redacci\u00f3n Box Repsol","@id":"https:\/\/www.boxrepsol.com\/es\/#\/schema\/person\/c5c2138f2cca251b0ad92b7086bb60b7"},"headline":"M\u00f3ntate en el Sodicar BV6 T 1.2 de Isidre Esteve","datePublished":"2017-12-13T02:00:00+00:00","dateModified":"2024-05-21T09:00:10+00:00","mainEntityOfPage":{"@id":"https:\/\/www.boxrepsol.com\/es\/rally\/montate-sodicar-bv6-t-1-2-isidre-esteve\/"},"wordCount":700,"commentCount":0,"publisher":{"@id":"https:\/\/www.boxrepsol.com\/es\/#organization"},"image":{"@id":"https:\/\/www.boxrepsol.com\/es\/rally\/montate-sodicar-bv6-t-1-2-isidre-esteve\/#primaryimage"},"thumbnailUrl":"https:\/\/www.boxrepsol.com\/wp-content\/uploads\/2022\/08\/00_sodicar_bv6_isidre_esteve_repsol_rally_team.jpg","keywords":["Isidre Esteve"],"articleSection":["Rally"],"inLanguage":"es","potentialAction":[{"@type":"CommentAction","name":"Comment","target":["https:\/\/www.boxrepsol.com\/es\/rally\/montate-sodicar-bv6-t-1-2-isidre-esteve\/#respond"]}]},{"@type":"WebPage","@id":"https:\/\/www.boxrepsol.com\/es\/rally\/montate-sodicar-bv6-t-1-2-isidre-esteve\/","url":"https:\/\/www.boxrepsol.com\/es\/rally\/montate-sodicar-bv6-t-1-2-isidre-esteve\/","name":"M\u00f3ntate en el Sodicar BV6 T 1.2 de Isidre Esteve - Box Repsol","isPartOf":{"@id":"https:\/\/www.boxrepsol.com\/es\/#website"},"primaryImageOfPage":{"@id":"https:\/\/www.boxrepsol.com\/es\/rally\/montate-sodicar-bv6-t-1-2-isidre-esteve\/#primaryimage"},"image":{"@id":"https:\/\/www.boxrepsol.com\/es\/rally\/montate-sodicar-bv6-t-1-2-isidre-esteve\/#primaryimage"},"thumbnailUrl":"https:\/\/www.boxrepsol.com\/wp-content\/uploads\/2022\/08\/00_sodicar_bv6_isidre_esteve_repsol_rally_team.jpg","datePublished":"2017-12-13T02:00:00+00:00","dateModified":"2024-05-21T09:00:10+00:00","description":"\u00bfHas querido alguna vez montarte en el asiento delantero de un coche de Rally? \u00bfQuieres acompa\u00f1arnos en el de Isidre Esteve?","breadcrumb":{"@id":"https:\/\/www.boxrepsol.com\/es\/rally\/montate-sodicar-bv6-t-1-2-isidre-esteve\/#breadcrumb"},"inLanguage":"es","potentialAction":[{"@type":"ReadAction","target":["https:\/\/www.boxrepsol.com\/es\/rally\/montate-sodicar-bv6-t-1-2-isidre-esteve\/"]}]},{"@type":"ImageObject","inLanguage":"es","@id":"https:\/\/www.boxrepsol.com\/es\/rally\/montate-sodicar-bv6-t-1-2-isidre-esteve\/#primaryimage","url":"https:\/\/www.boxrepsol.com\/wp-content\/uploads\/2022\/08\/00_sodicar_bv6_isidre_esteve_repsol_rally_team.jpg","contentUrl":"https:\/\/www.boxrepsol.com\/wp-content\/uploads\/2022\/08\/00_sodicar_bv6_isidre_esteve_repsol_rally_team.jpg","width":1200,"height":600,"caption":"Sodicar Bv6 de Isidre Esteve"},{"@type":"BreadcrumbList","@id":"https:\/\/www.boxrepsol.com\/es\/rally\/montate-sodicar-bv6-t-1-2-isidre-esteve\/#breadcrumb","itemListElement":[{"@type":"ListItem","position":1,"name":"Home","item":"https:\/\/www.boxrepsol.com\/es\/"},{"@type":"ListItem","position":2,"name":"M\u00f3ntate en el Sodicar BV6 T 1.2 de Isidre Esteve"}]},{"@type":"WebSite","@id":"https:\/\/www.boxrepsol.com\/es\/#website","url":"https:\/\/www.boxrepsol.com\/es\/","name":"Box Repsol","description":"Box Repsol Site","publisher":{"@id":"https:\/\/www.boxrepsol.com\/es\/#organization"},"potentialAction":[{"@type":"SearchAction","target":{"@type":"EntryPoint","urlTemplate":"https:\/\/www.boxrepsol.com\/es\/?s={search_term_string}"},"query-input":{"@type":"PropertyValueSpecification","valueRequired":true,"valueName":"search_term_string"}}],"inLanguage":"es"},{"@type":"Organization","@id":"https:\/\/www.boxrepsol.com\/es\/#organization","name":"Box Repsol","url":"https:\/\/www.boxrepsol.com\/es\/","logo":{"@type":"ImageObject","inLanguage":"es","@id":"https:\/\/www.boxrepsol.com\/es\/#\/schema\/logo\/image\/","url":"https:\/\/bxrepsol.s3.eu-west-1.amazonaws.com\/static\/2025\/07\/30083337\/favicon-96x96-1.png","contentUrl":"https:\/\/bxrepsol.s3.eu-west-1.amazonaws.com\/static\/2025\/07\/30083337\/favicon-96x96-1.png","width":96,"height":96,"caption":"Box Repsol"},"image":{"@id":"https:\/\/www.boxrepsol.com\/es\/#\/schema\/logo\/image\/"},"sameAs":["https:\/\/www.facebook.com\/BoxRepsol","https:\/\/x.com\/box_repsol","http:\/\/instagram.com\/box_repsol","https:\/\/www.youtube.com\/user\/RepsolCompeticion","https:\/\/www.flickr.com\/photos\/box_repsol\/"]},{"@type":"Person","@id":"https:\/\/www.boxrepsol.com\/es\/#\/schema\/person\/c5c2138f2cca251b0ad92b7086bb60b7","name":"Redacci\u00f3n Box Repsol","image":{"@type":"ImageObject","inLanguage":"es","@id":"https:\/\/secure.gravatar.com\/avatar\/adf7b77e38b4419baf32c7e9c21dde01f4e40df611f0978e3006fc4ba0aaab7e?s=96&d=mm&r=g","url":"https:\/\/secure.gravatar.com\/avatar\/adf7b77e38b4419baf32c7e9c21dde01f4e40df611f0978e3006fc4ba0aaab7e?s=96&d=mm&r=g","contentUrl":"https:\/\/secure.gravatar.com\/avatar\/adf7b77e38b4419baf32c7e9c21dde01f4e40df611f0978e3006fc4ba0aaab7e?s=96&d=mm&r=g","caption":"Redacci\u00f3n Box Repsol"},"description":"Box Repsol lo forma un equipo de periodistas, community managers, dise\u00f1adores y fot\u00f3grafos con m\u00e1s de 20 a\u00f1os de experiencia en el mundo del motorsport. Hemos vivido el primer mundial de un espa\u00f1ol en la categor\u00eda reina de motociclismo con \u00c1lex Crivill\u00e9, estuvimos en las victorias de Pedrosa y los t\u00edtulos de M\u00e1rquez, acompa\u00f1amos en \u00c1frica a Nani Roma y Marc Coma en sus conquistas del Dakar y hemos vibrado con los t\u00edtulos de Toni Bou en Trial. Adem\u00e1s, en nuestro equipo contamos con expertos en el mundo de las dos y cuatro ruedas tanto de la calle y las carreteras, como de los circuitos. Periodistas que han trabajado en revistas y publicaciones para hacerte llegar desde rutas y consejos de mantenimiento, a curiosidades y trucos de pilotaje.","sameAs":["https:\/\/www.facebook.com\/BoxRepsol\/","https:\/\/www.instagram.com\/box_repsol\/","https:\/\/x.com\/https:\/\/twitter.com\/box_repsol","https:\/\/www.youtube.com\/@Boxrepsol"],"url":"https:\/\/www.boxrepsol.com\/es\/author\/redaccion-box-repsol\/"}]}},"_links":{"self":[{"href":"https:\/\/www.boxrepsol.com\/es\/wp-json\/wp\/v2\/posts\/92246","targetHints":{"allow":["GET"]}}],"collection":[{"href":"https:\/\/www.boxrepsol.com\/es\/wp-json\/wp\/v2\/posts"}],"about":[{"href":"https:\/\/www.boxrepsol.com\/es\/wp-json\/wp\/v2\/types\/post"}],"author":[{"embeddable":true,"href":"https:\/\/www.boxrepsol.com\/es\/wp-json\/wp\/v2\/users\/43146"}],"replies":[{"embeddable":true,"href":"https:\/\/www.boxrepsol.com\/es\/wp-json\/wp\/v2\/comments?post=92246"}],"version-history":[{"count":2,"href":"https:\/\/www.boxrepsol.com\/es\/wp-json\/wp\/v2\/posts\/92246\/revisions"}],"predecessor-version":[{"id":109149,"href":"https:\/\/www.boxrepsol.com\/es\/wp-json\/wp\/v2\/posts\/92246\/revisions\/109149"}],"wp:featuredmedia":[{"embeddable":true,"href":"https:\/\/www.boxrepsol.com\/es\/wp-json\/wp\/v2\/media\/87249"}],"wp:attachment":[{"href":"https:\/\/www.boxrepsol.com\/es\/wp-json\/wp\/v2\/media?parent=92246"}],"wp:term":[{"taxonomy":"category","embeddable":true,"href":"https:\/\/www.boxrepsol.com\/es\/wp-json\/wp\/v2\/categories?post=92246"},{"taxonomy":"post_tag","embeddable":true,"href":"https:\/\/www.boxrepsol.com\/es\/wp-json\/wp\/v2\/tags?post=92246"}],"curies":[{"name":"wp","href":"https:\/\/api.w.org\/{rel}","templated":true}]}}