{"id":92228,"date":"2017-12-11T00:00:00","date_gmt":"2017-12-11T02:00:00","guid":{"rendered":"http:\/\/pre.boxrepsol.com\/sin-categorizar\/los-siete-momentos-la-semana-box-repsol-3\/"},"modified":"2024-05-21T06:50:59","modified_gmt":"2024-05-21T08:50:59","slug":"los-siete-momentos-la-semana-box-repsol-3","status":"publish","type":"post","link":"https:\/\/www.boxrepsol.com\/es\/motogp\/los-siete-momentos-la-semana-box-repsol-3\/","title":{"rendered":"Los siete momentos de la semana en Box Repsol"},"content":{"rendered":"<p>Arrancamos la semana desde Jap\u00f3n celebrando junto Marc y Dani el #HondaRacingThanksDay2017. Un d\u00eda especial donde toda la familia Honda se re\u00fane para celebrar los logros de todas y cada una de sus disciplinas deportivas del mundo del motor.<\/p>\n<blockquote style=\"background: #FFF; border: 0; border-radius: 3px; box-shadow: 0 0 1px 0 rgba(0,0,0,0.5),0 1px 10px 0 rgba(0,0,0,0.15); margin: 1px; max-width: 658px; padding: 0; width: calc(100% - 2px);\" data-instgrm-captioned=\"\" data-instgrm-version=\"7\">\n<p style=\"margin: 8px 0 0 0; padding: 0 4px;\"><a style=\"color: #000; font-family: Arial,sans-serif; font-size: 14px; font-style: normal; font-weight: normal; line-height: 17px; text-decoration: none; word-wrap: break-word;\" href=\"https:\/\/www.instagram.com\/p\/BcRuFYdlSv_\/\" target=\"_blank\" rel=\"noopener noreferrer\">Miles de aficionados en #Motegi para disfrutar de la compa\u00f1\u00eda de #MM93 y #DP26 en el #HondaRacingThanksDay2017\u00a0?? Un d\u00eda para darse un gran ba\u00f1o de masas??\u00a0y mostrar sus habilidades\u00a0? Thousands of fans in #Motegi to enjoy a day with #MM93 and #DP26 at the #HondaRacingThanksDay2017\u00a0?? A day to make the most of the crowds\u00a0??and show off their skills\u00a0? ? @hrc_motogp<\/a><\/p>\n<p style=\"color: #c9c8cd; font-family: Arial,sans-serif; font-size: 14px; line-height: 17px; margin-bottom: 0; margin-top: 8px; overflow: hidden; padding: 8px 0 7px; text-align: center; text-overflow: ellipsis; white-space: nowrap;\">Una publicaci\u00f3n compartida de Box Repsol (@box_repsol) el <time style=\"font-family: Arial,sans-serif; font-size: 14px; line-height: 17px;\" datetime=\"2017-12-04T10:25:04+00:00\">4 de Dic de 2017 a la(s) 2:25 PST<\/time><\/p>\n<\/blockquote>\n<p>\nY por supuesto, Dani se siente en Jap\u00f3n como en casa. En uno de los trazados donde \u00e9l es el rey del circuito, \u00a1Repasamos sus logros de esta temporada!<\/p>\n<blockquote data-lang=\"es\">\n<p dir=\"ltr\" lang=\"es\">Que bien se siente <a href=\"https:\/\/twitter.com\/hashtag\/DP26?src=hash&amp;ref_src=twsrc%5Etfw\">#DP26<\/a> en casa\u263a\ufe0f \u00a1Grandes alegr\u00edas las que han compartido nuestros seguidores a lo largo de esta temporada! ??<br \/>\n<a href=\"https:\/\/twitter.com\/hashtag\/SpanishGP?src=hash&amp;ref_src=twsrc%5Etfw\">#SpanishGP<\/a> 1\ufe0f\u20e3<br \/>\n<a href=\"https:\/\/twitter.com\/hashtag\/ValenciaGP?src=hash&amp;ref_src=twsrc%5Etfw\">#ValenciaGP<\/a> 1\ufe0f\u20e3<br \/>\n<a href=\"https:\/\/twitter.com\/hashtag\/AragonGP?src=hash&amp;ref_src=twsrc%5Etfw\">#AragonGP<\/a> 2\ufe0f\u20e3<br \/>\n<a href=\"https:\/\/twitter.com\/hashtag\/CatalunyaGP?src=hash&amp;ref_src=twsrc%5Etfw\">#CatalunyaGP<\/a> 3\ufe0f\u20e3 <a href=\"https:\/\/t.co\/Kmt6JhAfnv\">pic.twitter.com\/Kmt6JhAfnv<\/a><\/p>\n<p>\u2014 Box_Repsol (@box_repsol) <a href=\"https:\/\/twitter.com\/box_repsol\/status\/937981874990874624?ref_src=twsrc%5Etfw\">5 de diciembre de 2017<\/a><\/p>\n<\/blockquote>\n<p>Y de Jap\u00f3n a la monta\u00f1a. Marc estos d\u00edas de descanso, ha decidido disfrutar de la naturaleza, relajarse, recargar las pilas y prepararse para una nueva temporada de adrenalina a la que nos tiene m\u00e1s que acostumbrados.<\/p>\n<blockquote style=\"background: #FFF; border: 0; border-radius: 3px; box-shadow: 0 0 1px 0 rgba(0,0,0,0.5),0 1px 10px 0 rgba(0,0,0,0.15); margin: 1px; max-width: 658px; padding: 0; width: calc(100% - 2px);\" data-instgrm-captioned=\"\" data-instgrm-version=\"7\">\n<p style=\"margin: 8px 0 0 0; padding: 0 4px;\"><a style=\"color: #000; font-family: Arial,sans-serif; font-size: 14px; font-style: normal; font-weight: normal; line-height: 17px; text-decoration: none; word-wrap: break-word;\" href=\"https:\/\/www.instagram.com\/p\/BcUYUMxFwrd\/\" target=\"_blank\" rel=\"noopener noreferrer\">Una mochila ?, calzado adecuado ?, alimento energ\u00e9tico? un m\u00f3vil?y, por supuesto, buena compa\u00f1\u00eda. Es todo lo que necesita #MM93 para disfrutar de la naturaleza y la monta\u00f1a, tanto en verano \u26f0 como en invierno ?. A backpack ?, the right footwear ?, high-energy food?, a phone?just in case and, of course, good company. That&#8217;s everything #MM93 needs to enjoy a bit of nature in the mountains, whether it&#8217;s summer \u26f0 or winter ?. + info ?bio<\/a><\/p>\n<p style=\"color: #c9c8cd; font-family: Arial,sans-serif; font-size: 14px; line-height: 17px; margin-bottom: 0; margin-top: 8px; overflow: hidden; padding: 8px 0 7px; text-align: center; text-overflow: ellipsis; white-space: nowrap;\">Una publicaci\u00f3n compartida de Box Repsol (@box_repsol) el <time style=\"font-family: Arial,sans-serif; font-size: 14px; line-height: 17px;\" datetime=\"2017-12-05T11:12:34+00:00\">5 de Dic de 2017 a la(s) 3:12 PST<\/time><\/p>\n<\/blockquote>\n<p>\n\u00bfAlguna vez te has preguntado cuantos kil\u00f3metros podr\u00edas recorrer en un d\u00eda con tu moto? Pues Carl Reese, se lo plante\u00f3 y lo llev\u00f3 a cabo. Este estadounidense se lo tom\u00f3 tan enserio que super\u00f3 el hasta la fecha Record Guiness de Mattehew McKelvey \u00a1\u00c9chale un vistazo al v\u00eddeo para ver este r\u00e9cord!<br \/>\n<iframe loading=\"lazy\" style=\"border: none; overflow: hidden;\" src=\"https:\/\/www.facebook.com\/plugins\/video.php?href=https%3A%2F%2Fwww.facebook.com%2FBoxRepsol%2Fvideos%2F10155248004206139%2F&amp;show_text=1&amp;width=560\" width=\"560\" height=\"587\" frameborder=\"0\" scrolling=\"no\" allowfullscreen=\"allowfullscreen\"><\/iframe><br \/>\nUno de los post m\u00e1s vistos esta semana en Twitter ha sido el de \u201cMotos m\u00e1s r\u00e1pidas del mundo\u201d, \u00bfHubiese completado Carl Reese en menos tiempo su r\u00e9cord con alguna de estas motos? \u00bfT\u00fa qu\u00e9 crees?<br \/>\n<iframe loading=\"lazy\" style=\"border: none; overflow: hidden;\" src=\"https:\/\/www.facebook.com\/plugins\/post.php?href=https%3A%2F%2Fwww.facebook.com%2FBoxRepsol%2Fposts%2F10155242467911139&amp;width=500\" width=\"500\" height=\"501\" frameborder=\"0\" scrolling=\"no\"><\/iframe><br \/>\nLos amantes de las motos nos han demostrado que tienen mucho ingenio y destreza, si no juzgad vosotros mismos a estas maravillas de las dos ruedas hechas a base de latas.<\/p>\n<blockquote data-width=\"500\">\n<p lang=\"es\" dir=\"ltr\">Motos hechas de lata. S\u00ed, s\u00ed, lees bien. \u00a1Te las ense\u00f1amos!<br \/>? <a href=\"https:\/\/t.co\/yhjN9kb29k\">https:\/\/t.co\/yhjN9kb29k<\/a><a href=\"https:\/\/twitter.com\/hashtag\/Motosdelata?src=hash&amp;ref_src=twsrc%5Etfw\">#Motosdelata<\/a> <a href=\"https:\/\/twitter.com\/hashtag\/Artemotero?src=hash&amp;ref_src=twsrc%5Etfw\">#Artemotero<\/a> <a href=\"https:\/\/t.co\/PAFufiHaQ7\">pic.twitter.com\/PAFufiHaQ7<\/a><\/p>\n<p>&mdash; Box_Repsol (@box_repsol) <a href=\"https:\/\/twitter.com\/box_repsol\/status\/938800285715238913?ref_src=twsrc%5Etfw\">December 7, 2017<\/a><\/p>\n<\/blockquote>\n<p>\nPor \u00faltimo, te recomendamos un post qu\u00e9 puede ser muy \u00fatil si eres de los que no se atreve a jubilar su vieja moto. Este art\u00edculo es la soluci\u00f3n para que deje de coger polvo en el garaje y luzca como el primer d\u00eda, eso s\u00ed, has de dedicarle mucho tiempo y esfuerzo, porque no es tarea f\u00e1cil.<\/p>\n<blockquote data-width=\"500\">\n<p lang=\"es\" dir=\"ltr\">La quieres mucho, pero ha llegado el momento de despedirse de ella. Os dejamos algunas ideas y consejos sobre qu\u00e9 pod\u00e9is hacer con vuestra antigua moto.<br \/>? <a href=\"https:\/\/t.co\/osudIijvX0\">https:\/\/t.co\/osudIijvX0<\/a><a href=\"https:\/\/twitter.com\/hashtag\/Motoantigua?src=hash&amp;ref_src=twsrc%5Etfw\">#Motoantigua<\/a> <a href=\"https:\/\/twitter.com\/hashtag\/Consejosmoteros?src=hash&amp;ref_src=twsrc%5Etfw\">#Consejosmoteros<\/a> <a href=\"https:\/\/t.co\/TARD8MaQjN\">pic.twitter.com\/TARD8MaQjN<\/a><\/p>\n<p>&mdash; Box_Repsol (@box_repsol) <a href=\"https:\/\/twitter.com\/box_repsol\/status\/938747422553071616?ref_src=twsrc%5Etfw\">December 7, 2017<\/a><\/p>\n<\/blockquote>\n","protected":false},"excerpt":{"rendered":"<p>Os presentamos una recopilaci\u00f3n de lo mejor de la semana en nuestras redes.<\/p>\n","protected":false},"author":43146,"featured_media":92229,"comment_status":"open","ping_status":"open","sticky":false,"template":"","format":"standard","meta":{"footnotes":""},"categories":[4],"tags":[176],"class_list":["post-92228","post","type-post","status-publish","format-standard","hentry","category-motogp","tag-mejores-momentos"],"yoast_head":"<!-- This site is optimized with the Yoast SEO plugin v27.3 - https:\/\/yoast.com\/product\/yoast-seo-wordpress\/ -->\n<title>Los siete momentos de la semana en Box Repsol - Box Repsol<\/title>\n<link rel=\"canonical\" href=\"https:\/\/www.boxrepsol.com\/es\/motogp\/los-siete-momentos-la-semana-box-repsol-3\/\" \/>\n<meta property=\"og:locale\" content=\"es_ES\" \/>\n<meta property=\"og:type\" content=\"article\" \/>\n<meta property=\"og:title\" content=\"Los siete momentos de la semana en Box Repsol - Box Repsol\" \/>\n<meta property=\"og:description\" content=\"Os presentamos una recopilaci\u00f3n de lo mejor de la semana en nuestras redes.\" \/>\n<meta property=\"og:url\" content=\"https:\/\/www.boxrepsol.com\/es\/motogp\/los-siete-momentos-la-semana-box-repsol-3\/\" \/>\n<meta property=\"og:site_name\" content=\"Box Repsol\" \/>\n<meta property=\"article:publisher\" content=\"https:\/\/www.facebook.com\/BoxRepsol\" \/>\n<meta property=\"article:author\" content=\"https:\/\/www.facebook.com\/BoxRepsol\/\" \/>\n<meta property=\"article:published_time\" content=\"2017-12-11T02:00:00+00:00\" \/>\n<meta property=\"article:modified_time\" content=\"2024-05-21T08:50:59+00:00\" \/>\n<meta property=\"og:image\" content=\"https:\/\/bxrepsol.s3.eu-west-1.amazonaws.com\/static\/2023\/02\/24101029\/7-Momentos-11122017-1.png\" \/>\n\t<meta property=\"og:image:width\" content=\"986\" \/>\n\t<meta property=\"og:image:height\" content=\"555\" \/>\n\t<meta property=\"og:image:type\" content=\"image\/png\" \/>\n<meta name=\"author\" content=\"Redacci\u00f3n Box Repsol\" \/>\n<meta name=\"twitter:card\" content=\"summary_large_image\" \/>\n<meta name=\"twitter:creator\" content=\"@https:\/\/twitter.com\/box_repsol\" \/>\n<meta name=\"twitter:site\" content=\"@box_repsol\" \/>\n<meta name=\"twitter:label1\" content=\"Written by\" \/>\n\t<meta name=\"twitter:data1\" content=\"Redacci\u00f3n Box Repsol\" \/>\n\t<meta name=\"twitter:label2\" content=\"Est. reading time\" \/>\n\t<meta name=\"twitter:data2\" content=\"3 minutos\" \/>\n<script type=\"application\/ld+json\" class=\"yoast-schema-graph\">{\"@context\":\"https:\\\/\\\/schema.org\",\"@graph\":[{\"@type\":\"Article\",\"@id\":\"https:\\\/\\\/www.boxrepsol.com\\\/es\\\/motogp\\\/los-siete-momentos-la-semana-box-repsol-3\\\/#article\",\"isPartOf\":{\"@id\":\"https:\\\/\\\/www.boxrepsol.com\\\/es\\\/motogp\\\/los-siete-momentos-la-semana-box-repsol-3\\\/\"},\"author\":{\"name\":\"Redacci\u00f3n Box Repsol\",\"@id\":\"https:\\\/\\\/www.boxrepsol.com\\\/es\\\/#\\\/schema\\\/person\\\/c5c2138f2cca251b0ad92b7086bb60b7\"},\"headline\":\"Los siete momentos de la semana en Box Repsol\",\"datePublished\":\"2017-12-11T02:00:00+00:00\",\"dateModified\":\"2024-05-21T08:50:59+00:00\",\"mainEntityOfPage\":{\"@id\":\"https:\\\/\\\/www.boxrepsol.com\\\/es\\\/motogp\\\/los-siete-momentos-la-semana-box-repsol-3\\\/\"},\"wordCount\":600,\"commentCount\":0,\"publisher\":{\"@id\":\"https:\\\/\\\/www.boxrepsol.com\\\/es\\\/#organization\"},\"image\":{\"@id\":\"https:\\\/\\\/www.boxrepsol.com\\\/es\\\/motogp\\\/los-siete-momentos-la-semana-box-repsol-3\\\/#primaryimage\"},\"thumbnailUrl\":\"https:\\\/\\\/bxrepsol.s3.eu-west-1.amazonaws.com\\\/static\\\/2023\\\/02\\\/24101029\\\/7-Momentos-11122017-1.png\",\"keywords\":[\"mejores momentos\"],\"articleSection\":[\"MotoGP\"],\"inLanguage\":\"es\",\"potentialAction\":[{\"@type\":\"CommentAction\",\"name\":\"Comment\",\"target\":[\"https:\\\/\\\/www.boxrepsol.com\\\/es\\\/motogp\\\/los-siete-momentos-la-semana-box-repsol-3\\\/#respond\"]}]},{\"@type\":\"WebPage\",\"@id\":\"https:\\\/\\\/www.boxrepsol.com\\\/es\\\/motogp\\\/los-siete-momentos-la-semana-box-repsol-3\\\/\",\"url\":\"https:\\\/\\\/www.boxrepsol.com\\\/es\\\/motogp\\\/los-siete-momentos-la-semana-box-repsol-3\\\/\",\"name\":\"Los siete momentos de la semana en Box Repsol - Box Repsol\",\"isPartOf\":{\"@id\":\"https:\\\/\\\/www.boxrepsol.com\\\/es\\\/#website\"},\"primaryImageOfPage\":{\"@id\":\"https:\\\/\\\/www.boxrepsol.com\\\/es\\\/motogp\\\/los-siete-momentos-la-semana-box-repsol-3\\\/#primaryimage\"},\"image\":{\"@id\":\"https:\\\/\\\/www.boxrepsol.com\\\/es\\\/motogp\\\/los-siete-momentos-la-semana-box-repsol-3\\\/#primaryimage\"},\"thumbnailUrl\":\"https:\\\/\\\/bxrepsol.s3.eu-west-1.amazonaws.com\\\/static\\\/2023\\\/02\\\/24101029\\\/7-Momentos-11122017-1.png\",\"datePublished\":\"2017-12-11T02:00:00+00:00\",\"dateModified\":\"2024-05-21T08:50:59+00:00\",\"breadcrumb\":{\"@id\":\"https:\\\/\\\/www.boxrepsol.com\\\/es\\\/motogp\\\/los-siete-momentos-la-semana-box-repsol-3\\\/#breadcrumb\"},\"inLanguage\":\"es\",\"potentialAction\":[{\"@type\":\"ReadAction\",\"target\":[\"https:\\\/\\\/www.boxrepsol.com\\\/es\\\/motogp\\\/los-siete-momentos-la-semana-box-repsol-3\\\/\"]}]},{\"@type\":\"ImageObject\",\"inLanguage\":\"es\",\"@id\":\"https:\\\/\\\/www.boxrepsol.com\\\/es\\\/motogp\\\/los-siete-momentos-la-semana-box-repsol-3\\\/#primaryimage\",\"url\":\"https:\\\/\\\/bxrepsol.s3.eu-west-1.amazonaws.com\\\/static\\\/2023\\\/02\\\/24101029\\\/7-Momentos-11122017-1.png\",\"contentUrl\":\"https:\\\/\\\/bxrepsol.s3.eu-west-1.amazonaws.com\\\/static\\\/2023\\\/02\\\/24101029\\\/7-Momentos-11122017-1.png\",\"width\":986,\"height\":555,\"caption\":\"7 momentos de la semana en el Box Repsol.\"},{\"@type\":\"BreadcrumbList\",\"@id\":\"https:\\\/\\\/www.boxrepsol.com\\\/es\\\/motogp\\\/los-siete-momentos-la-semana-box-repsol-3\\\/#breadcrumb\",\"itemListElement\":[{\"@type\":\"ListItem\",\"position\":1,\"name\":\"Home\",\"item\":\"https:\\\/\\\/www.boxrepsol.com\\\/es\\\/\"},{\"@type\":\"ListItem\",\"position\":2,\"name\":\"Los siete momentos de la semana en Box Repsol\"}]},{\"@type\":\"WebSite\",\"@id\":\"https:\\\/\\\/www.boxrepsol.com\\\/es\\\/#website\",\"url\":\"https:\\\/\\\/www.boxrepsol.com\\\/es\\\/\",\"name\":\"Box Repsol\",\"description\":\"Box Repsol Site\",\"publisher\":{\"@id\":\"https:\\\/\\\/www.boxrepsol.com\\\/es\\\/#organization\"},\"potentialAction\":[{\"@type\":\"SearchAction\",\"target\":{\"@type\":\"EntryPoint\",\"urlTemplate\":\"https:\\\/\\\/www.boxrepsol.com\\\/es\\\/?s={search_term_string}\"},\"query-input\":{\"@type\":\"PropertyValueSpecification\",\"valueRequired\":true,\"valueName\":\"search_term_string\"}}],\"inLanguage\":\"es\"},{\"@type\":\"Organization\",\"@id\":\"https:\\\/\\\/www.boxrepsol.com\\\/es\\\/#organization\",\"name\":\"Box Repsol\",\"url\":\"https:\\\/\\\/www.boxrepsol.com\\\/es\\\/\",\"logo\":{\"@type\":\"ImageObject\",\"inLanguage\":\"es\",\"@id\":\"https:\\\/\\\/www.boxrepsol.com\\\/es\\\/#\\\/schema\\\/logo\\\/image\\\/\",\"url\":\"https:\\\/\\\/bxrepsol.s3.eu-west-1.amazonaws.com\\\/static\\\/2025\\\/07\\\/30083337\\\/favicon-96x96-1.png\",\"contentUrl\":\"https:\\\/\\\/bxrepsol.s3.eu-west-1.amazonaws.com\\\/static\\\/2025\\\/07\\\/30083337\\\/favicon-96x96-1.png\",\"width\":96,\"height\":96,\"caption\":\"Box Repsol\"},\"image\":{\"@id\":\"https:\\\/\\\/www.boxrepsol.com\\\/es\\\/#\\\/schema\\\/logo\\\/image\\\/\"},\"sameAs\":[\"https:\\\/\\\/www.facebook.com\\\/BoxRepsol\",\"https:\\\/\\\/x.com\\\/box_repsol\",\"http:\\\/\\\/instagram.com\\\/box_repsol\",\"https:\\\/\\\/www.youtube.com\\\/user\\\/RepsolCompeticion\",\"https:\\\/\\\/www.flickr.com\\\/photos\\\/box_repsol\\\/\"]},{\"@type\":\"Person\",\"@id\":\"https:\\\/\\\/www.boxrepsol.com\\\/es\\\/#\\\/schema\\\/person\\\/c5c2138f2cca251b0ad92b7086bb60b7\",\"name\":\"Redacci\u00f3n Box Repsol\",\"image\":{\"@type\":\"ImageObject\",\"inLanguage\":\"es\",\"@id\":\"https:\\\/\\\/secure.gravatar.com\\\/avatar\\\/adf7b77e38b4419baf32c7e9c21dde01f4e40df611f0978e3006fc4ba0aaab7e?s=96&d=mm&r=g\",\"url\":\"https:\\\/\\\/secure.gravatar.com\\\/avatar\\\/adf7b77e38b4419baf32c7e9c21dde01f4e40df611f0978e3006fc4ba0aaab7e?s=96&d=mm&r=g\",\"contentUrl\":\"https:\\\/\\\/secure.gravatar.com\\\/avatar\\\/adf7b77e38b4419baf32c7e9c21dde01f4e40df611f0978e3006fc4ba0aaab7e?s=96&d=mm&r=g\",\"caption\":\"Redacci\u00f3n Box Repsol\"},\"description\":\"Box Repsol lo forma un equipo de periodistas, community managers, dise\u00f1adores y fot\u00f3grafos con m\u00e1s de 20 a\u00f1os de experiencia en el mundo del motorsport. Hemos vivido el primer mundial de un espa\u00f1ol en la categor\u00eda reina de motociclismo con \u00c1lex Crivill\u00e9, estuvimos en las victorias de Pedrosa y los t\u00edtulos de M\u00e1rquez, acompa\u00f1amos en \u00c1frica a Nani Roma y Marc Coma en sus conquistas del Dakar y hemos vibrado con los t\u00edtulos de Toni Bou en Trial. Adem\u00e1s, en nuestro equipo contamos con expertos en el mundo de las dos y cuatro ruedas tanto de la calle y las carreteras, como de los circuitos. Periodistas que han trabajado en revistas y publicaciones para hacerte llegar desde rutas y consejos de mantenimiento, a curiosidades y trucos de pilotaje.\",\"sameAs\":[\"https:\\\/\\\/www.facebook.com\\\/BoxRepsol\\\/\",\"https:\\\/\\\/www.instagram.com\\\/box_repsol\\\/\",\"https:\\\/\\\/x.com\\\/https:\\\/\\\/twitter.com\\\/box_repsol\",\"https:\\\/\\\/www.youtube.com\\\/@Boxrepsol\"],\"url\":\"https:\\\/\\\/www.boxrepsol.com\\\/es\\\/author\\\/redaccion-box-repsol\\\/\"}]}<\/script>\n<!-- \/ Yoast SEO plugin. -->","yoast_head_json":{"title":"Los siete momentos de la semana en Box Repsol - Box Repsol","canonical":"https:\/\/www.boxrepsol.com\/es\/motogp\/los-siete-momentos-la-semana-box-repsol-3\/","og_locale":"es_ES","og_type":"article","og_title":"Los siete momentos de la semana en Box Repsol - Box Repsol","og_description":"Os presentamos una recopilaci\u00f3n de lo mejor de la semana en nuestras redes.","og_url":"https:\/\/www.boxrepsol.com\/es\/motogp\/los-siete-momentos-la-semana-box-repsol-3\/","og_site_name":"Box Repsol","article_publisher":"https:\/\/www.facebook.com\/BoxRepsol","article_author":"https:\/\/www.facebook.com\/BoxRepsol\/","article_published_time":"2017-12-11T02:00:00+00:00","article_modified_time":"2024-05-21T08:50:59+00:00","og_image":[{"width":986,"height":555,"url":"https:\/\/bxrepsol.s3.eu-west-1.amazonaws.com\/static\/2023\/02\/24101029\/7-Momentos-11122017-1.png","type":"image\/png"}],"author":"Redacci\u00f3n Box Repsol","twitter_card":"summary_large_image","twitter_creator":"@https:\/\/twitter.com\/box_repsol","twitter_site":"@box_repsol","twitter_misc":{"Written by":"Redacci\u00f3n Box Repsol","Est. reading time":"3 minutos"},"schema":{"@context":"https:\/\/schema.org","@graph":[{"@type":"Article","@id":"https:\/\/www.boxrepsol.com\/es\/motogp\/los-siete-momentos-la-semana-box-repsol-3\/#article","isPartOf":{"@id":"https:\/\/www.boxrepsol.com\/es\/motogp\/los-siete-momentos-la-semana-box-repsol-3\/"},"author":{"name":"Redacci\u00f3n Box Repsol","@id":"https:\/\/www.boxrepsol.com\/es\/#\/schema\/person\/c5c2138f2cca251b0ad92b7086bb60b7"},"headline":"Los siete momentos de la semana en Box Repsol","datePublished":"2017-12-11T02:00:00+00:00","dateModified":"2024-05-21T08:50:59+00:00","mainEntityOfPage":{"@id":"https:\/\/www.boxrepsol.com\/es\/motogp\/los-siete-momentos-la-semana-box-repsol-3\/"},"wordCount":600,"commentCount":0,"publisher":{"@id":"https:\/\/www.boxrepsol.com\/es\/#organization"},"image":{"@id":"https:\/\/www.boxrepsol.com\/es\/motogp\/los-siete-momentos-la-semana-box-repsol-3\/#primaryimage"},"thumbnailUrl":"https:\/\/bxrepsol.s3.eu-west-1.amazonaws.com\/static\/2023\/02\/24101029\/7-Momentos-11122017-1.png","keywords":["mejores momentos"],"articleSection":["MotoGP"],"inLanguage":"es","potentialAction":[{"@type":"CommentAction","name":"Comment","target":["https:\/\/www.boxrepsol.com\/es\/motogp\/los-siete-momentos-la-semana-box-repsol-3\/#respond"]}]},{"@type":"WebPage","@id":"https:\/\/www.boxrepsol.com\/es\/motogp\/los-siete-momentos-la-semana-box-repsol-3\/","url":"https:\/\/www.boxrepsol.com\/es\/motogp\/los-siete-momentos-la-semana-box-repsol-3\/","name":"Los siete momentos de la semana en Box Repsol - Box Repsol","isPartOf":{"@id":"https:\/\/www.boxrepsol.com\/es\/#website"},"primaryImageOfPage":{"@id":"https:\/\/www.boxrepsol.com\/es\/motogp\/los-siete-momentos-la-semana-box-repsol-3\/#primaryimage"},"image":{"@id":"https:\/\/www.boxrepsol.com\/es\/motogp\/los-siete-momentos-la-semana-box-repsol-3\/#primaryimage"},"thumbnailUrl":"https:\/\/bxrepsol.s3.eu-west-1.amazonaws.com\/static\/2023\/02\/24101029\/7-Momentos-11122017-1.png","datePublished":"2017-12-11T02:00:00+00:00","dateModified":"2024-05-21T08:50:59+00:00","breadcrumb":{"@id":"https:\/\/www.boxrepsol.com\/es\/motogp\/los-siete-momentos-la-semana-box-repsol-3\/#breadcrumb"},"inLanguage":"es","potentialAction":[{"@type":"ReadAction","target":["https:\/\/www.boxrepsol.com\/es\/motogp\/los-siete-momentos-la-semana-box-repsol-3\/"]}]},{"@type":"ImageObject","inLanguage":"es","@id":"https:\/\/www.boxrepsol.com\/es\/motogp\/los-siete-momentos-la-semana-box-repsol-3\/#primaryimage","url":"https:\/\/bxrepsol.s3.eu-west-1.amazonaws.com\/static\/2023\/02\/24101029\/7-Momentos-11122017-1.png","contentUrl":"https:\/\/bxrepsol.s3.eu-west-1.amazonaws.com\/static\/2023\/02\/24101029\/7-Momentos-11122017-1.png","width":986,"height":555,"caption":"7 momentos de la semana en el Box Repsol."},{"@type":"BreadcrumbList","@id":"https:\/\/www.boxrepsol.com\/es\/motogp\/los-siete-momentos-la-semana-box-repsol-3\/#breadcrumb","itemListElement":[{"@type":"ListItem","position":1,"name":"Home","item":"https:\/\/www.boxrepsol.com\/es\/"},{"@type":"ListItem","position":2,"name":"Los siete momentos de la semana en Box Repsol"}]},{"@type":"WebSite","@id":"https:\/\/www.boxrepsol.com\/es\/#website","url":"https:\/\/www.boxrepsol.com\/es\/","name":"Box Repsol","description":"Box Repsol Site","publisher":{"@id":"https:\/\/www.boxrepsol.com\/es\/#organization"},"potentialAction":[{"@type":"SearchAction","target":{"@type":"EntryPoint","urlTemplate":"https:\/\/www.boxrepsol.com\/es\/?s={search_term_string}"},"query-input":{"@type":"PropertyValueSpecification","valueRequired":true,"valueName":"search_term_string"}}],"inLanguage":"es"},{"@type":"Organization","@id":"https:\/\/www.boxrepsol.com\/es\/#organization","name":"Box Repsol","url":"https:\/\/www.boxrepsol.com\/es\/","logo":{"@type":"ImageObject","inLanguage":"es","@id":"https:\/\/www.boxrepsol.com\/es\/#\/schema\/logo\/image\/","url":"https:\/\/bxrepsol.s3.eu-west-1.amazonaws.com\/static\/2025\/07\/30083337\/favicon-96x96-1.png","contentUrl":"https:\/\/bxrepsol.s3.eu-west-1.amazonaws.com\/static\/2025\/07\/30083337\/favicon-96x96-1.png","width":96,"height":96,"caption":"Box Repsol"},"image":{"@id":"https:\/\/www.boxrepsol.com\/es\/#\/schema\/logo\/image\/"},"sameAs":["https:\/\/www.facebook.com\/BoxRepsol","https:\/\/x.com\/box_repsol","http:\/\/instagram.com\/box_repsol","https:\/\/www.youtube.com\/user\/RepsolCompeticion","https:\/\/www.flickr.com\/photos\/box_repsol\/"]},{"@type":"Person","@id":"https:\/\/www.boxrepsol.com\/es\/#\/schema\/person\/c5c2138f2cca251b0ad92b7086bb60b7","name":"Redacci\u00f3n Box Repsol","image":{"@type":"ImageObject","inLanguage":"es","@id":"https:\/\/secure.gravatar.com\/avatar\/adf7b77e38b4419baf32c7e9c21dde01f4e40df611f0978e3006fc4ba0aaab7e?s=96&d=mm&r=g","url":"https:\/\/secure.gravatar.com\/avatar\/adf7b77e38b4419baf32c7e9c21dde01f4e40df611f0978e3006fc4ba0aaab7e?s=96&d=mm&r=g","contentUrl":"https:\/\/secure.gravatar.com\/avatar\/adf7b77e38b4419baf32c7e9c21dde01f4e40df611f0978e3006fc4ba0aaab7e?s=96&d=mm&r=g","caption":"Redacci\u00f3n Box Repsol"},"description":"Box Repsol lo forma un equipo de periodistas, community managers, dise\u00f1adores y fot\u00f3grafos con m\u00e1s de 20 a\u00f1os de experiencia en el mundo del motorsport. Hemos vivido el primer mundial de un espa\u00f1ol en la categor\u00eda reina de motociclismo con \u00c1lex Crivill\u00e9, estuvimos en las victorias de Pedrosa y los t\u00edtulos de M\u00e1rquez, acompa\u00f1amos en \u00c1frica a Nani Roma y Marc Coma en sus conquistas del Dakar y hemos vibrado con los t\u00edtulos de Toni Bou en Trial. Adem\u00e1s, en nuestro equipo contamos con expertos en el mundo de las dos y cuatro ruedas tanto de la calle y las carreteras, como de los circuitos. Periodistas que han trabajado en revistas y publicaciones para hacerte llegar desde rutas y consejos de mantenimiento, a curiosidades y trucos de pilotaje.","sameAs":["https:\/\/www.facebook.com\/BoxRepsol\/","https:\/\/www.instagram.com\/box_repsol\/","https:\/\/x.com\/https:\/\/twitter.com\/box_repsol","https:\/\/www.youtube.com\/@Boxrepsol"],"url":"https:\/\/www.boxrepsol.com\/es\/author\/redaccion-box-repsol\/"}]}},"_links":{"self":[{"href":"https:\/\/www.boxrepsol.com\/es\/wp-json\/wp\/v2\/posts\/92228","targetHints":{"allow":["GET"]}}],"collection":[{"href":"https:\/\/www.boxrepsol.com\/es\/wp-json\/wp\/v2\/posts"}],"about":[{"href":"https:\/\/www.boxrepsol.com\/es\/wp-json\/wp\/v2\/types\/post"}],"author":[{"embeddable":true,"href":"https:\/\/www.boxrepsol.com\/es\/wp-json\/wp\/v2\/users\/43146"}],"replies":[{"embeddable":true,"href":"https:\/\/www.boxrepsol.com\/es\/wp-json\/wp\/v2\/comments?post=92228"}],"version-history":[{"count":1,"href":"https:\/\/www.boxrepsol.com\/es\/wp-json\/wp\/v2\/posts\/92228\/revisions"}],"predecessor-version":[{"id":116375,"href":"https:\/\/www.boxrepsol.com\/es\/wp-json\/wp\/v2\/posts\/92228\/revisions\/116375"}],"wp:featuredmedia":[{"embeddable":true,"href":"https:\/\/www.boxrepsol.com\/es\/wp-json\/wp\/v2\/media\/92229"}],"wp:attachment":[{"href":"https:\/\/www.boxrepsol.com\/es\/wp-json\/wp\/v2\/media?parent=92228"}],"wp:term":[{"taxonomy":"category","embeddable":true,"href":"https:\/\/www.boxrepsol.com\/es\/wp-json\/wp\/v2\/categories?post=92228"},{"taxonomy":"post_tag","embeddable":true,"href":"https:\/\/www.boxrepsol.com\/es\/wp-json\/wp\/v2\/tags?post=92228"}],"curies":[{"name":"wp","href":"https:\/\/api.w.org\/{rel}","templated":true}]}}