{"id":92158,"date":"2017-11-28T00:00:00","date_gmt":"2017-11-28T02:00:00","guid":{"rendered":"http:\/\/pre.boxrepsol.com\/sin-categorizar\/los-7-momentos-la-semana-box-repsol-2-3\/"},"modified":"2024-09-24T13:51:24","modified_gmt":"2024-09-24T15:51:24","slug":"los-7-momentos-la-semana-box-repsol-2-3","status":"publish","type":"post","link":"https:\/\/www.boxrepsol.com\/es\/motogp\/los-7-momentos-la-semana-box-repsol-2-3\/","title":{"rendered":"Los 7 momentos de la semana en Box Repsol"},"content":{"rendered":"<p>Seguimos de celebraci\u00f3n tras un Mundial de locura en el que el Equipo Repsol ha conseguido subir a lo m\u00e1s alto del podio. Y qu\u00e9 mejor manera de festejar la enorme temporada que acabamos de cerrar que ofreciendo a nuestros seguidores la posibilidad de conseguir una Honda CBR 1000. Para lograrla solo tienes que seguir las instrucciones que te explicamos con detalle en Box Repsol y en nuestra p\u00e1gina de Facebook.<\/p>\n<p>https:\/\/www.boxrepsol.com\/es\/zona-fan\/repsol-password\/<\/p>\n<p><a href=\"https:\/\/es-es.facebook.com\/BoxRepsol\/\">https:\/\/es-es.facebook.com\/BoxRepsol\/<\/a><\/p>\n<p>\u00bfQu\u00e9 mejor que unas buenas risas para cerrar el a\u00f1o? En nuestro canal de YouTube reunimos a ocho miembros de los equipos de Marc M\u00e1rquez y Dani Pedrosa para celebrar una competici\u00f3n muy especial: el que no se r\u00eda gana. Un avance: no se impuso ninguno de nuestros dos campeones.<\/p>\n<p>En Instagram, una de las fotos m\u00e1s celebradas de la semana ha sido esta en la que M\u00e1rquez reprodujo la salvada que nos regal\u00f3 en el Gran Premio de la Comunitat Valenciana. Tampoco aqu\u00ed se fue al suelo.<\/p>\n<blockquote style=\"background: #FFF; border: 0; border-radius: 3px; box-shadow: 0 0 1px 0 rgba(0,0,0,0.5),0 1px 10px 0 rgba(0,0,0,0.15); margin: 1px; max-width: 658px; padding: 0; width: calc(100% - 2px);\" data-instgrm-captioned=\"\" data-instgrm-version=\"7\">\n<p style=\"margin: 8px 0 0 0; padding: 0 4px;\"><a style=\"color: #000; font-family: Arial,sans-serif; font-size: 14px; font-style: normal; font-weight: normal; line-height: 17px; text-decoration: none; word-wrap: break-word;\" href=\"https:\/\/www.instagram.com\/p\/BbwI5O8FA04\/\" target=\"_blank\" rel=\"noopener noreferrer\">#MM93 y su &#8216;salvada&#8217; en Valencia ? ? Fren\u00f3 30 metros tarde \u2693\ufe0f ? Tom\u00f3 la curva a 153 km\/h ? ? La rueda frontal se desliz\u00f3 m\u00e1s de 50 metros? ? 64\u00ba de inclinaci\u00f3n ?? \u00a1Y no se cay\u00f3! ? ????? #Big6 #MM93 and his &#8216;save&#8217; in Valencia ? ? He braked 30 metres late \u2693\ufe0f ? He took the turn at 153 km\/h ? ? The front tyre slid over 50 metres? ? 64\u00ba angle ?? And he didn\u2019t fall! ? ????? #Big6<\/a><\/p>\n<p style=\"color: #c9c8cd; font-family: Arial,sans-serif; font-size: 14px; line-height: 17px; margin-bottom: 0; margin-top: 8px; overflow: hidden; padding: 8px 0 7px; text-align: center; text-overflow: ellipsis; white-space: nowrap;\">Una publicaci\u00f3n compartida de Box Repsol (@box_repsol) el <time style=\"font-family: Arial,sans-serif; font-size: 14px; line-height: 17px;\" datetime=\"2017-11-21T09:25:09+00:00\">21 de Nov de 2017 a la(s) 1:25 PST<\/time><\/p>\n<\/blockquote>\n<p>Tambi\u00e9n en esta red social os hemos ofrecido una imagen poco habitual del piloto de Cervera vestido de traje. Perdonad el chiste malo, pero pocas veces ver\u00e9is a una hormiga con pajarita.<\/p>\n<blockquote style=\"background: #FFF; border: 0; border-radius: 3px; box-shadow: 0 0 1px 0 rgba(0,0,0,0.5),0 1px 10px 0 rgba(0,0,0,0.15); margin: 1px; max-width: 658px; padding: 0; width: calc(100% - 2px);\" data-instgrm-captioned=\"\" data-instgrm-version=\"7\">\n<p style=\"margin: 8px 0 0 0; padding: 0 4px;\"><a style=\"color: #000; font-family: Arial,sans-serif; font-size: 14px; font-style: normal; font-weight: normal; line-height: 17px; text-decoration: none; word-wrap: break-word;\" href=\"https:\/\/www.instagram.com\/p\/Bb_k2E7lcKC\/\" target=\"_blank\" rel=\"noopener noreferrer\">\u00bfQui\u00e9n recibi\u00f3 anoche el premio en los #FIMAwards2017 por su t\u00edtulo mundial de\u00a0MotoGP\u00a02017?\u00a0?? Guess who received the award for his\u00a0#MotoGP\u00a02017 world title last night at the\u00a0#FIMAwards2017?? ?\u00a0via\u00a0@marcmarquez93<\/a><\/p>\n<p style=\"color: #c9c8cd; font-family: Arial,sans-serif; font-size: 14px; line-height: 17px; margin-bottom: 0; margin-top: 8px; overflow: hidden; padding: 8px 0 7px; text-align: center; text-overflow: ellipsis; white-space: nowrap;\">Una publicaci\u00f3n compartida de Box Repsol (@box_repsol) el <time style=\"font-family: Arial,sans-serif; font-size: 14px; line-height: 17px;\" datetime=\"2017-11-27T09:18:00+00:00\">27 de Nov de 2017 a la(s) 1:18 PST<\/time><\/p>\n<\/blockquote>\n<p>En nuestro apartado de reportajes del Box Repsol te hemos contado que el piloto Isidre Esteve ya va rumbo a Suram\u00e9rica para participar en el Dakar. El deportista de Lleida se pondr\u00e1 al volante del prototipo BV6 de Sodicars Racing con los mandos adaptados. \u00a1Suerte, Isidre!<\/p>\n<p><a href=\"https:\/\/www.boxrepsol.com\/es\/rally\/el-coche-de-isidre-esteve-y-la-caravana-del-dakar-rumbo-a-sudamerica\/\">https:\/\/www.boxrepsol.com\/es\/rally\/el-coche-de-isidre-esteve-y-la-caravana-del-dakar-rumbo-a-sudamerica\/<\/a><\/p>\n<p>Esta semana tambi\u00e9n hemos tratado el apasionante mundo de los vinilos y las motos. Parecen simples pegatinas, pero ponerlos no es tan f\u00e1cil como parece. Si quieres que tu moto sea \u00fanica, no te pierdas este post.<\/p>\n<p><a href=\"https:\/\/www.boxrepsol.com\/es\/cultura-motera\/poner-quitar-vinilos-moto\/\">https:\/\/www.boxrepsol.com\/es\/cultura-motera\/poner-quitar-vinilos-moto\/<\/a><\/p>\n<p>Se acerca la Navidad, y con ella, los regalos. En este reportaje te hablamos sobre las motos de radiocontrol. \u00a1P\u00eddete una!<\/p>\n<p><a href=\"https:\/\/www.boxrepsol.com\/es\/cultura-motera\/motos-radiocontrol-quieres-una-lo-sabes\/\">https:\/\/www.boxrepsol.com\/es\/cultura-motera\/motos-radiocontrol-quieres-una-lo-sabes\/<\/a><\/p>\n<p>\u00a1La semana que viene m\u00e1s!<\/p>\n<p>Foto cabecera: Repsol<\/p>\n","protected":false},"excerpt":{"rendered":"<p>\u00a1Hemos hecho un resumen de lo mejor de la semana en Box Repsol para que no os perd\u00e1is nada!<\/p>\n","protected":false},"author":43146,"featured_media":92159,"comment_status":"open","ping_status":"open","sticky":false,"template":"","format":"standard","meta":{"footnotes":""},"categories":[4],"tags":[176],"class_list":["post-92158","post","type-post","status-publish","format-standard","hentry","category-motogp","tag-mejores-momentos"],"yoast_head":"<!-- This site is optimized with the Yoast SEO plugin v27.3 - https:\/\/yoast.com\/product\/yoast-seo-wordpress\/ -->\n<title>Los mejores momentos de la semana en Box Repsol - Box Repsol<\/title>\n<meta name=\"description\" content=\"Seguimos de celebraci\u00f3n tras un Mundial de locura en el que el Equipo Repsol ha conseguido subir a lo m\u00e1s alto del podio.\" \/>\n<link rel=\"canonical\" href=\"https:\/\/www.boxrepsol.com\/es\/motogp\/los-7-momentos-la-semana-box-repsol-2-3\/\" \/>\n<meta property=\"og:locale\" content=\"es_ES\" \/>\n<meta property=\"og:type\" content=\"article\" \/>\n<meta property=\"og:title\" content=\"Los mejores momentos de la semana en Box Repsol - Box Repsol\" \/>\n<meta property=\"og:description\" content=\"Seguimos de celebraci\u00f3n tras un Mundial de locura en el que el Equipo Repsol ha conseguido subir a lo m\u00e1s alto del podio.\" \/>\n<meta property=\"og:url\" content=\"https:\/\/www.boxrepsol.com\/es\/motogp\/los-7-momentos-la-semana-box-repsol-2-3\/\" \/>\n<meta property=\"og:site_name\" content=\"Box Repsol\" \/>\n<meta property=\"article:publisher\" content=\"https:\/\/www.facebook.com\/BoxRepsol\" \/>\n<meta property=\"article:author\" content=\"https:\/\/www.facebook.com\/BoxRepsol\/\" \/>\n<meta property=\"article:published_time\" content=\"2017-11-28T02:00:00+00:00\" \/>\n<meta property=\"article:modified_time\" content=\"2024-09-24T15:51:24+00:00\" \/>\n<meta property=\"og:image\" content=\"https:\/\/bxrepsol.s3.eu-west-1.amazonaws.com\/static\/2023\/02\/24100948\/7-Momentos-27112017.png\" \/>\n\t<meta property=\"og:image:width\" content=\"986\" \/>\n\t<meta property=\"og:image:height\" content=\"555\" \/>\n\t<meta property=\"og:image:type\" content=\"image\/png\" \/>\n<meta name=\"author\" content=\"Redacci\u00f3n Box Repsol\" \/>\n<meta name=\"twitter:card\" content=\"summary_large_image\" \/>\n<meta name=\"twitter:creator\" content=\"@https:\/\/twitter.com\/box_repsol\" \/>\n<meta name=\"twitter:site\" content=\"@box_repsol\" \/>\n<meta name=\"twitter:label1\" content=\"Written by\" \/>\n\t<meta name=\"twitter:data1\" content=\"Redacci\u00f3n Box Repsol\" \/>\n\t<meta name=\"twitter:label2\" content=\"Est. reading time\" \/>\n\t<meta name=\"twitter:data2\" content=\"2 minutos\" \/>\n<script type=\"application\/ld+json\" class=\"yoast-schema-graph\">{\"@context\":\"https:\\\/\\\/schema.org\",\"@graph\":[{\"@type\":\"Article\",\"@id\":\"https:\\\/\\\/www.boxrepsol.com\\\/es\\\/motogp\\\/los-7-momentos-la-semana-box-repsol-2-3\\\/#article\",\"isPartOf\":{\"@id\":\"https:\\\/\\\/www.boxrepsol.com\\\/es\\\/motogp\\\/los-7-momentos-la-semana-box-repsol-2-3\\\/\"},\"author\":{\"name\":\"Redacci\u00f3n Box Repsol\",\"@id\":\"https:\\\/\\\/www.boxrepsol.com\\\/es\\\/#\\\/schema\\\/person\\\/c5c2138f2cca251b0ad92b7086bb60b7\"},\"headline\":\"Los 7 momentos de la semana en Box Repsol\",\"datePublished\":\"2017-11-28T02:00:00+00:00\",\"dateModified\":\"2024-09-24T15:51:24+00:00\",\"mainEntityOfPage\":{\"@id\":\"https:\\\/\\\/www.boxrepsol.com\\\/es\\\/motogp\\\/los-7-momentos-la-semana-box-repsol-2-3\\\/\"},\"wordCount\":488,\"commentCount\":0,\"publisher\":{\"@id\":\"https:\\\/\\\/www.boxrepsol.com\\\/es\\\/#organization\"},\"image\":{\"@id\":\"https:\\\/\\\/www.boxrepsol.com\\\/es\\\/motogp\\\/los-7-momentos-la-semana-box-repsol-2-3\\\/#primaryimage\"},\"thumbnailUrl\":\"https:\\\/\\\/bxrepsol.s3.eu-west-1.amazonaws.com\\\/static\\\/2023\\\/02\\\/24100948\\\/7-Momentos-27112017.png\",\"keywords\":[\"mejores momentos\"],\"articleSection\":[\"MotoGP\"],\"inLanguage\":\"es\",\"potentialAction\":[{\"@type\":\"CommentAction\",\"name\":\"Comment\",\"target\":[\"https:\\\/\\\/www.boxrepsol.com\\\/es\\\/motogp\\\/los-7-momentos-la-semana-box-repsol-2-3\\\/#respond\"]}]},{\"@type\":\"WebPage\",\"@id\":\"https:\\\/\\\/www.boxrepsol.com\\\/es\\\/motogp\\\/los-7-momentos-la-semana-box-repsol-2-3\\\/\",\"url\":\"https:\\\/\\\/www.boxrepsol.com\\\/es\\\/motogp\\\/los-7-momentos-la-semana-box-repsol-2-3\\\/\",\"name\":\"Los mejores momentos de la semana en Box Repsol - Box Repsol\",\"isPartOf\":{\"@id\":\"https:\\\/\\\/www.boxrepsol.com\\\/es\\\/#website\"},\"primaryImageOfPage\":{\"@id\":\"https:\\\/\\\/www.boxrepsol.com\\\/es\\\/motogp\\\/los-7-momentos-la-semana-box-repsol-2-3\\\/#primaryimage\"},\"image\":{\"@id\":\"https:\\\/\\\/www.boxrepsol.com\\\/es\\\/motogp\\\/los-7-momentos-la-semana-box-repsol-2-3\\\/#primaryimage\"},\"thumbnailUrl\":\"https:\\\/\\\/bxrepsol.s3.eu-west-1.amazonaws.com\\\/static\\\/2023\\\/02\\\/24100948\\\/7-Momentos-27112017.png\",\"datePublished\":\"2017-11-28T02:00:00+00:00\",\"dateModified\":\"2024-09-24T15:51:24+00:00\",\"description\":\"Seguimos de celebraci\u00f3n tras un Mundial de locura en el que el Equipo Repsol ha conseguido subir a lo m\u00e1s alto del podio.\",\"breadcrumb\":{\"@id\":\"https:\\\/\\\/www.boxrepsol.com\\\/es\\\/motogp\\\/los-7-momentos-la-semana-box-repsol-2-3\\\/#breadcrumb\"},\"inLanguage\":\"es\",\"potentialAction\":[{\"@type\":\"ReadAction\",\"target\":[\"https:\\\/\\\/www.boxrepsol.com\\\/es\\\/motogp\\\/los-7-momentos-la-semana-box-repsol-2-3\\\/\"]}]},{\"@type\":\"ImageObject\",\"inLanguage\":\"es\",\"@id\":\"https:\\\/\\\/www.boxrepsol.com\\\/es\\\/motogp\\\/los-7-momentos-la-semana-box-repsol-2-3\\\/#primaryimage\",\"url\":\"https:\\\/\\\/bxrepsol.s3.eu-west-1.amazonaws.com\\\/static\\\/2023\\\/02\\\/24100948\\\/7-Momentos-27112017.png\",\"contentUrl\":\"https:\\\/\\\/bxrepsol.s3.eu-west-1.amazonaws.com\\\/static\\\/2023\\\/02\\\/24100948\\\/7-Momentos-27112017.png\",\"width\":986,\"height\":555,\"caption\":\"Honda NSR, Marc M\u00e1rquez en traje, coche de Rally de Isidre Esteve\"},{\"@type\":\"BreadcrumbList\",\"@id\":\"https:\\\/\\\/www.boxrepsol.com\\\/es\\\/motogp\\\/los-7-momentos-la-semana-box-repsol-2-3\\\/#breadcrumb\",\"itemListElement\":[{\"@type\":\"ListItem\",\"position\":1,\"name\":\"Home\",\"item\":\"https:\\\/\\\/www.boxrepsol.com\\\/es\\\/\"},{\"@type\":\"ListItem\",\"position\":2,\"name\":\"Los 7 momentos de la semana en Box Repsol\"}]},{\"@type\":\"WebSite\",\"@id\":\"https:\\\/\\\/www.boxrepsol.com\\\/es\\\/#website\",\"url\":\"https:\\\/\\\/www.boxrepsol.com\\\/es\\\/\",\"name\":\"Box Repsol\",\"description\":\"Box Repsol Site\",\"publisher\":{\"@id\":\"https:\\\/\\\/www.boxrepsol.com\\\/es\\\/#organization\"},\"potentialAction\":[{\"@type\":\"SearchAction\",\"target\":{\"@type\":\"EntryPoint\",\"urlTemplate\":\"https:\\\/\\\/www.boxrepsol.com\\\/es\\\/?s={search_term_string}\"},\"query-input\":{\"@type\":\"PropertyValueSpecification\",\"valueRequired\":true,\"valueName\":\"search_term_string\"}}],\"inLanguage\":\"es\"},{\"@type\":\"Organization\",\"@id\":\"https:\\\/\\\/www.boxrepsol.com\\\/es\\\/#organization\",\"name\":\"Box Repsol\",\"url\":\"https:\\\/\\\/www.boxrepsol.com\\\/es\\\/\",\"logo\":{\"@type\":\"ImageObject\",\"inLanguage\":\"es\",\"@id\":\"https:\\\/\\\/www.boxrepsol.com\\\/es\\\/#\\\/schema\\\/logo\\\/image\\\/\",\"url\":\"https:\\\/\\\/bxrepsol.s3.eu-west-1.amazonaws.com\\\/static\\\/2025\\\/07\\\/30083337\\\/favicon-96x96-1.png\",\"contentUrl\":\"https:\\\/\\\/bxrepsol.s3.eu-west-1.amazonaws.com\\\/static\\\/2025\\\/07\\\/30083337\\\/favicon-96x96-1.png\",\"width\":96,\"height\":96,\"caption\":\"Box Repsol\"},\"image\":{\"@id\":\"https:\\\/\\\/www.boxrepsol.com\\\/es\\\/#\\\/schema\\\/logo\\\/image\\\/\"},\"sameAs\":[\"https:\\\/\\\/www.facebook.com\\\/BoxRepsol\",\"https:\\\/\\\/x.com\\\/box_repsol\",\"http:\\\/\\\/instagram.com\\\/box_repsol\",\"https:\\\/\\\/www.youtube.com\\\/user\\\/RepsolCompeticion\",\"https:\\\/\\\/www.flickr.com\\\/photos\\\/box_repsol\\\/\"]},{\"@type\":\"Person\",\"@id\":\"https:\\\/\\\/www.boxrepsol.com\\\/es\\\/#\\\/schema\\\/person\\\/c5c2138f2cca251b0ad92b7086bb60b7\",\"name\":\"Redacci\u00f3n Box Repsol\",\"image\":{\"@type\":\"ImageObject\",\"inLanguage\":\"es\",\"@id\":\"https:\\\/\\\/secure.gravatar.com\\\/avatar\\\/adf7b77e38b4419baf32c7e9c21dde01f4e40df611f0978e3006fc4ba0aaab7e?s=96&d=mm&r=g\",\"url\":\"https:\\\/\\\/secure.gravatar.com\\\/avatar\\\/adf7b77e38b4419baf32c7e9c21dde01f4e40df611f0978e3006fc4ba0aaab7e?s=96&d=mm&r=g\",\"contentUrl\":\"https:\\\/\\\/secure.gravatar.com\\\/avatar\\\/adf7b77e38b4419baf32c7e9c21dde01f4e40df611f0978e3006fc4ba0aaab7e?s=96&d=mm&r=g\",\"caption\":\"Redacci\u00f3n Box Repsol\"},\"description\":\"Box Repsol lo forma un equipo de periodistas, community managers, dise\u00f1adores y fot\u00f3grafos con m\u00e1s de 20 a\u00f1os de experiencia en el mundo del motorsport. Hemos vivido el primer mundial de un espa\u00f1ol en la categor\u00eda reina de motociclismo con \u00c1lex Crivill\u00e9, estuvimos en las victorias de Pedrosa y los t\u00edtulos de M\u00e1rquez, acompa\u00f1amos en \u00c1frica a Nani Roma y Marc Coma en sus conquistas del Dakar y hemos vibrado con los t\u00edtulos de Toni Bou en Trial. Adem\u00e1s, en nuestro equipo contamos con expertos en el mundo de las dos y cuatro ruedas tanto de la calle y las carreteras, como de los circuitos. Periodistas que han trabajado en revistas y publicaciones para hacerte llegar desde rutas y consejos de mantenimiento, a curiosidades y trucos de pilotaje.\",\"sameAs\":[\"https:\\\/\\\/www.facebook.com\\\/BoxRepsol\\\/\",\"https:\\\/\\\/www.instagram.com\\\/box_repsol\\\/\",\"https:\\\/\\\/x.com\\\/https:\\\/\\\/twitter.com\\\/box_repsol\",\"https:\\\/\\\/www.youtube.com\\\/@Boxrepsol\"],\"url\":\"https:\\\/\\\/www.boxrepsol.com\\\/es\\\/author\\\/redaccion-box-repsol\\\/\"}]}<\/script>\n<!-- \/ Yoast SEO plugin. -->","yoast_head_json":{"title":"Los mejores momentos de la semana en Box Repsol - Box Repsol","description":"Seguimos de celebraci\u00f3n tras un Mundial de locura en el que el Equipo Repsol ha conseguido subir a lo m\u00e1s alto del podio.","canonical":"https:\/\/www.boxrepsol.com\/es\/motogp\/los-7-momentos-la-semana-box-repsol-2-3\/","og_locale":"es_ES","og_type":"article","og_title":"Los mejores momentos de la semana en Box Repsol - Box Repsol","og_description":"Seguimos de celebraci\u00f3n tras un Mundial de locura en el que el Equipo Repsol ha conseguido subir a lo m\u00e1s alto del podio.","og_url":"https:\/\/www.boxrepsol.com\/es\/motogp\/los-7-momentos-la-semana-box-repsol-2-3\/","og_site_name":"Box Repsol","article_publisher":"https:\/\/www.facebook.com\/BoxRepsol","article_author":"https:\/\/www.facebook.com\/BoxRepsol\/","article_published_time":"2017-11-28T02:00:00+00:00","article_modified_time":"2024-09-24T15:51:24+00:00","og_image":[{"width":986,"height":555,"url":"https:\/\/bxrepsol.s3.eu-west-1.amazonaws.com\/static\/2023\/02\/24100948\/7-Momentos-27112017.png","type":"image\/png"}],"author":"Redacci\u00f3n Box Repsol","twitter_card":"summary_large_image","twitter_creator":"@https:\/\/twitter.com\/box_repsol","twitter_site":"@box_repsol","twitter_misc":{"Written by":"Redacci\u00f3n Box Repsol","Est. reading time":"2 minutos"},"schema":{"@context":"https:\/\/schema.org","@graph":[{"@type":"Article","@id":"https:\/\/www.boxrepsol.com\/es\/motogp\/los-7-momentos-la-semana-box-repsol-2-3\/#article","isPartOf":{"@id":"https:\/\/www.boxrepsol.com\/es\/motogp\/los-7-momentos-la-semana-box-repsol-2-3\/"},"author":{"name":"Redacci\u00f3n Box Repsol","@id":"https:\/\/www.boxrepsol.com\/es\/#\/schema\/person\/c5c2138f2cca251b0ad92b7086bb60b7"},"headline":"Los 7 momentos de la semana en Box Repsol","datePublished":"2017-11-28T02:00:00+00:00","dateModified":"2024-09-24T15:51:24+00:00","mainEntityOfPage":{"@id":"https:\/\/www.boxrepsol.com\/es\/motogp\/los-7-momentos-la-semana-box-repsol-2-3\/"},"wordCount":488,"commentCount":0,"publisher":{"@id":"https:\/\/www.boxrepsol.com\/es\/#organization"},"image":{"@id":"https:\/\/www.boxrepsol.com\/es\/motogp\/los-7-momentos-la-semana-box-repsol-2-3\/#primaryimage"},"thumbnailUrl":"https:\/\/bxrepsol.s3.eu-west-1.amazonaws.com\/static\/2023\/02\/24100948\/7-Momentos-27112017.png","keywords":["mejores momentos"],"articleSection":["MotoGP"],"inLanguage":"es","potentialAction":[{"@type":"CommentAction","name":"Comment","target":["https:\/\/www.boxrepsol.com\/es\/motogp\/los-7-momentos-la-semana-box-repsol-2-3\/#respond"]}]},{"@type":"WebPage","@id":"https:\/\/www.boxrepsol.com\/es\/motogp\/los-7-momentos-la-semana-box-repsol-2-3\/","url":"https:\/\/www.boxrepsol.com\/es\/motogp\/los-7-momentos-la-semana-box-repsol-2-3\/","name":"Los mejores momentos de la semana en Box Repsol - Box Repsol","isPartOf":{"@id":"https:\/\/www.boxrepsol.com\/es\/#website"},"primaryImageOfPage":{"@id":"https:\/\/www.boxrepsol.com\/es\/motogp\/los-7-momentos-la-semana-box-repsol-2-3\/#primaryimage"},"image":{"@id":"https:\/\/www.boxrepsol.com\/es\/motogp\/los-7-momentos-la-semana-box-repsol-2-3\/#primaryimage"},"thumbnailUrl":"https:\/\/bxrepsol.s3.eu-west-1.amazonaws.com\/static\/2023\/02\/24100948\/7-Momentos-27112017.png","datePublished":"2017-11-28T02:00:00+00:00","dateModified":"2024-09-24T15:51:24+00:00","description":"Seguimos de celebraci\u00f3n tras un Mundial de locura en el que el Equipo Repsol ha conseguido subir a lo m\u00e1s alto del podio.","breadcrumb":{"@id":"https:\/\/www.boxrepsol.com\/es\/motogp\/los-7-momentos-la-semana-box-repsol-2-3\/#breadcrumb"},"inLanguage":"es","potentialAction":[{"@type":"ReadAction","target":["https:\/\/www.boxrepsol.com\/es\/motogp\/los-7-momentos-la-semana-box-repsol-2-3\/"]}]},{"@type":"ImageObject","inLanguage":"es","@id":"https:\/\/www.boxrepsol.com\/es\/motogp\/los-7-momentos-la-semana-box-repsol-2-3\/#primaryimage","url":"https:\/\/bxrepsol.s3.eu-west-1.amazonaws.com\/static\/2023\/02\/24100948\/7-Momentos-27112017.png","contentUrl":"https:\/\/bxrepsol.s3.eu-west-1.amazonaws.com\/static\/2023\/02\/24100948\/7-Momentos-27112017.png","width":986,"height":555,"caption":"Honda NSR, Marc M\u00e1rquez en traje, coche de Rally de Isidre Esteve"},{"@type":"BreadcrumbList","@id":"https:\/\/www.boxrepsol.com\/es\/motogp\/los-7-momentos-la-semana-box-repsol-2-3\/#breadcrumb","itemListElement":[{"@type":"ListItem","position":1,"name":"Home","item":"https:\/\/www.boxrepsol.com\/es\/"},{"@type":"ListItem","position":2,"name":"Los 7 momentos de la semana en Box Repsol"}]},{"@type":"WebSite","@id":"https:\/\/www.boxrepsol.com\/es\/#website","url":"https:\/\/www.boxrepsol.com\/es\/","name":"Box Repsol","description":"Box Repsol Site","publisher":{"@id":"https:\/\/www.boxrepsol.com\/es\/#organization"},"potentialAction":[{"@type":"SearchAction","target":{"@type":"EntryPoint","urlTemplate":"https:\/\/www.boxrepsol.com\/es\/?s={search_term_string}"},"query-input":{"@type":"PropertyValueSpecification","valueRequired":true,"valueName":"search_term_string"}}],"inLanguage":"es"},{"@type":"Organization","@id":"https:\/\/www.boxrepsol.com\/es\/#organization","name":"Box Repsol","url":"https:\/\/www.boxrepsol.com\/es\/","logo":{"@type":"ImageObject","inLanguage":"es","@id":"https:\/\/www.boxrepsol.com\/es\/#\/schema\/logo\/image\/","url":"https:\/\/bxrepsol.s3.eu-west-1.amazonaws.com\/static\/2025\/07\/30083337\/favicon-96x96-1.png","contentUrl":"https:\/\/bxrepsol.s3.eu-west-1.amazonaws.com\/static\/2025\/07\/30083337\/favicon-96x96-1.png","width":96,"height":96,"caption":"Box Repsol"},"image":{"@id":"https:\/\/www.boxrepsol.com\/es\/#\/schema\/logo\/image\/"},"sameAs":["https:\/\/www.facebook.com\/BoxRepsol","https:\/\/x.com\/box_repsol","http:\/\/instagram.com\/box_repsol","https:\/\/www.youtube.com\/user\/RepsolCompeticion","https:\/\/www.flickr.com\/photos\/box_repsol\/"]},{"@type":"Person","@id":"https:\/\/www.boxrepsol.com\/es\/#\/schema\/person\/c5c2138f2cca251b0ad92b7086bb60b7","name":"Redacci\u00f3n Box Repsol","image":{"@type":"ImageObject","inLanguage":"es","@id":"https:\/\/secure.gravatar.com\/avatar\/adf7b77e38b4419baf32c7e9c21dde01f4e40df611f0978e3006fc4ba0aaab7e?s=96&d=mm&r=g","url":"https:\/\/secure.gravatar.com\/avatar\/adf7b77e38b4419baf32c7e9c21dde01f4e40df611f0978e3006fc4ba0aaab7e?s=96&d=mm&r=g","contentUrl":"https:\/\/secure.gravatar.com\/avatar\/adf7b77e38b4419baf32c7e9c21dde01f4e40df611f0978e3006fc4ba0aaab7e?s=96&d=mm&r=g","caption":"Redacci\u00f3n Box Repsol"},"description":"Box Repsol lo forma un equipo de periodistas, community managers, dise\u00f1adores y fot\u00f3grafos con m\u00e1s de 20 a\u00f1os de experiencia en el mundo del motorsport. Hemos vivido el primer mundial de un espa\u00f1ol en la categor\u00eda reina de motociclismo con \u00c1lex Crivill\u00e9, estuvimos en las victorias de Pedrosa y los t\u00edtulos de M\u00e1rquez, acompa\u00f1amos en \u00c1frica a Nani Roma y Marc Coma en sus conquistas del Dakar y hemos vibrado con los t\u00edtulos de Toni Bou en Trial. Adem\u00e1s, en nuestro equipo contamos con expertos en el mundo de las dos y cuatro ruedas tanto de la calle y las carreteras, como de los circuitos. Periodistas que han trabajado en revistas y publicaciones para hacerte llegar desde rutas y consejos de mantenimiento, a curiosidades y trucos de pilotaje.","sameAs":["https:\/\/www.facebook.com\/BoxRepsol\/","https:\/\/www.instagram.com\/box_repsol\/","https:\/\/x.com\/https:\/\/twitter.com\/box_repsol","https:\/\/www.youtube.com\/@Boxrepsol"],"url":"https:\/\/www.boxrepsol.com\/es\/author\/redaccion-box-repsol\/"}]}},"_links":{"self":[{"href":"https:\/\/www.boxrepsol.com\/es\/wp-json\/wp\/v2\/posts\/92158","targetHints":{"allow":["GET"]}}],"collection":[{"href":"https:\/\/www.boxrepsol.com\/es\/wp-json\/wp\/v2\/posts"}],"about":[{"href":"https:\/\/www.boxrepsol.com\/es\/wp-json\/wp\/v2\/types\/post"}],"author":[{"embeddable":true,"href":"https:\/\/www.boxrepsol.com\/es\/wp-json\/wp\/v2\/users\/43146"}],"replies":[{"embeddable":true,"href":"https:\/\/www.boxrepsol.com\/es\/wp-json\/wp\/v2\/comments?post=92158"}],"version-history":[{"count":4,"href":"https:\/\/www.boxrepsol.com\/es\/wp-json\/wp\/v2\/posts\/92158\/revisions"}],"predecessor-version":[{"id":119953,"href":"https:\/\/www.boxrepsol.com\/es\/wp-json\/wp\/v2\/posts\/92158\/revisions\/119953"}],"wp:featuredmedia":[{"embeddable":true,"href":"https:\/\/www.boxrepsol.com\/es\/wp-json\/wp\/v2\/media\/92159"}],"wp:attachment":[{"href":"https:\/\/www.boxrepsol.com\/es\/wp-json\/wp\/v2\/media?parent=92158"}],"wp:term":[{"taxonomy":"category","embeddable":true,"href":"https:\/\/www.boxrepsol.com\/es\/wp-json\/wp\/v2\/categories?post=92158"},{"taxonomy":"post_tag","embeddable":true,"href":"https:\/\/www.boxrepsol.com\/es\/wp-json\/wp\/v2\/tags?post=92158"}],"curies":[{"name":"wp","href":"https:\/\/api.w.org\/{rel}","templated":true}]}}