{"id":92153,"date":"2017-11-27T00:00:00","date_gmt":"2017-11-27T02:00:00","guid":{"rendered":"http:\/\/pre.boxrepsol.com\/sin-categorizar\/el-coche-de-isidre-esteve-y-la-caravana-del-dakar-rumbo-a-sudamerica\/"},"modified":"2024-05-21T06:38:41","modified_gmt":"2024-05-21T08:38:41","slug":"el-coche-de-isidre-esteve-y-la-caravana-del-dakar-rumbo-a-sudamerica","status":"publish","type":"post","link":"https:\/\/www.boxrepsol.com\/es\/rally\/el-coche-de-isidre-esteve-y-la-caravana-del-dakar-rumbo-a-sudamerica\/","title":{"rendered":"El coche de Isidre Esteve y la caravana del Dakar, rumbo a Sudam\u00e9rica"},"content":{"rendered":"<blockquote>\n<p>Ya tengo muchas ganas de que empiece la carrera y espero reencontrarme pronto con el coche en Per\u00fa<\/p>\n<p>            <a href=\"http:\/\/twitter.com\/share?text=Ya+tengo+muchas+ganas+de+que+empiece+la+carrera+y+espero+reencontrarme+pronto+con+el+coche+en+Per%C3%BA&#038;url=https%3A%2F%2Fwww.boxrepsol.com%2Fes%2Frally%2Fel-coche-de-isidre-esteve-y-la-caravana-del-dakar-rumbo-a-sudamerica%2F&#038;hashtags=\" target=\"_blank\" data-datalayer='{\"event\": \"socialInteraction\", \"socialNetwork\": \"Twitter\", \"socialAction\": \"Compartir\", \"socialTarget\": \"Frase\"}' rel=\"noopener\"><br \/>\n            twittear        <\/a><\/p>\n<footer>Isidre Esteve<\/footer>\n<\/blockquote>\n<p>El Dakar 2018 ya est\u00e1 en marcha. Hoy, los veh\u00edculos han pasado las verificaciones t\u00e9cnicas en el puerto franc\u00e9s de Le Havre, antes de embarcar rumbo a Per\u00fa, donde arrancar\u00e1 la carrera el pr\u00f3ximo 6 de enero. El prototipo BV6 del Repsol Rally Team que pilotar\u00e1 Isidre Esteve ha cumplido todos los tr\u00e1mites sin problemas y ya viaja hacia Sudam\u00e9rica, donde llegar\u00e1 despu\u00e9s de tres semanas de traves\u00eda.<\/p>\n<p>El buque de mercanc\u00edas fletado por la organizaci\u00f3n del Dakar transportar\u00e1 a m\u00e1s de 600 veh\u00edculos, entre carrera, asistencia, organizaci\u00f3n y prensa. Ser\u00e1n tres semanas de viaje transatl\u00e1ntico surcando el canal de Panam\u00e1, rumbo a Lima. La traves\u00eda finalizar\u00e1 el 2 de enero en el Puerto de Callao (Lima), donde los equipos aguardar\u00e1n sus coches, camiones, motos y quads para la \u00faltima puesta a punto antes de iniciar la competici\u00f3n.<\/p>\n<p>Una de las grandes novedades este a\u00f1o es la presencia del BV6 del Repsol Rally Team, el espectacular prototipo que pilotar\u00e1 Isidre Esteve por primera vez en el Dakar. Se trata de un 4&#215;4 preparado por Sodicars Racing, con motor BMW 3 litros biturbo diesel de 340 CV, chasis tubular, cambio secuencial y los mandos adaptados en el volante.<\/p>\n<p>\t\t\t\t<img decoding=\"async\" src=\"https:\/\/bxrepsol.s3.eu-west-1.amazonaws.com\/static\/2022\/08\/05045747\/Embarque_LeHavre_Isidre_3.jpg\" alt=\"Embarque_LeHavre_Isidre_3\" itemprop=\"image\"  \/><\/p>\n<p>El ilerdense lleva meses trabajando con el nuevo coche y ha podido comprobar su enorme potencial. Lo estren\u00f3 en la Baja Arag\u00f3n, con un prometedor quinto lugar en su categor\u00eda T1.2 (todo terreno 4&#215;4 diesel modificado) y un top 20 mundialista. En octubre particip\u00f3 en el Rally de Marruecos, prueba puntuable para la Copa del Mundo FIA de Rallys Cross-Country. El piloto de Repsol y Onyx Seguros super\u00f3 el dif\u00edcil examen con una 23\u00aa plaza absoluta, aunque lo m\u00e1s importante es que pudo constatar el buen rendimiento del veh\u00edculo entre las dunas.<\/p>\n<p><em>\u201cYa tengo muchas ganas de que empiece la carrera y espero reencontrarme pronto con el coche en Sudam\u00e9rica. Despu\u00e9s de tantos meses de trabajo, el inicio se acerca y estoy muy motivado\u201d<\/em>, confiesa un ilusionado Isidre Esteve, que reapareci\u00f3 en la pasada edici\u00f3n del Dakar y logr\u00f3 llevar su Mitsubishi T1 hasta la meta de Buenos Aires en 35\u00ba lugar absoluto y 4\u00ba de su categor\u00eda.<\/p>\n<p>El Dakar 2018 constar\u00e1 de 14 etapas, a celebrar del 6 al 20 de enero por Per\u00fa, Bolivia y Argentina. La caravana dakariana deber\u00e1 completar alrededor de 9.000 kil\u00f3metros, de los que m\u00e1s de la mitad ser\u00e1n cronometrados. En esta 40\u00aa edici\u00f3n, la organizaci\u00f3n ha preparado cinco etapas que transcurrir\u00e1n por encima de los 3.000 metros de altitud.\u00a0<em>\u201cEl nuevo recorrido me atrae mucho, sobre todo los seis d\u00edas de Per\u00fa, que ser\u00e1n fascinantes con tantas dunas. Adem\u00e1s, tras comprobar lo bien que se comport\u00f3 nuestro coche en Marruecos, creo que podemos hacerlo bien\u201d<\/em>, presagia el piloto del Repsol Rally Team.<\/p>\n","protected":false},"excerpt":{"rendered":"<p>El prototipo BV6 de Sodicars Racing, con los mandos adaptados en el volante que pilotar\u00e1 el ilerdense, pasa las verificaciones en el puerto franc\u00e9s de Le Havre antes de embarcar.<\/p>\n","protected":false},"author":43146,"featured_media":87216,"comment_status":"open","ping_status":"open","sticky":false,"template":"","format":"standard","meta":{"footnotes":""},"categories":[27],"tags":[29],"class_list":["post-92153","post","type-post","status-publish","format-standard","hentry","category-rally","tag-isidre-esteve"],"yoast_head":"<!-- This site is optimized with the Yoast SEO plugin v27.3 - https:\/\/yoast.com\/product\/yoast-seo-wordpress\/ -->\n<title>El coche de Isidre Esteve y la caravana del Dakar, rumbo a Sudam\u00e9rica - Box Repsol<\/title>\n<meta name=\"description\" content=\"El prototipo BV6 de Sodicars Racing, con los mandos adaptados en el volante que pilotar\u00e1 el ilerdense, pasa las verificaciones en el puerto de Le Havre.\" \/>\n<link rel=\"canonical\" href=\"https:\/\/www.boxrepsol.com\/es\/rally\/el-coche-de-isidre-esteve-y-la-caravana-del-dakar-rumbo-a-sudamerica\/\" \/>\n<meta property=\"og:locale\" content=\"es_ES\" \/>\n<meta property=\"og:type\" content=\"article\" \/>\n<meta property=\"og:title\" content=\"El coche de Isidre Esteve y la caravana del Dakar, rumbo a Sudam\u00e9rica - Box Repsol\" \/>\n<meta property=\"og:description\" content=\"El prototipo BV6 de Sodicars Racing, con los mandos adaptados en el volante que pilotar\u00e1 el ilerdense, pasa las verificaciones en el puerto de Le Havre.\" \/>\n<meta property=\"og:url\" content=\"https:\/\/www.boxrepsol.com\/es\/rally\/el-coche-de-isidre-esteve-y-la-caravana-del-dakar-rumbo-a-sudamerica\/\" \/>\n<meta property=\"og:site_name\" content=\"Box Repsol\" \/>\n<meta property=\"article:publisher\" content=\"https:\/\/www.facebook.com\/BoxRepsol\" \/>\n<meta property=\"article:author\" content=\"https:\/\/www.facebook.com\/BoxRepsol\/\" \/>\n<meta property=\"article:published_time\" content=\"2017-11-27T02:00:00+00:00\" \/>\n<meta property=\"article:modified_time\" content=\"2024-05-21T08:38:41+00:00\" \/>\n<meta property=\"og:image\" content=\"https:\/\/www.boxrepsol.com\/wp-content\/uploads\/2022\/08\/00_coche_isidre_esteve_repsol_dakar.jpg\" \/>\n\t<meta property=\"og:image:width\" content=\"995\" \/>\n\t<meta property=\"og:image:height\" content=\"560\" \/>\n\t<meta property=\"og:image:type\" content=\"image\/jpeg\" \/>\n<meta name=\"author\" content=\"Redacci\u00f3n Box Repsol\" \/>\n<meta name=\"twitter:card\" content=\"summary_large_image\" \/>\n<meta name=\"twitter:creator\" content=\"@https:\/\/twitter.com\/box_repsol\" \/>\n<meta name=\"twitter:site\" content=\"@box_repsol\" \/>\n<meta name=\"twitter:label1\" content=\"Written by\" \/>\n\t<meta name=\"twitter:data1\" content=\"Redacci\u00f3n Box Repsol\" \/>\n\t<meta name=\"twitter:label2\" content=\"Est. reading time\" \/>\n\t<meta name=\"twitter:data2\" content=\"2 minutos\" \/>\n<script type=\"application\/ld+json\" class=\"yoast-schema-graph\">{\"@context\":\"https:\\\/\\\/schema.org\",\"@graph\":[{\"@type\":\"Article\",\"@id\":\"https:\\\/\\\/www.boxrepsol.com\\\/es\\\/rally\\\/el-coche-de-isidre-esteve-y-la-caravana-del-dakar-rumbo-a-sudamerica\\\/#article\",\"isPartOf\":{\"@id\":\"https:\\\/\\\/www.boxrepsol.com\\\/es\\\/rally\\\/el-coche-de-isidre-esteve-y-la-caravana-del-dakar-rumbo-a-sudamerica\\\/\"},\"author\":{\"name\":\"Redacci\u00f3n Box Repsol\",\"@id\":\"https:\\\/\\\/www.boxrepsol.com\\\/es\\\/#\\\/schema\\\/person\\\/c5c2138f2cca251b0ad92b7086bb60b7\"},\"headline\":\"El coche de Isidre Esteve y la caravana del Dakar, rumbo a Sudam\u00e9rica\",\"datePublished\":\"2017-11-27T02:00:00+00:00\",\"dateModified\":\"2024-05-21T08:38:41+00:00\",\"mainEntityOfPage\":{\"@id\":\"https:\\\/\\\/www.boxrepsol.com\\\/es\\\/rally\\\/el-coche-de-isidre-esteve-y-la-caravana-del-dakar-rumbo-a-sudamerica\\\/\"},\"wordCount\":511,\"commentCount\":0,\"publisher\":{\"@id\":\"https:\\\/\\\/www.boxrepsol.com\\\/es\\\/#organization\"},\"image\":{\"@id\":\"https:\\\/\\\/www.boxrepsol.com\\\/es\\\/rally\\\/el-coche-de-isidre-esteve-y-la-caravana-del-dakar-rumbo-a-sudamerica\\\/#primaryimage\"},\"thumbnailUrl\":\"https:\\\/\\\/www.boxrepsol.com\\\/wp-content\\\/uploads\\\/2022\\\/08\\\/00_coche_isidre_esteve_repsol_dakar.jpg\",\"keywords\":[\"Isidre Esteve\"],\"articleSection\":[\"Rally\"],\"inLanguage\":\"es\",\"potentialAction\":[{\"@type\":\"CommentAction\",\"name\":\"Comment\",\"target\":[\"https:\\\/\\\/www.boxrepsol.com\\\/es\\\/rally\\\/el-coche-de-isidre-esteve-y-la-caravana-del-dakar-rumbo-a-sudamerica\\\/#respond\"]}]},{\"@type\":\"WebPage\",\"@id\":\"https:\\\/\\\/www.boxrepsol.com\\\/es\\\/rally\\\/el-coche-de-isidre-esteve-y-la-caravana-del-dakar-rumbo-a-sudamerica\\\/\",\"url\":\"https:\\\/\\\/www.boxrepsol.com\\\/es\\\/rally\\\/el-coche-de-isidre-esteve-y-la-caravana-del-dakar-rumbo-a-sudamerica\\\/\",\"name\":\"El coche de Isidre Esteve y la caravana del Dakar, rumbo a Sudam\u00e9rica - Box Repsol\",\"isPartOf\":{\"@id\":\"https:\\\/\\\/www.boxrepsol.com\\\/es\\\/#website\"},\"primaryImageOfPage\":{\"@id\":\"https:\\\/\\\/www.boxrepsol.com\\\/es\\\/rally\\\/el-coche-de-isidre-esteve-y-la-caravana-del-dakar-rumbo-a-sudamerica\\\/#primaryimage\"},\"image\":{\"@id\":\"https:\\\/\\\/www.boxrepsol.com\\\/es\\\/rally\\\/el-coche-de-isidre-esteve-y-la-caravana-del-dakar-rumbo-a-sudamerica\\\/#primaryimage\"},\"thumbnailUrl\":\"https:\\\/\\\/www.boxrepsol.com\\\/wp-content\\\/uploads\\\/2022\\\/08\\\/00_coche_isidre_esteve_repsol_dakar.jpg\",\"datePublished\":\"2017-11-27T02:00:00+00:00\",\"dateModified\":\"2024-05-21T08:38:41+00:00\",\"description\":\"El prototipo BV6 de Sodicars Racing, con los mandos adaptados en el volante que pilotar\u00e1 el ilerdense, pasa las verificaciones en el puerto de Le Havre.\",\"breadcrumb\":{\"@id\":\"https:\\\/\\\/www.boxrepsol.com\\\/es\\\/rally\\\/el-coche-de-isidre-esteve-y-la-caravana-del-dakar-rumbo-a-sudamerica\\\/#breadcrumb\"},\"inLanguage\":\"es\",\"potentialAction\":[{\"@type\":\"ReadAction\",\"target\":[\"https:\\\/\\\/www.boxrepsol.com\\\/es\\\/rally\\\/el-coche-de-isidre-esteve-y-la-caravana-del-dakar-rumbo-a-sudamerica\\\/\"]}]},{\"@type\":\"ImageObject\",\"inLanguage\":\"es\",\"@id\":\"https:\\\/\\\/www.boxrepsol.com\\\/es\\\/rally\\\/el-coche-de-isidre-esteve-y-la-caravana-del-dakar-rumbo-a-sudamerica\\\/#primaryimage\",\"url\":\"https:\\\/\\\/www.boxrepsol.com\\\/wp-content\\\/uploads\\\/2022\\\/08\\\/00_coche_isidre_esteve_repsol_dakar.jpg\",\"contentUrl\":\"https:\\\/\\\/www.boxrepsol.com\\\/wp-content\\\/uploads\\\/2022\\\/08\\\/00_coche_isidre_esteve_repsol_dakar.jpg\",\"width\":995,\"height\":560,\"caption\":\"Coche Repsol Dakar en el puerto\"},{\"@type\":\"BreadcrumbList\",\"@id\":\"https:\\\/\\\/www.boxrepsol.com\\\/es\\\/rally\\\/el-coche-de-isidre-esteve-y-la-caravana-del-dakar-rumbo-a-sudamerica\\\/#breadcrumb\",\"itemListElement\":[{\"@type\":\"ListItem\",\"position\":1,\"name\":\"Home\",\"item\":\"https:\\\/\\\/www.boxrepsol.com\\\/es\\\/\"},{\"@type\":\"ListItem\",\"position\":2,\"name\":\"El coche de Isidre Esteve y la caravana del Dakar, rumbo a Sudam\u00e9rica\"}]},{\"@type\":\"WebSite\",\"@id\":\"https:\\\/\\\/www.boxrepsol.com\\\/es\\\/#website\",\"url\":\"https:\\\/\\\/www.boxrepsol.com\\\/es\\\/\",\"name\":\"Box Repsol\",\"description\":\"Box Repsol Site\",\"publisher\":{\"@id\":\"https:\\\/\\\/www.boxrepsol.com\\\/es\\\/#organization\"},\"potentialAction\":[{\"@type\":\"SearchAction\",\"target\":{\"@type\":\"EntryPoint\",\"urlTemplate\":\"https:\\\/\\\/www.boxrepsol.com\\\/es\\\/?s={search_term_string}\"},\"query-input\":{\"@type\":\"PropertyValueSpecification\",\"valueRequired\":true,\"valueName\":\"search_term_string\"}}],\"inLanguage\":\"es\"},{\"@type\":\"Organization\",\"@id\":\"https:\\\/\\\/www.boxrepsol.com\\\/es\\\/#organization\",\"name\":\"Box Repsol\",\"url\":\"https:\\\/\\\/www.boxrepsol.com\\\/es\\\/\",\"logo\":{\"@type\":\"ImageObject\",\"inLanguage\":\"es\",\"@id\":\"https:\\\/\\\/www.boxrepsol.com\\\/es\\\/#\\\/schema\\\/logo\\\/image\\\/\",\"url\":\"https:\\\/\\\/bxrepsol.s3.eu-west-1.amazonaws.com\\\/static\\\/2025\\\/07\\\/30083337\\\/favicon-96x96-1.png\",\"contentUrl\":\"https:\\\/\\\/bxrepsol.s3.eu-west-1.amazonaws.com\\\/static\\\/2025\\\/07\\\/30083337\\\/favicon-96x96-1.png\",\"width\":96,\"height\":96,\"caption\":\"Box Repsol\"},\"image\":{\"@id\":\"https:\\\/\\\/www.boxrepsol.com\\\/es\\\/#\\\/schema\\\/logo\\\/image\\\/\"},\"sameAs\":[\"https:\\\/\\\/www.facebook.com\\\/BoxRepsol\",\"https:\\\/\\\/x.com\\\/box_repsol\",\"http:\\\/\\\/instagram.com\\\/box_repsol\",\"https:\\\/\\\/www.youtube.com\\\/user\\\/RepsolCompeticion\",\"https:\\\/\\\/www.flickr.com\\\/photos\\\/box_repsol\\\/\"]},{\"@type\":\"Person\",\"@id\":\"https:\\\/\\\/www.boxrepsol.com\\\/es\\\/#\\\/schema\\\/person\\\/c5c2138f2cca251b0ad92b7086bb60b7\",\"name\":\"Redacci\u00f3n Box Repsol\",\"image\":{\"@type\":\"ImageObject\",\"inLanguage\":\"es\",\"@id\":\"https:\\\/\\\/secure.gravatar.com\\\/avatar\\\/adf7b77e38b4419baf32c7e9c21dde01f4e40df611f0978e3006fc4ba0aaab7e?s=96&d=mm&r=g\",\"url\":\"https:\\\/\\\/secure.gravatar.com\\\/avatar\\\/adf7b77e38b4419baf32c7e9c21dde01f4e40df611f0978e3006fc4ba0aaab7e?s=96&d=mm&r=g\",\"contentUrl\":\"https:\\\/\\\/secure.gravatar.com\\\/avatar\\\/adf7b77e38b4419baf32c7e9c21dde01f4e40df611f0978e3006fc4ba0aaab7e?s=96&d=mm&r=g\",\"caption\":\"Redacci\u00f3n Box Repsol\"},\"description\":\"Box Repsol lo forma un equipo de periodistas, community managers, dise\u00f1adores y fot\u00f3grafos con m\u00e1s de 20 a\u00f1os de experiencia en el mundo del motorsport. Hemos vivido el primer mundial de un espa\u00f1ol en la categor\u00eda reina de motociclismo con \u00c1lex Crivill\u00e9, estuvimos en las victorias de Pedrosa y los t\u00edtulos de M\u00e1rquez, acompa\u00f1amos en \u00c1frica a Nani Roma y Marc Coma en sus conquistas del Dakar y hemos vibrado con los t\u00edtulos de Toni Bou en Trial. Adem\u00e1s, en nuestro equipo contamos con expertos en el mundo de las dos y cuatro ruedas tanto de la calle y las carreteras, como de los circuitos. Periodistas que han trabajado en revistas y publicaciones para hacerte llegar desde rutas y consejos de mantenimiento, a curiosidades y trucos de pilotaje.\",\"sameAs\":[\"https:\\\/\\\/www.facebook.com\\\/BoxRepsol\\\/\",\"https:\\\/\\\/www.instagram.com\\\/box_repsol\\\/\",\"https:\\\/\\\/x.com\\\/https:\\\/\\\/twitter.com\\\/box_repsol\",\"https:\\\/\\\/www.youtube.com\\\/@Boxrepsol\"],\"url\":\"https:\\\/\\\/www.boxrepsol.com\\\/es\\\/author\\\/redaccion-box-repsol\\\/\"}]}<\/script>\n<!-- \/ Yoast SEO plugin. -->","yoast_head_json":{"title":"El coche de Isidre Esteve y la caravana del Dakar, rumbo a Sudam\u00e9rica - Box Repsol","description":"El prototipo BV6 de Sodicars Racing, con los mandos adaptados en el volante que pilotar\u00e1 el ilerdense, pasa las verificaciones en el puerto de Le Havre.","canonical":"https:\/\/www.boxrepsol.com\/es\/rally\/el-coche-de-isidre-esteve-y-la-caravana-del-dakar-rumbo-a-sudamerica\/","og_locale":"es_ES","og_type":"article","og_title":"El coche de Isidre Esteve y la caravana del Dakar, rumbo a Sudam\u00e9rica - Box Repsol","og_description":"El prototipo BV6 de Sodicars Racing, con los mandos adaptados en el volante que pilotar\u00e1 el ilerdense, pasa las verificaciones en el puerto de Le Havre.","og_url":"https:\/\/www.boxrepsol.com\/es\/rally\/el-coche-de-isidre-esteve-y-la-caravana-del-dakar-rumbo-a-sudamerica\/","og_site_name":"Box Repsol","article_publisher":"https:\/\/www.facebook.com\/BoxRepsol","article_author":"https:\/\/www.facebook.com\/BoxRepsol\/","article_published_time":"2017-11-27T02:00:00+00:00","article_modified_time":"2024-05-21T08:38:41+00:00","og_image":[{"width":995,"height":560,"url":"https:\/\/www.boxrepsol.com\/wp-content\/uploads\/2022\/08\/00_coche_isidre_esteve_repsol_dakar.jpg","type":"image\/jpeg"}],"author":"Redacci\u00f3n Box Repsol","twitter_card":"summary_large_image","twitter_creator":"@https:\/\/twitter.com\/box_repsol","twitter_site":"@box_repsol","twitter_misc":{"Written by":"Redacci\u00f3n Box Repsol","Est. reading time":"2 minutos"},"schema":{"@context":"https:\/\/schema.org","@graph":[{"@type":"Article","@id":"https:\/\/www.boxrepsol.com\/es\/rally\/el-coche-de-isidre-esteve-y-la-caravana-del-dakar-rumbo-a-sudamerica\/#article","isPartOf":{"@id":"https:\/\/www.boxrepsol.com\/es\/rally\/el-coche-de-isidre-esteve-y-la-caravana-del-dakar-rumbo-a-sudamerica\/"},"author":{"name":"Redacci\u00f3n Box Repsol","@id":"https:\/\/www.boxrepsol.com\/es\/#\/schema\/person\/c5c2138f2cca251b0ad92b7086bb60b7"},"headline":"El coche de Isidre Esteve y la caravana del Dakar, rumbo a Sudam\u00e9rica","datePublished":"2017-11-27T02:00:00+00:00","dateModified":"2024-05-21T08:38:41+00:00","mainEntityOfPage":{"@id":"https:\/\/www.boxrepsol.com\/es\/rally\/el-coche-de-isidre-esteve-y-la-caravana-del-dakar-rumbo-a-sudamerica\/"},"wordCount":511,"commentCount":0,"publisher":{"@id":"https:\/\/www.boxrepsol.com\/es\/#organization"},"image":{"@id":"https:\/\/www.boxrepsol.com\/es\/rally\/el-coche-de-isidre-esteve-y-la-caravana-del-dakar-rumbo-a-sudamerica\/#primaryimage"},"thumbnailUrl":"https:\/\/www.boxrepsol.com\/wp-content\/uploads\/2022\/08\/00_coche_isidre_esteve_repsol_dakar.jpg","keywords":["Isidre Esteve"],"articleSection":["Rally"],"inLanguage":"es","potentialAction":[{"@type":"CommentAction","name":"Comment","target":["https:\/\/www.boxrepsol.com\/es\/rally\/el-coche-de-isidre-esteve-y-la-caravana-del-dakar-rumbo-a-sudamerica\/#respond"]}]},{"@type":"WebPage","@id":"https:\/\/www.boxrepsol.com\/es\/rally\/el-coche-de-isidre-esteve-y-la-caravana-del-dakar-rumbo-a-sudamerica\/","url":"https:\/\/www.boxrepsol.com\/es\/rally\/el-coche-de-isidre-esteve-y-la-caravana-del-dakar-rumbo-a-sudamerica\/","name":"El coche de Isidre Esteve y la caravana del Dakar, rumbo a Sudam\u00e9rica - Box Repsol","isPartOf":{"@id":"https:\/\/www.boxrepsol.com\/es\/#website"},"primaryImageOfPage":{"@id":"https:\/\/www.boxrepsol.com\/es\/rally\/el-coche-de-isidre-esteve-y-la-caravana-del-dakar-rumbo-a-sudamerica\/#primaryimage"},"image":{"@id":"https:\/\/www.boxrepsol.com\/es\/rally\/el-coche-de-isidre-esteve-y-la-caravana-del-dakar-rumbo-a-sudamerica\/#primaryimage"},"thumbnailUrl":"https:\/\/www.boxrepsol.com\/wp-content\/uploads\/2022\/08\/00_coche_isidre_esteve_repsol_dakar.jpg","datePublished":"2017-11-27T02:00:00+00:00","dateModified":"2024-05-21T08:38:41+00:00","description":"El prototipo BV6 de Sodicars Racing, con los mandos adaptados en el volante que pilotar\u00e1 el ilerdense, pasa las verificaciones en el puerto de Le Havre.","breadcrumb":{"@id":"https:\/\/www.boxrepsol.com\/es\/rally\/el-coche-de-isidre-esteve-y-la-caravana-del-dakar-rumbo-a-sudamerica\/#breadcrumb"},"inLanguage":"es","potentialAction":[{"@type":"ReadAction","target":["https:\/\/www.boxrepsol.com\/es\/rally\/el-coche-de-isidre-esteve-y-la-caravana-del-dakar-rumbo-a-sudamerica\/"]}]},{"@type":"ImageObject","inLanguage":"es","@id":"https:\/\/www.boxrepsol.com\/es\/rally\/el-coche-de-isidre-esteve-y-la-caravana-del-dakar-rumbo-a-sudamerica\/#primaryimage","url":"https:\/\/www.boxrepsol.com\/wp-content\/uploads\/2022\/08\/00_coche_isidre_esteve_repsol_dakar.jpg","contentUrl":"https:\/\/www.boxrepsol.com\/wp-content\/uploads\/2022\/08\/00_coche_isidre_esteve_repsol_dakar.jpg","width":995,"height":560,"caption":"Coche Repsol Dakar en el puerto"},{"@type":"BreadcrumbList","@id":"https:\/\/www.boxrepsol.com\/es\/rally\/el-coche-de-isidre-esteve-y-la-caravana-del-dakar-rumbo-a-sudamerica\/#breadcrumb","itemListElement":[{"@type":"ListItem","position":1,"name":"Home","item":"https:\/\/www.boxrepsol.com\/es\/"},{"@type":"ListItem","position":2,"name":"El coche de Isidre Esteve y la caravana del Dakar, rumbo a Sudam\u00e9rica"}]},{"@type":"WebSite","@id":"https:\/\/www.boxrepsol.com\/es\/#website","url":"https:\/\/www.boxrepsol.com\/es\/","name":"Box Repsol","description":"Box Repsol Site","publisher":{"@id":"https:\/\/www.boxrepsol.com\/es\/#organization"},"potentialAction":[{"@type":"SearchAction","target":{"@type":"EntryPoint","urlTemplate":"https:\/\/www.boxrepsol.com\/es\/?s={search_term_string}"},"query-input":{"@type":"PropertyValueSpecification","valueRequired":true,"valueName":"search_term_string"}}],"inLanguage":"es"},{"@type":"Organization","@id":"https:\/\/www.boxrepsol.com\/es\/#organization","name":"Box Repsol","url":"https:\/\/www.boxrepsol.com\/es\/","logo":{"@type":"ImageObject","inLanguage":"es","@id":"https:\/\/www.boxrepsol.com\/es\/#\/schema\/logo\/image\/","url":"https:\/\/bxrepsol.s3.eu-west-1.amazonaws.com\/static\/2025\/07\/30083337\/favicon-96x96-1.png","contentUrl":"https:\/\/bxrepsol.s3.eu-west-1.amazonaws.com\/static\/2025\/07\/30083337\/favicon-96x96-1.png","width":96,"height":96,"caption":"Box Repsol"},"image":{"@id":"https:\/\/www.boxrepsol.com\/es\/#\/schema\/logo\/image\/"},"sameAs":["https:\/\/www.facebook.com\/BoxRepsol","https:\/\/x.com\/box_repsol","http:\/\/instagram.com\/box_repsol","https:\/\/www.youtube.com\/user\/RepsolCompeticion","https:\/\/www.flickr.com\/photos\/box_repsol\/"]},{"@type":"Person","@id":"https:\/\/www.boxrepsol.com\/es\/#\/schema\/person\/c5c2138f2cca251b0ad92b7086bb60b7","name":"Redacci\u00f3n Box Repsol","image":{"@type":"ImageObject","inLanguage":"es","@id":"https:\/\/secure.gravatar.com\/avatar\/adf7b77e38b4419baf32c7e9c21dde01f4e40df611f0978e3006fc4ba0aaab7e?s=96&d=mm&r=g","url":"https:\/\/secure.gravatar.com\/avatar\/adf7b77e38b4419baf32c7e9c21dde01f4e40df611f0978e3006fc4ba0aaab7e?s=96&d=mm&r=g","contentUrl":"https:\/\/secure.gravatar.com\/avatar\/adf7b77e38b4419baf32c7e9c21dde01f4e40df611f0978e3006fc4ba0aaab7e?s=96&d=mm&r=g","caption":"Redacci\u00f3n Box Repsol"},"description":"Box Repsol lo forma un equipo de periodistas, community managers, dise\u00f1adores y fot\u00f3grafos con m\u00e1s de 20 a\u00f1os de experiencia en el mundo del motorsport. Hemos vivido el primer mundial de un espa\u00f1ol en la categor\u00eda reina de motociclismo con \u00c1lex Crivill\u00e9, estuvimos en las victorias de Pedrosa y los t\u00edtulos de M\u00e1rquez, acompa\u00f1amos en \u00c1frica a Nani Roma y Marc Coma en sus conquistas del Dakar y hemos vibrado con los t\u00edtulos de Toni Bou en Trial. Adem\u00e1s, en nuestro equipo contamos con expertos en el mundo de las dos y cuatro ruedas tanto de la calle y las carreteras, como de los circuitos. Periodistas que han trabajado en revistas y publicaciones para hacerte llegar desde rutas y consejos de mantenimiento, a curiosidades y trucos de pilotaje.","sameAs":["https:\/\/www.facebook.com\/BoxRepsol\/","https:\/\/www.instagram.com\/box_repsol\/","https:\/\/x.com\/https:\/\/twitter.com\/box_repsol","https:\/\/www.youtube.com\/@Boxrepsol"],"url":"https:\/\/www.boxrepsol.com\/es\/author\/redaccion-box-repsol\/"}]}},"_links":{"self":[{"href":"https:\/\/www.boxrepsol.com\/es\/wp-json\/wp\/v2\/posts\/92153","targetHints":{"allow":["GET"]}}],"collection":[{"href":"https:\/\/www.boxrepsol.com\/es\/wp-json\/wp\/v2\/posts"}],"about":[{"href":"https:\/\/www.boxrepsol.com\/es\/wp-json\/wp\/v2\/types\/post"}],"author":[{"embeddable":true,"href":"https:\/\/www.boxrepsol.com\/es\/wp-json\/wp\/v2\/users\/43146"}],"replies":[{"embeddable":true,"href":"https:\/\/www.boxrepsol.com\/es\/wp-json\/wp\/v2\/comments?post=92153"}],"version-history":[{"count":1,"href":"https:\/\/www.boxrepsol.com\/es\/wp-json\/wp\/v2\/posts\/92153\/revisions"}],"predecessor-version":[{"id":92154,"href":"https:\/\/www.boxrepsol.com\/es\/wp-json\/wp\/v2\/posts\/92153\/revisions\/92154"}],"wp:featuredmedia":[{"embeddable":true,"href":"https:\/\/www.boxrepsol.com\/es\/wp-json\/wp\/v2\/media\/87216"}],"wp:attachment":[{"href":"https:\/\/www.boxrepsol.com\/es\/wp-json\/wp\/v2\/media?parent=92153"}],"wp:term":[{"taxonomy":"category","embeddable":true,"href":"https:\/\/www.boxrepsol.com\/es\/wp-json\/wp\/v2\/categories?post=92153"},{"taxonomy":"post_tag","embeddable":true,"href":"https:\/\/www.boxrepsol.com\/es\/wp-json\/wp\/v2\/tags?post=92153"}],"curies":[{"name":"wp","href":"https:\/\/api.w.org\/{rel}","templated":true}]}}