{"id":92059,"date":"2018-11-06T00:00:00","date_gmt":"2018-11-06T02:00:00","guid":{"rendered":"http:\/\/pre.boxrepsol.com\/sin-categorizar\/los-cascos-marc-una-hormiga-estilo\/"},"modified":"2024-05-22T08:22:57","modified_gmt":"2024-05-22T10:22:57","slug":"los-cascos-marc-una-hormiga-estilo","status":"publish","type":"post","link":"https:\/\/www.boxrepsol.com\/es\/motogp\/los-cascos-marc-una-hormiga-estilo\/","title":{"rendered":"Los cascos de Marc M\u00e1rquez: una hormiga con estilo"},"content":{"rendered":"<blockquote><p>\n\t<a href=\"http:\/\/twitter.com\/share?text=Lo+hemos+visto+en+2016%2C+2017+y+2018%2C+el+dise%C3%B1o+favorito+del+93+para+casi+todas+las+carreras%3A+la+hormiga+sobre+un+fondo+rojo&#038;url=https%3A%2F%2Fwww.boxrepsol.com%2Fes%2Fmotogp%2Flos-cascos-marc-una-hormiga-estilo%2F\" target=\"_blank\" rel=\"noopener\"><\/p>\n<p>Lo hemos visto en 2016, 2017 y 2018, el dise\u00f1o favorito del 93 para casi todas las carreras: la hormiga sobre un fondo rojo<\/p>\n<p>\t<\/a>\n<\/p><\/blockquote>\n<h3><b>Hormiga samur\u00e1i<\/b><\/h3>\n<p>La m\u00e1s reciente incorporaci\u00f3n a la colecci\u00f3n, es el casco estrenado por Marc M\u00e1rquez en el GP de Jap\u00f3n 2018. Muestra un s\u00edmbolo oriental en la corona y dos samur\u00e1is en los costados, tambi\u00e9n incluye un detalle del Maneki Neko que le dio suerte en 2016 y ha vuelto a d\u00e1rsela esta temporada.<\/p>\n<p><a href=\"https:\/\/bxrepsol.s3.eu-west-1.amazonaws.com\/static\/2022\/08\/29074241\/00_marc_marquez_casco_gp_de_japon_2018_samurai_hormiga-2.jpg\" \n   title=\"Marc M\u00e1rquez poniendose un casco con hormiga oriental\" \n   data-gallery-thumbnail=\"https:\/\/bxrepsol.s3.eu-west-1.amazonaws.com\/static\/2022\/08\/29074241\/00_marc_marquez_casco_gp_de_japon_2018_samurai_hormiga-2.jpg\"\n   data-gallery-title=\"\"\n   data-gallery><\/p>\n<figure>\n        <picture style=\"padding-bottom: 66.688102893891%; background-image: url(https:\/\/bxrepsol.s3.eu-west-1.amazonaws.com\/static\/2022\/08\/29074241\/00_marc_marquez_casco_gp_de_japon_2018_samurai_hormiga-2.jpg);\">\n            <img decoding=\"async\" src=\"https:\/\/bxrepsol.s3.eu-west-1.amazonaws.com\/static\/2022\/08\/29074241\/00_marc_marquez_casco_gp_de_japon_2018_samurai_hormiga-2.jpg\"><br \/>\n            <img itemprop=\"image\"\n                data-srcset=\"https:\/\/bxrepsol.s3.eu-west-1.amazonaws.com\/static\/2022\/08\/29074241\/00_marc_marquez_casco_gp_de_japon_2018_samurai_hormiga-2.jpg 480w, https:\/\/bxrepsol.s3.eu-west-1.amazonaws.com\/static\/2022\/08\/29074241\/00_marc_marquez_casco_gp_de_japon_2018_samurai_hormiga-2.jpg 600w, https:\/\/bxrepsol.s3.eu-west-1.amazonaws.com\/static\/2022\/08\/29074241\/00_marc_marquez_casco_gp_de_japon_2018_samurai_hormiga-2.jpg 900w, https:\/\/bxrepsol.s3.eu-west-1.amazonaws.com\/static\/2022\/08\/29074241\/00_marc_marquez_casco_gp_de_japon_2018_samurai_hormiga-2.jpg 1280w\"\n                data-src=\"https:\/\/bxrepsol.s3.eu-west-1.amazonaws.com\/static\/2022\/08\/29074241\/00_marc_marquez_casco_gp_de_japon_2018_samurai_hormiga-2.jpg\"\n                alt=\"Marc M\u00e1rquez poniendose un casco con hormiga oriental\"\n                title=\"Casco GP de Jap\u00f3n 2018 perfil y frontal\"\/><br \/>\n            <noscript><img decoding=\"async\" src=\"https:\/\/bxrepsol.s3.eu-west-1.amazonaws.com\/static\/2022\/08\/29074241\/00_marc_marquez_casco_gp_de_japon_2018_samurai_hormiga-2.jpg\" alt=\"Marc M\u00e1rquez poniendose un casco con hormiga oriental\"><\/noscript>\n        <\/picture><figcaption>Marc M\u00e1rquez poniendose un casco con hormiga oriental<\/figcaption><\/figure>\n<p><\/a><\/p>\n<h3>El original<\/h3>\n<p>Rojo y negro y con la hormiga bien a la vista, el dise\u00f1o seg\u00fan lo vimos por primera vez en MotoGP.<\/p>\n<p><a href=\"https:\/\/bxrepsol.s3.eu-west-1.amazonaws.com\/static\/2022\/08\/05045630\/2013_marc.jpg\" \n   title=\"M\u00e1rquez toma una curva en Indian\u00e1polis\" \n   data-gallery-thumbnail=\"https:\/\/bxrepsol.s3.eu-west-1.amazonaws.com\/static\/2022\/08\/05045630\/2013_marc.jpg\"\n   data-gallery-title=\"\"\n   data-gallery><\/p>\n<figure>\n        <picture style=\"padding-bottom: 66.640625%; background-image: url(https:\/\/bxrepsol.s3.eu-west-1.amazonaws.com\/static\/2022\/08\/05045630\/2013_marc.jpg);\">\n            <img decoding=\"async\" src=\"https:\/\/bxrepsol.s3.eu-west-1.amazonaws.com\/static\/2022\/08\/05045630\/2013_marc.jpg\"><br \/>\n            <img itemprop=\"image\"\n                data-srcset=\"https:\/\/bxrepsol.s3.eu-west-1.amazonaws.com\/static\/2022\/08\/05045630\/2013_marc.jpg 480w, https:\/\/bxrepsol.s3.eu-west-1.amazonaws.com\/static\/2022\/08\/05045630\/2013_marc.jpg 600w, https:\/\/bxrepsol.s3.eu-west-1.amazonaws.com\/static\/2022\/08\/05045630\/2013_marc.jpg 900w, https:\/\/bxrepsol.s3.eu-west-1.amazonaws.com\/static\/2022\/08\/05045630\/2013_marc.jpg 1280w\"\n                data-src=\"https:\/\/bxrepsol.s3.eu-west-1.amazonaws.com\/static\/2022\/08\/05045630\/2013_marc.jpg\"\n                alt=\"M\u00e1rquez toma una curva en Indian\u00e1polis\"\n                title=\"Marc M\u00e1rquez GP Indian\u00e1polis 2013\"\/><br \/>\n            <noscript><img decoding=\"async\" src=\"https:\/\/bxrepsol.s3.eu-west-1.amazonaws.com\/static\/2022\/08\/05045630\/2013_marc.jpg\" alt=\"M\u00e1rquez toma una curva en Indian\u00e1polis\"><\/noscript>\n        <\/picture><figcaption>M\u00e1rquez toma una curva en Indian\u00e1polis<\/figcaption><\/figure>\n<p><\/a><\/p>\n<h3>Hormiga Japonesa<\/h3>\n<p>En blanco y rojo de fondo, con la hormiga marca personal de Marc, podemos ver claramente la bandera de Jap\u00f3n en el casco que luci\u00f3 en el GP de este pa\u00eds en dos ocasiones.<\/p>\n<p><a href=\"https:\/\/bxrepsol.s3.eu-west-1.amazonaws.com\/static\/2022\/08\/29074243\/17japon1-2.jpg\" \n   title=\"Marc M\u00e1rquez Repsol Honda\" \n   data-gallery-thumbnail=\"https:\/\/bxrepsol.s3.eu-west-1.amazonaws.com\/static\/2022\/08\/29074243\/17japon1-2.jpg\"\n   data-gallery-title=\"\"\n   data-gallery><\/p>\n<figure>\n        <picture style=\"padding-bottom: 66.640625%; background-image: url(https:\/\/bxrepsol.s3.eu-west-1.amazonaws.com\/static\/2022\/08\/29074243\/17japon1-2.jpg);\">\n            <img decoding=\"async\" src=\"https:\/\/bxrepsol.s3.eu-west-1.amazonaws.com\/static\/2022\/08\/29074243\/17japon1-2.jpg\"><br \/>\n            <img itemprop=\"image\"\n                data-srcset=\"https:\/\/bxrepsol.s3.eu-west-1.amazonaws.com\/static\/2022\/08\/29074243\/17japon1-2.jpg 480w, https:\/\/bxrepsol.s3.eu-west-1.amazonaws.com\/static\/2022\/08\/29074243\/17japon1-2.jpg 600w, https:\/\/bxrepsol.s3.eu-west-1.amazonaws.com\/static\/2022\/08\/29074243\/17japon1-2.jpg 900w, https:\/\/bxrepsol.s3.eu-west-1.amazonaws.com\/static\/2022\/08\/29074243\/17japon1-2.jpg 1280w\"\n                data-src=\"https:\/\/bxrepsol.s3.eu-west-1.amazonaws.com\/static\/2022\/08\/29074243\/17japon1-2.jpg\"\n                alt=\"Marc M\u00e1rquez Repsol Honda\"\n                title=\"17japon1\"\/><br \/>\n            <noscript><img decoding=\"async\" src=\"https:\/\/bxrepsol.s3.eu-west-1.amazonaws.com\/static\/2022\/08\/29074243\/17japon1-2.jpg\" alt=\"Marc M\u00e1rquez Repsol Honda\"><\/noscript>\n        <\/picture><figcaption>Marc M\u00e1rquez Repsol Honda<\/figcaption><\/figure>\n<p><\/a><\/p>\n<h3>Tribales surf<\/h3>\n<p>\u00bfC\u00f3mo podemos mejorar un buen dise\u00f1o? La respuesta la tenemos en este singular casco con la tradicional hormiga sobre un patr\u00f3n de tribales que recuerdan al arte polinesio.<\/p>\n<p><a href=\"https:\/\/bxrepsol.s3.eu-west-1.amazonaws.com\/static\/2022\/08\/29074244\/02JerezTestMgpP16REPSOL_JOC04121-2.jpg\" \n   title=\"M\u00e1rquez con el casco inspirado en dibujos tribales\" \n   data-gallery-thumbnail=\"https:\/\/bxrepsol.s3.eu-west-1.amazonaws.com\/static\/2022\/08\/29074244\/02JerezTestMgpP16REPSOL_JOC04121-2.jpg\"\n   data-gallery-title=\"\"\n   data-gallery><\/p>\n<figure>\n        <picture style=\"padding-bottom: 66.640625%; background-image: url(https:\/\/bxrepsol.s3.eu-west-1.amazonaws.com\/static\/2022\/08\/29074244\/02JerezTestMgpP16REPSOL_JOC04121-2.jpg);\">\n            <img decoding=\"async\" src=\"https:\/\/bxrepsol.s3.eu-west-1.amazonaws.com\/static\/2022\/08\/29074244\/02JerezTestMgpP16REPSOL_JOC04121-2.jpg\"><br \/>\n            <img itemprop=\"image\"\n                data-srcset=\"https:\/\/bxrepsol.s3.eu-west-1.amazonaws.com\/static\/2022\/08\/29074244\/02JerezTestMgpP16REPSOL_JOC04121-2.jpg 480w, https:\/\/bxrepsol.s3.eu-west-1.amazonaws.com\/static\/2022\/08\/29074244\/02JerezTestMgpP16REPSOL_JOC04121-2.jpg 600w, https:\/\/bxrepsol.s3.eu-west-1.amazonaws.com\/static\/2022\/08\/29074244\/02JerezTestMgpP16REPSOL_JOC04121-2.jpg 900w, https:\/\/bxrepsol.s3.eu-west-1.amazonaws.com\/static\/2022\/08\/29074244\/02JerezTestMgpP16REPSOL_JOC04121-2.jpg 1280w\"\n                data-src=\"https:\/\/bxrepsol.s3.eu-west-1.amazonaws.com\/static\/2022\/08\/29074244\/02JerezTestMgpP16REPSOL_JOC04121-2.jpg\"\n                alt=\"M\u00e1rquez con el casco inspirado en dibujos tribales\"\n                title=\"02JerezTestMgpP16REPSOL_JOC04121\"\/><br \/>\n            <noscript><img decoding=\"async\" src=\"https:\/\/bxrepsol.s3.eu-west-1.amazonaws.com\/static\/2022\/08\/29074244\/02JerezTestMgpP16REPSOL_JOC04121-2.jpg\" alt=\"M\u00e1rquez con el casco inspirado en dibujos tribales\"><\/noscript>\n        <\/picture><figcaption>M\u00e1rquez con el casco inspirado en dibujos tribales<\/figcaption><\/figure>\n<p><\/a><\/p>\n<h3><strong>Acci\u00f3n anime<\/strong><\/h3>\n<p>En 2015 M\u00e1rquez llevaba este din\u00e1mico dise\u00f1o basado en la animaci\u00f3n japonesa en el GP de este pa\u00eds. Estrenar casco en Jap\u00f3n es una costumbre muy habitual.<\/p>\n<p><a href=\"https:\/\/bxrepsol.s3.eu-west-1.amazonaws.com\/static\/2022\/08\/29074245\/15Japon15MgpREPSOL_JO501521-2.jpg\" \n   title=\"Marc M\u00e1rquez en el box en Jap\u00f3n\" \n   data-gallery-thumbnail=\"https:\/\/bxrepsol.s3.eu-west-1.amazonaws.com\/static\/2022\/08\/29074245\/15Japon15MgpREPSOL_JO501521-2.jpg\"\n   data-gallery-title=\"\"\n   data-gallery><\/p>\n<figure>\n        <picture style=\"padding-bottom: 66.640625%; background-image: url(https:\/\/bxrepsol.s3.eu-west-1.amazonaws.com\/static\/2022\/08\/29074245\/15Japon15MgpREPSOL_JO501521-2.jpg);\">\n            <img decoding=\"async\" src=\"https:\/\/bxrepsol.s3.eu-west-1.amazonaws.com\/static\/2022\/08\/29074245\/15Japon15MgpREPSOL_JO501521-2.jpg\"><br \/>\n            <img itemprop=\"image\"\n                data-srcset=\"https:\/\/bxrepsol.s3.eu-west-1.amazonaws.com\/static\/2022\/08\/29074245\/15Japon15MgpREPSOL_JO501521-2.jpg 480w, https:\/\/bxrepsol.s3.eu-west-1.amazonaws.com\/static\/2022\/08\/29074245\/15Japon15MgpREPSOL_JO501521-2.jpg 600w, https:\/\/bxrepsol.s3.eu-west-1.amazonaws.com\/static\/2022\/08\/29074245\/15Japon15MgpREPSOL_JO501521-2.jpg 900w, https:\/\/bxrepsol.s3.eu-west-1.amazonaws.com\/static\/2022\/08\/29074245\/15Japon15MgpREPSOL_JO501521-2.jpg 1280w\"\n                data-src=\"https:\/\/bxrepsol.s3.eu-west-1.amazonaws.com\/static\/2022\/08\/29074245\/15Japon15MgpREPSOL_JO501521-2.jpg\"\n                alt=\"Marc M\u00e1rquez en el box en Jap\u00f3n\"\n                title=\"15Japon15MgpREPSOL_JO501521\"\/><br \/>\n            <noscript><img decoding=\"async\" src=\"https:\/\/bxrepsol.s3.eu-west-1.amazonaws.com\/static\/2022\/08\/29074245\/15Japon15MgpREPSOL_JO501521-2.jpg\" alt=\"Marc M\u00e1rquez en el box en Jap\u00f3n\"><\/noscript>\n        <\/picture><figcaption>Marc M\u00e1rquez en el box en Jap\u00f3n<\/figcaption><\/figure>\n<p><\/a><\/p>\n<h3><strong>Reinventando un cl\u00e1sico<\/strong><\/h3>\n<p>Lo hemos visto en 2016, 2017 y 2018, el dise\u00f1o favorito del 93 para casi todas las carreras. La hormiga sobre un fondo rojo, un casco que ya pasar\u00e1 a la historia como el s\u00edmbolo de un campe\u00f3n.<\/p>\n<p><a href=\"https:\/\/bxrepsol.s3.eu-west-1.amazonaws.com\/static\/2022\/08\/29074246\/marquez_malasia_2017-2.jpg\" \n   title=\"M\u00e1rquez celebra la victoria en Malasia\" \n   data-gallery-thumbnail=\"https:\/\/bxrepsol.s3.eu-west-1.amazonaws.com\/static\/2022\/08\/29074246\/marquez_malasia_2017-2.jpg\"\n   data-gallery-title=\"\"\n   data-gallery><\/p>\n<figure>\n        <picture style=\"padding-bottom: 66.640625%; background-image: url(https:\/\/bxrepsol.s3.eu-west-1.amazonaws.com\/static\/2022\/08\/29074246\/marquez_malasia_2017-2.jpg);\">\n            <img decoding=\"async\" src=\"https:\/\/bxrepsol.s3.eu-west-1.amazonaws.com\/static\/2022\/08\/29074246\/marquez_malasia_2017-2.jpg\"><br \/>\n            <img itemprop=\"image\"\n                data-srcset=\"https:\/\/bxrepsol.s3.eu-west-1.amazonaws.com\/static\/2022\/08\/29074246\/marquez_malasia_2017-2.jpg 480w, https:\/\/bxrepsol.s3.eu-west-1.amazonaws.com\/static\/2022\/08\/29074246\/marquez_malasia_2017-2.jpg 600w, https:\/\/bxrepsol.s3.eu-west-1.amazonaws.com\/static\/2022\/08\/29074246\/marquez_malasia_2017-2.jpg 900w, https:\/\/bxrepsol.s3.eu-west-1.amazonaws.com\/static\/2022\/08\/29074246\/marquez_malasia_2017-2.jpg 1280w\"\n                data-src=\"https:\/\/bxrepsol.s3.eu-west-1.amazonaws.com\/static\/2022\/08\/29074246\/marquez_malasia_2017-2.jpg\"\n                alt=\"M\u00e1rquez celebra la victoria en Malasia\"\n                title=\"marquez_malasia_2017\"\/><br \/>\n            <noscript><img decoding=\"async\" src=\"https:\/\/bxrepsol.s3.eu-west-1.amazonaws.com\/static\/2022\/08\/29074246\/marquez_malasia_2017-2.jpg\" alt=\"M\u00e1rquez celebra la victoria en Malasia\"><\/noscript>\n        <\/picture><figcaption>M\u00e1rquez celebra la victoria en Malasia<\/figcaption><\/figure>\n<p><\/a><\/p>\n<h3><strong>Poniendo el \u201cON\u201d en Arag\u00d3N<\/strong><\/h3>\n<p>Este original dise\u00f1o con el s\u00edmbolo de encendido es el que hemos visto usar a Marc en diversos GPs espa\u00f1oles.\u00a0 Este casco le ha tra\u00eddo especial suerte en el GP de Arag\u00f3n que ha ganado en tres ocasiones vistiendo este modelo.<\/p>\n<p><a href=\"https:\/\/bxrepsol.s3.eu-west-1.amazonaws.com\/static\/2022\/08\/29074247\/marcquez_casco_on_aragon-2.jpg\" \n   title=\"M\u00e1rquez se\u00f1ala su casco\" \n   data-gallery-thumbnail=\"https:\/\/bxrepsol.s3.eu-west-1.amazonaws.com\/static\/2022\/08\/29074247\/marcquez_casco_on_aragon-2.jpg\"\n   data-gallery-title=\"\"\n   data-gallery><\/p>\n<figure>\n        <picture style=\"padding-bottom: 66.71875%; background-image: url(https:\/\/bxrepsol.s3.eu-west-1.amazonaws.com\/static\/2022\/08\/29074247\/marcquez_casco_on_aragon-2.jpg);\">\n            <img decoding=\"async\" src=\"https:\/\/bxrepsol.s3.eu-west-1.amazonaws.com\/static\/2022\/08\/29074247\/marcquez_casco_on_aragon-2.jpg\"><br \/>\n            <img itemprop=\"image\"\n                data-srcset=\"https:\/\/bxrepsol.s3.eu-west-1.amazonaws.com\/static\/2022\/08\/29074247\/marcquez_casco_on_aragon-2.jpg 480w, https:\/\/bxrepsol.s3.eu-west-1.amazonaws.com\/static\/2022\/08\/29074247\/marcquez_casco_on_aragon-2.jpg 600w, https:\/\/bxrepsol.s3.eu-west-1.amazonaws.com\/static\/2022\/08\/29074247\/marcquez_casco_on_aragon-2.jpg 900w, https:\/\/bxrepsol.s3.eu-west-1.amazonaws.com\/static\/2022\/08\/29074247\/marcquez_casco_on_aragon-2.jpg 1280w\"\n                data-src=\"https:\/\/bxrepsol.s3.eu-west-1.amazonaws.com\/static\/2022\/08\/29074247\/marcquez_casco_on_aragon-2.jpg\"\n                alt=\"M\u00e1rquez se\u00f1ala su casco\"\n                title=\"M\u00e1rquez GP Arag\u00f3n\"\/><br \/>\n            <noscript><img decoding=\"async\" src=\"https:\/\/bxrepsol.s3.eu-west-1.amazonaws.com\/static\/2022\/08\/29074247\/marcquez_casco_on_aragon-2.jpg\" alt=\"M\u00e1rquez se\u00f1ala su casco\"><\/noscript>\n        <\/picture><figcaption>M\u00e1rquez se\u00f1ala su casco<\/figcaption><\/figure>\n<p><\/a><\/p>\n<h3><strong>El gato de la suerte<\/strong><\/h3>\n<p>Todos recordamos c\u00f3mo en 2016, nuestro piloto s\u00f3lo pod\u00eda hacerse con el Mundial en Motegi si se daban una serie de improbables circunstancias. Los astros se alinearon, pero m\u00e1s que eso, Marc contaba con un amuleto especial en aquella ocasi\u00f3n.<\/p>\n<p><a href=\"https:\/\/bxrepsol.s3.eu-west-1.amazonaws.com\/static\/2022\/08\/29074248\/15Japon16MgpREPSOL_JOC39961-2.jpg\" \n   title=\"M\u00e1rquez sujeta su casco y un Maneki Neko\" \n   data-gallery-thumbnail=\"https:\/\/bxrepsol.s3.eu-west-1.amazonaws.com\/static\/2022\/08\/29074248\/15Japon16MgpREPSOL_JOC39961-2.jpg\"\n   data-gallery-title=\"\"\n   data-gallery><\/p>\n<figure>\n        <picture style=\"padding-bottom: 66.640625%; background-image: url(https:\/\/bxrepsol.s3.eu-west-1.amazonaws.com\/static\/2022\/08\/29074248\/15Japon16MgpREPSOL_JOC39961-2.jpg);\">\n            <img decoding=\"async\" src=\"https:\/\/bxrepsol.s3.eu-west-1.amazonaws.com\/static\/2022\/08\/29074248\/15Japon16MgpREPSOL_JOC39961-2.jpg\"><br \/>\n            <img itemprop=\"image\"\n                data-srcset=\"https:\/\/bxrepsol.s3.eu-west-1.amazonaws.com\/static\/2022\/08\/29074248\/15Japon16MgpREPSOL_JOC39961-2.jpg 480w, https:\/\/bxrepsol.s3.eu-west-1.amazonaws.com\/static\/2022\/08\/29074248\/15Japon16MgpREPSOL_JOC39961-2.jpg 600w, https:\/\/bxrepsol.s3.eu-west-1.amazonaws.com\/static\/2022\/08\/29074248\/15Japon16MgpREPSOL_JOC39961-2.jpg 900w, https:\/\/bxrepsol.s3.eu-west-1.amazonaws.com\/static\/2022\/08\/29074248\/15Japon16MgpREPSOL_JOC39961-2.jpg 1280w\"\n                data-src=\"https:\/\/bxrepsol.s3.eu-west-1.amazonaws.com\/static\/2022\/08\/29074248\/15Japon16MgpREPSOL_JOC39961-2.jpg\"\n                alt=\"M\u00e1rquez sujeta su casco y un Maneki Neko\"\n                title=\"M\u00e1rquez GP Jap\u00f3n 2016\"\/><br \/>\n            <noscript><img decoding=\"async\" src=\"https:\/\/bxrepsol.s3.eu-west-1.amazonaws.com\/static\/2022\/08\/29074248\/15Japon16MgpREPSOL_JOC39961-2.jpg\" alt=\"M\u00e1rquez sujeta su casco y un Maneki Neko\"><\/noscript>\n        <\/picture><figcaption>M\u00e1rquez sujeta su casco y un Maneki Neko<\/figcaption><\/figure>\n<p><\/a><\/p>\n<h3><strong>El Sheriff<\/strong><\/h3>\n<p>Estrenado en el GP de las Am\u00e9ricas 2017, este casco es el que llevaba Marc en el momento en el que lograba su primera victoria de la temporada.<\/p>\n<p><a href=\"https:\/\/bxrepsol.s3.eu-west-1.amazonaws.com\/static\/2022\/08\/29074250\/03Austin17MgpREPSOL_JOC92561-2.jpg\" \n   title=\"M\u00e1rquez con sombrero de cowboy\" \n   data-gallery-thumbnail=\"https:\/\/bxrepsol.s3.eu-west-1.amazonaws.com\/static\/2022\/08\/29074250\/03Austin17MgpREPSOL_JOC92561-2.jpg\"\n   data-gallery-title=\"\"\n   data-gallery><\/p>\n<figure>\n        <picture style=\"padding-bottom: 66.71875%; background-image: url(https:\/\/bxrepsol.s3.eu-west-1.amazonaws.com\/static\/2022\/08\/29074250\/03Austin17MgpREPSOL_JOC92561-2.jpg);\">\n            <img decoding=\"async\" src=\"https:\/\/bxrepsol.s3.eu-west-1.amazonaws.com\/static\/2022\/08\/29074250\/03Austin17MgpREPSOL_JOC92561-2.jpg\"><br \/>\n            <img itemprop=\"image\"\n                data-srcset=\"https:\/\/bxrepsol.s3.eu-west-1.amazonaws.com\/static\/2022\/08\/29074250\/03Austin17MgpREPSOL_JOC92561-2.jpg 480w, https:\/\/bxrepsol.s3.eu-west-1.amazonaws.com\/static\/2022\/08\/29074250\/03Austin17MgpREPSOL_JOC92561-2.jpg 600w, https:\/\/bxrepsol.s3.eu-west-1.amazonaws.com\/static\/2022\/08\/29074250\/03Austin17MgpREPSOL_JOC92561-2.jpg 900w, https:\/\/bxrepsol.s3.eu-west-1.amazonaws.com\/static\/2022\/08\/29074250\/03Austin17MgpREPSOL_JOC92561-2.jpg 1280w\"\n                data-src=\"https:\/\/bxrepsol.s3.eu-west-1.amazonaws.com\/static\/2022\/08\/29074250\/03Austin17MgpREPSOL_JOC92561-2.jpg\"\n                alt=\"M\u00e1rquez con sombrero de cowboy\"\n                title=\"El sheriff de COTA, Marc 2017\"\/><br \/>\n            <noscript><img decoding=\"async\" src=\"https:\/\/bxrepsol.s3.eu-west-1.amazonaws.com\/static\/2022\/08\/29074250\/03Austin17MgpREPSOL_JOC92561-2.jpg\" alt=\"M\u00e1rquez con sombrero de cowboy\"><\/noscript>\n        <\/picture><figcaption>M\u00e1rquez con sombrero de cowboy<\/figcaption><\/figure>\n<p><\/a><\/p>\n<h3><b>Test subject<\/b><\/h3>\n<p>Este casco es otra reinvenci\u00f3n del dise\u00f1o con la hormiga esta vez con un fondo negro y l\u00edneas de ne\u00f3n rojo. Hemos visto a Marc usar este casco exclusivamente durante los test.<\/p>\n<p><a href=\"https:\/\/bxrepsol.s3.eu-west-1.amazonaws.com\/static\/2022\/08\/29074251\/00_marc_marquez_test_tailandia_2018-2.jpg\" \n   title=\"Marc M\u00e1rquez rodando en pista sobre el piano\" \n   data-gallery-thumbnail=\"https:\/\/bxrepsol.s3.eu-west-1.amazonaws.com\/static\/2022\/08\/29074251\/00_marc_marquez_test_tailandia_2018-2.jpg\"\n   data-gallery-title=\"\"\n   data-gallery><\/p>\n<figure>\n        <picture style=\"padding-bottom: 66.666666666667%; background-image: url(https:\/\/bxrepsol.s3.eu-west-1.amazonaws.com\/static\/2022\/08\/29074251\/00_marc_marquez_test_tailandia_2018-2.jpg);\">\n            <img decoding=\"async\" src=\"https:\/\/bxrepsol.s3.eu-west-1.amazonaws.com\/static\/2022\/08\/29074251\/00_marc_marquez_test_tailandia_2018-2.jpg\"><br \/>\n            <img itemprop=\"image\"\n                data-srcset=\"https:\/\/bxrepsol.s3.eu-west-1.amazonaws.com\/static\/2022\/08\/29074251\/00_marc_marquez_test_tailandia_2018-2.jpg 480w, https:\/\/bxrepsol.s3.eu-west-1.amazonaws.com\/static\/2022\/08\/29074251\/00_marc_marquez_test_tailandia_2018-2.jpg 600w, https:\/\/bxrepsol.s3.eu-west-1.amazonaws.com\/static\/2022\/08\/29074251\/00_marc_marquez_test_tailandia_2018-2.jpg 900w, https:\/\/bxrepsol.s3.eu-west-1.amazonaws.com\/static\/2022\/08\/29074251\/00_marc_marquez_test_tailandia_2018-2.jpg 1280w\"\n                data-src=\"https:\/\/bxrepsol.s3.eu-west-1.amazonaws.com\/static\/2022\/08\/29074251\/00_marc_marquez_test_tailandia_2018-2.jpg\"\n                alt=\"Marc M\u00e1rquez rodando en pista sobre el piano\"\n                title=\"Marc M\u00e1rquez rodando con casco de test\"\/><br \/>\n            <noscript><img decoding=\"async\" src=\"https:\/\/bxrepsol.s3.eu-west-1.amazonaws.com\/static\/2022\/08\/29074251\/00_marc_marquez_test_tailandia_2018-2.jpg\" alt=\"Marc M\u00e1rquez rodando en pista sobre el piano\"><\/noscript>\n        <\/picture><figcaption>Marc M\u00e1rquez rodando en pista sobre el piano<\/figcaption><\/figure>\n<p><\/a><br \/>\n                <!-- Imagen relacionada --><br \/>\n        <img loading=\"lazy\" decoding=\"async\" width=\"404\" height=\"336\" src=\"https:\/\/bxrepsol.s3.eu-west-1.amazonaws.com\/static\/2022\/08\/05045639\/00_marc_marquez_casco_nuevo_catalunya-1.jpg\" alt=\"\" \/><br \/>\n                <!-- Categor\u00eda --><br \/>\n            MotoGP<br \/>\n        <!-- T\u00edtulo --><br \/>\n        <a href=\"https:\/\/www.boxrepsol.com\/es\/motogp\/asi-se-fabrican-los-cascos-de-marc-marquez\/\"><\/p>\n<h3>As\u00ed se fabrican los cascos de Marc M\u00e1rquez<\/h3>\n<p>        <\/a><br \/>\n                    <!-- Fecha --><br \/>\n            hace 1 hora<\/p>\n","protected":false},"excerpt":{"rendered":"<p>Durante la etapa de MotoGP hemos podido ver a Marc M\u00e1rquez vestir diferentes modelos de casco. Actualizamos la lista de nuestros favoritos en esta galer\u00eda.<\/p>\n","protected":false},"author":43146,"featured_media":87196,"comment_status":"open","ping_status":"open","sticky":false,"template":"","format":"standard","meta":{"footnotes":""},"categories":[4],"tags":[131],"class_list":["post-92059","post","type-post","status-publish","format-standard","hentry","category-motogp","tag-equipacion-y-accesorios-moto"],"yoast_head":"<!-- This site is optimized with the Yoast SEO plugin v27.3 - https:\/\/yoast.com\/product\/yoast-seo-wordpress\/ -->\n<title>Los cascos de Marc M\u00e1rquez: una hormiga con estilo - Box Repsol<\/title>\n<meta name=\"description\" content=\"Durante la etapa de MotoGP hemos podido ver a Marc M\u00e1rquez vestir diferentes modelos de casco. Actualizamos la lista de nuestros favoritos en esta galer\u00eda.\" \/>\n<link rel=\"canonical\" href=\"https:\/\/www.boxrepsol.com\/es\/motogp\/los-cascos-marc-una-hormiga-estilo\/\" \/>\n<meta property=\"og:locale\" content=\"es_ES\" \/>\n<meta property=\"og:type\" content=\"article\" \/>\n<meta property=\"og:title\" content=\"Los cascos de Marc M\u00e1rquez: una hormiga con estilo - Box Repsol\" \/>\n<meta property=\"og:description\" content=\"Durante la etapa de MotoGP hemos podido ver a Marc M\u00e1rquez vestir diferentes modelos de casco. Actualizamos la lista de nuestros favoritos en esta galer\u00eda.\" \/>\n<meta property=\"og:url\" content=\"https:\/\/www.boxrepsol.com\/es\/motogp\/los-cascos-marc-una-hormiga-estilo\/\" \/>\n<meta property=\"og:site_name\" content=\"Box Repsol\" \/>\n<meta property=\"article:publisher\" content=\"https:\/\/www.facebook.com\/BoxRepsol\" \/>\n<meta property=\"article:author\" content=\"https:\/\/www.facebook.com\/BoxRepsol\/\" \/>\n<meta property=\"article:published_time\" content=\"2018-11-06T02:00:00+00:00\" \/>\n<meta property=\"article:modified_time\" content=\"2024-05-22T10:22:57+00:00\" \/>\n<meta property=\"og:image\" content=\"https:\/\/www.boxrepsol.com\/wp-content\/uploads\/2022\/08\/00_mm93_casco_marc_marquez_repsol_honda_motogp_austin_americas_gp.jpg\" \/>\n\t<meta property=\"og:image:width\" content=\"995\" \/>\n\t<meta property=\"og:image:height\" content=\"560\" \/>\n\t<meta property=\"og:image:type\" content=\"image\/jpeg\" \/>\n<meta name=\"author\" content=\"Redacci\u00f3n Box Repsol\" \/>\n<meta name=\"twitter:card\" content=\"summary_large_image\" \/>\n<meta name=\"twitter:creator\" content=\"@https:\/\/twitter.com\/box_repsol\" \/>\n<meta name=\"twitter:site\" content=\"@box_repsol\" \/>\n<meta name=\"twitter:label1\" content=\"Written by\" \/>\n\t<meta name=\"twitter:data1\" content=\"Redacci\u00f3n Box Repsol\" \/>\n\t<meta name=\"twitter:label2\" content=\"Est. reading time\" \/>\n\t<meta name=\"twitter:data2\" content=\"3 minutos\" \/>\n<script type=\"application\/ld+json\" class=\"yoast-schema-graph\">{\"@context\":\"https:\\\/\\\/schema.org\",\"@graph\":[{\"@type\":\"Article\",\"@id\":\"https:\\\/\\\/www.boxrepsol.com\\\/es\\\/motogp\\\/los-cascos-marc-una-hormiga-estilo\\\/#article\",\"isPartOf\":{\"@id\":\"https:\\\/\\\/www.boxrepsol.com\\\/es\\\/motogp\\\/los-cascos-marc-una-hormiga-estilo\\\/\"},\"author\":{\"name\":\"Redacci\u00f3n Box Repsol\",\"@id\":\"https:\\\/\\\/www.boxrepsol.com\\\/es\\\/#\\\/schema\\\/person\\\/c5c2138f2cca251b0ad92b7086bb60b7\"},\"headline\":\"Los cascos de Marc M\u00e1rquez: una hormiga con estilo\",\"datePublished\":\"2018-11-06T02:00:00+00:00\",\"dateModified\":\"2024-05-22T10:22:57+00:00\",\"mainEntityOfPage\":{\"@id\":\"https:\\\/\\\/www.boxrepsol.com\\\/es\\\/motogp\\\/los-cascos-marc-una-hormiga-estilo\\\/\"},\"wordCount\":524,\"commentCount\":0,\"publisher\":{\"@id\":\"https:\\\/\\\/www.boxrepsol.com\\\/es\\\/#organization\"},\"image\":{\"@id\":\"https:\\\/\\\/www.boxrepsol.com\\\/es\\\/motogp\\\/los-cascos-marc-una-hormiga-estilo\\\/#primaryimage\"},\"thumbnailUrl\":\"https:\\\/\\\/www.boxrepsol.com\\\/wp-content\\\/uploads\\\/2022\\\/08\\\/00_mm93_casco_marc_marquez_repsol_honda_motogp_austin_americas_gp.jpg\",\"keywords\":[\"equipaci\u00f3n y accesorios moto\"],\"articleSection\":[\"MotoGP\"],\"inLanguage\":\"es\",\"potentialAction\":[{\"@type\":\"CommentAction\",\"name\":\"Comment\",\"target\":[\"https:\\\/\\\/www.boxrepsol.com\\\/es\\\/motogp\\\/los-cascos-marc-una-hormiga-estilo\\\/#respond\"]}]},{\"@type\":\"WebPage\",\"@id\":\"https:\\\/\\\/www.boxrepsol.com\\\/es\\\/motogp\\\/los-cascos-marc-una-hormiga-estilo\\\/\",\"url\":\"https:\\\/\\\/www.boxrepsol.com\\\/es\\\/motogp\\\/los-cascos-marc-una-hormiga-estilo\\\/\",\"name\":\"Los cascos de Marc M\u00e1rquez: una hormiga con estilo - Box Repsol\",\"isPartOf\":{\"@id\":\"https:\\\/\\\/www.boxrepsol.com\\\/es\\\/#website\"},\"primaryImageOfPage\":{\"@id\":\"https:\\\/\\\/www.boxrepsol.com\\\/es\\\/motogp\\\/los-cascos-marc-una-hormiga-estilo\\\/#primaryimage\"},\"image\":{\"@id\":\"https:\\\/\\\/www.boxrepsol.com\\\/es\\\/motogp\\\/los-cascos-marc-una-hormiga-estilo\\\/#primaryimage\"},\"thumbnailUrl\":\"https:\\\/\\\/www.boxrepsol.com\\\/wp-content\\\/uploads\\\/2022\\\/08\\\/00_mm93_casco_marc_marquez_repsol_honda_motogp_austin_americas_gp.jpg\",\"datePublished\":\"2018-11-06T02:00:00+00:00\",\"dateModified\":\"2024-05-22T10:22:57+00:00\",\"description\":\"Durante la etapa de MotoGP hemos podido ver a Marc M\u00e1rquez vestir diferentes modelos de casco. Actualizamos la lista de nuestros favoritos en esta galer\u00eda.\",\"breadcrumb\":{\"@id\":\"https:\\\/\\\/www.boxrepsol.com\\\/es\\\/motogp\\\/los-cascos-marc-una-hormiga-estilo\\\/#breadcrumb\"},\"inLanguage\":\"es\",\"potentialAction\":[{\"@type\":\"ReadAction\",\"target\":[\"https:\\\/\\\/www.boxrepsol.com\\\/es\\\/motogp\\\/los-cascos-marc-una-hormiga-estilo\\\/\"]}]},{\"@type\":\"ImageObject\",\"inLanguage\":\"es\",\"@id\":\"https:\\\/\\\/www.boxrepsol.com\\\/es\\\/motogp\\\/los-cascos-marc-una-hormiga-estilo\\\/#primaryimage\",\"url\":\"https:\\\/\\\/www.boxrepsol.com\\\/wp-content\\\/uploads\\\/2022\\\/08\\\/00_mm93_casco_marc_marquez_repsol_honda_motogp_austin_americas_gp.jpg\",\"contentUrl\":\"https:\\\/\\\/www.boxrepsol.com\\\/wp-content\\\/uploads\\\/2022\\\/08\\\/00_mm93_casco_marc_marquez_repsol_honda_motogp_austin_americas_gp.jpg\",\"width\":995,\"height\":560,\"caption\":\"Casco integral con 93 en el dorso\"},{\"@type\":\"BreadcrumbList\",\"@id\":\"https:\\\/\\\/www.boxrepsol.com\\\/es\\\/motogp\\\/los-cascos-marc-una-hormiga-estilo\\\/#breadcrumb\",\"itemListElement\":[{\"@type\":\"ListItem\",\"position\":1,\"name\":\"Home\",\"item\":\"https:\\\/\\\/www.boxrepsol.com\\\/es\\\/\"},{\"@type\":\"ListItem\",\"position\":2,\"name\":\"Los cascos de Marc M\u00e1rquez: una hormiga con estilo\"}]},{\"@type\":\"WebSite\",\"@id\":\"https:\\\/\\\/www.boxrepsol.com\\\/es\\\/#website\",\"url\":\"https:\\\/\\\/www.boxrepsol.com\\\/es\\\/\",\"name\":\"Box Repsol\",\"description\":\"Box Repsol Site\",\"publisher\":{\"@id\":\"https:\\\/\\\/www.boxrepsol.com\\\/es\\\/#organization\"},\"potentialAction\":[{\"@type\":\"SearchAction\",\"target\":{\"@type\":\"EntryPoint\",\"urlTemplate\":\"https:\\\/\\\/www.boxrepsol.com\\\/es\\\/?s={search_term_string}\"},\"query-input\":{\"@type\":\"PropertyValueSpecification\",\"valueRequired\":true,\"valueName\":\"search_term_string\"}}],\"inLanguage\":\"es\"},{\"@type\":\"Organization\",\"@id\":\"https:\\\/\\\/www.boxrepsol.com\\\/es\\\/#organization\",\"name\":\"Box Repsol\",\"url\":\"https:\\\/\\\/www.boxrepsol.com\\\/es\\\/\",\"logo\":{\"@type\":\"ImageObject\",\"inLanguage\":\"es\",\"@id\":\"https:\\\/\\\/www.boxrepsol.com\\\/es\\\/#\\\/schema\\\/logo\\\/image\\\/\",\"url\":\"https:\\\/\\\/bxrepsol.s3.eu-west-1.amazonaws.com\\\/static\\\/2025\\\/07\\\/30083337\\\/favicon-96x96-1.png\",\"contentUrl\":\"https:\\\/\\\/bxrepsol.s3.eu-west-1.amazonaws.com\\\/static\\\/2025\\\/07\\\/30083337\\\/favicon-96x96-1.png\",\"width\":96,\"height\":96,\"caption\":\"Box Repsol\"},\"image\":{\"@id\":\"https:\\\/\\\/www.boxrepsol.com\\\/es\\\/#\\\/schema\\\/logo\\\/image\\\/\"},\"sameAs\":[\"https:\\\/\\\/www.facebook.com\\\/BoxRepsol\",\"https:\\\/\\\/x.com\\\/box_repsol\",\"http:\\\/\\\/instagram.com\\\/box_repsol\",\"https:\\\/\\\/www.youtube.com\\\/user\\\/RepsolCompeticion\",\"https:\\\/\\\/www.flickr.com\\\/photos\\\/box_repsol\\\/\"]},{\"@type\":\"Person\",\"@id\":\"https:\\\/\\\/www.boxrepsol.com\\\/es\\\/#\\\/schema\\\/person\\\/c5c2138f2cca251b0ad92b7086bb60b7\",\"name\":\"Redacci\u00f3n Box Repsol\",\"image\":{\"@type\":\"ImageObject\",\"inLanguage\":\"es\",\"@id\":\"https:\\\/\\\/secure.gravatar.com\\\/avatar\\\/adf7b77e38b4419baf32c7e9c21dde01f4e40df611f0978e3006fc4ba0aaab7e?s=96&d=mm&r=g\",\"url\":\"https:\\\/\\\/secure.gravatar.com\\\/avatar\\\/adf7b77e38b4419baf32c7e9c21dde01f4e40df611f0978e3006fc4ba0aaab7e?s=96&d=mm&r=g\",\"contentUrl\":\"https:\\\/\\\/secure.gravatar.com\\\/avatar\\\/adf7b77e38b4419baf32c7e9c21dde01f4e40df611f0978e3006fc4ba0aaab7e?s=96&d=mm&r=g\",\"caption\":\"Redacci\u00f3n Box Repsol\"},\"description\":\"Box Repsol lo forma un equipo de periodistas, community managers, dise\u00f1adores y fot\u00f3grafos con m\u00e1s de 20 a\u00f1os de experiencia en el mundo del motorsport. Hemos vivido el primer mundial de un espa\u00f1ol en la categor\u00eda reina de motociclismo con \u00c1lex Crivill\u00e9, estuvimos en las victorias de Pedrosa y los t\u00edtulos de M\u00e1rquez, acompa\u00f1amos en \u00c1frica a Nani Roma y Marc Coma en sus conquistas del Dakar y hemos vibrado con los t\u00edtulos de Toni Bou en Trial. Adem\u00e1s, en nuestro equipo contamos con expertos en el mundo de las dos y cuatro ruedas tanto de la calle y las carreteras, como de los circuitos. Periodistas que han trabajado en revistas y publicaciones para hacerte llegar desde rutas y consejos de mantenimiento, a curiosidades y trucos de pilotaje.\",\"sameAs\":[\"https:\\\/\\\/www.facebook.com\\\/BoxRepsol\\\/\",\"https:\\\/\\\/www.instagram.com\\\/box_repsol\\\/\",\"https:\\\/\\\/x.com\\\/https:\\\/\\\/twitter.com\\\/box_repsol\",\"https:\\\/\\\/www.youtube.com\\\/@Boxrepsol\"],\"url\":\"https:\\\/\\\/www.boxrepsol.com\\\/es\\\/author\\\/redaccion-box-repsol\\\/\"}]}<\/script>\n<!-- \/ Yoast SEO plugin. -->","yoast_head_json":{"title":"Los cascos de Marc M\u00e1rquez: una hormiga con estilo - Box Repsol","description":"Durante la etapa de MotoGP hemos podido ver a Marc M\u00e1rquez vestir diferentes modelos de casco. Actualizamos la lista de nuestros favoritos en esta galer\u00eda.","canonical":"https:\/\/www.boxrepsol.com\/es\/motogp\/los-cascos-marc-una-hormiga-estilo\/","og_locale":"es_ES","og_type":"article","og_title":"Los cascos de Marc M\u00e1rquez: una hormiga con estilo - Box Repsol","og_description":"Durante la etapa de MotoGP hemos podido ver a Marc M\u00e1rquez vestir diferentes modelos de casco. Actualizamos la lista de nuestros favoritos en esta galer\u00eda.","og_url":"https:\/\/www.boxrepsol.com\/es\/motogp\/los-cascos-marc-una-hormiga-estilo\/","og_site_name":"Box Repsol","article_publisher":"https:\/\/www.facebook.com\/BoxRepsol","article_author":"https:\/\/www.facebook.com\/BoxRepsol\/","article_published_time":"2018-11-06T02:00:00+00:00","article_modified_time":"2024-05-22T10:22:57+00:00","og_image":[{"width":995,"height":560,"url":"https:\/\/www.boxrepsol.com\/wp-content\/uploads\/2022\/08\/00_mm93_casco_marc_marquez_repsol_honda_motogp_austin_americas_gp.jpg","type":"image\/jpeg"}],"author":"Redacci\u00f3n Box Repsol","twitter_card":"summary_large_image","twitter_creator":"@https:\/\/twitter.com\/box_repsol","twitter_site":"@box_repsol","twitter_misc":{"Written by":"Redacci\u00f3n Box Repsol","Est. reading time":"3 minutos"},"schema":{"@context":"https:\/\/schema.org","@graph":[{"@type":"Article","@id":"https:\/\/www.boxrepsol.com\/es\/motogp\/los-cascos-marc-una-hormiga-estilo\/#article","isPartOf":{"@id":"https:\/\/www.boxrepsol.com\/es\/motogp\/los-cascos-marc-una-hormiga-estilo\/"},"author":{"name":"Redacci\u00f3n Box Repsol","@id":"https:\/\/www.boxrepsol.com\/es\/#\/schema\/person\/c5c2138f2cca251b0ad92b7086bb60b7"},"headline":"Los cascos de Marc M\u00e1rquez: una hormiga con estilo","datePublished":"2018-11-06T02:00:00+00:00","dateModified":"2024-05-22T10:22:57+00:00","mainEntityOfPage":{"@id":"https:\/\/www.boxrepsol.com\/es\/motogp\/los-cascos-marc-una-hormiga-estilo\/"},"wordCount":524,"commentCount":0,"publisher":{"@id":"https:\/\/www.boxrepsol.com\/es\/#organization"},"image":{"@id":"https:\/\/www.boxrepsol.com\/es\/motogp\/los-cascos-marc-una-hormiga-estilo\/#primaryimage"},"thumbnailUrl":"https:\/\/www.boxrepsol.com\/wp-content\/uploads\/2022\/08\/00_mm93_casco_marc_marquez_repsol_honda_motogp_austin_americas_gp.jpg","keywords":["equipaci\u00f3n y accesorios moto"],"articleSection":["MotoGP"],"inLanguage":"es","potentialAction":[{"@type":"CommentAction","name":"Comment","target":["https:\/\/www.boxrepsol.com\/es\/motogp\/los-cascos-marc-una-hormiga-estilo\/#respond"]}]},{"@type":"WebPage","@id":"https:\/\/www.boxrepsol.com\/es\/motogp\/los-cascos-marc-una-hormiga-estilo\/","url":"https:\/\/www.boxrepsol.com\/es\/motogp\/los-cascos-marc-una-hormiga-estilo\/","name":"Los cascos de Marc M\u00e1rquez: una hormiga con estilo - Box Repsol","isPartOf":{"@id":"https:\/\/www.boxrepsol.com\/es\/#website"},"primaryImageOfPage":{"@id":"https:\/\/www.boxrepsol.com\/es\/motogp\/los-cascos-marc-una-hormiga-estilo\/#primaryimage"},"image":{"@id":"https:\/\/www.boxrepsol.com\/es\/motogp\/los-cascos-marc-una-hormiga-estilo\/#primaryimage"},"thumbnailUrl":"https:\/\/www.boxrepsol.com\/wp-content\/uploads\/2022\/08\/00_mm93_casco_marc_marquez_repsol_honda_motogp_austin_americas_gp.jpg","datePublished":"2018-11-06T02:00:00+00:00","dateModified":"2024-05-22T10:22:57+00:00","description":"Durante la etapa de MotoGP hemos podido ver a Marc M\u00e1rquez vestir diferentes modelos de casco. Actualizamos la lista de nuestros favoritos en esta galer\u00eda.","breadcrumb":{"@id":"https:\/\/www.boxrepsol.com\/es\/motogp\/los-cascos-marc-una-hormiga-estilo\/#breadcrumb"},"inLanguage":"es","potentialAction":[{"@type":"ReadAction","target":["https:\/\/www.boxrepsol.com\/es\/motogp\/los-cascos-marc-una-hormiga-estilo\/"]}]},{"@type":"ImageObject","inLanguage":"es","@id":"https:\/\/www.boxrepsol.com\/es\/motogp\/los-cascos-marc-una-hormiga-estilo\/#primaryimage","url":"https:\/\/www.boxrepsol.com\/wp-content\/uploads\/2022\/08\/00_mm93_casco_marc_marquez_repsol_honda_motogp_austin_americas_gp.jpg","contentUrl":"https:\/\/www.boxrepsol.com\/wp-content\/uploads\/2022\/08\/00_mm93_casco_marc_marquez_repsol_honda_motogp_austin_americas_gp.jpg","width":995,"height":560,"caption":"Casco integral con 93 en el dorso"},{"@type":"BreadcrumbList","@id":"https:\/\/www.boxrepsol.com\/es\/motogp\/los-cascos-marc-una-hormiga-estilo\/#breadcrumb","itemListElement":[{"@type":"ListItem","position":1,"name":"Home","item":"https:\/\/www.boxrepsol.com\/es\/"},{"@type":"ListItem","position":2,"name":"Los cascos de Marc M\u00e1rquez: una hormiga con estilo"}]},{"@type":"WebSite","@id":"https:\/\/www.boxrepsol.com\/es\/#website","url":"https:\/\/www.boxrepsol.com\/es\/","name":"Box Repsol","description":"Box Repsol Site","publisher":{"@id":"https:\/\/www.boxrepsol.com\/es\/#organization"},"potentialAction":[{"@type":"SearchAction","target":{"@type":"EntryPoint","urlTemplate":"https:\/\/www.boxrepsol.com\/es\/?s={search_term_string}"},"query-input":{"@type":"PropertyValueSpecification","valueRequired":true,"valueName":"search_term_string"}}],"inLanguage":"es"},{"@type":"Organization","@id":"https:\/\/www.boxrepsol.com\/es\/#organization","name":"Box Repsol","url":"https:\/\/www.boxrepsol.com\/es\/","logo":{"@type":"ImageObject","inLanguage":"es","@id":"https:\/\/www.boxrepsol.com\/es\/#\/schema\/logo\/image\/","url":"https:\/\/bxrepsol.s3.eu-west-1.amazonaws.com\/static\/2025\/07\/30083337\/favicon-96x96-1.png","contentUrl":"https:\/\/bxrepsol.s3.eu-west-1.amazonaws.com\/static\/2025\/07\/30083337\/favicon-96x96-1.png","width":96,"height":96,"caption":"Box Repsol"},"image":{"@id":"https:\/\/www.boxrepsol.com\/es\/#\/schema\/logo\/image\/"},"sameAs":["https:\/\/www.facebook.com\/BoxRepsol","https:\/\/x.com\/box_repsol","http:\/\/instagram.com\/box_repsol","https:\/\/www.youtube.com\/user\/RepsolCompeticion","https:\/\/www.flickr.com\/photos\/box_repsol\/"]},{"@type":"Person","@id":"https:\/\/www.boxrepsol.com\/es\/#\/schema\/person\/c5c2138f2cca251b0ad92b7086bb60b7","name":"Redacci\u00f3n Box Repsol","image":{"@type":"ImageObject","inLanguage":"es","@id":"https:\/\/secure.gravatar.com\/avatar\/adf7b77e38b4419baf32c7e9c21dde01f4e40df611f0978e3006fc4ba0aaab7e?s=96&d=mm&r=g","url":"https:\/\/secure.gravatar.com\/avatar\/adf7b77e38b4419baf32c7e9c21dde01f4e40df611f0978e3006fc4ba0aaab7e?s=96&d=mm&r=g","contentUrl":"https:\/\/secure.gravatar.com\/avatar\/adf7b77e38b4419baf32c7e9c21dde01f4e40df611f0978e3006fc4ba0aaab7e?s=96&d=mm&r=g","caption":"Redacci\u00f3n Box Repsol"},"description":"Box Repsol lo forma un equipo de periodistas, community managers, dise\u00f1adores y fot\u00f3grafos con m\u00e1s de 20 a\u00f1os de experiencia en el mundo del motorsport. Hemos vivido el primer mundial de un espa\u00f1ol en la categor\u00eda reina de motociclismo con \u00c1lex Crivill\u00e9, estuvimos en las victorias de Pedrosa y los t\u00edtulos de M\u00e1rquez, acompa\u00f1amos en \u00c1frica a Nani Roma y Marc Coma en sus conquistas del Dakar y hemos vibrado con los t\u00edtulos de Toni Bou en Trial. Adem\u00e1s, en nuestro equipo contamos con expertos en el mundo de las dos y cuatro ruedas tanto de la calle y las carreteras, como de los circuitos. Periodistas que han trabajado en revistas y publicaciones para hacerte llegar desde rutas y consejos de mantenimiento, a curiosidades y trucos de pilotaje.","sameAs":["https:\/\/www.facebook.com\/BoxRepsol\/","https:\/\/www.instagram.com\/box_repsol\/","https:\/\/x.com\/https:\/\/twitter.com\/box_repsol","https:\/\/www.youtube.com\/@Boxrepsol"],"url":"https:\/\/www.boxrepsol.com\/es\/author\/redaccion-box-repsol\/"}]}},"_links":{"self":[{"href":"https:\/\/www.boxrepsol.com\/es\/wp-json\/wp\/v2\/posts\/92059","targetHints":{"allow":["GET"]}}],"collection":[{"href":"https:\/\/www.boxrepsol.com\/es\/wp-json\/wp\/v2\/posts"}],"about":[{"href":"https:\/\/www.boxrepsol.com\/es\/wp-json\/wp\/v2\/types\/post"}],"author":[{"embeddable":true,"href":"https:\/\/www.boxrepsol.com\/es\/wp-json\/wp\/v2\/users\/43146"}],"replies":[{"embeddable":true,"href":"https:\/\/www.boxrepsol.com\/es\/wp-json\/wp\/v2\/comments?post=92059"}],"version-history":[{"count":1,"href":"https:\/\/www.boxrepsol.com\/es\/wp-json\/wp\/v2\/posts\/92059\/revisions"}],"predecessor-version":[{"id":92060,"href":"https:\/\/www.boxrepsol.com\/es\/wp-json\/wp\/v2\/posts\/92059\/revisions\/92060"}],"wp:featuredmedia":[{"embeddable":true,"href":"https:\/\/www.boxrepsol.com\/es\/wp-json\/wp\/v2\/media\/87196"}],"wp:attachment":[{"href":"https:\/\/www.boxrepsol.com\/es\/wp-json\/wp\/v2\/media?parent=92059"}],"wp:term":[{"taxonomy":"category","embeddable":true,"href":"https:\/\/www.boxrepsol.com\/es\/wp-json\/wp\/v2\/categories?post=92059"},{"taxonomy":"post_tag","embeddable":true,"href":"https:\/\/www.boxrepsol.com\/es\/wp-json\/wp\/v2\/tags?post=92059"}],"curies":[{"name":"wp","href":"https:\/\/api.w.org\/{rel}","templated":true}]}}