{"id":92035,"date":"2017-11-17T00:00:00","date_gmt":"2017-11-17T02:00:00","guid":{"rendered":"http:\/\/pre.boxrepsol.com\/sin-categorizar\/motociclismo-del-bueno-navarra\/"},"modified":"2024-05-21T06:42:06","modified_gmt":"2024-05-21T08:42:06","slug":"motociclismo-del-bueno-navarra","status":"publish","type":"post","link":"https:\/\/www.boxrepsol.com\/es\/cultura-motera\/motociclismo-del-bueno-navarra\/","title":{"rendered":"Motociclismo del bueno en Navarra"},"content":{"rendered":"<p>Comenzaron reuni\u00e9ndose varios amigos en moto y casi 20 a\u00f1os despu\u00e9s tienen que limitar los asistentes a su concentraci\u00f3n anual porque desbordan la localidad de Ribaforada (Comunidad Foral de Navarra). Ahora preparan la de invierno.<\/p>\n<p>Imag\u00ednate que formas parte de un grupo de amigos y sales en moto por las carreteras de Navarra en un entorno completamente espectacular. Si has rodado por all\u00ed o has cruzado la frontera con Francia por el paso de Roncesvalles, sabes de lo que estamos hablando. Un sitio as\u00ed hay que compartirlo y eso es lo que hicieron definitivamente en 1999 los Caballos de Fuego, que se hab\u00edan constituido poco antes como club.<\/p>\n<p>Decidieron probar suerte y convocar su propia concentraci\u00f3n; la llamaron \u201cLa Pellejo\u201d. \u00bfEh? S\u00ed, a ver. Un pellejo es una bota de vino tradicional de unos diez litros de capacidad.<\/p>\n<div id=\"attachment_14783\" style=\"width: 714px\" class=\"wp-caption aligncenter\"><img loading=\"lazy\" decoding=\"async\" aria-describedby=\"caption-attachment-14783\" src=\"https:\/\/bxrepsol.s3.eu-west-1.amazonaws.com\/static\/2022\/08\/29074224\/cartel_la_pellejo_2017-2.png\" alt=\"\" width=\"704\" height=\"465\" \/><p id=\"caption-attachment-14783\" class=\"wp-caption-text\">Foto: Pellejo Caballos de Fuego | Facebook<\/p><\/div>\n<p>Esperaban cien inscritos y aparecieron trescientos cincuenta. Para que te hagas una idea, Ribaforada apenas tiene 3.700 habitantes, pero existe en ella una larga tradici\u00f3n motociclista que hab\u00eda comenzado unos a\u00f1os antes, cuando las motos de gran cilindrada hab\u00edan enganchado a varios vecinos y otros tantos les siguieron. Tal como a algunos les gusta llamar las cosas, digamos que Ribaforada comenz\u00f3 a ser una poblaci\u00f3n <em>Bike friendly<\/em> (no te creas que hay muchas).<\/p>\n<blockquote style=\"background: #FFF; border: 0; border-radius: 3px; box-shadow: 0 0 1px 0 rgba(0,0,0,0.5),0 1px 10px 0 rgba(0,0,0,0.15); margin: 1px; max-width: 658px; padding: 0; width: calc(100% - 2px);\" data-instgrm-captioned=\"\" data-instgrm-version=\"7\">\n<p style=\"margin: 8px 0 0 0; padding: 0 4px;\"><a style=\"color: #000; font-family: Arial,sans-serif; font-size: 14px; font-style: normal; font-weight: normal; line-height: 17px; text-decoration: none; word-wrap: break-word;\" href=\"https:\/\/www.instagram.com\/p\/BZyDduzBOhB\/\" target=\"_blank\" rel=\"noopener noreferrer\">#Ribaforada #Navarra #pueblos #cityscape<\/a><\/p>\n<p style=\"color: #c9c8cd; font-family: Arial,sans-serif; font-size: 14px; line-height: 17px; margin-bottom: 0; margin-top: 8px; overflow: hidden; padding: 8px 0 7px; text-align: center; text-overflow: ellipsis; white-space: nowrap;\">Una publicaci\u00f3n compartida de Chema (@13chema) el <time style=\"font-family: Arial,sans-serif; font-size: 14px; line-height: 17px;\" datetime=\"2017-10-03T10:13:24+00:00\">3 de Oct de 2017 a la(s) 3:13 PDT<\/time><\/p>\n<\/blockquote>\n<p>El poder de convocatoria de los Caballos de Fuego y el\u00a0 programa de aquella primera edici\u00f3n desbord\u00f3 completamente las expectativas. Esperaban cierta asistencia, pero en aquel momento se ciment\u00f3 el car\u00e1cter de una reuni\u00f3n que desde entonces se viene celebrando cada a\u00f1o en la segunda quincena del mes de agosto en el centro de Ribaforada.<\/p>\n<p>El \u00e9xito inicial no se detuvo ah\u00ed. Durante los a\u00f1os siguientes \u201cLa Pellejo\u201d acogi\u00f3 regularmente alrededor de ochocientos asistentes, pero finalmente se limit\u00f3 a quinientos para evitar las aglomeraciones y mantener todo bajo control. De hecho, se guardan cien plazas para imprevistos y si hacen faltan m\u00e1s no te dejar\u00e1n tirado, pero se lo pones mucho m\u00e1s f\u00e1cil si te inscribes con antelaci\u00f3n.<\/p>\n<p>El plan es pasar el fin de semana en un gran ambiente; comida, bebida, concursos, sorteos, exhibiciones, actuaciones y buenas conversaciones entre motoristas. El domingo se organiza una ruta hacia el Moncayo, algo que no te puedes perder. Los Caballos de fuego se traen las mejores an\u00e9cdotas de otras concentraciones, ya que en la suya tienen que estar pendientes de que todo funcione.<\/p>\n<div id=\"attachment_14785\" style=\"width: 714px\" class=\"wp-caption aligncenter\"><img loading=\"lazy\" decoding=\"async\" aria-describedby=\"caption-attachment-14785\" src=\"https:\/\/bxrepsol.s3.eu-west-1.amazonaws.com\/static\/2022\/08\/29074225\/la_pellejo_2014-2.png\" alt=\"\" width=\"704\" height=\"465\" \/><p id=\"caption-attachment-14785\" class=\"wp-caption-text\">Foto: Pellejo Caballos de Fuego | Facebook<\/p><\/div>\n<p>El club est\u00e1 vinculado a la Federaci\u00f3n Espa\u00f1ola, condici\u00f3n indispensable para organizar eventos. No se rige por un tipo de moto en particular, sino que tiene motoristas de todo tipo, as\u00ed que por raro que seas, siempre ser\u00e1s bienvenido.<\/p>\n<p>Su presidente, Javier P\u00e9rez, fund\u00f3 Caballos de Fuego hace 18 a\u00f1os. Nos cuenta que la concentraci\u00f3n comienza oficialmente el s\u00e1bado, pero el viernes ya empieza a venir gente. Antes, el viernes cenaban juntos unos cuantos, pero pronto comenzaron a acudir m\u00e1s inscritos y ahora se ha convertido en una cena con una actuaci\u00f3n para la noche del viernes con trescientas personas.<\/p>\n<p>Este invierno celebrar\u00e1n la concentraci\u00f3n \u201cKalamoco\u201d, el \u00faltimo fin de semana de enero. Conviene explicar que un kalamoco es lo que seguramente t\u00fa conozcas como un car\u00e1mbano de hielo, pero ya sabes que en cada sitio llaman a las cosas como les da la gana. Resumiendo; all\u00ed hace mucho fr\u00edo en esa \u00e9poca del a\u00f1o. Organizaron la primera edici\u00f3n el a\u00f1o pasado en una dehesa pr\u00f3xima. Esperaban cien asistentes y aparecieron doscientos cincuenta.<\/p>\n<p>Y todo esto con s\u00f3lo treinta socios permanentes, que con los habituales que acuden a las rutas de fin de semana apenas suman cien. Algo deben hacer bien en un sitio para montar en moto fuera de lo com\u00fan.<\/p>\n<p>Foto cabecera: <a href=\"https:\/\/www.facebook.com\/Pellejo-Caballos-de-Fuego-823854577632901\/\">P\u00e1gina Facebook<\/a><\/p>\n","protected":false},"excerpt":{"rendered":"<p>\u00bfEres navarro?, \u00bferes motero?, tienes que conocer a todos los amigos del motoclub Caballos de Fuego y los motivos para asistir a la Pellejo.<\/p>\n","protected":false},"author":43146,"featured_media":92037,"comment_status":"open","ping_status":"open","sticky":false,"template":"","format":"standard","meta":{"footnotes":""},"categories":[160],"tags":[167],"class_list":["post-92035","post","type-post","status-publish","format-standard","hentry","category-cultura-motera","tag-clubs-y-grupos-moteros"],"yoast_head":"<!-- This site is optimized with the Yoast SEO plugin v27.3 - https:\/\/yoast.com\/product\/yoast-seo-wordpress\/ -->\n<title>Motociclismo del bueno en Navarra - Box Repsol<\/title>\n<meta name=\"description\" content=\"Descubre todo lo que esta hermosa regi\u00f3n de Espa\u00f1a tiene para ofrecer a los moteros, desde rutas emocionantes hasta paisajes impresionantes.\" \/>\n<link rel=\"canonical\" href=\"https:\/\/www.boxrepsol.com\/es\/cultura-motera\/motociclismo-del-bueno-navarra\/\" \/>\n<meta property=\"og:locale\" content=\"es_ES\" \/>\n<meta property=\"og:type\" content=\"article\" \/>\n<meta property=\"og:title\" content=\"Motociclismo del bueno en Navarra - Box Repsol\" \/>\n<meta property=\"og:description\" content=\"Descubre todo lo que esta hermosa regi\u00f3n de Espa\u00f1a tiene para ofrecer a los moteros, desde rutas emocionantes hasta paisajes impresionantes.\" \/>\n<meta property=\"og:url\" content=\"https:\/\/www.boxrepsol.com\/es\/cultura-motera\/motociclismo-del-bueno-navarra\/\" \/>\n<meta property=\"og:site_name\" content=\"Box Repsol\" \/>\n<meta property=\"article:publisher\" content=\"https:\/\/www.facebook.com\/BoxRepsol\" \/>\n<meta property=\"article:author\" content=\"https:\/\/www.facebook.com\/BoxRepsol\/\" \/>\n<meta property=\"article:published_time\" content=\"2017-11-17T02:00:00+00:00\" \/>\n<meta property=\"article:modified_time\" content=\"2024-05-21T08:42:06+00:00\" \/>\n<meta property=\"og:image\" content=\"https:\/\/bxrepsol.s3.eu-west-1.amazonaws.com\/static\/2023\/02\/24100843\/motoclub_caballos_de_fuego_header_facebook.png\" \/>\n\t<meta property=\"og:image:width\" content=\"986\" \/>\n\t<meta property=\"og:image:height\" content=\"555\" \/>\n\t<meta property=\"og:image:type\" content=\"image\/png\" \/>\n<meta name=\"author\" content=\"Redacci\u00f3n Box Repsol\" \/>\n<meta name=\"twitter:card\" content=\"summary_large_image\" \/>\n<meta name=\"twitter:creator\" content=\"@https:\/\/twitter.com\/box_repsol\" \/>\n<meta name=\"twitter:site\" content=\"@box_repsol\" \/>\n<meta name=\"twitter:label1\" content=\"Written by\" \/>\n\t<meta name=\"twitter:data1\" content=\"Redacci\u00f3n Box Repsol\" \/>\n\t<meta name=\"twitter:label2\" content=\"Est. reading time\" \/>\n\t<meta name=\"twitter:data2\" content=\"3 minutos\" \/>\n<script type=\"application\/ld+json\" class=\"yoast-schema-graph\">{\"@context\":\"https:\\\/\\\/schema.org\",\"@graph\":[{\"@type\":\"Article\",\"@id\":\"https:\\\/\\\/www.boxrepsol.com\\\/es\\\/cultura-motera\\\/motociclismo-del-bueno-navarra\\\/#article\",\"isPartOf\":{\"@id\":\"https:\\\/\\\/www.boxrepsol.com\\\/es\\\/cultura-motera\\\/motociclismo-del-bueno-navarra\\\/\"},\"author\":{\"name\":\"Redacci\u00f3n Box Repsol\",\"@id\":\"https:\\\/\\\/www.boxrepsol.com\\\/es\\\/#\\\/schema\\\/person\\\/c5c2138f2cca251b0ad92b7086bb60b7\"},\"headline\":\"Motociclismo del bueno en Navarra\",\"datePublished\":\"2017-11-17T02:00:00+00:00\",\"dateModified\":\"2024-05-21T08:42:06+00:00\",\"mainEntityOfPage\":{\"@id\":\"https:\\\/\\\/www.boxrepsol.com\\\/es\\\/cultura-motera\\\/motociclismo-del-bueno-navarra\\\/\"},\"wordCount\":698,\"commentCount\":0,\"publisher\":{\"@id\":\"https:\\\/\\\/www.boxrepsol.com\\\/es\\\/#organization\"},\"image\":{\"@id\":\"https:\\\/\\\/www.boxrepsol.com\\\/es\\\/cultura-motera\\\/motociclismo-del-bueno-navarra\\\/#primaryimage\"},\"thumbnailUrl\":\"https:\\\/\\\/bxrepsol.s3.eu-west-1.amazonaws.com\\\/static\\\/2023\\\/02\\\/24100843\\\/motoclub_caballos_de_fuego_header_facebook.png\",\"keywords\":[\"clubs y grupos moteros\"],\"articleSection\":[\"Cultura Motera\"],\"inLanguage\":\"es\",\"potentialAction\":[{\"@type\":\"CommentAction\",\"name\":\"Comment\",\"target\":[\"https:\\\/\\\/www.boxrepsol.com\\\/es\\\/cultura-motera\\\/motociclismo-del-bueno-navarra\\\/#respond\"]}]},{\"@type\":\"WebPage\",\"@id\":\"https:\\\/\\\/www.boxrepsol.com\\\/es\\\/cultura-motera\\\/motociclismo-del-bueno-navarra\\\/\",\"url\":\"https:\\\/\\\/www.boxrepsol.com\\\/es\\\/cultura-motera\\\/motociclismo-del-bueno-navarra\\\/\",\"name\":\"Motociclismo del bueno en Navarra - Box Repsol\",\"isPartOf\":{\"@id\":\"https:\\\/\\\/www.boxrepsol.com\\\/es\\\/#website\"},\"primaryImageOfPage\":{\"@id\":\"https:\\\/\\\/www.boxrepsol.com\\\/es\\\/cultura-motera\\\/motociclismo-del-bueno-navarra\\\/#primaryimage\"},\"image\":{\"@id\":\"https:\\\/\\\/www.boxrepsol.com\\\/es\\\/cultura-motera\\\/motociclismo-del-bueno-navarra\\\/#primaryimage\"},\"thumbnailUrl\":\"https:\\\/\\\/bxrepsol.s3.eu-west-1.amazonaws.com\\\/static\\\/2023\\\/02\\\/24100843\\\/motoclub_caballos_de_fuego_header_facebook.png\",\"datePublished\":\"2017-11-17T02:00:00+00:00\",\"dateModified\":\"2024-05-21T08:42:06+00:00\",\"description\":\"Descubre todo lo que esta hermosa regi\u00f3n de Espa\u00f1a tiene para ofrecer a los moteros, desde rutas emocionantes hasta paisajes impresionantes.\",\"breadcrumb\":{\"@id\":\"https:\\\/\\\/www.boxrepsol.com\\\/es\\\/cultura-motera\\\/motociclismo-del-bueno-navarra\\\/#breadcrumb\"},\"inLanguage\":\"es\",\"potentialAction\":[{\"@type\":\"ReadAction\",\"target\":[\"https:\\\/\\\/www.boxrepsol.com\\\/es\\\/cultura-motera\\\/motociclismo-del-bueno-navarra\\\/\"]}]},{\"@type\":\"ImageObject\",\"inLanguage\":\"es\",\"@id\":\"https:\\\/\\\/www.boxrepsol.com\\\/es\\\/cultura-motera\\\/motociclismo-del-bueno-navarra\\\/#primaryimage\",\"url\":\"https:\\\/\\\/bxrepsol.s3.eu-west-1.amazonaws.com\\\/static\\\/2023\\\/02\\\/24100843\\\/motoclub_caballos_de_fuego_header_facebook.png\",\"contentUrl\":\"https:\\\/\\\/bxrepsol.s3.eu-west-1.amazonaws.com\\\/static\\\/2023\\\/02\\\/24100843\\\/motoclub_caballos_de_fuego_header_facebook.png\",\"width\":986,\"height\":555,\"caption\":\"Motos aparcadas a lo largo de una calle\"},{\"@type\":\"BreadcrumbList\",\"@id\":\"https:\\\/\\\/www.boxrepsol.com\\\/es\\\/cultura-motera\\\/motociclismo-del-bueno-navarra\\\/#breadcrumb\",\"itemListElement\":[{\"@type\":\"ListItem\",\"position\":1,\"name\":\"Home\",\"item\":\"https:\\\/\\\/www.boxrepsol.com\\\/es\\\/\"},{\"@type\":\"ListItem\",\"position\":2,\"name\":\"Motociclismo del bueno en Navarra\"}]},{\"@type\":\"WebSite\",\"@id\":\"https:\\\/\\\/www.boxrepsol.com\\\/es\\\/#website\",\"url\":\"https:\\\/\\\/www.boxrepsol.com\\\/es\\\/\",\"name\":\"Box Repsol\",\"description\":\"Box Repsol Site\",\"publisher\":{\"@id\":\"https:\\\/\\\/www.boxrepsol.com\\\/es\\\/#organization\"},\"potentialAction\":[{\"@type\":\"SearchAction\",\"target\":{\"@type\":\"EntryPoint\",\"urlTemplate\":\"https:\\\/\\\/www.boxrepsol.com\\\/es\\\/?s={search_term_string}\"},\"query-input\":{\"@type\":\"PropertyValueSpecification\",\"valueRequired\":true,\"valueName\":\"search_term_string\"}}],\"inLanguage\":\"es\"},{\"@type\":\"Organization\",\"@id\":\"https:\\\/\\\/www.boxrepsol.com\\\/es\\\/#organization\",\"name\":\"Box Repsol\",\"url\":\"https:\\\/\\\/www.boxrepsol.com\\\/es\\\/\",\"logo\":{\"@type\":\"ImageObject\",\"inLanguage\":\"es\",\"@id\":\"https:\\\/\\\/www.boxrepsol.com\\\/es\\\/#\\\/schema\\\/logo\\\/image\\\/\",\"url\":\"https:\\\/\\\/bxrepsol.s3.eu-west-1.amazonaws.com\\\/static\\\/2025\\\/07\\\/30083337\\\/favicon-96x96-1.png\",\"contentUrl\":\"https:\\\/\\\/bxrepsol.s3.eu-west-1.amazonaws.com\\\/static\\\/2025\\\/07\\\/30083337\\\/favicon-96x96-1.png\",\"width\":96,\"height\":96,\"caption\":\"Box Repsol\"},\"image\":{\"@id\":\"https:\\\/\\\/www.boxrepsol.com\\\/es\\\/#\\\/schema\\\/logo\\\/image\\\/\"},\"sameAs\":[\"https:\\\/\\\/www.facebook.com\\\/BoxRepsol\",\"https:\\\/\\\/x.com\\\/box_repsol\",\"http:\\\/\\\/instagram.com\\\/box_repsol\",\"https:\\\/\\\/www.youtube.com\\\/user\\\/RepsolCompeticion\",\"https:\\\/\\\/www.flickr.com\\\/photos\\\/box_repsol\\\/\"]},{\"@type\":\"Person\",\"@id\":\"https:\\\/\\\/www.boxrepsol.com\\\/es\\\/#\\\/schema\\\/person\\\/c5c2138f2cca251b0ad92b7086bb60b7\",\"name\":\"Redacci\u00f3n Box Repsol\",\"image\":{\"@type\":\"ImageObject\",\"inLanguage\":\"es\",\"@id\":\"https:\\\/\\\/secure.gravatar.com\\\/avatar\\\/adf7b77e38b4419baf32c7e9c21dde01f4e40df611f0978e3006fc4ba0aaab7e?s=96&d=mm&r=g\",\"url\":\"https:\\\/\\\/secure.gravatar.com\\\/avatar\\\/adf7b77e38b4419baf32c7e9c21dde01f4e40df611f0978e3006fc4ba0aaab7e?s=96&d=mm&r=g\",\"contentUrl\":\"https:\\\/\\\/secure.gravatar.com\\\/avatar\\\/adf7b77e38b4419baf32c7e9c21dde01f4e40df611f0978e3006fc4ba0aaab7e?s=96&d=mm&r=g\",\"caption\":\"Redacci\u00f3n Box Repsol\"},\"description\":\"Box Repsol lo forma un equipo de periodistas, community managers, dise\u00f1adores y fot\u00f3grafos con m\u00e1s de 20 a\u00f1os de experiencia en el mundo del motorsport. Hemos vivido el primer mundial de un espa\u00f1ol en la categor\u00eda reina de motociclismo con \u00c1lex Crivill\u00e9, estuvimos en las victorias de Pedrosa y los t\u00edtulos de M\u00e1rquez, acompa\u00f1amos en \u00c1frica a Nani Roma y Marc Coma en sus conquistas del Dakar y hemos vibrado con los t\u00edtulos de Toni Bou en Trial. Adem\u00e1s, en nuestro equipo contamos con expertos en el mundo de las dos y cuatro ruedas tanto de la calle y las carreteras, como de los circuitos. Periodistas que han trabajado en revistas y publicaciones para hacerte llegar desde rutas y consejos de mantenimiento, a curiosidades y trucos de pilotaje.\",\"sameAs\":[\"https:\\\/\\\/www.facebook.com\\\/BoxRepsol\\\/\",\"https:\\\/\\\/www.instagram.com\\\/box_repsol\\\/\",\"https:\\\/\\\/x.com\\\/https:\\\/\\\/twitter.com\\\/box_repsol\",\"https:\\\/\\\/www.youtube.com\\\/@Boxrepsol\"],\"url\":\"https:\\\/\\\/www.boxrepsol.com\\\/es\\\/author\\\/redaccion-box-repsol\\\/\"}]}<\/script>\n<!-- \/ Yoast SEO plugin. -->","yoast_head_json":{"title":"Motociclismo del bueno en Navarra - Box Repsol","description":"Descubre todo lo que esta hermosa regi\u00f3n de Espa\u00f1a tiene para ofrecer a los moteros, desde rutas emocionantes hasta paisajes impresionantes.","canonical":"https:\/\/www.boxrepsol.com\/es\/cultura-motera\/motociclismo-del-bueno-navarra\/","og_locale":"es_ES","og_type":"article","og_title":"Motociclismo del bueno en Navarra - Box Repsol","og_description":"Descubre todo lo que esta hermosa regi\u00f3n de Espa\u00f1a tiene para ofrecer a los moteros, desde rutas emocionantes hasta paisajes impresionantes.","og_url":"https:\/\/www.boxrepsol.com\/es\/cultura-motera\/motociclismo-del-bueno-navarra\/","og_site_name":"Box Repsol","article_publisher":"https:\/\/www.facebook.com\/BoxRepsol","article_author":"https:\/\/www.facebook.com\/BoxRepsol\/","article_published_time":"2017-11-17T02:00:00+00:00","article_modified_time":"2024-05-21T08:42:06+00:00","og_image":[{"width":986,"height":555,"url":"https:\/\/bxrepsol.s3.eu-west-1.amazonaws.com\/static\/2023\/02\/24100843\/motoclub_caballos_de_fuego_header_facebook.png","type":"image\/png"}],"author":"Redacci\u00f3n Box Repsol","twitter_card":"summary_large_image","twitter_creator":"@https:\/\/twitter.com\/box_repsol","twitter_site":"@box_repsol","twitter_misc":{"Written by":"Redacci\u00f3n Box Repsol","Est. reading time":"3 minutos"},"schema":{"@context":"https:\/\/schema.org","@graph":[{"@type":"Article","@id":"https:\/\/www.boxrepsol.com\/es\/cultura-motera\/motociclismo-del-bueno-navarra\/#article","isPartOf":{"@id":"https:\/\/www.boxrepsol.com\/es\/cultura-motera\/motociclismo-del-bueno-navarra\/"},"author":{"name":"Redacci\u00f3n Box Repsol","@id":"https:\/\/www.boxrepsol.com\/es\/#\/schema\/person\/c5c2138f2cca251b0ad92b7086bb60b7"},"headline":"Motociclismo del bueno en Navarra","datePublished":"2017-11-17T02:00:00+00:00","dateModified":"2024-05-21T08:42:06+00:00","mainEntityOfPage":{"@id":"https:\/\/www.boxrepsol.com\/es\/cultura-motera\/motociclismo-del-bueno-navarra\/"},"wordCount":698,"commentCount":0,"publisher":{"@id":"https:\/\/www.boxrepsol.com\/es\/#organization"},"image":{"@id":"https:\/\/www.boxrepsol.com\/es\/cultura-motera\/motociclismo-del-bueno-navarra\/#primaryimage"},"thumbnailUrl":"https:\/\/bxrepsol.s3.eu-west-1.amazonaws.com\/static\/2023\/02\/24100843\/motoclub_caballos_de_fuego_header_facebook.png","keywords":["clubs y grupos moteros"],"articleSection":["Cultura Motera"],"inLanguage":"es","potentialAction":[{"@type":"CommentAction","name":"Comment","target":["https:\/\/www.boxrepsol.com\/es\/cultura-motera\/motociclismo-del-bueno-navarra\/#respond"]}]},{"@type":"WebPage","@id":"https:\/\/www.boxrepsol.com\/es\/cultura-motera\/motociclismo-del-bueno-navarra\/","url":"https:\/\/www.boxrepsol.com\/es\/cultura-motera\/motociclismo-del-bueno-navarra\/","name":"Motociclismo del bueno en Navarra - Box Repsol","isPartOf":{"@id":"https:\/\/www.boxrepsol.com\/es\/#website"},"primaryImageOfPage":{"@id":"https:\/\/www.boxrepsol.com\/es\/cultura-motera\/motociclismo-del-bueno-navarra\/#primaryimage"},"image":{"@id":"https:\/\/www.boxrepsol.com\/es\/cultura-motera\/motociclismo-del-bueno-navarra\/#primaryimage"},"thumbnailUrl":"https:\/\/bxrepsol.s3.eu-west-1.amazonaws.com\/static\/2023\/02\/24100843\/motoclub_caballos_de_fuego_header_facebook.png","datePublished":"2017-11-17T02:00:00+00:00","dateModified":"2024-05-21T08:42:06+00:00","description":"Descubre todo lo que esta hermosa regi\u00f3n de Espa\u00f1a tiene para ofrecer a los moteros, desde rutas emocionantes hasta paisajes impresionantes.","breadcrumb":{"@id":"https:\/\/www.boxrepsol.com\/es\/cultura-motera\/motociclismo-del-bueno-navarra\/#breadcrumb"},"inLanguage":"es","potentialAction":[{"@type":"ReadAction","target":["https:\/\/www.boxrepsol.com\/es\/cultura-motera\/motociclismo-del-bueno-navarra\/"]}]},{"@type":"ImageObject","inLanguage":"es","@id":"https:\/\/www.boxrepsol.com\/es\/cultura-motera\/motociclismo-del-bueno-navarra\/#primaryimage","url":"https:\/\/bxrepsol.s3.eu-west-1.amazonaws.com\/static\/2023\/02\/24100843\/motoclub_caballos_de_fuego_header_facebook.png","contentUrl":"https:\/\/bxrepsol.s3.eu-west-1.amazonaws.com\/static\/2023\/02\/24100843\/motoclub_caballos_de_fuego_header_facebook.png","width":986,"height":555,"caption":"Motos aparcadas a lo largo de una calle"},{"@type":"BreadcrumbList","@id":"https:\/\/www.boxrepsol.com\/es\/cultura-motera\/motociclismo-del-bueno-navarra\/#breadcrumb","itemListElement":[{"@type":"ListItem","position":1,"name":"Home","item":"https:\/\/www.boxrepsol.com\/es\/"},{"@type":"ListItem","position":2,"name":"Motociclismo del bueno en Navarra"}]},{"@type":"WebSite","@id":"https:\/\/www.boxrepsol.com\/es\/#website","url":"https:\/\/www.boxrepsol.com\/es\/","name":"Box Repsol","description":"Box Repsol Site","publisher":{"@id":"https:\/\/www.boxrepsol.com\/es\/#organization"},"potentialAction":[{"@type":"SearchAction","target":{"@type":"EntryPoint","urlTemplate":"https:\/\/www.boxrepsol.com\/es\/?s={search_term_string}"},"query-input":{"@type":"PropertyValueSpecification","valueRequired":true,"valueName":"search_term_string"}}],"inLanguage":"es"},{"@type":"Organization","@id":"https:\/\/www.boxrepsol.com\/es\/#organization","name":"Box Repsol","url":"https:\/\/www.boxrepsol.com\/es\/","logo":{"@type":"ImageObject","inLanguage":"es","@id":"https:\/\/www.boxrepsol.com\/es\/#\/schema\/logo\/image\/","url":"https:\/\/bxrepsol.s3.eu-west-1.amazonaws.com\/static\/2025\/07\/30083337\/favicon-96x96-1.png","contentUrl":"https:\/\/bxrepsol.s3.eu-west-1.amazonaws.com\/static\/2025\/07\/30083337\/favicon-96x96-1.png","width":96,"height":96,"caption":"Box Repsol"},"image":{"@id":"https:\/\/www.boxrepsol.com\/es\/#\/schema\/logo\/image\/"},"sameAs":["https:\/\/www.facebook.com\/BoxRepsol","https:\/\/x.com\/box_repsol","http:\/\/instagram.com\/box_repsol","https:\/\/www.youtube.com\/user\/RepsolCompeticion","https:\/\/www.flickr.com\/photos\/box_repsol\/"]},{"@type":"Person","@id":"https:\/\/www.boxrepsol.com\/es\/#\/schema\/person\/c5c2138f2cca251b0ad92b7086bb60b7","name":"Redacci\u00f3n Box Repsol","image":{"@type":"ImageObject","inLanguage":"es","@id":"https:\/\/secure.gravatar.com\/avatar\/adf7b77e38b4419baf32c7e9c21dde01f4e40df611f0978e3006fc4ba0aaab7e?s=96&d=mm&r=g","url":"https:\/\/secure.gravatar.com\/avatar\/adf7b77e38b4419baf32c7e9c21dde01f4e40df611f0978e3006fc4ba0aaab7e?s=96&d=mm&r=g","contentUrl":"https:\/\/secure.gravatar.com\/avatar\/adf7b77e38b4419baf32c7e9c21dde01f4e40df611f0978e3006fc4ba0aaab7e?s=96&d=mm&r=g","caption":"Redacci\u00f3n Box Repsol"},"description":"Box Repsol lo forma un equipo de periodistas, community managers, dise\u00f1adores y fot\u00f3grafos con m\u00e1s de 20 a\u00f1os de experiencia en el mundo del motorsport. Hemos vivido el primer mundial de un espa\u00f1ol en la categor\u00eda reina de motociclismo con \u00c1lex Crivill\u00e9, estuvimos en las victorias de Pedrosa y los t\u00edtulos de M\u00e1rquez, acompa\u00f1amos en \u00c1frica a Nani Roma y Marc Coma en sus conquistas del Dakar y hemos vibrado con los t\u00edtulos de Toni Bou en Trial. Adem\u00e1s, en nuestro equipo contamos con expertos en el mundo de las dos y cuatro ruedas tanto de la calle y las carreteras, como de los circuitos. Periodistas que han trabajado en revistas y publicaciones para hacerte llegar desde rutas y consejos de mantenimiento, a curiosidades y trucos de pilotaje.","sameAs":["https:\/\/www.facebook.com\/BoxRepsol\/","https:\/\/www.instagram.com\/box_repsol\/","https:\/\/x.com\/https:\/\/twitter.com\/box_repsol","https:\/\/www.youtube.com\/@Boxrepsol"],"url":"https:\/\/www.boxrepsol.com\/es\/author\/redaccion-box-repsol\/"}]}},"_links":{"self":[{"href":"https:\/\/www.boxrepsol.com\/es\/wp-json\/wp\/v2\/posts\/92035","targetHints":{"allow":["GET"]}}],"collection":[{"href":"https:\/\/www.boxrepsol.com\/es\/wp-json\/wp\/v2\/posts"}],"about":[{"href":"https:\/\/www.boxrepsol.com\/es\/wp-json\/wp\/v2\/types\/post"}],"author":[{"embeddable":true,"href":"https:\/\/www.boxrepsol.com\/es\/wp-json\/wp\/v2\/users\/43146"}],"replies":[{"embeddable":true,"href":"https:\/\/www.boxrepsol.com\/es\/wp-json\/wp\/v2\/comments?post=92035"}],"version-history":[{"count":3,"href":"https:\/\/www.boxrepsol.com\/es\/wp-json\/wp\/v2\/posts\/92035\/revisions"}],"predecessor-version":[{"id":113853,"href":"https:\/\/www.boxrepsol.com\/es\/wp-json\/wp\/v2\/posts\/92035\/revisions\/113853"}],"wp:featuredmedia":[{"embeddable":true,"href":"https:\/\/www.boxrepsol.com\/es\/wp-json\/wp\/v2\/media\/92037"}],"wp:attachment":[{"href":"https:\/\/www.boxrepsol.com\/es\/wp-json\/wp\/v2\/media?parent=92035"}],"wp:term":[{"taxonomy":"category","embeddable":true,"href":"https:\/\/www.boxrepsol.com\/es\/wp-json\/wp\/v2\/categories?post=92035"},{"taxonomy":"post_tag","embeddable":true,"href":"https:\/\/www.boxrepsol.com\/es\/wp-json\/wp\/v2\/tags?post=92035"}],"curies":[{"name":"wp","href":"https:\/\/api.w.org\/{rel}","templated":true}]}}