{"id":91999,"date":"2017-11-14T00:00:00","date_gmt":"2017-11-14T02:00:00","guid":{"rendered":"http:\/\/pre.boxrepsol.com\/sin-categorizar\/momentos-semana-box-repsol\/"},"modified":"2024-10-17T13:52:51","modified_gmt":"2024-10-17T15:52:51","slug":"momentos-semana-box-repsol","status":"publish","type":"post","link":"https:\/\/www.boxrepsol.com\/es\/motogp\/momentos-semana-box-repsol\/","title":{"rendered":"Los 7 momentos de la semana en Box Repsol"},"content":{"rendered":"<p>La temporada termin\u00f3 el pasado domingo de la mejor manera posible para el Equipo Repsol Honda. Dani Pedrosa gan\u00f3 la carrera en el circuito Ricardo Tormo de Cheste y Marc M\u00e1rquez certific\u00f3 su sexto Mundial, el cuarto en la categor\u00eda de MotoGP. Ha sido una semana de comerse las u\u00f1as y rasgar los brazos del sof\u00e1. De tensa espera. Con todo resuelto, ahora es un buen momento para rendir siete homenajes a nuestros campeones.<\/p>\n<p>En Box Repsol os hemos preparado un landing para que pod\u00e1is repasar todos los mundiales conseguidos por el piloto de Cervera, desde su primer t\u00edtulo de 125cc en el 2010 hasta el pasado domingo en el GP de la Comunitat Valenciana.<\/p>\n<blockquote style=\"display: none;\" data-secret=\"KTGtCx6pKC\"><p>\u00a1Enhorabuena Campe\u00f3n! #Big6<\/p><\/blockquote>\n<p><iframe loading=\"lazy\" style=\"position: absolute; clip: rect(1px, 1px, 1px, 1px);\" title=\"\u201c\u00a1Enhorabuena Campe\u00f3n! #Big6\u201d \u2014 Box Repsol\" src=\"https:\/\/www.boxrepsol.com\/es\/motogp\/enhorabuena-campeon-big6\/embed\/#?secret=KTGtCx6pKC\" width=\"500\" height=\"282\" frameborder=\"0\" marginwidth=\"0\" marginheight=\"0\" scrolling=\"no\" sandbox=\"allow-scripts\" data-secret=\"KTGtCx6pKC\"><\/iframe><\/p>\n<p>Si prefieres revivir los \u00e9xitos de M\u00e1rquez a trav\u00e9s de fotograf\u00edas, tambi\u00e9n hemos abierto un especial en el que podr\u00e1s ver c\u00f3mo el ni\u00f1o se ha convertido en todo un hombre. Pero eso s\u00ed: sin perder jam\u00e1s la sonrisa.<\/p>\n<p>En esta informaci\u00f3n tambi\u00e9n te detallamos todo el palmar\u00e9s de nuestro campe\u00f3n, desde sus inicios en el enduro en 1998 hasta lo m\u00e1s alto del motociclismo mundial. Un homenaje al esfuerzo, y un aliento para todos aquellos j\u00f3venes pilotos que, como hac\u00eda Marc, persiguen llegar alg\u00fan d\u00eda a lo m\u00e1s alto del motociclismo de competici\u00f3n.<\/p>\n<blockquote style=\"display: none;\" data-secret=\"Wr0yjiXpfT\"><p><a href=\"https:\/\/www.boxrepsol.com\/es\/motogp\/marc-marquez-seis-veces-campeon\/\">Marc M\u00e1rquez, seis veces Campe\u00f3n<\/a><\/p><\/blockquote>\n<p><iframe loading=\"lazy\" style=\"position: absolute; clip: rect(1px, 1px, 1px, 1px);\" title=\"\u201cMarc M\u00e1rquez, seis veces Campe\u00f3n\u201d \u2014 Box Repsol\" src=\"https:\/\/www.boxrepsol.com\/es\/motogp\/marc-marquez-seis-veces-campeon\/embed\/#?secret=Wr0yjiXpfT\" width=\"500\" height=\"282\" frameborder=\"0\" marginwidth=\"0\" marginheight=\"0\" scrolling=\"no\" sandbox=\"allow-scripts\" data-secret=\"Wr0yjiXpfT\"><\/iframe><\/p>\n<p>En cuanto a Pedrosa, en Box Repsol hemos hablado con el presidente de su club de fans, que nos ha contado que el piloto de Castellar del Vall\u00e8s no se ha perdido nunca la cena que organizan cada a\u00f1o.<\/p>\n<blockquote style=\"display: none;\" data-secret=\"pyhonEeu3y\"><p><a href=\"https:\/\/www.boxrepsol.com\/es\/motogp\/asi-es-el-club-de-fans-de-dani-pedrosa\/\">As\u00ed es el club de fans de Dani Pedrosa<\/a><\/p><\/blockquote>\n<p><iframe loading=\"lazy\" style=\"position: absolute; clip: rect(1px, 1px, 1px, 1px);\" title=\"\u201cAs\u00ed es el club de fans de Dani Pedrosa\u201d \u2014 Box Repsol\" src=\"https:\/\/www.boxrepsol.com\/es\/motogp\/asi-es-el-club-de-fans-de-dani-pedrosa\/embed\/#?secret=pyhonEeu3y\" width=\"500\" height=\"282\" frameborder=\"0\" marginwidth=\"0\" marginheight=\"0\" scrolling=\"no\" sandbox=\"allow-scripts\" data-secret=\"pyhonEeu3y\"><\/iframe><\/p>\n<p>En nuestro perfil de Instagram, donde los &#8216;likes&#8217; se han disparado estos d\u00edas con el #Big6, tambi\u00e9n hemos celebrado el t\u00edtulo por todo lo alto.<\/p>\n<blockquote style=\"background: #FFF; border: 0; border-radius: 3px; box-shadow: 0 0 1px 0 rgba(0,0,0,0.5),0 1px 10px 0 rgba(0,0,0,0.15); margin: 1px; max-width: 658px; padding: 0; width: calc(100% - 2px);\" data-instgrm-captioned=\"\" data-instgrm-version=\"7\">\n<p style=\"margin: 8px 0 0 0; padding: 0 4px;\"><a style=\"color: #000; font-family: Arial,sans-serif; font-size: 14px; font-style: normal; font-weight: normal; line-height: 17px; text-decoration: none; word-wrap: break-word;\" href=\"https:\/\/www.instagram.com\/p\/BbZiuoMFmMY\/\" target=\"_blank\" rel=\"noopener\">All in for the #Big6 ?! Marc M\u00e1rquez is already the MotoGP 2017 World Champion! Congrats Marc! \u00a1Todo al #Big6?! \u00a1#MM93 ya es Campe\u00f3n del Mundo de MotoGP 2017! \u00a1Felicidades Marc!<\/a><\/p>\n<p style=\"color: #c9c8cd; font-family: Arial,sans-serif; font-size: 14px; line-height: 17px; margin-bottom: 0; margin-top: 8px; overflow: hidden; padding: 8px 0 7px; text-align: center; text-overflow: ellipsis; white-space: nowrap;\">Una publicaci\u00f3n compartida de Box Repsol (@box_repsol) el <time style=\"font-family: Arial,sans-serif; font-size: 14px; line-height: 17px;\" datetime=\"2017-11-12T14:48:22+00:00\">12 de Nov de 2017 a la(s) 6:48 PST<\/time><\/p>\n<\/blockquote>\n<ul>\n<li>Otra cosa que ha dado much\u00edsimo juego tambi\u00e9n es el dado que tir\u00f3 Marc despu\u00e9s de proclamarse Campe\u00f3n. Un gui\u00f1o que le pega mucho y que nos arranc\u00f3 una sonrisa a todos.<\/li>\n<\/ul>\n<p><a title=\"GP de Valencia. Carrera de MotoGP\" href=\"https:\/\/www.flickr.com\/photos\/box_repsol\/26588815519\/in\/album-72157689181661954\/\" data-flickr-embed=\"true\"><img loading=\"lazy\" decoding=\"async\" src=\"https:\/\/bxrepsol.s3.eu-west-1.amazonaws.com\/static\/2022\/08\/29074154\/26588815519_58d8d4244c_z-1.jpg\" alt=\"GP de Valencia. Carrera de MotoGP\" width=\"640\" height=\"427\" \/><\/a><\/p>\n<blockquote style=\"background: #FFF; border: 0; border-radius: 3px; box-shadow: 0 0 1px 0 rgba(0,0,0,0.5),0 1px 10px 0 rgba(0,0,0,0.15); margin: 1px; max-width: 658px; padding: 0; width: calc(100% - 2px);\" data-instgrm-captioned=\"\" data-instgrm-version=\"7\">\n<p style=\"margin: 8px 0 0 0; padding: 0 4px;\"><a style=\"color: #000; font-family: Arial,sans-serif; font-size: 14px; font-style: normal; font-weight: normal; line-height: 17px; text-decoration: none; word-wrap: break-word;\" href=\"https:\/\/www.instagram.com\/p\/BbZhk8TlB4s\/\" target=\"_blank\" rel=\"noopener noreferrer\">?????? A dice with six number 1s?! \u00a1\u00bfUn dado con seis n\u00fameros 1?! #MM93 #Big6<\/a><\/p>\n<p style=\"color: #c9c8cd; font-family: Arial,sans-serif; font-size: 14px; line-height: 17px; margin-bottom: 0; margin-top: 8px; overflow: hidden; padding: 8px 0 7px; text-align: center; text-overflow: ellipsis; white-space: nowrap;\">Una publicaci\u00f3n compartida de Box Repsol (@box_repsol) el <time style=\"font-family: Arial,sans-serif; font-size: 14px; line-height: 17px;\" datetime=\"2017-11-12T14:39:35+00:00\">12 de Nov de 2017 a la(s) 6:39 PST<\/time><\/p>\n<\/blockquote>\n<p>En el perfil de Twitter hemos compartido una de las fotos m\u00e1s representativas del GP de Valencia. El abrazo entre Pedrosa y M\u00e1rquez demuestra que nada de todo esto se consigue sin dos buenos compa\u00f1eros de equipo. Y sin un equipo que se encarga de que nuestros chicos salgan al asfalto con la mejor m\u00e1quina.<\/p>\n<blockquote data-width=\"500\">\n<p dir=\"ltr\" lang=\"es\">Brillante\u2728colof\u00f3n a una gran temporada con la ? de <a href=\"https:\/\/twitter.com\/hashtag\/MM93?src=hash&amp;ref_src=twsrc%5Etfw\">#MM93<\/a> y la ? de <a href=\"https:\/\/twitter.com\/hashtag\/DP26?src=hash&amp;ref_src=twsrc%5Etfw\">#DP26<\/a><br \/>\nUn Mundial resumido en 1\ufe0f\u20e3 Box, 1\ufe0f\u20e3 Equipo, 2\ufe0f\u20e3 Pilotos.<br \/>\nEsto es el <a href=\"https:\/\/twitter.com\/hashtag\/EquipoRepsol?src=hash&amp;ref_src=twsrc%5Etfw\">#EquipoRepsol<\/a> \u00a1Grandes! ? <a href=\"https:\/\/t.co\/GbYcpJRrLV\">https:\/\/t.co\/GbYcpJRrLV<\/a> <a href=\"https:\/\/t.co\/fgCieXdORi\">pic.twitter.com\/fgCieXdORi<\/a><\/p>\n<p>\u2014 Box_Repsol (@box_repsol) <a href=\"https:\/\/twitter.com\/box_repsol\/status\/929996704102928385?ref_src=twsrc%5Etfw\">November 13, 2017<\/a><\/p><\/blockquote>\n<p>Terminado el Mundial, puede ser que notes un sudor fr\u00edo, una ausencia en tu vida para la que no tienes explicaci\u00f3n. Las carreras regresan en marzo con el Gran Premio de Qatar. Si tus salidas en moto no llenan el vac\u00edo, en Box Repsol te proponemos cinco libros que quiz\u00e1s calmen tu ansiedad. \u00a1Paciencia y \u00e1nimo!<\/p>\n<p><iframe loading=\"lazy\" style=\"position: absolute; clip: rect(1px, 1px, 1px, 1px);\" title=\"\u201c5 libros que te hacen m\u00e1s motero\u201d \u2014 Box Repsol\" src=\"https:\/\/www.boxrepsol.com\/es\/motogp\/5-libros-te-hacen-mas-motero-motero\/embed\/#?secret=n3EyQB8h8k\" width=\"500\" height=\"282\" frameborder=\"0\" marginwidth=\"0\" marginheight=\"0\" scrolling=\"no\" sandbox=\"allow-scripts\" data-secret=\"n3EyQB8h8k\"><\/iframe><\/p>\n","protected":false},"excerpt":{"rendered":"<p>Repasamos los mejores momentos en Box Repsol de una semana llena de emociones que nos va costar olvidar a todos.<\/p>\n","protected":false},"author":43146,"featured_media":92001,"comment_status":"open","ping_status":"open","sticky":false,"template":"","format":"standard","meta":{"footnotes":""},"categories":[4],"tags":[176],"class_list":["post-91999","post","type-post","status-publish","format-standard","hentry","category-motogp","tag-mejores-momentos"],"yoast_head":"<!-- This site is optimized with the Yoast SEO plugin v27.3 - https:\/\/yoast.com\/product\/yoast-seo-wordpress\/ -->\n<title>Todos los momentos de la semana en Box Repsol - Box Repsol<\/title>\n<meta name=\"description\" content=\"La temporada termin\u00f3 el pasado domingo de la mejor manera posible para el Equipo Repsol Honda. Dani Pedrosa\" \/>\n<link rel=\"canonical\" href=\"https:\/\/www.boxrepsol.com\/es\/motogp\/momentos-semana-box-repsol\/\" \/>\n<meta property=\"og:locale\" content=\"es_ES\" \/>\n<meta property=\"og:type\" content=\"article\" \/>\n<meta property=\"og:title\" content=\"Todos los momentos de la semana en Box Repsol - Box Repsol\" \/>\n<meta property=\"og:description\" content=\"La temporada termin\u00f3 el pasado domingo de la mejor manera posible para el Equipo Repsol Honda. Dani Pedrosa\" \/>\n<meta property=\"og:url\" content=\"https:\/\/www.boxrepsol.com\/es\/motogp\/momentos-semana-box-repsol\/\" \/>\n<meta property=\"og:site_name\" content=\"Box Repsol\" \/>\n<meta property=\"article:publisher\" content=\"https:\/\/www.facebook.com\/BoxRepsol\" \/>\n<meta property=\"article:author\" content=\"https:\/\/www.facebook.com\/BoxRepsol\/\" \/>\n<meta property=\"article:published_time\" content=\"2017-11-14T02:00:00+00:00\" \/>\n<meta property=\"article:modified_time\" content=\"2024-10-17T15:52:51+00:00\" \/>\n<meta property=\"og:image\" content=\"https:\/\/bxrepsol.s3.eu-west-1.amazonaws.com\/static\/2023\/02\/24100822\/7-Momentos-14112017.png\" \/>\n\t<meta property=\"og:image:width\" content=\"986\" \/>\n\t<meta property=\"og:image:height\" content=\"555\" \/>\n\t<meta property=\"og:image:type\" content=\"image\/png\" \/>\n<meta name=\"author\" content=\"Redacci\u00f3n Box Repsol\" \/>\n<meta name=\"twitter:card\" content=\"summary_large_image\" \/>\n<meta name=\"twitter:creator\" content=\"@https:\/\/twitter.com\/box_repsol\" \/>\n<meta name=\"twitter:site\" content=\"@box_repsol\" \/>\n<meta name=\"twitter:label1\" content=\"Written by\" \/>\n\t<meta name=\"twitter:data1\" content=\"Redacci\u00f3n Box Repsol\" \/>\n\t<meta name=\"twitter:label2\" content=\"Est. reading time\" \/>\n\t<meta name=\"twitter:data2\" content=\"3 minutos\" \/>\n<script type=\"application\/ld+json\" class=\"yoast-schema-graph\">{\"@context\":\"https:\\\/\\\/schema.org\",\"@graph\":[{\"@type\":\"Article\",\"@id\":\"https:\\\/\\\/www.boxrepsol.com\\\/es\\\/motogp\\\/momentos-semana-box-repsol\\\/#article\",\"isPartOf\":{\"@id\":\"https:\\\/\\\/www.boxrepsol.com\\\/es\\\/motogp\\\/momentos-semana-box-repsol\\\/\"},\"author\":{\"name\":\"Redacci\u00f3n Box Repsol\",\"@id\":\"https:\\\/\\\/www.boxrepsol.com\\\/es\\\/#\\\/schema\\\/person\\\/c5c2138f2cca251b0ad92b7086bb60b7\"},\"headline\":\"Los 7 momentos de la semana en Box Repsol\",\"datePublished\":\"2017-11-14T02:00:00+00:00\",\"dateModified\":\"2024-10-17T15:52:51+00:00\",\"mainEntityOfPage\":{\"@id\":\"https:\\\/\\\/www.boxrepsol.com\\\/es\\\/motogp\\\/momentos-semana-box-repsol\\\/\"},\"wordCount\":602,\"commentCount\":0,\"publisher\":{\"@id\":\"https:\\\/\\\/www.boxrepsol.com\\\/es\\\/#organization\"},\"image\":{\"@id\":\"https:\\\/\\\/www.boxrepsol.com\\\/es\\\/motogp\\\/momentos-semana-box-repsol\\\/#primaryimage\"},\"thumbnailUrl\":\"https:\\\/\\\/bxrepsol.s3.eu-west-1.amazonaws.com\\\/static\\\/2023\\\/02\\\/24100822\\\/7-Momentos-14112017.png\",\"keywords\":[\"mejores momentos\"],\"articleSection\":[\"MotoGP\"],\"inLanguage\":\"es\",\"potentialAction\":[{\"@type\":\"CommentAction\",\"name\":\"Comment\",\"target\":[\"https:\\\/\\\/www.boxrepsol.com\\\/es\\\/motogp\\\/momentos-semana-box-repsol\\\/#respond\"]}]},{\"@type\":\"WebPage\",\"@id\":\"https:\\\/\\\/www.boxrepsol.com\\\/es\\\/motogp\\\/momentos-semana-box-repsol\\\/\",\"url\":\"https:\\\/\\\/www.boxrepsol.com\\\/es\\\/motogp\\\/momentos-semana-box-repsol\\\/\",\"name\":\"Todos los momentos de la semana en Box Repsol - Box Repsol\",\"isPartOf\":{\"@id\":\"https:\\\/\\\/www.boxrepsol.com\\\/es\\\/#website\"},\"primaryImageOfPage\":{\"@id\":\"https:\\\/\\\/www.boxrepsol.com\\\/es\\\/motogp\\\/momentos-semana-box-repsol\\\/#primaryimage\"},\"image\":{\"@id\":\"https:\\\/\\\/www.boxrepsol.com\\\/es\\\/motogp\\\/momentos-semana-box-repsol\\\/#primaryimage\"},\"thumbnailUrl\":\"https:\\\/\\\/bxrepsol.s3.eu-west-1.amazonaws.com\\\/static\\\/2023\\\/02\\\/24100822\\\/7-Momentos-14112017.png\",\"datePublished\":\"2017-11-14T02:00:00+00:00\",\"dateModified\":\"2024-10-17T15:52:51+00:00\",\"description\":\"La temporada termin\u00f3 el pasado domingo de la mejor manera posible para el Equipo Repsol Honda. Dani Pedrosa\",\"breadcrumb\":{\"@id\":\"https:\\\/\\\/www.boxrepsol.com\\\/es\\\/motogp\\\/momentos-semana-box-repsol\\\/#breadcrumb\"},\"inLanguage\":\"es\",\"potentialAction\":[{\"@type\":\"ReadAction\",\"target\":[\"https:\\\/\\\/www.boxrepsol.com\\\/es\\\/motogp\\\/momentos-semana-box-repsol\\\/\"]}]},{\"@type\":\"ImageObject\",\"inLanguage\":\"es\",\"@id\":\"https:\\\/\\\/www.boxrepsol.com\\\/es\\\/motogp\\\/momentos-semana-box-repsol\\\/#primaryimage\",\"url\":\"https:\\\/\\\/bxrepsol.s3.eu-west-1.amazonaws.com\\\/static\\\/2023\\\/02\\\/24100822\\\/7-Momentos-14112017.png\",\"contentUrl\":\"https:\\\/\\\/bxrepsol.s3.eu-west-1.amazonaws.com\\\/static\\\/2023\\\/02\\\/24100822\\\/7-Momentos-14112017.png\",\"width\":986,\"height\":555,\"caption\":\"Los 7 momentos de la semana\"},{\"@type\":\"BreadcrumbList\",\"@id\":\"https:\\\/\\\/www.boxrepsol.com\\\/es\\\/motogp\\\/momentos-semana-box-repsol\\\/#breadcrumb\",\"itemListElement\":[{\"@type\":\"ListItem\",\"position\":1,\"name\":\"Home\",\"item\":\"https:\\\/\\\/www.boxrepsol.com\\\/es\\\/\"},{\"@type\":\"ListItem\",\"position\":2,\"name\":\"Los 7 momentos de la semana en Box Repsol\"}]},{\"@type\":\"WebSite\",\"@id\":\"https:\\\/\\\/www.boxrepsol.com\\\/es\\\/#website\",\"url\":\"https:\\\/\\\/www.boxrepsol.com\\\/es\\\/\",\"name\":\"Box Repsol\",\"description\":\"Box Repsol Site\",\"publisher\":{\"@id\":\"https:\\\/\\\/www.boxrepsol.com\\\/es\\\/#organization\"},\"potentialAction\":[{\"@type\":\"SearchAction\",\"target\":{\"@type\":\"EntryPoint\",\"urlTemplate\":\"https:\\\/\\\/www.boxrepsol.com\\\/es\\\/?s={search_term_string}\"},\"query-input\":{\"@type\":\"PropertyValueSpecification\",\"valueRequired\":true,\"valueName\":\"search_term_string\"}}],\"inLanguage\":\"es\"},{\"@type\":\"Organization\",\"@id\":\"https:\\\/\\\/www.boxrepsol.com\\\/es\\\/#organization\",\"name\":\"Box Repsol\",\"url\":\"https:\\\/\\\/www.boxrepsol.com\\\/es\\\/\",\"logo\":{\"@type\":\"ImageObject\",\"inLanguage\":\"es\",\"@id\":\"https:\\\/\\\/www.boxrepsol.com\\\/es\\\/#\\\/schema\\\/logo\\\/image\\\/\",\"url\":\"https:\\\/\\\/bxrepsol.s3.eu-west-1.amazonaws.com\\\/static\\\/2025\\\/07\\\/30083337\\\/favicon-96x96-1.png\",\"contentUrl\":\"https:\\\/\\\/bxrepsol.s3.eu-west-1.amazonaws.com\\\/static\\\/2025\\\/07\\\/30083337\\\/favicon-96x96-1.png\",\"width\":96,\"height\":96,\"caption\":\"Box Repsol\"},\"image\":{\"@id\":\"https:\\\/\\\/www.boxrepsol.com\\\/es\\\/#\\\/schema\\\/logo\\\/image\\\/\"},\"sameAs\":[\"https:\\\/\\\/www.facebook.com\\\/BoxRepsol\",\"https:\\\/\\\/x.com\\\/box_repsol\",\"http:\\\/\\\/instagram.com\\\/box_repsol\",\"https:\\\/\\\/www.youtube.com\\\/user\\\/RepsolCompeticion\",\"https:\\\/\\\/www.flickr.com\\\/photos\\\/box_repsol\\\/\"]},{\"@type\":\"Person\",\"@id\":\"https:\\\/\\\/www.boxrepsol.com\\\/es\\\/#\\\/schema\\\/person\\\/c5c2138f2cca251b0ad92b7086bb60b7\",\"name\":\"Redacci\u00f3n Box Repsol\",\"image\":{\"@type\":\"ImageObject\",\"inLanguage\":\"es\",\"@id\":\"https:\\\/\\\/secure.gravatar.com\\\/avatar\\\/adf7b77e38b4419baf32c7e9c21dde01f4e40df611f0978e3006fc4ba0aaab7e?s=96&d=mm&r=g\",\"url\":\"https:\\\/\\\/secure.gravatar.com\\\/avatar\\\/adf7b77e38b4419baf32c7e9c21dde01f4e40df611f0978e3006fc4ba0aaab7e?s=96&d=mm&r=g\",\"contentUrl\":\"https:\\\/\\\/secure.gravatar.com\\\/avatar\\\/adf7b77e38b4419baf32c7e9c21dde01f4e40df611f0978e3006fc4ba0aaab7e?s=96&d=mm&r=g\",\"caption\":\"Redacci\u00f3n Box Repsol\"},\"description\":\"Box Repsol lo forma un equipo de periodistas, community managers, dise\u00f1adores y fot\u00f3grafos con m\u00e1s de 20 a\u00f1os de experiencia en el mundo del motorsport. Hemos vivido el primer mundial de un espa\u00f1ol en la categor\u00eda reina de motociclismo con \u00c1lex Crivill\u00e9, estuvimos en las victorias de Pedrosa y los t\u00edtulos de M\u00e1rquez, acompa\u00f1amos en \u00c1frica a Nani Roma y Marc Coma en sus conquistas del Dakar y hemos vibrado con los t\u00edtulos de Toni Bou en Trial. Adem\u00e1s, en nuestro equipo contamos con expertos en el mundo de las dos y cuatro ruedas tanto de la calle y las carreteras, como de los circuitos. Periodistas que han trabajado en revistas y publicaciones para hacerte llegar desde rutas y consejos de mantenimiento, a curiosidades y trucos de pilotaje.\",\"sameAs\":[\"https:\\\/\\\/www.facebook.com\\\/BoxRepsol\\\/\",\"https:\\\/\\\/www.instagram.com\\\/box_repsol\\\/\",\"https:\\\/\\\/x.com\\\/https:\\\/\\\/twitter.com\\\/box_repsol\",\"https:\\\/\\\/www.youtube.com\\\/@Boxrepsol\"],\"url\":\"https:\\\/\\\/www.boxrepsol.com\\\/es\\\/author\\\/redaccion-box-repsol\\\/\"}]}<\/script>\n<!-- \/ Yoast SEO plugin. -->","yoast_head_json":{"title":"Todos los momentos de la semana en Box Repsol - Box Repsol","description":"La temporada termin\u00f3 el pasado domingo de la mejor manera posible para el Equipo Repsol Honda. Dani Pedrosa","canonical":"https:\/\/www.boxrepsol.com\/es\/motogp\/momentos-semana-box-repsol\/","og_locale":"es_ES","og_type":"article","og_title":"Todos los momentos de la semana en Box Repsol - Box Repsol","og_description":"La temporada termin\u00f3 el pasado domingo de la mejor manera posible para el Equipo Repsol Honda. Dani Pedrosa","og_url":"https:\/\/www.boxrepsol.com\/es\/motogp\/momentos-semana-box-repsol\/","og_site_name":"Box Repsol","article_publisher":"https:\/\/www.facebook.com\/BoxRepsol","article_author":"https:\/\/www.facebook.com\/BoxRepsol\/","article_published_time":"2017-11-14T02:00:00+00:00","article_modified_time":"2024-10-17T15:52:51+00:00","og_image":[{"width":986,"height":555,"url":"https:\/\/bxrepsol.s3.eu-west-1.amazonaws.com\/static\/2023\/02\/24100822\/7-Momentos-14112017.png","type":"image\/png"}],"author":"Redacci\u00f3n Box Repsol","twitter_card":"summary_large_image","twitter_creator":"@https:\/\/twitter.com\/box_repsol","twitter_site":"@box_repsol","twitter_misc":{"Written by":"Redacci\u00f3n Box Repsol","Est. reading time":"3 minutos"},"schema":{"@context":"https:\/\/schema.org","@graph":[{"@type":"Article","@id":"https:\/\/www.boxrepsol.com\/es\/motogp\/momentos-semana-box-repsol\/#article","isPartOf":{"@id":"https:\/\/www.boxrepsol.com\/es\/motogp\/momentos-semana-box-repsol\/"},"author":{"name":"Redacci\u00f3n Box Repsol","@id":"https:\/\/www.boxrepsol.com\/es\/#\/schema\/person\/c5c2138f2cca251b0ad92b7086bb60b7"},"headline":"Los 7 momentos de la semana en Box Repsol","datePublished":"2017-11-14T02:00:00+00:00","dateModified":"2024-10-17T15:52:51+00:00","mainEntityOfPage":{"@id":"https:\/\/www.boxrepsol.com\/es\/motogp\/momentos-semana-box-repsol\/"},"wordCount":602,"commentCount":0,"publisher":{"@id":"https:\/\/www.boxrepsol.com\/es\/#organization"},"image":{"@id":"https:\/\/www.boxrepsol.com\/es\/motogp\/momentos-semana-box-repsol\/#primaryimage"},"thumbnailUrl":"https:\/\/bxrepsol.s3.eu-west-1.amazonaws.com\/static\/2023\/02\/24100822\/7-Momentos-14112017.png","keywords":["mejores momentos"],"articleSection":["MotoGP"],"inLanguage":"es","potentialAction":[{"@type":"CommentAction","name":"Comment","target":["https:\/\/www.boxrepsol.com\/es\/motogp\/momentos-semana-box-repsol\/#respond"]}]},{"@type":"WebPage","@id":"https:\/\/www.boxrepsol.com\/es\/motogp\/momentos-semana-box-repsol\/","url":"https:\/\/www.boxrepsol.com\/es\/motogp\/momentos-semana-box-repsol\/","name":"Todos los momentos de la semana en Box Repsol - Box Repsol","isPartOf":{"@id":"https:\/\/www.boxrepsol.com\/es\/#website"},"primaryImageOfPage":{"@id":"https:\/\/www.boxrepsol.com\/es\/motogp\/momentos-semana-box-repsol\/#primaryimage"},"image":{"@id":"https:\/\/www.boxrepsol.com\/es\/motogp\/momentos-semana-box-repsol\/#primaryimage"},"thumbnailUrl":"https:\/\/bxrepsol.s3.eu-west-1.amazonaws.com\/static\/2023\/02\/24100822\/7-Momentos-14112017.png","datePublished":"2017-11-14T02:00:00+00:00","dateModified":"2024-10-17T15:52:51+00:00","description":"La temporada termin\u00f3 el pasado domingo de la mejor manera posible para el Equipo Repsol Honda. Dani Pedrosa","breadcrumb":{"@id":"https:\/\/www.boxrepsol.com\/es\/motogp\/momentos-semana-box-repsol\/#breadcrumb"},"inLanguage":"es","potentialAction":[{"@type":"ReadAction","target":["https:\/\/www.boxrepsol.com\/es\/motogp\/momentos-semana-box-repsol\/"]}]},{"@type":"ImageObject","inLanguage":"es","@id":"https:\/\/www.boxrepsol.com\/es\/motogp\/momentos-semana-box-repsol\/#primaryimage","url":"https:\/\/bxrepsol.s3.eu-west-1.amazonaws.com\/static\/2023\/02\/24100822\/7-Momentos-14112017.png","contentUrl":"https:\/\/bxrepsol.s3.eu-west-1.amazonaws.com\/static\/2023\/02\/24100822\/7-Momentos-14112017.png","width":986,"height":555,"caption":"Los 7 momentos de la semana"},{"@type":"BreadcrumbList","@id":"https:\/\/www.boxrepsol.com\/es\/motogp\/momentos-semana-box-repsol\/#breadcrumb","itemListElement":[{"@type":"ListItem","position":1,"name":"Home","item":"https:\/\/www.boxrepsol.com\/es\/"},{"@type":"ListItem","position":2,"name":"Los 7 momentos de la semana en Box Repsol"}]},{"@type":"WebSite","@id":"https:\/\/www.boxrepsol.com\/es\/#website","url":"https:\/\/www.boxrepsol.com\/es\/","name":"Box Repsol","description":"Box Repsol Site","publisher":{"@id":"https:\/\/www.boxrepsol.com\/es\/#organization"},"potentialAction":[{"@type":"SearchAction","target":{"@type":"EntryPoint","urlTemplate":"https:\/\/www.boxrepsol.com\/es\/?s={search_term_string}"},"query-input":{"@type":"PropertyValueSpecification","valueRequired":true,"valueName":"search_term_string"}}],"inLanguage":"es"},{"@type":"Organization","@id":"https:\/\/www.boxrepsol.com\/es\/#organization","name":"Box Repsol","url":"https:\/\/www.boxrepsol.com\/es\/","logo":{"@type":"ImageObject","inLanguage":"es","@id":"https:\/\/www.boxrepsol.com\/es\/#\/schema\/logo\/image\/","url":"https:\/\/bxrepsol.s3.eu-west-1.amazonaws.com\/static\/2025\/07\/30083337\/favicon-96x96-1.png","contentUrl":"https:\/\/bxrepsol.s3.eu-west-1.amazonaws.com\/static\/2025\/07\/30083337\/favicon-96x96-1.png","width":96,"height":96,"caption":"Box Repsol"},"image":{"@id":"https:\/\/www.boxrepsol.com\/es\/#\/schema\/logo\/image\/"},"sameAs":["https:\/\/www.facebook.com\/BoxRepsol","https:\/\/x.com\/box_repsol","http:\/\/instagram.com\/box_repsol","https:\/\/www.youtube.com\/user\/RepsolCompeticion","https:\/\/www.flickr.com\/photos\/box_repsol\/"]},{"@type":"Person","@id":"https:\/\/www.boxrepsol.com\/es\/#\/schema\/person\/c5c2138f2cca251b0ad92b7086bb60b7","name":"Redacci\u00f3n Box Repsol","image":{"@type":"ImageObject","inLanguage":"es","@id":"https:\/\/secure.gravatar.com\/avatar\/adf7b77e38b4419baf32c7e9c21dde01f4e40df611f0978e3006fc4ba0aaab7e?s=96&d=mm&r=g","url":"https:\/\/secure.gravatar.com\/avatar\/adf7b77e38b4419baf32c7e9c21dde01f4e40df611f0978e3006fc4ba0aaab7e?s=96&d=mm&r=g","contentUrl":"https:\/\/secure.gravatar.com\/avatar\/adf7b77e38b4419baf32c7e9c21dde01f4e40df611f0978e3006fc4ba0aaab7e?s=96&d=mm&r=g","caption":"Redacci\u00f3n Box Repsol"},"description":"Box Repsol lo forma un equipo de periodistas, community managers, dise\u00f1adores y fot\u00f3grafos con m\u00e1s de 20 a\u00f1os de experiencia en el mundo del motorsport. Hemos vivido el primer mundial de un espa\u00f1ol en la categor\u00eda reina de motociclismo con \u00c1lex Crivill\u00e9, estuvimos en las victorias de Pedrosa y los t\u00edtulos de M\u00e1rquez, acompa\u00f1amos en \u00c1frica a Nani Roma y Marc Coma en sus conquistas del Dakar y hemos vibrado con los t\u00edtulos de Toni Bou en Trial. Adem\u00e1s, en nuestro equipo contamos con expertos en el mundo de las dos y cuatro ruedas tanto de la calle y las carreteras, como de los circuitos. Periodistas que han trabajado en revistas y publicaciones para hacerte llegar desde rutas y consejos de mantenimiento, a curiosidades y trucos de pilotaje.","sameAs":["https:\/\/www.facebook.com\/BoxRepsol\/","https:\/\/www.instagram.com\/box_repsol\/","https:\/\/x.com\/https:\/\/twitter.com\/box_repsol","https:\/\/www.youtube.com\/@Boxrepsol"],"url":"https:\/\/www.boxrepsol.com\/es\/author\/redaccion-box-repsol\/"}]}},"_links":{"self":[{"href":"https:\/\/www.boxrepsol.com\/es\/wp-json\/wp\/v2\/posts\/91999","targetHints":{"allow":["GET"]}}],"collection":[{"href":"https:\/\/www.boxrepsol.com\/es\/wp-json\/wp\/v2\/posts"}],"about":[{"href":"https:\/\/www.boxrepsol.com\/es\/wp-json\/wp\/v2\/types\/post"}],"author":[{"embeddable":true,"href":"https:\/\/www.boxrepsol.com\/es\/wp-json\/wp\/v2\/users\/43146"}],"replies":[{"embeddable":true,"href":"https:\/\/www.boxrepsol.com\/es\/wp-json\/wp\/v2\/comments?post=91999"}],"version-history":[{"count":6,"href":"https:\/\/www.boxrepsol.com\/es\/wp-json\/wp\/v2\/posts\/91999\/revisions"}],"predecessor-version":[{"id":121303,"href":"https:\/\/www.boxrepsol.com\/es\/wp-json\/wp\/v2\/posts\/91999\/revisions\/121303"}],"wp:featuredmedia":[{"embeddable":true,"href":"https:\/\/www.boxrepsol.com\/es\/wp-json\/wp\/v2\/media\/92001"}],"wp:attachment":[{"href":"https:\/\/www.boxrepsol.com\/es\/wp-json\/wp\/v2\/media?parent=91999"}],"wp:term":[{"taxonomy":"category","embeddable":true,"href":"https:\/\/www.boxrepsol.com\/es\/wp-json\/wp\/v2\/categories?post=91999"},{"taxonomy":"post_tag","embeddable":true,"href":"https:\/\/www.boxrepsol.com\/es\/wp-json\/wp\/v2\/tags?post=91999"}],"curies":[{"name":"wp","href":"https:\/\/api.w.org\/{rel}","templated":true}]}}