{"id":91989,"date":"2017-11-13T00:00:00","date_gmt":"2017-11-13T02:00:00","guid":{"rendered":"http:\/\/pre.boxrepsol.com\/sin-categorizar\/marc-marquez-las-salvadas-parte-estilo\/"},"modified":"2024-05-21T06:35:36","modified_gmt":"2024-05-21T08:35:36","slug":"marc-marquez-las-salvadas-parte-estilo","status":"publish","type":"post","link":"https:\/\/www.boxrepsol.com\/es\/motogp\/marc-marquez-las-salvadas-parte-estilo\/","title":{"rendered":"Marc M\u00e1rquez: \u201cLas \u2018salvadas\u2019 son parte de mi estilo\u201d"},"content":{"rendered":"<blockquote>\n<p>Un gran m\u00e9rito lo tiene el equipo, la familia, los amigos, porque sin ellos esto no ser\u00eda ni tan f\u00e1cil ni tan bonito y divertido<\/p>\n<p>            <a href=\"http:\/\/twitter.com\/share?text=Un+gran+m%C3%A9rito+lo+tiene+el+equipo%2C+la+familia%2C+los+amigos%2C+porque+sin+ellos+esto+no+ser%C3%ADa+ni+tan+f%C3%A1cil+ni+tan+bonito+y+divertido&#038;url=https%3A%2F%2Fwww.boxrepsol.com%2Fes%2F%3Fp%3D14573%2F&#038;hashtags=\" target=\"_blank\" data-datalayer='{\"event\": \"socialInteraction\", \"socialNetwork\": \"Twitter\", \"socialAction\": \"Compartir\", \"socialTarget\": \"Frase\"}' rel=\"noopener\"><br \/>\n            twittear        <\/a><\/p>\n<footer>Marc M\u00e1rquez<\/footer>\n<\/blockquote>\n<p>Marc M\u00e1rquez certific\u00f3 ayer su sexto t\u00edtulo Mundial en Valencia, el cuarto en la categor\u00eda reina y uno de los m\u00e1s igualados que se recuerdan. El seis veces Campe\u00f3n del Mundo m\u00e1s joven de la historia hace balance de un Mundial muy trabajado, al m\u00e1s puro \u2018estilo M\u00e1rquez\u2019, donde su determinaci\u00f3n por no darse por vencido le ha permitido dar la vuelta a una temporada que hab\u00eda empezado cuesta arriba.<\/p>\n<p><strong>\u00bfQU\u00c9 TAL TIENES EL PELO, MARC?<\/strong><\/p>\n<p>\u201c(Se r\u00ede) Ahora mejor, a\u00fan no recuperado al 100%. Era una historia que no hab\u00eda contado a\u00fan. Si no hubiese ganado no la habr\u00eda contado, pero era una historia que creo que es curiosa. Fue despu\u00e9s de Montmel\u00f3, me estaba cortando el pelo con mi peluquera de siempre y me pregunt\u00f3 \u201c\u00bfQu\u00e9 te est\u00e1 pasando?\u201d, y yo sorprendido le dije: \u201cNada, estoy bien\u201d, y ella me contest\u00f3: \u201cNo, no est\u00e1s bien, porque est\u00e1s perdiendo el pelo\u201d y yo, claro, me asust\u00e9, porque con 24 a\u00f1os, sin pelo yo no me veo. Mi abuelo y mi padre tienen pelo, o sea que directamente me fui a ver al doctor \u00c1ngel Charte, que es el doctor de confianza de casi todos los pilotos y all\u00ed me dijo: \u201ctrata de absorber diferente los problemas, porque est\u00e1s creando dentro tal ansiedad, estr\u00e9s y nervios que te est\u00e1n saliendo clapas de estr\u00e9s y est\u00e1s perdiendo el pelo\u201d. All\u00ed me dio una crema salvadora, pero aparte de eso, intent\u00e9 absorber los problemas o enfocar las carreras de manera diferente porque la presi\u00f3n pod\u00eda conmigo\u201d.<\/p>\n<p><strong>\u00bfTIENES TODO EL PELO AHORA, NO?<\/strong><\/p>\n<p>\u201cS\u00ed, ahora s\u00ed. A\u00fan queda alguna clapa, pero ya no se ve, est\u00e1 por detr\u00e1s, pero ahora ya estoy listo para recuperarlo completamente en invierno\u201d.<\/p>\n<p><strong>SE PARARON YA LOS MOTORES, UNA TEMPORADA M\u00c1S, UN T\u00cdTULO M\u00c1S. \u00bfQU\u00c9 VIENE A TU MENTE AHORA, CON M\u00c1S CALMA?<\/strong><\/p>\n<p>\u201cHasta que no est\u00e9 realmente en casa, sentado una semana y pueda analizarlo todo, es dif\u00edcil digerirlo. Siempre digo lo mismo: me vienen los buenos momentos sobre todo, y los malos, los errores, son cosas que tambi\u00e9n tienes que analizar, tienes que saber aprender. Tambi\u00e9n te vienen todos los momentos de sufrimiento, cuando lo hemos pasado mal, cuando parec\u00eda que era una monta\u00f1a como la m\u00e1s alta de los Pirineos, que no la pod\u00edamos subir. Al final todo cambia, me ves aqu\u00ed, pero un gran m\u00e9rito lo tiene el equipo, la familia, los amigos, porque sin ellos esto no ser\u00eda ni tan f\u00e1cil ni tan bonito y divertido\u201d.<\/p>\n<p><strong>CUATRO T\u00cdTULOS EN CINCO A\u00d1OS EN MOTOGP, UNOS N\u00daMEROS DE V\u00c9RTIGO.<\/strong><\/p>\n<p>\u201cTengo la sensaci\u00f3n de que est\u00e1 pasando todo muy r\u00e1pido. De temporada a temporada no paro a sentarme, pero es que tampoco lo quiero hacer. Yo prefiero vivir el d\u00eda a d\u00eda. Ahora estamos aqu\u00ed, disfrutando de este t\u00edtulo, pero soy muy consciente de que a partir del 1 de enero soy un piloto m\u00e1s, no ser\u00e9 el Campe\u00f3n del Mundo. Ser\u00e9 un piloto m\u00e1s que intentar\u00e1 luchar por un t\u00edtulo m\u00e1s y veremos si lo vamos a conseguir, pero no da para pensar en los n\u00fameros. Estoy viviendo un sue\u00f1o, un momento muy dulce de mi carrera deportiva, pero espero que siga y por eso quiero mantener los pies en el suelo y seguir con la misma mentalidad\u201d.<\/p>\n<p><strong>HA CAMBIADO MARC M\u00c1RQUEZ EN ESTOS CINCO A\u00d1OS? EN LO DE TENER BARBA, POR EJEMPLO, NO MUCHO\u2026<\/strong><\/p>\n<p>\u201c(Se r\u00ede) No, no tengo, soy imberbe. S\u00ed, vas cambiando, sobre todo porque maduras como persona, y lo que me queda, a\u00fan tengo 24 a\u00f1os. Soy consciente de que tengo que aprender muchas cosas, pero soy una de esas personas que aprende a base de palos. Soy bastante cabez\u00f3n y hasta que no me choco contra ese muro, no lo s\u00e9 ver. He aprendido muchas cosas y s\u00e9 que me quedan muchas cosas por aprender, pero espero mantener siempre la misma ilusi\u00f3n por la moto, por correr, la misma pasi\u00f3n, que es lo que me da la energ\u00eda, el d\u00eda a d\u00eda con la misma gente, sobre todo, que creo que es lo m\u00e1s bonito. Para m\u00ed correr solo no tendr\u00eda sentido, yo corro para ver al \u2018Fan Club\u2019 explotar de alegr\u00eda, cuando llego al\u00a0<em>box<\/em>\u00a0los mec\u00e1nicos est\u00e1n m\u00e1s contentos que yo e incluso a alguno se le cae alguna l\u00e1grima\u201d.<\/p>\n<p><strong>\u00bfRECUERDAS EL D\u00cdA EN QUE EMPEZASTE A CREER QUE EL T\u00cdTULO 2017 POD\u00cdA SER TUYO?<\/strong><\/p>\n<p>\u201cNunca descart\u00e9 las opciones reales. Siempre pens\u00e9 que esto ser\u00eda muy largo. Despu\u00e9s de Mugello lo ve\u00eda bastante dif\u00edcil, pero despu\u00e9s de Alemania, sobre todo en Holanda y Alemania, pens\u00e9: \u2018se puede\u2019. Hicimos un cambio, volv\u00ed a divertirme encima de la moto, cosa que hab\u00eda perdido. Recuerdo un viaje en Le Mans, desde el circuito hasta el aeropuerto, donde les dije a Emilio [Alzamora] y a Jos\u00e9 Luis [Mart\u00ednez] que iban conmigo en el coche: \u201cNo disfruto encima de la moto, estoy pilotando pero no estoy disfrutando, necesito cambiar algo\u201d. Todos me ayudaron a buscar ese punto de m\u00e1s y aunque se vea todo muy bonito con sonrisas y todo, somos humanos y se pasan momentos de todo tipo\u201d.<\/p>\n<p>\t\t\t\t<img decoding=\"async\" src=\"https:\/\/bxrepsol.s3.eu-west-1.amazonaws.com\/static\/2022\/08\/05045124\/18Valencia17_MgpREPSOL_GV7R8857-scaled.jpg\" alt=\"18 Valencia 9, 10, 11 y 12 de noviembre de 2017.  Circuito de Ricardo Tormo. Valencia. MotoGP, MGP, mgp, motogp\" itemprop=\"image\"  \/><\/p>\n<blockquote>\n<p>En un futuro, espero que la gente me recuerde como un piloto que siempre ha dado el cien por cien<\/p>\n<p>            <a href=\"http:\/\/twitter.com\/share?text=En+un+futuro%2C+espero+que+la+gente+me+recuerde+como+un+piloto+que+siempre+ha+dado+el+cien+por+cien&#038;url=https%3A%2F%2Fwww.boxrepsol.com%2Fes%2F%3Fp%3D14573%2F&#038;hashtags=\" target=\"_blank\" data-datalayer='{\"event\": \"socialInteraction\", \"socialNetwork\": \"Twitter\", \"socialAction\": \"Compartir\", \"socialTarget\": \"Frase\"}' rel=\"noopener\"><br \/>\n            twittear        <\/a><\/p>\n<footer>Marc M\u00e1rquez<\/footer>\n<\/blockquote>\n<p><strong>\u00bfANDREA DOVIZIOSO HA SIDO UN RIVAL DISTINTO A TODOS CONTRA LOS QUE HAS COMPETIDO?<\/strong><\/p>\n<p>\u201cAndrea ha sido un rival muy distinto porque, en primer lugar, no me lo esperaba, en segundo lugar por su mentalidad, he aprendido muchas cosas de \u00e9l, la idea de ir a la suya y no cambiar su estilo y, sobre todo, he aprendido una lecci\u00f3n muy importante: no tienes que menospreciar a nadie en esta vida y en este Mundial sobre todo. Habl\u00e1bamos de Andrea [Dovizioso] como si fuese un \u2018outsider\u2019, dec\u00edamos \u201cs\u00ed, ha ganado una carrera, pero para luchar por el campeonato\u2026\u201d, pero al final aqu\u00ed, en MotoGP, est\u00e1n los mejores pilotos del mundo, donde si tienen las armas, las herramientas, se encuentran c\u00f3modos y est\u00e1 todo en el sitio, pueden luchar por ganar carreras y por un campeonato. Cuando ganaba Dovizioso, al principio de la temporada, pensaba \u201cbien, ha restado puntos a los otros\u201d, pero al final ha acabado siendo mi principal rival. Ha sido una lucha s\u00faper bonita, porque tenemos una muy buena amistad, pero en la pista no hab\u00eda piedad, aunque siempre respet\u00e1ndonos al cien por cien y manteniendo este fair-play\u201d.<\/p>\n<p><strong>\u00bfHAS PENSADO EN CAMBIARTE LA HORMIGA QUE LLEVAS EN EL CASCO POR UN GATO? \u00bfC\u00d3MO CONSIGUES HACER SALVADAS COMO LA DE AYER AL FINAL DE RECTA?<\/strong><\/p>\n<p>\u201c(Se r\u00ede) Lo del gato me lo han dicho bastante, pensaremos algo, aunque no me gustan mucho los gatos. La hormiga se quedar\u00e1, porque es la que me ha dado suerte y la que me ha identificado desde peque\u00f1o. Las salvadas e ir al l\u00edmite forman parte de mi estilo y siempre lo he dicho: espero que la gente en un futuro me recuerde como un piloto que siempre ha dado el cien por cien y da ese punto de espect\u00e1culo. La gente ve victorias, s\u00ed, pero el car\u00e1cter y el espect\u00e1culo es lo que marca la diferencia. Yo recuerdo a muchos pilotos que no han ganado ning\u00fan t\u00edtulo, pero los recuerdo m\u00e1s por c\u00f3mo pilotaban, que a otros que han ganado muchos. Espero poder mantener este ADN hasta el final\u201d.<\/p>\n<p><strong>\u00bfCU\u00c1L HA SIDO LA CARRERA M\u00c1S DIVERTIDA DE ESTE A\u00d1O Y LA M\u00c1S SALVAJE?<\/strong><\/p>\n<p>\u201cDivertida o salvaje, para m\u00ed lo divertido es salvaje (se r\u00ede). La m\u00e1s divertida y salvaje fue Australia. Me estaba jugando el t\u00edtulo, hubo palos de todo tipo, toques, carenados rotos, pero no me par\u00e9 a pensar en el campeonato. Era yo contra cinco pilotos que no se jugaban el campeonato, que s\u00f3lo se jugaban esa carrera y no dud\u00e9 ni un momento en entrar al trapo, y esto al final es motociclismo. Yo me divert\u00ed mucho, al final acab\u00e9 ganando la carrera, hubieron muchos adelantamientos, daba igual qui\u00e9n se jugara el t\u00edtulo y qui\u00e9n no, era una carrera y todos acabamos contentos. Nadie se quej\u00f3 y fue lo m\u00e1s bonito\u201d.<\/p>\n<p><strong>\u00bfHAS PODIDO MIRAR EL M\u00d3VIL? \u00bfQU\u00c9 TE HAS ENCONTRADO?<\/strong><\/p>\n<p>\u201cHonestamente, a\u00fan no he mirado mucho porque no he tenido tiempo, pero s\u00ed que he echado un vistazo y he visto mensajes de futbolistas y famosos, pero sobre todo he visto los de familiares y amigos, que son los que tocan m\u00e1s. En cuanto acabe esta entrevista voy a llamar a m\u00ed abuelo, que seguro que estar\u00e1 contento de hablar conmigo\u201d.<\/p>\n<p><strong>\u00bfNOS HAN DICHO QUE TU MADRE SE ENCONTR\u00d3 CON ZARCO POR EL PADDOCK ANTES DE LA CARRERA Y LE PIDI\u00d3 QUE FUERA CUIDADOSO\u2026 \u00bfT\u00da SAB\u00cdAS ALGO?<\/strong><\/p>\n<p>\u201c(Se r\u00ede) No lo sab\u00eda, pero al final fue en broma. Mi madre siempre se lleva bien con todo el mundo y nuestro motorhome estaba junto al de Zarco; se ve que se encontraron y mi madre le dijo: \u201cZarco, por favor ma\u00f1ana\u2026\u201d, porque mi madre sufre. Al final esto son carreras. Por ejemplo, Zarco iba a ganar la carrera, y si ten\u00eda que ser agresivo conmigo lo ha sido, son cosas que pasan. Pero t\u00fa tambi\u00e9n tienes que saber gestionar tus cartas y saber adaptarte en cada momento\u201d.<\/p>\n<p><strong>EL MARTES EMPIEZA LA PRETEMPORADA 2018. \u00bfEL CAMPE\u00d3N DEL MUNDO TIENE VACACIONES?\u00a0<\/strong><\/p>\n<p>\u201cS\u00ed, el martes empezamos la pretemporada 2018, con dos d\u00edas de entrenamientos. Luego veremos si hacemos alguno m\u00e1s en noviembre, pero s\u00ed que el cuerpo me pide relax, un poco de descanso. Llevo dos o tres a\u00f1os que en invierno no he parado mucho, siempre arriba y abajo. Este a\u00f1o me est\u00e1 pidiendo relax. Escuchar\u00e9 mi cuerpo y ver\u00e9 si hago dos d\u00edas o dos semanas. Tengo ganas de que lleguen las Navidades para estar con la familia y los amigos, y celebrarlo con ellos\u201d.<\/p>\n","protected":false},"excerpt":{"rendered":"<p>El seis veces Campe\u00f3n del Mundo repasa una temporada marcada por la superaci\u00f3n en los momentos dif\u00edciles y por un rival distinto a los otros a los que se hab\u00eda enfrentado anteriormente.<\/p>\n","protected":false},"author":43146,"featured_media":87165,"comment_status":"open","ping_status":"open","sticky":false,"template":"","format":"standard","meta":{"footnotes":""},"categories":[4],"tags":[6],"class_list":["post-91989","post","type-post","status-publish","format-standard","hentry","category-motogp","tag-marc-marquez"],"yoast_head":"<!-- This site is optimized with the Yoast SEO plugin v27.3 - https:\/\/yoast.com\/product\/yoast-seo-wordpress\/ -->\n<title>Marc M\u00e1rquez: \u201cLas \u2018salvadas\u2019 son parte de mi estilo\u201d - Box Repsol<\/title>\n<meta name=\"description\" content=\"El seis veces Campe\u00f3n del Mundo repasa una temporada marcada por la superaci\u00f3n en los momentos dif\u00edciles y por un rival distinto...\" \/>\n<link rel=\"canonical\" href=\"https:\/\/www.boxrepsol.com\/es\/motogp\/marc-marquez-las-salvadas-parte-estilo\/\" \/>\n<meta property=\"og:locale\" content=\"es_ES\" \/>\n<meta property=\"og:type\" content=\"article\" \/>\n<meta property=\"og:title\" content=\"Marc M\u00e1rquez: \u201cLas \u2018salvadas\u2019 son parte de mi estilo\u201d - Box Repsol\" \/>\n<meta property=\"og:description\" content=\"El seis veces Campe\u00f3n del Mundo repasa una temporada marcada por la superaci\u00f3n en los momentos dif\u00edciles y por un rival distinto...\" \/>\n<meta property=\"og:url\" content=\"https:\/\/www.boxrepsol.com\/es\/motogp\/marc-marquez-las-salvadas-parte-estilo\/\" \/>\n<meta property=\"og:site_name\" content=\"Box Repsol\" \/>\n<meta property=\"article:publisher\" content=\"https:\/\/www.facebook.com\/BoxRepsol\" \/>\n<meta property=\"article:author\" content=\"https:\/\/www.facebook.com\/BoxRepsol\/\" \/>\n<meta property=\"article:published_time\" content=\"2017-11-13T02:00:00+00:00\" \/>\n<meta property=\"article:modified_time\" content=\"2024-05-21T08:35:36+00:00\" \/>\n<meta property=\"og:image\" content=\"https:\/\/www.boxrepsol.com\/wp-content\/uploads\/2022\/08\/00_marc_marquez_repsol_honda_big6_motogp.jpg\" \/>\n\t<meta property=\"og:image:width\" content=\"995\" \/>\n\t<meta property=\"og:image:height\" content=\"560\" \/>\n\t<meta property=\"og:image:type\" content=\"image\/jpeg\" \/>\n<meta name=\"author\" content=\"Redacci\u00f3n Box Repsol\" \/>\n<meta name=\"twitter:card\" content=\"summary_large_image\" \/>\n<meta name=\"twitter:creator\" content=\"@https:\/\/twitter.com\/box_repsol\" \/>\n<meta name=\"twitter:site\" content=\"@box_repsol\" \/>\n<meta name=\"twitter:label1\" content=\"Written by\" \/>\n\t<meta name=\"twitter:data1\" content=\"Redacci\u00f3n Box Repsol\" \/>\n\t<meta name=\"twitter:label2\" content=\"Est. reading time\" \/>\n\t<meta name=\"twitter:data2\" content=\"9 minutos\" \/>\n<script type=\"application\/ld+json\" class=\"yoast-schema-graph\">{\"@context\":\"https:\\\/\\\/schema.org\",\"@graph\":[{\"@type\":\"Article\",\"@id\":\"https:\\\/\\\/www.boxrepsol.com\\\/es\\\/motogp\\\/marc-marquez-las-salvadas-parte-estilo\\\/#article\",\"isPartOf\":{\"@id\":\"https:\\\/\\\/www.boxrepsol.com\\\/es\\\/motogp\\\/marc-marquez-las-salvadas-parte-estilo\\\/\"},\"author\":{\"name\":\"Redacci\u00f3n Box Repsol\",\"@id\":\"https:\\\/\\\/www.boxrepsol.com\\\/es\\\/#\\\/schema\\\/person\\\/c5c2138f2cca251b0ad92b7086bb60b7\"},\"headline\":\"Marc M\u00e1rquez: \u201cLas \u2018salvadas\u2019 son parte de mi estilo\u201d\",\"datePublished\":\"2017-11-13T02:00:00+00:00\",\"dateModified\":\"2024-05-21T08:35:36+00:00\",\"mainEntityOfPage\":{\"@id\":\"https:\\\/\\\/www.boxrepsol.com\\\/es\\\/motogp\\\/marc-marquez-las-salvadas-parte-estilo\\\/\"},\"wordCount\":1792,\"commentCount\":0,\"publisher\":{\"@id\":\"https:\\\/\\\/www.boxrepsol.com\\\/es\\\/#organization\"},\"image\":{\"@id\":\"https:\\\/\\\/www.boxrepsol.com\\\/es\\\/motogp\\\/marc-marquez-las-salvadas-parte-estilo\\\/#primaryimage\"},\"thumbnailUrl\":\"https:\\\/\\\/www.boxrepsol.com\\\/wp-content\\\/uploads\\\/2022\\\/08\\\/00_marc_marquez_repsol_honda_big6_motogp.jpg\",\"keywords\":[\"Marc M\u00e1rquez\"],\"articleSection\":[\"MotoGP\"],\"inLanguage\":\"es\",\"potentialAction\":[{\"@type\":\"CommentAction\",\"name\":\"Comment\",\"target\":[\"https:\\\/\\\/www.boxrepsol.com\\\/es\\\/motogp\\\/marc-marquez-las-salvadas-parte-estilo\\\/#respond\"]}]},{\"@type\":\"WebPage\",\"@id\":\"https:\\\/\\\/www.boxrepsol.com\\\/es\\\/motogp\\\/marc-marquez-las-salvadas-parte-estilo\\\/\",\"url\":\"https:\\\/\\\/www.boxrepsol.com\\\/es\\\/motogp\\\/marc-marquez-las-salvadas-parte-estilo\\\/\",\"name\":\"Marc M\u00e1rquez: \u201cLas \u2018salvadas\u2019 son parte de mi estilo\u201d - Box Repsol\",\"isPartOf\":{\"@id\":\"https:\\\/\\\/www.boxrepsol.com\\\/es\\\/#website\"},\"primaryImageOfPage\":{\"@id\":\"https:\\\/\\\/www.boxrepsol.com\\\/es\\\/motogp\\\/marc-marquez-las-salvadas-parte-estilo\\\/#primaryimage\"},\"image\":{\"@id\":\"https:\\\/\\\/www.boxrepsol.com\\\/es\\\/motogp\\\/marc-marquez-las-salvadas-parte-estilo\\\/#primaryimage\"},\"thumbnailUrl\":\"https:\\\/\\\/www.boxrepsol.com\\\/wp-content\\\/uploads\\\/2022\\\/08\\\/00_marc_marquez_repsol_honda_big6_motogp.jpg\",\"datePublished\":\"2017-11-13T02:00:00+00:00\",\"dateModified\":\"2024-05-21T08:35:36+00:00\",\"description\":\"El seis veces Campe\u00f3n del Mundo repasa una temporada marcada por la superaci\u00f3n en los momentos dif\u00edciles y por un rival distinto...\",\"breadcrumb\":{\"@id\":\"https:\\\/\\\/www.boxrepsol.com\\\/es\\\/motogp\\\/marc-marquez-las-salvadas-parte-estilo\\\/#breadcrumb\"},\"inLanguage\":\"es\",\"potentialAction\":[{\"@type\":\"ReadAction\",\"target\":[\"https:\\\/\\\/www.boxrepsol.com\\\/es\\\/motogp\\\/marc-marquez-las-salvadas-parte-estilo\\\/\"]}]},{\"@type\":\"ImageObject\",\"inLanguage\":\"es\",\"@id\":\"https:\\\/\\\/www.boxrepsol.com\\\/es\\\/motogp\\\/marc-marquez-las-salvadas-parte-estilo\\\/#primaryimage\",\"url\":\"https:\\\/\\\/www.boxrepsol.com\\\/wp-content\\\/uploads\\\/2022\\\/08\\\/00_marc_marquez_repsol_honda_big6_motogp.jpg\",\"contentUrl\":\"https:\\\/\\\/www.boxrepsol.com\\\/wp-content\\\/uploads\\\/2022\\\/08\\\/00_marc_marquez_repsol_honda_big6_motogp.jpg\",\"width\":995,\"height\":560,\"caption\":\"Marc M\u00e1rquez con la camiseta de Campe\u00f3n del Mundo\"},{\"@type\":\"BreadcrumbList\",\"@id\":\"https:\\\/\\\/www.boxrepsol.com\\\/es\\\/motogp\\\/marc-marquez-las-salvadas-parte-estilo\\\/#breadcrumb\",\"itemListElement\":[{\"@type\":\"ListItem\",\"position\":1,\"name\":\"Home\",\"item\":\"https:\\\/\\\/www.boxrepsol.com\\\/es\\\/\"},{\"@type\":\"ListItem\",\"position\":2,\"name\":\"Marc M\u00e1rquez: \u201cLas \u2018salvadas\u2019 son parte de mi estilo\u201d\"}]},{\"@type\":\"WebSite\",\"@id\":\"https:\\\/\\\/www.boxrepsol.com\\\/es\\\/#website\",\"url\":\"https:\\\/\\\/www.boxrepsol.com\\\/es\\\/\",\"name\":\"Box Repsol\",\"description\":\"Box Repsol Site\",\"publisher\":{\"@id\":\"https:\\\/\\\/www.boxrepsol.com\\\/es\\\/#organization\"},\"potentialAction\":[{\"@type\":\"SearchAction\",\"target\":{\"@type\":\"EntryPoint\",\"urlTemplate\":\"https:\\\/\\\/www.boxrepsol.com\\\/es\\\/?s={search_term_string}\"},\"query-input\":{\"@type\":\"PropertyValueSpecification\",\"valueRequired\":true,\"valueName\":\"search_term_string\"}}],\"inLanguage\":\"es\"},{\"@type\":\"Organization\",\"@id\":\"https:\\\/\\\/www.boxrepsol.com\\\/es\\\/#organization\",\"name\":\"Box Repsol\",\"url\":\"https:\\\/\\\/www.boxrepsol.com\\\/es\\\/\",\"logo\":{\"@type\":\"ImageObject\",\"inLanguage\":\"es\",\"@id\":\"https:\\\/\\\/www.boxrepsol.com\\\/es\\\/#\\\/schema\\\/logo\\\/image\\\/\",\"url\":\"https:\\\/\\\/bxrepsol.s3.eu-west-1.amazonaws.com\\\/static\\\/2025\\\/07\\\/30083337\\\/favicon-96x96-1.png\",\"contentUrl\":\"https:\\\/\\\/bxrepsol.s3.eu-west-1.amazonaws.com\\\/static\\\/2025\\\/07\\\/30083337\\\/favicon-96x96-1.png\",\"width\":96,\"height\":96,\"caption\":\"Box Repsol\"},\"image\":{\"@id\":\"https:\\\/\\\/www.boxrepsol.com\\\/es\\\/#\\\/schema\\\/logo\\\/image\\\/\"},\"sameAs\":[\"https:\\\/\\\/www.facebook.com\\\/BoxRepsol\",\"https:\\\/\\\/x.com\\\/box_repsol\",\"http:\\\/\\\/instagram.com\\\/box_repsol\",\"https:\\\/\\\/www.youtube.com\\\/user\\\/RepsolCompeticion\",\"https:\\\/\\\/www.flickr.com\\\/photos\\\/box_repsol\\\/\"]},{\"@type\":\"Person\",\"@id\":\"https:\\\/\\\/www.boxrepsol.com\\\/es\\\/#\\\/schema\\\/person\\\/c5c2138f2cca251b0ad92b7086bb60b7\",\"name\":\"Redacci\u00f3n Box Repsol\",\"image\":{\"@type\":\"ImageObject\",\"inLanguage\":\"es\",\"@id\":\"https:\\\/\\\/secure.gravatar.com\\\/avatar\\\/adf7b77e38b4419baf32c7e9c21dde01f4e40df611f0978e3006fc4ba0aaab7e?s=96&d=mm&r=g\",\"url\":\"https:\\\/\\\/secure.gravatar.com\\\/avatar\\\/adf7b77e38b4419baf32c7e9c21dde01f4e40df611f0978e3006fc4ba0aaab7e?s=96&d=mm&r=g\",\"contentUrl\":\"https:\\\/\\\/secure.gravatar.com\\\/avatar\\\/adf7b77e38b4419baf32c7e9c21dde01f4e40df611f0978e3006fc4ba0aaab7e?s=96&d=mm&r=g\",\"caption\":\"Redacci\u00f3n Box Repsol\"},\"description\":\"Box Repsol lo forma un equipo de periodistas, community managers, dise\u00f1adores y fot\u00f3grafos con m\u00e1s de 20 a\u00f1os de experiencia en el mundo del motorsport. Hemos vivido el primer mundial de un espa\u00f1ol en la categor\u00eda reina de motociclismo con \u00c1lex Crivill\u00e9, estuvimos en las victorias de Pedrosa y los t\u00edtulos de M\u00e1rquez, acompa\u00f1amos en \u00c1frica a Nani Roma y Marc Coma en sus conquistas del Dakar y hemos vibrado con los t\u00edtulos de Toni Bou en Trial. Adem\u00e1s, en nuestro equipo contamos con expertos en el mundo de las dos y cuatro ruedas tanto de la calle y las carreteras, como de los circuitos. Periodistas que han trabajado en revistas y publicaciones para hacerte llegar desde rutas y consejos de mantenimiento, a curiosidades y trucos de pilotaje.\",\"sameAs\":[\"https:\\\/\\\/www.facebook.com\\\/BoxRepsol\\\/\",\"https:\\\/\\\/www.instagram.com\\\/box_repsol\\\/\",\"https:\\\/\\\/x.com\\\/https:\\\/\\\/twitter.com\\\/box_repsol\",\"https:\\\/\\\/www.youtube.com\\\/@Boxrepsol\"],\"url\":\"https:\\\/\\\/www.boxrepsol.com\\\/es\\\/author\\\/redaccion-box-repsol\\\/\"}]}<\/script>\n<!-- \/ Yoast SEO plugin. -->","yoast_head_json":{"title":"Marc M\u00e1rquez: \u201cLas \u2018salvadas\u2019 son parte de mi estilo\u201d - Box Repsol","description":"El seis veces Campe\u00f3n del Mundo repasa una temporada marcada por la superaci\u00f3n en los momentos dif\u00edciles y por un rival distinto...","canonical":"https:\/\/www.boxrepsol.com\/es\/motogp\/marc-marquez-las-salvadas-parte-estilo\/","og_locale":"es_ES","og_type":"article","og_title":"Marc M\u00e1rquez: \u201cLas \u2018salvadas\u2019 son parte de mi estilo\u201d - Box Repsol","og_description":"El seis veces Campe\u00f3n del Mundo repasa una temporada marcada por la superaci\u00f3n en los momentos dif\u00edciles y por un rival distinto...","og_url":"https:\/\/www.boxrepsol.com\/es\/motogp\/marc-marquez-las-salvadas-parte-estilo\/","og_site_name":"Box Repsol","article_publisher":"https:\/\/www.facebook.com\/BoxRepsol","article_author":"https:\/\/www.facebook.com\/BoxRepsol\/","article_published_time":"2017-11-13T02:00:00+00:00","article_modified_time":"2024-05-21T08:35:36+00:00","og_image":[{"width":995,"height":560,"url":"https:\/\/www.boxrepsol.com\/wp-content\/uploads\/2022\/08\/00_marc_marquez_repsol_honda_big6_motogp.jpg","type":"image\/jpeg"}],"author":"Redacci\u00f3n Box Repsol","twitter_card":"summary_large_image","twitter_creator":"@https:\/\/twitter.com\/box_repsol","twitter_site":"@box_repsol","twitter_misc":{"Written by":"Redacci\u00f3n Box Repsol","Est. reading time":"9 minutos"},"schema":{"@context":"https:\/\/schema.org","@graph":[{"@type":"Article","@id":"https:\/\/www.boxrepsol.com\/es\/motogp\/marc-marquez-las-salvadas-parte-estilo\/#article","isPartOf":{"@id":"https:\/\/www.boxrepsol.com\/es\/motogp\/marc-marquez-las-salvadas-parte-estilo\/"},"author":{"name":"Redacci\u00f3n Box Repsol","@id":"https:\/\/www.boxrepsol.com\/es\/#\/schema\/person\/c5c2138f2cca251b0ad92b7086bb60b7"},"headline":"Marc M\u00e1rquez: \u201cLas \u2018salvadas\u2019 son parte de mi estilo\u201d","datePublished":"2017-11-13T02:00:00+00:00","dateModified":"2024-05-21T08:35:36+00:00","mainEntityOfPage":{"@id":"https:\/\/www.boxrepsol.com\/es\/motogp\/marc-marquez-las-salvadas-parte-estilo\/"},"wordCount":1792,"commentCount":0,"publisher":{"@id":"https:\/\/www.boxrepsol.com\/es\/#organization"},"image":{"@id":"https:\/\/www.boxrepsol.com\/es\/motogp\/marc-marquez-las-salvadas-parte-estilo\/#primaryimage"},"thumbnailUrl":"https:\/\/www.boxrepsol.com\/wp-content\/uploads\/2022\/08\/00_marc_marquez_repsol_honda_big6_motogp.jpg","keywords":["Marc M\u00e1rquez"],"articleSection":["MotoGP"],"inLanguage":"es","potentialAction":[{"@type":"CommentAction","name":"Comment","target":["https:\/\/www.boxrepsol.com\/es\/motogp\/marc-marquez-las-salvadas-parte-estilo\/#respond"]}]},{"@type":"WebPage","@id":"https:\/\/www.boxrepsol.com\/es\/motogp\/marc-marquez-las-salvadas-parte-estilo\/","url":"https:\/\/www.boxrepsol.com\/es\/motogp\/marc-marquez-las-salvadas-parte-estilo\/","name":"Marc M\u00e1rquez: \u201cLas \u2018salvadas\u2019 son parte de mi estilo\u201d - Box Repsol","isPartOf":{"@id":"https:\/\/www.boxrepsol.com\/es\/#website"},"primaryImageOfPage":{"@id":"https:\/\/www.boxrepsol.com\/es\/motogp\/marc-marquez-las-salvadas-parte-estilo\/#primaryimage"},"image":{"@id":"https:\/\/www.boxrepsol.com\/es\/motogp\/marc-marquez-las-salvadas-parte-estilo\/#primaryimage"},"thumbnailUrl":"https:\/\/www.boxrepsol.com\/wp-content\/uploads\/2022\/08\/00_marc_marquez_repsol_honda_big6_motogp.jpg","datePublished":"2017-11-13T02:00:00+00:00","dateModified":"2024-05-21T08:35:36+00:00","description":"El seis veces Campe\u00f3n del Mundo repasa una temporada marcada por la superaci\u00f3n en los momentos dif\u00edciles y por un rival distinto...","breadcrumb":{"@id":"https:\/\/www.boxrepsol.com\/es\/motogp\/marc-marquez-las-salvadas-parte-estilo\/#breadcrumb"},"inLanguage":"es","potentialAction":[{"@type":"ReadAction","target":["https:\/\/www.boxrepsol.com\/es\/motogp\/marc-marquez-las-salvadas-parte-estilo\/"]}]},{"@type":"ImageObject","inLanguage":"es","@id":"https:\/\/www.boxrepsol.com\/es\/motogp\/marc-marquez-las-salvadas-parte-estilo\/#primaryimage","url":"https:\/\/www.boxrepsol.com\/wp-content\/uploads\/2022\/08\/00_marc_marquez_repsol_honda_big6_motogp.jpg","contentUrl":"https:\/\/www.boxrepsol.com\/wp-content\/uploads\/2022\/08\/00_marc_marquez_repsol_honda_big6_motogp.jpg","width":995,"height":560,"caption":"Marc M\u00e1rquez con la camiseta de Campe\u00f3n del Mundo"},{"@type":"BreadcrumbList","@id":"https:\/\/www.boxrepsol.com\/es\/motogp\/marc-marquez-las-salvadas-parte-estilo\/#breadcrumb","itemListElement":[{"@type":"ListItem","position":1,"name":"Home","item":"https:\/\/www.boxrepsol.com\/es\/"},{"@type":"ListItem","position":2,"name":"Marc M\u00e1rquez: \u201cLas \u2018salvadas\u2019 son parte de mi estilo\u201d"}]},{"@type":"WebSite","@id":"https:\/\/www.boxrepsol.com\/es\/#website","url":"https:\/\/www.boxrepsol.com\/es\/","name":"Box Repsol","description":"Box Repsol Site","publisher":{"@id":"https:\/\/www.boxrepsol.com\/es\/#organization"},"potentialAction":[{"@type":"SearchAction","target":{"@type":"EntryPoint","urlTemplate":"https:\/\/www.boxrepsol.com\/es\/?s={search_term_string}"},"query-input":{"@type":"PropertyValueSpecification","valueRequired":true,"valueName":"search_term_string"}}],"inLanguage":"es"},{"@type":"Organization","@id":"https:\/\/www.boxrepsol.com\/es\/#organization","name":"Box Repsol","url":"https:\/\/www.boxrepsol.com\/es\/","logo":{"@type":"ImageObject","inLanguage":"es","@id":"https:\/\/www.boxrepsol.com\/es\/#\/schema\/logo\/image\/","url":"https:\/\/bxrepsol.s3.eu-west-1.amazonaws.com\/static\/2025\/07\/30083337\/favicon-96x96-1.png","contentUrl":"https:\/\/bxrepsol.s3.eu-west-1.amazonaws.com\/static\/2025\/07\/30083337\/favicon-96x96-1.png","width":96,"height":96,"caption":"Box Repsol"},"image":{"@id":"https:\/\/www.boxrepsol.com\/es\/#\/schema\/logo\/image\/"},"sameAs":["https:\/\/www.facebook.com\/BoxRepsol","https:\/\/x.com\/box_repsol","http:\/\/instagram.com\/box_repsol","https:\/\/www.youtube.com\/user\/RepsolCompeticion","https:\/\/www.flickr.com\/photos\/box_repsol\/"]},{"@type":"Person","@id":"https:\/\/www.boxrepsol.com\/es\/#\/schema\/person\/c5c2138f2cca251b0ad92b7086bb60b7","name":"Redacci\u00f3n Box Repsol","image":{"@type":"ImageObject","inLanguage":"es","@id":"https:\/\/secure.gravatar.com\/avatar\/adf7b77e38b4419baf32c7e9c21dde01f4e40df611f0978e3006fc4ba0aaab7e?s=96&d=mm&r=g","url":"https:\/\/secure.gravatar.com\/avatar\/adf7b77e38b4419baf32c7e9c21dde01f4e40df611f0978e3006fc4ba0aaab7e?s=96&d=mm&r=g","contentUrl":"https:\/\/secure.gravatar.com\/avatar\/adf7b77e38b4419baf32c7e9c21dde01f4e40df611f0978e3006fc4ba0aaab7e?s=96&d=mm&r=g","caption":"Redacci\u00f3n Box Repsol"},"description":"Box Repsol lo forma un equipo de periodistas, community managers, dise\u00f1adores y fot\u00f3grafos con m\u00e1s de 20 a\u00f1os de experiencia en el mundo del motorsport. Hemos vivido el primer mundial de un espa\u00f1ol en la categor\u00eda reina de motociclismo con \u00c1lex Crivill\u00e9, estuvimos en las victorias de Pedrosa y los t\u00edtulos de M\u00e1rquez, acompa\u00f1amos en \u00c1frica a Nani Roma y Marc Coma en sus conquistas del Dakar y hemos vibrado con los t\u00edtulos de Toni Bou en Trial. Adem\u00e1s, en nuestro equipo contamos con expertos en el mundo de las dos y cuatro ruedas tanto de la calle y las carreteras, como de los circuitos. Periodistas que han trabajado en revistas y publicaciones para hacerte llegar desde rutas y consejos de mantenimiento, a curiosidades y trucos de pilotaje.","sameAs":["https:\/\/www.facebook.com\/BoxRepsol\/","https:\/\/www.instagram.com\/box_repsol\/","https:\/\/x.com\/https:\/\/twitter.com\/box_repsol","https:\/\/www.youtube.com\/@Boxrepsol"],"url":"https:\/\/www.boxrepsol.com\/es\/author\/redaccion-box-repsol\/"}]}},"_links":{"self":[{"href":"https:\/\/www.boxrepsol.com\/es\/wp-json\/wp\/v2\/posts\/91989","targetHints":{"allow":["GET"]}}],"collection":[{"href":"https:\/\/www.boxrepsol.com\/es\/wp-json\/wp\/v2\/posts"}],"about":[{"href":"https:\/\/www.boxrepsol.com\/es\/wp-json\/wp\/v2\/types\/post"}],"author":[{"embeddable":true,"href":"https:\/\/www.boxrepsol.com\/es\/wp-json\/wp\/v2\/users\/43146"}],"replies":[{"embeddable":true,"href":"https:\/\/www.boxrepsol.com\/es\/wp-json\/wp\/v2\/comments?post=91989"}],"version-history":[{"count":1,"href":"https:\/\/www.boxrepsol.com\/es\/wp-json\/wp\/v2\/posts\/91989\/revisions"}],"predecessor-version":[{"id":91990,"href":"https:\/\/www.boxrepsol.com\/es\/wp-json\/wp\/v2\/posts\/91989\/revisions\/91990"}],"wp:featuredmedia":[{"embeddable":true,"href":"https:\/\/www.boxrepsol.com\/es\/wp-json\/wp\/v2\/media\/87165"}],"wp:attachment":[{"href":"https:\/\/www.boxrepsol.com\/es\/wp-json\/wp\/v2\/media?parent=91989"}],"wp:term":[{"taxonomy":"category","embeddable":true,"href":"https:\/\/www.boxrepsol.com\/es\/wp-json\/wp\/v2\/categories?post=91989"},{"taxonomy":"post_tag","embeddable":true,"href":"https:\/\/www.boxrepsol.com\/es\/wp-json\/wp\/v2\/tags?post=91989"}],"curies":[{"name":"wp","href":"https:\/\/api.w.org\/{rel}","templated":true}]}}