{"id":91985,"date":"2017-11-12T00:00:00","date_gmt":"2017-11-12T02:00:00","guid":{"rendered":"http:\/\/pre.boxrepsol.com\/sin-categorizar\/marc-marquez-estoy-viviendo-sueno\/"},"modified":"2025-11-14T08:19:53","modified_gmt":"2025-11-14T10:19:53","slug":"marc-marquez-estoy-viviendo-sueno","status":"publish","type":"post","link":"https:\/\/www.boxrepsol.com\/es\/motogp\/marc-marquez-estoy-viviendo-sueno\/","title":{"rendered":"Marc M\u00e1rquez: \u00abEstoy viviendo un sue\u00f1o\u00bb"},"content":{"rendered":"<blockquote>\n<p>Seis t\u00edtulos son palabras mayores<\/p>\n<p>            <a href=\"http:\/\/twitter.com\/share?text=Seis+t%C3%ADtulos+son+palabras+mayores&#038;url=https%3A%2F%2Fwww.boxrepsol.com%2Fes%2F%3Fp%3D14543%2F&#038;hashtags=\" target=\"_blank\" data-datalayer='{\"event\": \"socialInteraction\", \"socialNetwork\": \"Twitter\", \"socialAction\": \"Compartir\", \"socialTarget\": \"Frase\"}' rel=\"noopener\"><br \/>\n            twittear        <\/a><\/p>\n<footer>Marc M\u00e1rquez<\/footer>\n<\/blockquote>\n<h3>\n\t\tMarc M\u00e1rquez<br \/>\n\t<\/h3>\n<p><em>Estoy viviendo un sue\u00f1o. Seis t\u00edtulos son palabras mayores. La verdad es que estoy verdaderamente contento, porque hemos trabajado mucho este a\u00f1o y hoy la carrera ha sido muy intensa y emocionante, un poco \u2018estilo-M\u00e1rquez\u2019. He cometido un error, pero tambi\u00e9n he hecho mi mejor \u2018salvada\u2019 del a\u00f1o. A partir de ese momento, s\u00f3lo he intentado terminar la carrera en una buena posici\u00f3n. Lamento que Andrea [Dovizioso] no haya terminado la carrera, merec\u00eda hacerlo. Ha hecho una temporada incre\u00edble y hoy me hubiera gustado tenerle en el podio conmigo. La clave de este a\u00f1o ha sido nuestra mentalidad. En nuestro mundo es muy importante ser positivo y mantener la motivaci\u00f3n durante los momentos dif\u00edciles. Nos pasaron algunas cosas al principio de la temporada, pero cuando encontramos el camino a seguir para solucionarlas, todo fue mejor. Felicito a Honda y a todo el equipo Repsol Honda por la triple corona. Es un logro incre\u00edble. Ganar el Mundial en la \u00faltima carrera de la temporada, delante de tus aficionados es una de las mejores cosas posibles, es realmente especial. Ahora quiero disfrutarlo con todo mi equipo y mi familia, y luego tendremos que empezar a trabajar para el a\u00f1o que viene<\/em><\/p>\n<h3>\n\t\tDani Pedrosa<br \/>\n\t<\/h3>\n<blockquote>\n<p>Evidentemente estoy muy muy contento, porque una victoria es una victoria y \u00e9sta la hemos tenido que pelear mucho. Hoy hemos tenido una oportunidad gracias a nuestra buena salida y a que la puesta a punto ha funcionado muy bien, y la hemos aprovechado. No ha sido f\u00e1cil, porque el agarre en el tren delantero no era perfecto, de hecho ha habido bastantes ca\u00eddas. Estaba justo detr\u00e1s de Marc [M\u00e1rquez] cuando ha hecho la \u2018salvada\u2019 y ha sido incre\u00edble. El humo, el ruido, la velocidad\u2026 \u00a1Impresionante! He comprendido que el estado del asfalto ten\u00eda un l\u00edmite, quiz\u00e1s porque el neum\u00e1tico trasero ten\u00eda m\u00e1s agarre y eso empujaba al tren delantero. He intentado gestionar el agarre de delante, pero en las \u00faltimas tres vueltas lo he dado todo para adelantar a Johann [Zarco]. \u00c9l lo estaba haciendo muy bien entrando en las curvas, pero al final he podido pasarle en el \u00faltimo giro. Estoy muy feliz de haber ganado delante de mi afici\u00f3n; me gustar\u00eda dedicar esta victoria a mi familia, amigos, fans y equipo. Ha sido un d\u00eda fant\u00e1stico para nosotros, con Marc ganando el t\u00edtulo de pilotos y el equipo asegurando el campeonato de constructores y el de equipos. Adem\u00e1s he ganado una posici\u00f3n en la clasificaci\u00f3n general, que tambi\u00e9n es positivo<\/p>\n<\/blockquote>\n<h3>\n\t\tBego\u00f1a Elices<br \/>\n\t<\/h3>\n<p><strong>Directora General de Comunicaci\u00f3n y de Presidencia de Repsol<\/strong><\/p>\n<blockquote>\n<p>Marc M\u00e1rquez no deja de sorprendernos, a pesar de que le conocemos y le hemos acompa\u00f1ado desde que era un ni\u00f1o. Estamos muy orgullosos de \u00e9l, como deportista y como persona, y de formar parte del equipo Repsol Honda. La alta competici\u00f3n es un reto constante que nos permite superarnos como compa\u00f1\u00eda, en un entorno de trabajo en equipo y colaboraci\u00f3n tecnol\u00f3gica. \u00a1Felicidades por este nuevo \u00e9xito y por c\u00f3mo se ha conseguido!<\/p>\n<\/blockquote>\n<h3>\n\t\tYoshishige Nomura<br \/>\n\t<\/h3>\n<p><strong>Presidente de HRC<\/strong><\/p>\n<blockquote>\n<p>Hoy ha sido la \u2018tormenta perfecta\u2019 para HRC y Honda, porque hemos ganado el t\u00edtulo de pilotos, constructores y equipos, logrando la triple corona. Evidentemente estamos extremadamente contentos con un resultado tan fant\u00e1stico como este y me gustar\u00eda felicitar a Marc [M\u00e1rquez] y Dani [Pedrosa] por su duro trabajo y compromiso, y a todos los ingenieros de HRC y nuestros patrocinadores, porque juntos han contribuido a este incre\u00edble resultado. Estoy muy orgulloso de todos ellos<\/p>\n<\/blockquote>\n","protected":false},"excerpt":{"rendered":"<p>\u00abAhora quiero disfrutarlo con todo mi equipo y mi familia, y luego tendremos que empezar a trabajar para el a\u00f1o que viene\u00bb<\/p>\n","protected":false},"author":43146,"featured_media":87162,"comment_status":"open","ping_status":"open","sticky":false,"template":"","format":"standard","meta":{"footnotes":""},"categories":[4],"tags":[6],"class_list":["post-91985","post","type-post","status-publish","format-standard","hentry","category-motogp","tag-marc-marquez"],"yoast_head":"<!-- This site is optimized with the Yoast SEO plugin v27.3 - https:\/\/yoast.com\/product\/yoast-seo-wordpress\/ -->\n<title>Marc M\u00e1rquez: &quot;Estoy viviendo un sue\u00f1o&quot; - Box Repsol<\/title>\n<meta name=\"description\" content=\"Ahora quiero disfrutarlo con todo mi equipo y mi familia, y luego tendremos que empezar a trabajar para el a\u00f1o que viene.\" \/>\n<link rel=\"canonical\" href=\"https:\/\/www.boxrepsol.com\/es\/motogp\/marc-marquez-estoy-viviendo-sueno\/\" \/>\n<meta property=\"og:locale\" content=\"es_ES\" \/>\n<meta property=\"og:type\" content=\"article\" \/>\n<meta property=\"og:title\" content=\"Marc M\u00e1rquez: &quot;Estoy viviendo un sue\u00f1o&quot; - Box Repsol\" \/>\n<meta property=\"og:description\" content=\"Ahora quiero disfrutarlo con todo mi equipo y mi familia, y luego tendremos que empezar a trabajar para el a\u00f1o que viene.\" \/>\n<meta property=\"og:url\" content=\"https:\/\/www.boxrepsol.com\/es\/motogp\/marc-marquez-estoy-viviendo-sueno\/\" \/>\n<meta property=\"og:site_name\" content=\"Box Repsol\" \/>\n<meta property=\"article:publisher\" content=\"https:\/\/www.facebook.com\/BoxRepsol\" \/>\n<meta property=\"article:author\" content=\"https:\/\/www.facebook.com\/BoxRepsol\/\" \/>\n<meta property=\"article:published_time\" content=\"2017-11-12T02:00:00+00:00\" \/>\n<meta property=\"article:modified_time\" content=\"2025-11-14T10:19:53+00:00\" \/>\n<meta property=\"og:image\" content=\"https:\/\/www.boxrepsol.com\/wp-content\/uploads\/2022\/08\/Marquez-ganador-2017.jpg\" \/>\n\t<meta property=\"og:image:width\" content=\"995\" \/>\n\t<meta property=\"og:image:height\" content=\"560\" \/>\n\t<meta property=\"og:image:type\" content=\"image\/jpeg\" \/>\n<meta name=\"author\" content=\"Redacci\u00f3n Box Repsol\" \/>\n<meta name=\"twitter:card\" content=\"summary_large_image\" \/>\n<meta name=\"twitter:creator\" content=\"@https:\/\/twitter.com\/box_repsol\" \/>\n<meta name=\"twitter:site\" content=\"@box_repsol\" \/>\n<meta name=\"twitter:label1\" content=\"Written by\" \/>\n\t<meta name=\"twitter:data1\" content=\"Redacci\u00f3n Box Repsol\" \/>\n\t<meta name=\"twitter:label2\" content=\"Est. reading time\" \/>\n\t<meta name=\"twitter:data2\" content=\"3 minutos\" \/>\n<script type=\"application\/ld+json\" class=\"yoast-schema-graph\">{\"@context\":\"https:\\\/\\\/schema.org\",\"@graph\":[{\"@type\":\"Article\",\"@id\":\"https:\\\/\\\/www.boxrepsol.com\\\/es\\\/motogp\\\/marc-marquez-estoy-viviendo-sueno\\\/#article\",\"isPartOf\":{\"@id\":\"https:\\\/\\\/www.boxrepsol.com\\\/es\\\/motogp\\\/marc-marquez-estoy-viviendo-sueno\\\/\"},\"author\":{\"name\":\"Redacci\u00f3n Box Repsol\",\"@id\":\"https:\\\/\\\/www.boxrepsol.com\\\/es\\\/#\\\/schema\\\/person\\\/c5c2138f2cca251b0ad92b7086bb60b7\"},\"headline\":\"Marc M\u00e1rquez: \u00abEstoy viviendo un sue\u00f1o\u00bb\",\"datePublished\":\"2017-11-12T02:00:00+00:00\",\"dateModified\":\"2025-11-14T10:19:53+00:00\",\"mainEntityOfPage\":{\"@id\":\"https:\\\/\\\/www.boxrepsol.com\\\/es\\\/motogp\\\/marc-marquez-estoy-viviendo-sueno\\\/\"},\"wordCount\":649,\"commentCount\":0,\"publisher\":{\"@id\":\"https:\\\/\\\/www.boxrepsol.com\\\/es\\\/#organization\"},\"image\":{\"@id\":\"https:\\\/\\\/www.boxrepsol.com\\\/es\\\/motogp\\\/marc-marquez-estoy-viviendo-sueno\\\/#primaryimage\"},\"thumbnailUrl\":\"https:\\\/\\\/www.boxrepsol.com\\\/wp-content\\\/uploads\\\/2022\\\/08\\\/Marquez-ganador-2017.jpg\",\"keywords\":[\"Marc M\u00e1rquez\"],\"articleSection\":[\"MotoGP\"],\"inLanguage\":\"es\",\"potentialAction\":[{\"@type\":\"CommentAction\",\"name\":\"Comment\",\"target\":[\"https:\\\/\\\/www.boxrepsol.com\\\/es\\\/motogp\\\/marc-marquez-estoy-viviendo-sueno\\\/#respond\"]}]},{\"@type\":\"WebPage\",\"@id\":\"https:\\\/\\\/www.boxrepsol.com\\\/es\\\/motogp\\\/marc-marquez-estoy-viviendo-sueno\\\/\",\"url\":\"https:\\\/\\\/www.boxrepsol.com\\\/es\\\/motogp\\\/marc-marquez-estoy-viviendo-sueno\\\/\",\"name\":\"Marc M\u00e1rquez: \\\"Estoy viviendo un sue\u00f1o\\\" - Box Repsol\",\"isPartOf\":{\"@id\":\"https:\\\/\\\/www.boxrepsol.com\\\/es\\\/#website\"},\"primaryImageOfPage\":{\"@id\":\"https:\\\/\\\/www.boxrepsol.com\\\/es\\\/motogp\\\/marc-marquez-estoy-viviendo-sueno\\\/#primaryimage\"},\"image\":{\"@id\":\"https:\\\/\\\/www.boxrepsol.com\\\/es\\\/motogp\\\/marc-marquez-estoy-viviendo-sueno\\\/#primaryimage\"},\"thumbnailUrl\":\"https:\\\/\\\/www.boxrepsol.com\\\/wp-content\\\/uploads\\\/2022\\\/08\\\/Marquez-ganador-2017.jpg\",\"datePublished\":\"2017-11-12T02:00:00+00:00\",\"dateModified\":\"2025-11-14T10:19:53+00:00\",\"description\":\"Ahora quiero disfrutarlo con todo mi equipo y mi familia, y luego tendremos que empezar a trabajar para el a\u00f1o que viene.\",\"breadcrumb\":{\"@id\":\"https:\\\/\\\/www.boxrepsol.com\\\/es\\\/motogp\\\/marc-marquez-estoy-viviendo-sueno\\\/#breadcrumb\"},\"inLanguage\":\"es\",\"potentialAction\":[{\"@type\":\"ReadAction\",\"target\":[\"https:\\\/\\\/www.boxrepsol.com\\\/es\\\/motogp\\\/marc-marquez-estoy-viviendo-sueno\\\/\"]}]},{\"@type\":\"ImageObject\",\"inLanguage\":\"es\",\"@id\":\"https:\\\/\\\/www.boxrepsol.com\\\/es\\\/motogp\\\/marc-marquez-estoy-viviendo-sueno\\\/#primaryimage\",\"url\":\"https:\\\/\\\/www.boxrepsol.com\\\/wp-content\\\/uploads\\\/2022\\\/08\\\/Marquez-ganador-2017.jpg\",\"contentUrl\":\"https:\\\/\\\/www.boxrepsol.com\\\/wp-content\\\/uploads\\\/2022\\\/08\\\/Marquez-ganador-2017.jpg\",\"width\":995,\"height\":560,\"caption\":\"Marc M\u00e1rquez, Dani Pedrosa, MotoGP, Motociclismo, GP de Valencia, Cheste, Circuit Ricardo Tormo, 2017\"},{\"@type\":\"BreadcrumbList\",\"@id\":\"https:\\\/\\\/www.boxrepsol.com\\\/es\\\/motogp\\\/marc-marquez-estoy-viviendo-sueno\\\/#breadcrumb\",\"itemListElement\":[{\"@type\":\"ListItem\",\"position\":1,\"name\":\"Home\",\"item\":\"https:\\\/\\\/www.boxrepsol.com\\\/es\\\/\"},{\"@type\":\"ListItem\",\"position\":2,\"name\":\"Marc M\u00e1rquez: \u00abEstoy viviendo un sue\u00f1o\u00bb\"}]},{\"@type\":\"WebSite\",\"@id\":\"https:\\\/\\\/www.boxrepsol.com\\\/es\\\/#website\",\"url\":\"https:\\\/\\\/www.boxrepsol.com\\\/es\\\/\",\"name\":\"Box Repsol\",\"description\":\"Box Repsol Site\",\"publisher\":{\"@id\":\"https:\\\/\\\/www.boxrepsol.com\\\/es\\\/#organization\"},\"potentialAction\":[{\"@type\":\"SearchAction\",\"target\":{\"@type\":\"EntryPoint\",\"urlTemplate\":\"https:\\\/\\\/www.boxrepsol.com\\\/es\\\/?s={search_term_string}\"},\"query-input\":{\"@type\":\"PropertyValueSpecification\",\"valueRequired\":true,\"valueName\":\"search_term_string\"}}],\"inLanguage\":\"es\"},{\"@type\":\"Organization\",\"@id\":\"https:\\\/\\\/www.boxrepsol.com\\\/es\\\/#organization\",\"name\":\"Box Repsol\",\"url\":\"https:\\\/\\\/www.boxrepsol.com\\\/es\\\/\",\"logo\":{\"@type\":\"ImageObject\",\"inLanguage\":\"es\",\"@id\":\"https:\\\/\\\/www.boxrepsol.com\\\/es\\\/#\\\/schema\\\/logo\\\/image\\\/\",\"url\":\"https:\\\/\\\/bxrepsol.s3.eu-west-1.amazonaws.com\\\/static\\\/2025\\\/07\\\/30083337\\\/favicon-96x96-1.png\",\"contentUrl\":\"https:\\\/\\\/bxrepsol.s3.eu-west-1.amazonaws.com\\\/static\\\/2025\\\/07\\\/30083337\\\/favicon-96x96-1.png\",\"width\":96,\"height\":96,\"caption\":\"Box Repsol\"},\"image\":{\"@id\":\"https:\\\/\\\/www.boxrepsol.com\\\/es\\\/#\\\/schema\\\/logo\\\/image\\\/\"},\"sameAs\":[\"https:\\\/\\\/www.facebook.com\\\/BoxRepsol\",\"https:\\\/\\\/x.com\\\/box_repsol\",\"http:\\\/\\\/instagram.com\\\/box_repsol\",\"https:\\\/\\\/www.youtube.com\\\/user\\\/RepsolCompeticion\",\"https:\\\/\\\/www.flickr.com\\\/photos\\\/box_repsol\\\/\"]},{\"@type\":\"Person\",\"@id\":\"https:\\\/\\\/www.boxrepsol.com\\\/es\\\/#\\\/schema\\\/person\\\/c5c2138f2cca251b0ad92b7086bb60b7\",\"name\":\"Redacci\u00f3n Box Repsol\",\"image\":{\"@type\":\"ImageObject\",\"inLanguage\":\"es\",\"@id\":\"https:\\\/\\\/secure.gravatar.com\\\/avatar\\\/adf7b77e38b4419baf32c7e9c21dde01f4e40df611f0978e3006fc4ba0aaab7e?s=96&d=mm&r=g\",\"url\":\"https:\\\/\\\/secure.gravatar.com\\\/avatar\\\/adf7b77e38b4419baf32c7e9c21dde01f4e40df611f0978e3006fc4ba0aaab7e?s=96&d=mm&r=g\",\"contentUrl\":\"https:\\\/\\\/secure.gravatar.com\\\/avatar\\\/adf7b77e38b4419baf32c7e9c21dde01f4e40df611f0978e3006fc4ba0aaab7e?s=96&d=mm&r=g\",\"caption\":\"Redacci\u00f3n Box Repsol\"},\"description\":\"Box Repsol lo forma un equipo de periodistas, community managers, dise\u00f1adores y fot\u00f3grafos con m\u00e1s de 20 a\u00f1os de experiencia en el mundo del motorsport. Hemos vivido el primer mundial de un espa\u00f1ol en la categor\u00eda reina de motociclismo con \u00c1lex Crivill\u00e9, estuvimos en las victorias de Pedrosa y los t\u00edtulos de M\u00e1rquez, acompa\u00f1amos en \u00c1frica a Nani Roma y Marc Coma en sus conquistas del Dakar y hemos vibrado con los t\u00edtulos de Toni Bou en Trial. Adem\u00e1s, en nuestro equipo contamos con expertos en el mundo de las dos y cuatro ruedas tanto de la calle y las carreteras, como de los circuitos. Periodistas que han trabajado en revistas y publicaciones para hacerte llegar desde rutas y consejos de mantenimiento, a curiosidades y trucos de pilotaje.\",\"sameAs\":[\"https:\\\/\\\/www.facebook.com\\\/BoxRepsol\\\/\",\"https:\\\/\\\/www.instagram.com\\\/box_repsol\\\/\",\"https:\\\/\\\/x.com\\\/https:\\\/\\\/twitter.com\\\/box_repsol\",\"https:\\\/\\\/www.youtube.com\\\/@Boxrepsol\"],\"url\":\"https:\\\/\\\/www.boxrepsol.com\\\/es\\\/author\\\/redaccion-box-repsol\\\/\"}]}<\/script>\n<!-- \/ Yoast SEO plugin. -->","yoast_head_json":{"title":"Marc M\u00e1rquez: \"Estoy viviendo un sue\u00f1o\" - Box Repsol","description":"Ahora quiero disfrutarlo con todo mi equipo y mi familia, y luego tendremos que empezar a trabajar para el a\u00f1o que viene.","canonical":"https:\/\/www.boxrepsol.com\/es\/motogp\/marc-marquez-estoy-viviendo-sueno\/","og_locale":"es_ES","og_type":"article","og_title":"Marc M\u00e1rquez: \"Estoy viviendo un sue\u00f1o\" - Box Repsol","og_description":"Ahora quiero disfrutarlo con todo mi equipo y mi familia, y luego tendremos que empezar a trabajar para el a\u00f1o que viene.","og_url":"https:\/\/www.boxrepsol.com\/es\/motogp\/marc-marquez-estoy-viviendo-sueno\/","og_site_name":"Box Repsol","article_publisher":"https:\/\/www.facebook.com\/BoxRepsol","article_author":"https:\/\/www.facebook.com\/BoxRepsol\/","article_published_time":"2017-11-12T02:00:00+00:00","article_modified_time":"2025-11-14T10:19:53+00:00","og_image":[{"width":995,"height":560,"url":"https:\/\/www.boxrepsol.com\/wp-content\/uploads\/2022\/08\/Marquez-ganador-2017.jpg","type":"image\/jpeg"}],"author":"Redacci\u00f3n Box Repsol","twitter_card":"summary_large_image","twitter_creator":"@https:\/\/twitter.com\/box_repsol","twitter_site":"@box_repsol","twitter_misc":{"Written by":"Redacci\u00f3n Box Repsol","Est. reading time":"3 minutos"},"schema":{"@context":"https:\/\/schema.org","@graph":[{"@type":"Article","@id":"https:\/\/www.boxrepsol.com\/es\/motogp\/marc-marquez-estoy-viviendo-sueno\/#article","isPartOf":{"@id":"https:\/\/www.boxrepsol.com\/es\/motogp\/marc-marquez-estoy-viviendo-sueno\/"},"author":{"name":"Redacci\u00f3n Box Repsol","@id":"https:\/\/www.boxrepsol.com\/es\/#\/schema\/person\/c5c2138f2cca251b0ad92b7086bb60b7"},"headline":"Marc M\u00e1rquez: \u00abEstoy viviendo un sue\u00f1o\u00bb","datePublished":"2017-11-12T02:00:00+00:00","dateModified":"2025-11-14T10:19:53+00:00","mainEntityOfPage":{"@id":"https:\/\/www.boxrepsol.com\/es\/motogp\/marc-marquez-estoy-viviendo-sueno\/"},"wordCount":649,"commentCount":0,"publisher":{"@id":"https:\/\/www.boxrepsol.com\/es\/#organization"},"image":{"@id":"https:\/\/www.boxrepsol.com\/es\/motogp\/marc-marquez-estoy-viviendo-sueno\/#primaryimage"},"thumbnailUrl":"https:\/\/www.boxrepsol.com\/wp-content\/uploads\/2022\/08\/Marquez-ganador-2017.jpg","keywords":["Marc M\u00e1rquez"],"articleSection":["MotoGP"],"inLanguage":"es","potentialAction":[{"@type":"CommentAction","name":"Comment","target":["https:\/\/www.boxrepsol.com\/es\/motogp\/marc-marquez-estoy-viviendo-sueno\/#respond"]}]},{"@type":"WebPage","@id":"https:\/\/www.boxrepsol.com\/es\/motogp\/marc-marquez-estoy-viviendo-sueno\/","url":"https:\/\/www.boxrepsol.com\/es\/motogp\/marc-marquez-estoy-viviendo-sueno\/","name":"Marc M\u00e1rquez: \"Estoy viviendo un sue\u00f1o\" - Box Repsol","isPartOf":{"@id":"https:\/\/www.boxrepsol.com\/es\/#website"},"primaryImageOfPage":{"@id":"https:\/\/www.boxrepsol.com\/es\/motogp\/marc-marquez-estoy-viviendo-sueno\/#primaryimage"},"image":{"@id":"https:\/\/www.boxrepsol.com\/es\/motogp\/marc-marquez-estoy-viviendo-sueno\/#primaryimage"},"thumbnailUrl":"https:\/\/www.boxrepsol.com\/wp-content\/uploads\/2022\/08\/Marquez-ganador-2017.jpg","datePublished":"2017-11-12T02:00:00+00:00","dateModified":"2025-11-14T10:19:53+00:00","description":"Ahora quiero disfrutarlo con todo mi equipo y mi familia, y luego tendremos que empezar a trabajar para el a\u00f1o que viene.","breadcrumb":{"@id":"https:\/\/www.boxrepsol.com\/es\/motogp\/marc-marquez-estoy-viviendo-sueno\/#breadcrumb"},"inLanguage":"es","potentialAction":[{"@type":"ReadAction","target":["https:\/\/www.boxrepsol.com\/es\/motogp\/marc-marquez-estoy-viviendo-sueno\/"]}]},{"@type":"ImageObject","inLanguage":"es","@id":"https:\/\/www.boxrepsol.com\/es\/motogp\/marc-marquez-estoy-viviendo-sueno\/#primaryimage","url":"https:\/\/www.boxrepsol.com\/wp-content\/uploads\/2022\/08\/Marquez-ganador-2017.jpg","contentUrl":"https:\/\/www.boxrepsol.com\/wp-content\/uploads\/2022\/08\/Marquez-ganador-2017.jpg","width":995,"height":560,"caption":"Marc M\u00e1rquez, Dani Pedrosa, MotoGP, Motociclismo, GP de Valencia, Cheste, Circuit Ricardo Tormo, 2017"},{"@type":"BreadcrumbList","@id":"https:\/\/www.boxrepsol.com\/es\/motogp\/marc-marquez-estoy-viviendo-sueno\/#breadcrumb","itemListElement":[{"@type":"ListItem","position":1,"name":"Home","item":"https:\/\/www.boxrepsol.com\/es\/"},{"@type":"ListItem","position":2,"name":"Marc M\u00e1rquez: \u00abEstoy viviendo un sue\u00f1o\u00bb"}]},{"@type":"WebSite","@id":"https:\/\/www.boxrepsol.com\/es\/#website","url":"https:\/\/www.boxrepsol.com\/es\/","name":"Box Repsol","description":"Box Repsol Site","publisher":{"@id":"https:\/\/www.boxrepsol.com\/es\/#organization"},"potentialAction":[{"@type":"SearchAction","target":{"@type":"EntryPoint","urlTemplate":"https:\/\/www.boxrepsol.com\/es\/?s={search_term_string}"},"query-input":{"@type":"PropertyValueSpecification","valueRequired":true,"valueName":"search_term_string"}}],"inLanguage":"es"},{"@type":"Organization","@id":"https:\/\/www.boxrepsol.com\/es\/#organization","name":"Box Repsol","url":"https:\/\/www.boxrepsol.com\/es\/","logo":{"@type":"ImageObject","inLanguage":"es","@id":"https:\/\/www.boxrepsol.com\/es\/#\/schema\/logo\/image\/","url":"https:\/\/bxrepsol.s3.eu-west-1.amazonaws.com\/static\/2025\/07\/30083337\/favicon-96x96-1.png","contentUrl":"https:\/\/bxrepsol.s3.eu-west-1.amazonaws.com\/static\/2025\/07\/30083337\/favicon-96x96-1.png","width":96,"height":96,"caption":"Box Repsol"},"image":{"@id":"https:\/\/www.boxrepsol.com\/es\/#\/schema\/logo\/image\/"},"sameAs":["https:\/\/www.facebook.com\/BoxRepsol","https:\/\/x.com\/box_repsol","http:\/\/instagram.com\/box_repsol","https:\/\/www.youtube.com\/user\/RepsolCompeticion","https:\/\/www.flickr.com\/photos\/box_repsol\/"]},{"@type":"Person","@id":"https:\/\/www.boxrepsol.com\/es\/#\/schema\/person\/c5c2138f2cca251b0ad92b7086bb60b7","name":"Redacci\u00f3n Box Repsol","image":{"@type":"ImageObject","inLanguage":"es","@id":"https:\/\/secure.gravatar.com\/avatar\/adf7b77e38b4419baf32c7e9c21dde01f4e40df611f0978e3006fc4ba0aaab7e?s=96&d=mm&r=g","url":"https:\/\/secure.gravatar.com\/avatar\/adf7b77e38b4419baf32c7e9c21dde01f4e40df611f0978e3006fc4ba0aaab7e?s=96&d=mm&r=g","contentUrl":"https:\/\/secure.gravatar.com\/avatar\/adf7b77e38b4419baf32c7e9c21dde01f4e40df611f0978e3006fc4ba0aaab7e?s=96&d=mm&r=g","caption":"Redacci\u00f3n Box Repsol"},"description":"Box Repsol lo forma un equipo de periodistas, community managers, dise\u00f1adores y fot\u00f3grafos con m\u00e1s de 20 a\u00f1os de experiencia en el mundo del motorsport. Hemos vivido el primer mundial de un espa\u00f1ol en la categor\u00eda reina de motociclismo con \u00c1lex Crivill\u00e9, estuvimos en las victorias de Pedrosa y los t\u00edtulos de M\u00e1rquez, acompa\u00f1amos en \u00c1frica a Nani Roma y Marc Coma en sus conquistas del Dakar y hemos vibrado con los t\u00edtulos de Toni Bou en Trial. Adem\u00e1s, en nuestro equipo contamos con expertos en el mundo de las dos y cuatro ruedas tanto de la calle y las carreteras, como de los circuitos. Periodistas que han trabajado en revistas y publicaciones para hacerte llegar desde rutas y consejos de mantenimiento, a curiosidades y trucos de pilotaje.","sameAs":["https:\/\/www.facebook.com\/BoxRepsol\/","https:\/\/www.instagram.com\/box_repsol\/","https:\/\/x.com\/https:\/\/twitter.com\/box_repsol","https:\/\/www.youtube.com\/@Boxrepsol"],"url":"https:\/\/www.boxrepsol.com\/es\/author\/redaccion-box-repsol\/"}]}},"_links":{"self":[{"href":"https:\/\/www.boxrepsol.com\/es\/wp-json\/wp\/v2\/posts\/91985","targetHints":{"allow":["GET"]}}],"collection":[{"href":"https:\/\/www.boxrepsol.com\/es\/wp-json\/wp\/v2\/posts"}],"about":[{"href":"https:\/\/www.boxrepsol.com\/es\/wp-json\/wp\/v2\/types\/post"}],"author":[{"embeddable":true,"href":"https:\/\/www.boxrepsol.com\/es\/wp-json\/wp\/v2\/users\/43146"}],"replies":[{"embeddable":true,"href":"https:\/\/www.boxrepsol.com\/es\/wp-json\/wp\/v2\/comments?post=91985"}],"version-history":[{"count":1,"href":"https:\/\/www.boxrepsol.com\/es\/wp-json\/wp\/v2\/posts\/91985\/revisions"}],"predecessor-version":[{"id":116360,"href":"https:\/\/www.boxrepsol.com\/es\/wp-json\/wp\/v2\/posts\/91985\/revisions\/116360"}],"wp:featuredmedia":[{"embeddable":true,"href":"https:\/\/www.boxrepsol.com\/es\/wp-json\/wp\/v2\/media\/87162"}],"wp:attachment":[{"href":"https:\/\/www.boxrepsol.com\/es\/wp-json\/wp\/v2\/media?parent=91985"}],"wp:term":[{"taxonomy":"category","embeddable":true,"href":"https:\/\/www.boxrepsol.com\/es\/wp-json\/wp\/v2\/categories?post=91985"},{"taxonomy":"post_tag","embeddable":true,"href":"https:\/\/www.boxrepsol.com\/es\/wp-json\/wp\/v2\/tags?post=91985"}],"curies":[{"name":"wp","href":"https:\/\/api.w.org\/{rel}","templated":true}]}}