{"id":91981,"date":"2017-11-11T00:00:00","date_gmt":"2017-11-11T02:00:00","guid":{"rendered":"http:\/\/pre.boxrepsol.com\/sin-categorizar\/marc-marquez-saldra-desde-la-pole-la-ultima-carrera-del-ano\/"},"modified":"2024-05-21T06:34:42","modified_gmt":"2024-05-21T08:34:42","slug":"marc-marquez-saldra-desde-la-pole-la-ultima-carrera-del-ano","status":"publish","type":"post","link":"https:\/\/www.boxrepsol.com\/es\/motogp\/marc-marquez-saldra-desde-la-pole-la-ultima-carrera-del-ano\/","title":{"rendered":"Marc M\u00e1rquez saldr\u00e1 desde la \u2018pole\u2019 en la \u00faltima carrera del a\u00f1o"},"content":{"rendered":"<blockquote>\n<p>La salida es muy importante en este circuit<\/p>\n<p>            <a href=\"http:\/\/twitter.com\/share?text=La+salida+es+muy+importante+en+este+circuit&#038;url=https%3A%2F%2Fwww.boxrepsol.com%2Fes%2F%3Fp%3D14441%2F&#038;hashtags=\" target=\"_blank\" data-datalayer='{\"event\": \"socialInteraction\", \"socialNetwork\": \"Twitter\", \"socialAction\": \"Compartir\", \"socialTarget\": \"Frase\"}' rel=\"noopener\"><br \/>\n            twittear        <\/a><\/p>\n<footer>Marc M\u00e1rquez<\/footer>\n<\/blockquote>\n<p><strong>Marc M\u00e1rquez<\/strong> ha liderado toda la segunda jornada de entrenamientos del Gran Premio de la Comunitat Valenciana: ha sido el m\u00e1s r\u00e1pido en el FP3, el FP4 y en la Q2.<\/p>\n<p>El l\u00edder del Mundial suma 73 poles en su carrera \u2013ocho esta temporada\u2013 y es la tercera vez que logra el mejor tiempo en el Circuit Ricardo Tormo, donde lleva cinco a\u00f1os seguidos terminando en el podio \u2013dos victorias, dos segundos y un tercero\u2013.<\/p>\n<p><strong>Dani Pedrosa<\/strong> ha logrado el quinto mejor tiempo del d\u00eda en la Q2, tras ser noveno en el FP3 y tercero en el FP4.<\/p>\n<h3>\n\t\tMarc M\u00e1rquez<br \/>\n\t<\/h3>\n<blockquote>\n<p>Estoy muy contento de haber conseguido el objetivo de estar delante, porque la salida es muy importante en este circuito. He tenido una ca\u00edda en el entrenamiento cronometrado y me he enfadado, aunque s\u00f3lo durante unos minutos. El hecho es que no me he encontrado del todo c\u00f3modo con el tren delantero en la curva 4 en mi primera vuelta lanzada y, cuando se lo he comentado a Santi [Hern\u00e1ndez], antes de salir a la segunda tanda me ha dicho que vigilase en ese punto. Pero he seguido empujando porque sab\u00eda que ten\u00eda que hacerlo si quer\u00eda intentar ir m\u00e1s r\u00e1pido. Y me he ca\u00eddo. Como dije el jueves, el \u2018estilo M\u00e1rquez\u2019 est\u00e1 bien hasta el warm-up, porque quer\u00eda seguir igual que siempre e ir fuerte durante los entrenamientos. Lo m\u00e1s importante es que hemos trabajado bien y tenemos un buen ritmo con neum\u00e1ticos gastados. Para la carrera de ma\u00f1ana tendremos que hacer un cambio. Tendremos que ver d\u00f3nde est\u00e1 Dovizioso, d\u00f3nde podemos llegar y hacerlo lo mejor posible<\/p>\n<\/blockquote>\n<h3>\n\t\tDani Pedrosa<br \/>\n\t<\/h3>\n<blockquote>\n<p>Este fin de semana hemos trabajado mucho en el ritmo, pero todav\u00eda tenemos que acabar de escoger el neum\u00e1tico para la carrera, porque la temperatura puede cambiar y tendremos que esperar y ver qu\u00e9 pasa. El entrenamiento cronometrado no ha ido tan bien como nos hubiera gustado, porque no he podido hacer la vuelta perfecta y en mi vuelta r\u00e1pida he encontrado algo de tr\u00e1fico. De todos modos, salimos desde la quinta posici\u00f3n, pero intentaremos hacer una buena salida y estar en el grupo delantero desde el principio. Hay varios pilotos con buen ritmo, Marc [M\u00e1rquez], Lorenzo y algunos otros, pero en carrera tenemos que ver la estrategia de cada uno de ellos, en funci\u00f3n de su elecci\u00f3n de neum\u00e1ticos. Por supuesto que daremos el cien por cien, porque ser\u00eda fant\u00e1stico terminar la temporada con un buen resultado<\/p>\n<\/blockquote>\n","protected":false},"excerpt":{"rendered":"<p>La salida es muy importante en este circuit twittear Marc M\u00e1rquez Marc M\u00e1rquez ha liderado toda la segunda jornada de entrenamientos del Gran Premio de la Comunitat Valenciana: ha sido el m\u00e1s r\u00e1pido en el FP3, el FP4 y en la Q2. El l\u00edder del Mundial suma 73 poles en su carrera \u2013ocho esta temporada\u2013 [&hellip;]<\/p>\n","protected":false},"author":43146,"featured_media":87155,"comment_status":"open","ping_status":"open","sticky":false,"template":"","format":"standard","meta":{"footnotes":""},"categories":[4],"tags":[137],"class_list":["post-91981","post","type-post","status-publish","format-standard","hentry","category-motogp","tag-motogp-valencia"],"yoast_head":"<!-- This site is optimized with the Yoast SEO plugin v27.3 - https:\/\/yoast.com\/product\/yoast-seo-wordpress\/ -->\n<title>Marc M\u00e1rquez saldr\u00e1 desde la \u2018pole\u2019 en la \u00faltima carrera del a\u00f1o - Box Repsol<\/title>\n<meta name=\"description\" content=\"El piloto del equipo Repsol Honda logra el mejor tiempo de los entrenamientos por 73\u00aa vez en su carrera. Dani Pedrosa saldr\u00e1 desde la segunda fila.\" \/>\n<link rel=\"canonical\" href=\"https:\/\/www.boxrepsol.com\/es\/motogp\/marc-marquez-saldra-desde-la-pole-la-ultima-carrera-del-ano\/\" \/>\n<meta property=\"og:locale\" content=\"es_ES\" \/>\n<meta property=\"og:type\" content=\"article\" \/>\n<meta property=\"og:title\" content=\"Marc M\u00e1rquez saldr\u00e1 desde la \u2018pole\u2019 en la \u00faltima carrera del a\u00f1o - Box Repsol\" \/>\n<meta property=\"og:description\" content=\"El piloto del equipo Repsol Honda logra el mejor tiempo de los entrenamientos por 73\u00aa vez en su carrera. Dani Pedrosa saldr\u00e1 desde la segunda fila.\" \/>\n<meta property=\"og:url\" content=\"https:\/\/www.boxrepsol.com\/es\/motogp\/marc-marquez-saldra-desde-la-pole-la-ultima-carrera-del-ano\/\" \/>\n<meta property=\"og:site_name\" content=\"Box Repsol\" \/>\n<meta property=\"article:publisher\" content=\"https:\/\/www.facebook.com\/BoxRepsol\" \/>\n<meta property=\"article:author\" content=\"https:\/\/www.facebook.com\/BoxRepsol\/\" \/>\n<meta property=\"article:published_time\" content=\"2017-11-11T02:00:00+00:00\" \/>\n<meta property=\"article:modified_time\" content=\"2024-05-21T08:34:42+00:00\" \/>\n<meta property=\"og:image\" content=\"https:\/\/www.boxrepsol.com\/wp-content\/uploads\/2022\/08\/Marquez-tras-la-pole-en-Valencia-2017.jpg\" \/>\n\t<meta property=\"og:image:width\" content=\"995\" \/>\n\t<meta property=\"og:image:height\" content=\"560\" \/>\n\t<meta property=\"og:image:type\" content=\"image\/jpeg\" \/>\n<meta name=\"author\" content=\"Redacci\u00f3n Box Repsol\" \/>\n<meta name=\"twitter:card\" content=\"summary_large_image\" \/>\n<meta name=\"twitter:creator\" content=\"@https:\/\/twitter.com\/box_repsol\" \/>\n<meta name=\"twitter:site\" content=\"@box_repsol\" \/>\n<meta name=\"twitter:label1\" content=\"Written by\" \/>\n\t<meta name=\"twitter:data1\" content=\"Redacci\u00f3n Box Repsol\" \/>\n\t<meta name=\"twitter:label2\" content=\"Est. reading time\" \/>\n\t<meta name=\"twitter:data2\" content=\"2 minutos\" \/>\n<script type=\"application\/ld+json\" class=\"yoast-schema-graph\">{\"@context\":\"https:\\\/\\\/schema.org\",\"@graph\":[{\"@type\":\"Article\",\"@id\":\"https:\\\/\\\/www.boxrepsol.com\\\/es\\\/motogp\\\/marc-marquez-saldra-desde-la-pole-la-ultima-carrera-del-ano\\\/#article\",\"isPartOf\":{\"@id\":\"https:\\\/\\\/www.boxrepsol.com\\\/es\\\/motogp\\\/marc-marquez-saldra-desde-la-pole-la-ultima-carrera-del-ano\\\/\"},\"author\":{\"name\":\"Redacci\u00f3n Box Repsol\",\"@id\":\"https:\\\/\\\/www.boxrepsol.com\\\/es\\\/#\\\/schema\\\/person\\\/c5c2138f2cca251b0ad92b7086bb60b7\"},\"headline\":\"Marc M\u00e1rquez saldr\u00e1 desde la \u2018pole\u2019 en la \u00faltima carrera del a\u00f1o\",\"datePublished\":\"2017-11-11T02:00:00+00:00\",\"dateModified\":\"2024-05-21T08:34:42+00:00\",\"mainEntityOfPage\":{\"@id\":\"https:\\\/\\\/www.boxrepsol.com\\\/es\\\/motogp\\\/marc-marquez-saldra-desde-la-pole-la-ultima-carrera-del-ano\\\/\"},\"wordCount\":469,\"commentCount\":0,\"publisher\":{\"@id\":\"https:\\\/\\\/www.boxrepsol.com\\\/es\\\/#organization\"},\"image\":{\"@id\":\"https:\\\/\\\/www.boxrepsol.com\\\/es\\\/motogp\\\/marc-marquez-saldra-desde-la-pole-la-ultima-carrera-del-ano\\\/#primaryimage\"},\"thumbnailUrl\":\"https:\\\/\\\/www.boxrepsol.com\\\/wp-content\\\/uploads\\\/2022\\\/08\\\/Marquez-tras-la-pole-en-Valencia-2017.jpg\",\"keywords\":[\"MotoGP Valencia\"],\"articleSection\":[\"MotoGP\"],\"inLanguage\":\"es\",\"potentialAction\":[{\"@type\":\"CommentAction\",\"name\":\"Comment\",\"target\":[\"https:\\\/\\\/www.boxrepsol.com\\\/es\\\/motogp\\\/marc-marquez-saldra-desde-la-pole-la-ultima-carrera-del-ano\\\/#respond\"]}]},{\"@type\":\"WebPage\",\"@id\":\"https:\\\/\\\/www.boxrepsol.com\\\/es\\\/motogp\\\/marc-marquez-saldra-desde-la-pole-la-ultima-carrera-del-ano\\\/\",\"url\":\"https:\\\/\\\/www.boxrepsol.com\\\/es\\\/motogp\\\/marc-marquez-saldra-desde-la-pole-la-ultima-carrera-del-ano\\\/\",\"name\":\"Marc M\u00e1rquez saldr\u00e1 desde la \u2018pole\u2019 en la \u00faltima carrera del a\u00f1o - Box Repsol\",\"isPartOf\":{\"@id\":\"https:\\\/\\\/www.boxrepsol.com\\\/es\\\/#website\"},\"primaryImageOfPage\":{\"@id\":\"https:\\\/\\\/www.boxrepsol.com\\\/es\\\/motogp\\\/marc-marquez-saldra-desde-la-pole-la-ultima-carrera-del-ano\\\/#primaryimage\"},\"image\":{\"@id\":\"https:\\\/\\\/www.boxrepsol.com\\\/es\\\/motogp\\\/marc-marquez-saldra-desde-la-pole-la-ultima-carrera-del-ano\\\/#primaryimage\"},\"thumbnailUrl\":\"https:\\\/\\\/www.boxrepsol.com\\\/wp-content\\\/uploads\\\/2022\\\/08\\\/Marquez-tras-la-pole-en-Valencia-2017.jpg\",\"datePublished\":\"2017-11-11T02:00:00+00:00\",\"dateModified\":\"2024-05-21T08:34:42+00:00\",\"description\":\"El piloto del equipo Repsol Honda logra el mejor tiempo de los entrenamientos por 73\u00aa vez en su carrera. Dani Pedrosa saldr\u00e1 desde la segunda fila.\",\"breadcrumb\":{\"@id\":\"https:\\\/\\\/www.boxrepsol.com\\\/es\\\/motogp\\\/marc-marquez-saldra-desde-la-pole-la-ultima-carrera-del-ano\\\/#breadcrumb\"},\"inLanguage\":\"es\",\"potentialAction\":[{\"@type\":\"ReadAction\",\"target\":[\"https:\\\/\\\/www.boxrepsol.com\\\/es\\\/motogp\\\/marc-marquez-saldra-desde-la-pole-la-ultima-carrera-del-ano\\\/\"]}]},{\"@type\":\"ImageObject\",\"inLanguage\":\"es\",\"@id\":\"https:\\\/\\\/www.boxrepsol.com\\\/es\\\/motogp\\\/marc-marquez-saldra-desde-la-pole-la-ultima-carrera-del-ano\\\/#primaryimage\",\"url\":\"https:\\\/\\\/www.boxrepsol.com\\\/wp-content\\\/uploads\\\/2022\\\/08\\\/Marquez-tras-la-pole-en-Valencia-2017.jpg\",\"contentUrl\":\"https:\\\/\\\/www.boxrepsol.com\\\/wp-content\\\/uploads\\\/2022\\\/08\\\/Marquez-tras-la-pole-en-Valencia-2017.jpg\",\"width\":995,\"height\":560,\"caption\":\"Marc M\u00e1rquez, Dani Pedrosa, MotoGP, Motociclismo, GP de Valencia, Cheste, Circuit Ricardo Tormo, 2017\"},{\"@type\":\"BreadcrumbList\",\"@id\":\"https:\\\/\\\/www.boxrepsol.com\\\/es\\\/motogp\\\/marc-marquez-saldra-desde-la-pole-la-ultima-carrera-del-ano\\\/#breadcrumb\",\"itemListElement\":[{\"@type\":\"ListItem\",\"position\":1,\"name\":\"Home\",\"item\":\"https:\\\/\\\/www.boxrepsol.com\\\/es\\\/\"},{\"@type\":\"ListItem\",\"position\":2,\"name\":\"Marc M\u00e1rquez saldr\u00e1 desde la \u2018pole\u2019 en la \u00faltima carrera del a\u00f1o\"}]},{\"@type\":\"WebSite\",\"@id\":\"https:\\\/\\\/www.boxrepsol.com\\\/es\\\/#website\",\"url\":\"https:\\\/\\\/www.boxrepsol.com\\\/es\\\/\",\"name\":\"Box Repsol\",\"description\":\"Box Repsol Site\",\"publisher\":{\"@id\":\"https:\\\/\\\/www.boxrepsol.com\\\/es\\\/#organization\"},\"potentialAction\":[{\"@type\":\"SearchAction\",\"target\":{\"@type\":\"EntryPoint\",\"urlTemplate\":\"https:\\\/\\\/www.boxrepsol.com\\\/es\\\/?s={search_term_string}\"},\"query-input\":{\"@type\":\"PropertyValueSpecification\",\"valueRequired\":true,\"valueName\":\"search_term_string\"}}],\"inLanguage\":\"es\"},{\"@type\":\"Organization\",\"@id\":\"https:\\\/\\\/www.boxrepsol.com\\\/es\\\/#organization\",\"name\":\"Box Repsol\",\"url\":\"https:\\\/\\\/www.boxrepsol.com\\\/es\\\/\",\"logo\":{\"@type\":\"ImageObject\",\"inLanguage\":\"es\",\"@id\":\"https:\\\/\\\/www.boxrepsol.com\\\/es\\\/#\\\/schema\\\/logo\\\/image\\\/\",\"url\":\"https:\\\/\\\/bxrepsol.s3.eu-west-1.amazonaws.com\\\/static\\\/2025\\\/07\\\/30083337\\\/favicon-96x96-1.png\",\"contentUrl\":\"https:\\\/\\\/bxrepsol.s3.eu-west-1.amazonaws.com\\\/static\\\/2025\\\/07\\\/30083337\\\/favicon-96x96-1.png\",\"width\":96,\"height\":96,\"caption\":\"Box Repsol\"},\"image\":{\"@id\":\"https:\\\/\\\/www.boxrepsol.com\\\/es\\\/#\\\/schema\\\/logo\\\/image\\\/\"},\"sameAs\":[\"https:\\\/\\\/www.facebook.com\\\/BoxRepsol\",\"https:\\\/\\\/x.com\\\/box_repsol\",\"http:\\\/\\\/instagram.com\\\/box_repsol\",\"https:\\\/\\\/www.youtube.com\\\/user\\\/RepsolCompeticion\",\"https:\\\/\\\/www.flickr.com\\\/photos\\\/box_repsol\\\/\"]},{\"@type\":\"Person\",\"@id\":\"https:\\\/\\\/www.boxrepsol.com\\\/es\\\/#\\\/schema\\\/person\\\/c5c2138f2cca251b0ad92b7086bb60b7\",\"name\":\"Redacci\u00f3n Box Repsol\",\"image\":{\"@type\":\"ImageObject\",\"inLanguage\":\"es\",\"@id\":\"https:\\\/\\\/secure.gravatar.com\\\/avatar\\\/adf7b77e38b4419baf32c7e9c21dde01f4e40df611f0978e3006fc4ba0aaab7e?s=96&d=mm&r=g\",\"url\":\"https:\\\/\\\/secure.gravatar.com\\\/avatar\\\/adf7b77e38b4419baf32c7e9c21dde01f4e40df611f0978e3006fc4ba0aaab7e?s=96&d=mm&r=g\",\"contentUrl\":\"https:\\\/\\\/secure.gravatar.com\\\/avatar\\\/adf7b77e38b4419baf32c7e9c21dde01f4e40df611f0978e3006fc4ba0aaab7e?s=96&d=mm&r=g\",\"caption\":\"Redacci\u00f3n Box Repsol\"},\"description\":\"Box Repsol lo forma un equipo de periodistas, community managers, dise\u00f1adores y fot\u00f3grafos con m\u00e1s de 20 a\u00f1os de experiencia en el mundo del motorsport. Hemos vivido el primer mundial de un espa\u00f1ol en la categor\u00eda reina de motociclismo con \u00c1lex Crivill\u00e9, estuvimos en las victorias de Pedrosa y los t\u00edtulos de M\u00e1rquez, acompa\u00f1amos en \u00c1frica a Nani Roma y Marc Coma en sus conquistas del Dakar y hemos vibrado con los t\u00edtulos de Toni Bou en Trial. Adem\u00e1s, en nuestro equipo contamos con expertos en el mundo de las dos y cuatro ruedas tanto de la calle y las carreteras, como de los circuitos. Periodistas que han trabajado en revistas y publicaciones para hacerte llegar desde rutas y consejos de mantenimiento, a curiosidades y trucos de pilotaje.\",\"sameAs\":[\"https:\\\/\\\/www.facebook.com\\\/BoxRepsol\\\/\",\"https:\\\/\\\/www.instagram.com\\\/box_repsol\\\/\",\"https:\\\/\\\/x.com\\\/https:\\\/\\\/twitter.com\\\/box_repsol\",\"https:\\\/\\\/www.youtube.com\\\/@Boxrepsol\"],\"url\":\"https:\\\/\\\/www.boxrepsol.com\\\/es\\\/author\\\/redaccion-box-repsol\\\/\"}]}<\/script>\n<!-- \/ Yoast SEO plugin. -->","yoast_head_json":{"title":"Marc M\u00e1rquez saldr\u00e1 desde la \u2018pole\u2019 en la \u00faltima carrera del a\u00f1o - Box Repsol","description":"El piloto del equipo Repsol Honda logra el mejor tiempo de los entrenamientos por 73\u00aa vez en su carrera. Dani Pedrosa saldr\u00e1 desde la segunda fila.","canonical":"https:\/\/www.boxrepsol.com\/es\/motogp\/marc-marquez-saldra-desde-la-pole-la-ultima-carrera-del-ano\/","og_locale":"es_ES","og_type":"article","og_title":"Marc M\u00e1rquez saldr\u00e1 desde la \u2018pole\u2019 en la \u00faltima carrera del a\u00f1o - Box Repsol","og_description":"El piloto del equipo Repsol Honda logra el mejor tiempo de los entrenamientos por 73\u00aa vez en su carrera. Dani Pedrosa saldr\u00e1 desde la segunda fila.","og_url":"https:\/\/www.boxrepsol.com\/es\/motogp\/marc-marquez-saldra-desde-la-pole-la-ultima-carrera-del-ano\/","og_site_name":"Box Repsol","article_publisher":"https:\/\/www.facebook.com\/BoxRepsol","article_author":"https:\/\/www.facebook.com\/BoxRepsol\/","article_published_time":"2017-11-11T02:00:00+00:00","article_modified_time":"2024-05-21T08:34:42+00:00","og_image":[{"width":995,"height":560,"url":"https:\/\/www.boxrepsol.com\/wp-content\/uploads\/2022\/08\/Marquez-tras-la-pole-en-Valencia-2017.jpg","type":"image\/jpeg"}],"author":"Redacci\u00f3n Box Repsol","twitter_card":"summary_large_image","twitter_creator":"@https:\/\/twitter.com\/box_repsol","twitter_site":"@box_repsol","twitter_misc":{"Written by":"Redacci\u00f3n Box Repsol","Est. reading time":"2 minutos"},"schema":{"@context":"https:\/\/schema.org","@graph":[{"@type":"Article","@id":"https:\/\/www.boxrepsol.com\/es\/motogp\/marc-marquez-saldra-desde-la-pole-la-ultima-carrera-del-ano\/#article","isPartOf":{"@id":"https:\/\/www.boxrepsol.com\/es\/motogp\/marc-marquez-saldra-desde-la-pole-la-ultima-carrera-del-ano\/"},"author":{"name":"Redacci\u00f3n Box Repsol","@id":"https:\/\/www.boxrepsol.com\/es\/#\/schema\/person\/c5c2138f2cca251b0ad92b7086bb60b7"},"headline":"Marc M\u00e1rquez saldr\u00e1 desde la \u2018pole\u2019 en la \u00faltima carrera del a\u00f1o","datePublished":"2017-11-11T02:00:00+00:00","dateModified":"2024-05-21T08:34:42+00:00","mainEntityOfPage":{"@id":"https:\/\/www.boxrepsol.com\/es\/motogp\/marc-marquez-saldra-desde-la-pole-la-ultima-carrera-del-ano\/"},"wordCount":469,"commentCount":0,"publisher":{"@id":"https:\/\/www.boxrepsol.com\/es\/#organization"},"image":{"@id":"https:\/\/www.boxrepsol.com\/es\/motogp\/marc-marquez-saldra-desde-la-pole-la-ultima-carrera-del-ano\/#primaryimage"},"thumbnailUrl":"https:\/\/www.boxrepsol.com\/wp-content\/uploads\/2022\/08\/Marquez-tras-la-pole-en-Valencia-2017.jpg","keywords":["MotoGP Valencia"],"articleSection":["MotoGP"],"inLanguage":"es","potentialAction":[{"@type":"CommentAction","name":"Comment","target":["https:\/\/www.boxrepsol.com\/es\/motogp\/marc-marquez-saldra-desde-la-pole-la-ultima-carrera-del-ano\/#respond"]}]},{"@type":"WebPage","@id":"https:\/\/www.boxrepsol.com\/es\/motogp\/marc-marquez-saldra-desde-la-pole-la-ultima-carrera-del-ano\/","url":"https:\/\/www.boxrepsol.com\/es\/motogp\/marc-marquez-saldra-desde-la-pole-la-ultima-carrera-del-ano\/","name":"Marc M\u00e1rquez saldr\u00e1 desde la \u2018pole\u2019 en la \u00faltima carrera del a\u00f1o - Box Repsol","isPartOf":{"@id":"https:\/\/www.boxrepsol.com\/es\/#website"},"primaryImageOfPage":{"@id":"https:\/\/www.boxrepsol.com\/es\/motogp\/marc-marquez-saldra-desde-la-pole-la-ultima-carrera-del-ano\/#primaryimage"},"image":{"@id":"https:\/\/www.boxrepsol.com\/es\/motogp\/marc-marquez-saldra-desde-la-pole-la-ultima-carrera-del-ano\/#primaryimage"},"thumbnailUrl":"https:\/\/www.boxrepsol.com\/wp-content\/uploads\/2022\/08\/Marquez-tras-la-pole-en-Valencia-2017.jpg","datePublished":"2017-11-11T02:00:00+00:00","dateModified":"2024-05-21T08:34:42+00:00","description":"El piloto del equipo Repsol Honda logra el mejor tiempo de los entrenamientos por 73\u00aa vez en su carrera. Dani Pedrosa saldr\u00e1 desde la segunda fila.","breadcrumb":{"@id":"https:\/\/www.boxrepsol.com\/es\/motogp\/marc-marquez-saldra-desde-la-pole-la-ultima-carrera-del-ano\/#breadcrumb"},"inLanguage":"es","potentialAction":[{"@type":"ReadAction","target":["https:\/\/www.boxrepsol.com\/es\/motogp\/marc-marquez-saldra-desde-la-pole-la-ultima-carrera-del-ano\/"]}]},{"@type":"ImageObject","inLanguage":"es","@id":"https:\/\/www.boxrepsol.com\/es\/motogp\/marc-marquez-saldra-desde-la-pole-la-ultima-carrera-del-ano\/#primaryimage","url":"https:\/\/www.boxrepsol.com\/wp-content\/uploads\/2022\/08\/Marquez-tras-la-pole-en-Valencia-2017.jpg","contentUrl":"https:\/\/www.boxrepsol.com\/wp-content\/uploads\/2022\/08\/Marquez-tras-la-pole-en-Valencia-2017.jpg","width":995,"height":560,"caption":"Marc M\u00e1rquez, Dani Pedrosa, MotoGP, Motociclismo, GP de Valencia, Cheste, Circuit Ricardo Tormo, 2017"},{"@type":"BreadcrumbList","@id":"https:\/\/www.boxrepsol.com\/es\/motogp\/marc-marquez-saldra-desde-la-pole-la-ultima-carrera-del-ano\/#breadcrumb","itemListElement":[{"@type":"ListItem","position":1,"name":"Home","item":"https:\/\/www.boxrepsol.com\/es\/"},{"@type":"ListItem","position":2,"name":"Marc M\u00e1rquez saldr\u00e1 desde la \u2018pole\u2019 en la \u00faltima carrera del a\u00f1o"}]},{"@type":"WebSite","@id":"https:\/\/www.boxrepsol.com\/es\/#website","url":"https:\/\/www.boxrepsol.com\/es\/","name":"Box Repsol","description":"Box Repsol Site","publisher":{"@id":"https:\/\/www.boxrepsol.com\/es\/#organization"},"potentialAction":[{"@type":"SearchAction","target":{"@type":"EntryPoint","urlTemplate":"https:\/\/www.boxrepsol.com\/es\/?s={search_term_string}"},"query-input":{"@type":"PropertyValueSpecification","valueRequired":true,"valueName":"search_term_string"}}],"inLanguage":"es"},{"@type":"Organization","@id":"https:\/\/www.boxrepsol.com\/es\/#organization","name":"Box Repsol","url":"https:\/\/www.boxrepsol.com\/es\/","logo":{"@type":"ImageObject","inLanguage":"es","@id":"https:\/\/www.boxrepsol.com\/es\/#\/schema\/logo\/image\/","url":"https:\/\/bxrepsol.s3.eu-west-1.amazonaws.com\/static\/2025\/07\/30083337\/favicon-96x96-1.png","contentUrl":"https:\/\/bxrepsol.s3.eu-west-1.amazonaws.com\/static\/2025\/07\/30083337\/favicon-96x96-1.png","width":96,"height":96,"caption":"Box Repsol"},"image":{"@id":"https:\/\/www.boxrepsol.com\/es\/#\/schema\/logo\/image\/"},"sameAs":["https:\/\/www.facebook.com\/BoxRepsol","https:\/\/x.com\/box_repsol","http:\/\/instagram.com\/box_repsol","https:\/\/www.youtube.com\/user\/RepsolCompeticion","https:\/\/www.flickr.com\/photos\/box_repsol\/"]},{"@type":"Person","@id":"https:\/\/www.boxrepsol.com\/es\/#\/schema\/person\/c5c2138f2cca251b0ad92b7086bb60b7","name":"Redacci\u00f3n Box Repsol","image":{"@type":"ImageObject","inLanguage":"es","@id":"https:\/\/secure.gravatar.com\/avatar\/adf7b77e38b4419baf32c7e9c21dde01f4e40df611f0978e3006fc4ba0aaab7e?s=96&d=mm&r=g","url":"https:\/\/secure.gravatar.com\/avatar\/adf7b77e38b4419baf32c7e9c21dde01f4e40df611f0978e3006fc4ba0aaab7e?s=96&d=mm&r=g","contentUrl":"https:\/\/secure.gravatar.com\/avatar\/adf7b77e38b4419baf32c7e9c21dde01f4e40df611f0978e3006fc4ba0aaab7e?s=96&d=mm&r=g","caption":"Redacci\u00f3n Box Repsol"},"description":"Box Repsol lo forma un equipo de periodistas, community managers, dise\u00f1adores y fot\u00f3grafos con m\u00e1s de 20 a\u00f1os de experiencia en el mundo del motorsport. Hemos vivido el primer mundial de un espa\u00f1ol en la categor\u00eda reina de motociclismo con \u00c1lex Crivill\u00e9, estuvimos en las victorias de Pedrosa y los t\u00edtulos de M\u00e1rquez, acompa\u00f1amos en \u00c1frica a Nani Roma y Marc Coma en sus conquistas del Dakar y hemos vibrado con los t\u00edtulos de Toni Bou en Trial. Adem\u00e1s, en nuestro equipo contamos con expertos en el mundo de las dos y cuatro ruedas tanto de la calle y las carreteras, como de los circuitos. Periodistas que han trabajado en revistas y publicaciones para hacerte llegar desde rutas y consejos de mantenimiento, a curiosidades y trucos de pilotaje.","sameAs":["https:\/\/www.facebook.com\/BoxRepsol\/","https:\/\/www.instagram.com\/box_repsol\/","https:\/\/x.com\/https:\/\/twitter.com\/box_repsol","https:\/\/www.youtube.com\/@Boxrepsol"],"url":"https:\/\/www.boxrepsol.com\/es\/author\/redaccion-box-repsol\/"}]}},"_links":{"self":[{"href":"https:\/\/www.boxrepsol.com\/es\/wp-json\/wp\/v2\/posts\/91981","targetHints":{"allow":["GET"]}}],"collection":[{"href":"https:\/\/www.boxrepsol.com\/es\/wp-json\/wp\/v2\/posts"}],"about":[{"href":"https:\/\/www.boxrepsol.com\/es\/wp-json\/wp\/v2\/types\/post"}],"author":[{"embeddable":true,"href":"https:\/\/www.boxrepsol.com\/es\/wp-json\/wp\/v2\/users\/43146"}],"replies":[{"embeddable":true,"href":"https:\/\/www.boxrepsol.com\/es\/wp-json\/wp\/v2\/comments?post=91981"}],"version-history":[{"count":1,"href":"https:\/\/www.boxrepsol.com\/es\/wp-json\/wp\/v2\/posts\/91981\/revisions"}],"predecessor-version":[{"id":116359,"href":"https:\/\/www.boxrepsol.com\/es\/wp-json\/wp\/v2\/posts\/91981\/revisions\/116359"}],"wp:featuredmedia":[{"embeddable":true,"href":"https:\/\/www.boxrepsol.com\/es\/wp-json\/wp\/v2\/media\/87155"}],"wp:attachment":[{"href":"https:\/\/www.boxrepsol.com\/es\/wp-json\/wp\/v2\/media?parent=91981"}],"wp:term":[{"taxonomy":"category","embeddable":true,"href":"https:\/\/www.boxrepsol.com\/es\/wp-json\/wp\/v2\/categories?post=91981"},{"taxonomy":"post_tag","embeddable":true,"href":"https:\/\/www.boxrepsol.com\/es\/wp-json\/wp\/v2\/tags?post=91981"}],"curies":[{"name":"wp","href":"https:\/\/api.w.org\/{rel}","templated":true}]}}