{"id":91955,"date":"2017-11-08T00:00:00","date_gmt":"2017-11-08T02:00:00","guid":{"rendered":"http:\/\/pre.boxrepsol.com\/sin-categorizar\/graffitis-moteros-las-dos-ruedas-en-las-paredes\/"},"modified":"2024-05-21T06:27:47","modified_gmt":"2024-05-21T08:27:47","slug":"graffitis-moteros-las-dos-ruedas-en-las-paredes","status":"publish","type":"post","link":"https:\/\/www.boxrepsol.com\/es\/cultura-motera\/graffitis-moteros-las-dos-ruedas-en-las-paredes\/","title":{"rendered":"Graffitis moteros: las dos ruedas en las paredes"},"content":{"rendered":"<p>Aunque popularizado en los ochenta por la cultura Hip Hop, el graffiti lleva desde siempre con nosotros, s\u00f3lo que les llam\u00e1bamos murales y obviamente no se usaban latas para pintarlos sino pinceles y rodillos.<\/p>\n<p>Son muchos los temas que los escritores de graffiti usan en sus obras, por lo que hemos pensado traerte algunas de las piezas moteras que adornan desde circuitos del Mundial de Motociclismo, muros de diferentes ciudades e incluso que van en moto.<\/p>\n<p>Mateo Lara es el nombre detr\u00e1s de Pintura Mural Barcelona, quien tiene bastante que ver con muchos de los graffitis que decoran muros, comercios y habitaciones por la zona. Son varias las piezas relacionadas con las motos y otros deportes que se encuentran en su portfolio, pero destacaremos sus interpretaciones de Marc y Dani. El mural del de Sabadell decora la pared de <a href=\"https:\/\/pinturamuralbarcelona.com\/mural-motos-pedrosa\/\" target=\"_blank\" rel=\"noopener noreferrer\">una habitaci\u00f3n<\/a><u>,<\/u> mientras que el de Marc forma parte de un mural mayor dedicado a las motos:<\/p>\n<p>Bajo el lema <em>llenamos espacios vac\u00edos con arte y mensajes positivos<\/em> el grupo <a href=\"https:\/\/spratx.com\" target=\"_blank\" rel=\"noopener noreferrer\">spratx<\/a> agrupa a 20 escritores de graffiti del \u00e1rea de Austin, Texas. Fueron los encargados de pintar un mural con los pilotos de MotoGP en una pared del Circuito de las Am\u00e9ricas. En el siguiente v\u00eddeo pod\u00e9is ver como se pint\u00f3 la pieza:<\/p>\n<p>El Circuito de la Comunitat Valenciana tambi\u00e9n decor\u00f3 hace unas temporadas una de sus paredes con un mural en honor a MotoGP con Marc y Dani:<\/p>\n<div style=\"width: 810px\" class=\"wp-caption aligncenter\"><img loading=\"lazy\" decoding=\"async\" src=\"https:\/\/bxrepsol.s3.eu-west-1.amazonaws.com\/static\/2022\/08\/29074115\/img_5303-1-scaled.jpg\" alt=\"\" width=\"800\" height=\"600\" \/><p class=\"wp-caption-text\">Foto: Joaqu\u00edn Llorca<\/p><\/div>\n<p>El artista Crude One de Bangkok lleva la relaci\u00f3n entre motos y graffiti a otro nivel. En vez de hacer un graffiti sobre motos ha hecho un graffiti que va en moto: una pieza que resulta ser su tesis en la universidad Silpakorn. Bajo la idea de llevar el arte d\u00f3nde no llega por s\u00ed solo, Crude One adhiri\u00f3 dos de sus graffitis a una scooter para crear una pieza de arte m\u00f3vil:<\/p>\n<p>Por supuesto no pod\u00edamos dejar de lado el graffiti que <a href=\"http:\/\/www.elrojo.es\" target=\"_blank\" rel=\"noopener noreferrer\">@rojo_graffiti<\/a> y <a href=\"https:\/\/www.instagram.com\/artesprada\/\" target=\"_blank\" rel=\"noopener noreferrer\">@artesprada<\/a> realizaron en La Ba\u00f1eza en homenaje a \u00c1ngel Nieto este verano. Ver c\u00f3mo va cogiendo forma en este time lapse es algo especial:<\/p>\n<p>Encontramos la siguiente foto en la cuenta de Andres Miguez en Flickr. Combinando la realidad y el graffiti esta pieza de street art s\u00f3lo puede ser apreciada cuando la moto se encuentra estacionada en su sitio:<\/p>\n<p><a title=\"motorbike\" href=\"https:\/\/www.flickr.com\/photos\/sitoo\/33501846925\/in\/photostream\/\" data-flickr-embed=\"true\"><img loading=\"lazy\" decoding=\"async\" src=\"https:\/\/bxrepsol.s3.eu-west-1.amazonaws.com\/static\/2022\/08\/29074119\/33501846925_81cdd25529_z-1.jpg\" alt=\"motorbike\" width=\"640\" height=\"426\" \/><\/a><\/p>\n<p>En la foto de <a href=\"https:\/\/www.flickr.com\/photos\/wolfgangjosten\/\">Wolfgang Josten<\/a> podemos apreciar un graffiti m\u00e1s tradional que ha sustituido las letras habituales por partes de moto creando una pieza abstracta bastante curiosa:<\/p>\n<p><a title=\"graffiti\" href=\"https:\/\/www.flickr.com\/photos\/wolfgangjosten\/13153521364\/in\/photolist-m3keD7-soGYYL-qz7fjH-dWBuzh-3vKXd-bWuBG7-dghn4t-qWsabJ-9pgTUa-b6dN7T-8Drnf4-byNJTJ-eYzX3-9dGNi8-q95nt8-bKE5UM-boQY1e-aaGvY8-bphvQN-e2oYK9-bwuJGZ-pHqDN2-iPbHDX-bjBdMf-azYqRL-fEGhfJ-ab5wz\" data-flickr-embed=\"true\"><img loading=\"lazy\" decoding=\"async\" src=\"https:\/\/bxrepsol.s3.eu-west-1.amazonaws.com\/static\/2022\/08\/29074120\/13153521364_d9ae488122_z-1.jpg\" alt=\"graffiti\" width=\"640\" height=\"427\" \/><\/a><\/p>\n<p>Para acabar, os dejamos con la pieza que comparti\u00f3 Colourcity que combina graffiti, motos y videojuegos. El m\u00edtico sprite del videojuego Excitebike queda inmortalizado en este s\u00edmpatico graffiti:<\/p>\n<p><a title=\"Cubic...\" href=\"https:\/\/www.flickr.com\/photos\/86140642@N07\/33197287905\" data-flickr-embed=\"true\"><img loading=\"lazy\" decoding=\"async\" src=\"https:\/\/bxrepsol.s3.eu-west-1.amazonaws.com\/static\/2022\/08\/29074121\/33197287905_160d99b6eb_z-1.jpg\" alt=\"Cubic...\" width=\"640\" height=\"360\" \/><\/a><\/p>\n<p>\u00bfY t\u00fa? \u00bfHas visto alg\u00fan graffiti chulo que quieras compartir con nosotros?<\/p>\n<p>Foto de cabecera: <a href=\"https:\/\/www.flickr.com\/photos\/fernando\/4620338341\/in\/photolist-83hkop-69RpZB-69VgRf-69Rbn4-69RqtP-6nrNKB-83kxrN-83hkcZ-83hqSv-83hqcZ-83hjRB-83kvGC-83hrBT-83hpHX-83kqUL-69RLNH-83kyqu-83hhv6-83hjje-83hp4t-83kzmq-83ks7G-69RR26-69W1if-83kz49-83hiFx-69S2gv-83kxg3-83hivT-83ksEb-69VfD1-83hikn-69RFw2-83hhxK-69RBvp-83kymE-69RZn4-83kua1-69VZBW-83hiQz-83kw4C-69Wjko-69S6vK-69RHhv-69QBsa-69RA3Z-83hobz-69SaxM-69QJeV-83kzb5\" target=\"_blank\" rel=\"noopener noreferrer\">Fernando de Sousa | Flickr<\/a><\/p>\n","protected":false},"excerpt":{"rendered":"<p>Los graffitis ya forman parte de la cultura y el arte popular. Hoy te ense\u00f1amos algunos de los graffitis moteros m\u00e1s espectaculares.<\/p>\n","protected":false},"author":43146,"featured_media":91957,"comment_status":"open","ping_status":"open","sticky":false,"template":"","format":"standard","meta":{"footnotes":""},"categories":[160],"tags":[161],"class_list":["post-91955","post","type-post","status-publish","format-standard","hentry","category-cultura-motera","tag-arte-y-cultura-motera"],"yoast_head":"<!-- This site is optimized with the Yoast SEO plugin v27.3 - https:\/\/yoast.com\/product\/yoast-seo-wordpress\/ -->\n<title>Los Graffitis moteros m\u00e1s impresionantes que puedes ver - Box Repsol<\/title>\n<meta name=\"description\" content=\"Aunque popularizado en los ochenta por la cultura Hip Hop, el graffiti lleva desde siempre con nosotros,\" \/>\n<link rel=\"canonical\" href=\"https:\/\/www.boxrepsol.com\/es\/cultura-motera\/graffitis-moteros-las-dos-ruedas-en-las-paredes\/\" \/>\n<meta property=\"og:locale\" content=\"es_ES\" \/>\n<meta property=\"og:type\" content=\"article\" \/>\n<meta property=\"og:title\" content=\"Los Graffitis moteros m\u00e1s impresionantes que puedes ver - Box Repsol\" \/>\n<meta property=\"og:description\" content=\"Aunque popularizado en los ochenta por la cultura Hip Hop, el graffiti lleva desde siempre con nosotros,\" \/>\n<meta property=\"og:url\" content=\"https:\/\/www.boxrepsol.com\/es\/cultura-motera\/graffitis-moteros-las-dos-ruedas-en-las-paredes\/\" \/>\n<meta property=\"og:site_name\" content=\"Box Repsol\" \/>\n<meta property=\"article:publisher\" content=\"https:\/\/www.facebook.com\/BoxRepsol\" \/>\n<meta property=\"article:author\" content=\"https:\/\/www.facebook.com\/BoxRepsol\/\" \/>\n<meta property=\"article:published_time\" content=\"2017-11-08T02:00:00+00:00\" \/>\n<meta property=\"article:modified_time\" content=\"2024-05-21T08:27:47+00:00\" \/>\n<meta property=\"og:image\" content=\"https:\/\/bxrepsol.s3.eu-west-1.amazonaws.com\/static\/2023\/02\/24100755\/GRAFFITI_HEADER_FERNANDO_DE_SOUSA_FLICKR.png\" \/>\n\t<meta property=\"og:image:width\" content=\"986\" \/>\n\t<meta property=\"og:image:height\" content=\"555\" \/>\n\t<meta property=\"og:image:type\" content=\"image\/png\" \/>\n<meta name=\"author\" content=\"Redacci\u00f3n Box Repsol\" \/>\n<meta name=\"twitter:card\" content=\"summary_large_image\" \/>\n<meta name=\"twitter:creator\" content=\"@https:\/\/twitter.com\/box_repsol\" \/>\n<meta name=\"twitter:site\" content=\"@box_repsol\" \/>\n<meta name=\"twitter:label1\" content=\"Written by\" \/>\n\t<meta name=\"twitter:data1\" content=\"Redacci\u00f3n Box Repsol\" \/>\n\t<meta name=\"twitter:label2\" content=\"Est. reading time\" \/>\n\t<meta name=\"twitter:data2\" content=\"2 minutos\" \/>\n<script type=\"application\/ld+json\" class=\"yoast-schema-graph\">{\"@context\":\"https:\\\/\\\/schema.org\",\"@graph\":[{\"@type\":\"Article\",\"@id\":\"https:\\\/\\\/www.boxrepsol.com\\\/es\\\/cultura-motera\\\/graffitis-moteros-las-dos-ruedas-en-las-paredes\\\/#article\",\"isPartOf\":{\"@id\":\"https:\\\/\\\/www.boxrepsol.com\\\/es\\\/cultura-motera\\\/graffitis-moteros-las-dos-ruedas-en-las-paredes\\\/\"},\"author\":{\"name\":\"Redacci\u00f3n Box Repsol\",\"@id\":\"https:\\\/\\\/www.boxrepsol.com\\\/es\\\/#\\\/schema\\\/person\\\/c5c2138f2cca251b0ad92b7086bb60b7\"},\"headline\":\"Graffitis moteros: las dos ruedas en las paredes\",\"datePublished\":\"2017-11-08T02:00:00+00:00\",\"dateModified\":\"2024-05-21T08:27:47+00:00\",\"mainEntityOfPage\":{\"@id\":\"https:\\\/\\\/www.boxrepsol.com\\\/es\\\/cultura-motera\\\/graffitis-moteros-las-dos-ruedas-en-las-paredes\\\/\"},\"wordCount\":496,\"commentCount\":0,\"publisher\":{\"@id\":\"https:\\\/\\\/www.boxrepsol.com\\\/es\\\/#organization\"},\"image\":{\"@id\":\"https:\\\/\\\/www.boxrepsol.com\\\/es\\\/cultura-motera\\\/graffitis-moteros-las-dos-ruedas-en-las-paredes\\\/#primaryimage\"},\"thumbnailUrl\":\"https:\\\/\\\/bxrepsol.s3.eu-west-1.amazonaws.com\\\/static\\\/2023\\\/02\\\/24100755\\\/GRAFFITI_HEADER_FERNANDO_DE_SOUSA_FLICKR.png\",\"keywords\":[\"arte y cultura motera\"],\"articleSection\":[\"Cultura Motera\"],\"inLanguage\":\"es\",\"potentialAction\":[{\"@type\":\"CommentAction\",\"name\":\"Comment\",\"target\":[\"https:\\\/\\\/www.boxrepsol.com\\\/es\\\/cultura-motera\\\/graffitis-moteros-las-dos-ruedas-en-las-paredes\\\/#respond\"]}]},{\"@type\":\"WebPage\",\"@id\":\"https:\\\/\\\/www.boxrepsol.com\\\/es\\\/cultura-motera\\\/graffitis-moteros-las-dos-ruedas-en-las-paredes\\\/\",\"url\":\"https:\\\/\\\/www.boxrepsol.com\\\/es\\\/cultura-motera\\\/graffitis-moteros-las-dos-ruedas-en-las-paredes\\\/\",\"name\":\"Los Graffitis moteros m\u00e1s impresionantes que puedes ver - Box Repsol\",\"isPartOf\":{\"@id\":\"https:\\\/\\\/www.boxrepsol.com\\\/es\\\/#website\"},\"primaryImageOfPage\":{\"@id\":\"https:\\\/\\\/www.boxrepsol.com\\\/es\\\/cultura-motera\\\/graffitis-moteros-las-dos-ruedas-en-las-paredes\\\/#primaryimage\"},\"image\":{\"@id\":\"https:\\\/\\\/www.boxrepsol.com\\\/es\\\/cultura-motera\\\/graffitis-moteros-las-dos-ruedas-en-las-paredes\\\/#primaryimage\"},\"thumbnailUrl\":\"https:\\\/\\\/bxrepsol.s3.eu-west-1.amazonaws.com\\\/static\\\/2023\\\/02\\\/24100755\\\/GRAFFITI_HEADER_FERNANDO_DE_SOUSA_FLICKR.png\",\"datePublished\":\"2017-11-08T02:00:00+00:00\",\"dateModified\":\"2024-05-21T08:27:47+00:00\",\"description\":\"Aunque popularizado en los ochenta por la cultura Hip Hop, el graffiti lleva desde siempre con nosotros,\",\"breadcrumb\":{\"@id\":\"https:\\\/\\\/www.boxrepsol.com\\\/es\\\/cultura-motera\\\/graffitis-moteros-las-dos-ruedas-en-las-paredes\\\/#breadcrumb\"},\"inLanguage\":\"es\",\"potentialAction\":[{\"@type\":\"ReadAction\",\"target\":[\"https:\\\/\\\/www.boxrepsol.com\\\/es\\\/cultura-motera\\\/graffitis-moteros-las-dos-ruedas-en-las-paredes\\\/\"]}]},{\"@type\":\"ImageObject\",\"inLanguage\":\"es\",\"@id\":\"https:\\\/\\\/www.boxrepsol.com\\\/es\\\/cultura-motera\\\/graffitis-moteros-las-dos-ruedas-en-las-paredes\\\/#primaryimage\",\"url\":\"https:\\\/\\\/bxrepsol.s3.eu-west-1.amazonaws.com\\\/static\\\/2023\\\/02\\\/24100755\\\/GRAFFITI_HEADER_FERNANDO_DE_SOUSA_FLICKR.png\",\"contentUrl\":\"https:\\\/\\\/bxrepsol.s3.eu-west-1.amazonaws.com\\\/static\\\/2023\\\/02\\\/24100755\\\/GRAFFITI_HEADER_FERNANDO_DE_SOUSA_FLICKR.png\",\"width\":986,\"height\":555,\"caption\":\"Motos y Grafittis\"},{\"@type\":\"BreadcrumbList\",\"@id\":\"https:\\\/\\\/www.boxrepsol.com\\\/es\\\/cultura-motera\\\/graffitis-moteros-las-dos-ruedas-en-las-paredes\\\/#breadcrumb\",\"itemListElement\":[{\"@type\":\"ListItem\",\"position\":1,\"name\":\"Home\",\"item\":\"https:\\\/\\\/www.boxrepsol.com\\\/es\\\/\"},{\"@type\":\"ListItem\",\"position\":2,\"name\":\"Graffitis moteros: las dos ruedas en las paredes\"}]},{\"@type\":\"WebSite\",\"@id\":\"https:\\\/\\\/www.boxrepsol.com\\\/es\\\/#website\",\"url\":\"https:\\\/\\\/www.boxrepsol.com\\\/es\\\/\",\"name\":\"Box Repsol\",\"description\":\"Box Repsol Site\",\"publisher\":{\"@id\":\"https:\\\/\\\/www.boxrepsol.com\\\/es\\\/#organization\"},\"potentialAction\":[{\"@type\":\"SearchAction\",\"target\":{\"@type\":\"EntryPoint\",\"urlTemplate\":\"https:\\\/\\\/www.boxrepsol.com\\\/es\\\/?s={search_term_string}\"},\"query-input\":{\"@type\":\"PropertyValueSpecification\",\"valueRequired\":true,\"valueName\":\"search_term_string\"}}],\"inLanguage\":\"es\"},{\"@type\":\"Organization\",\"@id\":\"https:\\\/\\\/www.boxrepsol.com\\\/es\\\/#organization\",\"name\":\"Box Repsol\",\"url\":\"https:\\\/\\\/www.boxrepsol.com\\\/es\\\/\",\"logo\":{\"@type\":\"ImageObject\",\"inLanguage\":\"es\",\"@id\":\"https:\\\/\\\/www.boxrepsol.com\\\/es\\\/#\\\/schema\\\/logo\\\/image\\\/\",\"url\":\"https:\\\/\\\/bxrepsol.s3.eu-west-1.amazonaws.com\\\/static\\\/2025\\\/07\\\/30083337\\\/favicon-96x96-1.png\",\"contentUrl\":\"https:\\\/\\\/bxrepsol.s3.eu-west-1.amazonaws.com\\\/static\\\/2025\\\/07\\\/30083337\\\/favicon-96x96-1.png\",\"width\":96,\"height\":96,\"caption\":\"Box Repsol\"},\"image\":{\"@id\":\"https:\\\/\\\/www.boxrepsol.com\\\/es\\\/#\\\/schema\\\/logo\\\/image\\\/\"},\"sameAs\":[\"https:\\\/\\\/www.facebook.com\\\/BoxRepsol\",\"https:\\\/\\\/x.com\\\/box_repsol\",\"http:\\\/\\\/instagram.com\\\/box_repsol\",\"https:\\\/\\\/www.youtube.com\\\/user\\\/RepsolCompeticion\",\"https:\\\/\\\/www.flickr.com\\\/photos\\\/box_repsol\\\/\"]},{\"@type\":\"Person\",\"@id\":\"https:\\\/\\\/www.boxrepsol.com\\\/es\\\/#\\\/schema\\\/person\\\/c5c2138f2cca251b0ad92b7086bb60b7\",\"name\":\"Redacci\u00f3n Box Repsol\",\"image\":{\"@type\":\"ImageObject\",\"inLanguage\":\"es\",\"@id\":\"https:\\\/\\\/secure.gravatar.com\\\/avatar\\\/adf7b77e38b4419baf32c7e9c21dde01f4e40df611f0978e3006fc4ba0aaab7e?s=96&d=mm&r=g\",\"url\":\"https:\\\/\\\/secure.gravatar.com\\\/avatar\\\/adf7b77e38b4419baf32c7e9c21dde01f4e40df611f0978e3006fc4ba0aaab7e?s=96&d=mm&r=g\",\"contentUrl\":\"https:\\\/\\\/secure.gravatar.com\\\/avatar\\\/adf7b77e38b4419baf32c7e9c21dde01f4e40df611f0978e3006fc4ba0aaab7e?s=96&d=mm&r=g\",\"caption\":\"Redacci\u00f3n Box Repsol\"},\"description\":\"Box Repsol lo forma un equipo de periodistas, community managers, dise\u00f1adores y fot\u00f3grafos con m\u00e1s de 20 a\u00f1os de experiencia en el mundo del motorsport. Hemos vivido el primer mundial de un espa\u00f1ol en la categor\u00eda reina de motociclismo con \u00c1lex Crivill\u00e9, estuvimos en las victorias de Pedrosa y los t\u00edtulos de M\u00e1rquez, acompa\u00f1amos en \u00c1frica a Nani Roma y Marc Coma en sus conquistas del Dakar y hemos vibrado con los t\u00edtulos de Toni Bou en Trial. Adem\u00e1s, en nuestro equipo contamos con expertos en el mundo de las dos y cuatro ruedas tanto de la calle y las carreteras, como de los circuitos. Periodistas que han trabajado en revistas y publicaciones para hacerte llegar desde rutas y consejos de mantenimiento, a curiosidades y trucos de pilotaje.\",\"sameAs\":[\"https:\\\/\\\/www.facebook.com\\\/BoxRepsol\\\/\",\"https:\\\/\\\/www.instagram.com\\\/box_repsol\\\/\",\"https:\\\/\\\/x.com\\\/https:\\\/\\\/twitter.com\\\/box_repsol\",\"https:\\\/\\\/www.youtube.com\\\/@Boxrepsol\"],\"url\":\"https:\\\/\\\/www.boxrepsol.com\\\/es\\\/author\\\/redaccion-box-repsol\\\/\"}]}<\/script>\n<!-- \/ Yoast SEO plugin. -->","yoast_head_json":{"title":"Los Graffitis moteros m\u00e1s impresionantes que puedes ver - Box Repsol","description":"Aunque popularizado en los ochenta por la cultura Hip Hop, el graffiti lleva desde siempre con nosotros,","canonical":"https:\/\/www.boxrepsol.com\/es\/cultura-motera\/graffitis-moteros-las-dos-ruedas-en-las-paredes\/","og_locale":"es_ES","og_type":"article","og_title":"Los Graffitis moteros m\u00e1s impresionantes que puedes ver - Box Repsol","og_description":"Aunque popularizado en los ochenta por la cultura Hip Hop, el graffiti lleva desde siempre con nosotros,","og_url":"https:\/\/www.boxrepsol.com\/es\/cultura-motera\/graffitis-moteros-las-dos-ruedas-en-las-paredes\/","og_site_name":"Box Repsol","article_publisher":"https:\/\/www.facebook.com\/BoxRepsol","article_author":"https:\/\/www.facebook.com\/BoxRepsol\/","article_published_time":"2017-11-08T02:00:00+00:00","article_modified_time":"2024-05-21T08:27:47+00:00","og_image":[{"width":986,"height":555,"url":"https:\/\/bxrepsol.s3.eu-west-1.amazonaws.com\/static\/2023\/02\/24100755\/GRAFFITI_HEADER_FERNANDO_DE_SOUSA_FLICKR.png","type":"image\/png"}],"author":"Redacci\u00f3n Box Repsol","twitter_card":"summary_large_image","twitter_creator":"@https:\/\/twitter.com\/box_repsol","twitter_site":"@box_repsol","twitter_misc":{"Written by":"Redacci\u00f3n Box Repsol","Est. reading time":"2 minutos"},"schema":{"@context":"https:\/\/schema.org","@graph":[{"@type":"Article","@id":"https:\/\/www.boxrepsol.com\/es\/cultura-motera\/graffitis-moteros-las-dos-ruedas-en-las-paredes\/#article","isPartOf":{"@id":"https:\/\/www.boxrepsol.com\/es\/cultura-motera\/graffitis-moteros-las-dos-ruedas-en-las-paredes\/"},"author":{"name":"Redacci\u00f3n Box Repsol","@id":"https:\/\/www.boxrepsol.com\/es\/#\/schema\/person\/c5c2138f2cca251b0ad92b7086bb60b7"},"headline":"Graffitis moteros: las dos ruedas en las paredes","datePublished":"2017-11-08T02:00:00+00:00","dateModified":"2024-05-21T08:27:47+00:00","mainEntityOfPage":{"@id":"https:\/\/www.boxrepsol.com\/es\/cultura-motera\/graffitis-moteros-las-dos-ruedas-en-las-paredes\/"},"wordCount":496,"commentCount":0,"publisher":{"@id":"https:\/\/www.boxrepsol.com\/es\/#organization"},"image":{"@id":"https:\/\/www.boxrepsol.com\/es\/cultura-motera\/graffitis-moteros-las-dos-ruedas-en-las-paredes\/#primaryimage"},"thumbnailUrl":"https:\/\/bxrepsol.s3.eu-west-1.amazonaws.com\/static\/2023\/02\/24100755\/GRAFFITI_HEADER_FERNANDO_DE_SOUSA_FLICKR.png","keywords":["arte y cultura motera"],"articleSection":["Cultura Motera"],"inLanguage":"es","potentialAction":[{"@type":"CommentAction","name":"Comment","target":["https:\/\/www.boxrepsol.com\/es\/cultura-motera\/graffitis-moteros-las-dos-ruedas-en-las-paredes\/#respond"]}]},{"@type":"WebPage","@id":"https:\/\/www.boxrepsol.com\/es\/cultura-motera\/graffitis-moteros-las-dos-ruedas-en-las-paredes\/","url":"https:\/\/www.boxrepsol.com\/es\/cultura-motera\/graffitis-moteros-las-dos-ruedas-en-las-paredes\/","name":"Los Graffitis moteros m\u00e1s impresionantes que puedes ver - Box Repsol","isPartOf":{"@id":"https:\/\/www.boxrepsol.com\/es\/#website"},"primaryImageOfPage":{"@id":"https:\/\/www.boxrepsol.com\/es\/cultura-motera\/graffitis-moteros-las-dos-ruedas-en-las-paredes\/#primaryimage"},"image":{"@id":"https:\/\/www.boxrepsol.com\/es\/cultura-motera\/graffitis-moteros-las-dos-ruedas-en-las-paredes\/#primaryimage"},"thumbnailUrl":"https:\/\/bxrepsol.s3.eu-west-1.amazonaws.com\/static\/2023\/02\/24100755\/GRAFFITI_HEADER_FERNANDO_DE_SOUSA_FLICKR.png","datePublished":"2017-11-08T02:00:00+00:00","dateModified":"2024-05-21T08:27:47+00:00","description":"Aunque popularizado en los ochenta por la cultura Hip Hop, el graffiti lleva desde siempre con nosotros,","breadcrumb":{"@id":"https:\/\/www.boxrepsol.com\/es\/cultura-motera\/graffitis-moteros-las-dos-ruedas-en-las-paredes\/#breadcrumb"},"inLanguage":"es","potentialAction":[{"@type":"ReadAction","target":["https:\/\/www.boxrepsol.com\/es\/cultura-motera\/graffitis-moteros-las-dos-ruedas-en-las-paredes\/"]}]},{"@type":"ImageObject","inLanguage":"es","@id":"https:\/\/www.boxrepsol.com\/es\/cultura-motera\/graffitis-moteros-las-dos-ruedas-en-las-paredes\/#primaryimage","url":"https:\/\/bxrepsol.s3.eu-west-1.amazonaws.com\/static\/2023\/02\/24100755\/GRAFFITI_HEADER_FERNANDO_DE_SOUSA_FLICKR.png","contentUrl":"https:\/\/bxrepsol.s3.eu-west-1.amazonaws.com\/static\/2023\/02\/24100755\/GRAFFITI_HEADER_FERNANDO_DE_SOUSA_FLICKR.png","width":986,"height":555,"caption":"Motos y Grafittis"},{"@type":"BreadcrumbList","@id":"https:\/\/www.boxrepsol.com\/es\/cultura-motera\/graffitis-moteros-las-dos-ruedas-en-las-paredes\/#breadcrumb","itemListElement":[{"@type":"ListItem","position":1,"name":"Home","item":"https:\/\/www.boxrepsol.com\/es\/"},{"@type":"ListItem","position":2,"name":"Graffitis moteros: las dos ruedas en las paredes"}]},{"@type":"WebSite","@id":"https:\/\/www.boxrepsol.com\/es\/#website","url":"https:\/\/www.boxrepsol.com\/es\/","name":"Box Repsol","description":"Box Repsol Site","publisher":{"@id":"https:\/\/www.boxrepsol.com\/es\/#organization"},"potentialAction":[{"@type":"SearchAction","target":{"@type":"EntryPoint","urlTemplate":"https:\/\/www.boxrepsol.com\/es\/?s={search_term_string}"},"query-input":{"@type":"PropertyValueSpecification","valueRequired":true,"valueName":"search_term_string"}}],"inLanguage":"es"},{"@type":"Organization","@id":"https:\/\/www.boxrepsol.com\/es\/#organization","name":"Box Repsol","url":"https:\/\/www.boxrepsol.com\/es\/","logo":{"@type":"ImageObject","inLanguage":"es","@id":"https:\/\/www.boxrepsol.com\/es\/#\/schema\/logo\/image\/","url":"https:\/\/bxrepsol.s3.eu-west-1.amazonaws.com\/static\/2025\/07\/30083337\/favicon-96x96-1.png","contentUrl":"https:\/\/bxrepsol.s3.eu-west-1.amazonaws.com\/static\/2025\/07\/30083337\/favicon-96x96-1.png","width":96,"height":96,"caption":"Box Repsol"},"image":{"@id":"https:\/\/www.boxrepsol.com\/es\/#\/schema\/logo\/image\/"},"sameAs":["https:\/\/www.facebook.com\/BoxRepsol","https:\/\/x.com\/box_repsol","http:\/\/instagram.com\/box_repsol","https:\/\/www.youtube.com\/user\/RepsolCompeticion","https:\/\/www.flickr.com\/photos\/box_repsol\/"]},{"@type":"Person","@id":"https:\/\/www.boxrepsol.com\/es\/#\/schema\/person\/c5c2138f2cca251b0ad92b7086bb60b7","name":"Redacci\u00f3n Box Repsol","image":{"@type":"ImageObject","inLanguage":"es","@id":"https:\/\/secure.gravatar.com\/avatar\/adf7b77e38b4419baf32c7e9c21dde01f4e40df611f0978e3006fc4ba0aaab7e?s=96&d=mm&r=g","url":"https:\/\/secure.gravatar.com\/avatar\/adf7b77e38b4419baf32c7e9c21dde01f4e40df611f0978e3006fc4ba0aaab7e?s=96&d=mm&r=g","contentUrl":"https:\/\/secure.gravatar.com\/avatar\/adf7b77e38b4419baf32c7e9c21dde01f4e40df611f0978e3006fc4ba0aaab7e?s=96&d=mm&r=g","caption":"Redacci\u00f3n Box Repsol"},"description":"Box Repsol lo forma un equipo de periodistas, community managers, dise\u00f1adores y fot\u00f3grafos con m\u00e1s de 20 a\u00f1os de experiencia en el mundo del motorsport. Hemos vivido el primer mundial de un espa\u00f1ol en la categor\u00eda reina de motociclismo con \u00c1lex Crivill\u00e9, estuvimos en las victorias de Pedrosa y los t\u00edtulos de M\u00e1rquez, acompa\u00f1amos en \u00c1frica a Nani Roma y Marc Coma en sus conquistas del Dakar y hemos vibrado con los t\u00edtulos de Toni Bou en Trial. Adem\u00e1s, en nuestro equipo contamos con expertos en el mundo de las dos y cuatro ruedas tanto de la calle y las carreteras, como de los circuitos. Periodistas que han trabajado en revistas y publicaciones para hacerte llegar desde rutas y consejos de mantenimiento, a curiosidades y trucos de pilotaje.","sameAs":["https:\/\/www.facebook.com\/BoxRepsol\/","https:\/\/www.instagram.com\/box_repsol\/","https:\/\/x.com\/https:\/\/twitter.com\/box_repsol","https:\/\/www.youtube.com\/@Boxrepsol"],"url":"https:\/\/www.boxrepsol.com\/es\/author\/redaccion-box-repsol\/"}]}},"_links":{"self":[{"href":"https:\/\/www.boxrepsol.com\/es\/wp-json\/wp\/v2\/posts\/91955","targetHints":{"allow":["GET"]}}],"collection":[{"href":"https:\/\/www.boxrepsol.com\/es\/wp-json\/wp\/v2\/posts"}],"about":[{"href":"https:\/\/www.boxrepsol.com\/es\/wp-json\/wp\/v2\/types\/post"}],"author":[{"embeddable":true,"href":"https:\/\/www.boxrepsol.com\/es\/wp-json\/wp\/v2\/users\/43146"}],"replies":[{"embeddable":true,"href":"https:\/\/www.boxrepsol.com\/es\/wp-json\/wp\/v2\/comments?post=91955"}],"version-history":[{"count":9,"href":"https:\/\/www.boxrepsol.com\/es\/wp-json\/wp\/v2\/posts\/91955\/revisions"}],"predecessor-version":[{"id":113851,"href":"https:\/\/www.boxrepsol.com\/es\/wp-json\/wp\/v2\/posts\/91955\/revisions\/113851"}],"wp:featuredmedia":[{"embeddable":true,"href":"https:\/\/www.boxrepsol.com\/es\/wp-json\/wp\/v2\/media\/91957"}],"wp:attachment":[{"href":"https:\/\/www.boxrepsol.com\/es\/wp-json\/wp\/v2\/media?parent=91955"}],"wp:term":[{"taxonomy":"category","embeddable":true,"href":"https:\/\/www.boxrepsol.com\/es\/wp-json\/wp\/v2\/categories?post=91955"},{"taxonomy":"post_tag","embeddable":true,"href":"https:\/\/www.boxrepsol.com\/es\/wp-json\/wp\/v2\/tags?post=91955"}],"curies":[{"name":"wp","href":"https:\/\/api.w.org\/{rel}","templated":true}]}}